{"id":196905,"date":"2019-09-11T10:49:39","date_gmt":"2019-09-11T10:49:39","guid":{"rendered":"https:\/\/www.meydan.tv\/article\/resmi-qurumlar-inflyasiya-ile-bagli-reqemler-aciqladi-iqtisadcilar-tekzib-etdi\/"},"modified":"2019-09-11T10:49:39","modified_gmt":"2019-09-11T10:49:39","slug":"resmi-qurumlar-inflyasiya-ile-bagli-reqemler-aciqladi-iqtisadcilar-tekzib-etdi","status":"publish","type":"post","link":"https:\/\/www.meydan.tv\/az\/article\/resmi-qurumlar-inflyasiya-ile-bagli-reqemler-aciqladi-iqtisadcilar-tekzib-etdi\/","title":{"rendered":"R\u0259smi qurumlar inflyasiya il\u0259 ba\u011fl\u0131 r\u0259q\u0259ml\u0259r a\u00e7\u0131qlad\u0131, iqtisad\u00e7\u0131lar t\u0259kzib etdi"},"content":{"rendered":"<p>\n  <b><br \/>\n    \u0130qtisad\u00e7\u0131 To\u011frul Masall\u0131: \u201cR\u0259q\u0259ml\u0259r real deyil\u201d<br \/>\n  <\/b>\n<\/p>\n<p>\n  2019-cu ilin yanvar-avqust aylar\u0131nda istehlak m\u0259hsullar\u0131n\u0131n v\u0259 xidm\u0259tl\u0259rin qiym\u0259tl\u0259ri 2018-ci ilin m\u00fcvafiq d\u00f6vr\u00fcn\u0259 nisb\u0259t\u0259n 2,6 faiz art\u0131b. D\u00f6vl\u0259t Statistika Komit\u0259sinin (DSK) m\u0259lumat\u0131nda (https:\/\/www.stat.gov.az\/news\/index.php?id=4322) bel\u0259 deyilir.\n<\/p>\n<p>\n  O c\u00fcml\u0259d\u0259n \u0259rzaq m\u0259hsullar\u0131, i\u00e7kil\u0259r v\u0259 t\u00fct\u00fcn m\u0259mulatlar\u0131n\u0131n qiym\u0259tl\u0259ri 3,3 faiz, qeyri-\u0259rzaq mallar\u0131n\u0131n qiym\u0259tl\u0259ri 1,3 faiz, \u0259haliy\u0259 g\u00f6st\u0259ril\u0259n \u00f6d\u0259ni\u015fli xidm\u0259tl\u0259rin qiym\u0259tl\u0259ri 2,7 faiz bahala\u015f\u0131b.\n<\/p>\n<p>\n  M\u0259lumatda qeyd edilir ki, cari ilin avqustunda iyula nisb\u0259t\u0259n istehlak m\u0259hsullar\u0131n\u0131n v\u0259 xidm\u0259tl\u0259rin qiym\u0259tl\u0259ri 0,3 faiz, o c\u00fcml\u0259d\u0259n \u0259rzaq m\u0259hsullar\u0131, i\u00e7kil\u0259r v\u0259 t\u00fct\u00fcn m\u0259mulatlar\u0131n\u0131n qiym\u0259tl\u0259ri 0,8 faiz ucuzla\u015f\u0131b, \u0259haliy\u0259 g\u00f6st\u0259ril\u0259n \u00f6d\u0259ni\u015fli xidm\u0259tl\u0259rin qiym\u0259tl\u0259ri 0,1 faiz bahala\u015fm\u0131\u015f, qeyri-\u0259rzaq mallar\u0131n\u0131n qiym\u0259tl\u0259ri is\u0259 sabit qal\u0131b:\n<\/p>\n<p>\n  \u201cAy \u0259rzind\u0259 pasteriz\u0259 olunmam\u0131\u015f \u00fczl\u00fc s\u00fcd\u00fcn, qar\u011f\u0131dal\u0131 ya\u011f\u0131n\u0131n, limonun, banan\u0131n, alman\u0131n, armudun, gaval\u0131n\u0131n, \u015faftal\u0131n\u0131n, qarp\u0131z v\u0259 yemi\u015fin, \u00fcz\u00fcm\u00fcn, k\u0259l\u0259min, xiyar\u0131n, pomidorun, bib\u0259rin, bad\u0131mcan\u0131n, g\u00f6y lobyan\u0131n, \u00e7u\u011fundurun, yerk\u00f6k\u00fcn\u00fcn, sar\u0131msa\u011f\u0131n, so\u011fan\u0131n, kartofun, quru noxudun, m\u0259rcinin, ara\u011f\u0131n, energetik i\u00e7kil\u0259rin qiym\u0259tl\u0259rind\u0259 ucuzla\u015fma, d\u00fcy\u00fcn\u00fcn, unun, manna v\u0259 qaraba\u015faq yarmas\u0131n\u0131n, makaron m\u0259mulatlar\u0131n\u0131n, mal, qoyun v\u0259 toyuq \u0259tinin, steriliz\u0259 olunmu\u015f \u00fczl\u00fc s\u00fcd\u00fcn, \u015f\u0259k\u0259rli qat\u0131la\u015fd\u0131r\u0131lm\u0131\u015f s\u00fcd\u00fcn, yoqurtun, xaman\u0131n, pendirin, k\u0259smiyin, yumurtan\u0131n, s\u00fcfr\u0259 marqarininin, zeytun v\u0259 g\u00fcn\u0259baxan ya\u011flar\u0131n\u0131n, quru lobyan\u0131n, \u015f\u0259k\u0259r v\u0259 \u015f\u0259k\u0259r tozunun, t\u0259bii bal\u0131n, dondurman\u0131n, \u00e7ay\u0131n, mineral sular\u0131n, kola i\u00e7kisinin, limonad\u0131n, meyv\u0259 \u015fir\u0259si v\u0259 piv\u0259nin qiym\u0259tl\u0259rind\u0259 is\u0259 bahala\u015fma m\u00fc\u015fahid\u0259 olunmu\u015fdur. Dig\u0259r \u0259rzaq m\u0259hsullar\u0131n\u0131n qiym\u0259tl\u0259rind\u0259 ciddi d\u0259yi\u015fiklikl\u0259r ba\u015f verm\u0259yib\u201d.\n<\/p>\n<p>\n  DSK-n\u0131n m\u0259lumat\u0131na g\u00f6r\u0259 avqustda iyula nisb\u0259t\u0259n \u0259haliy\u0259 g\u00f6st\u0259ril\u0259n \u00f6d\u0259ni\u015fli xidm\u0259tl\u0259rd\u0259n m\u0259nzill\u0259rin icar\u0259 haqq\u0131, paltarlar\u0131n t\u0259miri, t\u0259mizl\u0259nm\u0259si v\u0259 kiray\u0259si, tibbi v\u0259 stomatoloji xidm\u0259tl\u0259rin, otel v\u0259 mehmanxanalar t\u0259r\u0259find\u0259n g\u00f6st\u0259ril\u0259n gec\u0259l\u0259m\u0259 xidm\u0259tl\u0259rinin, d\u0259mir yolu v\u0259 hava n\u0259qliyyat\u0131 il\u0259 MDB \u00f6lk\u0259l\u0259rin\u0259 s\u0259rni\u015finda\u015f\u0131ma xidm\u0259tl\u0259rinin qiym\u0259tl\u0259ri bahala\u015f\u0131b, hava n\u0259qliyyat\u0131 il\u0259 MDB \u00f6lk\u0259l\u0259ri istisna olmaqla dig\u0259r \u00f6lk\u0259l\u0259r\u0259 beyn\u0259lxalq s\u0259rni\u015finda\u015f\u0131ma xidm\u0259tl\u0259rinin qiym\u0259tl\u0259ri is\u0259 ucuzla\u015f\u0131b. Dig\u0259r \u00f6d\u0259ni\u015fli xidm\u0259tl\u0259rin qiym\u0259tl\u0259rind\u0259 ciddi d\u0259yi\u015fiklikl\u0259r ba\u015f verm\u0259yib.\n<\/p>\n<p>\n  \u0130qtisad\u00e7\u0131 To\u011frul Ma\u015fall\u0131 deyir ki, infilyasiya r\u0259q\u0259ml\u0259ri D\u00f6vl\u0259t Statistika Komit\u0259sinin m\u00fcvafiq hesablamalar\u0131na \u0259sas\u0259n d\u00fczg\u00fcnd\u00fcr, reala yax\u0131nd\u0131r. M\u0259s\u0259l\u0259 onlar\u0131n bu r\u0259q\u0259mi nec\u0259 hesablamas\u0131ndad\u0131r:\n<\/p>\n<p>\n  \u201cOnlar\u0131n \u00f6z \u00fcsullar\u0131 v\u0259 metodologiyalar\u0131 var. Bu metod is\u0259 t\u0259dric\u0259n qeyri-\u015f\u0259ffaf hal al\u0131r. Onlar h\u0259min siyah\u0131ya b\u0259zi m\u0259hsullar\u0131n qiym\u0259tl\u0259rini daxil etmirl\u0259r. Baxmayaraq ki, ke\u00e7mi\u015fd\u0259 daxil edirdil\u0259r. Bizim onlar\u0131n a\u00e7\u0131qlad\u0131\u011f\u0131 r\u0259q\u0259ml\u0259ri yoxlamaq imkan\u0131m\u0131z yoxdur, ancaq a\u00e7\u0131q-a\u015fkar g\u00f6r\u00fcn\u0259n detallar var\u201d.\n<\/p>\n<p>\n  Dig\u0259r t\u0259r\u0259fd\u0259n iqtisad\u00e7\u0131 deyib ki, inflyasiya maliyy\u0259 sektoru il\u0259 ba\u011fl\u0131 bir g\u00f6st\u0259ricidir. Ona g\u00f6r\u0259 birba\u015fa M\u0259rk\u0259zi Bankla ba\u011fl\u0131d\u0131r:\n<\/p>\n<p>\n  \u201cM\u0259nim fikrimc\u0259, r\u0259q\u0259ml\u0259r real deyil. Amma bizd\u0259 inflyasiya birr\u0259q\u0259mli olaraq qal\u0131r. M\u0259rk\u0259zi Bank b\u00fct\u00fcn s\u0259yl\u0259rini m\u0259hz buna y\u00f6n\u0259ldib ki, inflyasiya birr\u0259q\u0259mli saxlan\u0131ls\u0131n. \u0130qtisadiyyata h\u0259r hans\u0131 probleml\u0259r ya\u015fanmas\u0131n\u201d.\n<\/p>\n<p>\n  @munheb<\/p>\n","protected":false},"excerpt":{"rendered":"<p>R\u0259smi: 2019-cu ilin 8 ay\u0131nda inflyasiya 2,6 faiz t\u0259\u015fkil edib<\/p>\n","protected":false},"author":11,"featured_media":129463,"comment_status":"closed","ping_status":"open","sticky":false,"template":"","format":"standard","meta":{"_acf_changed":false,"_sitemap_exclude":false,"_sitemap_priority":"","_sitemap_frequency":"","footnotes":""},"categories":[53],"tags":[],"class_list":["post-196905","post","type-post","status-publish","format-standard","has-post-thumbnail","hentry","category-iqtisadiyyat","infinite-scroll-item","generate-columns","tablet-grid-50","mobile-grid-100","grid-parent","grid-33","no-featured-image-padding"],"acf":[],"yoast_head":"<!-- This site is optimized with the Yoast SEO plugin v27.4 - https:\/\/yoast.com\/product\/yoast-seo-wordpress\/ -->\n<title>R\u0259smi qurumlar inflyasiya il\u0259 ba\u011fl\u0131 r\u0259q\u0259ml\u0259r a\u00e7\u0131qlad\u0131, iqtisad\u00e7\u0131lar t\u0259kzib etdi - MEYDAN.TV<\/title>\n<meta name=\"robots\" content=\"index, follow, max-snippet:-1, max-image-preview:large, max-video-preview:-1\" \/>\n<link rel=\"canonical\" href=\"https:\/\/www.meydan.tv\/az\/article\/resmi-qurumlar-inflyasiya-ile-bagli-reqemler-aciqladi-iqtisadcilar-tekzib-etdi\/\" \/>\n<meta property=\"og:locale\" content=\"az_AZ\" \/>\n<meta property=\"og:type\" content=\"article\" \/>\n<meta property=\"og:title\" content=\"R\u0259smi qurumlar inflyasiya il\u0259 ba\u011fl\u0131 r\u0259q\u0259ml\u0259r a\u00e7\u0131qlad\u0131, iqtisad\u00e7\u0131lar t\u0259kzib etdi - MEYDAN.TV\" \/>\n<meta property=\"og:description\" content=\"R\u0259smi: 2019-cu ilin 8 ay\u0131nda inflyasiya 2,6 faiz t\u0259\u015fkil edib\" \/>\n<meta property=\"og:url\" content=\"https:\/\/www.meydan.tv\/az\/article\/resmi-qurumlar-inflyasiya-ile-bagli-reqemler-aciqladi-iqtisadcilar-tekzib-etdi\/\" \/>\n<meta property=\"og:site_name\" content=\"MEYDAN.TV\" \/>\n<meta property=\"article:published_time\" content=\"2019-09-11T10:49:39+00:00\" \/>\n<meta property=\"og:image\" content=\"https:\/\/www.meydan.tv\/wp-content\/uploads\/b04ef544-a477-47bc-9c74-edb6bd817773.jpeg\" \/>\n\t<meta property=\"og:image:width\" content=\"1200\" \/>\n\t<meta property=\"og:image:height\" content=\"800\" \/>\n\t<meta property=\"og:image:type\" content=\"image\/jpeg\" \/>\n<meta name=\"author\" content=\"user-manager\" \/>\n<meta name=\"twitter:card\" content=\"summary_large_image\" \/>\n<script type=\"application\/ld+json\" class=\"yoast-schema-graph\">{\"@context\":\"https:\\\/\\\/schema.org\",\"@graph\":[{\"@type\":\"Article\",\"@id\":\"https:\\\/\\\/www.meydan.tv\\\/az\\\/article\\\/resmi-qurumlar-inflyasiya-ile-bagli-reqemler-aciqladi-iqtisadcilar-tekzib-etdi\\\/#article\",\"isPartOf\":{\"@id\":\"https:\\\/\\\/www.meydan.tv\\\/az\\\/article\\\/resmi-qurumlar-inflyasiya-ile-bagli-reqemler-aciqladi-iqtisadcilar-tekzib-etdi\\\/\"},\"author\":{\"name\":\"user-manager\",\"@id\":\"https:\\\/\\\/www.meydan.tv\\\/az\\\/#\\\/schema\\\/person\\\/10d11eccf6da3662cf5fdab9806ea91a\"},\"headline\":\"R\u0259smi qurumlar inflyasiya il\u0259 ba\u011fl\u0131 r\u0259q\u0259ml\u0259r a\u00e7\u0131qlad\u0131, iqtisad\u00e7\u0131lar t\u0259kzib etdi\",\"datePublished\":\"2019-09-11T10:49:39+00:00\",\"mainEntityOfPage\":{\"@id\":\"https:\\\/\\\/www.meydan.tv\\\/az\\\/article\\\/resmi-qurumlar-inflyasiya-ile-bagli-reqemler-aciqladi-iqtisadcilar-tekzib-etdi\\\/\"},\"wordCount\":731,\"publisher\":{\"@id\":\"https:\\\/\\\/www.meydan.tv\\\/az\\\/#organization\"},\"image\":{\"@id\":\"https:\\\/\\\/www.meydan.tv\\\/az\\\/article\\\/resmi-qurumlar-inflyasiya-ile-bagli-reqemler-aciqladi-iqtisadcilar-tekzib-etdi\\\/#primaryimage\"},\"thumbnailUrl\":\"https:\\\/\\\/www.meydan.tv\\\/wp-content\\\/uploads\\\/b04ef544-a477-47bc-9c74-edb6bd817773.jpeg\",\"articleSection\":[\"\u0130qtisadiyyat\"],\"inLanguage\":\"az\"},{\"@type\":\"WebPage\",\"@id\":\"https:\\\/\\\/www.meydan.tv\\\/az\\\/article\\\/resmi-qurumlar-inflyasiya-ile-bagli-reqemler-aciqladi-iqtisadcilar-tekzib-etdi\\\/\",\"url\":\"https:\\\/\\\/www.meydan.tv\\\/az\\\/article\\\/resmi-qurumlar-inflyasiya-ile-bagli-reqemler-aciqladi-iqtisadcilar-tekzib-etdi\\\/\",\"name\":\"R\u0259smi qurumlar inflyasiya il\u0259 ba\u011fl\u0131 r\u0259q\u0259ml\u0259r a\u00e7\u0131qlad\u0131, iqtisad\u00e7\u0131lar t\u0259kzib etdi - MEYDAN.TV\",\"isPartOf\":{\"@id\":\"https:\\\/\\\/www.meydan.tv\\\/az\\\/#website\"},\"primaryImageOfPage\":{\"@id\":\"https:\\\/\\\/www.meydan.tv\\\/az\\\/article\\\/resmi-qurumlar-inflyasiya-ile-bagli-reqemler-aciqladi-iqtisadcilar-tekzib-etdi\\\/#primaryimage\"},\"image\":{\"@id\":\"https:\\\/\\\/www.meydan.tv\\\/az\\\/article\\\/resmi-qurumlar-inflyasiya-ile-bagli-reqemler-aciqladi-iqtisadcilar-tekzib-etdi\\\/#primaryimage\"},\"thumbnailUrl\":\"https:\\\/\\\/www.meydan.tv\\\/wp-content\\\/uploads\\\/b04ef544-a477-47bc-9c74-edb6bd817773.jpeg\",\"datePublished\":\"2019-09-11T10:49:39+00:00\",\"breadcrumb\":{\"@id\":\"https:\\\/\\\/www.meydan.tv\\\/az\\\/article\\\/resmi-qurumlar-inflyasiya-ile-bagli-reqemler-aciqladi-iqtisadcilar-tekzib-etdi\\\/#breadcrumb\"},\"inLanguage\":\"az\",\"potentialAction\":[{\"@type\":\"ReadAction\",\"target\":[\"https:\\\/\\\/www.meydan.tv\\\/az\\\/article\\\/resmi-qurumlar-inflyasiya-ile-bagli-reqemler-aciqladi-iqtisadcilar-tekzib-etdi\\\/\"]}]},{\"@type\":\"ImageObject\",\"inLanguage\":\"az\",\"@id\":\"https:\\\/\\\/www.meydan.tv\\\/az\\\/article\\\/resmi-qurumlar-inflyasiya-ile-bagli-reqemler-aciqladi-iqtisadcilar-tekzib-etdi\\\/#primaryimage\",\"url\":\"https:\\\/\\\/www.meydan.tv\\\/wp-content\\\/uploads\\\/b04ef544-a477-47bc-9c74-edb6bd817773.jpeg\",\"contentUrl\":\"https:\\\/\\\/www.meydan.tv\\\/wp-content\\\/uploads\\\/b04ef544-a477-47bc-9c74-edb6bd817773.jpeg\",\"width\":1200,\"height\":800,\"caption\":\"Foto: arxiv\"},{\"@type\":\"BreadcrumbList\",\"@id\":\"https:\\\/\\\/www.meydan.tv\\\/az\\\/article\\\/resmi-qurumlar-inflyasiya-ile-bagli-reqemler-aciqladi-iqtisadcilar-tekzib-etdi\\\/#breadcrumb\",\"itemListElement\":[{\"@type\":\"ListItem\",\"position\":1,\"name\":\"Ana s\u0259hif\u0259\",\"item\":\"https:\\\/\\\/www.meydan.tv\\\/az\\\/\"},{\"@type\":\"ListItem\",\"position\":2,\"name\":\"\u0130qtisadiyyat\",\"item\":\"https:\\\/\\\/www.meydan.tv\\\/az\\\/section\\\/iqtisadiyyat\\\/\"},{\"@type\":\"ListItem\",\"position\":3,\"name\":\"R\u0259smi qurumlar inflyasiya il\u0259 ba\u011fl\u0131 r\u0259q\u0259ml\u0259r a\u00e7\u0131qlad\u0131, iqtisad\u00e7\u0131lar t\u0259kzib etdi\"}]},{\"@type\":\"WebSite\",\"@id\":\"https:\\\/\\\/www.meydan.tv\\\/az\\\/#website\",\"url\":\"https:\\\/\\\/www.meydan.tv\\\/az\\\/\",\"name\":\"MEYDAN.TV\",\"description\":\"Meydan TV Az\u0259rbaycan\u0131n media m\u0259kan\u0131ndak\u0131 alternativ s\u0259sidir\",\"publisher\":{\"@id\":\"https:\\\/\\\/www.meydan.tv\\\/az\\\/#organization\"},\"potentialAction\":[{\"@type\":\"SearchAction\",\"target\":{\"@type\":\"EntryPoint\",\"urlTemplate\":\"https:\\\/\\\/www.meydan.tv\\\/az\\\/?s={search_term_string}\"},\"query-input\":{\"@type\":\"PropertyValueSpecification\",\"valueRequired\":true,\"valueName\":\"search_term_string\"}}],\"inLanguage\":\"az\"},{\"@type\":\"Organization\",\"@id\":\"https:\\\/\\\/www.meydan.tv\\\/az\\\/#organization\",\"name\":\"Meydan TV\",\"url\":\"https:\\\/\\\/www.meydan.tv\\\/az\\\/\",\"logo\":{\"@type\":\"ImageObject\",\"inLanguage\":\"az\",\"@id\":\"https:\\\/\\\/www.meydan.tv\\\/az\\\/#\\\/schema\\\/logo\\\/image\\\/\",\"url\":\"https:\\\/\\\/www.meydan.tv\\\/wp-content\\\/uploads\\\/2021\\\/07\\\/meydan-logo.svg\",\"contentUrl\":\"https:\\\/\\\/www.meydan.tv\\\/wp-content\\\/uploads\\\/2021\\\/07\\\/meydan-logo.svg\",\"width\":195,\"height\":46,\"caption\":\"Meydan TV\"},\"image\":{\"@id\":\"https:\\\/\\\/www.meydan.tv\\\/az\\\/#\\\/schema\\\/logo\\\/image\\\/\"}},{\"@type\":\"Person\",\"@id\":\"https:\\\/\\\/www.meydan.tv\\\/az\\\/#\\\/schema\\\/person\\\/10d11eccf6da3662cf5fdab9806ea91a\",\"name\":\"user-manager\"}]}<\/script>\n<!-- \/ Yoast SEO plugin. -->","yoast_head_json":{"title":"R\u0259smi qurumlar inflyasiya il\u0259 ba\u011fl\u0131 r\u0259q\u0259ml\u0259r a\u00e7\u0131qlad\u0131, iqtisad\u00e7\u0131lar t\u0259kzib etdi - MEYDAN.TV","robots":{"index":"index","follow":"follow","max-snippet":"max-snippet:-1","max-image-preview":"max-image-preview:large","max-video-preview":"max-video-preview:-1"},"canonical":"https:\/\/www.meydan.tv\/az\/article\/resmi-qurumlar-inflyasiya-ile-bagli-reqemler-aciqladi-iqtisadcilar-tekzib-etdi\/","og_locale":"az_AZ","og_type":"article","og_title":"R\u0259smi qurumlar inflyasiya il\u0259 ba\u011fl\u0131 r\u0259q\u0259ml\u0259r a\u00e7\u0131qlad\u0131, iqtisad\u00e7\u0131lar t\u0259kzib etdi - MEYDAN.TV","og_description":"R\u0259smi: 2019-cu ilin 8 ay\u0131nda inflyasiya 2,6 faiz t\u0259\u015fkil edib","og_url":"https:\/\/www.meydan.tv\/az\/article\/resmi-qurumlar-inflyasiya-ile-bagli-reqemler-aciqladi-iqtisadcilar-tekzib-etdi\/","og_site_name":"MEYDAN.TV","article_published_time":"2019-09-11T10:49:39+00:00","og_image":[{"width":1200,"height":800,"url":"https:\/\/www.meydan.tv\/wp-content\/uploads\/b04ef544-a477-47bc-9c74-edb6bd817773.jpeg","type":"image\/jpeg"}],"author":"user-manager","twitter_card":"summary_large_image","schema":{"@context":"https:\/\/schema.org","@graph":[{"@type":"Article","@id":"https:\/\/www.meydan.tv\/az\/article\/resmi-qurumlar-inflyasiya-ile-bagli-reqemler-aciqladi-iqtisadcilar-tekzib-etdi\/#article","isPartOf":{"@id":"https:\/\/www.meydan.tv\/az\/article\/resmi-qurumlar-inflyasiya-ile-bagli-reqemler-aciqladi-iqtisadcilar-tekzib-etdi\/"},"author":{"name":"user-manager","@id":"https:\/\/www.meydan.tv\/az\/#\/schema\/person\/10d11eccf6da3662cf5fdab9806ea91a"},"headline":"R\u0259smi qurumlar inflyasiya il\u0259 ba\u011fl\u0131 r\u0259q\u0259ml\u0259r a\u00e7\u0131qlad\u0131, iqtisad\u00e7\u0131lar t\u0259kzib etdi","datePublished":"2019-09-11T10:49:39+00:00","mainEntityOfPage":{"@id":"https:\/\/www.meydan.tv\/az\/article\/resmi-qurumlar-inflyasiya-ile-bagli-reqemler-aciqladi-iqtisadcilar-tekzib-etdi\/"},"wordCount":731,"publisher":{"@id":"https:\/\/www.meydan.tv\/az\/#organization"},"image":{"@id":"https:\/\/www.meydan.tv\/az\/article\/resmi-qurumlar-inflyasiya-ile-bagli-reqemler-aciqladi-iqtisadcilar-tekzib-etdi\/#primaryimage"},"thumbnailUrl":"https:\/\/www.meydan.tv\/wp-content\/uploads\/b04ef544-a477-47bc-9c74-edb6bd817773.jpeg","articleSection":["\u0130qtisadiyyat"],"inLanguage":"az"},{"@type":"WebPage","@id":"https:\/\/www.meydan.tv\/az\/article\/resmi-qurumlar-inflyasiya-ile-bagli-reqemler-aciqladi-iqtisadcilar-tekzib-etdi\/","url":"https:\/\/www.meydan.tv\/az\/article\/resmi-qurumlar-inflyasiya-ile-bagli-reqemler-aciqladi-iqtisadcilar-tekzib-etdi\/","name":"R\u0259smi qurumlar inflyasiya il\u0259 ba\u011fl\u0131 r\u0259q\u0259ml\u0259r a\u00e7\u0131qlad\u0131, iqtisad\u00e7\u0131lar t\u0259kzib etdi - MEYDAN.TV","isPartOf":{"@id":"https:\/\/www.meydan.tv\/az\/#website"},"primaryImageOfPage":{"@id":"https:\/\/www.meydan.tv\/az\/article\/resmi-qurumlar-inflyasiya-ile-bagli-reqemler-aciqladi-iqtisadcilar-tekzib-etdi\/#primaryimage"},"image":{"@id":"https:\/\/www.meydan.tv\/az\/article\/resmi-qurumlar-inflyasiya-ile-bagli-reqemler-aciqladi-iqtisadcilar-tekzib-etdi\/#primaryimage"},"thumbnailUrl":"https:\/\/www.meydan.tv\/wp-content\/uploads\/b04ef544-a477-47bc-9c74-edb6bd817773.jpeg","datePublished":"2019-09-11T10:49:39+00:00","breadcrumb":{"@id":"https:\/\/www.meydan.tv\/az\/article\/resmi-qurumlar-inflyasiya-ile-bagli-reqemler-aciqladi-iqtisadcilar-tekzib-etdi\/#breadcrumb"},"inLanguage":"az","potentialAction":[{"@type":"ReadAction","target":["https:\/\/www.meydan.tv\/az\/article\/resmi-qurumlar-inflyasiya-ile-bagli-reqemler-aciqladi-iqtisadcilar-tekzib-etdi\/"]}]},{"@type":"ImageObject","inLanguage":"az","@id":"https:\/\/www.meydan.tv\/az\/article\/resmi-qurumlar-inflyasiya-ile-bagli-reqemler-aciqladi-iqtisadcilar-tekzib-etdi\/#primaryimage","url":"https:\/\/www.meydan.tv\/wp-content\/uploads\/b04ef544-a477-47bc-9c74-edb6bd817773.jpeg","contentUrl":"https:\/\/www.meydan.tv\/wp-content\/uploads\/b04ef544-a477-47bc-9c74-edb6bd817773.jpeg","width":1200,"height":800,"caption":"Foto: arxiv"},{"@type":"BreadcrumbList","@id":"https:\/\/www.meydan.tv\/az\/article\/resmi-qurumlar-inflyasiya-ile-bagli-reqemler-aciqladi-iqtisadcilar-tekzib-etdi\/#breadcrumb","itemListElement":[{"@type":"ListItem","position":1,"name":"Ana s\u0259hif\u0259","item":"https:\/\/www.meydan.tv\/az\/"},{"@type":"ListItem","position":2,"name":"\u0130qtisadiyyat","item":"https:\/\/www.meydan.tv\/az\/section\/iqtisadiyyat\/"},{"@type":"ListItem","position":3,"name":"R\u0259smi qurumlar inflyasiya il\u0259 ba\u011fl\u0131 r\u0259q\u0259ml\u0259r a\u00e7\u0131qlad\u0131, iqtisad\u00e7\u0131lar t\u0259kzib etdi"}]},{"@type":"WebSite","@id":"https:\/\/www.meydan.tv\/az\/#website","url":"https:\/\/www.meydan.tv\/az\/","name":"MEYDAN.TV","description":"Meydan TV Az\u0259rbaycan\u0131n media m\u0259kan\u0131ndak\u0131 alternativ s\u0259sidir","publisher":{"@id":"https:\/\/www.meydan.tv\/az\/#organization"},"potentialAction":[{"@type":"SearchAction","target":{"@type":"EntryPoint","urlTemplate":"https:\/\/www.meydan.tv\/az\/?s={search_term_string}"},"query-input":{"@type":"PropertyValueSpecification","valueRequired":true,"valueName":"search_term_string"}}],"inLanguage":"az"},{"@type":"Organization","@id":"https:\/\/www.meydan.tv\/az\/#organization","name":"Meydan TV","url":"https:\/\/www.meydan.tv\/az\/","logo":{"@type":"ImageObject","inLanguage":"az","@id":"https:\/\/www.meydan.tv\/az\/#\/schema\/logo\/image\/","url":"https:\/\/www.meydan.tv\/wp-content\/uploads\/2021\/07\/meydan-logo.svg","contentUrl":"https:\/\/www.meydan.tv\/wp-content\/uploads\/2021\/07\/meydan-logo.svg","width":195,"height":46,"caption":"Meydan TV"},"image":{"@id":"https:\/\/www.meydan.tv\/az\/#\/schema\/logo\/image\/"}},{"@type":"Person","@id":"https:\/\/www.meydan.tv\/az\/#\/schema\/person\/10d11eccf6da3662cf5fdab9806ea91a","name":"user-manager"}]}},"_links":{"self":[{"href":"https:\/\/www.meydan.tv\/az\/wp-json\/wp\/v2\/posts\/196905","targetHints":{"allow":["GET"]}}],"collection":[{"href":"https:\/\/www.meydan.tv\/az\/wp-json\/wp\/v2\/posts"}],"about":[{"href":"https:\/\/www.meydan.tv\/az\/wp-json\/wp\/v2\/types\/post"}],"author":[{"embeddable":true,"href":"https:\/\/www.meydan.tv\/az\/wp-json\/wp\/v2\/users\/11"}],"replies":[{"embeddable":true,"href":"https:\/\/www.meydan.tv\/az\/wp-json\/wp\/v2\/comments?post=196905"}],"version-history":[{"count":0,"href":"https:\/\/www.meydan.tv\/az\/wp-json\/wp\/v2\/posts\/196905\/revisions"}],"wp:featuredmedia":[{"embeddable":true,"href":"https:\/\/www.meydan.tv\/az\/wp-json\/wp\/v2\/media\/129463"}],"wp:attachment":[{"href":"https:\/\/www.meydan.tv\/az\/wp-json\/wp\/v2\/media?parent=196905"}],"wp:term":[{"taxonomy":"category","embeddable":true,"href":"https:\/\/www.meydan.tv\/az\/wp-json\/wp\/v2\/categories?post=196905"},{"taxonomy":"post_tag","embeddable":true,"href":"https:\/\/www.meydan.tv\/az\/wp-json\/wp\/v2\/tags?post=196905"}],"curies":[{"name":"wp","href":"https:\/\/api.w.org\/{rel}","templated":true}]}}