{"id":196904,"date":"2019-09-10T22:59:14","date_gmt":"2019-09-10T22:59:14","guid":{"rendered":"https:\/\/www.meydan.tv\/article\/iranda-qadin-futbol-azarkesi-ozunu-yandiraraq-helak-olub\/"},"modified":"2019-09-10T22:59:14","modified_gmt":"2019-09-10T22:59:14","slug":"iranda-qadin-futbol-azarkesi-ozunu-yandiraraq-helak-olub","status":"publish","type":"post","link":"https:\/\/www.meydan.tv\/az\/article\/iranda-qadin-futbol-azarkesi-ozunu-yandiraraq-helak-olub\/","title":{"rendered":"\u0130randa qad\u0131n futbol azarke\u015fi \u00f6z\u00fcn\u00fc yand\u0131raraq h\u0259lak olub"},"content":{"rendered":"<p>\n  \u0130randa idman stadionuna girm\u0259kd\u0259 ittiham edildiyi \u00fc\u00e7\u00fcn \u00f6z\u00fcn\u00fc yand\u0131ran g\u0259nc qad\u0131n x\u0259st\u0259xanada ke\u00e7inib, &#8211; \u201cRadio F\u0259rda\u201d x\u0259b\u0259r verir.\n<\/p>\n<p>\n  Ad\u0131 r\u0259smi olaraq a\u00e7\u0131qlanmayan 29 ya\u015fl\u0131 g\u0259nc qad\u0131n mart ay\u0131nda Tehranda futbol mat\u00e7\u0131na qat\u0131lmaq ist\u0259y\u0259rk\u0259n h\u0259bs edilib. \u0130randa qad\u0131nlar\u0131n arenalarda ki\u015fil\u0259rin idman yar\u0131\u015flar\u0131n\u0131 izl\u0259m\u0259sin\u0259 icaz\u0259 verilmir.\n<\/p>\n<p>\n  O, daha sonra h\u0259bsd\u0259n azad edils\u0259 d\u0259, mobil telefonunu geri almaq \u00fc\u00e7\u00fcn 1 sentyabr tarixind\u0259 prokurorlu\u011fa ged\u0259rk\u0259n a\u00e7\u0131lm\u0131\u015f i\u015fin sonlanmad\u0131\u011f\u0131n\u0131 v\u0259 h\u0259l\u0259 d\u0259 h\u0259bsxanaya d\u00fc\u015fm\u0259 ehtimal\u0131n\u0131n ola bil\u0259c\u0259yini \u00f6yr\u0259nib.\n<\/p>\n<p>\n  X\u0259st\u0259xana s\u0259lahiyy\u0259tlil\u0259rinin s\u00f6zl\u0259rin\u0259 g\u00f6r\u0259, h\u0259min an g\u0259nc qad\u0131n \u00fcz\u0259rin\u0259 benzin t\u00f6k\u0259r\u0259k \u00f6z\u00fcn\u00fc yand\u0131r\u0131b. X\u0259sar\u0259t n\u0259tic\u0259sind\u0259 qad\u0131n\u0131n b\u0259d\u0259ninin 90 faizi yan\u0131b.\n<\/p>\n<p>\n  Bac\u0131s\u0131 ke\u00e7\u0259n h\u0259ft\u0259 r\u0259smi IRNA x\u0259b\u0259r sayt\u0131na verdiyi a\u00e7\u0131qlamada deyib ki, z\u0259r\u0259r\u00e7\u0259kmi\u015f \u015f\u0259xs h\u0259m\u00e7inin bipolyar poz\u011funluqdan \u0259ziyy\u0259t \u00e7\u0259kirmi\u015f.\n<\/p>\n<p>\n  G\u0259nc qad\u0131n\u0131n d\u00fc\u015fd\u00fcy\u00fc v\u0259ziyy\u0259t sosial mediada s\u0259s-k\u00fcy\u0259 s\u0259b\u0259b olub. Paytaxt Tehranda b\u0259zi siyas\u0259t\u00e7il\u0259r v\u0259 jurnalistl\u0259r etiraz aksiyas\u0131 ke\u00e7irib.\n<\/p>\n<p>\n  \u0130slahat\u00e7\u0131 mill\u0259t v\u0259kili P\u0259rvan\u0259 Salah\u015furi (Parvaneh Salahshouri) tviter hesab\u0131nda qeyd edib: \u201cKi\u015fil\u0259rin qad\u0131nlar\u0131n taleyini t\u0259yin etdiyi v\u0259 onlar\u0131 \u0259sas insan h\u00fcquqlar\u0131ndan m\u0259hrum etdiyi, h\u0259m\u00e7inin z\u00fclml\u0259rind\u0259 ki\u015fil\u0259r\u0259 k\u00f6m\u0259k ed\u0259n qad\u0131nlar\u0131n oldu\u011fu yerd\u0259 biz ham\u0131m\u0131z bu kimi q\u0131zlar\u0131n tutulmas\u0131 v\u0259 yand\u0131r\u0131lmas\u0131nda m\u0259suliyy\u0259t da\u015f\u0131y\u0131r\u0131q\u201d\n<\/p>\n<p>\n  Tehranda f\u0259aliyy\u0259t g\u00f6st\u0259r\u0259n jurnalist \u018fkb\u0259r Montajabi yaz\u0131b: \u201cEnerji dolu bir q\u0131z\u0131n intihar etm\u0259si g\u00f6st\u0259rir ki, \u0130ran c\u0259miyy\u0259tind\u0259 s\u0259hv olan bir \u015fey var\u201d.\n<\/p>\n<p>\n  Dig\u0259r \u0130ranl\u0131 jurnalist S\u0259id\u0259 \u0130slami (Saeide Eslamie) yaz\u0131b: \u201c\u0130slam Respublikas\u0131 h\u0259r g\u00fcn yeni \u00fcz\u00fcn\u00fc g\u00f6st\u0259rir. Qad\u0131n\u0131n yaln\u0131zl\u0131\u011f\u0131nda ail\u0259sinin x\u0259b\u0259ri olmadan d\u0259fn edilm\u0259si? C\u0259nab \u0130slam Respublikas\u0131, s\u0259n bir g\u00fcn \u00f6z\u00fcn\u00fcn yaratd\u0131\u011f\u0131n k\u0259ndirl\u0259r\u0259 dola\u015f\u0131b bo\u011fulacaqsan\u201d.\n<\/p>\n<p>\n  H\u0259ft\u0259sonu boyunca bir ne\u00e7\u0259 iranl\u0131 futbol\u00e7u\u00a0\u00a0sosial mediada g\u0259nc qad\u0131n \u00fc\u00e7\u00fcn d\u0259st\u0259k n\u00fcmayi\u015f etdirib. O, h\u0259m\u00e7inin sevimli futbol komandas\u0131n\u0131n geyim formas\u0131na g\u00f6r\u0259 \u201cMavi Q\u0131z\u201d olaraq tan\u0131n\u0131rd\u0131.\n<\/p>\n<p>\n  \u0130ran milli futbol komandas\u0131n\u0131n kapitan\u0131 M\u0259sud \u015eojaey (Masoud Shojaei) \u201c\u0130nstagram\u201d s\u0259hif\u0259sind\u0259 deyib ki, onlar h\u0259l\u0259 d\u0259 qad\u0131nlara qoyulmu\u015f qada\u011falardan t\u0259sirl\u0259nirl\u0259r: \u201cG\u0259l\u0259c\u0259k n\u0259sill\u0259r qad\u0131nlar\u0131m\u0131z\u0131n d\u00f6vr\u00fcm\u00fczd\u0259 idman arenalar\u0131na girm\u0259l\u0259rin\u0259 qada\u011fa qoyulmas\u0131na m\u0259\u0259tt\u0259l qalacaqlar\u201d. Kapitan \u015eojaeyin \u201c\u0130nstagram\u201d s\u0259hif\u0259sind\u0259 400 mind\u0259n \u00e7ox izl\u0259yicisi var.\n<\/p>\n<p>\n  \u0130ran d\u00fcnyada qad\u0131nlara idman stadionlar\u0131nda qada\u011fa qoyan yegan\u0259 \u00f6lk\u0259dir. Yaz\u0131lmam\u0131\u015f bu qanun 1980-ci ild\u0259n b\u0259ri dini m\u00fchafiz\u0259karlar v\u0259 siyasi s\u0259rt fikirlil\u0259r t\u0259r\u0259find\u0259n d\u0259st\u0259kl\u0259nir.<\/p>\n","protected":false},"excerpt":{"rendered":"<p>29 ya\u015fl\u0131 g\u0259nc arenada futbolu izl\u0259diyi \u00fc\u00e7\u00fcn m\u0259suliyy\u0259t\u0259 c\u0259lb olunub<\/p>\n","protected":false},"author":11,"featured_media":129466,"comment_status":"closed","ping_status":"open","sticky":false,"template":"","format":"standard","meta":{"_acf_changed":false,"_sitemap_exclude":false,"_sitemap_priority":"","_sitemap_frequency":"","footnotes":""},"categories":[64],"tags":[],"class_list":["post-196904","post","type-post","status-publish","format-standard","has-post-thumbnail","hentry","category-dunya","infinite-scroll-item","generate-columns","tablet-grid-50","mobile-grid-100","grid-parent","grid-33","no-featured-image-padding"],"acf":[],"yoast_head":"<!-- This site is optimized with the Yoast SEO plugin v27.5 - https:\/\/yoast.com\/product\/yoast-seo-wordpress\/ -->\n<title>\u0130randa qad\u0131n futbol azarke\u015fi \u00f6z\u00fcn\u00fc yand\u0131raraq h\u0259lak olub - MEYDAN.TV<\/title>\n<meta name=\"robots\" content=\"index, follow, max-snippet:-1, max-image-preview:large, max-video-preview:-1\" \/>\n<link rel=\"canonical\" href=\"https:\/\/www.meydan.tv\/az\/article\/iranda-qadin-futbol-azarkesi-ozunu-yandiraraq-helak-olub\/\" \/>\n<meta property=\"og:locale\" content=\"az_AZ\" \/>\n<meta property=\"og:type\" content=\"article\" \/>\n<meta property=\"og:title\" content=\"\u0130randa qad\u0131n futbol azarke\u015fi \u00f6z\u00fcn\u00fc yand\u0131raraq h\u0259lak olub - MEYDAN.TV\" \/>\n<meta property=\"og:description\" content=\"29 ya\u015fl\u0131 g\u0259nc arenada futbolu izl\u0259diyi \u00fc\u00e7\u00fcn m\u0259suliyy\u0259t\u0259 c\u0259lb olunub\" \/>\n<meta property=\"og:url\" content=\"https:\/\/www.meydan.tv\/az\/article\/iranda-qadin-futbol-azarkesi-ozunu-yandiraraq-helak-olub\/\" \/>\n<meta property=\"og:site_name\" content=\"MEYDAN.TV\" \/>\n<meta property=\"article:published_time\" content=\"2019-09-10T22:59:14+00:00\" \/>\n<meta property=\"og:image\" content=\"https:\/\/www.meydan.tv\/wp-content\/uploads\/copy_of_untitled_design_8y4xscx.png\" \/>\n\t<meta property=\"og:image:width\" content=\"1280\" \/>\n\t<meta property=\"og:image:height\" content=\"720\" \/>\n\t<meta property=\"og:image:type\" content=\"image\/png\" \/>\n<meta name=\"author\" content=\"user-manager\" \/>\n<meta name=\"twitter:card\" content=\"summary_large_image\" \/>\n<script type=\"application\/ld+json\" class=\"yoast-schema-graph\">{\"@context\":\"https:\\\/\\\/schema.org\",\"@graph\":[{\"@type\":\"Article\",\"@id\":\"https:\\\/\\\/www.meydan.tv\\\/az\\\/article\\\/iranda-qadin-futbol-azarkesi-ozunu-yandiraraq-helak-olub\\\/#article\",\"isPartOf\":{\"@id\":\"https:\\\/\\\/www.meydan.tv\\\/az\\\/article\\\/iranda-qadin-futbol-azarkesi-ozunu-yandiraraq-helak-olub\\\/\"},\"author\":{\"name\":\"user-manager\",\"@id\":\"https:\\\/\\\/www.meydan.tv\\\/az\\\/#\\\/schema\\\/person\\\/10d11eccf6da3662cf5fdab9806ea91a\"},\"headline\":\"\u0130randa qad\u0131n futbol azarke\u015fi \u00f6z\u00fcn\u00fc yand\u0131raraq h\u0259lak olub\",\"datePublished\":\"2019-09-10T22:59:14+00:00\",\"mainEntityOfPage\":{\"@id\":\"https:\\\/\\\/www.meydan.tv\\\/az\\\/article\\\/iranda-qadin-futbol-azarkesi-ozunu-yandiraraq-helak-olub\\\/\"},\"wordCount\":577,\"publisher\":{\"@id\":\"https:\\\/\\\/www.meydan.tv\\\/az\\\/#organization\"},\"image\":{\"@id\":\"https:\\\/\\\/www.meydan.tv\\\/az\\\/article\\\/iranda-qadin-futbol-azarkesi-ozunu-yandiraraq-helak-olub\\\/#primaryimage\"},\"thumbnailUrl\":\"https:\\\/\\\/www.meydan.tv\\\/wp-content\\\/uploads\\\/copy_of_untitled_design_8y4xscx.png\",\"articleSection\":[\"D\u00fcnya\"],\"inLanguage\":\"az\"},{\"@type\":\"WebPage\",\"@id\":\"https:\\\/\\\/www.meydan.tv\\\/az\\\/article\\\/iranda-qadin-futbol-azarkesi-ozunu-yandiraraq-helak-olub\\\/\",\"url\":\"https:\\\/\\\/www.meydan.tv\\\/az\\\/article\\\/iranda-qadin-futbol-azarkesi-ozunu-yandiraraq-helak-olub\\\/\",\"name\":\"\u0130randa qad\u0131n futbol azarke\u015fi \u00f6z\u00fcn\u00fc yand\u0131raraq h\u0259lak olub - MEYDAN.TV\",\"isPartOf\":{\"@id\":\"https:\\\/\\\/www.meydan.tv\\\/az\\\/#website\"},\"primaryImageOfPage\":{\"@id\":\"https:\\\/\\\/www.meydan.tv\\\/az\\\/article\\\/iranda-qadin-futbol-azarkesi-ozunu-yandiraraq-helak-olub\\\/#primaryimage\"},\"image\":{\"@id\":\"https:\\\/\\\/www.meydan.tv\\\/az\\\/article\\\/iranda-qadin-futbol-azarkesi-ozunu-yandiraraq-helak-olub\\\/#primaryimage\"},\"thumbnailUrl\":\"https:\\\/\\\/www.meydan.tv\\\/wp-content\\\/uploads\\\/copy_of_untitled_design_8y4xscx.png\",\"datePublished\":\"2019-09-10T22:59:14+00:00\",\"breadcrumb\":{\"@id\":\"https:\\\/\\\/www.meydan.tv\\\/az\\\/article\\\/iranda-qadin-futbol-azarkesi-ozunu-yandiraraq-helak-olub\\\/#breadcrumb\"},\"inLanguage\":\"az\",\"potentialAction\":[{\"@type\":\"ReadAction\",\"target\":[\"https:\\\/\\\/www.meydan.tv\\\/az\\\/article\\\/iranda-qadin-futbol-azarkesi-ozunu-yandiraraq-helak-olub\\\/\"]}]},{\"@type\":\"ImageObject\",\"inLanguage\":\"az\",\"@id\":\"https:\\\/\\\/www.meydan.tv\\\/az\\\/article\\\/iranda-qadin-futbol-azarkesi-ozunu-yandiraraq-helak-olub\\\/#primaryimage\",\"url\":\"https:\\\/\\\/www.meydan.tv\\\/wp-content\\\/uploads\\\/copy_of_untitled_design_8y4xscx.png\",\"contentUrl\":\"https:\\\/\\\/www.meydan.tv\\\/wp-content\\\/uploads\\\/copy_of_untitled_design_8y4xscx.png\",\"width\":1280,\"height\":720,\"caption\":\"Source: Meydan TV\"},{\"@type\":\"BreadcrumbList\",\"@id\":\"https:\\\/\\\/www.meydan.tv\\\/az\\\/article\\\/iranda-qadin-futbol-azarkesi-ozunu-yandiraraq-helak-olub\\\/#breadcrumb\",\"itemListElement\":[{\"@type\":\"ListItem\",\"position\":1,\"name\":\"Ana s\u0259hif\u0259\",\"item\":\"https:\\\/\\\/www.meydan.tv\\\/az\\\/\"},{\"@type\":\"ListItem\",\"position\":2,\"name\":\"D\u00fcnya\",\"item\":\"https:\\\/\\\/www.meydan.tv\\\/az\\\/section\\\/dunya\\\/\"},{\"@type\":\"ListItem\",\"position\":3,\"name\":\"\u0130randa qad\u0131n futbol azarke\u015fi \u00f6z\u00fcn\u00fc yand\u0131raraq h\u0259lak olub\"}]},{\"@type\":\"WebSite\",\"@id\":\"https:\\\/\\\/www.meydan.tv\\\/az\\\/#website\",\"url\":\"https:\\\/\\\/www.meydan.tv\\\/az\\\/\",\"name\":\"MEYDAN.TV\",\"description\":\"Meydan TV Az\u0259rbaycan\u0131n media m\u0259kan\u0131ndak\u0131 alternativ s\u0259sidir\",\"publisher\":{\"@id\":\"https:\\\/\\\/www.meydan.tv\\\/az\\\/#organization\"},\"potentialAction\":[{\"@type\":\"SearchAction\",\"target\":{\"@type\":\"EntryPoint\",\"urlTemplate\":\"https:\\\/\\\/www.meydan.tv\\\/az\\\/?s={search_term_string}\"},\"query-input\":{\"@type\":\"PropertyValueSpecification\",\"valueRequired\":true,\"valueName\":\"search_term_string\"}}],\"inLanguage\":\"az\"},{\"@type\":\"Organization\",\"@id\":\"https:\\\/\\\/www.meydan.tv\\\/az\\\/#organization\",\"name\":\"Meydan TV\",\"url\":\"https:\\\/\\\/www.meydan.tv\\\/az\\\/\",\"logo\":{\"@type\":\"ImageObject\",\"inLanguage\":\"az\",\"@id\":\"https:\\\/\\\/www.meydan.tv\\\/az\\\/#\\\/schema\\\/logo\\\/image\\\/\",\"url\":\"https:\\\/\\\/www.meydan.tv\\\/wp-content\\\/uploads\\\/2021\\\/07\\\/meydan-logo.svg\",\"contentUrl\":\"https:\\\/\\\/www.meydan.tv\\\/wp-content\\\/uploads\\\/2021\\\/07\\\/meydan-logo.svg\",\"width\":195,\"height\":46,\"caption\":\"Meydan TV\"},\"image\":{\"@id\":\"https:\\\/\\\/www.meydan.tv\\\/az\\\/#\\\/schema\\\/logo\\\/image\\\/\"}},{\"@type\":\"Person\",\"@id\":\"https:\\\/\\\/www.meydan.tv\\\/az\\\/#\\\/schema\\\/person\\\/10d11eccf6da3662cf5fdab9806ea91a\",\"name\":\"user-manager\"}]}<\/script>\n<!-- \/ Yoast SEO plugin. -->","yoast_head_json":{"title":"\u0130randa qad\u0131n futbol azarke\u015fi \u00f6z\u00fcn\u00fc yand\u0131raraq h\u0259lak olub - MEYDAN.TV","robots":{"index":"index","follow":"follow","max-snippet":"max-snippet:-1","max-image-preview":"max-image-preview:large","max-video-preview":"max-video-preview:-1"},"canonical":"https:\/\/www.meydan.tv\/az\/article\/iranda-qadin-futbol-azarkesi-ozunu-yandiraraq-helak-olub\/","og_locale":"az_AZ","og_type":"article","og_title":"\u0130randa qad\u0131n futbol azarke\u015fi \u00f6z\u00fcn\u00fc yand\u0131raraq h\u0259lak olub - MEYDAN.TV","og_description":"29 ya\u015fl\u0131 g\u0259nc arenada futbolu izl\u0259diyi \u00fc\u00e7\u00fcn m\u0259suliyy\u0259t\u0259 c\u0259lb olunub","og_url":"https:\/\/www.meydan.tv\/az\/article\/iranda-qadin-futbol-azarkesi-ozunu-yandiraraq-helak-olub\/","og_site_name":"MEYDAN.TV","article_published_time":"2019-09-10T22:59:14+00:00","og_image":[{"width":1280,"height":720,"url":"https:\/\/www.meydan.tv\/wp-content\/uploads\/copy_of_untitled_design_8y4xscx.png","type":"image\/png"}],"author":"user-manager","twitter_card":"summary_large_image","schema":{"@context":"https:\/\/schema.org","@graph":[{"@type":"Article","@id":"https:\/\/www.meydan.tv\/az\/article\/iranda-qadin-futbol-azarkesi-ozunu-yandiraraq-helak-olub\/#article","isPartOf":{"@id":"https:\/\/www.meydan.tv\/az\/article\/iranda-qadin-futbol-azarkesi-ozunu-yandiraraq-helak-olub\/"},"author":{"name":"user-manager","@id":"https:\/\/www.meydan.tv\/az\/#\/schema\/person\/10d11eccf6da3662cf5fdab9806ea91a"},"headline":"\u0130randa qad\u0131n futbol azarke\u015fi \u00f6z\u00fcn\u00fc yand\u0131raraq h\u0259lak olub","datePublished":"2019-09-10T22:59:14+00:00","mainEntityOfPage":{"@id":"https:\/\/www.meydan.tv\/az\/article\/iranda-qadin-futbol-azarkesi-ozunu-yandiraraq-helak-olub\/"},"wordCount":577,"publisher":{"@id":"https:\/\/www.meydan.tv\/az\/#organization"},"image":{"@id":"https:\/\/www.meydan.tv\/az\/article\/iranda-qadin-futbol-azarkesi-ozunu-yandiraraq-helak-olub\/#primaryimage"},"thumbnailUrl":"https:\/\/www.meydan.tv\/wp-content\/uploads\/copy_of_untitled_design_8y4xscx.png","articleSection":["D\u00fcnya"],"inLanguage":"az"},{"@type":"WebPage","@id":"https:\/\/www.meydan.tv\/az\/article\/iranda-qadin-futbol-azarkesi-ozunu-yandiraraq-helak-olub\/","url":"https:\/\/www.meydan.tv\/az\/article\/iranda-qadin-futbol-azarkesi-ozunu-yandiraraq-helak-olub\/","name":"\u0130randa qad\u0131n futbol azarke\u015fi \u00f6z\u00fcn\u00fc yand\u0131raraq h\u0259lak olub - MEYDAN.TV","isPartOf":{"@id":"https:\/\/www.meydan.tv\/az\/#website"},"primaryImageOfPage":{"@id":"https:\/\/www.meydan.tv\/az\/article\/iranda-qadin-futbol-azarkesi-ozunu-yandiraraq-helak-olub\/#primaryimage"},"image":{"@id":"https:\/\/www.meydan.tv\/az\/article\/iranda-qadin-futbol-azarkesi-ozunu-yandiraraq-helak-olub\/#primaryimage"},"thumbnailUrl":"https:\/\/www.meydan.tv\/wp-content\/uploads\/copy_of_untitled_design_8y4xscx.png","datePublished":"2019-09-10T22:59:14+00:00","breadcrumb":{"@id":"https:\/\/www.meydan.tv\/az\/article\/iranda-qadin-futbol-azarkesi-ozunu-yandiraraq-helak-olub\/#breadcrumb"},"inLanguage":"az","potentialAction":[{"@type":"ReadAction","target":["https:\/\/www.meydan.tv\/az\/article\/iranda-qadin-futbol-azarkesi-ozunu-yandiraraq-helak-olub\/"]}]},{"@type":"ImageObject","inLanguage":"az","@id":"https:\/\/www.meydan.tv\/az\/article\/iranda-qadin-futbol-azarkesi-ozunu-yandiraraq-helak-olub\/#primaryimage","url":"https:\/\/www.meydan.tv\/wp-content\/uploads\/copy_of_untitled_design_8y4xscx.png","contentUrl":"https:\/\/www.meydan.tv\/wp-content\/uploads\/copy_of_untitled_design_8y4xscx.png","width":1280,"height":720,"caption":"Source: Meydan TV"},{"@type":"BreadcrumbList","@id":"https:\/\/www.meydan.tv\/az\/article\/iranda-qadin-futbol-azarkesi-ozunu-yandiraraq-helak-olub\/#breadcrumb","itemListElement":[{"@type":"ListItem","position":1,"name":"Ana s\u0259hif\u0259","item":"https:\/\/www.meydan.tv\/az\/"},{"@type":"ListItem","position":2,"name":"D\u00fcnya","item":"https:\/\/www.meydan.tv\/az\/section\/dunya\/"},{"@type":"ListItem","position":3,"name":"\u0130randa qad\u0131n futbol azarke\u015fi \u00f6z\u00fcn\u00fc yand\u0131raraq h\u0259lak olub"}]},{"@type":"WebSite","@id":"https:\/\/www.meydan.tv\/az\/#website","url":"https:\/\/www.meydan.tv\/az\/","name":"MEYDAN.TV","description":"Meydan TV Az\u0259rbaycan\u0131n media m\u0259kan\u0131ndak\u0131 alternativ s\u0259sidir","publisher":{"@id":"https:\/\/www.meydan.tv\/az\/#organization"},"potentialAction":[{"@type":"SearchAction","target":{"@type":"EntryPoint","urlTemplate":"https:\/\/www.meydan.tv\/az\/?s={search_term_string}"},"query-input":{"@type":"PropertyValueSpecification","valueRequired":true,"valueName":"search_term_string"}}],"inLanguage":"az"},{"@type":"Organization","@id":"https:\/\/www.meydan.tv\/az\/#organization","name":"Meydan TV","url":"https:\/\/www.meydan.tv\/az\/","logo":{"@type":"ImageObject","inLanguage":"az","@id":"https:\/\/www.meydan.tv\/az\/#\/schema\/logo\/image\/","url":"https:\/\/www.meydan.tv\/wp-content\/uploads\/2021\/07\/meydan-logo.svg","contentUrl":"https:\/\/www.meydan.tv\/wp-content\/uploads\/2021\/07\/meydan-logo.svg","width":195,"height":46,"caption":"Meydan TV"},"image":{"@id":"https:\/\/www.meydan.tv\/az\/#\/schema\/logo\/image\/"}},{"@type":"Person","@id":"https:\/\/www.meydan.tv\/az\/#\/schema\/person\/10d11eccf6da3662cf5fdab9806ea91a","name":"user-manager"}]}},"_links":{"self":[{"href":"https:\/\/www.meydan.tv\/az\/wp-json\/wp\/v2\/posts\/196904","targetHints":{"allow":["GET"]}}],"collection":[{"href":"https:\/\/www.meydan.tv\/az\/wp-json\/wp\/v2\/posts"}],"about":[{"href":"https:\/\/www.meydan.tv\/az\/wp-json\/wp\/v2\/types\/post"}],"author":[{"embeddable":true,"href":"https:\/\/www.meydan.tv\/az\/wp-json\/wp\/v2\/users\/11"}],"replies":[{"embeddable":true,"href":"https:\/\/www.meydan.tv\/az\/wp-json\/wp\/v2\/comments?post=196904"}],"version-history":[{"count":0,"href":"https:\/\/www.meydan.tv\/az\/wp-json\/wp\/v2\/posts\/196904\/revisions"}],"wp:featuredmedia":[{"embeddable":true,"href":"https:\/\/www.meydan.tv\/az\/wp-json\/wp\/v2\/media\/129466"}],"wp:attachment":[{"href":"https:\/\/www.meydan.tv\/az\/wp-json\/wp\/v2\/media?parent=196904"}],"wp:term":[{"taxonomy":"category","embeddable":true,"href":"https:\/\/www.meydan.tv\/az\/wp-json\/wp\/v2\/categories?post=196904"},{"taxonomy":"post_tag","embeddable":true,"href":"https:\/\/www.meydan.tv\/az\/wp-json\/wp\/v2\/tags?post=196904"}],"curies":[{"name":"wp","href":"https:\/\/api.w.org\/{rel}","templated":true}]}}