{"id":196893,"date":"2019-09-10T14:31:05","date_gmt":"2019-09-10T14:31:05","guid":{"rendered":"https:\/\/www.meydan.tv\/article\/erdogana-sui-qesd-plani-hazirlayanlara-yardim-eden-zabit-saxlanilib\/"},"modified":"2019-09-10T14:31:05","modified_gmt":"2019-09-10T14:31:05","slug":"erdogana-sui-qesd-plani-hazirlayanlara-yardim-eden-zabit-saxlanilib","status":"publish","type":"post","link":"https:\/\/www.meydan.tv\/az\/article\/erdogana-sui-qesd-plani-hazirlayanlara-yardim-eden-zabit-saxlanilib\/","title":{"rendered":"\u018frdo\u011fana sui-q\u0259sd plan\u0131 haz\u0131rlayanlara yard\u0131m ed\u0259n zabit saxlan\u0131l\u0131b"},"content":{"rendered":"<p>\n  15 iyul 2016-c\u0131 ild\u0259 T\u00fcrkiy\u0259d\u0259 d\u00f6vl\u0259t \u00e7evrili\u015fin\u0259 c\u0259hd zaman\u0131 prezident R\u0259c\u0259b Tayyib \u018frdo\u011fana sui-q\u0259sd m\u0259qs\u0259diyl\u0259 Marmaris\u0259 ged\u0259n arama qurtarma (MAK) qrupuna silah verdiyi idda edil\u0259n sabiq zabit Abdulkadir \u00d6. \u018fski\u015f\u0259h\u0259rd\u0259 tutulub, &#8211; \u201cAnadolu\u201d agentliyi x\u0259b\u0259r verir.\n<\/p>\n<p>\n  X\u0259b\u0259r\u0259 g\u00f6r\u0259 \u0130zmir Respublika Ba\u015f Prokurorlu\u011fu Abdulkadir \u00d6.-n\u00fcn MAK qrupuna silah verdiyi y\u00f6n\u00fcnd\u0259 d\u0259lill\u0259r \u0259ld\u0259 edilm\u0259si \u00fcz\u0259rin\u0259 istintaq ba\u015flad\u0131b.\n<\/p>\n<p>\n  V\u0259zif\u0259sind\u0259n xaric edil\u0259n sabiq zabit Abdulkadir \u00d6.-n\u00fcn \u00e7evrili\u015f \u0259snas\u0131nda qulluq etdiyi \u00c7i\u011fli 2. \u018fsas Jet Baza Komandirliyin\u0259 aid 1 n\u00f6mr\u0259li silah-sursat anbar\u0131ndan Silahl\u0131 Q\u00fcvv\u0259l\u0259r Sursat Qaydalar\u0131na zidd olaraq MAK qrupuna silah verdiyi iddia edilir.\n<\/p>\n<p>\n  \u015e\u00fcbh\u0259linin \u018fski\u015f\u0259h\u0259rd\u0259 olmas\u0131 iddias\u0131 \u00fcz\u0259rin\u0259 \u0259m\u0259liyyata ba\u015flan\u0131b. \u018fski\u015f\u0259h\u0259r T\u0259hl\u00fck\u0259sizlik v\u0259 Terrorla M\u00fcbariz\u0259 M\u00fcdirliyi komandas\u0131 t\u0259r\u0259find\u0259n h\u0259yata ke\u00e7irilmi\u015f \u0259m\u0259liyyat zaman\u0131 \u015f\u00fcbh\u0259li n\u0259zar\u0259t\u0259 al\u0131n\u0131b v\u0259 \u0130zmir\u0259 g\u0259tirilib.\n<\/p>\n<p>\n  X\u0259b\u0259rd\u0259 \u0259lav\u0259 olaraq sabiq zabit Abdulkadir \u00d6.-n\u00fcn \u00e7evrili\u015f c\u0259hdind\u0259n 15 g\u00fcn \u00f6nc\u0259 silah anbar\u0131nda i\u015f\u0259 ba\u015flad\u0131\u011f\u0131 bildirilir.\n<\/p>\n<p>\n  Dig\u0259r t\u0259r\u0259fd\u0259n Konya Respublika Prokurorlu\u011fu t\u0259r\u0259find\u0259n G\u00fcl\u0259n t\u0259\u015fkilatlanmas\u0131na qar\u015f\u0131 ba\u015flad\u0131lan istintaq \u00e7\u0259r\u00e7iv\u0259sind\u0259 53 n\u0259f\u0259r n\u0259zar\u0259t\u0259 al\u0131n\u0131b.\n<\/p>\n<p>\n  \u015e\u00fcbh\u0259lil\u0259rin tutulmas\u0131 \u00fc\u00e7\u00fcn Konya m\u0259rk\u0259zli 28 \u015f\u0259h\u0259rd\u0259 eyni vaxtda \u0259m\u0259liyyat ba\u015flad\u0131l\u0131b.<\/p>\n","protected":false},"excerpt":{"rendered":"<p>Daha 53 n\u0259f\u0259r n\u0259zar\u0259t\u0259 al\u0131n\u0131b<\/p>\n","protected":false},"author":11,"featured_media":129450,"comment_status":"closed","ping_status":"open","sticky":false,"template":"","format":"standard","meta":{"_acf_changed":false,"_sitemap_exclude":false,"_sitemap_priority":"","_sitemap_frequency":"","footnotes":""},"categories":[64],"tags":[],"class_list":["post-196893","post","type-post","status-publish","format-standard","has-post-thumbnail","hentry","category-dunya","infinite-scroll-item","generate-columns","tablet-grid-50","mobile-grid-100","grid-parent","grid-33","no-featured-image-padding"],"acf":[],"yoast_head":"<!-- This site is optimized with the Yoast SEO plugin v27.5 - https:\/\/yoast.com\/product\/yoast-seo-wordpress\/ -->\n<title>\u018frdo\u011fana sui-q\u0259sd plan\u0131 haz\u0131rlayanlara yard\u0131m ed\u0259n zabit saxlan\u0131l\u0131b - MEYDAN.TV<\/title>\n<meta name=\"robots\" content=\"index, follow, max-snippet:-1, max-image-preview:large, max-video-preview:-1\" \/>\n<link rel=\"canonical\" href=\"https:\/\/www.meydan.tv\/az\/article\/erdogana-sui-qesd-plani-hazirlayanlara-yardim-eden-zabit-saxlanilib\/\" \/>\n<meta property=\"og:locale\" content=\"az_AZ\" \/>\n<meta property=\"og:type\" content=\"article\" \/>\n<meta property=\"og:title\" content=\"\u018frdo\u011fana sui-q\u0259sd plan\u0131 haz\u0131rlayanlara yard\u0131m ed\u0259n zabit saxlan\u0131l\u0131b - MEYDAN.TV\" \/>\n<meta property=\"og:description\" content=\"Daha 53 n\u0259f\u0259r n\u0259zar\u0259t\u0259 al\u0131n\u0131b\" \/>\n<meta property=\"og:url\" content=\"https:\/\/www.meydan.tv\/az\/article\/erdogana-sui-qesd-plani-hazirlayanlara-yardim-eden-zabit-saxlanilib\/\" \/>\n<meta property=\"og:site_name\" content=\"MEYDAN.TV\" \/>\n<meta property=\"article:published_time\" content=\"2019-09-10T14:31:05+00:00\" \/>\n<meta property=\"og:image\" content=\"https:\/\/www.meydan.tv\/wp-content\/uploads\/turkiye-cumhurbaskani-recep-tayyip-erdogan_a629b09.jpg\" \/>\n\t<meta property=\"og:image:width\" content=\"1200\" \/>\n\t<meta property=\"og:image:height\" content=\"881\" \/>\n\t<meta property=\"og:image:type\" content=\"image\/jpeg\" \/>\n<meta name=\"author\" content=\"user-manager\" \/>\n<meta name=\"twitter:card\" content=\"summary_large_image\" \/>\n<script type=\"application\/ld+json\" class=\"yoast-schema-graph\">{\"@context\":\"https:\\\/\\\/schema.org\",\"@graph\":[{\"@type\":\"Article\",\"@id\":\"https:\\\/\\\/www.meydan.tv\\\/az\\\/article\\\/erdogana-sui-qesd-plani-hazirlayanlara-yardim-eden-zabit-saxlanilib\\\/#article\",\"isPartOf\":{\"@id\":\"https:\\\/\\\/www.meydan.tv\\\/az\\\/article\\\/erdogana-sui-qesd-plani-hazirlayanlara-yardim-eden-zabit-saxlanilib\\\/\"},\"author\":{\"name\":\"user-manager\",\"@id\":\"https:\\\/\\\/www.meydan.tv\\\/az\\\/#\\\/schema\\\/person\\\/10d11eccf6da3662cf5fdab9806ea91a\"},\"headline\":\"\u018frdo\u011fana sui-q\u0259sd plan\u0131 haz\u0131rlayanlara yard\u0131m ed\u0259n zabit saxlan\u0131l\u0131b\",\"datePublished\":\"2019-09-10T14:31:05+00:00\",\"mainEntityOfPage\":{\"@id\":\"https:\\\/\\\/www.meydan.tv\\\/az\\\/article\\\/erdogana-sui-qesd-plani-hazirlayanlara-yardim-eden-zabit-saxlanilib\\\/\"},\"wordCount\":276,\"publisher\":{\"@id\":\"https:\\\/\\\/www.meydan.tv\\\/az\\\/#organization\"},\"image\":{\"@id\":\"https:\\\/\\\/www.meydan.tv\\\/az\\\/article\\\/erdogana-sui-qesd-plani-hazirlayanlara-yardim-eden-zabit-saxlanilib\\\/#primaryimage\"},\"thumbnailUrl\":\"https:\\\/\\\/www.meydan.tv\\\/wp-content\\\/uploads\\\/turkiye-cumhurbaskani-recep-tayyip-erdogan_a629b09.jpg\",\"articleSection\":[\"D\u00fcnya\"],\"inLanguage\":\"az\"},{\"@type\":\"WebPage\",\"@id\":\"https:\\\/\\\/www.meydan.tv\\\/az\\\/article\\\/erdogana-sui-qesd-plani-hazirlayanlara-yardim-eden-zabit-saxlanilib\\\/\",\"url\":\"https:\\\/\\\/www.meydan.tv\\\/az\\\/article\\\/erdogana-sui-qesd-plani-hazirlayanlara-yardim-eden-zabit-saxlanilib\\\/\",\"name\":\"\u018frdo\u011fana sui-q\u0259sd plan\u0131 haz\u0131rlayanlara yard\u0131m ed\u0259n zabit saxlan\u0131l\u0131b - MEYDAN.TV\",\"isPartOf\":{\"@id\":\"https:\\\/\\\/www.meydan.tv\\\/az\\\/#website\"},\"primaryImageOfPage\":{\"@id\":\"https:\\\/\\\/www.meydan.tv\\\/az\\\/article\\\/erdogana-sui-qesd-plani-hazirlayanlara-yardim-eden-zabit-saxlanilib\\\/#primaryimage\"},\"image\":{\"@id\":\"https:\\\/\\\/www.meydan.tv\\\/az\\\/article\\\/erdogana-sui-qesd-plani-hazirlayanlara-yardim-eden-zabit-saxlanilib\\\/#primaryimage\"},\"thumbnailUrl\":\"https:\\\/\\\/www.meydan.tv\\\/wp-content\\\/uploads\\\/turkiye-cumhurbaskani-recep-tayyip-erdogan_a629b09.jpg\",\"datePublished\":\"2019-09-10T14:31:05+00:00\",\"breadcrumb\":{\"@id\":\"https:\\\/\\\/www.meydan.tv\\\/az\\\/article\\\/erdogana-sui-qesd-plani-hazirlayanlara-yardim-eden-zabit-saxlanilib\\\/#breadcrumb\"},\"inLanguage\":\"az\",\"potentialAction\":[{\"@type\":\"ReadAction\",\"target\":[\"https:\\\/\\\/www.meydan.tv\\\/az\\\/article\\\/erdogana-sui-qesd-plani-hazirlayanlara-yardim-eden-zabit-saxlanilib\\\/\"]}]},{\"@type\":\"ImageObject\",\"inLanguage\":\"az\",\"@id\":\"https:\\\/\\\/www.meydan.tv\\\/az\\\/article\\\/erdogana-sui-qesd-plani-hazirlayanlara-yardim-eden-zabit-saxlanilib\\\/#primaryimage\",\"url\":\"https:\\\/\\\/www.meydan.tv\\\/wp-content\\\/uploads\\\/turkiye-cumhurbaskani-recep-tayyip-erdogan_a629b09.jpg\",\"contentUrl\":\"https:\\\/\\\/www.meydan.tv\\\/wp-content\\\/uploads\\\/turkiye-cumhurbaskani-recep-tayyip-erdogan_a629b09.jpg\",\"width\":1200,\"height\":881,\"caption\":\"Source: AA\"},{\"@type\":\"BreadcrumbList\",\"@id\":\"https:\\\/\\\/www.meydan.tv\\\/az\\\/article\\\/erdogana-sui-qesd-plani-hazirlayanlara-yardim-eden-zabit-saxlanilib\\\/#breadcrumb\",\"itemListElement\":[{\"@type\":\"ListItem\",\"position\":1,\"name\":\"Ana s\u0259hif\u0259\",\"item\":\"https:\\\/\\\/www.meydan.tv\\\/az\\\/\"},{\"@type\":\"ListItem\",\"position\":2,\"name\":\"D\u00fcnya\",\"item\":\"https:\\\/\\\/www.meydan.tv\\\/az\\\/section\\\/dunya\\\/\"},{\"@type\":\"ListItem\",\"position\":3,\"name\":\"\u018frdo\u011fana sui-q\u0259sd plan\u0131 haz\u0131rlayanlara yard\u0131m ed\u0259n zabit saxlan\u0131l\u0131b\"}]},{\"@type\":\"WebSite\",\"@id\":\"https:\\\/\\\/www.meydan.tv\\\/az\\\/#website\",\"url\":\"https:\\\/\\\/www.meydan.tv\\\/az\\\/\",\"name\":\"MEYDAN.TV\",\"description\":\"Meydan TV Az\u0259rbaycan\u0131n media m\u0259kan\u0131ndak\u0131 alternativ s\u0259sidir\",\"publisher\":{\"@id\":\"https:\\\/\\\/www.meydan.tv\\\/az\\\/#organization\"},\"potentialAction\":[{\"@type\":\"SearchAction\",\"target\":{\"@type\":\"EntryPoint\",\"urlTemplate\":\"https:\\\/\\\/www.meydan.tv\\\/az\\\/?s={search_term_string}\"},\"query-input\":{\"@type\":\"PropertyValueSpecification\",\"valueRequired\":true,\"valueName\":\"search_term_string\"}}],\"inLanguage\":\"az\"},{\"@type\":\"Organization\",\"@id\":\"https:\\\/\\\/www.meydan.tv\\\/az\\\/#organization\",\"name\":\"Meydan TV\",\"url\":\"https:\\\/\\\/www.meydan.tv\\\/az\\\/\",\"logo\":{\"@type\":\"ImageObject\",\"inLanguage\":\"az\",\"@id\":\"https:\\\/\\\/www.meydan.tv\\\/az\\\/#\\\/schema\\\/logo\\\/image\\\/\",\"url\":\"https:\\\/\\\/www.meydan.tv\\\/wp-content\\\/uploads\\\/2021\\\/07\\\/meydan-logo.svg\",\"contentUrl\":\"https:\\\/\\\/www.meydan.tv\\\/wp-content\\\/uploads\\\/2021\\\/07\\\/meydan-logo.svg\",\"width\":195,\"height\":46,\"caption\":\"Meydan TV\"},\"image\":{\"@id\":\"https:\\\/\\\/www.meydan.tv\\\/az\\\/#\\\/schema\\\/logo\\\/image\\\/\"}},{\"@type\":\"Person\",\"@id\":\"https:\\\/\\\/www.meydan.tv\\\/az\\\/#\\\/schema\\\/person\\\/10d11eccf6da3662cf5fdab9806ea91a\",\"name\":\"user-manager\"}]}<\/script>\n<!-- \/ Yoast SEO plugin. -->","yoast_head_json":{"title":"\u018frdo\u011fana sui-q\u0259sd plan\u0131 haz\u0131rlayanlara yard\u0131m ed\u0259n zabit saxlan\u0131l\u0131b - MEYDAN.TV","robots":{"index":"index","follow":"follow","max-snippet":"max-snippet:-1","max-image-preview":"max-image-preview:large","max-video-preview":"max-video-preview:-1"},"canonical":"https:\/\/www.meydan.tv\/az\/article\/erdogana-sui-qesd-plani-hazirlayanlara-yardim-eden-zabit-saxlanilib\/","og_locale":"az_AZ","og_type":"article","og_title":"\u018frdo\u011fana sui-q\u0259sd plan\u0131 haz\u0131rlayanlara yard\u0131m ed\u0259n zabit saxlan\u0131l\u0131b - MEYDAN.TV","og_description":"Daha 53 n\u0259f\u0259r n\u0259zar\u0259t\u0259 al\u0131n\u0131b","og_url":"https:\/\/www.meydan.tv\/az\/article\/erdogana-sui-qesd-plani-hazirlayanlara-yardim-eden-zabit-saxlanilib\/","og_site_name":"MEYDAN.TV","article_published_time":"2019-09-10T14:31:05+00:00","og_image":[{"width":1200,"height":881,"url":"https:\/\/www.meydan.tv\/wp-content\/uploads\/turkiye-cumhurbaskani-recep-tayyip-erdogan_a629b09.jpg","type":"image\/jpeg"}],"author":"user-manager","twitter_card":"summary_large_image","schema":{"@context":"https:\/\/schema.org","@graph":[{"@type":"Article","@id":"https:\/\/www.meydan.tv\/az\/article\/erdogana-sui-qesd-plani-hazirlayanlara-yardim-eden-zabit-saxlanilib\/#article","isPartOf":{"@id":"https:\/\/www.meydan.tv\/az\/article\/erdogana-sui-qesd-plani-hazirlayanlara-yardim-eden-zabit-saxlanilib\/"},"author":{"name":"user-manager","@id":"https:\/\/www.meydan.tv\/az\/#\/schema\/person\/10d11eccf6da3662cf5fdab9806ea91a"},"headline":"\u018frdo\u011fana sui-q\u0259sd plan\u0131 haz\u0131rlayanlara yard\u0131m ed\u0259n zabit saxlan\u0131l\u0131b","datePublished":"2019-09-10T14:31:05+00:00","mainEntityOfPage":{"@id":"https:\/\/www.meydan.tv\/az\/article\/erdogana-sui-qesd-plani-hazirlayanlara-yardim-eden-zabit-saxlanilib\/"},"wordCount":276,"publisher":{"@id":"https:\/\/www.meydan.tv\/az\/#organization"},"image":{"@id":"https:\/\/www.meydan.tv\/az\/article\/erdogana-sui-qesd-plani-hazirlayanlara-yardim-eden-zabit-saxlanilib\/#primaryimage"},"thumbnailUrl":"https:\/\/www.meydan.tv\/wp-content\/uploads\/turkiye-cumhurbaskani-recep-tayyip-erdogan_a629b09.jpg","articleSection":["D\u00fcnya"],"inLanguage":"az"},{"@type":"WebPage","@id":"https:\/\/www.meydan.tv\/az\/article\/erdogana-sui-qesd-plani-hazirlayanlara-yardim-eden-zabit-saxlanilib\/","url":"https:\/\/www.meydan.tv\/az\/article\/erdogana-sui-qesd-plani-hazirlayanlara-yardim-eden-zabit-saxlanilib\/","name":"\u018frdo\u011fana sui-q\u0259sd plan\u0131 haz\u0131rlayanlara yard\u0131m ed\u0259n zabit saxlan\u0131l\u0131b - MEYDAN.TV","isPartOf":{"@id":"https:\/\/www.meydan.tv\/az\/#website"},"primaryImageOfPage":{"@id":"https:\/\/www.meydan.tv\/az\/article\/erdogana-sui-qesd-plani-hazirlayanlara-yardim-eden-zabit-saxlanilib\/#primaryimage"},"image":{"@id":"https:\/\/www.meydan.tv\/az\/article\/erdogana-sui-qesd-plani-hazirlayanlara-yardim-eden-zabit-saxlanilib\/#primaryimage"},"thumbnailUrl":"https:\/\/www.meydan.tv\/wp-content\/uploads\/turkiye-cumhurbaskani-recep-tayyip-erdogan_a629b09.jpg","datePublished":"2019-09-10T14:31:05+00:00","breadcrumb":{"@id":"https:\/\/www.meydan.tv\/az\/article\/erdogana-sui-qesd-plani-hazirlayanlara-yardim-eden-zabit-saxlanilib\/#breadcrumb"},"inLanguage":"az","potentialAction":[{"@type":"ReadAction","target":["https:\/\/www.meydan.tv\/az\/article\/erdogana-sui-qesd-plani-hazirlayanlara-yardim-eden-zabit-saxlanilib\/"]}]},{"@type":"ImageObject","inLanguage":"az","@id":"https:\/\/www.meydan.tv\/az\/article\/erdogana-sui-qesd-plani-hazirlayanlara-yardim-eden-zabit-saxlanilib\/#primaryimage","url":"https:\/\/www.meydan.tv\/wp-content\/uploads\/turkiye-cumhurbaskani-recep-tayyip-erdogan_a629b09.jpg","contentUrl":"https:\/\/www.meydan.tv\/wp-content\/uploads\/turkiye-cumhurbaskani-recep-tayyip-erdogan_a629b09.jpg","width":1200,"height":881,"caption":"Source: AA"},{"@type":"BreadcrumbList","@id":"https:\/\/www.meydan.tv\/az\/article\/erdogana-sui-qesd-plani-hazirlayanlara-yardim-eden-zabit-saxlanilib\/#breadcrumb","itemListElement":[{"@type":"ListItem","position":1,"name":"Ana s\u0259hif\u0259","item":"https:\/\/www.meydan.tv\/az\/"},{"@type":"ListItem","position":2,"name":"D\u00fcnya","item":"https:\/\/www.meydan.tv\/az\/section\/dunya\/"},{"@type":"ListItem","position":3,"name":"\u018frdo\u011fana sui-q\u0259sd plan\u0131 haz\u0131rlayanlara yard\u0131m ed\u0259n zabit saxlan\u0131l\u0131b"}]},{"@type":"WebSite","@id":"https:\/\/www.meydan.tv\/az\/#website","url":"https:\/\/www.meydan.tv\/az\/","name":"MEYDAN.TV","description":"Meydan TV Az\u0259rbaycan\u0131n media m\u0259kan\u0131ndak\u0131 alternativ s\u0259sidir","publisher":{"@id":"https:\/\/www.meydan.tv\/az\/#organization"},"potentialAction":[{"@type":"SearchAction","target":{"@type":"EntryPoint","urlTemplate":"https:\/\/www.meydan.tv\/az\/?s={search_term_string}"},"query-input":{"@type":"PropertyValueSpecification","valueRequired":true,"valueName":"search_term_string"}}],"inLanguage":"az"},{"@type":"Organization","@id":"https:\/\/www.meydan.tv\/az\/#organization","name":"Meydan TV","url":"https:\/\/www.meydan.tv\/az\/","logo":{"@type":"ImageObject","inLanguage":"az","@id":"https:\/\/www.meydan.tv\/az\/#\/schema\/logo\/image\/","url":"https:\/\/www.meydan.tv\/wp-content\/uploads\/2021\/07\/meydan-logo.svg","contentUrl":"https:\/\/www.meydan.tv\/wp-content\/uploads\/2021\/07\/meydan-logo.svg","width":195,"height":46,"caption":"Meydan TV"},"image":{"@id":"https:\/\/www.meydan.tv\/az\/#\/schema\/logo\/image\/"}},{"@type":"Person","@id":"https:\/\/www.meydan.tv\/az\/#\/schema\/person\/10d11eccf6da3662cf5fdab9806ea91a","name":"user-manager"}]}},"_links":{"self":[{"href":"https:\/\/www.meydan.tv\/az\/wp-json\/wp\/v2\/posts\/196893","targetHints":{"allow":["GET"]}}],"collection":[{"href":"https:\/\/www.meydan.tv\/az\/wp-json\/wp\/v2\/posts"}],"about":[{"href":"https:\/\/www.meydan.tv\/az\/wp-json\/wp\/v2\/types\/post"}],"author":[{"embeddable":true,"href":"https:\/\/www.meydan.tv\/az\/wp-json\/wp\/v2\/users\/11"}],"replies":[{"embeddable":true,"href":"https:\/\/www.meydan.tv\/az\/wp-json\/wp\/v2\/comments?post=196893"}],"version-history":[{"count":0,"href":"https:\/\/www.meydan.tv\/az\/wp-json\/wp\/v2\/posts\/196893\/revisions"}],"wp:featuredmedia":[{"embeddable":true,"href":"https:\/\/www.meydan.tv\/az\/wp-json\/wp\/v2\/media\/129450"}],"wp:attachment":[{"href":"https:\/\/www.meydan.tv\/az\/wp-json\/wp\/v2\/media?parent=196893"}],"wp:term":[{"taxonomy":"category","embeddable":true,"href":"https:\/\/www.meydan.tv\/az\/wp-json\/wp\/v2\/categories?post=196893"},{"taxonomy":"post_tag","embeddable":true,"href":"https:\/\/www.meydan.tv\/az\/wp-json\/wp\/v2\/tags?post=196893"}],"curies":[{"name":"wp","href":"https:\/\/api.w.org\/{rel}","templated":true}]}}