{"id":196889,"date":"2019-09-10T10:29:20","date_gmt":"2019-09-10T10:29:20","guid":{"rendered":"https:\/\/www.meydan.tv\/article\/aspa-meruzecisi-bakiya-seferini-yekunlasdirib\/"},"modified":"2019-09-10T10:29:20","modified_gmt":"2019-09-10T10:29:20","slug":"aspa-meruzecisi-bakiya-seferini-yekunlasdirib","status":"publish","type":"post","link":"https:\/\/www.meydan.tv\/az\/article\/aspa-meruzecisi-bakiya-seferini-yekunlasdirib\/","title":{"rendered":"A\u015ePA m\u0259ruz\u0259\u00e7isi Bak\u0131ya s\u0259f\u0259rini yekunla\u015fd\u0131r\u0131b"},"content":{"rendered":"<p>\n  Avropa \u015euras\u0131 Parlament Assambleyas\u0131n\u0131n (A\u015ePA) Az\u0259rbaycanda siyasi m\u0259hbuslar \u00fczr\u0259 m\u0259ruz\u0259\u00e7isi Sunna Evarsdottir (Aevarsdottir) \u00f6lk\u0259y\u0259 \u00fc\u00e7g\u00fcnl\u00fck s\u0259f\u0259rini yekunla\u015fd\u0131r\u0131b.\n<\/p>\n<p>\n  S\u0259f\u0259r zaman\u0131 A\u015ePA m\u0259ruz\u0259\u00e7isinin beyn\u0259lxalq t\u0259\u015fkilatlar t\u0259r\u0259find\u0259n siyasi m\u0259hbus olaraq q\u0259bul edil\u0259n Taleh Ba\u011f\u0131rzad\u0259, Abbas H\u00fcseynov, \u018ffqan Muxtarl\u0131 v\u0259 S\u0259id Dada\u015fb\u0259yli il\u0259 g\u00f6r\u00fc\u015fd\u00fcy\u00fc bildirilir.\n<\/p>\n<p>\n  \u00d6lk\u0259d\u0259yk\u0259n r\u0259smi g\u00f6r\u00fc\u015fl\u0259rin t\u0259\u015fkilind\u0259 g\u00f6st\u0259rdiyi d\u0259st\u0259y\u0259 v\u0259 m\u0259ruz\u0259\u00e7inin s\u0259f\u0259rini asanla\u015fd\u0131rd\u0131\u011f\u0131na g\u00f6r\u0259 Az\u0259rbaycan hakimiyy\u0259tin\u0259 t\u0259\u015f\u0259kk\u00fcr ed\u0259n\n<\/p>\n<p>\n  Evarsdottir hakimiyy\u0259tin \u201ckonstruktiv m\u00fcnasib\u0259t\u201d ind\u0259n t\u0259sirl\u0259ndiyini bildirir.\n<\/p>\n<p>\n  \u201cBu konstruktiv m\u00fcnasib\u0259t, g\u00f6r\u00fc\u015fd\u00fcy\u00fcm b\u00fct\u00fcn insanlar\u0131n bu \u00e7\u0259tin v\u0259 h\u0259ssas problemi m\u00fczakir\u0259 etm\u0259y\u0259 v\u0259 h\u0259ll yolu tapmaq \u00fc\u00e7\u00fcn Avropa \u015euras\u0131 il\u0259 birlikd\u0259 i\u015fl\u0259m\u0259y\u0259 haz\u0131r olmas\u0131 m\u0259ni ruhland\u0131rd\u0131,\u201d &#8211; o deyib.\n<\/p>\n<p>\n  \u201cD\u00f6rd m\u0259hbusdan \u0259lav\u0259, bir s\u0131ra h\u00f6kum\u0259t t\u0259nqid\u00e7il\u0259ri, v\u0259t\u0259nda\u015f c\u0259miyy\u0259ti f\u0259allar\u0131, jurnalistl\u0259r, h\u00fcquq\u015f\u00fcnaslar v\u0259 QHT n\u00fcmay\u0259nd\u0259l\u0259ri, habel\u0259 yerli diplomatik icma \u00fczvl\u0259ri il\u0259 g\u00f6r\u00fc\u015f\u0259 bildim,\u201d &#8211; m\u0259ruz\u0259\u00e7i deyib.\n<\/p>\n<p>\n  \u201cBu intensiv s\u0259f\u0259r haz\u0131rk\u0131 v\u0259ziyy\u0259ti n\u0259z\u0259rd\u0259n ke\u00e7ir\u0259c\u0259k v\u0259 g\u0259l\u0259c\u0259k ir\u0259lil\u0259yi\u015f \u00fc\u00e7\u00fcn t\u00f6vsiy\u0259l\u0259r ver\u0259c\u0259k hesabat\u0131m \u00fc\u00e7\u00fcn m\u00f6hk\u0259m z\u0259min haz\u0131rlad\u0131,\u201d m\u0259ruz\u0259\u00e7i deyib v\u0259 hesabat\u0131 bu ilin sonuna q\u0259d\u0259r A\u015ePA-n\u0131n H\u00fcquq M\u0259s\u0259l\u0259l\u0259ri Komit\u0259sin\u0259 t\u0259qdim ed\u0259c\u0259yini bildirib.<\/p>\n","protected":false},"excerpt":{"rendered":"<p>Evarsdottir hakimiyy\u0259tin \u201ckonstruktiv m\u00fcnasib\u0259t\u201d ind\u0259n t\u0259sirl\u0259ndiyini bildirir<\/p>\n","protected":false},"author":11,"featured_media":129402,"comment_status":"closed","ping_status":"open","sticky":false,"template":"","format":"standard","meta":{"_acf_changed":false,"_sitemap_exclude":false,"_sitemap_priority":"","_sitemap_frequency":"","footnotes":""},"categories":[64],"tags":[],"class_list":["post-196889","post","type-post","status-publish","format-standard","has-post-thumbnail","hentry","category-dunya","infinite-scroll-item","generate-columns","tablet-grid-50","mobile-grid-100","grid-parent","grid-33","no-featured-image-padding"],"acf":[],"yoast_head":"<!-- This site is optimized with the Yoast SEO plugin v27.5 - https:\/\/yoast.com\/product\/yoast-seo-wordpress\/ -->\n<title>A\u015ePA m\u0259ruz\u0259\u00e7isi Bak\u0131ya s\u0259f\u0259rini yekunla\u015fd\u0131r\u0131b - MEYDAN.TV<\/title>\n<meta name=\"robots\" content=\"index, follow, max-snippet:-1, max-image-preview:large, max-video-preview:-1\" \/>\n<link rel=\"canonical\" href=\"https:\/\/www.meydan.tv\/az\/article\/aspa-meruzecisi-bakiya-seferini-yekunlasdirib\/\" \/>\n<meta property=\"og:locale\" content=\"az_AZ\" \/>\n<meta property=\"og:type\" content=\"article\" \/>\n<meta property=\"og:title\" content=\"A\u015ePA m\u0259ruz\u0259\u00e7isi Bak\u0131ya s\u0259f\u0259rini yekunla\u015fd\u0131r\u0131b - MEYDAN.TV\" \/>\n<meta property=\"og:description\" content=\"Evarsdottir hakimiyy\u0259tin \u201ckonstruktiv m\u00fcnasib\u0259t\u201d ind\u0259n t\u0259sirl\u0259ndiyini bildirir\" \/>\n<meta property=\"og:url\" content=\"https:\/\/www.meydan.tv\/az\/article\/aspa-meruzecisi-bakiya-seferini-yekunlasdirib\/\" \/>\n<meta property=\"og:site_name\" content=\"MEYDAN.TV\" \/>\n<meta property=\"article:published_time\" content=\"2019-09-10T10:29:20+00:00\" \/>\n<meta property=\"og:image\" content=\"https:\/\/www.meydan.tv\/wp-content\/uploads\/screenshot_at_sep_10_10-27-24-1200x699.png\" \/>\n\t<meta property=\"og:image:width\" content=\"1200\" \/>\n\t<meta property=\"og:image:height\" content=\"699\" \/>\n\t<meta property=\"og:image:type\" content=\"image\/png\" \/>\n<meta name=\"author\" content=\"user-manager\" \/>\n<meta name=\"twitter:card\" content=\"summary_large_image\" \/>\n<script type=\"application\/ld+json\" class=\"yoast-schema-graph\">{\"@context\":\"https:\\\/\\\/schema.org\",\"@graph\":[{\"@type\":\"Article\",\"@id\":\"https:\\\/\\\/www.meydan.tv\\\/az\\\/article\\\/aspa-meruzecisi-bakiya-seferini-yekunlasdirib\\\/#article\",\"isPartOf\":{\"@id\":\"https:\\\/\\\/www.meydan.tv\\\/az\\\/article\\\/aspa-meruzecisi-bakiya-seferini-yekunlasdirib\\\/\"},\"author\":{\"name\":\"user-manager\",\"@id\":\"https:\\\/\\\/www.meydan.tv\\\/az\\\/#\\\/schema\\\/person\\\/10d11eccf6da3662cf5fdab9806ea91a\"},\"headline\":\"A\u015ePA m\u0259ruz\u0259\u00e7isi Bak\u0131ya s\u0259f\u0259rini yekunla\u015fd\u0131r\u0131b\",\"datePublished\":\"2019-09-10T10:29:20+00:00\",\"mainEntityOfPage\":{\"@id\":\"https:\\\/\\\/www.meydan.tv\\\/az\\\/article\\\/aspa-meruzecisi-bakiya-seferini-yekunlasdirib\\\/\"},\"wordCount\":317,\"publisher\":{\"@id\":\"https:\\\/\\\/www.meydan.tv\\\/az\\\/#organization\"},\"image\":{\"@id\":\"https:\\\/\\\/www.meydan.tv\\\/az\\\/article\\\/aspa-meruzecisi-bakiya-seferini-yekunlasdirib\\\/#primaryimage\"},\"thumbnailUrl\":\"https:\\\/\\\/www.meydan.tv\\\/wp-content\\\/uploads\\\/screenshot_at_sep_10_10-27-24.png\",\"articleSection\":[\"D\u00fcnya\"],\"inLanguage\":\"az\"},{\"@type\":\"WebPage\",\"@id\":\"https:\\\/\\\/www.meydan.tv\\\/az\\\/article\\\/aspa-meruzecisi-bakiya-seferini-yekunlasdirib\\\/\",\"url\":\"https:\\\/\\\/www.meydan.tv\\\/az\\\/article\\\/aspa-meruzecisi-bakiya-seferini-yekunlasdirib\\\/\",\"name\":\"A\u015ePA m\u0259ruz\u0259\u00e7isi Bak\u0131ya s\u0259f\u0259rini yekunla\u015fd\u0131r\u0131b - MEYDAN.TV\",\"isPartOf\":{\"@id\":\"https:\\\/\\\/www.meydan.tv\\\/az\\\/#website\"},\"primaryImageOfPage\":{\"@id\":\"https:\\\/\\\/www.meydan.tv\\\/az\\\/article\\\/aspa-meruzecisi-bakiya-seferini-yekunlasdirib\\\/#primaryimage\"},\"image\":{\"@id\":\"https:\\\/\\\/www.meydan.tv\\\/az\\\/article\\\/aspa-meruzecisi-bakiya-seferini-yekunlasdirib\\\/#primaryimage\"},\"thumbnailUrl\":\"https:\\\/\\\/www.meydan.tv\\\/wp-content\\\/uploads\\\/screenshot_at_sep_10_10-27-24.png\",\"datePublished\":\"2019-09-10T10:29:20+00:00\",\"breadcrumb\":{\"@id\":\"https:\\\/\\\/www.meydan.tv\\\/az\\\/article\\\/aspa-meruzecisi-bakiya-seferini-yekunlasdirib\\\/#breadcrumb\"},\"inLanguage\":\"az\",\"potentialAction\":[{\"@type\":\"ReadAction\",\"target\":[\"https:\\\/\\\/www.meydan.tv\\\/az\\\/article\\\/aspa-meruzecisi-bakiya-seferini-yekunlasdirib\\\/\"]}]},{\"@type\":\"ImageObject\",\"inLanguage\":\"az\",\"@id\":\"https:\\\/\\\/www.meydan.tv\\\/az\\\/article\\\/aspa-meruzecisi-bakiya-seferini-yekunlasdirib\\\/#primaryimage\",\"url\":\"https:\\\/\\\/www.meydan.tv\\\/wp-content\\\/uploads\\\/screenshot_at_sep_10_10-27-24.png\",\"contentUrl\":\"https:\\\/\\\/www.meydan.tv\\\/wp-content\\\/uploads\\\/screenshot_at_sep_10_10-27-24.png\",\"width\":2362,\"height\":1376,\"caption\":\"Source: Google\"},{\"@type\":\"BreadcrumbList\",\"@id\":\"https:\\\/\\\/www.meydan.tv\\\/az\\\/article\\\/aspa-meruzecisi-bakiya-seferini-yekunlasdirib\\\/#breadcrumb\",\"itemListElement\":[{\"@type\":\"ListItem\",\"position\":1,\"name\":\"Ana s\u0259hif\u0259\",\"item\":\"https:\\\/\\\/www.meydan.tv\\\/az\\\/\"},{\"@type\":\"ListItem\",\"position\":2,\"name\":\"D\u00fcnya\",\"item\":\"https:\\\/\\\/www.meydan.tv\\\/az\\\/section\\\/dunya\\\/\"},{\"@type\":\"ListItem\",\"position\":3,\"name\":\"A\u015ePA m\u0259ruz\u0259\u00e7isi Bak\u0131ya s\u0259f\u0259rini yekunla\u015fd\u0131r\u0131b\"}]},{\"@type\":\"WebSite\",\"@id\":\"https:\\\/\\\/www.meydan.tv\\\/az\\\/#website\",\"url\":\"https:\\\/\\\/www.meydan.tv\\\/az\\\/\",\"name\":\"MEYDAN.TV\",\"description\":\"Meydan TV Az\u0259rbaycan\u0131n media m\u0259kan\u0131ndak\u0131 alternativ s\u0259sidir\",\"publisher\":{\"@id\":\"https:\\\/\\\/www.meydan.tv\\\/az\\\/#organization\"},\"potentialAction\":[{\"@type\":\"SearchAction\",\"target\":{\"@type\":\"EntryPoint\",\"urlTemplate\":\"https:\\\/\\\/www.meydan.tv\\\/az\\\/?s={search_term_string}\"},\"query-input\":{\"@type\":\"PropertyValueSpecification\",\"valueRequired\":true,\"valueName\":\"search_term_string\"}}],\"inLanguage\":\"az\"},{\"@type\":\"Organization\",\"@id\":\"https:\\\/\\\/www.meydan.tv\\\/az\\\/#organization\",\"name\":\"Meydan TV\",\"url\":\"https:\\\/\\\/www.meydan.tv\\\/az\\\/\",\"logo\":{\"@type\":\"ImageObject\",\"inLanguage\":\"az\",\"@id\":\"https:\\\/\\\/www.meydan.tv\\\/az\\\/#\\\/schema\\\/logo\\\/image\\\/\",\"url\":\"https:\\\/\\\/www.meydan.tv\\\/wp-content\\\/uploads\\\/2021\\\/07\\\/meydan-logo.svg\",\"contentUrl\":\"https:\\\/\\\/www.meydan.tv\\\/wp-content\\\/uploads\\\/2021\\\/07\\\/meydan-logo.svg\",\"width\":195,\"height\":46,\"caption\":\"Meydan TV\"},\"image\":{\"@id\":\"https:\\\/\\\/www.meydan.tv\\\/az\\\/#\\\/schema\\\/logo\\\/image\\\/\"}},{\"@type\":\"Person\",\"@id\":\"https:\\\/\\\/www.meydan.tv\\\/az\\\/#\\\/schema\\\/person\\\/10d11eccf6da3662cf5fdab9806ea91a\",\"name\":\"user-manager\"}]}<\/script>\n<!-- \/ Yoast SEO plugin. -->","yoast_head_json":{"title":"A\u015ePA m\u0259ruz\u0259\u00e7isi Bak\u0131ya s\u0259f\u0259rini yekunla\u015fd\u0131r\u0131b - MEYDAN.TV","robots":{"index":"index","follow":"follow","max-snippet":"max-snippet:-1","max-image-preview":"max-image-preview:large","max-video-preview":"max-video-preview:-1"},"canonical":"https:\/\/www.meydan.tv\/az\/article\/aspa-meruzecisi-bakiya-seferini-yekunlasdirib\/","og_locale":"az_AZ","og_type":"article","og_title":"A\u015ePA m\u0259ruz\u0259\u00e7isi Bak\u0131ya s\u0259f\u0259rini yekunla\u015fd\u0131r\u0131b - MEYDAN.TV","og_description":"Evarsdottir hakimiyy\u0259tin \u201ckonstruktiv m\u00fcnasib\u0259t\u201d ind\u0259n t\u0259sirl\u0259ndiyini bildirir","og_url":"https:\/\/www.meydan.tv\/az\/article\/aspa-meruzecisi-bakiya-seferini-yekunlasdirib\/","og_site_name":"MEYDAN.TV","article_published_time":"2019-09-10T10:29:20+00:00","og_image":[{"width":1200,"height":699,"url":"https:\/\/www.meydan.tv\/wp-content\/uploads\/screenshot_at_sep_10_10-27-24-1200x699.png","type":"image\/png"}],"author":"user-manager","twitter_card":"summary_large_image","schema":{"@context":"https:\/\/schema.org","@graph":[{"@type":"Article","@id":"https:\/\/www.meydan.tv\/az\/article\/aspa-meruzecisi-bakiya-seferini-yekunlasdirib\/#article","isPartOf":{"@id":"https:\/\/www.meydan.tv\/az\/article\/aspa-meruzecisi-bakiya-seferini-yekunlasdirib\/"},"author":{"name":"user-manager","@id":"https:\/\/www.meydan.tv\/az\/#\/schema\/person\/10d11eccf6da3662cf5fdab9806ea91a"},"headline":"A\u015ePA m\u0259ruz\u0259\u00e7isi Bak\u0131ya s\u0259f\u0259rini yekunla\u015fd\u0131r\u0131b","datePublished":"2019-09-10T10:29:20+00:00","mainEntityOfPage":{"@id":"https:\/\/www.meydan.tv\/az\/article\/aspa-meruzecisi-bakiya-seferini-yekunlasdirib\/"},"wordCount":317,"publisher":{"@id":"https:\/\/www.meydan.tv\/az\/#organization"},"image":{"@id":"https:\/\/www.meydan.tv\/az\/article\/aspa-meruzecisi-bakiya-seferini-yekunlasdirib\/#primaryimage"},"thumbnailUrl":"https:\/\/www.meydan.tv\/wp-content\/uploads\/screenshot_at_sep_10_10-27-24.png","articleSection":["D\u00fcnya"],"inLanguage":"az"},{"@type":"WebPage","@id":"https:\/\/www.meydan.tv\/az\/article\/aspa-meruzecisi-bakiya-seferini-yekunlasdirib\/","url":"https:\/\/www.meydan.tv\/az\/article\/aspa-meruzecisi-bakiya-seferini-yekunlasdirib\/","name":"A\u015ePA m\u0259ruz\u0259\u00e7isi Bak\u0131ya s\u0259f\u0259rini yekunla\u015fd\u0131r\u0131b - MEYDAN.TV","isPartOf":{"@id":"https:\/\/www.meydan.tv\/az\/#website"},"primaryImageOfPage":{"@id":"https:\/\/www.meydan.tv\/az\/article\/aspa-meruzecisi-bakiya-seferini-yekunlasdirib\/#primaryimage"},"image":{"@id":"https:\/\/www.meydan.tv\/az\/article\/aspa-meruzecisi-bakiya-seferini-yekunlasdirib\/#primaryimage"},"thumbnailUrl":"https:\/\/www.meydan.tv\/wp-content\/uploads\/screenshot_at_sep_10_10-27-24.png","datePublished":"2019-09-10T10:29:20+00:00","breadcrumb":{"@id":"https:\/\/www.meydan.tv\/az\/article\/aspa-meruzecisi-bakiya-seferini-yekunlasdirib\/#breadcrumb"},"inLanguage":"az","potentialAction":[{"@type":"ReadAction","target":["https:\/\/www.meydan.tv\/az\/article\/aspa-meruzecisi-bakiya-seferini-yekunlasdirib\/"]}]},{"@type":"ImageObject","inLanguage":"az","@id":"https:\/\/www.meydan.tv\/az\/article\/aspa-meruzecisi-bakiya-seferini-yekunlasdirib\/#primaryimage","url":"https:\/\/www.meydan.tv\/wp-content\/uploads\/screenshot_at_sep_10_10-27-24.png","contentUrl":"https:\/\/www.meydan.tv\/wp-content\/uploads\/screenshot_at_sep_10_10-27-24.png","width":2362,"height":1376,"caption":"Source: Google"},{"@type":"BreadcrumbList","@id":"https:\/\/www.meydan.tv\/az\/article\/aspa-meruzecisi-bakiya-seferini-yekunlasdirib\/#breadcrumb","itemListElement":[{"@type":"ListItem","position":1,"name":"Ana s\u0259hif\u0259","item":"https:\/\/www.meydan.tv\/az\/"},{"@type":"ListItem","position":2,"name":"D\u00fcnya","item":"https:\/\/www.meydan.tv\/az\/section\/dunya\/"},{"@type":"ListItem","position":3,"name":"A\u015ePA m\u0259ruz\u0259\u00e7isi Bak\u0131ya s\u0259f\u0259rini yekunla\u015fd\u0131r\u0131b"}]},{"@type":"WebSite","@id":"https:\/\/www.meydan.tv\/az\/#website","url":"https:\/\/www.meydan.tv\/az\/","name":"MEYDAN.TV","description":"Meydan TV Az\u0259rbaycan\u0131n media m\u0259kan\u0131ndak\u0131 alternativ s\u0259sidir","publisher":{"@id":"https:\/\/www.meydan.tv\/az\/#organization"},"potentialAction":[{"@type":"SearchAction","target":{"@type":"EntryPoint","urlTemplate":"https:\/\/www.meydan.tv\/az\/?s={search_term_string}"},"query-input":{"@type":"PropertyValueSpecification","valueRequired":true,"valueName":"search_term_string"}}],"inLanguage":"az"},{"@type":"Organization","@id":"https:\/\/www.meydan.tv\/az\/#organization","name":"Meydan TV","url":"https:\/\/www.meydan.tv\/az\/","logo":{"@type":"ImageObject","inLanguage":"az","@id":"https:\/\/www.meydan.tv\/az\/#\/schema\/logo\/image\/","url":"https:\/\/www.meydan.tv\/wp-content\/uploads\/2021\/07\/meydan-logo.svg","contentUrl":"https:\/\/www.meydan.tv\/wp-content\/uploads\/2021\/07\/meydan-logo.svg","width":195,"height":46,"caption":"Meydan TV"},"image":{"@id":"https:\/\/www.meydan.tv\/az\/#\/schema\/logo\/image\/"}},{"@type":"Person","@id":"https:\/\/www.meydan.tv\/az\/#\/schema\/person\/10d11eccf6da3662cf5fdab9806ea91a","name":"user-manager"}]}},"_links":{"self":[{"href":"https:\/\/www.meydan.tv\/az\/wp-json\/wp\/v2\/posts\/196889","targetHints":{"allow":["GET"]}}],"collection":[{"href":"https:\/\/www.meydan.tv\/az\/wp-json\/wp\/v2\/posts"}],"about":[{"href":"https:\/\/www.meydan.tv\/az\/wp-json\/wp\/v2\/types\/post"}],"author":[{"embeddable":true,"href":"https:\/\/www.meydan.tv\/az\/wp-json\/wp\/v2\/users\/11"}],"replies":[{"embeddable":true,"href":"https:\/\/www.meydan.tv\/az\/wp-json\/wp\/v2\/comments?post=196889"}],"version-history":[{"count":0,"href":"https:\/\/www.meydan.tv\/az\/wp-json\/wp\/v2\/posts\/196889\/revisions"}],"wp:featuredmedia":[{"embeddable":true,"href":"https:\/\/www.meydan.tv\/az\/wp-json\/wp\/v2\/media\/129402"}],"wp:attachment":[{"href":"https:\/\/www.meydan.tv\/az\/wp-json\/wp\/v2\/media?parent=196889"}],"wp:term":[{"taxonomy":"category","embeddable":true,"href":"https:\/\/www.meydan.tv\/az\/wp-json\/wp\/v2\/categories?post=196889"},{"taxonomy":"post_tag","embeddable":true,"href":"https:\/\/www.meydan.tv\/az\/wp-json\/wp\/v2\/tags?post=196889"}],"curies":[{"name":"wp","href":"https:\/\/api.w.org\/{rel}","templated":true}]}}