{"id":196887,"date":"2019-09-09T22:32:29","date_gmt":"2019-09-09T22:32:29","guid":{"rendered":"https:\/\/www.meydan.tv\/article\/nesimi-ayb-uzvu-olsaydi-ordan-qovulardi\/"},"modified":"2019-09-09T22:32:29","modified_gmt":"2019-09-09T22:32:29","slug":"nesimi-ayb-uzvu-olsaydi-ordan-qovulardi","status":"publish","type":"post","link":"https:\/\/www.meydan.tv\/az\/article\/nesimi-ayb-uzvu-olsaydi-ordan-qovulardi\/","title":{"rendered":"N\u0259simi AYB \u00fczv\u00fc olsayd\u0131, ordan qovulard\u0131&#8230;"},"content":{"rendered":"<p>\n  T\u0259z\u0259likc\u0259 sovetd\u0259nqalma, divarlar\u0131 h\u0259l\u0259 d\u0259 1937-ci il repressiyas\u0131n\u0131n g\u00fcnahs\u0131z qurbanlar\u0131n\u0131n \u2013 H\u00fcseyn Cavidin, \u018fhm\u0259d Cavad\u0131n, Mikay\u0131l M\u00fc\u015ffiqin, \u00c7\u0259m\u0259nz\u0259minlinin, V\u0259li Xuluflunun, San\u0131l\u0131n\u0131n, M\u00fcmtaz\u0131n qan\u0131n\u0131 qoxuyan Az\u0259rbaycan Yaz\u0131\u00e7\u0131lar Birliyinin (AYB) katibi Fikr\u0259t Qoca bir m\u00fcsahib\u0259 vermi\u015fdi; el\u0259 h\u0259min m\u00fcsahib\u0259d\u0259 o demi\u015fdi ki, \u201c&#8230;bu il \u201cN\u0259simi ili\u201d elan olunub. Onunla ba\u011fl\u0131 d\u00f6vl\u0259t s\u0259viyy\u0259sind\u0259 t\u0259dbir ke\u00e7iril\u0259c\u0259k. Biz d\u0259 h\u0259min \u0259r\u0259f\u0259d\u0259 AYB-nin 85 illiyini ke\u00e7irm\u0259k niyy\u0259tind\u0259yik. \u00c7\u00fcnki bunlar el\u0259 t\u0259dbirl\u0259rdir ki, qonaq d\u0259v\u0259t etm\u0259k laz\u0131m olacaq. Ona g\u00f6r\u0259 d\u00fc\u015f\u00fcn\u00fcr\u00fck ki, iki d\u0259f\u0259 x\u0259rc\u0259 d\u00fc\u015fm\u0259m\u0259k \u00fc\u00e7\u00fcn qonaqlar N\u0259siminin yubileyin\u0259 g\u0259lmi\u015fk\u0259n onlar\u0131 AYB-nin 85 illiyin\u0259 d\u0259 d\u0259v\u0259t ed\u0259k\u201d.\n<\/p>\n<p>\n  B\u0259ri ba\u015fdan bunu yaz\u0131m, baxmayaraq ki, bu g\u00fcn\u0259c\u0259n az yazmam\u0131\u015fam, ancaq b\u0259zi h\u0259qiq\u0259tl\u0259ri t\u0259krarlamaqda h\u0259mi\u015f\u0259 fayda var: Yaz\u0131\u00e7\u0131lar Birliyin\u0259 yubiley yara\u015fm\u0131r. Yarand\u0131\u011f\u0131 g\u00fcnd\u0259n b\u0259ri \u201c\u018fd\u0259biyyat Nazirliyi\u201d funksiyas\u0131n\u0131 yerin\u0259 yetir\u0259n, \u0259d\u0259biyyat\u0131 partiya v\u0259 h\u00f6kum\u0259tin quyru\u011funa ba\u011flamaq missiyas\u0131n\u0131 \u00fcz\u0259rin\u0259 g\u00f6t\u00fcr\u0259n v\u0259 bu v\u0259zif\u0259sinin \u00f6hd\u0259sind\u0259n art\u0131qlamas\u0131 il\u0259 g\u0259l\u0259n, ger\u00e7\u0259k \u0259d\u0259biyyatla he\u00e7 bir ba\u011f\u0131 qalmam\u0131\u015f, \u0259d\u0259bi prosesin tormozlay\u0131c\u0131s\u0131na \u00e7evrilmi\u015f bu qurum:\n<\/p>\n<ol>\n<li>\n    1937-ci il repressiyas\u0131nda onlarla l\u0259yaq\u0259tli, ayd\u0131n insan\u0131n q\u0259tlind\u0259 ba\u015fda donosbazl\u0131q olmaqla m\u00fcxt\u0259lif formalarda i\u015ftirak g\u00f6r\u0259 onlar\u0131n ruhundan \u00fczr ist\u0259m\u0259li, ba\u011f\u0131\u015flanmas\u0131n\u0131 (ki, ba\u011f\u0131\u015flanmas\u0131 m\u00fcmk\u00fcns\u00fczd\u00fcr, tarixin b\u00fct\u00fcn d\u00f6n\u0259ml\u0259rind\u0259 l\u0259n\u0259tl\u0259 xat\u0131rlanacaqd\u0131r!) dil\u0259m\u0259lidir;\n  <\/li>\n<li>\n    Daha sonra is\u0259 \u00f6z\u00fc \u00f6z \u0259li il\u0259 qap\u0131s\u0131ndan yek\u0259 bir q\u0131f\u0131l asmal\u0131 v\u0259 tarixin tozlu arxivl\u0259rin\u0259 yolland\u0131\u011f\u0131n\u0131 elan etm\u0259lidir. AYB ya\u015fad\u0131\u011f\u0131 h\u0259r g\u00fcn \u00f6z g\u00fcnahlar\u0131n\u0131n s\u0131ras\u0131na yenisini \u0259lav\u0259 edir, \u0259d\u0259biyyat\u0131, \u0259d\u0259bi prosesi h\u0259r g\u00fcn bir az da bo\u011fmaqla, tormozlamaqla \u00f6z v\u0259bal\u0131n\u0131 art\u0131r\u0131r.\n  <\/li>\n<\/ol>\n<p>\n  Lakin ba\u015fda 32 ildir s\u0259dr postuna yap\u0131\u015f\u0131b qalan xalqs\u0131z xalq yaz\u0131\u00e7\u0131s\u0131 Anar Rzayev olmaqla, n\u0259 bu qurumu \u00f6zl\u0259rinin, ail\u0259 \u00fczvl\u0259rinin, qohum-\u0259qr\u0259balar\u0131n\u0131n maddi v\u0259 m\u0259n\u0259vi maraq yuvas\u0131na \u00e7evir\u0259nl\u0259r, n\u0259 d\u0259 bu qurumdan \u0259d\u0259biyyat\u0131 yaltaql\u0131q, m\u0259dhiyy\u0259 s\u0259n\u0259ti g\u00f6rm\u0259k ist\u0259y\u0259n siyas\u0131 hakimiyy\u0259t he\u00e7 vaxt yuxar\u0131dak\u0131 iki add\u0131m\u0131n at\u0131lmas\u0131n\u0131 ist\u0259m\u0259z, bo\u015f verin ist\u0259m\u0259yi, bel\u0259 bir add\u0131m\u0131 a\u011f\u0131llar\u0131n\u0131n ucundan bel\u0259 ke\u00e7irm\u0259z.\n<\/p>\n<p>\n  B\u00fct\u00fcn bunlar \u00f6z yerind\u0259.\n<\/p>\n<p>\n  \u0130ndi g\u0259l\u0259k yaz\u0131m\u0131z\u0131n can\u0131na: AYB-nin \u00f6z 85 illik yubileyini g\u00f6t\u00fcr\u00fcb N\u0259siminin 650 illik yubileyinin arxas\u0131na qo\u015fmaq ist\u0259m\u0259si misli g\u00f6r\u00fcnm\u0259mi\u015f h\u0259yas\u0131zl\u0131q n\u00fcmun\u0259sidir.\n<\/p>\n<p>\n  N\u0259simi \u015e\u0259rq \u0259d\u0259biyyat\u0131n\u0131n l\u0259yaq\u0259tini xilas etmi\u015f b\u00f6y\u00fck \u015fairdir. O, saraylar\u0131n m\u0259rh\u0259m\u0259tin\u0259, pad\u015fahlar\u0131n s\u0259xav\u0259tin\u0259 s\u0131\u011f\u0131nmaq yerin\u0259, fikrin, \u0259qid\u0259nin q\u00fcdr\u0259tin\u0259 s\u0131\u011f\u0131nm\u0131\u015f, g\u00fcc\u00fcn\u00fc h\u00f6kmdarlar\u0131n \u0259nam\u0131ndan, imtiyaz\u0131ndan deyil, ali d\u0259y\u0259rl\u0259rin i\u015f\u0131\u011f\u0131ndan alm\u0131\u015f, yarad\u0131c\u0131l\u0131\u011f\u0131 il\u0259 \u015f\u0259xsiyy\u0259tini b\u00fct\u00fcnl\u0259\u015fdirmi\u015f, h\u0259qiq\u0259td\u0259n yazaraq yalan\u0131n \u0259sirin\u0259 v\u0259 buyruqquluna \u00e7evrilm\u0259mi\u015f, s\u00f6z\u00fcn namusunu \u00f6l\u00fcm\u00fc bahas\u0131na qorumu\u015f \u0259z\u0259m\u0259tli bir simad\u0131r.\n<\/p>\n<p>\n  AYB hans\u0131 m\u0259n\u0259vi haqla \u00f6z yubileyini N\u0259siminin yubileyinin arxas\u0131na qo\u015fma\u011fa c\u00fcr\u0259t edir?\n<\/p>\n<p>\n  Yuxar\u0131da da yazd\u0131q: onun divarlar\u0131 h\u0259l\u0259 d\u0259 1937-ci il repressiyas\u0131n\u0131n g\u00fcnahs\u0131z qurbanlar\u0131n\u0131n \u2013 H\u00fcseyn Cavidin, \u018fhm\u0259d Cavad\u0131n, Mikay\u0131l M\u00fc\u015ffiqin, \u00c7\u0259m\u0259nz\u0259minlinin, V\u0259li Xuluflunun, San\u0131l\u0131n\u0131n, M\u00fcmtaz\u0131n qan\u0131n\u0131 qoxuyur!\n<\/p>\n<p>\n  Onun divarlar\u0131 aras\u0131nda pul, v\u0259zif\u0259 imtiyaz, \u015fan-\u015f\u00f6hr\u0259t u\u011frunda n\u0259 q\u0131r\u011f\u0131nlar d\u00fc\u015f\u00fcb, n\u0259 \u00fcr\u0259kl\u0259r partlay\u0131b, onun divarlar\u0131 aras\u0131nda \u018fli K\u0259rim kimi nec\u0259 parlaq istedadlar m\u0259hv edilib!\n<\/p>\n<p>\n  El\u0259 \u0259n yax\u0131n tariximizi g\u00f6t\u00fcr\u0259k: AYB \u00f6z\u00fcn\u00fcn \u0259n g\u00f6rk\u0259mli \u00fczvl\u0259rind\u0259n birini \u2013 Rafiq Ta\u011f\u0131n\u0131 f\u0259rqli fikirl\u0259rin\u0259 g\u00f6r\u0259 s\u0131ralar\u0131ndan xaric ed\u0259r\u0259k k\u00fctl\u0259nin, k\u00fctl\u0259 nifr\u0259tinin a\u011fu\u015funa atm\u0131\u015fd\u0131.\n<\/p>\n<p>\n  AYB bir roman\u0131na g\u00f6r\u0259 da\u015f-qalaq edil\u0259n \u018fkr\u0259m \u018fylisliy\u0259 qar\u015f\u0131 amans\u0131z h\u00fccumlar\u0131n \u201clokomotivi\u201d rolunu sevin\u0259-sevin\u0259 \u00fcst\u00fcn\u0259 g\u00f6t\u00fcrm\u00fc\u015fd\u00fc.\n<\/p>\n<p>\n  Daha ne\u00e7\u0259 bu c\u00fcr \u00f6rn\u0259k g\u00f6st\u0259r\u0259 bil\u0259r\u0259m ki, bu t\u0259\u015fkilat\u0131n \u00f6z donos\u00e7u, \u00fcz\u0259duran ke\u00e7mi\u015fin\u0259 h\u0259l\u0259 d\u0259 n\u0259 q\u0259d\u0259r sadiq oldu\u011funun g\u00f6st\u0259ricisidir.\n<\/p>\n<p>\n  V\u0259 \u0259n \u0259sas\u0131: z\u0259rr\u0259c\u0259 \u015f\u00fcbh\u0259niz olmas\u0131n ki, 6 \u0259sr \u00f6nc\u0259 d\u00fc\u015f\u00fcnc\u0259l\u0259rin\u0259, d\u00fcnyag\u00f6r\u00fc\u015f\u00fcn\u0259 g\u00f6r\u0259 t\u0259qib edil\u0259n, t\u0259zyiql\u0259r g\u00f6r\u0259n, v\u0259t\u0259nd\u0259n d\u0259rb\u0259d\u0259r d\u00fc\u015f\u0259n, sonunda edam g\u00f6r\u0259n N\u0259simi AYB \u00fczv\u00fc olsayd\u0131, yen\u0259 he\u00e7 n\u0259 d\u0259yi\u015fm\u0259zdi, AYB ona qar\u015f\u0131 h\u00fccumlar\u0131n, basq\u0131lar\u0131n da f\u0259al i\u015ftirak\u00e7\u0131s\u0131 olar, N\u0259siminin c\u0259llad\u0131n\u0131n baltas\u0131n\u0131 b\u00f6y\u00fck m\u0259mnuniyy\u0259tl\u0259 itil\u0259y\u0259r, \u0259n yax\u015f\u0131 halda onun s\u0131ralar\u0131ndan qovard\u0131.\n<\/p>\n<p>\n  \u0130ndi is\u0259 bu qurum \u00f6z\u00fcn\u00fcn 85 illik kirli tarixinin yubiley t\u0259dbirini N\u0259siminin 650 illik yubileyinin arxas\u0131na qo\u015fma\u011fa \u00f6z\u00fcnd\u0259 m\u0259n\u0259vi haqq g\u00f6r\u00fcr!\n<\/p>\n<p>\n  D\u0259h\u015f\u0259tdir. N\u0259 dey\u0259s\u0259n, n\u0259 yazasan.\n<\/p>\n<p>\n  Mikay\u0131l M\u00fc\u015ffiq demi\u015f: \u201cAdam\u0131n \u00fcz\u00fcnd\u0259 h\u0259ya g\u0259r\u0259kdir!\u201d<\/p>\n","protected":false},"excerpt":{"rendered":"<p>AYB hans\u0131 m\u0259n\u0259vi haqla \u00f6z yubileyini N\u0259siminin yubileyinin arxas\u0131na qo\u015fma\u011fa  c\u00fcr\u0259t edir?<\/p>\n","protected":false},"author":11,"featured_media":125824,"comment_status":"closed","ping_status":"open","sticky":false,"template":"","format":"standard","meta":{"_acf_changed":false,"_sitemap_exclude":false,"_sitemap_priority":"","_sitemap_frequency":"","footnotes":""},"categories":[57],"tags":[],"class_list":["post-196887","post","type-post","status-publish","format-standard","has-post-thumbnail","hentry","category-menim-fikrimce","infinite-scroll-item","generate-columns","tablet-grid-50","mobile-grid-100","grid-parent","grid-33","no-featured-image-padding"],"acf":[],"yoast_head":"<!-- This site is optimized with the Yoast SEO plugin v27.4 - https:\/\/yoast.com\/product\/yoast-seo-wordpress\/ -->\n<title>N\u0259simi AYB \u00fczv\u00fc olsayd\u0131, ordan qovulard\u0131... - MEYDAN.TV<\/title>\n<meta name=\"robots\" content=\"index, follow, max-snippet:-1, max-image-preview:large, max-video-preview:-1\" \/>\n<link rel=\"canonical\" href=\"https:\/\/www.meydan.tv\/az\/article\/nesimi-ayb-uzvu-olsaydi-ordan-qovulardi\/\" \/>\n<meta property=\"og:locale\" content=\"az_AZ\" \/>\n<meta property=\"og:type\" content=\"article\" \/>\n<meta property=\"og:title\" content=\"N\u0259simi AYB \u00fczv\u00fc olsayd\u0131, ordan qovulard\u0131... - MEYDAN.TV\" \/>\n<meta property=\"og:description\" content=\"AYB hans\u0131 m\u0259n\u0259vi haqla \u00f6z yubileyini N\u0259siminin yubileyinin arxas\u0131na qo\u015fma\u011fa c\u00fcr\u0259t edir?\" \/>\n<meta property=\"og:url\" content=\"https:\/\/www.meydan.tv\/az\/article\/nesimi-ayb-uzvu-olsaydi-ordan-qovulardi\/\" \/>\n<meta property=\"og:site_name\" content=\"MEYDAN.TV\" \/>\n<meta property=\"article:published_time\" content=\"2019-09-09T22:32:29+00:00\" \/>\n<meta property=\"og:image\" content=\"https:\/\/www.meydan.tv\/wp-content\/uploads\/elnur_astanbey-scaled.jpg\" \/>\n\t<meta property=\"og:image:width\" content=\"2560\" \/>\n\t<meta property=\"og:image:height\" content=\"1707\" \/>\n\t<meta property=\"og:image:type\" content=\"image\/jpeg\" \/>\n<meta name=\"author\" content=\"user-manager\" \/>\n<meta name=\"twitter:card\" content=\"summary_large_image\" \/>\n<script type=\"application\/ld+json\" class=\"yoast-schema-graph\">{\"@context\":\"https:\\\/\\\/schema.org\",\"@graph\":[{\"@type\":\"Article\",\"@id\":\"https:\\\/\\\/www.meydan.tv\\\/az\\\/article\\\/nesimi-ayb-uzvu-olsaydi-ordan-qovulardi\\\/#article\",\"isPartOf\":{\"@id\":\"https:\\\/\\\/www.meydan.tv\\\/az\\\/article\\\/nesimi-ayb-uzvu-olsaydi-ordan-qovulardi\\\/\"},\"author\":{\"name\":\"user-manager\",\"@id\":\"https:\\\/\\\/www.meydan.tv\\\/az\\\/#\\\/schema\\\/person\\\/10d11eccf6da3662cf5fdab9806ea91a\"},\"headline\":\"N\u0259simi AYB \u00fczv\u00fc olsayd\u0131, ordan qovulard\u0131&#8230;\",\"datePublished\":\"2019-09-09T22:32:29+00:00\",\"mainEntityOfPage\":{\"@id\":\"https:\\\/\\\/www.meydan.tv\\\/az\\\/article\\\/nesimi-ayb-uzvu-olsaydi-ordan-qovulardi\\\/\"},\"wordCount\":1015,\"publisher\":{\"@id\":\"https:\\\/\\\/www.meydan.tv\\\/az\\\/#organization\"},\"image\":{\"@id\":\"https:\\\/\\\/www.meydan.tv\\\/az\\\/article\\\/nesimi-ayb-uzvu-olsaydi-ordan-qovulardi\\\/#primaryimage\"},\"thumbnailUrl\":\"https:\\\/\\\/www.meydan.tv\\\/wp-content\\\/uploads\\\/elnur_astanbey-scaled.jpg\",\"articleSection\":[\"M\u0259nim Fikrimc\u0259\"],\"inLanguage\":\"az\"},{\"@type\":\"WebPage\",\"@id\":\"https:\\\/\\\/www.meydan.tv\\\/az\\\/article\\\/nesimi-ayb-uzvu-olsaydi-ordan-qovulardi\\\/\",\"url\":\"https:\\\/\\\/www.meydan.tv\\\/az\\\/article\\\/nesimi-ayb-uzvu-olsaydi-ordan-qovulardi\\\/\",\"name\":\"N\u0259simi AYB \u00fczv\u00fc olsayd\u0131, ordan qovulard\u0131... - MEYDAN.TV\",\"isPartOf\":{\"@id\":\"https:\\\/\\\/www.meydan.tv\\\/az\\\/#website\"},\"primaryImageOfPage\":{\"@id\":\"https:\\\/\\\/www.meydan.tv\\\/az\\\/article\\\/nesimi-ayb-uzvu-olsaydi-ordan-qovulardi\\\/#primaryimage\"},\"image\":{\"@id\":\"https:\\\/\\\/www.meydan.tv\\\/az\\\/article\\\/nesimi-ayb-uzvu-olsaydi-ordan-qovulardi\\\/#primaryimage\"},\"thumbnailUrl\":\"https:\\\/\\\/www.meydan.tv\\\/wp-content\\\/uploads\\\/elnur_astanbey-scaled.jpg\",\"datePublished\":\"2019-09-09T22:32:29+00:00\",\"breadcrumb\":{\"@id\":\"https:\\\/\\\/www.meydan.tv\\\/az\\\/article\\\/nesimi-ayb-uzvu-olsaydi-ordan-qovulardi\\\/#breadcrumb\"},\"inLanguage\":\"az\",\"potentialAction\":[{\"@type\":\"ReadAction\",\"target\":[\"https:\\\/\\\/www.meydan.tv\\\/az\\\/article\\\/nesimi-ayb-uzvu-olsaydi-ordan-qovulardi\\\/\"]}]},{\"@type\":\"ImageObject\",\"inLanguage\":\"az\",\"@id\":\"https:\\\/\\\/www.meydan.tv\\\/az\\\/article\\\/nesimi-ayb-uzvu-olsaydi-ordan-qovulardi\\\/#primaryimage\",\"url\":\"https:\\\/\\\/www.meydan.tv\\\/wp-content\\\/uploads\\\/elnur_astanbey-scaled.jpg\",\"contentUrl\":\"https:\\\/\\\/www.meydan.tv\\\/wp-content\\\/uploads\\\/elnur_astanbey-scaled.jpg\",\"width\":2560,\"height\":1707,\"caption\":\"Foto: Meydan TV\"},{\"@type\":\"BreadcrumbList\",\"@id\":\"https:\\\/\\\/www.meydan.tv\\\/az\\\/article\\\/nesimi-ayb-uzvu-olsaydi-ordan-qovulardi\\\/#breadcrumb\",\"itemListElement\":[{\"@type\":\"ListItem\",\"position\":1,\"name\":\"Ana s\u0259hif\u0259\",\"item\":\"https:\\\/\\\/www.meydan.tv\\\/az\\\/\"},{\"@type\":\"ListItem\",\"position\":2,\"name\":\"M\u0259nim Fikrimc\u0259\",\"item\":\"https:\\\/\\\/www.meydan.tv\\\/az\\\/section\\\/menim-fikrimce\\\/\"},{\"@type\":\"ListItem\",\"position\":3,\"name\":\"N\u0259simi AYB \u00fczv\u00fc olsayd\u0131, ordan qovulard\u0131&#8230;\"}]},{\"@type\":\"WebSite\",\"@id\":\"https:\\\/\\\/www.meydan.tv\\\/az\\\/#website\",\"url\":\"https:\\\/\\\/www.meydan.tv\\\/az\\\/\",\"name\":\"MEYDAN.TV\",\"description\":\"Meydan TV Az\u0259rbaycan\u0131n media m\u0259kan\u0131ndak\u0131 alternativ s\u0259sidir\",\"publisher\":{\"@id\":\"https:\\\/\\\/www.meydan.tv\\\/az\\\/#organization\"},\"potentialAction\":[{\"@type\":\"SearchAction\",\"target\":{\"@type\":\"EntryPoint\",\"urlTemplate\":\"https:\\\/\\\/www.meydan.tv\\\/az\\\/?s={search_term_string}\"},\"query-input\":{\"@type\":\"PropertyValueSpecification\",\"valueRequired\":true,\"valueName\":\"search_term_string\"}}],\"inLanguage\":\"az\"},{\"@type\":\"Organization\",\"@id\":\"https:\\\/\\\/www.meydan.tv\\\/az\\\/#organization\",\"name\":\"Meydan TV\",\"url\":\"https:\\\/\\\/www.meydan.tv\\\/az\\\/\",\"logo\":{\"@type\":\"ImageObject\",\"inLanguage\":\"az\",\"@id\":\"https:\\\/\\\/www.meydan.tv\\\/az\\\/#\\\/schema\\\/logo\\\/image\\\/\",\"url\":\"https:\\\/\\\/www.meydan.tv\\\/wp-content\\\/uploads\\\/2021\\\/07\\\/meydan-logo.svg\",\"contentUrl\":\"https:\\\/\\\/www.meydan.tv\\\/wp-content\\\/uploads\\\/2021\\\/07\\\/meydan-logo.svg\",\"width\":195,\"height\":46,\"caption\":\"Meydan TV\"},\"image\":{\"@id\":\"https:\\\/\\\/www.meydan.tv\\\/az\\\/#\\\/schema\\\/logo\\\/image\\\/\"}},{\"@type\":\"Person\",\"@id\":\"https:\\\/\\\/www.meydan.tv\\\/az\\\/#\\\/schema\\\/person\\\/10d11eccf6da3662cf5fdab9806ea91a\",\"name\":\"user-manager\"}]}<\/script>\n<!-- \/ Yoast SEO plugin. -->","yoast_head_json":{"title":"N\u0259simi AYB \u00fczv\u00fc olsayd\u0131, ordan qovulard\u0131... - MEYDAN.TV","robots":{"index":"index","follow":"follow","max-snippet":"max-snippet:-1","max-image-preview":"max-image-preview:large","max-video-preview":"max-video-preview:-1"},"canonical":"https:\/\/www.meydan.tv\/az\/article\/nesimi-ayb-uzvu-olsaydi-ordan-qovulardi\/","og_locale":"az_AZ","og_type":"article","og_title":"N\u0259simi AYB \u00fczv\u00fc olsayd\u0131, ordan qovulard\u0131... - MEYDAN.TV","og_description":"AYB hans\u0131 m\u0259n\u0259vi haqla \u00f6z yubileyini N\u0259siminin yubileyinin arxas\u0131na qo\u015fma\u011fa c\u00fcr\u0259t edir?","og_url":"https:\/\/www.meydan.tv\/az\/article\/nesimi-ayb-uzvu-olsaydi-ordan-qovulardi\/","og_site_name":"MEYDAN.TV","article_published_time":"2019-09-09T22:32:29+00:00","og_image":[{"width":2560,"height":1707,"url":"https:\/\/www.meydan.tv\/wp-content\/uploads\/elnur_astanbey-scaled.jpg","type":"image\/jpeg"}],"author":"user-manager","twitter_card":"summary_large_image","schema":{"@context":"https:\/\/schema.org","@graph":[{"@type":"Article","@id":"https:\/\/www.meydan.tv\/az\/article\/nesimi-ayb-uzvu-olsaydi-ordan-qovulardi\/#article","isPartOf":{"@id":"https:\/\/www.meydan.tv\/az\/article\/nesimi-ayb-uzvu-olsaydi-ordan-qovulardi\/"},"author":{"name":"user-manager","@id":"https:\/\/www.meydan.tv\/az\/#\/schema\/person\/10d11eccf6da3662cf5fdab9806ea91a"},"headline":"N\u0259simi AYB \u00fczv\u00fc olsayd\u0131, ordan qovulard\u0131&#8230;","datePublished":"2019-09-09T22:32:29+00:00","mainEntityOfPage":{"@id":"https:\/\/www.meydan.tv\/az\/article\/nesimi-ayb-uzvu-olsaydi-ordan-qovulardi\/"},"wordCount":1015,"publisher":{"@id":"https:\/\/www.meydan.tv\/az\/#organization"},"image":{"@id":"https:\/\/www.meydan.tv\/az\/article\/nesimi-ayb-uzvu-olsaydi-ordan-qovulardi\/#primaryimage"},"thumbnailUrl":"https:\/\/www.meydan.tv\/wp-content\/uploads\/elnur_astanbey-scaled.jpg","articleSection":["M\u0259nim Fikrimc\u0259"],"inLanguage":"az"},{"@type":"WebPage","@id":"https:\/\/www.meydan.tv\/az\/article\/nesimi-ayb-uzvu-olsaydi-ordan-qovulardi\/","url":"https:\/\/www.meydan.tv\/az\/article\/nesimi-ayb-uzvu-olsaydi-ordan-qovulardi\/","name":"N\u0259simi AYB \u00fczv\u00fc olsayd\u0131, ordan qovulard\u0131... - MEYDAN.TV","isPartOf":{"@id":"https:\/\/www.meydan.tv\/az\/#website"},"primaryImageOfPage":{"@id":"https:\/\/www.meydan.tv\/az\/article\/nesimi-ayb-uzvu-olsaydi-ordan-qovulardi\/#primaryimage"},"image":{"@id":"https:\/\/www.meydan.tv\/az\/article\/nesimi-ayb-uzvu-olsaydi-ordan-qovulardi\/#primaryimage"},"thumbnailUrl":"https:\/\/www.meydan.tv\/wp-content\/uploads\/elnur_astanbey-scaled.jpg","datePublished":"2019-09-09T22:32:29+00:00","breadcrumb":{"@id":"https:\/\/www.meydan.tv\/az\/article\/nesimi-ayb-uzvu-olsaydi-ordan-qovulardi\/#breadcrumb"},"inLanguage":"az","potentialAction":[{"@type":"ReadAction","target":["https:\/\/www.meydan.tv\/az\/article\/nesimi-ayb-uzvu-olsaydi-ordan-qovulardi\/"]}]},{"@type":"ImageObject","inLanguage":"az","@id":"https:\/\/www.meydan.tv\/az\/article\/nesimi-ayb-uzvu-olsaydi-ordan-qovulardi\/#primaryimage","url":"https:\/\/www.meydan.tv\/wp-content\/uploads\/elnur_astanbey-scaled.jpg","contentUrl":"https:\/\/www.meydan.tv\/wp-content\/uploads\/elnur_astanbey-scaled.jpg","width":2560,"height":1707,"caption":"Foto: Meydan TV"},{"@type":"BreadcrumbList","@id":"https:\/\/www.meydan.tv\/az\/article\/nesimi-ayb-uzvu-olsaydi-ordan-qovulardi\/#breadcrumb","itemListElement":[{"@type":"ListItem","position":1,"name":"Ana s\u0259hif\u0259","item":"https:\/\/www.meydan.tv\/az\/"},{"@type":"ListItem","position":2,"name":"M\u0259nim Fikrimc\u0259","item":"https:\/\/www.meydan.tv\/az\/section\/menim-fikrimce\/"},{"@type":"ListItem","position":3,"name":"N\u0259simi AYB \u00fczv\u00fc olsayd\u0131, ordan qovulard\u0131&#8230;"}]},{"@type":"WebSite","@id":"https:\/\/www.meydan.tv\/az\/#website","url":"https:\/\/www.meydan.tv\/az\/","name":"MEYDAN.TV","description":"Meydan TV Az\u0259rbaycan\u0131n media m\u0259kan\u0131ndak\u0131 alternativ s\u0259sidir","publisher":{"@id":"https:\/\/www.meydan.tv\/az\/#organization"},"potentialAction":[{"@type":"SearchAction","target":{"@type":"EntryPoint","urlTemplate":"https:\/\/www.meydan.tv\/az\/?s={search_term_string}"},"query-input":{"@type":"PropertyValueSpecification","valueRequired":true,"valueName":"search_term_string"}}],"inLanguage":"az"},{"@type":"Organization","@id":"https:\/\/www.meydan.tv\/az\/#organization","name":"Meydan TV","url":"https:\/\/www.meydan.tv\/az\/","logo":{"@type":"ImageObject","inLanguage":"az","@id":"https:\/\/www.meydan.tv\/az\/#\/schema\/logo\/image\/","url":"https:\/\/www.meydan.tv\/wp-content\/uploads\/2021\/07\/meydan-logo.svg","contentUrl":"https:\/\/www.meydan.tv\/wp-content\/uploads\/2021\/07\/meydan-logo.svg","width":195,"height":46,"caption":"Meydan TV"},"image":{"@id":"https:\/\/www.meydan.tv\/az\/#\/schema\/logo\/image\/"}},{"@type":"Person","@id":"https:\/\/www.meydan.tv\/az\/#\/schema\/person\/10d11eccf6da3662cf5fdab9806ea91a","name":"user-manager"}]}},"_links":{"self":[{"href":"https:\/\/www.meydan.tv\/az\/wp-json\/wp\/v2\/posts\/196887","targetHints":{"allow":["GET"]}}],"collection":[{"href":"https:\/\/www.meydan.tv\/az\/wp-json\/wp\/v2\/posts"}],"about":[{"href":"https:\/\/www.meydan.tv\/az\/wp-json\/wp\/v2\/types\/post"}],"author":[{"embeddable":true,"href":"https:\/\/www.meydan.tv\/az\/wp-json\/wp\/v2\/users\/11"}],"replies":[{"embeddable":true,"href":"https:\/\/www.meydan.tv\/az\/wp-json\/wp\/v2\/comments?post=196887"}],"version-history":[{"count":0,"href":"https:\/\/www.meydan.tv\/az\/wp-json\/wp\/v2\/posts\/196887\/revisions"}],"wp:featuredmedia":[{"embeddable":true,"href":"https:\/\/www.meydan.tv\/az\/wp-json\/wp\/v2\/media\/125824"}],"wp:attachment":[{"href":"https:\/\/www.meydan.tv\/az\/wp-json\/wp\/v2\/media?parent=196887"}],"wp:term":[{"taxonomy":"category","embeddable":true,"href":"https:\/\/www.meydan.tv\/az\/wp-json\/wp\/v2\/categories?post=196887"},{"taxonomy":"post_tag","embeddable":true,"href":"https:\/\/www.meydan.tv\/az\/wp-json\/wp\/v2\/tags?post=196887"}],"curies":[{"name":"wp","href":"https:\/\/api.w.org\/{rel}","templated":true}]}}