{"id":196885,"date":"2019-09-09T20:49:03","date_gmt":"2019-09-09T20:49:03","guid":{"rendered":"https:\/\/www.meydan.tv\/article\/gurcustanda-kapitalizm\/"},"modified":"2019-09-09T20:49:03","modified_gmt":"2019-09-09T20:49:03","slug":"gurcustanda-kapitalizm","status":"publish","type":"post","link":"https:\/\/www.meydan.tv\/az\/article\/gurcustanda-kapitalizm\/","title":{"rendered":"G\u00fcrc\u00fcstanda kapitalizm"},"content":{"rendered":"<p>\n  <i><br \/>\n    T\u00fcrkiy\u0259nin m\u0259d\u0259ni t\u0259sirin\u0259 bizim q\u0259d\u0259r m\u0259ruz qalmayan g\u00fcrc\u00fcl\u0259r kapitalizm\u0259 d\u0259 s\u0131f\u0131rdan ba\u015flay\u0131blar<br \/>\n  <\/i>\n<\/p>\n<p>\n  Ma\u015f\u0131n \u00f6l\u00fcxanas\u0131nda olmusunuz he\u00e7? Maraql\u0131 yerdir. \u00c7oxlu, lap \u00e7oxlu detallar var. Adam orda olanda el\u0259 bilir, d\u00fcnyada laz\u0131ms\u0131z he\u00e7 n\u0259 yoxdur. \u018fn laz\u0131ms\u0131z \u015feyl\u0259r d\u0259 bu bazarda sat\u0131l\u0131r. Bir d\u0259 var Tbilisinin \u00f6l\u00fcxanalar\u0131.\n<\/p>\n<p>\n  M\u0259n birind\u0259 &#8211; \u0130sanid\u0259 oldum bu yax\u0131nda. Balacas\u0131 idi. Dedil\u0259r, bundan qat-qat b\u00f6y\u00fcy\u00fc d\u0259 var Eliavada. H\u0259r ma\u011faza sahibi d\u00fckan\u0131n\u0131n qaba\u011f\u0131na \u00e7oxlu detal y\u0131\u011fm\u0131\u015f, bu detallar\u0131 is\u0259 bir da\u011f\u0131d\u0131lm\u0131\u015f ma\u015f\u0131n\u0131n ba\u015f\u0131na toplam\u0131\u015fd\u0131. H\u0259r\u0259si bir ma\u015f\u0131n\u0131 d\u00fckan\u0131n qaba\u011f\u0131na qoyub, t\u0259dric\u0259n \u201cyeyirdi\u201d. Ma\u015f\u0131nlar haqq\u0131nda yax\u015f\u0131 multfilm \u00e7\u0259km\u0259k olar bu s\u0259hn\u0259l\u0259rd\u0259n, n\u0259 is\u0259.\n<\/p>\n<p>\n  M\u0259nim diqq\u0259timi \u00e7\u0259k\u0259n sat\u0131c\u0131lar\u0131n m\u00fc\u015ft\u0259riy\u0259, \u00fcmumiyy\u0259tl\u0259, insanlara, \u0259trafa qar\u015f\u0131 m\u00fcnasib\u0259ti idi. M\u0259n indiy\u0259 kimi bu q\u0259d\u0259r kobud, etinas\u0131z, bir \u00e7ox halda m\u0259d\u0259niyy\u0259tsiz sat\u0131c\u0131 tipi g\u00f6rm\u0259mi\u015fdim. \u00dcmumiyy\u0259tl\u0259, \u0259traf\u0131na bu q\u0259d\u0259r \u00e7ox h\u00f6rm\u0259tsizlik ed\u0259n adamlar\u0131 bel\u0259 birlikd\u0259 g\u00f6rm\u0259mi\u015fdim.\n<\/p>\n<p>\n  Dem\u0259li, h\u0259r\u0259 d\u00fckan\u0131n\u0131n qaba\u011f\u0131na bir v\u0259 ya bir ne\u00e7\u0259 ma\u015f\u0131n oturaca\u011f\u0131 qoyub yerd\u0259n. \u00dcst\u00fcnd\u0259 adamlar oturublar. Tipik Qafqaz sif\u0259tli, qara ki\u015fil\u0259r qur\u015faqdan yuxar\u0131 l\u00fct v\u0259ziyy\u0259td\u0259 oturacaqlara yar\u0131muzanm\u0131\u015f \u015f\u0259kild\u0259 yayxan\u0131blar, \u00e7ox vaxt da qollar\u0131n\u0131 ba\u015flar\u0131n\u0131n alt\u0131na \u00e7arpazlay\u0131blar.\n<\/p>\n<p>\n  Dem\u0259k olar, ham\u0131s\u0131nda qar\u0131n budlar\u0131n \u00fcst\u00fcnd\u0259 xudmani \u015f\u0259kild\u0259 \u00f6z\u00fcn\u0259 yer tutub, budlar\u0131 bir az da aralayanda qar\u0131n l\u00fcmb\u00fclt\u00fc il\u0259 d\u00fc\u015f\u00fcr a\u015fa\u011f\u0131. Qoltuqlar\u0131 da sin\u0259l\u0259ri kimi qara, q\u0131vr\u0131m t\u00fckl\u0259rin icaz\u0259siz aksiyas\u0131n\u0131 xat\u0131rlad\u0131r. Bu bazarda qad\u0131n tapmaq \u0130\u015e\u0130D-in idar\u0259etm\u0259 strukturunda qad\u0131n tapmaqdan daha \u00e7\u0259tindir. Bazar\u0131n, sat\u0131c\u0131lar\u0131n g\u00f6r\u00fcnt\u00fcs\u00fc \u201cma\u015f\u0131n\u0131 ki\u015fi s\u00fcr\u0259r\u201d deyimini sanki d\u0259rhal qanuni q\u00fcvv\u0259y\u0259 mindirir.\n<\/p>\n<p>\n  G\u00f6r\u00fcnt\u00fc \u00f6z yerind\u0259. Sat\u0131c\u0131ya yax\u0131nla\u015f\u0131b, s\u00f6z soru\u015fursan. Harasa getm\u0259k istiqam\u0259tini-filan\u0131 yox. M\u0259hz m\u00fc\u015f\u0259ri kimi yax\u0131nla\u015f\u0131rsan. M\u0259s\u0259l\u0259n, d\u00fckan\u0131n \u00fcst\u00fcn\u0259 yaz\u0131l\u0131b ki, \u201cMercedes C-200\u201d. Yax\u0131nla\u015f\u0131b, deyirs\u0259n ki, \u201cSalam. Mercedes C-200-\u00fcn filan detal\u0131 sizd\u0259 varm\u0131?\u201d Cavab\u0131nda h\u0259r hans\u0131 s\u00f6z olmur ad\u0259t\u0259n. Ba\u015f\u0131 il\u0259 \u201cYox\u201d deyir, yaxud doda\u011f\u0131 il\u0259 \u201cl\u0131r\u00e7\u201d s\u0259s \u00e7\u0131xard\u0131r, y\u0259ni inkar m\u0259nas\u0131nda, yaxud he\u00e7 n\u0259 demir, sad\u0259c\u0259 s\u0259n\u0259 he\u00e7 bir m\u0259na ifad\u0259 etm\u0259y\u0259n g\u00f6zl\u0259rl\u0259 baxandan sonra, s\u0259n sual\u0131n\u0131 qurtaran kimi, qay\u0131d\u0131b, bayaqdan s\u00f6hb\u0259t etdiyi o biri qarn\u0131\u00e7\u0131lpaq t\u00fckl\u00fc yolda\u015fa bax\u0131r. Sanki s\u0259n yoxsan, sual da verm\u0259mis\u0259n.\n<\/p>\n<p>\n  T\u0259bii, b\u0259z\u0259n m\u00fc\u015ft\u0259rinin ist\u0259diyi detal olur, onda da sad\u0259c\u0259 ba\u015f\u0131 il\u0259 t\u0259sdiq cavab\u0131 verir, el\u0259 ba\u015f\u0131 il\u0259 d\u0259, uzaqba\u015f\u0131 ba\u015f\u0131n\u0131n dal\u0131na qoydu\u011fu \u0259linin birini azca t\u0259rp\u0259d\u0259r\u0259k, h\u0259min detal\u0131n d\u00fckan\u0131n qaba\u011f\u0131ndak\u0131 q\u0259birstanl\u0131qdak\u0131 yerini t\u0259xmini g\u00f6st\u0259rir. \u00d6z\u00fc dursun, n\u0259 is\u0259 g\u00f6st\u0259rsin, m\u00fc\u015ft\u0259ri il\u0259 dan\u0131\u015fs\u0131n \u2013 bunlardan s\u00f6hb\u0259t ged\u0259 bilm\u0259z.\n<\/p>\n<p>\n  M\u0259n bir sat\u0131c\u0131n\u0131n m\u00fc\u015ft\u0259riy\u0259 verdiyi reaksiyan\u0131 g\u00f6r\u0259nd\u0259 is\u0259 b\u00fct\u00fcn bunlar\u0131n fonunda bir daha t\u0259\u0259cc\u00fcbl\u0259ndim. Sakitc\u0259 baxa-baxa g\u0259zirdim. Bir n\u0259f\u0259r yax\u0131nla\u015fd\u0131 2 sat\u0131c\u0131n\u0131n qaba\u011f\u0131na. Biri ayaq \u00fcst\u0259 idi, qarn\u0131n\u0131n alt\u0131n\u0131 \u0259li il\u0259 s\u00fcrt\u00fcb \u00e7irk \u00e7\u0131xar\u0131r, yumurlay\u0131b, \u00e7\u0131rtma il\u0259 h\u0259r\u0259k\u0259tin s\u0131x oldu\u011fu yer\u0259 at\u0131rd\u0131. M\u00fc\u015ft\u0259ri bu adama rusca sual verdi, hans\u0131sa detal\u0131 soru\u015fdu. O da \u00e7irk \u00e7\u0131xarma \u0259m\u0259liyyat\u0131n\u0131 saxlamadan, sad\u0259c\u0259 ba\u015f\u0131 il\u0259 yan\u0131nda yerd\u0259ki ma\u015f\u0131n oturuca\u011f\u0131nda oturmu\u015f adam\u0131 g\u00f6st\u0259rdi. M\u00fc\u015ft\u0259ri yax\u0131nla\u015fana q\u0259d\u0259r bu iki sat\u0131c\u0131 bir-birl\u0259ri il\u0259 s\u00f6hb\u0259t edirdil\u0259r. M\u00fc\u015ft\u0259ri \u00fcz\u00fcn\u00fc tutdu yerd\u0259ki oturacaqda oturmu\u015f adama. O da qarn\u0131n\u0131 qaba\u011f\u0131na qoyub, bir az qaba\u011fa \u0259yilmi\u015f, sanki qarn\u0131 il\u0259 s\u00f6hb\u0259t edirmi\u015f kimi oturmu\u015fdu. M\u00fc\u015ft\u0259ri sual\u0131 t\u0259krarlad\u0131. Oturan sat\u0131c\u0131 he\u00e7 n\u0259 ifad\u0259 etm\u0259y\u0259n g\u00f6zl\u0259ri il\u0259 ona baxd\u0131, baxd\u0131, sual\u0131 qurtarana q\u0259d\u0259r baxd\u0131. Sonra \u00fcz\u00fcnd\u0259 bir \u0259z\u0259l\u0259ni d\u0259 t\u0259rp\u0259tm\u0259d\u0259n, yava\u015f, dem\u0259k olar, \u201cslow motion\u201d-la \u00fcz\u00fcn\u00fc sola \u00e7evirdi. B\u00fct\u00fcn bu m\u00fcdd\u0259t \u0259rzind\u0259 m\u00fc\u015ft\u0259ri diqq\u0259tl\u0259 ona bax\u0131r, veril\u0259c\u0259k h\u0259r hans\u0131 cavab\u0131 \u2013 s\u00f6zl\u00fc v\u0259 ya s\u00f6zs\u00fcz g\u00f6zl\u0259yirdi. Sat\u0131c\u0131 \u00fcz\u00fcn\u00fc yava\u015fca sola \u00e7evirib, a\u011fz\u0131n\u0131 mar\u00e7\u0131ldad\u0131b, 1 metr qaba\u011fa t\u00fcp\u00fcrd\u00fc, sonra yen\u0259 ba\u015f\u0131n\u0131 sakitc\u0259 \u00e7evirib, \u00f6z sat\u0131c\u0131 yolda\u015f\u0131 il\u0259 s\u00f6hb\u0259t\u0259 davam etdi. M\u0259n h\u0259yat\u0131mda bu q\u0259d\u0259r t\u0259rbiy\u0259siz h\u0259r\u0259k\u0259t g\u00f6rm\u0259mi\u015fdim.\n<\/p>\n<p>\n  Az\u0259rbaycanda bel\u0259 m\u0259d\u0259niyy\u0259t, \u00fcmumiyy\u0259tl\u0259, m\u00fc\u015fahid\u0259 olunmur ad\u0259t\u0259n, ticar\u0259td\u0259 is\u0259 m\u00fc\u015ft\u0259ri il\u0259 davran\u0131\u015fda xeyli m\u0259d\u0259ni, etik qaydalar t\u0259tbiq olunur. Maraql\u0131d\u0131r, G\u00fcrc\u00fcstan a\u00e7\u0131q c\u0259miyy\u0259tdir, Az\u0259rbaycana baxanda xeyli azad bazard\u0131r, r\u0259qab\u0259t var Az\u0259rbaycandan f\u0259rqli olaraq, amma m\u00fc\u015ft\u0259ri il\u0259 davran\u0131\u015f m\u0259d\u0259niyy\u0259tind\u0259 Az\u0259rbaycan \u00fcst\u00fcnd\u00fcr. M\u0259nc\u0259 s\u0259b\u0259b T\u00fcrkiy\u0259dir. Bir d\u0259f\u0259 Rusiyada \u0259sl Az\u0259rbaycan t\u00fcrkc\u0259sind\u0259 \u201cnovostroyka\u201d dediyimiz binalar\u0131n birind\u0259 2-3 g\u00fcn ya\u015fam\u0131\u015fd\u0131m. Bina \u0259sl \u201cXru\u015f\u015fovka\u201d idi. Sad\u0259c\u0259 21-ci \u0259srd\u0259 tikilmi\u015fdi v\u0259 25 m\u0259rt\u0259b\u0259 idi. Otaqlar balaca, dar\u0131sqal, m\u0259tb\u0259x 1 n\u0259f\u0259rlik, qon\u015fu il\u0259 arada c\u0259mi 1 k\u0259rpic enind\u0259 divar, deyil\u0259n h\u0259r s\u00f6z qon\u015fudad\u0131r. Orada ya\u015fayan adamlardan soru\u015fdum ki, nec\u0259 olur, Az\u0259rbaycanda \u201cnovostroyka\u201dlar (bu s\u00f6z\u00fcn ruscas\u0131n\u0131 bilmir\u0259m dey\u0259, el\u0259 \u00f6z dilimizd\u0259 d\u0259 soru\u015fdum) geni\u015f, rahat olur, amma Rusiyada yox. Dedil\u0259r, Az\u0259rbaycan T\u00fcrkiy\u0259d\u0259n t\u0259sirl\u0259nib. T\u00fcrkiy\u0259d\u0259 kapitalizmin olmas\u0131n\u0131n, r\u0259qab\u0259tin g\u00fcc\u00fcn\u00fcn faydal\u0131 n\u0259tic\u0259l\u0259ri kapitalizmd\u0259n uzaq, r\u0259qab\u0259tsiz, monopolist Az\u0259rbaycan bazar\u0131 \u00fc\u00e7\u00fcn d\u0259 t\u0259sirli olub. Rusiyan\u0131n \u201cXru\u015f\u015fovka novostroyka\u201dlar\u0131 il\u0259 Az\u0259rbaycan\u0131n rahat, geni\u015f \u201cnovostroyka\u201dlar\u0131 aras\u0131nda olan q\u0259d\u0259r f\u0259rq var G\u00fcrc\u00fcstandak\u0131 xidm\u0259tl\u0259 Az\u0259rbaycandak\u0131 xidm\u0259t aras\u0131nda. H\u0259m d\u0259 t\u0259kc\u0259 ma\u015f\u0131n \u00f6l\u00fcxanas\u0131nda yox, G\u00fcrc\u00fcstanda xidm\u0259t sah\u0259si \u00e7ox a\u015fa\u011f\u0131 s\u0259viyy\u0259d\u0259dir, y\u0259qin ki, T\u00fcrkiy\u0259nin m\u0259d\u0259ni t\u0259sirin\u0259 bizim q\u0259d\u0259r m\u0259ruz qalmayan g\u00fcrc\u00fcl\u0259r kapitalizm\u0259 d\u0259 s\u0131f\u0131rdan ba\u015flay\u0131blar v\u0259 indi 19-cu \u0259srin sonlar\u0131n\u0131 ke\u00e7irl\u0259r.<\/p>\n","protected":false},"excerpt":{"rendered":"<p>T\u0259bii, b\u0259z\u0259n m\u00fc\u015ft\u0259rinin ist\u0259diyi detal olur, onda da sad\u0259c\u0259 ba\u015f\u0131 il\u0259 t\u0259sdiq cavab\u0131 verir, el\u0259 ba\u015f\u0131 il\u0259 d\u0259, uzaqba\u015f\u0131 ba\u015f\u0131n\u0131n dal\u0131na qoydu\u011fu \u0259linin birini azca t\u0259rp\u0259d\u0259r\u0259k, h\u0259min detal\u0131n d\u00fckan\u0131n qaba\u011f\u0131ndak\u0131 q\u0259birstanl\u0131qdak\u0131 yerini t\u0259xmini g\u00f6st\u0259rir.<\/p>\n","protected":false},"author":11,"featured_media":119093,"comment_status":"closed","ping_status":"open","sticky":false,"template":"","format":"standard","meta":{"_acf_changed":false,"_sitemap_exclude":false,"_sitemap_priority":"","_sitemap_frequency":"","footnotes":""},"categories":[57],"tags":[],"class_list":["post-196885","post","type-post","status-publish","format-standard","has-post-thumbnail","hentry","category-menim-fikrimce","infinite-scroll-item","generate-columns","tablet-grid-50","mobile-grid-100","grid-parent","grid-33","no-featured-image-padding"],"acf":[],"yoast_head":"<!-- This site is optimized with the Yoast SEO plugin v27.4 - https:\/\/yoast.com\/product\/yoast-seo-wordpress\/ -->\n<title>G\u00fcrc\u00fcstanda kapitalizm - MEYDAN.TV<\/title>\n<meta name=\"robots\" content=\"index, follow, max-snippet:-1, max-image-preview:large, max-video-preview:-1\" \/>\n<link rel=\"canonical\" href=\"https:\/\/www.meydan.tv\/az\/article\/gurcustanda-kapitalizm\/\" \/>\n<meta property=\"og:locale\" content=\"az_AZ\" \/>\n<meta property=\"og:type\" content=\"article\" \/>\n<meta property=\"og:title\" content=\"G\u00fcrc\u00fcstanda kapitalizm - MEYDAN.TV\" \/>\n<meta property=\"og:description\" content=\"T\u0259bii, b\u0259z\u0259n m\u00fc\u015ft\u0259rinin ist\u0259diyi detal olur, onda da sad\u0259c\u0259 ba\u015f\u0131 il\u0259 t\u0259sdiq cavab\u0131 verir, el\u0259 ba\u015f\u0131 il\u0259 d\u0259, uzaqba\u015f\u0131 ba\u015f\u0131n\u0131n dal\u0131na qoydu\u011fu \u0259linin birini azca t\u0259rp\u0259d\u0259r\u0259k, h\u0259min detal\u0131n d\u00fckan\u0131n qaba\u011f\u0131ndak\u0131 q\u0259birstanl\u0131qdak\u0131 yerini t\u0259xmini g\u00f6st\u0259rir.\" \/>\n<meta property=\"og:url\" content=\"https:\/\/www.meydan.tv\/az\/article\/gurcustanda-kapitalizm\/\" \/>\n<meta property=\"og:site_name\" content=\"MEYDAN.TV\" \/>\n<meta property=\"article:published_time\" content=\"2019-09-09T20:49:03+00:00\" \/>\n<meta property=\"og:image\" content=\"https:\/\/www.meydan.tv\/wp-content\/uploads\/image_from_ios_4-scaled.jpg\" \/>\n\t<meta property=\"og:image:width\" content=\"2560\" \/>\n\t<meta property=\"og:image:height\" content=\"1440\" \/>\n\t<meta property=\"og:image:type\" content=\"image\/jpeg\" \/>\n<meta name=\"author\" content=\"user-manager\" \/>\n<meta name=\"twitter:card\" content=\"summary_large_image\" \/>\n<script type=\"application\/ld+json\" class=\"yoast-schema-graph\">{\"@context\":\"https:\\\/\\\/schema.org\",\"@graph\":[{\"@type\":\"Article\",\"@id\":\"https:\\\/\\\/www.meydan.tv\\\/az\\\/article\\\/gurcustanda-kapitalizm\\\/#article\",\"isPartOf\":{\"@id\":\"https:\\\/\\\/www.meydan.tv\\\/az\\\/article\\\/gurcustanda-kapitalizm\\\/\"},\"author\":{\"name\":\"user-manager\",\"@id\":\"https:\\\/\\\/www.meydan.tv\\\/az\\\/#\\\/schema\\\/person\\\/10d11eccf6da3662cf5fdab9806ea91a\"},\"headline\":\"G\u00fcrc\u00fcstanda kapitalizm\",\"datePublished\":\"2019-09-09T20:49:03+00:00\",\"mainEntityOfPage\":{\"@id\":\"https:\\\/\\\/www.meydan.tv\\\/az\\\/article\\\/gurcustanda-kapitalizm\\\/\"},\"wordCount\":1241,\"publisher\":{\"@id\":\"https:\\\/\\\/www.meydan.tv\\\/az\\\/#organization\"},\"image\":{\"@id\":\"https:\\\/\\\/www.meydan.tv\\\/az\\\/article\\\/gurcustanda-kapitalizm\\\/#primaryimage\"},\"thumbnailUrl\":\"https:\\\/\\\/www.meydan.tv\\\/wp-content\\\/uploads\\\/image_from_ios_4-scaled.jpg\",\"articleSection\":[\"M\u0259nim Fikrimc\u0259\"],\"inLanguage\":\"az\"},{\"@type\":\"WebPage\",\"@id\":\"https:\\\/\\\/www.meydan.tv\\\/az\\\/article\\\/gurcustanda-kapitalizm\\\/\",\"url\":\"https:\\\/\\\/www.meydan.tv\\\/az\\\/article\\\/gurcustanda-kapitalizm\\\/\",\"name\":\"G\u00fcrc\u00fcstanda kapitalizm - MEYDAN.TV\",\"isPartOf\":{\"@id\":\"https:\\\/\\\/www.meydan.tv\\\/az\\\/#website\"},\"primaryImageOfPage\":{\"@id\":\"https:\\\/\\\/www.meydan.tv\\\/az\\\/article\\\/gurcustanda-kapitalizm\\\/#primaryimage\"},\"image\":{\"@id\":\"https:\\\/\\\/www.meydan.tv\\\/az\\\/article\\\/gurcustanda-kapitalizm\\\/#primaryimage\"},\"thumbnailUrl\":\"https:\\\/\\\/www.meydan.tv\\\/wp-content\\\/uploads\\\/image_from_ios_4-scaled.jpg\",\"datePublished\":\"2019-09-09T20:49:03+00:00\",\"breadcrumb\":{\"@id\":\"https:\\\/\\\/www.meydan.tv\\\/az\\\/article\\\/gurcustanda-kapitalizm\\\/#breadcrumb\"},\"inLanguage\":\"az\",\"potentialAction\":[{\"@type\":\"ReadAction\",\"target\":[\"https:\\\/\\\/www.meydan.tv\\\/az\\\/article\\\/gurcustanda-kapitalizm\\\/\"]}]},{\"@type\":\"ImageObject\",\"inLanguage\":\"az\",\"@id\":\"https:\\\/\\\/www.meydan.tv\\\/az\\\/article\\\/gurcustanda-kapitalizm\\\/#primaryimage\",\"url\":\"https:\\\/\\\/www.meydan.tv\\\/wp-content\\\/uploads\\\/image_from_ios_4-scaled.jpg\",\"contentUrl\":\"https:\\\/\\\/www.meydan.tv\\\/wp-content\\\/uploads\\\/image_from_ios_4-scaled.jpg\",\"width\":2560,\"height\":1440,\"caption\":\"Source: Meydan TV\"},{\"@type\":\"BreadcrumbList\",\"@id\":\"https:\\\/\\\/www.meydan.tv\\\/az\\\/article\\\/gurcustanda-kapitalizm\\\/#breadcrumb\",\"itemListElement\":[{\"@type\":\"ListItem\",\"position\":1,\"name\":\"Ana s\u0259hif\u0259\",\"item\":\"https:\\\/\\\/www.meydan.tv\\\/az\\\/\"},{\"@type\":\"ListItem\",\"position\":2,\"name\":\"M\u0259nim Fikrimc\u0259\",\"item\":\"https:\\\/\\\/www.meydan.tv\\\/az\\\/section\\\/menim-fikrimce\\\/\"},{\"@type\":\"ListItem\",\"position\":3,\"name\":\"G\u00fcrc\u00fcstanda kapitalizm\"}]},{\"@type\":\"WebSite\",\"@id\":\"https:\\\/\\\/www.meydan.tv\\\/az\\\/#website\",\"url\":\"https:\\\/\\\/www.meydan.tv\\\/az\\\/\",\"name\":\"MEYDAN.TV\",\"description\":\"Meydan TV Az\u0259rbaycan\u0131n media m\u0259kan\u0131ndak\u0131 alternativ s\u0259sidir\",\"publisher\":{\"@id\":\"https:\\\/\\\/www.meydan.tv\\\/az\\\/#organization\"},\"potentialAction\":[{\"@type\":\"SearchAction\",\"target\":{\"@type\":\"EntryPoint\",\"urlTemplate\":\"https:\\\/\\\/www.meydan.tv\\\/az\\\/?s={search_term_string}\"},\"query-input\":{\"@type\":\"PropertyValueSpecification\",\"valueRequired\":true,\"valueName\":\"search_term_string\"}}],\"inLanguage\":\"az\"},{\"@type\":\"Organization\",\"@id\":\"https:\\\/\\\/www.meydan.tv\\\/az\\\/#organization\",\"name\":\"Meydan TV\",\"url\":\"https:\\\/\\\/www.meydan.tv\\\/az\\\/\",\"logo\":{\"@type\":\"ImageObject\",\"inLanguage\":\"az\",\"@id\":\"https:\\\/\\\/www.meydan.tv\\\/az\\\/#\\\/schema\\\/logo\\\/image\\\/\",\"url\":\"https:\\\/\\\/www.meydan.tv\\\/wp-content\\\/uploads\\\/2021\\\/07\\\/meydan-logo.svg\",\"contentUrl\":\"https:\\\/\\\/www.meydan.tv\\\/wp-content\\\/uploads\\\/2021\\\/07\\\/meydan-logo.svg\",\"width\":195,\"height\":46,\"caption\":\"Meydan TV\"},\"image\":{\"@id\":\"https:\\\/\\\/www.meydan.tv\\\/az\\\/#\\\/schema\\\/logo\\\/image\\\/\"}},{\"@type\":\"Person\",\"@id\":\"https:\\\/\\\/www.meydan.tv\\\/az\\\/#\\\/schema\\\/person\\\/10d11eccf6da3662cf5fdab9806ea91a\",\"name\":\"user-manager\"}]}<\/script>\n<!-- \/ Yoast SEO plugin. -->","yoast_head_json":{"title":"G\u00fcrc\u00fcstanda kapitalizm - MEYDAN.TV","robots":{"index":"index","follow":"follow","max-snippet":"max-snippet:-1","max-image-preview":"max-image-preview:large","max-video-preview":"max-video-preview:-1"},"canonical":"https:\/\/www.meydan.tv\/az\/article\/gurcustanda-kapitalizm\/","og_locale":"az_AZ","og_type":"article","og_title":"G\u00fcrc\u00fcstanda kapitalizm - MEYDAN.TV","og_description":"T\u0259bii, b\u0259z\u0259n m\u00fc\u015ft\u0259rinin ist\u0259diyi detal olur, onda da sad\u0259c\u0259 ba\u015f\u0131 il\u0259 t\u0259sdiq cavab\u0131 verir, el\u0259 ba\u015f\u0131 il\u0259 d\u0259, uzaqba\u015f\u0131 ba\u015f\u0131n\u0131n dal\u0131na qoydu\u011fu \u0259linin birini azca t\u0259rp\u0259d\u0259r\u0259k, h\u0259min detal\u0131n d\u00fckan\u0131n qaba\u011f\u0131ndak\u0131 q\u0259birstanl\u0131qdak\u0131 yerini t\u0259xmini g\u00f6st\u0259rir.","og_url":"https:\/\/www.meydan.tv\/az\/article\/gurcustanda-kapitalizm\/","og_site_name":"MEYDAN.TV","article_published_time":"2019-09-09T20:49:03+00:00","og_image":[{"width":2560,"height":1440,"url":"https:\/\/www.meydan.tv\/wp-content\/uploads\/image_from_ios_4-scaled.jpg","type":"image\/jpeg"}],"author":"user-manager","twitter_card":"summary_large_image","schema":{"@context":"https:\/\/schema.org","@graph":[{"@type":"Article","@id":"https:\/\/www.meydan.tv\/az\/article\/gurcustanda-kapitalizm\/#article","isPartOf":{"@id":"https:\/\/www.meydan.tv\/az\/article\/gurcustanda-kapitalizm\/"},"author":{"name":"user-manager","@id":"https:\/\/www.meydan.tv\/az\/#\/schema\/person\/10d11eccf6da3662cf5fdab9806ea91a"},"headline":"G\u00fcrc\u00fcstanda kapitalizm","datePublished":"2019-09-09T20:49:03+00:00","mainEntityOfPage":{"@id":"https:\/\/www.meydan.tv\/az\/article\/gurcustanda-kapitalizm\/"},"wordCount":1241,"publisher":{"@id":"https:\/\/www.meydan.tv\/az\/#organization"},"image":{"@id":"https:\/\/www.meydan.tv\/az\/article\/gurcustanda-kapitalizm\/#primaryimage"},"thumbnailUrl":"https:\/\/www.meydan.tv\/wp-content\/uploads\/image_from_ios_4-scaled.jpg","articleSection":["M\u0259nim Fikrimc\u0259"],"inLanguage":"az"},{"@type":"WebPage","@id":"https:\/\/www.meydan.tv\/az\/article\/gurcustanda-kapitalizm\/","url":"https:\/\/www.meydan.tv\/az\/article\/gurcustanda-kapitalizm\/","name":"G\u00fcrc\u00fcstanda kapitalizm - MEYDAN.TV","isPartOf":{"@id":"https:\/\/www.meydan.tv\/az\/#website"},"primaryImageOfPage":{"@id":"https:\/\/www.meydan.tv\/az\/article\/gurcustanda-kapitalizm\/#primaryimage"},"image":{"@id":"https:\/\/www.meydan.tv\/az\/article\/gurcustanda-kapitalizm\/#primaryimage"},"thumbnailUrl":"https:\/\/www.meydan.tv\/wp-content\/uploads\/image_from_ios_4-scaled.jpg","datePublished":"2019-09-09T20:49:03+00:00","breadcrumb":{"@id":"https:\/\/www.meydan.tv\/az\/article\/gurcustanda-kapitalizm\/#breadcrumb"},"inLanguage":"az","potentialAction":[{"@type":"ReadAction","target":["https:\/\/www.meydan.tv\/az\/article\/gurcustanda-kapitalizm\/"]}]},{"@type":"ImageObject","inLanguage":"az","@id":"https:\/\/www.meydan.tv\/az\/article\/gurcustanda-kapitalizm\/#primaryimage","url":"https:\/\/www.meydan.tv\/wp-content\/uploads\/image_from_ios_4-scaled.jpg","contentUrl":"https:\/\/www.meydan.tv\/wp-content\/uploads\/image_from_ios_4-scaled.jpg","width":2560,"height":1440,"caption":"Source: Meydan TV"},{"@type":"BreadcrumbList","@id":"https:\/\/www.meydan.tv\/az\/article\/gurcustanda-kapitalizm\/#breadcrumb","itemListElement":[{"@type":"ListItem","position":1,"name":"Ana s\u0259hif\u0259","item":"https:\/\/www.meydan.tv\/az\/"},{"@type":"ListItem","position":2,"name":"M\u0259nim Fikrimc\u0259","item":"https:\/\/www.meydan.tv\/az\/section\/menim-fikrimce\/"},{"@type":"ListItem","position":3,"name":"G\u00fcrc\u00fcstanda kapitalizm"}]},{"@type":"WebSite","@id":"https:\/\/www.meydan.tv\/az\/#website","url":"https:\/\/www.meydan.tv\/az\/","name":"MEYDAN.TV","description":"Meydan TV Az\u0259rbaycan\u0131n media m\u0259kan\u0131ndak\u0131 alternativ s\u0259sidir","publisher":{"@id":"https:\/\/www.meydan.tv\/az\/#organization"},"potentialAction":[{"@type":"SearchAction","target":{"@type":"EntryPoint","urlTemplate":"https:\/\/www.meydan.tv\/az\/?s={search_term_string}"},"query-input":{"@type":"PropertyValueSpecification","valueRequired":true,"valueName":"search_term_string"}}],"inLanguage":"az"},{"@type":"Organization","@id":"https:\/\/www.meydan.tv\/az\/#organization","name":"Meydan TV","url":"https:\/\/www.meydan.tv\/az\/","logo":{"@type":"ImageObject","inLanguage":"az","@id":"https:\/\/www.meydan.tv\/az\/#\/schema\/logo\/image\/","url":"https:\/\/www.meydan.tv\/wp-content\/uploads\/2021\/07\/meydan-logo.svg","contentUrl":"https:\/\/www.meydan.tv\/wp-content\/uploads\/2021\/07\/meydan-logo.svg","width":195,"height":46,"caption":"Meydan TV"},"image":{"@id":"https:\/\/www.meydan.tv\/az\/#\/schema\/logo\/image\/"}},{"@type":"Person","@id":"https:\/\/www.meydan.tv\/az\/#\/schema\/person\/10d11eccf6da3662cf5fdab9806ea91a","name":"user-manager"}]}},"_links":{"self":[{"href":"https:\/\/www.meydan.tv\/az\/wp-json\/wp\/v2\/posts\/196885","targetHints":{"allow":["GET"]}}],"collection":[{"href":"https:\/\/www.meydan.tv\/az\/wp-json\/wp\/v2\/posts"}],"about":[{"href":"https:\/\/www.meydan.tv\/az\/wp-json\/wp\/v2\/types\/post"}],"author":[{"embeddable":true,"href":"https:\/\/www.meydan.tv\/az\/wp-json\/wp\/v2\/users\/11"}],"replies":[{"embeddable":true,"href":"https:\/\/www.meydan.tv\/az\/wp-json\/wp\/v2\/comments?post=196885"}],"version-history":[{"count":0,"href":"https:\/\/www.meydan.tv\/az\/wp-json\/wp\/v2\/posts\/196885\/revisions"}],"wp:featuredmedia":[{"embeddable":true,"href":"https:\/\/www.meydan.tv\/az\/wp-json\/wp\/v2\/media\/119093"}],"wp:attachment":[{"href":"https:\/\/www.meydan.tv\/az\/wp-json\/wp\/v2\/media?parent=196885"}],"wp:term":[{"taxonomy":"category","embeddable":true,"href":"https:\/\/www.meydan.tv\/az\/wp-json\/wp\/v2\/categories?post=196885"},{"taxonomy":"post_tag","embeddable":true,"href":"https:\/\/www.meydan.tv\/az\/wp-json\/wp\/v2\/tags?post=196885"}],"curies":[{"name":"wp","href":"https:\/\/api.w.org\/{rel}","templated":true}]}}