{"id":196877,"date":"2019-09-09T14:41:29","date_gmt":"2019-09-09T14:41:29","guid":{"rendered":"https:\/\/www.meydan.tv\/article\/nece-kommunist-idilerse-o-cur-de-muselmandirlar\/"},"modified":"2019-09-09T14:41:29","modified_gmt":"2019-09-09T14:41:29","slug":"nece-kommunist-idilerse-o-cur-de-muselmandirlar","status":"publish","type":"post","link":"https:\/\/www.meydan.tv\/az\/article\/nece-kommunist-idilerse-o-cur-de-muselmandirlar\/","title":{"rendered":"Nec\u0259 kommunist idil\u0259rs\u0259, o c\u00fcr d\u0259 m\u00fcs\u0259lmand\u0131rlar"},"content":{"rendered":"<p>\n  <i><br \/>\n    \u018fn dahi adamlar, h\u0259tta pey\u011f\u0259mb\u0259rl\u0259r bel\u0259 az\u0259rbaycanl\u0131lar\u0131 d\u0259rk etm\u0259y\u0259 qadir deyill\u0259r<br \/>\n  <\/i>\n<\/p>\n<p>\n  M\u0259n siz\u0259 sizd\u0259n maraql\u0131 hekay\u0259 dan\u0131\u015faca\u011fam. \u00c7ox maraql\u0131. Sizd\u0259n he\u00e7 biriniz bu hekay\u0259ni \u00f6mr\u00fcnd\u0259 e\u015fitm\u0259misiz.\n<\/p>\n<p>\n  E\u015fid\u0259nd\u0259, \u0259m\u0259lli \u0259s\u0259bil\u0259\u015f\u0259c\u0259ksiniz. \u018fs\u0259bil\u0259\u015f\u0259c\u0259k v\u0259 m\u0259ne-bi\u00e7ar\u0259ni s\u00f6y\u0259c\u0259ksiniz.\n<\/p>\n<p>\n  M\u0259ne-bi\u00e7ar\u0259 d\u0259 \u00e7ar\u0259sizlikd\u0259n \u00f6z\u00fcm-\u00f6z\u00fcm\u0259 donquldanaca\u011fam ki, \u201c&#8230;yoxsa bu ayin\u0259d\u0259 \u0259yri g\u00f6r\u00fcrs\u0259n \u00f6z\u00fcn\u00fc&#8230;\u201d\n<\/p>\n<p>\n  Dem\u0259li, \u0259hvalat vaqe olur XX \u0259srin \u0259vv\u0259lind\u0259. Uruslar, bu d\u0259f\u0259 q\u0131rm\u0131z\u0131 l\u0259bbad\u0259d\u0259, qay\u0131d\u0131b-g\u0259lib Az\u0259rbaycan\u0131 d\u00fcbar\u0259 tutublar. Tutublar v\u0259 yerli tuzemesl\u0259rin ba\u015f\u0131na \u00f6zl\u0259rin\u0259 bir k\u00f6yn\u0259k yax\u0131n doktor N\u0259riman N\u0259rimanovu qoyublar. Qoyublar ki, \u0259mrl\u0259rin\u0259 s\u00f6zs\u00fcz ita\u0259t etsin.\n<\/p>\n<p>\n  Di g\u0259l ki, t\u0259rslikd\u0259n bu doktor N\u0259rimanov h\u0259qiq\u0259t\u0259n \u0259qid\u0259li v\u0259 savadl\u0131 kommunist \u00e7\u0131xd\u0131 v\u0259 ba\u015flad\u0131 uruslar\u0131 kommunist kitablar\u0131nda yaz\u0131lm\u0131\u015f qaydalara, o c\u00fcml\u0259d\u0259n \u201cb\u00fct\u00fcn xalqlar\u0131n h\u00fcquq b\u0259rab\u0259rliyin\u0259\u201d h\u00f6rm\u0259t etm\u0259y\u0259 \u00e7a\u011f\u0131rma\u011fa.\n<\/p>\n<p>\n  Bir d\u00f6zd\u00fcl\u0259r, iki d\u00f6zd\u00fcl\u0259r, ta d\u00f6z\u0259mm\u0259yib ba\u015flad\u0131lar \u00e7ar\u0259 axtarma\u011fa.\n<\/p>\n<p>\n  Klassik \u00e7ar\u0259 o zaman bel\u0259ydi ki, \u201cs\u00f6z verilirdi yolda\u015f mauzer\u0259\u201d,  y\u0259ni inan\u0131lm\u0131\u015f bir yolda\u015fa partiya tap\u015f\u0131r\u0131\u011f\u0131 verilirdi, o da g\u0259lib g\u00fcll\u0259ni s\u0131x\u0131rd\u0131 yolda\u015f N\u0259rimanovun t\u0259p\u0259sin\u0259.  Qatili he\u00e7 h\u0259bs etm\u0259yib yerind\u0259c\u0259 g\u00fcll\u0259l\u0259yirdil\u0259r, \u015fanl\u0131 v\u0259 alovlu bol\u015fevik N\u0259rimanova is\u0259 d\u0259bd\u0259b\u0259li v\u0259 t\u0259nt\u0259n\u0259li d\u0259fn m\u0259rasimi t\u0259\u015fkil edib onun qisas\u0131n\u0131n yerd\u0259 qalmayaca\u011f\u0131na ham\u0131l\u0131qla and i\u00e7irdil\u0259r.\n<\/p>\n<p>\n  Kims\u0259 daha a\u011f\u0131ll\u0131 birisi dedi ki, \u201cg\u0259lin yeni \u00fcsulla i\u015fl\u0259y\u0259k\u201d.\n<\/p>\n<p>\n  Yeni \u00fcsulu ham\u0131 b\u0259y\u0259ndi v\u0259 q\u0259bul etdi. Dilbilm\u0259z doktor N\u0259rimanovu Moskvaya, m\u0259sul v\u0259zif\u0259y\u0259 apar\u0131b-y\u00fcks\u0259ldib orada onu ana torpa\u011f\u0131ndan ayr\u0131lm\u0131\u015f Axil kimi z\u0259f daban\u0131ndan-\u00fcr\u0259yind\u0259n vurdular v\u0259 k\u00fcl\u00fcn\u00fc Kreml divar\u0131na h\u00f6rd\u00fcl\u0259r.\n<\/p>\n<p>\n  N\u0259riman N\u0259rimanovun yerin\u0259 t\u0259yin etm\u0259y\u0259 birc\u0259 d\u0259n\u0259 f\u0259rli yerli kommunist tap\u0131lmad\u0131\u011f\u0131ndan Az\u0259rbaycan bol\u015fevikl\u0259rinin partiyas\u0131n\u0131n ba\u015f\u0131na ba\u015flad\u0131lar t\u0259yin etm\u0259y\u0259 \u0259l\u0259 ke\u00e7\u0259nl\u0259ri. B\u0259li, g\u0259rdi\u015fi-d\u00f6vran el\u0259 g\u0259tirdi ki, Az\u0259rbaycana r\u0259hb\u0259rlik xo\u015fb\u0259xtliyi qism\u0259t oldu n\u00f6vb\u0259 il\u0259 \u0259l\u0259 ke\u00e7mi\u015f Mirz\u0259 Davud H\u00fcseynova (\u00fc\u00e7c\u0259 ay!), Viktor \u0130vanovi\u00e7 Naney\u015fviliy\u0259 (c\u0259mi ayyar\u0131m!), Yelena Dmitriyevna Stasovaya (c\u0259mi bir h\u0259ft\u0259!), Vladimir Elizbarovi\u00e7 Dumbadzey\u0259 (c\u0259mi 40 g\u00fcn!), Qriqoriy Naumovi\u015f Kaminskiy\u0259 (9 ay!), Sergey Mironovi\u00e7 Kirova, Levon \u0130sayevi\u00e7 Mirzoyana, Nikolay Fyodorovi\u00e7 Qikaloya, Vladimir \u0130vanovi\u00e7 Polonskiy\u0259, Ruben Qukasovi\u00e7 Rubenova&#8230; V\u0259 bu namiz\u0259dd\u0259n sonra Moskva n\u0259hay\u0259t ki, ist\u0259diyi adam\u0131 tap\u0131b onu 20 illiy\u0259 Az\u0259rbaycan kommunistl\u0259rin\u0259 r\u0259hb\u0259r t\u0259yin etdi. V\u0259 Mirq\u0259z\u0259b l\u0259q\u0259bi qazanm\u0131\u015f bu g\u00f6rk\u0259mli siyasi xadim Rusiyaya canla-ba\u015fla qulluq edib \u00f6z s\u0259l\u0259fl\u0259rnin \u0259ks\u0259riyy\u0259ti  kimi \u00f6z g\u00fcll\u0259 pay\u0131n\u0131 1950-ci ill\u0259rin ortas\u0131nda ald\u0131.\n<\/p>\n<p>\n  S\u00f6z\u00fcm\u00fcn can\u0131 odur ki, bu \u0259razid\u0259 kommunist rejimi quruldu\u011funa baxmayaraq, burada ya\u015fayan insan toplumunun i\u00e7\u0259risind\u0259 \u0259qid\u0259li kommunist tapmaq \u00e7ox \u00e7\u0259tin m\u0259s\u0259l\u0259 idi. \u018fhaliy\u0259 n\u0259inki m\u0259fkur\u0259 yad idi, he\u00e7 ad\u0131n \u00f6z\u00fcn\u00fc d\u00fczg\u00fcn t\u0259l\u0259ff\u00fcz etm\u0259k insandan h\u00fcn\u0259r ist\u0259yirdi.\n<\/p>\n<p>\n  R\u0259hm\u0259tlik atam g\u00fcl\u0259-g\u00fcl\u0259 dan\u0131\u015fard\u0131 ki, g\u00f6rk\u0259mli \u0259dibimiz M\u0259mm\u0259d S\u0259id Ordubadi il\u0259 zarafatla\u015fmaq ist\u0259y\u0259n g\u0259nc \u0259dibl\u0259r \u00e7ox ciddi g\u00f6rk\u0259ml\u0259 onu \u0259hat\u0259y\u0259 al\u0131b dey\u0259rdil\u0259r ki, \u201ckommunizmin z\u0259f\u0259r \u00e7a\u011f\u0131nda bel\u0259 g\u00f6rk\u0259mli sovet \u0259dibinin \u201ckommunist\u201d s\u00f6z\u00fcn\u00fc t\u0259l\u0259ff\u00fcz ed\u0259 bilm\u0259m\u0259si b\u00f6y\u00fck siyasi s\u0259hvdir\u201d. Z\u0259man\u0259nin xatalar\u0131n\u0131 \u00e7ox yax\u015f\u0131 duyan b\u00f6y\u00fck romanist t\u0259\u015fvi\u015f\u0259 d\u00fc\u015f\u00fcb iddia edirdi ki, \u201cel\u0259 \u015fey yoxdur, m\u0259n bu s\u00f6z\u00fc d\u00fczg\u00fcn t\u0259l\u0259ff\u00fcz edir\u0259m\u201d. C\u00fcv\u0259lla\u011f\u0131 g\u0259nc \u0259dibl\u0259r m\u00f6ht\u0259r\u0259m romanisti k\u00fcnc\u0259 s\u0131x\u0131b t\u0259l\u0259b edirdil\u0259r ki, iddias\u0131n\u0131n d\u00fczg\u00fcnl\u00fcy\u00fcn\u00fc \u0259yani s\u00fcbut etm\u0259k \u00fc\u00e7\u00fcn birc\u0259 d\u0259f\u0259 \u201ckommunist\u201d s\u00f6z\u00fcn\u00fc desin. Bi\u00e7ar\u0259 M\u0259mm\u0259d S\u0259id Ordubadi b\u00fct\u00fcn diqq\u0259tini v\u0259 f\u0259hmini c\u0259ml\u0259yib deyirdi: \u201cq\u0259minist\u201d.\n<\/p>\n<p>\n  T\u0259bii ki, g\u0259nc \u0259dibl\u0259r bu \u015fit zarafatlar\u0131n\u0131n tutmas\u0131ndan \u00e7ox xo\u015fhal olurdular v\u0259 q\u0259hq\u0259h\u0259 \u00e7\u0259kib u\u011funurdular.\n<\/p>\n<p>\n  Lakin vaxt ke\u00e7dikc\u0259 az\u0259rbaycanl\u0131lar \u00f6zl\u0259rinin \u015f\u0259rait\u0259 v\u0259 zamana uy\u011funla\u015fmaq qabiliyy\u0259tinin say\u0259sind\u0259 n\u0259inki \u201ckommunist\u201d s\u00f6z\u00fcn\u00fc d\u00fczg\u00fcn t\u0259l\u0259ff\u00fcz etm\u0259yi \u00f6yr\u0259ndil\u0259r, h\u0259m d\u0259 anlad\u0131lar ki, hakim partiyan\u0131n \u00fczv\u00fc olmaq \u00e7\u00f6r\u0259k a\u011fac\u0131n\u0131 silk\u0259l\u0259m\u0259k \u00fc\u00e7\u00fcn sehirli \u00e7ubuqdur.\n<\/p>\n<p>\n  V\u0259 ba\u015flad\u0131 az\u0259rbaycanl\u0131lar\u0131n Kommunist Partiyas\u0131na k\u00fctl\u0259vi soxulmas\u0131.\n<\/p>\n<p>\n  T\u0259bii ki, onlar\u0131n he\u00e7 birc\u0259 faizi marksizm klassikl\u0259rini oxumam\u0131\u015fd\u0131, y\u00fcz mind\u0259n biri \u0259m\u0259k insanlar\u0131n\u0131n qarda\u015fl\u0131\u011f\u0131na v\u0259 h\u0259mr\u0259yliyin\u0259 inan\u0131rd\u0131, lakin soxulman\u0131n h\u0259cmi el\u0259 y\u00fcks\u0259k h\u0259dd\u0259 \u00e7atd\u0131 ki, 1991-ci ilin sentyabr\u0131nda AKP dahi siyas\u0259t\u00e7i Ayaz M\u00fct\u0259llibovun irad\u0259si v\u0259 g\u00f6st\u0259ri\u015fi il\u0259 l\u0259\u011fv olunanda onun s\u0131ralar\u0131nda 400 mind\u0259n \u00e7ox \u00f6z\u00fcn\u00fc az\u0259rbaycanl\u0131 adland\u0131ran m\u0259xluq topla\u015fm\u0131\u015fd\u0131.\n<\/p>\n<p>\n  Az\u0259rbaycanl\u0131lar\u0131n kommunistliyini \u00f6z g\u00f6z\u00fcm il\u0259 g\u00f6rm\u00fc\u015f\u0259m. G\u00f6rm\u00fc\u015f\u0259m ki, g\u00f6rk\u0259mli antikommunist Heyd\u0259r \u018fliyev\u0259 s\u00fcr\u0259kli alq\u0131\u015flar b\u0259x\u015f edibl\u0259r. G\u00f6rm\u00fc\u015f\u0259m ki, marksizmin t\u0259m\u0259lind\u0259 duran azad v\u0259 l\u0259yaq\u0259tli insan m\u0259fhumuna uy\u011fun olmaq ist\u0259y\u0259n \u015f\u0259xsin \u00fcst\u00fcn\u0259 quz\u011fun kimi t\u00f6k\u00fcl\u00fc\u015f\u00fcb onu didibl\u0259r. G\u00f6rm\u00fc\u015f\u0259m ki, n\u0259z\u0259riyy\u0259y\u0259 g\u00f6r\u0259 \u0259qid\u0259 v\u0259 vicdana sadiq olmaq \u0259v\u0259zin\u0259 bizim bu az\u0259rbaycanl\u0131 kommunistl\u0259r ger\u00e7\u0259klikd\u0259 qar\u0131nlar\u0131na v\u0259 m\u00fcdirl\u0259rin\u0259 sadiq olublar.\n<\/p>\n<p>\n  1968-ci ild\u0259 AKP-nin 26 Bak\u0131 komissar\u0131 ad\u0131na raykomunda partiya \u00fczvl\u00fcy\u00fcn\u0259 namiz\u0259d kimi b\u00fcronun q\u0259bul ota\u011f\u0131nda n\u00f6vb\u0259mi g\u00f6zl\u0259y\u0259rk\u0259n ayaqqab\u0131 fabrikind\u0259n partiya \u00fczvl\u00fcy\u00fcn\u0259 namiz\u0259dl\u0259rin \u00f6z aralar\u0131nda etdikl\u0259ri \u015fit zarafat\u0131 qulaqlar\u0131mla e\u015fitmi\u015f\u0259m: \u201c Soru\u015fsalar ki, partiyaya niy\u0259 girirs\u0259n, n\u0259 dey\u0259c\u0259ks\u0259n?\u201d \u201c\u00d6z\u00fcm \u00f6l\u00fcm, h\u0259qiq\u0259ti dey\u0259c\u0259y\u0259m. Dey\u0259c\u0259y\u0259m ki, partiyaya ona g\u00f6r\u0259 girir\u0259m ki, sexd\u0259ki o\u011furlu\u011fumun \u00fcst\u00fc a\u00e7\u0131lsa, birinci d\u0259f\u0259 i\u015fimi prokurorlu\u011fa g\u00f6nd\u0259rm\u0259sinl\u0259r, sad\u0259c\u0259 \u015f\u0259xsi i\u015fim\u0259 yaz\u0131lmaqla t\u00f6hm\u0259t versinl\u0259r&#8230;\u201d V\u0259 bu sif\u0259tl\u0259rind\u0259n z\u0259ka \u0259v\u0259zin\u0259 qar\u0131nqululuq ya\u011fan ikiayaql\u0131 m\u0259xluqat g\u00fcl\u00fc\u015f\u00fcb h\u0259min g\u00fcn bu partiyada m\u0259ni g\u00f6zl\u0259y\u0259n \u0259zabl\u0131 g\u0259l\u0259c\u0259yimd\u0259n m\u00fcjd\u0259 verdil\u0259r.\n<\/p>\n<p>\n  Sonda onu deyim ki, Az\u0259rbaycan Kommunist Partiyas\u0131na yenid\u0259nqurmada d\u0259st\u0259k verm\u0259k sevdas\u0131 il\u0259 yaratma\u011fa ba\u015flad\u0131\u011f\u0131m Az\u0259rbaycan Xalq C\u0259bh\u0259sinin ilk \u0130dar\u0259 Hey\u0259tinin 15 \u00fczv\u00fcnd\u0259n yar\u0131s\u0131 h\u0259min bu \u00e7\u00f6r\u0259k a\u011fac\u0131n\u0131 silk\u0259l\u0259m\u0259k m\u0259qs\u0259dil\u0259 Kommunist Partiyas\u0131na soxulmu\u015flar idi ki, h\u0259lledici m\u0259qamda ham\u0131s\u0131 f\u0259xrl\u0259 elan etdil\u0259r ki, kommunizmin d\u00fc\u015fm\u0259nl\u0259ridirl\u0259r!\n<\/p>\n<p>\n  1990-c\u0131 ilin yanvar ay\u0131n\u0131n 22-d\u0259 Sergey Mironovi\u00e7 Kirov ad\u0131na Da\u011f\u00fcst\u00fc istirah\u0259t park\u0131nda AXC v\u0259 AKP marallar\u0131n\u0131n hakimiyy\u0259t \u00e7arp\u0131\u015fmas\u0131nda g\u00fcdaza verdikl\u0259ri g\u00fcnahs\u0131z qurbanlar\u0131n d\u0259fn m\u0259rasimi zaman\u0131 \u0259traf\u0131mda durmu\u015f bir-iki kommunist hissl\u0259rini cilovlaya bilm\u0259yib cibl\u0259rind\u0259n partiya biletl\u0259rini \u00e7\u0131xard\u0131lar v\u0259 al\u0131\u015fqanla onlar\u0131 odlad\u0131lar. Bu zaman onlar\u0131n g\u00f6zl\u0259rind\u0259 g\u00f6z ya\u015f\u0131 gil\u0259l\u0259nirdi.\n<\/p>\n<p>\n  Ham\u0131 el\u0259 bildi ki, onlar \u015f\u0259hidl\u0259r\u0259 a\u011flay\u0131rlar, birc\u0259 m\u0259n bildim ki, onlar bu partiya biletl\u0259rini \u0259ld\u0259 etm\u0259k \u00fc\u00e7\u00fcn partokratlara verdikl\u0259ri b\u00f6y\u00fck miqdarda r\u00fc\u015fv\u0259tin h\u0259d\u0259r getm\u0259sin\u0259 a\u011flay\u0131rlar. Zira onlar d\u0259rk etmi\u015fdil\u0259r ki, partiya bileti bundan sonra onlara \u00e7\u00f6r\u0259k a\u011fac\u0131n\u0131 silk\u0259l\u0259m\u0259y\u0259 k\u00f6m\u0259k ed\u0259 bilm\u0259y\u0259c\u0259k.\n<\/p>\n<p>\n  B\u0259s n\u0259, hans\u0131 alternativ sehrli \u00e7ubuq az\u0259rbaycanl\u0131lara imkan ver\u0259c\u0259k ki, z\u0259hm\u0259tsiz b\u00f6y\u00fck pullara \u00e7ats\u0131nlar? Bel\u0259 sehrli \u00e7ubuq varm\u0131? Xalq\u0131 v\u0259 V\u0259t\u0259ni minib s\u00fcrm\u0259k \u00fc\u00e7\u00fcn tarmar olmu\u015f kommunizm ideologiyas\u0131n\u0131n yerini n\u0259 tuta bil\u0259r? Az\u0259rbaycanl\u0131lar hans\u0131 ideologiya il\u0259 bu \u0259yri c\u0259miyy\u0259td\u0259 \u00f6zl\u0259rin\u0259 layiqli yeri tutub r\u00fc\u015fv\u0259t v\u0259 o\u011furluq bula\u011f\u0131ndan doyunca  i\u00e7\u0259 bil\u0259rl\u0259r?\n<\/p>\n<p>\n  Bel\u0259 ideologiya varm\u0131? Fani d\u00fcnyadak\u0131 c\u0259nn\u0259t\u0259 hans\u0131 yol apar\u0131r?\n<\/p>\n<p>\n  Bu yolu xalqa Ulu \u00f6nd\u0259r g\u00f6st\u0259rdi. M\u0259hz bu alovlu lenin\u00e7i M\u0259kk\u0259y\u0259 gedib Qibl\u0259nin \u0259traf\u0131nda doland\u0131 v\u0259 \u018fr\u0259fat da\u011f\u0131na gedib \u015feytana da\u015f tullad\u0131.\n<\/p>\n<p>\n  Arif\u0259 i\u015far\u0259 d\u0259 b\u0259sdir. M\u0259murlar\u0131n h\u0259cc y\u00fcr\u00fc\u015f\u00fc ba\u015flad\u0131. M\u00fcxalif\u0259t d\u0259 geri qalmay\u0131b ba\u015fda \u0130sa Q\u0259mb\u0259r olmaqla h\u0259cc\u0259 gedib hac\u0131 oldu. El\u0259 m\u0259mur tap\u0131ld\u0131 ki, h\u0259cc\u0259 iyirmi d\u0259f\u0259 getdi.\n<\/p>\n<p>\n  Prokurorluq i\u015f\u00e7il\u0259rinin m\u00fctl\u0259q \u0259ks\u0259riyy\u0259ti dindar m\u00fcs\u0259lmand\u0131r. \u0130\u015f vaxt\u0131n\u0131n 99%-ni h\u0259sr edirl\u0259r g\u00fcnahs\u0131z adamlara i\u015f tikm\u0259y\u0259, b\u0259xti g\u0259tirm\u0259mi\u015f v\u0259 b\u00f6y\u00fckl\u0259rin q\u0259z\u0259bin\u0259 tu\u015f g\u0259lmi\u015f orta o\u011frular\u0131n m\u00fclkiyy\u0259tinin q\u0259sb edilm\u0259sin\u0259, 1%-ni h\u0259sr edirl\u0259r namaza v\u0259 Allaha duaya. \u018fks\u0259riyy\u0259ti, t\u0259bii ki, M\u0259kk\u0259y\u0259 gedib hac\u0131 olub.\n<\/p>\n<p>\n  M\u0259nzill\u0259rin kvadratmetrini 200 dollara tikib m\u0259zlum m\u00fcs\u0259lmanlara 600 dollara satan d\u0259l\u0259duz tikinti \u0259rbablar\u0131n\u0131n m\u00fctl\u0259q \u0259ks\u0259riyy\u0259ti \u00fcsuli-d-din\u0259 v\u0259 furui-d-din\u0259 riay\u0259t ed\u0259n m\u00fcs\u0259lmanlard\u0131r.\n<\/p>\n<p>\n  A ki\u015fil\u0259r! Polis! Polis zabitl\u0259rinin \u0259ks\u0259riyy\u0259ti kimdir? M\u00fcs\u0259lman&#8230;\n<\/p>\n<p>\n  \u0130cra ba\u015f\u00e7\u0131lar\u0131, nazirl\u0259r v\u0259 m\u00fcavinl\u0259ri, deputatlar\u0131n \u0259ks\u0259riyy\u0259ti kimdir? M\u00fcs\u0259lman&#8230;\n<\/p>\n<p>\n  Kommunist ideologiyas\u0131 bizim milli kommunistl\u0259rin s\u0259yi il\u0259 c\u0259h\u0259nn\u0259m\u0259 vasil olandan sonra bizim milli m\u00fcs\u0259lmanlar giri\u015fibl\u0259r islama. M\u0259n d\u00fcn\u0259n\u0259 q\u0259d\u0259r el\u0259 bilirdim ki, islama zaval yoxdur. F\u0259q\u0259t az\u0259rbaycanl\u0131lar\u0131n namaz q\u0131lmas\u0131n\u0131, oruc tutmas\u0131n\u0131, M\u0259kk\u0259y\u0259 ziyar\u0259t\u0259 getm\u0259sini g\u00f6r\u0259nd\u0259n sonra \u0259min\u0259m ki, islam\u0131n s\u00fcqutu yax\u0131nla\u015f\u0131r.\n<\/p>\n<p>\n  M\u0259n g\u00f6rm\u0259y\u0259c\u0259y\u0259m, lakin bu, qa\u00e7\u0131lmazd\u0131r.\n<\/p>\n<p>\n  Sonra is\u0259 n\u00f6vb\u0259 liberalizmindir. \u0130slam\u0131n s\u00fcqutundan sonra az\u0259rbaycanl\u0131lar Hikm\u0259t Hac\u0131zad\u0259nin \u00fclvi arzular\u0131n\u0131 ger\u00e7\u0259kl\u0259\u015fdir\u0259r\u0259k k\u00fctl\u0259vi \u015f\u0259kild\u0259 liberal olacaqlar. Liberal d\u0259y\u0259rl\u0259rin bayra\u011f\u0131 alt\u0131nda el\u0259 i\u015fl\u0259r g\u00f6r\u0259c\u0259kl\u0259r ki, liberalizm t\u0259dqiqat\u00e7\u0131lar\u0131 Bu\u015fa v\u0259 Trampa ehsan ver\u0259c\u0259kl\u0259r.\n<\/p>\n<p>\n  Bel\u0259 minvalla liberalizmin d\u0259 ax\u0131r\u0131na \u00e7\u0131xacaqlar.\n<\/p>\n<p>\n  Sonra n\u0259?\n<\/p>\n<p>\n  N\u0259 \u00e7oxdur d\u00fcnyada izml\u0259r, bizimkil\u0259r zir\u0259k mill\u0259tdir, n\u0259yi is\u0259 tap\u0131b onun m\u0259hvin\u0259 giri\u015f\u0259c\u0259kl\u0259r.\n<\/p>\n<p>\n  Ke\u00e7\u0259n\u0259 g\u00fcz\u0259\u015ft dey\u0259rl\u0259r. Karl Marks bils\u0259ydi ki, onun t\u0259limini az\u0259rbaycanl\u0131lar hans\u0131 k\u00f6k\u0259 salacaq, b\u0259lk\u0259 d\u0259 \u00f6z\u00fcn\u0259 z\u0259hm\u0259t verib o boyda \u201cKapital\u201d\u0131 yazmazd\u0131.\n<\/p>\n<p>\n  M\u0259h\u0259mm\u0259d aleyhi-s-salam bils\u0259ydi ki, 1400 il sonra onun t\u0259limini hans\u0131 zatlar hans\u0131 m\u0259qs\u0259dl\u0259r \u00fc\u00e7\u00fcn istifad\u0259 ed\u0259c\u0259k, b\u0259lk\u0259 d\u0259 el\u0259 M\u0259kk\u0259d\u0259 qal\u0131b M\u0259din\u0259y\u0259 hicr\u0259t etm\u0259zdi.\n<\/p>\n<p>\n  Amma \u0259n dahi adamlar, h\u0259tta pey\u011f\u0259mb\u0259rl\u0259r bel\u0259 az\u0259rbaycanl\u0131lar\u0131 d\u0259rk etm\u0259y\u0259 qadir deyill\u0259r. M\u0259hz buna g\u00f6r\u0259 dahi Sabir etiraf etmi\u015fdi ki, \u201cHarda m\u00fcs\u0259lman g\u00f6r\u00fcr\u0259m, qorxuram&#8230;\u201d\n<\/p>\n<p>\n  D\u00fcz el\u0259yirdi. Sabir kimi dahi olmasam da, el\u0259 m\u0259n d\u0259, indi  harda m\u00fcs\u0259lman g\u00f6r\u00fcr\u0259m, qorxuram&#8230;<\/p>\n","protected":false},"excerpt":{"rendered":"<p>\u018fn dahi adamlar, h\u0259tta pey\u011f\u0259mb\u0259rl\u0259r bel\u0259 az\u0259rbaycanl\u0131lar\u0131 d\u0259rk etm\u0259y\u0259 qadir deyill\u0259r<\/p>\n","protected":false},"author":11,"featured_media":126053,"comment_status":"closed","ping_status":"open","sticky":false,"template":"","format":"standard","meta":{"_acf_changed":false,"_sitemap_exclude":false,"_sitemap_priority":"","_sitemap_frequency":"","footnotes":""},"categories":[57],"tags":[],"class_list":["post-196877","post","type-post","status-publish","format-standard","has-post-thumbnail","hentry","category-menim-fikrimce","infinite-scroll-item","generate-columns","tablet-grid-50","mobile-grid-100","grid-parent","grid-33","no-featured-image-padding"],"acf":[],"yoast_head":"<!-- This site is optimized with the Yoast SEO plugin v27.4 - https:\/\/yoast.com\/product\/yoast-seo-wordpress\/ -->\n<title>Nec\u0259 kommunist idil\u0259rs\u0259, o c\u00fcr d\u0259 m\u00fcs\u0259lmand\u0131rlar - MEYDAN.TV<\/title>\n<meta name=\"robots\" content=\"index, follow, max-snippet:-1, max-image-preview:large, max-video-preview:-1\" \/>\n<link rel=\"canonical\" href=\"https:\/\/www.meydan.tv\/az\/article\/nece-kommunist-idilerse-o-cur-de-muselmandirlar\/\" \/>\n<meta property=\"og:locale\" content=\"az_AZ\" \/>\n<meta property=\"og:type\" content=\"article\" \/>\n<meta property=\"og:title\" content=\"Nec\u0259 kommunist idil\u0259rs\u0259, o c\u00fcr d\u0259 m\u00fcs\u0259lmand\u0131rlar - MEYDAN.TV\" \/>\n<meta property=\"og:description\" content=\"\u018fn dahi adamlar, h\u0259tta pey\u011f\u0259mb\u0259rl\u0259r bel\u0259 az\u0259rbaycanl\u0131lar\u0131 d\u0259rk etm\u0259y\u0259 qadir deyill\u0259r\" \/>\n<meta property=\"og:url\" content=\"https:\/\/www.meydan.tv\/az\/article\/nece-kommunist-idilerse-o-cur-de-muselmandirlar\/\" \/>\n<meta property=\"og:site_name\" content=\"MEYDAN.TV\" \/>\n<meta property=\"article:published_time\" content=\"2019-09-09T14:41:29+00:00\" \/>\n<meta property=\"og:image\" content=\"https:\/\/www.meydan.tv\/wp-content\/uploads\/image_from_ios_2_p52ittc.original-scaled.jpg\" \/>\n\t<meta property=\"og:image:width\" content=\"2560\" \/>\n\t<meta property=\"og:image:height\" content=\"1440\" \/>\n\t<meta property=\"og:image:type\" content=\"image\/jpeg\" \/>\n<meta name=\"author\" content=\"user-manager\" \/>\n<meta name=\"twitter:card\" content=\"summary_large_image\" \/>\n<script type=\"application\/ld+json\" class=\"yoast-schema-graph\">{\"@context\":\"https:\\\/\\\/schema.org\",\"@graph\":[{\"@type\":\"Article\",\"@id\":\"https:\\\/\\\/www.meydan.tv\\\/az\\\/article\\\/nece-kommunist-idilerse-o-cur-de-muselmandirlar\\\/#article\",\"isPartOf\":{\"@id\":\"https:\\\/\\\/www.meydan.tv\\\/az\\\/article\\\/nece-kommunist-idilerse-o-cur-de-muselmandirlar\\\/\"},\"author\":{\"name\":\"user-manager\",\"@id\":\"https:\\\/\\\/www.meydan.tv\\\/az\\\/#\\\/schema\\\/person\\\/10d11eccf6da3662cf5fdab9806ea91a\"},\"headline\":\"Nec\u0259 kommunist idil\u0259rs\u0259, o c\u00fcr d\u0259 m\u00fcs\u0259lmand\u0131rlar\",\"datePublished\":\"2019-09-09T14:41:29+00:00\",\"mainEntityOfPage\":{\"@id\":\"https:\\\/\\\/www.meydan.tv\\\/az\\\/article\\\/nece-kommunist-idilerse-o-cur-de-muselmandirlar\\\/\"},\"wordCount\":2136,\"publisher\":{\"@id\":\"https:\\\/\\\/www.meydan.tv\\\/az\\\/#organization\"},\"image\":{\"@id\":\"https:\\\/\\\/www.meydan.tv\\\/az\\\/article\\\/nece-kommunist-idilerse-o-cur-de-muselmandirlar\\\/#primaryimage\"},\"thumbnailUrl\":\"https:\\\/\\\/www.meydan.tv\\\/wp-content\\\/uploads\\\/image_from_ios_2_p52ittc.original-scaled-e1657365012673.jpg\",\"articleSection\":[\"M\u0259nim Fikrimc\u0259\"],\"inLanguage\":\"az\"},{\"@type\":\"WebPage\",\"@id\":\"https:\\\/\\\/www.meydan.tv\\\/az\\\/article\\\/nece-kommunist-idilerse-o-cur-de-muselmandirlar\\\/\",\"url\":\"https:\\\/\\\/www.meydan.tv\\\/az\\\/article\\\/nece-kommunist-idilerse-o-cur-de-muselmandirlar\\\/\",\"name\":\"Nec\u0259 kommunist idil\u0259rs\u0259, o c\u00fcr d\u0259 m\u00fcs\u0259lmand\u0131rlar - MEYDAN.TV\",\"isPartOf\":{\"@id\":\"https:\\\/\\\/www.meydan.tv\\\/az\\\/#website\"},\"primaryImageOfPage\":{\"@id\":\"https:\\\/\\\/www.meydan.tv\\\/az\\\/article\\\/nece-kommunist-idilerse-o-cur-de-muselmandirlar\\\/#primaryimage\"},\"image\":{\"@id\":\"https:\\\/\\\/www.meydan.tv\\\/az\\\/article\\\/nece-kommunist-idilerse-o-cur-de-muselmandirlar\\\/#primaryimage\"},\"thumbnailUrl\":\"https:\\\/\\\/www.meydan.tv\\\/wp-content\\\/uploads\\\/image_from_ios_2_p52ittc.original-scaled-e1657365012673.jpg\",\"datePublished\":\"2019-09-09T14:41:29+00:00\",\"breadcrumb\":{\"@id\":\"https:\\\/\\\/www.meydan.tv\\\/az\\\/article\\\/nece-kommunist-idilerse-o-cur-de-muselmandirlar\\\/#breadcrumb\"},\"inLanguage\":\"az\",\"potentialAction\":[{\"@type\":\"ReadAction\",\"target\":[\"https:\\\/\\\/www.meydan.tv\\\/az\\\/article\\\/nece-kommunist-idilerse-o-cur-de-muselmandirlar\\\/\"]}]},{\"@type\":\"ImageObject\",\"inLanguage\":\"az\",\"@id\":\"https:\\\/\\\/www.meydan.tv\\\/az\\\/article\\\/nece-kommunist-idilerse-o-cur-de-muselmandirlar\\\/#primaryimage\",\"url\":\"https:\\\/\\\/www.meydan.tv\\\/wp-content\\\/uploads\\\/image_from_ios_2_p52ittc.original-scaled-e1657365012673.jpg\",\"contentUrl\":\"https:\\\/\\\/www.meydan.tv\\\/wp-content\\\/uploads\\\/image_from_ios_2_p52ittc.original-scaled-e1657365012673.jpg\",\"width\":2560,\"height\":1286,\"caption\":\"Foto: Meydan.tv\"},{\"@type\":\"BreadcrumbList\",\"@id\":\"https:\\\/\\\/www.meydan.tv\\\/az\\\/article\\\/nece-kommunist-idilerse-o-cur-de-muselmandirlar\\\/#breadcrumb\",\"itemListElement\":[{\"@type\":\"ListItem\",\"position\":1,\"name\":\"Ana s\u0259hif\u0259\",\"item\":\"https:\\\/\\\/www.meydan.tv\\\/az\\\/\"},{\"@type\":\"ListItem\",\"position\":2,\"name\":\"M\u0259nim Fikrimc\u0259\",\"item\":\"https:\\\/\\\/www.meydan.tv\\\/az\\\/section\\\/menim-fikrimce\\\/\"},{\"@type\":\"ListItem\",\"position\":3,\"name\":\"Nec\u0259 kommunist idil\u0259rs\u0259, o c\u00fcr d\u0259 m\u00fcs\u0259lmand\u0131rlar\"}]},{\"@type\":\"WebSite\",\"@id\":\"https:\\\/\\\/www.meydan.tv\\\/az\\\/#website\",\"url\":\"https:\\\/\\\/www.meydan.tv\\\/az\\\/\",\"name\":\"MEYDAN.TV\",\"description\":\"Meydan TV Az\u0259rbaycan\u0131n media m\u0259kan\u0131ndak\u0131 alternativ s\u0259sidir\",\"publisher\":{\"@id\":\"https:\\\/\\\/www.meydan.tv\\\/az\\\/#organization\"},\"potentialAction\":[{\"@type\":\"SearchAction\",\"target\":{\"@type\":\"EntryPoint\",\"urlTemplate\":\"https:\\\/\\\/www.meydan.tv\\\/az\\\/?s={search_term_string}\"},\"query-input\":{\"@type\":\"PropertyValueSpecification\",\"valueRequired\":true,\"valueName\":\"search_term_string\"}}],\"inLanguage\":\"az\"},{\"@type\":\"Organization\",\"@id\":\"https:\\\/\\\/www.meydan.tv\\\/az\\\/#organization\",\"name\":\"Meydan TV\",\"url\":\"https:\\\/\\\/www.meydan.tv\\\/az\\\/\",\"logo\":{\"@type\":\"ImageObject\",\"inLanguage\":\"az\",\"@id\":\"https:\\\/\\\/www.meydan.tv\\\/az\\\/#\\\/schema\\\/logo\\\/image\\\/\",\"url\":\"https:\\\/\\\/www.meydan.tv\\\/wp-content\\\/uploads\\\/2021\\\/07\\\/meydan-logo.svg\",\"contentUrl\":\"https:\\\/\\\/www.meydan.tv\\\/wp-content\\\/uploads\\\/2021\\\/07\\\/meydan-logo.svg\",\"width\":195,\"height\":46,\"caption\":\"Meydan TV\"},\"image\":{\"@id\":\"https:\\\/\\\/www.meydan.tv\\\/az\\\/#\\\/schema\\\/logo\\\/image\\\/\"}},{\"@type\":\"Person\",\"@id\":\"https:\\\/\\\/www.meydan.tv\\\/az\\\/#\\\/schema\\\/person\\\/10d11eccf6da3662cf5fdab9806ea91a\",\"name\":\"user-manager\"}]}<\/script>\n<!-- \/ Yoast SEO plugin. -->","yoast_head_json":{"title":"Nec\u0259 kommunist idil\u0259rs\u0259, o c\u00fcr d\u0259 m\u00fcs\u0259lmand\u0131rlar - MEYDAN.TV","robots":{"index":"index","follow":"follow","max-snippet":"max-snippet:-1","max-image-preview":"max-image-preview:large","max-video-preview":"max-video-preview:-1"},"canonical":"https:\/\/www.meydan.tv\/az\/article\/nece-kommunist-idilerse-o-cur-de-muselmandirlar\/","og_locale":"az_AZ","og_type":"article","og_title":"Nec\u0259 kommunist idil\u0259rs\u0259, o c\u00fcr d\u0259 m\u00fcs\u0259lmand\u0131rlar - MEYDAN.TV","og_description":"\u018fn dahi adamlar, h\u0259tta pey\u011f\u0259mb\u0259rl\u0259r bel\u0259 az\u0259rbaycanl\u0131lar\u0131 d\u0259rk etm\u0259y\u0259 qadir deyill\u0259r","og_url":"https:\/\/www.meydan.tv\/az\/article\/nece-kommunist-idilerse-o-cur-de-muselmandirlar\/","og_site_name":"MEYDAN.TV","article_published_time":"2019-09-09T14:41:29+00:00","og_image":[{"width":2560,"height":1440,"url":"https:\/\/www.meydan.tv\/wp-content\/uploads\/image_from_ios_2_p52ittc.original-scaled.jpg","type":"image\/jpeg"}],"author":"user-manager","twitter_card":"summary_large_image","schema":{"@context":"https:\/\/schema.org","@graph":[{"@type":"Article","@id":"https:\/\/www.meydan.tv\/az\/article\/nece-kommunist-idilerse-o-cur-de-muselmandirlar\/#article","isPartOf":{"@id":"https:\/\/www.meydan.tv\/az\/article\/nece-kommunist-idilerse-o-cur-de-muselmandirlar\/"},"author":{"name":"user-manager","@id":"https:\/\/www.meydan.tv\/az\/#\/schema\/person\/10d11eccf6da3662cf5fdab9806ea91a"},"headline":"Nec\u0259 kommunist idil\u0259rs\u0259, o c\u00fcr d\u0259 m\u00fcs\u0259lmand\u0131rlar","datePublished":"2019-09-09T14:41:29+00:00","mainEntityOfPage":{"@id":"https:\/\/www.meydan.tv\/az\/article\/nece-kommunist-idilerse-o-cur-de-muselmandirlar\/"},"wordCount":2136,"publisher":{"@id":"https:\/\/www.meydan.tv\/az\/#organization"},"image":{"@id":"https:\/\/www.meydan.tv\/az\/article\/nece-kommunist-idilerse-o-cur-de-muselmandirlar\/#primaryimage"},"thumbnailUrl":"https:\/\/www.meydan.tv\/wp-content\/uploads\/image_from_ios_2_p52ittc.original-scaled-e1657365012673.jpg","articleSection":["M\u0259nim Fikrimc\u0259"],"inLanguage":"az"},{"@type":"WebPage","@id":"https:\/\/www.meydan.tv\/az\/article\/nece-kommunist-idilerse-o-cur-de-muselmandirlar\/","url":"https:\/\/www.meydan.tv\/az\/article\/nece-kommunist-idilerse-o-cur-de-muselmandirlar\/","name":"Nec\u0259 kommunist idil\u0259rs\u0259, o c\u00fcr d\u0259 m\u00fcs\u0259lmand\u0131rlar - MEYDAN.TV","isPartOf":{"@id":"https:\/\/www.meydan.tv\/az\/#website"},"primaryImageOfPage":{"@id":"https:\/\/www.meydan.tv\/az\/article\/nece-kommunist-idilerse-o-cur-de-muselmandirlar\/#primaryimage"},"image":{"@id":"https:\/\/www.meydan.tv\/az\/article\/nece-kommunist-idilerse-o-cur-de-muselmandirlar\/#primaryimage"},"thumbnailUrl":"https:\/\/www.meydan.tv\/wp-content\/uploads\/image_from_ios_2_p52ittc.original-scaled-e1657365012673.jpg","datePublished":"2019-09-09T14:41:29+00:00","breadcrumb":{"@id":"https:\/\/www.meydan.tv\/az\/article\/nece-kommunist-idilerse-o-cur-de-muselmandirlar\/#breadcrumb"},"inLanguage":"az","potentialAction":[{"@type":"ReadAction","target":["https:\/\/www.meydan.tv\/az\/article\/nece-kommunist-idilerse-o-cur-de-muselmandirlar\/"]}]},{"@type":"ImageObject","inLanguage":"az","@id":"https:\/\/www.meydan.tv\/az\/article\/nece-kommunist-idilerse-o-cur-de-muselmandirlar\/#primaryimage","url":"https:\/\/www.meydan.tv\/wp-content\/uploads\/image_from_ios_2_p52ittc.original-scaled-e1657365012673.jpg","contentUrl":"https:\/\/www.meydan.tv\/wp-content\/uploads\/image_from_ios_2_p52ittc.original-scaled-e1657365012673.jpg","width":2560,"height":1286,"caption":"Foto: Meydan.tv"},{"@type":"BreadcrumbList","@id":"https:\/\/www.meydan.tv\/az\/article\/nece-kommunist-idilerse-o-cur-de-muselmandirlar\/#breadcrumb","itemListElement":[{"@type":"ListItem","position":1,"name":"Ana s\u0259hif\u0259","item":"https:\/\/www.meydan.tv\/az\/"},{"@type":"ListItem","position":2,"name":"M\u0259nim Fikrimc\u0259","item":"https:\/\/www.meydan.tv\/az\/section\/menim-fikrimce\/"},{"@type":"ListItem","position":3,"name":"Nec\u0259 kommunist idil\u0259rs\u0259, o c\u00fcr d\u0259 m\u00fcs\u0259lmand\u0131rlar"}]},{"@type":"WebSite","@id":"https:\/\/www.meydan.tv\/az\/#website","url":"https:\/\/www.meydan.tv\/az\/","name":"MEYDAN.TV","description":"Meydan TV Az\u0259rbaycan\u0131n media m\u0259kan\u0131ndak\u0131 alternativ s\u0259sidir","publisher":{"@id":"https:\/\/www.meydan.tv\/az\/#organization"},"potentialAction":[{"@type":"SearchAction","target":{"@type":"EntryPoint","urlTemplate":"https:\/\/www.meydan.tv\/az\/?s={search_term_string}"},"query-input":{"@type":"PropertyValueSpecification","valueRequired":true,"valueName":"search_term_string"}}],"inLanguage":"az"},{"@type":"Organization","@id":"https:\/\/www.meydan.tv\/az\/#organization","name":"Meydan TV","url":"https:\/\/www.meydan.tv\/az\/","logo":{"@type":"ImageObject","inLanguage":"az","@id":"https:\/\/www.meydan.tv\/az\/#\/schema\/logo\/image\/","url":"https:\/\/www.meydan.tv\/wp-content\/uploads\/2021\/07\/meydan-logo.svg","contentUrl":"https:\/\/www.meydan.tv\/wp-content\/uploads\/2021\/07\/meydan-logo.svg","width":195,"height":46,"caption":"Meydan TV"},"image":{"@id":"https:\/\/www.meydan.tv\/az\/#\/schema\/logo\/image\/"}},{"@type":"Person","@id":"https:\/\/www.meydan.tv\/az\/#\/schema\/person\/10d11eccf6da3662cf5fdab9806ea91a","name":"user-manager"}]}},"_links":{"self":[{"href":"https:\/\/www.meydan.tv\/az\/wp-json\/wp\/v2\/posts\/196877","targetHints":{"allow":["GET"]}}],"collection":[{"href":"https:\/\/www.meydan.tv\/az\/wp-json\/wp\/v2\/posts"}],"about":[{"href":"https:\/\/www.meydan.tv\/az\/wp-json\/wp\/v2\/types\/post"}],"author":[{"embeddable":true,"href":"https:\/\/www.meydan.tv\/az\/wp-json\/wp\/v2\/users\/11"}],"replies":[{"embeddable":true,"href":"https:\/\/www.meydan.tv\/az\/wp-json\/wp\/v2\/comments?post=196877"}],"version-history":[{"count":0,"href":"https:\/\/www.meydan.tv\/az\/wp-json\/wp\/v2\/posts\/196877\/revisions"}],"wp:featuredmedia":[{"embeddable":true,"href":"https:\/\/www.meydan.tv\/az\/wp-json\/wp\/v2\/media\/126053"}],"wp:attachment":[{"href":"https:\/\/www.meydan.tv\/az\/wp-json\/wp\/v2\/media?parent=196877"}],"wp:term":[{"taxonomy":"category","embeddable":true,"href":"https:\/\/www.meydan.tv\/az\/wp-json\/wp\/v2\/categories?post=196877"},{"taxonomy":"post_tag","embeddable":true,"href":"https:\/\/www.meydan.tv\/az\/wp-json\/wp\/v2\/tags?post=196877"}],"curies":[{"name":"wp","href":"https:\/\/api.w.org\/{rel}","templated":true}]}}