{"id":196868,"date":"2019-09-08T09:55:04","date_gmt":"2019-09-08T09:55:04","guid":{"rendered":"https:\/\/www.meydan.tv\/article\/nezaretci-muhendis-qanunsuzluqlardan-danisdim-issiz-qaldim-mehkemeye-verildim\/"},"modified":"2019-09-08T09:55:04","modified_gmt":"2019-09-08T09:55:04","slug":"nezaretci-muhendis-qanunsuzluqlardan-danisdim-issiz-qaldim-mehkemeye-verildim","status":"publish","type":"post","link":"https:\/\/www.meydan.tv\/az\/article\/nezaretci-muhendis-qanunsuzluqlardan-danisdim-issiz-qaldim-mehkemeye-verildim\/","title":{"rendered":"N\u0259zar\u0259t\u00e7i-m\u00fch\u0259ndis: Qanunsuzluqlardan dan\u0131\u015fd\u0131m, i\u015fsiz qald\u0131m, m\u0259hk\u0259m\u0259y\u0259 verildim"},"content":{"rendered":"<p>\n  <i><br \/>\n    C\u0259lilabad rayon Elektrik \u015e\u0259b\u0259k\u0259sinin ke\u00e7mi\u015f i\u015f\u00e7isi xidm\u0259ti \u0259razisind\u0259ki qanunsuzluqlara etiraz edib, ba\u015f\u0131 qalmaqaldad\u0131r<br \/>\n  <\/i>\n<\/p>\n<p>\n  \u201cObyektl\u0259r\u0259 ged\u0259nd\u0259 qanunsuzluqlar a\u015fkar edirdim. Bu qanunsuzluqlar\u0131n ba\u015f\u0131nda idar\u0259nin balans u\u00e7otu \u015f\u00f6b\u0259sinin m\u00fcdiri H\u0259bib M\u0259mm\u0259dovun dayand\u0131\u011f\u0131n\u0131 bilirdim. Bu bar\u0259d\u0259 rayonun i\u015f\u0131q idar\u0259sinin r\u0259isin\u0259 d\u0259 bildirirdim. O is\u0259 t\u0259dbir g\u00f6r\u0259c\u0259yin\u0259 s\u00f6z verirdi. M\u0259n bu qanunsuzluqlarla ba\u011fl\u0131 sosial \u015f\u0259b\u0259k\u0259l\u0259rd\u0259 yaz\u0131rd\u0131m. N\u0259tic\u0259d\u0259 idar\u0259 r\u0259hb\u0259rliyi q\u0259rara g\u0259ldi ki, bu qanunsuzluqlara son qoymaqdansa, m\u0259ni i\u015fd\u0259n k\u0259narla\u015fd\u0131rmaqla m\u0259s\u0259l\u0259ni \u00f6rt-basd\u0131r etsinl\u0259r\u201d.\n<\/p>\n<p>\n  C\u0259lilabad rayonunun Uzunt\u0259p\u0259 k\u0259nd sakini Kamran A\u011fayev 3 il h\u0259min rayonun i\u015f\u0131q idar\u0259sind\u0259 m\u00fch\u0259ndis-n\u0259zar\u0259t\u00e7i i\u015fl\u0259yib. Onun dem\u0259sin\u0259 g\u00f6r\u0259, i\u015fl\u0259diyi m\u00fcdd\u0259td\u0259 g\u00f6rd\u00fcy\u00fc qanunsuzluqlara g\u00f6z yuma bilm\u0259yib, g\u00f6rd\u00fckl\u0259rini sosial \u015f\u0259b\u0259k\u0259l\u0259rd\u0259 payla\u015f\u0131b. N\u0259tic\u0259d\u0259 \u00f6z\u00fc i\u015fsiz qal\u0131b. Bu azm\u0131\u015f kimi, idar\u0259nin balans u\u00e7otu \u015f\u00f6b\u0259sinin m\u00fcdiri H\u0259bib M\u0259mm\u0259dov onu m\u0259hk\u0259m\u0259y\u0259 verib, h\u0259bs olunmas\u0131n\u0131 t\u0259l\u0259b edir.\n<\/p>\n<p>\n  \u201c<br \/>\n  <b><br \/>\n    Fermalara enerji verili\u015find\u0259 qanunsuzluqlar vard\u0131, g\u0259lib r\u0259is\u0259 m\u0259ruz\u0259 etdim\u201d<br \/>\n  <\/b>\n<\/p>\n<p>\n  Karman A\u011fayev D\u00f6vl\u0259t Neft Akademiyas\u0131n\u0131 bitirib. 2016-c\u0131 ilin fevral ay\u0131nda idar\u0259y\u0259 i\u015f\u0259 q\u0259bul olunub. Xidm\u0259ti \u0259razisi olan fermalarda v\u0259 ba\u015fqa obyektl\u0259rd\u0259 olark\u0259n qanunsuzluqlar a\u015fkar edib. Bununla ba\u011fl\u0131 C\u0259lilabad rayon Elektrik \u015e\u0259b\u0259k\u0259sinin r\u0259hb\u0259rliyin\u0259 m\u0259lumat verib:\n<\/p>\n<p>\n  \u201cH\u0259min vaxt r\u0259isimiz Ayd\u0131n M\u0259mm\u0259dov idi. M\u0259n ona qanunsuzluq bar\u0259d\u0259 xidm\u0259ti m\u0259ruz\u0259 etdim. H\u0259bib M\u0259mm\u0259dov m\u0259ni d\u0259f\u0259l\u0259rl\u0259 k\u0259nara \u00e7\u0259kib x\u0259b\u0259rdarl\u0131q etdi ki, \u201cn\u0259 g\u00f6rd\u00fcn, yum g\u00f6z\u00fcn\u00fc, ke\u00e7, s\u0259nlik deyil\u201d. M\u0259ns\u0259 bildirdim ki, xidm\u0259ti \u0259razimd\u0259 kims\u0259 d\u00f6vl\u0259tin \u0259mlak\u0131yla \u015f\u0259xsi \u0259mlak\u0131 kimi davrana, qanunu poza bilm\u0259z. Ondan sonra H\u0259bib M\u0259mm\u0259dov m\u0259niml\u0259 q\u0259r\u0259z\u00e7ilik aparma\u011fa ba\u015flad\u0131\u201d.\n<\/p>\n<p>\n  \u201c<br \/>\n  <b><br \/>\n    B\u00fclletend\u0259 oldu\u011fum vaxt \u0259mrim verilib\u201d<br \/>\n  <\/b>\n<\/p>\n<p>\n  Kamran A\u011fayev deyir, q\u0259r\u0259z\u00e7ilik bu ilin iyulunda onun i\u015fsiz qalmas\u0131na s\u0259b\u0259b olub:\n<\/p>\n<p>\n  \u201c\u0130yun ay\u0131n\u0131n 29-dan b\u00fclletend\u0259 olmu\u015fam, h\u0259min vaxt \u0259lin\u0259 gir\u0259v\u0259 d\u00fc\u015f\u0259n idar\u0259 r\u0259hb\u0259rliyi m\u0259nim bar\u0259md\u0259 t\u0259qdimat yazaraq i\u015fd\u0259n \u00e7\u0131xar\u0131lma \u0259mrimi imzalay\u0131b. \u00c7\u00fcnki r\u0259is \u00f6z\u00fc sonralar m\u0259n\u0259 etiraf etdi ki, Kamran, s\u0259ninl\u0259 ba\u011fl\u0131 t\u0259qdimat\u0131 m\u0259n\u0259 H\u0259bib yazd\u0131rd\u0131, yoxsa yazmazd\u0131m. R\u0259hb\u0259rliyin bu h\u0259r\u0259k\u0259ti n\u00f6vb\u0259ti qanunsuzluq idi, \u00e7\u00fcnki m\u0259n b\u00fclletend\u0259 ola-ola i\u015fd\u0259n azad etmi\u015fdi. C\u0259lilabad rayon Elektrik \u015e\u0259b\u0259k\u0259sind\u0259 ba\u015f ver\u0259n qanunsuzluqla ba\u011fl\u0131 prezident\u0259, prokurora, \u201cAz\u0259ri\u015f\u0131q\u201d ASC-y\u0259, Energetika Nazirliyin\u0259 v\u0259 ba\u015fqa qurumlara yazd\u0131m. Yazd\u0131qlar\u0131ma yaln\u0131z Energetika Nazirliyind\u0259n reaksiya oldu. Yoxlama ke\u00e7irildi v\u0259 sadalad\u0131\u011f\u0131m qanunsuzluq faktlar\u0131 t\u0259sdiql\u0259ndi\u201d.\n<\/p>\n<p>\n  Energetika Nazirliyinin Enerji M\u0259s\u0259l\u0259l\u0259rini T\u0259nziml\u0259m\u0259 Agentliyinin L\u0259nk\u0259ran filial\u0131n\u0131n r\u0259isi El\u00e7in Qocayev sentyabr\u0131n \u0259vv\u0259li Kamran A\u011fayev\u0259 g\u00f6nd\u0259rdiyi m\u0259ktubda qeyd edib ki, onun prezident\u0259 v\u0259 dig\u0259r qurumlara \u00fcnvanlad\u0131\u011f\u0131 m\u00fcraci\u0259tl\u0259r bu filiala y\u00f6n\u0259ldilib. M\u00fcraci\u0259td\u0259 qald\u0131r\u0131lan m\u0259s\u0259l\u0259l\u0259r ara\u015fd\u0131r\u0131l\u0131b. Qeyd olunan qanun pozuntular\u0131 t\u0259sdiql\u0259nib, C\u0259lilabad Elektrik \u015e\u0259b\u0259k\u0259sinin r\u0259isi Maarif Novruzov v\u0259 balans u\u00e7otu \u015f\u00f6b\u0259sinin r\u0259isi H\u0259bib M\u0259mm\u0259dov bar\u0259sind\u0259 inzibati x\u0259ta haqq\u0131nda protokol t\u0259rtib olunub. M\u0259ktubun sonunda bildirilib ki, C\u0259lilabad Elektrik \u015e\u0259b\u0259k\u0259sinin \u0259m\u0259kda\u015flar\u0131n\u0131n f\u0259aliyy\u0259tinin ara\u015fd\u0131r\u0131lmas\u0131, onlar\u0131n bar\u0259sind\u0259 h\u0259r hans\u0131 intizam t\u0259nbehi t\u0259dbirl\u0259rinin g\u00f6r\u00fclm\u0259si Energetika Nazirliyinin s\u0259lahiyy\u0259tl\u0259rin\u0259 aid deyil. Kamran A\u011fayev\u0259 t\u00f6vsiy\u0259 edilib ki, bunun \u00fc\u00e7\u00fcn o, aidiyy\u0259ti qurumlara m\u00fcraci\u0259t ed\u0259 bil\u0259r.\n<\/p>\n<figure class=\"wp-block-image size-large\">\n  <img decoding=\"async\" src=\"https:\/\/www.meydan.tv\/az\/hebib-memmedov\/\" alt=\"H\u0259bib M\u0259mm\u0259dov\" class=\"wp-image-129333\"\/><figcaption>\n    H\u0259bib M\u0259mm\u0259dov<br \/>\n  <\/figcaption><\/figure>\n<p>\n  \u201c<br \/>\n  <b><br \/>\n    Nazir dedi, qanunsuzluqlar\u0131 aktla\u015fd\u0131rm\u0131\u015f\u0131q, gerisi bizlik deyil\u201d<br \/>\n  <\/b>\n<\/p>\n<p>\n  Kamran A\u011fayev energetika nazirinin q\u0259bulunda oldu\u011funu da deyir:\n<\/p>\n<p>\n  \u201cP\u0259rviz \u015eahbazov dedi ki, biz qanunsuzluqlar\u0131 a\u015fkar edib aktla\u015fd\u0131rm\u0131\u015f\u0131q, bundan o t\u0259r\u0259f\u0259 add\u0131m atmaq bizim s\u0259lahiyy\u0259miz\u0259 aid deyil. \u0130\u015fd\u0259n \u00e7\u0131xar\u0131lma\u011f\u0131na g\u0259linc\u0259, get, m\u0259hk\u0259m\u0259y\u0259 ver. Bug\u00fcn\u0259d\u0259k P\u0259rviz \u015eahbazovdan ba\u015fqa he\u00e7 bir qurum, nazir m\u00fcraci\u0259tl\u0259riml\u0259 maraqlanmay\u0131b. Bu c\u0259zas\u0131zl\u0131\u011f\u0131n n\u0259tic\u0259sidir ki, m\u0259niml\u0259 q\u0259r\u0259z\u00e7iliyi h\u0259l\u0259 d\u0259 davam etdir\u0259n H\u0259bib M\u0259mm\u0259dov guya ona b\u00f6htan atma\u011f\u0131ma g\u00f6r\u0259 m\u0259ni x\u00fcsusi ittiham qaydas\u0131nda \u015fikay\u0259t \u0259riz\u0259siyl\u0259 m\u0259hk\u0259m\u0259y\u0259 verib, 3 illik h\u0259bs olunma\u011f\u0131m\u0131 t\u0259l\u0259b edir. Halbuki, dediyim kimi, idar\u0259nin qanunsuzluqlar\u0131n\u0131 Energetika Nazirliyi d\u0259 t\u0259sdiql\u0259yib\u201d.\n<\/p>\n<p>\n  H\u0259bib M\u0259mm\u0259dovun \u015fikay\u0259t \u0259riz\u0259si \u00fczr\u0259 C\u0259lilabad Rayon M\u0259hk\u0259m\u0259sind\u0259 iki d\u0259f\u0259 m\u0259hk\u0259m\u0259y\u0259 haz\u0131rl\u0131q iclas\u0131 t\u0259yin olunub. \u0130lk iclas avqustun 29-na t\u0259yin olunsa da, Kamran A\u011fayevin ya\u015fad\u0131\u011f\u0131 \u00fcnvana bildiri\u015f avqustun 31-d\u0259 g\u0259lib. Bu s\u0259b\u0259bd\u0259n d\u0259 haz\u0131rl\u0131q iclas\u0131 ba\u015f tutmay\u0131b. Haz\u0131rl\u0131q iclas\u0131 n\u00f6vb\u0259ti d\u0259f\u0259 sentyabr\u0131n 5-n\u0259 t\u0259yin olunub, ancaq bu d\u0259f\u0259 H\u0259bib M\u0259mm\u0259dov haz\u0131rl\u0131q iclas\u0131 ba\u015flamam\u0131\u015fdan m\u0259hk\u0259m\u0259 binas\u0131n\u0131 t\u0259rk edib v\u0259 qay\u0131tmay\u0131b. Hakim iclas\u0131 n\u00f6vb\u0259ti d\u0259f\u0259 sentyabr\u0131n 17-d\u0259k t\u0259xir\u0259 sal\u0131b.\n<\/p>\n<p>\n  \u0130ki ay \u0259vv\u0259l Kamran A\u011fayev d\u0259 i\u015f\u0259 b\u0259rpa il\u0259 ba\u011fl\u0131 m\u0259hk\u0259m\u0259y\u0259 m\u00fcraci\u0259t edib. Ancaq dem\u0259sin\u0259 g\u00f6r\u0259, i\u015fi icraat\u0131na g\u00f6t\u00fcr\u0259n hakim iki ayd\u0131r ki, m\u0259hk\u0259m\u0259ni ke\u00e7irmir.\n<\/p>\n<p>\n  \u201c<br \/>\n  <b><br \/>\n    Kamran\u0131 el\u0259 apard\u0131lar ki, sanki qat\u0131 cinay\u0259tkard\u0131r\u201d<br \/>\n  <\/b>\n<\/p>\n<p>\n  Kamran A\u011fayevin ail\u0259 \u00fczvl\u0259ri deyir, C\u0259lilabad Elektrik \u015e\u0259b\u0259k\u0259nin r\u0259isi ya\u015fad\u0131qlar\u0131 \u00fcnvana g\u0259l\u0259r\u0259k onlardan t\u0259l\u0259b edib ki, Kamrana t\u0259zyiq g\u00f6st\u0259rsinl\u0259r, \u015fikay\u0259tl\u0259rini dayand\u0131rs\u0131n. Bundan ba\u015fqa, H\u0259bib M\u0259mm\u0259dovun tap\u015f\u0131r\u0131\u011f\u0131yla polisl\u0259r \u00fcnvana g\u0259l\u0259r\u0259k Kamran A\u011fayevi polis \u015f\u00f6b\u0259sin\u0259 apar\u0131blar. Anas\u0131 dan\u0131\u015f\u0131r:\n<\/p>\n<p>\n  \u201cH\u0259bib M\u0259mm\u0259dov rayonda at oynad\u0131r, ail\u0259miz\u0259 z\u00fclm el\u0259yir. H\u0259y\u0259timiz\u0259 o q\u0259d\u0259r polis t\u00f6km\u00fc\u015fd\u00fc ki&#8230; Kamran\u0131 el\u0259 apard\u0131lar ki, sanki qat\u0131 cinay\u0259tkar, qatil tutublar. Evd\u0259 ruhi x\u0259st\u0259 var, ba\u015f ver\u0259nl\u0259rd\u0259n v\u0259ziyy\u0259ti a\u011f\u0131rla\u015fm\u0131\u015fd\u0131, m\u0259n h\u0259min vaxt qorxmu\u015fdum, \u0259s\u0259b, sars\u0131nt\u0131 ke\u00e7irmi\u015fdim, indiy\u0259 kimi d\u0259 y\u00fcks\u0259k t\u0259zyiqd\u0259n, \u015f\u0259k\u0259rd\u0259n \u0259ziyy\u0259t \u00e7\u0259kir\u0259m. Bu u\u015fa\u011f\u0131n g\u00fcnah\u0131 n\u0259dir ki?.. D\u00fczg\u00fcnl\u00fck&#8230; G\u00f6rd\u00fcy\u00fc \u0259yriliy\u0259, saxtakarl\u0131\u011fa g\u00f6z yummamaq&#8230;\u201d\n<\/p>\n<p>\n  Kamran A\u011fayevin atas\u0131 da vaxtil\u0259 yerli i\u015f\u0131q idar\u0259sind\u0259 elektrik kimi \u00e7al\u0131\u015f\u0131b. Qanunsuzluqlara g\u00f6r\u0259 \u0259riz\u0259 yazaraq k\u00f6n\u00fcll\u00fc i\u015fd\u0259n \u00e7\u0131x\u0131b.\n<\/p>\n<p>\n  C\u0259lilabad Elektrik \u015e\u0259b\u0259k\u0259sind\u0259n bildirilib ki, Kamran A\u011fayevin \u0259m\u0259k \u0259m\u0259k m\u00fcqavil\u0259sinin m\u00fcdd\u0259ti bitib, \u201cAz\u0259ri\u015f\u0131q\u201d ASC r\u0259hb\u0259rliyi onunla yeni m\u00fcqavil\u0259 imzalamay\u0131b. Balans u\u00e7otu \u015f\u00f6b\u0259sinin m\u00fcdiri H\u0259bib M\u0259mm\u0259dovsa bildirib ki, Kamran A\u011fayevin iddia etdiyi b\u00fct\u00fcn m\u0259s\u0259l\u0259l\u0259r\u0259 C\u0259lilabad Rayon M\u0259hk\u0259m\u0259si h\u00fcquqi qiym\u0259t ver\u0259c\u0259k. Bu s\u0259b\u0259bd\u0259n d\u0259 o, iddialara m\u00fcnasib\u0259t bildirm\u0259yib.\n<\/p>\n<figure class=\"wp-block-image size-large\">\n  <img decoding=\"async\" src=\"https:\/\/www.meydan.tv\/az\/emr\/\" alt=\"\u018fmr\" class=\"wp-image-129335\"\/><figcaption>\n    \u018fmr<br \/>\n  <\/figcaption><\/figure>\n<figure class=\"wp-block-image size-large\">\n  <img decoding=\"async\" src=\"https:\/\/www.meydan.tv\/az\/senedler-10\/\" alt=\"S\u0259n\u0259dl\u0259r\" class=\"wp-image-129341\"\/><figcaption>\n    S\u0259n\u0259dl\u0259r<br \/>\n  <\/figcaption><\/figure>\n","protected":false},"excerpt":{"rendered":"<p>C\u0259lilabad rayon Elektrik \u015e\u0259b\u0259k\u0259sinin ke\u00e7mi\u015f i\u015f\u00e7isi xidm\u0259ti \u0259razisind\u0259ki qanunsuzluqlara etiraz edib, ba\u015f\u0131 qalmaqaldad\u0131r<\/p>\n","protected":false},"author":11,"featured_media":129330,"comment_status":"closed","ping_status":"open","sticky":false,"template":"","format":"standard","meta":{"_acf_changed":false,"_sitemap_exclude":false,"_sitemap_priority":"","_sitemap_frequency":"","footnotes":""},"categories":[60],"tags":[],"class_list":["post-196868","post","type-post","status-publish","format-standard","has-post-thumbnail","hentry","category-bolge","infinite-scroll-item","generate-columns","tablet-grid-50","mobile-grid-100","grid-parent","grid-33","no-featured-image-padding"],"acf":[],"yoast_head":"<!-- This site is optimized with the Yoast SEO plugin v27.5 - https:\/\/yoast.com\/product\/yoast-seo-wordpress\/ -->\n<title>N\u0259zar\u0259t\u00e7i-m\u00fch\u0259ndis: Qanunsuzluqlardan dan\u0131\u015fd\u0131m, i\u015fsiz qald\u0131m, m\u0259hk\u0259m\u0259y\u0259 verildim - MEYDAN.TV<\/title>\n<meta name=\"robots\" content=\"index, follow, max-snippet:-1, max-image-preview:large, max-video-preview:-1\" \/>\n<link rel=\"canonical\" href=\"https:\/\/www.meydan.tv\/az\/article\/nezaretci-muhendis-qanunsuzluqlardan-danisdim-issiz-qaldim-mehkemeye-verildim\/\" \/>\n<meta property=\"og:locale\" content=\"az_AZ\" \/>\n<meta property=\"og:type\" content=\"article\" \/>\n<meta property=\"og:title\" content=\"N\u0259zar\u0259t\u00e7i-m\u00fch\u0259ndis: Qanunsuzluqlardan dan\u0131\u015fd\u0131m, i\u015fsiz qald\u0131m, m\u0259hk\u0259m\u0259y\u0259 verildim - MEYDAN.TV\" \/>\n<meta property=\"og:description\" content=\"C\u0259lilabad rayon Elektrik \u015e\u0259b\u0259k\u0259sinin ke\u00e7mi\u015f i\u015f\u00e7isi xidm\u0259ti \u0259razisind\u0259ki qanunsuzluqlara etiraz edib, ba\u015f\u0131 qalmaqaldad\u0131r\" \/>\n<meta property=\"og:url\" content=\"https:\/\/www.meydan.tv\/az\/article\/nezaretci-muhendis-qanunsuzluqlardan-danisdim-issiz-qaldim-mehkemeye-verildim\/\" \/>\n<meta property=\"og:site_name\" content=\"MEYDAN.TV\" \/>\n<meta property=\"article:published_time\" content=\"2019-09-08T09:55:04+00:00\" \/>\n<meta property=\"og:image\" content=\"https:\/\/www.meydan.tv\/wp-content\/uploads\/a58faf19-ba84-48a0-9fdd-41ba1c0f001b.jpeg\" \/>\n\t<meta property=\"og:image:width\" content=\"784\" \/>\n\t<meta property=\"og:image:height\" content=\"683\" \/>\n\t<meta property=\"og:image:type\" content=\"image\/jpeg\" \/>\n<meta name=\"author\" content=\"user-manager\" \/>\n<meta name=\"twitter:card\" content=\"summary_large_image\" \/>\n<script type=\"application\/ld+json\" class=\"yoast-schema-graph\">{\"@context\":\"https:\\\/\\\/schema.org\",\"@graph\":[{\"@type\":\"Article\",\"@id\":\"https:\\\/\\\/www.meydan.tv\\\/az\\\/article\\\/nezaretci-muhendis-qanunsuzluqlardan-danisdim-issiz-qaldim-mehkemeye-verildim\\\/#article\",\"isPartOf\":{\"@id\":\"https:\\\/\\\/www.meydan.tv\\\/az\\\/article\\\/nezaretci-muhendis-qanunsuzluqlardan-danisdim-issiz-qaldim-mehkemeye-verildim\\\/\"},\"author\":{\"name\":\"user-manager\",\"@id\":\"https:\\\/\\\/www.meydan.tv\\\/az\\\/#\\\/schema\\\/person\\\/10d11eccf6da3662cf5fdab9806ea91a\"},\"headline\":\"N\u0259zar\u0259t\u00e7i-m\u00fch\u0259ndis: Qanunsuzluqlardan dan\u0131\u015fd\u0131m, i\u015fsiz qald\u0131m, m\u0259hk\u0259m\u0259y\u0259 verildim\",\"datePublished\":\"2019-09-08T09:55:04+00:00\",\"mainEntityOfPage\":{\"@id\":\"https:\\\/\\\/www.meydan.tv\\\/az\\\/article\\\/nezaretci-muhendis-qanunsuzluqlardan-danisdim-issiz-qaldim-mehkemeye-verildim\\\/\"},\"wordCount\":1372,\"publisher\":{\"@id\":\"https:\\\/\\\/www.meydan.tv\\\/az\\\/#organization\"},\"image\":{\"@id\":\"https:\\\/\\\/www.meydan.tv\\\/az\\\/article\\\/nezaretci-muhendis-qanunsuzluqlardan-danisdim-issiz-qaldim-mehkemeye-verildim\\\/#primaryimage\"},\"thumbnailUrl\":\"https:\\\/\\\/www.meydan.tv\\\/wp-content\\\/uploads\\\/a58faf19-ba84-48a0-9fdd-41ba1c0f001b.jpeg\",\"articleSection\":[\"B\u00f6lg\u0259\"],\"inLanguage\":\"az\"},{\"@type\":\"WebPage\",\"@id\":\"https:\\\/\\\/www.meydan.tv\\\/az\\\/article\\\/nezaretci-muhendis-qanunsuzluqlardan-danisdim-issiz-qaldim-mehkemeye-verildim\\\/\",\"url\":\"https:\\\/\\\/www.meydan.tv\\\/az\\\/article\\\/nezaretci-muhendis-qanunsuzluqlardan-danisdim-issiz-qaldim-mehkemeye-verildim\\\/\",\"name\":\"N\u0259zar\u0259t\u00e7i-m\u00fch\u0259ndis: Qanunsuzluqlardan dan\u0131\u015fd\u0131m, i\u015fsiz qald\u0131m, m\u0259hk\u0259m\u0259y\u0259 verildim - MEYDAN.TV\",\"isPartOf\":{\"@id\":\"https:\\\/\\\/www.meydan.tv\\\/az\\\/#website\"},\"primaryImageOfPage\":{\"@id\":\"https:\\\/\\\/www.meydan.tv\\\/az\\\/article\\\/nezaretci-muhendis-qanunsuzluqlardan-danisdim-issiz-qaldim-mehkemeye-verildim\\\/#primaryimage\"},\"image\":{\"@id\":\"https:\\\/\\\/www.meydan.tv\\\/az\\\/article\\\/nezaretci-muhendis-qanunsuzluqlardan-danisdim-issiz-qaldim-mehkemeye-verildim\\\/#primaryimage\"},\"thumbnailUrl\":\"https:\\\/\\\/www.meydan.tv\\\/wp-content\\\/uploads\\\/a58faf19-ba84-48a0-9fdd-41ba1c0f001b.jpeg\",\"datePublished\":\"2019-09-08T09:55:04+00:00\",\"breadcrumb\":{\"@id\":\"https:\\\/\\\/www.meydan.tv\\\/az\\\/article\\\/nezaretci-muhendis-qanunsuzluqlardan-danisdim-issiz-qaldim-mehkemeye-verildim\\\/#breadcrumb\"},\"inLanguage\":\"az\",\"potentialAction\":[{\"@type\":\"ReadAction\",\"target\":[\"https:\\\/\\\/www.meydan.tv\\\/az\\\/article\\\/nezaretci-muhendis-qanunsuzluqlardan-danisdim-issiz-qaldim-mehkemeye-verildim\\\/\"]}]},{\"@type\":\"ImageObject\",\"inLanguage\":\"az\",\"@id\":\"https:\\\/\\\/www.meydan.tv\\\/az\\\/article\\\/nezaretci-muhendis-qanunsuzluqlardan-danisdim-issiz-qaldim-mehkemeye-verildim\\\/#primaryimage\",\"url\":\"https:\\\/\\\/www.meydan.tv\\\/wp-content\\\/uploads\\\/a58faf19-ba84-48a0-9fdd-41ba1c0f001b.jpeg\",\"contentUrl\":\"https:\\\/\\\/www.meydan.tv\\\/wp-content\\\/uploads\\\/a58faf19-ba84-48a0-9fdd-41ba1c0f001b.jpeg\",\"width\":784,\"height\":683,\"caption\":\"Source: Meydan Tv\"},{\"@type\":\"BreadcrumbList\",\"@id\":\"https:\\\/\\\/www.meydan.tv\\\/az\\\/article\\\/nezaretci-muhendis-qanunsuzluqlardan-danisdim-issiz-qaldim-mehkemeye-verildim\\\/#breadcrumb\",\"itemListElement\":[{\"@type\":\"ListItem\",\"position\":1,\"name\":\"Ana s\u0259hif\u0259\",\"item\":\"https:\\\/\\\/www.meydan.tv\\\/az\\\/\"},{\"@type\":\"ListItem\",\"position\":2,\"name\":\"B\u00f6lg\u0259\",\"item\":\"https:\\\/\\\/www.meydan.tv\\\/az\\\/section\\\/bolge\\\/\"},{\"@type\":\"ListItem\",\"position\":3,\"name\":\"N\u0259zar\u0259t\u00e7i-m\u00fch\u0259ndis: Qanunsuzluqlardan dan\u0131\u015fd\u0131m, i\u015fsiz qald\u0131m, m\u0259hk\u0259m\u0259y\u0259 verildim\"}]},{\"@type\":\"WebSite\",\"@id\":\"https:\\\/\\\/www.meydan.tv\\\/az\\\/#website\",\"url\":\"https:\\\/\\\/www.meydan.tv\\\/az\\\/\",\"name\":\"MEYDAN.TV\",\"description\":\"Meydan TV Az\u0259rbaycan\u0131n media m\u0259kan\u0131ndak\u0131 alternativ s\u0259sidir\",\"publisher\":{\"@id\":\"https:\\\/\\\/www.meydan.tv\\\/az\\\/#organization\"},\"potentialAction\":[{\"@type\":\"SearchAction\",\"target\":{\"@type\":\"EntryPoint\",\"urlTemplate\":\"https:\\\/\\\/www.meydan.tv\\\/az\\\/?s={search_term_string}\"},\"query-input\":{\"@type\":\"PropertyValueSpecification\",\"valueRequired\":true,\"valueName\":\"search_term_string\"}}],\"inLanguage\":\"az\"},{\"@type\":\"Organization\",\"@id\":\"https:\\\/\\\/www.meydan.tv\\\/az\\\/#organization\",\"name\":\"Meydan TV\",\"url\":\"https:\\\/\\\/www.meydan.tv\\\/az\\\/\",\"logo\":{\"@type\":\"ImageObject\",\"inLanguage\":\"az\",\"@id\":\"https:\\\/\\\/www.meydan.tv\\\/az\\\/#\\\/schema\\\/logo\\\/image\\\/\",\"url\":\"https:\\\/\\\/www.meydan.tv\\\/wp-content\\\/uploads\\\/2021\\\/07\\\/meydan-logo.svg\",\"contentUrl\":\"https:\\\/\\\/www.meydan.tv\\\/wp-content\\\/uploads\\\/2021\\\/07\\\/meydan-logo.svg\",\"width\":195,\"height\":46,\"caption\":\"Meydan TV\"},\"image\":{\"@id\":\"https:\\\/\\\/www.meydan.tv\\\/az\\\/#\\\/schema\\\/logo\\\/image\\\/\"}},{\"@type\":\"Person\",\"@id\":\"https:\\\/\\\/www.meydan.tv\\\/az\\\/#\\\/schema\\\/person\\\/10d11eccf6da3662cf5fdab9806ea91a\",\"name\":\"user-manager\"}]}<\/script>\n<!-- \/ Yoast SEO plugin. -->","yoast_head_json":{"title":"N\u0259zar\u0259t\u00e7i-m\u00fch\u0259ndis: Qanunsuzluqlardan dan\u0131\u015fd\u0131m, i\u015fsiz qald\u0131m, m\u0259hk\u0259m\u0259y\u0259 verildim - MEYDAN.TV","robots":{"index":"index","follow":"follow","max-snippet":"max-snippet:-1","max-image-preview":"max-image-preview:large","max-video-preview":"max-video-preview:-1"},"canonical":"https:\/\/www.meydan.tv\/az\/article\/nezaretci-muhendis-qanunsuzluqlardan-danisdim-issiz-qaldim-mehkemeye-verildim\/","og_locale":"az_AZ","og_type":"article","og_title":"N\u0259zar\u0259t\u00e7i-m\u00fch\u0259ndis: Qanunsuzluqlardan dan\u0131\u015fd\u0131m, i\u015fsiz qald\u0131m, m\u0259hk\u0259m\u0259y\u0259 verildim - MEYDAN.TV","og_description":"C\u0259lilabad rayon Elektrik \u015e\u0259b\u0259k\u0259sinin ke\u00e7mi\u015f i\u015f\u00e7isi xidm\u0259ti \u0259razisind\u0259ki qanunsuzluqlara etiraz edib, ba\u015f\u0131 qalmaqaldad\u0131r","og_url":"https:\/\/www.meydan.tv\/az\/article\/nezaretci-muhendis-qanunsuzluqlardan-danisdim-issiz-qaldim-mehkemeye-verildim\/","og_site_name":"MEYDAN.TV","article_published_time":"2019-09-08T09:55:04+00:00","og_image":[{"width":784,"height":683,"url":"https:\/\/www.meydan.tv\/wp-content\/uploads\/a58faf19-ba84-48a0-9fdd-41ba1c0f001b.jpeg","type":"image\/jpeg"}],"author":"user-manager","twitter_card":"summary_large_image","schema":{"@context":"https:\/\/schema.org","@graph":[{"@type":"Article","@id":"https:\/\/www.meydan.tv\/az\/article\/nezaretci-muhendis-qanunsuzluqlardan-danisdim-issiz-qaldim-mehkemeye-verildim\/#article","isPartOf":{"@id":"https:\/\/www.meydan.tv\/az\/article\/nezaretci-muhendis-qanunsuzluqlardan-danisdim-issiz-qaldim-mehkemeye-verildim\/"},"author":{"name":"user-manager","@id":"https:\/\/www.meydan.tv\/az\/#\/schema\/person\/10d11eccf6da3662cf5fdab9806ea91a"},"headline":"N\u0259zar\u0259t\u00e7i-m\u00fch\u0259ndis: Qanunsuzluqlardan dan\u0131\u015fd\u0131m, i\u015fsiz qald\u0131m, m\u0259hk\u0259m\u0259y\u0259 verildim","datePublished":"2019-09-08T09:55:04+00:00","mainEntityOfPage":{"@id":"https:\/\/www.meydan.tv\/az\/article\/nezaretci-muhendis-qanunsuzluqlardan-danisdim-issiz-qaldim-mehkemeye-verildim\/"},"wordCount":1372,"publisher":{"@id":"https:\/\/www.meydan.tv\/az\/#organization"},"image":{"@id":"https:\/\/www.meydan.tv\/az\/article\/nezaretci-muhendis-qanunsuzluqlardan-danisdim-issiz-qaldim-mehkemeye-verildim\/#primaryimage"},"thumbnailUrl":"https:\/\/www.meydan.tv\/wp-content\/uploads\/a58faf19-ba84-48a0-9fdd-41ba1c0f001b.jpeg","articleSection":["B\u00f6lg\u0259"],"inLanguage":"az"},{"@type":"WebPage","@id":"https:\/\/www.meydan.tv\/az\/article\/nezaretci-muhendis-qanunsuzluqlardan-danisdim-issiz-qaldim-mehkemeye-verildim\/","url":"https:\/\/www.meydan.tv\/az\/article\/nezaretci-muhendis-qanunsuzluqlardan-danisdim-issiz-qaldim-mehkemeye-verildim\/","name":"N\u0259zar\u0259t\u00e7i-m\u00fch\u0259ndis: Qanunsuzluqlardan dan\u0131\u015fd\u0131m, i\u015fsiz qald\u0131m, m\u0259hk\u0259m\u0259y\u0259 verildim - MEYDAN.TV","isPartOf":{"@id":"https:\/\/www.meydan.tv\/az\/#website"},"primaryImageOfPage":{"@id":"https:\/\/www.meydan.tv\/az\/article\/nezaretci-muhendis-qanunsuzluqlardan-danisdim-issiz-qaldim-mehkemeye-verildim\/#primaryimage"},"image":{"@id":"https:\/\/www.meydan.tv\/az\/article\/nezaretci-muhendis-qanunsuzluqlardan-danisdim-issiz-qaldim-mehkemeye-verildim\/#primaryimage"},"thumbnailUrl":"https:\/\/www.meydan.tv\/wp-content\/uploads\/a58faf19-ba84-48a0-9fdd-41ba1c0f001b.jpeg","datePublished":"2019-09-08T09:55:04+00:00","breadcrumb":{"@id":"https:\/\/www.meydan.tv\/az\/article\/nezaretci-muhendis-qanunsuzluqlardan-danisdim-issiz-qaldim-mehkemeye-verildim\/#breadcrumb"},"inLanguage":"az","potentialAction":[{"@type":"ReadAction","target":["https:\/\/www.meydan.tv\/az\/article\/nezaretci-muhendis-qanunsuzluqlardan-danisdim-issiz-qaldim-mehkemeye-verildim\/"]}]},{"@type":"ImageObject","inLanguage":"az","@id":"https:\/\/www.meydan.tv\/az\/article\/nezaretci-muhendis-qanunsuzluqlardan-danisdim-issiz-qaldim-mehkemeye-verildim\/#primaryimage","url":"https:\/\/www.meydan.tv\/wp-content\/uploads\/a58faf19-ba84-48a0-9fdd-41ba1c0f001b.jpeg","contentUrl":"https:\/\/www.meydan.tv\/wp-content\/uploads\/a58faf19-ba84-48a0-9fdd-41ba1c0f001b.jpeg","width":784,"height":683,"caption":"Source: Meydan Tv"},{"@type":"BreadcrumbList","@id":"https:\/\/www.meydan.tv\/az\/article\/nezaretci-muhendis-qanunsuzluqlardan-danisdim-issiz-qaldim-mehkemeye-verildim\/#breadcrumb","itemListElement":[{"@type":"ListItem","position":1,"name":"Ana s\u0259hif\u0259","item":"https:\/\/www.meydan.tv\/az\/"},{"@type":"ListItem","position":2,"name":"B\u00f6lg\u0259","item":"https:\/\/www.meydan.tv\/az\/section\/bolge\/"},{"@type":"ListItem","position":3,"name":"N\u0259zar\u0259t\u00e7i-m\u00fch\u0259ndis: Qanunsuzluqlardan dan\u0131\u015fd\u0131m, i\u015fsiz qald\u0131m, m\u0259hk\u0259m\u0259y\u0259 verildim"}]},{"@type":"WebSite","@id":"https:\/\/www.meydan.tv\/az\/#website","url":"https:\/\/www.meydan.tv\/az\/","name":"MEYDAN.TV","description":"Meydan TV Az\u0259rbaycan\u0131n media m\u0259kan\u0131ndak\u0131 alternativ s\u0259sidir","publisher":{"@id":"https:\/\/www.meydan.tv\/az\/#organization"},"potentialAction":[{"@type":"SearchAction","target":{"@type":"EntryPoint","urlTemplate":"https:\/\/www.meydan.tv\/az\/?s={search_term_string}"},"query-input":{"@type":"PropertyValueSpecification","valueRequired":true,"valueName":"search_term_string"}}],"inLanguage":"az"},{"@type":"Organization","@id":"https:\/\/www.meydan.tv\/az\/#organization","name":"Meydan TV","url":"https:\/\/www.meydan.tv\/az\/","logo":{"@type":"ImageObject","inLanguage":"az","@id":"https:\/\/www.meydan.tv\/az\/#\/schema\/logo\/image\/","url":"https:\/\/www.meydan.tv\/wp-content\/uploads\/2021\/07\/meydan-logo.svg","contentUrl":"https:\/\/www.meydan.tv\/wp-content\/uploads\/2021\/07\/meydan-logo.svg","width":195,"height":46,"caption":"Meydan TV"},"image":{"@id":"https:\/\/www.meydan.tv\/az\/#\/schema\/logo\/image\/"}},{"@type":"Person","@id":"https:\/\/www.meydan.tv\/az\/#\/schema\/person\/10d11eccf6da3662cf5fdab9806ea91a","name":"user-manager"}]}},"_links":{"self":[{"href":"https:\/\/www.meydan.tv\/az\/wp-json\/wp\/v2\/posts\/196868","targetHints":{"allow":["GET"]}}],"collection":[{"href":"https:\/\/www.meydan.tv\/az\/wp-json\/wp\/v2\/posts"}],"about":[{"href":"https:\/\/www.meydan.tv\/az\/wp-json\/wp\/v2\/types\/post"}],"author":[{"embeddable":true,"href":"https:\/\/www.meydan.tv\/az\/wp-json\/wp\/v2\/users\/11"}],"replies":[{"embeddable":true,"href":"https:\/\/www.meydan.tv\/az\/wp-json\/wp\/v2\/comments?post=196868"}],"version-history":[{"count":0,"href":"https:\/\/www.meydan.tv\/az\/wp-json\/wp\/v2\/posts\/196868\/revisions"}],"wp:featuredmedia":[{"embeddable":true,"href":"https:\/\/www.meydan.tv\/az\/wp-json\/wp\/v2\/media\/129330"}],"wp:attachment":[{"href":"https:\/\/www.meydan.tv\/az\/wp-json\/wp\/v2\/media?parent=196868"}],"wp:term":[{"taxonomy":"category","embeddable":true,"href":"https:\/\/www.meydan.tv\/az\/wp-json\/wp\/v2\/categories?post=196868"},{"taxonomy":"post_tag","embeddable":true,"href":"https:\/\/www.meydan.tv\/az\/wp-json\/wp\/v2\/tags?post=196868"}],"curies":[{"name":"wp","href":"https:\/\/api.w.org\/{rel}","templated":true}]}}