{"id":196861,"date":"2019-09-06T16:08:44","date_gmt":"2019-09-06T16:08:44","guid":{"rendered":"https:\/\/www.meydan.tv\/article\/zimbabvenin-lideri-vefat-edib\/"},"modified":"2019-09-06T16:08:44","modified_gmt":"2019-09-06T16:08:44","slug":"zimbabvenin-lideri-vefat-edib","status":"publish","type":"post","link":"https:\/\/www.meydan.tv\/az\/article\/zimbabvenin-lideri-vefat-edib\/","title":{"rendered":"Zimbabvenin lideri v\u0259fat edib"},"content":{"rendered":"<p>\n  <i><br \/>\n    \u201cMuqabenin sonu epik oldu \u2013 o, evd\u0259n uzaq, ac\u0131, t\u0259nha bir \u015f\u0259kild\u0259 \u00f6ld\u00fc\u201d<br \/>\n  <\/i>\n<\/p>\n<p>\n  Zimbabvenin m\u00fcst\u0259qillik simvolundan avtoritar lider\u0259 \u00e7evril\u0259n Robert Muqabe 95 ya\u015f\u0131nda v\u0259fat edib, &#8211; BBC x\u0259b\u0259r verir.\n<\/p>\n<p>\n  Muqabe apreld\u0259n b\u0259ri Sinqapurda yerl\u0259\u015f\u0259n x\u0259st\u0259xanada m\u00fcalic\u0259 al\u0131rd\u0131. O, 37 il hakimiyy\u0259td\u0259 olduqdan sonra 2017-ci ild\u0259 h\u0259rbi \u00e7evrili\u015fl\u0259 devrilib.\n<\/p>\n<p>\n  Ke\u00e7mi\u015f prezidentin qarad\u0259rilil\u0259rin sa\u011fl\u0131q v\u0259 t\u0259hsil imkanlar\u0131n\u0131n geni\u015fl\u0259ndirilm\u0259sind\u0259 b\u00f6y\u00fck rolu olub.\n<\/p>\n<p>\n  Lakin sonrak\u0131 ill\u0259rd\u0259 onun hakimiyy\u0259ti siyasi r\u0259qibl\u0259rinin repressiyas\u0131 v\u0259 Zimbabvenin iqtisadi \u00e7\u00f6k\u00fc\u015f\u00fc il\u0259 yadda qal\u0131b.\n<\/p>\n<p>\n  Zimbabvenin haz\u0131rk\u0131 prezidenti Emmerson Mnanqaqva (Mnangagwa) \u201ctwitter hesab\u0131nda Muqabeni &quot;azadl\u0131q ikonas\u0131&quot; adland\u0131raraq onun \u00f6l\u00fcm\u00fcnd\u0259n &quot;son d\u0259r\u0259c\u0259 k\u0259d\u0259rl\u0259ndiyini&quot; bildirib.\n<\/p>\n<p>\n  Mnanqaqva onu \u0259v\u0259z etm\u0259zd\u0259n \u0259vv\u0259l Muqabenin m\u00fcavini olub.\n<\/p>\n<p>\n  Sinqapur Xarici \u0130\u015fl\u0259r Nazirliyi Muqabenin n\u0259\u015finin v\u0259t\u0259nin\u0259 apar\u0131lmas\u0131 \u00fc\u00e7\u00fcn Zimbabve s\u0259firliyi il\u0259 \u0259laq\u0259d\u0259 oldu\u011funu deyib.\n<\/p>\n<p>\n  21 Fevral 1924-c\u00fc ild\u0259 b\u0259yaz d\u0259rili azl\u0131q t\u0259r\u0259find\u0259n idar\u0259 edil\u0259n Rodeziya (Rhodesia) adl\u0131 ingilis m\u00fcst\u0259ml\u0259k\u0259sind\u0259 anadan olmu\u015f Muqabe 1964-c\u00fc ild\u0259 Rodeziya h\u00f6kum\u0259tini t\u0259nqid etdiyi \u00fc\u00e7\u00fcn 10 ild\u0259n \u00e7ox m\u00fcdd\u0259t\u0259 m\u00fchakim\u0259 olunmadan h\u0259bs edilib.\n<\/p>\n<p>\n  1973-c\u00fc ild\u0259 h\u0259l\u0259 h\u0259bsd\u0259yk\u0259n, o, t\u0259sis\u00e7isi oldu\u011fu Zimbabve Afrika Milli Birliyinin (Zanu) prezidenti se\u00e7ilib.\n<\/p>\n<p>\n  Azad olduqdan sonra Mozambik\u0259 ged\u0259n Muqabe oradan Rodeziyaya qerilla y\u00fcr\u00fcy\u00fc\u015fl\u0259ri t\u0259\u015fkil edir. O, eyni zamanda bacar\u0131ql\u0131 natiq olaraq tan\u0131n\u0131r.\n<\/p>\n<p>\n  B\u00f6hran\u0131n sona \u00e7atmas\u0131 \u00fc\u00e7\u00fcn apar\u0131lan siyasi raz\u0131la\u015fmalar n\u0259tic\u0259sind\u0259 yeni m\u00fcst\u0259qil Zimbabve Respublikas\u0131 yaran\u0131r.\n<\/p>\n<p>\n  M\u00fcst\u0259qillik h\u0259r\u0259kat\u0131ndak\u0131 y\u00fcks\u0259k f\u0259all\u0131\u011f\u0131 il\u0259 yadda\u015flarda qalan Muqabe 1980-ci ild\u0259 respublikan\u0131n ilk se\u00e7kil\u0259rind\u0259 b\u00f6y\u00fck s\u0259s \u00e7oxlu\u011fuyla prezident se\u00e7ilir.\n<\/p>\n<p>\n  Lakin onun hakimiyy\u0259td\u0259 oldu\u011fu onillikl\u0259r \u0259rzind\u0259 ziddiyy\u0259tli idar\u0259\u00e7iliyi Muqabe haqda d\u00fc\u015f\u00fcnc\u0259l\u0259ri d\u0259yi\u015fdi. Bel\u0259 ki, &quot;g\u00fccl\u00fc&quot; lider \u015f\u00f6hr\u0259tini qazanan Muqabe daha sonra t\u0259nqid\u00e7il\u0259r t\u0259r\u0259find\u0259n diktator adland\u0131r\u0131lma\u011fa ba\u015fland\u0131.\n<\/p>\n<p>\n  \u201cMuqabenin sonu epik oldu \u2013 o, evd\u0259n uzaq, ac\u0131, t\u0259nha bir \u015f\u0259kild\u0259 \u00f6ld\u00fc\u201d, BBC vur\u011fulay\u0131b.<\/p>\n","protected":false},"excerpt":{"rendered":"<p>\u201cMuqabenin sonu epik oldu \u2013 o, evd\u0259n uzaq, ac\u0131, t\u0259nha bir \u015f\u0259kild\u0259 \u00f6ld\u00fc\u201d<\/p>\n","protected":false},"author":11,"featured_media":129263,"comment_status":"closed","ping_status":"open","sticky":false,"template":"","format":"standard","meta":{"_acf_changed":false,"_sitemap_exclude":false,"_sitemap_priority":"","_sitemap_frequency":"","footnotes":""},"categories":[64],"tags":[],"class_list":["post-196861","post","type-post","status-publish","format-standard","has-post-thumbnail","hentry","category-dunya","infinite-scroll-item","generate-columns","tablet-grid-50","mobile-grid-100","grid-parent","grid-33","no-featured-image-padding"],"acf":[],"yoast_head":"<!-- This site is optimized with the Yoast SEO plugin v27.4 - https:\/\/yoast.com\/product\/yoast-seo-wordpress\/ -->\n<title>Zimbabvenin lideri v\u0259fat edib - MEYDAN.TV<\/title>\n<meta name=\"robots\" content=\"index, follow, max-snippet:-1, max-image-preview:large, max-video-preview:-1\" \/>\n<link rel=\"canonical\" href=\"https:\/\/www.meydan.tv\/az\/article\/zimbabvenin-lideri-vefat-edib\/\" \/>\n<meta property=\"og:locale\" content=\"az_AZ\" \/>\n<meta property=\"og:type\" content=\"article\" \/>\n<meta property=\"og:title\" content=\"Zimbabvenin lideri v\u0259fat edib - MEYDAN.TV\" \/>\n<meta property=\"og:description\" content=\"\u201cMuqabenin sonu epik oldu \u2013 o, evd\u0259n uzaq, ac\u0131, t\u0259nha bir \u015f\u0259kild\u0259 \u00f6ld\u00fc\u201d\" \/>\n<meta property=\"og:url\" content=\"https:\/\/www.meydan.tv\/az\/article\/zimbabvenin-lideri-vefat-edib\/\" \/>\n<meta property=\"og:site_name\" content=\"MEYDAN.TV\" \/>\n<meta property=\"article:published_time\" content=\"2019-09-06T16:08:44+00:00\" \/>\n<meta property=\"og:image\" content=\"https:\/\/www.meydan.tv\/wp-content\/uploads\/1b375b3e-8353-4f56-b004-e64de2e3b575.png\" \/>\n\t<meta property=\"og:image:width\" content=\"1180\" \/>\n\t<meta property=\"og:image:height\" content=\"780\" \/>\n\t<meta property=\"og:image:type\" content=\"image\/png\" \/>\n<meta name=\"author\" content=\"user-manager\" \/>\n<meta name=\"twitter:card\" content=\"summary_large_image\" \/>\n<script type=\"application\/ld+json\" class=\"yoast-schema-graph\">{\"@context\":\"https:\\\/\\\/schema.org\",\"@graph\":[{\"@type\":\"Article\",\"@id\":\"https:\\\/\\\/www.meydan.tv\\\/az\\\/article\\\/zimbabvenin-lideri-vefat-edib\\\/#article\",\"isPartOf\":{\"@id\":\"https:\\\/\\\/www.meydan.tv\\\/az\\\/article\\\/zimbabvenin-lideri-vefat-edib\\\/\"},\"author\":{\"name\":\"user-manager\",\"@id\":\"https:\\\/\\\/www.meydan.tv\\\/az\\\/#\\\/schema\\\/person\\\/10d11eccf6da3662cf5fdab9806ea91a\"},\"headline\":\"Zimbabvenin lideri v\u0259fat edib\",\"datePublished\":\"2019-09-06T16:08:44+00:00\",\"mainEntityOfPage\":{\"@id\":\"https:\\\/\\\/www.meydan.tv\\\/az\\\/article\\\/zimbabvenin-lideri-vefat-edib\\\/\"},\"wordCount\":409,\"publisher\":{\"@id\":\"https:\\\/\\\/www.meydan.tv\\\/az\\\/#organization\"},\"image\":{\"@id\":\"https:\\\/\\\/www.meydan.tv\\\/az\\\/article\\\/zimbabvenin-lideri-vefat-edib\\\/#primaryimage\"},\"thumbnailUrl\":\"https:\\\/\\\/www.meydan.tv\\\/wp-content\\\/uploads\\\/1b375b3e-8353-4f56-b004-e64de2e3b575.png\",\"articleSection\":[\"D\u00fcnya\"],\"inLanguage\":\"az\"},{\"@type\":\"WebPage\",\"@id\":\"https:\\\/\\\/www.meydan.tv\\\/az\\\/article\\\/zimbabvenin-lideri-vefat-edib\\\/\",\"url\":\"https:\\\/\\\/www.meydan.tv\\\/az\\\/article\\\/zimbabvenin-lideri-vefat-edib\\\/\",\"name\":\"Zimbabvenin lideri v\u0259fat edib - MEYDAN.TV\",\"isPartOf\":{\"@id\":\"https:\\\/\\\/www.meydan.tv\\\/az\\\/#website\"},\"primaryImageOfPage\":{\"@id\":\"https:\\\/\\\/www.meydan.tv\\\/az\\\/article\\\/zimbabvenin-lideri-vefat-edib\\\/#primaryimage\"},\"image\":{\"@id\":\"https:\\\/\\\/www.meydan.tv\\\/az\\\/article\\\/zimbabvenin-lideri-vefat-edib\\\/#primaryimage\"},\"thumbnailUrl\":\"https:\\\/\\\/www.meydan.tv\\\/wp-content\\\/uploads\\\/1b375b3e-8353-4f56-b004-e64de2e3b575.png\",\"datePublished\":\"2019-09-06T16:08:44+00:00\",\"breadcrumb\":{\"@id\":\"https:\\\/\\\/www.meydan.tv\\\/az\\\/article\\\/zimbabvenin-lideri-vefat-edib\\\/#breadcrumb\"},\"inLanguage\":\"az\",\"potentialAction\":[{\"@type\":\"ReadAction\",\"target\":[\"https:\\\/\\\/www.meydan.tv\\\/az\\\/article\\\/zimbabvenin-lideri-vefat-edib\\\/\"]}]},{\"@type\":\"ImageObject\",\"inLanguage\":\"az\",\"@id\":\"https:\\\/\\\/www.meydan.tv\\\/az\\\/article\\\/zimbabvenin-lideri-vefat-edib\\\/#primaryimage\",\"url\":\"https:\\\/\\\/www.meydan.tv\\\/wp-content\\\/uploads\\\/1b375b3e-8353-4f56-b004-e64de2e3b575.png\",\"contentUrl\":\"https:\\\/\\\/www.meydan.tv\\\/wp-content\\\/uploads\\\/1b375b3e-8353-4f56-b004-e64de2e3b575.png\",\"width\":1180,\"height\":780,\"caption\":\"Source: Meydan tv\"},{\"@type\":\"BreadcrumbList\",\"@id\":\"https:\\\/\\\/www.meydan.tv\\\/az\\\/article\\\/zimbabvenin-lideri-vefat-edib\\\/#breadcrumb\",\"itemListElement\":[{\"@type\":\"ListItem\",\"position\":1,\"name\":\"Ana s\u0259hif\u0259\",\"item\":\"https:\\\/\\\/www.meydan.tv\\\/az\\\/\"},{\"@type\":\"ListItem\",\"position\":2,\"name\":\"D\u00fcnya\",\"item\":\"https:\\\/\\\/www.meydan.tv\\\/az\\\/section\\\/dunya\\\/\"},{\"@type\":\"ListItem\",\"position\":3,\"name\":\"Zimbabvenin lideri v\u0259fat edib\"}]},{\"@type\":\"WebSite\",\"@id\":\"https:\\\/\\\/www.meydan.tv\\\/az\\\/#website\",\"url\":\"https:\\\/\\\/www.meydan.tv\\\/az\\\/\",\"name\":\"MEYDAN.TV\",\"description\":\"Meydan TV Az\u0259rbaycan\u0131n media m\u0259kan\u0131ndak\u0131 alternativ s\u0259sidir\",\"publisher\":{\"@id\":\"https:\\\/\\\/www.meydan.tv\\\/az\\\/#organization\"},\"potentialAction\":[{\"@type\":\"SearchAction\",\"target\":{\"@type\":\"EntryPoint\",\"urlTemplate\":\"https:\\\/\\\/www.meydan.tv\\\/az\\\/?s={search_term_string}\"},\"query-input\":{\"@type\":\"PropertyValueSpecification\",\"valueRequired\":true,\"valueName\":\"search_term_string\"}}],\"inLanguage\":\"az\"},{\"@type\":\"Organization\",\"@id\":\"https:\\\/\\\/www.meydan.tv\\\/az\\\/#organization\",\"name\":\"Meydan TV\",\"url\":\"https:\\\/\\\/www.meydan.tv\\\/az\\\/\",\"logo\":{\"@type\":\"ImageObject\",\"inLanguage\":\"az\",\"@id\":\"https:\\\/\\\/www.meydan.tv\\\/az\\\/#\\\/schema\\\/logo\\\/image\\\/\",\"url\":\"https:\\\/\\\/www.meydan.tv\\\/wp-content\\\/uploads\\\/2021\\\/07\\\/meydan-logo.svg\",\"contentUrl\":\"https:\\\/\\\/www.meydan.tv\\\/wp-content\\\/uploads\\\/2021\\\/07\\\/meydan-logo.svg\",\"width\":195,\"height\":46,\"caption\":\"Meydan TV\"},\"image\":{\"@id\":\"https:\\\/\\\/www.meydan.tv\\\/az\\\/#\\\/schema\\\/logo\\\/image\\\/\"}},{\"@type\":\"Person\",\"@id\":\"https:\\\/\\\/www.meydan.tv\\\/az\\\/#\\\/schema\\\/person\\\/10d11eccf6da3662cf5fdab9806ea91a\",\"name\":\"user-manager\"}]}<\/script>\n<!-- \/ Yoast SEO plugin. -->","yoast_head_json":{"title":"Zimbabvenin lideri v\u0259fat edib - MEYDAN.TV","robots":{"index":"index","follow":"follow","max-snippet":"max-snippet:-1","max-image-preview":"max-image-preview:large","max-video-preview":"max-video-preview:-1"},"canonical":"https:\/\/www.meydan.tv\/az\/article\/zimbabvenin-lideri-vefat-edib\/","og_locale":"az_AZ","og_type":"article","og_title":"Zimbabvenin lideri v\u0259fat edib - MEYDAN.TV","og_description":"\u201cMuqabenin sonu epik oldu \u2013 o, evd\u0259n uzaq, ac\u0131, t\u0259nha bir \u015f\u0259kild\u0259 \u00f6ld\u00fc\u201d","og_url":"https:\/\/www.meydan.tv\/az\/article\/zimbabvenin-lideri-vefat-edib\/","og_site_name":"MEYDAN.TV","article_published_time":"2019-09-06T16:08:44+00:00","og_image":[{"width":1180,"height":780,"url":"https:\/\/www.meydan.tv\/wp-content\/uploads\/1b375b3e-8353-4f56-b004-e64de2e3b575.png","type":"image\/png"}],"author":"user-manager","twitter_card":"summary_large_image","schema":{"@context":"https:\/\/schema.org","@graph":[{"@type":"Article","@id":"https:\/\/www.meydan.tv\/az\/article\/zimbabvenin-lideri-vefat-edib\/#article","isPartOf":{"@id":"https:\/\/www.meydan.tv\/az\/article\/zimbabvenin-lideri-vefat-edib\/"},"author":{"name":"user-manager","@id":"https:\/\/www.meydan.tv\/az\/#\/schema\/person\/10d11eccf6da3662cf5fdab9806ea91a"},"headline":"Zimbabvenin lideri v\u0259fat edib","datePublished":"2019-09-06T16:08:44+00:00","mainEntityOfPage":{"@id":"https:\/\/www.meydan.tv\/az\/article\/zimbabvenin-lideri-vefat-edib\/"},"wordCount":409,"publisher":{"@id":"https:\/\/www.meydan.tv\/az\/#organization"},"image":{"@id":"https:\/\/www.meydan.tv\/az\/article\/zimbabvenin-lideri-vefat-edib\/#primaryimage"},"thumbnailUrl":"https:\/\/www.meydan.tv\/wp-content\/uploads\/1b375b3e-8353-4f56-b004-e64de2e3b575.png","articleSection":["D\u00fcnya"],"inLanguage":"az"},{"@type":"WebPage","@id":"https:\/\/www.meydan.tv\/az\/article\/zimbabvenin-lideri-vefat-edib\/","url":"https:\/\/www.meydan.tv\/az\/article\/zimbabvenin-lideri-vefat-edib\/","name":"Zimbabvenin lideri v\u0259fat edib - MEYDAN.TV","isPartOf":{"@id":"https:\/\/www.meydan.tv\/az\/#website"},"primaryImageOfPage":{"@id":"https:\/\/www.meydan.tv\/az\/article\/zimbabvenin-lideri-vefat-edib\/#primaryimage"},"image":{"@id":"https:\/\/www.meydan.tv\/az\/article\/zimbabvenin-lideri-vefat-edib\/#primaryimage"},"thumbnailUrl":"https:\/\/www.meydan.tv\/wp-content\/uploads\/1b375b3e-8353-4f56-b004-e64de2e3b575.png","datePublished":"2019-09-06T16:08:44+00:00","breadcrumb":{"@id":"https:\/\/www.meydan.tv\/az\/article\/zimbabvenin-lideri-vefat-edib\/#breadcrumb"},"inLanguage":"az","potentialAction":[{"@type":"ReadAction","target":["https:\/\/www.meydan.tv\/az\/article\/zimbabvenin-lideri-vefat-edib\/"]}]},{"@type":"ImageObject","inLanguage":"az","@id":"https:\/\/www.meydan.tv\/az\/article\/zimbabvenin-lideri-vefat-edib\/#primaryimage","url":"https:\/\/www.meydan.tv\/wp-content\/uploads\/1b375b3e-8353-4f56-b004-e64de2e3b575.png","contentUrl":"https:\/\/www.meydan.tv\/wp-content\/uploads\/1b375b3e-8353-4f56-b004-e64de2e3b575.png","width":1180,"height":780,"caption":"Source: Meydan tv"},{"@type":"BreadcrumbList","@id":"https:\/\/www.meydan.tv\/az\/article\/zimbabvenin-lideri-vefat-edib\/#breadcrumb","itemListElement":[{"@type":"ListItem","position":1,"name":"Ana s\u0259hif\u0259","item":"https:\/\/www.meydan.tv\/az\/"},{"@type":"ListItem","position":2,"name":"D\u00fcnya","item":"https:\/\/www.meydan.tv\/az\/section\/dunya\/"},{"@type":"ListItem","position":3,"name":"Zimbabvenin lideri v\u0259fat edib"}]},{"@type":"WebSite","@id":"https:\/\/www.meydan.tv\/az\/#website","url":"https:\/\/www.meydan.tv\/az\/","name":"MEYDAN.TV","description":"Meydan TV Az\u0259rbaycan\u0131n media m\u0259kan\u0131ndak\u0131 alternativ s\u0259sidir","publisher":{"@id":"https:\/\/www.meydan.tv\/az\/#organization"},"potentialAction":[{"@type":"SearchAction","target":{"@type":"EntryPoint","urlTemplate":"https:\/\/www.meydan.tv\/az\/?s={search_term_string}"},"query-input":{"@type":"PropertyValueSpecification","valueRequired":true,"valueName":"search_term_string"}}],"inLanguage":"az"},{"@type":"Organization","@id":"https:\/\/www.meydan.tv\/az\/#organization","name":"Meydan TV","url":"https:\/\/www.meydan.tv\/az\/","logo":{"@type":"ImageObject","inLanguage":"az","@id":"https:\/\/www.meydan.tv\/az\/#\/schema\/logo\/image\/","url":"https:\/\/www.meydan.tv\/wp-content\/uploads\/2021\/07\/meydan-logo.svg","contentUrl":"https:\/\/www.meydan.tv\/wp-content\/uploads\/2021\/07\/meydan-logo.svg","width":195,"height":46,"caption":"Meydan TV"},"image":{"@id":"https:\/\/www.meydan.tv\/az\/#\/schema\/logo\/image\/"}},{"@type":"Person","@id":"https:\/\/www.meydan.tv\/az\/#\/schema\/person\/10d11eccf6da3662cf5fdab9806ea91a","name":"user-manager"}]}},"_links":{"self":[{"href":"https:\/\/www.meydan.tv\/az\/wp-json\/wp\/v2\/posts\/196861","targetHints":{"allow":["GET"]}}],"collection":[{"href":"https:\/\/www.meydan.tv\/az\/wp-json\/wp\/v2\/posts"}],"about":[{"href":"https:\/\/www.meydan.tv\/az\/wp-json\/wp\/v2\/types\/post"}],"author":[{"embeddable":true,"href":"https:\/\/www.meydan.tv\/az\/wp-json\/wp\/v2\/users\/11"}],"replies":[{"embeddable":true,"href":"https:\/\/www.meydan.tv\/az\/wp-json\/wp\/v2\/comments?post=196861"}],"version-history":[{"count":0,"href":"https:\/\/www.meydan.tv\/az\/wp-json\/wp\/v2\/posts\/196861\/revisions"}],"wp:featuredmedia":[{"embeddable":true,"href":"https:\/\/www.meydan.tv\/az\/wp-json\/wp\/v2\/media\/129263"}],"wp:attachment":[{"href":"https:\/\/www.meydan.tv\/az\/wp-json\/wp\/v2\/media?parent=196861"}],"wp:term":[{"taxonomy":"category","embeddable":true,"href":"https:\/\/www.meydan.tv\/az\/wp-json\/wp\/v2\/categories?post=196861"},{"taxonomy":"post_tag","embeddable":true,"href":"https:\/\/www.meydan.tv\/az\/wp-json\/wp\/v2\/tags?post=196861"}],"curies":[{"name":"wp","href":"https:\/\/api.w.org\/{rel}","templated":true}]}}