{"id":196849,"date":"2019-09-05T20:54:36","date_gmt":"2019-09-05T20:54:36","guid":{"rendered":"https:\/\/www.meydan.tv\/article\/honq-konq-lideri-cin-menim-qerarimi-destekleyir\/"},"modified":"2019-09-05T20:54:36","modified_gmt":"2019-09-05T20:54:36","slug":"honq-konq-lideri-cin-menim-qerarimi-destekleyir","status":"publish","type":"post","link":"https:\/\/www.meydan.tv\/az\/article\/honq-konq-lideri-cin-menim-qerarimi-destekleyir\/","title":{"rendered":"Honq Konq lideri: \u00c7in m\u0259nim q\u0259rar\u0131m\u0131 d\u0259st\u0259kl\u0259yir"},"content":{"rendered":"<p>\n  \u201c<br \/>\n  <i><br \/>\n    Onlar bax\u0131\u015flar\u0131m\u0131 h\u00f6rm\u0259tl\u0259 qar\u015f\u0131lay\u0131rlar v\u0259 m\u0259ni h\u0259r zaman d\u0259st\u0259kl\u0259yibl\u0259r\u201d<br \/>\n  <\/i>\n<\/p>\n<p>\n  Honq Konq lideri K\u0259ri L\u0259m (Carrie Lam) \u00e7\u0259r\u015f\u0259nb\u0259 ax\u015fam\u0131 g\u00fcn\u00fc deyib ki, \u00c7in onun h\u00f6kum\u0259tinin ekstradisiya qanun layih\u0259sini r\u0259smi olaraq geri g\u00f6t\u00fcrm\u0259sini anlay\u0131r, h\u00f6rm\u0259t edir v\u0259 d\u0259st\u0259kl\u0259yir.\n<\/p>\n<p>\n  \u201cReuters\u201d x\u0259b\u0259r verir ki, L\u0259m h\u00f6kum\u0259tin bu add\u0131m\u0131ndan sonra \u015f\u0259h\u0259rin aylard\u0131r davam ed\u0259n siyasi qar\u0131\u015f\u0131ql\u0131qdan ayr\u0131laraq inki\u015faf etm\u0259sin\u0259 t\u0259kan ver\u0259c\u0259yini deyib.\n<\/p>\n<p>\n  M\u0259tbuat konfrans\u0131nda L\u0259md\u0259n soru\u015fulub ki, d\u0259f\u0259l\u0259rl\u0259 \u015fidd\u0259tl\u0259n\u0259n etirazlara baxmayaraq, insanlar\u0131n \u00c7in\u0259 ekstradisiyas\u0131na icaz\u0259 ver\u0259n qanun layih\u0259sini geri g\u00f6t\u00fcrm\u0259k n\u0259 \u00fc\u00e7\u00fcn bu q\u0259d\u0259r uzad\u0131l\u0131b. Amma o sualdan yay\u0131n\u0131b.\n<\/p>\n<p>\n  \u201cBunu d\u00fc\u015f\u00fcnc\u0259nin d\u0259yi\u015fm\u0259si kimi t\u0259svir etm\u0259k do\u011fru deyil,\u201d L\u0259m deyib.\n<\/p>\n<p>\n  O \u0259lav\u0259 edib ki, qanun layih\u0259sinin tamamil\u0259 geri g\u00f6t\u00fcr\u00fclm\u0259si onun h\u00f6kum\u0259ti t\u0259r\u0259find\u0259n verilmi\u015f q\u0259rar olub v\u0259 Pekin bu q\u0259rar\u0131 d\u0259st\u0259kl\u0259yib.\n<\/p>\n<p>\n  \u201cB\u00fct\u00fcn bu proses boyunca Xalqlar\u0131n M\u0259rk\u0259zi H\u00f6kum\u0259ti bizim niy\u0259 bunu etm\u0259li oldu\u011fumuzu ba\u015fa d\u00fc\u015f\u0259c\u0259k m\u00f6vqe tutub. Onlar m\u0259nim bax\u0131\u015flar\u0131m\u0131 h\u00f6rm\u0259tl\u0259 qar\u015f\u0131lay\u0131rlar v\u0259 m\u0259ni h\u0259r zaman d\u0259st\u0259kl\u0259yibl\u0259r,\u201d o deyib. L\u0259m jurnalistl\u0259rin sual\u0131n\u0131 cavabland\u0131rark\u0259n krem r\u0259ngli kostyum geyinib v\u0259 bir g\u00fcn \u0259vv\u0259l televiziya \u00e7\u0131x\u0131\u015f\u0131ndak\u0131ndan daha az g\u0259rgin g\u00f6r\u00fcn\u00fcb.\n<\/p>\n<p>\n  L\u0259m \u00e7\u0259r\u015f\u0259nb\u0259 g\u00fcn\u00fc \u00c7in \u0259razisini on ill\u0259rdir b\u00fcr\u00fcy\u0259n \u0259n pis siyasi b\u00f6hran v\u0259ziyy\u0259tin\u0259 g\u0259tir\u0259n qanun layih\u0259sini geri g\u00f6t\u00fcr\u00fcb.\n<\/p>\n<p>\n  L\u0259m h\u0259m\u00e7inin c\u0259miyy\u0259td\u0259ki dig\u0259r d\u0259rin iqtisadi, sosial v\u0259 siyasi probleml\u0259ri, o c\u00fcml\u0259d\u0259n g\u0259ncl\u0259r \u00fc\u00e7\u00fcn m\u0259nzil v\u0259 mobillik m\u0259s\u0259l\u0259l\u0259rini h\u0259ll etm\u0259k \u00fc\u00e7\u00fcn dialoqun \u00f6n\u0259mli oldu\u011funu vur\u011fulay\u0131b, bunun \u00fc\u00e7\u00fcn bir platforman\u0131n a\u00e7\u0131lmal\u0131 oldu\u011funu a\u00e7\u0131qlay\u0131b.\n<\/p>\n<p>\n  \u201cBiz c\u0259miyy\u0259td\u0259ki naraz\u0131l\u0131\u011f\u0131 aradan qald\u0131rma\u011f\u0131n yollar\u0131n\u0131 tapmal\u0131 v\u0259 h\u0259ll yollar\u0131n\u0131 axtarmal\u0131y\u0131q,\u201d &#8211; o deyib.\n<\/p>\n<p>\n  Qanun layih\u0259sinin geri g\u00f6t\u00fcr\u00fclm\u0259si demokratiya t\u0259r\u0259fdar\u0131 olan etiraz\u00e7\u0131lar\u0131n be\u015f t\u0259l\u0259bind\u0259n biri olub, baxmayaraq ki, bir \u00e7ox n\u00fcmayi\u015f\u00e7i v\u0259 mill\u0259t v\u0259kill\u0259ri bu h\u0259r\u0259k\u0259tin \u00e7ox az, \u00e7ox gec oldu\u011funu bildirib. Dig\u0259r d\u00f6rd t\u0259l\u0259b etiraz aksiyalar\u0131na inqilab ad\u0131n\u0131n verilm\u0259sini dayand\u0131rmaq, n\u00fcmayi\u015f\u00e7il\u0259rin ham\u0131s\u0131n\u0131 azad etm\u0259k, polis zorak\u0131l\u0131\u011f\u0131 il\u0259 ba\u011fl\u0131 m\u00fcst\u0259qil sor\u011fu ke\u00e7irm\u0259k, Honq Konq insanlar\u0131na \u00f6z liderl\u0259rini se\u00e7m\u0259k azadl\u0131\u011f\u0131 verm\u0259k olub.<\/p>\n","protected":false},"excerpt":{"rendered":"<p>&#8220;Onlar bax\u0131\u015flar\u0131m\u0131 h\u00f6rm\u0259tl\u0259 qar\u015f\u0131lay\u0131rlar v\u0259 m\u0259ni h\u0259r zaman d\u0259st\u0259kl\u0259yibl\u0259r\u201d<\/p>\n","protected":false},"author":11,"featured_media":129239,"comment_status":"closed","ping_status":"open","sticky":false,"template":"","format":"standard","meta":{"_acf_changed":false,"_sitemap_exclude":false,"_sitemap_priority":"","_sitemap_frequency":"","footnotes":""},"categories":[64],"tags":[],"class_list":["post-196849","post","type-post","status-publish","format-standard","has-post-thumbnail","hentry","category-dunya","infinite-scroll-item","generate-columns","tablet-grid-50","mobile-grid-100","grid-parent","grid-33","no-featured-image-padding"],"acf":[],"yoast_head":"<!-- This site is optimized with the Yoast SEO plugin v27.4 - https:\/\/yoast.com\/product\/yoast-seo-wordpress\/ -->\n<title>Honq Konq lideri: \u00c7in m\u0259nim q\u0259rar\u0131m\u0131 d\u0259st\u0259kl\u0259yir - MEYDAN.TV<\/title>\n<meta name=\"robots\" content=\"index, follow, max-snippet:-1, max-image-preview:large, max-video-preview:-1\" \/>\n<link rel=\"canonical\" href=\"https:\/\/www.meydan.tv\/az\/article\/honq-konq-lideri-cin-menim-qerarimi-destekleyir\/\" \/>\n<meta property=\"og:locale\" content=\"az_AZ\" \/>\n<meta property=\"og:type\" content=\"article\" \/>\n<meta property=\"og:title\" content=\"Honq Konq lideri: \u00c7in m\u0259nim q\u0259rar\u0131m\u0131 d\u0259st\u0259kl\u0259yir - MEYDAN.TV\" \/>\n<meta property=\"og:description\" content=\"&quot;Onlar bax\u0131\u015flar\u0131m\u0131 h\u00f6rm\u0259tl\u0259 qar\u015f\u0131lay\u0131rlar v\u0259 m\u0259ni h\u0259r zaman d\u0259st\u0259kl\u0259yibl\u0259r\u201d\" \/>\n<meta property=\"og:url\" content=\"https:\/\/www.meydan.tv\/az\/article\/honq-konq-lideri-cin-menim-qerarimi-destekleyir\/\" \/>\n<meta property=\"og:site_name\" content=\"MEYDAN.TV\" \/>\n<meta property=\"article:published_time\" content=\"2019-09-05T20:54:36+00:00\" \/>\n<meta property=\"og:image\" content=\"https:\/\/www.meydan.tv\/wp-content\/uploads\/0e8710f5-699d-4fe7-a174-021af42aa3af.png\" \/>\n\t<meta property=\"og:image:width\" content=\"800\" \/>\n\t<meta property=\"og:image:height\" content=\"512\" \/>\n\t<meta property=\"og:image:type\" content=\"image\/png\" \/>\n<meta name=\"author\" content=\"user-manager\" \/>\n<meta name=\"twitter:card\" content=\"summary_large_image\" \/>\n<script type=\"application\/ld+json\" class=\"yoast-schema-graph\">{\"@context\":\"https:\\\/\\\/schema.org\",\"@graph\":[{\"@type\":\"Article\",\"@id\":\"https:\\\/\\\/www.meydan.tv\\\/az\\\/article\\\/honq-konq-lideri-cin-menim-qerarimi-destekleyir\\\/#article\",\"isPartOf\":{\"@id\":\"https:\\\/\\\/www.meydan.tv\\\/az\\\/article\\\/honq-konq-lideri-cin-menim-qerarimi-destekleyir\\\/\"},\"author\":{\"name\":\"user-manager\",\"@id\":\"https:\\\/\\\/www.meydan.tv\\\/az\\\/#\\\/schema\\\/person\\\/10d11eccf6da3662cf5fdab9806ea91a\"},\"headline\":\"Honq Konq lideri: \u00c7in m\u0259nim q\u0259rar\u0131m\u0131 d\u0259st\u0259kl\u0259yir\",\"datePublished\":\"2019-09-05T20:54:36+00:00\",\"mainEntityOfPage\":{\"@id\":\"https:\\\/\\\/www.meydan.tv\\\/az\\\/article\\\/honq-konq-lideri-cin-menim-qerarimi-destekleyir\\\/\"},\"wordCount\":535,\"publisher\":{\"@id\":\"https:\\\/\\\/www.meydan.tv\\\/az\\\/#organization\"},\"image\":{\"@id\":\"https:\\\/\\\/www.meydan.tv\\\/az\\\/article\\\/honq-konq-lideri-cin-menim-qerarimi-destekleyir\\\/#primaryimage\"},\"thumbnailUrl\":\"https:\\\/\\\/www.meydan.tv\\\/wp-content\\\/uploads\\\/0e8710f5-699d-4fe7-a174-021af42aa3af.png\",\"articleSection\":[\"D\u00fcnya\"],\"inLanguage\":\"az\"},{\"@type\":\"WebPage\",\"@id\":\"https:\\\/\\\/www.meydan.tv\\\/az\\\/article\\\/honq-konq-lideri-cin-menim-qerarimi-destekleyir\\\/\",\"url\":\"https:\\\/\\\/www.meydan.tv\\\/az\\\/article\\\/honq-konq-lideri-cin-menim-qerarimi-destekleyir\\\/\",\"name\":\"Honq Konq lideri: \u00c7in m\u0259nim q\u0259rar\u0131m\u0131 d\u0259st\u0259kl\u0259yir - MEYDAN.TV\",\"isPartOf\":{\"@id\":\"https:\\\/\\\/www.meydan.tv\\\/az\\\/#website\"},\"primaryImageOfPage\":{\"@id\":\"https:\\\/\\\/www.meydan.tv\\\/az\\\/article\\\/honq-konq-lideri-cin-menim-qerarimi-destekleyir\\\/#primaryimage\"},\"image\":{\"@id\":\"https:\\\/\\\/www.meydan.tv\\\/az\\\/article\\\/honq-konq-lideri-cin-menim-qerarimi-destekleyir\\\/#primaryimage\"},\"thumbnailUrl\":\"https:\\\/\\\/www.meydan.tv\\\/wp-content\\\/uploads\\\/0e8710f5-699d-4fe7-a174-021af42aa3af.png\",\"datePublished\":\"2019-09-05T20:54:36+00:00\",\"breadcrumb\":{\"@id\":\"https:\\\/\\\/www.meydan.tv\\\/az\\\/article\\\/honq-konq-lideri-cin-menim-qerarimi-destekleyir\\\/#breadcrumb\"},\"inLanguage\":\"az\",\"potentialAction\":[{\"@type\":\"ReadAction\",\"target\":[\"https:\\\/\\\/www.meydan.tv\\\/az\\\/article\\\/honq-konq-lideri-cin-menim-qerarimi-destekleyir\\\/\"]}]},{\"@type\":\"ImageObject\",\"inLanguage\":\"az\",\"@id\":\"https:\\\/\\\/www.meydan.tv\\\/az\\\/article\\\/honq-konq-lideri-cin-menim-qerarimi-destekleyir\\\/#primaryimage\",\"url\":\"https:\\\/\\\/www.meydan.tv\\\/wp-content\\\/uploads\\\/0e8710f5-699d-4fe7-a174-021af42aa3af.png\",\"contentUrl\":\"https:\\\/\\\/www.meydan.tv\\\/wp-content\\\/uploads\\\/0e8710f5-699d-4fe7-a174-021af42aa3af.png\",\"width\":800,\"height\":512,\"caption\":\"Source: Google\"},{\"@type\":\"BreadcrumbList\",\"@id\":\"https:\\\/\\\/www.meydan.tv\\\/az\\\/article\\\/honq-konq-lideri-cin-menim-qerarimi-destekleyir\\\/#breadcrumb\",\"itemListElement\":[{\"@type\":\"ListItem\",\"position\":1,\"name\":\"Ana s\u0259hif\u0259\",\"item\":\"https:\\\/\\\/www.meydan.tv\\\/az\\\/\"},{\"@type\":\"ListItem\",\"position\":2,\"name\":\"D\u00fcnya\",\"item\":\"https:\\\/\\\/www.meydan.tv\\\/az\\\/section\\\/dunya\\\/\"},{\"@type\":\"ListItem\",\"position\":3,\"name\":\"Honq Konq lideri: \u00c7in m\u0259nim q\u0259rar\u0131m\u0131 d\u0259st\u0259kl\u0259yir\"}]},{\"@type\":\"WebSite\",\"@id\":\"https:\\\/\\\/www.meydan.tv\\\/az\\\/#website\",\"url\":\"https:\\\/\\\/www.meydan.tv\\\/az\\\/\",\"name\":\"MEYDAN.TV\",\"description\":\"Meydan TV Az\u0259rbaycan\u0131n media m\u0259kan\u0131ndak\u0131 alternativ s\u0259sidir\",\"publisher\":{\"@id\":\"https:\\\/\\\/www.meydan.tv\\\/az\\\/#organization\"},\"potentialAction\":[{\"@type\":\"SearchAction\",\"target\":{\"@type\":\"EntryPoint\",\"urlTemplate\":\"https:\\\/\\\/www.meydan.tv\\\/az\\\/?s={search_term_string}\"},\"query-input\":{\"@type\":\"PropertyValueSpecification\",\"valueRequired\":true,\"valueName\":\"search_term_string\"}}],\"inLanguage\":\"az\"},{\"@type\":\"Organization\",\"@id\":\"https:\\\/\\\/www.meydan.tv\\\/az\\\/#organization\",\"name\":\"Meydan TV\",\"url\":\"https:\\\/\\\/www.meydan.tv\\\/az\\\/\",\"logo\":{\"@type\":\"ImageObject\",\"inLanguage\":\"az\",\"@id\":\"https:\\\/\\\/www.meydan.tv\\\/az\\\/#\\\/schema\\\/logo\\\/image\\\/\",\"url\":\"https:\\\/\\\/www.meydan.tv\\\/wp-content\\\/uploads\\\/2021\\\/07\\\/meydan-logo.svg\",\"contentUrl\":\"https:\\\/\\\/www.meydan.tv\\\/wp-content\\\/uploads\\\/2021\\\/07\\\/meydan-logo.svg\",\"width\":195,\"height\":46,\"caption\":\"Meydan TV\"},\"image\":{\"@id\":\"https:\\\/\\\/www.meydan.tv\\\/az\\\/#\\\/schema\\\/logo\\\/image\\\/\"}},{\"@type\":\"Person\",\"@id\":\"https:\\\/\\\/www.meydan.tv\\\/az\\\/#\\\/schema\\\/person\\\/10d11eccf6da3662cf5fdab9806ea91a\",\"name\":\"user-manager\"}]}<\/script>\n<!-- \/ Yoast SEO plugin. -->","yoast_head_json":{"title":"Honq Konq lideri: \u00c7in m\u0259nim q\u0259rar\u0131m\u0131 d\u0259st\u0259kl\u0259yir - MEYDAN.TV","robots":{"index":"index","follow":"follow","max-snippet":"max-snippet:-1","max-image-preview":"max-image-preview:large","max-video-preview":"max-video-preview:-1"},"canonical":"https:\/\/www.meydan.tv\/az\/article\/honq-konq-lideri-cin-menim-qerarimi-destekleyir\/","og_locale":"az_AZ","og_type":"article","og_title":"Honq Konq lideri: \u00c7in m\u0259nim q\u0259rar\u0131m\u0131 d\u0259st\u0259kl\u0259yir - MEYDAN.TV","og_description":"\"Onlar bax\u0131\u015flar\u0131m\u0131 h\u00f6rm\u0259tl\u0259 qar\u015f\u0131lay\u0131rlar v\u0259 m\u0259ni h\u0259r zaman d\u0259st\u0259kl\u0259yibl\u0259r\u201d","og_url":"https:\/\/www.meydan.tv\/az\/article\/honq-konq-lideri-cin-menim-qerarimi-destekleyir\/","og_site_name":"MEYDAN.TV","article_published_time":"2019-09-05T20:54:36+00:00","og_image":[{"width":800,"height":512,"url":"https:\/\/www.meydan.tv\/wp-content\/uploads\/0e8710f5-699d-4fe7-a174-021af42aa3af.png","type":"image\/png"}],"author":"user-manager","twitter_card":"summary_large_image","schema":{"@context":"https:\/\/schema.org","@graph":[{"@type":"Article","@id":"https:\/\/www.meydan.tv\/az\/article\/honq-konq-lideri-cin-menim-qerarimi-destekleyir\/#article","isPartOf":{"@id":"https:\/\/www.meydan.tv\/az\/article\/honq-konq-lideri-cin-menim-qerarimi-destekleyir\/"},"author":{"name":"user-manager","@id":"https:\/\/www.meydan.tv\/az\/#\/schema\/person\/10d11eccf6da3662cf5fdab9806ea91a"},"headline":"Honq Konq lideri: \u00c7in m\u0259nim q\u0259rar\u0131m\u0131 d\u0259st\u0259kl\u0259yir","datePublished":"2019-09-05T20:54:36+00:00","mainEntityOfPage":{"@id":"https:\/\/www.meydan.tv\/az\/article\/honq-konq-lideri-cin-menim-qerarimi-destekleyir\/"},"wordCount":535,"publisher":{"@id":"https:\/\/www.meydan.tv\/az\/#organization"},"image":{"@id":"https:\/\/www.meydan.tv\/az\/article\/honq-konq-lideri-cin-menim-qerarimi-destekleyir\/#primaryimage"},"thumbnailUrl":"https:\/\/www.meydan.tv\/wp-content\/uploads\/0e8710f5-699d-4fe7-a174-021af42aa3af.png","articleSection":["D\u00fcnya"],"inLanguage":"az"},{"@type":"WebPage","@id":"https:\/\/www.meydan.tv\/az\/article\/honq-konq-lideri-cin-menim-qerarimi-destekleyir\/","url":"https:\/\/www.meydan.tv\/az\/article\/honq-konq-lideri-cin-menim-qerarimi-destekleyir\/","name":"Honq Konq lideri: \u00c7in m\u0259nim q\u0259rar\u0131m\u0131 d\u0259st\u0259kl\u0259yir - MEYDAN.TV","isPartOf":{"@id":"https:\/\/www.meydan.tv\/az\/#website"},"primaryImageOfPage":{"@id":"https:\/\/www.meydan.tv\/az\/article\/honq-konq-lideri-cin-menim-qerarimi-destekleyir\/#primaryimage"},"image":{"@id":"https:\/\/www.meydan.tv\/az\/article\/honq-konq-lideri-cin-menim-qerarimi-destekleyir\/#primaryimage"},"thumbnailUrl":"https:\/\/www.meydan.tv\/wp-content\/uploads\/0e8710f5-699d-4fe7-a174-021af42aa3af.png","datePublished":"2019-09-05T20:54:36+00:00","breadcrumb":{"@id":"https:\/\/www.meydan.tv\/az\/article\/honq-konq-lideri-cin-menim-qerarimi-destekleyir\/#breadcrumb"},"inLanguage":"az","potentialAction":[{"@type":"ReadAction","target":["https:\/\/www.meydan.tv\/az\/article\/honq-konq-lideri-cin-menim-qerarimi-destekleyir\/"]}]},{"@type":"ImageObject","inLanguage":"az","@id":"https:\/\/www.meydan.tv\/az\/article\/honq-konq-lideri-cin-menim-qerarimi-destekleyir\/#primaryimage","url":"https:\/\/www.meydan.tv\/wp-content\/uploads\/0e8710f5-699d-4fe7-a174-021af42aa3af.png","contentUrl":"https:\/\/www.meydan.tv\/wp-content\/uploads\/0e8710f5-699d-4fe7-a174-021af42aa3af.png","width":800,"height":512,"caption":"Source: Google"},{"@type":"BreadcrumbList","@id":"https:\/\/www.meydan.tv\/az\/article\/honq-konq-lideri-cin-menim-qerarimi-destekleyir\/#breadcrumb","itemListElement":[{"@type":"ListItem","position":1,"name":"Ana s\u0259hif\u0259","item":"https:\/\/www.meydan.tv\/az\/"},{"@type":"ListItem","position":2,"name":"D\u00fcnya","item":"https:\/\/www.meydan.tv\/az\/section\/dunya\/"},{"@type":"ListItem","position":3,"name":"Honq Konq lideri: \u00c7in m\u0259nim q\u0259rar\u0131m\u0131 d\u0259st\u0259kl\u0259yir"}]},{"@type":"WebSite","@id":"https:\/\/www.meydan.tv\/az\/#website","url":"https:\/\/www.meydan.tv\/az\/","name":"MEYDAN.TV","description":"Meydan TV Az\u0259rbaycan\u0131n media m\u0259kan\u0131ndak\u0131 alternativ s\u0259sidir","publisher":{"@id":"https:\/\/www.meydan.tv\/az\/#organization"},"potentialAction":[{"@type":"SearchAction","target":{"@type":"EntryPoint","urlTemplate":"https:\/\/www.meydan.tv\/az\/?s={search_term_string}"},"query-input":{"@type":"PropertyValueSpecification","valueRequired":true,"valueName":"search_term_string"}}],"inLanguage":"az"},{"@type":"Organization","@id":"https:\/\/www.meydan.tv\/az\/#organization","name":"Meydan TV","url":"https:\/\/www.meydan.tv\/az\/","logo":{"@type":"ImageObject","inLanguage":"az","@id":"https:\/\/www.meydan.tv\/az\/#\/schema\/logo\/image\/","url":"https:\/\/www.meydan.tv\/wp-content\/uploads\/2021\/07\/meydan-logo.svg","contentUrl":"https:\/\/www.meydan.tv\/wp-content\/uploads\/2021\/07\/meydan-logo.svg","width":195,"height":46,"caption":"Meydan TV"},"image":{"@id":"https:\/\/www.meydan.tv\/az\/#\/schema\/logo\/image\/"}},{"@type":"Person","@id":"https:\/\/www.meydan.tv\/az\/#\/schema\/person\/10d11eccf6da3662cf5fdab9806ea91a","name":"user-manager"}]}},"_links":{"self":[{"href":"https:\/\/www.meydan.tv\/az\/wp-json\/wp\/v2\/posts\/196849","targetHints":{"allow":["GET"]}}],"collection":[{"href":"https:\/\/www.meydan.tv\/az\/wp-json\/wp\/v2\/posts"}],"about":[{"href":"https:\/\/www.meydan.tv\/az\/wp-json\/wp\/v2\/types\/post"}],"author":[{"embeddable":true,"href":"https:\/\/www.meydan.tv\/az\/wp-json\/wp\/v2\/users\/11"}],"replies":[{"embeddable":true,"href":"https:\/\/www.meydan.tv\/az\/wp-json\/wp\/v2\/comments?post=196849"}],"version-history":[{"count":0,"href":"https:\/\/www.meydan.tv\/az\/wp-json\/wp\/v2\/posts\/196849\/revisions"}],"wp:featuredmedia":[{"embeddable":true,"href":"https:\/\/www.meydan.tv\/az\/wp-json\/wp\/v2\/media\/129239"}],"wp:attachment":[{"href":"https:\/\/www.meydan.tv\/az\/wp-json\/wp\/v2\/media?parent=196849"}],"wp:term":[{"taxonomy":"category","embeddable":true,"href":"https:\/\/www.meydan.tv\/az\/wp-json\/wp\/v2\/categories?post=196849"},{"taxonomy":"post_tag","embeddable":true,"href":"https:\/\/www.meydan.tv\/az\/wp-json\/wp\/v2\/tags?post=196849"}],"curies":[{"name":"wp","href":"https:\/\/api.w.org\/{rel}","templated":true}]}}