{"id":196827,"date":"2019-09-04T11:24:02","date_gmt":"2019-09-04T11:24:02","guid":{"rendered":"https:\/\/www.meydan.tv\/article\/azerbaycanda-bahalasmanin-sebebi-gomruk-siyasetindedir\/"},"modified":"2019-09-04T11:24:02","modified_gmt":"2019-09-04T11:24:02","slug":"azerbaycanda-bahalasmanin-sebebi-gomruk-siyasetindedir","status":"publish","type":"post","link":"https:\/\/www.meydan.tv\/az\/article\/azerbaycanda-bahalasmanin-sebebi-gomruk-siyasetindedir\/","title":{"rendered":"\u201cAz\u0259rbaycanda bahala\u015fman\u0131n s\u0259b\u0259bi g\u00f6mr\u00fck siyas\u0259tind\u0259dir\u201d"},"content":{"rendered":"<p>\n  <i><br \/>\n    Nazim B\u0259yd\u0259mirli: \u201cG\u00f6mr\u00fck Komit\u0259si s\u00fcni qiym\u0259t art\u0131m\u0131 yarad\u0131r\u201d<br \/>\n  <\/i>\n<\/p>\n<p>\n  Son zamanlar tikinti bazar\u0131nda qiym\u0259t art\u0131m\u0131 diqq\u0259td\u0259n yay\u0131nm\u0131r. Sat\u0131c\u0131lar m\u0259tbuat n\u00fcmay\u0259nd\u0259l\u0259ri il\u0259 qiym\u0259t art\u0131m\u0131n\u0131n s\u0259b\u0259bl\u0259ri haqda dan\u0131\u015fsalar da, anonim qalma\u011fa \u00fcst\u00fcnl\u00fck verirl\u0259r. Bunu \u00f6zl\u0259rinin t\u0259hl\u00fck\u0259sizliyi il\u0259 ba\u011flayan i\u015f adamlar\u0131 qiym\u0259t art\u0131m\u0131n\u0131n \u0259sas s\u0259b\u0259bini g\u00f6mr\u00fck r\u00fcsumlar\u0131 il\u0259 \u0259laq\u0259l\u0259ndiril\u0259r. Sahibkarlar Vergil\u0259r Nazirliyinin \u00f6t\u0259n ill\u0259rd\u0259 oldu\u011fu kimi onlar\u0131 narahat etm\u0259dikl\u0259rini d\u0259 dil\u0259 g\u0259tirirl\u0259r. T\u0259\u0259ss\u00fcf ki, bir ne\u00e7\u0259 g\u00fcn \u0259rzind\u0259 G\u00f6mr\u00fck Komit\u0259sinin m\u0259tbuat xidm\u0259tind\u0259n m\u0259s\u0259l\u0259y\u0259 reaksiya ala bilm\u0259dik. Ancaq s\u00f6hb\u0259t etdiyimiz iqtisad\u00e7\u0131lar sahibkarlar\u0131n naraz\u0131l\u0131\u011f\u0131n\u0131 b\u00f6l\u00fc\u015f\u00fcrl\u0259r.\n<\/p>\n<p>\n  <i><br \/>\n    \u201cY\u00fcks\u0259k g\u00f6mr\u00fck r\u00fcsumlar\u0131n\u0131 daxili istehsal\u0131 qorumaq ad\u0131 il\u0259 q\u0259l\u0259m\u0259 verm\u0259k iqtisadi savads\u0131zl\u0131qd\u0131r\u201d<br \/>\n  <\/i>\n<\/p>\n<p>\n  \u0130qtisad\u00e7\u0131-alim Nazim B\u0259yd\u0259mirli xat\u0131rlad\u0131b ki, son ill\u0259rd\u0259 g\u00f6mr\u00fck proqnozlar\u0131n\u0131n art\u0131m\u0131 ad\u0131 il\u0259, \u00f6z i\u015fl\u0259rini y\u00fcks\u0259k s\u0259viyy\u0259d\u0259 g\u00f6st\u0259rm\u0259k ist\u0259yirl\u0259r. O qeyd edib ki, h\u00f6kum\u0259t d\u0259 bu siyas\u0259ti b\u0259h-b\u0259hl\u0259 qiym\u0259tl\u0259ndirs\u0259 d\u0259, bunun hans\u0131 f\u0259sadlarla n\u0259tic\u0259l\u0259ndiyinin f\u0259rqind\u0259 deyil.\n<\/p>\n<p>\n  \u201cProblem Az\u0259rbaycan\u0131n idxaldan as\u0131l\u0131 \u00f6lk\u0259 olmas\u0131d\u0131r. \u0130dxaldan olan \u0259lav\u0259 d\u0259y\u0259r vergisi d\u0259 daxil olmaq \u015f\u0259rtiyl\u0259 sahibkar\u0131n mal\u0131n d\u0259y\u0259rin\u0259 otuzdurulan v\u0259saitl\u0259r sonda istehlak\u00e7\u0131lar\u0131n cibind\u0259n \u00e7\u0131x\u0131r. H\u00f6kum\u0259t anlamal\u0131d\u0131r ki, g\u00f6mr\u00fck r\u00fcsumlar\u0131 n\u0259 q\u0259d\u0259r y\u00fcks\u0259k olsa, istehlak\u00e7\u0131lar bir o q\u0259d\u0259r \u00e7ox \u00f6d\u0259y\u0259c\u0259kl\u0259r v\u0259 bu, xarici \u00f6lk\u0259l\u0259rin iqtisadiyyat\u0131na xidm\u0259t edir, n\u0259inki, daxili istehsal\u0131 stimulla\u015fd\u0131r\u0131r. Bu m\u0259nada y\u00fcks\u0259k g\u00f6mr\u00fck r\u00fcsumlar\u0131n\u0131 daxili istehsal\u0131 qorumaq ad\u0131 il\u0259 q\u0259l\u0259m\u0259 verm\u0259k \u0259n az\u0131 iqtisadi savads\u0131zl\u0131qd\u0131r. Ona g\u00f6r\u0259 sahibkarlar\u0131n \u015fikay\u0259ti \u0259sasl\u0131d\u0131r\u201d.\n<\/p>\n<p>\n  <i><br \/>\n    \u201cG\u00f6mr\u00fck Komit\u0259si l\u0259\u011fv edilib Vergil\u0259r Nazirliyinin tabeliyin\u0259 verilm\u0259lidir\u201d<br \/>\n  <\/i>\n<\/p>\n<p>\n  Nazim B\u0259yd\u0259mirlinin s\u00f6zl\u0259rin\u0259 g\u00f6r\u0259, g\u00f6mr\u00fck orqanlar\u0131 indiki siyas\u0259tl\u0259ri il\u0259 neomonopoliyan\u0131 yarad\u0131rlar, m\u00fcxt\u0259lif \u015firk\u0259tl\u0259rd\u0259n t\u0259qdim olunan invoyslarda n\u0259 yaz\u0131l\u0131bsa q\u0259bul etdikl\u0259ri halda, arxas\u0131nda m\u0259mur olmayan, normal \u00e7al\u0131\u015fan sahibkara bazar qiym\u0259ti ad\u0131 alt\u0131nda yeni b\u0259yannam\u0259 qiym\u0259ti t\u0259tbiq edirl\u0259r. O deyib ki, buna bariz n\u00fcmun\u0259 kimi komit\u0259 s\u0259drinin \u0130ran armaturlar\u0131 haqda a\u00e7\u0131qlamas\u0131 idi.\n<\/p>\n<p>\n  \u201cH\u0259min \u00e7\u0131x\u0131\u015f\u0131nda o, i\u015far\u0259 vurmu\u015fdu ki, ist\u0259r armatur, yaxud kartof olsun, daxili istehsal\u0131 qorumal\u0131d\u0131rlar. Guya, \u201cBaku-Steel\u201d 500 dollar deyib, g\u00f6mr\u00fck orqanlar\u0131 da raz\u0131la\u015f\u0131b. Halbuki, bu, bazarda qiym\u0259ti art\u0131r\u0131r. Bazar iqtisadiyyat\u0131nda is\u0259 s\u00fcni qiym\u0259t art\u0131m\u0131 anlay\u0131\u015f\u0131 yoxdur. Az\u0259rbaycanda bazar iqtisadiyyat\u0131 olmad\u0131\u011f\u0131ndan s\u00fcni qiym\u0259t art\u0131m\u0131 var v\u0259 bu da G\u00f6mr\u00fck Komit\u0259sinin sahibkarlar\u0131n g\u0259tirdiyi mallara b\u0259yannam\u0259 qiym\u0259tini \u00f6zl\u0259rind\u0259n fikirl\u0259\u015f\u0259r\u0259k t\u0259tbiq etm\u0259si s\u0259b\u0259bind\u0259n ba\u015f verir. \u018fg\u0259r h\u0259min sahibkar m\u0259mura arxalanm\u0131rsa, h\u0259min m\u0259nz\u0259r\u0259yl\u0259 rastla\u015f\u0131r\u201d.\n<\/p>\n<p>\n  Ekspert misal olaraq g\u00f6st\u0259rib ki, \u0130ran armaturu 355-355 dollard\u0131r, Az\u0259rbaycana g\u0259tiril\u0259nd\u0259, yol x\u0259rcini \u00fcst\u00fcn\u0259 g\u0259l\u0259nd\u0259 380 dollar ola bil\u0259r, amma komit\u0259 500 dollar t\u0259tbiq ed\u0259r\u0259k 120 dollar g\u00f6mr\u00fck r\u00fcsumu v\u0259 \u0259lav\u0259 d\u0259y\u0259r vergisi il\u0259 s\u00fcni qiym\u0259t art\u0131m\u0131 yarad\u0131r.\n<\/p>\n<figure class=\"wp-block-image size-large\">\n  <img decoding=\"async\" src=\"https:\/\/www.meydan.tv\/az\/560302_10151464884554393_1194547930_n-jpg\/\" alt=\"560302_10151464884554393_1194547930_n.jpg\" class=\"wp-image-129188\"\/><figcaption>\n    Nazim B\u0259yd\u0259mirli<br \/>\n  <\/figcaption><\/figure>\n<p>\n  \u201cDig\u0259r mallara da eyni yana\u015fma s\u0259rgil\u0259nir. Bu bax\u0131mdan Az\u0259rbaycanda qiym\u0259t art\u0131m\u0131n\u0131n s\u0259b\u0259bl\u0259rini g\u00f6mr\u00fck siyas\u0259tind\u0259 axtarmaq laz\u0131md\u0131r. Ona g\u00f6r\u0259 G\u00f6mr\u00fck Komit\u0259si l\u0259\u011fv edilib Vergil\u0259r Nazirliyinin tabeliyin\u0259 verilm\u0259li v\u0259 prosedur orqan kimi f\u0259aliyy\u0259t g\u00f6st\u0259rm\u0259lidir\u201d.\n<\/p>\n<p>\n  <i><br \/>\n    \u201cQiym\u0259tl\u0259rin bahala\u015fmas\u0131na s\u0259b\u0259b G\u00f6mr\u00fck Komit\u0259sinin siyas\u0259tidir\u201d<br \/>\n  <\/i>\n<\/p>\n<p>\n  Demokratiya v\u0259 Rifah H\u0259r\u0259kat\u0131n\u0131n s\u0259dri, iqtisad\u00e7\u0131 Qubad \u0130bado\u011flu bildirib ki, haz\u0131rda Az\u0259rbaycanda qiym\u0259t art\u0131m\u0131n\u0131n yeni m\u0259rh\u0259l\u0259si ba\u015flay\u0131r. O xat\u0131rlad\u0131b ki, sentyabr\u0131n 1-d\u0259n d\u00f6vriy\u0259y\u0259 yeni pul k\u00fctl\u0259sini \u00e7\u0131xaracaq s\u0259r\u0259ncam q\u00fcvv\u0259y\u0259 mindi.\n<\/p>\n<p>\n  \u201cY\u0259qin ki, ay\u0131n sonunda minimum \u0259m\u0259khaqq\u0131n\u0131n art\u0131m\u0131, h\u0259m d\u0259 diaqnostikadan ke\u00e7\u0259n t\u0259dris i\u015f\u00e7il\u0259rinin maa\u015flar\u0131n\u0131n 20 faiz, h\u00fcquq-m\u00fchafiz\u0259 orqanlar\u0131nda, m\u0259hk\u0259m\u0259 hakimiyy\u0259tind\u0259, prokurorluq sistemind\u0259 v\u0259 x\u00fcsusi xidm\u0259t orqanlar\u0131nda \u0259m\u0259khaqq\u0131n\u0131n k\u0259skin qald\u0131r\u0131lmas\u0131 son n\u0259tic\u0259d\u0259 qiym\u0259t art\u0131m\u0131 \u00fc\u00e7\u00fcn \u0259h\u0259miyy\u0259tli rol oynayacaq, m\u0259cmuu t\u0259l\u0259bin d\u0259yi\u015fm\u0259sin\u0259 v\u0259 y\u00fcks\u0259lm\u0259sin\u0259 g\u0259tirib \u00e7\u0131xaracaq. Bu, t\u0259bii ki, qiym\u0259t art\u0131m\u0131n\u0131n yeni m\u0259rh\u0259l\u0259sinin ba\u015flad\u0131\u011f\u0131n\u0131 dem\u0259y\u0259 \u0259sas verir\u201d.\n<\/p>\n<p>\n  Qubad \u0130bado\u011flu haz\u0131rk\u0131 qiym\u0259t art\u0131m\u0131nda \u00e7ox m\u00fcxt\u0259lif amill\u0259rin oldu\u011funu d\u00fc\u015f\u00fcn\u00fcr:\n<\/p>\n<p>\n  \u201cBunlar aras\u0131nda \u0259n vacibi d\u0259 G\u00f6mr\u00fck Komit\u0259sinin apard\u0131\u011f\u0131 yeni iqtisadi siyas\u0259t ad\u0131 il\u0259 h\u0259yata ke\u00e7irdiyi g\u00f6mr\u00fck d\u0259y\u0259rinin formala\u015fmas\u0131nda, t\u0259yin olunmas\u0131nda m\u00fcst\u0259sna h\u00fcququndan sui-istifad\u0259 ed\u0259r\u0259k qiym\u0259tl\u0259rin bahala\u015fmas\u0131na g\u0259tir\u0259n f\u0259aliyy\u0259tidir\u201d.\n<\/p>\n<p>\n  Onun fikrinc\u0259, g\u00f6mr\u00fck orqanlar\u0131 g\u00f6mr\u00fck d\u0259y\u0259rini \u00f6zl\u0259ri m\u00fc\u0259yy\u0259nl\u0259\u015fdirm\u0259li deyil.\n<\/p>\n<p>\n  \u201cD\u00fczd\u00fcr, m\u00f6vcud qanunvericiliy\u0259 g\u00f6r\u0259 bunun formala\u015fmas\u0131n\u0131n bir ne\u00e7\u0259 \u00fcsulu m\u00f6vcuddur v\u0259 g\u00f6mr\u00fck orqanlar\u0131 bunlar\u0131n h\u0259r birini n\u0259z\u0259rd\u0259n ke\u00e7irib hans\u0131 \u00fcsula uy\u011fun g\u0259lirs\u0259, onunla g\u00f6mr\u00fck d\u0259y\u0259rini t\u0259yin etm\u0259lidirl\u0259r. Amma g\u00f6mr\u00fck d\u0259y\u0259rinin m\u00fc\u0259yy\u0259nl\u0259\u015fm\u0259sind\u0259 istifad\u0259 olunan \u00fcsul m\u0259hz g\u00f6mr\u00fck orqanlar\u0131 t\u0259r\u0259find\u0259n \u015f\u0259rti qiym\u0259tl\u0259rin t\u0259tbiq olunmas\u0131d\u0131r. Bu \u015f\u0259rti qiym\u0259tl\u0259rin siyah\u0131s\u0131 G\u00f6mr\u00fck Komit\u0259si t\u0259r\u0259find\u0259n h\u0259yata ke\u00e7irilir, \u00f6zl\u0259ri haz\u0131rlay\u0131b t\u0259sdiq edirl\u0259r. Halbuki, bu maraq konflikti yarad\u0131r, \u00e7\u00fcnki g\u00f6mr\u00fck d\u0259y\u0259ri n\u0259 q\u0259d\u0259r y\u00fcks\u0259k olarsa, d\u00f6vl\u0259t b\u00fcdc\u0259sin\u0259 r\u00fcsumlar bir o q\u0259d\u0259r \u00e7ox daxil ola bil\u0259r\u201d.\n<\/p>\n<p>\n  <i><br \/>\n    \u201cG\u00f6mr\u00fck d\u0259y\u0259rinin m\u00fc\u0259yy\u0259nl\u0259\u015fdirilm\u0259si h\u00fcququ bu komit\u0259d\u0259 ola bilm\u0259z\u201d<br \/>\n  <\/i>\n<\/p>\n<p>\n  Qubad \u0130bado\u011flunun s\u00f6zl\u0259rin\u0259 g\u00f6r\u0259, g\u00f6mr\u00fck d\u0259y\u0259rinin \u015fi\u015firdilm\u0259si prosesi haz\u0131rda azad sahibkarlar\u0131 narahat ed\u0259n \u0259n b\u00f6y\u00fck probleml\u0259rd\u0259n biridir. Bununla bel\u0259 o qeyd edib ki, bu yegan\u0259 problem deyil.\n<\/p>\n<p>\n  \u201cAzad sahibkarlar g\u00f6mr\u00fck orqanlar\u0131n\u0131n dig\u0259r f\u0259aliyy\u0259tl\u0259rind\u0259n d\u0259 naraz\u0131d\u0131rlar. \u00d6z\u00fcn\u00fcn m\u00fcst\u0259sna h\u00fcququndan sui-istifad\u0259 ed\u0259n g\u00f6mr\u00fck orqanlar\u0131 \u015fi\u015firdilmi\u015f g\u00f6mr\u00fck d\u0259y\u0259rinin t\u0259yin edilm\u0259si il\u0259 \u0259lav\u0259 r\u00fcsumlar \u0259ld\u0259 edirl\u0259r v\u0259 d\u00f6vl\u0259t b\u00fcdc\u0259si qar\u015f\u0131s\u0131nda \u00f6hd\u0259likl\u0259rini daha yax\u015f\u0131, plandan art\u0131q h\u0259yata ke\u00e7irirl\u0259r. Bu, \u0259slind\u0259, g\u00f6mr\u00fck orqanlar\u0131n\u0131n fiskal funksiyas\u0131n\u0131n h\u0259yata ke\u00e7irilm\u0259sin\u0259 \u015f\u0259rait yarad\u0131r. Ancaq onlar t\u0259nziml\u0259m\u0259 funksiyas\u0131na malik olduqlar\u0131n\u0131 unudurlar. Ona g\u00f6r\u0259 d\u0259 g\u00f6mr\u00fck d\u0259y\u0259rinin m\u00fc\u0259yy\u0259nl\u0259\u015fdirilm\u0259si h\u00fcququ bu komit\u0259d\u0259 ola bilm\u0259z, m\u00fctl\u0259q dig\u0259r orqanlar\u0131n i\u015ftirak\u0131 il\u0259, x\u00fcsus\u0259n \u0130qtisadiyyat Nazirliyinin, Nazirl\u0259r Kabinetinin q\u0259rar\u0131 \u0259sas\u0131nda t\u0259nziml\u0259nm\u0259lidir. H\u0259m d\u0259 \u015f\u0259rti qiym\u0259tl\u0259r\u0259 tez-tez bax\u0131lmal\u0131 v\u0259 \u015f\u0259rti qiym\u0259tl\u0259r yenid\u0259n bazar\u0131n t\u0259l\u0259bl\u0259rin\u0259 uy\u011fun t\u0259z\u0259l\u0259nm\u0259lidir\u201d.\n<\/p>\n<figure class=\"wp-block-image size-large\">\n  <img decoding=\"async\" src=\"https:\/\/www.meydan.tv\/az\/qubad-ibadoglu-6\/\" alt=\"Qubad \u0130bado\u011flu\" class=\"wp-image-107859\"\/><figcaption>\n    Qubad \u0130bado\u011flu<br \/>\n  <\/figcaption><\/figure>\n<p>\n  Q.\u0130bado\u011flu hesab edir ki, g\u00f6mr\u00fck orqanlar\u0131 indiki f\u0259aliyy\u0259tl\u0259ri il\u0259 ilk n\u00f6vb\u0259d\u0259 b\u00fcdc\u0259 qar\u015f\u0131s\u0131nda \u00f6hd\u0259likl\u0259rini yerin\u0259 yetirm\u0259k v\u0259 eyni zamanda \u00f6zl\u0259rinin r\u0259qib hesab etdiyi ayr\u0131-ayr\u0131 sahibkarlar\u0131 bazardan \u00e7\u0131xarmaq siyas\u0259tini h\u0259yata ke\u00e7irirl\u0259r.\n<\/p>\n<p>\n  \u201cM\u0259s\u0259l\u0259 bundan ibar\u0259tdir ki, \u015fi\u015firdilmi\u015f g\u00f6mr\u00fck d\u0259y\u0259ri he\u00e7 d\u0259 b\u00fct\u00fcn sahibkarlar \u00fc\u00e7\u00fcn eyni s\u0259viyy\u0259d\u0259 t\u0259tbiq olunmur. \u00d6z\u00fcn\u00fcnk\u00fcl\u0259r\u0259 nisb\u0259td\u0259 m\u00fcxt\u0259lif s\u0259viyy\u0259l\u0259rd\u0259 v\u0259 maraqlar \u00e7\u0259r\u00e7iv\u0259sind\u0259 h\u0259yata ke\u00e7irilir\u201d.\n<\/p>\n<p>\n  \u0130qtisad\u00e7\u0131n\u0131n fikrinc\u0259, komit\u0259nin bu istiqam\u0259td\u0259 f\u0259aliyy\u0259ti g\u00f6mr\u00fck d\u0259y\u0259rinin \u015fi\u015firdilm\u0259si il\u0259 bitmir.\n<\/p>\n<p>\n  \u201cOnlara yax\u0131n olan \u015firk\u0259tl\u0259rin mallar\u0131n\u0131 h\u0259min \u015firk\u0259tl\u0259rin \u00f6z anbarlar\u0131na g\u00f6nd\u0259rirl\u0259r. Onlarla \u0259laq\u0259si olmayan azad sahibkarlar\u0131n mallar\u0131n\u0131 is\u0259 g\u00f6mr\u00fck anbarlar\u0131na bo\u015fald\u0131rlar, bir ne\u00e7\u0259 g\u00fcn saxlad\u0131qdan sonra \u015firk\u0259t\u0259 qaytar\u0131l\u0131r. Bu zaman mallar\u0131n g\u00f6mr\u00fck anbarlar\u0131na da\u015f\u0131nmas\u0131, bo\u015fald\u0131lmas\u0131, saxlan\u0131lmas\u0131, yenid\u0259n y\u00fckl\u0259nilm\u0259si x\u0259rcl\u0259ri sahibkar\u0131n hesab\u0131na h\u0259yata ke\u00e7irilir. \u018flav\u0259 x\u0259rc qar\u015f\u0131s\u0131nda qalan sahibkar \u00f6z r\u0259qibl\u0259ri il\u0259 m\u00fcbariz\u0259d\u0259 bazardak\u0131 m\u00f6vqeyini itirir\u201d.\n<\/p>\n<p>\n  Onun fikrinc\u0259, qeyd olunanlar inhisar\u00e7\u0131l\u0131q siyas\u0259tinin v\u0259 sa\u011flam r\u0259qab\u0259tin olmamas\u0131 \u00fc\u00e7\u00fcn g\u00f6mr\u00fck orqanlar\u0131n\u0131n f\u0259aliyy\u0259tinin t\u0259rkib hiss\u0259sidir v\u0259 bu f\u0259aliyy\u0259t n\u0259tic\u0259sind\u0259 istehlak bazar\u0131nda idxal mallar\u0131n\u0131n qiym\u0259ti k\u0259skin bahala\u015fmaqdad\u0131r.\n<\/p>\n<p>\n  \u201c\u00c7\u00fcnki komit\u0259 ilin sonuna daha \u00e7ox plan y\u0131\u011fmaq \u00f6hd\u0259liyini g\u00f6t\u00fcr\u00fcb. Bu, bir t\u0259r\u0259fd\u0259n azad sahibkarlar\u0131n bazardan \u00e7\u0131xar\u0131lmas\u0131na, ba\u015fqa t\u0259r\u0259fd\u0259n qiym\u0259tl\u0259rin k\u0259skin bahala\u015fmas\u0131yla n\u0259tic\u0259l\u0259nir. M\u0259n birm\u0259nal\u0131 \u015f\u0259kild\u0259 dey\u0259rdim ki, istehlak bazar\u0131nda idxal mallar\u0131n\u0131n qiym\u0259tl\u0259rinin k\u0259skin artmas\u0131n\u0131n s\u0259b\u0259bi g\u00f6mr\u00fck orqanlar\u0131d\u0131r. M\u0259qs\u0259d ondan ibar\u0259tdir ki, d\u00f6vl\u0259t b\u00fcdc\u0259si hesab\u0131na \u00f6d\u0259n\u0259n minimum \u0259m\u0259khaqq\u0131 v\u0259 minimum pensiyalar m\u0259hz qiym\u0259tl\u0259rin bahala\u015fmas\u0131 n\u0259tic\u0259sind\u0259 \u0259\u0131halid\u0259n geri al\u0131n\u0131b b\u00fcdc\u0259y\u0259 y\u00f6n\u0259ldilir. \u018fslind\u0259, burda yen\u0259 d\u0259 itir\u0259n istehlak\u00e7\u0131 olur, qazananlar is\u0259 d\u00f6vl\u0259t orqanlar\u0131nda bu porosesi n\u0259zar\u0259t\u0259 g\u00f6t\u00fcr\u0259n ayr\u0131-ayr\u0131 korporativ maraqlar\u0131 h\u0259yata ke\u00e7ir\u0259nl\u0259rdir\u201d.\n<\/p>\n<p>\n  \u0130qtisad\u00e7\u0131 t\u0259klif edir ki, \u015f\u0259rti qiym\u0259tl\u0259rin m\u00fc\u0259yy\u0259nl\u0259\u015fm\u0259si yaln\u0131z komit\u0259nin q\u0259rar\u0131 il\u0259 h\u0259yata ke\u00e7m\u0259m\u0259lidir, bu, Nazirl\u0259r Kabinetinin q\u0259rar\u0131yla t\u0259nziml\u0259nm\u0259lidir.\n<\/p>\n<p>\n  \u201cEyni zamanda, \u015f\u0259rti qiym\u0259tl\u0259r bazar\u0131n t\u0259l\u0259bl\u0259rin\u0259 uy\u011funla\u015fmal\u0131 v\u0259 real qiym\u0259tl\u0259rl\u0259 uzla\u015fmal\u0131d\u0131r. Dig\u0259r t\u0259r\u0259fd\u0259n, g\u00f6mr\u00fck orqanlar\u0131nda g\u00f6mr\u00fck anbarlar\u0131na m\u0259hsullar\u0131n g\u00f6nd\u0259rilm\u0259si, saxlan\u0131lmas\u0131 x\u0259rcl\u0259rinin sahibkar\u0131n \u00fcz\u0259rin\u0259 qoyulmas\u0131 praktikas\u0131 dayand\u0131r\u0131lmal\u0131d\u0131r. Karqolar vasit\u0259sil\u0259 \u00f6lk\u0259y\u0259 g\u0259tiril\u0259n mallar\u0131n g\u00f6mr\u00fckd\u0259n ke\u00e7irilm\u0259si, g\u00f6mr\u00fck d\u0259y\u0259rinin d\u00fczg\u00fcn m\u00fc\u0259yy\u0259nl\u0259\u015fdirilm\u0259si h\u0259yata ke\u00e7irilm\u0259lidir. B\u0259lk\u0259 bundan sonra azad sahibkarl\u0131\u011f\u0131n g\u00f6mr\u00fcy\u0259 m\u00fcnasib\u0259tind\u0259 d\u0259yi\u015fiklik ola bil\u0259r. Bu, h\u0259m d\u0259 istehlak bazar\u0131nda qiym\u0259tl\u0259rin sabitl\u0259\u015fm\u0259sin\u0259 imkan ver\u0259r\u201d.\n<\/p>\n<p>\n  G\u00f6mr\u00fck Komit\u0259sinin Vergil\u0259r Nazirliy\u0259 birl\u0259\u015fdirilm\u0259si, yaxud Maliyy\u0259 Nazirliyinin t\u0259rkibind\u0259 f\u0259aliyy\u0259t g\u00f6st\u0259rm\u0259sini \u0259h\u0259miyy\u0259tli m\u0259s\u0259l\u0259 hesab etm\u0259y\u0259n Qubad \u0130bado\u011flu hesab edir ki, \u0259g\u0259r eyni siyas\u0259t olacaqsa, eyni icra\u00e7\u0131lar, eyni \u015f\u0259xsl\u0259r t\u0259r\u0259find\u0259n m\u00f6vcud idar\u0259\u00e7ilik h\u0259yata ke\u00e7iril\u0259c\u0259ks\u0259, ciddi d\u0259yi\u015fiklikl\u0259r ola bilm\u0259z.<\/p>\n","protected":false},"excerpt":{"rendered":"<p>\u00c7\u00fcnki komit\u0259 ilin sonuna daha \u00e7ox plan y\u0131\u011fmaq \u00f6hd\u0259liyini g\u00f6t\u00fcr\u00fcb<\/p>\n","protected":false},"author":11,"featured_media":111389,"comment_status":"closed","ping_status":"open","sticky":false,"template":"","format":"standard","meta":{"_acf_changed":false,"_sitemap_exclude":false,"_sitemap_priority":"","_sitemap_frequency":"","footnotes":""},"categories":[53],"tags":[],"class_list":["post-196827","post","type-post","status-publish","format-standard","has-post-thumbnail","hentry","category-iqtisadiyyat","infinite-scroll-item","generate-columns","tablet-grid-50","mobile-grid-100","grid-parent","grid-33","no-featured-image-padding"],"acf":[],"yoast_head":"<!-- This site is optimized with the Yoast SEO plugin v27.4 - https:\/\/yoast.com\/product\/yoast-seo-wordpress\/ -->\n<title>\u201cAz\u0259rbaycanda bahala\u015fman\u0131n s\u0259b\u0259bi g\u00f6mr\u00fck siyas\u0259tind\u0259dir\u201d - MEYDAN.TV<\/title>\n<meta name=\"robots\" content=\"index, follow, max-snippet:-1, max-image-preview:large, max-video-preview:-1\" \/>\n<link rel=\"canonical\" href=\"https:\/\/www.meydan.tv\/az\/article\/azerbaycanda-bahalasmanin-sebebi-gomruk-siyasetindedir\/\" \/>\n<meta property=\"og:locale\" content=\"az_AZ\" \/>\n<meta property=\"og:type\" content=\"article\" \/>\n<meta property=\"og:title\" content=\"\u201cAz\u0259rbaycanda bahala\u015fman\u0131n s\u0259b\u0259bi g\u00f6mr\u00fck siyas\u0259tind\u0259dir\u201d - MEYDAN.TV\" \/>\n<meta property=\"og:description\" content=\"\u00c7\u00fcnki komit\u0259 ilin sonuna daha \u00e7ox plan y\u0131\u011fmaq \u00f6hd\u0259liyini g\u00f6t\u00fcr\u00fcb\" \/>\n<meta property=\"og:url\" content=\"https:\/\/www.meydan.tv\/az\/article\/azerbaycanda-bahalasmanin-sebebi-gomruk-siyasetindedir\/\" \/>\n<meta property=\"og:site_name\" content=\"MEYDAN.TV\" \/>\n<meta property=\"article:published_time\" content=\"2019-09-04T11:24:02+00:00\" \/>\n<meta property=\"og:image\" content=\"https:\/\/www.meydan.tv\/wp-content\/uploads\/44317.jpg\" \/>\n\t<meta property=\"og:image:width\" content=\"2000\" \/>\n\t<meta property=\"og:image:height\" content=\"1333\" \/>\n\t<meta property=\"og:image:type\" content=\"image\/jpeg\" \/>\n<meta name=\"author\" content=\"user-manager\" \/>\n<meta name=\"twitter:card\" content=\"summary_large_image\" \/>\n<script type=\"application\/ld+json\" class=\"yoast-schema-graph\">{\"@context\":\"https:\\\/\\\/schema.org\",\"@graph\":[{\"@type\":\"Article\",\"@id\":\"https:\\\/\\\/www.meydan.tv\\\/az\\\/article\\\/azerbaycanda-bahalasmanin-sebebi-gomruk-siyasetindedir\\\/#article\",\"isPartOf\":{\"@id\":\"https:\\\/\\\/www.meydan.tv\\\/az\\\/article\\\/azerbaycanda-bahalasmanin-sebebi-gomruk-siyasetindedir\\\/\"},\"author\":{\"name\":\"user-manager\",\"@id\":\"https:\\\/\\\/www.meydan.tv\\\/az\\\/#\\\/schema\\\/person\\\/10d11eccf6da3662cf5fdab9806ea91a\"},\"headline\":\"\u201cAz\u0259rbaycanda bahala\u015fman\u0131n s\u0259b\u0259bi g\u00f6mr\u00fck siyas\u0259tind\u0259dir\u201d\",\"datePublished\":\"2019-09-04T11:24:02+00:00\",\"mainEntityOfPage\":{\"@id\":\"https:\\\/\\\/www.meydan.tv\\\/az\\\/article\\\/azerbaycanda-bahalasmanin-sebebi-gomruk-siyasetindedir\\\/\"},\"wordCount\":2109,\"publisher\":{\"@id\":\"https:\\\/\\\/www.meydan.tv\\\/az\\\/#organization\"},\"image\":{\"@id\":\"https:\\\/\\\/www.meydan.tv\\\/az\\\/article\\\/azerbaycanda-bahalasmanin-sebebi-gomruk-siyasetindedir\\\/#primaryimage\"},\"thumbnailUrl\":\"https:\\\/\\\/www.meydan.tv\\\/wp-content\\\/uploads\\\/44317.jpg\",\"articleSection\":[\"\u0130qtisadiyyat\"],\"inLanguage\":\"az\"},{\"@type\":\"WebPage\",\"@id\":\"https:\\\/\\\/www.meydan.tv\\\/az\\\/article\\\/azerbaycanda-bahalasmanin-sebebi-gomruk-siyasetindedir\\\/\",\"url\":\"https:\\\/\\\/www.meydan.tv\\\/az\\\/article\\\/azerbaycanda-bahalasmanin-sebebi-gomruk-siyasetindedir\\\/\",\"name\":\"\u201cAz\u0259rbaycanda bahala\u015fman\u0131n s\u0259b\u0259bi g\u00f6mr\u00fck siyas\u0259tind\u0259dir\u201d - MEYDAN.TV\",\"isPartOf\":{\"@id\":\"https:\\\/\\\/www.meydan.tv\\\/az\\\/#website\"},\"primaryImageOfPage\":{\"@id\":\"https:\\\/\\\/www.meydan.tv\\\/az\\\/article\\\/azerbaycanda-bahalasmanin-sebebi-gomruk-siyasetindedir\\\/#primaryimage\"},\"image\":{\"@id\":\"https:\\\/\\\/www.meydan.tv\\\/az\\\/article\\\/azerbaycanda-bahalasmanin-sebebi-gomruk-siyasetindedir\\\/#primaryimage\"},\"thumbnailUrl\":\"https:\\\/\\\/www.meydan.tv\\\/wp-content\\\/uploads\\\/44317.jpg\",\"datePublished\":\"2019-09-04T11:24:02+00:00\",\"breadcrumb\":{\"@id\":\"https:\\\/\\\/www.meydan.tv\\\/az\\\/article\\\/azerbaycanda-bahalasmanin-sebebi-gomruk-siyasetindedir\\\/#breadcrumb\"},\"inLanguage\":\"az\",\"potentialAction\":[{\"@type\":\"ReadAction\",\"target\":[\"https:\\\/\\\/www.meydan.tv\\\/az\\\/article\\\/azerbaycanda-bahalasmanin-sebebi-gomruk-siyasetindedir\\\/\"]}]},{\"@type\":\"ImageObject\",\"inLanguage\":\"az\",\"@id\":\"https:\\\/\\\/www.meydan.tv\\\/az\\\/article\\\/azerbaycanda-bahalasmanin-sebebi-gomruk-siyasetindedir\\\/#primaryimage\",\"url\":\"https:\\\/\\\/www.meydan.tv\\\/wp-content\\\/uploads\\\/44317.jpg\",\"contentUrl\":\"https:\\\/\\\/www.meydan.tv\\\/wp-content\\\/uploads\\\/44317.jpg\",\"width\":2000,\"height\":1333,\"caption\":\"Foto: arxiv\"},{\"@type\":\"BreadcrumbList\",\"@id\":\"https:\\\/\\\/www.meydan.tv\\\/az\\\/article\\\/azerbaycanda-bahalasmanin-sebebi-gomruk-siyasetindedir\\\/#breadcrumb\",\"itemListElement\":[{\"@type\":\"ListItem\",\"position\":1,\"name\":\"Ana s\u0259hif\u0259\",\"item\":\"https:\\\/\\\/www.meydan.tv\\\/az\\\/\"},{\"@type\":\"ListItem\",\"position\":2,\"name\":\"\u0130qtisadiyyat\",\"item\":\"https:\\\/\\\/www.meydan.tv\\\/az\\\/section\\\/iqtisadiyyat\\\/\"},{\"@type\":\"ListItem\",\"position\":3,\"name\":\"\u201cAz\u0259rbaycanda bahala\u015fman\u0131n s\u0259b\u0259bi g\u00f6mr\u00fck siyas\u0259tind\u0259dir\u201d\"}]},{\"@type\":\"WebSite\",\"@id\":\"https:\\\/\\\/www.meydan.tv\\\/az\\\/#website\",\"url\":\"https:\\\/\\\/www.meydan.tv\\\/az\\\/\",\"name\":\"MEYDAN.TV\",\"description\":\"Meydan TV Az\u0259rbaycan\u0131n media m\u0259kan\u0131ndak\u0131 alternativ s\u0259sidir\",\"publisher\":{\"@id\":\"https:\\\/\\\/www.meydan.tv\\\/az\\\/#organization\"},\"potentialAction\":[{\"@type\":\"SearchAction\",\"target\":{\"@type\":\"EntryPoint\",\"urlTemplate\":\"https:\\\/\\\/www.meydan.tv\\\/az\\\/?s={search_term_string}\"},\"query-input\":{\"@type\":\"PropertyValueSpecification\",\"valueRequired\":true,\"valueName\":\"search_term_string\"}}],\"inLanguage\":\"az\"},{\"@type\":\"Organization\",\"@id\":\"https:\\\/\\\/www.meydan.tv\\\/az\\\/#organization\",\"name\":\"Meydan TV\",\"url\":\"https:\\\/\\\/www.meydan.tv\\\/az\\\/\",\"logo\":{\"@type\":\"ImageObject\",\"inLanguage\":\"az\",\"@id\":\"https:\\\/\\\/www.meydan.tv\\\/az\\\/#\\\/schema\\\/logo\\\/image\\\/\",\"url\":\"https:\\\/\\\/www.meydan.tv\\\/wp-content\\\/uploads\\\/2021\\\/07\\\/meydan-logo.svg\",\"contentUrl\":\"https:\\\/\\\/www.meydan.tv\\\/wp-content\\\/uploads\\\/2021\\\/07\\\/meydan-logo.svg\",\"width\":195,\"height\":46,\"caption\":\"Meydan TV\"},\"image\":{\"@id\":\"https:\\\/\\\/www.meydan.tv\\\/az\\\/#\\\/schema\\\/logo\\\/image\\\/\"}},{\"@type\":\"Person\",\"@id\":\"https:\\\/\\\/www.meydan.tv\\\/az\\\/#\\\/schema\\\/person\\\/10d11eccf6da3662cf5fdab9806ea91a\",\"name\":\"user-manager\"}]}<\/script>\n<!-- \/ Yoast SEO plugin. -->","yoast_head_json":{"title":"\u201cAz\u0259rbaycanda bahala\u015fman\u0131n s\u0259b\u0259bi g\u00f6mr\u00fck siyas\u0259tind\u0259dir\u201d - MEYDAN.TV","robots":{"index":"index","follow":"follow","max-snippet":"max-snippet:-1","max-image-preview":"max-image-preview:large","max-video-preview":"max-video-preview:-1"},"canonical":"https:\/\/www.meydan.tv\/az\/article\/azerbaycanda-bahalasmanin-sebebi-gomruk-siyasetindedir\/","og_locale":"az_AZ","og_type":"article","og_title":"\u201cAz\u0259rbaycanda bahala\u015fman\u0131n s\u0259b\u0259bi g\u00f6mr\u00fck siyas\u0259tind\u0259dir\u201d - MEYDAN.TV","og_description":"\u00c7\u00fcnki komit\u0259 ilin sonuna daha \u00e7ox plan y\u0131\u011fmaq \u00f6hd\u0259liyini g\u00f6t\u00fcr\u00fcb","og_url":"https:\/\/www.meydan.tv\/az\/article\/azerbaycanda-bahalasmanin-sebebi-gomruk-siyasetindedir\/","og_site_name":"MEYDAN.TV","article_published_time":"2019-09-04T11:24:02+00:00","og_image":[{"width":2000,"height":1333,"url":"https:\/\/www.meydan.tv\/wp-content\/uploads\/44317.jpg","type":"image\/jpeg"}],"author":"user-manager","twitter_card":"summary_large_image","schema":{"@context":"https:\/\/schema.org","@graph":[{"@type":"Article","@id":"https:\/\/www.meydan.tv\/az\/article\/azerbaycanda-bahalasmanin-sebebi-gomruk-siyasetindedir\/#article","isPartOf":{"@id":"https:\/\/www.meydan.tv\/az\/article\/azerbaycanda-bahalasmanin-sebebi-gomruk-siyasetindedir\/"},"author":{"name":"user-manager","@id":"https:\/\/www.meydan.tv\/az\/#\/schema\/person\/10d11eccf6da3662cf5fdab9806ea91a"},"headline":"\u201cAz\u0259rbaycanda bahala\u015fman\u0131n s\u0259b\u0259bi g\u00f6mr\u00fck siyas\u0259tind\u0259dir\u201d","datePublished":"2019-09-04T11:24:02+00:00","mainEntityOfPage":{"@id":"https:\/\/www.meydan.tv\/az\/article\/azerbaycanda-bahalasmanin-sebebi-gomruk-siyasetindedir\/"},"wordCount":2109,"publisher":{"@id":"https:\/\/www.meydan.tv\/az\/#organization"},"image":{"@id":"https:\/\/www.meydan.tv\/az\/article\/azerbaycanda-bahalasmanin-sebebi-gomruk-siyasetindedir\/#primaryimage"},"thumbnailUrl":"https:\/\/www.meydan.tv\/wp-content\/uploads\/44317.jpg","articleSection":["\u0130qtisadiyyat"],"inLanguage":"az"},{"@type":"WebPage","@id":"https:\/\/www.meydan.tv\/az\/article\/azerbaycanda-bahalasmanin-sebebi-gomruk-siyasetindedir\/","url":"https:\/\/www.meydan.tv\/az\/article\/azerbaycanda-bahalasmanin-sebebi-gomruk-siyasetindedir\/","name":"\u201cAz\u0259rbaycanda bahala\u015fman\u0131n s\u0259b\u0259bi g\u00f6mr\u00fck siyas\u0259tind\u0259dir\u201d - MEYDAN.TV","isPartOf":{"@id":"https:\/\/www.meydan.tv\/az\/#website"},"primaryImageOfPage":{"@id":"https:\/\/www.meydan.tv\/az\/article\/azerbaycanda-bahalasmanin-sebebi-gomruk-siyasetindedir\/#primaryimage"},"image":{"@id":"https:\/\/www.meydan.tv\/az\/article\/azerbaycanda-bahalasmanin-sebebi-gomruk-siyasetindedir\/#primaryimage"},"thumbnailUrl":"https:\/\/www.meydan.tv\/wp-content\/uploads\/44317.jpg","datePublished":"2019-09-04T11:24:02+00:00","breadcrumb":{"@id":"https:\/\/www.meydan.tv\/az\/article\/azerbaycanda-bahalasmanin-sebebi-gomruk-siyasetindedir\/#breadcrumb"},"inLanguage":"az","potentialAction":[{"@type":"ReadAction","target":["https:\/\/www.meydan.tv\/az\/article\/azerbaycanda-bahalasmanin-sebebi-gomruk-siyasetindedir\/"]}]},{"@type":"ImageObject","inLanguage":"az","@id":"https:\/\/www.meydan.tv\/az\/article\/azerbaycanda-bahalasmanin-sebebi-gomruk-siyasetindedir\/#primaryimage","url":"https:\/\/www.meydan.tv\/wp-content\/uploads\/44317.jpg","contentUrl":"https:\/\/www.meydan.tv\/wp-content\/uploads\/44317.jpg","width":2000,"height":1333,"caption":"Foto: arxiv"},{"@type":"BreadcrumbList","@id":"https:\/\/www.meydan.tv\/az\/article\/azerbaycanda-bahalasmanin-sebebi-gomruk-siyasetindedir\/#breadcrumb","itemListElement":[{"@type":"ListItem","position":1,"name":"Ana s\u0259hif\u0259","item":"https:\/\/www.meydan.tv\/az\/"},{"@type":"ListItem","position":2,"name":"\u0130qtisadiyyat","item":"https:\/\/www.meydan.tv\/az\/section\/iqtisadiyyat\/"},{"@type":"ListItem","position":3,"name":"\u201cAz\u0259rbaycanda bahala\u015fman\u0131n s\u0259b\u0259bi g\u00f6mr\u00fck siyas\u0259tind\u0259dir\u201d"}]},{"@type":"WebSite","@id":"https:\/\/www.meydan.tv\/az\/#website","url":"https:\/\/www.meydan.tv\/az\/","name":"MEYDAN.TV","description":"Meydan TV Az\u0259rbaycan\u0131n media m\u0259kan\u0131ndak\u0131 alternativ s\u0259sidir","publisher":{"@id":"https:\/\/www.meydan.tv\/az\/#organization"},"potentialAction":[{"@type":"SearchAction","target":{"@type":"EntryPoint","urlTemplate":"https:\/\/www.meydan.tv\/az\/?s={search_term_string}"},"query-input":{"@type":"PropertyValueSpecification","valueRequired":true,"valueName":"search_term_string"}}],"inLanguage":"az"},{"@type":"Organization","@id":"https:\/\/www.meydan.tv\/az\/#organization","name":"Meydan TV","url":"https:\/\/www.meydan.tv\/az\/","logo":{"@type":"ImageObject","inLanguage":"az","@id":"https:\/\/www.meydan.tv\/az\/#\/schema\/logo\/image\/","url":"https:\/\/www.meydan.tv\/wp-content\/uploads\/2021\/07\/meydan-logo.svg","contentUrl":"https:\/\/www.meydan.tv\/wp-content\/uploads\/2021\/07\/meydan-logo.svg","width":195,"height":46,"caption":"Meydan TV"},"image":{"@id":"https:\/\/www.meydan.tv\/az\/#\/schema\/logo\/image\/"}},{"@type":"Person","@id":"https:\/\/www.meydan.tv\/az\/#\/schema\/person\/10d11eccf6da3662cf5fdab9806ea91a","name":"user-manager"}]}},"_links":{"self":[{"href":"https:\/\/www.meydan.tv\/az\/wp-json\/wp\/v2\/posts\/196827","targetHints":{"allow":["GET"]}}],"collection":[{"href":"https:\/\/www.meydan.tv\/az\/wp-json\/wp\/v2\/posts"}],"about":[{"href":"https:\/\/www.meydan.tv\/az\/wp-json\/wp\/v2\/types\/post"}],"author":[{"embeddable":true,"href":"https:\/\/www.meydan.tv\/az\/wp-json\/wp\/v2\/users\/11"}],"replies":[{"embeddable":true,"href":"https:\/\/www.meydan.tv\/az\/wp-json\/wp\/v2\/comments?post=196827"}],"version-history":[{"count":0,"href":"https:\/\/www.meydan.tv\/az\/wp-json\/wp\/v2\/posts\/196827\/revisions"}],"wp:featuredmedia":[{"embeddable":true,"href":"https:\/\/www.meydan.tv\/az\/wp-json\/wp\/v2\/media\/111389"}],"wp:attachment":[{"href":"https:\/\/www.meydan.tv\/az\/wp-json\/wp\/v2\/media?parent=196827"}],"wp:term":[{"taxonomy":"category","embeddable":true,"href":"https:\/\/www.meydan.tv\/az\/wp-json\/wp\/v2\/categories?post=196827"},{"taxonomy":"post_tag","embeddable":true,"href":"https:\/\/www.meydan.tv\/az\/wp-json\/wp\/v2\/tags?post=196827"}],"curies":[{"name":"wp","href":"https:\/\/api.w.org\/{rel}","templated":true}]}}