{"id":196808,"date":"2019-09-02T21:52:57","date_gmt":"2019-09-02T21:52:57","guid":{"rendered":"https:\/\/www.meydan.tv\/article\/etiraz-aksiyasina-usaqla-qatilan-aile-valideyn-huququndan-mehrum-edile-biler\/"},"modified":"2019-09-02T21:52:57","modified_gmt":"2019-09-02T21:52:57","slug":"etiraz-aksiyasina-usaqla-qatilan-aile-valideyn-huququndan-mehrum-edile-biler","status":"publish","type":"post","link":"https:\/\/www.meydan.tv\/az\/article\/etiraz-aksiyasina-usaqla-qatilan-aile-valideyn-huququndan-mehrum-edile-biler\/","title":{"rendered":"Etiraz aksiyas\u0131na u\u015faqla qat\u0131lan ail\u0259 valideyn h\u00fcququndan m\u0259hrum edil\u0259 bil\u0259r"},"content":{"rendered":"<p>\n  Moskva prokurorlu\u011fu daha bir ail\u0259nin etiraz aksiyalar\u0131nda i\u015ftirak etdiyi \u00fc\u00e7\u00fcn valideyn h\u00fcququndan m\u0259hrum olunmas\u0131n\u0131 t\u0259l\u0259b edib\n<\/p>\n<p>\n  Sentyabr\u0131n 2-d\u0259 Nikulinsk rayon m\u0259hk\u0259m\u0259si moskval\u0131 Pyotr v\u0259 Yelena Xomskil\u0259rin valideyn h\u00fcququndan m\u0259hrum olunmas\u0131 haqda iddiaya baxacaq. Ail\u0259 avqustun 3-d\u0259 \u00fc\u00e7 q\u0131z\u0131 il\u0259 Pu\u015fkin meydan\u0131nda olub. H\u0259min vaxt orada m\u00fcst\u0259qil namiz\u0259dl\u0259rin Moskva \u015f\u0259h\u0259r dumas\u0131na se\u00e7kil\u0259r\u0259 burax\u0131lmas\u0131 \u00fc\u00e7\u00fcn aksiya ke\u00e7irilib. Prokurorluq \u0259r-arvad\u0131n polis t\u0259r\u0259find\u0259n saxlan\u0131lmamas\u0131 \u00fc\u00e7\u00fcn u\u015faqlar\u0131 \u00f6zl\u0259ri il\u0259 g\u00f6t\u00fcrd\u00fcy\u00fcn\u00fc t\u0259sdiql\u0259yir v\u0259 iki ki\u00e7ik q\u0131z\u0131n ail\u0259d\u0259n al\u0131nmas\u0131n\u0131 t\u0259l\u0259b edir.\n<\/p>\n<p>\n  \u0130ddia \u0259riz\u0259sind\u0259 g\u00f6st\u0259rilir ki, valideynl\u0259rin \u00f6z q\u0131zlar\u0131n\u0131: \u00fc\u00e7 ayl\u0131q Sa\u015fan\u0131 v\u0259 \u00fc\u00e7 ya\u015fl\u0131 Anyan\u0131 m\u0259ruz qoyduqlar\u0131 t\u0259hl\u00fck\u0259 bir t\u0259r\u0259fd\u0259n \u201cq\u0259z\u0259bli mitinq\u00e7i\u0259rin \u00e7oxlu\u011fundan\u201d, dig\u0259r t\u0259r\u0259fd\u0259n, \u201cRusiya qvardiyas\u0131n\u0131n silahl\u0131 \u0259m\u0259kda\u015flar\u0131ndan\u201d g\u0259lib.\n<\/p>\n<p>\n  \u0130ddian\u0131n qald\u0131r\u0131lmas\u0131na s\u0259b\u0259b el\u0259 h\u0259min g\u00fcn federal telekanal \u201cREN TV\u201d-nin sayt\u0131nda yerl\u0259\u015fdirilmi\u015f video olub. Videoyaz\u0131da Xomskil\u0259r Pu\u015fkin meydan\u0131 boyu u\u015faq arabalar\u0131 il\u0259 gedirl\u0259r. Ail\u0259nin b\u00f6y\u00fck q\u0131z\u0131 \u2013 on ya\u015fl\u0131 Liza da valideynl\u0259rinin yan\u0131nda add\u0131mlay\u0131r. Xomskil\u0259rin arxas\u0131nda Rusiya qavradiyas\u0131 \u0259m\u0259kda\u015flar\u0131n\u0131n c\u0259rg\u0259si g\u00f6r\u00fcn\u00fcr.\n<\/p>\n<p>\n  Telekanal\u0131n sayt\u0131nda ail\u0259 c\u00fctl\u00fcy\u00fcn\u00fcn h\u0259r\u0259k\u0259tl\u0259rini \u201cRusiya qvardiyas\u0131 \u0259m\u0259kda\u015flar\u0131n\u0131n uymad\u0131\u011f\u0131 provokasiya\u201d adland\u0131r\u0131blar.\n<\/p>\n<p>\n  \u201cObyektivdir, bu, prokurorun federal kanaldak\u0131 video\u00e7arxa \u0259s\u0259bi reaksiyas\u0131d\u0131r, \u2013 \u201cEtiraz\u0131n apologiyas\u0131\u201d h\u00fcquq-m\u00fcdafi\u0259 t\u0259\u015fkilat\u0131n\u0131n r\u0259hb\u0259ri Aleksey Qluxov s\u00f6yl\u0259yib. \u2013 Onlara deyibl\u0259r. \u2013 \u201cReaksiya verin!\u201d V\u0259 onlar valideyn h\u00fcququndan m\u0259hrum etm\u0259k iddias\u0131ndan savay\u0131 yol tapmay\u0131blar. \u0130ddia \u0259riz\u0259sind\u0259 Xomskil\u0259rin \u201cvalideyn h\u00fcququndan sui-istifad\u0259 etdikl\u0259ri\u201d yaz\u0131l\u0131b, halbuki onlar\u0131n davran\u0131\u015f\u0131 h\u00fcquqi n\u00f6qteyi-n\u0259z\u0259rd\u0259n he\u00e7 d\u0259 sui-istifad\u0259 say\u0131lm\u0131r\u201d.\n<\/p>\n<p>\n  Q\u0131zlar\u0131n atas\u0131 \u201cNovaya qazeta\u201dya deyib ki, o \u201cstajl\u0131 ictimai f\u0259ald\u0131r\u201d: ilk d\u0259f\u0259 mitinqd\u0259 h\u0259l\u0259 1989-cu ild\u0259 i\u015ftirak edib. H\u0259min vaxt etiraz aksiyas\u0131 Manejnaya meydan\u0131na ke\u00e7irilib. O zaman onun 14 ya\u015f\u0131 olub. Bu g\u00fcn o, Korrupsiya il\u0259 M\u00fcbariz\u0259 Fondunda k\u00f6n\u00fcll\u00fcd\u00fcr v\u0259 m\u00fcnt\u0259z\u0259m olaraq Aleksey Navaln\u0131ya kompaniyalar\u0131nda yard\u0131m edir: bir ne\u00e7\u0259 d\u0259f\u0259 \u201cQazeli\u201dnin s\u00fcr\u00fcc\u00fcs\u00fc i\u015fl\u0259yib, k\u00fctl\u0259vi \u00e7\u0131x\u0131\u015flar \u00fc\u00e7\u00fcn mikrofonlar qura\u015fd\u0131r\u0131b. Pyotr Xomskinin \u0259sas i\u015fi is\u0259 IT sah\u0259si il\u0259 \u0259laq\u0259lidir.\n<\/p>\n<p>\n  O, avqustun 3-n\u00fc bel\u0259 t\u0259svir edir:\n<\/p>\n<p>\n  \u201cArvad\u0131mla m\u0259n u\u015faqlarla bulvarda g\u0259zm\u0259y\u0259 getdik, arada u\u015faq meyan\u00e7alar\u0131nda ayaq saxlay\u0131b oynay\u0131rd\u0131q. Hans\u0131sa an piyada ke\u00e7idind\u0259n istifad\u0259 ed\u0259r\u0259k, Pu\u015fkin meydan\u0131ndan \u00f6t\u00fcb Tverskayaya \u00e7\u0131xd\u0131q. Biz ir\u0259lid\u0259 n\u0259 ba\u015f verdiyini g\u00f6rm\u00fcrd\u00fck. Sad\u0259c\u0259 ke\u00e7idd\u0259n \u00e7\u0131xark\u0259n Rusiya qvardiyas\u0131n\u0131n \u0259sg\u0259rl\u0259rind\u0259n ibar\u0259t z\u0259ncirl\u0259 rastla\u015fd\u0131q. Onlar ir\u0259li h\u0259r\u0259k\u0259t ed\u0259r\u0259k adamlar\u0131 meydandan s\u0131x\u0131\u015fd\u0131r\u0131b \u00e7\u0131xar\u0131rd\u0131lar. Biz tez oran\u0131 t\u0259rk etdik. Hans\u0131sa an k\u00fctl\u0259 il\u0259 z\u0259ncirin aras\u0131nda qald\u0131q. Media \u00fc\u00e7\u00fcn bu, yax\u015f\u0131 m\u0259nz\u0259r\u0259 idi v\u0259 bizi h\u0259m mobil telefonlar, h\u0259m d\u0259 kameralarla q\u0259fil \u00e7\u0259km\u0259y\u0259 ba\u015flad\u0131lar. Sonra bu \u00e7arxlardan birini \u0130nternet\u0259 qoydular. Biz bir d\u0259qiq\u0259 bel\u0259 olsun ayaq saxlamam\u0131\u015fd\u0131q v\u0259 hadis\u0259 yerini tez t\u0259rk etmi\u015fdik. Sonra yen\u0259 bulvarla gedib, t\u0259kc\u0259 u\u015faq meydan\u00e7as\u0131nda l\u0259ngimi\u015fik\u201d.\n<\/p>\n<p>\n  Pyotr g\u0259zintil\u0259rinin etiraz aksiyas\u0131na he\u00e7 bir d\u0259xli olmad\u0131\u011f\u0131n\u0131 s\u00f6yl\u0259yir: bel\u0259 ki onlar n\u0259 \u015f\u00fcarla \u00e7\u0131x\u0131\u015f edibl\u0259r, n\u0259 d\u0259 plakat da\u015f\u0131y\u0131blar, \u00fcst\u0259lik k\u00fctl\u0259d\u0259n k\u0259narda dayan\u0131blar.\n<\/p>\n<p>\n  Nikulinsk prokurorlu\u011fu Xomski ail\u0259sind\u0259n t\u0259kc\u0259 ki\u00e7ik q\u0131zlar\u0131n\u0131n al\u0131nmas\u0131n\u0131 t\u0259l\u0259b edir. Pyotr \u0259mindir ki, hakimiyy\u0259t bu yolla onlara, x\u00fcsusil\u0259 d\u0259 arvad\u0131na t\u0259zyiq g\u00f6st\u0259rir:\n<\/p>\n<p>\n  \u201cArvad\u0131m Lena \u015fok v\u0259ziyy\u0259tind\u0259dir, o \u00fc\u00e7 ayl\u0131q q\u0131z\u0131m\u0131z Sa\u015fan\u0131 \u0259mizdirir. M\u0259n ona g\u00f6r\u0259 \u00e7ox narahatam\u201d.\n<\/p>\n<p>\n  Moskvan\u0131n u\u015faq ombudsmeni Yevgeni Bunimovi\u00e7 Xomskil\u0259rin i\u015fini \u00f6z n\u0259zar\u0259tin\u0259 g\u00f6t\u00fcr\u00fcb.\n<\/p>\n<p>\n  \u201cM\u0259n\u0259 onlar\u0131 n\u0259 il\u0259 ittiham etdikl\u0259rini anlamaq laz\u0131md\u0131r. F\u00f6vq\u0259lad\u0259 v\u0259ziyy\u0259tdir&#8230; \u00dcst\u0259lik u\u015faqlar\u0131n ail\u0259d\u0259 b\u00f6y\u00fcm\u0259si il\u0259 ba\u011fl\u0131 d\u00f6vl\u0259t siyas\u0259tin\u0259 ziddir\u201d, \u2013 ombudsmen v\u0259ziyy\u0259ti bu c\u00fcr qiym\u0259tl\u0259ndirib.\n<\/p>\n<p>\n  Bundan \u0259vv\u0259l Dmitri v\u0259 Olqa Prokazovlar\u0131n ail\u0259si d\u0259 eyni v\u0259ziyy\u0259t\u0259 d\u00fc\u015f\u00fcb. Xat\u0131rladaq ki, avqustun 6-da \u0130stintaq Komit\u0259si Prokazovlar ail\u0259sini bir ya\u015fl\u0131 o\u011flanlar\u0131 Artemini iyulun 27-d\u0259 raz\u0131la\u015fd\u0131r\u0131lmam\u0131\u015f aksiyaya g\u00f6t\u00fcrd\u00fcy\u00fc \u00fc\u00e7\u00fcn CM-nin 125-ci madd\u0259si (t\u0259hl\u00fck\u0259y\u0259 m\u0259ruz qoyma) v\u0259 156-c\u0131 madd\u0259si (h\u0259ddi-b\u00fclu\u011fa \u00e7atmayan\u0131n t\u0259rbiy\u0259si \u00fczr\u0259 \u00f6hd\u0259likl\u0259rin yerin\u0259 yetirilm\u0259m\u0259si) il\u0259 cinay\u0259t i\u015fi a\u00e7\u0131b. Xomskil\u0259rin i\u015find\u0259 oldu\u011fu kimi, yegan\u0259 d\u0259lil \u201cRusiya-1\u201d televiziya kanal\u0131n\u0131n \u201cVesti\u201d proqram\u0131nda yay\u0131mlanan, iyulun 27-d\u0259 t\u0259\u015fkil edilmi\u015f aksiyada \u00e7\u0259kilmi\u015f video\u00e7arx olub. Videoda Dmitri Prokazov \u00f6z o\u011flunu Sergey Fomin\u0259, arvad\u0131n\u0131n qohumuna v\u0259 q\u0259rargah k\u00f6n\u00fcll\u00fcs\u00fc Lyubov Sobola \u00f6t\u00fcr\u00fcr. Sergey Fomin bu aksiyadan sonra h\u0259bs olunub v\u0259 haz\u0131rda \u201ck\u00fctl\u0259vi i\u011fti\u015fa\u015flar\u201d i\u015fi \u00fczr\u0259 fiqurant say\u0131l\u0131r. \u0130stintaq\u0131n fikrinc\u0259, u\u015fa\u011f\u0131 Fomin\u0259 onun XTPD-nin m\u00fchasir\u0259sind\u0259n mane\u0259siz \u00e7\u0131xmas\u0131 \u00fc\u00e7\u00fcn \u00f6t\u00fcr\u00fcbl\u0259r.\n<\/p>\n<p>\n  Prokazovlar\u0131n i\u015fi \u00fczr\u0259 iclas avqustun 28-d\u0259 Moskvan\u0131n Petrovsk m\u0259hk\u0259m\u0259sind\u0259 ke\u00e7iril\u0259c\u0259k.<\/p>\n","protected":false},"excerpt":{"rendered":"<p>\u0130ddia \u0259riz\u0259sind\u0259 g\u00f6st\u0259rilir ki, valideynl\u0259rin \u00f6z q\u0131zlar\u0131n\u0131: \u00fc\u00e7 ayl\u0131q Sa\u015fan\u0131 v\u0259 \u00fc\u00e7 ya\u015fl\u0131 Anyan\u0131 m\u0259ruz qoyduqlar\u0131 t\u0259hl\u00fck\u0259 bir t\u0259r\u0259fd\u0259n \u201cq\u0259z\u0259bli mitinq\u00e7i\u0259rin \u00e7oxlu\u011fundan\u201d, dig\u0259r t\u0259r\u0259fd\u0259n, \u201cRusiya qvardiyas\u0131n\u0131n silahl\u0131 \u0259m\u0259kda\u015flar\u0131ndan\u201d g\u0259lib.<\/p>\n","protected":false},"author":11,"featured_media":128769,"comment_status":"closed","ping_status":"open","sticky":false,"template":"","format":"standard","meta":{"_acf_changed":false,"_sitemap_exclude":false,"_sitemap_priority":"","_sitemap_frequency":"","footnotes":""},"categories":[64],"tags":[],"class_list":["post-196808","post","type-post","status-publish","format-standard","has-post-thumbnail","hentry","category-dunya","infinite-scroll-item","generate-columns","tablet-grid-50","mobile-grid-100","grid-parent","grid-33","no-featured-image-padding"],"acf":[],"yoast_head":"<!-- This site is optimized with the Yoast SEO plugin v27.5 - https:\/\/yoast.com\/product\/yoast-seo-wordpress\/ -->\n<title>Etiraz aksiyas\u0131na u\u015faqla qat\u0131lan ail\u0259 valideyn h\u00fcququndan m\u0259hrum edil\u0259 bil\u0259r - MEYDAN.TV<\/title>\n<meta name=\"robots\" content=\"index, follow, max-snippet:-1, max-image-preview:large, max-video-preview:-1\" \/>\n<link rel=\"canonical\" href=\"https:\/\/www.meydan.tv\/az\/article\/etiraz-aksiyasina-usaqla-qatilan-aile-valideyn-huququndan-mehrum-edile-biler\/\" \/>\n<meta property=\"og:locale\" content=\"az_AZ\" \/>\n<meta property=\"og:type\" content=\"article\" \/>\n<meta property=\"og:title\" content=\"Etiraz aksiyas\u0131na u\u015faqla qat\u0131lan ail\u0259 valideyn h\u00fcququndan m\u0259hrum edil\u0259 bil\u0259r - MEYDAN.TV\" \/>\n<meta property=\"og:description\" content=\"\u0130ddia \u0259riz\u0259sind\u0259 g\u00f6st\u0259rilir ki, valideynl\u0259rin \u00f6z q\u0131zlar\u0131n\u0131: \u00fc\u00e7 ayl\u0131q Sa\u015fan\u0131 v\u0259 \u00fc\u00e7 ya\u015fl\u0131 Anyan\u0131 m\u0259ruz qoyduqlar\u0131 t\u0259hl\u00fck\u0259 bir t\u0259r\u0259fd\u0259n \u201cq\u0259z\u0259bli mitinq\u00e7i\u0259rin \u00e7oxlu\u011fundan\u201d, dig\u0259r t\u0259r\u0259fd\u0259n, \u201cRusiya qvardiyas\u0131n\u0131n silahl\u0131 \u0259m\u0259kda\u015flar\u0131ndan\u201d g\u0259lib.\" \/>\n<meta property=\"og:url\" content=\"https:\/\/www.meydan.tv\/az\/article\/etiraz-aksiyasina-usaqla-qatilan-aile-valideyn-huququndan-mehrum-edile-biler\/\" \/>\n<meta property=\"og:site_name\" content=\"MEYDAN.TV\" \/>\n<meta property=\"article:published_time\" content=\"2019-09-02T21:52:57+00:00\" \/>\n<meta property=\"og:image\" content=\"https:\/\/www.meydan.tv\/wp-content\/uploads\/content_001_semya_sm.jpg\" \/>\n\t<meta property=\"og:image:width\" content=\"1060\" \/>\n\t<meta property=\"og:image:height\" content=\"610\" \/>\n\t<meta property=\"og:image:type\" content=\"image\/jpeg\" \/>\n<meta name=\"author\" content=\"user-manager\" \/>\n<meta name=\"twitter:card\" content=\"summary_large_image\" \/>\n<script type=\"application\/ld+json\" class=\"yoast-schema-graph\">{\"@context\":\"https:\\\/\\\/schema.org\",\"@graph\":[{\"@type\":\"Article\",\"@id\":\"https:\\\/\\\/www.meydan.tv\\\/az\\\/article\\\/etiraz-aksiyasina-usaqla-qatilan-aile-valideyn-huququndan-mehrum-edile-biler\\\/#article\",\"isPartOf\":{\"@id\":\"https:\\\/\\\/www.meydan.tv\\\/az\\\/article\\\/etiraz-aksiyasina-usaqla-qatilan-aile-valideyn-huququndan-mehrum-edile-biler\\\/\"},\"author\":{\"name\":\"user-manager\",\"@id\":\"https:\\\/\\\/www.meydan.tv\\\/az\\\/#\\\/schema\\\/person\\\/10d11eccf6da3662cf5fdab9806ea91a\"},\"headline\":\"Etiraz aksiyas\u0131na u\u015faqla qat\u0131lan ail\u0259 valideyn h\u00fcququndan m\u0259hrum edil\u0259 bil\u0259r\",\"datePublished\":\"2019-09-02T21:52:57+00:00\",\"mainEntityOfPage\":{\"@id\":\"https:\\\/\\\/www.meydan.tv\\\/az\\\/article\\\/etiraz-aksiyasina-usaqla-qatilan-aile-valideyn-huququndan-mehrum-edile-biler\\\/\"},\"wordCount\":1046,\"publisher\":{\"@id\":\"https:\\\/\\\/www.meydan.tv\\\/az\\\/#organization\"},\"image\":{\"@id\":\"https:\\\/\\\/www.meydan.tv\\\/az\\\/article\\\/etiraz-aksiyasina-usaqla-qatilan-aile-valideyn-huququndan-mehrum-edile-biler\\\/#primaryimage\"},\"thumbnailUrl\":\"https:\\\/\\\/www.meydan.tv\\\/wp-content\\\/uploads\\\/content_001_semya_sm.jpg\",\"articleSection\":[\"D\u00fcnya\"],\"inLanguage\":\"az\"},{\"@type\":\"WebPage\",\"@id\":\"https:\\\/\\\/www.meydan.tv\\\/az\\\/article\\\/etiraz-aksiyasina-usaqla-qatilan-aile-valideyn-huququndan-mehrum-edile-biler\\\/\",\"url\":\"https:\\\/\\\/www.meydan.tv\\\/az\\\/article\\\/etiraz-aksiyasina-usaqla-qatilan-aile-valideyn-huququndan-mehrum-edile-biler\\\/\",\"name\":\"Etiraz aksiyas\u0131na u\u015faqla qat\u0131lan ail\u0259 valideyn h\u00fcququndan m\u0259hrum edil\u0259 bil\u0259r - MEYDAN.TV\",\"isPartOf\":{\"@id\":\"https:\\\/\\\/www.meydan.tv\\\/az\\\/#website\"},\"primaryImageOfPage\":{\"@id\":\"https:\\\/\\\/www.meydan.tv\\\/az\\\/article\\\/etiraz-aksiyasina-usaqla-qatilan-aile-valideyn-huququndan-mehrum-edile-biler\\\/#primaryimage\"},\"image\":{\"@id\":\"https:\\\/\\\/www.meydan.tv\\\/az\\\/article\\\/etiraz-aksiyasina-usaqla-qatilan-aile-valideyn-huququndan-mehrum-edile-biler\\\/#primaryimage\"},\"thumbnailUrl\":\"https:\\\/\\\/www.meydan.tv\\\/wp-content\\\/uploads\\\/content_001_semya_sm.jpg\",\"datePublished\":\"2019-09-02T21:52:57+00:00\",\"breadcrumb\":{\"@id\":\"https:\\\/\\\/www.meydan.tv\\\/az\\\/article\\\/etiraz-aksiyasina-usaqla-qatilan-aile-valideyn-huququndan-mehrum-edile-biler\\\/#breadcrumb\"},\"inLanguage\":\"az\",\"potentialAction\":[{\"@type\":\"ReadAction\",\"target\":[\"https:\\\/\\\/www.meydan.tv\\\/az\\\/article\\\/etiraz-aksiyasina-usaqla-qatilan-aile-valideyn-huququndan-mehrum-edile-biler\\\/\"]}]},{\"@type\":\"ImageObject\",\"inLanguage\":\"az\",\"@id\":\"https:\\\/\\\/www.meydan.tv\\\/az\\\/article\\\/etiraz-aksiyasina-usaqla-qatilan-aile-valideyn-huququndan-mehrum-edile-biler\\\/#primaryimage\",\"url\":\"https:\\\/\\\/www.meydan.tv\\\/wp-content\\\/uploads\\\/content_001_semya_sm.jpg\",\"contentUrl\":\"https:\\\/\\\/www.meydan.tv\\\/wp-content\\\/uploads\\\/content_001_semya_sm.jpg\",\"width\":1060,\"height\":610,\"caption\":\"Source: \u041d\u043e\u0432\u0430\u044f \u0413\u0430\u0437\u0435\u0442\u0430\"},{\"@type\":\"BreadcrumbList\",\"@id\":\"https:\\\/\\\/www.meydan.tv\\\/az\\\/article\\\/etiraz-aksiyasina-usaqla-qatilan-aile-valideyn-huququndan-mehrum-edile-biler\\\/#breadcrumb\",\"itemListElement\":[{\"@type\":\"ListItem\",\"position\":1,\"name\":\"Ana s\u0259hif\u0259\",\"item\":\"https:\\\/\\\/www.meydan.tv\\\/az\\\/\"},{\"@type\":\"ListItem\",\"position\":2,\"name\":\"D\u00fcnya\",\"item\":\"https:\\\/\\\/www.meydan.tv\\\/az\\\/section\\\/dunya\\\/\"},{\"@type\":\"ListItem\",\"position\":3,\"name\":\"Etiraz aksiyas\u0131na u\u015faqla qat\u0131lan ail\u0259 valideyn h\u00fcququndan m\u0259hrum edil\u0259 bil\u0259r\"}]},{\"@type\":\"WebSite\",\"@id\":\"https:\\\/\\\/www.meydan.tv\\\/az\\\/#website\",\"url\":\"https:\\\/\\\/www.meydan.tv\\\/az\\\/\",\"name\":\"MEYDAN.TV\",\"description\":\"Meydan TV Az\u0259rbaycan\u0131n media m\u0259kan\u0131ndak\u0131 alternativ s\u0259sidir\",\"publisher\":{\"@id\":\"https:\\\/\\\/www.meydan.tv\\\/az\\\/#organization\"},\"potentialAction\":[{\"@type\":\"SearchAction\",\"target\":{\"@type\":\"EntryPoint\",\"urlTemplate\":\"https:\\\/\\\/www.meydan.tv\\\/az\\\/?s={search_term_string}\"},\"query-input\":{\"@type\":\"PropertyValueSpecification\",\"valueRequired\":true,\"valueName\":\"search_term_string\"}}],\"inLanguage\":\"az\"},{\"@type\":\"Organization\",\"@id\":\"https:\\\/\\\/www.meydan.tv\\\/az\\\/#organization\",\"name\":\"Meydan TV\",\"url\":\"https:\\\/\\\/www.meydan.tv\\\/az\\\/\",\"logo\":{\"@type\":\"ImageObject\",\"inLanguage\":\"az\",\"@id\":\"https:\\\/\\\/www.meydan.tv\\\/az\\\/#\\\/schema\\\/logo\\\/image\\\/\",\"url\":\"https:\\\/\\\/www.meydan.tv\\\/wp-content\\\/uploads\\\/2021\\\/07\\\/meydan-logo.svg\",\"contentUrl\":\"https:\\\/\\\/www.meydan.tv\\\/wp-content\\\/uploads\\\/2021\\\/07\\\/meydan-logo.svg\",\"width\":195,\"height\":46,\"caption\":\"Meydan TV\"},\"image\":{\"@id\":\"https:\\\/\\\/www.meydan.tv\\\/az\\\/#\\\/schema\\\/logo\\\/image\\\/\"}},{\"@type\":\"Person\",\"@id\":\"https:\\\/\\\/www.meydan.tv\\\/az\\\/#\\\/schema\\\/person\\\/10d11eccf6da3662cf5fdab9806ea91a\",\"name\":\"user-manager\"}]}<\/script>\n<!-- \/ Yoast SEO plugin. -->","yoast_head_json":{"title":"Etiraz aksiyas\u0131na u\u015faqla qat\u0131lan ail\u0259 valideyn h\u00fcququndan m\u0259hrum edil\u0259 bil\u0259r - MEYDAN.TV","robots":{"index":"index","follow":"follow","max-snippet":"max-snippet:-1","max-image-preview":"max-image-preview:large","max-video-preview":"max-video-preview:-1"},"canonical":"https:\/\/www.meydan.tv\/az\/article\/etiraz-aksiyasina-usaqla-qatilan-aile-valideyn-huququndan-mehrum-edile-biler\/","og_locale":"az_AZ","og_type":"article","og_title":"Etiraz aksiyas\u0131na u\u015faqla qat\u0131lan ail\u0259 valideyn h\u00fcququndan m\u0259hrum edil\u0259 bil\u0259r - MEYDAN.TV","og_description":"\u0130ddia \u0259riz\u0259sind\u0259 g\u00f6st\u0259rilir ki, valideynl\u0259rin \u00f6z q\u0131zlar\u0131n\u0131: \u00fc\u00e7 ayl\u0131q Sa\u015fan\u0131 v\u0259 \u00fc\u00e7 ya\u015fl\u0131 Anyan\u0131 m\u0259ruz qoyduqlar\u0131 t\u0259hl\u00fck\u0259 bir t\u0259r\u0259fd\u0259n \u201cq\u0259z\u0259bli mitinq\u00e7i\u0259rin \u00e7oxlu\u011fundan\u201d, dig\u0259r t\u0259r\u0259fd\u0259n, \u201cRusiya qvardiyas\u0131n\u0131n silahl\u0131 \u0259m\u0259kda\u015flar\u0131ndan\u201d g\u0259lib.","og_url":"https:\/\/www.meydan.tv\/az\/article\/etiraz-aksiyasina-usaqla-qatilan-aile-valideyn-huququndan-mehrum-edile-biler\/","og_site_name":"MEYDAN.TV","article_published_time":"2019-09-02T21:52:57+00:00","og_image":[{"width":1060,"height":610,"url":"https:\/\/www.meydan.tv\/wp-content\/uploads\/content_001_semya_sm.jpg","type":"image\/jpeg"}],"author":"user-manager","twitter_card":"summary_large_image","schema":{"@context":"https:\/\/schema.org","@graph":[{"@type":"Article","@id":"https:\/\/www.meydan.tv\/az\/article\/etiraz-aksiyasina-usaqla-qatilan-aile-valideyn-huququndan-mehrum-edile-biler\/#article","isPartOf":{"@id":"https:\/\/www.meydan.tv\/az\/article\/etiraz-aksiyasina-usaqla-qatilan-aile-valideyn-huququndan-mehrum-edile-biler\/"},"author":{"name":"user-manager","@id":"https:\/\/www.meydan.tv\/az\/#\/schema\/person\/10d11eccf6da3662cf5fdab9806ea91a"},"headline":"Etiraz aksiyas\u0131na u\u015faqla qat\u0131lan ail\u0259 valideyn h\u00fcququndan m\u0259hrum edil\u0259 bil\u0259r","datePublished":"2019-09-02T21:52:57+00:00","mainEntityOfPage":{"@id":"https:\/\/www.meydan.tv\/az\/article\/etiraz-aksiyasina-usaqla-qatilan-aile-valideyn-huququndan-mehrum-edile-biler\/"},"wordCount":1046,"publisher":{"@id":"https:\/\/www.meydan.tv\/az\/#organization"},"image":{"@id":"https:\/\/www.meydan.tv\/az\/article\/etiraz-aksiyasina-usaqla-qatilan-aile-valideyn-huququndan-mehrum-edile-biler\/#primaryimage"},"thumbnailUrl":"https:\/\/www.meydan.tv\/wp-content\/uploads\/content_001_semya_sm.jpg","articleSection":["D\u00fcnya"],"inLanguage":"az"},{"@type":"WebPage","@id":"https:\/\/www.meydan.tv\/az\/article\/etiraz-aksiyasina-usaqla-qatilan-aile-valideyn-huququndan-mehrum-edile-biler\/","url":"https:\/\/www.meydan.tv\/az\/article\/etiraz-aksiyasina-usaqla-qatilan-aile-valideyn-huququndan-mehrum-edile-biler\/","name":"Etiraz aksiyas\u0131na u\u015faqla qat\u0131lan ail\u0259 valideyn h\u00fcququndan m\u0259hrum edil\u0259 bil\u0259r - MEYDAN.TV","isPartOf":{"@id":"https:\/\/www.meydan.tv\/az\/#website"},"primaryImageOfPage":{"@id":"https:\/\/www.meydan.tv\/az\/article\/etiraz-aksiyasina-usaqla-qatilan-aile-valideyn-huququndan-mehrum-edile-biler\/#primaryimage"},"image":{"@id":"https:\/\/www.meydan.tv\/az\/article\/etiraz-aksiyasina-usaqla-qatilan-aile-valideyn-huququndan-mehrum-edile-biler\/#primaryimage"},"thumbnailUrl":"https:\/\/www.meydan.tv\/wp-content\/uploads\/content_001_semya_sm.jpg","datePublished":"2019-09-02T21:52:57+00:00","breadcrumb":{"@id":"https:\/\/www.meydan.tv\/az\/article\/etiraz-aksiyasina-usaqla-qatilan-aile-valideyn-huququndan-mehrum-edile-biler\/#breadcrumb"},"inLanguage":"az","potentialAction":[{"@type":"ReadAction","target":["https:\/\/www.meydan.tv\/az\/article\/etiraz-aksiyasina-usaqla-qatilan-aile-valideyn-huququndan-mehrum-edile-biler\/"]}]},{"@type":"ImageObject","inLanguage":"az","@id":"https:\/\/www.meydan.tv\/az\/article\/etiraz-aksiyasina-usaqla-qatilan-aile-valideyn-huququndan-mehrum-edile-biler\/#primaryimage","url":"https:\/\/www.meydan.tv\/wp-content\/uploads\/content_001_semya_sm.jpg","contentUrl":"https:\/\/www.meydan.tv\/wp-content\/uploads\/content_001_semya_sm.jpg","width":1060,"height":610,"caption":"Source: \u041d\u043e\u0432\u0430\u044f \u0413\u0430\u0437\u0435\u0442\u0430"},{"@type":"BreadcrumbList","@id":"https:\/\/www.meydan.tv\/az\/article\/etiraz-aksiyasina-usaqla-qatilan-aile-valideyn-huququndan-mehrum-edile-biler\/#breadcrumb","itemListElement":[{"@type":"ListItem","position":1,"name":"Ana s\u0259hif\u0259","item":"https:\/\/www.meydan.tv\/az\/"},{"@type":"ListItem","position":2,"name":"D\u00fcnya","item":"https:\/\/www.meydan.tv\/az\/section\/dunya\/"},{"@type":"ListItem","position":3,"name":"Etiraz aksiyas\u0131na u\u015faqla qat\u0131lan ail\u0259 valideyn h\u00fcququndan m\u0259hrum edil\u0259 bil\u0259r"}]},{"@type":"WebSite","@id":"https:\/\/www.meydan.tv\/az\/#website","url":"https:\/\/www.meydan.tv\/az\/","name":"MEYDAN.TV","description":"Meydan TV Az\u0259rbaycan\u0131n media m\u0259kan\u0131ndak\u0131 alternativ s\u0259sidir","publisher":{"@id":"https:\/\/www.meydan.tv\/az\/#organization"},"potentialAction":[{"@type":"SearchAction","target":{"@type":"EntryPoint","urlTemplate":"https:\/\/www.meydan.tv\/az\/?s={search_term_string}"},"query-input":{"@type":"PropertyValueSpecification","valueRequired":true,"valueName":"search_term_string"}}],"inLanguage":"az"},{"@type":"Organization","@id":"https:\/\/www.meydan.tv\/az\/#organization","name":"Meydan TV","url":"https:\/\/www.meydan.tv\/az\/","logo":{"@type":"ImageObject","inLanguage":"az","@id":"https:\/\/www.meydan.tv\/az\/#\/schema\/logo\/image\/","url":"https:\/\/www.meydan.tv\/wp-content\/uploads\/2021\/07\/meydan-logo.svg","contentUrl":"https:\/\/www.meydan.tv\/wp-content\/uploads\/2021\/07\/meydan-logo.svg","width":195,"height":46,"caption":"Meydan TV"},"image":{"@id":"https:\/\/www.meydan.tv\/az\/#\/schema\/logo\/image\/"}},{"@type":"Person","@id":"https:\/\/www.meydan.tv\/az\/#\/schema\/person\/10d11eccf6da3662cf5fdab9806ea91a","name":"user-manager"}]}},"_links":{"self":[{"href":"https:\/\/www.meydan.tv\/az\/wp-json\/wp\/v2\/posts\/196808","targetHints":{"allow":["GET"]}}],"collection":[{"href":"https:\/\/www.meydan.tv\/az\/wp-json\/wp\/v2\/posts"}],"about":[{"href":"https:\/\/www.meydan.tv\/az\/wp-json\/wp\/v2\/types\/post"}],"author":[{"embeddable":true,"href":"https:\/\/www.meydan.tv\/az\/wp-json\/wp\/v2\/users\/11"}],"replies":[{"embeddable":true,"href":"https:\/\/www.meydan.tv\/az\/wp-json\/wp\/v2\/comments?post=196808"}],"version-history":[{"count":0,"href":"https:\/\/www.meydan.tv\/az\/wp-json\/wp\/v2\/posts\/196808\/revisions"}],"wp:featuredmedia":[{"embeddable":true,"href":"https:\/\/www.meydan.tv\/az\/wp-json\/wp\/v2\/media\/128769"}],"wp:attachment":[{"href":"https:\/\/www.meydan.tv\/az\/wp-json\/wp\/v2\/media?parent=196808"}],"wp:term":[{"taxonomy":"category","embeddable":true,"href":"https:\/\/www.meydan.tv\/az\/wp-json\/wp\/v2\/categories?post=196808"},{"taxonomy":"post_tag","embeddable":true,"href":"https:\/\/www.meydan.tv\/az\/wp-json\/wp\/v2\/tags?post=196808"}],"curies":[{"name":"wp","href":"https:\/\/api.w.org\/{rel}","templated":true}]}}