{"id":196807,"date":"2019-09-02T19:11:33","date_gmt":"2019-09-02T19:11:33","guid":{"rendered":"https:\/\/www.meydan.tv\/article\/cahangir-haciyev-mehkemede-kremlin-yanindaki-malikanelerden-danisib\/"},"modified":"2019-09-02T19:11:33","modified_gmt":"2019-09-02T19:11:33","slug":"cahangir-haciyev-mehkemede-kremlin-yanindaki-malikanelerden-danisib","status":"publish","type":"post","link":"https:\/\/www.meydan.tv\/az\/article\/cahangir-haciyev-mehkemede-kremlin-yanindaki-malikanelerden-danisib\/","title":{"rendered":"Cahangir Hac\u0131yev m\u0259hk\u0259m\u0259d\u0259 Kremlin yan\u0131ndak\u0131 malikan\u0259l\u0259rd\u0259n dan\u0131\u015f\u0131b"},"content":{"rendered":"<p>\n  Beyn\u0259lxalq Bankdan 4.7 milyard manatl\u0131q m\u0259ninms\u0259m\u0259 il\u0259 ba\u011fl\u0131 9 ay davam ed\u0259n m\u0259hk\u0259m\u0259 prosesi yekunla\u015f\u0131r. Sentyabr\u0131n 2-d\u0259 Bak\u0131 A\u011f\u0131r Cinay\u0259tl\u0259r M\u0259hk\u0259m\u0259sind\u0259 Beyn\u0259lxalq Bank\u0131n sabiq r\u0259hb\u0259ri Cahangir Hac\u0131yev son s\u00f6z\u00fcn\u00fc deyib.\n<\/p>\n<p>\n  2015-ci il dekabr\u0131n 4-d\u0259n h\u0259bsd\u0259 olan v\u0259 bundan \u0259vv\u0259lki cinay\u0259t i\u015fi \u00fczr\u0259 15 il azadl\u0131qdan m\u0259hrum edil\u0259n C.Hac\u0131yev\u0259 bu d\u0259f\u0259 prokuror \u0259vv\u0259lki h\u00f6km d\u0259 n\u0259z\u0259r\u0259 al\u0131nmaqla, \u00fcmumilikd\u0259 17 il c\u0259za ist\u0259yib. Amma C.Hac\u0131yev son s\u00f6z\u00fcnd\u0259 t\u0259qsirsiz oldu\u011funu, bank\u0131n pullar\u0131n\u0131 m\u0259nims\u0259m\u0259si bar\u0259d\u0259 ittiham\u0131n h\u0259qiq\u0259t\u0259 uy\u011fun olmad\u0131\u011f\u0131n\u0131 s\u00f6yl\u0259yib:\n<\/p>\n<p>\n  \u201c40-a yax\u0131n m\u0259hk\u0259m\u0259 iclas\u0131 ke\u00e7irildi, 100-d\u0259n \u00e7ox \u015fahid dindirildi. Hans\u0131 biri m\u0259n\u0259 v\u0259 ya yax\u0131nlar\u0131na na\u011fd, yaxud da k\u00f6\u00e7\u00fcrm\u0259 yoluyla pul verilm\u0259si bar\u0259d\u0259 bir k\u0259lm\u0259 dedi, bir s\u00fcbut ortaya qoydu? 365 cildlik cinay\u0259t i\u015fidir, hans\u0131 birind\u0259 m\u0259n\u0259 qar\u015f\u0131 fakt var? He\u00e7 bir s\u00fcbut yoxdur, amma m\u00fclki iddiada 4 milyard 700 milyonun m\u0259nim v\u0259 yax\u0131nlar\u0131m\u0131n \u0259mlak\u0131na y\u00f6n\u0259ldilm\u0259si t\u0259klif olunub. 4,7 milyard bilirsiz ne\u00e7\u0259 ton puldur? Ham\u0131s\u0131 bo\u015f f\u0259rziyy\u0259dir. Bankdan o q\u0259d\u0259r kredit verilm\u0259yib, bu r\u0259q\u0259mi hardan tap\u0131b \u00e7\u0131xar\u0131blar, \u00e7ox maraql\u0131d\u0131r&quot;.\n<\/p>\n<p>\n  C.Hac\u0131yev bildirib ki, n\u0259 istintaq Beyn\u0259lxalq Bank i\u015fini ara\u015fd\u0131r\u0131b, n\u0259 d\u0259 m\u0259hk\u0259m\u0259. H\u0259m \u00f6z v\u0259kill\u0259rinin, h\u0259m d\u0259 dig\u0259r t\u0259qsirl\u0259ndiril\u0259n \u015f\u0259xsl\u0259rin m\u00fcdafi\u0259\u00e7il\u0259rinin \u00e7oxsayl\u0131 v\u0259sat\u0259tl\u0259r qald\u0131rd\u0131\u011f\u0131n\u0131, lakin he\u00e7 birinin t\u0259min olunmad\u0131\u011f\u0131n\u0131 dey\u0259n C.Hac\u0131yev ona qar\u015f\u0131 ir\u0259li s\u00fcr\u00fcl\u0259n \u00e7irkli pullar\u0131n yuyulmas\u0131 ittiham\u0131na da m\u00fcnasib\u0259t bildirib: &quot;\u00c7irkli pullar\u0131n yuyulmas\u0131 odur ki, narkotik, silah alverind\u0259n \u0259ld\u0259 olunan pullar\u0131 hans\u0131sa layih\u0259y\u0259 y\u00f6n\u0259ldib leqalla\u015fd\u0131r\u0131rsan. Bu v\u0259saitl\u0259rin is\u0259 m\u0259nb\u0259yi bankd\u0131r, hans\u0131 \u00e7irkli puldan s\u00f6hb\u0259t gedir? Q\u0259rb banklar\u0131n\u0131n bel\u0259 bir proseduru var: &quot;\u00f6z m\u00fc\u015ft\u0259rini tan\u0131&quot;. \u018fg\u0259r pulun m\u0259nb\u0259yil\u0259 ba\u011fl\u0131 \u015f\u00fcbh\u0259 varsa, Q\u0259rb banklar\u0131 he\u00e7 bir halda onu q\u0259bul etm\u0259zl\u0259r. Az\u0259rbaycan \u00f6z\u00fc d\u0259 \u00e7irkli pullar\u0131n leqalla\u015fd\u0131r\u0131lmas\u0131na qar\u015f\u0131 beyn\u0259lxalq qurumun \u00fczv\u00fcd\u00fcr. \u00d6lk\u0259d\u0259n 20 mind\u0259n art\u0131q pul m\u00fctl\u0259q M\u0259rk\u0259zi Bank\u0131n x\u0259b\u0259ri olur, r\u0259smi \u015f\u0259kild\u0259 m\u0259lumat verilir&quot;.\n<\/p>\n<p>\n  C.Hac\u0131yev\u0259 qar\u015f\u0131 ittihamlardan biri d\u0259 kreditin girovsuz verilm\u0259sil\u0259 ba\u011fl\u0131d\u0131r. Amma sabiq bank r\u0259hb\u0259ri bu ittiham\u0131 da q\u0259bul etmir. Bildirir ki, qanunvericilik girovsuz kredit verm\u0259yi qada\u011fan etmir: &quot;\u0130kincisi, kreditl\u0259r ayr\u0131-ayr\u0131 \u015firk\u0259tl\u0259rin icra ed\u0259c\u0259yi layih\u0259l\u0259r\u0259 verilmi\u015fdi. N\u0259tic\u0259 etibaril\u0259 o layih\u0259l\u0259r girov idi. O layih\u0259l\u0259r\u0259 bank n\u0259zar\u0259t edirdi. Bizim d\u00f6vr\u00fcm\u00fczd\u0259 o layih\u0259l\u0259rd\u0259n g\u0259l\u0259n g\u0259lirl\u0259rl\u0259 kreditl\u0259r \u00f6d\u0259nilirdi. Planla\u015fd\u0131r\u0131l\u0131rd\u0131 ki, yarad\u0131lan m\u00fc\u0259ssis\u0259l\u0259rin s\u0259hml\u0259ri London birjas\u0131nda sat\u0131ls\u0131n, kreditl\u0259r tam ba\u011flans\u0131n. Amma imkan verilm\u0259di&quot;.\n<\/p>\n<p>\n  C.Hac\u0131yev bildirib ki, Beyn\u0259lxalq Bank onun r\u0259hb\u0259rliyi d\u00f6vr\u00fcnd\u0259 m\u0259nf\u0259\u0259tl\u0259 i\u015fl\u0259yib, 2015-ci ilin mart\u0131nda o uzaqla\u015fandan sonra is\u0259 bankda v\u0259ziyy\u0259t pisl\u0259\u015fib. Onun s\u00f6zl\u0259rin\u0259 g\u00f6r\u0259, 2014-c\u00fc ild\u0259 bank\u0131n xalis m\u0259nf\u0259\u0259ti 40 milyon oldu\u011fu halda, 2015-ci ild\u0259 823 milyon, 2016-c\u0131 ild\u0259 is\u0259 1 milyard 900 milyon ziyanla i\u015fl\u0259yib: &quot;\u0130sraf\u00e7\u0131l\u0131q varsa da, bizd\u0259n sonra olub. Bizd\u0259n sonra kapital\u0131n h\u0259cmi d\u0259 azal\u0131b&quot;.\n<\/p>\n<p>\n  \u0130ttihamda g\u00f6st\u0259rilib ki, Beyn\u0259lxalq Bankda 1,5 milyon manatdan yuxar\u0131 kreditl\u0259rin verilm\u0259si \u00fc\u00e7\u00fcn m\u00fctl\u0259q bank\u0131n M\u00fc\u015fahid\u0259 \u015euras\u0131n\u0131n raz\u0131l\u0131\u011f\u0131 olmal\u0131yd\u0131, amma olmay\u0131b. M\u00fc\u015fahid\u0259 \u015euras\u0131n\u0131n s\u0259dri d\u0259 maliyy\u0259 nazirinin m\u00fcavinidir. C.Hac\u0131yev son s\u00f6z\u00fcnd\u0259 bu bar\u0259d\u0259 dan\u0131\u015fark\u0259n bildirib ki, 1.5 milyonluq m\u0259hdudla\u015fd\u0131rma il\u0259 ba\u011fl\u0131 \u018fsasnam\u0259d\u0259 he\u00e7 n\u0259 olmay\u0131b: &quot;\u018ffsuslar olsun ki, n\u0259 M\u00fc\u015fahid\u0259 \u015euras\u0131n\u0131n, n\u0259 d\u0259 Audit Komit\u0259sinin \u00fczvl\u0259ri burada dindirildi. Baxmayaraq ki, bu bar\u0259d\u0259 d\u0259f\u0259l\u0259rl\u0259 v\u0259sat\u0259tl\u0259r verdik. M\u00fc\u015fahid\u0259 \u015euras\u0131n\u0131n s\u0259dri d\u0259, \u00fczvl\u0259ri d\u0259 Maliyy\u0259 Nazirliyinin v\u0259zif\u0259li \u015f\u0259xsl\u0259ri idi. Onlar\u0131n b\u00fct\u00fcn ba\u015f ver\u0259nl\u0259r\u0259 n\u0259zar\u0259t imkan\u0131 vard\u0131&quot;.\n<\/p>\n<p>\n  Beyn\u0259lxalq Bankdan kreditl\u0259rin \u0259sas\u0259n, C.Hac\u0131yevin dostu, indi d\u0259 onunla birlikd\u0259 m\u00fchakim\u0259 olunan sabiq deputat D\u00fcnyamin X\u0259lilovun i\u015f\u00e7il\u0259rinin ad\u0131na g\u00f6t\u00fcr\u00fcl\u00fcb. D.X\u0259lilovun &quot;General Construction&quot; \u015firk\u0259tind\u0259 i\u015fl\u0259y\u0259n adamlar\u0131n ad\u0131na \u015firk\u0259t yarad\u0131l\u0131b v\u0259 o \u015firk\u0259tl\u0259r\u0259 d\u0259 kredit ayr\u0131l\u0131b. H\u0259min \u015f\u0259xsl\u0259r (18 n\u0259f\u0259r) C.Hac\u0131yev v\u0259 D.X\u0259lilovla birlikd\u0259 m\u00fchakim\u0259 olunur: &quot;D\u00fcnyamin X\u0259lilov da bu i\u015fd\u0259 icra\u00e7\u0131d\u0131r. Bu m\u0259s\u0259l\u0259l\u0259ri \u0259sas bank h\u0259ll edib. Baxmay\u0131n ki, ke\u00e7mi\u015f m\u00fcavinl\u0259rim g\u0259lib burada &quot;x\u0259b\u0259rim yoxdur&quot; deyir, \u00f6zl\u0259ri n\u0259zar\u0259t edirdi o kreditl\u0259r hesab\u0131na h\u0259yata ke\u00e7iril\u0259n layih\u0259l\u0259r\u0259&quot;.\n<\/p>\n<p>\n  2010-2014-c\u00fc ill\u0259rd\u0259 Vergil\u0259r Nazirliyinin \u0130stintaq \u0130dar\u0259sind\u0259 Beyn\u0259lxalq Bankla ba\u011fl\u0131 cinay\u0259t i\u015fi ba\u015flan\u0131b, ara\u015fd\u0131rmalar gedib. 2014-c\u00fc ild\u0259 Ba\u015f prokuror Zakir Qaralov cinay\u0259t i\u015fin\u0259 xitam verilm\u0259si bar\u0259d\u0259 q\u0259rar q\u0259bul edib. C.Hac\u0131yev son s\u00f6z\u00fcnd\u0259 bu bar\u0259d\u0259 d\u0259 dan\u0131\u015f\u0131b: &quot;\u015eirk\u0259tl\u0259rin ham\u0131s\u0131n\u0131n s\u0259n\u0259dl\u0259rini alm\u0131\u015fd\u0131lar, Vergil\u0259r Nazirliyind\u0259 saxlan\u0131l\u0131rd\u0131. \u015eirk\u0259tl\u0259r d\u00f6rd il bu v\u0259ziyy\u0259td\u0259 i\u015fl\u0259dil\u0259r. Hans\u0131sa s\u0259n\u0259d\u0259 qol \u00e7\u0259kdirm\u0259k \u00fc\u00e7\u00fcn kuryer gedirdi nazirliy\u0259, \u015firk\u0259tin m\u00f6h\u00fcr\u00fcn\u00fc vururdular. Buna baxmayaraq, i\u015fl\u0259yirdil\u0259r. Onlar\u0131n g\u00f6rd\u00fcy\u00fc i\u015fl\u0259r, yaratd\u0131\u011f\u0131 m\u00fc\u0259ssis\u0259l\u0259r, Moskvada bank\u0131n v\u0259saitil\u0259ri il\u0259 al\u0131nan da\u015f\u0131nmaz \u0259mlaklar, tikil\u0259n m\u0259nzill\u0259r hardad\u0131r? Kim\u0259 sat\u0131l\u0131b, kim\u0259 verilib Moskvadak\u0131 \u0259mlaklar? \u018fld\u0259 olunan v\u0259sait hara y\u00f6n\u0259lib? Bir ne\u00e7\u0259sini bilir\u0259m, lakin bilm\u0259dikl\u0259rim d\u0259 var. O q\u0259d\u0259r aktiv t\u0259hvil verilmi\u015fdi, onlar\u0131n taleyi nec\u0259 oldu? Moskvada tikintiy\u0259 icaz\u0259 almaq \u00fc\u00e7\u00fcn 360 s\u0259n\u0259d\u0259 qol \u00e7\u0259km\u0259k laz\u0131md\u0131r. Kremlin divar\u0131n\u0131n d\u00fcz yan\u0131nda tikinti apar\u0131l\u0131rd\u0131. N\u0259 oldu o tikilil\u0259r? Ora ged\u0259n krediti bizim aya\u011f\u0131m\u0131za niy\u0259 yaz\u0131rlar? Albaniyadak\u0131 iki neftay\u0131rma zavodunun s\u0259hml\u0259ri Beyn\u0259lxalq Bankda girov idi. Han\u0131 o zavodlar? \u0130tib. Qazax\u0131standa \u00fc\u00e7 neft yata\u011f\u0131 al\u0131nm\u0131\u015fd\u0131, biri i\u015fl\u0259k idi. Bizd\u0259n sonra yeni menecmentl\u0259rin f\u0259aliyy\u0259tinin n\u0259tic\u0259si olaraq, yerli banklara v\u0259 podrat\u00e7\u0131lara borca g\u00f6r\u0259 m\u00fcsadir\u0259 olundu. Siz i\u015fl\u0259y\u0259 bilmirsinizs\u0259, buna g\u00f6r\u0259 biz neyl\u0259y\u0259k? Bizd\u0259n sonra olanlar\u0131 bizim aya\u011f\u0131m\u0131za niy\u0259 yaz\u0131rs\u0131z? Metanol zavodu ayda 10 milyon g\u0259lir g\u0259tirirdi. Neyl\u0259dil\u0259r onu?&quot;\n<\/p>\n<p>\n  C.Hac\u0131yevin s\u00f6zl\u0259rin\u0259 g\u00f6r\u0259, kredit problemi varsa bel\u0259, bu, m\u00fclki qaydada h\u0259ll olunmal\u0131d\u0131r. Onun fikrinc\u0259, Beyn\u0259lxalq Bank i\u015find\u0259 cinay\u0259t i\u015fi ba\u015flay\u0131b, \u00e7oxsayl\u0131 adamlar\u0131 c\u0259zaland\u0131rmaqla pis presedent yarad\u0131l\u0131b: &quot;Kredit verm\u0259k, kredit g\u00f6t\u00fcrm\u0259k cinay\u0259t say\u0131la bilm\u0259z. Biz d\u0259f\u0259l\u0259rl\u0259 X\u0259qani B\u0259\u015firovun dindirilm\u0259sini ist\u0259dik. T\u0259\u0259ss\u00fcf ki, t\u0259min etm\u0259diniz. Dindirils\u0259ydi, \u00e7ox m\u0259s\u0259l\u0259l\u0259r\u0259 ayd\u0131nl\u0131q g\u0259l\u0259rdi. Beyn\u0259lxalq Bank\u0131n v\u0259saitil\u0259 yarad\u0131lm\u0131\u015f el\u0259 m\u00fc\u0259ssis\u0259l\u0259r var ki, 1 avroya \u0259l\u0259 ke\u00e7irilib&quot;.\n<\/p>\n<p>\n  C.Hac\u0131yevin s\u00f6zl\u0259rin\u0259 g\u00f6r\u0259, istintaq kreditl\u0259ri ziyan kimi hesablayark\u0259n \u00f6lk\u0259d\u0259 2015-ci ild\u0259 ba\u015f vermi\u015f iki devalvasiyan\u0131 n\u0259z\u0259r\u0259 almay\u0131b&quot;.\n<\/p>\n<p>\n  \u00c7\u0131x\u0131\u015f\u0131n\u0131n sonunda v\u0259kill\u0259rin\u0259 t\u0259\u015f\u0259kk\u00fcr ed\u0259n C.Hac\u0131yev Linkolndan sitat g\u0259tir\u0259r\u0259k deyib ki, bir n\u0259f\u0259ri h\u0259mi\u015f\u0259 aldatmaq m\u00fcmk\u00fcn olar, amma xalq\u0131 yox: &quot;H\u0259r \u015fey saf-\u00e7\u00fcr\u00fck olacaq. Xalq\u0131 h\u0259mi\u015f\u0259 aldatmaq m\u00fcmk\u00fcn deyil&quot;.\n<\/p>\n<p>\n  Daha sonra m\u0259hk\u0259m\u0259 C.Hac\u0131yev, D.X\u0259lilov v\u0259 daha 19 n\u0259f\u0259rl\u0259 ba\u011fl\u0131 h\u00f6km \u00e7\u0131xarmaq \u00fc\u00e7\u00fcn m\u00fc\u015favir\u0259y\u0259 gedib.<\/p>\n","protected":false},"excerpt":{"rendered":"<p>\u201c\u0130sraf\u00e7\u0131l\u0131q varsa da, bizd\u0259n sonra olub\u201d<\/p>\n","protected":false},"author":11,"featured_media":126445,"comment_status":"closed","ping_status":"open","sticky":false,"template":"","format":"standard","meta":{"_acf_changed":false,"_sitemap_exclude":false,"_sitemap_priority":"","_sitemap_frequency":"","footnotes":""},"categories":[59],"tags":[],"class_list":["post-196807","post","type-post","status-publish","format-standard","has-post-thumbnail","hentry","category-siyaset","infinite-scroll-item","generate-columns","tablet-grid-50","mobile-grid-100","grid-parent","grid-33","no-featured-image-padding"],"acf":[],"yoast_head":"<!-- This site is optimized with the Yoast SEO plugin v27.5 - https:\/\/yoast.com\/product\/yoast-seo-wordpress\/ -->\n<title>Cahangir Hac\u0131yev m\u0259hk\u0259m\u0259d\u0259 Kremlin yan\u0131ndak\u0131 malikan\u0259l\u0259rd\u0259n dan\u0131\u015f\u0131b - MEYDAN.TV<\/title>\n<meta name=\"robots\" content=\"index, follow, max-snippet:-1, max-image-preview:large, max-video-preview:-1\" \/>\n<link rel=\"canonical\" href=\"https:\/\/www.meydan.tv\/az\/article\/cahangir-haciyev-mehkemede-kremlin-yanindaki-malikanelerden-danisib\/\" \/>\n<meta property=\"og:locale\" content=\"az_AZ\" \/>\n<meta property=\"og:type\" content=\"article\" \/>\n<meta property=\"og:title\" content=\"Cahangir Hac\u0131yev m\u0259hk\u0259m\u0259d\u0259 Kremlin yan\u0131ndak\u0131 malikan\u0259l\u0259rd\u0259n dan\u0131\u015f\u0131b - MEYDAN.TV\" \/>\n<meta property=\"og:description\" content=\"\u201c\u0130sraf\u00e7\u0131l\u0131q varsa da, bizd\u0259n sonra olub\u201d\" \/>\n<meta property=\"og:url\" content=\"https:\/\/www.meydan.tv\/az\/article\/cahangir-haciyev-mehkemede-kremlin-yanindaki-malikanelerden-danisib\/\" \/>\n<meta property=\"og:site_name\" content=\"MEYDAN.TV\" \/>\n<meta property=\"article:published_time\" content=\"2019-09-02T19:11:33+00:00\" \/>\n<meta property=\"og:image\" content=\"https:\/\/www.meydan.tv\/wp-content\/uploads\/untitled_design_1_zpnm6um.png\" \/>\n\t<meta property=\"og:image:width\" content=\"1280\" \/>\n\t<meta property=\"og:image:height\" content=\"720\" \/>\n\t<meta property=\"og:image:type\" content=\"image\/png\" \/>\n<meta name=\"author\" content=\"user-manager\" \/>\n<meta name=\"twitter:card\" content=\"summary_large_image\" \/>\n<script type=\"application\/ld+json\" class=\"yoast-schema-graph\">{\"@context\":\"https:\\\/\\\/schema.org\",\"@graph\":[{\"@type\":\"Article\",\"@id\":\"https:\\\/\\\/www.meydan.tv\\\/az\\\/article\\\/cahangir-haciyev-mehkemede-kremlin-yanindaki-malikanelerden-danisib\\\/#article\",\"isPartOf\":{\"@id\":\"https:\\\/\\\/www.meydan.tv\\\/az\\\/article\\\/cahangir-haciyev-mehkemede-kremlin-yanindaki-malikanelerden-danisib\\\/\"},\"author\":{\"name\":\"user-manager\",\"@id\":\"https:\\\/\\\/www.meydan.tv\\\/az\\\/#\\\/schema\\\/person\\\/10d11eccf6da3662cf5fdab9806ea91a\"},\"headline\":\"Cahangir Hac\u0131yev m\u0259hk\u0259m\u0259d\u0259 Kremlin yan\u0131ndak\u0131 malikan\u0259l\u0259rd\u0259n dan\u0131\u015f\u0131b\",\"datePublished\":\"2019-09-02T19:11:33+00:00\",\"mainEntityOfPage\":{\"@id\":\"https:\\\/\\\/www.meydan.tv\\\/az\\\/article\\\/cahangir-haciyev-mehkemede-kremlin-yanindaki-malikanelerden-danisib\\\/\"},\"wordCount\":1518,\"publisher\":{\"@id\":\"https:\\\/\\\/www.meydan.tv\\\/az\\\/#organization\"},\"image\":{\"@id\":\"https:\\\/\\\/www.meydan.tv\\\/az\\\/article\\\/cahangir-haciyev-mehkemede-kremlin-yanindaki-malikanelerden-danisib\\\/#primaryimage\"},\"thumbnailUrl\":\"https:\\\/\\\/www.meydan.tv\\\/wp-content\\\/uploads\\\/untitled_design_1_zpnm6um.png\",\"articleSection\":[\"Siyas\u0259t\"],\"inLanguage\":\"az\"},{\"@type\":\"WebPage\",\"@id\":\"https:\\\/\\\/www.meydan.tv\\\/az\\\/article\\\/cahangir-haciyev-mehkemede-kremlin-yanindaki-malikanelerden-danisib\\\/\",\"url\":\"https:\\\/\\\/www.meydan.tv\\\/az\\\/article\\\/cahangir-haciyev-mehkemede-kremlin-yanindaki-malikanelerden-danisib\\\/\",\"name\":\"Cahangir Hac\u0131yev m\u0259hk\u0259m\u0259d\u0259 Kremlin yan\u0131ndak\u0131 malikan\u0259l\u0259rd\u0259n dan\u0131\u015f\u0131b - MEYDAN.TV\",\"isPartOf\":{\"@id\":\"https:\\\/\\\/www.meydan.tv\\\/az\\\/#website\"},\"primaryImageOfPage\":{\"@id\":\"https:\\\/\\\/www.meydan.tv\\\/az\\\/article\\\/cahangir-haciyev-mehkemede-kremlin-yanindaki-malikanelerden-danisib\\\/#primaryimage\"},\"image\":{\"@id\":\"https:\\\/\\\/www.meydan.tv\\\/az\\\/article\\\/cahangir-haciyev-mehkemede-kremlin-yanindaki-malikanelerden-danisib\\\/#primaryimage\"},\"thumbnailUrl\":\"https:\\\/\\\/www.meydan.tv\\\/wp-content\\\/uploads\\\/untitled_design_1_zpnm6um.png\",\"datePublished\":\"2019-09-02T19:11:33+00:00\",\"breadcrumb\":{\"@id\":\"https:\\\/\\\/www.meydan.tv\\\/az\\\/article\\\/cahangir-haciyev-mehkemede-kremlin-yanindaki-malikanelerden-danisib\\\/#breadcrumb\"},\"inLanguage\":\"az\",\"potentialAction\":[{\"@type\":\"ReadAction\",\"target\":[\"https:\\\/\\\/www.meydan.tv\\\/az\\\/article\\\/cahangir-haciyev-mehkemede-kremlin-yanindaki-malikanelerden-danisib\\\/\"]}]},{\"@type\":\"ImageObject\",\"inLanguage\":\"az\",\"@id\":\"https:\\\/\\\/www.meydan.tv\\\/az\\\/article\\\/cahangir-haciyev-mehkemede-kremlin-yanindaki-malikanelerden-danisib\\\/#primaryimage\",\"url\":\"https:\\\/\\\/www.meydan.tv\\\/wp-content\\\/uploads\\\/untitled_design_1_zpnm6um.png\",\"contentUrl\":\"https:\\\/\\\/www.meydan.tv\\\/wp-content\\\/uploads\\\/untitled_design_1_zpnm6um.png\",\"width\":1280,\"height\":720,\"caption\":\"Source: Report\"},{\"@type\":\"BreadcrumbList\",\"@id\":\"https:\\\/\\\/www.meydan.tv\\\/az\\\/article\\\/cahangir-haciyev-mehkemede-kremlin-yanindaki-malikanelerden-danisib\\\/#breadcrumb\",\"itemListElement\":[{\"@type\":\"ListItem\",\"position\":1,\"name\":\"Ana s\u0259hif\u0259\",\"item\":\"https:\\\/\\\/www.meydan.tv\\\/az\\\/\"},{\"@type\":\"ListItem\",\"position\":2,\"name\":\"Siyas\u0259t\",\"item\":\"https:\\\/\\\/www.meydan.tv\\\/az\\\/section\\\/siyaset\\\/\"},{\"@type\":\"ListItem\",\"position\":3,\"name\":\"Cahangir Hac\u0131yev m\u0259hk\u0259m\u0259d\u0259 Kremlin yan\u0131ndak\u0131 malikan\u0259l\u0259rd\u0259n dan\u0131\u015f\u0131b\"}]},{\"@type\":\"WebSite\",\"@id\":\"https:\\\/\\\/www.meydan.tv\\\/az\\\/#website\",\"url\":\"https:\\\/\\\/www.meydan.tv\\\/az\\\/\",\"name\":\"MEYDAN.TV\",\"description\":\"Meydan TV Az\u0259rbaycan\u0131n media m\u0259kan\u0131ndak\u0131 alternativ s\u0259sidir\",\"publisher\":{\"@id\":\"https:\\\/\\\/www.meydan.tv\\\/az\\\/#organization\"},\"potentialAction\":[{\"@type\":\"SearchAction\",\"target\":{\"@type\":\"EntryPoint\",\"urlTemplate\":\"https:\\\/\\\/www.meydan.tv\\\/az\\\/?s={search_term_string}\"},\"query-input\":{\"@type\":\"PropertyValueSpecification\",\"valueRequired\":true,\"valueName\":\"search_term_string\"}}],\"inLanguage\":\"az\"},{\"@type\":\"Organization\",\"@id\":\"https:\\\/\\\/www.meydan.tv\\\/az\\\/#organization\",\"name\":\"Meydan TV\",\"url\":\"https:\\\/\\\/www.meydan.tv\\\/az\\\/\",\"logo\":{\"@type\":\"ImageObject\",\"inLanguage\":\"az\",\"@id\":\"https:\\\/\\\/www.meydan.tv\\\/az\\\/#\\\/schema\\\/logo\\\/image\\\/\",\"url\":\"https:\\\/\\\/www.meydan.tv\\\/wp-content\\\/uploads\\\/2021\\\/07\\\/meydan-logo.svg\",\"contentUrl\":\"https:\\\/\\\/www.meydan.tv\\\/wp-content\\\/uploads\\\/2021\\\/07\\\/meydan-logo.svg\",\"width\":195,\"height\":46,\"caption\":\"Meydan TV\"},\"image\":{\"@id\":\"https:\\\/\\\/www.meydan.tv\\\/az\\\/#\\\/schema\\\/logo\\\/image\\\/\"}},{\"@type\":\"Person\",\"@id\":\"https:\\\/\\\/www.meydan.tv\\\/az\\\/#\\\/schema\\\/person\\\/10d11eccf6da3662cf5fdab9806ea91a\",\"name\":\"user-manager\"}]}<\/script>\n<!-- \/ Yoast SEO plugin. -->","yoast_head_json":{"title":"Cahangir Hac\u0131yev m\u0259hk\u0259m\u0259d\u0259 Kremlin yan\u0131ndak\u0131 malikan\u0259l\u0259rd\u0259n dan\u0131\u015f\u0131b - MEYDAN.TV","robots":{"index":"index","follow":"follow","max-snippet":"max-snippet:-1","max-image-preview":"max-image-preview:large","max-video-preview":"max-video-preview:-1"},"canonical":"https:\/\/www.meydan.tv\/az\/article\/cahangir-haciyev-mehkemede-kremlin-yanindaki-malikanelerden-danisib\/","og_locale":"az_AZ","og_type":"article","og_title":"Cahangir Hac\u0131yev m\u0259hk\u0259m\u0259d\u0259 Kremlin yan\u0131ndak\u0131 malikan\u0259l\u0259rd\u0259n dan\u0131\u015f\u0131b - MEYDAN.TV","og_description":"\u201c\u0130sraf\u00e7\u0131l\u0131q varsa da, bizd\u0259n sonra olub\u201d","og_url":"https:\/\/www.meydan.tv\/az\/article\/cahangir-haciyev-mehkemede-kremlin-yanindaki-malikanelerden-danisib\/","og_site_name":"MEYDAN.TV","article_published_time":"2019-09-02T19:11:33+00:00","og_image":[{"width":1280,"height":720,"url":"https:\/\/www.meydan.tv\/wp-content\/uploads\/untitled_design_1_zpnm6um.png","type":"image\/png"}],"author":"user-manager","twitter_card":"summary_large_image","schema":{"@context":"https:\/\/schema.org","@graph":[{"@type":"Article","@id":"https:\/\/www.meydan.tv\/az\/article\/cahangir-haciyev-mehkemede-kremlin-yanindaki-malikanelerden-danisib\/#article","isPartOf":{"@id":"https:\/\/www.meydan.tv\/az\/article\/cahangir-haciyev-mehkemede-kremlin-yanindaki-malikanelerden-danisib\/"},"author":{"name":"user-manager","@id":"https:\/\/www.meydan.tv\/az\/#\/schema\/person\/10d11eccf6da3662cf5fdab9806ea91a"},"headline":"Cahangir Hac\u0131yev m\u0259hk\u0259m\u0259d\u0259 Kremlin yan\u0131ndak\u0131 malikan\u0259l\u0259rd\u0259n dan\u0131\u015f\u0131b","datePublished":"2019-09-02T19:11:33+00:00","mainEntityOfPage":{"@id":"https:\/\/www.meydan.tv\/az\/article\/cahangir-haciyev-mehkemede-kremlin-yanindaki-malikanelerden-danisib\/"},"wordCount":1518,"publisher":{"@id":"https:\/\/www.meydan.tv\/az\/#organization"},"image":{"@id":"https:\/\/www.meydan.tv\/az\/article\/cahangir-haciyev-mehkemede-kremlin-yanindaki-malikanelerden-danisib\/#primaryimage"},"thumbnailUrl":"https:\/\/www.meydan.tv\/wp-content\/uploads\/untitled_design_1_zpnm6um.png","articleSection":["Siyas\u0259t"],"inLanguage":"az"},{"@type":"WebPage","@id":"https:\/\/www.meydan.tv\/az\/article\/cahangir-haciyev-mehkemede-kremlin-yanindaki-malikanelerden-danisib\/","url":"https:\/\/www.meydan.tv\/az\/article\/cahangir-haciyev-mehkemede-kremlin-yanindaki-malikanelerden-danisib\/","name":"Cahangir Hac\u0131yev m\u0259hk\u0259m\u0259d\u0259 Kremlin yan\u0131ndak\u0131 malikan\u0259l\u0259rd\u0259n dan\u0131\u015f\u0131b - MEYDAN.TV","isPartOf":{"@id":"https:\/\/www.meydan.tv\/az\/#website"},"primaryImageOfPage":{"@id":"https:\/\/www.meydan.tv\/az\/article\/cahangir-haciyev-mehkemede-kremlin-yanindaki-malikanelerden-danisib\/#primaryimage"},"image":{"@id":"https:\/\/www.meydan.tv\/az\/article\/cahangir-haciyev-mehkemede-kremlin-yanindaki-malikanelerden-danisib\/#primaryimage"},"thumbnailUrl":"https:\/\/www.meydan.tv\/wp-content\/uploads\/untitled_design_1_zpnm6um.png","datePublished":"2019-09-02T19:11:33+00:00","breadcrumb":{"@id":"https:\/\/www.meydan.tv\/az\/article\/cahangir-haciyev-mehkemede-kremlin-yanindaki-malikanelerden-danisib\/#breadcrumb"},"inLanguage":"az","potentialAction":[{"@type":"ReadAction","target":["https:\/\/www.meydan.tv\/az\/article\/cahangir-haciyev-mehkemede-kremlin-yanindaki-malikanelerden-danisib\/"]}]},{"@type":"ImageObject","inLanguage":"az","@id":"https:\/\/www.meydan.tv\/az\/article\/cahangir-haciyev-mehkemede-kremlin-yanindaki-malikanelerden-danisib\/#primaryimage","url":"https:\/\/www.meydan.tv\/wp-content\/uploads\/untitled_design_1_zpnm6um.png","contentUrl":"https:\/\/www.meydan.tv\/wp-content\/uploads\/untitled_design_1_zpnm6um.png","width":1280,"height":720,"caption":"Source: Report"},{"@type":"BreadcrumbList","@id":"https:\/\/www.meydan.tv\/az\/article\/cahangir-haciyev-mehkemede-kremlin-yanindaki-malikanelerden-danisib\/#breadcrumb","itemListElement":[{"@type":"ListItem","position":1,"name":"Ana s\u0259hif\u0259","item":"https:\/\/www.meydan.tv\/az\/"},{"@type":"ListItem","position":2,"name":"Siyas\u0259t","item":"https:\/\/www.meydan.tv\/az\/section\/siyaset\/"},{"@type":"ListItem","position":3,"name":"Cahangir Hac\u0131yev m\u0259hk\u0259m\u0259d\u0259 Kremlin yan\u0131ndak\u0131 malikan\u0259l\u0259rd\u0259n dan\u0131\u015f\u0131b"}]},{"@type":"WebSite","@id":"https:\/\/www.meydan.tv\/az\/#website","url":"https:\/\/www.meydan.tv\/az\/","name":"MEYDAN.TV","description":"Meydan TV Az\u0259rbaycan\u0131n media m\u0259kan\u0131ndak\u0131 alternativ s\u0259sidir","publisher":{"@id":"https:\/\/www.meydan.tv\/az\/#organization"},"potentialAction":[{"@type":"SearchAction","target":{"@type":"EntryPoint","urlTemplate":"https:\/\/www.meydan.tv\/az\/?s={search_term_string}"},"query-input":{"@type":"PropertyValueSpecification","valueRequired":true,"valueName":"search_term_string"}}],"inLanguage":"az"},{"@type":"Organization","@id":"https:\/\/www.meydan.tv\/az\/#organization","name":"Meydan TV","url":"https:\/\/www.meydan.tv\/az\/","logo":{"@type":"ImageObject","inLanguage":"az","@id":"https:\/\/www.meydan.tv\/az\/#\/schema\/logo\/image\/","url":"https:\/\/www.meydan.tv\/wp-content\/uploads\/2021\/07\/meydan-logo.svg","contentUrl":"https:\/\/www.meydan.tv\/wp-content\/uploads\/2021\/07\/meydan-logo.svg","width":195,"height":46,"caption":"Meydan TV"},"image":{"@id":"https:\/\/www.meydan.tv\/az\/#\/schema\/logo\/image\/"}},{"@type":"Person","@id":"https:\/\/www.meydan.tv\/az\/#\/schema\/person\/10d11eccf6da3662cf5fdab9806ea91a","name":"user-manager"}]}},"_links":{"self":[{"href":"https:\/\/www.meydan.tv\/az\/wp-json\/wp\/v2\/posts\/196807","targetHints":{"allow":["GET"]}}],"collection":[{"href":"https:\/\/www.meydan.tv\/az\/wp-json\/wp\/v2\/posts"}],"about":[{"href":"https:\/\/www.meydan.tv\/az\/wp-json\/wp\/v2\/types\/post"}],"author":[{"embeddable":true,"href":"https:\/\/www.meydan.tv\/az\/wp-json\/wp\/v2\/users\/11"}],"replies":[{"embeddable":true,"href":"https:\/\/www.meydan.tv\/az\/wp-json\/wp\/v2\/comments?post=196807"}],"version-history":[{"count":0,"href":"https:\/\/www.meydan.tv\/az\/wp-json\/wp\/v2\/posts\/196807\/revisions"}],"wp:featuredmedia":[{"embeddable":true,"href":"https:\/\/www.meydan.tv\/az\/wp-json\/wp\/v2\/media\/126445"}],"wp:attachment":[{"href":"https:\/\/www.meydan.tv\/az\/wp-json\/wp\/v2\/media?parent=196807"}],"wp:term":[{"taxonomy":"category","embeddable":true,"href":"https:\/\/www.meydan.tv\/az\/wp-json\/wp\/v2\/categories?post=196807"},{"taxonomy":"post_tag","embeddable":true,"href":"https:\/\/www.meydan.tv\/az\/wp-json\/wp\/v2\/tags?post=196807"}],"curies":[{"name":"wp","href":"https:\/\/api.w.org\/{rel}","templated":true}]}}