{"id":196803,"date":"2019-09-02T15:34:11","date_gmt":"2019-09-02T15:34:11","guid":{"rendered":"https:\/\/www.meydan.tv\/article\/qazaxistan-prezidenti-xalqa-ilk-muracietinde-demokratik-azadliqlar-ved-edib\/"},"modified":"2019-09-02T15:34:11","modified_gmt":"2019-09-02T15:34:11","slug":"qazaxistan-prezidenti-xalqa-ilk-muracietinde-demokratik-azadliqlar-ved-edib","status":"publish","type":"post","link":"https:\/\/www.meydan.tv\/az\/article\/qazaxistan-prezidenti-xalqa-ilk-muracietinde-demokratik-azadliqlar-ved-edib\/","title":{"rendered":"Qazax\u0131stan prezidenti xalqa ilk m\u00fcraci\u0259tind\u0259 demokratik azadl\u0131qlar v\u0259d edib"},"content":{"rendered":"<p>\n  <i><br \/>\n    Toqayev qurumlara tap\u015f\u0131r\u0131b ki, dinc n\u00fcmayi\u015fl\u0259r ke\u00e7irm\u0259k \u00fc\u00e7\u00fcn v\u0259t\u0259nda\u015flara icaz\u0259 verilsin<br \/>\n  <\/i>\n<\/p>\n<p>\n  Qazax\u0131stan Prezidenti Qas\u0131m-Jomart Toqayev iyun ay\u0131nda ke\u00e7irilmi\u015f prezident se\u00e7kil\u0259rind\u0259ki q\u0259l\u0259b\u0259sind\u0259n sonra ilk d\u0259f\u0259 xalqa m\u00fcraci\u0259t edib. O, qazaxlara siyasi r\u0259qab\u0259ti v\u0259 pl\u00fcralizmi d\u0259st\u0259kl\u0259y\u0259c\u0259yini v\u0259d edib, RFE\/RL x\u0259b\u0259r verir.\n<\/p>\n<p>\n  Sentyabr\u0131n 2-d\u0259 parlamentd\u0259ki \u00e7\u0131x\u0131\u015f\u0131nda Toqayev deyib ki, g\u0259l\u0259c\u0259k se\u00e7kil\u0259r \u00f6lk\u0259d\u0259 \u00e7oxpartiyal\u0131 sistemin inki\u015faf\u0131na z\u0259min yaratmal\u0131dr. Prezident yerli hakimiyy\u0259t orqanlar\u0131n\u0131 v\u0259t\u0259nda\u015flara dinc n\u00fcmayi\u015fl\u0259r ke\u00e7irm\u0259y\u0259, fikirl\u0259rini s\u0259rb\u0259st ifad\u0259 etm\u0259l\u0259rin\u0259 icaz\u0259 verm\u0259y\u0259 \u00e7a\u011f\u0131r\u0131b.\n<\/p>\n<p>\n  \u201cDinc aksiyalar\u0131n m\u0259qs\u0259di qanunu pozmamaq v\u0259 dig\u0259r v\u0259t\u0259nda\u015flar\u0131 narahat etm\u0259k deyils\u0259, o zaman bu c\u00fcr aksiyalar\u0131n t\u0259\u015fkilin\u0259 icaz\u0259 verilm\u0259li, bu c\u00fcr t\u0259dbirl\u0259r \u00fc\u00e7\u00fcn x\u00fcsusi yerl\u0259r m\u00fc\u0259yy\u0259n edilm\u0259lidir. Bu t\u0259dbirl\u0259r \u015f\u0259h\u0259r\u0259traf\u0131 \u0259razil\u0259rd\u0259 olmamal\u0131d\u0131r,\u201d &#8211; Toqayev deyib.\n<\/p>\n<p>\n  Toqayev \u0259lav\u0259 edib ki, konstitusiyaya zidd h\u0259r\u0259k\u0259tl\u0259r v\u0259 xuliqanl\u0131q kimi hallara \u00e7a\u011f\u0131r\u0131\u015flar\u0131n qar\u015f\u0131s\u0131 qanuni yolla al\u0131nacaq.\n<\/p>\n<p>\n  N\u00f6vb\u0259ti parlament v\u0259 yerli se\u00e7kil\u0259rin ke\u00e7irilm\u0259si 2021-ci il\u0259 planla\u015fd\u0131r\u0131l\u0131r.\n<\/p>\n<p>\n  Qazax\u0131stan\u0131n uzun zaman lideri olmu\u015f Nursultan Nazarbayevin mart ay\u0131nda q\u0259fil istefa verm\u0259sinin ard\u0131ndan Toqayev iyunun 9-da ke\u00e7iril\u0259n prezident se\u00e7kil\u0259rind\u0259 qalib g\u0259lib.<\/p>\n","protected":false},"excerpt":{"rendered":"<p>\u201cDinc aksiyalar\u0131n m\u0259qs\u0259di qanunu pozmamaq v\u0259 dig\u0259r v\u0259t\u0259nda\u015flar\u0131 narahat etm\u0259k deyils\u0259, o zaman bu c\u00fcr aksiyalar\u0131n t\u0259\u015fkilin\u0259 icaz\u0259 verilm\u0259li, bu c\u00fcr t\u0259dbirl\u0259r \u00fc\u00e7\u00fcn x\u00fcsusi yerl\u0259r m\u00fc\u0259yy\u0259n edilm\u0259lidir. Bu t\u0259dbirl\u0259r \u015f\u0259h\u0259r\u0259traf\u0131 \u0259razil\u0259rd\u0259 olmamal\u0131d\u0131r,\u201d &#8211; Toqayev deyib.<\/p>\n","protected":false},"author":11,"featured_media":129047,"comment_status":"closed","ping_status":"open","sticky":false,"template":"","format":"standard","meta":{"_acf_changed":false,"_sitemap_exclude":false,"_sitemap_priority":"","_sitemap_frequency":"","footnotes":""},"categories":[64],"tags":[],"class_list":["post-196803","post","type-post","status-publish","format-standard","has-post-thumbnail","hentry","category-dunya","infinite-scroll-item","generate-columns","tablet-grid-50","mobile-grid-100","grid-parent","grid-33","no-featured-image-padding"],"acf":[],"yoast_head":"<!-- This site is optimized with the Yoast SEO plugin v27.5 - https:\/\/yoast.com\/product\/yoast-seo-wordpress\/ -->\n<title>Qazax\u0131stan prezidenti xalqa ilk m\u00fcraci\u0259tind\u0259 demokratik azadl\u0131qlar v\u0259d edib - MEYDAN.TV<\/title>\n<meta name=\"robots\" content=\"index, follow, max-snippet:-1, max-image-preview:large, max-video-preview:-1\" \/>\n<link rel=\"canonical\" href=\"https:\/\/www.meydan.tv\/az\/article\/qazaxistan-prezidenti-xalqa-ilk-muracietinde-demokratik-azadliqlar-ved-edib\/\" \/>\n<meta property=\"og:locale\" content=\"az_AZ\" \/>\n<meta property=\"og:type\" content=\"article\" \/>\n<meta property=\"og:title\" content=\"Qazax\u0131stan prezidenti xalqa ilk m\u00fcraci\u0259tind\u0259 demokratik azadl\u0131qlar v\u0259d edib - MEYDAN.TV\" \/>\n<meta property=\"og:description\" content=\"\u201cDinc aksiyalar\u0131n m\u0259qs\u0259di qanunu pozmamaq v\u0259 dig\u0259r v\u0259t\u0259nda\u015flar\u0131 narahat etm\u0259k deyils\u0259, o zaman bu c\u00fcr aksiyalar\u0131n t\u0259\u015fkilin\u0259 icaz\u0259 verilm\u0259li, bu c\u00fcr t\u0259dbirl\u0259r \u00fc\u00e7\u00fcn x\u00fcsusi yerl\u0259r m\u00fc\u0259yy\u0259n edilm\u0259lidir. Bu t\u0259dbirl\u0259r \u015f\u0259h\u0259r\u0259traf\u0131 \u0259razil\u0259rd\u0259 olmamal\u0131d\u0131r,\u201d - Toqayev deyib.\" \/>\n<meta property=\"og:url\" content=\"https:\/\/www.meydan.tv\/az\/article\/qazaxistan-prezidenti-xalqa-ilk-muracietinde-demokratik-azadliqlar-ved-edib\/\" \/>\n<meta property=\"og:site_name\" content=\"MEYDAN.TV\" \/>\n<meta property=\"article:published_time\" content=\"2019-09-02T15:34:11+00:00\" \/>\n<meta property=\"og:image\" content=\"https:\/\/www.meydan.tv\/wp-content\/uploads\/tokayev.jpg\" \/>\n\t<meta property=\"og:image:width\" content=\"1600\" \/>\n\t<meta property=\"og:image:height\" content=\"952\" \/>\n\t<meta property=\"og:image:type\" content=\"image\/jpeg\" \/>\n<meta name=\"author\" content=\"user-manager\" \/>\n<meta name=\"twitter:card\" content=\"summary_large_image\" \/>\n<script type=\"application\/ld+json\" class=\"yoast-schema-graph\">{\"@context\":\"https:\\\/\\\/schema.org\",\"@graph\":[{\"@type\":\"Article\",\"@id\":\"https:\\\/\\\/www.meydan.tv\\\/az\\\/article\\\/qazaxistan-prezidenti-xalqa-ilk-muracietinde-demokratik-azadliqlar-ved-edib\\\/#article\",\"isPartOf\":{\"@id\":\"https:\\\/\\\/www.meydan.tv\\\/az\\\/article\\\/qazaxistan-prezidenti-xalqa-ilk-muracietinde-demokratik-azadliqlar-ved-edib\\\/\"},\"author\":{\"name\":\"user-manager\",\"@id\":\"https:\\\/\\\/www.meydan.tv\\\/az\\\/#\\\/schema\\\/person\\\/10d11eccf6da3662cf5fdab9806ea91a\"},\"headline\":\"Qazax\u0131stan prezidenti xalqa ilk m\u00fcraci\u0259tind\u0259 demokratik azadl\u0131qlar v\u0259d edib\",\"datePublished\":\"2019-09-02T15:34:11+00:00\",\"mainEntityOfPage\":{\"@id\":\"https:\\\/\\\/www.meydan.tv\\\/az\\\/article\\\/qazaxistan-prezidenti-xalqa-ilk-muracietinde-demokratik-azadliqlar-ved-edib\\\/\"},\"wordCount\":289,\"publisher\":{\"@id\":\"https:\\\/\\\/www.meydan.tv\\\/az\\\/#organization\"},\"image\":{\"@id\":\"https:\\\/\\\/www.meydan.tv\\\/az\\\/article\\\/qazaxistan-prezidenti-xalqa-ilk-muracietinde-demokratik-azadliqlar-ved-edib\\\/#primaryimage\"},\"thumbnailUrl\":\"https:\\\/\\\/www.meydan.tv\\\/wp-content\\\/uploads\\\/tokayev.jpg\",\"articleSection\":[\"D\u00fcnya\"],\"inLanguage\":\"az\"},{\"@type\":\"WebPage\",\"@id\":\"https:\\\/\\\/www.meydan.tv\\\/az\\\/article\\\/qazaxistan-prezidenti-xalqa-ilk-muracietinde-demokratik-azadliqlar-ved-edib\\\/\",\"url\":\"https:\\\/\\\/www.meydan.tv\\\/az\\\/article\\\/qazaxistan-prezidenti-xalqa-ilk-muracietinde-demokratik-azadliqlar-ved-edib\\\/\",\"name\":\"Qazax\u0131stan prezidenti xalqa ilk m\u00fcraci\u0259tind\u0259 demokratik azadl\u0131qlar v\u0259d edib - MEYDAN.TV\",\"isPartOf\":{\"@id\":\"https:\\\/\\\/www.meydan.tv\\\/az\\\/#website\"},\"primaryImageOfPage\":{\"@id\":\"https:\\\/\\\/www.meydan.tv\\\/az\\\/article\\\/qazaxistan-prezidenti-xalqa-ilk-muracietinde-demokratik-azadliqlar-ved-edib\\\/#primaryimage\"},\"image\":{\"@id\":\"https:\\\/\\\/www.meydan.tv\\\/az\\\/article\\\/qazaxistan-prezidenti-xalqa-ilk-muracietinde-demokratik-azadliqlar-ved-edib\\\/#primaryimage\"},\"thumbnailUrl\":\"https:\\\/\\\/www.meydan.tv\\\/wp-content\\\/uploads\\\/tokayev.jpg\",\"datePublished\":\"2019-09-02T15:34:11+00:00\",\"breadcrumb\":{\"@id\":\"https:\\\/\\\/www.meydan.tv\\\/az\\\/article\\\/qazaxistan-prezidenti-xalqa-ilk-muracietinde-demokratik-azadliqlar-ved-edib\\\/#breadcrumb\"},\"inLanguage\":\"az\",\"potentialAction\":[{\"@type\":\"ReadAction\",\"target\":[\"https:\\\/\\\/www.meydan.tv\\\/az\\\/article\\\/qazaxistan-prezidenti-xalqa-ilk-muracietinde-demokratik-azadliqlar-ved-edib\\\/\"]}]},{\"@type\":\"ImageObject\",\"inLanguage\":\"az\",\"@id\":\"https:\\\/\\\/www.meydan.tv\\\/az\\\/article\\\/qazaxistan-prezidenti-xalqa-ilk-muracietinde-demokratik-azadliqlar-ved-edib\\\/#primaryimage\",\"url\":\"https:\\\/\\\/www.meydan.tv\\\/wp-content\\\/uploads\\\/tokayev.jpg\",\"contentUrl\":\"https:\\\/\\\/www.meydan.tv\\\/wp-content\\\/uploads\\\/tokayev.jpg\",\"width\":1600,\"height\":952,\"caption\":\"Source: meydan tv\"},{\"@type\":\"BreadcrumbList\",\"@id\":\"https:\\\/\\\/www.meydan.tv\\\/az\\\/article\\\/qazaxistan-prezidenti-xalqa-ilk-muracietinde-demokratik-azadliqlar-ved-edib\\\/#breadcrumb\",\"itemListElement\":[{\"@type\":\"ListItem\",\"position\":1,\"name\":\"Ana s\u0259hif\u0259\",\"item\":\"https:\\\/\\\/www.meydan.tv\\\/az\\\/\"},{\"@type\":\"ListItem\",\"position\":2,\"name\":\"D\u00fcnya\",\"item\":\"https:\\\/\\\/www.meydan.tv\\\/az\\\/section\\\/dunya\\\/\"},{\"@type\":\"ListItem\",\"position\":3,\"name\":\"Qazax\u0131stan prezidenti xalqa ilk m\u00fcraci\u0259tind\u0259 demokratik azadl\u0131qlar v\u0259d edib\"}]},{\"@type\":\"WebSite\",\"@id\":\"https:\\\/\\\/www.meydan.tv\\\/az\\\/#website\",\"url\":\"https:\\\/\\\/www.meydan.tv\\\/az\\\/\",\"name\":\"MEYDAN.TV\",\"description\":\"Meydan TV Az\u0259rbaycan\u0131n media m\u0259kan\u0131ndak\u0131 alternativ s\u0259sidir\",\"publisher\":{\"@id\":\"https:\\\/\\\/www.meydan.tv\\\/az\\\/#organization\"},\"potentialAction\":[{\"@type\":\"SearchAction\",\"target\":{\"@type\":\"EntryPoint\",\"urlTemplate\":\"https:\\\/\\\/www.meydan.tv\\\/az\\\/?s={search_term_string}\"},\"query-input\":{\"@type\":\"PropertyValueSpecification\",\"valueRequired\":true,\"valueName\":\"search_term_string\"}}],\"inLanguage\":\"az\"},{\"@type\":\"Organization\",\"@id\":\"https:\\\/\\\/www.meydan.tv\\\/az\\\/#organization\",\"name\":\"Meydan TV\",\"url\":\"https:\\\/\\\/www.meydan.tv\\\/az\\\/\",\"logo\":{\"@type\":\"ImageObject\",\"inLanguage\":\"az\",\"@id\":\"https:\\\/\\\/www.meydan.tv\\\/az\\\/#\\\/schema\\\/logo\\\/image\\\/\",\"url\":\"https:\\\/\\\/www.meydan.tv\\\/wp-content\\\/uploads\\\/2021\\\/07\\\/meydan-logo.svg\",\"contentUrl\":\"https:\\\/\\\/www.meydan.tv\\\/wp-content\\\/uploads\\\/2021\\\/07\\\/meydan-logo.svg\",\"width\":195,\"height\":46,\"caption\":\"Meydan TV\"},\"image\":{\"@id\":\"https:\\\/\\\/www.meydan.tv\\\/az\\\/#\\\/schema\\\/logo\\\/image\\\/\"}},{\"@type\":\"Person\",\"@id\":\"https:\\\/\\\/www.meydan.tv\\\/az\\\/#\\\/schema\\\/person\\\/10d11eccf6da3662cf5fdab9806ea91a\",\"name\":\"user-manager\"}]}<\/script>\n<!-- \/ Yoast SEO plugin. -->","yoast_head_json":{"title":"Qazax\u0131stan prezidenti xalqa ilk m\u00fcraci\u0259tind\u0259 demokratik azadl\u0131qlar v\u0259d edib - MEYDAN.TV","robots":{"index":"index","follow":"follow","max-snippet":"max-snippet:-1","max-image-preview":"max-image-preview:large","max-video-preview":"max-video-preview:-1"},"canonical":"https:\/\/www.meydan.tv\/az\/article\/qazaxistan-prezidenti-xalqa-ilk-muracietinde-demokratik-azadliqlar-ved-edib\/","og_locale":"az_AZ","og_type":"article","og_title":"Qazax\u0131stan prezidenti xalqa ilk m\u00fcraci\u0259tind\u0259 demokratik azadl\u0131qlar v\u0259d edib - MEYDAN.TV","og_description":"\u201cDinc aksiyalar\u0131n m\u0259qs\u0259di qanunu pozmamaq v\u0259 dig\u0259r v\u0259t\u0259nda\u015flar\u0131 narahat etm\u0259k deyils\u0259, o zaman bu c\u00fcr aksiyalar\u0131n t\u0259\u015fkilin\u0259 icaz\u0259 verilm\u0259li, bu c\u00fcr t\u0259dbirl\u0259r \u00fc\u00e7\u00fcn x\u00fcsusi yerl\u0259r m\u00fc\u0259yy\u0259n edilm\u0259lidir. Bu t\u0259dbirl\u0259r \u015f\u0259h\u0259r\u0259traf\u0131 \u0259razil\u0259rd\u0259 olmamal\u0131d\u0131r,\u201d - Toqayev deyib.","og_url":"https:\/\/www.meydan.tv\/az\/article\/qazaxistan-prezidenti-xalqa-ilk-muracietinde-demokratik-azadliqlar-ved-edib\/","og_site_name":"MEYDAN.TV","article_published_time":"2019-09-02T15:34:11+00:00","og_image":[{"width":1600,"height":952,"url":"https:\/\/www.meydan.tv\/wp-content\/uploads\/tokayev.jpg","type":"image\/jpeg"}],"author":"user-manager","twitter_card":"summary_large_image","schema":{"@context":"https:\/\/schema.org","@graph":[{"@type":"Article","@id":"https:\/\/www.meydan.tv\/az\/article\/qazaxistan-prezidenti-xalqa-ilk-muracietinde-demokratik-azadliqlar-ved-edib\/#article","isPartOf":{"@id":"https:\/\/www.meydan.tv\/az\/article\/qazaxistan-prezidenti-xalqa-ilk-muracietinde-demokratik-azadliqlar-ved-edib\/"},"author":{"name":"user-manager","@id":"https:\/\/www.meydan.tv\/az\/#\/schema\/person\/10d11eccf6da3662cf5fdab9806ea91a"},"headline":"Qazax\u0131stan prezidenti xalqa ilk m\u00fcraci\u0259tind\u0259 demokratik azadl\u0131qlar v\u0259d edib","datePublished":"2019-09-02T15:34:11+00:00","mainEntityOfPage":{"@id":"https:\/\/www.meydan.tv\/az\/article\/qazaxistan-prezidenti-xalqa-ilk-muracietinde-demokratik-azadliqlar-ved-edib\/"},"wordCount":289,"publisher":{"@id":"https:\/\/www.meydan.tv\/az\/#organization"},"image":{"@id":"https:\/\/www.meydan.tv\/az\/article\/qazaxistan-prezidenti-xalqa-ilk-muracietinde-demokratik-azadliqlar-ved-edib\/#primaryimage"},"thumbnailUrl":"https:\/\/www.meydan.tv\/wp-content\/uploads\/tokayev.jpg","articleSection":["D\u00fcnya"],"inLanguage":"az"},{"@type":"WebPage","@id":"https:\/\/www.meydan.tv\/az\/article\/qazaxistan-prezidenti-xalqa-ilk-muracietinde-demokratik-azadliqlar-ved-edib\/","url":"https:\/\/www.meydan.tv\/az\/article\/qazaxistan-prezidenti-xalqa-ilk-muracietinde-demokratik-azadliqlar-ved-edib\/","name":"Qazax\u0131stan prezidenti xalqa ilk m\u00fcraci\u0259tind\u0259 demokratik azadl\u0131qlar v\u0259d edib - MEYDAN.TV","isPartOf":{"@id":"https:\/\/www.meydan.tv\/az\/#website"},"primaryImageOfPage":{"@id":"https:\/\/www.meydan.tv\/az\/article\/qazaxistan-prezidenti-xalqa-ilk-muracietinde-demokratik-azadliqlar-ved-edib\/#primaryimage"},"image":{"@id":"https:\/\/www.meydan.tv\/az\/article\/qazaxistan-prezidenti-xalqa-ilk-muracietinde-demokratik-azadliqlar-ved-edib\/#primaryimage"},"thumbnailUrl":"https:\/\/www.meydan.tv\/wp-content\/uploads\/tokayev.jpg","datePublished":"2019-09-02T15:34:11+00:00","breadcrumb":{"@id":"https:\/\/www.meydan.tv\/az\/article\/qazaxistan-prezidenti-xalqa-ilk-muracietinde-demokratik-azadliqlar-ved-edib\/#breadcrumb"},"inLanguage":"az","potentialAction":[{"@type":"ReadAction","target":["https:\/\/www.meydan.tv\/az\/article\/qazaxistan-prezidenti-xalqa-ilk-muracietinde-demokratik-azadliqlar-ved-edib\/"]}]},{"@type":"ImageObject","inLanguage":"az","@id":"https:\/\/www.meydan.tv\/az\/article\/qazaxistan-prezidenti-xalqa-ilk-muracietinde-demokratik-azadliqlar-ved-edib\/#primaryimage","url":"https:\/\/www.meydan.tv\/wp-content\/uploads\/tokayev.jpg","contentUrl":"https:\/\/www.meydan.tv\/wp-content\/uploads\/tokayev.jpg","width":1600,"height":952,"caption":"Source: meydan tv"},{"@type":"BreadcrumbList","@id":"https:\/\/www.meydan.tv\/az\/article\/qazaxistan-prezidenti-xalqa-ilk-muracietinde-demokratik-azadliqlar-ved-edib\/#breadcrumb","itemListElement":[{"@type":"ListItem","position":1,"name":"Ana s\u0259hif\u0259","item":"https:\/\/www.meydan.tv\/az\/"},{"@type":"ListItem","position":2,"name":"D\u00fcnya","item":"https:\/\/www.meydan.tv\/az\/section\/dunya\/"},{"@type":"ListItem","position":3,"name":"Qazax\u0131stan prezidenti xalqa ilk m\u00fcraci\u0259tind\u0259 demokratik azadl\u0131qlar v\u0259d edib"}]},{"@type":"WebSite","@id":"https:\/\/www.meydan.tv\/az\/#website","url":"https:\/\/www.meydan.tv\/az\/","name":"MEYDAN.TV","description":"Meydan TV Az\u0259rbaycan\u0131n media m\u0259kan\u0131ndak\u0131 alternativ s\u0259sidir","publisher":{"@id":"https:\/\/www.meydan.tv\/az\/#organization"},"potentialAction":[{"@type":"SearchAction","target":{"@type":"EntryPoint","urlTemplate":"https:\/\/www.meydan.tv\/az\/?s={search_term_string}"},"query-input":{"@type":"PropertyValueSpecification","valueRequired":true,"valueName":"search_term_string"}}],"inLanguage":"az"},{"@type":"Organization","@id":"https:\/\/www.meydan.tv\/az\/#organization","name":"Meydan TV","url":"https:\/\/www.meydan.tv\/az\/","logo":{"@type":"ImageObject","inLanguage":"az","@id":"https:\/\/www.meydan.tv\/az\/#\/schema\/logo\/image\/","url":"https:\/\/www.meydan.tv\/wp-content\/uploads\/2021\/07\/meydan-logo.svg","contentUrl":"https:\/\/www.meydan.tv\/wp-content\/uploads\/2021\/07\/meydan-logo.svg","width":195,"height":46,"caption":"Meydan TV"},"image":{"@id":"https:\/\/www.meydan.tv\/az\/#\/schema\/logo\/image\/"}},{"@type":"Person","@id":"https:\/\/www.meydan.tv\/az\/#\/schema\/person\/10d11eccf6da3662cf5fdab9806ea91a","name":"user-manager"}]}},"_links":{"self":[{"href":"https:\/\/www.meydan.tv\/az\/wp-json\/wp\/v2\/posts\/196803","targetHints":{"allow":["GET"]}}],"collection":[{"href":"https:\/\/www.meydan.tv\/az\/wp-json\/wp\/v2\/posts"}],"about":[{"href":"https:\/\/www.meydan.tv\/az\/wp-json\/wp\/v2\/types\/post"}],"author":[{"embeddable":true,"href":"https:\/\/www.meydan.tv\/az\/wp-json\/wp\/v2\/users\/11"}],"replies":[{"embeddable":true,"href":"https:\/\/www.meydan.tv\/az\/wp-json\/wp\/v2\/comments?post=196803"}],"version-history":[{"count":0,"href":"https:\/\/www.meydan.tv\/az\/wp-json\/wp\/v2\/posts\/196803\/revisions"}],"wp:featuredmedia":[{"embeddable":true,"href":"https:\/\/www.meydan.tv\/az\/wp-json\/wp\/v2\/media\/129047"}],"wp:attachment":[{"href":"https:\/\/www.meydan.tv\/az\/wp-json\/wp\/v2\/media?parent=196803"}],"wp:term":[{"taxonomy":"category","embeddable":true,"href":"https:\/\/www.meydan.tv\/az\/wp-json\/wp\/v2\/categories?post=196803"},{"taxonomy":"post_tag","embeddable":true,"href":"https:\/\/www.meydan.tv\/az\/wp-json\/wp\/v2\/tags?post=196803"}],"curies":[{"name":"wp","href":"https:\/\/api.w.org\/{rel}","templated":true}]}}