{"id":196802,"date":"2019-09-02T15:26:27","date_gmt":"2019-09-02T15:26:27","guid":{"rendered":"https:\/\/www.meydan.tv\/article\/iran-nuve-sazisinden-ayrilacagiyla-bagli-xeberdarliq-edib\/"},"modified":"2019-09-02T15:26:27","modified_gmt":"2019-09-02T15:26:27","slug":"iran-nuve-sazisinden-ayrilacagiyla-bagli-xeberdarliq-edib","status":"publish","type":"post","link":"https:\/\/www.meydan.tv\/az\/article\/iran-nuve-sazisinden-ayrilacagiyla-bagli-xeberdarliq-edib\/","title":{"rendered":"\u0130ran n\u00fcv\u0259 sazi\u015find\u0259n ayr\u0131laca\u011f\u0131yla ba\u011fl\u0131 x\u0259b\u0259rdarl\u0131q edib"},"content":{"rendered":"<p>\n  Nazir: \u201cRusiya h\u00f6kum\u0259ti \u00e7\u0259tin g\u00fcnl\u0259rd\u0259 \u0130ran \u0130slam Respublikas\u0131 il\u0259 bir yerd\u0259 olub\u201d\n<\/p>\n<p>\n  \u0130ran Avropaya 6 sentyabr tarixind\u0259n \u0259vv\u0259l yeni \u015f\u0259rtl\u0259r t\u0259klif etm\u0259li oldu\u011fu bar\u0259d\u0259 x\u0259b\u0259rdarl\u0131q edib. \u018fks halda Tehran deyib ki, 2015-ci ild\u0259 d\u00fcnya g\u00fccl\u0259ri il\u0259 imzalad\u0131\u011f\u0131 n\u00fcv\u0259 raz\u0131la\u015fmas\u0131ndan geri \u00e7\u0259kil\u0259c\u0259k, RFE\/RL x\u0259b\u0259r verir.\n<\/p>\n<p>\n  \u0130ran\u0131n xarici i\u015fl\u0259r naziri M\u0259h\u0259mm\u0259d Cavad Z\u0259rif il\u0259 rusiyal\u0131 h\u0259mkar\u0131 Sergey Lavrovun sentyabr\u0131n 2-d\u0259 n\u0259z\u0259rd\u0259 tutulan g\u00f6r\u00fc\u015f\u00fcnd\u0259n \u0259vv\u0259l h\u00f6kum\u0259t s\u00f6zc\u00fcs\u00fc \u018fli Rabiei r\u0259smi h\u00f6kum\u0259t x\u0259b\u0259r agentliyi \u0130RNA-ya a\u00e7\u0131qlama verib:\n<\/p>\n<p>\n  \u201cBir \u00e7ox m\u0259s\u0259l\u0259l\u0259rd\u0259 fikirl\u0259r \u00fcst-\u00fcst\u0259 d\u00fc\u015f\u00fcr v\u0259 indi avropal\u0131lar\u0131n [n\u00fcv\u0259 sazi\u015find\u0259ki] \u00f6hd\u0259likl\u0259rinin yerin\u0259 yetirilm\u0259si yollar\u0131 il\u0259 ba\u011fl\u0131 texniki m\u00fczakir\u0259l\u0259r apar\u0131l\u0131r\u201d.\n<\/p>\n<p>\n  O \u0259lav\u0259 edib ki, \u0130ran prezidenti H\u0259s\u0259n Rohani v\u0259 onun fransal\u0131 h\u0259mkar\u0131 Emmanuel Makron aras\u0131nda m\u00fcsb\u0259t telefon dan\u0131\u015f\u0131\u011f\u0131na baxmayaraq, dig\u0259r Avropa \u00f6lk\u0259l\u0259ri sentyabr\u0131n 6-d\u0259k yeni \u015f\u0259rtl\u0259r t\u0259klif etm\u0259s\u0259, Tehran sazi\u015fd\u0259n geri add\u0131m atacaq.\n<\/p>\n<p>\n  \u0130ran n\u00fcv\u0259 \u00f6hd\u0259likl\u0259rini daha da azaltmaq \u00fc\u00e7\u00fcn 6 sentyabr tarixini \u00f6z\u00fc t\u0259yin edib.\n<\/p>\n<p>\n  \u0130ran-Rusiya iqtisadi komissiyas\u0131n\u0131n r\u0259hb\u0259ri kimi \u0130ran\u0131n Enerji naziri Reza Ardakanian\u0131n daxil oldu\u011fu n\u00fcmay\u0259nd\u0259 hey\u0259tin\u0259 r\u0259hb\u0259rlik ed\u0259n Z\u0259rif deyib ki, o, rusiyal\u0131 h\u0259mkar\u0131yla ikit\u0259r\u0259fli \u0259laq\u0259l\u0259ri, regional probleml\u0259ri, o c\u00fcml\u0259d\u0259n Suriya v\u0259 \u018ffqan\u0131standak\u0131 probleml\u0259ri, h\u0259m\u00e7inin 2015-ci il n\u00fcv\u0259 sazi\u015fin\u0259 dair son geli\u015fm\u0259l\u0259ri m\u00fczakir\u0259 ed\u0259c\u0259k.\n<\/p>\n<p>\n  \u201cRusiya h\u00f6kum\u0259ti \u00e7\u0259tin g\u00fcnl\u0259rd\u0259 \u0130ran \u0130slam Respublikas\u0131 il\u0259 bir yerd\u0259 olub v\u0259 biz \u00e7\u0259tin anlarda yan\u0131m\u0131zda olan dostlar\u0131m\u0131za f\u0259rqli m\u00fcnasib\u0259t g\u00f6st\u0259r\u0259c\u0259yik,\u201d &#8211; Z\u0259rif sentyabr\u0131n 2-d\u0259 Moskvada jurnalistl\u0259r\u0259 m\u00fcsahib\u0259sind\u0259 deyib.\n<\/p>\n<p>\n  G\u00fcnd\u0259md\u0259ki dig\u0259r m\u00f6vzular\u0131n Suriya, \u018ffqan\u0131stan, Y\u0259m\u0259n v\u0259 ticari-iqtisadi \u0259m\u0259kda\u015fl\u0131\u011f\u0131n geni\u015fl\u0259ndirilm\u0259si olmas\u0131 g\u00f6zl\u0259nilir.\n<\/p>\n<p>\n  2015-ci ild\u0259 imzalanan m\u00fcqavil\u0259nin qalan be\u015f i\u015ftirak\u00e7\u0131s\u0131ndan biri olan Moskva AB\u015e-\u0131 t\u0259mkinli olma\u011fa \u00e7a\u011f\u0131r\u0131b.\n<\/p>\n<p>\n  Sazi\u015fd\u0259n \u00e7\u0131xd\u0131qdan sonra AB\u015e Prezidenti Donald Tramp \u0130rana qar\u015f\u0131 sanksiyalar\u0131 art\u0131r\u0131b. Bundan \u0259lav\u0259 o, g\u0259mil\u0259rin ke\u00e7idini qorumaq \u00fc\u00e7\u00fcn beyn\u0259lxalq d\u0259niz patrulunun \u0130ran yax\u0131nl\u0131\u011f\u0131ndak\u0131 sulara g\u00f6nd\u0259rilm\u0259sini \u0259mr edib.\n<\/p>\n<p>\n  AB\u015e son olaraq \u0130ran\u0131 beyn\u0259lxalq g\u0259mil\u0259r\u0259 edil\u0259n h\u00fccumlarda, b\u00f6lg\u0259d\u0259ki v\u0259 qlobal g\u0259mi s\u0259nayesin\u0259 t\u0259sir ed\u0259n ingilis tankerin \u0259l\u0259 ke\u00e7irilm\u0259si hadis\u0259sind\u0259 ittiham edir.\n<\/p>\n<p>\n  Z\u0259rif 2015-ci ild\u0259 dan\u0131\u015f\u0131qlarda \u0130ran\u0131 t\u0259msil ed\u0259n \u0259sas siyasi fiqur olub.\n<\/p>\n<p>\n  Bununla birlikd\u0259 \u0130ran sazi\u015f \u00e7\u0259r\u00e7iv\u0259sind\u0259 b\u0259zi \u00f6hd\u0259likl\u0259rini azaltma\u011fa ba\u015flay\u0131b. Tehran dig\u0259r m\u00fcqavil\u0259 t\u0259r\u0259fl\u0259rini, o c\u00fcml\u0259d\u0259n \u0130ngilt\u0259r\u0259, Fransa, Almaniya, Rusiya v\u0259 \u00c7ini \u0130rana AB\u015e sanksiyalar\u0131ndan t\u0259sirsiz \u00f6t\u00fc\u015fm\u0259k \u00fc\u00e7\u00fcn k\u00f6m\u0259k etm\u0259y\u0259 \u00e7a\u011f\u0131r\u0131b.\n<\/p>\n<p>\n  Tramp m\u00fcqavil\u0259nin \u015f\u0259rtl\u0259rinin \u0130ran\u0131n n\u00fcv\u0259 silah\u0131n\u0131n inki\u015faf\u0131na mane olmaq \u00fc\u00e7\u00fcn kifay\u0259t q\u0259d\u0259r s\u0259rt olmad\u0131\u011f\u0131n\u0131 v\u0259 \u0130ran\u0131n raket proqram\u0131 v\u0259 ya b\u00f6lg\u0259d\u0259ki silahl\u0131 qruplar\u0131 d\u0259st\u0259kl\u0259diyini n\u0259z\u0259r\u0259 almad\u0131\u011f\u0131n\u0131 deyib.\n<\/p>\n<p>\n  \u0130ran b\u00f6lg\u0259d\u0259 f\u0259aliyy\u0259t g\u00f6st\u0259r\u0259n \u00fcsyan\u00e7\u0131lar\u0131 d\u0259st\u0259kl\u0259diyini r\u0259dd edib v\u0259 n\u00fcv\u0259 proqram\u0131n\u0131n sad\u0259c\u0259 sivil enerji maraqlar\u0131na x\u00fcdm\u0259t etdiyini bildirib.\n<\/p>\n<p>\n  \u0130ran\u0131n xarici i\u015fl\u0259r nazirinin m\u00fcavini Abbas Ara\u011f\u00e7\u0131 2015-ci il n\u00fcv\u0259 raz\u0131la\u015fmas\u0131n\u0131n qorunmas\u0131na y\u00f6n\u0259lmi\u015f t\u0259klifl\u0259ri m\u00fczakir\u0259 etm\u0259k \u00fc\u00e7\u00fcn sentyabr\u0131n 2-d\u0259 Fransaya s\u0259f\u0259r edir.\n<\/p>\n<p>\n  Lavrovla Z\u0259rif sonuncu d\u0259f\u0259 may ay\u0131nda Rusiyan\u0131n \u0130kinci D\u00fcnya M\u00fcharib\u0259si zaman\u0131 Nasist Almaniyas\u0131n\u0131 m\u0259\u011flubiyy\u0259t\u0259 u\u011fratmas\u0131n\u0131 qeyd ed\u0259rk\u0259n g\u00f6r\u00fc\u015f\u00fcbl\u0259r.<\/p>\n","protected":false},"excerpt":{"rendered":"<p>2015-ci ild\u0259 imzalanan m\u00fcqavil\u0259nin qalan be\u015f i\u015ftirak\u00e7\u0131s\u0131ndan biri olan Moskva AB\u015e-\u0131 t\u0259mkinli olma\u011fa \u00e7a\u011f\u0131r\u0131b.<\/p>\n","protected":false},"author":11,"featured_media":118928,"comment_status":"closed","ping_status":"open","sticky":false,"template":"","format":"standard","meta":{"_acf_changed":false,"_sitemap_exclude":false,"_sitemap_priority":"","_sitemap_frequency":"","footnotes":""},"categories":[64],"tags":[],"class_list":["post-196802","post","type-post","status-publish","format-standard","has-post-thumbnail","hentry","category-dunya","infinite-scroll-item","generate-columns","tablet-grid-50","mobile-grid-100","grid-parent","grid-33","no-featured-image-padding"],"acf":[],"yoast_head":"<!-- This site is optimized with the Yoast SEO plugin v27.5 - https:\/\/yoast.com\/product\/yoast-seo-wordpress\/ -->\n<title>\u0130ran n\u00fcv\u0259 sazi\u015find\u0259n ayr\u0131laca\u011f\u0131yla ba\u011fl\u0131 x\u0259b\u0259rdarl\u0131q edib - MEYDAN.TV<\/title>\n<meta name=\"robots\" content=\"index, follow, max-snippet:-1, max-image-preview:large, max-video-preview:-1\" \/>\n<link rel=\"canonical\" href=\"https:\/\/www.meydan.tv\/az\/article\/iran-nuve-sazisinden-ayrilacagiyla-bagli-xeberdarliq-edib\/\" \/>\n<meta property=\"og:locale\" content=\"az_AZ\" \/>\n<meta property=\"og:type\" content=\"article\" \/>\n<meta property=\"og:title\" content=\"\u0130ran n\u00fcv\u0259 sazi\u015find\u0259n ayr\u0131laca\u011f\u0131yla ba\u011fl\u0131 x\u0259b\u0259rdarl\u0131q edib - MEYDAN.TV\" \/>\n<meta property=\"og:description\" content=\"2015-ci ild\u0259 imzalanan m\u00fcqavil\u0259nin qalan be\u015f i\u015ftirak\u00e7\u0131s\u0131ndan biri olan Moskva AB\u015e-\u0131 t\u0259mkinli olma\u011fa \u00e7a\u011f\u0131r\u0131b.\" \/>\n<meta property=\"og:url\" content=\"https:\/\/www.meydan.tv\/az\/article\/iran-nuve-sazisinden-ayrilacagiyla-bagli-xeberdarliq-edib\/\" \/>\n<meta property=\"og:site_name\" content=\"MEYDAN.TV\" \/>\n<meta property=\"article:published_time\" content=\"2019-09-02T15:26:27+00:00\" \/>\n<meta property=\"og:image\" content=\"https:\/\/www.meydan.tv\/wp-content\/uploads\/3f091bedf0b144e280368404aab31385_18.jpg\" \/>\n\t<meta property=\"og:image:width\" content=\"1000\" \/>\n\t<meta property=\"og:image:height\" content=\"562\" \/>\n\t<meta property=\"og:image:type\" content=\"image\/jpeg\" \/>\n<meta name=\"author\" content=\"user-manager\" \/>\n<meta name=\"twitter:card\" content=\"summary_large_image\" \/>\n<script type=\"application\/ld+json\" class=\"yoast-schema-graph\">{\"@context\":\"https:\\\/\\\/schema.org\",\"@graph\":[{\"@type\":\"Article\",\"@id\":\"https:\\\/\\\/www.meydan.tv\\\/az\\\/article\\\/iran-nuve-sazisinden-ayrilacagiyla-bagli-xeberdarliq-edib\\\/#article\",\"isPartOf\":{\"@id\":\"https:\\\/\\\/www.meydan.tv\\\/az\\\/article\\\/iran-nuve-sazisinden-ayrilacagiyla-bagli-xeberdarliq-edib\\\/\"},\"author\":{\"name\":\"user-manager\",\"@id\":\"https:\\\/\\\/www.meydan.tv\\\/az\\\/#\\\/schema\\\/person\\\/10d11eccf6da3662cf5fdab9806ea91a\"},\"headline\":\"\u0130ran n\u00fcv\u0259 sazi\u015find\u0259n ayr\u0131laca\u011f\u0131yla ba\u011fl\u0131 x\u0259b\u0259rdarl\u0131q edib\",\"datePublished\":\"2019-09-02T15:26:27+00:00\",\"mainEntityOfPage\":{\"@id\":\"https:\\\/\\\/www.meydan.tv\\\/az\\\/article\\\/iran-nuve-sazisinden-ayrilacagiyla-bagli-xeberdarliq-edib\\\/\"},\"wordCount\":741,\"publisher\":{\"@id\":\"https:\\\/\\\/www.meydan.tv\\\/az\\\/#organization\"},\"image\":{\"@id\":\"https:\\\/\\\/www.meydan.tv\\\/az\\\/article\\\/iran-nuve-sazisinden-ayrilacagiyla-bagli-xeberdarliq-edib\\\/#primaryimage\"},\"thumbnailUrl\":\"https:\\\/\\\/www.meydan.tv\\\/wp-content\\\/uploads\\\/3f091bedf0b144e280368404aab31385_18.jpg\",\"articleSection\":[\"D\u00fcnya\"],\"inLanguage\":\"az\"},{\"@type\":\"WebPage\",\"@id\":\"https:\\\/\\\/www.meydan.tv\\\/az\\\/article\\\/iran-nuve-sazisinden-ayrilacagiyla-bagli-xeberdarliq-edib\\\/\",\"url\":\"https:\\\/\\\/www.meydan.tv\\\/az\\\/article\\\/iran-nuve-sazisinden-ayrilacagiyla-bagli-xeberdarliq-edib\\\/\",\"name\":\"\u0130ran n\u00fcv\u0259 sazi\u015find\u0259n ayr\u0131laca\u011f\u0131yla ba\u011fl\u0131 x\u0259b\u0259rdarl\u0131q edib - MEYDAN.TV\",\"isPartOf\":{\"@id\":\"https:\\\/\\\/www.meydan.tv\\\/az\\\/#website\"},\"primaryImageOfPage\":{\"@id\":\"https:\\\/\\\/www.meydan.tv\\\/az\\\/article\\\/iran-nuve-sazisinden-ayrilacagiyla-bagli-xeberdarliq-edib\\\/#primaryimage\"},\"image\":{\"@id\":\"https:\\\/\\\/www.meydan.tv\\\/az\\\/article\\\/iran-nuve-sazisinden-ayrilacagiyla-bagli-xeberdarliq-edib\\\/#primaryimage\"},\"thumbnailUrl\":\"https:\\\/\\\/www.meydan.tv\\\/wp-content\\\/uploads\\\/3f091bedf0b144e280368404aab31385_18.jpg\",\"datePublished\":\"2019-09-02T15:26:27+00:00\",\"breadcrumb\":{\"@id\":\"https:\\\/\\\/www.meydan.tv\\\/az\\\/article\\\/iran-nuve-sazisinden-ayrilacagiyla-bagli-xeberdarliq-edib\\\/#breadcrumb\"},\"inLanguage\":\"az\",\"potentialAction\":[{\"@type\":\"ReadAction\",\"target\":[\"https:\\\/\\\/www.meydan.tv\\\/az\\\/article\\\/iran-nuve-sazisinden-ayrilacagiyla-bagli-xeberdarliq-edib\\\/\"]}]},{\"@type\":\"ImageObject\",\"inLanguage\":\"az\",\"@id\":\"https:\\\/\\\/www.meydan.tv\\\/az\\\/article\\\/iran-nuve-sazisinden-ayrilacagiyla-bagli-xeberdarliq-edib\\\/#primaryimage\",\"url\":\"https:\\\/\\\/www.meydan.tv\\\/wp-content\\\/uploads\\\/3f091bedf0b144e280368404aab31385_18.jpg\",\"contentUrl\":\"https:\\\/\\\/www.meydan.tv\\\/wp-content\\\/uploads\\\/3f091bedf0b144e280368404aab31385_18.jpg\",\"width\":1000,\"height\":562,\"caption\":\"Source: Aljazeera\"},{\"@type\":\"BreadcrumbList\",\"@id\":\"https:\\\/\\\/www.meydan.tv\\\/az\\\/article\\\/iran-nuve-sazisinden-ayrilacagiyla-bagli-xeberdarliq-edib\\\/#breadcrumb\",\"itemListElement\":[{\"@type\":\"ListItem\",\"position\":1,\"name\":\"Ana s\u0259hif\u0259\",\"item\":\"https:\\\/\\\/www.meydan.tv\\\/az\\\/\"},{\"@type\":\"ListItem\",\"position\":2,\"name\":\"D\u00fcnya\",\"item\":\"https:\\\/\\\/www.meydan.tv\\\/az\\\/section\\\/dunya\\\/\"},{\"@type\":\"ListItem\",\"position\":3,\"name\":\"\u0130ran n\u00fcv\u0259 sazi\u015find\u0259n ayr\u0131laca\u011f\u0131yla ba\u011fl\u0131 x\u0259b\u0259rdarl\u0131q edib\"}]},{\"@type\":\"WebSite\",\"@id\":\"https:\\\/\\\/www.meydan.tv\\\/az\\\/#website\",\"url\":\"https:\\\/\\\/www.meydan.tv\\\/az\\\/\",\"name\":\"MEYDAN.TV\",\"description\":\"Meydan TV Az\u0259rbaycan\u0131n media m\u0259kan\u0131ndak\u0131 alternativ s\u0259sidir\",\"publisher\":{\"@id\":\"https:\\\/\\\/www.meydan.tv\\\/az\\\/#organization\"},\"potentialAction\":[{\"@type\":\"SearchAction\",\"target\":{\"@type\":\"EntryPoint\",\"urlTemplate\":\"https:\\\/\\\/www.meydan.tv\\\/az\\\/?s={search_term_string}\"},\"query-input\":{\"@type\":\"PropertyValueSpecification\",\"valueRequired\":true,\"valueName\":\"search_term_string\"}}],\"inLanguage\":\"az\"},{\"@type\":\"Organization\",\"@id\":\"https:\\\/\\\/www.meydan.tv\\\/az\\\/#organization\",\"name\":\"Meydan TV\",\"url\":\"https:\\\/\\\/www.meydan.tv\\\/az\\\/\",\"logo\":{\"@type\":\"ImageObject\",\"inLanguage\":\"az\",\"@id\":\"https:\\\/\\\/www.meydan.tv\\\/az\\\/#\\\/schema\\\/logo\\\/image\\\/\",\"url\":\"https:\\\/\\\/www.meydan.tv\\\/wp-content\\\/uploads\\\/2021\\\/07\\\/meydan-logo.svg\",\"contentUrl\":\"https:\\\/\\\/www.meydan.tv\\\/wp-content\\\/uploads\\\/2021\\\/07\\\/meydan-logo.svg\",\"width\":195,\"height\":46,\"caption\":\"Meydan TV\"},\"image\":{\"@id\":\"https:\\\/\\\/www.meydan.tv\\\/az\\\/#\\\/schema\\\/logo\\\/image\\\/\"}},{\"@type\":\"Person\",\"@id\":\"https:\\\/\\\/www.meydan.tv\\\/az\\\/#\\\/schema\\\/person\\\/10d11eccf6da3662cf5fdab9806ea91a\",\"name\":\"user-manager\"}]}<\/script>\n<!-- \/ Yoast SEO plugin. -->","yoast_head_json":{"title":"\u0130ran n\u00fcv\u0259 sazi\u015find\u0259n ayr\u0131laca\u011f\u0131yla ba\u011fl\u0131 x\u0259b\u0259rdarl\u0131q edib - MEYDAN.TV","robots":{"index":"index","follow":"follow","max-snippet":"max-snippet:-1","max-image-preview":"max-image-preview:large","max-video-preview":"max-video-preview:-1"},"canonical":"https:\/\/www.meydan.tv\/az\/article\/iran-nuve-sazisinden-ayrilacagiyla-bagli-xeberdarliq-edib\/","og_locale":"az_AZ","og_type":"article","og_title":"\u0130ran n\u00fcv\u0259 sazi\u015find\u0259n ayr\u0131laca\u011f\u0131yla ba\u011fl\u0131 x\u0259b\u0259rdarl\u0131q edib - MEYDAN.TV","og_description":"2015-ci ild\u0259 imzalanan m\u00fcqavil\u0259nin qalan be\u015f i\u015ftirak\u00e7\u0131s\u0131ndan biri olan Moskva AB\u015e-\u0131 t\u0259mkinli olma\u011fa \u00e7a\u011f\u0131r\u0131b.","og_url":"https:\/\/www.meydan.tv\/az\/article\/iran-nuve-sazisinden-ayrilacagiyla-bagli-xeberdarliq-edib\/","og_site_name":"MEYDAN.TV","article_published_time":"2019-09-02T15:26:27+00:00","og_image":[{"width":1000,"height":562,"url":"https:\/\/www.meydan.tv\/wp-content\/uploads\/3f091bedf0b144e280368404aab31385_18.jpg","type":"image\/jpeg"}],"author":"user-manager","twitter_card":"summary_large_image","schema":{"@context":"https:\/\/schema.org","@graph":[{"@type":"Article","@id":"https:\/\/www.meydan.tv\/az\/article\/iran-nuve-sazisinden-ayrilacagiyla-bagli-xeberdarliq-edib\/#article","isPartOf":{"@id":"https:\/\/www.meydan.tv\/az\/article\/iran-nuve-sazisinden-ayrilacagiyla-bagli-xeberdarliq-edib\/"},"author":{"name":"user-manager","@id":"https:\/\/www.meydan.tv\/az\/#\/schema\/person\/10d11eccf6da3662cf5fdab9806ea91a"},"headline":"\u0130ran n\u00fcv\u0259 sazi\u015find\u0259n ayr\u0131laca\u011f\u0131yla ba\u011fl\u0131 x\u0259b\u0259rdarl\u0131q edib","datePublished":"2019-09-02T15:26:27+00:00","mainEntityOfPage":{"@id":"https:\/\/www.meydan.tv\/az\/article\/iran-nuve-sazisinden-ayrilacagiyla-bagli-xeberdarliq-edib\/"},"wordCount":741,"publisher":{"@id":"https:\/\/www.meydan.tv\/az\/#organization"},"image":{"@id":"https:\/\/www.meydan.tv\/az\/article\/iran-nuve-sazisinden-ayrilacagiyla-bagli-xeberdarliq-edib\/#primaryimage"},"thumbnailUrl":"https:\/\/www.meydan.tv\/wp-content\/uploads\/3f091bedf0b144e280368404aab31385_18.jpg","articleSection":["D\u00fcnya"],"inLanguage":"az"},{"@type":"WebPage","@id":"https:\/\/www.meydan.tv\/az\/article\/iran-nuve-sazisinden-ayrilacagiyla-bagli-xeberdarliq-edib\/","url":"https:\/\/www.meydan.tv\/az\/article\/iran-nuve-sazisinden-ayrilacagiyla-bagli-xeberdarliq-edib\/","name":"\u0130ran n\u00fcv\u0259 sazi\u015find\u0259n ayr\u0131laca\u011f\u0131yla ba\u011fl\u0131 x\u0259b\u0259rdarl\u0131q edib - MEYDAN.TV","isPartOf":{"@id":"https:\/\/www.meydan.tv\/az\/#website"},"primaryImageOfPage":{"@id":"https:\/\/www.meydan.tv\/az\/article\/iran-nuve-sazisinden-ayrilacagiyla-bagli-xeberdarliq-edib\/#primaryimage"},"image":{"@id":"https:\/\/www.meydan.tv\/az\/article\/iran-nuve-sazisinden-ayrilacagiyla-bagli-xeberdarliq-edib\/#primaryimage"},"thumbnailUrl":"https:\/\/www.meydan.tv\/wp-content\/uploads\/3f091bedf0b144e280368404aab31385_18.jpg","datePublished":"2019-09-02T15:26:27+00:00","breadcrumb":{"@id":"https:\/\/www.meydan.tv\/az\/article\/iran-nuve-sazisinden-ayrilacagiyla-bagli-xeberdarliq-edib\/#breadcrumb"},"inLanguage":"az","potentialAction":[{"@type":"ReadAction","target":["https:\/\/www.meydan.tv\/az\/article\/iran-nuve-sazisinden-ayrilacagiyla-bagli-xeberdarliq-edib\/"]}]},{"@type":"ImageObject","inLanguage":"az","@id":"https:\/\/www.meydan.tv\/az\/article\/iran-nuve-sazisinden-ayrilacagiyla-bagli-xeberdarliq-edib\/#primaryimage","url":"https:\/\/www.meydan.tv\/wp-content\/uploads\/3f091bedf0b144e280368404aab31385_18.jpg","contentUrl":"https:\/\/www.meydan.tv\/wp-content\/uploads\/3f091bedf0b144e280368404aab31385_18.jpg","width":1000,"height":562,"caption":"Source: Aljazeera"},{"@type":"BreadcrumbList","@id":"https:\/\/www.meydan.tv\/az\/article\/iran-nuve-sazisinden-ayrilacagiyla-bagli-xeberdarliq-edib\/#breadcrumb","itemListElement":[{"@type":"ListItem","position":1,"name":"Ana s\u0259hif\u0259","item":"https:\/\/www.meydan.tv\/az\/"},{"@type":"ListItem","position":2,"name":"D\u00fcnya","item":"https:\/\/www.meydan.tv\/az\/section\/dunya\/"},{"@type":"ListItem","position":3,"name":"\u0130ran n\u00fcv\u0259 sazi\u015find\u0259n ayr\u0131laca\u011f\u0131yla ba\u011fl\u0131 x\u0259b\u0259rdarl\u0131q edib"}]},{"@type":"WebSite","@id":"https:\/\/www.meydan.tv\/az\/#website","url":"https:\/\/www.meydan.tv\/az\/","name":"MEYDAN.TV","description":"Meydan TV Az\u0259rbaycan\u0131n media m\u0259kan\u0131ndak\u0131 alternativ s\u0259sidir","publisher":{"@id":"https:\/\/www.meydan.tv\/az\/#organization"},"potentialAction":[{"@type":"SearchAction","target":{"@type":"EntryPoint","urlTemplate":"https:\/\/www.meydan.tv\/az\/?s={search_term_string}"},"query-input":{"@type":"PropertyValueSpecification","valueRequired":true,"valueName":"search_term_string"}}],"inLanguage":"az"},{"@type":"Organization","@id":"https:\/\/www.meydan.tv\/az\/#organization","name":"Meydan TV","url":"https:\/\/www.meydan.tv\/az\/","logo":{"@type":"ImageObject","inLanguage":"az","@id":"https:\/\/www.meydan.tv\/az\/#\/schema\/logo\/image\/","url":"https:\/\/www.meydan.tv\/wp-content\/uploads\/2021\/07\/meydan-logo.svg","contentUrl":"https:\/\/www.meydan.tv\/wp-content\/uploads\/2021\/07\/meydan-logo.svg","width":195,"height":46,"caption":"Meydan TV"},"image":{"@id":"https:\/\/www.meydan.tv\/az\/#\/schema\/logo\/image\/"}},{"@type":"Person","@id":"https:\/\/www.meydan.tv\/az\/#\/schema\/person\/10d11eccf6da3662cf5fdab9806ea91a","name":"user-manager"}]}},"_links":{"self":[{"href":"https:\/\/www.meydan.tv\/az\/wp-json\/wp\/v2\/posts\/196802","targetHints":{"allow":["GET"]}}],"collection":[{"href":"https:\/\/www.meydan.tv\/az\/wp-json\/wp\/v2\/posts"}],"about":[{"href":"https:\/\/www.meydan.tv\/az\/wp-json\/wp\/v2\/types\/post"}],"author":[{"embeddable":true,"href":"https:\/\/www.meydan.tv\/az\/wp-json\/wp\/v2\/users\/11"}],"replies":[{"embeddable":true,"href":"https:\/\/www.meydan.tv\/az\/wp-json\/wp\/v2\/comments?post=196802"}],"version-history":[{"count":0,"href":"https:\/\/www.meydan.tv\/az\/wp-json\/wp\/v2\/posts\/196802\/revisions"}],"wp:featuredmedia":[{"embeddable":true,"href":"https:\/\/www.meydan.tv\/az\/wp-json\/wp\/v2\/media\/118928"}],"wp:attachment":[{"href":"https:\/\/www.meydan.tv\/az\/wp-json\/wp\/v2\/media?parent=196802"}],"wp:term":[{"taxonomy":"category","embeddable":true,"href":"https:\/\/www.meydan.tv\/az\/wp-json\/wp\/v2\/categories?post=196802"},{"taxonomy":"post_tag","embeddable":true,"href":"https:\/\/www.meydan.tv\/az\/wp-json\/wp\/v2\/tags?post=196802"}],"curies":[{"name":"wp","href":"https:\/\/api.w.org\/{rel}","templated":true}]}}