{"id":196801,"date":"2019-09-02T12:35:38","date_gmt":"2019-09-02T12:35:38","guid":{"rendered":"https:\/\/www.meydan.tv\/article\/goycay-sakini-birinci-qrup-gozden-elil-yerli-icra-hakimiyyeti-terefinden-aldadilir\/"},"modified":"2019-09-02T12:35:38","modified_gmt":"2019-09-02T12:35:38","slug":"goycay-sakini-birinci-qrup-gozden-elil-yerli-icra-hakimiyyeti-terefinden-aldadilir","status":"publish","type":"post","link":"https:\/\/www.meydan.tv\/az\/article\/goycay-sakini-birinci-qrup-gozden-elil-yerli-icra-hakimiyyeti-terefinden-aldadilir\/","title":{"rendered":"G\u00f6y\u00e7ay sakini: Birinci qrup g\u00f6zd\u0259n \u0259lil yerli icra hakimiyy\u0259ti t\u0259r\u0259find\u0259n aldad\u0131l\u0131r"},"content":{"rendered":"<p>\n  <i><br \/>\n    \u201cG\u00f6z\u00fc g\u00f6rm\u0259y\u0259n adam tualetd\u0259n \u00f6tr\u00fc qon\u015fuya ged\u0259r?\u201d<br \/>\n  <\/i>\n<\/p>\n<p>\n  G\u00f6y\u00e7ay \u015f\u0259h\u0259r sakini, M\u0259h\u0259mm\u0259d\u0259min R\u0259sulzad\u0259 k\u00fc\u00e7\u0259si, ev 44 \u00fcnvan\u0131nda ya\u015fayan birinci qrup g\u00f6zd\u0259n \u0259lil F\u00fczuli M\u0259mm\u0259dov C\u0259lal o\u011flu yerli icra hakimiyy\u0259ti t\u0259r\u0259find\u0259n aldad\u0131ld\u0131\u011f\u0131n\u0131 bildirir.\n<\/p>\n<p>\n  \u015eikay\u0259t\u00e7inin o\u011flu Nurlan M\u0259mm\u0259dov Meydan TV-y\u0259 deyir ki, atas\u0131 ilk d\u0259f\u0259 2017-ci ild\u0259 evl\u0259rinin ya\u015fay\u0131\u015f \u00fc\u00e7\u00fcn yarars\u0131z olmas\u0131 il\u0259 \u0259laq\u0259dar G\u00f6y\u00e7ay Rayon \u0130cra Hakimiyy\u0259tin\u0259 m\u00fcraci\u0259t edib:\n<\/p>\n<p>\n  \u201cKi\u015fi o vaxt d\u00fcz iki d\u0259f\u0259 getdi, amma ba\u015f\u00e7\u0131 il\u0259 g\u00f6r\u00fc\u015f\u0259 bilm\u0259di. M\u00fcavinl\u0259 g\u00f6r\u00fc\u015fd\u00fcr\u00fcbl\u0259r, o da dikba\u015f\u0131n biridir. Atama deyib ki, bizd\u0259 pul yoxdur, v\u0259t\u0259nda\u015fa ev tik\u0259k.\n<\/p>\n<p>\n  Bu il mart\u0131n 15-d\u0259 evin v\u0259ziyy\u0259ti il\u0259 ba\u011fl\u0131 Prezident \u0130lham \u018fliyev\u0259 v\u0259 xan\u0131m\u0131, Birinci-vitse prezident Mehriban \u018fliyevaya m\u0259ktub yazd\u0131q. Bir m\u00fcdd\u0259t sonra \u0130cra Hakimiyy\u0259tind\u0259n n\u00fcmay\u0259nd\u0259l\u0259r g\u0259ldi. Memarl\u0131q v\u0259 tikinti \u015f\u00f6b\u0259sinin b\u00f6y\u00fck m\u0259sl\u0259h\u0259t\u00e7isi Kamil Qas\u0131movla h\u00fcquq \u015f\u00f6b\u0259sinin m\u00fcdiri Samir X\u0259lilov ev\u0259 birg\u0259 bax\u0131\u015f ke\u00e7irdi.\n<\/p>\n<p>\n  Kamil Qas\u0131mov baxd\u0131, qay\u0131td\u0131 ki, ev yax\u015f\u0131 v\u0259ziyy\u0259td\u0259dir. M\u0259n d\u0259 cavab\u0131nda dedim ki, yax\u015f\u0131 v\u0259ziyy\u0259td\u0259dirs\u0259, onda \u00e7\u0259kili\u015f ed\u0259k, b\u00fct\u00fcn bu s\u00f6yl\u0259dikl\u0259rini kamera qar\u015f\u0131s\u0131nda de. Bel\u0259 dem\u0259yimd\u0259n sonra ba\u015flad\u0131 ki, \u0259slind\u0259, haql\u0131san, ev b\u0259rbad durumdad\u0131r. Onlara evi g\u00f6st\u0259rdim, dedim ki, bizd\u0259 hamam-tualet yoxdur. Birinci qrup g\u00f6zd\u0259n \u0259lil, hamam-tualet\u0259 qon\u015funun qap\u0131s\u0131na gedir, bu biab\u0131r\u00e7\u0131l\u0131qd\u0131r. G\u00f6z\u00fc g\u00f6rm\u0259y\u0259n adam tualetd\u0259n \u00f6tr\u00fc qon\u015fuya ged\u0259r? Dam \u00f6rt\u00fcy\u00fc yox d\u0259r\u0259c\u0259sind\u0259dir. Divarlar, tavan, d\u00f6\u015f\u0259m\u0259 b\u0259rbad g\u00fcnd\u0259dirs\u0259, daha n\u0259 qald\u0131? Kamil d\u0259 dedi ki, d\u00fcz deyirs\u0259n, siz\u0259 m\u00fctl\u0259q yard\u0131m olunmal\u0131d\u0131r. M\u0259niml\u0259 raz\u0131la\u015f\u0131b, getdi. Bir m\u00fcdd\u0259t sonra \u0130H-d\u0259n m\u0259ktub g\u0259ldi ki, sizin ev\u0259 bax\u0131\u015f ke\u00e7irilib. Ev \u00e7oxdand\u0131r t\u0259mir olunmay\u0131b dey\u0259 k\u00f6hn\u0259lib, amma ya\u015fay\u0131\u015f \u00fc\u00e7\u00fcn he\u00e7 bir problemi yoxdur. Evin h\u0259r an u\u00e7ma t\u0259hl\u00fck\u0259si oldu\u011fu halda, yalandan yaz\u0131b ki, k\u00f6hn\u0259dir, bir-iki \u00e7at var, v\u0259ssalam. Camaat\u0131n malikan\u0259sind\u0259 d\u0259 \u00e7at var d\u0259. G\u0259lir, yalandan v\u0259d verir, bizi aldad\u0131r ki, b\u0259s d\u00fcz deyirsiz, ev\u0259 t\u0259mir d\u00fc\u015f\u00fcr, yarars\u0131z v\u0259ziyy\u0259td\u0259dir. Gedir, sonra da biz\u0259 v\u0259 prezident\u0259 m\u0259ktub g\u00f6nd\u0259rir ki, guya evd\u0259 problem yoxdur. H\u0259min m\u0259ktubu yuxar\u0131ya g\u00f6nd\u0259r\u0259nd\u0259, \u0259lb\u0259tt\u0259, biz\u0259 he\u00e7 kim yard\u0131m etm\u0259y\u0259c\u0259k, ev problemin\u0259 baxmayacaq. Ax\u0131, s\u0259nin borcun problemi nec\u0259 varsa, el\u0259 d\u0259 yaz\u0131b, yuxar\u0131lara g\u00f6nd\u0259rm\u0259kdir. M\u0259ktubda deyilir ki, h\u0259r bir v\u0259t\u0259nda\u015f evini \u015f\u0259xs\u0259n \u00f6z\u00fc tikm\u0259lidir. Raz\u0131yam, sizd\u0259n ev ist\u0259s\u0259m, bu s\u00f6zl\u0259ri m\u0259n\u0259 dey\u0259 bil\u0259rsiniz. Amma birinci qrup g\u00f6zd\u0259n \u0259lil\u0259 dey\u0259 bilm\u0259zs\u0259n ki, evini \u00f6z\u00fcn tik. Bunlar deyirl\u0259r ki, qanunda birinci qrup g\u00f6zd\u0259n \u0259lill\u0259ri evl\u0259 t\u0259min etm\u0259k kimi bir \u015fey yoxdur. 2015-ci il dekabr\u0131n 25-d\u0259 Bak\u0131da 132 n\u0259f\u0259r birinci qrup g\u00f6zd\u0259n \u0259lil\u0259 m\u0259nzil tikilib verilib. Yax\u015f\u0131, birinci qrup \u0259lil yarars\u0131z evd\u0259 ya\u015fayanda da ona m\u0259nzil d\u00fc\u015fm\u00fcr?\u201d.\n<\/p>\n<figure class=\"wp-block-image size-large\">\n  <img decoding=\"async\" src=\"https:\/\/www.meydan.tv\/az\/image_from_ios-5-jpg-39\/\" alt=\"image_from_ios (5).jpg\" class=\"wp-image-129002\"\/><figcaption>\n    Memarl\u0131q v\u0259 tikinti \u015f\u00f6b\u0259sinin b\u00f6y\u00fck m\u0259sl\u0259h\u0259t\u00e7isi Kamil Qas\u0131mov baxd\u0131, qay\u0131td\u0131 ki, ev yax\u015f\u0131 v\u0259ziyy\u0259td\u0259dir.<br \/>\n  <\/figcaption><\/figure>\n<p>\n  Nurlan M\u0259mm\u0259dov s\u00f6yl\u0259yir ki, Birinci vitse-prezident Mehriban \u018fliyevaya \u00fcnvanlanan \u015fikay\u0259t m\u0259ktubundan sonra yenid\u0259n yerli icra hakimiyy\u0259tind\u0259n n\u00fcmay\u0259nd\u0259l\u0259r g\u0259lib:\n<\/p>\n<p>\n  \u201cOnlardan biri ba\u015flay\u0131b ki, g\u0259lin, sizi birinci qrup g\u00f6zd\u0259n \u0259lill\u0259rin g\u00fcz\u0259\u015ftli m\u0259nzil siyah\u0131s\u0131na salaq. M\u0259n d\u0259 dedim ki, 1981-ci ild\u0259n ev n\u00f6vb\u0259sind\u0259 g\u00f6zl\u0259y\u0259n adamlar var. Bu ev is\u0259 h\u0259r an u\u00e7ma t\u0259hl\u00fck\u0259si il\u0259 \u00fcz-\u00fcz\u0259dir. M\u0259n cavanam, 25 ya\u015f\u0131m var, problem yoxdur, ev u\u00e7sa, harada g\u0259ldi, ba\u015f\u0131m\u0131 soxub qalaca\u011fam. \u0130nsaf da yax\u015f\u0131 \u015feydir ax\u0131, bu insan h\u0259tta i\u015f\u0131\u011f\u0131 bel\u0259 se\u00e7mir. G\u00f6zl\u0259ri 1990-c\u0131 ild\u0259n tamamil\u0259 tutulub. \u018flind\u0259n yap\u0131\u015fmasaq, he\u00e7 bir yer\u0259 ged\u0259 bilmir. Yaln\u0131z evin i\u00e7ind\u0259 h\u0259r\u0259k\u0259t ed\u0259 bilir. Atam y\u00fcks\u0259k t\u0259zyiq v\u0259 q\u0131zd\u0131rma il\u0259 do\u011fulubmu\u015f. Sonradan da g\u00f6z\u00fc \u00e7ox z\u0259if olub, eyn\u0259k tax\u0131rm\u0131\u015f. 1983-c\u00fc ild\u0259 ikinci qrup \u0259lil idi. 1990-c\u0131 ild\u0259n is\u0259 g\u00f6z\u00fc tamamil\u0259 tutuldu, birinci qrup \u0259lil oldu. B\u00f6y\u00fck qarda\u015f\u0131m 1989, bac\u0131m 1991, m\u0259n is\u0259 1994-c\u00fc il t\u0259v\u0259ll\u00fcdl\u00fcy\u0259m. Bu insan n\u0259 bac\u0131m\u0131n \u00fcz\u00fcn\u00fc g\u00f6r\u00fcb, n\u0259 d\u0259 ki, m\u0259nim\u201d.\n<\/p>\n<p>\n  \u201c\u018fg\u0259r ev problemimiz h\u0259ll olunmasa, valideyl\u0259rimi d\u0259 g\u00f6t\u00fcr\u00fcb, ged\u0259c\u0259y\u0259m, \u00f6lk\u0259 v\u0259t\u0259nda\u015fl\u0131\u011f\u0131ndan imtina ed\u0259c\u0259y\u0259m\u201d, &#8211; Nurlan M\u0259mm\u0259dov deyir:\n<\/p>\n<p>\n  \u201c\u018fg\u0259r bunlar v\u0259t\u0259nda\u015flar\u0131na sahib \u00e7\u0131xm\u0131rlarsa, gedim ba\u015fqa \u00f6lk\u0259y\u0259. D\u00f6z\u0259 bilmirik, adam\u0131 n\u0259 q\u0259d\u0259r aldadarlar? Gec\u0259l\u0259r \u0259s\u0259bd\u0259n yata bilmir\u0259m. Yax\u015f\u0131, m\u0259ni aldatd\u0131lar, bo\u015f verdim. Amma atam\u0131 aldadanda bunu q\u0259bul ed\u0259 bilmir\u0259m. Ki\u015fiy\u0259 deyirl\u0259r ki, biz qeyd ed\u0259c\u0259yik ki, sizin eviniz yarars\u0131zd\u0131r, o da sevinir, h\u0259v\u0259sl\u0259nir. \u0130ki-\u00fc\u00e7 g\u00fcnd\u0259n sonra ev\u0259 m\u0259ktub g\u00f6nd\u0259rirl\u0259r ki, evinizd\u0259 he\u00e7 bir problem yoxdur. M\u0259ktubu atama oxuyuram, g\u00f6r\u00fcr\u0259m ki, ki\u015fi nec\u0259 \u0259s\u0259bl\u0259\u015fir, \u015f\u0259k\u0259r adamd\u0131r, olmaz ax\u0131.\n<\/p>\n<p>\n  Guya biz neft-qaz \u00f6lk\u0259sind\u0259 ya\u015fay\u0131r\u0131q, g\u00fcnd\u0259n-g\u00fcn\u0259 inki\u015faf edirik. Ba\u015f\u0131ma u\u00e7an xarabaxana evd\u0259 ya\u015fay\u0131ramsa, sizin inki\u015faf\u0131n\u0131z n\u0259yim\u0259 laz\u0131md\u0131r? Park\u0131 \u0259lli d\u0259f\u0259 s\u00f6k\u00fcb-tiksinl\u0259r, n\u0259yim\u0259 g\u0259r\u0259kdir? M\u0259n bu c\u00fcr evd\u0259 ya\u015fayandan sonra park\u0131 neynir\u0259m? Gedib o park\u0131 iki saat g\u0259z\u0259nd\u0259n sonra yen\u0259 d\u0259 bu xarabaya girir\u0259m d\u0259. Qar\u015f\u0131dan pay\u0131z g\u0259lir, evin h\u0259r h\u0259r yerind\u0259n damacaq. \u018flimizd\u0259 vedr\u0259, evin i\u00e7ind\u0259 ora-bura qa\u00e7ma\u011fa art\u0131q hal\u0131m\u0131z yoxdur.\n<\/p>\n<p>\n  \u018fsg\u0259rlik ya\u015f\u0131m \u00e7atanda, dir\u0259ndil\u0259r qap\u0131ma, tutub qolumdan apard\u0131lar. V\u0259t\u0259n\u0259 xidm\u0259timi etmi\u015f\u0259m. Aprel d\u00f6y\u00fc\u015fl\u0259rind\u0259 getdim, ad\u0131m\u0131 k\u00f6n\u00fcll\u00fc yazd\u0131rd\u0131m. Siz d\u0259 n\u0259 olar, g\u0259lin, biz\u0259 xidm\u0259tinizi g\u00f6st\u0259rin. Siz d\u0259 az\u0259rbaycanl\u0131 oldu\u011funuzu g\u00f6st\u0259rin. He\u00e7 bir \u015fikay\u0259t\u0259 baxm\u0131rlar, burada \u00f6zba\u015f\u0131nal\u0131qd\u0131r\u201d.\n<\/p>\n<figure class=\"wp-block-image size-large\">\n  <img decoding=\"async\" src=\"https:\/\/www.meydan.tv\/az\/image_from_ios-4-jpg-57\/\" alt=\"image_from_ios (4).jpg\" class=\"wp-image-128999\"\/><figcaption>\n    &#8220;M\u0259n bu c\u00fcr evd\u0259 ya\u015fayandan sonra park\u0131 neynir\u0259m?&#8221;<br \/>\n  <\/figcaption><\/figure>\n<p>\n  Nurlan M\u0259mm\u0259dov i\u015fsizlik problemind\u0259n d\u0259 dan\u0131\u015f\u0131r. Deyir ki, G\u00f6y\u00e7ay Rayon M\u0259\u015f\u011fulluq M\u0259rk\u0259zind\u0259 \u00fc\u00e7 il \u0259vv\u0259l qeydiyyata dayansa da, h\u0259l\u0259 d\u0259 g\u00f6zl\u0259yir, onu i\u015fl\u0259 t\u0259min etmirl\u0259r:\n<\/p>\n<p>\n  \u201c\u0130cradan ikinci d\u0259f\u0259 g\u0259l\u0259nd\u0259 \u015f\u0259xsiyy\u0259t v\u0259siq\u0259mi g\u00f6t\u00fcrd\u00fcl\u0259r ki, s\u0259ni G\u00f6y\u00e7ay Rayon Qaz-\u0130stismar \u0130dar\u0259sin\u0259 i\u015f\u0259 d\u00fcz\u0259ld\u0259c\u0259yik. \u015e\u0259xsiyy\u0259t v\u0259siq\u0259mi g\u00f6t\u00fcr\u00fcb, getdil\u0259r. \u00dcst\u00fcnd\u0259n bir m\u00fcdd\u0259t ke\u00e7\u0259nd\u0259n sonra dedil\u0259r ki, G\u00f6y\u00e7ay Rayon M\u0259\u015f\u011fulluq M\u0259rk\u0259zin\u0259 get. M\u0259rk\u0259zd\u0259 m\u0259n\u0259 dedil\u0259r ki, iki g\u00fcn bundan qabaq qeydiyyata al\u0131nm\u0131s\u0131n\u0131z. Halbuki, m\u0259n 2017-ci ilin iyulunda qeydiyyatdan ke\u00e7mi\u015fdim. Komp\u00fcteri a\u00e7\u0131b, deyir ki sistemd\u0259 ad\u0131n \u00e7\u0131xm\u0131r. M\u0259n d\u0259 soru\u015fdum ki, b\u0259s sizin arxiviniz yoxdur? T\u0259klif etdim ki, otaqda olan kameran\u0131n arxivini a\u00e7\u0131n. Siz\u0259 bura g\u0259lib, qeydiyyata dayand\u0131\u011f\u0131m vaxt\u0131n g\u00fcn\u00fcn\u0259, saat\u0131na kimi dey\u0259r\u0259m. Cavab\u0131nda dedil\u0259r ki, biz onlara baxa bilmirik. Deyir\u0259m ki, b\u0259lk\u0259 iki il qabaq kims\u0259 g\u0259tirib bura bomba ili\u015fdirib, indi partladacaq? Nec\u0259 y\u0259ni kameran\u0131n arxivi yoxdur?\n<\/p>\n<p>\n  M\u0259n \u00fc\u00e7 il m\u00fchasib i\u015fl\u0259mi\u015f\u0259m. 2017-ci ild\u0259 i\u015fd\u0259n \u00e7\u0131xd\u0131m, M\u0259\u015f\u011fulluq M\u0259rk\u0259zin\u0259 gedib, s\u0259n\u0259d verdim ki, G\u00f6y\u00e7ay Rayon Qaz-\u0130stismar \u0130dar\u0259sin\u0259 i\u015f\u0259 d\u00fcz\u0259lim. M\u0259n\u0259 dedil\u0259r ki, vakant yer olan kimi siz\u0259 x\u0259b\u0259r ed\u0259c\u0259yik. \u018flav\u0259 etdil\u0259r ki, siyah\u0131da 3-4-c\u00fc adamsan. M\u0259nd\u0259n sonra m\u00fcraci\u0259t olunanlar art\u0131q i\u015fl\u0259yir. M\u0259n niy\u0259 i\u015f\u0259 gir\u0259 bilmir\u0259m? G\u00f6y\u00e7ay Rayon M\u0259\u015f\u011fulluq M\u0259rk\u0259zinin m\u00fcdiri Namiq \u0130smay\u0131lov m\u0259n\u0259 deyir ki, vakant yer yoxdur. Soru\u015furam ki, nec\u0259 y\u0259ni yoxdur? D\u00fcz iki ildir ki, g\u00f6zl\u0259yir\u0259m. Bu iki ild\u0259 G\u00f6y\u00e7ay Rayon Qaz-\u0130stismar \u0130dar\u0259sin\u0259 i\u015f\u00e7i y\u00f6nl\u0259ndirilib ax\u0131\u201d.\n<\/p>\n<p>\n  G\u00f6y\u00e7ay Rayon M\u0259\u015f\u011fulluq M\u0259rk\u0259zinin m\u00fcdiri Namiq \u0130smay\u0131lovdan m\u0259s\u0259l\u0259y\u0259 m\u00fcnasib\u0259t \u00f6yr\u0259nm\u0259k m\u00fcmk\u00fcn olmay\u0131b.\n<\/p>\n<p>\n  G\u00f6y\u00e7ay Rayon \u0130cra Hakimiyy\u0259ti ba\u015f\u00e7\u0131s\u0131n\u0131n \u015f\u0259h\u0259r inzibati \u0259razi dair\u0259si \u00fczr\u0259 n\u00fcmay\u0259nd\u0259si R\u0259\u015fad \u015e\u00fck\u00fcrov is\u0259 Meydan TV-y\u0259 bildirib ki, \u0130H-n\u0259 v\u0259sait ayr\u0131lmad\u0131\u011f\u0131 \u00fc\u00e7\u00fcn qurum v\u0259t\u0259nda\u015flar\u0131n f\u0259rdi evinin tikintisi, yaxud t\u0259mirini h\u0259yata ke\u00e7irmir:\n<\/p>\n<p>\n  \u201cYaln\u0131z M\u0259nzil Kommunal \u0130stismar Sah\u0259sinin balans\u0131nda olan binalar\u0131n dam v\u0259 \u00e7\u00f6l \u00f6rt\u00fcy\u00fc t\u0259mir edil\u0259 bil\u0259r. Bununla bel\u0259, v\u0259t\u0259nda\u015flar m\u00fcraci\u0259t ed\u0259nd\u0259, \u0130H-nin memarl\u0131q \u015f\u00f6b\u0259sinin i\u015f\u00e7il\u0259ri evl\u0259r\u0259 bax\u0131\u015f ke\u00e7irir. Onu da deyim ki, bu ilin aprelin\u0259 kimi G\u00f6y\u00e7ayda s\u0259kkiz ya\u015fay\u0131\u015f evi yan\u0131b, tamamil\u0259 k\u00fcl olub. Birinin i\u00e7ind\u0259 d\u0259 v\u0259t\u0259nda\u015f \u00f6l\u00fcb. Bu g\u00fcn icra hakimiyy\u0259ti, biz s\u0259f\u0259rb\u0259r olmu\u015fuq, insanl\u0131q namin\u0259 evi yanan ail\u0259y\u0259 ev tikirik. Evi yanan\u0131 ir\u0259li salmaq laz\u0131md\u0131r. Bundan ba\u015fqa, m\u0259cburi k\u00f6\u00e7k\u00fcn\u00fcn u\u00e7an evi tikilir. M\u00fc\u015ffiqli k\u0259ndind\u0259 ba\u015fqa bir tikinti i\u015fi gedir. T\u0259bii ki, g\u00f6zd\u0259n \u0259lil d\u0259 \u00e7\u0259tin, a\u011f\u0131r v\u0259ziyy\u0259td\u0259 ya\u015fay\u0131r. Biz d\u0259 ist\u0259y\u0259rik ki, ona k\u00f6m\u0259klik ed\u0259k. V\u0259t\u0259nda\u015flara m\u00fcvafiq imkanlar daxilind\u0259 k\u00f6m\u0259klik edilir\u201d.\n<\/p>\n<p>\n  Nurlan M\u0259mm\u0259dov is\u0259 \u201cG\u00f6y\u00e7ay Rayon \u0130cra Hakimiyy\u0259tind\u0259n m\u0259n\u0259 ev tikilm\u0259sini ist\u0259y\u0259n kimdir?\u201d, &#8211; deyir:\n<\/p>\n<p>\n  \u201cH\u0259r d\u0259f\u0259 deyirl\u0259r ki, icra hakimiyy\u0259ti ev tikmir. \u0130st\u0259yim odur ki, evimin durumu il\u0259 ba\u011fl\u0131 yuxar\u0131lara d\u00fczg\u00fcn m\u0259lumat verilsin. S\u0259n m\u0259nim problemimi yuxar\u0131ya \u00e7atd\u0131rm\u0131rsan. Evim\u0259 bax\u0131\u015f ke\u00e7irib, amma m\u0259ktubda v\u0259ziyy\u0259tin nec\u0259 oldu\u011funu yazmay\u0131b. Bizim yegan\u0259 ist\u0259yimiz odur ki, probleml\u0259rimizi yuxar\u0131ya oldu\u011fu kimi \u00e7atd\u0131rs\u0131nlar\u201d.\n<\/p>\n<figure class=\"wp-block-image size-large\">\n  <img decoding=\"async\" src=\"https:\/\/www.meydan.tv\/az\/image_from_ios-7-jpg-18\/\" alt=\"image_from_ios (7).jpg\" class=\"wp-image-129008\"\/><figcaption>\n    &#8220;\u0130ki-\u00fc\u00e7 g\u00fcnd\u0259n sonra ev\u0259 m\u0259ktub g\u00f6nd\u0259rirl\u0259r ki, evinizd\u0259 he\u00e7 bir problem yoxdur&#8221;.<br \/>\n  <\/figcaption><\/figure>\n","protected":false},"excerpt":{"rendered":"<p>T\u0259bii ki, g\u00f6zd\u0259n \u0259lil d\u0259 \u00e7\u0259tin, a\u011f\u0131r v\u0259ziyy\u0259td\u0259 ya\u015fay\u0131r.<\/p>\n","protected":false},"author":11,"featured_media":129032,"comment_status":"closed","ping_status":"open","sticky":false,"template":"","format":"standard","meta":{"_acf_changed":false,"_sitemap_exclude":false,"_sitemap_priority":"","_sitemap_frequency":"","footnotes":""},"categories":[60],"tags":[],"class_list":["post-196801","post","type-post","status-publish","format-standard","has-post-thumbnail","hentry","category-bolge","infinite-scroll-item","generate-columns","tablet-grid-50","mobile-grid-100","grid-parent","grid-33","no-featured-image-padding"],"acf":[],"yoast_head":"<!-- This site is optimized with the Yoast SEO plugin v27.5 - https:\/\/yoast.com\/product\/yoast-seo-wordpress\/ -->\n<title>G\u00f6y\u00e7ay sakini: Birinci qrup g\u00f6zd\u0259n \u0259lil yerli icra hakimiyy\u0259ti t\u0259r\u0259find\u0259n aldad\u0131l\u0131r - MEYDAN.TV<\/title>\n<meta name=\"robots\" content=\"index, follow, max-snippet:-1, max-image-preview:large, max-video-preview:-1\" \/>\n<link rel=\"canonical\" href=\"https:\/\/www.meydan.tv\/az\/article\/goycay-sakini-birinci-qrup-gozden-elil-yerli-icra-hakimiyyeti-terefinden-aldadilir\/\" \/>\n<meta property=\"og:locale\" content=\"az_AZ\" \/>\n<meta property=\"og:type\" content=\"article\" \/>\n<meta property=\"og:title\" content=\"G\u00f6y\u00e7ay sakini: Birinci qrup g\u00f6zd\u0259n \u0259lil yerli icra hakimiyy\u0259ti t\u0259r\u0259find\u0259n aldad\u0131l\u0131r - MEYDAN.TV\" \/>\n<meta property=\"og:description\" content=\"T\u0259bii ki, g\u00f6zd\u0259n \u0259lil d\u0259 \u00e7\u0259tin, a\u011f\u0131r v\u0259ziyy\u0259td\u0259 ya\u015fay\u0131r.\" \/>\n<meta property=\"og:url\" content=\"https:\/\/www.meydan.tv\/az\/article\/goycay-sakini-birinci-qrup-gozden-elil-yerli-icra-hakimiyyeti-terefinden-aldadilir\/\" \/>\n<meta property=\"og:site_name\" content=\"MEYDAN.TV\" \/>\n<meta property=\"article:published_time\" content=\"2019-09-02T12:35:38+00:00\" \/>\n<meta property=\"og:image\" content=\"https:\/\/www.meydan.tv\/wp-content\/uploads\/copy_of_untitled_design_1_a0bimfn.png\" \/>\n\t<meta property=\"og:image:width\" content=\"1280\" \/>\n\t<meta property=\"og:image:height\" content=\"720\" \/>\n\t<meta property=\"og:image:type\" content=\"image\/png\" \/>\n<meta name=\"author\" content=\"user-manager\" \/>\n<meta name=\"twitter:card\" content=\"summary_large_image\" \/>\n<script type=\"application\/ld+json\" class=\"yoast-schema-graph\">{\"@context\":\"https:\\\/\\\/schema.org\",\"@graph\":[{\"@type\":\"Article\",\"@id\":\"https:\\\/\\\/www.meydan.tv\\\/az\\\/article\\\/goycay-sakini-birinci-qrup-gozden-elil-yerli-icra-hakimiyyeti-terefinden-aldadilir\\\/#article\",\"isPartOf\":{\"@id\":\"https:\\\/\\\/www.meydan.tv\\\/az\\\/article\\\/goycay-sakini-birinci-qrup-gozden-elil-yerli-icra-hakimiyyeti-terefinden-aldadilir\\\/\"},\"author\":{\"name\":\"user-manager\",\"@id\":\"https:\\\/\\\/www.meydan.tv\\\/az\\\/#\\\/schema\\\/person\\\/10d11eccf6da3662cf5fdab9806ea91a\"},\"headline\":\"G\u00f6y\u00e7ay sakini: Birinci qrup g\u00f6zd\u0259n \u0259lil yerli icra hakimiyy\u0259ti t\u0259r\u0259find\u0259n aldad\u0131l\u0131r\",\"datePublished\":\"2019-09-02T12:35:38+00:00\",\"mainEntityOfPage\":{\"@id\":\"https:\\\/\\\/www.meydan.tv\\\/az\\\/article\\\/goycay-sakini-birinci-qrup-gozden-elil-yerli-icra-hakimiyyeti-terefinden-aldadilir\\\/\"},\"wordCount\":1958,\"publisher\":{\"@id\":\"https:\\\/\\\/www.meydan.tv\\\/az\\\/#organization\"},\"image\":{\"@id\":\"https:\\\/\\\/www.meydan.tv\\\/az\\\/article\\\/goycay-sakini-birinci-qrup-gozden-elil-yerli-icra-hakimiyyeti-terefinden-aldadilir\\\/#primaryimage\"},\"thumbnailUrl\":\"https:\\\/\\\/www.meydan.tv\\\/wp-content\\\/uploads\\\/copy_of_untitled_design_1_a0bimfn.png\",\"articleSection\":[\"B\u00f6lg\u0259\"],\"inLanguage\":\"az\"},{\"@type\":\"WebPage\",\"@id\":\"https:\\\/\\\/www.meydan.tv\\\/az\\\/article\\\/goycay-sakini-birinci-qrup-gozden-elil-yerli-icra-hakimiyyeti-terefinden-aldadilir\\\/\",\"url\":\"https:\\\/\\\/www.meydan.tv\\\/az\\\/article\\\/goycay-sakini-birinci-qrup-gozden-elil-yerli-icra-hakimiyyeti-terefinden-aldadilir\\\/\",\"name\":\"G\u00f6y\u00e7ay sakini: Birinci qrup g\u00f6zd\u0259n \u0259lil yerli icra hakimiyy\u0259ti t\u0259r\u0259find\u0259n aldad\u0131l\u0131r - MEYDAN.TV\",\"isPartOf\":{\"@id\":\"https:\\\/\\\/www.meydan.tv\\\/az\\\/#website\"},\"primaryImageOfPage\":{\"@id\":\"https:\\\/\\\/www.meydan.tv\\\/az\\\/article\\\/goycay-sakini-birinci-qrup-gozden-elil-yerli-icra-hakimiyyeti-terefinden-aldadilir\\\/#primaryimage\"},\"image\":{\"@id\":\"https:\\\/\\\/www.meydan.tv\\\/az\\\/article\\\/goycay-sakini-birinci-qrup-gozden-elil-yerli-icra-hakimiyyeti-terefinden-aldadilir\\\/#primaryimage\"},\"thumbnailUrl\":\"https:\\\/\\\/www.meydan.tv\\\/wp-content\\\/uploads\\\/copy_of_untitled_design_1_a0bimfn.png\",\"datePublished\":\"2019-09-02T12:35:38+00:00\",\"breadcrumb\":{\"@id\":\"https:\\\/\\\/www.meydan.tv\\\/az\\\/article\\\/goycay-sakini-birinci-qrup-gozden-elil-yerli-icra-hakimiyyeti-terefinden-aldadilir\\\/#breadcrumb\"},\"inLanguage\":\"az\",\"potentialAction\":[{\"@type\":\"ReadAction\",\"target\":[\"https:\\\/\\\/www.meydan.tv\\\/az\\\/article\\\/goycay-sakini-birinci-qrup-gozden-elil-yerli-icra-hakimiyyeti-terefinden-aldadilir\\\/\"]}]},{\"@type\":\"ImageObject\",\"inLanguage\":\"az\",\"@id\":\"https:\\\/\\\/www.meydan.tv\\\/az\\\/article\\\/goycay-sakini-birinci-qrup-gozden-elil-yerli-icra-hakimiyyeti-terefinden-aldadilir\\\/#primaryimage\",\"url\":\"https:\\\/\\\/www.meydan.tv\\\/wp-content\\\/uploads\\\/copy_of_untitled_design_1_a0bimfn.png\",\"contentUrl\":\"https:\\\/\\\/www.meydan.tv\\\/wp-content\\\/uploads\\\/copy_of_untitled_design_1_a0bimfn.png\",\"width\":1280,\"height\":720,\"caption\":\"Source: Meydan TV\"},{\"@type\":\"BreadcrumbList\",\"@id\":\"https:\\\/\\\/www.meydan.tv\\\/az\\\/article\\\/goycay-sakini-birinci-qrup-gozden-elil-yerli-icra-hakimiyyeti-terefinden-aldadilir\\\/#breadcrumb\",\"itemListElement\":[{\"@type\":\"ListItem\",\"position\":1,\"name\":\"Ana s\u0259hif\u0259\",\"item\":\"https:\\\/\\\/www.meydan.tv\\\/az\\\/\"},{\"@type\":\"ListItem\",\"position\":2,\"name\":\"B\u00f6lg\u0259\",\"item\":\"https:\\\/\\\/www.meydan.tv\\\/az\\\/section\\\/bolge\\\/\"},{\"@type\":\"ListItem\",\"position\":3,\"name\":\"G\u00f6y\u00e7ay sakini: Birinci qrup g\u00f6zd\u0259n \u0259lil yerli icra hakimiyy\u0259ti t\u0259r\u0259find\u0259n aldad\u0131l\u0131r\"}]},{\"@type\":\"WebSite\",\"@id\":\"https:\\\/\\\/www.meydan.tv\\\/az\\\/#website\",\"url\":\"https:\\\/\\\/www.meydan.tv\\\/az\\\/\",\"name\":\"MEYDAN.TV\",\"description\":\"Meydan TV Az\u0259rbaycan\u0131n media m\u0259kan\u0131ndak\u0131 alternativ s\u0259sidir\",\"publisher\":{\"@id\":\"https:\\\/\\\/www.meydan.tv\\\/az\\\/#organization\"},\"potentialAction\":[{\"@type\":\"SearchAction\",\"target\":{\"@type\":\"EntryPoint\",\"urlTemplate\":\"https:\\\/\\\/www.meydan.tv\\\/az\\\/?s={search_term_string}\"},\"query-input\":{\"@type\":\"PropertyValueSpecification\",\"valueRequired\":true,\"valueName\":\"search_term_string\"}}],\"inLanguage\":\"az\"},{\"@type\":\"Organization\",\"@id\":\"https:\\\/\\\/www.meydan.tv\\\/az\\\/#organization\",\"name\":\"Meydan TV\",\"url\":\"https:\\\/\\\/www.meydan.tv\\\/az\\\/\",\"logo\":{\"@type\":\"ImageObject\",\"inLanguage\":\"az\",\"@id\":\"https:\\\/\\\/www.meydan.tv\\\/az\\\/#\\\/schema\\\/logo\\\/image\\\/\",\"url\":\"https:\\\/\\\/www.meydan.tv\\\/wp-content\\\/uploads\\\/2021\\\/07\\\/meydan-logo.svg\",\"contentUrl\":\"https:\\\/\\\/www.meydan.tv\\\/wp-content\\\/uploads\\\/2021\\\/07\\\/meydan-logo.svg\",\"width\":195,\"height\":46,\"caption\":\"Meydan TV\"},\"image\":{\"@id\":\"https:\\\/\\\/www.meydan.tv\\\/az\\\/#\\\/schema\\\/logo\\\/image\\\/\"}},{\"@type\":\"Person\",\"@id\":\"https:\\\/\\\/www.meydan.tv\\\/az\\\/#\\\/schema\\\/person\\\/10d11eccf6da3662cf5fdab9806ea91a\",\"name\":\"user-manager\"}]}<\/script>\n<!-- \/ Yoast SEO plugin. -->","yoast_head_json":{"title":"G\u00f6y\u00e7ay sakini: Birinci qrup g\u00f6zd\u0259n \u0259lil yerli icra hakimiyy\u0259ti t\u0259r\u0259find\u0259n aldad\u0131l\u0131r - MEYDAN.TV","robots":{"index":"index","follow":"follow","max-snippet":"max-snippet:-1","max-image-preview":"max-image-preview:large","max-video-preview":"max-video-preview:-1"},"canonical":"https:\/\/www.meydan.tv\/az\/article\/goycay-sakini-birinci-qrup-gozden-elil-yerli-icra-hakimiyyeti-terefinden-aldadilir\/","og_locale":"az_AZ","og_type":"article","og_title":"G\u00f6y\u00e7ay sakini: Birinci qrup g\u00f6zd\u0259n \u0259lil yerli icra hakimiyy\u0259ti t\u0259r\u0259find\u0259n aldad\u0131l\u0131r - MEYDAN.TV","og_description":"T\u0259bii ki, g\u00f6zd\u0259n \u0259lil d\u0259 \u00e7\u0259tin, a\u011f\u0131r v\u0259ziyy\u0259td\u0259 ya\u015fay\u0131r.","og_url":"https:\/\/www.meydan.tv\/az\/article\/goycay-sakini-birinci-qrup-gozden-elil-yerli-icra-hakimiyyeti-terefinden-aldadilir\/","og_site_name":"MEYDAN.TV","article_published_time":"2019-09-02T12:35:38+00:00","og_image":[{"width":1280,"height":720,"url":"https:\/\/www.meydan.tv\/wp-content\/uploads\/copy_of_untitled_design_1_a0bimfn.png","type":"image\/png"}],"author":"user-manager","twitter_card":"summary_large_image","schema":{"@context":"https:\/\/schema.org","@graph":[{"@type":"Article","@id":"https:\/\/www.meydan.tv\/az\/article\/goycay-sakini-birinci-qrup-gozden-elil-yerli-icra-hakimiyyeti-terefinden-aldadilir\/#article","isPartOf":{"@id":"https:\/\/www.meydan.tv\/az\/article\/goycay-sakini-birinci-qrup-gozden-elil-yerli-icra-hakimiyyeti-terefinden-aldadilir\/"},"author":{"name":"user-manager","@id":"https:\/\/www.meydan.tv\/az\/#\/schema\/person\/10d11eccf6da3662cf5fdab9806ea91a"},"headline":"G\u00f6y\u00e7ay sakini: Birinci qrup g\u00f6zd\u0259n \u0259lil yerli icra hakimiyy\u0259ti t\u0259r\u0259find\u0259n aldad\u0131l\u0131r","datePublished":"2019-09-02T12:35:38+00:00","mainEntityOfPage":{"@id":"https:\/\/www.meydan.tv\/az\/article\/goycay-sakini-birinci-qrup-gozden-elil-yerli-icra-hakimiyyeti-terefinden-aldadilir\/"},"wordCount":1958,"publisher":{"@id":"https:\/\/www.meydan.tv\/az\/#organization"},"image":{"@id":"https:\/\/www.meydan.tv\/az\/article\/goycay-sakini-birinci-qrup-gozden-elil-yerli-icra-hakimiyyeti-terefinden-aldadilir\/#primaryimage"},"thumbnailUrl":"https:\/\/www.meydan.tv\/wp-content\/uploads\/copy_of_untitled_design_1_a0bimfn.png","articleSection":["B\u00f6lg\u0259"],"inLanguage":"az"},{"@type":"WebPage","@id":"https:\/\/www.meydan.tv\/az\/article\/goycay-sakini-birinci-qrup-gozden-elil-yerli-icra-hakimiyyeti-terefinden-aldadilir\/","url":"https:\/\/www.meydan.tv\/az\/article\/goycay-sakini-birinci-qrup-gozden-elil-yerli-icra-hakimiyyeti-terefinden-aldadilir\/","name":"G\u00f6y\u00e7ay sakini: Birinci qrup g\u00f6zd\u0259n \u0259lil yerli icra hakimiyy\u0259ti t\u0259r\u0259find\u0259n aldad\u0131l\u0131r - MEYDAN.TV","isPartOf":{"@id":"https:\/\/www.meydan.tv\/az\/#website"},"primaryImageOfPage":{"@id":"https:\/\/www.meydan.tv\/az\/article\/goycay-sakini-birinci-qrup-gozden-elil-yerli-icra-hakimiyyeti-terefinden-aldadilir\/#primaryimage"},"image":{"@id":"https:\/\/www.meydan.tv\/az\/article\/goycay-sakini-birinci-qrup-gozden-elil-yerli-icra-hakimiyyeti-terefinden-aldadilir\/#primaryimage"},"thumbnailUrl":"https:\/\/www.meydan.tv\/wp-content\/uploads\/copy_of_untitled_design_1_a0bimfn.png","datePublished":"2019-09-02T12:35:38+00:00","breadcrumb":{"@id":"https:\/\/www.meydan.tv\/az\/article\/goycay-sakini-birinci-qrup-gozden-elil-yerli-icra-hakimiyyeti-terefinden-aldadilir\/#breadcrumb"},"inLanguage":"az","potentialAction":[{"@type":"ReadAction","target":["https:\/\/www.meydan.tv\/az\/article\/goycay-sakini-birinci-qrup-gozden-elil-yerli-icra-hakimiyyeti-terefinden-aldadilir\/"]}]},{"@type":"ImageObject","inLanguage":"az","@id":"https:\/\/www.meydan.tv\/az\/article\/goycay-sakini-birinci-qrup-gozden-elil-yerli-icra-hakimiyyeti-terefinden-aldadilir\/#primaryimage","url":"https:\/\/www.meydan.tv\/wp-content\/uploads\/copy_of_untitled_design_1_a0bimfn.png","contentUrl":"https:\/\/www.meydan.tv\/wp-content\/uploads\/copy_of_untitled_design_1_a0bimfn.png","width":1280,"height":720,"caption":"Source: Meydan TV"},{"@type":"BreadcrumbList","@id":"https:\/\/www.meydan.tv\/az\/article\/goycay-sakini-birinci-qrup-gozden-elil-yerli-icra-hakimiyyeti-terefinden-aldadilir\/#breadcrumb","itemListElement":[{"@type":"ListItem","position":1,"name":"Ana s\u0259hif\u0259","item":"https:\/\/www.meydan.tv\/az\/"},{"@type":"ListItem","position":2,"name":"B\u00f6lg\u0259","item":"https:\/\/www.meydan.tv\/az\/section\/bolge\/"},{"@type":"ListItem","position":3,"name":"G\u00f6y\u00e7ay sakini: Birinci qrup g\u00f6zd\u0259n \u0259lil yerli icra hakimiyy\u0259ti t\u0259r\u0259find\u0259n aldad\u0131l\u0131r"}]},{"@type":"WebSite","@id":"https:\/\/www.meydan.tv\/az\/#website","url":"https:\/\/www.meydan.tv\/az\/","name":"MEYDAN.TV","description":"Meydan TV Az\u0259rbaycan\u0131n media m\u0259kan\u0131ndak\u0131 alternativ s\u0259sidir","publisher":{"@id":"https:\/\/www.meydan.tv\/az\/#organization"},"potentialAction":[{"@type":"SearchAction","target":{"@type":"EntryPoint","urlTemplate":"https:\/\/www.meydan.tv\/az\/?s={search_term_string}"},"query-input":{"@type":"PropertyValueSpecification","valueRequired":true,"valueName":"search_term_string"}}],"inLanguage":"az"},{"@type":"Organization","@id":"https:\/\/www.meydan.tv\/az\/#organization","name":"Meydan TV","url":"https:\/\/www.meydan.tv\/az\/","logo":{"@type":"ImageObject","inLanguage":"az","@id":"https:\/\/www.meydan.tv\/az\/#\/schema\/logo\/image\/","url":"https:\/\/www.meydan.tv\/wp-content\/uploads\/2021\/07\/meydan-logo.svg","contentUrl":"https:\/\/www.meydan.tv\/wp-content\/uploads\/2021\/07\/meydan-logo.svg","width":195,"height":46,"caption":"Meydan TV"},"image":{"@id":"https:\/\/www.meydan.tv\/az\/#\/schema\/logo\/image\/"}},{"@type":"Person","@id":"https:\/\/www.meydan.tv\/az\/#\/schema\/person\/10d11eccf6da3662cf5fdab9806ea91a","name":"user-manager"}]}},"_links":{"self":[{"href":"https:\/\/www.meydan.tv\/az\/wp-json\/wp\/v2\/posts\/196801","targetHints":{"allow":["GET"]}}],"collection":[{"href":"https:\/\/www.meydan.tv\/az\/wp-json\/wp\/v2\/posts"}],"about":[{"href":"https:\/\/www.meydan.tv\/az\/wp-json\/wp\/v2\/types\/post"}],"author":[{"embeddable":true,"href":"https:\/\/www.meydan.tv\/az\/wp-json\/wp\/v2\/users\/11"}],"replies":[{"embeddable":true,"href":"https:\/\/www.meydan.tv\/az\/wp-json\/wp\/v2\/comments?post=196801"}],"version-history":[{"count":0,"href":"https:\/\/www.meydan.tv\/az\/wp-json\/wp\/v2\/posts\/196801\/revisions"}],"wp:featuredmedia":[{"embeddable":true,"href":"https:\/\/www.meydan.tv\/az\/wp-json\/wp\/v2\/media\/129032"}],"wp:attachment":[{"href":"https:\/\/www.meydan.tv\/az\/wp-json\/wp\/v2\/media?parent=196801"}],"wp:term":[{"taxonomy":"category","embeddable":true,"href":"https:\/\/www.meydan.tv\/az\/wp-json\/wp\/v2\/categories?post=196801"},{"taxonomy":"post_tag","embeddable":true,"href":"https:\/\/www.meydan.tv\/az\/wp-json\/wp\/v2\/tags?post=196801"}],"curies":[{"name":"wp","href":"https:\/\/api.w.org\/{rel}","templated":true}]}}