{"id":196800,"date":"2019-09-02T14:38:07","date_gmt":"2019-09-02T14:38:07","guid":{"rendered":"https:\/\/www.meydan.tv\/article\/komissiya-maldiv-jurnalistinin-islamcilar-terefinden-oldurulduyunu-iddia-edir\/"},"modified":"2019-09-02T14:38:07","modified_gmt":"2019-09-02T14:38:07","slug":"komissiya-maldiv-jurnalistinin-islamcilar-terefinden-oldurulduyunu-iddia-edir","status":"publish","type":"post","link":"https:\/\/www.meydan.tv\/az\/article\/komissiya-maldiv-jurnalistinin-islamcilar-terefinden-oldurulduyunu-iddia-edir\/","title":{"rendered":"Komissiya Maldiv jurnalistinin islam\u00e7\u0131lar t\u0259r\u0259find\u0259n \u00f6ld\u00fcr\u00fcld\u00fcy\u00fcn\u00fc iddia edir"},"content":{"rendered":"<p>\n  <i><br \/>\n    \u201cRilvan \u0259vv\u0259ll\u0259r bir ne\u00e7\u0259 d\u0259f\u0259 xarici cihad\u00e7\u0131 qruplar t\u0259r\u0259find\u0259n t\u0259hdid olunub\u201d<br \/>\n  <\/i>\n<\/p>\n<p>\n  \u201cQa\u00e7\u0131r\u0131lan Maldiv jurnalisti \u0130slam\u00e7\u0131 militanlar t\u0259r\u0259find\u0259n \u00f6ld\u00fcr\u00fcl\u00fcb\u201d, &#8211; \u0259vv\u0259lki h\u00f6kum\u0259tin hakimiyy\u0259ti zaman\u0131 \u00f6l\u00fcm v\u0259 yoxa \u00e7\u0131xma hallar\u0131n\u0131 ara\u015fd\u0131ran panel bel\u0259 a\u00e7\u0131qlama verib.\n<\/p>\n<p>\n  \u201cReuters\u201d x\u0259b\u0259r verir ki, panel ba\u015f vermi\u015f \u00f6l\u00fcm hallar\u0131nda ke\u00e7mi\u015f prezident Abdulla Yameeni m\u0259sul tutub.\n<\/p>\n<p>\n  \u201cMaldives \u0130ndependent\u201d-in jurnalisti \u018fhm\u0259d Rilvan (Ahmed Rilwan) korrupsiya v\u0259 islam\u00e7\u0131 h\u0259rb\u00e7il\u0259r haqq\u0131nda m\u0259qal\u0259l\u0259rin m\u00fc\u0259llifi olub. O, Yameen prezident se\u00e7ildikd\u0259n bir il sonra, 2014-c\u00fc ilin avqustunda qa\u00e7\u0131r\u0131l\u0131b.\n<\/p>\n<p>\n  Jurnalistl\u0259r v\u0259 h\u00fcquq m\u00fcdafi\u0259\u00e7il\u0259ri deyir ki, Rilvan\u0131n h\u00f6kum\u0259ti v\u0259 radikal islam\u0131 t\u0259nqid etm\u0259si onu h\u0259d\u0259f\u0259 \u00e7evirmi\u015f ola bil\u0259r.\n<\/p>\n<p>\n  Prezident Cinay\u0259tl\u0259ri v\u0259 Zorla Yoxolanlar\u0131n Ara\u015fd\u0131r\u0131lmas\u0131 Komissiyas\u0131n\u0131n r\u0259hb\u0259ri H\u00fcsn\u00fc Suodun (Husnu Suood) r\u0259hb\u0259rlik etdiyi panel jurnalistin q\u0259tlind\u0259 birba\u015fa i\u015ftirak ed\u0259nl\u0259rd\u0259n \u015fahid m\u0259lumatlar\u0131 ald\u0131qlar\u0131n\u0131 s\u00f6yl\u0259yib.\n<\/p>\n<p>\n  \u201cRilvan \u0259vv\u0259ll\u0259r bir ne\u00e7\u0259 d\u0259f\u0259 xarici cihad\u00e7\u0131 qruplar t\u0259r\u0259find\u0259n t\u0259hdid olunub v\u0259 el\u0259 o qruplarla \u0259laq\u0259li radikal islam\u00e7\u0131lar t\u0259r\u0259find\u0259n \u00f6ld\u00fcr\u00fcl\u00fcb,\u201d &#8211; Suod bazar g\u00fcn\u00fc paytaxtda jurnalistl\u0259r\u0259 a\u00e7\u0131qlamas\u0131nda deyib.\n<\/p>\n<p>\n  Suod deyib ki, Rilvan qa\u00e7\u0131r\u0131ld\u0131qdan sonra d\u0259nizd\u0259 \u00f6ld\u00fcr\u00fcl\u00fcb. O, detallar haqda m\u0259lumat verm\u0259yib v\u0259 \u0259lav\u0259 edib ki, detallar\u0131n a\u00e7\u0131qlanmas\u0131 istintaqa mane ola bil\u0259r.\n<\/p>\n<p>\n  Suod h\u0259m\u00e7inin vur\u011fulay\u0131b ki, Maldiv d\u00f6y\u00fc\u015f\u00e7\u00fc qruplar\u0131 Rilvan\u0131 Suriyadak\u0131 v\u0259t\u0259nda\u015f m\u00fcharib\u0259sin\u0259 regiondan d\u00f6y\u00fc\u015f\u00e7\u00fcl\u0259rin c\u0259lb edilm\u0259si \u00fc\u00e7\u00fcn t\u0259hl\u00fck\u0259 olaraq g\u00f6r\u00fcb.\n<\/p>\n<p>\n  Yameeni m\u0259\u011flub etdikd\u0259n sonra prezident se\u00e7il\u0259n \u0130brahim M\u0259h\u0259mm\u0259d Solih t\u0259r\u0259find\u0259n noyabr ay\u0131nda t\u0259yin edilmi\u015f panel ke\u00e7mi\u015f prezidentin istintaq\u0131 Rilvan\u0131n qa\u00e7\u0131r\u0131lmas\u0131 il\u0259 \u0259laq\u0259l\u0259ndirm\u0259y\u0259 \u00e7al\u0131\u015fd\u0131\u011f\u0131n\u0131 m\u00fc\u0259yy\u0259nl\u0259\u015fdirib.\n<\/p>\n<p>\n  Suod h\u0259m\u00e7inin deyib ki, onun \u0259lind\u0259 Yameeni qa\u00e7\u0131r\u0131lma v\u0259 \u00f6ld\u00fcr\u00fclm\u0259 il\u0259 \u0259laq\u0259dar ittiham etm\u0259k \u00fc\u00e7\u00fcn he\u00e7 bir d\u0259lil yoxdur.\n<\/p>\n<p>\n  Yameen v\u0259 v\u0259kili m\u0259s\u0259l\u0259 il\u0259 ba\u011fl\u0131 \u015f\u0259rh verm\u0259k ist\u0259m\u0259yib. Yameen \u0259vv\u0259ll\u0259r cinay\u0259tl\u0259rd\u0259 i\u015ftirak etdiyini r\u0259dd edib.\n<\/p>\n<p>\n  Xalqlar\u0131n Milli Konqres Partiyas\u0131n\u0131n \u00fczv\u00fc M\u0259h\u0259mm\u0259d \u015e\u0259rif panelin a\u00e7\u0131qlamalar\u0131n\u0131n siyasi motivli oldu\u011funu deyib.\n<\/p>\n<p>\n  \u201cPrezident Yameenin yoxa \u00e7\u0131xma il\u0259 \u0259laq\u0259l\u0259ndirm\u0259k \u00fc\u00e7\u00fcn s\u00fcbutlar\u0131 yoxdur,\u201d- o deyib.\n<\/p>\n<p>\n  Rilvan\u0131n qa\u00e7\u0131r\u0131lmas\u0131ndan sonra 2017-ci ild\u0259 d\u00f6vl\u0259t korrupsiyas\u0131n\u0131 pisl\u0259y\u0259n yaz\u0131lar yazan bloger Yameen Rasheedin d\u0259 \u00f6ld\u00fcr\u00fcl\u00fcb. F\u0259allar uzun m\u00fcdd\u0259t Yameen h\u00f6kum\u0259ti zaman\u0131 m\u00fcxalifl\u0259r\u0259 qar\u015f\u0131 t\u0259zyiql\u0259rd\u0259n \u015fikay\u0259t\u00e7i olublar.<\/p>\n","protected":false},"excerpt":{"rendered":"<p>O, detallar haqda m\u0259lumat verm\u0259yib v\u0259 \u0259lav\u0259 edib ki, detallar\u0131n a\u00e7\u0131qlanmas\u0131 istintaqa mane ola bil\u0259r.<\/p>\n","protected":false},"author":11,"featured_media":129041,"comment_status":"closed","ping_status":"open","sticky":false,"template":"","format":"standard","meta":{"_acf_changed":false,"_sitemap_exclude":false,"_sitemap_priority":"","_sitemap_frequency":"","footnotes":""},"categories":[64],"tags":[],"class_list":["post-196800","post","type-post","status-publish","format-standard","has-post-thumbnail","hentry","category-dunya","infinite-scroll-item","generate-columns","tablet-grid-50","mobile-grid-100","grid-parent","grid-33","no-featured-image-padding"],"acf":[],"yoast_head":"<!-- This site is optimized with the Yoast SEO plugin v27.5 - https:\/\/yoast.com\/product\/yoast-seo-wordpress\/ -->\n<title>Komissiya Maldiv jurnalistinin islam\u00e7\u0131lar t\u0259r\u0259find\u0259n \u00f6ld\u00fcr\u00fcld\u00fcy\u00fcn\u00fc iddia edir - MEYDAN.TV<\/title>\n<meta name=\"robots\" content=\"index, follow, max-snippet:-1, max-image-preview:large, max-video-preview:-1\" \/>\n<link rel=\"canonical\" href=\"https:\/\/www.meydan.tv\/az\/article\/komissiya-maldiv-jurnalistinin-islamcilar-terefinden-oldurulduyunu-iddia-edir\/\" \/>\n<meta property=\"og:locale\" content=\"az_AZ\" \/>\n<meta property=\"og:type\" content=\"article\" \/>\n<meta property=\"og:title\" content=\"Komissiya Maldiv jurnalistinin islam\u00e7\u0131lar t\u0259r\u0259find\u0259n \u00f6ld\u00fcr\u00fcld\u00fcy\u00fcn\u00fc iddia edir - MEYDAN.TV\" \/>\n<meta property=\"og:description\" content=\"O, detallar haqda m\u0259lumat verm\u0259yib v\u0259 \u0259lav\u0259 edib ki, detallar\u0131n a\u00e7\u0131qlanmas\u0131 istintaqa mane ola bil\u0259r.\" \/>\n<meta property=\"og:url\" content=\"https:\/\/www.meydan.tv\/az\/article\/komissiya-maldiv-jurnalistinin-islamcilar-terefinden-oldurulduyunu-iddia-edir\/\" \/>\n<meta property=\"og:site_name\" content=\"MEYDAN.TV\" \/>\n<meta property=\"article:published_time\" content=\"2019-09-02T14:38:07+00:00\" \/>\n<meta property=\"og:image\" content=\"https:\/\/www.meydan.tv\/wp-content\/uploads\/119602_3_9562c62f975b3c9e39f67c2ba21f4ea977d37004_large.jpg\" \/>\n\t<meta property=\"og:image:width\" content=\"1140\" \/>\n\t<meta property=\"og:image:height\" content=\"750\" \/>\n\t<meta property=\"og:image:type\" content=\"image\/jpeg\" \/>\n<meta name=\"author\" content=\"user-manager\" \/>\n<meta name=\"twitter:card\" content=\"summary_large_image\" \/>\n<script type=\"application\/ld+json\" class=\"yoast-schema-graph\">{\"@context\":\"https:\\\/\\\/schema.org\",\"@graph\":[{\"@type\":\"Article\",\"@id\":\"https:\\\/\\\/www.meydan.tv\\\/az\\\/article\\\/komissiya-maldiv-jurnalistinin-islamcilar-terefinden-oldurulduyunu-iddia-edir\\\/#article\",\"isPartOf\":{\"@id\":\"https:\\\/\\\/www.meydan.tv\\\/az\\\/article\\\/komissiya-maldiv-jurnalistinin-islamcilar-terefinden-oldurulduyunu-iddia-edir\\\/\"},\"author\":{\"name\":\"user-manager\",\"@id\":\"https:\\\/\\\/www.meydan.tv\\\/az\\\/#\\\/schema\\\/person\\\/10d11eccf6da3662cf5fdab9806ea91a\"},\"headline\":\"Komissiya Maldiv jurnalistinin islam\u00e7\u0131lar t\u0259r\u0259find\u0259n \u00f6ld\u00fcr\u00fcld\u00fcy\u00fcn\u00fc iddia edir\",\"datePublished\":\"2019-09-02T14:38:07+00:00\",\"mainEntityOfPage\":{\"@id\":\"https:\\\/\\\/www.meydan.tv\\\/az\\\/article\\\/komissiya-maldiv-jurnalistinin-islamcilar-terefinden-oldurulduyunu-iddia-edir\\\/\"},\"wordCount\":528,\"publisher\":{\"@id\":\"https:\\\/\\\/www.meydan.tv\\\/az\\\/#organization\"},\"image\":{\"@id\":\"https:\\\/\\\/www.meydan.tv\\\/az\\\/article\\\/komissiya-maldiv-jurnalistinin-islamcilar-terefinden-oldurulduyunu-iddia-edir\\\/#primaryimage\"},\"thumbnailUrl\":\"https:\\\/\\\/www.meydan.tv\\\/wp-content\\\/uploads\\\/119602_3_9562c62f975b3c9e39f67c2ba21f4ea977d37004_large.jpg\",\"articleSection\":[\"D\u00fcnya\"],\"inLanguage\":\"az\"},{\"@type\":\"WebPage\",\"@id\":\"https:\\\/\\\/www.meydan.tv\\\/az\\\/article\\\/komissiya-maldiv-jurnalistinin-islamcilar-terefinden-oldurulduyunu-iddia-edir\\\/\",\"url\":\"https:\\\/\\\/www.meydan.tv\\\/az\\\/article\\\/komissiya-maldiv-jurnalistinin-islamcilar-terefinden-oldurulduyunu-iddia-edir\\\/\",\"name\":\"Komissiya Maldiv jurnalistinin islam\u00e7\u0131lar t\u0259r\u0259find\u0259n \u00f6ld\u00fcr\u00fcld\u00fcy\u00fcn\u00fc iddia edir - MEYDAN.TV\",\"isPartOf\":{\"@id\":\"https:\\\/\\\/www.meydan.tv\\\/az\\\/#website\"},\"primaryImageOfPage\":{\"@id\":\"https:\\\/\\\/www.meydan.tv\\\/az\\\/article\\\/komissiya-maldiv-jurnalistinin-islamcilar-terefinden-oldurulduyunu-iddia-edir\\\/#primaryimage\"},\"image\":{\"@id\":\"https:\\\/\\\/www.meydan.tv\\\/az\\\/article\\\/komissiya-maldiv-jurnalistinin-islamcilar-terefinden-oldurulduyunu-iddia-edir\\\/#primaryimage\"},\"thumbnailUrl\":\"https:\\\/\\\/www.meydan.tv\\\/wp-content\\\/uploads\\\/119602_3_9562c62f975b3c9e39f67c2ba21f4ea977d37004_large.jpg\",\"datePublished\":\"2019-09-02T14:38:07+00:00\",\"breadcrumb\":{\"@id\":\"https:\\\/\\\/www.meydan.tv\\\/az\\\/article\\\/komissiya-maldiv-jurnalistinin-islamcilar-terefinden-oldurulduyunu-iddia-edir\\\/#breadcrumb\"},\"inLanguage\":\"az\",\"potentialAction\":[{\"@type\":\"ReadAction\",\"target\":[\"https:\\\/\\\/www.meydan.tv\\\/az\\\/article\\\/komissiya-maldiv-jurnalistinin-islamcilar-terefinden-oldurulduyunu-iddia-edir\\\/\"]}]},{\"@type\":\"ImageObject\",\"inLanguage\":\"az\",\"@id\":\"https:\\\/\\\/www.meydan.tv\\\/az\\\/article\\\/komissiya-maldiv-jurnalistinin-islamcilar-terefinden-oldurulduyunu-iddia-edir\\\/#primaryimage\",\"url\":\"https:\\\/\\\/www.meydan.tv\\\/wp-content\\\/uploads\\\/119602_3_9562c62f975b3c9e39f67c2ba21f4ea977d37004_large.jpg\",\"contentUrl\":\"https:\\\/\\\/www.meydan.tv\\\/wp-content\\\/uploads\\\/119602_3_9562c62f975b3c9e39f67c2ba21f4ea977d37004_large.jpg\",\"width\":1140,\"height\":750,\"caption\":\"Source: Specify Source\"},{\"@type\":\"BreadcrumbList\",\"@id\":\"https:\\\/\\\/www.meydan.tv\\\/az\\\/article\\\/komissiya-maldiv-jurnalistinin-islamcilar-terefinden-oldurulduyunu-iddia-edir\\\/#breadcrumb\",\"itemListElement\":[{\"@type\":\"ListItem\",\"position\":1,\"name\":\"Ana s\u0259hif\u0259\",\"item\":\"https:\\\/\\\/www.meydan.tv\\\/az\\\/\"},{\"@type\":\"ListItem\",\"position\":2,\"name\":\"D\u00fcnya\",\"item\":\"https:\\\/\\\/www.meydan.tv\\\/az\\\/section\\\/dunya\\\/\"},{\"@type\":\"ListItem\",\"position\":3,\"name\":\"Komissiya Maldiv jurnalistinin islam\u00e7\u0131lar t\u0259r\u0259find\u0259n \u00f6ld\u00fcr\u00fcld\u00fcy\u00fcn\u00fc iddia edir\"}]},{\"@type\":\"WebSite\",\"@id\":\"https:\\\/\\\/www.meydan.tv\\\/az\\\/#website\",\"url\":\"https:\\\/\\\/www.meydan.tv\\\/az\\\/\",\"name\":\"MEYDAN.TV\",\"description\":\"Meydan TV Az\u0259rbaycan\u0131n media m\u0259kan\u0131ndak\u0131 alternativ s\u0259sidir\",\"publisher\":{\"@id\":\"https:\\\/\\\/www.meydan.tv\\\/az\\\/#organization\"},\"potentialAction\":[{\"@type\":\"SearchAction\",\"target\":{\"@type\":\"EntryPoint\",\"urlTemplate\":\"https:\\\/\\\/www.meydan.tv\\\/az\\\/?s={search_term_string}\"},\"query-input\":{\"@type\":\"PropertyValueSpecification\",\"valueRequired\":true,\"valueName\":\"search_term_string\"}}],\"inLanguage\":\"az\"},{\"@type\":\"Organization\",\"@id\":\"https:\\\/\\\/www.meydan.tv\\\/az\\\/#organization\",\"name\":\"Meydan TV\",\"url\":\"https:\\\/\\\/www.meydan.tv\\\/az\\\/\",\"logo\":{\"@type\":\"ImageObject\",\"inLanguage\":\"az\",\"@id\":\"https:\\\/\\\/www.meydan.tv\\\/az\\\/#\\\/schema\\\/logo\\\/image\\\/\",\"url\":\"https:\\\/\\\/www.meydan.tv\\\/wp-content\\\/uploads\\\/2021\\\/07\\\/meydan-logo.svg\",\"contentUrl\":\"https:\\\/\\\/www.meydan.tv\\\/wp-content\\\/uploads\\\/2021\\\/07\\\/meydan-logo.svg\",\"width\":195,\"height\":46,\"caption\":\"Meydan TV\"},\"image\":{\"@id\":\"https:\\\/\\\/www.meydan.tv\\\/az\\\/#\\\/schema\\\/logo\\\/image\\\/\"}},{\"@type\":\"Person\",\"@id\":\"https:\\\/\\\/www.meydan.tv\\\/az\\\/#\\\/schema\\\/person\\\/10d11eccf6da3662cf5fdab9806ea91a\",\"name\":\"user-manager\"}]}<\/script>\n<!-- \/ Yoast SEO plugin. -->","yoast_head_json":{"title":"Komissiya Maldiv jurnalistinin islam\u00e7\u0131lar t\u0259r\u0259find\u0259n \u00f6ld\u00fcr\u00fcld\u00fcy\u00fcn\u00fc iddia edir - MEYDAN.TV","robots":{"index":"index","follow":"follow","max-snippet":"max-snippet:-1","max-image-preview":"max-image-preview:large","max-video-preview":"max-video-preview:-1"},"canonical":"https:\/\/www.meydan.tv\/az\/article\/komissiya-maldiv-jurnalistinin-islamcilar-terefinden-oldurulduyunu-iddia-edir\/","og_locale":"az_AZ","og_type":"article","og_title":"Komissiya Maldiv jurnalistinin islam\u00e7\u0131lar t\u0259r\u0259find\u0259n \u00f6ld\u00fcr\u00fcld\u00fcy\u00fcn\u00fc iddia edir - MEYDAN.TV","og_description":"O, detallar haqda m\u0259lumat verm\u0259yib v\u0259 \u0259lav\u0259 edib ki, detallar\u0131n a\u00e7\u0131qlanmas\u0131 istintaqa mane ola bil\u0259r.","og_url":"https:\/\/www.meydan.tv\/az\/article\/komissiya-maldiv-jurnalistinin-islamcilar-terefinden-oldurulduyunu-iddia-edir\/","og_site_name":"MEYDAN.TV","article_published_time":"2019-09-02T14:38:07+00:00","og_image":[{"width":1140,"height":750,"url":"https:\/\/www.meydan.tv\/wp-content\/uploads\/119602_3_9562c62f975b3c9e39f67c2ba21f4ea977d37004_large.jpg","type":"image\/jpeg"}],"author":"user-manager","twitter_card":"summary_large_image","schema":{"@context":"https:\/\/schema.org","@graph":[{"@type":"Article","@id":"https:\/\/www.meydan.tv\/az\/article\/komissiya-maldiv-jurnalistinin-islamcilar-terefinden-oldurulduyunu-iddia-edir\/#article","isPartOf":{"@id":"https:\/\/www.meydan.tv\/az\/article\/komissiya-maldiv-jurnalistinin-islamcilar-terefinden-oldurulduyunu-iddia-edir\/"},"author":{"name":"user-manager","@id":"https:\/\/www.meydan.tv\/az\/#\/schema\/person\/10d11eccf6da3662cf5fdab9806ea91a"},"headline":"Komissiya Maldiv jurnalistinin islam\u00e7\u0131lar t\u0259r\u0259find\u0259n \u00f6ld\u00fcr\u00fcld\u00fcy\u00fcn\u00fc iddia edir","datePublished":"2019-09-02T14:38:07+00:00","mainEntityOfPage":{"@id":"https:\/\/www.meydan.tv\/az\/article\/komissiya-maldiv-jurnalistinin-islamcilar-terefinden-oldurulduyunu-iddia-edir\/"},"wordCount":528,"publisher":{"@id":"https:\/\/www.meydan.tv\/az\/#organization"},"image":{"@id":"https:\/\/www.meydan.tv\/az\/article\/komissiya-maldiv-jurnalistinin-islamcilar-terefinden-oldurulduyunu-iddia-edir\/#primaryimage"},"thumbnailUrl":"https:\/\/www.meydan.tv\/wp-content\/uploads\/119602_3_9562c62f975b3c9e39f67c2ba21f4ea977d37004_large.jpg","articleSection":["D\u00fcnya"],"inLanguage":"az"},{"@type":"WebPage","@id":"https:\/\/www.meydan.tv\/az\/article\/komissiya-maldiv-jurnalistinin-islamcilar-terefinden-oldurulduyunu-iddia-edir\/","url":"https:\/\/www.meydan.tv\/az\/article\/komissiya-maldiv-jurnalistinin-islamcilar-terefinden-oldurulduyunu-iddia-edir\/","name":"Komissiya Maldiv jurnalistinin islam\u00e7\u0131lar t\u0259r\u0259find\u0259n \u00f6ld\u00fcr\u00fcld\u00fcy\u00fcn\u00fc iddia edir - MEYDAN.TV","isPartOf":{"@id":"https:\/\/www.meydan.tv\/az\/#website"},"primaryImageOfPage":{"@id":"https:\/\/www.meydan.tv\/az\/article\/komissiya-maldiv-jurnalistinin-islamcilar-terefinden-oldurulduyunu-iddia-edir\/#primaryimage"},"image":{"@id":"https:\/\/www.meydan.tv\/az\/article\/komissiya-maldiv-jurnalistinin-islamcilar-terefinden-oldurulduyunu-iddia-edir\/#primaryimage"},"thumbnailUrl":"https:\/\/www.meydan.tv\/wp-content\/uploads\/119602_3_9562c62f975b3c9e39f67c2ba21f4ea977d37004_large.jpg","datePublished":"2019-09-02T14:38:07+00:00","breadcrumb":{"@id":"https:\/\/www.meydan.tv\/az\/article\/komissiya-maldiv-jurnalistinin-islamcilar-terefinden-oldurulduyunu-iddia-edir\/#breadcrumb"},"inLanguage":"az","potentialAction":[{"@type":"ReadAction","target":["https:\/\/www.meydan.tv\/az\/article\/komissiya-maldiv-jurnalistinin-islamcilar-terefinden-oldurulduyunu-iddia-edir\/"]}]},{"@type":"ImageObject","inLanguage":"az","@id":"https:\/\/www.meydan.tv\/az\/article\/komissiya-maldiv-jurnalistinin-islamcilar-terefinden-oldurulduyunu-iddia-edir\/#primaryimage","url":"https:\/\/www.meydan.tv\/wp-content\/uploads\/119602_3_9562c62f975b3c9e39f67c2ba21f4ea977d37004_large.jpg","contentUrl":"https:\/\/www.meydan.tv\/wp-content\/uploads\/119602_3_9562c62f975b3c9e39f67c2ba21f4ea977d37004_large.jpg","width":1140,"height":750,"caption":"Source: Specify Source"},{"@type":"BreadcrumbList","@id":"https:\/\/www.meydan.tv\/az\/article\/komissiya-maldiv-jurnalistinin-islamcilar-terefinden-oldurulduyunu-iddia-edir\/#breadcrumb","itemListElement":[{"@type":"ListItem","position":1,"name":"Ana s\u0259hif\u0259","item":"https:\/\/www.meydan.tv\/az\/"},{"@type":"ListItem","position":2,"name":"D\u00fcnya","item":"https:\/\/www.meydan.tv\/az\/section\/dunya\/"},{"@type":"ListItem","position":3,"name":"Komissiya Maldiv jurnalistinin islam\u00e7\u0131lar t\u0259r\u0259find\u0259n \u00f6ld\u00fcr\u00fcld\u00fcy\u00fcn\u00fc iddia edir"}]},{"@type":"WebSite","@id":"https:\/\/www.meydan.tv\/az\/#website","url":"https:\/\/www.meydan.tv\/az\/","name":"MEYDAN.TV","description":"Meydan TV Az\u0259rbaycan\u0131n media m\u0259kan\u0131ndak\u0131 alternativ s\u0259sidir","publisher":{"@id":"https:\/\/www.meydan.tv\/az\/#organization"},"potentialAction":[{"@type":"SearchAction","target":{"@type":"EntryPoint","urlTemplate":"https:\/\/www.meydan.tv\/az\/?s={search_term_string}"},"query-input":{"@type":"PropertyValueSpecification","valueRequired":true,"valueName":"search_term_string"}}],"inLanguage":"az"},{"@type":"Organization","@id":"https:\/\/www.meydan.tv\/az\/#organization","name":"Meydan TV","url":"https:\/\/www.meydan.tv\/az\/","logo":{"@type":"ImageObject","inLanguage":"az","@id":"https:\/\/www.meydan.tv\/az\/#\/schema\/logo\/image\/","url":"https:\/\/www.meydan.tv\/wp-content\/uploads\/2021\/07\/meydan-logo.svg","contentUrl":"https:\/\/www.meydan.tv\/wp-content\/uploads\/2021\/07\/meydan-logo.svg","width":195,"height":46,"caption":"Meydan TV"},"image":{"@id":"https:\/\/www.meydan.tv\/az\/#\/schema\/logo\/image\/"}},{"@type":"Person","@id":"https:\/\/www.meydan.tv\/az\/#\/schema\/person\/10d11eccf6da3662cf5fdab9806ea91a","name":"user-manager"}]}},"_links":{"self":[{"href":"https:\/\/www.meydan.tv\/az\/wp-json\/wp\/v2\/posts\/196800","targetHints":{"allow":["GET"]}}],"collection":[{"href":"https:\/\/www.meydan.tv\/az\/wp-json\/wp\/v2\/posts"}],"about":[{"href":"https:\/\/www.meydan.tv\/az\/wp-json\/wp\/v2\/types\/post"}],"author":[{"embeddable":true,"href":"https:\/\/www.meydan.tv\/az\/wp-json\/wp\/v2\/users\/11"}],"replies":[{"embeddable":true,"href":"https:\/\/www.meydan.tv\/az\/wp-json\/wp\/v2\/comments?post=196800"}],"version-history":[{"count":0,"href":"https:\/\/www.meydan.tv\/az\/wp-json\/wp\/v2\/posts\/196800\/revisions"}],"wp:featuredmedia":[{"embeddable":true,"href":"https:\/\/www.meydan.tv\/az\/wp-json\/wp\/v2\/media\/129041"}],"wp:attachment":[{"href":"https:\/\/www.meydan.tv\/az\/wp-json\/wp\/v2\/media?parent=196800"}],"wp:term":[{"taxonomy":"category","embeddable":true,"href":"https:\/\/www.meydan.tv\/az\/wp-json\/wp\/v2\/categories?post=196800"},{"taxonomy":"post_tag","embeddable":true,"href":"https:\/\/www.meydan.tv\/az\/wp-json\/wp\/v2\/tags?post=196800"}],"curies":[{"name":"wp","href":"https:\/\/api.w.org\/{rel}","templated":true}]}}