{"id":196799,"date":"2019-09-02T14:41:48","date_gmt":"2019-09-02T14:41:48","guid":{"rendered":"https:\/\/www.meydan.tv\/article\/almaniya-nasist-tiranligina-gore-polsadan-uzr-isteyib\/"},"modified":"2019-09-02T14:41:48","modified_gmt":"2019-09-02T14:41:48","slug":"almaniya-nasist-tiranligina-gore-polsadan-uzr-isteyib","status":"publish","type":"post","link":"https:\/\/www.meydan.tv\/az\/article\/almaniya-nasist-tiranligina-gore-polsadan-uzr-isteyib\/","title":{"rendered":"Almaniya nasist tiranl\u0131\u011f\u0131na g\u00f6r\u0259 Pol\u015fadan \u00fczr ist\u0259yib"},"content":{"rendered":"<p>\n  <i><br \/>\n    Prezident: \u201cAlman z\u00fclm\u00fcn\u00fcn qurban\u0131 olan polyaklar\u0131n qar\u015f\u0131s\u0131nda ba\u015f \u0259yir\u0259m\u201d<br \/>\n  <\/i>\n<\/p>\n<p>\n  Almaniya prezidenti Frank Volter \u015etaynmayer (Frank-Walter Steinmeier) 80 il \u0259vv\u0259l \u0130kinci D\u00fcnya M\u00fcharib\u0259sinin ilk bombalar\u0131n\u0131n d\u00fc\u015fd\u00fcy\u00fc Pol\u015fan\u0131n Vielun (Wielun) \u015f\u0259h\u0259rind\u0259 t\u0259\u015fkil edilmi\u015f m\u0259rasimd\u0259 tarixin \u0259n qanl\u0131 m\u00fcnaqi\u015f\u0259sin\u0259 g\u00f6r\u0259 Pol\u015fadan ba\u011f\u0131\u015flanmalar\u0131n\u0131 ist\u0259yib.\n<\/p>\n<p>\n  \u201cM\u0259n Vielun qurbanlar\u0131n\u0131n qar\u015f\u0131s\u0131nda ba\u015f \u0259yir\u0259m. Alman z\u00fclm\u00fcn\u00fcn qurban\u0131 olan polyaklar\u0131n qar\u015f\u0131s\u0131nda ba\u015f \u0259yir\u0259m. Sizd\u0259n ba\u011f\u0131\u015flanma dil\u0259yir\u0259m,\u201d &#8211; o, sentyabr\u0131n 1-d\u0259 h\u0259m alman, h\u0259m d\u0259 polyak dilind\u0259 dan\u0131\u015faraq deyib.\n<\/p>\n<p>\n  \u015etaynmayerin pol\u015fal\u0131 h\u0259mkar\u0131 Andrzej Duda da nasist Almaniyas\u0131n\u0131n Pol\u015faya h\u00fccumunu \u201cv\u0259h\u015filik\u201d adland\u0131r\u0131b.\n<\/p>\n<p>\n  \u201c\u0130kinci D\u00fcnya M\u00fcharib\u0259sinin \u015fahidl\u0259ri yox olsa da, onu unuaa bilm\u0259rik &#8230; Ona g\u00f6r\u0259 ki, Vielunda v\u0259 sonralar Pol\u015fada v\u0259 xaricd\u0259 bir \u00e7ox yerd\u0259 ba\u015f ver\u0259nl\u0259r he\u00e7 vaxt t\u0259krarlanmas\u0131n,\u201d- Duda deyib.\n<\/p>\n<p>\n  \u00dcmumilikd\u0259 50 milyondan \u00e7ox insan\u0131n \u00f6l\u00fcm\u00fcn\u0259 s\u0259b\u0259b olan m\u00fcharib\u0259d\u0259 t\u0259xmin\u0259n 6 milyon polyak, o c\u00fcml\u0259d\u0259n 3 milyon polyak y\u0259hudi \u00f6ld\u00fcr\u00fcl\u00fcb.\n<\/p>\n<p>\n  \u015etaynmayer v\u0259 dig\u0259r d\u00f6vl\u0259t v\u0259 h\u00f6kum\u0259t ba\u015f\u00e7\u0131lar\u0131 II D\u00fcnya M\u00fcharib\u0259sinin ba\u015flamas\u0131n\u0131n 80 illiyini qeyd etm\u0259k \u00fc\u00e7\u00fcn Pol\u015fadad\u0131r.\n<\/p>\n<p>\n  Var\u015favadak\u0131 \u0259sas t\u0259dbird\u0259 dan\u0131\u015fan AB\u015e vitse-prezidenti Mayk Pens Pol\u015fa xalq\u0131na ba\u015fsa\u011fl\u0131\u011f\u0131 verib v\u0259 deyib ki, onlar\u0131n xarakteri, inam\u0131 v\u0259 q\u0259tiyy\u0259ti b\u00fct\u00fcn f\u0259rqi ortaya qoyub.\n<\/p>\n<p>\n  Pens h\u0259m\u00e7inin deyib ki, Amerika v\u0259 Pol\u015fa ortaq m\u00fcdafi\u0259 \u00fc\u00e7\u00fcn b\u00fct\u00fcn m\u00fctt\u0259fiql\u0259ril\u0259 birlikd\u0259 olma\u011fa davam ed\u0259c\u0259k:\n<\/p>\n<p>\n  \u201cAmerika v\u0259 Pol\u015fa m\u00fctt\u0259fiql\u0259rimizi bir-birimiz\u0259 verdiyimiz v\u0259dl\u0259r\u0259 \u0259m\u0259l etm\u0259y\u0259 \u00e7a\u011f\u0131rma\u011fa davam ed\u0259c\u0259k\u201d.\n<\/p>\n<p>\n  AB\u015e Prezidenti Donald Tramp Floridaya yax\u0131nla\u015fan Dorian qas\u0131r\u011fas\u0131 il\u0259 \u0259laq\u0259dar s\u0259f\u0259rini t\u0259xir\u0259 sal\u0131b.\n<\/p>\n<p>\n  1 sentyabr 1939-cu ild\u0259 nasist alman qo\u015funlar\u0131 t\u0259r\u0259find\u0259n Pol\u015fan\u0131n i\u015f\u011fal\u0131 \u0130kinci D\u00fcnya M\u00fcharib\u0259sinin ba\u015flanmas\u0131n\u0131 \u0259sas\u0131n\u0131 qoyub.<\/p>\n","protected":false},"excerpt":{"rendered":"<p>\u00dcmumilikd\u0259 50 milyondan \u00e7ox insan\u0131n \u00f6l\u00fcm\u00fcn\u0259 s\u0259b\u0259b olan m\u00fcharib\u0259d\u0259 t\u0259xmin\u0259n 6 milyon polyak, o c\u00fcml\u0259d\u0259n 3 milyon polyak y\u0259hudi \u00f6ld\u00fcr\u00fcl\u00fcb.<\/p>\n","protected":false},"author":11,"featured_media":129053,"comment_status":"closed","ping_status":"open","sticky":false,"template":"","format":"standard","meta":{"_acf_changed":false,"_sitemap_exclude":false,"_sitemap_priority":"","_sitemap_frequency":"","footnotes":""},"categories":[64],"tags":[],"class_list":["post-196799","post","type-post","status-publish","format-standard","has-post-thumbnail","hentry","category-dunya","infinite-scroll-item","generate-columns","tablet-grid-50","mobile-grid-100","grid-parent","grid-33","no-featured-image-padding"],"acf":[],"yoast_head":"<!-- This site is optimized with the Yoast SEO plugin v27.5 - https:\/\/yoast.com\/product\/yoast-seo-wordpress\/ -->\n<title>Almaniya nasist tiranl\u0131\u011f\u0131na g\u00f6r\u0259 Pol\u015fadan \u00fczr ist\u0259yib - MEYDAN.TV<\/title>\n<meta name=\"robots\" content=\"index, follow, max-snippet:-1, max-image-preview:large, max-video-preview:-1\" \/>\n<link rel=\"canonical\" href=\"https:\/\/www.meydan.tv\/az\/article\/almaniya-nasist-tiranligina-gore-polsadan-uzr-isteyib\/\" \/>\n<meta property=\"og:locale\" content=\"az_AZ\" \/>\n<meta property=\"og:type\" content=\"article\" \/>\n<meta property=\"og:title\" content=\"Almaniya nasist tiranl\u0131\u011f\u0131na g\u00f6r\u0259 Pol\u015fadan \u00fczr ist\u0259yib - MEYDAN.TV\" \/>\n<meta property=\"og:description\" content=\"\u00dcmumilikd\u0259 50 milyondan \u00e7ox insan\u0131n \u00f6l\u00fcm\u00fcn\u0259 s\u0259b\u0259b olan m\u00fcharib\u0259d\u0259 t\u0259xmin\u0259n 6 milyon polyak, o c\u00fcml\u0259d\u0259n 3 milyon polyak y\u0259hudi \u00f6ld\u00fcr\u00fcl\u00fcb.\" \/>\n<meta property=\"og:url\" content=\"https:\/\/www.meydan.tv\/az\/article\/almaniya-nasist-tiranligina-gore-polsadan-uzr-isteyib\/\" \/>\n<meta property=\"og:site_name\" content=\"MEYDAN.TV\" \/>\n<meta property=\"article:published_time\" content=\"2019-09-02T14:41:48+00:00\" \/>\n<meta property=\"og:image\" content=\"https:\/\/www.meydan.tv\/wp-content\/uploads\/dr._frank-walter_steinmeier_2-scaled.jpg\" \/>\n\t<meta property=\"og:image:width\" content=\"2560\" \/>\n\t<meta property=\"og:image:height\" content=\"1703\" \/>\n\t<meta property=\"og:image:type\" content=\"image\/jpeg\" \/>\n<meta name=\"author\" content=\"user-manager\" \/>\n<meta name=\"twitter:card\" content=\"summary_large_image\" \/>\n<script type=\"application\/ld+json\" class=\"yoast-schema-graph\">{\"@context\":\"https:\\\/\\\/schema.org\",\"@graph\":[{\"@type\":\"Article\",\"@id\":\"https:\\\/\\\/www.meydan.tv\\\/az\\\/article\\\/almaniya-nasist-tiranligina-gore-polsadan-uzr-isteyib\\\/#article\",\"isPartOf\":{\"@id\":\"https:\\\/\\\/www.meydan.tv\\\/az\\\/article\\\/almaniya-nasist-tiranligina-gore-polsadan-uzr-isteyib\\\/\"},\"author\":{\"name\":\"user-manager\",\"@id\":\"https:\\\/\\\/www.meydan.tv\\\/az\\\/#\\\/schema\\\/person\\\/10d11eccf6da3662cf5fdab9806ea91a\"},\"headline\":\"Almaniya nasist tiranl\u0131\u011f\u0131na g\u00f6r\u0259 Pol\u015fadan \u00fczr ist\u0259yib\",\"datePublished\":\"2019-09-02T14:41:48+00:00\",\"mainEntityOfPage\":{\"@id\":\"https:\\\/\\\/www.meydan.tv\\\/az\\\/article\\\/almaniya-nasist-tiranligina-gore-polsadan-uzr-isteyib\\\/\"},\"wordCount\":393,\"publisher\":{\"@id\":\"https:\\\/\\\/www.meydan.tv\\\/az\\\/#organization\"},\"image\":{\"@id\":\"https:\\\/\\\/www.meydan.tv\\\/az\\\/article\\\/almaniya-nasist-tiranligina-gore-polsadan-uzr-isteyib\\\/#primaryimage\"},\"thumbnailUrl\":\"https:\\\/\\\/www.meydan.tv\\\/wp-content\\\/uploads\\\/dr._frank-walter_steinmeier_2-scaled.jpg\",\"articleSection\":[\"D\u00fcnya\"],\"inLanguage\":\"az\"},{\"@type\":\"WebPage\",\"@id\":\"https:\\\/\\\/www.meydan.tv\\\/az\\\/article\\\/almaniya-nasist-tiranligina-gore-polsadan-uzr-isteyib\\\/\",\"url\":\"https:\\\/\\\/www.meydan.tv\\\/az\\\/article\\\/almaniya-nasist-tiranligina-gore-polsadan-uzr-isteyib\\\/\",\"name\":\"Almaniya nasist tiranl\u0131\u011f\u0131na g\u00f6r\u0259 Pol\u015fadan \u00fczr ist\u0259yib - MEYDAN.TV\",\"isPartOf\":{\"@id\":\"https:\\\/\\\/www.meydan.tv\\\/az\\\/#website\"},\"primaryImageOfPage\":{\"@id\":\"https:\\\/\\\/www.meydan.tv\\\/az\\\/article\\\/almaniya-nasist-tiranligina-gore-polsadan-uzr-isteyib\\\/#primaryimage\"},\"image\":{\"@id\":\"https:\\\/\\\/www.meydan.tv\\\/az\\\/article\\\/almaniya-nasist-tiranligina-gore-polsadan-uzr-isteyib\\\/#primaryimage\"},\"thumbnailUrl\":\"https:\\\/\\\/www.meydan.tv\\\/wp-content\\\/uploads\\\/dr._frank-walter_steinmeier_2-scaled.jpg\",\"datePublished\":\"2019-09-02T14:41:48+00:00\",\"breadcrumb\":{\"@id\":\"https:\\\/\\\/www.meydan.tv\\\/az\\\/article\\\/almaniya-nasist-tiranligina-gore-polsadan-uzr-isteyib\\\/#breadcrumb\"},\"inLanguage\":\"az\",\"potentialAction\":[{\"@type\":\"ReadAction\",\"target\":[\"https:\\\/\\\/www.meydan.tv\\\/az\\\/article\\\/almaniya-nasist-tiranligina-gore-polsadan-uzr-isteyib\\\/\"]}]},{\"@type\":\"ImageObject\",\"inLanguage\":\"az\",\"@id\":\"https:\\\/\\\/www.meydan.tv\\\/az\\\/article\\\/almaniya-nasist-tiranligina-gore-polsadan-uzr-isteyib\\\/#primaryimage\",\"url\":\"https:\\\/\\\/www.meydan.tv\\\/wp-content\\\/uploads\\\/dr._frank-walter_steinmeier_2-scaled.jpg\",\"contentUrl\":\"https:\\\/\\\/www.meydan.tv\\\/wp-content\\\/uploads\\\/dr._frank-walter_steinmeier_2-scaled.jpg\",\"width\":2560,\"height\":1703,\"caption\":\"Source: google.az\"},{\"@type\":\"BreadcrumbList\",\"@id\":\"https:\\\/\\\/www.meydan.tv\\\/az\\\/article\\\/almaniya-nasist-tiranligina-gore-polsadan-uzr-isteyib\\\/#breadcrumb\",\"itemListElement\":[{\"@type\":\"ListItem\",\"position\":1,\"name\":\"Ana s\u0259hif\u0259\",\"item\":\"https:\\\/\\\/www.meydan.tv\\\/az\\\/\"},{\"@type\":\"ListItem\",\"position\":2,\"name\":\"D\u00fcnya\",\"item\":\"https:\\\/\\\/www.meydan.tv\\\/az\\\/section\\\/dunya\\\/\"},{\"@type\":\"ListItem\",\"position\":3,\"name\":\"Almaniya nasist tiranl\u0131\u011f\u0131na g\u00f6r\u0259 Pol\u015fadan \u00fczr ist\u0259yib\"}]},{\"@type\":\"WebSite\",\"@id\":\"https:\\\/\\\/www.meydan.tv\\\/az\\\/#website\",\"url\":\"https:\\\/\\\/www.meydan.tv\\\/az\\\/\",\"name\":\"MEYDAN.TV\",\"description\":\"Meydan TV Az\u0259rbaycan\u0131n media m\u0259kan\u0131ndak\u0131 alternativ s\u0259sidir\",\"publisher\":{\"@id\":\"https:\\\/\\\/www.meydan.tv\\\/az\\\/#organization\"},\"potentialAction\":[{\"@type\":\"SearchAction\",\"target\":{\"@type\":\"EntryPoint\",\"urlTemplate\":\"https:\\\/\\\/www.meydan.tv\\\/az\\\/?s={search_term_string}\"},\"query-input\":{\"@type\":\"PropertyValueSpecification\",\"valueRequired\":true,\"valueName\":\"search_term_string\"}}],\"inLanguage\":\"az\"},{\"@type\":\"Organization\",\"@id\":\"https:\\\/\\\/www.meydan.tv\\\/az\\\/#organization\",\"name\":\"Meydan TV\",\"url\":\"https:\\\/\\\/www.meydan.tv\\\/az\\\/\",\"logo\":{\"@type\":\"ImageObject\",\"inLanguage\":\"az\",\"@id\":\"https:\\\/\\\/www.meydan.tv\\\/az\\\/#\\\/schema\\\/logo\\\/image\\\/\",\"url\":\"https:\\\/\\\/www.meydan.tv\\\/wp-content\\\/uploads\\\/2021\\\/07\\\/meydan-logo.svg\",\"contentUrl\":\"https:\\\/\\\/www.meydan.tv\\\/wp-content\\\/uploads\\\/2021\\\/07\\\/meydan-logo.svg\",\"width\":195,\"height\":46,\"caption\":\"Meydan TV\"},\"image\":{\"@id\":\"https:\\\/\\\/www.meydan.tv\\\/az\\\/#\\\/schema\\\/logo\\\/image\\\/\"}},{\"@type\":\"Person\",\"@id\":\"https:\\\/\\\/www.meydan.tv\\\/az\\\/#\\\/schema\\\/person\\\/10d11eccf6da3662cf5fdab9806ea91a\",\"name\":\"user-manager\"}]}<\/script>\n<!-- \/ Yoast SEO plugin. -->","yoast_head_json":{"title":"Almaniya nasist tiranl\u0131\u011f\u0131na g\u00f6r\u0259 Pol\u015fadan \u00fczr ist\u0259yib - MEYDAN.TV","robots":{"index":"index","follow":"follow","max-snippet":"max-snippet:-1","max-image-preview":"max-image-preview:large","max-video-preview":"max-video-preview:-1"},"canonical":"https:\/\/www.meydan.tv\/az\/article\/almaniya-nasist-tiranligina-gore-polsadan-uzr-isteyib\/","og_locale":"az_AZ","og_type":"article","og_title":"Almaniya nasist tiranl\u0131\u011f\u0131na g\u00f6r\u0259 Pol\u015fadan \u00fczr ist\u0259yib - MEYDAN.TV","og_description":"\u00dcmumilikd\u0259 50 milyondan \u00e7ox insan\u0131n \u00f6l\u00fcm\u00fcn\u0259 s\u0259b\u0259b olan m\u00fcharib\u0259d\u0259 t\u0259xmin\u0259n 6 milyon polyak, o c\u00fcml\u0259d\u0259n 3 milyon polyak y\u0259hudi \u00f6ld\u00fcr\u00fcl\u00fcb.","og_url":"https:\/\/www.meydan.tv\/az\/article\/almaniya-nasist-tiranligina-gore-polsadan-uzr-isteyib\/","og_site_name":"MEYDAN.TV","article_published_time":"2019-09-02T14:41:48+00:00","og_image":[{"width":2560,"height":1703,"url":"https:\/\/www.meydan.tv\/wp-content\/uploads\/dr._frank-walter_steinmeier_2-scaled.jpg","type":"image\/jpeg"}],"author":"user-manager","twitter_card":"summary_large_image","schema":{"@context":"https:\/\/schema.org","@graph":[{"@type":"Article","@id":"https:\/\/www.meydan.tv\/az\/article\/almaniya-nasist-tiranligina-gore-polsadan-uzr-isteyib\/#article","isPartOf":{"@id":"https:\/\/www.meydan.tv\/az\/article\/almaniya-nasist-tiranligina-gore-polsadan-uzr-isteyib\/"},"author":{"name":"user-manager","@id":"https:\/\/www.meydan.tv\/az\/#\/schema\/person\/10d11eccf6da3662cf5fdab9806ea91a"},"headline":"Almaniya nasist tiranl\u0131\u011f\u0131na g\u00f6r\u0259 Pol\u015fadan \u00fczr ist\u0259yib","datePublished":"2019-09-02T14:41:48+00:00","mainEntityOfPage":{"@id":"https:\/\/www.meydan.tv\/az\/article\/almaniya-nasist-tiranligina-gore-polsadan-uzr-isteyib\/"},"wordCount":393,"publisher":{"@id":"https:\/\/www.meydan.tv\/az\/#organization"},"image":{"@id":"https:\/\/www.meydan.tv\/az\/article\/almaniya-nasist-tiranligina-gore-polsadan-uzr-isteyib\/#primaryimage"},"thumbnailUrl":"https:\/\/www.meydan.tv\/wp-content\/uploads\/dr._frank-walter_steinmeier_2-scaled.jpg","articleSection":["D\u00fcnya"],"inLanguage":"az"},{"@type":"WebPage","@id":"https:\/\/www.meydan.tv\/az\/article\/almaniya-nasist-tiranligina-gore-polsadan-uzr-isteyib\/","url":"https:\/\/www.meydan.tv\/az\/article\/almaniya-nasist-tiranligina-gore-polsadan-uzr-isteyib\/","name":"Almaniya nasist tiranl\u0131\u011f\u0131na g\u00f6r\u0259 Pol\u015fadan \u00fczr ist\u0259yib - MEYDAN.TV","isPartOf":{"@id":"https:\/\/www.meydan.tv\/az\/#website"},"primaryImageOfPage":{"@id":"https:\/\/www.meydan.tv\/az\/article\/almaniya-nasist-tiranligina-gore-polsadan-uzr-isteyib\/#primaryimage"},"image":{"@id":"https:\/\/www.meydan.tv\/az\/article\/almaniya-nasist-tiranligina-gore-polsadan-uzr-isteyib\/#primaryimage"},"thumbnailUrl":"https:\/\/www.meydan.tv\/wp-content\/uploads\/dr._frank-walter_steinmeier_2-scaled.jpg","datePublished":"2019-09-02T14:41:48+00:00","breadcrumb":{"@id":"https:\/\/www.meydan.tv\/az\/article\/almaniya-nasist-tiranligina-gore-polsadan-uzr-isteyib\/#breadcrumb"},"inLanguage":"az","potentialAction":[{"@type":"ReadAction","target":["https:\/\/www.meydan.tv\/az\/article\/almaniya-nasist-tiranligina-gore-polsadan-uzr-isteyib\/"]}]},{"@type":"ImageObject","inLanguage":"az","@id":"https:\/\/www.meydan.tv\/az\/article\/almaniya-nasist-tiranligina-gore-polsadan-uzr-isteyib\/#primaryimage","url":"https:\/\/www.meydan.tv\/wp-content\/uploads\/dr._frank-walter_steinmeier_2-scaled.jpg","contentUrl":"https:\/\/www.meydan.tv\/wp-content\/uploads\/dr._frank-walter_steinmeier_2-scaled.jpg","width":2560,"height":1703,"caption":"Source: google.az"},{"@type":"BreadcrumbList","@id":"https:\/\/www.meydan.tv\/az\/article\/almaniya-nasist-tiranligina-gore-polsadan-uzr-isteyib\/#breadcrumb","itemListElement":[{"@type":"ListItem","position":1,"name":"Ana s\u0259hif\u0259","item":"https:\/\/www.meydan.tv\/az\/"},{"@type":"ListItem","position":2,"name":"D\u00fcnya","item":"https:\/\/www.meydan.tv\/az\/section\/dunya\/"},{"@type":"ListItem","position":3,"name":"Almaniya nasist tiranl\u0131\u011f\u0131na g\u00f6r\u0259 Pol\u015fadan \u00fczr ist\u0259yib"}]},{"@type":"WebSite","@id":"https:\/\/www.meydan.tv\/az\/#website","url":"https:\/\/www.meydan.tv\/az\/","name":"MEYDAN.TV","description":"Meydan TV Az\u0259rbaycan\u0131n media m\u0259kan\u0131ndak\u0131 alternativ s\u0259sidir","publisher":{"@id":"https:\/\/www.meydan.tv\/az\/#organization"},"potentialAction":[{"@type":"SearchAction","target":{"@type":"EntryPoint","urlTemplate":"https:\/\/www.meydan.tv\/az\/?s={search_term_string}"},"query-input":{"@type":"PropertyValueSpecification","valueRequired":true,"valueName":"search_term_string"}}],"inLanguage":"az"},{"@type":"Organization","@id":"https:\/\/www.meydan.tv\/az\/#organization","name":"Meydan TV","url":"https:\/\/www.meydan.tv\/az\/","logo":{"@type":"ImageObject","inLanguage":"az","@id":"https:\/\/www.meydan.tv\/az\/#\/schema\/logo\/image\/","url":"https:\/\/www.meydan.tv\/wp-content\/uploads\/2021\/07\/meydan-logo.svg","contentUrl":"https:\/\/www.meydan.tv\/wp-content\/uploads\/2021\/07\/meydan-logo.svg","width":195,"height":46,"caption":"Meydan TV"},"image":{"@id":"https:\/\/www.meydan.tv\/az\/#\/schema\/logo\/image\/"}},{"@type":"Person","@id":"https:\/\/www.meydan.tv\/az\/#\/schema\/person\/10d11eccf6da3662cf5fdab9806ea91a","name":"user-manager"}]}},"_links":{"self":[{"href":"https:\/\/www.meydan.tv\/az\/wp-json\/wp\/v2\/posts\/196799","targetHints":{"allow":["GET"]}}],"collection":[{"href":"https:\/\/www.meydan.tv\/az\/wp-json\/wp\/v2\/posts"}],"about":[{"href":"https:\/\/www.meydan.tv\/az\/wp-json\/wp\/v2\/types\/post"}],"author":[{"embeddable":true,"href":"https:\/\/www.meydan.tv\/az\/wp-json\/wp\/v2\/users\/11"}],"replies":[{"embeddable":true,"href":"https:\/\/www.meydan.tv\/az\/wp-json\/wp\/v2\/comments?post=196799"}],"version-history":[{"count":0,"href":"https:\/\/www.meydan.tv\/az\/wp-json\/wp\/v2\/posts\/196799\/revisions"}],"wp:featuredmedia":[{"embeddable":true,"href":"https:\/\/www.meydan.tv\/az\/wp-json\/wp\/v2\/media\/129053"}],"wp:attachment":[{"href":"https:\/\/www.meydan.tv\/az\/wp-json\/wp\/v2\/media?parent=196799"}],"wp:term":[{"taxonomy":"category","embeddable":true,"href":"https:\/\/www.meydan.tv\/az\/wp-json\/wp\/v2\/categories?post=196799"},{"taxonomy":"post_tag","embeddable":true,"href":"https:\/\/www.meydan.tv\/az\/wp-json\/wp\/v2\/tags?post=196799"}],"curies":[{"name":"wp","href":"https:\/\/api.w.org\/{rel}","templated":true}]}}