{"id":196793,"date":"2019-09-02T06:54:07","date_gmt":"2019-09-02T06:54:07","guid":{"rendered":"https:\/\/www.meydan.tv\/article\/almaniyada-azerbaycanli-qadin-pencereden-duserek-olub\/"},"modified":"2019-09-02T06:54:07","modified_gmt":"2019-09-02T06:54:07","slug":"almaniyada-azerbaycanli-qadin-pencereden-duserek-olub","status":"publish","type":"post","link":"https:\/\/www.meydan.tv\/az\/article\/almaniyada-azerbaycanli-qadin-pencereden-duserek-olub\/","title":{"rendered":"Almaniyada az\u0259rbaycanl\u0131 qad\u0131n p\u0259nc\u0259r\u0259d\u0259n d\u00fc\u015f\u0259r\u0259k \u00f6l\u00fcb"},"content":{"rendered":"<p>\n  <i><br \/>\n    Qad\u0131n\u0131n 8 ayl\u0131q hamil\u0259 oldu\u011fu bildirilir<br \/>\n  <\/i>\n<\/p>\n<p>\n  Avqustun 31-d\u0259 32 ya\u015fl\u0131 az\u0259rbaycanl\u0131 qad\u0131n Almaniyan\u0131n Berlin \u015f\u0259h\u0259rind\u0259ki qa\u00e7q\u0131n yataqxanas\u0131n\u0131n p\u0259nc\u0259r\u0259sind\u0259n y\u0131x\u0131laraq \u00f6l\u00fcb.\n<\/p>\n<p>\n  Bu bar\u0259d\u0259 Berlind\u0259 n\u0259\u015fr edil\u0259n edil\u0259n<br \/>\n  <a href=\"https:\/\/www.morgenpost.de\/berlin\/polizeibericht\/article226951403\/Polizeibericht-Schwangere-stirbt-nach-Sturz-aus-dem-4-Stock-in-Berlin-Rahnsdorf.html?fbclid=IwAR0kMXdKwv7Zy8Pj4hGEZC6cg0w5Q_oYRHTGn4idnhRqty4xeGxQ6velxKE\"><br \/>\n    &quot;Berliner Morgenpost&quot;<br \/>\n  <\/a><br \/>\n  q\u0259zeti m\u0259lumat yay\u0131b.\n<\/p>\n<p>\n  X\u0259b\u0259rd\u0259 qad\u0131n\u0131n 8 ayl\u0131q hamil\u0259 oldu\u011fu qeyd edilib. Bildirilir ki, o, ya\u015fad\u0131\u011f\u0131 yataqxana ota\u011f\u0131n\u0131n p\u0259nc\u0259r\u0259sini sil\u0259rk\u0259n, 4-c\u00fc m\u0259rt\u0259b\u0259d\u0259n y\u0131x\u0131l\u0131b. Hadis\u0259 yerin\u0259 d\u0259rhal t\u0259cili tibbi yard\u0131m g\u0259ls\u0259 d\u0259, qad\u0131n\u0131 v\u0259 h\u0259l\u0259 d\u00fcnyaya g\u0259lm\u0259mi\u015f k\u00f6rp\u0259nin h\u0259yat\u0131n\u0131 xilas etm\u0259k m\u00fcmk\u00fcn olmay\u0131b.\n<\/p>\n<p>\n  Q\u0259zetin yazd\u0131\u011f\u0131na g\u00f6r\u0259, qad\u0131n\u0131n \u0259ri v\u0259 ail\u0259nin dig\u0259r \u00f6vlad\u0131 b\u0259db\u0259xt hadis\u0259d\u0259n \u015fok ke\u00e7iribl\u0259r. Onlar x\u0259st\u0259xanaya yerl\u0259\u015fdirilibl\u0259r.\n<\/p>\n<p>\n  Qad\u0131n\u0131n kimliyi il\u0259 ba\u011fl\u0131 h\u0259r hans\u0131 m\u0259lumat verilm\u0259yib. T\u0259kc\u0259 Az\u0259rbaycandan olmas\u0131 qeyd edilib.\n<\/p>\n<p>\n  2019-cu ilin ilk alt\u0131 ay\u0131 \u0259rzind\u0259 999 Az\u0259rbaycan v\u0259t\u0259nda\u015f\u0131 Almaniyadan s\u0131\u011f\u0131nacaq ist\u0259yib. M\u0259lumat\u0131 Almaniyada f\u0259aliyy\u0259t g\u00f6st\u0259r\u0259n \u201cLeqat\u201d \u0130nteqrasiya M\u0259rk\u0259zi yay\u0131b.\n<\/p>\n<p>\n  Bildirilir ki, qa\u00e7q\u0131n statusu almaq \u00fc\u00e7\u00fcn Almaniya Miqrasiya v\u0259 Qa\u00e7q\u0131nlarla i\u015f \u00fczr\u0259 Federal \u0130dar\u0259y\u0259 (BAMF) m\u00fcraci\u0259t ed\u0259n 999 az\u0259rbaycanl\u0131dan 706 n\u0259f\u0259ri ilk d\u0259f\u0259, 293 n\u0259f\u0259ri is\u0259 t\u0259krar \u0259riz\u0259 il\u0259 m\u00fcraci\u0259t ed\u0259n \u015f\u0259xsl\u0259rdir.\n<\/p>\n<p>\n  \u201c2019-cu ilin 6 ay\u0131 \u0259rzind\u0259 qa\u00e7q\u0131n statusu \u00fc\u00e7\u00fcn m\u00fcraci\u0259tl\u0259r \u00fczr\u0259 1400 q\u0259rar q\u0259bul edilib. Onlardan 6 n\u0259f\u0259rinin s\u0131\u011f\u0131nacaq haqq\u0131nda \u0259riz\u0259si \u00fczr\u0259 m\u00fcsb\u0259t cavab, 46 n\u0259f\u0259r\u0259 qa\u00e7q\u0131n statusu verilib\u201d.\n<\/p>\n<p>\n  M\u0259rk\u0259z bildirir ki, 6 ay \u0259rzind\u0259 c\u0259mi 74 n\u0259f\u0259rin m\u00fcraci\u0259ti \u00fczr\u0259 BAMF m\u00fcsb\u0259t q\u0259rar q\u0259bul edib. Onlara Almaniyada m\u00fcv\u0259qq\u0259ti ya\u015fay\u0131\u015f icaz\u0259si verib. 768 n\u0259f\u0259rin qa\u00e7q\u0131n statusu haqq\u0131nda m\u00fcraci\u0259tin\u0259 is\u0259 r\u0259dd cavab\u0131 verilib.<\/p>\n","protected":false},"excerpt":{"rendered":"<p>Q\u0259zetin yazd\u0131\u011f\u0131na g\u00f6r\u0259, qad\u0131n\u0131n \u0259ri v\u0259 ail\u0259nin dig\u0259r \u00f6vlad\u0131 b\u0259db\u0259xt hadis\u0259d\u0259n \u015fok ke\u00e7iribl\u0259r.<\/p>\n","protected":false},"author":11,"featured_media":129014,"comment_status":"closed","ping_status":"open","sticky":false,"template":"","format":"standard","meta":{"_acf_changed":false,"_sitemap_exclude":false,"_sitemap_priority":"","_sitemap_frequency":"","footnotes":""},"categories":[64],"tags":[],"class_list":["post-196793","post","type-post","status-publish","format-standard","has-post-thumbnail","hentry","category-dunya","infinite-scroll-item","generate-columns","tablet-grid-50","mobile-grid-100","grid-parent","grid-33","no-featured-image-padding"],"acf":[],"yoast_head":"<!-- This site is optimized with the Yoast SEO plugin v27.5 - https:\/\/yoast.com\/product\/yoast-seo-wordpress\/ -->\n<title>Almaniyada az\u0259rbaycanl\u0131 qad\u0131n p\u0259nc\u0259r\u0259d\u0259n d\u00fc\u015f\u0259r\u0259k \u00f6l\u00fcb - MEYDAN.TV<\/title>\n<meta name=\"robots\" content=\"index, follow, max-snippet:-1, max-image-preview:large, max-video-preview:-1\" \/>\n<link rel=\"canonical\" href=\"https:\/\/www.meydan.tv\/az\/article\/almaniyada-azerbaycanli-qadin-pencereden-duserek-olub\/\" \/>\n<meta property=\"og:locale\" content=\"az_AZ\" \/>\n<meta property=\"og:type\" content=\"article\" \/>\n<meta property=\"og:title\" content=\"Almaniyada az\u0259rbaycanl\u0131 qad\u0131n p\u0259nc\u0259r\u0259d\u0259n d\u00fc\u015f\u0259r\u0259k \u00f6l\u00fcb - MEYDAN.TV\" \/>\n<meta property=\"og:description\" content=\"Q\u0259zetin yazd\u0131\u011f\u0131na g\u00f6r\u0259, qad\u0131n\u0131n \u0259ri v\u0259 ail\u0259nin dig\u0259r \u00f6vlad\u0131 b\u0259db\u0259xt hadis\u0259d\u0259n \u015fok ke\u00e7iribl\u0259r.\" \/>\n<meta property=\"og:url\" content=\"https:\/\/www.meydan.tv\/az\/article\/almaniyada-azerbaycanli-qadin-pencereden-duserek-olub\/\" \/>\n<meta property=\"og:site_name\" content=\"MEYDAN.TV\" \/>\n<meta property=\"article:published_time\" content=\"2019-09-02T06:54:07+00:00\" \/>\n<meta property=\"og:image\" content=\"https:\/\/www.meydan.tv\/wp-content\/uploads\/f224f63e-cc97-11e9-953c-56861886f186.jpg\" \/>\n\t<meta property=\"og:image:width\" content=\"853\" \/>\n\t<meta property=\"og:image:height\" content=\"480\" \/>\n\t<meta property=\"og:image:type\" content=\"image\/jpeg\" \/>\n<meta name=\"author\" content=\"user-manager\" \/>\n<meta name=\"twitter:card\" content=\"summary_large_image\" \/>\n<script type=\"application\/ld+json\" class=\"yoast-schema-graph\">{\"@context\":\"https:\\\/\\\/schema.org\",\"@graph\":[{\"@type\":\"Article\",\"@id\":\"https:\\\/\\\/www.meydan.tv\\\/az\\\/article\\\/almaniyada-azerbaycanli-qadin-pencereden-duserek-olub\\\/#article\",\"isPartOf\":{\"@id\":\"https:\\\/\\\/www.meydan.tv\\\/az\\\/article\\\/almaniyada-azerbaycanli-qadin-pencereden-duserek-olub\\\/\"},\"author\":{\"name\":\"user-manager\",\"@id\":\"https:\\\/\\\/www.meydan.tv\\\/az\\\/#\\\/schema\\\/person\\\/10d11eccf6da3662cf5fdab9806ea91a\"},\"headline\":\"Almaniyada az\u0259rbaycanl\u0131 qad\u0131n p\u0259nc\u0259r\u0259d\u0259n d\u00fc\u015f\u0259r\u0259k \u00f6l\u00fcb\",\"datePublished\":\"2019-09-02T06:54:07+00:00\",\"mainEntityOfPage\":{\"@id\":\"https:\\\/\\\/www.meydan.tv\\\/az\\\/article\\\/almaniyada-azerbaycanli-qadin-pencereden-duserek-olub\\\/\"},\"wordCount\":380,\"publisher\":{\"@id\":\"https:\\\/\\\/www.meydan.tv\\\/az\\\/#organization\"},\"image\":{\"@id\":\"https:\\\/\\\/www.meydan.tv\\\/az\\\/article\\\/almaniyada-azerbaycanli-qadin-pencereden-duserek-olub\\\/#primaryimage\"},\"thumbnailUrl\":\"https:\\\/\\\/www.meydan.tv\\\/wp-content\\\/uploads\\\/f224f63e-cc97-11e9-953c-56861886f186.jpg\",\"articleSection\":[\"D\u00fcnya\"],\"inLanguage\":\"az\"},{\"@type\":\"WebPage\",\"@id\":\"https:\\\/\\\/www.meydan.tv\\\/az\\\/article\\\/almaniyada-azerbaycanli-qadin-pencereden-duserek-olub\\\/\",\"url\":\"https:\\\/\\\/www.meydan.tv\\\/az\\\/article\\\/almaniyada-azerbaycanli-qadin-pencereden-duserek-olub\\\/\",\"name\":\"Almaniyada az\u0259rbaycanl\u0131 qad\u0131n p\u0259nc\u0259r\u0259d\u0259n d\u00fc\u015f\u0259r\u0259k \u00f6l\u00fcb - MEYDAN.TV\",\"isPartOf\":{\"@id\":\"https:\\\/\\\/www.meydan.tv\\\/az\\\/#website\"},\"primaryImageOfPage\":{\"@id\":\"https:\\\/\\\/www.meydan.tv\\\/az\\\/article\\\/almaniyada-azerbaycanli-qadin-pencereden-duserek-olub\\\/#primaryimage\"},\"image\":{\"@id\":\"https:\\\/\\\/www.meydan.tv\\\/az\\\/article\\\/almaniyada-azerbaycanli-qadin-pencereden-duserek-olub\\\/#primaryimage\"},\"thumbnailUrl\":\"https:\\\/\\\/www.meydan.tv\\\/wp-content\\\/uploads\\\/f224f63e-cc97-11e9-953c-56861886f186.jpg\",\"datePublished\":\"2019-09-02T06:54:07+00:00\",\"breadcrumb\":{\"@id\":\"https:\\\/\\\/www.meydan.tv\\\/az\\\/article\\\/almaniyada-azerbaycanli-qadin-pencereden-duserek-olub\\\/#breadcrumb\"},\"inLanguage\":\"az\",\"potentialAction\":[{\"@type\":\"ReadAction\",\"target\":[\"https:\\\/\\\/www.meydan.tv\\\/az\\\/article\\\/almaniyada-azerbaycanli-qadin-pencereden-duserek-olub\\\/\"]}]},{\"@type\":\"ImageObject\",\"inLanguage\":\"az\",\"@id\":\"https:\\\/\\\/www.meydan.tv\\\/az\\\/article\\\/almaniyada-azerbaycanli-qadin-pencereden-duserek-olub\\\/#primaryimage\",\"url\":\"https:\\\/\\\/www.meydan.tv\\\/wp-content\\\/uploads\\\/f224f63e-cc97-11e9-953c-56861886f186.jpg\",\"contentUrl\":\"https:\\\/\\\/www.meydan.tv\\\/wp-content\\\/uploads\\\/f224f63e-cc97-11e9-953c-56861886f186.jpg\",\"width\":853,\"height\":480,\"caption\":\"Source: meydan.tv\"},{\"@type\":\"BreadcrumbList\",\"@id\":\"https:\\\/\\\/www.meydan.tv\\\/az\\\/article\\\/almaniyada-azerbaycanli-qadin-pencereden-duserek-olub\\\/#breadcrumb\",\"itemListElement\":[{\"@type\":\"ListItem\",\"position\":1,\"name\":\"Ana s\u0259hif\u0259\",\"item\":\"https:\\\/\\\/www.meydan.tv\\\/az\\\/\"},{\"@type\":\"ListItem\",\"position\":2,\"name\":\"D\u00fcnya\",\"item\":\"https:\\\/\\\/www.meydan.tv\\\/az\\\/section\\\/dunya\\\/\"},{\"@type\":\"ListItem\",\"position\":3,\"name\":\"Almaniyada az\u0259rbaycanl\u0131 qad\u0131n p\u0259nc\u0259r\u0259d\u0259n d\u00fc\u015f\u0259r\u0259k \u00f6l\u00fcb\"}]},{\"@type\":\"WebSite\",\"@id\":\"https:\\\/\\\/www.meydan.tv\\\/az\\\/#website\",\"url\":\"https:\\\/\\\/www.meydan.tv\\\/az\\\/\",\"name\":\"MEYDAN.TV\",\"description\":\"Meydan TV Az\u0259rbaycan\u0131n media m\u0259kan\u0131ndak\u0131 alternativ s\u0259sidir\",\"publisher\":{\"@id\":\"https:\\\/\\\/www.meydan.tv\\\/az\\\/#organization\"},\"potentialAction\":[{\"@type\":\"SearchAction\",\"target\":{\"@type\":\"EntryPoint\",\"urlTemplate\":\"https:\\\/\\\/www.meydan.tv\\\/az\\\/?s={search_term_string}\"},\"query-input\":{\"@type\":\"PropertyValueSpecification\",\"valueRequired\":true,\"valueName\":\"search_term_string\"}}],\"inLanguage\":\"az\"},{\"@type\":\"Organization\",\"@id\":\"https:\\\/\\\/www.meydan.tv\\\/az\\\/#organization\",\"name\":\"Meydan TV\",\"url\":\"https:\\\/\\\/www.meydan.tv\\\/az\\\/\",\"logo\":{\"@type\":\"ImageObject\",\"inLanguage\":\"az\",\"@id\":\"https:\\\/\\\/www.meydan.tv\\\/az\\\/#\\\/schema\\\/logo\\\/image\\\/\",\"url\":\"https:\\\/\\\/www.meydan.tv\\\/wp-content\\\/uploads\\\/2021\\\/07\\\/meydan-logo.svg\",\"contentUrl\":\"https:\\\/\\\/www.meydan.tv\\\/wp-content\\\/uploads\\\/2021\\\/07\\\/meydan-logo.svg\",\"width\":195,\"height\":46,\"caption\":\"Meydan TV\"},\"image\":{\"@id\":\"https:\\\/\\\/www.meydan.tv\\\/az\\\/#\\\/schema\\\/logo\\\/image\\\/\"}},{\"@type\":\"Person\",\"@id\":\"https:\\\/\\\/www.meydan.tv\\\/az\\\/#\\\/schema\\\/person\\\/10d11eccf6da3662cf5fdab9806ea91a\",\"name\":\"user-manager\"}]}<\/script>\n<!-- \/ Yoast SEO plugin. -->","yoast_head_json":{"title":"Almaniyada az\u0259rbaycanl\u0131 qad\u0131n p\u0259nc\u0259r\u0259d\u0259n d\u00fc\u015f\u0259r\u0259k \u00f6l\u00fcb - MEYDAN.TV","robots":{"index":"index","follow":"follow","max-snippet":"max-snippet:-1","max-image-preview":"max-image-preview:large","max-video-preview":"max-video-preview:-1"},"canonical":"https:\/\/www.meydan.tv\/az\/article\/almaniyada-azerbaycanli-qadin-pencereden-duserek-olub\/","og_locale":"az_AZ","og_type":"article","og_title":"Almaniyada az\u0259rbaycanl\u0131 qad\u0131n p\u0259nc\u0259r\u0259d\u0259n d\u00fc\u015f\u0259r\u0259k \u00f6l\u00fcb - MEYDAN.TV","og_description":"Q\u0259zetin yazd\u0131\u011f\u0131na g\u00f6r\u0259, qad\u0131n\u0131n \u0259ri v\u0259 ail\u0259nin dig\u0259r \u00f6vlad\u0131 b\u0259db\u0259xt hadis\u0259d\u0259n \u015fok ke\u00e7iribl\u0259r.","og_url":"https:\/\/www.meydan.tv\/az\/article\/almaniyada-azerbaycanli-qadin-pencereden-duserek-olub\/","og_site_name":"MEYDAN.TV","article_published_time":"2019-09-02T06:54:07+00:00","og_image":[{"width":853,"height":480,"url":"https:\/\/www.meydan.tv\/wp-content\/uploads\/f224f63e-cc97-11e9-953c-56861886f186.jpg","type":"image\/jpeg"}],"author":"user-manager","twitter_card":"summary_large_image","schema":{"@context":"https:\/\/schema.org","@graph":[{"@type":"Article","@id":"https:\/\/www.meydan.tv\/az\/article\/almaniyada-azerbaycanli-qadin-pencereden-duserek-olub\/#article","isPartOf":{"@id":"https:\/\/www.meydan.tv\/az\/article\/almaniyada-azerbaycanli-qadin-pencereden-duserek-olub\/"},"author":{"name":"user-manager","@id":"https:\/\/www.meydan.tv\/az\/#\/schema\/person\/10d11eccf6da3662cf5fdab9806ea91a"},"headline":"Almaniyada az\u0259rbaycanl\u0131 qad\u0131n p\u0259nc\u0259r\u0259d\u0259n d\u00fc\u015f\u0259r\u0259k \u00f6l\u00fcb","datePublished":"2019-09-02T06:54:07+00:00","mainEntityOfPage":{"@id":"https:\/\/www.meydan.tv\/az\/article\/almaniyada-azerbaycanli-qadin-pencereden-duserek-olub\/"},"wordCount":380,"publisher":{"@id":"https:\/\/www.meydan.tv\/az\/#organization"},"image":{"@id":"https:\/\/www.meydan.tv\/az\/article\/almaniyada-azerbaycanli-qadin-pencereden-duserek-olub\/#primaryimage"},"thumbnailUrl":"https:\/\/www.meydan.tv\/wp-content\/uploads\/f224f63e-cc97-11e9-953c-56861886f186.jpg","articleSection":["D\u00fcnya"],"inLanguage":"az"},{"@type":"WebPage","@id":"https:\/\/www.meydan.tv\/az\/article\/almaniyada-azerbaycanli-qadin-pencereden-duserek-olub\/","url":"https:\/\/www.meydan.tv\/az\/article\/almaniyada-azerbaycanli-qadin-pencereden-duserek-olub\/","name":"Almaniyada az\u0259rbaycanl\u0131 qad\u0131n p\u0259nc\u0259r\u0259d\u0259n d\u00fc\u015f\u0259r\u0259k \u00f6l\u00fcb - MEYDAN.TV","isPartOf":{"@id":"https:\/\/www.meydan.tv\/az\/#website"},"primaryImageOfPage":{"@id":"https:\/\/www.meydan.tv\/az\/article\/almaniyada-azerbaycanli-qadin-pencereden-duserek-olub\/#primaryimage"},"image":{"@id":"https:\/\/www.meydan.tv\/az\/article\/almaniyada-azerbaycanli-qadin-pencereden-duserek-olub\/#primaryimage"},"thumbnailUrl":"https:\/\/www.meydan.tv\/wp-content\/uploads\/f224f63e-cc97-11e9-953c-56861886f186.jpg","datePublished":"2019-09-02T06:54:07+00:00","breadcrumb":{"@id":"https:\/\/www.meydan.tv\/az\/article\/almaniyada-azerbaycanli-qadin-pencereden-duserek-olub\/#breadcrumb"},"inLanguage":"az","potentialAction":[{"@type":"ReadAction","target":["https:\/\/www.meydan.tv\/az\/article\/almaniyada-azerbaycanli-qadin-pencereden-duserek-olub\/"]}]},{"@type":"ImageObject","inLanguage":"az","@id":"https:\/\/www.meydan.tv\/az\/article\/almaniyada-azerbaycanli-qadin-pencereden-duserek-olub\/#primaryimage","url":"https:\/\/www.meydan.tv\/wp-content\/uploads\/f224f63e-cc97-11e9-953c-56861886f186.jpg","contentUrl":"https:\/\/www.meydan.tv\/wp-content\/uploads\/f224f63e-cc97-11e9-953c-56861886f186.jpg","width":853,"height":480,"caption":"Source: meydan.tv"},{"@type":"BreadcrumbList","@id":"https:\/\/www.meydan.tv\/az\/article\/almaniyada-azerbaycanli-qadin-pencereden-duserek-olub\/#breadcrumb","itemListElement":[{"@type":"ListItem","position":1,"name":"Ana s\u0259hif\u0259","item":"https:\/\/www.meydan.tv\/az\/"},{"@type":"ListItem","position":2,"name":"D\u00fcnya","item":"https:\/\/www.meydan.tv\/az\/section\/dunya\/"},{"@type":"ListItem","position":3,"name":"Almaniyada az\u0259rbaycanl\u0131 qad\u0131n p\u0259nc\u0259r\u0259d\u0259n d\u00fc\u015f\u0259r\u0259k \u00f6l\u00fcb"}]},{"@type":"WebSite","@id":"https:\/\/www.meydan.tv\/az\/#website","url":"https:\/\/www.meydan.tv\/az\/","name":"MEYDAN.TV","description":"Meydan TV Az\u0259rbaycan\u0131n media m\u0259kan\u0131ndak\u0131 alternativ s\u0259sidir","publisher":{"@id":"https:\/\/www.meydan.tv\/az\/#organization"},"potentialAction":[{"@type":"SearchAction","target":{"@type":"EntryPoint","urlTemplate":"https:\/\/www.meydan.tv\/az\/?s={search_term_string}"},"query-input":{"@type":"PropertyValueSpecification","valueRequired":true,"valueName":"search_term_string"}}],"inLanguage":"az"},{"@type":"Organization","@id":"https:\/\/www.meydan.tv\/az\/#organization","name":"Meydan TV","url":"https:\/\/www.meydan.tv\/az\/","logo":{"@type":"ImageObject","inLanguage":"az","@id":"https:\/\/www.meydan.tv\/az\/#\/schema\/logo\/image\/","url":"https:\/\/www.meydan.tv\/wp-content\/uploads\/2021\/07\/meydan-logo.svg","contentUrl":"https:\/\/www.meydan.tv\/wp-content\/uploads\/2021\/07\/meydan-logo.svg","width":195,"height":46,"caption":"Meydan TV"},"image":{"@id":"https:\/\/www.meydan.tv\/az\/#\/schema\/logo\/image\/"}},{"@type":"Person","@id":"https:\/\/www.meydan.tv\/az\/#\/schema\/person\/10d11eccf6da3662cf5fdab9806ea91a","name":"user-manager"}]}},"_links":{"self":[{"href":"https:\/\/www.meydan.tv\/az\/wp-json\/wp\/v2\/posts\/196793","targetHints":{"allow":["GET"]}}],"collection":[{"href":"https:\/\/www.meydan.tv\/az\/wp-json\/wp\/v2\/posts"}],"about":[{"href":"https:\/\/www.meydan.tv\/az\/wp-json\/wp\/v2\/types\/post"}],"author":[{"embeddable":true,"href":"https:\/\/www.meydan.tv\/az\/wp-json\/wp\/v2\/users\/11"}],"replies":[{"embeddable":true,"href":"https:\/\/www.meydan.tv\/az\/wp-json\/wp\/v2\/comments?post=196793"}],"version-history":[{"count":0,"href":"https:\/\/www.meydan.tv\/az\/wp-json\/wp\/v2\/posts\/196793\/revisions"}],"wp:featuredmedia":[{"embeddable":true,"href":"https:\/\/www.meydan.tv\/az\/wp-json\/wp\/v2\/media\/129014"}],"wp:attachment":[{"href":"https:\/\/www.meydan.tv\/az\/wp-json\/wp\/v2\/media?parent=196793"}],"wp:term":[{"taxonomy":"category","embeddable":true,"href":"https:\/\/www.meydan.tv\/az\/wp-json\/wp\/v2\/categories?post=196793"},{"taxonomy":"post_tag","embeddable":true,"href":"https:\/\/www.meydan.tv\/az\/wp-json\/wp\/v2\/tags?post=196793"}],"curies":[{"name":"wp","href":"https:\/\/api.w.org\/{rel}","templated":true}]}}