{"id":196792,"date":"2019-08-31T20:25:43","date_gmt":"2019-08-31T20:25:43","guid":{"rendered":"https:\/\/www.meydan.tv\/article\/serq-terefdasligindan-gozlentiler-ve-neticeler\/"},"modified":"2019-08-31T20:25:43","modified_gmt":"2019-08-31T20:25:43","slug":"serq-terefdasligindan-gozlentiler-ve-neticeler","status":"publish","type":"post","link":"https:\/\/www.meydan.tv\/az\/article\/serq-terefdasligindan-gozlentiler-ve-neticeler\/","title":{"rendered":"\u015e\u0259rq T\u0259r\u0259fda\u015fl\u0131\u011f\u0131ndan g\u00f6zl\u0259ntil\u0259r v\u0259 n\u0259tic\u0259l\u0259r"},"content":{"rendered":"<p>\n  M\u00fcst\u0259qillik ill\u0259rind\u0259n sonra Az\u0259rbaycan\u0131n Avropa \u00f6lk\u0259l\u0259rinin strukturu il\u0259 \u0259m\u0259kda\u015fl\u0131q m\u00fcnasib\u0259tl\u0259ri formala\u015fma\u011fa ba\u015fland\u0131. Postsovet m\u0259kan\u0131nda daha 6 d\u00f6vl\u0259tin bu inteqrasiya prosesind\u0259 rol alma\u011f\u0131na ba\u015flan\u0131ld\u0131. Yeri d\u00fc\u015fm\u00fc\u015fk\u0259n, \u015e\u0259rq T\u0259r\u0259fda\u015fl\u0131q Proqram\u0131 (\u015eTP) kimi elan olunan bu m\u00fcnasib\u0259tl\u0259rin n\u00f6vb\u0259ti m\u0259rh\u0259l\u0259si Avropa \u0130ttifaq\u0131 il\u0259 \u0259m\u0259kda\u015fl\u0131\u011f\u0131n \u00fc\u00e7\u00fcnc\u00fc fazas\u0131 hesab olunur.\n<\/p>\n<p>\n  Bu il m\u00f6vcud \u0259m\u0259kda\u015fl\u0131\u011f\u0131n 10 ili ba\u011fl\u0131 h\u0259min \u00f6lk\u0259l\u0259rd\u0259 (Belarus, Erm\u0259nistan, G\u00fcrc\u00fcstan, Moldova, Ukrayna) geni\u015f miqyasl\u0131 t\u0259dbirl\u0259r h\u0259yata ke\u00e7irildi. \u00d6z\u00fc d\u0259 t\u0259nt\u0259n\u0259li \u015f\u0259kild\u0259 ke\u00e7iril\u0259n bu t\u0259dbirl\u0259r yaln\u0131z Az\u0259rbaycanda ke\u00e7irilm\u0259yib.\n<\/p>\n<p>\n  Halbuki bu c\u00fcr formal m\u00fcnasib\u0259tl\u0259rd\u0259n sonra \u015eT\u00d6 2020-ci ild\u0259 siyas\u0259t \u00e7\u0259r\u00e7iv\u0259si haz\u0131rlama\u011fa ba\u015flayacaq. \u00dczv d\u00f6vl\u0259tl\u0259r v\u0259 \u015e\u0259rq T\u0259r\u0259fda\u015fl\u0131\u011f\u0131 \u00f6lk\u0259l\u0259ri (h\u00f6kum\u0259tl\u0259r, parlamentl\u0259r, yerli v\u0259 regional hakimiyy\u0259t orqanlar\u0131), beyn\u0259lxalq t\u0259\u015fkilatlar, beyn\u0259lxalq maliyy\u0259 institutlar\u0131, v\u0259t\u0259nda\u015f c\u0259miyy\u0259ti, biznes v\u0259 \u00f6z\u0259l sektor, elm ictimaiyy\u0259ti, d\u00fc\u015f\u00fcnc\u0259 m\u0259rk\u0259zl\u0259ri, g\u0259ncl\u0259r, media v\u0259 dig\u0259r maraql\u0131 t\u0259r\u0259fl\u0259ri bu m\u00fczakir\u0259l\u0259r\u0259 d\u0259v\u0259t edib. Bu m\u00fczakir\u0259l\u0259rin sonunda proses\u0259 veril\u0259c\u0259k t\u00f6hf\u0259l\u0259r \u0259sas\u0131nda 2020-cu ild\u0259n sonrak\u0131 \u015e\u0259rq T\u0259r\u0259fda\u015fl\u0131\u011f\u0131 \u00fc\u00e7\u00fcn t\u0259klif olunan yeni \u00e7\u0259r\u00e7iv\u0259ni \u0259ks etdir\u0259n s\u0259n\u0259d haz\u0131rlanacaq.\n<\/p>\n<p>\n  Yax\u0131n 10 il hans\u0131 hadis\u0259l\u0259rl\u0259r yadda\u015flarda qald\u0131 dey\u0259nd\u0259, g\u00f6z \u00f6n\u00fcn\u0259 bir vacib detal g\u0259lir. Onlar\u0131 \u0259sas\u0259n bir ne\u00e7\u0259 istiqam\u0259td\u0259 qrupla\u015fd\u0131rmaq olar. Lakin ictimai faydal\u0131l\u0131q bax\u0131m\u0131ndan m\u0259s\u0259l\u0259y\u0259 yana\u015fanda alt\u0131n\u0131 x\u0131rm\u0131z\u0131 x\u0259tl\u0259 \u00e7\u0259kdiyimiz m\u0259qamlar olmam\u0131\u015f deyil.\n<\/p>\n<p>\n  <b><br \/>\n    \u015eTP-d\u0259n v\u0259t\u0259nda\u015f c\u0259miyy\u0259ti niy\u0259 faydalana bilm\u0259di?<br \/>\n  <\/b>\n<\/p>\n<p>\n  \u015e\u0259rq T\u0259r\u0259fda\u015fl\u0131\u011f\u0131 Proqram\u0131 \u0259sas\u0259n bir qrup QHT sektorunda \u0259sas\u0259n inhisar\u00e7\u0131 m\u00f6vqeyi il\u0259 se\u00e7il\u0259n \u015f\u0259xsl\u0259r t\u0259r\u0259find\u0259n m\u00fc\u0259yy\u0259nl\u0259\u015fdi. \u015e\u0259rq T\u0259r\u0259fda\u015fl\u0131q Platformas\u0131na se\u00e7kil\u0259r \u00e7ox dar \u00e7evr\u0259l\u0259rd\u0259, x\u00fcsusi xeyir-dua il\u0259 h\u0259yata ke\u00e7irildi. A\u00e7\u0131q-ayd\u0131n h\u00f6kum\u0259t\u0259 &quot;ay\u0131&quot; xidm\u0259ti g\u00f6st\u0259r\u0259n b\u0259zi \u015f\u0259xsl\u0259r bu prosesin \u00f6n\u00fcnd\u0259 getdil\u0259r. Ki\u00e7icik istisnalarla layiqli v\u0259 prinsipial v\u0259t\u0259nda\u015f c\u0259miyy\u0259ti sektorunun t\u0259msil\u00e7il\u0259rini g\u00f6r\u0259 bildik. Bu proqram \u00e7\u0259r\u00e7iv\u0259sind\u0259 A\u0130 il\u0259 \u0259m\u0259kda\u015fl\u0131q \u00e7\u0259r\u00e7iv\u0259sind\u0259 v\u0259t\u0259nda\u015f c\u0259miyy\u0259ti sektorunun epizodik u\u011furlar\u0131 da g\u00f6z\u0259 d\u0259ydi. Amma m\u00f6vcud \u0259m\u0259kda\u015fl\u0131q potensial\u0131ndan \u00e7ox c\u00fczi formada istifad\u0259 imkanlar\u0131 oldu.\n<\/p>\n<p>\n  \u018fg\u0259r Az\u0259rbaycan\u0131n A\u0130 m\u00fcnasib\u0259tl\u0259rind\u0259n b\u0259hr\u0259l\u0259nm\u0259k niyy\u0259ti yoxdursa, bu zaman zaman itkisi il\u0259 d\u0259y\u0259rl\u0259ri g\u00f6zd\u0259n salmaq n\u0259y\u0259 laz\u0131m idi? C\u0259miyy\u0259td\u0259 \u00fcmidsiz g\u00f6zl\u0259ntil\u0259r yaratma\u011fa\u0131n n\u0259 ad\u0131 var? Bu ill\u0259r \u0259rzind\u0259 &quot;si\u00e7an-pi\u015fik&quot; oyunu oynama\u011fa n\u0259 ehtiyac var idi? A\u0130 \u00fc\u00e7\u00fcn Az\u0259rbaycan\u0131 Rusiyan\u0131n cayna\u011f\u0131ndn almaq v\u0259 Avropan\u0131n bir par\u00e7as\u0131 kimi h\u0259d\u0259fi ba\u015fad\u00fc\u015f\u00fcl\u0259ndir. B\u0259s Az\u0259rbaycan h\u00f6kum\u0259ti Rusiya kimi qurdla qiyam\u0259t\u0259 niy\u0259 qalmaq ist\u0259sin ki? Bu strateji s\u0131nma n\u00f6qt\u0259si n\u0259 zamansa ba\u015f ver\u0259c\u0259ks\u0259, bu prosesi tezl\u0259\u015fdirm\u0259yin n\u0259yi pisdir ki? Bir balaca k\u00f6t\u0259k yem\u0259k b\u0259d\u0259li var, v\u0259ss\u0259lam. Bu k\u00f6t\u0259yi El\u00e7ib\u0259y vaxt\u0131nda yem\u0259dimi? 90 minlik rus-h\u0259rbi qo\u015funlar\u0131n\u0131 Az\u0259rbaycandan \u00e7\u0131xaran zaman Rusiyan\u0131n ac\u0131 z\u0259f\u0259rini mill\u0259ti xatirin\u0259 \u015f\u0259rb\u0259t kimi i\u00e7m\u0259dimi? G\u0259ldi-ged\u0259r d\u00f6vl\u0259t ba\u015f\u00e7\u0131lar\u0131 rotasiya il\u0259 bir qurbanl\u0131q vers\u0259l\u0259r, mill\u0259timiz d\u00fcnyan\u0131n azad \u00f6lk\u0259l\u0259ri s\u0131ras\u0131na s\u00fcr\u0259tl\u0259 yax\u0131nla\u015fmazm\u0131? C\u0259nn\u0259t\u0259 d\u00fc\u015fm\u0259k ist\u0259y\u0259nl\u0259rin \u00f6lm\u0259y\u0259 haz\u0131r olmamaq c\u0259sar\u0259ti yoxsa, onda \u0259b\u0259di c\u0259h\u0259nn\u0259md\u0259 ya\u015fama\u011fa m\u0259hkum olacaq.\n<\/p>\n<p>\n  Bizim A\u0130 stukturlar\u0131 il\u0259 \u0259m\u0259kda\u015fl\u0131qdan n\u0259zak\u0259tl\u0259 bel\u0259 imtina etm\u0259yimizin k\u00f6k\u00fcnd\u0259 demokratiya v\u0259 insan h\u00fcquqlar\u0131 kimi inc\u0259 m\u0259qamlar var. Bu is\u0259 Az\u0259rbaycan h\u00f6kum\u0259tinin z\u0259if b\u0259ndi saymaq olar. B\u0259z\u0259n m\u00fcxt\u0259lif b\u0259han\u0259l\u0259rl\u0259 bu prosesi ert\u0259l\u0259m\u0259yin \u00f6z\u00fc bir mill\u0259ti inki\u015fafdan saxlamaq c\u0259hdidir. \u0130nki\u015faf t\u0259k\u0259rini geriy\u0259 f\u0131rla ki, bu \u015f\u0259rtl\u0259r m\u0259n\u0259 uy\u011fun deyil, m\u0259nc\u0259 bu milli m\u0259nafel\u0259r yox, korporativ maraqlar\u0131n t\u0259zah\u00fcr\u00fc say\u0131lmal\u0131d\u0131r. \u018fslind\u0259 is\u0259 d\u00f6vl\u0259t\u00e7i t\u0259f\u0259kk\u00fcr t\u0259l\u0259b edir ki, biz \u00f6z\u00fcm\u00fcm\u00fcz\u00fc \u015firk\u0259tin meneceri kimi yox, d\u00f6vl\u0259tin idar\u0259edilm\u0259si kimi pe\u015f\u0259kar f\u0259aliyy\u0259tl\u0259 m\u0259\u015f\u011ful olaq.\n<\/p>\n<p>\n  <b><br \/>\n    \u015eT\u00d6 v\u0259 KOS: \u0259n a\u015fa\u011f\u0131 g\u00f6st\u0259rici<br \/>\n  <\/b>\n<\/p>\n<p>\n  Az\u0259rbaycan\u0131n bu prosesd\u0259 rol almas\u0131 t\u0259kc\u0259 sosial-institsional aspketl\u0259 ba\u011fl\u0131 olmay\u0131b. H\u0259m\u00e7inin bu Proqramda z\u0259if n\u0259tic\u0259l\u0259rimiz iqtisadiyyatla ba\u011fl\u0131 olmu\u015fdur.\n<\/p>\n<p>\n  Bildiyimiz kimi d\u00fcnyada bir \u00f6lk\u0259nin iqtisadiyyat\u0131ndak\u0131 inki\u015faf tendensiyas\u0131n\u0131 m\u00fc\u0259yy\u0259nl\u0259\u015fdir\u0259n faktor h\u0259min \u00f6lk\u0259nin \u00dcDM-d\u0259, m\u0259\u015fulluqda v\u0259 ixracat\u0131nda daha Ki\u00e7ik v\u0259 Orta Sahibkarl\u0131q (KOS) subyektl\u0259rinin daha \u00e7ox rol almas\u0131 il\u0259 ba\u011fl\u0131d\u0131r. M\u0259s\u0259l\u0259n AB\u015e, Yaponiya, \u0130ngilt\u0259r\u0259, Almaniya, Pol\u015fa, Macar\u0131stan kimi \u00f6lk\u0259l\u0259rd\u0259 KOS \u0259halinin m\u0259\u015f\u011fullu\u011funda v\u0259 \u00f6lk\u0259l\u0259rin \u00dcDM-ind\u0259 pay\u0131 50%-d\u0259n \u00e7oxdur. T\u00fcrkiy\u0259 Statistika \u0130nstitutunun hesablamalar\u0131na g\u00f6r\u0259, \u00f6lk\u0259nin istehsal sektorunda ki\u00e7ik v\u0259 orta m\u00fc\u0259ssis\u0259l\u0259rin say\u0131 3 milyondan \u00e7oxdur v\u0259 bu \u00fcmumi m\u00fc\u0259ssis\u0259l\u0259rin 98,0 &#8211; 99,0% t\u0259\u015fkil edir. Yaponiyada m\u0259\u015f\u011ful \u0259halinin 75%-d\u0259n \u00e7oxu KOS subyektl\u0259rind\u0259 \u00e7al\u0131\u015f\u0131r.\n<\/p>\n<p>\n  Ki\u00e7ik v\u0259 orta \u00f6l\u00e7\u00fcl\u00fc m\u00fc\u0259ssis\u0259l\u0259r (KOM) Avropa iqtisadiyyat\u0131n\u0131n \u0259sas\u0131n\u0131 t\u0259\u015fkil edirl\u0259r. A\u0130-d\u0259 biznes f\u0259aliyy\u0259tinin 99%-i v\u0259 \u00f6z\u0259l sektordak\u0131 m\u0259\u015f\u011fullu\u011fun \u00fc\u00e7d\u0259 iki hiss\u0259si onlar\u0131n pay\u0131na d\u00fc\u015f\u00fcr. Bundan \u0259lav\u0259, KOM-lar iqtisadi art\u0131m, innovasiya, i\u015f yerl\u0259rinin yarad\u0131lmas\u0131 v\u0259 sosial inteqrasiyan\u0131n t\u0259minat\u0131nda \u00f6n\u0259mli rol oynay\u0131rlar. \u015e\u0259rq T\u0259r\u0259fda\u015fl\u0131\u011f\u0131 \u00f6lk\u0259l\u0259ri aras\u0131nda KOM-lar\u0131n iqtisadiyyatdak\u0131 pay\u0131 Az\u0259rbaycanda \u0259n a\u015fa\u011f\u0131 s\u0259viyy\u0259d\u0259dir. Yol x\u0259rit\u0259l\u0259rind\u0259 \u0259ks olunan plana \u0259sas\u0259n, KOM-lar\u0131n \u00dcDM-d\u0259ki pay\u0131 2020-ci il\u0259d\u0259k 15%, 2025-ci il\u0259d\u0259k is\u0259 35%-\u0259 \u00e7atacaq. 2025-ci ild\u0259n sonra bu r\u0259q\u0259min 60%-\u0259 qalxmas\u0131 g\u00f6zl\u0259nilir. Son iki il \u0259rzind\u0259 KOM-lar\u0131n rolunun v\u0259 r\u0259qab\u0259t\u0259davaml\u0131l\u0131\u011f\u0131n\u0131n art\u0131r\u0131lmas\u0131 \u00fc\u00e7\u00fcn z\u0259ruri olan institusional v\u0259 t\u0259\u015fkilati strukturun yarad\u0131lmas\u0131 istiqam\u0259tind\u0259 \u0259ld\u0259 olunan ir\u0259lil\u0259yi\u015f t\u0259qdir\u0259layiqdir. \u00d6t\u0259n ilki sor\u011fuda A\u0130 \u015firk\u0259tl\u0259rinin 32%-i Ki\u00e7ik v\u0259 Orta Biznesin \u0130nki\u015faf\u0131 Agentliyinin yarad\u0131lmas\u0131n\u0131 yax\u015f\u0131, 53%-i is\u0259 orta qiym\u0259tl\u0259ndirmi\u015fdir. Bu il is\u0259 A\u0130 \u015firk\u0259tl\u0259ri yeni yarad\u0131lan bu qurumun s\u0259m\u0259r\u0259liliyi bar\u0259d\u0259 narahatl\u0131q ifad\u0259 edirl\u0259r. Bel\u0259 ki, A\u0130 \u015firk\u0259tl\u0259rinin yaln\u0131z 15%-i agentliyin KOM-lar \u00fc\u00e7\u00fcn s\u0259m\u0259r\u0259li oldu\u011funu, 35%-i is\u0259 onun f\u0259aliyy\u0259ti bar\u0259d\u0259 yax\u015f\u0131 m\u0259lumatl\u0131 olmad\u0131qlar\u0131n\u0131 bildirirl\u0259r. \u015e\u0259rq T\u0259r\u0259fda\u015fl\u0131\u011f\u0131 \u00f6lk\u0259l\u0259ri aras\u0131nda KOM-lar\u0131n iqtisadiyyatdak\u0131 pay\u0131 Az\u0259rbaycanda \u0259n a\u015fa\u011f\u0131 s\u0259viyy\u0259d\u0259dir. Bu is\u0259 bizim iqtisadiyyatda resurslar\u0131n n\u0259 d\u0259r\u0259c\u0259d\u0259 ciddi s\u00fcr\u0259td\u0259 konsolidasiya (t\u0259m\u0259rk\u00fczl\u0259\u015fm\u0259) \u0259msal\u0131n\u0131 ifad\u0259 edir.<\/p>\n","protected":false},"excerpt":{"rendered":"<p>Bizim A\u0130 stukturlar\u0131 il\u0259 \u0259m\u0259kda\u015fl\u0131qdan n\u0259zak\u0259tl\u0259 bel\u0259 imtina etm\u0259yimizin k\u00f6k\u00fcnd\u0259 demokratiya v\u0259 insan h\u00fcquqlar\u0131 kimi inc\u0259 m\u0259qamlar var.<\/p>\n","protected":false},"author":11,"featured_media":129011,"comment_status":"closed","ping_status":"open","sticky":false,"template":"","format":"standard","meta":{"_acf_changed":false,"_sitemap_exclude":false,"_sitemap_priority":"","_sitemap_frequency":"","footnotes":""},"categories":[51],"tags":[],"class_list":["post-196792","post","type-post","status-publish","format-standard","has-post-thumbnail","hentry","category-analitika","infinite-scroll-item","generate-columns","tablet-grid-50","mobile-grid-100","grid-parent","grid-33","no-featured-image-padding"],"acf":[],"yoast_head":"<!-- This site is optimized with the Yoast SEO plugin v27.4 - https:\/\/yoast.com\/product\/yoast-seo-wordpress\/ -->\n<title>\u015e\u0259rq T\u0259r\u0259fda\u015fl\u0131\u011f\u0131ndan g\u00f6zl\u0259ntil\u0259r v\u0259 n\u0259tic\u0259l\u0259r - MEYDAN.TV<\/title>\n<meta name=\"robots\" content=\"index, follow, max-snippet:-1, max-image-preview:large, max-video-preview:-1\" \/>\n<link rel=\"canonical\" href=\"https:\/\/www.meydan.tv\/az\/article\/serq-terefdasligindan-gozlentiler-ve-neticeler\/\" \/>\n<meta property=\"og:locale\" content=\"az_AZ\" \/>\n<meta property=\"og:type\" content=\"article\" \/>\n<meta property=\"og:title\" content=\"\u015e\u0259rq T\u0259r\u0259fda\u015fl\u0131\u011f\u0131ndan g\u00f6zl\u0259ntil\u0259r v\u0259 n\u0259tic\u0259l\u0259r - MEYDAN.TV\" \/>\n<meta property=\"og:description\" content=\"Bizim A\u0130 stukturlar\u0131 il\u0259 \u0259m\u0259kda\u015fl\u0131qdan n\u0259zak\u0259tl\u0259 bel\u0259 imtina etm\u0259yimizin k\u00f6k\u00fcnd\u0259 demokratiya v\u0259 insan h\u00fcquqlar\u0131 kimi inc\u0259 m\u0259qamlar var.\" \/>\n<meta property=\"og:url\" content=\"https:\/\/www.meydan.tv\/az\/article\/serq-terefdasligindan-gozlentiler-ve-neticeler\/\" \/>\n<meta property=\"og:site_name\" content=\"MEYDAN.TV\" \/>\n<meta property=\"article:published_time\" content=\"2019-08-31T20:25:43+00:00\" \/>\n<meta property=\"og:image\" content=\"https:\/\/www.meydan.tv\/wp-content\/uploads\/083100021383.jpg\" \/>\n\t<meta property=\"og:image:width\" content=\"800\" \/>\n\t<meta property=\"og:image:height\" content=\"616\" \/>\n\t<meta property=\"og:image:type\" content=\"image\/jpeg\" \/>\n<meta name=\"author\" content=\"user-manager\" \/>\n<meta name=\"twitter:card\" content=\"summary_large_image\" \/>\n<script type=\"application\/ld+json\" class=\"yoast-schema-graph\">{\"@context\":\"https:\\\/\\\/schema.org\",\"@graph\":[{\"@type\":\"Article\",\"@id\":\"https:\\\/\\\/www.meydan.tv\\\/az\\\/article\\\/serq-terefdasligindan-gozlentiler-ve-neticeler\\\/#article\",\"isPartOf\":{\"@id\":\"https:\\\/\\\/www.meydan.tv\\\/az\\\/article\\\/serq-terefdasligindan-gozlentiler-ve-neticeler\\\/\"},\"author\":{\"name\":\"user-manager\",\"@id\":\"https:\\\/\\\/www.meydan.tv\\\/az\\\/#\\\/schema\\\/person\\\/10d11eccf6da3662cf5fdab9806ea91a\"},\"headline\":\"\u015e\u0259rq T\u0259r\u0259fda\u015fl\u0131\u011f\u0131ndan g\u00f6zl\u0259ntil\u0259r v\u0259 n\u0259tic\u0259l\u0259r\",\"datePublished\":\"2019-08-31T20:25:43+00:00\",\"mainEntityOfPage\":{\"@id\":\"https:\\\/\\\/www.meydan.tv\\\/az\\\/article\\\/serq-terefdasligindan-gozlentiler-ve-neticeler\\\/\"},\"wordCount\":1365,\"publisher\":{\"@id\":\"https:\\\/\\\/www.meydan.tv\\\/az\\\/#organization\"},\"image\":{\"@id\":\"https:\\\/\\\/www.meydan.tv\\\/az\\\/article\\\/serq-terefdasligindan-gozlentiler-ve-neticeler\\\/#primaryimage\"},\"thumbnailUrl\":\"https:\\\/\\\/www.meydan.tv\\\/wp-content\\\/uploads\\\/083100021383.jpg\",\"articleSection\":[\"Analitika\"],\"inLanguage\":\"az\"},{\"@type\":\"WebPage\",\"@id\":\"https:\\\/\\\/www.meydan.tv\\\/az\\\/article\\\/serq-terefdasligindan-gozlentiler-ve-neticeler\\\/\",\"url\":\"https:\\\/\\\/www.meydan.tv\\\/az\\\/article\\\/serq-terefdasligindan-gozlentiler-ve-neticeler\\\/\",\"name\":\"\u015e\u0259rq T\u0259r\u0259fda\u015fl\u0131\u011f\u0131ndan g\u00f6zl\u0259ntil\u0259r v\u0259 n\u0259tic\u0259l\u0259r - MEYDAN.TV\",\"isPartOf\":{\"@id\":\"https:\\\/\\\/www.meydan.tv\\\/az\\\/#website\"},\"primaryImageOfPage\":{\"@id\":\"https:\\\/\\\/www.meydan.tv\\\/az\\\/article\\\/serq-terefdasligindan-gozlentiler-ve-neticeler\\\/#primaryimage\"},\"image\":{\"@id\":\"https:\\\/\\\/www.meydan.tv\\\/az\\\/article\\\/serq-terefdasligindan-gozlentiler-ve-neticeler\\\/#primaryimage\"},\"thumbnailUrl\":\"https:\\\/\\\/www.meydan.tv\\\/wp-content\\\/uploads\\\/083100021383.jpg\",\"datePublished\":\"2019-08-31T20:25:43+00:00\",\"breadcrumb\":{\"@id\":\"https:\\\/\\\/www.meydan.tv\\\/az\\\/article\\\/serq-terefdasligindan-gozlentiler-ve-neticeler\\\/#breadcrumb\"},\"inLanguage\":\"az\",\"potentialAction\":[{\"@type\":\"ReadAction\",\"target\":[\"https:\\\/\\\/www.meydan.tv\\\/az\\\/article\\\/serq-terefdasligindan-gozlentiler-ve-neticeler\\\/\"]}]},{\"@type\":\"ImageObject\",\"inLanguage\":\"az\",\"@id\":\"https:\\\/\\\/www.meydan.tv\\\/az\\\/article\\\/serq-terefdasligindan-gozlentiler-ve-neticeler\\\/#primaryimage\",\"url\":\"https:\\\/\\\/www.meydan.tv\\\/wp-content\\\/uploads\\\/083100021383.jpg\",\"contentUrl\":\"https:\\\/\\\/www.meydan.tv\\\/wp-content\\\/uploads\\\/083100021383.jpg\",\"width\":800,\"height\":616,\"caption\":\"Source: meydan.tv\"},{\"@type\":\"BreadcrumbList\",\"@id\":\"https:\\\/\\\/www.meydan.tv\\\/az\\\/article\\\/serq-terefdasligindan-gozlentiler-ve-neticeler\\\/#breadcrumb\",\"itemListElement\":[{\"@type\":\"ListItem\",\"position\":1,\"name\":\"Ana s\u0259hif\u0259\",\"item\":\"https:\\\/\\\/www.meydan.tv\\\/az\\\/\"},{\"@type\":\"ListItem\",\"position\":2,\"name\":\"Analitika\",\"item\":\"https:\\\/\\\/www.meydan.tv\\\/az\\\/section\\\/analitika\\\/\"},{\"@type\":\"ListItem\",\"position\":3,\"name\":\"\u015e\u0259rq T\u0259r\u0259fda\u015fl\u0131\u011f\u0131ndan g\u00f6zl\u0259ntil\u0259r v\u0259 n\u0259tic\u0259l\u0259r\"}]},{\"@type\":\"WebSite\",\"@id\":\"https:\\\/\\\/www.meydan.tv\\\/az\\\/#website\",\"url\":\"https:\\\/\\\/www.meydan.tv\\\/az\\\/\",\"name\":\"MEYDAN.TV\",\"description\":\"Meydan TV Az\u0259rbaycan\u0131n media m\u0259kan\u0131ndak\u0131 alternativ s\u0259sidir\",\"publisher\":{\"@id\":\"https:\\\/\\\/www.meydan.tv\\\/az\\\/#organization\"},\"potentialAction\":[{\"@type\":\"SearchAction\",\"target\":{\"@type\":\"EntryPoint\",\"urlTemplate\":\"https:\\\/\\\/www.meydan.tv\\\/az\\\/?s={search_term_string}\"},\"query-input\":{\"@type\":\"PropertyValueSpecification\",\"valueRequired\":true,\"valueName\":\"search_term_string\"}}],\"inLanguage\":\"az\"},{\"@type\":\"Organization\",\"@id\":\"https:\\\/\\\/www.meydan.tv\\\/az\\\/#organization\",\"name\":\"Meydan TV\",\"url\":\"https:\\\/\\\/www.meydan.tv\\\/az\\\/\",\"logo\":{\"@type\":\"ImageObject\",\"inLanguage\":\"az\",\"@id\":\"https:\\\/\\\/www.meydan.tv\\\/az\\\/#\\\/schema\\\/logo\\\/image\\\/\",\"url\":\"https:\\\/\\\/www.meydan.tv\\\/wp-content\\\/uploads\\\/2021\\\/07\\\/meydan-logo.svg\",\"contentUrl\":\"https:\\\/\\\/www.meydan.tv\\\/wp-content\\\/uploads\\\/2021\\\/07\\\/meydan-logo.svg\",\"width\":195,\"height\":46,\"caption\":\"Meydan TV\"},\"image\":{\"@id\":\"https:\\\/\\\/www.meydan.tv\\\/az\\\/#\\\/schema\\\/logo\\\/image\\\/\"}},{\"@type\":\"Person\",\"@id\":\"https:\\\/\\\/www.meydan.tv\\\/az\\\/#\\\/schema\\\/person\\\/10d11eccf6da3662cf5fdab9806ea91a\",\"name\":\"user-manager\"}]}<\/script>\n<!-- \/ Yoast SEO plugin. -->","yoast_head_json":{"title":"\u015e\u0259rq T\u0259r\u0259fda\u015fl\u0131\u011f\u0131ndan g\u00f6zl\u0259ntil\u0259r v\u0259 n\u0259tic\u0259l\u0259r - MEYDAN.TV","robots":{"index":"index","follow":"follow","max-snippet":"max-snippet:-1","max-image-preview":"max-image-preview:large","max-video-preview":"max-video-preview:-1"},"canonical":"https:\/\/www.meydan.tv\/az\/article\/serq-terefdasligindan-gozlentiler-ve-neticeler\/","og_locale":"az_AZ","og_type":"article","og_title":"\u015e\u0259rq T\u0259r\u0259fda\u015fl\u0131\u011f\u0131ndan g\u00f6zl\u0259ntil\u0259r v\u0259 n\u0259tic\u0259l\u0259r - MEYDAN.TV","og_description":"Bizim A\u0130 stukturlar\u0131 il\u0259 \u0259m\u0259kda\u015fl\u0131qdan n\u0259zak\u0259tl\u0259 bel\u0259 imtina etm\u0259yimizin k\u00f6k\u00fcnd\u0259 demokratiya v\u0259 insan h\u00fcquqlar\u0131 kimi inc\u0259 m\u0259qamlar var.","og_url":"https:\/\/www.meydan.tv\/az\/article\/serq-terefdasligindan-gozlentiler-ve-neticeler\/","og_site_name":"MEYDAN.TV","article_published_time":"2019-08-31T20:25:43+00:00","og_image":[{"width":800,"height":616,"url":"https:\/\/www.meydan.tv\/wp-content\/uploads\/083100021383.jpg","type":"image\/jpeg"}],"author":"user-manager","twitter_card":"summary_large_image","schema":{"@context":"https:\/\/schema.org","@graph":[{"@type":"Article","@id":"https:\/\/www.meydan.tv\/az\/article\/serq-terefdasligindan-gozlentiler-ve-neticeler\/#article","isPartOf":{"@id":"https:\/\/www.meydan.tv\/az\/article\/serq-terefdasligindan-gozlentiler-ve-neticeler\/"},"author":{"name":"user-manager","@id":"https:\/\/www.meydan.tv\/az\/#\/schema\/person\/10d11eccf6da3662cf5fdab9806ea91a"},"headline":"\u015e\u0259rq T\u0259r\u0259fda\u015fl\u0131\u011f\u0131ndan g\u00f6zl\u0259ntil\u0259r v\u0259 n\u0259tic\u0259l\u0259r","datePublished":"2019-08-31T20:25:43+00:00","mainEntityOfPage":{"@id":"https:\/\/www.meydan.tv\/az\/article\/serq-terefdasligindan-gozlentiler-ve-neticeler\/"},"wordCount":1365,"publisher":{"@id":"https:\/\/www.meydan.tv\/az\/#organization"},"image":{"@id":"https:\/\/www.meydan.tv\/az\/article\/serq-terefdasligindan-gozlentiler-ve-neticeler\/#primaryimage"},"thumbnailUrl":"https:\/\/www.meydan.tv\/wp-content\/uploads\/083100021383.jpg","articleSection":["Analitika"],"inLanguage":"az"},{"@type":"WebPage","@id":"https:\/\/www.meydan.tv\/az\/article\/serq-terefdasligindan-gozlentiler-ve-neticeler\/","url":"https:\/\/www.meydan.tv\/az\/article\/serq-terefdasligindan-gozlentiler-ve-neticeler\/","name":"\u015e\u0259rq T\u0259r\u0259fda\u015fl\u0131\u011f\u0131ndan g\u00f6zl\u0259ntil\u0259r v\u0259 n\u0259tic\u0259l\u0259r - MEYDAN.TV","isPartOf":{"@id":"https:\/\/www.meydan.tv\/az\/#website"},"primaryImageOfPage":{"@id":"https:\/\/www.meydan.tv\/az\/article\/serq-terefdasligindan-gozlentiler-ve-neticeler\/#primaryimage"},"image":{"@id":"https:\/\/www.meydan.tv\/az\/article\/serq-terefdasligindan-gozlentiler-ve-neticeler\/#primaryimage"},"thumbnailUrl":"https:\/\/www.meydan.tv\/wp-content\/uploads\/083100021383.jpg","datePublished":"2019-08-31T20:25:43+00:00","breadcrumb":{"@id":"https:\/\/www.meydan.tv\/az\/article\/serq-terefdasligindan-gozlentiler-ve-neticeler\/#breadcrumb"},"inLanguage":"az","potentialAction":[{"@type":"ReadAction","target":["https:\/\/www.meydan.tv\/az\/article\/serq-terefdasligindan-gozlentiler-ve-neticeler\/"]}]},{"@type":"ImageObject","inLanguage":"az","@id":"https:\/\/www.meydan.tv\/az\/article\/serq-terefdasligindan-gozlentiler-ve-neticeler\/#primaryimage","url":"https:\/\/www.meydan.tv\/wp-content\/uploads\/083100021383.jpg","contentUrl":"https:\/\/www.meydan.tv\/wp-content\/uploads\/083100021383.jpg","width":800,"height":616,"caption":"Source: meydan.tv"},{"@type":"BreadcrumbList","@id":"https:\/\/www.meydan.tv\/az\/article\/serq-terefdasligindan-gozlentiler-ve-neticeler\/#breadcrumb","itemListElement":[{"@type":"ListItem","position":1,"name":"Ana s\u0259hif\u0259","item":"https:\/\/www.meydan.tv\/az\/"},{"@type":"ListItem","position":2,"name":"Analitika","item":"https:\/\/www.meydan.tv\/az\/section\/analitika\/"},{"@type":"ListItem","position":3,"name":"\u015e\u0259rq T\u0259r\u0259fda\u015fl\u0131\u011f\u0131ndan g\u00f6zl\u0259ntil\u0259r v\u0259 n\u0259tic\u0259l\u0259r"}]},{"@type":"WebSite","@id":"https:\/\/www.meydan.tv\/az\/#website","url":"https:\/\/www.meydan.tv\/az\/","name":"MEYDAN.TV","description":"Meydan TV Az\u0259rbaycan\u0131n media m\u0259kan\u0131ndak\u0131 alternativ s\u0259sidir","publisher":{"@id":"https:\/\/www.meydan.tv\/az\/#organization"},"potentialAction":[{"@type":"SearchAction","target":{"@type":"EntryPoint","urlTemplate":"https:\/\/www.meydan.tv\/az\/?s={search_term_string}"},"query-input":{"@type":"PropertyValueSpecification","valueRequired":true,"valueName":"search_term_string"}}],"inLanguage":"az"},{"@type":"Organization","@id":"https:\/\/www.meydan.tv\/az\/#organization","name":"Meydan TV","url":"https:\/\/www.meydan.tv\/az\/","logo":{"@type":"ImageObject","inLanguage":"az","@id":"https:\/\/www.meydan.tv\/az\/#\/schema\/logo\/image\/","url":"https:\/\/www.meydan.tv\/wp-content\/uploads\/2021\/07\/meydan-logo.svg","contentUrl":"https:\/\/www.meydan.tv\/wp-content\/uploads\/2021\/07\/meydan-logo.svg","width":195,"height":46,"caption":"Meydan TV"},"image":{"@id":"https:\/\/www.meydan.tv\/az\/#\/schema\/logo\/image\/"}},{"@type":"Person","@id":"https:\/\/www.meydan.tv\/az\/#\/schema\/person\/10d11eccf6da3662cf5fdab9806ea91a","name":"user-manager"}]}},"_links":{"self":[{"href":"https:\/\/www.meydan.tv\/az\/wp-json\/wp\/v2\/posts\/196792","targetHints":{"allow":["GET"]}}],"collection":[{"href":"https:\/\/www.meydan.tv\/az\/wp-json\/wp\/v2\/posts"}],"about":[{"href":"https:\/\/www.meydan.tv\/az\/wp-json\/wp\/v2\/types\/post"}],"author":[{"embeddable":true,"href":"https:\/\/www.meydan.tv\/az\/wp-json\/wp\/v2\/users\/11"}],"replies":[{"embeddable":true,"href":"https:\/\/www.meydan.tv\/az\/wp-json\/wp\/v2\/comments?post=196792"}],"version-history":[{"count":0,"href":"https:\/\/www.meydan.tv\/az\/wp-json\/wp\/v2\/posts\/196792\/revisions"}],"wp:featuredmedia":[{"embeddable":true,"href":"https:\/\/www.meydan.tv\/az\/wp-json\/wp\/v2\/media\/129011"}],"wp:attachment":[{"href":"https:\/\/www.meydan.tv\/az\/wp-json\/wp\/v2\/media?parent=196792"}],"wp:term":[{"taxonomy":"category","embeddable":true,"href":"https:\/\/www.meydan.tv\/az\/wp-json\/wp\/v2\/categories?post=196792"},{"taxonomy":"post_tag","embeddable":true,"href":"https:\/\/www.meydan.tv\/az\/wp-json\/wp\/v2\/tags?post=196792"}],"curies":[{"name":"wp","href":"https:\/\/api.w.org\/{rel}","templated":true}]}}