{"id":196786,"date":"2019-08-31T19:01:48","date_gmt":"2019-08-31T19:01:48","guid":{"rendered":"https:\/\/www.meydan.tv\/article\/genc-oglum-xestexana-dehlizinde-xerekde-can-verdi-hekimler-yaxin-durmadi\/"},"modified":"2019-08-31T19:01:48","modified_gmt":"2019-08-31T19:01:48","slug":"genc-oglum-xestexana-dehlizinde-xerekde-can-verdi-hekimler-yaxin-durmadi","status":"publish","type":"post","link":"https:\/\/www.meydan.tv\/az\/article\/genc-oglum-xestexana-dehlizinde-xerekde-can-verdi-hekimler-yaxin-durmadi\/","title":{"rendered":"\u201cG\u0259nc o\u011flum x\u0259st\u0259xana d\u0259hlizind\u0259 x\u0259r\u0259kd\u0259 can verdi, h\u0259kiml\u0259r yax\u0131n durmad\u0131\u201d"},"content":{"rendered":"<p>\n  <i><br \/>\n    M\u0259rhum Kamran \u018fl\u0259sg\u0259rovun ail\u0259 \u00fczvl\u0259ri h\u0259kiml\u0259rin c\u0259zaland\u0131r\u0131lmas\u0131n\u0131 t\u0259l\u0259b edir<br \/>\n  <\/i>\n<\/p>\n<p>\n  \u201cG\u0259nc o\u011flum h\u0259kim m\u0259suliyy\u0259tsizliyinin qurban\u0131 olub. Hadis\u0259d\u0259n bir aydan \u00e7ox vaxt ke\u00e7ib, ancaq h\u0259kiml\u0259r c\u0259zas\u0131z qal\u0131b, h\u0259l\u0259 d\u0259 \u00f6z v\u0259zif\u0259l\u0259rini davam etdirirl\u0259r\u201d.\n<\/p>\n<p>\n  Qusar rayonu, Hil k\u0259ndinin sakini Sonaxan\u0131m \u018fl\u0259sg\u0259rova Meydan TV-y\u0259 dan\u0131\u015f\u0131r ki, iyunun 26-da 26 ya\u015fl\u0131 o\u011flu Kamran h\u0259y\u0259td\u0259ki a\u011facdan y\u0131x\u0131laraq x\u0259sar\u0259t al\u0131b. V\u0259ziyy\u0259ti a\u011f\u0131r oldu\u011fundan onu Bak\u0131dak\u0131 x\u0259st\u0259xanalardan birin\u0259 g\u00f6t\u00fcr\u0259r\u0259k \u0259m\u0259liyyat edibl\u0259r. Daha sonra k\u0259nd\u0259 qaytararaq evd\u0259 m\u00fcalic\u0259sini davam etdiribl\u0259r.\n<\/p>\n<p>\n  <i><br \/>\n    \u201cS\u00fcr\u00fcc\u00fc dedi, h\u0259kim ba\u015fqa x\u0259st\u0259nin \u00fcnvan\u0131ndad\u0131\u201d<br \/>\n  <\/i>\n<\/p>\n<p>\n  \u0130yulun 14-d\u0259 Kamran\u0131n s\u0259hh\u0259ti yen\u0259 a\u011f\u0131rla\u015f\u0131b. Ail\u0259 \u00fczvl\u0259ri t\u0259cili yard\u0131m \u00e7a\u011f\u0131r\u0131b. Ya\u015fad\u0131qlar\u0131 \u00fcnvana t\u0259cili yard\u0131m ma\u015f\u0131n\u0131 g\u0259ls\u0259 d\u0259, tibbi yard\u0131m g\u00f6st\u0259r\u0259n h\u0259kim olmay\u0131b. S\u0259b\u0259bind\u0259n Sonaxan\u0131m \u018fl\u0259sg\u0259rova dan\u0131\u015f\u0131r:\n<\/p>\n<p>\n  \u201cS\u00fcr\u00fcc\u00fc dedi ki, x\u0259st\u0259xanada c\u0259mi bir h\u0259kim var, o da haz\u0131rda el\u0259 Hil k\u0259ndind\u0259 ba\u015fqa \u00fcnvana g\u0259lib. O\u011flumu t\u0259cili yard\u0131m ma\u015f\u0131n\u0131na qoyub rayon m\u0259rk\u0259zi x\u0259st\u0259xanas\u0131na apard\u0131q. N\u0259f\u0259s ala bilmirdi, t\u0259cili yard\u0131m ma\u015f\u0131n\u0131nda is\u0259 s\u00fcni n\u0259f\u0259s aparat\u0131 yox idi. Aparat olsayd\u0131 bel\u0259, ma\u015f\u0131nda o aparat\u0131n istifad\u0259 qaydas\u0131n\u0131 bil\u0259n h\u0259kim yox idi. X\u0259st\u0259xanada da qar\u015f\u0131m\u0131za he\u00e7 bir h\u0259kim \u00e7\u0131xmad\u0131. Reanimasiya \u015f\u00f6b\u0259sinin qap\u0131s\u0131n\u0131 d\u00f6yd\u00fck, a\u00e7an olmad\u0131. Kamran d\u0259hlizin ortas\u0131nda x\u0259r\u0259kd\u0259 qalm\u0131\u015fd\u0131. S\u0259s-k\u00fcy sald\u0131q, he\u00e7 kim qar\u015f\u0131ya \u00e7\u0131xmad\u0131. Yumruqlar\u0131m\u0131zla reanimasiya \u015f\u00f6b\u0259sinin qap\u0131lar\u0131n\u0131 d\u00f6yd\u00fck, he\u00e7 kimin vecin\u0259 olmad\u0131\u201d.\n<\/p>\n<p>\n  H\u0259min vaxt Kamran\u0131n ail\u0259 \u00fczvl\u0259ri S\u0259hiyy\u0259 Nazirliyinin \u201cqaynar x\u0259tt\u201din\u0259 d\u0259 z\u0259ng vurublar. A\u011f\u0131r durumda olan Kamrana Qusar Rayon M\u0259rk\u0259zi X\u0259st\u0259xanas\u0131nda yard\u0131m g\u00f6st\u0259rilm\u0259m\u0259sind\u0259n \u015fikay\u0259tl\u0259nibl\u0259r. Ancaq el\u0259 h\u0259min d\u0259qiq\u0259l\u0259rd\u0259 Kamran ke\u00e7inib.\n<\/p>\n<figure class=\"wp-block-image size-large\">\n  <img decoding=\"async\" src=\"https:\/\/www.meydan.tv\/az\/image_from_ios-8-jpg-14\/\" alt=\"image_from_ios (8).jpg\" class=\"wp-image-128989\"\/><figcaption>\n    &#8220;Kamran \u018fl\u0259sg\u0259rov h\u0259kim m\u0259suliyy\u0259tsizliyinin qurban\u0131 olub&#8221;<br \/>\n  <\/figcaption><\/figure>\n<p>\n  <i><br \/>\n    \u201c\u0130stintaqdan naraz\u0131y\u0131q\u201d<br \/>\n  <\/i>\n<\/p>\n<p>\n  \u0130yulun 17-d\u0259 Qusar Rayon Prokurorlu\u011fu t\u0259r\u0259find\u0259n m\u0259rhumun ail\u0259 \u00fczvl\u0259rind\u0259n v\u0259 x\u0259st\u0259xana i\u015f\u00e7il\u0259rind\u0259n izahat al\u0131n\u0131b. Sonaxan\u0131m \u018fl\u0259sg\u0259rova deyir, indiy\u0259d\u0259k he\u00e7 bir h\u0259kim m\u0259suliyy\u0259t\u0259 c\u0259lb olunmay\u0131b. \u0130stintaq\u0131n gedi\u015fat\u0131 bar\u0259d\u0259 is\u0259 ail\u0259y\u0259 indiy\u0259d\u0259k he\u00e7 bir m\u0259lumat verilm\u0259yib:\n<\/p>\n<p>\n  \u201cBiz he\u00e7 m\u00fcst\u0259ntiqi d\u0259 tan\u0131m\u0131r\u0131q. Prokurorlu\u011fa gedirik, qap\u0131dan giririk, deyirl\u0259r, istintaq davam edir, laz\u0131m olanda m\u00fcst\u0259ntiq \u00f6z\u00fc \u00e7a\u011f\u0131racaq. Prokurorla g\u00f6r\u00fc\u015f\u0259 bilmirik. M\u0259nim 26 ya\u015fl\u0131 o\u011flum h\u0259kim m\u0259suliyy\u0259tsizliyind\u0259n, h\u0259kim bigan\u0259liyind\u0259n \u00f6l\u00fcb, ancaq bir ana kimi m\u0259n\u0259 he\u00e7 bir m\u0259lumat vermirl\u0259r. G\u0259nc o\u011flumun \u00f6l\u00fcm\u00fcn\u0259 s\u0259b\u0259bkar olmu\u015f h\u0259kiml\u0259rin c\u0259zaland\u0131r\u0131lmas\u0131n\u0131 t\u0259l\u0259b edir\u0259m\u201d.\n<\/p>\n<p>\n  <i><br \/>\n    \u201cTibbi hey\u0259tin izahat\u0131 al\u0131n\u0131b\u201d<br \/>\n  <\/i>\n<\/p>\n<p>\n  Qusar Rayon M\u0259rk\u0259zi X\u0259st\u0259xanas\u0131ndan bildirilib ki, Kamran \u018fl\u0259sg\u0259rov x\u0259st\u0259xanaya bazar g\u00fcn\u00fc daxil oldu\u011fundan yaln\u0131z n\u00f6vb\u0259t\u00e7i h\u0259kim olub. Kamran \u018fl\u0259sg\u0259rov beyin\u0259 qan s\u0131zmas\u0131 n\u0259tic\u0259sind\u0259 v\u0259fat edib. Onun \u00f6l\u00fcm i\u015fiyl\u0259 ba\u011fl\u0131 rayon prokurorlu\u011funda ara\u015fd\u0131rma apar\u0131l\u0131r, ona g\u00f6r\u0259 d\u0259 bu bar\u0259d\u0259 geni\u015f dan\u0131\u015fa bilm\u0259zl\u0259r. Rayon prokurorlu\u011fundan is\u0259 bildirilib ki, 26 ya\u015fl\u0131 g\u0259ncin \u00f6l\u00fcm i\u015fiyl\u0259 ba\u011fl\u0131 h\u0259m ail\u0259 \u00fczvl\u0259ri, h\u0259m d\u0259 qeyd olunan tarixd\u0259 x\u0259st\u0259xanada i\u015f n\u00f6vb\u0259sind\u0259 olan tibbi hey\u0259tin izahatlar\u0131 al\u0131n\u0131b. Ara\u015fd\u0131rma davam edir, n\u0259tic\u0259sind\u0259n as\u0131l\u0131 olaraq h\u00fcquqi add\u0131mlar at\u0131lacaq. Ail\u0259 \u00fczvl\u0259ri is\u0259 ist\u0259dikl\u0259ri vaxt istintaq\u0131n gedi\u015fat\u0131 il\u0259 maraqlana, rayon prokuroru il\u0259 g\u00f6r\u00fc\u015f\u0259 bil\u0259rl\u0259r.\n<\/p>\n<p>\n  Ail\u0259 \u00fczvl\u0259ri deyir, Kamran \u018fl\u0259sg\u0259rov t\u0259z\u0259c\u0259 ail\u0259 qurubmu\u015f. Bir ne\u00e7\u0259 g\u00fcnd\u0259n sonra is\u0259 \u00f6vlad\u0131 d\u00fcnyaya g\u0259l\u0259c\u0259k.<\/p>\n","protected":false},"excerpt":{"rendered":"<p>Ail\u0259 \u00fczvl\u0259ri deyir, Kamran \u018fl\u0259sg\u0259rov t\u0259z\u0259c\u0259 ail\u0259 qurubmu\u015f.<\/p>\n","protected":false},"author":11,"featured_media":128992,"comment_status":"closed","ping_status":"open","sticky":false,"template":"","format":"standard","meta":{"_acf_changed":false,"_sitemap_exclude":false,"_sitemap_priority":"","_sitemap_frequency":"","footnotes":""},"categories":[60],"tags":[],"class_list":["post-196786","post","type-post","status-publish","format-standard","has-post-thumbnail","hentry","category-bolge","infinite-scroll-item","generate-columns","tablet-grid-50","mobile-grid-100","grid-parent","grid-33","no-featured-image-padding"],"acf":[],"yoast_head":"<!-- This site is optimized with the Yoast SEO plugin v27.5 - https:\/\/yoast.com\/product\/yoast-seo-wordpress\/ -->\n<title>\u201cG\u0259nc o\u011flum x\u0259st\u0259xana d\u0259hlizind\u0259 x\u0259r\u0259kd\u0259 can verdi, h\u0259kiml\u0259r yax\u0131n durmad\u0131\u201d - MEYDAN.TV<\/title>\n<meta name=\"robots\" content=\"index, follow, max-snippet:-1, max-image-preview:large, max-video-preview:-1\" \/>\n<link rel=\"canonical\" href=\"https:\/\/www.meydan.tv\/az\/article\/genc-oglum-xestexana-dehlizinde-xerekde-can-verdi-hekimler-yaxin-durmadi\/\" \/>\n<meta property=\"og:locale\" content=\"az_AZ\" \/>\n<meta property=\"og:type\" content=\"article\" \/>\n<meta property=\"og:title\" content=\"\u201cG\u0259nc o\u011flum x\u0259st\u0259xana d\u0259hlizind\u0259 x\u0259r\u0259kd\u0259 can verdi, h\u0259kiml\u0259r yax\u0131n durmad\u0131\u201d - MEYDAN.TV\" \/>\n<meta property=\"og:description\" content=\"Ail\u0259 \u00fczvl\u0259ri deyir, Kamran \u018fl\u0259sg\u0259rov t\u0259z\u0259c\u0259 ail\u0259 qurubmu\u015f.\" \/>\n<meta property=\"og:url\" content=\"https:\/\/www.meydan.tv\/az\/article\/genc-oglum-xestexana-dehlizinde-xerekde-can-verdi-hekimler-yaxin-durmadi\/\" \/>\n<meta property=\"og:site_name\" content=\"MEYDAN.TV\" \/>\n<meta property=\"article:published_time\" content=\"2019-08-31T19:01:48+00:00\" \/>\n<meta property=\"og:image\" content=\"https:\/\/www.meydan.tv\/wp-content\/uploads\/10854-1.jpg\" \/>\n\t<meta property=\"og:image:width\" content=\"1340\" \/>\n\t<meta property=\"og:image:height\" content=\"828\" \/>\n\t<meta property=\"og:image:type\" content=\"image\/jpeg\" \/>\n<meta name=\"author\" content=\"user-manager\" \/>\n<meta name=\"twitter:card\" content=\"summary_large_image\" \/>\n<script type=\"application\/ld+json\" class=\"yoast-schema-graph\">{\"@context\":\"https:\\\/\\\/schema.org\",\"@graph\":[{\"@type\":\"Article\",\"@id\":\"https:\\\/\\\/www.meydan.tv\\\/az\\\/article\\\/genc-oglum-xestexana-dehlizinde-xerekde-can-verdi-hekimler-yaxin-durmadi\\\/#article\",\"isPartOf\":{\"@id\":\"https:\\\/\\\/www.meydan.tv\\\/az\\\/article\\\/genc-oglum-xestexana-dehlizinde-xerekde-can-verdi-hekimler-yaxin-durmadi\\\/\"},\"author\":{\"name\":\"user-manager\",\"@id\":\"https:\\\/\\\/www.meydan.tv\\\/az\\\/#\\\/schema\\\/person\\\/10d11eccf6da3662cf5fdab9806ea91a\"},\"headline\":\"\u201cG\u0259nc o\u011flum x\u0259st\u0259xana d\u0259hlizind\u0259 x\u0259r\u0259kd\u0259 can verdi, h\u0259kiml\u0259r yax\u0131n durmad\u0131\u201d\",\"datePublished\":\"2019-08-31T19:01:48+00:00\",\"mainEntityOfPage\":{\"@id\":\"https:\\\/\\\/www.meydan.tv\\\/az\\\/article\\\/genc-oglum-xestexana-dehlizinde-xerekde-can-verdi-hekimler-yaxin-durmadi\\\/\"},\"wordCount\":785,\"publisher\":{\"@id\":\"https:\\\/\\\/www.meydan.tv\\\/az\\\/#organization\"},\"image\":{\"@id\":\"https:\\\/\\\/www.meydan.tv\\\/az\\\/article\\\/genc-oglum-xestexana-dehlizinde-xerekde-can-verdi-hekimler-yaxin-durmadi\\\/#primaryimage\"},\"thumbnailUrl\":\"https:\\\/\\\/www.meydan.tv\\\/wp-content\\\/uploads\\\/10854-1.jpg\",\"articleSection\":[\"B\u00f6lg\u0259\"],\"inLanguage\":\"az\"},{\"@type\":\"WebPage\",\"@id\":\"https:\\\/\\\/www.meydan.tv\\\/az\\\/article\\\/genc-oglum-xestexana-dehlizinde-xerekde-can-verdi-hekimler-yaxin-durmadi\\\/\",\"url\":\"https:\\\/\\\/www.meydan.tv\\\/az\\\/article\\\/genc-oglum-xestexana-dehlizinde-xerekde-can-verdi-hekimler-yaxin-durmadi\\\/\",\"name\":\"\u201cG\u0259nc o\u011flum x\u0259st\u0259xana d\u0259hlizind\u0259 x\u0259r\u0259kd\u0259 can verdi, h\u0259kiml\u0259r yax\u0131n durmad\u0131\u201d - MEYDAN.TV\",\"isPartOf\":{\"@id\":\"https:\\\/\\\/www.meydan.tv\\\/az\\\/#website\"},\"primaryImageOfPage\":{\"@id\":\"https:\\\/\\\/www.meydan.tv\\\/az\\\/article\\\/genc-oglum-xestexana-dehlizinde-xerekde-can-verdi-hekimler-yaxin-durmadi\\\/#primaryimage\"},\"image\":{\"@id\":\"https:\\\/\\\/www.meydan.tv\\\/az\\\/article\\\/genc-oglum-xestexana-dehlizinde-xerekde-can-verdi-hekimler-yaxin-durmadi\\\/#primaryimage\"},\"thumbnailUrl\":\"https:\\\/\\\/www.meydan.tv\\\/wp-content\\\/uploads\\\/10854-1.jpg\",\"datePublished\":\"2019-08-31T19:01:48+00:00\",\"breadcrumb\":{\"@id\":\"https:\\\/\\\/www.meydan.tv\\\/az\\\/article\\\/genc-oglum-xestexana-dehlizinde-xerekde-can-verdi-hekimler-yaxin-durmadi\\\/#breadcrumb\"},\"inLanguage\":\"az\",\"potentialAction\":[{\"@type\":\"ReadAction\",\"target\":[\"https:\\\/\\\/www.meydan.tv\\\/az\\\/article\\\/genc-oglum-xestexana-dehlizinde-xerekde-can-verdi-hekimler-yaxin-durmadi\\\/\"]}]},{\"@type\":\"ImageObject\",\"inLanguage\":\"az\",\"@id\":\"https:\\\/\\\/www.meydan.tv\\\/az\\\/article\\\/genc-oglum-xestexana-dehlizinde-xerekde-can-verdi-hekimler-yaxin-durmadi\\\/#primaryimage\",\"url\":\"https:\\\/\\\/www.meydan.tv\\\/wp-content\\\/uploads\\\/10854-1.jpg\",\"contentUrl\":\"https:\\\/\\\/www.meydan.tv\\\/wp-content\\\/uploads\\\/10854-1.jpg\",\"width\":1340,\"height\":828,\"caption\":\"Source: Specify Source\"},{\"@type\":\"BreadcrumbList\",\"@id\":\"https:\\\/\\\/www.meydan.tv\\\/az\\\/article\\\/genc-oglum-xestexana-dehlizinde-xerekde-can-verdi-hekimler-yaxin-durmadi\\\/#breadcrumb\",\"itemListElement\":[{\"@type\":\"ListItem\",\"position\":1,\"name\":\"Ana s\u0259hif\u0259\",\"item\":\"https:\\\/\\\/www.meydan.tv\\\/az\\\/\"},{\"@type\":\"ListItem\",\"position\":2,\"name\":\"B\u00f6lg\u0259\",\"item\":\"https:\\\/\\\/www.meydan.tv\\\/az\\\/section\\\/bolge\\\/\"},{\"@type\":\"ListItem\",\"position\":3,\"name\":\"\u201cG\u0259nc o\u011flum x\u0259st\u0259xana d\u0259hlizind\u0259 x\u0259r\u0259kd\u0259 can verdi, h\u0259kiml\u0259r yax\u0131n durmad\u0131\u201d\"}]},{\"@type\":\"WebSite\",\"@id\":\"https:\\\/\\\/www.meydan.tv\\\/az\\\/#website\",\"url\":\"https:\\\/\\\/www.meydan.tv\\\/az\\\/\",\"name\":\"MEYDAN.TV\",\"description\":\"Meydan TV Az\u0259rbaycan\u0131n media m\u0259kan\u0131ndak\u0131 alternativ s\u0259sidir\",\"publisher\":{\"@id\":\"https:\\\/\\\/www.meydan.tv\\\/az\\\/#organization\"},\"potentialAction\":[{\"@type\":\"SearchAction\",\"target\":{\"@type\":\"EntryPoint\",\"urlTemplate\":\"https:\\\/\\\/www.meydan.tv\\\/az\\\/?s={search_term_string}\"},\"query-input\":{\"@type\":\"PropertyValueSpecification\",\"valueRequired\":true,\"valueName\":\"search_term_string\"}}],\"inLanguage\":\"az\"},{\"@type\":\"Organization\",\"@id\":\"https:\\\/\\\/www.meydan.tv\\\/az\\\/#organization\",\"name\":\"Meydan TV\",\"url\":\"https:\\\/\\\/www.meydan.tv\\\/az\\\/\",\"logo\":{\"@type\":\"ImageObject\",\"inLanguage\":\"az\",\"@id\":\"https:\\\/\\\/www.meydan.tv\\\/az\\\/#\\\/schema\\\/logo\\\/image\\\/\",\"url\":\"https:\\\/\\\/www.meydan.tv\\\/wp-content\\\/uploads\\\/2021\\\/07\\\/meydan-logo.svg\",\"contentUrl\":\"https:\\\/\\\/www.meydan.tv\\\/wp-content\\\/uploads\\\/2021\\\/07\\\/meydan-logo.svg\",\"width\":195,\"height\":46,\"caption\":\"Meydan TV\"},\"image\":{\"@id\":\"https:\\\/\\\/www.meydan.tv\\\/az\\\/#\\\/schema\\\/logo\\\/image\\\/\"}},{\"@type\":\"Person\",\"@id\":\"https:\\\/\\\/www.meydan.tv\\\/az\\\/#\\\/schema\\\/person\\\/10d11eccf6da3662cf5fdab9806ea91a\",\"name\":\"user-manager\"}]}<\/script>\n<!-- \/ Yoast SEO plugin. -->","yoast_head_json":{"title":"\u201cG\u0259nc o\u011flum x\u0259st\u0259xana d\u0259hlizind\u0259 x\u0259r\u0259kd\u0259 can verdi, h\u0259kiml\u0259r yax\u0131n durmad\u0131\u201d - MEYDAN.TV","robots":{"index":"index","follow":"follow","max-snippet":"max-snippet:-1","max-image-preview":"max-image-preview:large","max-video-preview":"max-video-preview:-1"},"canonical":"https:\/\/www.meydan.tv\/az\/article\/genc-oglum-xestexana-dehlizinde-xerekde-can-verdi-hekimler-yaxin-durmadi\/","og_locale":"az_AZ","og_type":"article","og_title":"\u201cG\u0259nc o\u011flum x\u0259st\u0259xana d\u0259hlizind\u0259 x\u0259r\u0259kd\u0259 can verdi, h\u0259kiml\u0259r yax\u0131n durmad\u0131\u201d - MEYDAN.TV","og_description":"Ail\u0259 \u00fczvl\u0259ri deyir, Kamran \u018fl\u0259sg\u0259rov t\u0259z\u0259c\u0259 ail\u0259 qurubmu\u015f.","og_url":"https:\/\/www.meydan.tv\/az\/article\/genc-oglum-xestexana-dehlizinde-xerekde-can-verdi-hekimler-yaxin-durmadi\/","og_site_name":"MEYDAN.TV","article_published_time":"2019-08-31T19:01:48+00:00","og_image":[{"width":1340,"height":828,"url":"https:\/\/www.meydan.tv\/wp-content\/uploads\/10854-1.jpg","type":"image\/jpeg"}],"author":"user-manager","twitter_card":"summary_large_image","schema":{"@context":"https:\/\/schema.org","@graph":[{"@type":"Article","@id":"https:\/\/www.meydan.tv\/az\/article\/genc-oglum-xestexana-dehlizinde-xerekde-can-verdi-hekimler-yaxin-durmadi\/#article","isPartOf":{"@id":"https:\/\/www.meydan.tv\/az\/article\/genc-oglum-xestexana-dehlizinde-xerekde-can-verdi-hekimler-yaxin-durmadi\/"},"author":{"name":"user-manager","@id":"https:\/\/www.meydan.tv\/az\/#\/schema\/person\/10d11eccf6da3662cf5fdab9806ea91a"},"headline":"\u201cG\u0259nc o\u011flum x\u0259st\u0259xana d\u0259hlizind\u0259 x\u0259r\u0259kd\u0259 can verdi, h\u0259kiml\u0259r yax\u0131n durmad\u0131\u201d","datePublished":"2019-08-31T19:01:48+00:00","mainEntityOfPage":{"@id":"https:\/\/www.meydan.tv\/az\/article\/genc-oglum-xestexana-dehlizinde-xerekde-can-verdi-hekimler-yaxin-durmadi\/"},"wordCount":785,"publisher":{"@id":"https:\/\/www.meydan.tv\/az\/#organization"},"image":{"@id":"https:\/\/www.meydan.tv\/az\/article\/genc-oglum-xestexana-dehlizinde-xerekde-can-verdi-hekimler-yaxin-durmadi\/#primaryimage"},"thumbnailUrl":"https:\/\/www.meydan.tv\/wp-content\/uploads\/10854-1.jpg","articleSection":["B\u00f6lg\u0259"],"inLanguage":"az"},{"@type":"WebPage","@id":"https:\/\/www.meydan.tv\/az\/article\/genc-oglum-xestexana-dehlizinde-xerekde-can-verdi-hekimler-yaxin-durmadi\/","url":"https:\/\/www.meydan.tv\/az\/article\/genc-oglum-xestexana-dehlizinde-xerekde-can-verdi-hekimler-yaxin-durmadi\/","name":"\u201cG\u0259nc o\u011flum x\u0259st\u0259xana d\u0259hlizind\u0259 x\u0259r\u0259kd\u0259 can verdi, h\u0259kiml\u0259r yax\u0131n durmad\u0131\u201d - MEYDAN.TV","isPartOf":{"@id":"https:\/\/www.meydan.tv\/az\/#website"},"primaryImageOfPage":{"@id":"https:\/\/www.meydan.tv\/az\/article\/genc-oglum-xestexana-dehlizinde-xerekde-can-verdi-hekimler-yaxin-durmadi\/#primaryimage"},"image":{"@id":"https:\/\/www.meydan.tv\/az\/article\/genc-oglum-xestexana-dehlizinde-xerekde-can-verdi-hekimler-yaxin-durmadi\/#primaryimage"},"thumbnailUrl":"https:\/\/www.meydan.tv\/wp-content\/uploads\/10854-1.jpg","datePublished":"2019-08-31T19:01:48+00:00","breadcrumb":{"@id":"https:\/\/www.meydan.tv\/az\/article\/genc-oglum-xestexana-dehlizinde-xerekde-can-verdi-hekimler-yaxin-durmadi\/#breadcrumb"},"inLanguage":"az","potentialAction":[{"@type":"ReadAction","target":["https:\/\/www.meydan.tv\/az\/article\/genc-oglum-xestexana-dehlizinde-xerekde-can-verdi-hekimler-yaxin-durmadi\/"]}]},{"@type":"ImageObject","inLanguage":"az","@id":"https:\/\/www.meydan.tv\/az\/article\/genc-oglum-xestexana-dehlizinde-xerekde-can-verdi-hekimler-yaxin-durmadi\/#primaryimage","url":"https:\/\/www.meydan.tv\/wp-content\/uploads\/10854-1.jpg","contentUrl":"https:\/\/www.meydan.tv\/wp-content\/uploads\/10854-1.jpg","width":1340,"height":828,"caption":"Source: Specify Source"},{"@type":"BreadcrumbList","@id":"https:\/\/www.meydan.tv\/az\/article\/genc-oglum-xestexana-dehlizinde-xerekde-can-verdi-hekimler-yaxin-durmadi\/#breadcrumb","itemListElement":[{"@type":"ListItem","position":1,"name":"Ana s\u0259hif\u0259","item":"https:\/\/www.meydan.tv\/az\/"},{"@type":"ListItem","position":2,"name":"B\u00f6lg\u0259","item":"https:\/\/www.meydan.tv\/az\/section\/bolge\/"},{"@type":"ListItem","position":3,"name":"\u201cG\u0259nc o\u011flum x\u0259st\u0259xana d\u0259hlizind\u0259 x\u0259r\u0259kd\u0259 can verdi, h\u0259kiml\u0259r yax\u0131n durmad\u0131\u201d"}]},{"@type":"WebSite","@id":"https:\/\/www.meydan.tv\/az\/#website","url":"https:\/\/www.meydan.tv\/az\/","name":"MEYDAN.TV","description":"Meydan TV Az\u0259rbaycan\u0131n media m\u0259kan\u0131ndak\u0131 alternativ s\u0259sidir","publisher":{"@id":"https:\/\/www.meydan.tv\/az\/#organization"},"potentialAction":[{"@type":"SearchAction","target":{"@type":"EntryPoint","urlTemplate":"https:\/\/www.meydan.tv\/az\/?s={search_term_string}"},"query-input":{"@type":"PropertyValueSpecification","valueRequired":true,"valueName":"search_term_string"}}],"inLanguage":"az"},{"@type":"Organization","@id":"https:\/\/www.meydan.tv\/az\/#organization","name":"Meydan TV","url":"https:\/\/www.meydan.tv\/az\/","logo":{"@type":"ImageObject","inLanguage":"az","@id":"https:\/\/www.meydan.tv\/az\/#\/schema\/logo\/image\/","url":"https:\/\/www.meydan.tv\/wp-content\/uploads\/2021\/07\/meydan-logo.svg","contentUrl":"https:\/\/www.meydan.tv\/wp-content\/uploads\/2021\/07\/meydan-logo.svg","width":195,"height":46,"caption":"Meydan TV"},"image":{"@id":"https:\/\/www.meydan.tv\/az\/#\/schema\/logo\/image\/"}},{"@type":"Person","@id":"https:\/\/www.meydan.tv\/az\/#\/schema\/person\/10d11eccf6da3662cf5fdab9806ea91a","name":"user-manager"}]}},"_links":{"self":[{"href":"https:\/\/www.meydan.tv\/az\/wp-json\/wp\/v2\/posts\/196786","targetHints":{"allow":["GET"]}}],"collection":[{"href":"https:\/\/www.meydan.tv\/az\/wp-json\/wp\/v2\/posts"}],"about":[{"href":"https:\/\/www.meydan.tv\/az\/wp-json\/wp\/v2\/types\/post"}],"author":[{"embeddable":true,"href":"https:\/\/www.meydan.tv\/az\/wp-json\/wp\/v2\/users\/11"}],"replies":[{"embeddable":true,"href":"https:\/\/www.meydan.tv\/az\/wp-json\/wp\/v2\/comments?post=196786"}],"version-history":[{"count":0,"href":"https:\/\/www.meydan.tv\/az\/wp-json\/wp\/v2\/posts\/196786\/revisions"}],"wp:featuredmedia":[{"embeddable":true,"href":"https:\/\/www.meydan.tv\/az\/wp-json\/wp\/v2\/media\/128992"}],"wp:attachment":[{"href":"https:\/\/www.meydan.tv\/az\/wp-json\/wp\/v2\/media?parent=196786"}],"wp:term":[{"taxonomy":"category","embeddable":true,"href":"https:\/\/www.meydan.tv\/az\/wp-json\/wp\/v2\/categories?post=196786"},{"taxonomy":"post_tag","embeddable":true,"href":"https:\/\/www.meydan.tv\/az\/wp-json\/wp\/v2\/tags?post=196786"}],"curies":[{"name":"wp","href":"https:\/\/api.w.org\/{rel}","templated":true}]}}