{"id":196783,"date":"2019-08-30T15:30:13","date_gmt":"2019-08-30T15:30:13","guid":{"rendered":"https:\/\/www.meydan.tv\/article\/qazaxistanda-vetendaslarin-borclari-odenilecek\/"},"modified":"2019-08-30T15:30:13","modified_gmt":"2019-08-30T15:30:13","slug":"qazaxistanda-vetendaslarin-borclari-odenilecek","status":"publish","type":"post","link":"https:\/\/www.meydan.tv\/az\/article\/qazaxistanda-vetendaslarin-borclari-odenilecek\/","title":{"rendered":"Qazax\u0131standa v\u0259t\u0259nda\u015flar\u0131n borclar\u0131 \u00f6d\u0259nil\u0259c\u0259k"},"content":{"rendered":"<p>\n  <i><br \/>\n    Prezidentin f\u0259rman\u0131ndan sonra b\u00fcdc\u0259d\u0259n v\u0259sait ayr\u0131lmas\u0131 n\u0259z\u0259rd\u0259 tutulub<br \/>\n  <\/i>\n<\/p>\n<p>\n  Yar\u0131m milyon Qazax\u0131stan v\u0259t\u0259nda\u015f\u0131n\u0131n borcu M\u0259rk\u0259zi Asiyan\u0131n kas\u0131b xalq\u0131na k\u00f6m\u0259k etm\u0259k m\u0259qs\u0259diyl\u0259 d\u00f6vl\u0259t t\u0259r\u0259find\u0259n \u201cbird\u0259f\u0259lik olmaqla\u201d \u00f6d\u0259nil\u0259c\u0259k, &#8211; \u201cEuronews\u201d x\u0259b\u0259r verir.\n<\/p>\n<p>\n  Qazax\u0131stan\u0131n \u0259m\u0259k v\u0259 \u0259halinin sosial m\u00fcdafi\u0259si nazirinin m\u00fcavini Svetlana Jakupova deyib ki, d\u00f6vl\u0259t v\u0259t\u0259nda\u015flar\u0131n kredit v\u0259 dig\u0259r sah\u0259l\u0259r\u0259 borclar\u0131n\u0131 \u00f6d\u0259y\u0259c\u0259k. Bunun \u00fc\u00e7\u00fcn t\u0259xmin\u0259n 245 milyon avroya b\u0259rab\u0259r olan 105 milyard qazax tengi (KZT) h\u0259cmind\u0259 b\u00fcdc\u0259d\u0259n v\u0259sait ay\u0131racaq.\n<\/p>\n<p>\n  Bu akt Prezident Kas\u0131m-Jomart Tokayevin &quot;Qazax\u0131stan Respublikas\u0131 v\u0259t\u0259nda\u015flar\u0131n\u0131n borc y\u00fck\u00fcn\u00fc azaldaca\u011f\u0131&quot; il\u0259 ba\u011fl\u0131 f\u0259rman\u0131ndan sonraya t\u0259sad\u00fcf edir.\n<\/p>\n<p>\n  Yard\u0131m edil\u0259c\u0259k \u015f\u0259xsl\u0259r\u0259 yetiml\u0259r, \u00e7oxu\u015faql\u0131 ail\u0259l\u0259r, \u0259lil v\u0259 ya sosial c\u0259h\u0259td\u0259n kas\u0131b ail\u0259l\u0259r, bir ail\u0259nin itirilm\u0259si s\u0259b\u0259bind\u0259n yard\u0131m alan ail\u0259l\u0259r aiddir.\n<\/p>\n<p>\n  Prezident bunun &quot;bird\u0259f\u0259lik&quot; oldu\u011funu bildirib.\n<\/p>\n<p>\n  Bu kateqoriyaya aid \u015f\u0259xsl\u0259rin borclar\u0131 1 iyun 2019-cu il tarixind\u0259n etibar\u0259n \u00fc\u00e7 milyon KZT-d\u0259n (7,000 avro) \u00e7ox olmamal\u0131d\u0131r. D\u00f6vl\u0259t borc v\u0259 faizl\u0259ri maksimum 300.000 KZT-\u0259 (700 avro) q\u0259d\u0259r \u00f6d\u0259y\u0259c\u0259k.\n<\/p>\n<p>\n  Metallarla z\u0259ngin olan Qazax\u0131stan Orta Asiyada \u0259n \u00e7i\u00e7\u0259kl\u0259n\u0259n \u00f6lk\u0259l\u0259rd\u0259n say\u0131l\u0131r v\u0259 D\u00fcnya \u0130qtisadi Forumunun Qlobal R\u0259qab\u0259t s\u0131ralamas\u0131na g\u00f6r\u0259 144 \u00f6lk\u0259 aras\u0131nda 57-ci yerd\u0259dir. Qazax\u0131stan Kipr, Macar\u0131stan v\u0259 Rum\u0131niyadan \u00f6nd\u0259 g\u0259lir.\n<\/p>\n<p>\n  D\u00fcnya Bank\u0131n\u0131n m\u0259lumatlar\u0131na g\u00f6r\u0259 Qazax\u0131standa orta illik g\u0259lir 3,03 milyon KTZ, y\u0259ni t\u0259xmin\u0259n 7,062 avrodur.<\/p>\n","protected":false},"excerpt":{"rendered":"<p>Yard\u0131m edil\u0259c\u0259k \u015f\u0259xsl\u0259r\u0259 yetiml\u0259r, \u00e7oxu\u015faql\u0131 ail\u0259l\u0259r, \u0259lil v\u0259 ya sosial c\u0259h\u0259td\u0259n kas\u0131b ail\u0259l\u0259r, bir ail\u0259nin itirilm\u0259si s\u0259b\u0259bind\u0259n yard\u0131m alan ail\u0259l\u0259r aiddir.<\/p>\n","protected":false},"author":11,"featured_media":128971,"comment_status":"closed","ping_status":"open","sticky":false,"template":"","format":"standard","meta":{"_acf_changed":false,"_sitemap_exclude":false,"_sitemap_priority":"","_sitemap_frequency":"","footnotes":""},"categories":[64],"tags":[],"class_list":["post-196783","post","type-post","status-publish","format-standard","has-post-thumbnail","hentry","category-dunya","infinite-scroll-item","generate-columns","tablet-grid-50","mobile-grid-100","grid-parent","grid-33","no-featured-image-padding"],"acf":[],"yoast_head":"<!-- This site is optimized with the Yoast SEO plugin v27.5 - https:\/\/yoast.com\/product\/yoast-seo-wordpress\/ -->\n<title>Qazax\u0131standa v\u0259t\u0259nda\u015flar\u0131n borclar\u0131 \u00f6d\u0259nil\u0259c\u0259k - MEYDAN.TV<\/title>\n<meta name=\"robots\" content=\"index, follow, max-snippet:-1, max-image-preview:large, max-video-preview:-1\" \/>\n<link rel=\"canonical\" href=\"https:\/\/www.meydan.tv\/az\/article\/qazaxistanda-vetendaslarin-borclari-odenilecek\/\" \/>\n<meta property=\"og:locale\" content=\"az_AZ\" \/>\n<meta property=\"og:type\" content=\"article\" \/>\n<meta property=\"og:title\" content=\"Qazax\u0131standa v\u0259t\u0259nda\u015flar\u0131n borclar\u0131 \u00f6d\u0259nil\u0259c\u0259k - MEYDAN.TV\" \/>\n<meta property=\"og:description\" content=\"Yard\u0131m edil\u0259c\u0259k \u015f\u0259xsl\u0259r\u0259 yetiml\u0259r, \u00e7oxu\u015faql\u0131 ail\u0259l\u0259r, \u0259lil v\u0259 ya sosial c\u0259h\u0259td\u0259n kas\u0131b ail\u0259l\u0259r, bir ail\u0259nin itirilm\u0259si s\u0259b\u0259bind\u0259n yard\u0131m alan ail\u0259l\u0259r aiddir.\" \/>\n<meta property=\"og:url\" content=\"https:\/\/www.meydan.tv\/az\/article\/qazaxistanda-vetendaslarin-borclari-odenilecek\/\" \/>\n<meta property=\"og:site_name\" content=\"MEYDAN.TV\" \/>\n<meta property=\"article:published_time\" content=\"2019-08-30T15:30:13+00:00\" \/>\n<meta property=\"og:image\" content=\"https:\/\/www.meydan.tv\/wp-content\/uploads\/ec4773bc-e51d-47b6-803b-e9f5ee22fbb9.jpg\" \/>\n\t<meta property=\"og:image:width\" content=\"1920\" \/>\n\t<meta property=\"og:image:height\" content=\"1280\" \/>\n\t<meta property=\"og:image:type\" content=\"image\/jpeg\" \/>\n<meta name=\"author\" content=\"user-manager\" \/>\n<meta name=\"twitter:card\" content=\"summary_large_image\" \/>\n<script type=\"application\/ld+json\" class=\"yoast-schema-graph\">{\"@context\":\"https:\\\/\\\/schema.org\",\"@graph\":[{\"@type\":\"Article\",\"@id\":\"https:\\\/\\\/www.meydan.tv\\\/az\\\/article\\\/qazaxistanda-vetendaslarin-borclari-odenilecek\\\/#article\",\"isPartOf\":{\"@id\":\"https:\\\/\\\/www.meydan.tv\\\/az\\\/article\\\/qazaxistanda-vetendaslarin-borclari-odenilecek\\\/\"},\"author\":{\"name\":\"user-manager\",\"@id\":\"https:\\\/\\\/www.meydan.tv\\\/az\\\/#\\\/schema\\\/person\\\/10d11eccf6da3662cf5fdab9806ea91a\"},\"headline\":\"Qazax\u0131standa v\u0259t\u0259nda\u015flar\u0131n borclar\u0131 \u00f6d\u0259nil\u0259c\u0259k\",\"datePublished\":\"2019-08-30T15:30:13+00:00\",\"mainEntityOfPage\":{\"@id\":\"https:\\\/\\\/www.meydan.tv\\\/az\\\/article\\\/qazaxistanda-vetendaslarin-borclari-odenilecek\\\/\"},\"wordCount\":341,\"publisher\":{\"@id\":\"https:\\\/\\\/www.meydan.tv\\\/az\\\/#organization\"},\"image\":{\"@id\":\"https:\\\/\\\/www.meydan.tv\\\/az\\\/article\\\/qazaxistanda-vetendaslarin-borclari-odenilecek\\\/#primaryimage\"},\"thumbnailUrl\":\"https:\\\/\\\/www.meydan.tv\\\/wp-content\\\/uploads\\\/ec4773bc-e51d-47b6-803b-e9f5ee22fbb9.jpg\",\"articleSection\":[\"D\u00fcnya\"],\"inLanguage\":\"az\"},{\"@type\":\"WebPage\",\"@id\":\"https:\\\/\\\/www.meydan.tv\\\/az\\\/article\\\/qazaxistanda-vetendaslarin-borclari-odenilecek\\\/\",\"url\":\"https:\\\/\\\/www.meydan.tv\\\/az\\\/article\\\/qazaxistanda-vetendaslarin-borclari-odenilecek\\\/\",\"name\":\"Qazax\u0131standa v\u0259t\u0259nda\u015flar\u0131n borclar\u0131 \u00f6d\u0259nil\u0259c\u0259k - MEYDAN.TV\",\"isPartOf\":{\"@id\":\"https:\\\/\\\/www.meydan.tv\\\/az\\\/#website\"},\"primaryImageOfPage\":{\"@id\":\"https:\\\/\\\/www.meydan.tv\\\/az\\\/article\\\/qazaxistanda-vetendaslarin-borclari-odenilecek\\\/#primaryimage\"},\"image\":{\"@id\":\"https:\\\/\\\/www.meydan.tv\\\/az\\\/article\\\/qazaxistanda-vetendaslarin-borclari-odenilecek\\\/#primaryimage\"},\"thumbnailUrl\":\"https:\\\/\\\/www.meydan.tv\\\/wp-content\\\/uploads\\\/ec4773bc-e51d-47b6-803b-e9f5ee22fbb9.jpg\",\"datePublished\":\"2019-08-30T15:30:13+00:00\",\"breadcrumb\":{\"@id\":\"https:\\\/\\\/www.meydan.tv\\\/az\\\/article\\\/qazaxistanda-vetendaslarin-borclari-odenilecek\\\/#breadcrumb\"},\"inLanguage\":\"az\",\"potentialAction\":[{\"@type\":\"ReadAction\",\"target\":[\"https:\\\/\\\/www.meydan.tv\\\/az\\\/article\\\/qazaxistanda-vetendaslarin-borclari-odenilecek\\\/\"]}]},{\"@type\":\"ImageObject\",\"inLanguage\":\"az\",\"@id\":\"https:\\\/\\\/www.meydan.tv\\\/az\\\/article\\\/qazaxistanda-vetendaslarin-borclari-odenilecek\\\/#primaryimage\",\"url\":\"https:\\\/\\\/www.meydan.tv\\\/wp-content\\\/uploads\\\/ec4773bc-e51d-47b6-803b-e9f5ee22fbb9.jpg\",\"contentUrl\":\"https:\\\/\\\/www.meydan.tv\\\/wp-content\\\/uploads\\\/ec4773bc-e51d-47b6-803b-e9f5ee22fbb9.jpg\",\"width\":1920,\"height\":1280,\"caption\":\"Source: meydan tv\"},{\"@type\":\"BreadcrumbList\",\"@id\":\"https:\\\/\\\/www.meydan.tv\\\/az\\\/article\\\/qazaxistanda-vetendaslarin-borclari-odenilecek\\\/#breadcrumb\",\"itemListElement\":[{\"@type\":\"ListItem\",\"position\":1,\"name\":\"Ana s\u0259hif\u0259\",\"item\":\"https:\\\/\\\/www.meydan.tv\\\/az\\\/\"},{\"@type\":\"ListItem\",\"position\":2,\"name\":\"D\u00fcnya\",\"item\":\"https:\\\/\\\/www.meydan.tv\\\/az\\\/section\\\/dunya\\\/\"},{\"@type\":\"ListItem\",\"position\":3,\"name\":\"Qazax\u0131standa v\u0259t\u0259nda\u015flar\u0131n borclar\u0131 \u00f6d\u0259nil\u0259c\u0259k\"}]},{\"@type\":\"WebSite\",\"@id\":\"https:\\\/\\\/www.meydan.tv\\\/az\\\/#website\",\"url\":\"https:\\\/\\\/www.meydan.tv\\\/az\\\/\",\"name\":\"MEYDAN.TV\",\"description\":\"Meydan TV Az\u0259rbaycan\u0131n media m\u0259kan\u0131ndak\u0131 alternativ s\u0259sidir\",\"publisher\":{\"@id\":\"https:\\\/\\\/www.meydan.tv\\\/az\\\/#organization\"},\"potentialAction\":[{\"@type\":\"SearchAction\",\"target\":{\"@type\":\"EntryPoint\",\"urlTemplate\":\"https:\\\/\\\/www.meydan.tv\\\/az\\\/?s={search_term_string}\"},\"query-input\":{\"@type\":\"PropertyValueSpecification\",\"valueRequired\":true,\"valueName\":\"search_term_string\"}}],\"inLanguage\":\"az\"},{\"@type\":\"Organization\",\"@id\":\"https:\\\/\\\/www.meydan.tv\\\/az\\\/#organization\",\"name\":\"Meydan TV\",\"url\":\"https:\\\/\\\/www.meydan.tv\\\/az\\\/\",\"logo\":{\"@type\":\"ImageObject\",\"inLanguage\":\"az\",\"@id\":\"https:\\\/\\\/www.meydan.tv\\\/az\\\/#\\\/schema\\\/logo\\\/image\\\/\",\"url\":\"https:\\\/\\\/www.meydan.tv\\\/wp-content\\\/uploads\\\/2021\\\/07\\\/meydan-logo.svg\",\"contentUrl\":\"https:\\\/\\\/www.meydan.tv\\\/wp-content\\\/uploads\\\/2021\\\/07\\\/meydan-logo.svg\",\"width\":195,\"height\":46,\"caption\":\"Meydan TV\"},\"image\":{\"@id\":\"https:\\\/\\\/www.meydan.tv\\\/az\\\/#\\\/schema\\\/logo\\\/image\\\/\"}},{\"@type\":\"Person\",\"@id\":\"https:\\\/\\\/www.meydan.tv\\\/az\\\/#\\\/schema\\\/person\\\/10d11eccf6da3662cf5fdab9806ea91a\",\"name\":\"user-manager\"}]}<\/script>\n<!-- \/ Yoast SEO plugin. -->","yoast_head_json":{"title":"Qazax\u0131standa v\u0259t\u0259nda\u015flar\u0131n borclar\u0131 \u00f6d\u0259nil\u0259c\u0259k - MEYDAN.TV","robots":{"index":"index","follow":"follow","max-snippet":"max-snippet:-1","max-image-preview":"max-image-preview:large","max-video-preview":"max-video-preview:-1"},"canonical":"https:\/\/www.meydan.tv\/az\/article\/qazaxistanda-vetendaslarin-borclari-odenilecek\/","og_locale":"az_AZ","og_type":"article","og_title":"Qazax\u0131standa v\u0259t\u0259nda\u015flar\u0131n borclar\u0131 \u00f6d\u0259nil\u0259c\u0259k - MEYDAN.TV","og_description":"Yard\u0131m edil\u0259c\u0259k \u015f\u0259xsl\u0259r\u0259 yetiml\u0259r, \u00e7oxu\u015faql\u0131 ail\u0259l\u0259r, \u0259lil v\u0259 ya sosial c\u0259h\u0259td\u0259n kas\u0131b ail\u0259l\u0259r, bir ail\u0259nin itirilm\u0259si s\u0259b\u0259bind\u0259n yard\u0131m alan ail\u0259l\u0259r aiddir.","og_url":"https:\/\/www.meydan.tv\/az\/article\/qazaxistanda-vetendaslarin-borclari-odenilecek\/","og_site_name":"MEYDAN.TV","article_published_time":"2019-08-30T15:30:13+00:00","og_image":[{"width":1920,"height":1280,"url":"https:\/\/www.meydan.tv\/wp-content\/uploads\/ec4773bc-e51d-47b6-803b-e9f5ee22fbb9.jpg","type":"image\/jpeg"}],"author":"user-manager","twitter_card":"summary_large_image","schema":{"@context":"https:\/\/schema.org","@graph":[{"@type":"Article","@id":"https:\/\/www.meydan.tv\/az\/article\/qazaxistanda-vetendaslarin-borclari-odenilecek\/#article","isPartOf":{"@id":"https:\/\/www.meydan.tv\/az\/article\/qazaxistanda-vetendaslarin-borclari-odenilecek\/"},"author":{"name":"user-manager","@id":"https:\/\/www.meydan.tv\/az\/#\/schema\/person\/10d11eccf6da3662cf5fdab9806ea91a"},"headline":"Qazax\u0131standa v\u0259t\u0259nda\u015flar\u0131n borclar\u0131 \u00f6d\u0259nil\u0259c\u0259k","datePublished":"2019-08-30T15:30:13+00:00","mainEntityOfPage":{"@id":"https:\/\/www.meydan.tv\/az\/article\/qazaxistanda-vetendaslarin-borclari-odenilecek\/"},"wordCount":341,"publisher":{"@id":"https:\/\/www.meydan.tv\/az\/#organization"},"image":{"@id":"https:\/\/www.meydan.tv\/az\/article\/qazaxistanda-vetendaslarin-borclari-odenilecek\/#primaryimage"},"thumbnailUrl":"https:\/\/www.meydan.tv\/wp-content\/uploads\/ec4773bc-e51d-47b6-803b-e9f5ee22fbb9.jpg","articleSection":["D\u00fcnya"],"inLanguage":"az"},{"@type":"WebPage","@id":"https:\/\/www.meydan.tv\/az\/article\/qazaxistanda-vetendaslarin-borclari-odenilecek\/","url":"https:\/\/www.meydan.tv\/az\/article\/qazaxistanda-vetendaslarin-borclari-odenilecek\/","name":"Qazax\u0131standa v\u0259t\u0259nda\u015flar\u0131n borclar\u0131 \u00f6d\u0259nil\u0259c\u0259k - MEYDAN.TV","isPartOf":{"@id":"https:\/\/www.meydan.tv\/az\/#website"},"primaryImageOfPage":{"@id":"https:\/\/www.meydan.tv\/az\/article\/qazaxistanda-vetendaslarin-borclari-odenilecek\/#primaryimage"},"image":{"@id":"https:\/\/www.meydan.tv\/az\/article\/qazaxistanda-vetendaslarin-borclari-odenilecek\/#primaryimage"},"thumbnailUrl":"https:\/\/www.meydan.tv\/wp-content\/uploads\/ec4773bc-e51d-47b6-803b-e9f5ee22fbb9.jpg","datePublished":"2019-08-30T15:30:13+00:00","breadcrumb":{"@id":"https:\/\/www.meydan.tv\/az\/article\/qazaxistanda-vetendaslarin-borclari-odenilecek\/#breadcrumb"},"inLanguage":"az","potentialAction":[{"@type":"ReadAction","target":["https:\/\/www.meydan.tv\/az\/article\/qazaxistanda-vetendaslarin-borclari-odenilecek\/"]}]},{"@type":"ImageObject","inLanguage":"az","@id":"https:\/\/www.meydan.tv\/az\/article\/qazaxistanda-vetendaslarin-borclari-odenilecek\/#primaryimage","url":"https:\/\/www.meydan.tv\/wp-content\/uploads\/ec4773bc-e51d-47b6-803b-e9f5ee22fbb9.jpg","contentUrl":"https:\/\/www.meydan.tv\/wp-content\/uploads\/ec4773bc-e51d-47b6-803b-e9f5ee22fbb9.jpg","width":1920,"height":1280,"caption":"Source: meydan tv"},{"@type":"BreadcrumbList","@id":"https:\/\/www.meydan.tv\/az\/article\/qazaxistanda-vetendaslarin-borclari-odenilecek\/#breadcrumb","itemListElement":[{"@type":"ListItem","position":1,"name":"Ana s\u0259hif\u0259","item":"https:\/\/www.meydan.tv\/az\/"},{"@type":"ListItem","position":2,"name":"D\u00fcnya","item":"https:\/\/www.meydan.tv\/az\/section\/dunya\/"},{"@type":"ListItem","position":3,"name":"Qazax\u0131standa v\u0259t\u0259nda\u015flar\u0131n borclar\u0131 \u00f6d\u0259nil\u0259c\u0259k"}]},{"@type":"WebSite","@id":"https:\/\/www.meydan.tv\/az\/#website","url":"https:\/\/www.meydan.tv\/az\/","name":"MEYDAN.TV","description":"Meydan TV Az\u0259rbaycan\u0131n media m\u0259kan\u0131ndak\u0131 alternativ s\u0259sidir","publisher":{"@id":"https:\/\/www.meydan.tv\/az\/#organization"},"potentialAction":[{"@type":"SearchAction","target":{"@type":"EntryPoint","urlTemplate":"https:\/\/www.meydan.tv\/az\/?s={search_term_string}"},"query-input":{"@type":"PropertyValueSpecification","valueRequired":true,"valueName":"search_term_string"}}],"inLanguage":"az"},{"@type":"Organization","@id":"https:\/\/www.meydan.tv\/az\/#organization","name":"Meydan TV","url":"https:\/\/www.meydan.tv\/az\/","logo":{"@type":"ImageObject","inLanguage":"az","@id":"https:\/\/www.meydan.tv\/az\/#\/schema\/logo\/image\/","url":"https:\/\/www.meydan.tv\/wp-content\/uploads\/2021\/07\/meydan-logo.svg","contentUrl":"https:\/\/www.meydan.tv\/wp-content\/uploads\/2021\/07\/meydan-logo.svg","width":195,"height":46,"caption":"Meydan TV"},"image":{"@id":"https:\/\/www.meydan.tv\/az\/#\/schema\/logo\/image\/"}},{"@type":"Person","@id":"https:\/\/www.meydan.tv\/az\/#\/schema\/person\/10d11eccf6da3662cf5fdab9806ea91a","name":"user-manager"}]}},"_links":{"self":[{"href":"https:\/\/www.meydan.tv\/az\/wp-json\/wp\/v2\/posts\/196783","targetHints":{"allow":["GET"]}}],"collection":[{"href":"https:\/\/www.meydan.tv\/az\/wp-json\/wp\/v2\/posts"}],"about":[{"href":"https:\/\/www.meydan.tv\/az\/wp-json\/wp\/v2\/types\/post"}],"author":[{"embeddable":true,"href":"https:\/\/www.meydan.tv\/az\/wp-json\/wp\/v2\/users\/11"}],"replies":[{"embeddable":true,"href":"https:\/\/www.meydan.tv\/az\/wp-json\/wp\/v2\/comments?post=196783"}],"version-history":[{"count":0,"href":"https:\/\/www.meydan.tv\/az\/wp-json\/wp\/v2\/posts\/196783\/revisions"}],"wp:featuredmedia":[{"embeddable":true,"href":"https:\/\/www.meydan.tv\/az\/wp-json\/wp\/v2\/media\/128971"}],"wp:attachment":[{"href":"https:\/\/www.meydan.tv\/az\/wp-json\/wp\/v2\/media?parent=196783"}],"wp:term":[{"taxonomy":"category","embeddable":true,"href":"https:\/\/www.meydan.tv\/az\/wp-json\/wp\/v2\/categories?post=196783"},{"taxonomy":"post_tag","embeddable":true,"href":"https:\/\/www.meydan.tv\/az\/wp-json\/wp\/v2\/tags?post=196783"}],"curies":[{"name":"wp","href":"https:\/\/api.w.org\/{rel}","templated":true}]}}