{"id":196776,"date":"2019-08-30T13:27:13","date_gmt":"2019-08-30T13:27:13","guid":{"rendered":"https:\/\/www.meydan.tv\/article\/balam-surunur-ona-baxanda-ezab-cekirem\/"},"modified":"2019-08-30T13:27:13","modified_gmt":"2019-08-30T13:27:13","slug":"balam-surunur-ona-baxanda-ezab-cekirem","status":"publish","type":"post","link":"https:\/\/www.meydan.tv\/az\/article\/balam-surunur-ona-baxanda-ezab-cekirem\/","title":{"rendered":"\u201cBalam s\u00fcr\u00fcn\u00fcr, ona baxanda \u0259zab \u00e7\u0259kir\u0259m\u201d"},"content":{"rendered":"<p>\n  <i><br \/>\n    Ana \u00f6vlad\u0131n\u0131n m\u00fcalic\u0259si \u00fc\u00e7\u00fcn Prezident\u0259 m\u00fcraci\u0259t etdi<br \/>\n  <\/i>\n<\/p>\n<p>\n  \u201c11 ya\u015f\u0131nda o\u011flumun aya\u011f\u0131 tutulma\u011fa ba\u015flad\u0131. \u0130ndi 24 ya\u015f\u0131 var v\u0259 arabadad\u0131r. 13 ildir getm\u0259diyimiz h\u0259kim qalmay\u0131b. Ham\u0131s\u0131 sa\u011falacaq deyib, sa\u011falmay\u0131b. \u0130nan\u0131n, 4 evin pulunu t\u00f6km\u00fc\u015f\u0259m \u00fcst\u00fcn\u0259. Art\u0131q he\u00e7 n\u0259yim qalmay\u0131b, m\u00fcalic\u0259ni dayand\u0131rm\u0131\u015fam\u201d.\n<\/p>\n<p>\n  K\u00fcrd\u0259mirin Qaraqocal\u0131 k\u0259ndinin sakini K\u0259mal\u0259 H\u00fcseynova bel\u0259 deyir. 2 \u00f6vlad\u0131 olan K\u0259mal\u0259 xan\u0131m\u0131n q\u0131z\u0131 ail\u0259 qurub, o\u011flu R\u0259hman\u0131n is\u0259 ayaqlar\u0131 tutulub. Deyir, atas\u0131 da onun d\u0259rdin\u0259 d\u00f6zm\u0259yib, \u00f6t\u0259n il \u00fcr\u0259k tutmas\u0131ndan \u00f6l\u00fcb:\n<\/p>\n<p>\n  \u201c\u018fvv\u0259l bel\u0259 deyildi. X\u0259st\u0259liyi h\u0259r n\u0259dirs\u0259, biz\u0259 demirl\u0259r. Amma sonradan ba\u015flad\u0131. Apard\u0131\u011f\u0131m\u0131z b\u00fct\u00fcn h\u0259kiml\u0259r deyirl\u0259r ki, d\u00fcz\u0259l\u0259ndi, sa\u011falacaq. Amma n\u0259yimiz var, n\u0259yimiz yox, ham\u0131s\u0131n\u0131 u\u015fa\u011f\u0131n m\u00fcalic\u0259sin\u0259 t\u00f6kd\u00fck, daha da pisl\u0259\u015fdi. \u0130rana da apard\u0131m, bir xeyri olmad\u0131. Bir ana kimi t\u00fck\u0259nmi\u015f v\u0259ziyy\u0259td\u0259y\u0259m. Art\u0131q n\u0259 pulum qal\u0131b, n\u0259 d\u0259 atas\u0131 h\u0259yatdad\u0131r\u201d.\n<\/p>\n<p>\n  K\u0259mal\u0259 H\u00fcseynova deyir ki, ail\u0259nin t\u0259k g\u0259liri R\u0259hman\u0131n ald\u0131\u011f\u0131 t\u0259qa\u00fcd v\u0259 anas\u0131n\u0131n ona baxd\u0131\u011f\u0131na g\u00f6r\u0259 ald\u0131\u011f\u0131 50 manatd\u0131r. Bununla da g\u00fcnd\u0259lik ya\u015fant\u0131lar\u0131n\u0131 ba\u015fa vururlar:\n<\/p>\n<p>\n  \u201cU\u015fa\u011f\u0131 m\u00fcalic\u0259y\u0259 he\u00e7 n\u0259 qalm\u0131r. Rayonda fizioterapiyadan tutmu\u015f, h\u0259kim\u0259 q\u0259d\u0259r, ham\u0131s\u0131 pulludur. Bak\u0131ya aparma\u011fa da imkan yoxdur. El\u0259 buradan g\u00f6t\u00fcr\u0259k ki, h\u0259kim\u0259 aparma\u011fa bel\u0259 imkan\u0131m yoxdur. Bunun taksisi, h\u0259kimi, m\u00fcalic\u0259si var. \u00c7atd\u0131rm\u0131ram. Daha onun aya\u011f\u0131n\u0131n yer tutmas\u0131 u\u011frunda he\u00e7 n\u0259 etmirik\u201d.\n<\/p>\n<figure class=\"wp-block-image size-large\">\n  <img decoding=\"async\" src=\"https:\/\/www.meydan.tv\/az\/image_from_ios-12-jpg-6\/\" alt=\"image_from_ios (12).jpg\" class=\"wp-image-128956\"\/><figcaption>\n    O, \u0259ll\u0259rinin k\u00f6m\u0259yi il\u0259, \u00e7\u0259tinlikl\u0259 h\u0259r\u0259k\u0259t edir<br \/>\n  <\/figcaption><\/figure>\n<p>\n  Ana deyir ki, o\u011flu m\u00fcalic\u0259 ald\u0131\u011f\u0131 ill\u0259rd\u0259 v\u0259ziyy\u0259ti daha da pisl\u0259\u015fib. Yen\u0259 \u0259vv\u0259l birt\u0259h\u0259r ayaq \u00fcst\u0259 dura bilirdi. Getdikc\u0259 ayaqlar\u0131 tamamil\u0259 tutulub:\n<\/p>\n<p>\n  \u201c\u0130ndi 24 ya\u015f\u0131 var. 5 ildir tamamil\u0259 yerimir. H\u0259r h\u0259kim\u0259 ged\u0259nd\u0259 500-600 manat\u0131m \u00e7\u0131x\u0131rd\u0131. \u0130ndi daha pulum qalmay\u0131b. Ald\u0131\u011f\u0131m\u0131z da t\u0259qa\u00fcd v\u0259 bax\u0131mpuludur, v\u0259ss\u0259lam. Onunla n\u0259 etm\u0259k olar? Yazmad\u0131\u011f\u0131m yer, m\u00fcraci\u0259t etm\u0259diyim adam qalmay\u0131b. H\u0259tta verili\u015fl\u0259r\u0259 d\u0259 getdim. Dedim, b\u0259lk\u0259 televiziyaya \u00e7\u0131xsam, kims\u0259 k\u00f6m\u0259k ed\u0259r. \u00c7\u0131xa bilm\u0259dim. Yaz\u0131ram, oxuyurlar, cavab vermirl\u0259r. Bir s\u00f6z demirl\u0259r\u201d.\n<\/p>\n<p>\n  K\u0259mal\u0259 H\u00fcseynova deyir ki, h\u0259kiml\u0259rin \u201csa\u011falacaq\u201d dem\u0259si onu \u00fcmidl\u0259ndirib. \u00c7\u00fcnki indiy\u0259 q\u0259d\u0259r o\u011flunu ne\u00e7\u0259 h\u0259kim\u0259 apar\u0131bsa, ham\u0131s\u0131 ciddi n\u0259s\u0259 olmad\u0131\u011f\u0131n\u0131 s\u00f6yl\u0259yib. Deyir b\u0259lk\u0259 pul olsa, m\u00fcalic\u0259 etdirs\u0259, sa\u011falar. Bunun \u00fc\u00e7\u00fcn ana Prezident \u0130lham \u018fliyev v\u0259 onun xan\u0131m\u0131 Mehriban \u018fliyevadan k\u00f6m\u0259k ist\u0259yir:\n<\/p>\n<p>\n  \u201cSizin d\u0259 \u00f6vladlar\u0131n\u0131z var, m\u0259ni yax\u015f\u0131 anlayars\u0131n\u0131z. Onlar\u0131n sa\u00e7lar\u0131ndan bir t\u00fck \u0259ksik olmas\u0131na siz d\u0259 d\u00f6zm\u0259zsiniz, m\u0259n d\u0259 d\u00f6zm\u00fcr\u0259m. Atas\u0131 d\u00f6zm\u0259di, \u00f6ld\u00fc. M\u0259n\u0259 \u00f6lm\u0259k d\u0259 haramd\u0131r. Onu kimin yan\u0131nda qoyub \u00f6l\u00fcm? Nolar, m\u0259n\u0259 k\u00f6m\u0259k edin. O\u011flumun m\u00fcalic\u0259 olunmas\u0131 \u00fc\u00e7\u00fcn x\u0259st\u0259xanalardan birin\u0259 g\u00f6st\u0259ri\u015f verin. Aya\u011fa dursun, ba\u015fqa he\u00e7 n\u0259 ist\u0259mir\u0259m. M\u0259nim ondan ba\u015fqa kims\u0259m yoxdur. Balam s\u00fcr\u00fcn\u00fcr, ona baxanda \u0259zab \u00e7\u0259kir\u0259m\u201d.\n<\/p>\n<figure class=\"wp-block-image size-large\">\n  <img decoding=\"async\" src=\"https:\/\/www.meydan.tv\/az\/image_from_ios-11-jpg-7\/\" alt=\"image_from_ios (11).jpg\" class=\"wp-image-128950\"\/><figcaption>\n    R\u0259hman H\u00fcseynovun ayaqlar\u0131 tamamil\u0259 tutuldu\u011fundan s\u00fcr\u00fcn\u0259-s\u00fcr\u00fcn\u0259 h\u0259r\u0259k\u0259t edir<br \/>\n  <\/figcaption><\/figure>\n<p>\n  Ana \u00f6vlad\u0131n\u0131n tam olaraq diaqnozunun n\u0259 oldu\u011funu bilmir. Deyir, h\u0259r\u0259 bir s\u00f6z deyib. Ona g\u00f6r\u0259 d\u0259 bu g\u00fcn R\u0259hman\u0131n \u0259sasl\u0131 m\u00fcayin\u0259 v\u0259 m\u00fcalic\u0259y\u0259 ehtiyac\u0131 var:\n<\/p>\n<p>\n  \u201cBilmir\u0259m he\u00e7 d\u0259rdi n\u0259dir. B\u0259lk\u0259 d\u0259 savads\u0131zam, anlam\u0131ram. Gah deyirl\u0259r, s\u00fcm\u00fck bo\u015flu\u011fudur, gah da deyirl\u0259r ki, sinirl\u0259rind\u0259ndir. Adic\u0259 \u0259ll\u0259ri v\u0259 ayaqlar\u0131n\u0131n g\u00fccl\u0259nm\u0259si \u00fc\u00e7\u00fcn fizioterapiyaya aparmaq laz\u0131md\u0131r. Onu da \u00e7atd\u0131ra bilmir\u0259m. Yoxdur, n\u0259 edim. \u0130mkan yoxdur dey\u0259 \u00f6vlad\u0131m arabada ya\u015fay\u0131r. He\u00e7 olmasa azca, \u00e7\u0259tinlikl\u0259 yerisin, ona da raz\u0131yam, inan\u0131n. Yoxsa bu u\u015fa\u011f\u0131n d\u0259rdi m\u0259ni \u00f6ld\u00fcr\u0259c\u0259k\u201d.\n<\/p>\n<p>\n  Meydan TV K\u0259mal\u0259 H\u00fcseynovan\u0131n pullu m\u00fcalic\u0259 il\u0259 ba\u011fl\u0131 \u015fikay\u0259tin\u0259 K\u00fcrd\u0259mir Rayon M\u0259rk\u0259zi X\u0259st\u0259xanas\u0131ndan m\u00fcnasib\u0259t \u00f6yr\u0259nib. X\u0259st\u0259xanadan bildiribl\u0259r ki, onlarda m\u00fcalic\u0259, m\u00fcayin\u0259 pulsuzdur: \u201cD\u00f6vl\u0259t x\u0259st\u0259xanas\u0131d\u0131r. Biz he\u00e7 kimd\u0259n pul t\u0259l\u0259b etmirik\u201d.<\/p>\n","protected":false},"excerpt":{"rendered":"<p>Gah deyirl\u0259r, s\u00fcm\u00fck bo\u015flu\u011fudur, gah da deyirl\u0259r ki, sinirl\u0259rind\u0259ndir.<\/p>\n","protected":false},"author":11,"featured_media":128959,"comment_status":"closed","ping_status":"open","sticky":false,"template":"","format":"standard","meta":{"_acf_changed":false,"_sitemap_exclude":false,"_sitemap_priority":"","_sitemap_frequency":"","footnotes":""},"categories":[60],"tags":[],"class_list":["post-196776","post","type-post","status-publish","format-standard","has-post-thumbnail","hentry","category-bolge","infinite-scroll-item","generate-columns","tablet-grid-50","mobile-grid-100","grid-parent","grid-33","no-featured-image-padding"],"acf":[],"yoast_head":"<!-- This site is optimized with the Yoast SEO plugin v27.5 - https:\/\/yoast.com\/product\/yoast-seo-wordpress\/ -->\n<title>\u201cBalam s\u00fcr\u00fcn\u00fcr, ona baxanda \u0259zab \u00e7\u0259kir\u0259m\u201d - MEYDAN.TV<\/title>\n<meta name=\"robots\" content=\"index, follow, max-snippet:-1, max-image-preview:large, max-video-preview:-1\" \/>\n<link rel=\"canonical\" href=\"https:\/\/www.meydan.tv\/az\/article\/balam-surunur-ona-baxanda-ezab-cekirem\/\" \/>\n<meta property=\"og:locale\" content=\"az_AZ\" \/>\n<meta property=\"og:type\" content=\"article\" \/>\n<meta property=\"og:title\" content=\"\u201cBalam s\u00fcr\u00fcn\u00fcr, ona baxanda \u0259zab \u00e7\u0259kir\u0259m\u201d - MEYDAN.TV\" \/>\n<meta property=\"og:description\" content=\"Gah deyirl\u0259r, s\u00fcm\u00fck bo\u015flu\u011fudur, gah da deyirl\u0259r ki, sinirl\u0259rind\u0259ndir.\" \/>\n<meta property=\"og:url\" content=\"https:\/\/www.meydan.tv\/az\/article\/balam-surunur-ona-baxanda-ezab-cekirem\/\" \/>\n<meta property=\"og:site_name\" content=\"MEYDAN.TV\" \/>\n<meta property=\"article:published_time\" content=\"2019-08-30T13:27:13+00:00\" \/>\n<meta property=\"og:image\" content=\"https:\/\/www.meydan.tv\/wp-content\/uploads\/image_from_ios_13_rcepewi-scaled.jpg\" \/>\n\t<meta property=\"og:image:width\" content=\"2560\" \/>\n\t<meta property=\"og:image:height\" content=\"1920\" \/>\n\t<meta property=\"og:image:type\" content=\"image\/jpeg\" \/>\n<meta name=\"author\" content=\"user-manager\" \/>\n<meta name=\"twitter:card\" content=\"summary_large_image\" \/>\n<script type=\"application\/ld+json\" class=\"yoast-schema-graph\">{\"@context\":\"https:\\\/\\\/schema.org\",\"@graph\":[{\"@type\":\"Article\",\"@id\":\"https:\\\/\\\/www.meydan.tv\\\/az\\\/article\\\/balam-surunur-ona-baxanda-ezab-cekirem\\\/#article\",\"isPartOf\":{\"@id\":\"https:\\\/\\\/www.meydan.tv\\\/az\\\/article\\\/balam-surunur-ona-baxanda-ezab-cekirem\\\/\"},\"author\":{\"name\":\"user-manager\",\"@id\":\"https:\\\/\\\/www.meydan.tv\\\/az\\\/#\\\/schema\\\/person\\\/10d11eccf6da3662cf5fdab9806ea91a\"},\"headline\":\"\u201cBalam s\u00fcr\u00fcn\u00fcr, ona baxanda \u0259zab \u00e7\u0259kir\u0259m\u201d\",\"datePublished\":\"2019-08-30T13:27:13+00:00\",\"mainEntityOfPage\":{\"@id\":\"https:\\\/\\\/www.meydan.tv\\\/az\\\/article\\\/balam-surunur-ona-baxanda-ezab-cekirem\\\/\"},\"wordCount\":823,\"publisher\":{\"@id\":\"https:\\\/\\\/www.meydan.tv\\\/az\\\/#organization\"},\"image\":{\"@id\":\"https:\\\/\\\/www.meydan.tv\\\/az\\\/article\\\/balam-surunur-ona-baxanda-ezab-cekirem\\\/#primaryimage\"},\"thumbnailUrl\":\"https:\\\/\\\/www.meydan.tv\\\/wp-content\\\/uploads\\\/image_from_ios_13_rcepewi-scaled.jpg\",\"articleSection\":[\"B\u00f6lg\u0259\"],\"inLanguage\":\"az\"},{\"@type\":\"WebPage\",\"@id\":\"https:\\\/\\\/www.meydan.tv\\\/az\\\/article\\\/balam-surunur-ona-baxanda-ezab-cekirem\\\/\",\"url\":\"https:\\\/\\\/www.meydan.tv\\\/az\\\/article\\\/balam-surunur-ona-baxanda-ezab-cekirem\\\/\",\"name\":\"\u201cBalam s\u00fcr\u00fcn\u00fcr, ona baxanda \u0259zab \u00e7\u0259kir\u0259m\u201d - MEYDAN.TV\",\"isPartOf\":{\"@id\":\"https:\\\/\\\/www.meydan.tv\\\/az\\\/#website\"},\"primaryImageOfPage\":{\"@id\":\"https:\\\/\\\/www.meydan.tv\\\/az\\\/article\\\/balam-surunur-ona-baxanda-ezab-cekirem\\\/#primaryimage\"},\"image\":{\"@id\":\"https:\\\/\\\/www.meydan.tv\\\/az\\\/article\\\/balam-surunur-ona-baxanda-ezab-cekirem\\\/#primaryimage\"},\"thumbnailUrl\":\"https:\\\/\\\/www.meydan.tv\\\/wp-content\\\/uploads\\\/image_from_ios_13_rcepewi-scaled.jpg\",\"datePublished\":\"2019-08-30T13:27:13+00:00\",\"breadcrumb\":{\"@id\":\"https:\\\/\\\/www.meydan.tv\\\/az\\\/article\\\/balam-surunur-ona-baxanda-ezab-cekirem\\\/#breadcrumb\"},\"inLanguage\":\"az\",\"potentialAction\":[{\"@type\":\"ReadAction\",\"target\":[\"https:\\\/\\\/www.meydan.tv\\\/az\\\/article\\\/balam-surunur-ona-baxanda-ezab-cekirem\\\/\"]}]},{\"@type\":\"ImageObject\",\"inLanguage\":\"az\",\"@id\":\"https:\\\/\\\/www.meydan.tv\\\/az\\\/article\\\/balam-surunur-ona-baxanda-ezab-cekirem\\\/#primaryimage\",\"url\":\"https:\\\/\\\/www.meydan.tv\\\/wp-content\\\/uploads\\\/image_from_ios_13_rcepewi-scaled.jpg\",\"contentUrl\":\"https:\\\/\\\/www.meydan.tv\\\/wp-content\\\/uploads\\\/image_from_ios_13_rcepewi-scaled.jpg\",\"width\":2560,\"height\":1920,\"caption\":\"Source: Specify Source\"},{\"@type\":\"BreadcrumbList\",\"@id\":\"https:\\\/\\\/www.meydan.tv\\\/az\\\/article\\\/balam-surunur-ona-baxanda-ezab-cekirem\\\/#breadcrumb\",\"itemListElement\":[{\"@type\":\"ListItem\",\"position\":1,\"name\":\"Ana s\u0259hif\u0259\",\"item\":\"https:\\\/\\\/www.meydan.tv\\\/az\\\/\"},{\"@type\":\"ListItem\",\"position\":2,\"name\":\"B\u00f6lg\u0259\",\"item\":\"https:\\\/\\\/www.meydan.tv\\\/az\\\/section\\\/bolge\\\/\"},{\"@type\":\"ListItem\",\"position\":3,\"name\":\"\u201cBalam s\u00fcr\u00fcn\u00fcr, ona baxanda \u0259zab \u00e7\u0259kir\u0259m\u201d\"}]},{\"@type\":\"WebSite\",\"@id\":\"https:\\\/\\\/www.meydan.tv\\\/az\\\/#website\",\"url\":\"https:\\\/\\\/www.meydan.tv\\\/az\\\/\",\"name\":\"MEYDAN.TV\",\"description\":\"Meydan TV Az\u0259rbaycan\u0131n media m\u0259kan\u0131ndak\u0131 alternativ s\u0259sidir\",\"publisher\":{\"@id\":\"https:\\\/\\\/www.meydan.tv\\\/az\\\/#organization\"},\"potentialAction\":[{\"@type\":\"SearchAction\",\"target\":{\"@type\":\"EntryPoint\",\"urlTemplate\":\"https:\\\/\\\/www.meydan.tv\\\/az\\\/?s={search_term_string}\"},\"query-input\":{\"@type\":\"PropertyValueSpecification\",\"valueRequired\":true,\"valueName\":\"search_term_string\"}}],\"inLanguage\":\"az\"},{\"@type\":\"Organization\",\"@id\":\"https:\\\/\\\/www.meydan.tv\\\/az\\\/#organization\",\"name\":\"Meydan TV\",\"url\":\"https:\\\/\\\/www.meydan.tv\\\/az\\\/\",\"logo\":{\"@type\":\"ImageObject\",\"inLanguage\":\"az\",\"@id\":\"https:\\\/\\\/www.meydan.tv\\\/az\\\/#\\\/schema\\\/logo\\\/image\\\/\",\"url\":\"https:\\\/\\\/www.meydan.tv\\\/wp-content\\\/uploads\\\/2021\\\/07\\\/meydan-logo.svg\",\"contentUrl\":\"https:\\\/\\\/www.meydan.tv\\\/wp-content\\\/uploads\\\/2021\\\/07\\\/meydan-logo.svg\",\"width\":195,\"height\":46,\"caption\":\"Meydan TV\"},\"image\":{\"@id\":\"https:\\\/\\\/www.meydan.tv\\\/az\\\/#\\\/schema\\\/logo\\\/image\\\/\"}},{\"@type\":\"Person\",\"@id\":\"https:\\\/\\\/www.meydan.tv\\\/az\\\/#\\\/schema\\\/person\\\/10d11eccf6da3662cf5fdab9806ea91a\",\"name\":\"user-manager\"}]}<\/script>\n<!-- \/ Yoast SEO plugin. -->","yoast_head_json":{"title":"\u201cBalam s\u00fcr\u00fcn\u00fcr, ona baxanda \u0259zab \u00e7\u0259kir\u0259m\u201d - MEYDAN.TV","robots":{"index":"index","follow":"follow","max-snippet":"max-snippet:-1","max-image-preview":"max-image-preview:large","max-video-preview":"max-video-preview:-1"},"canonical":"https:\/\/www.meydan.tv\/az\/article\/balam-surunur-ona-baxanda-ezab-cekirem\/","og_locale":"az_AZ","og_type":"article","og_title":"\u201cBalam s\u00fcr\u00fcn\u00fcr, ona baxanda \u0259zab \u00e7\u0259kir\u0259m\u201d - MEYDAN.TV","og_description":"Gah deyirl\u0259r, s\u00fcm\u00fck bo\u015flu\u011fudur, gah da deyirl\u0259r ki, sinirl\u0259rind\u0259ndir.","og_url":"https:\/\/www.meydan.tv\/az\/article\/balam-surunur-ona-baxanda-ezab-cekirem\/","og_site_name":"MEYDAN.TV","article_published_time":"2019-08-30T13:27:13+00:00","og_image":[{"width":2560,"height":1920,"url":"https:\/\/www.meydan.tv\/wp-content\/uploads\/image_from_ios_13_rcepewi-scaled.jpg","type":"image\/jpeg"}],"author":"user-manager","twitter_card":"summary_large_image","schema":{"@context":"https:\/\/schema.org","@graph":[{"@type":"Article","@id":"https:\/\/www.meydan.tv\/az\/article\/balam-surunur-ona-baxanda-ezab-cekirem\/#article","isPartOf":{"@id":"https:\/\/www.meydan.tv\/az\/article\/balam-surunur-ona-baxanda-ezab-cekirem\/"},"author":{"name":"user-manager","@id":"https:\/\/www.meydan.tv\/az\/#\/schema\/person\/10d11eccf6da3662cf5fdab9806ea91a"},"headline":"\u201cBalam s\u00fcr\u00fcn\u00fcr, ona baxanda \u0259zab \u00e7\u0259kir\u0259m\u201d","datePublished":"2019-08-30T13:27:13+00:00","mainEntityOfPage":{"@id":"https:\/\/www.meydan.tv\/az\/article\/balam-surunur-ona-baxanda-ezab-cekirem\/"},"wordCount":823,"publisher":{"@id":"https:\/\/www.meydan.tv\/az\/#organization"},"image":{"@id":"https:\/\/www.meydan.tv\/az\/article\/balam-surunur-ona-baxanda-ezab-cekirem\/#primaryimage"},"thumbnailUrl":"https:\/\/www.meydan.tv\/wp-content\/uploads\/image_from_ios_13_rcepewi-scaled.jpg","articleSection":["B\u00f6lg\u0259"],"inLanguage":"az"},{"@type":"WebPage","@id":"https:\/\/www.meydan.tv\/az\/article\/balam-surunur-ona-baxanda-ezab-cekirem\/","url":"https:\/\/www.meydan.tv\/az\/article\/balam-surunur-ona-baxanda-ezab-cekirem\/","name":"\u201cBalam s\u00fcr\u00fcn\u00fcr, ona baxanda \u0259zab \u00e7\u0259kir\u0259m\u201d - MEYDAN.TV","isPartOf":{"@id":"https:\/\/www.meydan.tv\/az\/#website"},"primaryImageOfPage":{"@id":"https:\/\/www.meydan.tv\/az\/article\/balam-surunur-ona-baxanda-ezab-cekirem\/#primaryimage"},"image":{"@id":"https:\/\/www.meydan.tv\/az\/article\/balam-surunur-ona-baxanda-ezab-cekirem\/#primaryimage"},"thumbnailUrl":"https:\/\/www.meydan.tv\/wp-content\/uploads\/image_from_ios_13_rcepewi-scaled.jpg","datePublished":"2019-08-30T13:27:13+00:00","breadcrumb":{"@id":"https:\/\/www.meydan.tv\/az\/article\/balam-surunur-ona-baxanda-ezab-cekirem\/#breadcrumb"},"inLanguage":"az","potentialAction":[{"@type":"ReadAction","target":["https:\/\/www.meydan.tv\/az\/article\/balam-surunur-ona-baxanda-ezab-cekirem\/"]}]},{"@type":"ImageObject","inLanguage":"az","@id":"https:\/\/www.meydan.tv\/az\/article\/balam-surunur-ona-baxanda-ezab-cekirem\/#primaryimage","url":"https:\/\/www.meydan.tv\/wp-content\/uploads\/image_from_ios_13_rcepewi-scaled.jpg","contentUrl":"https:\/\/www.meydan.tv\/wp-content\/uploads\/image_from_ios_13_rcepewi-scaled.jpg","width":2560,"height":1920,"caption":"Source: Specify Source"},{"@type":"BreadcrumbList","@id":"https:\/\/www.meydan.tv\/az\/article\/balam-surunur-ona-baxanda-ezab-cekirem\/#breadcrumb","itemListElement":[{"@type":"ListItem","position":1,"name":"Ana s\u0259hif\u0259","item":"https:\/\/www.meydan.tv\/az\/"},{"@type":"ListItem","position":2,"name":"B\u00f6lg\u0259","item":"https:\/\/www.meydan.tv\/az\/section\/bolge\/"},{"@type":"ListItem","position":3,"name":"\u201cBalam s\u00fcr\u00fcn\u00fcr, ona baxanda \u0259zab \u00e7\u0259kir\u0259m\u201d"}]},{"@type":"WebSite","@id":"https:\/\/www.meydan.tv\/az\/#website","url":"https:\/\/www.meydan.tv\/az\/","name":"MEYDAN.TV","description":"Meydan TV Az\u0259rbaycan\u0131n media m\u0259kan\u0131ndak\u0131 alternativ s\u0259sidir","publisher":{"@id":"https:\/\/www.meydan.tv\/az\/#organization"},"potentialAction":[{"@type":"SearchAction","target":{"@type":"EntryPoint","urlTemplate":"https:\/\/www.meydan.tv\/az\/?s={search_term_string}"},"query-input":{"@type":"PropertyValueSpecification","valueRequired":true,"valueName":"search_term_string"}}],"inLanguage":"az"},{"@type":"Organization","@id":"https:\/\/www.meydan.tv\/az\/#organization","name":"Meydan TV","url":"https:\/\/www.meydan.tv\/az\/","logo":{"@type":"ImageObject","inLanguage":"az","@id":"https:\/\/www.meydan.tv\/az\/#\/schema\/logo\/image\/","url":"https:\/\/www.meydan.tv\/wp-content\/uploads\/2021\/07\/meydan-logo.svg","contentUrl":"https:\/\/www.meydan.tv\/wp-content\/uploads\/2021\/07\/meydan-logo.svg","width":195,"height":46,"caption":"Meydan TV"},"image":{"@id":"https:\/\/www.meydan.tv\/az\/#\/schema\/logo\/image\/"}},{"@type":"Person","@id":"https:\/\/www.meydan.tv\/az\/#\/schema\/person\/10d11eccf6da3662cf5fdab9806ea91a","name":"user-manager"}]}},"_links":{"self":[{"href":"https:\/\/www.meydan.tv\/az\/wp-json\/wp\/v2\/posts\/196776","targetHints":{"allow":["GET"]}}],"collection":[{"href":"https:\/\/www.meydan.tv\/az\/wp-json\/wp\/v2\/posts"}],"about":[{"href":"https:\/\/www.meydan.tv\/az\/wp-json\/wp\/v2\/types\/post"}],"author":[{"embeddable":true,"href":"https:\/\/www.meydan.tv\/az\/wp-json\/wp\/v2\/users\/11"}],"replies":[{"embeddable":true,"href":"https:\/\/www.meydan.tv\/az\/wp-json\/wp\/v2\/comments?post=196776"}],"version-history":[{"count":0,"href":"https:\/\/www.meydan.tv\/az\/wp-json\/wp\/v2\/posts\/196776\/revisions"}],"wp:featuredmedia":[{"embeddable":true,"href":"https:\/\/www.meydan.tv\/az\/wp-json\/wp\/v2\/media\/128959"}],"wp:attachment":[{"href":"https:\/\/www.meydan.tv\/az\/wp-json\/wp\/v2\/media?parent=196776"}],"wp:term":[{"taxonomy":"category","embeddable":true,"href":"https:\/\/www.meydan.tv\/az\/wp-json\/wp\/v2\/categories?post=196776"},{"taxonomy":"post_tag","embeddable":true,"href":"https:\/\/www.meydan.tv\/az\/wp-json\/wp\/v2\/tags?post=196776"}],"curies":[{"name":"wp","href":"https:\/\/api.w.org\/{rel}","templated":true}]}}