{"id":196773,"date":"2019-08-30T12:56:35","date_gmt":"2019-08-30T12:56:35","guid":{"rendered":"https:\/\/www.meydan.tv\/article\/bilesuvarda-pambigi-suvarmaga-su-yoxdur\/"},"modified":"2019-08-30T12:56:35","modified_gmt":"2019-08-30T12:56:35","slug":"bilesuvarda-pambigi-suvarmaga-su-yoxdur","status":"publish","type":"post","link":"https:\/\/www.meydan.tv\/az\/article\/bilesuvarda-pambigi-suvarmaga-su-yoxdur\/","title":{"rendered":"Bil\u0259suvarda: Pamb\u0131\u011f\u0131 suvarma\u011fa su yoxdur"},"content":{"rendered":"<p>\n  <i><br \/>\n    K\u0259ndli: \u201cXeyiri o t\u0259r\u0259f\u0259, he\u00e7 \u00e7\u0259kdiyim x\u0259rcin yar\u0131s\u0131n\u0131 g\u00f6t\u00fcr\u0259c\u0259yim\u0259 g\u00fcman\u0131m yoxdur&quot;<br \/>\n  <\/i>\n<\/p>\n<p>\n  \u201cMay ay\u0131nda pamb\u0131q sah\u0259m\u0259 s\u0259pdiyim \u00e7iyidl\u0259r \u00e7oxdan c\u00fcc\u0259rib boy\u00fcm\u0259li idi. G\u00f6rd\u00fcy\u00fcn\u00fcz kimi, inki\u015faf yoxdur. \u00c7\u00fcnki sah\u0259ni c\u0259mi bir d\u0259f\u0259 &#8211; s\u0259pin aparandan d\u0259rhal sonra suvara bilmi\u015f\u0259m. Halbuki, indiy\u0259d\u0259k az\u0131 3 d\u0259f\u0259 suvarma i\u015fl\u0259ri apar\u0131lmal\u0131 idi\u201d.\n<\/p>\n<p>\n  Bil\u0259suvar\u0131n N\u0259simi k\u0259ndinin sakini Zaur H\u0259s\u0259nov deyir, 3 aydan \u00e7oxdur ki, 5 hektar pamb\u0131q sah\u0259sind\u0259 \u00e7iyid s\u0259ps\u0259 d\u0259, suvarma i\u015fl\u0259ri apara bilmir. Bu s\u0259b\u0259bd\u0259n d\u0259 m\u0259hsul g\u00f6t\u00fcrm\u0259sin\u0259 \u00fcmidi azal\u0131b.\n<\/p>\n<p>\n  <i><br \/>\n    \u201cYax\u015f\u0131 ki, arxay\u0131n olub 20 hektar\u0131 \u0259km\u0259dim\u201d<br \/>\n  <\/i>\n<\/p>\n<p>\n  Zaur H\u0259s\u0259nov \u0259slind\u0259 daha b\u00f6y\u00fck sah\u0259d\u0259 s\u0259pim i\u015fl\u0259ri apara bil\u0259rdi. Ancaq susuzluq problemini n\u0259z\u0259r\u0259 al\u0131b daha \u00e7ox z\u0259r\u0259r\u0259 d\u00fc\u015fm\u0259m\u0259k \u00fc\u00e7\u00fcn 20 hektar sah\u0259nin bir hiss\u0259sini \u2013 5 hektar\u0131n\u0131 \u0259kib.\n<\/p>\n<p>\n  \u201c4 min manat x\u0259rc \u00e7\u0259kmi\u015f\u0259m, xeyiri o t\u0259r\u0259f\u0259 dursun, he\u00e7 \u00e7\u0259kdiyim x\u0259rcin yar\u0131s\u0131n\u0131 g\u00f6t\u00fcr\u0259c\u0259yim\u0259 g\u00fcman\u0131m yoxdur. Yax\u015f\u0131 ki, icra ba\u015f\u00e7\u0131s\u0131n\u0131n s\u00f6zl\u0259rin\u0259 arxay\u0131n olub 20 hektar\u0131 \u0259km\u0259dim. Daha \u00e7ox \u0259ziyy\u0259t \u00e7\u0259k\u0259rdim v\u0259 daha \u00e7ox z\u0259r\u0259r\u0259 d\u00fc\u015f\u0259rdim. Ba\u015f\u00e7\u0131 demi\u015fdi, sah\u0259l\u0259ri \u0259kin, su olacaq. \u00c7oxu inan\u0131b 6-7 min manat x\u0259rc \u00e7\u0259kdi, s\u0259pin i\u015fl\u0259ri apard\u0131, sah\u0259l\u0259r susuzluqdan yand\u0131, indi k\u0259ndlil\u0259r sah\u0259l\u0259rini burax\u0131b, gedib oturublar evl\u0259rind\u0259&#8230;\u201d\n<\/p>\n<figure class=\"wp-block-image size-large\">\n  <img decoding=\"async\" src=\"https:\/\/www.meydan.tv\/az\/image_from_ios-9-jpg-12\/\" alt=\"image_from_ios (9).jpg\" class=\"wp-image-128944\"\/><figcaption>\n    &#8220;Ba\u015f\u00e7\u0131 demi\u015fdi, sah\u0259l\u0259ri \u0259kin, su olacaq&#8221;<br \/>\n  <\/figcaption><\/figure>\n<p>\n  <i><br \/>\n    Su idar\u0259si deyir, Arazda su azal\u0131b<br \/>\n  <\/i>\n<\/p>\n<p>\n  Zaur H\u0259s\u0259nov pamb\u0131q y\u0131\u011f\u0131n\u0131n\u0131 \u0259vv\u0259lc\u0259 sentyabr\u0131n sonu, oktyabr\u0131n \u0259vv\u0259lin\u0259 planla\u015fd\u0131rsa da, haz\u0131rk\u0131 durum y\u0131\u011f\u0131n\u0131n yanvardan tez ba\u015f tutaca\u011f\u0131na inanm\u0131r:\n<\/p>\n<p>\n  \u201cOn ild\u0259n \u00e7oxdur ki, pamb\u0131q \u0259kir\u0259m. \u018fvv\u0259ll\u0259r 40 sentner m\u0259hsul g\u00f6t\u00fcr\u0259rdim. Bu il s\u0259pin i\u015fl\u0259ri aparanda 25 sentner m\u0259hsul g\u00f6t\u00fcr\u0259c\u0259yimi d\u00fc\u015f\u00fcn\u00fcrd\u00fcm, ancaq bu gedi\u015fl\u0259 5-6 sentner m\u0259hsul g\u00f6t\u00fcrs\u0259m, b\u00f6y\u00fck i\u015fdir\u201d.\n<\/p>\n<p>\n  K\u0259ndlil\u0259r sah\u0259l\u0259rin susuz qalmas\u0131nda Bil\u0259suvar Rayon Suvarma Sisteml\u0259ri \u0130dar\u0259sinin r\u0259isi \u018fdal\u0259t Babayevi g\u00fcnahland\u0131r\u0131r. \u0130dar\u0259d\u0259ns\u0259 Meydan TV-y\u0259 bildirilib ki, Araz \u00e7ay\u0131nda sululu\u011fun k\u0259skin azalmas\u0131 v\u0259ziyy\u0259ti \u00e7\u0259tinl\u0259\u015fdirib. H\u0259r il oldu\u011fu kimi, bu yay da istil\u0259rl\u0259 \u0259laq\u0259dar olaraq Araz \u00e7ay\u0131nda su k\u0259skin azal\u0131b. Haz\u0131rda \u0259kin sah\u0259l\u0259rinin suvar\u0131lmas\u0131 \u00fc\u00e7\u00fcn Araz \u00e7ay\u0131n\u0131n imkanlar\u0131 yet\u0259rli deyil.\n<\/p>\n<figure class=\"wp-block-image size-large\">\n  <img decoding=\"async\" src=\"https:\/\/www.meydan.tv\/az\/image_from_ios-8-jpg-13\/\" alt=\"image_from_ios (8).jpg\" class=\"wp-image-128941\"\/><figcaption>\n    &#8220;Bu il s\u0259pin i\u015fl\u0259ri aparanda 25 sentner m\u0259hsul g\u00f6t\u00fcr\u0259c\u0259yimi d\u00fc\u015f\u00fcn\u00fcrd\u00fcm, ancaq bu gedi\u015fl\u0259 5-6 sentner m\u0259hsul g\u00f6t\u00fcrs\u0259m, b\u00f6y\u00fck i\u015fdir\u201d<br \/>\n  <\/figcaption><\/figure>\n<p>\n  <i><br \/>\n    K\u0259ndlil\u0259r iddia edirdil\u0259r ki&#8230;<br \/>\n  <\/i>\n<\/p>\n<p>\n  Bu ilin iyun ay\u0131nda N\u0259simi k\u0259ndinin sakinl\u0259ri Meydan TV-y\u0259 m\u00fcraci\u0259t ed\u0259r\u0259k bildirmi\u015fdil\u0259r ki, onlar\u0131n sah\u0259l\u0259rin\u0259 verilm\u0259li olan su k\u0259ndin arxas\u0131nda icra hakimiyy\u0259tinin ba\u015f\u00e7\u0131s\u0131n\u0131n v\u0259 ba\u015fqa m\u0259murlar\u0131n \u0259kin sah\u0259l\u0259rin\u0259 y\u00f6nl\u0259ndirilib. Bil\u0259suvar Rayon \u0130cra Hakimiyy\u0259tind\u0259n is\u0259 deyil\u0259nl\u0259ri t\u0259kzib etmi\u015fdil\u0259r.\n<\/p>\n<p>\n  N\u0259simi k\u0259ndinin 4200 \u0259halisi var. K\u0259ndlil\u0259rin \u0259sas m\u0259\u015f\u011fuliyy\u0259tl\u0259ri heyvandarl\u0131q v\u0259 \u0259kin\u00e7ilikdir. Prezident \u0130lham \u018fliyevin pamb\u0131q\u00e7\u0131l\u0131\u011f\u0131n inki\u015faf etdirilm\u0259si, bununla ba\u011fl\u0131 fermerl\u0259r\u0259 v\u0259 k\u0259ndlil\u0259r\u0259 \u015f\u0259rait yarad\u0131lmas\u0131 il\u0259 ba\u011fl\u0131 g\u00f6st\u0259ri\u015fl\u0259rind\u0259n sonra Bil\u0259suvarda k\u0259ndlil\u0259r aras\u0131nda pamb\u0131q \u0259kinin\u0259 maraq art\u0131b. Ancaq m\u00f6vcud durum bu sah\u0259d\u0259 k\u0259ndlil\u0259r\u0259 xeyli probleml\u0259rin yarand\u0131\u011f\u0131n\u0131 g\u00f6st\u0259rir.\n<\/p>\n<p>\n  Bil\u0259suvar Rayon \u0130cra Hakimiyy\u0259tinin r\u0259smi sayt\u0131nda qeyd olunub ki, \u00f6t\u0259n il rayondak\u0131 fermerl\u0259r 22.700 ton xam pamb\u0131q istehsal ed\u0259r\u0259k t\u0259dar\u00fck m\u0259nt\u0259q\u0259l\u0259rin\u0259 t\u0259hvil veribl\u0259r. M\u0259hsulun bec\u0259rilm\u0259si v\u0259 toplanmas\u0131 d\u00f6vr\u00fcnd\u0259 16 min\u0259 yax\u0131n insan\u0131n m\u0259\u015f\u011fullu\u011fu t\u0259min olunub. \u018fhali 15 milyon manata yax\u0131n g\u0259lir \u0259ld\u0259 edib. Bu il daha \u00e7ox m\u0259hsul g\u00f6t\u00fcr\u00fclm\u0259si planla\u015fd\u0131r\u0131l\u0131b.\n<\/p>\n<figure class=\"wp-block-image size-large\">\n  <img decoding=\"async\" src=\"https:\/\/www.meydan.tv\/az\/image_from_ios-7-jpg-16\/\" alt=\"image_from_ios (7).jpg\" class=\"wp-image-128938\"\/><figcaption>\n    &#8220;\u018fhali 15  milyon manata yax\u0131n g\u0259lir \u0259ld\u0259 edib&#8221;<br \/>\n  <\/figcaption><\/figure>\n","protected":false},"excerpt":{"rendered":"<p>Yax\u015f\u0131 ki, icra ba\u015f\u00e7\u0131s\u0131n\u0131n s\u00f6zl\u0259rin\u0259 arxay\u0131n olub 20 hektar\u0131 \u0259km\u0259dim.<\/p>\n","protected":false},"author":11,"featured_media":128935,"comment_status":"closed","ping_status":"open","sticky":false,"template":"","format":"standard","meta":{"_acf_changed":false,"_sitemap_exclude":false,"_sitemap_priority":"","_sitemap_frequency":"","footnotes":""},"categories":[60],"tags":[],"class_list":["post-196773","post","type-post","status-publish","format-standard","has-post-thumbnail","hentry","category-bolge","infinite-scroll-item","generate-columns","tablet-grid-50","mobile-grid-100","grid-parent","grid-33","no-featured-image-padding"],"acf":[],"yoast_head":"<!-- This site is optimized with the Yoast SEO plugin v27.5 - https:\/\/yoast.com\/product\/yoast-seo-wordpress\/ -->\n<title>Bil\u0259suvarda: Pamb\u0131\u011f\u0131 suvarma\u011fa su yoxdur - MEYDAN.TV<\/title>\n<meta name=\"robots\" content=\"index, follow, max-snippet:-1, max-image-preview:large, max-video-preview:-1\" \/>\n<link rel=\"canonical\" href=\"https:\/\/www.meydan.tv\/az\/article\/bilesuvarda-pambigi-suvarmaga-su-yoxdur\/\" \/>\n<meta property=\"og:locale\" content=\"az_AZ\" \/>\n<meta property=\"og:type\" content=\"article\" \/>\n<meta property=\"og:title\" content=\"Bil\u0259suvarda: Pamb\u0131\u011f\u0131 suvarma\u011fa su yoxdur - MEYDAN.TV\" \/>\n<meta property=\"og:description\" content=\"Yax\u015f\u0131 ki, icra ba\u015f\u00e7\u0131s\u0131n\u0131n s\u00f6zl\u0259rin\u0259 arxay\u0131n olub 20 hektar\u0131 \u0259km\u0259dim.\" \/>\n<meta property=\"og:url\" content=\"https:\/\/www.meydan.tv\/az\/article\/bilesuvarda-pambigi-suvarmaga-su-yoxdur\/\" \/>\n<meta property=\"og:site_name\" content=\"MEYDAN.TV\" \/>\n<meta property=\"article:published_time\" content=\"2019-08-30T12:56:35+00:00\" \/>\n<meta property=\"og:image\" content=\"https:\/\/www.meydan.tv\/wp-content\/uploads\/image_from_ios_6_ivhja7o.jpg\" \/>\n\t<meta property=\"og:image:width\" content=\"1032\" \/>\n\t<meta property=\"og:image:height\" content=\"774\" \/>\n\t<meta property=\"og:image:type\" content=\"image\/jpeg\" \/>\n<meta name=\"author\" content=\"user-manager\" \/>\n<meta name=\"twitter:card\" content=\"summary_large_image\" \/>\n<script type=\"application\/ld+json\" class=\"yoast-schema-graph\">{\"@context\":\"https:\\\/\\\/schema.org\",\"@graph\":[{\"@type\":\"Article\",\"@id\":\"https:\\\/\\\/www.meydan.tv\\\/az\\\/article\\\/bilesuvarda-pambigi-suvarmaga-su-yoxdur\\\/#article\",\"isPartOf\":{\"@id\":\"https:\\\/\\\/www.meydan.tv\\\/az\\\/article\\\/bilesuvarda-pambigi-suvarmaga-su-yoxdur\\\/\"},\"author\":{\"name\":\"user-manager\",\"@id\":\"https:\\\/\\\/www.meydan.tv\\\/az\\\/#\\\/schema\\\/person\\\/10d11eccf6da3662cf5fdab9806ea91a\"},\"headline\":\"Bil\u0259suvarda: Pamb\u0131\u011f\u0131 suvarma\u011fa su yoxdur\",\"datePublished\":\"2019-08-30T12:56:35+00:00\",\"mainEntityOfPage\":{\"@id\":\"https:\\\/\\\/www.meydan.tv\\\/az\\\/article\\\/bilesuvarda-pambigi-suvarmaga-su-yoxdur\\\/\"},\"wordCount\":777,\"publisher\":{\"@id\":\"https:\\\/\\\/www.meydan.tv\\\/az\\\/#organization\"},\"image\":{\"@id\":\"https:\\\/\\\/www.meydan.tv\\\/az\\\/article\\\/bilesuvarda-pambigi-suvarmaga-su-yoxdur\\\/#primaryimage\"},\"thumbnailUrl\":\"https:\\\/\\\/www.meydan.tv\\\/wp-content\\\/uploads\\\/image_from_ios_6_ivhja7o.jpg\",\"articleSection\":[\"B\u00f6lg\u0259\"],\"inLanguage\":\"az\"},{\"@type\":\"WebPage\",\"@id\":\"https:\\\/\\\/www.meydan.tv\\\/az\\\/article\\\/bilesuvarda-pambigi-suvarmaga-su-yoxdur\\\/\",\"url\":\"https:\\\/\\\/www.meydan.tv\\\/az\\\/article\\\/bilesuvarda-pambigi-suvarmaga-su-yoxdur\\\/\",\"name\":\"Bil\u0259suvarda: Pamb\u0131\u011f\u0131 suvarma\u011fa su yoxdur - MEYDAN.TV\",\"isPartOf\":{\"@id\":\"https:\\\/\\\/www.meydan.tv\\\/az\\\/#website\"},\"primaryImageOfPage\":{\"@id\":\"https:\\\/\\\/www.meydan.tv\\\/az\\\/article\\\/bilesuvarda-pambigi-suvarmaga-su-yoxdur\\\/#primaryimage\"},\"image\":{\"@id\":\"https:\\\/\\\/www.meydan.tv\\\/az\\\/article\\\/bilesuvarda-pambigi-suvarmaga-su-yoxdur\\\/#primaryimage\"},\"thumbnailUrl\":\"https:\\\/\\\/www.meydan.tv\\\/wp-content\\\/uploads\\\/image_from_ios_6_ivhja7o.jpg\",\"datePublished\":\"2019-08-30T12:56:35+00:00\",\"breadcrumb\":{\"@id\":\"https:\\\/\\\/www.meydan.tv\\\/az\\\/article\\\/bilesuvarda-pambigi-suvarmaga-su-yoxdur\\\/#breadcrumb\"},\"inLanguage\":\"az\",\"potentialAction\":[{\"@type\":\"ReadAction\",\"target\":[\"https:\\\/\\\/www.meydan.tv\\\/az\\\/article\\\/bilesuvarda-pambigi-suvarmaga-su-yoxdur\\\/\"]}]},{\"@type\":\"ImageObject\",\"inLanguage\":\"az\",\"@id\":\"https:\\\/\\\/www.meydan.tv\\\/az\\\/article\\\/bilesuvarda-pambigi-suvarmaga-su-yoxdur\\\/#primaryimage\",\"url\":\"https:\\\/\\\/www.meydan.tv\\\/wp-content\\\/uploads\\\/image_from_ios_6_ivhja7o.jpg\",\"contentUrl\":\"https:\\\/\\\/www.meydan.tv\\\/wp-content\\\/uploads\\\/image_from_ios_6_ivhja7o.jpg\",\"width\":1032,\"height\":774,\"caption\":\"Source: Specify Source\"},{\"@type\":\"BreadcrumbList\",\"@id\":\"https:\\\/\\\/www.meydan.tv\\\/az\\\/article\\\/bilesuvarda-pambigi-suvarmaga-su-yoxdur\\\/#breadcrumb\",\"itemListElement\":[{\"@type\":\"ListItem\",\"position\":1,\"name\":\"Ana s\u0259hif\u0259\",\"item\":\"https:\\\/\\\/www.meydan.tv\\\/az\\\/\"},{\"@type\":\"ListItem\",\"position\":2,\"name\":\"B\u00f6lg\u0259\",\"item\":\"https:\\\/\\\/www.meydan.tv\\\/az\\\/section\\\/bolge\\\/\"},{\"@type\":\"ListItem\",\"position\":3,\"name\":\"Bil\u0259suvarda: Pamb\u0131\u011f\u0131 suvarma\u011fa su yoxdur\"}]},{\"@type\":\"WebSite\",\"@id\":\"https:\\\/\\\/www.meydan.tv\\\/az\\\/#website\",\"url\":\"https:\\\/\\\/www.meydan.tv\\\/az\\\/\",\"name\":\"MEYDAN.TV\",\"description\":\"Meydan TV Az\u0259rbaycan\u0131n media m\u0259kan\u0131ndak\u0131 alternativ s\u0259sidir\",\"publisher\":{\"@id\":\"https:\\\/\\\/www.meydan.tv\\\/az\\\/#organization\"},\"potentialAction\":[{\"@type\":\"SearchAction\",\"target\":{\"@type\":\"EntryPoint\",\"urlTemplate\":\"https:\\\/\\\/www.meydan.tv\\\/az\\\/?s={search_term_string}\"},\"query-input\":{\"@type\":\"PropertyValueSpecification\",\"valueRequired\":true,\"valueName\":\"search_term_string\"}}],\"inLanguage\":\"az\"},{\"@type\":\"Organization\",\"@id\":\"https:\\\/\\\/www.meydan.tv\\\/az\\\/#organization\",\"name\":\"Meydan TV\",\"url\":\"https:\\\/\\\/www.meydan.tv\\\/az\\\/\",\"logo\":{\"@type\":\"ImageObject\",\"inLanguage\":\"az\",\"@id\":\"https:\\\/\\\/www.meydan.tv\\\/az\\\/#\\\/schema\\\/logo\\\/image\\\/\",\"url\":\"https:\\\/\\\/www.meydan.tv\\\/wp-content\\\/uploads\\\/2021\\\/07\\\/meydan-logo.svg\",\"contentUrl\":\"https:\\\/\\\/www.meydan.tv\\\/wp-content\\\/uploads\\\/2021\\\/07\\\/meydan-logo.svg\",\"width\":195,\"height\":46,\"caption\":\"Meydan TV\"},\"image\":{\"@id\":\"https:\\\/\\\/www.meydan.tv\\\/az\\\/#\\\/schema\\\/logo\\\/image\\\/\"}},{\"@type\":\"Person\",\"@id\":\"https:\\\/\\\/www.meydan.tv\\\/az\\\/#\\\/schema\\\/person\\\/10d11eccf6da3662cf5fdab9806ea91a\",\"name\":\"user-manager\"}]}<\/script>\n<!-- \/ Yoast SEO plugin. -->","yoast_head_json":{"title":"Bil\u0259suvarda: Pamb\u0131\u011f\u0131 suvarma\u011fa su yoxdur - MEYDAN.TV","robots":{"index":"index","follow":"follow","max-snippet":"max-snippet:-1","max-image-preview":"max-image-preview:large","max-video-preview":"max-video-preview:-1"},"canonical":"https:\/\/www.meydan.tv\/az\/article\/bilesuvarda-pambigi-suvarmaga-su-yoxdur\/","og_locale":"az_AZ","og_type":"article","og_title":"Bil\u0259suvarda: Pamb\u0131\u011f\u0131 suvarma\u011fa su yoxdur - MEYDAN.TV","og_description":"Yax\u015f\u0131 ki, icra ba\u015f\u00e7\u0131s\u0131n\u0131n s\u00f6zl\u0259rin\u0259 arxay\u0131n olub 20 hektar\u0131 \u0259km\u0259dim.","og_url":"https:\/\/www.meydan.tv\/az\/article\/bilesuvarda-pambigi-suvarmaga-su-yoxdur\/","og_site_name":"MEYDAN.TV","article_published_time":"2019-08-30T12:56:35+00:00","og_image":[{"width":1032,"height":774,"url":"https:\/\/www.meydan.tv\/wp-content\/uploads\/image_from_ios_6_ivhja7o.jpg","type":"image\/jpeg"}],"author":"user-manager","twitter_card":"summary_large_image","schema":{"@context":"https:\/\/schema.org","@graph":[{"@type":"Article","@id":"https:\/\/www.meydan.tv\/az\/article\/bilesuvarda-pambigi-suvarmaga-su-yoxdur\/#article","isPartOf":{"@id":"https:\/\/www.meydan.tv\/az\/article\/bilesuvarda-pambigi-suvarmaga-su-yoxdur\/"},"author":{"name":"user-manager","@id":"https:\/\/www.meydan.tv\/az\/#\/schema\/person\/10d11eccf6da3662cf5fdab9806ea91a"},"headline":"Bil\u0259suvarda: Pamb\u0131\u011f\u0131 suvarma\u011fa su yoxdur","datePublished":"2019-08-30T12:56:35+00:00","mainEntityOfPage":{"@id":"https:\/\/www.meydan.tv\/az\/article\/bilesuvarda-pambigi-suvarmaga-su-yoxdur\/"},"wordCount":777,"publisher":{"@id":"https:\/\/www.meydan.tv\/az\/#organization"},"image":{"@id":"https:\/\/www.meydan.tv\/az\/article\/bilesuvarda-pambigi-suvarmaga-su-yoxdur\/#primaryimage"},"thumbnailUrl":"https:\/\/www.meydan.tv\/wp-content\/uploads\/image_from_ios_6_ivhja7o.jpg","articleSection":["B\u00f6lg\u0259"],"inLanguage":"az"},{"@type":"WebPage","@id":"https:\/\/www.meydan.tv\/az\/article\/bilesuvarda-pambigi-suvarmaga-su-yoxdur\/","url":"https:\/\/www.meydan.tv\/az\/article\/bilesuvarda-pambigi-suvarmaga-su-yoxdur\/","name":"Bil\u0259suvarda: Pamb\u0131\u011f\u0131 suvarma\u011fa su yoxdur - MEYDAN.TV","isPartOf":{"@id":"https:\/\/www.meydan.tv\/az\/#website"},"primaryImageOfPage":{"@id":"https:\/\/www.meydan.tv\/az\/article\/bilesuvarda-pambigi-suvarmaga-su-yoxdur\/#primaryimage"},"image":{"@id":"https:\/\/www.meydan.tv\/az\/article\/bilesuvarda-pambigi-suvarmaga-su-yoxdur\/#primaryimage"},"thumbnailUrl":"https:\/\/www.meydan.tv\/wp-content\/uploads\/image_from_ios_6_ivhja7o.jpg","datePublished":"2019-08-30T12:56:35+00:00","breadcrumb":{"@id":"https:\/\/www.meydan.tv\/az\/article\/bilesuvarda-pambigi-suvarmaga-su-yoxdur\/#breadcrumb"},"inLanguage":"az","potentialAction":[{"@type":"ReadAction","target":["https:\/\/www.meydan.tv\/az\/article\/bilesuvarda-pambigi-suvarmaga-su-yoxdur\/"]}]},{"@type":"ImageObject","inLanguage":"az","@id":"https:\/\/www.meydan.tv\/az\/article\/bilesuvarda-pambigi-suvarmaga-su-yoxdur\/#primaryimage","url":"https:\/\/www.meydan.tv\/wp-content\/uploads\/image_from_ios_6_ivhja7o.jpg","contentUrl":"https:\/\/www.meydan.tv\/wp-content\/uploads\/image_from_ios_6_ivhja7o.jpg","width":1032,"height":774,"caption":"Source: Specify Source"},{"@type":"BreadcrumbList","@id":"https:\/\/www.meydan.tv\/az\/article\/bilesuvarda-pambigi-suvarmaga-su-yoxdur\/#breadcrumb","itemListElement":[{"@type":"ListItem","position":1,"name":"Ana s\u0259hif\u0259","item":"https:\/\/www.meydan.tv\/az\/"},{"@type":"ListItem","position":2,"name":"B\u00f6lg\u0259","item":"https:\/\/www.meydan.tv\/az\/section\/bolge\/"},{"@type":"ListItem","position":3,"name":"Bil\u0259suvarda: Pamb\u0131\u011f\u0131 suvarma\u011fa su yoxdur"}]},{"@type":"WebSite","@id":"https:\/\/www.meydan.tv\/az\/#website","url":"https:\/\/www.meydan.tv\/az\/","name":"MEYDAN.TV","description":"Meydan TV Az\u0259rbaycan\u0131n media m\u0259kan\u0131ndak\u0131 alternativ s\u0259sidir","publisher":{"@id":"https:\/\/www.meydan.tv\/az\/#organization"},"potentialAction":[{"@type":"SearchAction","target":{"@type":"EntryPoint","urlTemplate":"https:\/\/www.meydan.tv\/az\/?s={search_term_string}"},"query-input":{"@type":"PropertyValueSpecification","valueRequired":true,"valueName":"search_term_string"}}],"inLanguage":"az"},{"@type":"Organization","@id":"https:\/\/www.meydan.tv\/az\/#organization","name":"Meydan TV","url":"https:\/\/www.meydan.tv\/az\/","logo":{"@type":"ImageObject","inLanguage":"az","@id":"https:\/\/www.meydan.tv\/az\/#\/schema\/logo\/image\/","url":"https:\/\/www.meydan.tv\/wp-content\/uploads\/2021\/07\/meydan-logo.svg","contentUrl":"https:\/\/www.meydan.tv\/wp-content\/uploads\/2021\/07\/meydan-logo.svg","width":195,"height":46,"caption":"Meydan TV"},"image":{"@id":"https:\/\/www.meydan.tv\/az\/#\/schema\/logo\/image\/"}},{"@type":"Person","@id":"https:\/\/www.meydan.tv\/az\/#\/schema\/person\/10d11eccf6da3662cf5fdab9806ea91a","name":"user-manager"}]}},"_links":{"self":[{"href":"https:\/\/www.meydan.tv\/az\/wp-json\/wp\/v2\/posts\/196773","targetHints":{"allow":["GET"]}}],"collection":[{"href":"https:\/\/www.meydan.tv\/az\/wp-json\/wp\/v2\/posts"}],"about":[{"href":"https:\/\/www.meydan.tv\/az\/wp-json\/wp\/v2\/types\/post"}],"author":[{"embeddable":true,"href":"https:\/\/www.meydan.tv\/az\/wp-json\/wp\/v2\/users\/11"}],"replies":[{"embeddable":true,"href":"https:\/\/www.meydan.tv\/az\/wp-json\/wp\/v2\/comments?post=196773"}],"version-history":[{"count":0,"href":"https:\/\/www.meydan.tv\/az\/wp-json\/wp\/v2\/posts\/196773\/revisions"}],"wp:featuredmedia":[{"embeddable":true,"href":"https:\/\/www.meydan.tv\/az\/wp-json\/wp\/v2\/media\/128935"}],"wp:attachment":[{"href":"https:\/\/www.meydan.tv\/az\/wp-json\/wp\/v2\/media?parent=196773"}],"wp:term":[{"taxonomy":"category","embeddable":true,"href":"https:\/\/www.meydan.tv\/az\/wp-json\/wp\/v2\/categories?post=196773"},{"taxonomy":"post_tag","embeddable":true,"href":"https:\/\/www.meydan.tv\/az\/wp-json\/wp\/v2\/tags?post=196773"}],"curies":[{"name":"wp","href":"https:\/\/api.w.org\/{rel}","templated":true}]}}