{"id":196772,"date":"2019-08-30T12:12:29","date_gmt":"2019-08-30T12:12:29","guid":{"rendered":"https:\/\/www.meydan.tv\/article\/hokumetin-apardigi-yanlis-siyaset-bazarda-xaos-yaradib\/"},"modified":"2019-08-30T12:12:29","modified_gmt":"2019-08-30T12:12:29","slug":"hokumetin-apardigi-yanlis-siyaset-bazarda-xaos-yaradib","status":"publish","type":"post","link":"https:\/\/www.meydan.tv\/az\/article\/hokumetin-apardigi-yanlis-siyaset-bazarda-xaos-yaradib\/","title":{"rendered":"\u201cH\u00f6kum\u0259tin apard\u0131\u011f\u0131 yanl\u0131\u015f siyas\u0259t bazarda xaos yarad\u0131b\u201d"},"content":{"rendered":"<p>\n  <i><br \/>\n    Vahid M\u0259h\u0259rr\u0259mov: \u201cV\u0259ziyy\u0259ti biznes\u0259 m\u00fcdaxil\u0259 il\u0259 d\u0259yi\u015fm\u0259k ist\u0259yirl\u0259r\u201d<br \/>\n  <\/i>\n<\/p>\n<p>\n  Az\u0259rbaycan k\u0259nd t\u0259s\u0259rr\u00fcfat\u0131 m\u0259hsullar\u0131n\u0131n qiym\u0259tl\u0259ri \u00f6t\u0259n il\u0259 m\u00fcqayis\u0259d\u0259 art\u0131b. Bu tendensiya \u00f6t\u0259n h\u0259ft\u0259 Ba\u015f Nazirin m\u00fcavini \u018fli \u018fhm\u0259dov v\u0259 k\u0259nd t\u0259s\u0259rr\u00fcfat\u0131 naziri \u0130nam K\u0259rimovun paytaxt\u0131n \u201cYa\u015f\u0131l bazar\u201d v\u0259 supermarket reydl\u0259rind\u0259 d\u0259 \u00f6z\u00fcn\u00fc b\u00fcruz\u0259 verdi.\n<\/p>\n<p>\n  Qiym\u0259t art\u0131m\u0131na s\u0259b\u0259b kimi \u00fcmumi olaraq inhisar\u00e7\u0131l\u0131q v\u0259 korrupsiya g\u00f6st\u0259rils\u0259 d\u0259, m\u00fct\u0259x\u0259ssisl\u0259r dig\u0259r amill\u0259ri d\u0259 g\u00f6st\u0259rirl\u0259r.\n<\/p>\n<p>\n  Meydan TV-nin bu bar\u0259d\u0259 sor\u011fusunu cavablayan aqrar sektor \u00fczr\u0259 ekspert Vahid M\u0259h\u0259rr\u0259mov son iki ild\u0259 kartofun qiym\u0259tind\u0259 ciddi bahala\u015fman\u0131n oldu\u011funu xat\u0131rlad\u0131b. Onun s\u00f6zl\u0259rin\u0259 g\u00f6r\u0259, kartof istehsal\u0131nda v\u0259 idxal\u0131nda azalma m\u00fc\u015fahid\u0259 olunur.\n<\/p>\n<p>\n  \u201cBir s\u0259b\u0259b \u00f6lk\u0259d\u0259 k\u0259nd t\u0259s\u0259rr\u00fcafat\u0131 m\u0259hsullar\u0131n\u0131n istehsal\u0131nda azalma il\u0259 ba\u011fl\u0131d\u0131r. Sual yaran\u0131r, idxal niy\u0259 azal\u0131b? Maraql\u0131d\u0131r ki, m\u0259murlar bunu g\u00f6mr\u00fck ke\u00e7id m\u0259nt\u0259q\u0259l\u0259rind\u0259ki \u015f\u0259ffafl\u0131qla \u0259laq\u0259l\u0259ndirib idxalda art\u0131m oldu\u011funu israr edirl\u0259r. Halbuki, \u0259ksin\u0259dir, y\u0259ni azalma var\u201d.\n<\/p>\n<p>\n  Vahid M\u0259h\u0259rr\u0259mov hesab edir ki, birincisi t\u0259klif azal\u0131b, ikincisi, al\u0131c\u0131l\u0131q qabiliyy\u0259ti a\u015fa\u011f\u0131 d\u00fc\u015fd\u00fcy\u00fcnd\u0259n t\u0259l\u0259bat da azal\u0131b. Onun fikrinc\u0259, istehsal\u0131n v\u0259 idxal\u0131n azalmas\u0131 t\u0259l\u0259batla \u0259laq\u0259lidir.\n<\/p>\n<p>\n  \u201cPomidorda \u00f6t\u0259n il ixrac art\u0131b. H\u00f6kum\u0259tin qar\u015f\u0131s\u0131nda dayanan birinci v\u0259zif\u0259 yerli \u0259halinin \u0259rzaq v\u0259 k\u0259nd t\u0259s\u0259rr\u00fcfat\u0131 m\u0259hsullar\u0131na t\u0259l\u0259bat\u0131n\u0131 \u00f6d\u0259m\u0259kdir ki, art\u0131q istehsal olunan m\u0259hsul is\u0259 ixrac edilsin. Az\u0259rbaycan h\u00f6kum\u0259ti is\u0259 qar\u015f\u0131s\u0131ndak\u0131 v\u0259zif\u0259nin \u00f6hd\u0259sind\u0259n g\u0259l\u0259 bilmir. Haz\u0131rda h\u00f6kum\u0259tin apard\u0131\u011f\u0131 yanl\u0131\u015f siyas\u0259t bazarda xaos yarad\u0131b. H\u00f6kum\u0259t v\u0259ziyy\u0259ti inzibati yolla, biznes\u0259 m\u00fcdaxil\u0259 il\u0259 d\u0259yi\u015fm\u0259k ist\u0259yir, y\u0259ni qiym\u0259tl\u0259ri endirm\u0259k. Bu, uzunm\u00fcdd\u0259tli m\u00fcmk\u00fcn olmur. Ba\u015fqa bir ac\u0131 g\u00fcl\u00fc\u015f do\u011furan m\u0259qam is\u0259, b\u0259zi m\u0259murlar\u0131n idxal\u0131n\u0131n art\u0131m\u0131n\u0131n, yaxud qiym\u0259tl\u0259rin bahala\u015fmas\u0131n\u0131n \u00f6lk\u0259y\u0259 g\u0259l\u0259n turistl\u0259rin say\u0131n\u0131n art\u0131m\u0131 il\u0259 ba\u011flamas\u0131d\u0131r. Amm, bu absurddur. M\u0259s\u0259l\u0259 ondad\u0131r ki, az\u0259rbaycanl\u0131lar da turist kimi ba\u015fqa \u00f6lk\u0259l\u0259r\u0259 gedir, y\u0259ni \u00f6lk\u0259y\u0259 g\u0259l\u0259n varsa, \u00e7\u0131xan da var\u201d.\n<\/p>\n<figure class=\"wp-block-image size-large\">\n  <img decoding=\"async\" src=\"https:\/\/www.meydan.tv\/az\/vahid-meherremov-7\/\" alt=\"Vahid M\u0259h\u0259rr\u0259mov\" class=\"wp-image-109162\"\/><figcaption>\n    Vahid M\u0259h\u0259rr\u0259mov<br \/>\n  <\/figcaption><\/figure>\n<p>\n  Vahid M\u0259h\u0259rr\u0259mov Az\u0259rbaycanda kartofun Erm\u0259nistandan 3 d\u0259f\u0259 baha sat\u0131lmas\u0131n\u0131n s\u0259b\u0259bini istehsalla \u0259laq\u0259l\u0259ndirib:\n<\/p>\n<p>\n  \u201cErm\u0259nistanda h\u0259r hektardan 25 ton katrof \u0259ld\u0259 edilir, Az\u0259rbaycanda is\u0259 15 ton, f\u0259rqi g\u00f6r\u00fcr\u00fcs\u00fcn\u00fczm\u00fc?! \u018fg\u0259r Az\u0259rbaycanda m\u0259hduldarl\u0131q h\u0259r hektarda y\u00fcks\u0259k olarsa, kartofun kiloqram\u0131 30 q\u0259pik civar\u0131nda sat\u0131lar. Az\u0259rbaycan h\u00f6kum\u0259tinin m\u0259murlar\u0131 k\u0259ndilinin, fermerin problemini h\u0259ll etm\u0259k \u0259v\u0259zin\u0259, bazara \u00fcz tutub sat\u0131c\u0131ya irad bildirirl\u0259r. 2019-cu ilin yanvar\u0131ndan indiy\u0259 q\u0259d\u0259r kartofun istehsal\u0131 30 faiz azal\u0131b, s\u00f6hb\u0259t fara\u015f-erk\u0259n kartofdan v\u0259 yeti\u015fm\u0259 m\u00fcdd\u0259ti uzun olan kartofdan gedir. Art\u0131q bir \u00e7ox rayonlarda kartof y\u0131\u011f\u0131m\u0131 yekunla\u015f\u0131b. Kartof G\u0259d\u0259b\u0259y v\u0259 Tovuzun da\u011f k\u0259ndl\u0259rind\u0259 qal\u0131b, bu \u0259razil\u0259rd\u0259 d\u0259 m\u0259hsuldarl\u0131q el\u0259 d\u0259 y\u00fcks\u0259k deyil\u201d.\n<\/p>\n<p>\n  Vahid M\u0259h\u0259rr\u0259mov bildirir ki, 10 il \u0259vv\u0259l ild\u0259 kartof idxal\u0131 30-40 min ton idis\u0259, haz\u0131rda 200 min tona \u00e7at\u0131b. Az\u0259rbaycan MDB-d\u0259 yegan\u0259 \u00f6lk\u0259dir ki, adamba\u015f\u0131na \u0259n az kartof istehsal v\u0259 istehlak edir. Erm\u0259nistan Az\u0259rbaycandan 2.5 d\u0259f\u0259 \u00e7ox adamba\u015f\u0131na kartof istehsal edir:\n<\/p>\n<p>\n  \u201cQiym\u0259tin baha olmas\u0131na s\u0259b\u0259b h\u0259m d\u0259 budur. Az\u0259rbaycanda kartof il \u0259razind\u0259 adamba\u015f\u0131na 75 kiloqrama yax\u0131n idi, pomidor istehlak\u0131 son 5 ild\u0259 5 kiloqram azal\u0131b, 44.8 idi, indi 39 kiloqrama d\u00fc\u015f\u00fcb. Dem\u0259li, t\u0259klif azal\u0131b, m\u0259hsuldarl\u0131q a\u015fa\u011f\u0131 oldu\u011fu \u00fc\u00e7\u00fcn maya d\u0259y\u0259ri qalx\u0131b, k\u0259ndli pis durumdad\u0131r. Onun istehsal etdiyi m\u0259hsulun maya d\u0259y\u0259ri y\u00fcks\u0259kdir, bazarda al\u0131c\u0131l\u0131q qabiliyy\u0259ti a\u015fa\u011f\u0131 d\u00fc\u015f\u00fcb. Az\u0259rbaycan fermerinin,k\u0259ndlisinin x\u0259rci dig\u0259r \u00f6lk\u0259l\u0259rd\u0259ki h\u0259mkarlar\u0131ndan y\u00fcks\u0259kdir. Ona g\u00f6r\u0259 m\u0259cburiyy\u0259t qar\u015f\u0131s\u0131nda qal\u0131b m\u0259hsulunu baha t\u0259klif edir\u201d.<\/p>\n","protected":false},"excerpt":{"rendered":"<p>Erm\u0259nistanda h\u0259r hektardan 25 ton katrof \u0259ld\u0259 edilir, Az\u0259rbaycanda is\u0259 15 ton, f\u0259rqi g\u00f6r\u00fcr\u00fcs\u00fcn\u00fczm\u00fc?!<\/p>\n","protected":false},"author":11,"featured_media":128923,"comment_status":"closed","ping_status":"open","sticky":false,"template":"","format":"standard","meta":{"_acf_changed":false,"_sitemap_exclude":false,"_sitemap_priority":"","_sitemap_frequency":"","footnotes":""},"categories":[51],"tags":[],"class_list":["post-196772","post","type-post","status-publish","format-standard","has-post-thumbnail","hentry","category-analitika","infinite-scroll-item","generate-columns","tablet-grid-50","mobile-grid-100","grid-parent","grid-33","no-featured-image-padding"],"acf":[],"yoast_head":"<!-- This site is optimized with the Yoast SEO plugin v27.4 - https:\/\/yoast.com\/product\/yoast-seo-wordpress\/ -->\n<title>\u201cH\u00f6kum\u0259tin apard\u0131\u011f\u0131 yanl\u0131\u015f siyas\u0259t bazarda xaos yarad\u0131b\u201d - MEYDAN.TV<\/title>\n<meta name=\"robots\" content=\"index, follow, max-snippet:-1, max-image-preview:large, max-video-preview:-1\" \/>\n<link rel=\"canonical\" href=\"https:\/\/www.meydan.tv\/az\/article\/hokumetin-apardigi-yanlis-siyaset-bazarda-xaos-yaradib\/\" \/>\n<meta property=\"og:locale\" content=\"az_AZ\" \/>\n<meta property=\"og:type\" content=\"article\" \/>\n<meta property=\"og:title\" content=\"\u201cH\u00f6kum\u0259tin apard\u0131\u011f\u0131 yanl\u0131\u015f siyas\u0259t bazarda xaos yarad\u0131b\u201d - MEYDAN.TV\" \/>\n<meta property=\"og:description\" content=\"Erm\u0259nistanda h\u0259r hektardan 25 ton katrof \u0259ld\u0259 edilir, Az\u0259rbaycanda is\u0259 15 ton, f\u0259rqi g\u00f6r\u00fcr\u00fcs\u00fcn\u00fczm\u00fc?!\" \/>\n<meta property=\"og:url\" content=\"https:\/\/www.meydan.tv\/az\/article\/hokumetin-apardigi-yanlis-siyaset-bazarda-xaos-yaradib\/\" \/>\n<meta property=\"og:site_name\" content=\"MEYDAN.TV\" \/>\n<meta property=\"article:published_time\" content=\"2019-08-30T12:12:29+00:00\" \/>\n<meta property=\"og:image\" content=\"https:\/\/www.meydan.tv\/wp-content\/uploads\/1541315848_5bde932a52505_9ad203ba-27e9-44ba-bcc5-b8693a35faf5.jpg\" \/>\n\t<meta property=\"og:image:width\" content=\"1280\" \/>\n\t<meta property=\"og:image:height\" content=\"720\" \/>\n\t<meta property=\"og:image:type\" content=\"image\/jpeg\" \/>\n<meta name=\"author\" content=\"user-manager\" \/>\n<meta name=\"twitter:card\" content=\"summary_large_image\" \/>\n<script type=\"application\/ld+json\" class=\"yoast-schema-graph\">{\"@context\":\"https:\\\/\\\/schema.org\",\"@graph\":[{\"@type\":\"Article\",\"@id\":\"https:\\\/\\\/www.meydan.tv\\\/az\\\/article\\\/hokumetin-apardigi-yanlis-siyaset-bazarda-xaos-yaradib\\\/#article\",\"isPartOf\":{\"@id\":\"https:\\\/\\\/www.meydan.tv\\\/az\\\/article\\\/hokumetin-apardigi-yanlis-siyaset-bazarda-xaos-yaradib\\\/\"},\"author\":{\"name\":\"user-manager\",\"@id\":\"https:\\\/\\\/www.meydan.tv\\\/az\\\/#\\\/schema\\\/person\\\/10d11eccf6da3662cf5fdab9806ea91a\"},\"headline\":\"\u201cH\u00f6kum\u0259tin apard\u0131\u011f\u0131 yanl\u0131\u015f siyas\u0259t bazarda xaos yarad\u0131b\u201d\",\"datePublished\":\"2019-08-30T12:12:29+00:00\",\"mainEntityOfPage\":{\"@id\":\"https:\\\/\\\/www.meydan.tv\\\/az\\\/article\\\/hokumetin-apardigi-yanlis-siyaset-bazarda-xaos-yaradib\\\/\"},\"wordCount\":814,\"publisher\":{\"@id\":\"https:\\\/\\\/www.meydan.tv\\\/az\\\/#organization\"},\"image\":{\"@id\":\"https:\\\/\\\/www.meydan.tv\\\/az\\\/article\\\/hokumetin-apardigi-yanlis-siyaset-bazarda-xaos-yaradib\\\/#primaryimage\"},\"thumbnailUrl\":\"https:\\\/\\\/www.meydan.tv\\\/wp-content\\\/uploads\\\/1541315848_5bde932a52505_9ad203ba-27e9-44ba-bcc5-b8693a35faf5.jpg\",\"articleSection\":[\"Analitika\"],\"inLanguage\":\"az\"},{\"@type\":\"WebPage\",\"@id\":\"https:\\\/\\\/www.meydan.tv\\\/az\\\/article\\\/hokumetin-apardigi-yanlis-siyaset-bazarda-xaos-yaradib\\\/\",\"url\":\"https:\\\/\\\/www.meydan.tv\\\/az\\\/article\\\/hokumetin-apardigi-yanlis-siyaset-bazarda-xaos-yaradib\\\/\",\"name\":\"\u201cH\u00f6kum\u0259tin apard\u0131\u011f\u0131 yanl\u0131\u015f siyas\u0259t bazarda xaos yarad\u0131b\u201d - MEYDAN.TV\",\"isPartOf\":{\"@id\":\"https:\\\/\\\/www.meydan.tv\\\/az\\\/#website\"},\"primaryImageOfPage\":{\"@id\":\"https:\\\/\\\/www.meydan.tv\\\/az\\\/article\\\/hokumetin-apardigi-yanlis-siyaset-bazarda-xaos-yaradib\\\/#primaryimage\"},\"image\":{\"@id\":\"https:\\\/\\\/www.meydan.tv\\\/az\\\/article\\\/hokumetin-apardigi-yanlis-siyaset-bazarda-xaos-yaradib\\\/#primaryimage\"},\"thumbnailUrl\":\"https:\\\/\\\/www.meydan.tv\\\/wp-content\\\/uploads\\\/1541315848_5bde932a52505_9ad203ba-27e9-44ba-bcc5-b8693a35faf5.jpg\",\"datePublished\":\"2019-08-30T12:12:29+00:00\",\"breadcrumb\":{\"@id\":\"https:\\\/\\\/www.meydan.tv\\\/az\\\/article\\\/hokumetin-apardigi-yanlis-siyaset-bazarda-xaos-yaradib\\\/#breadcrumb\"},\"inLanguage\":\"az\",\"potentialAction\":[{\"@type\":\"ReadAction\",\"target\":[\"https:\\\/\\\/www.meydan.tv\\\/az\\\/article\\\/hokumetin-apardigi-yanlis-siyaset-bazarda-xaos-yaradib\\\/\"]}]},{\"@type\":\"ImageObject\",\"inLanguage\":\"az\",\"@id\":\"https:\\\/\\\/www.meydan.tv\\\/az\\\/article\\\/hokumetin-apardigi-yanlis-siyaset-bazarda-xaos-yaradib\\\/#primaryimage\",\"url\":\"https:\\\/\\\/www.meydan.tv\\\/wp-content\\\/uploads\\\/1541315848_5bde932a52505_9ad203ba-27e9-44ba-bcc5-b8693a35faf5.jpg\",\"contentUrl\":\"https:\\\/\\\/www.meydan.tv\\\/wp-content\\\/uploads\\\/1541315848_5bde932a52505_9ad203ba-27e9-44ba-bcc5-b8693a35faf5.jpg\",\"width\":1280,\"height\":720,\"caption\":\"Source: meydan tv\"},{\"@type\":\"BreadcrumbList\",\"@id\":\"https:\\\/\\\/www.meydan.tv\\\/az\\\/article\\\/hokumetin-apardigi-yanlis-siyaset-bazarda-xaos-yaradib\\\/#breadcrumb\",\"itemListElement\":[{\"@type\":\"ListItem\",\"position\":1,\"name\":\"Ana s\u0259hif\u0259\",\"item\":\"https:\\\/\\\/www.meydan.tv\\\/az\\\/\"},{\"@type\":\"ListItem\",\"position\":2,\"name\":\"Analitika\",\"item\":\"https:\\\/\\\/www.meydan.tv\\\/az\\\/section\\\/analitika\\\/\"},{\"@type\":\"ListItem\",\"position\":3,\"name\":\"\u201cH\u00f6kum\u0259tin apard\u0131\u011f\u0131 yanl\u0131\u015f siyas\u0259t bazarda xaos yarad\u0131b\u201d\"}]},{\"@type\":\"WebSite\",\"@id\":\"https:\\\/\\\/www.meydan.tv\\\/az\\\/#website\",\"url\":\"https:\\\/\\\/www.meydan.tv\\\/az\\\/\",\"name\":\"MEYDAN.TV\",\"description\":\"Meydan TV Az\u0259rbaycan\u0131n media m\u0259kan\u0131ndak\u0131 alternativ s\u0259sidir\",\"publisher\":{\"@id\":\"https:\\\/\\\/www.meydan.tv\\\/az\\\/#organization\"},\"potentialAction\":[{\"@type\":\"SearchAction\",\"target\":{\"@type\":\"EntryPoint\",\"urlTemplate\":\"https:\\\/\\\/www.meydan.tv\\\/az\\\/?s={search_term_string}\"},\"query-input\":{\"@type\":\"PropertyValueSpecification\",\"valueRequired\":true,\"valueName\":\"search_term_string\"}}],\"inLanguage\":\"az\"},{\"@type\":\"Organization\",\"@id\":\"https:\\\/\\\/www.meydan.tv\\\/az\\\/#organization\",\"name\":\"Meydan TV\",\"url\":\"https:\\\/\\\/www.meydan.tv\\\/az\\\/\",\"logo\":{\"@type\":\"ImageObject\",\"inLanguage\":\"az\",\"@id\":\"https:\\\/\\\/www.meydan.tv\\\/az\\\/#\\\/schema\\\/logo\\\/image\\\/\",\"url\":\"https:\\\/\\\/www.meydan.tv\\\/wp-content\\\/uploads\\\/2021\\\/07\\\/meydan-logo.svg\",\"contentUrl\":\"https:\\\/\\\/www.meydan.tv\\\/wp-content\\\/uploads\\\/2021\\\/07\\\/meydan-logo.svg\",\"width\":195,\"height\":46,\"caption\":\"Meydan TV\"},\"image\":{\"@id\":\"https:\\\/\\\/www.meydan.tv\\\/az\\\/#\\\/schema\\\/logo\\\/image\\\/\"}},{\"@type\":\"Person\",\"@id\":\"https:\\\/\\\/www.meydan.tv\\\/az\\\/#\\\/schema\\\/person\\\/10d11eccf6da3662cf5fdab9806ea91a\",\"name\":\"user-manager\"}]}<\/script>\n<!-- \/ Yoast SEO plugin. -->","yoast_head_json":{"title":"\u201cH\u00f6kum\u0259tin apard\u0131\u011f\u0131 yanl\u0131\u015f siyas\u0259t bazarda xaos yarad\u0131b\u201d - MEYDAN.TV","robots":{"index":"index","follow":"follow","max-snippet":"max-snippet:-1","max-image-preview":"max-image-preview:large","max-video-preview":"max-video-preview:-1"},"canonical":"https:\/\/www.meydan.tv\/az\/article\/hokumetin-apardigi-yanlis-siyaset-bazarda-xaos-yaradib\/","og_locale":"az_AZ","og_type":"article","og_title":"\u201cH\u00f6kum\u0259tin apard\u0131\u011f\u0131 yanl\u0131\u015f siyas\u0259t bazarda xaos yarad\u0131b\u201d - MEYDAN.TV","og_description":"Erm\u0259nistanda h\u0259r hektardan 25 ton katrof \u0259ld\u0259 edilir, Az\u0259rbaycanda is\u0259 15 ton, f\u0259rqi g\u00f6r\u00fcr\u00fcs\u00fcn\u00fczm\u00fc?!","og_url":"https:\/\/www.meydan.tv\/az\/article\/hokumetin-apardigi-yanlis-siyaset-bazarda-xaos-yaradib\/","og_site_name":"MEYDAN.TV","article_published_time":"2019-08-30T12:12:29+00:00","og_image":[{"width":1280,"height":720,"url":"https:\/\/www.meydan.tv\/wp-content\/uploads\/1541315848_5bde932a52505_9ad203ba-27e9-44ba-bcc5-b8693a35faf5.jpg","type":"image\/jpeg"}],"author":"user-manager","twitter_card":"summary_large_image","schema":{"@context":"https:\/\/schema.org","@graph":[{"@type":"Article","@id":"https:\/\/www.meydan.tv\/az\/article\/hokumetin-apardigi-yanlis-siyaset-bazarda-xaos-yaradib\/#article","isPartOf":{"@id":"https:\/\/www.meydan.tv\/az\/article\/hokumetin-apardigi-yanlis-siyaset-bazarda-xaos-yaradib\/"},"author":{"name":"user-manager","@id":"https:\/\/www.meydan.tv\/az\/#\/schema\/person\/10d11eccf6da3662cf5fdab9806ea91a"},"headline":"\u201cH\u00f6kum\u0259tin apard\u0131\u011f\u0131 yanl\u0131\u015f siyas\u0259t bazarda xaos yarad\u0131b\u201d","datePublished":"2019-08-30T12:12:29+00:00","mainEntityOfPage":{"@id":"https:\/\/www.meydan.tv\/az\/article\/hokumetin-apardigi-yanlis-siyaset-bazarda-xaos-yaradib\/"},"wordCount":814,"publisher":{"@id":"https:\/\/www.meydan.tv\/az\/#organization"},"image":{"@id":"https:\/\/www.meydan.tv\/az\/article\/hokumetin-apardigi-yanlis-siyaset-bazarda-xaos-yaradib\/#primaryimage"},"thumbnailUrl":"https:\/\/www.meydan.tv\/wp-content\/uploads\/1541315848_5bde932a52505_9ad203ba-27e9-44ba-bcc5-b8693a35faf5.jpg","articleSection":["Analitika"],"inLanguage":"az"},{"@type":"WebPage","@id":"https:\/\/www.meydan.tv\/az\/article\/hokumetin-apardigi-yanlis-siyaset-bazarda-xaos-yaradib\/","url":"https:\/\/www.meydan.tv\/az\/article\/hokumetin-apardigi-yanlis-siyaset-bazarda-xaos-yaradib\/","name":"\u201cH\u00f6kum\u0259tin apard\u0131\u011f\u0131 yanl\u0131\u015f siyas\u0259t bazarda xaos yarad\u0131b\u201d - MEYDAN.TV","isPartOf":{"@id":"https:\/\/www.meydan.tv\/az\/#website"},"primaryImageOfPage":{"@id":"https:\/\/www.meydan.tv\/az\/article\/hokumetin-apardigi-yanlis-siyaset-bazarda-xaos-yaradib\/#primaryimage"},"image":{"@id":"https:\/\/www.meydan.tv\/az\/article\/hokumetin-apardigi-yanlis-siyaset-bazarda-xaos-yaradib\/#primaryimage"},"thumbnailUrl":"https:\/\/www.meydan.tv\/wp-content\/uploads\/1541315848_5bde932a52505_9ad203ba-27e9-44ba-bcc5-b8693a35faf5.jpg","datePublished":"2019-08-30T12:12:29+00:00","breadcrumb":{"@id":"https:\/\/www.meydan.tv\/az\/article\/hokumetin-apardigi-yanlis-siyaset-bazarda-xaos-yaradib\/#breadcrumb"},"inLanguage":"az","potentialAction":[{"@type":"ReadAction","target":["https:\/\/www.meydan.tv\/az\/article\/hokumetin-apardigi-yanlis-siyaset-bazarda-xaos-yaradib\/"]}]},{"@type":"ImageObject","inLanguage":"az","@id":"https:\/\/www.meydan.tv\/az\/article\/hokumetin-apardigi-yanlis-siyaset-bazarda-xaos-yaradib\/#primaryimage","url":"https:\/\/www.meydan.tv\/wp-content\/uploads\/1541315848_5bde932a52505_9ad203ba-27e9-44ba-bcc5-b8693a35faf5.jpg","contentUrl":"https:\/\/www.meydan.tv\/wp-content\/uploads\/1541315848_5bde932a52505_9ad203ba-27e9-44ba-bcc5-b8693a35faf5.jpg","width":1280,"height":720,"caption":"Source: meydan tv"},{"@type":"BreadcrumbList","@id":"https:\/\/www.meydan.tv\/az\/article\/hokumetin-apardigi-yanlis-siyaset-bazarda-xaos-yaradib\/#breadcrumb","itemListElement":[{"@type":"ListItem","position":1,"name":"Ana s\u0259hif\u0259","item":"https:\/\/www.meydan.tv\/az\/"},{"@type":"ListItem","position":2,"name":"Analitika","item":"https:\/\/www.meydan.tv\/az\/section\/analitika\/"},{"@type":"ListItem","position":3,"name":"\u201cH\u00f6kum\u0259tin apard\u0131\u011f\u0131 yanl\u0131\u015f siyas\u0259t bazarda xaos yarad\u0131b\u201d"}]},{"@type":"WebSite","@id":"https:\/\/www.meydan.tv\/az\/#website","url":"https:\/\/www.meydan.tv\/az\/","name":"MEYDAN.TV","description":"Meydan TV Az\u0259rbaycan\u0131n media m\u0259kan\u0131ndak\u0131 alternativ s\u0259sidir","publisher":{"@id":"https:\/\/www.meydan.tv\/az\/#organization"},"potentialAction":[{"@type":"SearchAction","target":{"@type":"EntryPoint","urlTemplate":"https:\/\/www.meydan.tv\/az\/?s={search_term_string}"},"query-input":{"@type":"PropertyValueSpecification","valueRequired":true,"valueName":"search_term_string"}}],"inLanguage":"az"},{"@type":"Organization","@id":"https:\/\/www.meydan.tv\/az\/#organization","name":"Meydan TV","url":"https:\/\/www.meydan.tv\/az\/","logo":{"@type":"ImageObject","inLanguage":"az","@id":"https:\/\/www.meydan.tv\/az\/#\/schema\/logo\/image\/","url":"https:\/\/www.meydan.tv\/wp-content\/uploads\/2021\/07\/meydan-logo.svg","contentUrl":"https:\/\/www.meydan.tv\/wp-content\/uploads\/2021\/07\/meydan-logo.svg","width":195,"height":46,"caption":"Meydan TV"},"image":{"@id":"https:\/\/www.meydan.tv\/az\/#\/schema\/logo\/image\/"}},{"@type":"Person","@id":"https:\/\/www.meydan.tv\/az\/#\/schema\/person\/10d11eccf6da3662cf5fdab9806ea91a","name":"user-manager"}]}},"_links":{"self":[{"href":"https:\/\/www.meydan.tv\/az\/wp-json\/wp\/v2\/posts\/196772","targetHints":{"allow":["GET"]}}],"collection":[{"href":"https:\/\/www.meydan.tv\/az\/wp-json\/wp\/v2\/posts"}],"about":[{"href":"https:\/\/www.meydan.tv\/az\/wp-json\/wp\/v2\/types\/post"}],"author":[{"embeddable":true,"href":"https:\/\/www.meydan.tv\/az\/wp-json\/wp\/v2\/users\/11"}],"replies":[{"embeddable":true,"href":"https:\/\/www.meydan.tv\/az\/wp-json\/wp\/v2\/comments?post=196772"}],"version-history":[{"count":0,"href":"https:\/\/www.meydan.tv\/az\/wp-json\/wp\/v2\/posts\/196772\/revisions"}],"wp:featuredmedia":[{"embeddable":true,"href":"https:\/\/www.meydan.tv\/az\/wp-json\/wp\/v2\/media\/128923"}],"wp:attachment":[{"href":"https:\/\/www.meydan.tv\/az\/wp-json\/wp\/v2\/media?parent=196772"}],"wp:term":[{"taxonomy":"category","embeddable":true,"href":"https:\/\/www.meydan.tv\/az\/wp-json\/wp\/v2\/categories?post=196772"},{"taxonomy":"post_tag","embeddable":true,"href":"https:\/\/www.meydan.tv\/az\/wp-json\/wp\/v2\/tags?post=196772"}],"curies":[{"name":"wp","href":"https:\/\/api.w.org\/{rel}","templated":true}]}}