{"id":196756,"date":"2019-08-29T14:46:23","date_gmt":"2019-08-29T14:46:23","guid":{"rendered":"https:\/\/www.meydan.tv\/article\/az-qaliram-gedim-yatam-prezident-administrasiyasinin-qarsisinda\/"},"modified":"2019-08-29T14:46:23","modified_gmt":"2019-08-29T14:46:23","slug":"az-qaliram-gedim-yatam-prezident-administrasiyasinin-qarsisinda","status":"publish","type":"post","link":"https:\/\/www.meydan.tv\/az\/article\/az-qaliram-gedim-yatam-prezident-administrasiyasinin-qarsisinda\/","title":{"rendered":"\u201cAz qal\u0131ram gedib yatam Prezident Administrasiyas\u0131n\u0131n qar\u015f\u0131s\u0131nda\u201c"},"content":{"rendered":"<p>\n  <i><br \/>\n    Z\u0259rdab rayon sakini i\u015fsizlikd\u0259n, imkans\u0131zl\u0131qdan gileylidir<br \/>\n  <\/i>\n<\/p>\n<p>\n  \u201cO\u011flum g\u00f6zd\u0259n \u0259lildir. Uzun ill\u0259r buna g\u00f6r\u0259 t\u0259qa\u00fcd d\u0259 al\u0131b. \u0130ndi t\u0259qa\u00fcd\u00fcn\u00fc k\u0259sibl\u0259r ki, g\u00f6z\u00fcn\u00fcn faizi art\u0131b. Kas\u0131b adam\u0131q, \u0259m\u0259liyyat etdirm\u0259mi\u015fik, m\u00fcalic\u0259sin\u0259 pul tapmam\u0131\u015f\u0131q, bu, nec\u0259 olub, bilmirik. \u00d6z\u00fc d\u0259 g\u00f6z\u00fcnd\u0259 he\u00e7 bir ir\u0259lil\u0259yi\u015f yoxdur. \u018fvv\u0259l d\u0259 g\u00f6rm\u00fcrd\u00fc, indi d\u0259 g\u00f6rm\u00fcr\u201d.\n<\/p>\n<p>\n  Z\u0259rdab\u0131n G\u00f6d\u0259kqobu k\u0259ndinin sakini Samir\u0259 Musayeva bel\u0259 deyir. Bildirir ki, o\u011flu Roman Musayev \u0259sg\u0259rliy\u0259 \u00e7a\u011f\u0131r\u0131lanad\u0259k onun g\u00f6z\u00fcnd\u0259 problem oldu\u011funu bilm\u0259yibl\u0259r. \u00d6z\u00fc he\u00e7 n\u0259 dem\u0259yib, onlar da n\u0259s\u0259 hiss etm\u0259yibl\u0259r:\n<\/p>\n<p>\n  \u201cB\u0259xt\u0259v\u0259r deyilik ki, bir yerd\u0259 vaxt ke\u00e7ir\u0259k, n\u0259 bilim kinoya ged\u0259k, g\u00f6r\u0259k u\u015faq g\u00f6rm\u00fcr. N\u0259 bilim, me\u015f\u0259y\u0259, da\u011fa ged\u0259k, hiss ed\u0259k ki, g\u00f6z\u00fc z\u0259ifdir. Ya d\u0259rs oxuma\u011f\u0131na n\u0259zar\u0259t edim, bilim. El\u0259 biz ba\u015f\u0131 alovlu valideynl\u0259r s\u0259h\u0259r \u00e7\u0131x\u0131b, ax\u015fam g\u0259lmi\u015fik. U\u015faq da ba\u015fl\u0131-ba\u015f\u0131na b\u00f6y\u00fcy\u00fcb. F\u0259hl\u0259lik etmi\u015fik, ala\u011fa getmi\u015fik, pamb\u0131q y\u0131\u011fm\u0131\u015f\u0131q, camaat\u0131n t\u00f6vl\u0259sin t\u0259mizl\u0259mi\u015fik, n\u0259 bilim, h\u0259y\u0259t-bacada i\u015fl\u0259mi\u015fik. Harda g\u00f6r\u00fcrd\u00fck ki, bil\u0259k g\u00f6z\u00fc g\u00f6rm\u00fcrm\u00fc\u015f? Vallah, bilm\u0259mi\u015fik\u201d.\n<\/p>\n<p>\n  Ana \u0259lav\u0259 edir ki, o\u011flunu \u0259sg\u0259rliy\u0259 \u00e7a\u011f\u0131randa m\u00fcayin\u0259 zaman\u0131 b\u0259lli olub ki, yarars\u0131zd\u0131r, ged\u0259 bilm\u0259z. \u00c7\u00fcnki g\u00f6z\u00fcn\u00fcn biri 3 faiz g\u00f6r\u00fcr. Dig\u0259ri d\u0259 xeyli z\u0259ifdir:\n<\/p>\n<p>\n  \u201cProblemi anadang\u0259lm\u0259 olub, bilm\u0259mi\u015fik. N\u0259 is\u0259 16 ya\u015f\u0131ndan bu u\u015faq pensiya alma\u011fa ba\u015flad\u0131. \u00d6z\u00fc d\u0259 biz dem\u0259dik, el\u0259 h\u0259kiml\u0259r dedil\u0259r ki, pensiya d\u00fc\u015f\u00fcr, s\u0259n\u0259dl\u0259rini apar\u0131n, h\u0259ll etsinl\u0259r. Bir q\u0259pik \u00f6d\u0259m\u0259d\u0259n pensiya i\u015fi h\u0259ll oldu\u201d.\n<\/p>\n<p>\n  Samir\u0259 Musayeva deyir ki, el\u0259 3 ildir o\u011flunun ald\u0131\u011f\u0131 o pensiyadan savay\u0131 evl\u0259rin\u0259 daimi g\u0259l\u0259n v\u0259sait yoxdur:\n<\/p>\n<p>\n  \u201cYolda\u015f\u0131m bir ara i\u015fl\u0259yirdi, onun da m\u00fcqavil\u0259sin\u0259 xitam verildi. U\u015fa\u011f\u0131n problemini bil\u0259nd\u0259n d\u0259 \u00e7ox pisik. Bak\u0131ya apard\u0131q, beynin toka verdil\u0259r. Al\u0131nmad\u0131, dedil\u0259r, anadang\u0259lm\u0259 damarlar i\u015fl\u0259mir. \u0130\u015fl\u0259y\u0259nl\u0259r d\u0259 zamanla s\u0131radan \u00e7\u0131x\u0131b. Bel\u0259 adam\u0131n pensiyas\u0131n\u0131 niy\u0259 k\u0259sirl\u0259r, anlam\u0131ram\u201d.\n<\/p>\n<p>\n  Ana xahi\u015f edir, deyir, \u0259g\u0259r onun u\u015fa\u011f\u0131 sa\u011flamd\u0131rsa, \u0259sg\u0259rliy\u0259 apars\u0131nlar. Yox, g\u00f6z\u00fc g\u00f6rm\u00fcr, \u0259lildirs\u0259, o zaman pensiyas\u0131n\u0131 b\u0259rpa etsinl\u0259r:\n<\/p>\n<p>\n  \u201cG\u0259zm\u0259diyimiz, qap\u0131s\u0131n\u0131 d\u00f6ym\u0259diyimiz yer qalmay\u0131b. Ald\u0131\u011f\u0131 da 82 manat idi. \u0130ndi g\u00f6r\u00fcn, biz n\u0259 v\u0259ziyy\u0259td\u0259yik ki, o pula m\u00f6htac\u0131q v\u0259 onun b\u0259rpas\u0131 \u00fc\u00e7\u00fcn \u00e7al\u0131\u015f\u0131r\u0131q\u201d.\n<\/p>\n<p>\n  Ail\u0259nin birc\u0259 in\u0259yi var. T\u0259s\u0259rr\u00fcfatla m\u0259\u015f\u011ful olmaq imkanlar\u0131 yoxdur. Samir\u0259 Musayeva deyir ki, m\u0259cburdur, pamb\u0131q ala\u011f\u0131na gedir. Yoxsa 3 u\u015faq, 2 b\u00f6y\u00fck, dolana bilm\u0259zl\u0259r.\n<\/p>\n<p>\n  Ail\u0259 ba\u015f\u00e7\u0131s\u0131 Niyaz Musayev is\u0259 i\u015fsizlikd\u0259n \u015fikay\u0259t\u00e7idir. Deyir, i\u015f yerind\u0259n ixtisara d\u00fc\u015fd\u00fcy\u00fc 3 ildir, bir i\u015f tapa bilmir. El\u0259 oturub evd\u0259. Bununla da ail\u0259 doland\u0131rmaq m\u00fcmk\u00fcn deyil:\n<\/p>\n<p>\n  \u201cK\u0259nd yerind\u0259 ba\u015fqa i\u015f-g\u00fcc yoxdur. D\u0259f\u0259l\u0259rl\u0259 M\u0259\u015f\u011fulluq M\u0259rk\u0259zin\u0259 m\u00fcraci\u0259t etmi\u015fik i\u015f \u00fc\u00e7\u00fcn. Sosial Fonda \u00fcnvanl\u0131 sosial yard\u0131m \u00fc\u00e7\u00fcn gedib-g\u0259lmi\u015fik. He\u00e7 biri d\u0259qiq n\u0259s\u0259 demir. Biz 5 n\u0259f\u0259rlik ail\u0259 \u00e7ox ac\u0131nacaql\u0131 v\u0259ziyy\u0259td\u0259 ya\u015fay\u0131r\u0131q. Bir i\u015fl\u0259 t\u0259min olunsam, d\u0259rdim olmazd\u0131. H\u0259r g\u00fcn \u015f\u0259h\u0259r\u0259 gedib-g\u0259lm\u0259k d\u0259 olmur. Yolpulu tap\u0131b gedirik, bir \u015fey al\u0131nm\u0131r, kor-pe\u015fman qay\u0131d\u0131r\u0131q geri\u201d.\n<\/p>\n<figure class=\"wp-block-image size-large\">\n  <img decoding=\"async\" src=\"https:\/\/www.meydan.tv\/az\/image_from_ios__1_-jpg-3\/\" alt=\"image_from_ios__1_.jpg\" class=\"wp-image-128902\"\/><figcaption>\n    Ail\u0259 deyir ki, fevraldan b\u0259ri  o\u011fullar\u0131n\u0131n pensiyas\u0131 v\u0259 sosial yard\u0131m \u00fc\u00e7\u00fcn d\u00f6vl\u0259t idar\u0259l\u0259rind\u0259 qal\u0131blar<br \/>\n  <\/figcaption><\/figure>\n<p>\n  Ata deyir ki, evind\u0259 2 m\u0259kt\u0259bli q\u0131z\u0131 var. Onlar\u0131 bu il nec\u0259 m\u0259kt\u0259b\u0259 g\u00f6nd\u0259r\u0259c\u0259kl\u0259rini bilmirl\u0259r:\n<\/p>\n<p>\n  \u201c\u00d6t\u0259n il dedik k\u00f6hn\u0259l\u0259ri geyinin, g\u0259l\u0259n il alar\u0131q. N\u0259y\u0259 g\u00fcv\u0259nib v\u0259d verdik, onu da bilmir\u0259m. Bu il d\u0259 imkan yoxdur. H\u0259tta \u00f6t\u0259n ilkind\u0259n d\u0259 bet\u0259r durumday\u0131q. \u0130kisi d\u0259 q\u0131z u\u015fa\u011f\u0131d\u0131r, savadl\u0131 olmalar\u0131n\u0131 ist\u0259r\u0259m. Amma imkan yoxdur. Bar\u0131 qarda\u015flar\u0131n\u0131n pensiyas\u0131n\u0131 b\u0259rpa ets\u0259l\u0259r, onlar \u00fc\u00e7\u00fcn n\u0259s\u0259 ed\u0259rik. Onu da etmirl\u0259r ax\u0131\u201d.\n<\/p>\n<p>\n  Niyaz Musayev deyir ki, yard\u0131m vermirl\u0259r, i\u015f tap\u0131lm\u0131r, pensiya b\u0259rpa edilmir, t\u0259s\u0259rr\u00fcfatla m\u0259\u015f\u011ful olmaq \u00fc\u00e7\u00fcn \u0259lind\u0259 mayas\u0131 yoxdur. B\u0259s o n\u0259 etm\u0259lidir?\n<\/p>\n<p>\n  \u201cN\u0259 edim, ba\u015f\u0131ma haran\u0131n da\u015f\u0131n\u0131 t\u00f6k\u00fcm, bilmir\u0259m. Bizi h\u0259r yerd\u0259 get-g\u0259l\u0259 sal\u0131blar. \u0130nan\u0131n qohum-qon\u015fudan yolpulu dil\u0259nm\u0259kd\u0259n bezmi\u015fik. Borclar\u0131m\u0131z da xeyli y\u0131\u011f\u0131l\u0131b. Onlara adi g\u0259l\u0259 bil\u0259r. Toxun acdan n\u0259 x\u0259b\u0259ri? D\u0259f\u0259l\u0259rl\u0259 o\u011flumun pensiyas\u0131na g\u00f6r\u0259 \u015e\u0259kiy\u0259, Bak\u0131ya h\u0259kiml\u0259r\u0259 getmi\u015fik. \u0130\u015f v\u0259 sosial yard\u0131m \u00fc\u00e7\u00fcn Z\u0259rdab\u0131n m\u0259rk\u0259zin\u0259 getm\u0259li olmu\u015fuq. Bunlar\u0131n ham\u0131s\u0131 puldur v\u0259 o da bizd\u0259 yoxdur. Vallah, az qal\u0131ram gedib yatam Prezident Administrasiyas\u0131n\u0131n qar\u015f\u0131s\u0131nda. B\u0259lk\u0259 bir baxan ola\u201d.\n<\/p>\n<p>\n  Meydan TV Musayevl\u0259r ail\u0259sinin i\u015f problemi il\u0259 ba\u011fl\u0131 Z\u0259rdab rayon M\u0259\u015f\u011fulluq M\u0259rk\u0259zi il\u0259 \u0259laq\u0259 saxlay\u0131b. M\u0259rk\u0259zin direktoru Araz \u015eir\u0259liyev bildirib ki, v\u0259t\u0259nda\u015flar el\u0259 g\u00fcn\u00fc sabah m\u0259rk\u0259z\u0259 g\u0259lsinl\u0259r. Onlara uy\u011fun bir i\u015f tapacaqlar:\n<\/p>\n<p>\n  \u201cBaxaca\u011f\u0131q onlar\u0131n ixtisas\u0131na, pe\u015f\u0259sin\u0259, bacar\u0131\u011f\u0131na. Kims\u0259 dey\u0259 bilm\u0259z rayonda i\u015f yoxdur, var. \u00d6z\u00fc d\u0259 bizim rayonda k\u0259nd t\u0259s\u0259rr\u00fcfat\u0131 \u00fczr\u0259 i\u015fl\u0259r \u00e7ox olur. Pamb\u0131q\u00e7\u0131l\u0131q, maldarl\u0131q, \u0259kin\u00e7ilik. Bu i\u015fl\u0259rd\u0259 bo\u015f yerl\u0259r \u00e7oxdur. Pamb\u0131q y\u0131\u011f\u0131m\u0131 da ba\u015flay\u0131b. \u0130kisi d\u0259 g\u0259lsin. Biz onlar\u0131 i\u015fl\u0259 t\u0259min ed\u0259rik\u201d.\n<\/p>\n<p>\n  D\u00f6vl\u0259t Sosial M\u00fcdafi\u0259 Fondunun Z\u0259rdab rayon \u015f\u00f6b\u0259sind\u0259n is\u0259 Meydan TV-y\u0259 deyilib ki, ail\u0259 h\u0259qiq\u0259t\u0259n deyildiyi kimi pis durumdad\u0131rsa, o zaman onlara m\u00fcraci\u0259t etsinl\u0259r. Sad\u0259c\u0259 m\u00fcraci\u0259t \u0259vv\u0259lki kimi deyil, elektron qaydada edilm\u0259lidir:\n<\/p>\n<p>\n  \u201cAil\u0259 elektron qaydada m\u00fcraci\u0259t etsin, baxaq. H\u0259qiq\u0259t\u0259n sosial yard\u0131m d\u00fc\u015f\u00fcrs\u0259, veril\u0259c\u0259k. Ad\u0259t\u0259n v\u0259t\u0259nda\u015flar bura g\u0259lirl\u0259r, deyirik, m\u00fcraci\u0259ti elektron qaydada etm\u0259lisiniz, gedirl\u0259r, m\u00fcraci\u0259t d\u0259 etmirl\u0259r. Ya ba\u015flar\u0131 \u00e7\u0131xm\u0131r, ya da bilmir\u0259m s\u0259b\u0259b n\u0259dir. \u018fg\u0259r ba\u015flar\u0131 \u00e7\u0131xm\u0131rsa, yax\u0131nla\u015fs\u0131nlar qaydalar\u0131 izah ed\u0259k\u201d.\n<\/p>\n<p>\n  Tibbi Sosial Ekspert Komissiyas\u0131n\u0131n is\u0259 Z\u0259rdabda \u015f\u00f6b\u0259si yoxdur. \u018fm\u0259k v\u0259 \u018fhalinin Sosial M\u00fcdafi\u0259 Nazirliyinin m\u0259tbuat xidm\u0259ti g\u00fcn \u0259rzind\u0259 telefonlara cavab verm\u0259yib. Nazirliyin \u00fcmumi \u015f\u00f6b\u0259sind\u0259n is\u0259 bildirilib ki, v\u0259t\u0259nda\u015f m\u00fcraci\u0259t etsin, i\u015fi ara\u015fd\u0131r\u0131ls\u0131n:\n<\/p>\n<p>\n  \u201c\u018fg\u0259r u\u015fa\u011f\u0131n g\u00f6z\u00fcnd\u0259 h\u0259r hans\u0131 bir ir\u0259lil\u0259yi\u015f yoxdursa, pensiya k\u0259sil\u0259 bilm\u0259z. H\u0259r bir halda, m\u00fcraci\u0259t etsinl\u0259r, baxaq. Bizd\u0259 v\u0259t\u0259nda\u015flar\u0131n \u015fikay\u0259tl\u0259ri v\u0259 m\u00fcraci\u0259tl\u0259ri \u015f\u00f6b\u0259si var. \u018fm\u0259kda\u015flar \u0259ll\u0259rind\u0259n g\u0259l\u0259ni ed\u0259rl\u0259r\u201d.<\/p>\n","protected":false},"excerpt":{"rendered":"<p>Bunlar\u0131n ham\u0131s\u0131 puldur v\u0259 o da bizd\u0259 yoxdur.<\/p>\n","protected":false},"author":11,"featured_media":128896,"comment_status":"closed","ping_status":"open","sticky":false,"template":"","format":"standard","meta":{"_acf_changed":false,"_sitemap_exclude":false,"_sitemap_priority":"","_sitemap_frequency":"","footnotes":""},"categories":[60],"tags":[],"class_list":["post-196756","post","type-post","status-publish","format-standard","has-post-thumbnail","hentry","category-bolge","infinite-scroll-item","generate-columns","tablet-grid-50","mobile-grid-100","grid-parent","grid-33","no-featured-image-padding"],"acf":[],"yoast_head":"<!-- This site is optimized with the Yoast SEO plugin v27.5 - https:\/\/yoast.com\/product\/yoast-seo-wordpress\/ -->\n<title>\u201cAz qal\u0131ram gedib yatam Prezident Administrasiyas\u0131n\u0131n qar\u015f\u0131s\u0131nda\u201c - MEYDAN.TV<\/title>\n<meta name=\"robots\" content=\"index, follow, max-snippet:-1, max-image-preview:large, max-video-preview:-1\" \/>\n<link rel=\"canonical\" href=\"https:\/\/www.meydan.tv\/az\/article\/az-qaliram-gedim-yatam-prezident-administrasiyasinin-qarsisinda\/\" \/>\n<meta property=\"og:locale\" content=\"az_AZ\" \/>\n<meta property=\"og:type\" content=\"article\" \/>\n<meta property=\"og:title\" content=\"\u201cAz qal\u0131ram gedib yatam Prezident Administrasiyas\u0131n\u0131n qar\u015f\u0131s\u0131nda\u201c - MEYDAN.TV\" \/>\n<meta property=\"og:description\" content=\"Bunlar\u0131n ham\u0131s\u0131 puldur v\u0259 o da bizd\u0259 yoxdur.\" \/>\n<meta property=\"og:url\" content=\"https:\/\/www.meydan.tv\/az\/article\/az-qaliram-gedim-yatam-prezident-administrasiyasinin-qarsisinda\/\" \/>\n<meta property=\"og:site_name\" content=\"MEYDAN.TV\" \/>\n<meta property=\"article:published_time\" content=\"2019-08-29T14:46:23+00:00\" \/>\n<meta property=\"og:image\" content=\"https:\/\/www.meydan.tv\/wp-content\/uploads\/image_from_ios_5_apnynf0-scaled.jpg\" \/>\n\t<meta property=\"og:image:width\" content=\"2560\" \/>\n\t<meta property=\"og:image:height\" content=\"1920\" \/>\n\t<meta property=\"og:image:type\" content=\"image\/jpeg\" \/>\n<meta name=\"author\" content=\"user-manager\" \/>\n<meta name=\"twitter:card\" content=\"summary_large_image\" \/>\n<script type=\"application\/ld+json\" class=\"yoast-schema-graph\">{\"@context\":\"https:\\\/\\\/schema.org\",\"@graph\":[{\"@type\":\"Article\",\"@id\":\"https:\\\/\\\/www.meydan.tv\\\/az\\\/article\\\/az-qaliram-gedim-yatam-prezident-administrasiyasinin-qarsisinda\\\/#article\",\"isPartOf\":{\"@id\":\"https:\\\/\\\/www.meydan.tv\\\/az\\\/article\\\/az-qaliram-gedim-yatam-prezident-administrasiyasinin-qarsisinda\\\/\"},\"author\":{\"name\":\"user-manager\",\"@id\":\"https:\\\/\\\/www.meydan.tv\\\/az\\\/#\\\/schema\\\/person\\\/10d11eccf6da3662cf5fdab9806ea91a\"},\"headline\":\"\u201cAz qal\u0131ram gedib yatam Prezident Administrasiyas\u0131n\u0131n qar\u015f\u0131s\u0131nda\u201c\",\"datePublished\":\"2019-08-29T14:46:23+00:00\",\"mainEntityOfPage\":{\"@id\":\"https:\\\/\\\/www.meydan.tv\\\/az\\\/article\\\/az-qaliram-gedim-yatam-prezident-administrasiyasinin-qarsisinda\\\/\"},\"wordCount\":1327,\"publisher\":{\"@id\":\"https:\\\/\\\/www.meydan.tv\\\/az\\\/#organization\"},\"image\":{\"@id\":\"https:\\\/\\\/www.meydan.tv\\\/az\\\/article\\\/az-qaliram-gedim-yatam-prezident-administrasiyasinin-qarsisinda\\\/#primaryimage\"},\"thumbnailUrl\":\"https:\\\/\\\/www.meydan.tv\\\/wp-content\\\/uploads\\\/image_from_ios_5_apnynf0-scaled.jpg\",\"articleSection\":[\"B\u00f6lg\u0259\"],\"inLanguage\":\"az\"},{\"@type\":\"WebPage\",\"@id\":\"https:\\\/\\\/www.meydan.tv\\\/az\\\/article\\\/az-qaliram-gedim-yatam-prezident-administrasiyasinin-qarsisinda\\\/\",\"url\":\"https:\\\/\\\/www.meydan.tv\\\/az\\\/article\\\/az-qaliram-gedim-yatam-prezident-administrasiyasinin-qarsisinda\\\/\",\"name\":\"\u201cAz qal\u0131ram gedib yatam Prezident Administrasiyas\u0131n\u0131n qar\u015f\u0131s\u0131nda\u201c - MEYDAN.TV\",\"isPartOf\":{\"@id\":\"https:\\\/\\\/www.meydan.tv\\\/az\\\/#website\"},\"primaryImageOfPage\":{\"@id\":\"https:\\\/\\\/www.meydan.tv\\\/az\\\/article\\\/az-qaliram-gedim-yatam-prezident-administrasiyasinin-qarsisinda\\\/#primaryimage\"},\"image\":{\"@id\":\"https:\\\/\\\/www.meydan.tv\\\/az\\\/article\\\/az-qaliram-gedim-yatam-prezident-administrasiyasinin-qarsisinda\\\/#primaryimage\"},\"thumbnailUrl\":\"https:\\\/\\\/www.meydan.tv\\\/wp-content\\\/uploads\\\/image_from_ios_5_apnynf0-scaled.jpg\",\"datePublished\":\"2019-08-29T14:46:23+00:00\",\"breadcrumb\":{\"@id\":\"https:\\\/\\\/www.meydan.tv\\\/az\\\/article\\\/az-qaliram-gedim-yatam-prezident-administrasiyasinin-qarsisinda\\\/#breadcrumb\"},\"inLanguage\":\"az\",\"potentialAction\":[{\"@type\":\"ReadAction\",\"target\":[\"https:\\\/\\\/www.meydan.tv\\\/az\\\/article\\\/az-qaliram-gedim-yatam-prezident-administrasiyasinin-qarsisinda\\\/\"]}]},{\"@type\":\"ImageObject\",\"inLanguage\":\"az\",\"@id\":\"https:\\\/\\\/www.meydan.tv\\\/az\\\/article\\\/az-qaliram-gedim-yatam-prezident-administrasiyasinin-qarsisinda\\\/#primaryimage\",\"url\":\"https:\\\/\\\/www.meydan.tv\\\/wp-content\\\/uploads\\\/image_from_ios_5_apnynf0-scaled.jpg\",\"contentUrl\":\"https:\\\/\\\/www.meydan.tv\\\/wp-content\\\/uploads\\\/image_from_ios_5_apnynf0-scaled.jpg\",\"width\":2560,\"height\":1920,\"caption\":\"Source: Specify Source\"},{\"@type\":\"BreadcrumbList\",\"@id\":\"https:\\\/\\\/www.meydan.tv\\\/az\\\/article\\\/az-qaliram-gedim-yatam-prezident-administrasiyasinin-qarsisinda\\\/#breadcrumb\",\"itemListElement\":[{\"@type\":\"ListItem\",\"position\":1,\"name\":\"Ana s\u0259hif\u0259\",\"item\":\"https:\\\/\\\/www.meydan.tv\\\/az\\\/\"},{\"@type\":\"ListItem\",\"position\":2,\"name\":\"B\u00f6lg\u0259\",\"item\":\"https:\\\/\\\/www.meydan.tv\\\/az\\\/section\\\/bolge\\\/\"},{\"@type\":\"ListItem\",\"position\":3,\"name\":\"\u201cAz qal\u0131ram gedib yatam Prezident Administrasiyas\u0131n\u0131n qar\u015f\u0131s\u0131nda\u201c\"}]},{\"@type\":\"WebSite\",\"@id\":\"https:\\\/\\\/www.meydan.tv\\\/az\\\/#website\",\"url\":\"https:\\\/\\\/www.meydan.tv\\\/az\\\/\",\"name\":\"MEYDAN.TV\",\"description\":\"Meydan TV Az\u0259rbaycan\u0131n media m\u0259kan\u0131ndak\u0131 alternativ s\u0259sidir\",\"publisher\":{\"@id\":\"https:\\\/\\\/www.meydan.tv\\\/az\\\/#organization\"},\"potentialAction\":[{\"@type\":\"SearchAction\",\"target\":{\"@type\":\"EntryPoint\",\"urlTemplate\":\"https:\\\/\\\/www.meydan.tv\\\/az\\\/?s={search_term_string}\"},\"query-input\":{\"@type\":\"PropertyValueSpecification\",\"valueRequired\":true,\"valueName\":\"search_term_string\"}}],\"inLanguage\":\"az\"},{\"@type\":\"Organization\",\"@id\":\"https:\\\/\\\/www.meydan.tv\\\/az\\\/#organization\",\"name\":\"Meydan TV\",\"url\":\"https:\\\/\\\/www.meydan.tv\\\/az\\\/\",\"logo\":{\"@type\":\"ImageObject\",\"inLanguage\":\"az\",\"@id\":\"https:\\\/\\\/www.meydan.tv\\\/az\\\/#\\\/schema\\\/logo\\\/image\\\/\",\"url\":\"https:\\\/\\\/www.meydan.tv\\\/wp-content\\\/uploads\\\/2021\\\/07\\\/meydan-logo.svg\",\"contentUrl\":\"https:\\\/\\\/www.meydan.tv\\\/wp-content\\\/uploads\\\/2021\\\/07\\\/meydan-logo.svg\",\"width\":195,\"height\":46,\"caption\":\"Meydan TV\"},\"image\":{\"@id\":\"https:\\\/\\\/www.meydan.tv\\\/az\\\/#\\\/schema\\\/logo\\\/image\\\/\"}},{\"@type\":\"Person\",\"@id\":\"https:\\\/\\\/www.meydan.tv\\\/az\\\/#\\\/schema\\\/person\\\/10d11eccf6da3662cf5fdab9806ea91a\",\"name\":\"user-manager\"}]}<\/script>\n<!-- \/ Yoast SEO plugin. -->","yoast_head_json":{"title":"\u201cAz qal\u0131ram gedib yatam Prezident Administrasiyas\u0131n\u0131n qar\u015f\u0131s\u0131nda\u201c - MEYDAN.TV","robots":{"index":"index","follow":"follow","max-snippet":"max-snippet:-1","max-image-preview":"max-image-preview:large","max-video-preview":"max-video-preview:-1"},"canonical":"https:\/\/www.meydan.tv\/az\/article\/az-qaliram-gedim-yatam-prezident-administrasiyasinin-qarsisinda\/","og_locale":"az_AZ","og_type":"article","og_title":"\u201cAz qal\u0131ram gedib yatam Prezident Administrasiyas\u0131n\u0131n qar\u015f\u0131s\u0131nda\u201c - MEYDAN.TV","og_description":"Bunlar\u0131n ham\u0131s\u0131 puldur v\u0259 o da bizd\u0259 yoxdur.","og_url":"https:\/\/www.meydan.tv\/az\/article\/az-qaliram-gedim-yatam-prezident-administrasiyasinin-qarsisinda\/","og_site_name":"MEYDAN.TV","article_published_time":"2019-08-29T14:46:23+00:00","og_image":[{"width":2560,"height":1920,"url":"https:\/\/www.meydan.tv\/wp-content\/uploads\/image_from_ios_5_apnynf0-scaled.jpg","type":"image\/jpeg"}],"author":"user-manager","twitter_card":"summary_large_image","schema":{"@context":"https:\/\/schema.org","@graph":[{"@type":"Article","@id":"https:\/\/www.meydan.tv\/az\/article\/az-qaliram-gedim-yatam-prezident-administrasiyasinin-qarsisinda\/#article","isPartOf":{"@id":"https:\/\/www.meydan.tv\/az\/article\/az-qaliram-gedim-yatam-prezident-administrasiyasinin-qarsisinda\/"},"author":{"name":"user-manager","@id":"https:\/\/www.meydan.tv\/az\/#\/schema\/person\/10d11eccf6da3662cf5fdab9806ea91a"},"headline":"\u201cAz qal\u0131ram gedib yatam Prezident Administrasiyas\u0131n\u0131n qar\u015f\u0131s\u0131nda\u201c","datePublished":"2019-08-29T14:46:23+00:00","mainEntityOfPage":{"@id":"https:\/\/www.meydan.tv\/az\/article\/az-qaliram-gedim-yatam-prezident-administrasiyasinin-qarsisinda\/"},"wordCount":1327,"publisher":{"@id":"https:\/\/www.meydan.tv\/az\/#organization"},"image":{"@id":"https:\/\/www.meydan.tv\/az\/article\/az-qaliram-gedim-yatam-prezident-administrasiyasinin-qarsisinda\/#primaryimage"},"thumbnailUrl":"https:\/\/www.meydan.tv\/wp-content\/uploads\/image_from_ios_5_apnynf0-scaled.jpg","articleSection":["B\u00f6lg\u0259"],"inLanguage":"az"},{"@type":"WebPage","@id":"https:\/\/www.meydan.tv\/az\/article\/az-qaliram-gedim-yatam-prezident-administrasiyasinin-qarsisinda\/","url":"https:\/\/www.meydan.tv\/az\/article\/az-qaliram-gedim-yatam-prezident-administrasiyasinin-qarsisinda\/","name":"\u201cAz qal\u0131ram gedib yatam Prezident Administrasiyas\u0131n\u0131n qar\u015f\u0131s\u0131nda\u201c - MEYDAN.TV","isPartOf":{"@id":"https:\/\/www.meydan.tv\/az\/#website"},"primaryImageOfPage":{"@id":"https:\/\/www.meydan.tv\/az\/article\/az-qaliram-gedim-yatam-prezident-administrasiyasinin-qarsisinda\/#primaryimage"},"image":{"@id":"https:\/\/www.meydan.tv\/az\/article\/az-qaliram-gedim-yatam-prezident-administrasiyasinin-qarsisinda\/#primaryimage"},"thumbnailUrl":"https:\/\/www.meydan.tv\/wp-content\/uploads\/image_from_ios_5_apnynf0-scaled.jpg","datePublished":"2019-08-29T14:46:23+00:00","breadcrumb":{"@id":"https:\/\/www.meydan.tv\/az\/article\/az-qaliram-gedim-yatam-prezident-administrasiyasinin-qarsisinda\/#breadcrumb"},"inLanguage":"az","potentialAction":[{"@type":"ReadAction","target":["https:\/\/www.meydan.tv\/az\/article\/az-qaliram-gedim-yatam-prezident-administrasiyasinin-qarsisinda\/"]}]},{"@type":"ImageObject","inLanguage":"az","@id":"https:\/\/www.meydan.tv\/az\/article\/az-qaliram-gedim-yatam-prezident-administrasiyasinin-qarsisinda\/#primaryimage","url":"https:\/\/www.meydan.tv\/wp-content\/uploads\/image_from_ios_5_apnynf0-scaled.jpg","contentUrl":"https:\/\/www.meydan.tv\/wp-content\/uploads\/image_from_ios_5_apnynf0-scaled.jpg","width":2560,"height":1920,"caption":"Source: Specify Source"},{"@type":"BreadcrumbList","@id":"https:\/\/www.meydan.tv\/az\/article\/az-qaliram-gedim-yatam-prezident-administrasiyasinin-qarsisinda\/#breadcrumb","itemListElement":[{"@type":"ListItem","position":1,"name":"Ana s\u0259hif\u0259","item":"https:\/\/www.meydan.tv\/az\/"},{"@type":"ListItem","position":2,"name":"B\u00f6lg\u0259","item":"https:\/\/www.meydan.tv\/az\/section\/bolge\/"},{"@type":"ListItem","position":3,"name":"\u201cAz qal\u0131ram gedib yatam Prezident Administrasiyas\u0131n\u0131n qar\u015f\u0131s\u0131nda\u201c"}]},{"@type":"WebSite","@id":"https:\/\/www.meydan.tv\/az\/#website","url":"https:\/\/www.meydan.tv\/az\/","name":"MEYDAN.TV","description":"Meydan TV Az\u0259rbaycan\u0131n media m\u0259kan\u0131ndak\u0131 alternativ s\u0259sidir","publisher":{"@id":"https:\/\/www.meydan.tv\/az\/#organization"},"potentialAction":[{"@type":"SearchAction","target":{"@type":"EntryPoint","urlTemplate":"https:\/\/www.meydan.tv\/az\/?s={search_term_string}"},"query-input":{"@type":"PropertyValueSpecification","valueRequired":true,"valueName":"search_term_string"}}],"inLanguage":"az"},{"@type":"Organization","@id":"https:\/\/www.meydan.tv\/az\/#organization","name":"Meydan TV","url":"https:\/\/www.meydan.tv\/az\/","logo":{"@type":"ImageObject","inLanguage":"az","@id":"https:\/\/www.meydan.tv\/az\/#\/schema\/logo\/image\/","url":"https:\/\/www.meydan.tv\/wp-content\/uploads\/2021\/07\/meydan-logo.svg","contentUrl":"https:\/\/www.meydan.tv\/wp-content\/uploads\/2021\/07\/meydan-logo.svg","width":195,"height":46,"caption":"Meydan TV"},"image":{"@id":"https:\/\/www.meydan.tv\/az\/#\/schema\/logo\/image\/"}},{"@type":"Person","@id":"https:\/\/www.meydan.tv\/az\/#\/schema\/person\/10d11eccf6da3662cf5fdab9806ea91a","name":"user-manager"}]}},"_links":{"self":[{"href":"https:\/\/www.meydan.tv\/az\/wp-json\/wp\/v2\/posts\/196756","targetHints":{"allow":["GET"]}}],"collection":[{"href":"https:\/\/www.meydan.tv\/az\/wp-json\/wp\/v2\/posts"}],"about":[{"href":"https:\/\/www.meydan.tv\/az\/wp-json\/wp\/v2\/types\/post"}],"author":[{"embeddable":true,"href":"https:\/\/www.meydan.tv\/az\/wp-json\/wp\/v2\/users\/11"}],"replies":[{"embeddable":true,"href":"https:\/\/www.meydan.tv\/az\/wp-json\/wp\/v2\/comments?post=196756"}],"version-history":[{"count":0,"href":"https:\/\/www.meydan.tv\/az\/wp-json\/wp\/v2\/posts\/196756\/revisions"}],"wp:featuredmedia":[{"embeddable":true,"href":"https:\/\/www.meydan.tv\/az\/wp-json\/wp\/v2\/media\/128896"}],"wp:attachment":[{"href":"https:\/\/www.meydan.tv\/az\/wp-json\/wp\/v2\/media?parent=196756"}],"wp:term":[{"taxonomy":"category","embeddable":true,"href":"https:\/\/www.meydan.tv\/az\/wp-json\/wp\/v2\/categories?post=196756"},{"taxonomy":"post_tag","embeddable":true,"href":"https:\/\/www.meydan.tv\/az\/wp-json\/wp\/v2\/tags?post=196756"}],"curies":[{"name":"wp","href":"https:\/\/api.w.org\/{rel}","templated":true}]}}