{"id":196751,"date":"2019-08-28T15:12:47","date_gmt":"2019-08-28T15:12:47","guid":{"rendered":"https:\/\/www.meydan.tv\/article\/masanin-altinda-yatan-aile\/"},"modified":"2019-08-28T15:12:47","modified_gmt":"2019-08-28T15:12:47","slug":"masanin-altinda-yatan-aile","status":"publish","type":"post","link":"https:\/\/www.meydan.tv\/az\/article\/masanin-altinda-yatan-aile\/","title":{"rendered":"Masan\u0131n alt\u0131nda yatan ail\u0259"},"content":{"rendered":"<p>\n  <i><br \/>\n    \u0130cra Hakimiyy\u0259ti: \u201cEvi q\u0259zal\u0131 olan v\u0259t\u0259nda\u015f \u00f6z\u00fc-\u00f6z ba\u015f\u0131na bir \u00e7ar\u0259 tapmal\u0131d\u0131r\u201d<br \/>\n  <\/i>\n<\/p>\n<p>\n  G\u00f6y\u00e7ay\u0131n 20 Yanvar k\u00fc\u00e7\u0259sind\u0259ki 28 sayl\u0131 m\u0259nzild\u0259 ya\u015fayan Qas\u0131movlar ail\u0259sinin problemi var. Onlar yegan\u0259 \u00f6vladlar\u0131n\u0131n x\u0259st\u0259likd\u0259n \u0259ziyy\u0259t \u00e7\u0259kdiyini, m\u00fcalic\u0259 etdir\u0259 bilm\u0259dikl\u0259rini deyirl\u0259r. Ata Mehman Qas\u0131mov he\u00e7 yerd\u0259 i\u015fl\u0259mir v\u0259 g\u00f6zd\u0259n \u0259lilliyi var. Buna g\u00f6r\u0259 d\u0259 ehtiyaclar\u0131 qar\u015f\u0131lamaqda \u0259ziyy\u0259t \u00e7\u0259kir. Bir t\u0259r\u0259fd\u0259n d\u0259 ya\u015fad\u0131qlar\u0131 ev q\u0259zal\u0131 durumdad\u0131r. Ail\u0259 onun da bir \u00e7ar\u0259sini tapa bilmir.\n<\/p>\n<p>\n  <i><br \/>\n    \u201cBirc\u0259 o\u011flumuz var, m\u0259kt\u0259b\u0259 g\u00f6nd\u0259r\u0259 bilmirik\u201d<br \/>\n  <\/i>\n<\/p>\n<p>\n  \u201cG\u00f6z\u00fcm\u00fcz\u00fcn a\u011f\u0131-qaras\u0131 birc\u0259 o\u011flumuz var, Ayd\u0131n. 6-c\u0131 sinifd\u0259 oxumal\u0131d\u0131r, 3 ildir m\u0259kt\u0259b\u0259 g\u00f6nd\u0259r\u0259 bilmirik. Skaliozdur, beli t\u0259miz \u0259yilib. Bu il bir az pul tap\u0131b, masaja aparm\u0131\u015f\u0131q. H\u0259kim \u00fcz\u00fc g\u00f6rm\u0259yib bu u\u015faq. Biz d\u0259 ist\u0259y\u0259rik normal m\u00fcalic\u0259 etdir\u0259k v\u0259 m\u0259kt\u0259b\u0259 getsin. Vaxt\u0131n\u0131n \u00e7oxu yataqda ke\u00e7ir. Evd\u0259 normal bir \u015f\u0259raitimiz d\u0259 yoxdur ki, m\u00fc\u0259llim g\u0259lib, d\u0259rs ke\u00e7sin\u201d, &#8211; 59 ya\u015fl\u0131 Mehman Qas\u0131movun s\u00f6zl\u0259ridir.\n<\/p>\n<p>\n  <i><br \/>\n    \u201cB\u00fct\u00fcn g\u00fcn\u00fc qorxumuzdan eyvanda otururuq\u201d<br \/>\n  <\/i>\n<\/p>\n<p>\n  Evin xan\u0131m\u0131, 50 ya\u015fl\u0131 R\u00fcbab\u0259 Manafova da ya\u015fay\u0131\u015f\u0131ndan, \u015f\u0259raitind\u0259n \u015fikay\u0259t\u00e7idir. Deyir, evl\u0259rin\u0259 h\u0259yat yolda\u015f\u0131 Mehman Qas\u0131movun \u0259lillik m\u00fcavin\u0259tind\u0259n ba\u015fqa pul g\u0259lmir. Onunla da h\u0259m yolda\u015f\u0131n\u0131n, h\u0259m d\u0259 o\u011flunun m\u00fcalic\u0259 olunmas\u0131 m\u00fcmk\u00fcn deyil. \u00dcst\u0259lik, ev \u015f\u0259raitl\u0259ri d\u0259 yax\u015f\u0131 deyil. Onu t\u0259mir ed\u0259c\u0259k imkanlar\u0131 da yoxdur:\n<\/p>\n<figure class=\"wp-block-image size-large\">\n  <img decoding=\"async\" src=\"https:\/\/www.meydan.tv\/az\/image_from_ios-5-jpg-34\/\" alt=\"image_from_ios (5).jpg\" class=\"wp-image-128809\"\/><figcaption>\n    Mehman Qas\u0131mov<br \/>\n  <\/figcaption><\/figure>\n<p>\n  \u201cEvimiz ba\u015f\u0131m\u0131za u\u00e7ur. O q\u0259d\u0259r pis g\u00fcnd\u0259dir ki, b\u00fct\u00fcn g\u00fcn\u00fc qorxumuzdan eyvanda otururuq. M\u0259tb\u0259xin v\u0259 yataq ota\u011f\u0131n\u0131n qap\u0131s\u0131n\u0131 is\u0259 az qala bir ildir ba\u011flam\u0131\u015f\u0131q. \u00c7\u00fcnki orada n\u0259 heyvan ist\u0259s\u0259n var. \u0130lan, k\u0259rt\u0259nk\u0259l\u0259, k\u0259s\u0259y\u0259n doludur. H\u0259l\u0259 evin ba\u015f\u0131nda bir b\u00f6y\u00fck, xall\u0131 k\u0259rt\u0259nk\u0259l\u0259 n\u00f6v\u00fc var ki&#8230; \u018fn qorxdu\u011fum odur. Tavan de\u015filir, t\u00f6k\u00fcl\u00fcrl\u0259r evin i\u00e7in\u0259. Gec\u0259ni s\u0259h\u0259r\u0259c\u0259n yata bilmir\u0259m ki, girib biz\u0259 n\u0259s\u0259 ed\u0259r. Onsuz da istid\u0259n, b\u00fcrk\u00fcd\u0259n yatmaq olmur\u201d.\n<\/p>\n<p>\n  <i><br \/>\n    \u201c\u0130stinin g\u00fcn\u00fcnd\u0259 p\u0259nc\u0259r\u0259ni, qap\u0131n\u0131 a\u00e7a bilmirik\u201d<br \/>\n  <\/i>\n<\/p>\n<p>\n  R\u00fcbab\u0259 Manafova o\u011flu il\u0259 b\u0259rab\u0259r masan\u0131n alt\u0131nda yat\u0131r ki, bird\u0259n gec\u0259 il\u0259 ev u\u00e7sa, he\u00e7 olmasa, ba\u015flar\u0131na n\u0259s\u0259 olmas\u0131n:\n<\/p>\n<p>\n  \u201cBu istinin g\u00fcn\u00fcnd\u0259 p\u0259nc\u0259r\u0259ni, qap\u0131n\u0131 a\u00e7a bilmirik. Bu azm\u0131\u015f kimi masan\u0131n alt\u0131nda yatmaq lap i\u015fg\u0259nc\u0259dir. \u0130mkan\u0131m\u0131z da yoxdur ki, n\u0259s\u0259 \u0259l g\u0259zdir\u0259k. G\u00fcc-b\u0259la il\u0259 yolda\u015f\u0131m\u0131 \u0259m\u0259liyyat etdirdik. Yen\u0259 d\u0259 yax\u015f\u0131 g\u00f6rm\u00fcr, \u0259lildi, i\u015fl\u0259m\u0259k qabiliyy\u0259ti yoxdur. \u00d6z\u00fcm d\u0259 ki, nevroloji x\u0259st\u0259likd\u0259n \u0259ziyy\u0259t \u00e7\u0259kir\u0259m. Onlar\u0131n x\u0259st\u0259liyi \u00f6z d\u0259rdimi unutdurub\u201d.\n<\/p>\n<figure class=\"wp-block-image size-large\">\n  <img decoding=\"async\" src=\"https:\/\/www.meydan.tv\/az\/image_from_ios-11-jpg-5\/\" alt=\"image_from_ios (11).jpg\" class=\"wp-image-128824\"\/><figcaption>\n    R\u00fcbab\u0259 Manafova deyir ki, ev\u0259 qonaq g\u0259l\u0259nd\u0259 \u015f\u0259raitsizlikd\u0259n utan\u0131r<br \/>\n  <\/figcaption><\/figure>\n<p>\n  <i><br \/>\n    \u201c110 manatla ail\u0259 dolanar?\u201d<br \/>\n  <\/i>\n<\/p>\n<p>\n  \u201c50 ilin evidir, t\u00f6k\u00fcl\u00fcr. \u0130mkan yox, he\u00e7 yerd\u0259 i\u015fl\u0259mir\u0259m, bir q\u0259pik alm\u0131ram. \u018flilliy\u0259 g\u00f6r\u0259 c\u0259mi 110 manat t\u0259qa\u00fcd k\u00f6\u00e7\u00fcr. Onu da bilmir\u0259m n\u0259y\u0259 x\u0259rcl\u0259y\u0259m. 110 manatla ail\u0259 dolanar? \u0130cra Hakimiyy\u0259tin\u0259 getdim ki, evim q\u0259zal\u0131d\u0131r. G\u0259ldil\u0259r, \u015f\u0259klini \u00e7\u0259kib getdil\u0259r. Bir s\u0259s-soraq \u00e7\u0131xmad\u0131. \u0130nan\u0131n, \u00e7\u00f6r\u0259k alma\u011fa pulumuz yoxdu. Biz nec\u0259 ev tik\u0259k?\u201d- evin ki\u015fisi dan\u0131\u015f\u0131r.\n<\/p>\n<p>\n  <i><br \/>\n    \u201cX\u0259st\u0259likl\u0259r, pulsuzluq, imkans\u0131zl\u0131q, \u00e7ox \u00e7ar\u0259siz\u0259m\u201d<br \/>\n  <\/i>\n<\/p>\n<p>\n  R\u00fcbab\u0259 Manafova h\u0259l\u0259 d\u0259 anlam\u0131\u015f deyil ki, Allah niy\u0259 ona bel\u0259 bir \u015f\u0259rait, h\u0259yat qism\u0259t edib:\n<\/p>\n<p>\n  \u201cS\u0259h\u0259rd\u0259n oturub eyvanda a\u011flay\u0131ram. Yolda\u015f\u0131m\u0131n g\u00f6z\u00fc, o\u011flumun beli, m\u0259nim d\u0259 ba\u015f\u0131m. \u00c7ox \u00e7ar\u0259siz\u0259m. \u0130\u015f yox, g\u00fcc yox, pul yox. Vallah, b\u0259lk\u0259 d\u0259 bu \u00f6lk\u0259d\u0259 \u0259n pis ya\u015fayan ail\u0259 bizik. \u00d6l\u00fcr\u00fck ac\u0131ndan. \u00d6z\u00fcm d\u0259 yetim q\u0131z olmu\u015fam. Kims\u0259m yoxdur ki, \u0259limd\u0259n tutsun. Cehizim d\u0259 ki, bir sand\u0131qd\u0131r, v\u0259ss\u0259lam. O da qal\u0131b u\u00e7ub-t\u00f6k\u00fclm\u00fc\u015f otaqda\u201d.\n<\/p>\n<figure class=\"wp-block-image size-large\">\n  <img decoding=\"async\" src=\"https:\/\/www.meydan.tv\/az\/image_from_ios-16-jpg-2\/\" alt=\"image_from_ios (16).jpg\" class=\"wp-image-128839\"\/><figcaption>\n    Ail\u0259nin maddi imkan\u0131 olmad\u0131\u011f\u0131ndan \u00f6zl\u0259rin\u0259 ev tik\u0259 bilmir<br \/>\n  <\/figcaption><\/figure>\n<p>\n  <i><br \/>\n    \u201cEvi q\u0259zal\u0131 olan v\u0259t\u0259nda\u015f \u00f6z\u00fc-\u00f6z ba\u015f\u0131na bir \u00e7ar\u0259 tapmal\u0131d\u0131r\u201d<br \/>\n  <\/i>\n<\/p>\n<p>\n  Meydan TV m\u0259s\u0259l\u0259y\u0259 m\u00fcnasib\u0259t \u00f6yr\u0259nm\u0259k \u00fc\u00e7\u00fcn G\u00f6y\u00e7ay Rayon \u0130cra Hakimiyy\u0259ti il\u0259 \u0259laq\u0259 saxlay\u0131b. \u0130cra hakimiyy\u0259tind\u0259n bildiribl\u0259r ki, bu g\u00fcn rayonda, k\u0259ndl\u0259rd\u0259 o q\u0259d\u0259r evi q\u0259zal\u0131 olan, onlara \u015fikay\u0259t ed\u0259n var ki. Ancaq onlar\u0131n ham\u0131ya bir-bir ev tikm\u0259k imkanlar\u0131 yoxdur:\n<\/p>\n<p>\n  \u201cHarda g\u00f6r\u00fcl\u00fcb ki, icra hakimiyy\u0259ti v\u0259t\u0259nda\u015fa f\u0259rdi ev tiksin? Bizim bel\u0259 bir b\u00fcdc\u0259miz yoxdur ax\u0131. Evi q\u0259zal\u0131 olan v\u0259t\u0259nda\u015f \u00f6z\u00fc-\u00f6z ba\u015f\u0131na bir \u00e7ar\u0259 tapmal\u0131d\u0131r\u201d.\n<\/p>\n<figure class=\"wp-block-image size-large\">\n  <img decoding=\"async\" src=\"https:\/\/www.meydan.tv\/az\/image_from_ios-9-jpg-10\/\" alt=\"image_from_ios (9).jpg\" class=\"wp-image-128818\"\/><figcaption>\n    Ail\u0259 yataq ota\u011f\u0131n\u0131n qap\u0131s\u0131n\u0131 \u00e7oxdan ba\u011flay\u0131b<br \/>\n  <\/figcaption><\/figure>\n<figure class=\"wp-block-image size-large\">\n  <img decoding=\"async\" src=\"https:\/\/www.meydan.tv\/az\/image_from_ios_8_etdpzow\/\" alt=\"image_from_ios_8_etdpzow\" class=\"wp-image-128812\"\/><figcaption>\n    R\u00fcbab\u0259 Manafova deyir ki, tavan aralan\u0131r i\u00e7\u0259ri k\u0259rt\u0259nk\u0259l\u0259, ilan girir<br \/>\n  <\/figcaption><\/figure>\n<figure class=\"wp-block-image size-large\">\n  <img decoding=\"async\" src=\"https:\/\/www.meydan.tv\/az\/image_from_ios-13-jpg-3\/\" alt=\"image_from_ios (13).jpg\" class=\"wp-image-128830\"\/><figcaption>\n    Ana v\u0259 bala masan\u0131n alt\u0131nda yat\u0131rlar ki, bird\u0259n ev u\u00e7ar, ba\u015flar\u0131na t\u00f6k\u00fclm\u0259sin<br \/>\n  <\/figcaption><\/figure>\n<figure class=\"wp-block-image size-large\">\n  <img decoding=\"async\" src=\"https:\/\/www.meydan.tv\/az\/image_from_ios-10-jpg-3\/\" alt=\"image_from_ios (10).jpg\" class=\"wp-image-128821\"\/><figcaption>\n    M\u0259tb\u0259x yarars\u0131z v\u0259ziyy\u0259t\u0259 d\u00fc\u015f\u00fcb<br \/>\n  <\/figcaption><\/figure>\n<figure class=\"wp-block-image size-large\">\n  <img decoding=\"async\" src=\"https:\/\/www.meydan.tv\/az\/image_from_ios-6-jpg-29\/\" alt=\"image_from_ios (6).jpg\" class=\"wp-image-128806\"\/><figcaption>\n    Ail\u0259 evl\u0259rinin atalar\u0131ndan qald\u0131\u011f\u0131n\u0131, ya\u015fama\u011fa yarars\u0131z oldu\u011funu deyir<br \/>\n  <\/figcaption><\/figure>\n<figure class=\"wp-block-image size-large\">\n  <img decoding=\"async\" src=\"https:\/\/www.meydan.tv\/az\/image_from_ios-15-jpg-3\/\" alt=\"image_from_ios (15).jpg\" class=\"wp-image-128836\"\/><figcaption>\n    Ail\u0259nin maddi imkan\u0131 olmad\u0131\u011f\u0131ndan \u00f6zl\u0259rin\u0259 ev tik\u0259 bilmir<br \/>\n  <\/figcaption><\/figure>\n","protected":false},"excerpt":{"rendered":"<p>\u201cB\u00fct\u00fcn g\u00fcn\u00fc qorxumuzdan eyvanda otururuq\u201d<\/p>\n","protected":false},"author":11,"featured_media":128818,"comment_status":"closed","ping_status":"open","sticky":false,"template":"","format":"standard","meta":{"_acf_changed":false,"_sitemap_exclude":false,"_sitemap_priority":"","_sitemap_frequency":"","footnotes":""},"categories":[60],"tags":[],"class_list":["post-196751","post","type-post","status-publish","format-standard","has-post-thumbnail","hentry","category-bolge","infinite-scroll-item","generate-columns","tablet-grid-50","mobile-grid-100","grid-parent","grid-33","no-featured-image-padding"],"acf":[],"yoast_head":"<!-- This site is optimized with the Yoast SEO plugin v27.5 - https:\/\/yoast.com\/product\/yoast-seo-wordpress\/ -->\n<title>Masan\u0131n alt\u0131nda yatan ail\u0259 - MEYDAN.TV<\/title>\n<meta name=\"robots\" content=\"index, follow, max-snippet:-1, max-image-preview:large, max-video-preview:-1\" \/>\n<link rel=\"canonical\" href=\"https:\/\/www.meydan.tv\/az\/article\/masanin-altinda-yatan-aile\/\" \/>\n<meta property=\"og:locale\" content=\"az_AZ\" \/>\n<meta property=\"og:type\" content=\"article\" \/>\n<meta property=\"og:title\" content=\"Masan\u0131n alt\u0131nda yatan ail\u0259 - MEYDAN.TV\" \/>\n<meta property=\"og:description\" content=\"\u201cB\u00fct\u00fcn g\u00fcn\u00fc qorxumuzdan eyvanda otururuq\u201d\" \/>\n<meta property=\"og:url\" content=\"https:\/\/www.meydan.tv\/az\/article\/masanin-altinda-yatan-aile\/\" \/>\n<meta property=\"og:site_name\" content=\"MEYDAN.TV\" \/>\n<meta property=\"article:published_time\" content=\"2019-08-28T15:12:47+00:00\" \/>\n<meta property=\"og:image\" content=\"https:\/\/www.meydan.tv\/wp-content\/uploads\/image_from_ios_9_djldk9z-scaled.jpg\" \/>\n\t<meta property=\"og:image:width\" content=\"2560\" \/>\n\t<meta property=\"og:image:height\" content=\"1920\" \/>\n\t<meta property=\"og:image:type\" content=\"image\/jpeg\" \/>\n<meta name=\"author\" content=\"user-manager\" \/>\n<meta name=\"twitter:card\" content=\"summary_large_image\" \/>\n<script type=\"application\/ld+json\" class=\"yoast-schema-graph\">{\"@context\":\"https:\\\/\\\/schema.org\",\"@graph\":[{\"@type\":\"Article\",\"@id\":\"https:\\\/\\\/www.meydan.tv\\\/az\\\/article\\\/masanin-altinda-yatan-aile\\\/#article\",\"isPartOf\":{\"@id\":\"https:\\\/\\\/www.meydan.tv\\\/az\\\/article\\\/masanin-altinda-yatan-aile\\\/\"},\"author\":{\"name\":\"user-manager\",\"@id\":\"https:\\\/\\\/www.meydan.tv\\\/az\\\/#\\\/schema\\\/person\\\/10d11eccf6da3662cf5fdab9806ea91a\"},\"headline\":\"Masan\u0131n alt\u0131nda yatan ail\u0259\",\"datePublished\":\"2019-08-28T15:12:47+00:00\",\"mainEntityOfPage\":{\"@id\":\"https:\\\/\\\/www.meydan.tv\\\/az\\\/article\\\/masanin-altinda-yatan-aile\\\/\"},\"wordCount\":987,\"publisher\":{\"@id\":\"https:\\\/\\\/www.meydan.tv\\\/az\\\/#organization\"},\"image\":{\"@id\":\"https:\\\/\\\/www.meydan.tv\\\/az\\\/article\\\/masanin-altinda-yatan-aile\\\/#primaryimage\"},\"thumbnailUrl\":\"https:\\\/\\\/www.meydan.tv\\\/wp-content\\\/uploads\\\/image_from_ios_9_djldk9z-scaled.jpg\",\"articleSection\":[\"B\u00f6lg\u0259\"],\"inLanguage\":\"az\"},{\"@type\":\"WebPage\",\"@id\":\"https:\\\/\\\/www.meydan.tv\\\/az\\\/article\\\/masanin-altinda-yatan-aile\\\/\",\"url\":\"https:\\\/\\\/www.meydan.tv\\\/az\\\/article\\\/masanin-altinda-yatan-aile\\\/\",\"name\":\"Masan\u0131n alt\u0131nda yatan ail\u0259 - MEYDAN.TV\",\"isPartOf\":{\"@id\":\"https:\\\/\\\/www.meydan.tv\\\/az\\\/#website\"},\"primaryImageOfPage\":{\"@id\":\"https:\\\/\\\/www.meydan.tv\\\/az\\\/article\\\/masanin-altinda-yatan-aile\\\/#primaryimage\"},\"image\":{\"@id\":\"https:\\\/\\\/www.meydan.tv\\\/az\\\/article\\\/masanin-altinda-yatan-aile\\\/#primaryimage\"},\"thumbnailUrl\":\"https:\\\/\\\/www.meydan.tv\\\/wp-content\\\/uploads\\\/image_from_ios_9_djldk9z-scaled.jpg\",\"datePublished\":\"2019-08-28T15:12:47+00:00\",\"breadcrumb\":{\"@id\":\"https:\\\/\\\/www.meydan.tv\\\/az\\\/article\\\/masanin-altinda-yatan-aile\\\/#breadcrumb\"},\"inLanguage\":\"az\",\"potentialAction\":[{\"@type\":\"ReadAction\",\"target\":[\"https:\\\/\\\/www.meydan.tv\\\/az\\\/article\\\/masanin-altinda-yatan-aile\\\/\"]}]},{\"@type\":\"ImageObject\",\"inLanguage\":\"az\",\"@id\":\"https:\\\/\\\/www.meydan.tv\\\/az\\\/article\\\/masanin-altinda-yatan-aile\\\/#primaryimage\",\"url\":\"https:\\\/\\\/www.meydan.tv\\\/wp-content\\\/uploads\\\/image_from_ios_9_djldk9z-scaled.jpg\",\"contentUrl\":\"https:\\\/\\\/www.meydan.tv\\\/wp-content\\\/uploads\\\/image_from_ios_9_djldk9z-scaled.jpg\",\"width\":2560,\"height\":1920,\"caption\":\"Source: Specify Source\"},{\"@type\":\"BreadcrumbList\",\"@id\":\"https:\\\/\\\/www.meydan.tv\\\/az\\\/article\\\/masanin-altinda-yatan-aile\\\/#breadcrumb\",\"itemListElement\":[{\"@type\":\"ListItem\",\"position\":1,\"name\":\"Ana s\u0259hif\u0259\",\"item\":\"https:\\\/\\\/www.meydan.tv\\\/az\\\/\"},{\"@type\":\"ListItem\",\"position\":2,\"name\":\"B\u00f6lg\u0259\",\"item\":\"https:\\\/\\\/www.meydan.tv\\\/az\\\/section\\\/bolge\\\/\"},{\"@type\":\"ListItem\",\"position\":3,\"name\":\"Masan\u0131n alt\u0131nda yatan ail\u0259\"}]},{\"@type\":\"WebSite\",\"@id\":\"https:\\\/\\\/www.meydan.tv\\\/az\\\/#website\",\"url\":\"https:\\\/\\\/www.meydan.tv\\\/az\\\/\",\"name\":\"MEYDAN.TV\",\"description\":\"Meydan TV Az\u0259rbaycan\u0131n media m\u0259kan\u0131ndak\u0131 alternativ s\u0259sidir\",\"publisher\":{\"@id\":\"https:\\\/\\\/www.meydan.tv\\\/az\\\/#organization\"},\"potentialAction\":[{\"@type\":\"SearchAction\",\"target\":{\"@type\":\"EntryPoint\",\"urlTemplate\":\"https:\\\/\\\/www.meydan.tv\\\/az\\\/?s={search_term_string}\"},\"query-input\":{\"@type\":\"PropertyValueSpecification\",\"valueRequired\":true,\"valueName\":\"search_term_string\"}}],\"inLanguage\":\"az\"},{\"@type\":\"Organization\",\"@id\":\"https:\\\/\\\/www.meydan.tv\\\/az\\\/#organization\",\"name\":\"Meydan TV\",\"url\":\"https:\\\/\\\/www.meydan.tv\\\/az\\\/\",\"logo\":{\"@type\":\"ImageObject\",\"inLanguage\":\"az\",\"@id\":\"https:\\\/\\\/www.meydan.tv\\\/az\\\/#\\\/schema\\\/logo\\\/image\\\/\",\"url\":\"https:\\\/\\\/www.meydan.tv\\\/wp-content\\\/uploads\\\/2021\\\/07\\\/meydan-logo.svg\",\"contentUrl\":\"https:\\\/\\\/www.meydan.tv\\\/wp-content\\\/uploads\\\/2021\\\/07\\\/meydan-logo.svg\",\"width\":195,\"height\":46,\"caption\":\"Meydan TV\"},\"image\":{\"@id\":\"https:\\\/\\\/www.meydan.tv\\\/az\\\/#\\\/schema\\\/logo\\\/image\\\/\"}},{\"@type\":\"Person\",\"@id\":\"https:\\\/\\\/www.meydan.tv\\\/az\\\/#\\\/schema\\\/person\\\/10d11eccf6da3662cf5fdab9806ea91a\",\"name\":\"user-manager\"}]}<\/script>\n<!-- \/ Yoast SEO plugin. -->","yoast_head_json":{"title":"Masan\u0131n alt\u0131nda yatan ail\u0259 - MEYDAN.TV","robots":{"index":"index","follow":"follow","max-snippet":"max-snippet:-1","max-image-preview":"max-image-preview:large","max-video-preview":"max-video-preview:-1"},"canonical":"https:\/\/www.meydan.tv\/az\/article\/masanin-altinda-yatan-aile\/","og_locale":"az_AZ","og_type":"article","og_title":"Masan\u0131n alt\u0131nda yatan ail\u0259 - MEYDAN.TV","og_description":"\u201cB\u00fct\u00fcn g\u00fcn\u00fc qorxumuzdan eyvanda otururuq\u201d","og_url":"https:\/\/www.meydan.tv\/az\/article\/masanin-altinda-yatan-aile\/","og_site_name":"MEYDAN.TV","article_published_time":"2019-08-28T15:12:47+00:00","og_image":[{"width":2560,"height":1920,"url":"https:\/\/www.meydan.tv\/wp-content\/uploads\/image_from_ios_9_djldk9z-scaled.jpg","type":"image\/jpeg"}],"author":"user-manager","twitter_card":"summary_large_image","schema":{"@context":"https:\/\/schema.org","@graph":[{"@type":"Article","@id":"https:\/\/www.meydan.tv\/az\/article\/masanin-altinda-yatan-aile\/#article","isPartOf":{"@id":"https:\/\/www.meydan.tv\/az\/article\/masanin-altinda-yatan-aile\/"},"author":{"name":"user-manager","@id":"https:\/\/www.meydan.tv\/az\/#\/schema\/person\/10d11eccf6da3662cf5fdab9806ea91a"},"headline":"Masan\u0131n alt\u0131nda yatan ail\u0259","datePublished":"2019-08-28T15:12:47+00:00","mainEntityOfPage":{"@id":"https:\/\/www.meydan.tv\/az\/article\/masanin-altinda-yatan-aile\/"},"wordCount":987,"publisher":{"@id":"https:\/\/www.meydan.tv\/az\/#organization"},"image":{"@id":"https:\/\/www.meydan.tv\/az\/article\/masanin-altinda-yatan-aile\/#primaryimage"},"thumbnailUrl":"https:\/\/www.meydan.tv\/wp-content\/uploads\/image_from_ios_9_djldk9z-scaled.jpg","articleSection":["B\u00f6lg\u0259"],"inLanguage":"az"},{"@type":"WebPage","@id":"https:\/\/www.meydan.tv\/az\/article\/masanin-altinda-yatan-aile\/","url":"https:\/\/www.meydan.tv\/az\/article\/masanin-altinda-yatan-aile\/","name":"Masan\u0131n alt\u0131nda yatan ail\u0259 - MEYDAN.TV","isPartOf":{"@id":"https:\/\/www.meydan.tv\/az\/#website"},"primaryImageOfPage":{"@id":"https:\/\/www.meydan.tv\/az\/article\/masanin-altinda-yatan-aile\/#primaryimage"},"image":{"@id":"https:\/\/www.meydan.tv\/az\/article\/masanin-altinda-yatan-aile\/#primaryimage"},"thumbnailUrl":"https:\/\/www.meydan.tv\/wp-content\/uploads\/image_from_ios_9_djldk9z-scaled.jpg","datePublished":"2019-08-28T15:12:47+00:00","breadcrumb":{"@id":"https:\/\/www.meydan.tv\/az\/article\/masanin-altinda-yatan-aile\/#breadcrumb"},"inLanguage":"az","potentialAction":[{"@type":"ReadAction","target":["https:\/\/www.meydan.tv\/az\/article\/masanin-altinda-yatan-aile\/"]}]},{"@type":"ImageObject","inLanguage":"az","@id":"https:\/\/www.meydan.tv\/az\/article\/masanin-altinda-yatan-aile\/#primaryimage","url":"https:\/\/www.meydan.tv\/wp-content\/uploads\/image_from_ios_9_djldk9z-scaled.jpg","contentUrl":"https:\/\/www.meydan.tv\/wp-content\/uploads\/image_from_ios_9_djldk9z-scaled.jpg","width":2560,"height":1920,"caption":"Source: Specify Source"},{"@type":"BreadcrumbList","@id":"https:\/\/www.meydan.tv\/az\/article\/masanin-altinda-yatan-aile\/#breadcrumb","itemListElement":[{"@type":"ListItem","position":1,"name":"Ana s\u0259hif\u0259","item":"https:\/\/www.meydan.tv\/az\/"},{"@type":"ListItem","position":2,"name":"B\u00f6lg\u0259","item":"https:\/\/www.meydan.tv\/az\/section\/bolge\/"},{"@type":"ListItem","position":3,"name":"Masan\u0131n alt\u0131nda yatan ail\u0259"}]},{"@type":"WebSite","@id":"https:\/\/www.meydan.tv\/az\/#website","url":"https:\/\/www.meydan.tv\/az\/","name":"MEYDAN.TV","description":"Meydan TV Az\u0259rbaycan\u0131n media m\u0259kan\u0131ndak\u0131 alternativ s\u0259sidir","publisher":{"@id":"https:\/\/www.meydan.tv\/az\/#organization"},"potentialAction":[{"@type":"SearchAction","target":{"@type":"EntryPoint","urlTemplate":"https:\/\/www.meydan.tv\/az\/?s={search_term_string}"},"query-input":{"@type":"PropertyValueSpecification","valueRequired":true,"valueName":"search_term_string"}}],"inLanguage":"az"},{"@type":"Organization","@id":"https:\/\/www.meydan.tv\/az\/#organization","name":"Meydan TV","url":"https:\/\/www.meydan.tv\/az\/","logo":{"@type":"ImageObject","inLanguage":"az","@id":"https:\/\/www.meydan.tv\/az\/#\/schema\/logo\/image\/","url":"https:\/\/www.meydan.tv\/wp-content\/uploads\/2021\/07\/meydan-logo.svg","contentUrl":"https:\/\/www.meydan.tv\/wp-content\/uploads\/2021\/07\/meydan-logo.svg","width":195,"height":46,"caption":"Meydan TV"},"image":{"@id":"https:\/\/www.meydan.tv\/az\/#\/schema\/logo\/image\/"}},{"@type":"Person","@id":"https:\/\/www.meydan.tv\/az\/#\/schema\/person\/10d11eccf6da3662cf5fdab9806ea91a","name":"user-manager"}]}},"_links":{"self":[{"href":"https:\/\/www.meydan.tv\/az\/wp-json\/wp\/v2\/posts\/196751","targetHints":{"allow":["GET"]}}],"collection":[{"href":"https:\/\/www.meydan.tv\/az\/wp-json\/wp\/v2\/posts"}],"about":[{"href":"https:\/\/www.meydan.tv\/az\/wp-json\/wp\/v2\/types\/post"}],"author":[{"embeddable":true,"href":"https:\/\/www.meydan.tv\/az\/wp-json\/wp\/v2\/users\/11"}],"replies":[{"embeddable":true,"href":"https:\/\/www.meydan.tv\/az\/wp-json\/wp\/v2\/comments?post=196751"}],"version-history":[{"count":0,"href":"https:\/\/www.meydan.tv\/az\/wp-json\/wp\/v2\/posts\/196751\/revisions"}],"wp:featuredmedia":[{"embeddable":true,"href":"https:\/\/www.meydan.tv\/az\/wp-json\/wp\/v2\/media\/128818"}],"wp:attachment":[{"href":"https:\/\/www.meydan.tv\/az\/wp-json\/wp\/v2\/media?parent=196751"}],"wp:term":[{"taxonomy":"category","embeddable":true,"href":"https:\/\/www.meydan.tv\/az\/wp-json\/wp\/v2\/categories?post=196751"},{"taxonomy":"post_tag","embeddable":true,"href":"https:\/\/www.meydan.tv\/az\/wp-json\/wp\/v2\/tags?post=196751"}],"curies":[{"name":"wp","href":"https:\/\/api.w.org\/{rel}","templated":true}]}}