{"id":196750,"date":"2019-08-29T07:13:49","date_gmt":"2019-08-29T07:13:49","guid":{"rendered":"https:\/\/www.meydan.tv\/article\/lerik-sakini-icra-hakimiyyeti-2-3-min-manat-pul-alib-qezali-evleri-yeniden-tikir\/"},"modified":"2019-08-29T07:13:49","modified_gmt":"2019-08-29T07:13:49","slug":"lerik-sakini-icra-hakimiyyeti-2-3-min-manat-pul-alib-qezali-evleri-yeniden-tikir","status":"publish","type":"post","link":"https:\/\/www.meydan.tv\/az\/article\/lerik-sakini-icra-hakimiyyeti-2-3-min-manat-pul-alib-qezali-evleri-yeniden-tikir\/","title":{"rendered":"Lerik sakini: \u0130cra Hakimiyy\u0259ti 2-3 min manat pul al\u0131b, q\u0259zal\u0131 evl\u0259ri yenid\u0259n tikir"},"content":{"rendered":"<p>\n  <i><br \/>\n    \u201cLerik Rayon \u0130cra Hakimiyy\u0259ti mane olur, imkan vermir ki, evl\u0259r\u0259 bax\u0131\u015f ke\u00e7irilsin\u201d<br \/>\n  <\/i>\n<\/p>\n<p>\n  \u201cBu yay evin i\u00e7\u0259risind\u0259 bir ne\u00e7\u0259 d\u0259f\u0259 ilan \u00f6ld\u00fcrm\u00fc\u015f\u00fck. Be\u015f k\u00f6rp\u0259 u\u015fa\u011f\u0131m var, \u0259sas onlara g\u00f6r\u0259 narahatam. K\u00f6hn\u0259 evdir, 1970-ci ild\u0259 tikilib. \u015eikay\u0259tim\u0259 d\u0259 baxan yoxdur\u201d.\n<\/p>\n<p>\n  Lerik rayonu Siyov k\u0259nd sakini F\u0259rhad Muradov naraz\u0131l\u0131q edir. O, Meydan TV-y\u0259 deyir ki, Ekologiya v\u0259 T\u0259bii S\u0259rv\u0259tl\u0259r v\u0259 F\u00f6vq\u0259lad\u0259 Hallar nazirlikl\u0259rin\u0259, Prezident Adminstrasiyas\u0131na, Birinci vitse-prezident Mehriban \u018fliyevaya d\u0259f\u0259l\u0259rl\u0259 evinin q\u0259zal\u0131 v\u0259ziyy\u0259td\u0259 olmas\u0131 il\u0259 ba\u011fl\u0131 m\u0259ktub yaz\u0131b. \u015eikay\u0259ti yerli \u0130H-n\u0259 y\u00f6nl\u0259ndirilib, amma he\u00e7 bir n\u0259tic\u0259si olmay\u0131b:\n<\/p>\n<p>\n  \u201c1997-ci ild\u0259 7 bal g\u00fcc\u00fcnd\u0259 z\u0259lz\u0259l\u0259d\u0259n sonra ev tamamil\u0259 yarars\u0131z v\u0259ziyy\u0259t\u0259 d\u00fc\u015fd\u00fc. \u018flli ilin evidir, u\u00e7ulub-da\u011f\u0131l\u0131r, z\u0259lz\u0259l\u0259l\u0259r, ya\u011f\u0131\u015flar, torpaq s\u00fcr\u00fc\u015fm\u0259l\u0259ri v\u0259ziyy\u0259ti daha da a\u011f\u0131rla\u015fd\u0131r\u0131b. \u0130ndi d\u0259 evin a\u015fa\u011f\u0131 hiss\u0259si s\u00fcr\u00fc\u015f\u0259r\u0259k, gedir. Bu ac\u0131nacaql\u0131 durumu Lerik Rayon \u0130cra Hakimiyy\u0259ti ba\u015f\u00e7\u0131s\u0131n\u0131n Siyov k\u0259nd inzibati \u0259razi dair\u0259si \u00fczr\u0259 n\u00fcmay\u0259nd\u0259si d\u0259 t\u0259sdiql\u0259yib. Amma bir \u00e7ar\u0259 tapm\u0131rlar, daha ora-bura m\u0259ktub yazmaqdan yorulmu\u015fam\u201d.\n<\/p>\n<p>\n  \u201cYerli \u0130cra Hakimiyy\u0259ti 2-3 min manat aras\u0131nda pul al\u0131b, evl\u0259ri yenid\u0259n tikir\u201d -, F\u0259rhad Muradov deyir:\n<\/p>\n<figure class=\"wp-block-image size-large\">\n  <img decoding=\"async\" src=\"https:\/\/www.meydan.tv\/az\/image_from_ios-11-jpg-6\/\" alt=\"image_from_ios (11).jpg\" class=\"wp-image-128872\"\/><figcaption>\n    &#8220;\u018flli ilin evidir, u\u00e7ulub-da\u011f\u0131l\u0131r, z\u0259lz\u0259l\u0259l\u0259r, ya\u011f\u0131\u015flar, torpaq s\u00fcr\u00fc\u015fm\u0259l\u0259ri v\u0259ziyy\u0259ti daha da a\u011f\u0131rla\u015fd\u0131r\u0131b&#8221;<br \/>\n  <\/figcaption><\/figure>\n<p>\n  \u201cLerik Rayon \u0130cra Hakimiyy\u0259ti mane olur, imkan vermir ki, evl\u0259r\u0259 bax\u0131\u015f ke\u00e7irilsin. \u0130cra Hakimiyy\u0259ti yeni evin tikilm\u0259si \u00fc\u00e7\u00fcn 2-3 min aras\u0131nda pul al\u0131r. Siyov k\u0259ndind\u0259 yeddi-s\u0259kkiz ev tikilib. Evi tikil\u0259n adamlar \u00f6zl\u0259ri dan\u0131\u015f\u0131r ki, pul veribl\u0259r. Burunlar\u0131ndan g\u0259lsin, ev tikintisi \u00fc\u00e7\u00fcn ax\u0131 pul ayr\u0131l\u0131b. Evin birin\u0259 65-69 min manat pul x\u0259rcl\u0259nir. Tikil\u0259n evl\u0259r\u0259 bax\u0131rs\u0131z, m\u0259nim evimd\u0259n daha yax\u015f\u0131 v\u0259ziyy\u0259td\u0259dir. El\u0259 ev var ki, \u00e7at\u0131 yox idi. Pulunu vermi\u015fdi, s\u00f6kd\u00fcl\u0259r, yerind\u0259 t\u0259z\u0259d\u0259n ev tikdil\u0259r.\n<\/p>\n<p>\n  Qon\u015fuluqda bir n\u0259f\u0259r var, Ekologiya v\u0259 T\u0259bii S\u0259rv\u0259tl\u0259r Nazirliyi onun evinin q\u0259zal\u0131 v\u0259 t\u0259hl\u00fck\u0259li v\u0259ziyy\u0259td\u0259 olmas\u0131na dair r\u0259y vermi\u015fdi. S\u0259n\u0259dl\u0259ri \u0259lind\u0259dir, ondan \u00fc\u00e7 min manat pul ist\u0259yibl\u0259r, verm\u0259diyi \u00fc\u00e7\u00fcn evini tikinti plan\u0131na salmay\u0131blar. Adam var, ill\u0259rdir Bak\u0131da ya\u015fay\u0131r. Onun evini tikibl\u0259r. Evd\u0259 ya\u015fay\u0131\u015f yoxdur, el\u0259 bombo\u015f qal\u0131b.\n<\/p>\n<p>\n  Bir d\u0259f\u0259 icra n\u00fcmay\u0259nd\u0259sini g\u0259tirdim, dedim ki, \u00f6z\u00fcn bax ev\u0259, g\u00f6r hans\u0131 v\u0259ziyy\u0259td\u0259dir. O, da protokol t\u0259rtib edib, aktla\u015fd\u0131rd\u0131. M\u0259s\u0259l\u0259 il\u0259 ba\u011fl\u0131 b\u0259l\u0259diyy\u0259d\u0259n tutmu\u015f, icra hakimiyy\u0259tin\u0259 q\u0259d\u0259r yazaca\u011f\u0131n\u0131 dedi. Amma akt Lerik Rayon \u0130cra Hakimiyy\u0259tin\u0259 gedib \u00e7atmad\u0131\u201d.\n<\/p>\n<figure class=\"wp-block-image size-large\">\n  <img decoding=\"async\" src=\"https:\/\/www.meydan.tv\/az\/image_from_ios-9-jpg-11\/\" alt=\"image_from_ios (9).jpg\" class=\"wp-image-128863\"\/><figcaption>\n    &#8220;Bir d\u0259f\u0259 icra n\u00fcmay\u0259nd\u0259sini g\u0259tirdim, dedim ki, \u00f6z\u00fcn bax ev\u0259, g\u00f6r hans\u0131 v\u0259ziyy\u0259td\u0259dir&#8221;.<br \/>\n  <\/figcaption><\/figure>\n<p>\n  F\u0259rhad Muradov deyir ki, ild\u0259 bir d\u0259f\u0259 \u00f6z\u00fc evin q\u0259zal\u0131 yerl\u0259rind\u0259 t\u0259mir i\u015fl\u0259ri apar\u0131r: \u201cH\u0259r il evin \u00e7atlar\u0131n\u0131 pal\u00e7\u0131qla doldururam ki, g\u00f6r\u00fcnm\u0259sin. \u00c7\u00fcnki evimiz qonaql\u0131-qaral\u0131d\u0131r. M\u0259cburam ki, \u00e7atlar\u0131n \u00fcz\u0259rin\u0259 suvaq \u00e7\u0259kib, r\u0259ngl\u0259yim. Ev\u0259 suvaq \u00e7\u0259km\u0259s\u0259m, r\u0259ngl\u0259m\u0259s\u0259m b\u00fct\u00fcn \u00e7atlar g\u00f6r\u00fcn\u0259c\u0259k. H\u0259m d\u0259 ilan-\u00e7ayandan qorunma\u011fa g\u00f6r\u0259 bu t\u0259dbirl\u0259ri g\u00f6r\u00fcr\u0259m. Adam var d\u00f6\u015f\u0259m\u0259nin r\u0259ngini s\u00f6k\u00fcrd\u00fc ki, evi k\u00f6hn\u0259 g\u00f6r\u00fcns\u00fcn, plana sals\u0131nlar. M\u0259n d\u0259 h\u0259r il t\u0259mir edir\u0259m, amma n\u0259 olsun, altda \u00e7atlar qal\u0131r. Birinci m\u0259rt\u0259b\u0259nin d\u00f6\u015f\u0259m\u0259si 20 santimetr aralan\u0131b, taxtan\u0131 sal\u0131rsan, 2 metr yer\u0259 q\u0259d\u0259r gedir. Evin i\u00e7ind\u0259, hamamda n\u0259 q\u0259d\u0259r ilan \u00f6ld\u00fcrm\u00fc\u015f\u00fck\u201d.\n<\/p>\n<p>\n  Lerik Rayon \u0130cra Hakimiyy\u0259ti ba\u015f\u00e7\u0131s\u0131n\u0131n Siyov k\u0259nd inzibati \u0259razi dair\u0259si \u00fczr\u0259 n\u00fcmay\u0259nd\u0259si Bilal Heyd\u0259rov Meydan TV-y\u0259 bildirib ki, t\u0259xmin\u0259n bir il \u00f6nc\u0259 Ekologiya v\u0259 T\u0259bii S\u0259rv\u0259tl\u0259r Nazirliyi t\u0259r\u0259find\u0259n ev\u0259 bax\u0131\u015f ke\u00e7irilib, r\u0259y verilib:\n<\/p>\n<figure class=\"wp-block-image size-large\">\n  <img decoding=\"async\" src=\"https:\/\/www.meydan.tv\/az\/image_from_ios-7-jpg-15\/\" alt=\"image_from_ios (7).jpg\" class=\"wp-image-128857\"\/><figcaption>\n    &#8220;M\u0259n d\u0259 h\u0259r il t\u0259mir edir\u0259m, amma n\u0259 olsun, altda \u00e7atlar qal\u0131r&#8221;.<br \/>\n  <\/figcaption><\/figure>\n<p>\n  \u201cDo\u011frudur, ev q\u0259zal\u0131 v\u0259ziyy\u0259td\u0259dir, \u00e7atlar var, lakin s\u00fcr\u00fc\u015fm\u0259 yoxdur. S\u00fcr\u00fc\u015fm\u0259 olmad\u0131\u011f\u0131na g\u00f6r\u0259 h\u0259l\u0259lik tikintiy\u0259 sal\u0131nmay\u0131b. F\u0259rhad Muradov bir ne\u00e7\u0259 d\u0259f\u0259 m\u00fcraci\u0259t edib. N\u00fcmay\u0259nd\u0259l\u0259r t\u0259krar ev\u0259 baxacaqlar, haz\u0131rda bununla ba\u011fl\u0131 akt rayon F\u00f6vq\u0259lad\u0259 Hallar Komissiyas\u0131na t\u0259qdim olunub.\n<\/p>\n<p>\n  R\u00fc\u015fv\u0259t al\u0131nmas\u0131 il\u0259 ba\u011fl\u0131 s\u0259sl\u0259ndiril\u0259n iddia is\u0259 \u0259sass\u0131zd\u0131r. Art\u0131q bir ne\u00e7\u0259 evin tikintisi ba\u015fa \u00e7at\u0131b. Tikil\u0259n evl\u0259rd\u0259 s\u00fcr\u00fc\u015fm\u0259 fakt\u0131 \u0259sasland\u0131r\u0131l\u0131b. Ekologiya v\u0259 T\u0259bii S\u0259rv\u0259tl\u0259r Nazirliyi r\u0259y ver\u0259nd\u0259n sonra FHN m\u00fct\u0259x\u0259sissl\u0259ri g\u0259lib, siyah\u0131ya sal\u0131blar. Evl\u0259rin tikintisi m\u0259rh\u0259l\u0259li \u015f\u0259kild\u0259 apar\u0131l\u0131r. H\u0259min adam\u0131n s\u0259n\u0259dind\u0259 uy\u011funluq varsa, evi siyah\u0131ya al\u0131nacaq\u201d.\n<\/p>\n<figure class=\"wp-block-image size-large\">\n  <img decoding=\"async\" src=\"https:\/\/www.meydan.tv\/az\/image_from_ios-10-jpg-4\/\" alt=\"image_from_ios (10).jpg\" class=\"wp-image-128869\"\/><figcaption>\n    &#8220;M\u0259cburam ki, \u00e7atlar\u0131n \u00fcz\u0259rin\u0259 suvaq \u00e7\u0259kib, r\u0259ngl\u0259yim&#8221;.<br \/>\n  <\/figcaption><\/figure>\n","protected":false},"excerpt":{"rendered":"<p>M\u0259cburam ki, \u00e7atlar\u0131n \u00fcz\u0259rin\u0259 suvaq \u00e7\u0259kib, r\u0259ngl\u0259yim.<\/p>\n","protected":false},"author":11,"featured_media":128860,"comment_status":"closed","ping_status":"open","sticky":false,"template":"","format":"standard","meta":{"_acf_changed":false,"_sitemap_exclude":false,"_sitemap_priority":"","_sitemap_frequency":"","footnotes":""},"categories":[60],"tags":[],"class_list":["post-196750","post","type-post","status-publish","format-standard","has-post-thumbnail","hentry","category-bolge","infinite-scroll-item","generate-columns","tablet-grid-50","mobile-grid-100","grid-parent","grid-33","no-featured-image-padding"],"acf":[],"yoast_head":"<!-- This site is optimized with the Yoast SEO plugin v27.5 - https:\/\/yoast.com\/product\/yoast-seo-wordpress\/ -->\n<title>Lerik sakini: \u0130cra Hakimiyy\u0259ti 2-3 min manat pul al\u0131b, q\u0259zal\u0131 evl\u0259ri yenid\u0259n tikir - MEYDAN.TV<\/title>\n<meta name=\"robots\" content=\"index, follow, max-snippet:-1, max-image-preview:large, max-video-preview:-1\" \/>\n<link rel=\"canonical\" href=\"https:\/\/www.meydan.tv\/az\/article\/lerik-sakini-icra-hakimiyyeti-2-3-min-manat-pul-alib-qezali-evleri-yeniden-tikir\/\" \/>\n<meta property=\"og:locale\" content=\"az_AZ\" \/>\n<meta property=\"og:type\" content=\"article\" \/>\n<meta property=\"og:title\" content=\"Lerik sakini: \u0130cra Hakimiyy\u0259ti 2-3 min manat pul al\u0131b, q\u0259zal\u0131 evl\u0259ri yenid\u0259n tikir - MEYDAN.TV\" \/>\n<meta property=\"og:description\" content=\"M\u0259cburam ki, \u00e7atlar\u0131n \u00fcz\u0259rin\u0259 suvaq \u00e7\u0259kib, r\u0259ngl\u0259yim.\" \/>\n<meta property=\"og:url\" content=\"https:\/\/www.meydan.tv\/az\/article\/lerik-sakini-icra-hakimiyyeti-2-3-min-manat-pul-alib-qezali-evleri-yeniden-tikir\/\" \/>\n<meta property=\"og:site_name\" content=\"MEYDAN.TV\" \/>\n<meta property=\"article:published_time\" content=\"2019-08-29T07:13:49+00:00\" \/>\n<meta property=\"og:image\" content=\"https:\/\/www.meydan.tv\/wp-content\/uploads\/image_from_ios_6_7yanspf.jpg\" \/>\n\t<meta property=\"og:image:width\" content=\"960\" \/>\n\t<meta property=\"og:image:height\" content=\"570\" \/>\n\t<meta property=\"og:image:type\" content=\"image\/jpeg\" \/>\n<meta name=\"author\" content=\"user-manager\" \/>\n<meta name=\"twitter:card\" content=\"summary_large_image\" \/>\n<script type=\"application\/ld+json\" class=\"yoast-schema-graph\">{\"@context\":\"https:\\\/\\\/schema.org\",\"@graph\":[{\"@type\":\"Article\",\"@id\":\"https:\\\/\\\/www.meydan.tv\\\/az\\\/article\\\/lerik-sakini-icra-hakimiyyeti-2-3-min-manat-pul-alib-qezali-evleri-yeniden-tikir\\\/#article\",\"isPartOf\":{\"@id\":\"https:\\\/\\\/www.meydan.tv\\\/az\\\/article\\\/lerik-sakini-icra-hakimiyyeti-2-3-min-manat-pul-alib-qezali-evleri-yeniden-tikir\\\/\"},\"author\":{\"name\":\"user-manager\",\"@id\":\"https:\\\/\\\/www.meydan.tv\\\/az\\\/#\\\/schema\\\/person\\\/10d11eccf6da3662cf5fdab9806ea91a\"},\"headline\":\"Lerik sakini: \u0130cra Hakimiyy\u0259ti 2-3 min manat pul al\u0131b, q\u0259zal\u0131 evl\u0259ri yenid\u0259n tikir\",\"datePublished\":\"2019-08-29T07:13:49+00:00\",\"mainEntityOfPage\":{\"@id\":\"https:\\\/\\\/www.meydan.tv\\\/az\\\/article\\\/lerik-sakini-icra-hakimiyyeti-2-3-min-manat-pul-alib-qezali-evleri-yeniden-tikir\\\/\"},\"wordCount\":971,\"publisher\":{\"@id\":\"https:\\\/\\\/www.meydan.tv\\\/az\\\/#organization\"},\"image\":{\"@id\":\"https:\\\/\\\/www.meydan.tv\\\/az\\\/article\\\/lerik-sakini-icra-hakimiyyeti-2-3-min-manat-pul-alib-qezali-evleri-yeniden-tikir\\\/#primaryimage\"},\"thumbnailUrl\":\"https:\\\/\\\/www.meydan.tv\\\/wp-content\\\/uploads\\\/image_from_ios_6_7yanspf.jpg\",\"articleSection\":[\"B\u00f6lg\u0259\"],\"inLanguage\":\"az\"},{\"@type\":\"WebPage\",\"@id\":\"https:\\\/\\\/www.meydan.tv\\\/az\\\/article\\\/lerik-sakini-icra-hakimiyyeti-2-3-min-manat-pul-alib-qezali-evleri-yeniden-tikir\\\/\",\"url\":\"https:\\\/\\\/www.meydan.tv\\\/az\\\/article\\\/lerik-sakini-icra-hakimiyyeti-2-3-min-manat-pul-alib-qezali-evleri-yeniden-tikir\\\/\",\"name\":\"Lerik sakini: \u0130cra Hakimiyy\u0259ti 2-3 min manat pul al\u0131b, q\u0259zal\u0131 evl\u0259ri yenid\u0259n tikir - MEYDAN.TV\",\"isPartOf\":{\"@id\":\"https:\\\/\\\/www.meydan.tv\\\/az\\\/#website\"},\"primaryImageOfPage\":{\"@id\":\"https:\\\/\\\/www.meydan.tv\\\/az\\\/article\\\/lerik-sakini-icra-hakimiyyeti-2-3-min-manat-pul-alib-qezali-evleri-yeniden-tikir\\\/#primaryimage\"},\"image\":{\"@id\":\"https:\\\/\\\/www.meydan.tv\\\/az\\\/article\\\/lerik-sakini-icra-hakimiyyeti-2-3-min-manat-pul-alib-qezali-evleri-yeniden-tikir\\\/#primaryimage\"},\"thumbnailUrl\":\"https:\\\/\\\/www.meydan.tv\\\/wp-content\\\/uploads\\\/image_from_ios_6_7yanspf.jpg\",\"datePublished\":\"2019-08-29T07:13:49+00:00\",\"breadcrumb\":{\"@id\":\"https:\\\/\\\/www.meydan.tv\\\/az\\\/article\\\/lerik-sakini-icra-hakimiyyeti-2-3-min-manat-pul-alib-qezali-evleri-yeniden-tikir\\\/#breadcrumb\"},\"inLanguage\":\"az\",\"potentialAction\":[{\"@type\":\"ReadAction\",\"target\":[\"https:\\\/\\\/www.meydan.tv\\\/az\\\/article\\\/lerik-sakini-icra-hakimiyyeti-2-3-min-manat-pul-alib-qezali-evleri-yeniden-tikir\\\/\"]}]},{\"@type\":\"ImageObject\",\"inLanguage\":\"az\",\"@id\":\"https:\\\/\\\/www.meydan.tv\\\/az\\\/article\\\/lerik-sakini-icra-hakimiyyeti-2-3-min-manat-pul-alib-qezali-evleri-yeniden-tikir\\\/#primaryimage\",\"url\":\"https:\\\/\\\/www.meydan.tv\\\/wp-content\\\/uploads\\\/image_from_ios_6_7yanspf.jpg\",\"contentUrl\":\"https:\\\/\\\/www.meydan.tv\\\/wp-content\\\/uploads\\\/image_from_ios_6_7yanspf.jpg\",\"width\":960,\"height\":570,\"caption\":\"Source: Specify Source\"},{\"@type\":\"BreadcrumbList\",\"@id\":\"https:\\\/\\\/www.meydan.tv\\\/az\\\/article\\\/lerik-sakini-icra-hakimiyyeti-2-3-min-manat-pul-alib-qezali-evleri-yeniden-tikir\\\/#breadcrumb\",\"itemListElement\":[{\"@type\":\"ListItem\",\"position\":1,\"name\":\"Ana s\u0259hif\u0259\",\"item\":\"https:\\\/\\\/www.meydan.tv\\\/az\\\/\"},{\"@type\":\"ListItem\",\"position\":2,\"name\":\"B\u00f6lg\u0259\",\"item\":\"https:\\\/\\\/www.meydan.tv\\\/az\\\/section\\\/bolge\\\/\"},{\"@type\":\"ListItem\",\"position\":3,\"name\":\"Lerik sakini: \u0130cra Hakimiyy\u0259ti 2-3 min manat pul al\u0131b, q\u0259zal\u0131 evl\u0259ri yenid\u0259n tikir\"}]},{\"@type\":\"WebSite\",\"@id\":\"https:\\\/\\\/www.meydan.tv\\\/az\\\/#website\",\"url\":\"https:\\\/\\\/www.meydan.tv\\\/az\\\/\",\"name\":\"MEYDAN.TV\",\"description\":\"Meydan TV Az\u0259rbaycan\u0131n media m\u0259kan\u0131ndak\u0131 alternativ s\u0259sidir\",\"publisher\":{\"@id\":\"https:\\\/\\\/www.meydan.tv\\\/az\\\/#organization\"},\"potentialAction\":[{\"@type\":\"SearchAction\",\"target\":{\"@type\":\"EntryPoint\",\"urlTemplate\":\"https:\\\/\\\/www.meydan.tv\\\/az\\\/?s={search_term_string}\"},\"query-input\":{\"@type\":\"PropertyValueSpecification\",\"valueRequired\":true,\"valueName\":\"search_term_string\"}}],\"inLanguage\":\"az\"},{\"@type\":\"Organization\",\"@id\":\"https:\\\/\\\/www.meydan.tv\\\/az\\\/#organization\",\"name\":\"Meydan TV\",\"url\":\"https:\\\/\\\/www.meydan.tv\\\/az\\\/\",\"logo\":{\"@type\":\"ImageObject\",\"inLanguage\":\"az\",\"@id\":\"https:\\\/\\\/www.meydan.tv\\\/az\\\/#\\\/schema\\\/logo\\\/image\\\/\",\"url\":\"https:\\\/\\\/www.meydan.tv\\\/wp-content\\\/uploads\\\/2021\\\/07\\\/meydan-logo.svg\",\"contentUrl\":\"https:\\\/\\\/www.meydan.tv\\\/wp-content\\\/uploads\\\/2021\\\/07\\\/meydan-logo.svg\",\"width\":195,\"height\":46,\"caption\":\"Meydan TV\"},\"image\":{\"@id\":\"https:\\\/\\\/www.meydan.tv\\\/az\\\/#\\\/schema\\\/logo\\\/image\\\/\"}},{\"@type\":\"Person\",\"@id\":\"https:\\\/\\\/www.meydan.tv\\\/az\\\/#\\\/schema\\\/person\\\/10d11eccf6da3662cf5fdab9806ea91a\",\"name\":\"user-manager\"}]}<\/script>\n<!-- \/ Yoast SEO plugin. -->","yoast_head_json":{"title":"Lerik sakini: \u0130cra Hakimiyy\u0259ti 2-3 min manat pul al\u0131b, q\u0259zal\u0131 evl\u0259ri yenid\u0259n tikir - MEYDAN.TV","robots":{"index":"index","follow":"follow","max-snippet":"max-snippet:-1","max-image-preview":"max-image-preview:large","max-video-preview":"max-video-preview:-1"},"canonical":"https:\/\/www.meydan.tv\/az\/article\/lerik-sakini-icra-hakimiyyeti-2-3-min-manat-pul-alib-qezali-evleri-yeniden-tikir\/","og_locale":"az_AZ","og_type":"article","og_title":"Lerik sakini: \u0130cra Hakimiyy\u0259ti 2-3 min manat pul al\u0131b, q\u0259zal\u0131 evl\u0259ri yenid\u0259n tikir - MEYDAN.TV","og_description":"M\u0259cburam ki, \u00e7atlar\u0131n \u00fcz\u0259rin\u0259 suvaq \u00e7\u0259kib, r\u0259ngl\u0259yim.","og_url":"https:\/\/www.meydan.tv\/az\/article\/lerik-sakini-icra-hakimiyyeti-2-3-min-manat-pul-alib-qezali-evleri-yeniden-tikir\/","og_site_name":"MEYDAN.TV","article_published_time":"2019-08-29T07:13:49+00:00","og_image":[{"width":960,"height":570,"url":"https:\/\/www.meydan.tv\/wp-content\/uploads\/image_from_ios_6_7yanspf.jpg","type":"image\/jpeg"}],"author":"user-manager","twitter_card":"summary_large_image","schema":{"@context":"https:\/\/schema.org","@graph":[{"@type":"Article","@id":"https:\/\/www.meydan.tv\/az\/article\/lerik-sakini-icra-hakimiyyeti-2-3-min-manat-pul-alib-qezali-evleri-yeniden-tikir\/#article","isPartOf":{"@id":"https:\/\/www.meydan.tv\/az\/article\/lerik-sakini-icra-hakimiyyeti-2-3-min-manat-pul-alib-qezali-evleri-yeniden-tikir\/"},"author":{"name":"user-manager","@id":"https:\/\/www.meydan.tv\/az\/#\/schema\/person\/10d11eccf6da3662cf5fdab9806ea91a"},"headline":"Lerik sakini: \u0130cra Hakimiyy\u0259ti 2-3 min manat pul al\u0131b, q\u0259zal\u0131 evl\u0259ri yenid\u0259n tikir","datePublished":"2019-08-29T07:13:49+00:00","mainEntityOfPage":{"@id":"https:\/\/www.meydan.tv\/az\/article\/lerik-sakini-icra-hakimiyyeti-2-3-min-manat-pul-alib-qezali-evleri-yeniden-tikir\/"},"wordCount":971,"publisher":{"@id":"https:\/\/www.meydan.tv\/az\/#organization"},"image":{"@id":"https:\/\/www.meydan.tv\/az\/article\/lerik-sakini-icra-hakimiyyeti-2-3-min-manat-pul-alib-qezali-evleri-yeniden-tikir\/#primaryimage"},"thumbnailUrl":"https:\/\/www.meydan.tv\/wp-content\/uploads\/image_from_ios_6_7yanspf.jpg","articleSection":["B\u00f6lg\u0259"],"inLanguage":"az"},{"@type":"WebPage","@id":"https:\/\/www.meydan.tv\/az\/article\/lerik-sakini-icra-hakimiyyeti-2-3-min-manat-pul-alib-qezali-evleri-yeniden-tikir\/","url":"https:\/\/www.meydan.tv\/az\/article\/lerik-sakini-icra-hakimiyyeti-2-3-min-manat-pul-alib-qezali-evleri-yeniden-tikir\/","name":"Lerik sakini: \u0130cra Hakimiyy\u0259ti 2-3 min manat pul al\u0131b, q\u0259zal\u0131 evl\u0259ri yenid\u0259n tikir - MEYDAN.TV","isPartOf":{"@id":"https:\/\/www.meydan.tv\/az\/#website"},"primaryImageOfPage":{"@id":"https:\/\/www.meydan.tv\/az\/article\/lerik-sakini-icra-hakimiyyeti-2-3-min-manat-pul-alib-qezali-evleri-yeniden-tikir\/#primaryimage"},"image":{"@id":"https:\/\/www.meydan.tv\/az\/article\/lerik-sakini-icra-hakimiyyeti-2-3-min-manat-pul-alib-qezali-evleri-yeniden-tikir\/#primaryimage"},"thumbnailUrl":"https:\/\/www.meydan.tv\/wp-content\/uploads\/image_from_ios_6_7yanspf.jpg","datePublished":"2019-08-29T07:13:49+00:00","breadcrumb":{"@id":"https:\/\/www.meydan.tv\/az\/article\/lerik-sakini-icra-hakimiyyeti-2-3-min-manat-pul-alib-qezali-evleri-yeniden-tikir\/#breadcrumb"},"inLanguage":"az","potentialAction":[{"@type":"ReadAction","target":["https:\/\/www.meydan.tv\/az\/article\/lerik-sakini-icra-hakimiyyeti-2-3-min-manat-pul-alib-qezali-evleri-yeniden-tikir\/"]}]},{"@type":"ImageObject","inLanguage":"az","@id":"https:\/\/www.meydan.tv\/az\/article\/lerik-sakini-icra-hakimiyyeti-2-3-min-manat-pul-alib-qezali-evleri-yeniden-tikir\/#primaryimage","url":"https:\/\/www.meydan.tv\/wp-content\/uploads\/image_from_ios_6_7yanspf.jpg","contentUrl":"https:\/\/www.meydan.tv\/wp-content\/uploads\/image_from_ios_6_7yanspf.jpg","width":960,"height":570,"caption":"Source: Specify Source"},{"@type":"BreadcrumbList","@id":"https:\/\/www.meydan.tv\/az\/article\/lerik-sakini-icra-hakimiyyeti-2-3-min-manat-pul-alib-qezali-evleri-yeniden-tikir\/#breadcrumb","itemListElement":[{"@type":"ListItem","position":1,"name":"Ana s\u0259hif\u0259","item":"https:\/\/www.meydan.tv\/az\/"},{"@type":"ListItem","position":2,"name":"B\u00f6lg\u0259","item":"https:\/\/www.meydan.tv\/az\/section\/bolge\/"},{"@type":"ListItem","position":3,"name":"Lerik sakini: \u0130cra Hakimiyy\u0259ti 2-3 min manat pul al\u0131b, q\u0259zal\u0131 evl\u0259ri yenid\u0259n tikir"}]},{"@type":"WebSite","@id":"https:\/\/www.meydan.tv\/az\/#website","url":"https:\/\/www.meydan.tv\/az\/","name":"MEYDAN.TV","description":"Meydan TV Az\u0259rbaycan\u0131n media m\u0259kan\u0131ndak\u0131 alternativ s\u0259sidir","publisher":{"@id":"https:\/\/www.meydan.tv\/az\/#organization"},"potentialAction":[{"@type":"SearchAction","target":{"@type":"EntryPoint","urlTemplate":"https:\/\/www.meydan.tv\/az\/?s={search_term_string}"},"query-input":{"@type":"PropertyValueSpecification","valueRequired":true,"valueName":"search_term_string"}}],"inLanguage":"az"},{"@type":"Organization","@id":"https:\/\/www.meydan.tv\/az\/#organization","name":"Meydan TV","url":"https:\/\/www.meydan.tv\/az\/","logo":{"@type":"ImageObject","inLanguage":"az","@id":"https:\/\/www.meydan.tv\/az\/#\/schema\/logo\/image\/","url":"https:\/\/www.meydan.tv\/wp-content\/uploads\/2021\/07\/meydan-logo.svg","contentUrl":"https:\/\/www.meydan.tv\/wp-content\/uploads\/2021\/07\/meydan-logo.svg","width":195,"height":46,"caption":"Meydan TV"},"image":{"@id":"https:\/\/www.meydan.tv\/az\/#\/schema\/logo\/image\/"}},{"@type":"Person","@id":"https:\/\/www.meydan.tv\/az\/#\/schema\/person\/10d11eccf6da3662cf5fdab9806ea91a","name":"user-manager"}]}},"_links":{"self":[{"href":"https:\/\/www.meydan.tv\/az\/wp-json\/wp\/v2\/posts\/196750","targetHints":{"allow":["GET"]}}],"collection":[{"href":"https:\/\/www.meydan.tv\/az\/wp-json\/wp\/v2\/posts"}],"about":[{"href":"https:\/\/www.meydan.tv\/az\/wp-json\/wp\/v2\/types\/post"}],"author":[{"embeddable":true,"href":"https:\/\/www.meydan.tv\/az\/wp-json\/wp\/v2\/users\/11"}],"replies":[{"embeddable":true,"href":"https:\/\/www.meydan.tv\/az\/wp-json\/wp\/v2\/comments?post=196750"}],"version-history":[{"count":0,"href":"https:\/\/www.meydan.tv\/az\/wp-json\/wp\/v2\/posts\/196750\/revisions"}],"wp:featuredmedia":[{"embeddable":true,"href":"https:\/\/www.meydan.tv\/az\/wp-json\/wp\/v2\/media\/128860"}],"wp:attachment":[{"href":"https:\/\/www.meydan.tv\/az\/wp-json\/wp\/v2\/media?parent=196750"}],"wp:term":[{"taxonomy":"category","embeddable":true,"href":"https:\/\/www.meydan.tv\/az\/wp-json\/wp\/v2\/categories?post=196750"},{"taxonomy":"post_tag","embeddable":true,"href":"https:\/\/www.meydan.tv\/az\/wp-json\/wp\/v2\/tags?post=196750"}],"curies":[{"name":"wp","href":"https:\/\/api.w.org\/{rel}","templated":true}]}}