{"id":196737,"date":"2019-08-28T12:56:41","date_gmt":"2019-08-28T12:56:41","guid":{"rendered":"https:\/\/www.meydan.tv\/article\/besdir-xalqi-aldatdiniz\/"},"modified":"2019-08-28T12:56:41","modified_gmt":"2019-08-28T12:56:41","slug":"besdir-xalqi-aldatdiniz","status":"publish","type":"post","link":"https:\/\/www.meydan.tv\/az\/article\/besdir-xalqi-aldatdiniz\/","title":{"rendered":"B\u0259sdir xalq\u0131 aldatd\u0131n\u0131z!"},"content":{"rendered":"<p>\n  <i><br \/>\n    Liderl\u0259r aras\u0131nda b\u0259nz\u0259rlikl\u0259r v\u0259 f\u0259rql\u0259r<br \/>\n  <\/i>\n<\/p>\n<p>\n  H\u0259r bir xalqa qalib g\u0259lmi\u015f r\u0259hb\u0259r onu ita\u0259td\u0259 saxlamaq \u00fc\u00e7\u00fcn bu xalq\u0131n m\u0259\u011flubiyy\u0259tini, al\u00e7ald\u0131lmas\u0131n\u0131 v\u0259 s\u0259rv\u0259tinin ya\u011fmalanmas\u0131n\u0131 gizl\u0259tm\u0259k m\u0259qs\u0259dil\u0259 ona hiyl\u0259 v\u0259 m\u0259krl\u0259 yo\u011frulmu\u015f r\u0259vay\u0259tl\u0259r horras\u0131 yedizdirir.\n<\/p>\n<p>\n  Bu horran\u0131n ad\u0259t\u0259n iki t\u0259rkib hiss\u0259si olur. Birincisi odur ki, hakimiyy\u0259ti m\u0259ngirl\u0259mi\u015f r\u0259hb\u0259r xalqa yad deyil, onun do\u011fmas\u0131d\u0131r v\u0259 h\u0259tta sevimlisidir. \u0130kincisi is\u0259 odur, bu m\u0259xluq el\u0259 y\u00fcks\u0259k m\u0259ziyy\u0259tl\u0259rin sahibidir ki, xalq bel\u0259 r\u0259hb\u0259rin onu mindiyini \u00f6z\u00fc \u00fc\u00e7\u00fcn \u015f\u0259r\u0259f v\u0259 xo\u015fb\u0259xtrlik saymal\u0131d\u0131r.\n<\/p>\n<p>\n  Bu horran\u0131n h\u0259r iki hiss\u0259sini xalqa yedizdirm\u0259k \u00fc\u00e7\u00fcn q\u0259l\u0259m v\u0259 s\u00f6z \u0259hli n\u00f6vb\u0259y\u0259 d\u00fcz\u00fcl\u00fcb m\u00fcvafiq \u0259nam v\u0259 x\u0259l\u0259t m\u00fcqabilind\u0259 bu hiyl\u0259 v\u0259 riyan\u0131 m\u0259zlum v\u0259 m\u0259lul xalqa gec\u0259-g\u00fcnd\u00fcz s\u0131r\u0131y\u0131r.\n<\/p>\n<p>\n  Ba\u015fqa xalqlarla i\u015fim yoxdur, h\u0259r bir xalq\u0131n \u00f6z Kefli \u0130sk\u0259nd\u0259ri var, az\u0131ndan, olmal\u0131d\u0131r, yoxdursa, bu da \u201conlar\u0131n \u00f6z problemidir\u201d. M\u0259n is\u0259 bizim xalqdan, bizim xalqa yedizdiril\u0259n horralar\u0131n ikisind\u0259n a\u00e7\u0131q yazmaq ist\u0259yir\u0259m.\n<\/p>\n<p>\n  G\u0259lin bu iki horran\u0131 n\u0259z\u0259rd\u0259n ke\u00e7ir\u0259k. Birinci horra \u201cR\u0259sulzad\u0259 \u2013 El\u00e7ib\u0259y yolu\u201d horras\u0131d\u0131r. Q\u0131sa m\u0259zmunu bel\u0259dir ki, bu iki tarixi \u015f\u0259xsiyy\u0259t n\u0259inki yana\u015f\u0131 qoyulur, h\u0259tta eynil\u0259\u015fdirilir v\u0259 ikincisi birincinin t\u0259bii davam\u00e7\u0131s\u0131 v\u0259 tay\u0131 elan edilir.\n<\/p>\n<p>\n  B\u0259nz\u0259rlik vard\u0131r v\u0259 bunu danmaq insafs\u0131zl\u0131qd\u0131r. H\u0259r ikisi Az\u0259rbaycan t\u0259z\u0259c\u0259 m\u00fcst\u0259qilliy\u0259 qovu\u015fanda, birincisi XX \u0259srin \u0259vv\u0259lind\u0259, ikincisi XX \u0259srin sonunda, ona r\u0259hb\u0259rlik edibl\u0259r. \u0130ndiki uydurma na\u011f\u0131llar\u0131n m\u00fc\u0259llifl\u0259ri iddia edirl\u0259r ki, R\u0259sulzad\u0259 d\u0259, \u018fb\u00fclf\u0259z \u018fliyev d\u0259 m\u00fcst\u0259qilliyin banil\u0259ridir.\n<\/p>\n<p>\n  Lakin tarixi h\u0259qiq\u0259t ondan ibar\u0259tdir ki, bu iki \u015f\u0259xs m\u00fcst\u0259qilik qazanm\u0131\u015f Az\u0259rbaycana r\u0259hb\u0259rlik ets\u0259 d\u0259, bu m\u00fcst\u0259qilliyin xidm\u0259tinin \u015fir pay\u0131 \u015f\u0259xs\u0259n onlar\u0131n deyil, h\u0259min d\u00f6vrd\u0259 yaranm\u0131\u015f tarixi \u015f\u0259raitin \u00fcz\u0259rin\u0259 d\u00fc\u015f\u00fcr.\n<\/p>\n<p>\n  M\u0259mm\u0259d\u0259min R\u0259sulzad\u0259nin 1918-ci ilin may ay\u0131n\u0131n 26-na kimi r\u0259smi siyasi amal\u0131 Rusiya \u00e7\u0259r\u00e7iv\u0259sind\u0259 Az\u0259rbaycan\u0131n federal qurum statusu \u0259ld\u0259 etm\u0259si olub. Bel\u0259 amal \u0259sla q\u0259rib\u0259 v\u0259 dayaz g\u00f6r\u00fcnm\u0259m\u0259lidir, \u0259ksin\u0259, onu o zaman \u00fc\u00e7\u00fcn kifay\u0259t q\u0259d\u0259r inqilabi v\u0259 c\u0259sar\u0259tli saymaq laz\u0131md\u0131r. D\u00fcnyan\u0131n \u0259n q\u00fcdr\u0259tli imperiyalar\u0131ndan birinin tezlikl\u0259 da\u011f\u0131laca\u011f\u0131 ehtimal\u0131 siyasi s\u0259hn\u0259d\u0259 yaln\u0131z sosial-demokrat romantikl\u0259rin x\u0259yal\u0131na yerl\u0259\u015firdi, R\u0259sulzad\u0259 is\u0259 praqmatik d\u00fc\u015f\u00fcnc\u0259li, \u00f6z\u00fc d\u0259 m\u0259zlum \u015e\u0259rq\u0259 m\u0259nsub siyasi xadim idi. Rusiya q\u00fcdr\u0259tli v\u0259 \u0259z\u0259m\u0259tli, qon\u015fu \u015e\u0259rq d\u00f6vl\u0259tl\u0259ri z\u0259if v\u0259 aciz say\u0131l\u0131rd\u0131, xalq is\u0259 siyas\u0259td\u0259n uzaq, cahil v\u0259 na\u015f\u0131 tan\u0131n\u0131rd\u0131. M\u00fcst\u0259qilliyin s\u00f6yk\u0259n\u0259c\u0259yi he\u00e7 bir m\u00f6hk\u0259m dayaq g\u00f6z\u0259 d\u0259ymirdi, buna g\u00f6r\u0259 bel\u0259 bir ictimai-siyasi daya\u011f\u0131n yaranmas\u0131 v\u0259 t\u0259\u015f\u0259kk\u00fcl\u00fc \u00fc\u00e7\u00fcn R\u0259sulzad\u0259 v\u0259 onun m\u0259sl\u0259k dostlar\u0131 m\u0259hz a\u011flabatan federalizm yolunu se\u00e7mi\u015fdil\u0259r. Y\u0259ni federal subyekt statusu qazanm\u0131\u015f Az\u0259rbaycan Rusiya \u00e7\u0259r\u00e7iv\u0259sind\u0259 m\u00fc\u0259yy\u0259n t\u0259kam\u00fcl yolu ke\u00e7\u0259r\u0259k h\u0259m m\u00fcasir idar\u0259\u00e7ilik bilik v\u0259 v\u0259rdi\u015fl\u0259ri qazana bil\u0259rdi, h\u0259m d\u0259 \u00f6z cahil \u0259halisin\u0259 \u00e7a\u011fda\u015f siyasi bilikl\u0259ri \u00e7atd\u0131ra bil\u0259rdi.\n<\/p>\n<p>\n  F\u0259q\u0259t d\u00fcnya imperializminin y\u0131rt\u0131c\u0131 d\u00f6vl\u0259tl\u0259ri cahan m\u00fcharib\u0259sin\u0259 giri\u015fdil\u0259r v\u0259 bu sava\u015f n\u0259tic\u0259sind\u0259 bir \u00e7ox b\u00f6y\u00fck d\u00f6vl\u0259t, o c\u00fcml\u0259d\u0259n Rusiya imperiyas\u0131 da\u011f\u0131ld\u0131. Rusiyan\u0131n ucqar vilay\u0259ti olan Zaqafqaziyada yerli \u00fc\u00e7 ki\u00e7ik xalq\u0131n n\u00fcmay\u0259nd\u0259l\u0259rinin birg\u0259 \u0259yl\u0259\u015fdikl\u0259ri Seym adl\u0131 qurum bu b\u00f6lg\u0259nin vahid siyasi varl\u0131q kimi qalmas\u0131na \u00e7al\u0131\u015f\u0131rd\u0131. Lakin Qafqaza giri\u015f\u0259n Osmanl\u0131 d\u00f6vl\u0259tin\u0259 nisb\u0259t\u0259n b\u00f6y\u00fck v\u0259 vahid Qafqazla deyil, c\u0131rtdan v\u0259 z\u0259if d\u00f6vl\u0259tcikl\u0259rl\u0259 dan\u0131\u015fmaq daha xeyirli idi.\n<\/p>\n<p>\n  M\u0259hz osmanl\u0131lar\u0131n t\u0259kidi n\u0259tic\u0259sind\u0259 may\u0131n 26-da g\u00fcrc\u00fc men\u015fevikl\u0259ri G\u00fcrc\u00fcstan\u0131n m\u00fcst\u0259qilliyini elan etdil\u0259r. Zaqafqaziya birliyi ideyas\u0131 pu\u00e7a \u00e7\u0131xd\u0131. Bundan iki g\u00fcn sonra Az\u0259rbaycan v\u0259 Erm\u0259nistan v\u0259kill\u0259ri d\u0259 \u00f6z d\u00f6vl\u0259tl\u0259rinin m\u00fcst\u0259qilliyini elan etm\u0259li oldular.\n<\/p>\n<p>\n  D\u00fcn\u0259n\u0259 q\u0259d\u0259r federal subyekt olmaq arzusu il\u0259 ya\u015fayan bir \u00e7ox siyasi lider, o c\u00fcml\u0259d\u0259n g\u00fcrc\u00fc, erm\u0259ni v\u0259 az\u0259rbaycanl\u0131 siyas\u0259t\u00e7il\u0259r \u00e7ar-na\u00e7ar m\u00fcst\u0259qillik yoluna q\u0259d\u0259m qoydular. Burada n\u0259 bir q\u0259hr\u0259manl\u0131q dastan\u0131, n\u0259 d\u0259 utanmal\u0131 bir \u0259hvalat var, sad\u0259c\u0259 tarix \u00f6z h\u00f6km\u00fcn\u00fc bel\u0259 verdi, ki\u00e7ik v\u0259 z\u0259if xalqlar\u0131n n\u00fcmay\u0259nd\u0259l\u0259ri bu h\u00f6km\u0259 tabe oldular.\n<\/p>\n<p>\n  M\u00fcst\u0259qillik Finlandiya v\u0259 Pol\u015fada h\u0259min vaxt al\u0131nd\u0131, Ukrayna, G\u00fcrc\u00fcstan, Erm\u0259nistan v\u0259 Az\u0259rbaycanda al\u0131nmad\u0131. Z\u0259hm\u0259tke\u015fl\u0259rin azad v\u0259 \u0259dal\u0259tli c\u0259miyy\u0259tini qurmaq m\u0259qs\u0259dini elan etmi\u015f bol\u015fevikl\u0259r bu \u00f6l\u00fcn\u00fc dirild\u0259n iksirin g\u00fcc\u00fc il\u0259 Rusiyan\u0131 dir\u00e7\u0259ltdil\u0259r v\u0259 \u0259ll\u0259ri \u00e7atan sabiq \u0259razil\u0259ri \u00f6zl\u0259rin\u0259 qaytard\u0131lar.\n<\/p>\n<p>\n  M\u0259mm\u0259d\u0259min R\u0259sulzad\u0259 v\u0259 onun m\u0259sl\u0259k dostlar\u0131 n\u0259 bu tektonik v\u0259 qlobal prosesl\u0259rin qar\u015f\u0131s\u0131n\u0131 ala, n\u0259 d\u0259 hadis\u0259l\u0259rin m\u0259cras\u0131n\u0131 d\u0259yi\u015f\u0259 bil\u0259rdi. Ona, z\u0259if v\u0259 m\u0259zlum Az\u0259rbaycan\u0131n v\u0259t\u0259np\u0259rv\u0259r ziyal\u0131s\u0131na v\u0259 siyasi xadimin\u0259 yaln\u0131z hadis\u0259l\u0259rin axar\u0131nda xalq\u0131 \u00fc\u00e7\u00fcn nicat axtarmaq qism\u0259ti n\u0259sib oldu. V\u0259 o, bu qism\u0259td\u0259n varg\u00fcc\u00fc il\u0259 b\u0259hr\u0259l\u0259nm\u0259y\u0259 \u00e7al\u0131\u015fd\u0131. M\u0259hz \u00e7ar\u0259sizlikd\u0259n, ba\u015fqa se\u00e7iml\u0259rin yoxlu\u011fundan o, Birinci cahan m\u00fcharib\u0259sind\u0259 m\u0259\u011flub olmu\u015f Osmanl\u0131 d\u00f6vl\u0259tin\u0259 s\u00f6yk\u0259nm\u0259li oldu, sonra is\u0259 bol\u015fevik Rusiyas\u0131n\u0131n z\u0259f\u0259r k\u0259r\u0259naylar\u0131 \u00fcf\u00fcr\u00fcl\u0259nd\u0259, 1943-c\u00fc ild\u0259, art\u0131q halvas\u0131 \u00e7al\u0131nm\u0131\u015f Almaniyada hans\u0131sa m\u00fcst\u0259qillik imkanlar\u0131 arama\u011fa c\u0259hd etdi.\n<\/p>\n<p>\n  Al\u0131nmad\u0131, \u00f6mr\u00fcn\u00fcn sonuna q\u0259d\u0259r T\u00fcrkiy\u0259d\u0259 v\u0259t\u0259n h\u0259sr\u0259ti il\u0259 ya\u015fad\u0131 v\u0259 \u00f6z\u00fcnd\u0259n sonra d\u0259y\u0259rli bir fikir d\u00fcnyas\u0131 t\u0259rk edib q\u00fcrb\u0259td\u0259 d\u00fcnyadan k\u00f6\u00e7d\u00fc.\n<\/p>\n<p>\n  Onun \u0259s\u0259rl\u0259ri, gec d\u0259 olsa, xalqa, onun oxumaq v\u0259 \u00f6yr\u0259nm\u0259k ist\u0259y\u0259n hiss\u0259sin\u0259 \u00e7atd\u0131r\u0131l\u0131r. Ki\u015fi d\u00fc\u015f\u00fcn\u00fcrm\u00fc\u015f, m\u00fctali\u0259, t\u0259hlil v\u0259 m\u00fcqayis\u0259 edirmi\u015f, arzular\u0131n\u0131 tarixin lab\u00fcd gedi\u015find\u0259 ger\u00e7\u0259kl\u0259n\u0259c\u0259k d\u0259yi\u015fiklikl\u0259r\u0259 uy\u011funla\u015fd\u0131r\u0131rm\u0131\u015f. Onun Az\u0259rbaycan\u0131n m\u00fcq\u0259dd\u0259rat\u0131 \u00fc\u00e7\u00fcn b\u00f6y\u00fck rus, t\u00fcrk v\u0259 fars d\u00f6vl\u0259tl\u0259rinin \u0259h\u0259miyy\u0259ti bar\u0259sind\u0259 fikirl\u0259ri h\u0259l\u0259 d\u0259 \u00f6z \u00f6n\u0259mini itirm\u0259yib. Onun siyasi ideal\u0131 \u0259fsan\u0259vi S\u0259yavu\u015f idi. \u018fb\u00fclf\u0259z \u018fliyevin siyasi ideal\u0131 Alparslan T\u00fcrke\u015f v\u0259 Heyd\u0259r \u018fliyev&#8230;\n<\/p>\n<p>\n  R\u0259sulzad\u0259nin fikir v\u0259 tale dostlar\u0131n\u0131n adlar\u0131 bel\u0259 onun \u015f\u0259xsiyy\u0259tinin miqyas\u0131n\u0131 d\u0259qiq g\u00f6st\u0259rir: \u018flim\u0259rdan b\u0259y Top\u00e7uba\u015f\u0131, F\u0259t\u0259li xan Xoyski, N\u0259sib b\u0259y Yusifb\u0259yli&#8230;\n<\/p>\n<p>\n  \u018fb\u00fclf\u0259z \u018fliyevin silahda\u015flar\u0131n\u0131n ham\u0131s\u0131n\u0131 xalq yax\u015f\u0131 tan\u0131y\u0131r v\u0259 onlar\u0131n kimliyini g\u00f6z\u0259l bilir. B\u0259zil\u0259ri Milli M\u0259clisd\u0259 f\u0259dailik edir, b\u0259zil\u0259ri m\u00fcxalif\u0259t\u00e7ilikl\u0259 ba\u015f girl\u0259yir, b\u0259zil\u0259ri xaricl\u0259rd\u0259 q\u0259hr\u0259mancas\u0131na uzaq v\u0259t\u0259nd\u0259 demokratiyan\u0131 m\u00fcdafi\u0259 edir.\n<\/p>\n<p>\n  Qan qarald\u0131b ad \u00e7\u0259km\u0259k ist\u0259mir\u0259m.\n<\/p>\n<p>\n  \u0130ndi o\u011fru v\u0259 zal\u0131m hakimiyy\u0259tin pul kis\u0259sind\u0259n ayl\u0131q alan \u0259n\u0259n\u0259vi siyasi m\u00fcxalif\u0259t liderl\u0259ri bu m\u0259zlum taleni ya\u015fam\u0131\u015f, d\u00fcnya t\u0259r\u0259find\u0259n tan\u0131n\u0131lmam\u0131\u015f, daima i\u015f\u011fal\u00e7\u0131 qo\u015funlar\u0131n n\u0259zar\u0259tind\u0259 olmu\u015f Az\u0259rbaycan Cumhuriyy\u0259tinin liderini \u018fb\u00fclf\u0259z \u018fliyev\u0259 tay tuturlar. M\u0259n onlara tam yad olan h\u0259yadan dan\u0131\u015fmaq ist\u0259mir\u0259m, sad\u0259c\u0259 b\u00fct\u00fcn m\u0259xluqat \u00fc\u00e7\u00fcn vacib olan m\u0259ntiqi yada salmaq ist\u0259yir\u0259m.\n<\/p>\n<p>\n  R\u0259sulzad\u0259d\u0259n z\u0259ngin irs qal\u0131b. \u018fb\u00fclf\u0259z \u018fliyevd\u0259n hans\u0131 ideoloji miras qal\u0131b? Bir d\u0259y\u0259rli kitab\u0131n\u0131n ad\u0131n\u0131 \u00e7\u0259k\u0259 bil\u0259rsinizmi? Mitinql\u0259rd\u0259 v\u0259 g\u00f6r\u00fc\u015fl\u0259rd\u0259 avam xalqa dan\u0131\u015fd\u0131\u011f\u0131 \u201cBaykal g\u00f6l\u00fcnd\u0259n Aral\u0131q d\u0259nizin\u0259 q\u0259d\u0259r uzanacaq b\u00f6y\u00fck t\u00fcrk imperiyas\u0131\u201d bar\u0259d\u0259 \u015firin na\u011f\u0131l\u0131 yada salmay\u0131n, ay\u0131bd\u0131r. Camaat\u0131n s\u0259viyy\u0259si y\u00fcks\u0259lib, d\u0259xi bel\u0259 s\u0259feh na\u011f\u0131llara inanmaz, \u0259ksin\u0259, la\u011fa qoyar.\n<\/p>\n<p>\n  \u018fb\u00fclf\u0259z \u018fliyev AXC s\u0259drliyin\u0259 saxtakarl\u0131qla se\u00e7ilmi\u015fdi. R\u0259sulzad\u0259 pakl\u0131q v\u0259 l\u0259yaq\u0259t r\u0259mzi idi, \u018fb\u00fclf\u0259z \u018fliyev ey\u015f-i\u015fr\u0259t alud\u0259\u00e7isi. R\u0259sulzad\u0259 zahid kimi ya\u015fam\u0131\u015fd\u0131, \u018fb\u00fclf\u0259z \u018fliyevin q\u0259bul etdiyi b\u00fct\u00fcn siyasi q\u0259rarlar n\u0259inki s\u0259hv idi, xeyr, \u0259ksin\u0259, onlar xalq\u0131n azadl\u0131\u011f\u0131n\u0131n q\u0259niml\u0259ri \u00fc\u00e7\u00fcn iblisan\u0259-\u015fahan\u0259 h\u0259diyy\u0259 idi.\n<\/p>\n<p>\n  \u018fb\u00fclf\u0259z \u018fliyev t\u0259k \u00f6z C\u0259bh\u0259 dostlar\u0131n\u0131 deyil, b\u00fct\u00fcn xalq\u0131 aldad\u0131b prezident v\u0259zif\u0259sin\u0259 q\u0259d\u0259m qoydu\u011fu an i\u00e7diyi and\u0131na r\u0259\u011fm\u0259n s\u0259ng\u0259rind\u0259n x\u0259lv\u0259ti f\u0259rarilik etmi\u015fdi, R\u0259sulzad\u0259 \u00f6z m\u00fccadil\u0259sini m\u0259rd\u00fc-m\u0259rdan\u0259 v\u0259 a\u00e7\u0131q aparm\u0131\u015fd\u0131.\n<\/p>\n<p>\n  Bu iki tarixi \u015f\u0259xsiyy\u0259tin f\u0259rql\u0259ri bar\u0259d\u0259 \u00e7ox yazmaq olar, birc\u0259 o kifay\u0259tdir ki, indiki siyasi faci\u0259mizin, milli-azadl\u0131q m\u00fcbariz\u0259si kimi t\u0259qdim edil\u0259n siyasi prosesin n\u0259tic\u0259sind\u0259 xalq\u0131n Qaraba\u011fs\u0131z v\u0259 azadl\u0131qs\u0131z qalmas\u0131nin \u0259sas baiskar\u0131 kimi ilk n\u00f6vb\u0259d\u0259 \u018fb\u00fclf\u0259z \u018fliyevin ad\u0131 \u00e7\u0259kilir. \u201cXalqa t\u00fcrk\u00e7\u00fcl\u00fck na\u011f\u0131l\u0131 dan\u0131\u015f\u0131b bo\u011faz\u0131na qal\u0131n k\u0259ndir dolad\u0131, s\u0131xd\u0131, ucunu DTK general\u0131na verib aradan \u00e7\u0131xd\u0131&#8230;\u201d\n<\/p>\n<p>\n  \u015e\u0259xs\u0259n m\u0259nim \u00fc\u00e7\u00fcn, elmi i\u015fini m\u00fcqayis\u0259li v\u0259 sistemli ara\u015fd\u0131rma \u00fcsulu \u0259sas\u0131nda aparm\u0131\u015f bir adam \u00fc\u00e7\u00fcn M\u0259mm\u0259d\u0259min R\u0259sulzad\u0259nin v\u0259 \u018fb\u00fclf\u0259z \u018fliyevin bu baya\u011f\u0131 v\u0259 \u0259sass\u0131z m\u00fcqayis\u0259si n\u0259inki qeyri-elmi g\u00f6r\u00fcn\u00fcr, h\u0259m d\u0259 R\u0259sulzad\u0259 kimi b\u00f6y\u00fck v\u0259 saf bir milli xadimin xatir\u0259sin\u0259 h\u00f6rm\u0259tsizlik, xalq\u0131m\u0131z\u0131n h\u0259qiqi milli d\u0259y\u0259rl\u0259rin\u0259 sui-q\u0259sd kimi qiym\u0259tl\u0259ndirilir.\n<\/p>\n<p>\n  Xalqa yedizdiril\u0259n ikinci horra Heyd\u0259r \u018fliyevin v\u0259 Mustafa Kamal Atat\u00fcrk\u00fcn yana\u015f\u0131 qoyulmas\u0131d\u0131r.\n<\/p>\n<p>\n  Ox\u015farl\u0131q var, h\u0259r ikisi general r\u00fctb\u0259sind\u0259 olub. Ox\u015farl\u0131q bununla qurtar\u0131r.\n<\/p>\n<p>\n  Atat\u00fcrk d\u00f6y\u00fc\u015f\u0259n ordunun general\u0131yd\u0131, Heyd\u0259r \u018fliyev xalq\u0131 pusan-\u0259z\u0259n x\u00fcsusi xidm\u0259t orqan\u0131n\u0131n general\u0131 olub. Atat\u00fcrk \u00f6z m\u0259\u011flubiyy\u0259t\u0259 u\u011fram\u0131\u015f v\u0259 \u00e7\u00f6k\u0259n v\u0259t\u0259nind\u0259 T\u00fcrkiy\u0259 adl\u0131 d\u00f6vl\u0259ti qurub v\u0259 qoruyub, Heyd\u0259r \u018fliyev m\u00fcst\u0259qilliyi d\u00fcnya t\u0259r\u0259find\u0259n tan\u0131nm\u0131\u015f, BMT-y\u0259 \u00fczv q\u0259bul edilmi\u015f Az\u0259rbaycan adl\u0131 d\u00f6vl\u0259ti \u00f6z \u0259lalt\u0131lar\u0131n\u0131n \u0259li il\u0259 silk\u0259l\u0259yib v\u0259 sars\u0131d\u0131b, sonra is\u0259 d\u00fc\u015fm\u0259nl\u0259rl\u0259 s\u00f6vd\u0259l\u0259\u015fib v\u0259 torpa\u011f\u0131 hakimiyy\u0259t\u0259 d\u0259yi\u015f\u0259r\u0259k ail\u0259sini v\u0259 tayfas\u0131n\u0131 a\u011flas\u0131\u011fmaz s\u0259rv\u0259t sahibi edib.\n<\/p>\n<p>\n  He\u00e7 vaxt unutmaram, hakimiyy\u0259tini m\u00f6hk\u0259ml\u0259ndir\u0259nd\u0259n sonra \u201cQaraba\u011f\u201d f\u0259ryad\u0131 il\u0259 onun z\u0259hl\u0259sini t\u00f6k\u0259n xalqdan a\u00e7\u0131q soru\u015fmu\u015fdu: \u201cM\u0259n siz\u0259 Qaraba\u011f\u0131 qaytarma\u011fa s\u00f6z vermi\u015fdim?\u201d\n<\/p>\n<p>\n  D\u00fcz d\u0259 soru\u015fmu\u015fdu. Heyd\u0259r \u018fliyev he\u00e7 vaxt \u201cQaraba\u011f\u0131 Az\u0259rbaycana qaytaraca\u011fam\u201d v\u0259dini verm\u0259mi\u015fdi. Qaraba\u011f m\u00fc\u015fk\u00fcl\u00fcnd\u0259n k\u00fctl\u0259ni tovlamaq, onun hissiyyat\u0131 il\u0259 oynamaq \u00fc\u00e7\u00fcn istifad\u0259 etmi\u015fdi, lakin he\u00e7 vaxt say\u0131ql\u0131\u011f\u0131 \u0259ld\u0259n verib \u201cQaraba\u011f\u0131 qaytaraca\u011fam\u201d k\u0259lm\u0259l\u0259rini dilin\u0259 g\u0259tirm\u0259mi\u015fdi, zira Yerevanda v\u0259 Moskvada verdiyi v\u0259dl\u0259ri, g\u00f6t\u00fcrd\u00fcy\u00fc \u00f6hd\u0259likl\u0259ri daima hafiz\u0259sind\u0259 m\u00f6hk\u0259m saxlam\u0131\u015fd\u0131.\n<\/p>\n<p>\n  Varisin\u0259 is\u0259 bu v\u0259di verm\u0259yi, lakin he\u00e7 vaxt yerin\u0259 yetirm\u0259m\u0259yi v\u0259siyy\u0259t etmi\u015fdi. Varis v\u0259siyy\u0259t\u0259 sadiqdir.\n<\/p>\n<p>\n  R\u0259smi baya\u011f\u0131 t\u0259bli\u011fat\u0131m\u0131z Atat\u00fcrk il\u0259 H.\u018f-ni el\u0259-hey eynil\u0259\u015fdirir. Bu m\u00fcqayis\u0259nin \u0259s\u0259bil\u0259\u015fdirm\u0259li oldu\u011fu t\u0259r\u0259f t\u00fcrkl\u0259rdir, lakin onlar m\u00fcst\u0259sna t\u0259mkin v\u0259 s\u0259br n\u00fcmayi\u015f etdirirl\u0259r. \u0130ki s\u0259b\u0259b var: neft amili v\u0259 indiki din\u00e7i hakimiyy\u0259tin Atat\u00fcrk\u0259 v\u0259 onun \u015f\u0259nin\u0259 bigan\u0259liyi. Bu iki s\u0259b\u0259bd\u0259n t\u00fcrkl\u0259r \u00f6z m\u00fcnasib\u0259tini a\u00e7\u0131q bildirmirl\u0259r. H\u0259r\u00e7\u0259nd ki, onlar da bu m\u00fcqayis\u0259nin Atat\u00fcrk \u00fc\u00e7\u00fcn n\u0259 q\u0259d\u0259r insafs\u0131z oldu\u011funu g\u00f6z\u0259l d\u0259rk edirl\u0259r.\n<\/p>\n<p>\n  Xalq\u0131n xamlanmas\u0131na y\u00f6n\u0259li xeyli ba\u015fqa r\u0259vay\u0259tl\u0259r v\u0259 uydurmalar var, dan\u0131\u015fmaqla ham\u0131s\u0131 qurtarmaz, m\u0259n sad\u0259c\u0259 bu iki \u0259n m\u0259ntiqsiz m\u00fcqayis\u0259ni sizin diqq\u0259tiniz\u0259 \u00e7atd\u0131rd\u0131m.\n<\/p>\n<p>\n  Qalanlar bar\u0259d\u0259 \u00f6z\u00fcn\u00fcz d\u00fc\u015f\u00fcn\u00fcn.\n<\/p>\n<p>\n  Bilir\u0259m ki, a\u015fa\u011f\u0131da v\u0259 yuxar\u0131da \u0259yl\u0259\u015fmi\u015f b\u00fctp\u0259r\u0259stl\u0259r n\u0259 q\u0259d\u0259r q\u0259z\u0259bl\u0259n\u0259c\u0259kl\u0259r, \u00fcnvan\u0131ma t\u0259hqir v\u0259 l\u0259n\u0259t ya\u011fd\u0131racaqlar, lakin m\u0259nim m\u0259qs\u0259dim d\u0259 el\u0259 budur.\n<\/p>\n<p>\n  B\u0259lk\u0259 xalq bir balaca oyand\u0131&#8230;<\/p>\n","protected":false},"excerpt":{"rendered":"<p>Liderl\u0259r aras\u0131nda b\u0259nz\u0259rlikl\u0259r v\u0259 f\u0259rql\u0259r<\/p>\n","protected":false},"author":11,"featured_media":120856,"comment_status":"closed","ping_status":"open","sticky":false,"template":"","format":"standard","meta":{"_acf_changed":false,"_sitemap_exclude":false,"_sitemap_priority":"","_sitemap_frequency":"","footnotes":""},"categories":[57],"tags":[],"class_list":["post-196737","post","type-post","status-publish","format-standard","has-post-thumbnail","hentry","category-menim-fikrimce","infinite-scroll-item","generate-columns","tablet-grid-50","mobile-grid-100","grid-parent","grid-33","no-featured-image-padding"],"acf":[],"yoast_head":"<!-- This site is optimized with the Yoast SEO plugin v27.4 - https:\/\/yoast.com\/product\/yoast-seo-wordpress\/ -->\n<title>B\u0259sdir xalq\u0131 aldatd\u0131n\u0131z! - MEYDAN.TV<\/title>\n<meta name=\"robots\" content=\"index, follow, max-snippet:-1, max-image-preview:large, max-video-preview:-1\" \/>\n<link rel=\"canonical\" href=\"https:\/\/www.meydan.tv\/az\/article\/besdir-xalqi-aldatdiniz\/\" \/>\n<meta property=\"og:locale\" content=\"az_AZ\" \/>\n<meta property=\"og:type\" content=\"article\" \/>\n<meta property=\"og:title\" content=\"B\u0259sdir xalq\u0131 aldatd\u0131n\u0131z! - MEYDAN.TV\" \/>\n<meta property=\"og:description\" content=\"Liderl\u0259r aras\u0131nda b\u0259nz\u0259rlikl\u0259r v\u0259 f\u0259rql\u0259r\" \/>\n<meta property=\"og:url\" content=\"https:\/\/www.meydan.tv\/az\/article\/besdir-xalqi-aldatdiniz\/\" \/>\n<meta property=\"og:site_name\" content=\"MEYDAN.TV\" \/>\n<meta property=\"article:published_time\" content=\"2019-08-28T12:56:41+00:00\" \/>\n<meta property=\"og:image\" content=\"https:\/\/www.meydan.tv\/wp-content\/uploads\/zar.jpg\" \/>\n\t<meta property=\"og:image:width\" content=\"853\" \/>\n\t<meta property=\"og:image:height\" content=\"480\" \/>\n\t<meta property=\"og:image:type\" content=\"image\/jpeg\" \/>\n<meta name=\"author\" content=\"user-manager\" \/>\n<meta name=\"twitter:card\" content=\"summary_large_image\" \/>\n<script type=\"application\/ld+json\" class=\"yoast-schema-graph\">{\"@context\":\"https:\\\/\\\/schema.org\",\"@graph\":[{\"@type\":\"Article\",\"@id\":\"https:\\\/\\\/www.meydan.tv\\\/az\\\/article\\\/besdir-xalqi-aldatdiniz\\\/#article\",\"isPartOf\":{\"@id\":\"https:\\\/\\\/www.meydan.tv\\\/az\\\/article\\\/besdir-xalqi-aldatdiniz\\\/\"},\"author\":{\"name\":\"user-manager\",\"@id\":\"https:\\\/\\\/www.meydan.tv\\\/az\\\/#\\\/schema\\\/person\\\/10d11eccf6da3662cf5fdab9806ea91a\"},\"headline\":\"B\u0259sdir xalq\u0131 aldatd\u0131n\u0131z!\",\"datePublished\":\"2019-08-28T12:56:41+00:00\",\"mainEntityOfPage\":{\"@id\":\"https:\\\/\\\/www.meydan.tv\\\/az\\\/article\\\/besdir-xalqi-aldatdiniz\\\/\"},\"wordCount\":2394,\"publisher\":{\"@id\":\"https:\\\/\\\/www.meydan.tv\\\/az\\\/#organization\"},\"image\":{\"@id\":\"https:\\\/\\\/www.meydan.tv\\\/az\\\/article\\\/besdir-xalqi-aldatdiniz\\\/#primaryimage\"},\"thumbnailUrl\":\"https:\\\/\\\/www.meydan.tv\\\/wp-content\\\/uploads\\\/zar.jpg\",\"articleSection\":[\"M\u0259nim Fikrimc\u0259\"],\"inLanguage\":\"az\"},{\"@type\":\"WebPage\",\"@id\":\"https:\\\/\\\/www.meydan.tv\\\/az\\\/article\\\/besdir-xalqi-aldatdiniz\\\/\",\"url\":\"https:\\\/\\\/www.meydan.tv\\\/az\\\/article\\\/besdir-xalqi-aldatdiniz\\\/\",\"name\":\"B\u0259sdir xalq\u0131 aldatd\u0131n\u0131z! - MEYDAN.TV\",\"isPartOf\":{\"@id\":\"https:\\\/\\\/www.meydan.tv\\\/az\\\/#website\"},\"primaryImageOfPage\":{\"@id\":\"https:\\\/\\\/www.meydan.tv\\\/az\\\/article\\\/besdir-xalqi-aldatdiniz\\\/#primaryimage\"},\"image\":{\"@id\":\"https:\\\/\\\/www.meydan.tv\\\/az\\\/article\\\/besdir-xalqi-aldatdiniz\\\/#primaryimage\"},\"thumbnailUrl\":\"https:\\\/\\\/www.meydan.tv\\\/wp-content\\\/uploads\\\/zar.jpg\",\"datePublished\":\"2019-08-28T12:56:41+00:00\",\"breadcrumb\":{\"@id\":\"https:\\\/\\\/www.meydan.tv\\\/az\\\/article\\\/besdir-xalqi-aldatdiniz\\\/#breadcrumb\"},\"inLanguage\":\"az\",\"potentialAction\":[{\"@type\":\"ReadAction\",\"target\":[\"https:\\\/\\\/www.meydan.tv\\\/az\\\/article\\\/besdir-xalqi-aldatdiniz\\\/\"]}]},{\"@type\":\"ImageObject\",\"inLanguage\":\"az\",\"@id\":\"https:\\\/\\\/www.meydan.tv\\\/az\\\/article\\\/besdir-xalqi-aldatdiniz\\\/#primaryimage\",\"url\":\"https:\\\/\\\/www.meydan.tv\\\/wp-content\\\/uploads\\\/zar.jpg\",\"contentUrl\":\"https:\\\/\\\/www.meydan.tv\\\/wp-content\\\/uploads\\\/zar.jpg\",\"width\":853,\"height\":480,\"caption\":\"Source: \u041c\u0435\u0439\u0434\u0430\u043d \u0422\u0412\"},{\"@type\":\"BreadcrumbList\",\"@id\":\"https:\\\/\\\/www.meydan.tv\\\/az\\\/article\\\/besdir-xalqi-aldatdiniz\\\/#breadcrumb\",\"itemListElement\":[{\"@type\":\"ListItem\",\"position\":1,\"name\":\"Ana s\u0259hif\u0259\",\"item\":\"https:\\\/\\\/www.meydan.tv\\\/az\\\/\"},{\"@type\":\"ListItem\",\"position\":2,\"name\":\"M\u0259nim Fikrimc\u0259\",\"item\":\"https:\\\/\\\/www.meydan.tv\\\/az\\\/section\\\/menim-fikrimce\\\/\"},{\"@type\":\"ListItem\",\"position\":3,\"name\":\"B\u0259sdir xalq\u0131 aldatd\u0131n\u0131z!\"}]},{\"@type\":\"WebSite\",\"@id\":\"https:\\\/\\\/www.meydan.tv\\\/az\\\/#website\",\"url\":\"https:\\\/\\\/www.meydan.tv\\\/az\\\/\",\"name\":\"MEYDAN.TV\",\"description\":\"Meydan TV Az\u0259rbaycan\u0131n media m\u0259kan\u0131ndak\u0131 alternativ s\u0259sidir\",\"publisher\":{\"@id\":\"https:\\\/\\\/www.meydan.tv\\\/az\\\/#organization\"},\"potentialAction\":[{\"@type\":\"SearchAction\",\"target\":{\"@type\":\"EntryPoint\",\"urlTemplate\":\"https:\\\/\\\/www.meydan.tv\\\/az\\\/?s={search_term_string}\"},\"query-input\":{\"@type\":\"PropertyValueSpecification\",\"valueRequired\":true,\"valueName\":\"search_term_string\"}}],\"inLanguage\":\"az\"},{\"@type\":\"Organization\",\"@id\":\"https:\\\/\\\/www.meydan.tv\\\/az\\\/#organization\",\"name\":\"Meydan TV\",\"url\":\"https:\\\/\\\/www.meydan.tv\\\/az\\\/\",\"logo\":{\"@type\":\"ImageObject\",\"inLanguage\":\"az\",\"@id\":\"https:\\\/\\\/www.meydan.tv\\\/az\\\/#\\\/schema\\\/logo\\\/image\\\/\",\"url\":\"https:\\\/\\\/www.meydan.tv\\\/wp-content\\\/uploads\\\/2021\\\/07\\\/meydan-logo.svg\",\"contentUrl\":\"https:\\\/\\\/www.meydan.tv\\\/wp-content\\\/uploads\\\/2021\\\/07\\\/meydan-logo.svg\",\"width\":195,\"height\":46,\"caption\":\"Meydan TV\"},\"image\":{\"@id\":\"https:\\\/\\\/www.meydan.tv\\\/az\\\/#\\\/schema\\\/logo\\\/image\\\/\"}},{\"@type\":\"Person\",\"@id\":\"https:\\\/\\\/www.meydan.tv\\\/az\\\/#\\\/schema\\\/person\\\/10d11eccf6da3662cf5fdab9806ea91a\",\"name\":\"user-manager\"}]}<\/script>\n<!-- \/ Yoast SEO plugin. -->","yoast_head_json":{"title":"B\u0259sdir xalq\u0131 aldatd\u0131n\u0131z! - MEYDAN.TV","robots":{"index":"index","follow":"follow","max-snippet":"max-snippet:-1","max-image-preview":"max-image-preview:large","max-video-preview":"max-video-preview:-1"},"canonical":"https:\/\/www.meydan.tv\/az\/article\/besdir-xalqi-aldatdiniz\/","og_locale":"az_AZ","og_type":"article","og_title":"B\u0259sdir xalq\u0131 aldatd\u0131n\u0131z! - MEYDAN.TV","og_description":"Liderl\u0259r aras\u0131nda b\u0259nz\u0259rlikl\u0259r v\u0259 f\u0259rql\u0259r","og_url":"https:\/\/www.meydan.tv\/az\/article\/besdir-xalqi-aldatdiniz\/","og_site_name":"MEYDAN.TV","article_published_time":"2019-08-28T12:56:41+00:00","og_image":[{"width":853,"height":480,"url":"https:\/\/www.meydan.tv\/wp-content\/uploads\/zar.jpg","type":"image\/jpeg"}],"author":"user-manager","twitter_card":"summary_large_image","schema":{"@context":"https:\/\/schema.org","@graph":[{"@type":"Article","@id":"https:\/\/www.meydan.tv\/az\/article\/besdir-xalqi-aldatdiniz\/#article","isPartOf":{"@id":"https:\/\/www.meydan.tv\/az\/article\/besdir-xalqi-aldatdiniz\/"},"author":{"name":"user-manager","@id":"https:\/\/www.meydan.tv\/az\/#\/schema\/person\/10d11eccf6da3662cf5fdab9806ea91a"},"headline":"B\u0259sdir xalq\u0131 aldatd\u0131n\u0131z!","datePublished":"2019-08-28T12:56:41+00:00","mainEntityOfPage":{"@id":"https:\/\/www.meydan.tv\/az\/article\/besdir-xalqi-aldatdiniz\/"},"wordCount":2394,"publisher":{"@id":"https:\/\/www.meydan.tv\/az\/#organization"},"image":{"@id":"https:\/\/www.meydan.tv\/az\/article\/besdir-xalqi-aldatdiniz\/#primaryimage"},"thumbnailUrl":"https:\/\/www.meydan.tv\/wp-content\/uploads\/zar.jpg","articleSection":["M\u0259nim Fikrimc\u0259"],"inLanguage":"az"},{"@type":"WebPage","@id":"https:\/\/www.meydan.tv\/az\/article\/besdir-xalqi-aldatdiniz\/","url":"https:\/\/www.meydan.tv\/az\/article\/besdir-xalqi-aldatdiniz\/","name":"B\u0259sdir xalq\u0131 aldatd\u0131n\u0131z! - MEYDAN.TV","isPartOf":{"@id":"https:\/\/www.meydan.tv\/az\/#website"},"primaryImageOfPage":{"@id":"https:\/\/www.meydan.tv\/az\/article\/besdir-xalqi-aldatdiniz\/#primaryimage"},"image":{"@id":"https:\/\/www.meydan.tv\/az\/article\/besdir-xalqi-aldatdiniz\/#primaryimage"},"thumbnailUrl":"https:\/\/www.meydan.tv\/wp-content\/uploads\/zar.jpg","datePublished":"2019-08-28T12:56:41+00:00","breadcrumb":{"@id":"https:\/\/www.meydan.tv\/az\/article\/besdir-xalqi-aldatdiniz\/#breadcrumb"},"inLanguage":"az","potentialAction":[{"@type":"ReadAction","target":["https:\/\/www.meydan.tv\/az\/article\/besdir-xalqi-aldatdiniz\/"]}]},{"@type":"ImageObject","inLanguage":"az","@id":"https:\/\/www.meydan.tv\/az\/article\/besdir-xalqi-aldatdiniz\/#primaryimage","url":"https:\/\/www.meydan.tv\/wp-content\/uploads\/zar.jpg","contentUrl":"https:\/\/www.meydan.tv\/wp-content\/uploads\/zar.jpg","width":853,"height":480,"caption":"Source: \u041c\u0435\u0439\u0434\u0430\u043d \u0422\u0412"},{"@type":"BreadcrumbList","@id":"https:\/\/www.meydan.tv\/az\/article\/besdir-xalqi-aldatdiniz\/#breadcrumb","itemListElement":[{"@type":"ListItem","position":1,"name":"Ana s\u0259hif\u0259","item":"https:\/\/www.meydan.tv\/az\/"},{"@type":"ListItem","position":2,"name":"M\u0259nim Fikrimc\u0259","item":"https:\/\/www.meydan.tv\/az\/section\/menim-fikrimce\/"},{"@type":"ListItem","position":3,"name":"B\u0259sdir xalq\u0131 aldatd\u0131n\u0131z!"}]},{"@type":"WebSite","@id":"https:\/\/www.meydan.tv\/az\/#website","url":"https:\/\/www.meydan.tv\/az\/","name":"MEYDAN.TV","description":"Meydan TV Az\u0259rbaycan\u0131n media m\u0259kan\u0131ndak\u0131 alternativ s\u0259sidir","publisher":{"@id":"https:\/\/www.meydan.tv\/az\/#organization"},"potentialAction":[{"@type":"SearchAction","target":{"@type":"EntryPoint","urlTemplate":"https:\/\/www.meydan.tv\/az\/?s={search_term_string}"},"query-input":{"@type":"PropertyValueSpecification","valueRequired":true,"valueName":"search_term_string"}}],"inLanguage":"az"},{"@type":"Organization","@id":"https:\/\/www.meydan.tv\/az\/#organization","name":"Meydan TV","url":"https:\/\/www.meydan.tv\/az\/","logo":{"@type":"ImageObject","inLanguage":"az","@id":"https:\/\/www.meydan.tv\/az\/#\/schema\/logo\/image\/","url":"https:\/\/www.meydan.tv\/wp-content\/uploads\/2021\/07\/meydan-logo.svg","contentUrl":"https:\/\/www.meydan.tv\/wp-content\/uploads\/2021\/07\/meydan-logo.svg","width":195,"height":46,"caption":"Meydan TV"},"image":{"@id":"https:\/\/www.meydan.tv\/az\/#\/schema\/logo\/image\/"}},{"@type":"Person","@id":"https:\/\/www.meydan.tv\/az\/#\/schema\/person\/10d11eccf6da3662cf5fdab9806ea91a","name":"user-manager"}]}},"_links":{"self":[{"href":"https:\/\/www.meydan.tv\/az\/wp-json\/wp\/v2\/posts\/196737","targetHints":{"allow":["GET"]}}],"collection":[{"href":"https:\/\/www.meydan.tv\/az\/wp-json\/wp\/v2\/posts"}],"about":[{"href":"https:\/\/www.meydan.tv\/az\/wp-json\/wp\/v2\/types\/post"}],"author":[{"embeddable":true,"href":"https:\/\/www.meydan.tv\/az\/wp-json\/wp\/v2\/users\/11"}],"replies":[{"embeddable":true,"href":"https:\/\/www.meydan.tv\/az\/wp-json\/wp\/v2\/comments?post=196737"}],"version-history":[{"count":0,"href":"https:\/\/www.meydan.tv\/az\/wp-json\/wp\/v2\/posts\/196737\/revisions"}],"wp:featuredmedia":[{"embeddable":true,"href":"https:\/\/www.meydan.tv\/az\/wp-json\/wp\/v2\/media\/120856"}],"wp:attachment":[{"href":"https:\/\/www.meydan.tv\/az\/wp-json\/wp\/v2\/media?parent=196737"}],"wp:term":[{"taxonomy":"category","embeddable":true,"href":"https:\/\/www.meydan.tv\/az\/wp-json\/wp\/v2\/categories?post=196737"},{"taxonomy":"post_tag","embeddable":true,"href":"https:\/\/www.meydan.tv\/az\/wp-json\/wp\/v2\/tags?post=196737"}],"curies":[{"name":"wp","href":"https:\/\/api.w.org\/{rel}","templated":true}]}}