{"id":196736,"date":"2019-08-28T13:01:54","date_gmt":"2019-08-28T13:01:54","guid":{"rendered":"https:\/\/www.meydan.tv\/article\/deyirler-odun-ucun-gelsen-basini-bedeninden-qoparariq\/"},"modified":"2019-08-28T13:01:54","modified_gmt":"2019-08-28T13:01:54","slug":"deyirler-odun-ucun-gelsen-basini-bedeninden-qoparariq","status":"publish","type":"post","link":"https:\/\/www.meydan.tv\/az\/article\/deyirler-odun-ucun-gelsen-basini-bedeninden-qoparariq\/","title":{"rendered":"\u201cDeyirl\u0259r, odun \u00fc\u00e7\u00fcn g\u0259ls\u0259n, ba\u015f\u0131n\u0131 b\u0259d\u0259nind\u0259n qoparar\u0131q\u201d"},"content":{"rendered":"<p>\n  <i><br \/>\n    Tovuzun \u00c7ataq k\u0259ndind\u0259n qaz x\u0259tti ke\u00e7s\u0259 d\u0259, k\u0259ndd\u0259 mavi yanacaq yoxdur<br \/>\n  <\/i>\n<\/p>\n<p>\n  Tovuzun \u00c7ataq k\u0259nd sakini Faiq S\u0259ttarovun 43 ya\u015f\u0131 var. \u0130kinci qrup \u0259lildir. D\u00f6rd azya\u015fl\u0131 \u00f6vlad\u0131ndan ikisi \u0259lildir. \u00dcst\u0259lik, 90 ya\u015fl\u0131 \u0259lil atas\u0131 da onun himay\u0259sdind\u0259dir. Faiq S\u0259ttarov deyir, t\u0259qrib\u0259n 3 il \u0259vv\u0259l evl\u0259rinin t\u0259xmin\u0259n 30-40 metrliyind\u0259n qaz x\u0259tti \u00e7\u0259kilib. Ancaq \u00c7ataq \u0259halisi \u00fc\u00e7\u00fcn yox, qon\u015fu k\u0259ndl\u0259r \u00fc\u00e7\u00fcn&#8230; Halbuki, bu k\u0259nd d\u0259 30 il\u0259 yax\u0131nd\u0131r ki, yanacaqs\u0131zd\u0131r. Ancaq aidiyy\u0259ti qurumlar k\u0259ndin qazla\u015fd\u0131r\u0131lmas\u0131na diqq\u0259t ay\u0131rm\u0131rlar.\n<\/p>\n<p>\n  <i><br \/>\n    \u201cSevindik ki, k\u0259ndimiz\u0259 qaz x\u0259tti \u00e7\u0259kilir\u201d<br \/>\n  <\/i>\n<\/p>\n<p>\n  Faiq S\u0259ttarov dan\u0131\u015f\u0131r:\n<\/p>\n<p>\n  \u201cSovet d\u00f6vr\u00fcnd\u0259 k\u0259ndimizd\u0259 mavi yanacaq vard\u0131. Sovet da\u011f\u0131landan sonra qaz\u0131n t\u0259zyiqi getdikc\u0259 z\u0259ifl\u0259di, sonra yerli-dibli k\u0259sildi. Rayonun qaz istismar sah\u0259sinin i\u015f\u00e7il\u0259ri qaz x\u0259tl\u0259rini hiss\u0259-hiss\u0259 do\u011fray\u0131b satd\u0131lar. \u00dc\u00e7 il \u0259vv\u0259l qaz idar\u0259sinin f\u0259hl\u0259l\u0259ri k\u0259nd\u0259 g\u0259tirib t\u0259z\u0259 qaz borular\u0131 y\u0131\u011fanda sevindik. Fikirl\u0259\u015fdik ki, n\u0259hay\u0259t, k\u0259ndimizd\u0259 qaz olacaq, adamlar\u0131n can\u0131 me\u015f\u0259b\u0259yi il\u0259 \u00fcz-g\u00f6z olmaqdan qurtaracaq. Sonra m\u0259lum oldu ki, bu qaz borular\u0131 qon\u015fuluqdak\u0131 Muncuqlu, Qaralar, \u015e\u0131xheyb\u0259t k\u0259ndl\u0259rin\u0259 \u00e7\u0259kilir, sad\u0259c\u0259, bizim k\u0259ndd\u0259n ke\u00e7ir. Borular\u0131n k\u0259ndimiz\u0259 d\u00fc\u015f\u0259n hiss\u0259sind\u0259 qazpaylay\u0131c\u0131 qoyulmay\u0131b. \u018fhali d\u0259f\u0259l\u0259rl\u0259 qaz idar\u0259sin\u0259 m\u00fcraci\u0259t edib, h\u0259r d\u0259f\u0259 d\u0259 \u0259haliy\u0259 deyirl\u0259r ki, kim ist\u0259yirs\u0259, g\u0259tirib 3 min manat versin, evin\u0259 qaz \u00e7\u0259kdirsin\u201d.\n<\/p>\n<p>\n  <i><br \/>\n    \u201cYa odun almal\u0131san, ya da \u00e7\u0131r-\u00e7\u0131rp\u0131 toplamal\u0131san\u201d<br \/>\n  <\/i>\n<\/p>\n<p>\n  \u018fhali yanacaq problemini yax\u0131nl\u0131qdak\u0131 me\u015f\u0259 a\u011faclar\u0131n\u0131n hesab\u0131na h\u0259ll etm\u0259y\u0259 \u00e7al\u0131\u015f\u0131r. Son ill\u0259r odunla ba\u011fl\u0131 qada\u011falar\u0131n s\u0259rtl\u0259\u015fdirilm\u0259si \u0259halinin \u0259lini me\u015f\u0259d\u0259n d\u0259 \u00fcz\u00fcb:\n<\/p>\n<p>\n  \u201cYa 400 manat verib ma\u015f\u0131nla oldun almal\u0131san, ya da me\u015f\u0259d\u0259n \u00e7\u0131r-\u00e7\u0131rp\u0131 y\u0131\u011f\u0131b istilik m\u0259s\u0259l\u0259sini h\u0259ll el\u0259m\u0259lis\u0259n. M\u0259s\u0259l\u0259n, m\u0259nim evim 6-7 ay odunla q\u0131zd\u0131r\u0131l\u0131r. 3 azya\u015fl\u0131 u\u015faq, onlardan ikisi \u0259lil, \u00f6z\u00fcm \u0259lil, atam \u0259lil&#8230; Ald\u0131\u011f\u0131m\u0131z pensiyalar\u0131 \u00fcst-\u00fcst\u0259 y\u0131\u011f\u0131b ild\u0259 bir ne\u00e7\u0259 d\u0259f\u0259 u\u015faqlar\u0131 Bak\u0131ya \u2013 m\u00fcalic\u0259l\u0259r\u0259 apar\u0131ram. H\u0259r d\u0259f\u0259 2 min manatdan \u00e7ox x\u0259rcim \u00e7\u0131x\u0131r. 400 manatl\u0131q odun he\u00e7 3 ay b\u0259s el\u0259mr. Q\u0131z\u0131m evd\u0259 f\u0259rdi t\u0259hsil al\u0131r. M\u00fc\u0259llimi ona d\u0259rsl\u0259ri qon\u015fu otaqda ke\u00e7ir dey\u0259, m\u0259cbur oluruq ki, h\u0259min otaqda da odun qalayaq. Ail\u0259likc\u0259 b\u00fct\u00fcn pensiyalar\u0131m\u0131z\u0131 bir yer\u0259 toplasaq da, q\u0131\u015f\u0131n odun t\u0259dar\u00fck\u00fcn\u0259 \u00e7atmaz. \u00dcst\u0259lik d\u0259 dediyim kimi, u\u015faqlar\u0131n m\u00fcalic\u0259si, \u00f6z m\u00fcalic\u0259m, bizim d\u0259rmanlar\u0131m\u0131z&#8230;\u201d\n<\/p>\n<p>\n  <i><br \/>\n    \u201cQo\u015fal\u00fcl\u0259ni \u00fcst\u00fcm\u00fcz\u0259 tu\u015flad\u0131\u201d<br \/>\n  <\/i>\n<\/p>\n<p>\n  Faiq S\u0259ttarov odun da\u015f\u0131maq \u00fc\u00e7\u00fcn kustar \u00fcsulla balaca traktor da d\u00fcz\u0259ldib. O, h\u0259r il pay\u0131za az qalm\u0131\u015f \u00f6z\u00fcn\u00fcn kustar \u00fcsulla d\u00fcz\u0259ltdiyi ki\u00e7ik traktorla me\u015f\u0259y\u0259 gedir, \u00e7\u0131r-\u00e7\u0131rp\u0131, \u00e7\u00fcr\u00fck odun par\u00e7alar\u0131 y\u0131\u011f\u0131r. Ancaq \u00f6t\u0259n q\u0131\u015f ona me\u015f\u0259y\u0259 yax\u0131n d\u00fc\u015fm\u0259k \u00e7\u0259tin olub:\n<\/p>\n<p>\n  \u201cU\u015faqla gedir\u0259m ki, m\u0259n\u0259 k\u00f6m\u0259k el\u0259sin. Me\u015f\u0259b\u0259yi \u00fcst\u00fcm\u00fcz\u0259 t\u00fcf\u0259ng tu\u015flad\u0131, dedi, me\u015f\u0259y\u0259 girs\u0259niz, at\u0259\u015f a\u00e7acam. U\u015faq m\u00f6hk\u0259m qorxdu. Dedim, m\u00fcharib\u0259 veteran\u0131yam, \u00fcst\u0259lik d\u0259, qolumu-q\u0131\u00e7\u0131m\u0131 \u201claqunda\u201d do\u011fray\u0131b, \u0259lil adamam, m\u0259n burda a\u011fac k\u0259smir\u0259m, pullu adamlar\u0131n k\u0259sib ma\u015f\u0131nlara y\u00fckl\u0259yib apard\u0131\u011f\u0131 a\u011faclardan qalan qal\u0131qlar\u0131 toplay\u0131ram. O da me\u015f\u0259 idar\u0259sin\u0259 z\u0259ng vurdu, dedi, burda bir m\u00fcharib\u0259 \u0259lili var, me\u015f\u0259d\u0259n odun y\u0131\u011f\u0131b aparmaq ist\u0259yir. Me\u015f\u0259 idar\u0259sind\u0259 dan\u0131\u015fd\u0131\u011f\u0131 h\u0259r kim idis\u0259, dedi, q\u0259l\u0259t el\u0259yir, me\u015f\u0259d\u0259n bir d\u0259n\u0259 odun aparsa, g\u0259lib onun ba\u015f\u0131n\u0131 b\u0259d\u0259nind\u0259n qopardaram\u201d.\n<\/p>\n<p>\n  Tovuz Rayon \u0130cra Hakimiyy\u0259tind\u0259n bildirilib ki, son 7 il \u0259rzind\u0259 rayonun bir \u00e7ox k\u0259ndi, o c\u00fcml\u0259d\u0259n, \u00c7ataq k\u0259ndinin yax\u0131nl\u0131\u011f\u0131ndak\u0131 Qaralar, Qo\u015fa, Qonaql\u0131, \u015e\u0131xheyb\u0259t v\u0259 Muncuqlu k\u0259ndl\u0259ri qazla\u015fd\u0131r\u0131l\u0131b. Haz\u0131rda rayonun Yuxar\u0131 \u00d6ys\u00fczl\u00fc k\u0259ndind\u0259ki yeni ya\u015fay\u0131\u015f massivi qazla\u015fmaya tam haz\u0131r v\u0259ziyy\u0259t\u0259 g\u0259tirilib: \u201cBir ne\u00e7\u0259 ay \u0259vv\u0259ls\u0259 Hunanlar v\u0259 \u018fhm\u0259dabad k\u0259ndl\u0259rin\u0259 ilk d\u0259f\u0259 qaz verilib. H\u0259r il n\u00f6vb\u0259li qaydada k\u0259ndl\u0259r qazla\u015fd\u0131r\u0131l\u0131r. Tezlikl\u0259 \u00e7ataql\u0131lar da evl\u0259rini mavi yanacaqla q\u0131zd\u0131racaqlar\u201d.\n<\/p>\n<p>\n  Tovuz rayon Me\u015f\u0259 M\u00fchafiz\u0259si v\u0259 B\u0259rpas\u0131 \u0130dar\u0259sind\u0259n bildirilib ki, yeni nazirin g\u00f6st\u0259ri\u015fl\u0259ri \u0259sas\u0131nda me\u015f\u0259l\u0259r\u0259 giri\u015f m\u0259hdudla\u015fd\u0131r\u0131l\u0131b v\u0259 m\u00fchafiz\u0259si g\u00fccl\u0259ndirilib. Bununla da me\u015f\u0259\u0259traf\u0131 k\u0259ndl\u0259rin \u0259halisi t\u0259r\u0259find\u0259n odun v\u0259 dig\u0259r m\u0259qs\u0259dl\u0259r \u00fc\u00e7\u00fcn a\u011fac k\u0259siminin qar\u015f\u0131s\u0131 al\u0131n\u0131b: \u201cMe\u015f\u0259b\u0259yi \u0259halinin \u00fcst\u00fcn\u0259 qo\u015fal\u00fcl\u0259 qald\u0131rm\u0131r, bu, c\u0259f\u0259ng s\u00f6hb\u0259tdir, h\u0259r \u015feyin qanuni yolu var, v\u0259t\u0259nda\u015f a\u011fac k\u0259s\u0259rs\u0259, bunun c\u0259rim\u0259si var\u201d.<\/p>\n","protected":false},"excerpt":{"rendered":"<p>Ald\u0131\u011f\u0131m\u0131z pensiyalar\u0131 \u00fcst-\u00fcst\u0259 y\u0131\u011f\u0131b ild\u0259 bir ne\u00e7\u0259 d\u0259f\u0259 u\u015faqlar\u0131 Bak\u0131ya \u2013 m\u00fcalic\u0259l\u0259r\u0259 apar\u0131ram.<\/p>\n","protected":false},"author":11,"featured_media":128788,"comment_status":"closed","ping_status":"open","sticky":false,"template":"","format":"standard","meta":{"_acf_changed":false,"_sitemap_exclude":false,"_sitemap_priority":"","_sitemap_frequency":"","footnotes":""},"categories":[60],"tags":[],"class_list":["post-196736","post","type-post","status-publish","format-standard","has-post-thumbnail","hentry","category-bolge","infinite-scroll-item","generate-columns","tablet-grid-50","mobile-grid-100","grid-parent","grid-33","no-featured-image-padding"],"acf":[],"yoast_head":"<!-- This site is optimized with the Yoast SEO plugin v27.5 - https:\/\/yoast.com\/product\/yoast-seo-wordpress\/ -->\n<title>\u201cDeyirl\u0259r, odun \u00fc\u00e7\u00fcn g\u0259ls\u0259n, ba\u015f\u0131n\u0131 b\u0259d\u0259nind\u0259n qoparar\u0131q\u201d - MEYDAN.TV<\/title>\n<meta name=\"robots\" content=\"index, follow, max-snippet:-1, max-image-preview:large, max-video-preview:-1\" \/>\n<link rel=\"canonical\" href=\"https:\/\/www.meydan.tv\/az\/article\/deyirler-odun-ucun-gelsen-basini-bedeninden-qoparariq\/\" \/>\n<meta property=\"og:locale\" content=\"az_AZ\" \/>\n<meta property=\"og:type\" content=\"article\" \/>\n<meta property=\"og:title\" content=\"\u201cDeyirl\u0259r, odun \u00fc\u00e7\u00fcn g\u0259ls\u0259n, ba\u015f\u0131n\u0131 b\u0259d\u0259nind\u0259n qoparar\u0131q\u201d - MEYDAN.TV\" \/>\n<meta property=\"og:description\" content=\"Ald\u0131\u011f\u0131m\u0131z pensiyalar\u0131 \u00fcst-\u00fcst\u0259 y\u0131\u011f\u0131b ild\u0259 bir ne\u00e7\u0259 d\u0259f\u0259 u\u015faqlar\u0131 Bak\u0131ya \u2013 m\u00fcalic\u0259l\u0259r\u0259 apar\u0131ram.\" \/>\n<meta property=\"og:url\" content=\"https:\/\/www.meydan.tv\/az\/article\/deyirler-odun-ucun-gelsen-basini-bedeninden-qoparariq\/\" \/>\n<meta property=\"og:site_name\" content=\"MEYDAN.TV\" \/>\n<meta property=\"article:published_time\" content=\"2019-08-28T13:01:54+00:00\" \/>\n<meta property=\"og:image\" content=\"https:\/\/www.meydan.tv\/wp-content\/uploads\/image_from_ios_9_5mc9les.jpg\" \/>\n\t<meta property=\"og:image:width\" content=\"1280\" \/>\n\t<meta property=\"og:image:height\" content=\"960\" \/>\n\t<meta property=\"og:image:type\" content=\"image\/jpeg\" \/>\n<meta name=\"author\" content=\"user-manager\" \/>\n<meta name=\"twitter:card\" content=\"summary_large_image\" \/>\n<script type=\"application\/ld+json\" class=\"yoast-schema-graph\">{\"@context\":\"https:\\\/\\\/schema.org\",\"@graph\":[{\"@type\":\"Article\",\"@id\":\"https:\\\/\\\/www.meydan.tv\\\/az\\\/article\\\/deyirler-odun-ucun-gelsen-basini-bedeninden-qoparariq\\\/#article\",\"isPartOf\":{\"@id\":\"https:\\\/\\\/www.meydan.tv\\\/az\\\/article\\\/deyirler-odun-ucun-gelsen-basini-bedeninden-qoparariq\\\/\"},\"author\":{\"name\":\"user-manager\",\"@id\":\"https:\\\/\\\/www.meydan.tv\\\/az\\\/#\\\/schema\\\/person\\\/10d11eccf6da3662cf5fdab9806ea91a\"},\"headline\":\"\u201cDeyirl\u0259r, odun \u00fc\u00e7\u00fcn g\u0259ls\u0259n, ba\u015f\u0131n\u0131 b\u0259d\u0259nind\u0259n qoparar\u0131q\u201d\",\"datePublished\":\"2019-08-28T13:01:54+00:00\",\"mainEntityOfPage\":{\"@id\":\"https:\\\/\\\/www.meydan.tv\\\/az\\\/article\\\/deyirler-odun-ucun-gelsen-basini-bedeninden-qoparariq\\\/\"},\"wordCount\":936,\"publisher\":{\"@id\":\"https:\\\/\\\/www.meydan.tv\\\/az\\\/#organization\"},\"image\":{\"@id\":\"https:\\\/\\\/www.meydan.tv\\\/az\\\/article\\\/deyirler-odun-ucun-gelsen-basini-bedeninden-qoparariq\\\/#primaryimage\"},\"thumbnailUrl\":\"https:\\\/\\\/www.meydan.tv\\\/wp-content\\\/uploads\\\/image_from_ios_9_5mc9les.jpg\",\"articleSection\":[\"B\u00f6lg\u0259\"],\"inLanguage\":\"az\"},{\"@type\":\"WebPage\",\"@id\":\"https:\\\/\\\/www.meydan.tv\\\/az\\\/article\\\/deyirler-odun-ucun-gelsen-basini-bedeninden-qoparariq\\\/\",\"url\":\"https:\\\/\\\/www.meydan.tv\\\/az\\\/article\\\/deyirler-odun-ucun-gelsen-basini-bedeninden-qoparariq\\\/\",\"name\":\"\u201cDeyirl\u0259r, odun \u00fc\u00e7\u00fcn g\u0259ls\u0259n, ba\u015f\u0131n\u0131 b\u0259d\u0259nind\u0259n qoparar\u0131q\u201d - MEYDAN.TV\",\"isPartOf\":{\"@id\":\"https:\\\/\\\/www.meydan.tv\\\/az\\\/#website\"},\"primaryImageOfPage\":{\"@id\":\"https:\\\/\\\/www.meydan.tv\\\/az\\\/article\\\/deyirler-odun-ucun-gelsen-basini-bedeninden-qoparariq\\\/#primaryimage\"},\"image\":{\"@id\":\"https:\\\/\\\/www.meydan.tv\\\/az\\\/article\\\/deyirler-odun-ucun-gelsen-basini-bedeninden-qoparariq\\\/#primaryimage\"},\"thumbnailUrl\":\"https:\\\/\\\/www.meydan.tv\\\/wp-content\\\/uploads\\\/image_from_ios_9_5mc9les.jpg\",\"datePublished\":\"2019-08-28T13:01:54+00:00\",\"breadcrumb\":{\"@id\":\"https:\\\/\\\/www.meydan.tv\\\/az\\\/article\\\/deyirler-odun-ucun-gelsen-basini-bedeninden-qoparariq\\\/#breadcrumb\"},\"inLanguage\":\"az\",\"potentialAction\":[{\"@type\":\"ReadAction\",\"target\":[\"https:\\\/\\\/www.meydan.tv\\\/az\\\/article\\\/deyirler-odun-ucun-gelsen-basini-bedeninden-qoparariq\\\/\"]}]},{\"@type\":\"ImageObject\",\"inLanguage\":\"az\",\"@id\":\"https:\\\/\\\/www.meydan.tv\\\/az\\\/article\\\/deyirler-odun-ucun-gelsen-basini-bedeninden-qoparariq\\\/#primaryimage\",\"url\":\"https:\\\/\\\/www.meydan.tv\\\/wp-content\\\/uploads\\\/image_from_ios_9_5mc9les.jpg\",\"contentUrl\":\"https:\\\/\\\/www.meydan.tv\\\/wp-content\\\/uploads\\\/image_from_ios_9_5mc9les.jpg\",\"width\":1280,\"height\":960,\"caption\":\"Source: meydan tv\"},{\"@type\":\"BreadcrumbList\",\"@id\":\"https:\\\/\\\/www.meydan.tv\\\/az\\\/article\\\/deyirler-odun-ucun-gelsen-basini-bedeninden-qoparariq\\\/#breadcrumb\",\"itemListElement\":[{\"@type\":\"ListItem\",\"position\":1,\"name\":\"Ana s\u0259hif\u0259\",\"item\":\"https:\\\/\\\/www.meydan.tv\\\/az\\\/\"},{\"@type\":\"ListItem\",\"position\":2,\"name\":\"B\u00f6lg\u0259\",\"item\":\"https:\\\/\\\/www.meydan.tv\\\/az\\\/section\\\/bolge\\\/\"},{\"@type\":\"ListItem\",\"position\":3,\"name\":\"\u201cDeyirl\u0259r, odun \u00fc\u00e7\u00fcn g\u0259ls\u0259n, ba\u015f\u0131n\u0131 b\u0259d\u0259nind\u0259n qoparar\u0131q\u201d\"}]},{\"@type\":\"WebSite\",\"@id\":\"https:\\\/\\\/www.meydan.tv\\\/az\\\/#website\",\"url\":\"https:\\\/\\\/www.meydan.tv\\\/az\\\/\",\"name\":\"MEYDAN.TV\",\"description\":\"Meydan TV Az\u0259rbaycan\u0131n media m\u0259kan\u0131ndak\u0131 alternativ s\u0259sidir\",\"publisher\":{\"@id\":\"https:\\\/\\\/www.meydan.tv\\\/az\\\/#organization\"},\"potentialAction\":[{\"@type\":\"SearchAction\",\"target\":{\"@type\":\"EntryPoint\",\"urlTemplate\":\"https:\\\/\\\/www.meydan.tv\\\/az\\\/?s={search_term_string}\"},\"query-input\":{\"@type\":\"PropertyValueSpecification\",\"valueRequired\":true,\"valueName\":\"search_term_string\"}}],\"inLanguage\":\"az\"},{\"@type\":\"Organization\",\"@id\":\"https:\\\/\\\/www.meydan.tv\\\/az\\\/#organization\",\"name\":\"Meydan TV\",\"url\":\"https:\\\/\\\/www.meydan.tv\\\/az\\\/\",\"logo\":{\"@type\":\"ImageObject\",\"inLanguage\":\"az\",\"@id\":\"https:\\\/\\\/www.meydan.tv\\\/az\\\/#\\\/schema\\\/logo\\\/image\\\/\",\"url\":\"https:\\\/\\\/www.meydan.tv\\\/wp-content\\\/uploads\\\/2021\\\/07\\\/meydan-logo.svg\",\"contentUrl\":\"https:\\\/\\\/www.meydan.tv\\\/wp-content\\\/uploads\\\/2021\\\/07\\\/meydan-logo.svg\",\"width\":195,\"height\":46,\"caption\":\"Meydan TV\"},\"image\":{\"@id\":\"https:\\\/\\\/www.meydan.tv\\\/az\\\/#\\\/schema\\\/logo\\\/image\\\/\"}},{\"@type\":\"Person\",\"@id\":\"https:\\\/\\\/www.meydan.tv\\\/az\\\/#\\\/schema\\\/person\\\/10d11eccf6da3662cf5fdab9806ea91a\",\"name\":\"user-manager\"}]}<\/script>\n<!-- \/ Yoast SEO plugin. -->","yoast_head_json":{"title":"\u201cDeyirl\u0259r, odun \u00fc\u00e7\u00fcn g\u0259ls\u0259n, ba\u015f\u0131n\u0131 b\u0259d\u0259nind\u0259n qoparar\u0131q\u201d - MEYDAN.TV","robots":{"index":"index","follow":"follow","max-snippet":"max-snippet:-1","max-image-preview":"max-image-preview:large","max-video-preview":"max-video-preview:-1"},"canonical":"https:\/\/www.meydan.tv\/az\/article\/deyirler-odun-ucun-gelsen-basini-bedeninden-qoparariq\/","og_locale":"az_AZ","og_type":"article","og_title":"\u201cDeyirl\u0259r, odun \u00fc\u00e7\u00fcn g\u0259ls\u0259n, ba\u015f\u0131n\u0131 b\u0259d\u0259nind\u0259n qoparar\u0131q\u201d - MEYDAN.TV","og_description":"Ald\u0131\u011f\u0131m\u0131z pensiyalar\u0131 \u00fcst-\u00fcst\u0259 y\u0131\u011f\u0131b ild\u0259 bir ne\u00e7\u0259 d\u0259f\u0259 u\u015faqlar\u0131 Bak\u0131ya \u2013 m\u00fcalic\u0259l\u0259r\u0259 apar\u0131ram.","og_url":"https:\/\/www.meydan.tv\/az\/article\/deyirler-odun-ucun-gelsen-basini-bedeninden-qoparariq\/","og_site_name":"MEYDAN.TV","article_published_time":"2019-08-28T13:01:54+00:00","og_image":[{"width":1280,"height":960,"url":"https:\/\/www.meydan.tv\/wp-content\/uploads\/image_from_ios_9_5mc9les.jpg","type":"image\/jpeg"}],"author":"user-manager","twitter_card":"summary_large_image","schema":{"@context":"https:\/\/schema.org","@graph":[{"@type":"Article","@id":"https:\/\/www.meydan.tv\/az\/article\/deyirler-odun-ucun-gelsen-basini-bedeninden-qoparariq\/#article","isPartOf":{"@id":"https:\/\/www.meydan.tv\/az\/article\/deyirler-odun-ucun-gelsen-basini-bedeninden-qoparariq\/"},"author":{"name":"user-manager","@id":"https:\/\/www.meydan.tv\/az\/#\/schema\/person\/10d11eccf6da3662cf5fdab9806ea91a"},"headline":"\u201cDeyirl\u0259r, odun \u00fc\u00e7\u00fcn g\u0259ls\u0259n, ba\u015f\u0131n\u0131 b\u0259d\u0259nind\u0259n qoparar\u0131q\u201d","datePublished":"2019-08-28T13:01:54+00:00","mainEntityOfPage":{"@id":"https:\/\/www.meydan.tv\/az\/article\/deyirler-odun-ucun-gelsen-basini-bedeninden-qoparariq\/"},"wordCount":936,"publisher":{"@id":"https:\/\/www.meydan.tv\/az\/#organization"},"image":{"@id":"https:\/\/www.meydan.tv\/az\/article\/deyirler-odun-ucun-gelsen-basini-bedeninden-qoparariq\/#primaryimage"},"thumbnailUrl":"https:\/\/www.meydan.tv\/wp-content\/uploads\/image_from_ios_9_5mc9les.jpg","articleSection":["B\u00f6lg\u0259"],"inLanguage":"az"},{"@type":"WebPage","@id":"https:\/\/www.meydan.tv\/az\/article\/deyirler-odun-ucun-gelsen-basini-bedeninden-qoparariq\/","url":"https:\/\/www.meydan.tv\/az\/article\/deyirler-odun-ucun-gelsen-basini-bedeninden-qoparariq\/","name":"\u201cDeyirl\u0259r, odun \u00fc\u00e7\u00fcn g\u0259ls\u0259n, ba\u015f\u0131n\u0131 b\u0259d\u0259nind\u0259n qoparar\u0131q\u201d - MEYDAN.TV","isPartOf":{"@id":"https:\/\/www.meydan.tv\/az\/#website"},"primaryImageOfPage":{"@id":"https:\/\/www.meydan.tv\/az\/article\/deyirler-odun-ucun-gelsen-basini-bedeninden-qoparariq\/#primaryimage"},"image":{"@id":"https:\/\/www.meydan.tv\/az\/article\/deyirler-odun-ucun-gelsen-basini-bedeninden-qoparariq\/#primaryimage"},"thumbnailUrl":"https:\/\/www.meydan.tv\/wp-content\/uploads\/image_from_ios_9_5mc9les.jpg","datePublished":"2019-08-28T13:01:54+00:00","breadcrumb":{"@id":"https:\/\/www.meydan.tv\/az\/article\/deyirler-odun-ucun-gelsen-basini-bedeninden-qoparariq\/#breadcrumb"},"inLanguage":"az","potentialAction":[{"@type":"ReadAction","target":["https:\/\/www.meydan.tv\/az\/article\/deyirler-odun-ucun-gelsen-basini-bedeninden-qoparariq\/"]}]},{"@type":"ImageObject","inLanguage":"az","@id":"https:\/\/www.meydan.tv\/az\/article\/deyirler-odun-ucun-gelsen-basini-bedeninden-qoparariq\/#primaryimage","url":"https:\/\/www.meydan.tv\/wp-content\/uploads\/image_from_ios_9_5mc9les.jpg","contentUrl":"https:\/\/www.meydan.tv\/wp-content\/uploads\/image_from_ios_9_5mc9les.jpg","width":1280,"height":960,"caption":"Source: meydan tv"},{"@type":"BreadcrumbList","@id":"https:\/\/www.meydan.tv\/az\/article\/deyirler-odun-ucun-gelsen-basini-bedeninden-qoparariq\/#breadcrumb","itemListElement":[{"@type":"ListItem","position":1,"name":"Ana s\u0259hif\u0259","item":"https:\/\/www.meydan.tv\/az\/"},{"@type":"ListItem","position":2,"name":"B\u00f6lg\u0259","item":"https:\/\/www.meydan.tv\/az\/section\/bolge\/"},{"@type":"ListItem","position":3,"name":"\u201cDeyirl\u0259r, odun \u00fc\u00e7\u00fcn g\u0259ls\u0259n, ba\u015f\u0131n\u0131 b\u0259d\u0259nind\u0259n qoparar\u0131q\u201d"}]},{"@type":"WebSite","@id":"https:\/\/www.meydan.tv\/az\/#website","url":"https:\/\/www.meydan.tv\/az\/","name":"MEYDAN.TV","description":"Meydan TV Az\u0259rbaycan\u0131n media m\u0259kan\u0131ndak\u0131 alternativ s\u0259sidir","publisher":{"@id":"https:\/\/www.meydan.tv\/az\/#organization"},"potentialAction":[{"@type":"SearchAction","target":{"@type":"EntryPoint","urlTemplate":"https:\/\/www.meydan.tv\/az\/?s={search_term_string}"},"query-input":{"@type":"PropertyValueSpecification","valueRequired":true,"valueName":"search_term_string"}}],"inLanguage":"az"},{"@type":"Organization","@id":"https:\/\/www.meydan.tv\/az\/#organization","name":"Meydan TV","url":"https:\/\/www.meydan.tv\/az\/","logo":{"@type":"ImageObject","inLanguage":"az","@id":"https:\/\/www.meydan.tv\/az\/#\/schema\/logo\/image\/","url":"https:\/\/www.meydan.tv\/wp-content\/uploads\/2021\/07\/meydan-logo.svg","contentUrl":"https:\/\/www.meydan.tv\/wp-content\/uploads\/2021\/07\/meydan-logo.svg","width":195,"height":46,"caption":"Meydan TV"},"image":{"@id":"https:\/\/www.meydan.tv\/az\/#\/schema\/logo\/image\/"}},{"@type":"Person","@id":"https:\/\/www.meydan.tv\/az\/#\/schema\/person\/10d11eccf6da3662cf5fdab9806ea91a","name":"user-manager"}]}},"_links":{"self":[{"href":"https:\/\/www.meydan.tv\/az\/wp-json\/wp\/v2\/posts\/196736","targetHints":{"allow":["GET"]}}],"collection":[{"href":"https:\/\/www.meydan.tv\/az\/wp-json\/wp\/v2\/posts"}],"about":[{"href":"https:\/\/www.meydan.tv\/az\/wp-json\/wp\/v2\/types\/post"}],"author":[{"embeddable":true,"href":"https:\/\/www.meydan.tv\/az\/wp-json\/wp\/v2\/users\/11"}],"replies":[{"embeddable":true,"href":"https:\/\/www.meydan.tv\/az\/wp-json\/wp\/v2\/comments?post=196736"}],"version-history":[{"count":0,"href":"https:\/\/www.meydan.tv\/az\/wp-json\/wp\/v2\/posts\/196736\/revisions"}],"wp:featuredmedia":[{"embeddable":true,"href":"https:\/\/www.meydan.tv\/az\/wp-json\/wp\/v2\/media\/128788"}],"wp:attachment":[{"href":"https:\/\/www.meydan.tv\/az\/wp-json\/wp\/v2\/media?parent=196736"}],"wp:term":[{"taxonomy":"category","embeddable":true,"href":"https:\/\/www.meydan.tv\/az\/wp-json\/wp\/v2\/categories?post=196736"},{"taxonomy":"post_tag","embeddable":true,"href":"https:\/\/www.meydan.tv\/az\/wp-json\/wp\/v2\/tags?post=196736"}],"curies":[{"name":"wp","href":"https:\/\/api.w.org\/{rel}","templated":true}]}}