{"id":196726,"date":"2019-08-27T15:59:45","date_gmt":"2019-08-27T15:59:45","guid":{"rendered":"https:\/\/www.meydan.tv\/article\/evvelce-xana-sonra-ruslara-indi-ise-azerbaycanlilara-ev-sahibliyi-eden-kend\/"},"modified":"2019-08-27T15:59:45","modified_gmt":"2019-08-27T15:59:45","slug":"evvelce-xana-sonra-ruslara-indi-ise-azerbaycanlilara-ev-sahibliyi-eden-kend","status":"publish","type":"post","link":"https:\/\/www.meydan.tv\/az\/article\/evvelce-xana-sonra-ruslara-indi-ise-azerbaycanlilara-ev-sahibliyi-eden-kend\/","title":{"rendered":"\u018fvv\u0259lc\u0259 xana, sonra ruslara, indi is\u0259 az\u0259rbaycanl\u0131lara ev sahibliyi ed\u0259n k\u0259nd"},"content":{"rendered":"<p>\n  <i><br \/>\n    Sakinl\u0259r deyir ki, C\u0259f\u0259rxanl\u0131 k\u0259ndind\u0259 vaxtil\u0259 alman \u0259sirl\u0259ri d\u0259 saxlan\u0131l\u0131b<br \/>\n  <\/i>\n<\/p>\n<p>\n  Bura \u00f6t\u0259n \u0259srl\u0259rd\u0259 \u0259halisinin 90 faizini ruslar\u0131n t\u0259\u015fkil etdiyi, \u0130kinci D\u00fcnya M\u00fcharib\u0259si \u0259r\u0259f\u0259sind\u0259 alman \u0259sirl\u0259rinin saxland\u0131\u011f\u0131 v\u0259 alman m\u0259zarl\u0131\u011f\u0131n\u0131n oldu\u011fu, k\u00f6hn\u0259 binalar\u0131 il\u0259 m\u0259\u015fhur Saatl\u0131n\u0131n C\u0259f\u0259rxanl\u0131 k\u0259ndidir.\n<\/p>\n<p>\n  K\u0259nd h\u0259m d\u0259 Sovet d\u00f6vr\u00fcnd\u0259 torpaq\u015f\u00fcnasl\u0131q elmi il\u0259 m\u0259\u015f\u011ful olan aliml\u0259r\u0259 ev sahibliyi edib. Sakinl\u0259rinin dem\u0259sin\u0259 g\u00f6r\u0259, Az\u0259rbaycan\u0131n \u0259n b\u00f6y\u00fck qarp\u0131z\u0131 burada yeti\u015fdirilib. H\u0259tta h\u0259min qarp\u0131z\u0131n m\u00fcqabilind\u0259 bir qo\u00e7 veribl\u0259r, sahibi raz\u0131 olmay\u0131b. Sonra h\u0259min qarp\u0131z\u0131 Moskvaya, k\u0259nd t\u0259s\u0259rr\u00fcfat\u0131 s\u0259rgisin\u0259 g\u00f6nd\u0259ribl\u0259r.\n<\/p>\n<p>\n  \u201c\u018fsirl\u0259rin yem\u0259yin\u0259 duz vurmurdular, yey\u0259nd\u0259 \u00fcr\u0259kl\u0259ri bulan\u0131rd\u0131\u201d\n<\/p>\n<p>\n  Sakinl\u0259ri k\u0259nd bar\u0259sind\u0259 \u00e7ox maraql\u0131 \u0259hvalatlar dan\u0131\u015f\u0131rlar. Burada saxlanan 200 alman zabitini xat\u0131rlayanlar da var. Kimi deyir, sonradan h\u0259min zabitl\u0259ri alman h\u00f6kum\u0259tin\u0259 t\u0259hvil verdil\u0259r, kimi d\u0259 onlar\u0131n ham\u0131s\u0131n\u0131n g\u00fcll\u0259l\u0259ndiyini s\u00f6yl\u0259yir:\n<\/p>\n<p>\n  \u201cH\u0259tta m\u00fcharib\u0259 vaxt\u0131 bura \u00e7oxlu yetim u\u015faqlar da g\u0259tirilmi\u015fdi. Onlar\u0131n b\u00f6y\u00fck \u0259ks\u0259riyy\u0259ti Rusiyadan g\u0259lm\u0259l\u0259r idi. El\u0259 alman \u0259sirl\u0259rini d\u0259 m\u00fcharib\u0259 d\u00f6vr\u00fcnd\u0259 g\u00f6rm\u00fc\u015f\u00fck. Burada, binalardan birind\u0259 saxlan\u0131rd\u0131lar. Ba\u015fqa bir binan\u0131 is\u0259 yem\u0259kxanaya \u00e7evirmi\u015fdil\u0259r. G\u00fcnd\u0259 3 d\u0259f\u0259 ora, yem\u0259k yem\u0259y\u0259 apar\u0131l\u0131rd\u0131lar. Biz d\u0259 maraqla onlar\u0131 seyr ed\u0259rdik. \u00c7oxu yem\u0259yi sonacan yey\u0259 bilmirdi, h\u0259tta qaytaranlar da olurdu. Valideynl\u0259rim dan\u0131\u015fanda e\u015fitmi\u015fdim ki, onlar\u0131n yem\u0259yin\u0259 duz vurmurmu\u015flar, ona g\u00f6r\u0259 \u00fcr\u0259kl\u0259ri bulan\u0131rm\u0131\u015f. G\u00f6r\u00fcn\u00fcr, z\u00fclm\u00fcn bir n\u00f6v\u00fc idi\u201d.\n<\/p>\n<p>\n  C\u0259f\u0259rxanl\u0131 sakini, 1934-c\u00fc il do\u011fumlu G\u00fclbik\u0259 Abdullayeva bel\u0259 deyir. G\u00fclbik\u0259 xan\u0131m bu k\u0259nd\u0259 sonradank\u00f6\u00e7m\u0259 olduqlar\u0131n\u0131 s\u00f6yl\u0259yir. Deyir, \u0259sill\u0259ri Sabirabad\u0131n Qala\u011fay\u0131n k\u0259ndind\u0259n olub. Acl\u0131q, i\u015fsizlik \u00fccbat\u0131ndan C\u0259f\u0259rxanl\u0131ya k\u00f6\u00e7m\u0259li olublar:\n<\/p>\n<figure class=\"wp-block-image size-large\">\n  <img decoding=\"async\" src=\"https:\/\/www.meydan.tv\/az\/image_from_ios__6_-png\/\" alt=\"image_from_ios__6_.png\" class=\"wp-image-128718\"\/><figcaption>\n    C\u0259f\u0259rxanl\u0131 k\u0259ndi<br \/>\n  <\/figcaption><\/figure>\n<p>\n  \u201cBurada uzaq bir qohumumuz ya\u015fay\u0131rd\u0131. Atam\u0131n bir d\u0259f\u0259 bu t\u0259r\u0259f\u0259 yolu d\u00fc\u015f\u00fcb. Bir gec\u0259 onlarda qal\u0131b. Bu k\u0259ndd\u0259ki ya\u015fay\u0131\u015f\u0131 g\u00f6r\u00fcb, heyran olub. H\u0259mi\u015f\u0259 dey\u0259rdil\u0259r ki, ruslar\u0131n oldu\u011fu yerd\u0259 he\u00e7 kim ac\u0131ndan \u00f6lm\u0259z. Bel\u0259 yerl\u0259rd\u0259 i\u015f-g\u00fcc, ya\u015fay\u0131\u015f y\u00fcks\u0259k s\u0259viyy\u0259d\u0259 olurdu. Qohumunun da m\u0259sl\u0259h\u0259ti il\u0259 atam bizi g\u00f6t\u00fcr\u00fcb C\u0259f\u0259rxanl\u0131ya g\u0259lib. M\u0259n onda k\u00f6rp\u0259 olmu\u015fam. Xatirimd\u0259 olan yegan\u0259 evimiz el\u0259 C\u0259f\u0259rxanl\u0131dak\u0131d\u0131r\u201d.\n<\/p>\n<p>\n  <i><br \/>\n    \u201cBu k\u0259ndd\u0259 m\u00fcharib\u0259 bir ayr\u0131 hiss edilirdi\u201d<br \/>\n  <\/i>\n<\/p>\n<p>\n  G\u00fclbik\u0259 Abdullayeva deyir ki, C\u0259f\u0259rxanl\u0131da ail\u0259sinin h\u0259yat\u0131 d\u0259yi\u015fib. U\u015faqlar\u0131n ham\u0131s\u0131 rus dilind\u0259 t\u0259hsil al\u0131b. \u00d6z\u00fc d\u0259 y\u00fcks\u0259k s\u0259viyy\u0259d\u0259. Atas\u0131 i\u015f\u0259 d\u00fcz\u0259lib, ev sahibi olublar:\n<\/p>\n<p>\n  \u201cG\u00fcz\u0259ran\u0131m\u0131z yerind\u0259 idi. Sonra da m\u00fcharib\u0259 ba\u015flad\u0131. M\u00fcharib\u0259 bu k\u0259ndd\u0259 bir ayr\u0131 hiss edilirdi. T\u0259s\u0259vv\u00fcr edin, 2-3 az\u0259rbaycanl\u0131 ail\u0259 idi, qalan\u0131 ham\u0131s\u0131 ruslar. Onlar\u0131n sava\u015f\u0131 idi. B\u0259lk\u0259 d\u0259 \u0259halisinin \u00e7oxu ruslar oldu\u011fu \u00fc\u00e7\u00fcn yetim u\u015faqlar\u0131 da etibar edib bu k\u0259nd\u0259 g\u0259tirdil\u0259r, \u0259sirl\u0259ri d\u0259. \u00c7\u00fcnki onlara \u00f6zl\u0259rind\u0259n ba\u015fqa he\u00e7 kim bu q\u0259d\u0259r yax\u015f\u0131 n\u0259zar\u0259t ed\u0259 bilm\u0259zdi\u201d.\n<\/p>\n<p>\n  <i><br \/>\n    \u201cBiz onlara \u00e7\u00f6r\u0259k, onlar biz\u0259 paltar sabunu verirdi\u201d<br \/>\n  <\/i>\n<\/p>\n<p>\n  G\u00fclbik\u0259 Abdullayeva deyir ki, \u0259sirl\u0259r g\u0259l\u0259nd\u0259 onun 6 ya\u015f\u0131 olub. Bu g\u00fcn kimi xatirind\u0259dir. S\u0259h\u0259rl\u0259r s\u0131raya d\u00fcz\u00fcb yem\u0259y\u0259 aparmaqlar\u0131, ba\u011fda-bax\u00e7ada, a\u011f\u0131r i\u015fl\u0259rd\u0259 \u00e7al\u0131\u015fd\u0131rd\u0131qlar\u0131, h\u0259r \u015fey:\n<\/p>\n<p>\n  \u201cBir-iki d\u0259f\u0259 m\u0259rk\u0259zd\u0259ki binaya qa\u00e7\u0131b, barmaql\u0131qlar aras\u0131ndan onlara konfet uzatm\u0131\u015fam. S\u0259h\u0259rl\u0259r onlar\u0131 i\u015fl\u0259tm\u0259y\u0259 aparanda \u00f6zl\u0259ri il\u0259 paltar sabunu g\u00f6t\u00fcr\u00fcrd\u00fcl\u0259r. Biz yolda onlara gizlinc\u0259 evd\u0259 bi\u015fmi\u015f qara \u00e7\u00f6r\u0259k uzad\u0131rd\u0131q, onlar da \u0259v\u0259zind\u0259 biz\u0259 sabun verirdil\u0259r. Qara da olsa, i\u00e7ind\u0259 duz olurdu, dad\u0131 \u0259la idi. K\u0259nd \u0259halisinin is\u0259 m\u00fcharib\u0259 vaxt\u0131 sabuna ehtiyac\u0131 olurdu. Qar\u015f\u0131l\u0131ql\u0131 yax\u015f\u0131l\u0131q edirdik bir-birimiz\u0259\u201d.\n<\/p>\n<figure class=\"wp-block-image size-large\">\n  <img decoding=\"async\" src=\"https:\/\/www.meydan.tv\/az\/image_from_ios-1-png-2\/\" alt=\"image_from_ios (1).png\" class=\"wp-image-128730\"\/><figcaption>\n    G\u00fclbik\u0259 Abdullayeva ke\u00e7mi\u015fi xat\u0131rlay\u0131r<br \/>\n  <\/figcaption><\/figure>\n<p>\n  <i><br \/>\n    \u201cAz qala h\u0259r h\u0259ft\u0259 biri \u00f6l\u00fcrd\u00fc, qalm\u0131rd\u0131lar \u00e7ox\u201d<br \/>\n  <\/i>\n<\/p>\n<p>\n  K\u0259nd sakinl\u0259ri sonradan h\u0259min alman zabitl\u0259rinin nec\u0259 oldu\u011funu bilmirl\u0259r. Deyirl\u0259r, arada h\u0259min zabitl\u0259rd\u0259n ikisi qa\u00e7\u0131b. \u0130ndiki \u015eirvan \u015f\u0259h\u0259ri yax\u0131nl\u0131\u011f\u0131ndan tutub, geriy\u0259 qaytar\u0131blar. Kimi d\u0259 s\u00f6yl\u0259yir ki, el\u0259 bu hadis\u0259d\u0259n sonra onlar\u0131n ham\u0131s\u0131n\u0131 g\u00fcll\u0259l\u0259yib, topa q\u0259bir qaz\u0131b, basd\u0131r\u0131blar. G\u00fclbik\u0259 Abdullayeva is\u0259 deyir ki, atas\u0131 h\u0259min zabitl\u0259rin Almaniyaya t\u0259hvil verildiyini s\u00f6yl\u0259yirdi:\n<\/p>\n<p>\n  \u201cB\u0259lk\u0259 d\u0259 biz u\u015faqlar pis olmayaq dey\u0259 bel\u0259 bir \u015fey uydurmu\u015fdular. \u00c7\u00fcnki az qala h\u0259r g\u00fcn soru\u015furduq. Amma h\u0259qiq\u0259t\u0259n d\u0259 onlar\u0131n bizim k\u0259ndd\u0259 m\u0259zarl\u0131qlar\u0131 var. X\u0259st\u0259l\u0259nib \u00f6l\u0259ni d\u0259 burada basd\u0131r\u0131rd\u0131lar. Q\u0259rib\u0259dir ki, az qala h\u0259r h\u0259ft\u0259 biri \u00f6l\u00fcrd\u00fc, qalm\u0131rd\u0131lar \u00e7ox. \u018fg\u0259r g\u00fcll\u0259l\u0259nm\u0259 olubsa, dem\u0259li, onlar\u0131 da burada d\u0259fn edibl\u0259r. Sonradan h\u0259min sah\u0259 unuduldu\u201d.\n<\/p>\n<p>\n  <i><br \/>\n    \u201cRuslar k\u00f6\u00e7d\u00fc, az\u0259rbaycanl\u0131lar g\u0259ldi, q\u0259bristanl\u0131q unuduldu\u201d<br \/>\n  <\/i>\n<\/p>\n<p>\n  G\u00fclbik\u0259 n\u0259n\u0259 deyir ki, sonradan k\u0259ndd\u0259n ruslar k\u00f6\u00e7d\u00fc, az\u0259rbaycanl\u0131lar g\u0259ldi, h\u0259min q\u0259bristanl\u0131q da bel\u0259c\u0259 unuduldu. H\u0259tta m\u00fcst\u0259qillik d\u00f6vr\u00fcnd\u0259 o \u0259razil\u0259r k\u0259ndlil\u0259r\u0259 pay torpa\u011f\u0131 kimi verilib:\n<\/p>\n<p>\n  \u201c\u018fkin yeri kimi istifad\u0259 olunurdu. Son ill\u0259r Almaniya S\u0259firliyi h\u0259min \u0259razini t\u0259xmini t\u0259sbit etdi. Bir k\u0259ndlinin h\u0259y\u0259tin\u0259 d\u00fc\u015f\u00fcrd\u00fc. N\u0259 is\u0259 k\u0259ndlinin d\u0259 raz\u0131l\u0131\u011f\u0131 il\u0259 \u0259raziy\u0259 abid\u0259 qoydular, \u00e7\u0259p\u0259rl\u0259dil\u0259r. El\u0259 h\u0259min k\u0259ndli o \u0259raziy\u0259 m\u00fc\u0259yy\u0259n \u0259m\u0259khaqq\u0131 qar\u015f\u0131l\u0131\u011f\u0131nda n\u0259zar\u0259t edir. Bel\u0259si ham\u0131 \u00fc\u00e7\u00fcn yax\u015f\u0131d\u0131r\u201d.\n<\/p>\n<figure class=\"wp-block-image size-large\">\n  <img decoding=\"async\" src=\"https:\/\/www.meydan.tv\/az\/image_from_ios__2_-png\/\" alt=\"image_from_ios__2_.png\" class=\"wp-image-128724\"\/><figcaption>\n    Almanlar\u0131n yem\u0259kxanas\u0131n\u0131n indiki durumu<br \/>\n  <\/figcaption><\/figure>\n<p>\n  <i><br \/>\n    \u201cHans\u0131 k\u0259ndd\u0259 bu q\u0259d\u0259r maraql\u0131 binalar var?\u201d<br \/>\n  <\/i>\n<\/p>\n<p>\n  Veytulla Tahirov is\u0259 m\u00fcharib\u0259d\u0259n xeyli vaxt sonra 1959-cu ild\u0259 k\u00f6\u00e7\u00fcb C\u0259f\u0259rxanl\u0131ya. \u018fsl\u0259n ax\u0131ska t\u00fcrk\u00fcd\u00fcr, art\u0131q C\u0259f\u0259rxanl\u0131n\u0131 v\u0259t\u0259ni bilir:\n<\/p>\n<p>\n  \u201cBiz g\u0259l\u0259nd\u0259 k\u0259ndd\u0259 bu q\u0259d\u0259r ya\u015fay\u0131\u015f yox idi. \u018fsas 5 b\u00f6y\u00fck bina vard\u0131 ki, deyil\u0259n\u0259 g\u00f6r\u0259 C\u0259f\u0259r xan\u0131n vaxt\u0131ndan qal\u0131b. Onun \u0259yanlar\u0131 \u00fc\u00e7\u00fcn tikdirdiyi binad\u0131r. Bunu sonradan bildik. Ancaq ad\u0259t\u0259n rusdanqalma bina kimi tan\u0131n\u0131r. H\u0259min binalar\u0131n h\u0259r birind\u0259 16-18 ail\u0259 ya\u015fay\u0131rd\u0131. K\u0259ndin tarixi b\u00f6y\u00fckd\u00fcr. Bir bax\u0131n, hans\u0131 k\u0259ndd\u0259 bu q\u0259d\u0259r maraql\u0131 binalar var?\u201d\n<\/p>\n<p>\n  <i><br \/>\n    \u201cAz\u0259rbaycanda yegan\u0259 torpaq elmi il\u0259 m\u0259\u015f\u011ful olan stansiya burada olub\u201d<br \/>\n  <\/i>\n<\/p>\n<p>\n  Veytulla Tahirov deyir ki, \u0130randan g\u0259lmi\u015f C\u0259f\u0259r xan\u0131n sald\u0131rd\u0131\u011f\u0131 bu k\u0259ndd\u0259, sonradan ruslar ya\u015fay\u0131b. Daha sonra torpaq\u015f\u00fcnasl\u0131q elminin ixtiyar\u0131na verilib:\n<\/p>\n<p>\n  \u201cAz\u0259rbaycanda yegan\u0259 torpaq elmi il\u0259 m\u0259\u015f\u011ful olan stansiya burada olub. H\u0259r yay n\u0259 q\u0259d\u0259r t\u0259l\u0259b\u0259 g\u0259lirdi, elmi t\u0259dqiqatlar apar\u0131rd\u0131lar. Ax\u0131rda da ax\u0131ska t\u00fcrkl\u0259rin\u0259 v\u0259 az\u0259rbaycanl\u0131lara ev oldu\u201d.\n<\/p>\n<figure class=\"wp-block-image size-large\">\n  <img decoding=\"async\" src=\"https:\/\/www.meydan.tv\/az\/image_from_ios__8_-png\/\" alt=\"image_from_ios__8_.png\" class=\"wp-image-128721\"\/><figcaption>\n    K\u0259nd sakini Veytulla Tahirov<br \/>\n  <\/figcaption><\/figure>\n<p>\n  <i><br \/>\n    \u201cQarp\u0131z vard\u0131, yeti\u015f\u0259n vaxt\u0131 yan\u0131nda s\u0259s olan kimi partlay\u0131rd\u0131\u201d<br \/>\n  <\/i>\n<\/p>\n<p>\n  Veytulla Tahirov deyir ki, h\u0259tta akademik, bioloq C\u0259lal \u018fliyev d\u0259 C\u0259f\u0259rxanl\u0131da t\u0259cr\u00fcb\u0259 ke\u00e7ib:\n<\/p>\n<p>\n  \u201cDediyim kimi h\u0259r yaz minl\u0259rl\u0259 t\u0259l\u0259b\u0259 g\u0259lirdi k\u0259nd\u0259. C\u0259lal \u018fliyev d\u0259 bura ilk g\u0259l\u0259nd\u0259 2-ci kurs t\u0259l\u0259b\u0259si idi. Torpa\u011f\u0131 yuyub, b\u00f6y\u00fck meyv\u0259 t\u0259r\u0259v\u0259zl\u0259r yeti\u015fdirirdil\u0259r. B\u00f6y\u00fck qarp\u0131zlar\u0131 i\u0259 m\u0259\u015fhur idi k\u0259ndimiz. H\u0259tta bir qarp\u0131z vard\u0131 ki, yeti\u015f\u0259n vaxt\u0131 yan\u0131nda s\u0259s olan kimi partlay\u0131rd\u0131. Onlar\u0131 uzaq sah\u0259l\u0259rd\u0259 \u0259kirdil\u0259r ki, s\u0259s olmas\u0131n. B\u00fct\u00fcn bunlar aliml\u0259rin z\u0259hm\u0259tinin b\u0259hr\u0259si idi. Onlar torpa\u011f\u0131 el\u0259 q\u0259\u015f\u0259ng t\u0259mizl\u0259mi\u015fdil\u0259r ki, m\u0259hsuldar olurdu. \u018fkin\u0259 yaral\u0131 hala g\u0259tirmi\u015fdil\u0259r\u201d.\n<\/p>\n<figure class=\"wp-block-image size-large\">\n  <img decoding=\"async\" src=\"https:\/\/www.meydan.tv\/az\/image_from_ios__5_-png\/\" alt=\"image_from_ios__5_.png\" class=\"wp-image-128727\"\/><figcaption>\n    Sakinl\u0259r deyirl\u0259r ki, Sovet d\u00f6vr\u00fcnd\u0259 binalar bel\u0259 u\u00e7ub-da\u011f\u0131lmam\u0131\u015fd\u0131<br \/>\n  <\/figcaption><\/figure>\n<p>\n  K\u0259ndin tarixin\u0259 g\u0259linc\u0259, sakinl\u0259ri deyirl\u0259r ki, \u00f6t\u0259n \u0259srin \u0259vv\u0259ll\u0259rind\u0259 \u0130randan g\u0259lmi\u015f C\u0259f\u0259r xan adl\u0131 bir varl\u0131 al\u0131b bu \u0259razil\u0259ri. \u00d6z\u00fcn\u0259 v\u0259 \u0259yanlar\u0131na evl\u0259r tikdirib. Bel\u0259likl\u0259, k\u0259ndin \u0259sas\u0131 qoyulub. Sonradan Sovet hakimiyy\u0259ti mal-d\u00f6vl\u0259tini al\u0131b, \u00f6z\u00fcn\u00fc is\u0259 h\u0259bs etm\u0259k ist\u0259y\u0259nd\u0259 C\u0259f\u0259r xan at\u0131n\u0131 min\u0259r\u0259k, \u0130rana t\u0259r\u0259f qa\u00e7\u0131b. Ondan sonra ba\u015f\u0131na n\u0259 g\u0259ldiyini bil\u0259n olmay\u0131b. C\u0259f\u0259r xan\u0131n \u00f6z\u00fcn\u0259 v\u0259 xidm\u0259t\u00e7il\u0259rin\u0259 tikdirdiyi binalardan k\u0259nd sakinl\u0259ri bu g\u00fcn d\u0259 istifad\u0259 edir. El\u0259 k\u0259ndin ad\u0131 da xan\u0131n ad\u0131 il\u0259 ba\u011fl\u0131d\u0131r.\n<\/p>\n<figure class=\"wp-block-image size-large\">\n  <img decoding=\"async\" src=\"https:\/\/www.meydan.tv\/az\/image_from_ios__4_-png\/\" alt=\"image_from_ios__4_.png\" class=\"wp-image-128733\"\/><figcaption>\n    \u018fkin sah\u0259sinin i\u00e7ind\u0259ki alman \u0259sirl\u0259ri q\u0259biristanl\u0131\u011f\u0131<br \/>\n  <\/figcaption><\/figure>\n<figure class=\"wp-block-image size-large\">\n  <img decoding=\"async\" src=\"https:\/\/www.meydan.tv\/az\/image_from_ios__7_-png\/\" alt=\"image_from_ios__7_.png\" class=\"wp-image-128736\"\/><figcaption>\n    Almaniya h\u00f6kum\u0259tinin alman \u0259sirl\u0259rinin xatir\u0259sin\u0259 qoydu\u011fu abid\u0259<br \/>\n  <\/figcaption><\/figure>\n<figure class=\"wp-block-image size-large\">\n  <img decoding=\"async\" src=\"https:\/\/www.meydan.tv\/az\/image_from_ios__9_-png\/\" alt=\"image_from_ios__9_.png\" class=\"wp-image-128742\"\/><figcaption>\n    Alman h\u00f6kum\u0259ti abid\u0259y\u0259 n\u0259zar\u0259t \u00fc\u00e7\u00fcn k\u0259nd sakinl\u0259rind\u0259n biri il\u0259 anla\u015f\u0131b<br \/>\n  <\/figcaption><\/figure>\n<figure class=\"wp-block-image size-large\">\n  <img decoding=\"async\" src=\"https:\/\/www.meydan.tv\/az\/image_from_ios__10_-png\/\" alt=\"image_from_ios__10_.png\" class=\"wp-image-128748\"\/><figcaption>\n    \u0130kinci D\u00fcnya M\u00fcharib\u0259si zaman\u0131 \u0259sir d\u00fc\u015fm\u00fc\u015fl\u0259rin q\u0259bristanl\u0131\u011f\u0131<br \/>\n  <\/figcaption><\/figure>\n<figure class=\"wp-block-image size-large\">\n  <img decoding=\"async\" src=\"https:\/\/www.meydan.tv\/az\/image_from_ios__11_-png\/\" alt=\"image_from_ios__11_.png\" class=\"wp-image-128754\"\/><figcaption>\n    M\u0259zarl\u0131q k\u0259nd sakinl\u0259rind\u0259n birinin h\u0259y\u0259tinin i\u00e7ind\u0259dir<br \/>\n  <\/figcaption><\/figure>\n","protected":false},"excerpt":{"rendered":"<p>Bir bax\u0131n, hans\u0131 k\u0259ndd\u0259 bu q\u0259d\u0259r maraql\u0131 binalar var?<\/p>\n","protected":false},"author":11,"featured_media":128715,"comment_status":"closed","ping_status":"open","sticky":false,"template":"","format":"standard","meta":{"_acf_changed":false,"_sitemap_exclude":false,"_sitemap_priority":"","_sitemap_frequency":"","footnotes":""},"categories":[60],"tags":[],"class_list":["post-196726","post","type-post","status-publish","format-standard","has-post-thumbnail","hentry","category-bolge","infinite-scroll-item","generate-columns","tablet-grid-50","mobile-grid-100","grid-parent","grid-33","no-featured-image-padding"],"acf":[],"yoast_head":"<!-- This site is optimized with the Yoast SEO plugin v27.5 - https:\/\/yoast.com\/product\/yoast-seo-wordpress\/ -->\n<title>\u018fvv\u0259lc\u0259 xana, sonra ruslara, indi is\u0259 az\u0259rbaycanl\u0131lara ev sahibliyi ed\u0259n k\u0259nd - MEYDAN.TV<\/title>\n<meta name=\"robots\" content=\"index, follow, max-snippet:-1, max-image-preview:large, max-video-preview:-1\" \/>\n<link rel=\"canonical\" href=\"https:\/\/www.meydan.tv\/az\/article\/evvelce-xana-sonra-ruslara-indi-ise-azerbaycanlilara-ev-sahibliyi-eden-kend\/\" \/>\n<meta property=\"og:locale\" content=\"az_AZ\" \/>\n<meta property=\"og:type\" content=\"article\" \/>\n<meta property=\"og:title\" content=\"\u018fvv\u0259lc\u0259 xana, sonra ruslara, indi is\u0259 az\u0259rbaycanl\u0131lara ev sahibliyi ed\u0259n k\u0259nd - MEYDAN.TV\" \/>\n<meta property=\"og:description\" content=\"Bir bax\u0131n, hans\u0131 k\u0259ndd\u0259 bu q\u0259d\u0259r maraql\u0131 binalar var?\" \/>\n<meta property=\"og:url\" content=\"https:\/\/www.meydan.tv\/az\/article\/evvelce-xana-sonra-ruslara-indi-ise-azerbaycanlilara-ev-sahibliyi-eden-kend\/\" \/>\n<meta property=\"og:site_name\" content=\"MEYDAN.TV\" \/>\n<meta property=\"article:published_time\" content=\"2019-08-27T15:59:45+00:00\" \/>\n<meta property=\"og:image\" content=\"https:\/\/www.meydan.tv\/wp-content\/uploads\/image_from_ios__1_-1094x821.png\" \/>\n\t<meta property=\"og:image:width\" content=\"1094\" \/>\n\t<meta property=\"og:image:height\" content=\"821\" \/>\n\t<meta property=\"og:image:type\" content=\"image\/png\" \/>\n<meta name=\"author\" content=\"user-manager\" \/>\n<meta name=\"twitter:card\" content=\"summary_large_image\" \/>\n<script type=\"application\/ld+json\" class=\"yoast-schema-graph\">{\"@context\":\"https:\\\/\\\/schema.org\",\"@graph\":[{\"@type\":\"Article\",\"@id\":\"https:\\\/\\\/www.meydan.tv\\\/az\\\/article\\\/evvelce-xana-sonra-ruslara-indi-ise-azerbaycanlilara-ev-sahibliyi-eden-kend\\\/#article\",\"isPartOf\":{\"@id\":\"https:\\\/\\\/www.meydan.tv\\\/az\\\/article\\\/evvelce-xana-sonra-ruslara-indi-ise-azerbaycanlilara-ev-sahibliyi-eden-kend\\\/\"},\"author\":{\"name\":\"user-manager\",\"@id\":\"https:\\\/\\\/www.meydan.tv\\\/az\\\/#\\\/schema\\\/person\\\/10d11eccf6da3662cf5fdab9806ea91a\"},\"headline\":\"\u018fvv\u0259lc\u0259 xana, sonra ruslara, indi is\u0259 az\u0259rbaycanl\u0131lara ev sahibliyi ed\u0259n k\u0259nd\",\"datePublished\":\"2019-08-27T15:59:45+00:00\",\"mainEntityOfPage\":{\"@id\":\"https:\\\/\\\/www.meydan.tv\\\/az\\\/article\\\/evvelce-xana-sonra-ruslara-indi-ise-azerbaycanlilara-ev-sahibliyi-eden-kend\\\/\"},\"wordCount\":1697,\"publisher\":{\"@id\":\"https:\\\/\\\/www.meydan.tv\\\/az\\\/#organization\"},\"image\":{\"@id\":\"https:\\\/\\\/www.meydan.tv\\\/az\\\/article\\\/evvelce-xana-sonra-ruslara-indi-ise-azerbaycanlilara-ev-sahibliyi-eden-kend\\\/#primaryimage\"},\"thumbnailUrl\":\"https:\\\/\\\/www.meydan.tv\\\/wp-content\\\/uploads\\\/image_from_ios__1_.png\",\"articleSection\":[\"B\u00f6lg\u0259\"],\"inLanguage\":\"az\"},{\"@type\":\"WebPage\",\"@id\":\"https:\\\/\\\/www.meydan.tv\\\/az\\\/article\\\/evvelce-xana-sonra-ruslara-indi-ise-azerbaycanlilara-ev-sahibliyi-eden-kend\\\/\",\"url\":\"https:\\\/\\\/www.meydan.tv\\\/az\\\/article\\\/evvelce-xana-sonra-ruslara-indi-ise-azerbaycanlilara-ev-sahibliyi-eden-kend\\\/\",\"name\":\"\u018fvv\u0259lc\u0259 xana, sonra ruslara, indi is\u0259 az\u0259rbaycanl\u0131lara ev sahibliyi ed\u0259n k\u0259nd - MEYDAN.TV\",\"isPartOf\":{\"@id\":\"https:\\\/\\\/www.meydan.tv\\\/az\\\/#website\"},\"primaryImageOfPage\":{\"@id\":\"https:\\\/\\\/www.meydan.tv\\\/az\\\/article\\\/evvelce-xana-sonra-ruslara-indi-ise-azerbaycanlilara-ev-sahibliyi-eden-kend\\\/#primaryimage\"},\"image\":{\"@id\":\"https:\\\/\\\/www.meydan.tv\\\/az\\\/article\\\/evvelce-xana-sonra-ruslara-indi-ise-azerbaycanlilara-ev-sahibliyi-eden-kend\\\/#primaryimage\"},\"thumbnailUrl\":\"https:\\\/\\\/www.meydan.tv\\\/wp-content\\\/uploads\\\/image_from_ios__1_.png\",\"datePublished\":\"2019-08-27T15:59:45+00:00\",\"breadcrumb\":{\"@id\":\"https:\\\/\\\/www.meydan.tv\\\/az\\\/article\\\/evvelce-xana-sonra-ruslara-indi-ise-azerbaycanlilara-ev-sahibliyi-eden-kend\\\/#breadcrumb\"},\"inLanguage\":\"az\",\"potentialAction\":[{\"@type\":\"ReadAction\",\"target\":[\"https:\\\/\\\/www.meydan.tv\\\/az\\\/article\\\/evvelce-xana-sonra-ruslara-indi-ise-azerbaycanlilara-ev-sahibliyi-eden-kend\\\/\"]}]},{\"@type\":\"ImageObject\",\"inLanguage\":\"az\",\"@id\":\"https:\\\/\\\/www.meydan.tv\\\/az\\\/article\\\/evvelce-xana-sonra-ruslara-indi-ise-azerbaycanlilara-ev-sahibliyi-eden-kend\\\/#primaryimage\",\"url\":\"https:\\\/\\\/www.meydan.tv\\\/wp-content\\\/uploads\\\/image_from_ios__1_.png\",\"contentUrl\":\"https:\\\/\\\/www.meydan.tv\\\/wp-content\\\/uploads\\\/image_from_ios__1_.png\",\"width\":1333,\"height\":1000,\"caption\":\"Source: meydan tv\"},{\"@type\":\"BreadcrumbList\",\"@id\":\"https:\\\/\\\/www.meydan.tv\\\/az\\\/article\\\/evvelce-xana-sonra-ruslara-indi-ise-azerbaycanlilara-ev-sahibliyi-eden-kend\\\/#breadcrumb\",\"itemListElement\":[{\"@type\":\"ListItem\",\"position\":1,\"name\":\"Ana s\u0259hif\u0259\",\"item\":\"https:\\\/\\\/www.meydan.tv\\\/az\\\/\"},{\"@type\":\"ListItem\",\"position\":2,\"name\":\"B\u00f6lg\u0259\",\"item\":\"https:\\\/\\\/www.meydan.tv\\\/az\\\/section\\\/bolge\\\/\"},{\"@type\":\"ListItem\",\"position\":3,\"name\":\"\u018fvv\u0259lc\u0259 xana, sonra ruslara, indi is\u0259 az\u0259rbaycanl\u0131lara ev sahibliyi ed\u0259n k\u0259nd\"}]},{\"@type\":\"WebSite\",\"@id\":\"https:\\\/\\\/www.meydan.tv\\\/az\\\/#website\",\"url\":\"https:\\\/\\\/www.meydan.tv\\\/az\\\/\",\"name\":\"MEYDAN.TV\",\"description\":\"Meydan TV Az\u0259rbaycan\u0131n media m\u0259kan\u0131ndak\u0131 alternativ s\u0259sidir\",\"publisher\":{\"@id\":\"https:\\\/\\\/www.meydan.tv\\\/az\\\/#organization\"},\"potentialAction\":[{\"@type\":\"SearchAction\",\"target\":{\"@type\":\"EntryPoint\",\"urlTemplate\":\"https:\\\/\\\/www.meydan.tv\\\/az\\\/?s={search_term_string}\"},\"query-input\":{\"@type\":\"PropertyValueSpecification\",\"valueRequired\":true,\"valueName\":\"search_term_string\"}}],\"inLanguage\":\"az\"},{\"@type\":\"Organization\",\"@id\":\"https:\\\/\\\/www.meydan.tv\\\/az\\\/#organization\",\"name\":\"Meydan TV\",\"url\":\"https:\\\/\\\/www.meydan.tv\\\/az\\\/\",\"logo\":{\"@type\":\"ImageObject\",\"inLanguage\":\"az\",\"@id\":\"https:\\\/\\\/www.meydan.tv\\\/az\\\/#\\\/schema\\\/logo\\\/image\\\/\",\"url\":\"https:\\\/\\\/www.meydan.tv\\\/wp-content\\\/uploads\\\/2021\\\/07\\\/meydan-logo.svg\",\"contentUrl\":\"https:\\\/\\\/www.meydan.tv\\\/wp-content\\\/uploads\\\/2021\\\/07\\\/meydan-logo.svg\",\"width\":195,\"height\":46,\"caption\":\"Meydan TV\"},\"image\":{\"@id\":\"https:\\\/\\\/www.meydan.tv\\\/az\\\/#\\\/schema\\\/logo\\\/image\\\/\"}},{\"@type\":\"Person\",\"@id\":\"https:\\\/\\\/www.meydan.tv\\\/az\\\/#\\\/schema\\\/person\\\/10d11eccf6da3662cf5fdab9806ea91a\",\"name\":\"user-manager\"}]}<\/script>\n<!-- \/ Yoast SEO plugin. -->","yoast_head_json":{"title":"\u018fvv\u0259lc\u0259 xana, sonra ruslara, indi is\u0259 az\u0259rbaycanl\u0131lara ev sahibliyi ed\u0259n k\u0259nd - MEYDAN.TV","robots":{"index":"index","follow":"follow","max-snippet":"max-snippet:-1","max-image-preview":"max-image-preview:large","max-video-preview":"max-video-preview:-1"},"canonical":"https:\/\/www.meydan.tv\/az\/article\/evvelce-xana-sonra-ruslara-indi-ise-azerbaycanlilara-ev-sahibliyi-eden-kend\/","og_locale":"az_AZ","og_type":"article","og_title":"\u018fvv\u0259lc\u0259 xana, sonra ruslara, indi is\u0259 az\u0259rbaycanl\u0131lara ev sahibliyi ed\u0259n k\u0259nd - MEYDAN.TV","og_description":"Bir bax\u0131n, hans\u0131 k\u0259ndd\u0259 bu q\u0259d\u0259r maraql\u0131 binalar var?","og_url":"https:\/\/www.meydan.tv\/az\/article\/evvelce-xana-sonra-ruslara-indi-ise-azerbaycanlilara-ev-sahibliyi-eden-kend\/","og_site_name":"MEYDAN.TV","article_published_time":"2019-08-27T15:59:45+00:00","og_image":[{"width":1094,"height":821,"url":"https:\/\/www.meydan.tv\/wp-content\/uploads\/image_from_ios__1_-1094x821.png","type":"image\/png"}],"author":"user-manager","twitter_card":"summary_large_image","schema":{"@context":"https:\/\/schema.org","@graph":[{"@type":"Article","@id":"https:\/\/www.meydan.tv\/az\/article\/evvelce-xana-sonra-ruslara-indi-ise-azerbaycanlilara-ev-sahibliyi-eden-kend\/#article","isPartOf":{"@id":"https:\/\/www.meydan.tv\/az\/article\/evvelce-xana-sonra-ruslara-indi-ise-azerbaycanlilara-ev-sahibliyi-eden-kend\/"},"author":{"name":"user-manager","@id":"https:\/\/www.meydan.tv\/az\/#\/schema\/person\/10d11eccf6da3662cf5fdab9806ea91a"},"headline":"\u018fvv\u0259lc\u0259 xana, sonra ruslara, indi is\u0259 az\u0259rbaycanl\u0131lara ev sahibliyi ed\u0259n k\u0259nd","datePublished":"2019-08-27T15:59:45+00:00","mainEntityOfPage":{"@id":"https:\/\/www.meydan.tv\/az\/article\/evvelce-xana-sonra-ruslara-indi-ise-azerbaycanlilara-ev-sahibliyi-eden-kend\/"},"wordCount":1697,"publisher":{"@id":"https:\/\/www.meydan.tv\/az\/#organization"},"image":{"@id":"https:\/\/www.meydan.tv\/az\/article\/evvelce-xana-sonra-ruslara-indi-ise-azerbaycanlilara-ev-sahibliyi-eden-kend\/#primaryimage"},"thumbnailUrl":"https:\/\/www.meydan.tv\/wp-content\/uploads\/image_from_ios__1_.png","articleSection":["B\u00f6lg\u0259"],"inLanguage":"az"},{"@type":"WebPage","@id":"https:\/\/www.meydan.tv\/az\/article\/evvelce-xana-sonra-ruslara-indi-ise-azerbaycanlilara-ev-sahibliyi-eden-kend\/","url":"https:\/\/www.meydan.tv\/az\/article\/evvelce-xana-sonra-ruslara-indi-ise-azerbaycanlilara-ev-sahibliyi-eden-kend\/","name":"\u018fvv\u0259lc\u0259 xana, sonra ruslara, indi is\u0259 az\u0259rbaycanl\u0131lara ev sahibliyi ed\u0259n k\u0259nd - MEYDAN.TV","isPartOf":{"@id":"https:\/\/www.meydan.tv\/az\/#website"},"primaryImageOfPage":{"@id":"https:\/\/www.meydan.tv\/az\/article\/evvelce-xana-sonra-ruslara-indi-ise-azerbaycanlilara-ev-sahibliyi-eden-kend\/#primaryimage"},"image":{"@id":"https:\/\/www.meydan.tv\/az\/article\/evvelce-xana-sonra-ruslara-indi-ise-azerbaycanlilara-ev-sahibliyi-eden-kend\/#primaryimage"},"thumbnailUrl":"https:\/\/www.meydan.tv\/wp-content\/uploads\/image_from_ios__1_.png","datePublished":"2019-08-27T15:59:45+00:00","breadcrumb":{"@id":"https:\/\/www.meydan.tv\/az\/article\/evvelce-xana-sonra-ruslara-indi-ise-azerbaycanlilara-ev-sahibliyi-eden-kend\/#breadcrumb"},"inLanguage":"az","potentialAction":[{"@type":"ReadAction","target":["https:\/\/www.meydan.tv\/az\/article\/evvelce-xana-sonra-ruslara-indi-ise-azerbaycanlilara-ev-sahibliyi-eden-kend\/"]}]},{"@type":"ImageObject","inLanguage":"az","@id":"https:\/\/www.meydan.tv\/az\/article\/evvelce-xana-sonra-ruslara-indi-ise-azerbaycanlilara-ev-sahibliyi-eden-kend\/#primaryimage","url":"https:\/\/www.meydan.tv\/wp-content\/uploads\/image_from_ios__1_.png","contentUrl":"https:\/\/www.meydan.tv\/wp-content\/uploads\/image_from_ios__1_.png","width":1333,"height":1000,"caption":"Source: meydan tv"},{"@type":"BreadcrumbList","@id":"https:\/\/www.meydan.tv\/az\/article\/evvelce-xana-sonra-ruslara-indi-ise-azerbaycanlilara-ev-sahibliyi-eden-kend\/#breadcrumb","itemListElement":[{"@type":"ListItem","position":1,"name":"Ana s\u0259hif\u0259","item":"https:\/\/www.meydan.tv\/az\/"},{"@type":"ListItem","position":2,"name":"B\u00f6lg\u0259","item":"https:\/\/www.meydan.tv\/az\/section\/bolge\/"},{"@type":"ListItem","position":3,"name":"\u018fvv\u0259lc\u0259 xana, sonra ruslara, indi is\u0259 az\u0259rbaycanl\u0131lara ev sahibliyi ed\u0259n k\u0259nd"}]},{"@type":"WebSite","@id":"https:\/\/www.meydan.tv\/az\/#website","url":"https:\/\/www.meydan.tv\/az\/","name":"MEYDAN.TV","description":"Meydan TV Az\u0259rbaycan\u0131n media m\u0259kan\u0131ndak\u0131 alternativ s\u0259sidir","publisher":{"@id":"https:\/\/www.meydan.tv\/az\/#organization"},"potentialAction":[{"@type":"SearchAction","target":{"@type":"EntryPoint","urlTemplate":"https:\/\/www.meydan.tv\/az\/?s={search_term_string}"},"query-input":{"@type":"PropertyValueSpecification","valueRequired":true,"valueName":"search_term_string"}}],"inLanguage":"az"},{"@type":"Organization","@id":"https:\/\/www.meydan.tv\/az\/#organization","name":"Meydan TV","url":"https:\/\/www.meydan.tv\/az\/","logo":{"@type":"ImageObject","inLanguage":"az","@id":"https:\/\/www.meydan.tv\/az\/#\/schema\/logo\/image\/","url":"https:\/\/www.meydan.tv\/wp-content\/uploads\/2021\/07\/meydan-logo.svg","contentUrl":"https:\/\/www.meydan.tv\/wp-content\/uploads\/2021\/07\/meydan-logo.svg","width":195,"height":46,"caption":"Meydan TV"},"image":{"@id":"https:\/\/www.meydan.tv\/az\/#\/schema\/logo\/image\/"}},{"@type":"Person","@id":"https:\/\/www.meydan.tv\/az\/#\/schema\/person\/10d11eccf6da3662cf5fdab9806ea91a","name":"user-manager"}]}},"_links":{"self":[{"href":"https:\/\/www.meydan.tv\/az\/wp-json\/wp\/v2\/posts\/196726","targetHints":{"allow":["GET"]}}],"collection":[{"href":"https:\/\/www.meydan.tv\/az\/wp-json\/wp\/v2\/posts"}],"about":[{"href":"https:\/\/www.meydan.tv\/az\/wp-json\/wp\/v2\/types\/post"}],"author":[{"embeddable":true,"href":"https:\/\/www.meydan.tv\/az\/wp-json\/wp\/v2\/users\/11"}],"replies":[{"embeddable":true,"href":"https:\/\/www.meydan.tv\/az\/wp-json\/wp\/v2\/comments?post=196726"}],"version-history":[{"count":0,"href":"https:\/\/www.meydan.tv\/az\/wp-json\/wp\/v2\/posts\/196726\/revisions"}],"wp:featuredmedia":[{"embeddable":true,"href":"https:\/\/www.meydan.tv\/az\/wp-json\/wp\/v2\/media\/128715"}],"wp:attachment":[{"href":"https:\/\/www.meydan.tv\/az\/wp-json\/wp\/v2\/media?parent=196726"}],"wp:term":[{"taxonomy":"category","embeddable":true,"href":"https:\/\/www.meydan.tv\/az\/wp-json\/wp\/v2\/categories?post=196726"},{"taxonomy":"post_tag","embeddable":true,"href":"https:\/\/www.meydan.tv\/az\/wp-json\/wp\/v2\/tags?post=196726"}],"curies":[{"name":"wp","href":"https:\/\/api.w.org\/{rel}","templated":true}]}}