{"id":196722,"date":"2019-08-27T15:33:31","date_gmt":"2019-08-27T15:33:31","guid":{"rendered":"https:\/\/www.meydan.tv\/article\/rusiya-azerbaycanli-blogeri-deportasiya-edir\/"},"modified":"2019-08-27T15:33:31","modified_gmt":"2019-08-27T15:33:31","slug":"rusiya-azerbaycanli-blogeri-deportasiya-edir","status":"publish","type":"post","link":"https:\/\/www.meydan.tv\/az\/article\/rusiya-azerbaycanli-blogeri-deportasiya-edir\/","title":{"rendered":"Rusiya az\u0259rbaycanl\u0131 blogeri deportasiya edir"},"content":{"rendered":"<p>\n  <i><br \/>\n    Blogerin Rusiya pasportunu etibars\u0131z say\u0131blar<br \/>\n  <\/i>\n<\/p>\n<p>\n  Sankt Peterburqun Dzerjinski rayon m\u0259hk\u0259m\u0259si Rusiya v\u0259t\u0259nda\u015f\u0131 olan bloger Elvin \u0130sayevin Az\u0259rbaycana deportasiya edilm\u0259si bar\u0259d\u0259 q\u0259rar \u00e7\u0131xar\u0131b.\n<\/p>\n<p>\n  <a href=\"https:\/\/www.fontanka.ru\/2019\/08\/26\/115\/\"><br \/>\n    Rusiya m\u0259tbuat\u0131<br \/>\n  <\/a><br \/>\n  n\u0131n m\u0259lumat\u0131na g\u00f6r\u0259, \u0259sl\u0259n az\u0259rbaycanl\u0131 olan Elvin \u0130sayev Rusiya pasportunu ilk d\u0259f\u0259 18 il \u0259vv\u0259l al\u0131b v\u0259 sonradan s\u0259n\u0259dinin yarars\u0131z hala d\u00fc\u015fm\u0259si s\u0259b\u0259bind\u0259n 2014-c\u00fc ild\u0259 ona yenisi verilib.\n<\/p>\n<p>\n  Elvin \u0130sayev \u201cYoutube\u201d kanal\u0131nda Az\u0259rbaycan hakimiyy\u0259tinin \u00fcnvan\u0131na s\u0259rt s\u00f6zl\u0259r i\u015fl\u0259tm\u0259si il\u0259 tan\u0131n\u0131b.\n<\/p>\n<p>\n  M\u0259hk\u0259m\u0259 Elvin \u0130sayevi Rusiya \u0259razisind\u0259 ya\u015famaq rejimini pozmaqda g\u00fcnahkar bilib. Az\u0259rbaycana g\u00f6nd\u0259rilm\u0259zd\u0259n \u0259vv\u0259l o, \u0259cn\u0259bil\u0259r \u00fc\u00e7\u00fcn n\u0259z\u0259rd\u0259 tutulan t\u0259cridxanada saxlan\u0131lanacaq.\n<\/p>\n<p>\n  Onun Rusiyada ya\u015famaq rejimini pozmas\u0131na \u0259sas kimi, 2015-ci ild\u0259 Az\u0259rbaycan\u0131n Sankt Peterburqdak\u0131 Ba\u015f Konsullu\u011funda ald\u0131\u011f\u0131 aray\u0131\u015f g\u00f6st\u0259rilir. H\u0259min aray\u0131\u015fda Elvin \u0130sayevin Az\u0259rbaycan v\u0259t\u0259nda\u015f\u0131 oldu\u011fu bildirilib.\n<\/p>\n<p>\n  Elvin \u0130sayevin v\u0259kill\u0259ri onun \u00f6z\u00fcn\u0259 istinad\u0259n t\u0259sdiq edibl\u0259r ki, h\u0259qiq\u0259t\u0259n d\u0259 Elvin hans\u0131sa m\u0259s\u0259l\u0259y\u0259 g\u00f6r\u0259 konsullu\u011fa m\u00fcraci\u0259t edib v\u0259 n\u0259 \u00fc\u00e7\u00fcn h\u0259min aray\u0131\u015fda Az\u0259rbaycan v\u0259t\u0259nda\u015f\u0131 kimi qeyd olundu\u011funu bilmir.\n<\/p>\n<p>\n  V\u0259kil Anton Pavlov deyib ki, \u0259g\u0259r h\u0259qiq\u0259t\u0259n d\u0259 Elvin \u0130sayev h\u0259min s\u0259n\u0259di g\u00f6t\u00fcr\u00fcbs\u0259, Az\u0259rbaycan t\u0259r\u0259finin s\u0259hvini d\u0259 istisna etm\u0259k olmaz.\n<\/p>\n<p>\n  Rusiyan\u0131n \u201cFontanka\u201d n\u0259\u015fri Elvin \u0130sayevin Rusiya pasportunun h\u0259qiqi olub olmamas\u0131n\u0131 yoxlay\u0131b. M\u0259lum olub ki, h\u0259qiq\u0259t\u0259n d\u0259 2001-ci ild\u0259 Elvin \u0130sayev Az\u0259rbayan v\u0259t\u0259nda\u015fl\u0131\u011f\u0131ndan imtina ed\u0259r\u0259k, Rusiya pasportu al\u0131b. Daxili \u0130\u015fl\u0259r Nazirliyinin bazas\u0131nda Elvin \u0130sayevin 2014-c\u00fc ild\u0259 pasportunu yenil\u0259diyini v\u0259 h\u0259min s\u0259n\u0259din h\u0259qiqi olmas\u0131 qeyd edilib.\n<\/p>\n<p>\n  Elvin \u0130sayev h\u0259m\u00e7inin bildirib ki, 2017-ci ild\u0259 onun hakimiyy\u0259t n\u00fcmay\u0259nd\u0259sin\u0259 m\u00fcqavim\u0259t madd\u0259si il\u0259 m\u0259hk\u0259m\u0259si olub v\u0259 o zaman h\u0259min Rusiya pasportu t\u0259sdiql\u0259nib. \u0130sayev bildirib ki, Sankt Peterburqda onun h\u0259yat yolda\u015f\u0131, iki h\u0259ddi-b\u00fclu\u011fa \u00e7atmayan \u00f6vlad\u0131, anas\u0131 v\u0259 qarda\u015flar\u0131 ya\u015fay\u0131r. O qeyd edib ki, Az\u0259rbaycanda ya\u015fama\u011fa yeri yoxdur.\n<\/p>\n<p>\n  Elvin \u0130sayevin v\u0259kill\u0259ri m\u0259hk\u0259m\u0259nin h\u00f6km\u00fcnd\u0259n \u015fikay\u0259t ed\u0259c\u0259kl\u0259rini bildiribl\u0259r.<\/p>\n","protected":false},"excerpt":{"rendered":"<p>V\u0259kil Anton Pavlov deyib ki, \u0259g\u0259r h\u0259qiq\u0259t\u0259n d\u0259 Elvin \u0130sayev h\u0259min s\u0259n\u0259di g\u00f6t\u00fcr\u00fcbs\u0259, Az\u0259rbaycan t\u0259r\u0259finin s\u0259hvini d\u0259 istisna etm\u0259k olmaz.<\/p>\n","protected":false},"author":11,"featured_media":128712,"comment_status":"closed","ping_status":"open","sticky":false,"template":"","format":"standard","meta":{"_acf_changed":false,"_sitemap_exclude":false,"_sitemap_priority":"","_sitemap_frequency":"","footnotes":""},"categories":[56],"tags":[],"class_list":["post-196722","post","type-post","status-publish","format-standard","has-post-thumbnail","hentry","category-xeberler","infinite-scroll-item","generate-columns","tablet-grid-50","mobile-grid-100","grid-parent","grid-33","no-featured-image-padding"],"acf":[],"yoast_head":"<!-- This site is optimized with the Yoast SEO plugin v27.5 - https:\/\/yoast.com\/product\/yoast-seo-wordpress\/ -->\n<title>Rusiya az\u0259rbaycanl\u0131 blogeri deportasiya edir - MEYDAN.TV<\/title>\n<meta name=\"robots\" content=\"index, follow, max-snippet:-1, max-image-preview:large, max-video-preview:-1\" \/>\n<link rel=\"canonical\" href=\"https:\/\/www.meydan.tv\/az\/article\/rusiya-azerbaycanli-blogeri-deportasiya-edir\/\" \/>\n<meta property=\"og:locale\" content=\"az_AZ\" \/>\n<meta property=\"og:type\" content=\"article\" \/>\n<meta property=\"og:title\" content=\"Rusiya az\u0259rbaycanl\u0131 blogeri deportasiya edir - MEYDAN.TV\" \/>\n<meta property=\"og:description\" content=\"V\u0259kil Anton Pavlov deyib ki, \u0259g\u0259r h\u0259qiq\u0259t\u0259n d\u0259 Elvin \u0130sayev h\u0259min s\u0259n\u0259di g\u00f6t\u00fcr\u00fcbs\u0259, Az\u0259rbaycan t\u0259r\u0259finin s\u0259hvini d\u0259 istisna etm\u0259k olmaz.\" \/>\n<meta property=\"og:url\" content=\"https:\/\/www.meydan.tv\/az\/article\/rusiya-azerbaycanli-blogeri-deportasiya-edir\/\" \/>\n<meta property=\"og:site_name\" content=\"MEYDAN.TV\" \/>\n<meta property=\"article:published_time\" content=\"2019-08-27T15:33:31+00:00\" \/>\n<meta property=\"og:image\" content=\"https:\/\/www.meydan.tv\/wp-content\/uploads\/fb_img_1566912643449.jpg\" \/>\n\t<meta property=\"og:image:width\" content=\"1280\" \/>\n\t<meta property=\"og:image:height\" content=\"960\" \/>\n\t<meta property=\"og:image:type\" content=\"image\/jpeg\" \/>\n<meta name=\"author\" content=\"user-manager\" \/>\n<meta name=\"twitter:card\" content=\"summary_large_image\" \/>\n<script type=\"application\/ld+json\" class=\"yoast-schema-graph\">{\"@context\":\"https:\\\/\\\/schema.org\",\"@graph\":[{\"@type\":\"Article\",\"@id\":\"https:\\\/\\\/www.meydan.tv\\\/az\\\/article\\\/rusiya-azerbaycanli-blogeri-deportasiya-edir\\\/#article\",\"isPartOf\":{\"@id\":\"https:\\\/\\\/www.meydan.tv\\\/az\\\/article\\\/rusiya-azerbaycanli-blogeri-deportasiya-edir\\\/\"},\"author\":{\"name\":\"user-manager\",\"@id\":\"https:\\\/\\\/www.meydan.tv\\\/az\\\/#\\\/schema\\\/person\\\/10d11eccf6da3662cf5fdab9806ea91a\"},\"headline\":\"Rusiya az\u0259rbaycanl\u0131 blogeri deportasiya edir\",\"datePublished\":\"2019-08-27T15:33:31+00:00\",\"mainEntityOfPage\":{\"@id\":\"https:\\\/\\\/www.meydan.tv\\\/az\\\/article\\\/rusiya-azerbaycanli-blogeri-deportasiya-edir\\\/\"},\"wordCount\":433,\"publisher\":{\"@id\":\"https:\\\/\\\/www.meydan.tv\\\/az\\\/#organization\"},\"image\":{\"@id\":\"https:\\\/\\\/www.meydan.tv\\\/az\\\/article\\\/rusiya-azerbaycanli-blogeri-deportasiya-edir\\\/#primaryimage\"},\"thumbnailUrl\":\"https:\\\/\\\/www.meydan.tv\\\/wp-content\\\/uploads\\\/fb_img_1566912643449.jpg\",\"articleSection\":[\"X\u0259b\u0259rl\u0259r\"],\"inLanguage\":\"az\"},{\"@type\":\"WebPage\",\"@id\":\"https:\\\/\\\/www.meydan.tv\\\/az\\\/article\\\/rusiya-azerbaycanli-blogeri-deportasiya-edir\\\/\",\"url\":\"https:\\\/\\\/www.meydan.tv\\\/az\\\/article\\\/rusiya-azerbaycanli-blogeri-deportasiya-edir\\\/\",\"name\":\"Rusiya az\u0259rbaycanl\u0131 blogeri deportasiya edir - MEYDAN.TV\",\"isPartOf\":{\"@id\":\"https:\\\/\\\/www.meydan.tv\\\/az\\\/#website\"},\"primaryImageOfPage\":{\"@id\":\"https:\\\/\\\/www.meydan.tv\\\/az\\\/article\\\/rusiya-azerbaycanli-blogeri-deportasiya-edir\\\/#primaryimage\"},\"image\":{\"@id\":\"https:\\\/\\\/www.meydan.tv\\\/az\\\/article\\\/rusiya-azerbaycanli-blogeri-deportasiya-edir\\\/#primaryimage\"},\"thumbnailUrl\":\"https:\\\/\\\/www.meydan.tv\\\/wp-content\\\/uploads\\\/fb_img_1566912643449.jpg\",\"datePublished\":\"2019-08-27T15:33:31+00:00\",\"breadcrumb\":{\"@id\":\"https:\\\/\\\/www.meydan.tv\\\/az\\\/article\\\/rusiya-azerbaycanli-blogeri-deportasiya-edir\\\/#breadcrumb\"},\"inLanguage\":\"az\",\"potentialAction\":[{\"@type\":\"ReadAction\",\"target\":[\"https:\\\/\\\/www.meydan.tv\\\/az\\\/article\\\/rusiya-azerbaycanli-blogeri-deportasiya-edir\\\/\"]}]},{\"@type\":\"ImageObject\",\"inLanguage\":\"az\",\"@id\":\"https:\\\/\\\/www.meydan.tv\\\/az\\\/article\\\/rusiya-azerbaycanli-blogeri-deportasiya-edir\\\/#primaryimage\",\"url\":\"https:\\\/\\\/www.meydan.tv\\\/wp-content\\\/uploads\\\/fb_img_1566912643449.jpg\",\"contentUrl\":\"https:\\\/\\\/www.meydan.tv\\\/wp-content\\\/uploads\\\/fb_img_1566912643449.jpg\",\"width\":1280,\"height\":960,\"caption\":\"Source: meydan tv\"},{\"@type\":\"BreadcrumbList\",\"@id\":\"https:\\\/\\\/www.meydan.tv\\\/az\\\/article\\\/rusiya-azerbaycanli-blogeri-deportasiya-edir\\\/#breadcrumb\",\"itemListElement\":[{\"@type\":\"ListItem\",\"position\":1,\"name\":\"Ana s\u0259hif\u0259\",\"item\":\"https:\\\/\\\/www.meydan.tv\\\/az\\\/\"},{\"@type\":\"ListItem\",\"position\":2,\"name\":\"X\u0259b\u0259rl\u0259r\",\"item\":\"https:\\\/\\\/www.meydan.tv\\\/az\\\/section\\\/xeberler\\\/\"},{\"@type\":\"ListItem\",\"position\":3,\"name\":\"Rusiya az\u0259rbaycanl\u0131 blogeri deportasiya edir\"}]},{\"@type\":\"WebSite\",\"@id\":\"https:\\\/\\\/www.meydan.tv\\\/az\\\/#website\",\"url\":\"https:\\\/\\\/www.meydan.tv\\\/az\\\/\",\"name\":\"MEYDAN.TV\",\"description\":\"Meydan TV Az\u0259rbaycan\u0131n media m\u0259kan\u0131ndak\u0131 alternativ s\u0259sidir\",\"publisher\":{\"@id\":\"https:\\\/\\\/www.meydan.tv\\\/az\\\/#organization\"},\"potentialAction\":[{\"@type\":\"SearchAction\",\"target\":{\"@type\":\"EntryPoint\",\"urlTemplate\":\"https:\\\/\\\/www.meydan.tv\\\/az\\\/?s={search_term_string}\"},\"query-input\":{\"@type\":\"PropertyValueSpecification\",\"valueRequired\":true,\"valueName\":\"search_term_string\"}}],\"inLanguage\":\"az\"},{\"@type\":\"Organization\",\"@id\":\"https:\\\/\\\/www.meydan.tv\\\/az\\\/#organization\",\"name\":\"Meydan TV\",\"url\":\"https:\\\/\\\/www.meydan.tv\\\/az\\\/\",\"logo\":{\"@type\":\"ImageObject\",\"inLanguage\":\"az\",\"@id\":\"https:\\\/\\\/www.meydan.tv\\\/az\\\/#\\\/schema\\\/logo\\\/image\\\/\",\"url\":\"https:\\\/\\\/www.meydan.tv\\\/wp-content\\\/uploads\\\/2021\\\/07\\\/meydan-logo.svg\",\"contentUrl\":\"https:\\\/\\\/www.meydan.tv\\\/wp-content\\\/uploads\\\/2021\\\/07\\\/meydan-logo.svg\",\"width\":195,\"height\":46,\"caption\":\"Meydan TV\"},\"image\":{\"@id\":\"https:\\\/\\\/www.meydan.tv\\\/az\\\/#\\\/schema\\\/logo\\\/image\\\/\"}},{\"@type\":\"Person\",\"@id\":\"https:\\\/\\\/www.meydan.tv\\\/az\\\/#\\\/schema\\\/person\\\/10d11eccf6da3662cf5fdab9806ea91a\",\"name\":\"user-manager\"}]}<\/script>\n<!-- \/ Yoast SEO plugin. -->","yoast_head_json":{"title":"Rusiya az\u0259rbaycanl\u0131 blogeri deportasiya edir - MEYDAN.TV","robots":{"index":"index","follow":"follow","max-snippet":"max-snippet:-1","max-image-preview":"max-image-preview:large","max-video-preview":"max-video-preview:-1"},"canonical":"https:\/\/www.meydan.tv\/az\/article\/rusiya-azerbaycanli-blogeri-deportasiya-edir\/","og_locale":"az_AZ","og_type":"article","og_title":"Rusiya az\u0259rbaycanl\u0131 blogeri deportasiya edir - MEYDAN.TV","og_description":"V\u0259kil Anton Pavlov deyib ki, \u0259g\u0259r h\u0259qiq\u0259t\u0259n d\u0259 Elvin \u0130sayev h\u0259min s\u0259n\u0259di g\u00f6t\u00fcr\u00fcbs\u0259, Az\u0259rbaycan t\u0259r\u0259finin s\u0259hvini d\u0259 istisna etm\u0259k olmaz.","og_url":"https:\/\/www.meydan.tv\/az\/article\/rusiya-azerbaycanli-blogeri-deportasiya-edir\/","og_site_name":"MEYDAN.TV","article_published_time":"2019-08-27T15:33:31+00:00","og_image":[{"width":1280,"height":960,"url":"https:\/\/www.meydan.tv\/wp-content\/uploads\/fb_img_1566912643449.jpg","type":"image\/jpeg"}],"author":"user-manager","twitter_card":"summary_large_image","schema":{"@context":"https:\/\/schema.org","@graph":[{"@type":"Article","@id":"https:\/\/www.meydan.tv\/az\/article\/rusiya-azerbaycanli-blogeri-deportasiya-edir\/#article","isPartOf":{"@id":"https:\/\/www.meydan.tv\/az\/article\/rusiya-azerbaycanli-blogeri-deportasiya-edir\/"},"author":{"name":"user-manager","@id":"https:\/\/www.meydan.tv\/az\/#\/schema\/person\/10d11eccf6da3662cf5fdab9806ea91a"},"headline":"Rusiya az\u0259rbaycanl\u0131 blogeri deportasiya edir","datePublished":"2019-08-27T15:33:31+00:00","mainEntityOfPage":{"@id":"https:\/\/www.meydan.tv\/az\/article\/rusiya-azerbaycanli-blogeri-deportasiya-edir\/"},"wordCount":433,"publisher":{"@id":"https:\/\/www.meydan.tv\/az\/#organization"},"image":{"@id":"https:\/\/www.meydan.tv\/az\/article\/rusiya-azerbaycanli-blogeri-deportasiya-edir\/#primaryimage"},"thumbnailUrl":"https:\/\/www.meydan.tv\/wp-content\/uploads\/fb_img_1566912643449.jpg","articleSection":["X\u0259b\u0259rl\u0259r"],"inLanguage":"az"},{"@type":"WebPage","@id":"https:\/\/www.meydan.tv\/az\/article\/rusiya-azerbaycanli-blogeri-deportasiya-edir\/","url":"https:\/\/www.meydan.tv\/az\/article\/rusiya-azerbaycanli-blogeri-deportasiya-edir\/","name":"Rusiya az\u0259rbaycanl\u0131 blogeri deportasiya edir - MEYDAN.TV","isPartOf":{"@id":"https:\/\/www.meydan.tv\/az\/#website"},"primaryImageOfPage":{"@id":"https:\/\/www.meydan.tv\/az\/article\/rusiya-azerbaycanli-blogeri-deportasiya-edir\/#primaryimage"},"image":{"@id":"https:\/\/www.meydan.tv\/az\/article\/rusiya-azerbaycanli-blogeri-deportasiya-edir\/#primaryimage"},"thumbnailUrl":"https:\/\/www.meydan.tv\/wp-content\/uploads\/fb_img_1566912643449.jpg","datePublished":"2019-08-27T15:33:31+00:00","breadcrumb":{"@id":"https:\/\/www.meydan.tv\/az\/article\/rusiya-azerbaycanli-blogeri-deportasiya-edir\/#breadcrumb"},"inLanguage":"az","potentialAction":[{"@type":"ReadAction","target":["https:\/\/www.meydan.tv\/az\/article\/rusiya-azerbaycanli-blogeri-deportasiya-edir\/"]}]},{"@type":"ImageObject","inLanguage":"az","@id":"https:\/\/www.meydan.tv\/az\/article\/rusiya-azerbaycanli-blogeri-deportasiya-edir\/#primaryimage","url":"https:\/\/www.meydan.tv\/wp-content\/uploads\/fb_img_1566912643449.jpg","contentUrl":"https:\/\/www.meydan.tv\/wp-content\/uploads\/fb_img_1566912643449.jpg","width":1280,"height":960,"caption":"Source: meydan tv"},{"@type":"BreadcrumbList","@id":"https:\/\/www.meydan.tv\/az\/article\/rusiya-azerbaycanli-blogeri-deportasiya-edir\/#breadcrumb","itemListElement":[{"@type":"ListItem","position":1,"name":"Ana s\u0259hif\u0259","item":"https:\/\/www.meydan.tv\/az\/"},{"@type":"ListItem","position":2,"name":"X\u0259b\u0259rl\u0259r","item":"https:\/\/www.meydan.tv\/az\/section\/xeberler\/"},{"@type":"ListItem","position":3,"name":"Rusiya az\u0259rbaycanl\u0131 blogeri deportasiya edir"}]},{"@type":"WebSite","@id":"https:\/\/www.meydan.tv\/az\/#website","url":"https:\/\/www.meydan.tv\/az\/","name":"MEYDAN.TV","description":"Meydan TV Az\u0259rbaycan\u0131n media m\u0259kan\u0131ndak\u0131 alternativ s\u0259sidir","publisher":{"@id":"https:\/\/www.meydan.tv\/az\/#organization"},"potentialAction":[{"@type":"SearchAction","target":{"@type":"EntryPoint","urlTemplate":"https:\/\/www.meydan.tv\/az\/?s={search_term_string}"},"query-input":{"@type":"PropertyValueSpecification","valueRequired":true,"valueName":"search_term_string"}}],"inLanguage":"az"},{"@type":"Organization","@id":"https:\/\/www.meydan.tv\/az\/#organization","name":"Meydan TV","url":"https:\/\/www.meydan.tv\/az\/","logo":{"@type":"ImageObject","inLanguage":"az","@id":"https:\/\/www.meydan.tv\/az\/#\/schema\/logo\/image\/","url":"https:\/\/www.meydan.tv\/wp-content\/uploads\/2021\/07\/meydan-logo.svg","contentUrl":"https:\/\/www.meydan.tv\/wp-content\/uploads\/2021\/07\/meydan-logo.svg","width":195,"height":46,"caption":"Meydan TV"},"image":{"@id":"https:\/\/www.meydan.tv\/az\/#\/schema\/logo\/image\/"}},{"@type":"Person","@id":"https:\/\/www.meydan.tv\/az\/#\/schema\/person\/10d11eccf6da3662cf5fdab9806ea91a","name":"user-manager"}]}},"_links":{"self":[{"href":"https:\/\/www.meydan.tv\/az\/wp-json\/wp\/v2\/posts\/196722","targetHints":{"allow":["GET"]}}],"collection":[{"href":"https:\/\/www.meydan.tv\/az\/wp-json\/wp\/v2\/posts"}],"about":[{"href":"https:\/\/www.meydan.tv\/az\/wp-json\/wp\/v2\/types\/post"}],"author":[{"embeddable":true,"href":"https:\/\/www.meydan.tv\/az\/wp-json\/wp\/v2\/users\/11"}],"replies":[{"embeddable":true,"href":"https:\/\/www.meydan.tv\/az\/wp-json\/wp\/v2\/comments?post=196722"}],"version-history":[{"count":0,"href":"https:\/\/www.meydan.tv\/az\/wp-json\/wp\/v2\/posts\/196722\/revisions"}],"wp:featuredmedia":[{"embeddable":true,"href":"https:\/\/www.meydan.tv\/az\/wp-json\/wp\/v2\/media\/128712"}],"wp:attachment":[{"href":"https:\/\/www.meydan.tv\/az\/wp-json\/wp\/v2\/media?parent=196722"}],"wp:term":[{"taxonomy":"category","embeddable":true,"href":"https:\/\/www.meydan.tv\/az\/wp-json\/wp\/v2\/categories?post=196722"},{"taxonomy":"post_tag","embeddable":true,"href":"https:\/\/www.meydan.tv\/az\/wp-json\/wp\/v2\/tags?post=196722"}],"curies":[{"name":"wp","href":"https:\/\/api.w.org\/{rel}","templated":true}]}}