{"id":196718,"date":"2019-08-27T12:16:26","date_gmt":"2019-08-27T12:16:26","guid":{"rendered":"https:\/\/www.meydan.tv\/article\/evi-yanan-qadin-icra-bascisi-dedi-ki-men-hec-kimin-sikayetine-baxmiram\/"},"modified":"2019-08-27T12:16:26","modified_gmt":"2019-08-27T12:16:26","slug":"evi-yanan-qadin-icra-bascisi-dedi-ki-men-hec-kimin-sikayetine-baxmiram","status":"publish","type":"post","link":"https:\/\/www.meydan.tv\/az\/article\/evi-yanan-qadin-icra-bascisi-dedi-ki-men-hec-kimin-sikayetine-baxmiram\/","title":{"rendered":"Evi yanan qad\u0131n: \u0130cra ba\u015f\u00e7\u0131s\u0131 dedi ki, m\u0259n he\u00e7 kimin \u015fikay\u0259tin\u0259 baxm\u0131ram"},"content":{"rendered":"<p>\n  <i><br \/>\n    \u201cYan\u011f\u0131n vaxt\u0131 m\u00f6hk\u0259m \u015fok ke\u00e7irdim, h\u0259l\u0259 d\u0259 \u00f6z\u00fcm\u0259 g\u0259l\u0259 bilmir\u0259m\u201d<br \/>\n  <\/i>\n<\/p>\n<p>\n  \u201cBir aydan \u00e7oxdur ki, evimiz yan\u0131b, \u00e7\u00f6ld\u0259 qalm\u0131\u015f\u0131q, bir \u0259ncam \u00e7\u0259k\u0259n yoxdur. G\u0259lib, ancaq yoxlay\u0131rlar, yanan evin \u015f\u0259kill\u0259rini \u00e7\u0259kib gedirl\u0259r, ortada da he\u00e7 n\u0259 yoxdur\u201d.\n<\/p>\n<p>\n  Bu il iyulun 26-da evi tamamil\u0259 yanan A\u011fsu rayonu, Kala\u011fayl\u0131 k\u0259nd sakini \u0130bad\u0259t Ayd\u0131n q\u0131z\u0131 Q\u0259mb\u0259rova Meydan TV-y\u0259 dan\u0131\u015f\u0131r:\n<\/p>\n<p>\n  \u201cBir tik\u0259 \u00e7\u00f6r\u0259kd\u0259n \u00f6tr\u00fc m\u0259kt\u0259bd\u0259 d\u00f6\u015f\u0259m\u0259 s\u00fcp\u00fcr\u00fcr\u0259m. Evimizi tiks\u0259l\u0259r, bu \u0259zab-\u0259ziyy\u0259td\u0259n can\u0131m\u0131z qurtarar. B\u00fct\u00fcn \u0259\u015fyalar\u0131m\u0131z evd\u0259 yan\u0131b, k\u00fcl oldu. H\u0259r\u0259 bir \u015fey verib, k\u00f6hn\u0259 soyuducu, \u00e7arpay\u0131, kimin n\u0259y\u0259 imkan\u0131 \u00e7at\u0131r. \u00d6z evimd\u0259 n\u0259l\u0259rim yox idi ki. Di\u015fiml\u0259-d\u0131rna\u011f\u0131mla tikdiyim ev k\u00fcll\u00fc-k\u00fcf oldu. U\u015faqlar istid\u0259n \u00f6l\u00fcrl\u0259r, bo\u011fuluruq. Yer tapm\u0131r\u0131q ki, s\u0259rinl\u0259n\u0259k. A\u011fac\u0131n alt\u0131na getmirik ki, yay\u0131n c\u0131rhac\u0131r istisidir, ilan olar. Qalm\u0131\u015f\u0131q yaman g\u00fcnd\u0259. He\u00e7 olmasa, q\u0131\u015fa q\u0259d\u0259r evin bir ota\u011f\u0131n\u0131 tiks\u0259l\u0259r, ba\u015f\u0131m\u0131z\u0131 soxar\u0131q i\u00e7in\u0259, ya\u015fayar\u0131q. Yan\u011f\u0131n vaxt\u0131 m\u00f6hk\u0259m \u015fok ke\u00e7irdim, h\u0259l\u0259 d\u0259 \u00f6z\u00fcm\u0259 g\u0259l\u0259 bilmir\u0259m. \u00dcr\u0259yimd\u0259 trombla\u015fma gedir, m\u00fcalic\u0259y\u0259 pul yoxdur. \u00dcr\u0259yim tutanda az qal\u0131ram ki, bo\u011fulub \u00f6l\u00fcm. \u0130sti d\u0259 bir yandan k\u0259l\u0259yimizi k\u0259sir\u201d.\n<\/p>\n<p>\n  \u015eikay\u0259t\u00e7inin s\u00f6zl\u0259rin\u0259 g\u00f6r\u0259, F\u00f6vq\u0259lad\u0259 Hallar Nazirliyinin Tikintid\u0259 T\u0259hl\u00fck\u0259sizliy\u0259 N\u0259zar\u0259t D\u00f6vl\u0259t Agentliyind\u0259n Ramin adl\u0131 n\u00fcmay\u0259nd\u0259 ev\u0259 t\u0259krar bax\u0131\u015f ke\u00e7irib. Bildirib ki, ev tamamil\u0259 deyil, qism\u0259n b\u0259rpa olunacaq:\n<\/p>\n<p>\n  \u201c\u0130ki g\u00fcn \u00f6nc\u0259 Ramin g\u0259ldi, qeydl\u0259r apard\u0131. Dedi ki, yaln\u0131z bir ota\u011f\u0131 tik\u0259c\u0259yik. M\u0259n d\u0259 ondan soru\u015fdum ki, bir otaqda, b\u00fct\u00fcn ail\u0259 nec\u0259 ya\u015faya bil\u0259r? O\u011flumla g\u0259linim, yan\u0131mda yatmal\u0131 deyil. He\u00e7 olmasa, iki otaq tikilsin. O da dedi ki, bir ay d\u00f6z, s\u0259n\u0259dl\u0259ri yenid\u0259n t\u0259rtib edib, nazirliy\u0259 t\u0259qdim edim, g\u00f6r\u0259k, n\u0259 cavab g\u0259lir. Sonradan z\u0259ng edib, soru\u015fdum. Dedi ki, s\u0259n\u0259dl\u0259ri yuxar\u0131lara vermi\u015f\u0259m, sonras\u0131 m\u0259nlik deyil. Bilmir\u0259m, d\u0259rdimi kim\u0259 deyim. \u0130cra Hakimiyy\u0259tinin qap\u0131s\u0131nda yatmaqdan bezmi\u015f\u0259m.\n<\/p>\n<figure class=\"wp-block-image size-large\">\n  <img decoding=\"async\" src=\"https:\/\/www.meydan.tv\/az\/69086445_2974667295909045_4594700530873270272_n-jpg\/\" alt=\"69086445_2974667295909045_4594700530873270272_n.jpg\" class=\"wp-image-128682\"\/><figcaption>\n    &#8220;He\u00e7 olmasa, q\u0131\u015fa q\u0259d\u0259r evin bir ota\u011f\u0131n\u0131 tiks\u0259l\u0259r, ba\u015f\u0131m\u0131z\u0131 soxar\u0131q i\u00e7in\u0259, ya\u015fayar\u0131q&#8221;<br \/>\n  <\/figcaption><\/figure>\n<p>\n  A\u011fsu Rayon \u0130cra Hakimiyy\u0259ti ba\u015f\u00e7\u0131s\u0131n\u0131n m\u00fcavini \u0130qbal Mikay\u0131lovla g\u00f6r\u00fc\u015fm\u00fc\u015f\u0259m. \u0130cra hakimiyy\u0259ti ba\u015f\u00e7\u0131s\u0131 \u018fnv\u0259r Seyid\u0259liyevl\u0259 g\u00f6r\u00fc\u015f\u0259nd\u0259, m\u0259n\u0259 deyib ki, \u00e7\u0131x bay\u0131ra. \u018fs\u0259bi vaxt\u0131na d\u00fc\u015fd\u00fcm, dedi ki, \u00e7\u0131x bay\u0131ra, m\u0259n he\u00e7 n\u0259y\u0259 baxm\u0131ram. Hara \u015fikay\u0259t edirsiz, gedib edin. N\u00f6vb\u0259ti g\u00fcn getdim, dedim ki, b\u0259s m\u0259nim evim yan\u0131b. O da cavab\u0131nda dedi ki, m\u0259n he\u00e7 kimin \u015fikay\u0259tin\u0259 baxm\u0131ram. \u0130craya gedir\u0259m, ba\u015f\u00e7\u0131 deyir ki, m\u0259nlik deyil. 102-y\u0259 z\u0259ng edir\u0259m, onlar da deyir ki, s\u0259nin evini \u0130cra Hakimiyy\u0259ti tikm\u0259lidir. Onu da deyim ki, z\u0259lz\u0259l\u0259d\u0259n evimiz q\u0259zal\u0131 v\u0259ziyy\u0259td\u0259 idi. FHN-nin komissiyas\u0131 g\u0259lib, bax\u0131b, ciddi b\u0259rpa yazm\u0131\u015fd\u0131. Kompyuterd\u0259 sistem\u0259 vurulmu\u015fdu. Dedil\u0259r ki, sizin s\u0259n\u0259dl\u0259r sistemd\u0259 var. Eviniz yansa da, siz\u0259 m\u00fctl\u0259q bir otaq d\u00fcz\u0259ldilm\u0259lidir. Amma n\u0259 vaxt, bilinmir. He\u00e7 olmasa bir otaq d\u00fcz\u0259ltsinl\u0259r. Balalar\u0131m\u0131, n\u0259v\u0259l\u0259rimi y\u0131\u011f\u0131m bir yer\u0259\u201d.\n<\/p>\n<p>\n  \u0130bad\u0259t Q\u0259mb\u0259rova deyir ki, \u00e7ad\u0131rda ya\u015famaq \u00e7ox \u00e7\u0259tindir. G\u00fcnortalar, isti, gec\u0259l\u0259r is\u0259 soyuq v\u0259 n\u0259mi\u015flik olur:\n<\/p>\n<p>\n  \u201cYuxar\u0131dan su g\u0259lir, torpa\u011f\u0131n \u00fcst\u00fc su olur, \u00e7ad\u0131r\u0131 ba\u011flay\u0131r\u0131q, pis qoxudan, n\u0259mi\u015flik iyind\u0259n ba\u015f \u00e7atlay\u0131r. \u00d6z\u00fcn\u00fcz bax\u0131n, m\u0259n burada q\u0131\u015fda nec\u0259 ya\u015fay\u0131m? F\u00f6vq\u0259lad\u0259nin \u0259m\u0259kda\u015f\u0131 m\u0259n\u0259 dedi ki, \u00e7ad\u0131rda soba \u00fc\u00e7\u00fcn boru yeri var. Q\u0131\u015fda soba qoya bil\u0259rsiniz. Y\u0259ni ki, s\u0259n \u00e7ox da \u00fcmid olma, evin n\u0259 vaxta tikil\u0259c\u0259k, b\u0259lli deyil. M\u0259n burada nec\u0259 ya\u015fay\u0131m? N\u0259 yax\u015f\u0131 ki, qohum-qon\u015fu yatma\u011fa \u00e7arpay\u0131 verib. G\u00fcnd\u00fczl\u0259r istid\u0259n q\u0131r\u0131l\u0131b-bat\u0131r\u0131q. Gec\u0259 d\u0259 buzxana olur. Bir s\u00f6zl\u0259, itin z\u00fclm\u00fcn\u00fc \u00e7\u0259kirik.\n<\/p>\n<figure class=\"wp-block-image size-large\">\n  <img decoding=\"async\" src=\"https:\/\/www.meydan.tv\/az\/68962712_2974659872576454_3724865814008954880_n-jpg\/\" alt=\"68962712_2974659872576454_3724865814008954880_n.jpg\" class=\"wp-image-128679\"\/><figcaption>\n    &#8220;Yan\u011f\u0131n vaxt\u0131 m\u00f6hk\u0259m \u015fok ke\u00e7irdim, h\u0259l\u0259 d\u0259 \u00f6z\u00fcm\u0259 g\u0259l\u0259 bilmir\u0259m&#8221;<br \/>\n  <\/figcaption><\/figure>\n<p>\n  Meydan TV-y\u0259 \u015fikay\u0259t ed\u0259nd\u0259, biz\u0259 irad bildirdil\u0259r. Amma bax\u0131n, bir aydan \u00e7ox vaxt ke\u00e7ib, amma h\u0259l\u0259 d\u0259 da\u015f\u0131-da\u015f \u00fcst\u00fcn\u0259 qoymay\u0131blar\u201d.\n<\/p>\n<p>\n  A\u011fsu Rayonu \u0130H-nin \u0130nformasiya t\u0259minat\u0131 v\u0259 t\u0259hlil sektorunun m\u00fcdiri Cavan\u015fir N\u0259sibov Meydan TV-y\u0259 bildirib ki, tikinti v\u0259 b\u0259rpa-t\u0259mir i\u015fl\u0259ri FHN t\u0259r\u0259find\u0259n h\u0259yata ke\u00e7irilir:\n<\/p>\n<p>\n  \u201cQ\u0259zal\u0131 evl\u0259r\u0259 FHN t\u0259r\u0259find\u0259n bax\u0131\u015f ke\u00e7irilir. Evin durumu v\u0259 ayr\u0131lacaq v\u0259saitin h\u0259cmi m\u00fc\u0259yy\u0259n edilir. \u0130cra Hakimiyy\u0259tin\u0259 t\u0259kc\u0259 t\u0259mir \u00fc\u00e7\u00fcn v\u0259sait ayr\u0131l\u0131b. Tikinti i\u015fl\u0259ri is\u0259 FHN t\u0259r\u0259find\u0259n apar\u0131l\u0131r\u201d.\n<\/p>\n<p>\n  F\u00f6vq\u0259lad\u0259 Hallar Nazirliyinin Tikintid\u0259 T\u0259hl\u00fck\u0259sizliy\u0259 N\u0259zar\u0259t D\u00f6vl\u0259t Agentliyind\u0259n m\u0259s\u0259l\u0259y\u0259 m\u00fcnasib\u0259t \u00f6yr\u0259nm\u0259k m\u00fcmk\u00fcn olmay\u0131b.\n<\/p>\n<figure class=\"wp-block-image size-large\">\n  <img decoding=\"async\" src=\"https:\/\/www.meydan.tv\/az\/69401769_2974667102575731_9079794741893136384_n-jpg\/\" alt=\"69401769_2974667102575731_9079794741893136384_n.jpg\" class=\"wp-image-128673\"\/><figcaption>\n    \u0130bad\u0259t Q\u0259mb\u0259rova: \u0130cra Hakimiyy\u0259tinin qap\u0131s\u0131nda yatmaqdan bezmi\u015f\u0259m<br \/>\n  <\/figcaption><\/figure>\n","protected":false},"excerpt":{"rendered":"<p>Di\u015fiml\u0259-d\u0131rna\u011f\u0131mla tikdiyim ev k\u00fcll\u00fc-k\u00fcf oldu.<\/p>\n","protected":false},"author":11,"featured_media":128679,"comment_status":"closed","ping_status":"open","sticky":false,"template":"","format":"standard","meta":{"_acf_changed":false,"_sitemap_exclude":false,"_sitemap_priority":"","_sitemap_frequency":"","footnotes":""},"categories":[60],"tags":[],"class_list":["post-196718","post","type-post","status-publish","format-standard","has-post-thumbnail","hentry","category-bolge","infinite-scroll-item","generate-columns","tablet-grid-50","mobile-grid-100","grid-parent","grid-33","no-featured-image-padding"],"acf":[],"yoast_head":"<!-- This site is optimized with the Yoast SEO plugin v27.5 - https:\/\/yoast.com\/product\/yoast-seo-wordpress\/ -->\n<title>Evi yanan qad\u0131n: \u0130cra ba\u015f\u00e7\u0131s\u0131 dedi ki, m\u0259n he\u00e7 kimin \u015fikay\u0259tin\u0259 baxm\u0131ram - MEYDAN.TV<\/title>\n<meta name=\"robots\" content=\"index, follow, max-snippet:-1, max-image-preview:large, max-video-preview:-1\" \/>\n<link rel=\"canonical\" href=\"https:\/\/www.meydan.tv\/az\/article\/evi-yanan-qadin-icra-bascisi-dedi-ki-men-hec-kimin-sikayetine-baxmiram\/\" \/>\n<meta property=\"og:locale\" content=\"az_AZ\" \/>\n<meta property=\"og:type\" content=\"article\" \/>\n<meta property=\"og:title\" content=\"Evi yanan qad\u0131n: \u0130cra ba\u015f\u00e7\u0131s\u0131 dedi ki, m\u0259n he\u00e7 kimin \u015fikay\u0259tin\u0259 baxm\u0131ram - MEYDAN.TV\" \/>\n<meta property=\"og:description\" content=\"Di\u015fiml\u0259-d\u0131rna\u011f\u0131mla tikdiyim ev k\u00fcll\u00fc-k\u00fcf oldu.\" \/>\n<meta property=\"og:url\" content=\"https:\/\/www.meydan.tv\/az\/article\/evi-yanan-qadin-icra-bascisi-dedi-ki-men-hec-kimin-sikayetine-baxmiram\/\" \/>\n<meta property=\"og:site_name\" content=\"MEYDAN.TV\" \/>\n<meta property=\"article:published_time\" content=\"2019-08-27T12:16:26+00:00\" \/>\n<meta property=\"og:image\" content=\"https:\/\/www.meydan.tv\/wp-content\/uploads\/68962712_2974659872576454_3724865814008954880_n.jpg\" \/>\n\t<meta property=\"og:image:width\" content=\"960\" \/>\n\t<meta property=\"og:image:height\" content=\"720\" \/>\n\t<meta property=\"og:image:type\" content=\"image\/jpeg\" \/>\n<meta name=\"author\" content=\"user-manager\" \/>\n<meta name=\"twitter:card\" content=\"summary_large_image\" \/>\n<script type=\"application\/ld+json\" class=\"yoast-schema-graph\">{\"@context\":\"https:\\\/\\\/schema.org\",\"@graph\":[{\"@type\":\"Article\",\"@id\":\"https:\\\/\\\/www.meydan.tv\\\/az\\\/article\\\/evi-yanan-qadin-icra-bascisi-dedi-ki-men-hec-kimin-sikayetine-baxmiram\\\/#article\",\"isPartOf\":{\"@id\":\"https:\\\/\\\/www.meydan.tv\\\/az\\\/article\\\/evi-yanan-qadin-icra-bascisi-dedi-ki-men-hec-kimin-sikayetine-baxmiram\\\/\"},\"author\":{\"name\":\"user-manager\",\"@id\":\"https:\\\/\\\/www.meydan.tv\\\/az\\\/#\\\/schema\\\/person\\\/10d11eccf6da3662cf5fdab9806ea91a\"},\"headline\":\"Evi yanan qad\u0131n: \u0130cra ba\u015f\u00e7\u0131s\u0131 dedi ki, m\u0259n he\u00e7 kimin \u015fikay\u0259tin\u0259 baxm\u0131ram\",\"datePublished\":\"2019-08-27T12:16:26+00:00\",\"mainEntityOfPage\":{\"@id\":\"https:\\\/\\\/www.meydan.tv\\\/az\\\/article\\\/evi-yanan-qadin-icra-bascisi-dedi-ki-men-hec-kimin-sikayetine-baxmiram\\\/\"},\"wordCount\":989,\"publisher\":{\"@id\":\"https:\\\/\\\/www.meydan.tv\\\/az\\\/#organization\"},\"image\":{\"@id\":\"https:\\\/\\\/www.meydan.tv\\\/az\\\/article\\\/evi-yanan-qadin-icra-bascisi-dedi-ki-men-hec-kimin-sikayetine-baxmiram\\\/#primaryimage\"},\"thumbnailUrl\":\"https:\\\/\\\/www.meydan.tv\\\/wp-content\\\/uploads\\\/68962712_2974659872576454_3724865814008954880_n.jpg\",\"articleSection\":[\"B\u00f6lg\u0259\"],\"inLanguage\":\"az\"},{\"@type\":\"WebPage\",\"@id\":\"https:\\\/\\\/www.meydan.tv\\\/az\\\/article\\\/evi-yanan-qadin-icra-bascisi-dedi-ki-men-hec-kimin-sikayetine-baxmiram\\\/\",\"url\":\"https:\\\/\\\/www.meydan.tv\\\/az\\\/article\\\/evi-yanan-qadin-icra-bascisi-dedi-ki-men-hec-kimin-sikayetine-baxmiram\\\/\",\"name\":\"Evi yanan qad\u0131n: \u0130cra ba\u015f\u00e7\u0131s\u0131 dedi ki, m\u0259n he\u00e7 kimin \u015fikay\u0259tin\u0259 baxm\u0131ram - MEYDAN.TV\",\"isPartOf\":{\"@id\":\"https:\\\/\\\/www.meydan.tv\\\/az\\\/#website\"},\"primaryImageOfPage\":{\"@id\":\"https:\\\/\\\/www.meydan.tv\\\/az\\\/article\\\/evi-yanan-qadin-icra-bascisi-dedi-ki-men-hec-kimin-sikayetine-baxmiram\\\/#primaryimage\"},\"image\":{\"@id\":\"https:\\\/\\\/www.meydan.tv\\\/az\\\/article\\\/evi-yanan-qadin-icra-bascisi-dedi-ki-men-hec-kimin-sikayetine-baxmiram\\\/#primaryimage\"},\"thumbnailUrl\":\"https:\\\/\\\/www.meydan.tv\\\/wp-content\\\/uploads\\\/68962712_2974659872576454_3724865814008954880_n.jpg\",\"datePublished\":\"2019-08-27T12:16:26+00:00\",\"breadcrumb\":{\"@id\":\"https:\\\/\\\/www.meydan.tv\\\/az\\\/article\\\/evi-yanan-qadin-icra-bascisi-dedi-ki-men-hec-kimin-sikayetine-baxmiram\\\/#breadcrumb\"},\"inLanguage\":\"az\",\"potentialAction\":[{\"@type\":\"ReadAction\",\"target\":[\"https:\\\/\\\/www.meydan.tv\\\/az\\\/article\\\/evi-yanan-qadin-icra-bascisi-dedi-ki-men-hec-kimin-sikayetine-baxmiram\\\/\"]}]},{\"@type\":\"ImageObject\",\"inLanguage\":\"az\",\"@id\":\"https:\\\/\\\/www.meydan.tv\\\/az\\\/article\\\/evi-yanan-qadin-icra-bascisi-dedi-ki-men-hec-kimin-sikayetine-baxmiram\\\/#primaryimage\",\"url\":\"https:\\\/\\\/www.meydan.tv\\\/wp-content\\\/uploads\\\/68962712_2974659872576454_3724865814008954880_n.jpg\",\"contentUrl\":\"https:\\\/\\\/www.meydan.tv\\\/wp-content\\\/uploads\\\/68962712_2974659872576454_3724865814008954880_n.jpg\",\"width\":960,\"height\":720,\"caption\":\"Source: Specify Source\"},{\"@type\":\"BreadcrumbList\",\"@id\":\"https:\\\/\\\/www.meydan.tv\\\/az\\\/article\\\/evi-yanan-qadin-icra-bascisi-dedi-ki-men-hec-kimin-sikayetine-baxmiram\\\/#breadcrumb\",\"itemListElement\":[{\"@type\":\"ListItem\",\"position\":1,\"name\":\"Ana s\u0259hif\u0259\",\"item\":\"https:\\\/\\\/www.meydan.tv\\\/az\\\/\"},{\"@type\":\"ListItem\",\"position\":2,\"name\":\"B\u00f6lg\u0259\",\"item\":\"https:\\\/\\\/www.meydan.tv\\\/az\\\/section\\\/bolge\\\/\"},{\"@type\":\"ListItem\",\"position\":3,\"name\":\"Evi yanan qad\u0131n: \u0130cra ba\u015f\u00e7\u0131s\u0131 dedi ki, m\u0259n he\u00e7 kimin \u015fikay\u0259tin\u0259 baxm\u0131ram\"}]},{\"@type\":\"WebSite\",\"@id\":\"https:\\\/\\\/www.meydan.tv\\\/az\\\/#website\",\"url\":\"https:\\\/\\\/www.meydan.tv\\\/az\\\/\",\"name\":\"MEYDAN.TV\",\"description\":\"Meydan TV Az\u0259rbaycan\u0131n media m\u0259kan\u0131ndak\u0131 alternativ s\u0259sidir\",\"publisher\":{\"@id\":\"https:\\\/\\\/www.meydan.tv\\\/az\\\/#organization\"},\"potentialAction\":[{\"@type\":\"SearchAction\",\"target\":{\"@type\":\"EntryPoint\",\"urlTemplate\":\"https:\\\/\\\/www.meydan.tv\\\/az\\\/?s={search_term_string}\"},\"query-input\":{\"@type\":\"PropertyValueSpecification\",\"valueRequired\":true,\"valueName\":\"search_term_string\"}}],\"inLanguage\":\"az\"},{\"@type\":\"Organization\",\"@id\":\"https:\\\/\\\/www.meydan.tv\\\/az\\\/#organization\",\"name\":\"Meydan TV\",\"url\":\"https:\\\/\\\/www.meydan.tv\\\/az\\\/\",\"logo\":{\"@type\":\"ImageObject\",\"inLanguage\":\"az\",\"@id\":\"https:\\\/\\\/www.meydan.tv\\\/az\\\/#\\\/schema\\\/logo\\\/image\\\/\",\"url\":\"https:\\\/\\\/www.meydan.tv\\\/wp-content\\\/uploads\\\/2021\\\/07\\\/meydan-logo.svg\",\"contentUrl\":\"https:\\\/\\\/www.meydan.tv\\\/wp-content\\\/uploads\\\/2021\\\/07\\\/meydan-logo.svg\",\"width\":195,\"height\":46,\"caption\":\"Meydan TV\"},\"image\":{\"@id\":\"https:\\\/\\\/www.meydan.tv\\\/az\\\/#\\\/schema\\\/logo\\\/image\\\/\"}},{\"@type\":\"Person\",\"@id\":\"https:\\\/\\\/www.meydan.tv\\\/az\\\/#\\\/schema\\\/person\\\/10d11eccf6da3662cf5fdab9806ea91a\",\"name\":\"user-manager\"}]}<\/script>\n<!-- \/ Yoast SEO plugin. -->","yoast_head_json":{"title":"Evi yanan qad\u0131n: \u0130cra ba\u015f\u00e7\u0131s\u0131 dedi ki, m\u0259n he\u00e7 kimin \u015fikay\u0259tin\u0259 baxm\u0131ram - MEYDAN.TV","robots":{"index":"index","follow":"follow","max-snippet":"max-snippet:-1","max-image-preview":"max-image-preview:large","max-video-preview":"max-video-preview:-1"},"canonical":"https:\/\/www.meydan.tv\/az\/article\/evi-yanan-qadin-icra-bascisi-dedi-ki-men-hec-kimin-sikayetine-baxmiram\/","og_locale":"az_AZ","og_type":"article","og_title":"Evi yanan qad\u0131n: \u0130cra ba\u015f\u00e7\u0131s\u0131 dedi ki, m\u0259n he\u00e7 kimin \u015fikay\u0259tin\u0259 baxm\u0131ram - MEYDAN.TV","og_description":"Di\u015fiml\u0259-d\u0131rna\u011f\u0131mla tikdiyim ev k\u00fcll\u00fc-k\u00fcf oldu.","og_url":"https:\/\/www.meydan.tv\/az\/article\/evi-yanan-qadin-icra-bascisi-dedi-ki-men-hec-kimin-sikayetine-baxmiram\/","og_site_name":"MEYDAN.TV","article_published_time":"2019-08-27T12:16:26+00:00","og_image":[{"width":960,"height":720,"url":"https:\/\/www.meydan.tv\/wp-content\/uploads\/68962712_2974659872576454_3724865814008954880_n.jpg","type":"image\/jpeg"}],"author":"user-manager","twitter_card":"summary_large_image","schema":{"@context":"https:\/\/schema.org","@graph":[{"@type":"Article","@id":"https:\/\/www.meydan.tv\/az\/article\/evi-yanan-qadin-icra-bascisi-dedi-ki-men-hec-kimin-sikayetine-baxmiram\/#article","isPartOf":{"@id":"https:\/\/www.meydan.tv\/az\/article\/evi-yanan-qadin-icra-bascisi-dedi-ki-men-hec-kimin-sikayetine-baxmiram\/"},"author":{"name":"user-manager","@id":"https:\/\/www.meydan.tv\/az\/#\/schema\/person\/10d11eccf6da3662cf5fdab9806ea91a"},"headline":"Evi yanan qad\u0131n: \u0130cra ba\u015f\u00e7\u0131s\u0131 dedi ki, m\u0259n he\u00e7 kimin \u015fikay\u0259tin\u0259 baxm\u0131ram","datePublished":"2019-08-27T12:16:26+00:00","mainEntityOfPage":{"@id":"https:\/\/www.meydan.tv\/az\/article\/evi-yanan-qadin-icra-bascisi-dedi-ki-men-hec-kimin-sikayetine-baxmiram\/"},"wordCount":989,"publisher":{"@id":"https:\/\/www.meydan.tv\/az\/#organization"},"image":{"@id":"https:\/\/www.meydan.tv\/az\/article\/evi-yanan-qadin-icra-bascisi-dedi-ki-men-hec-kimin-sikayetine-baxmiram\/#primaryimage"},"thumbnailUrl":"https:\/\/www.meydan.tv\/wp-content\/uploads\/68962712_2974659872576454_3724865814008954880_n.jpg","articleSection":["B\u00f6lg\u0259"],"inLanguage":"az"},{"@type":"WebPage","@id":"https:\/\/www.meydan.tv\/az\/article\/evi-yanan-qadin-icra-bascisi-dedi-ki-men-hec-kimin-sikayetine-baxmiram\/","url":"https:\/\/www.meydan.tv\/az\/article\/evi-yanan-qadin-icra-bascisi-dedi-ki-men-hec-kimin-sikayetine-baxmiram\/","name":"Evi yanan qad\u0131n: \u0130cra ba\u015f\u00e7\u0131s\u0131 dedi ki, m\u0259n he\u00e7 kimin \u015fikay\u0259tin\u0259 baxm\u0131ram - MEYDAN.TV","isPartOf":{"@id":"https:\/\/www.meydan.tv\/az\/#website"},"primaryImageOfPage":{"@id":"https:\/\/www.meydan.tv\/az\/article\/evi-yanan-qadin-icra-bascisi-dedi-ki-men-hec-kimin-sikayetine-baxmiram\/#primaryimage"},"image":{"@id":"https:\/\/www.meydan.tv\/az\/article\/evi-yanan-qadin-icra-bascisi-dedi-ki-men-hec-kimin-sikayetine-baxmiram\/#primaryimage"},"thumbnailUrl":"https:\/\/www.meydan.tv\/wp-content\/uploads\/68962712_2974659872576454_3724865814008954880_n.jpg","datePublished":"2019-08-27T12:16:26+00:00","breadcrumb":{"@id":"https:\/\/www.meydan.tv\/az\/article\/evi-yanan-qadin-icra-bascisi-dedi-ki-men-hec-kimin-sikayetine-baxmiram\/#breadcrumb"},"inLanguage":"az","potentialAction":[{"@type":"ReadAction","target":["https:\/\/www.meydan.tv\/az\/article\/evi-yanan-qadin-icra-bascisi-dedi-ki-men-hec-kimin-sikayetine-baxmiram\/"]}]},{"@type":"ImageObject","inLanguage":"az","@id":"https:\/\/www.meydan.tv\/az\/article\/evi-yanan-qadin-icra-bascisi-dedi-ki-men-hec-kimin-sikayetine-baxmiram\/#primaryimage","url":"https:\/\/www.meydan.tv\/wp-content\/uploads\/68962712_2974659872576454_3724865814008954880_n.jpg","contentUrl":"https:\/\/www.meydan.tv\/wp-content\/uploads\/68962712_2974659872576454_3724865814008954880_n.jpg","width":960,"height":720,"caption":"Source: Specify Source"},{"@type":"BreadcrumbList","@id":"https:\/\/www.meydan.tv\/az\/article\/evi-yanan-qadin-icra-bascisi-dedi-ki-men-hec-kimin-sikayetine-baxmiram\/#breadcrumb","itemListElement":[{"@type":"ListItem","position":1,"name":"Ana s\u0259hif\u0259","item":"https:\/\/www.meydan.tv\/az\/"},{"@type":"ListItem","position":2,"name":"B\u00f6lg\u0259","item":"https:\/\/www.meydan.tv\/az\/section\/bolge\/"},{"@type":"ListItem","position":3,"name":"Evi yanan qad\u0131n: \u0130cra ba\u015f\u00e7\u0131s\u0131 dedi ki, m\u0259n he\u00e7 kimin \u015fikay\u0259tin\u0259 baxm\u0131ram"}]},{"@type":"WebSite","@id":"https:\/\/www.meydan.tv\/az\/#website","url":"https:\/\/www.meydan.tv\/az\/","name":"MEYDAN.TV","description":"Meydan TV Az\u0259rbaycan\u0131n media m\u0259kan\u0131ndak\u0131 alternativ s\u0259sidir","publisher":{"@id":"https:\/\/www.meydan.tv\/az\/#organization"},"potentialAction":[{"@type":"SearchAction","target":{"@type":"EntryPoint","urlTemplate":"https:\/\/www.meydan.tv\/az\/?s={search_term_string}"},"query-input":{"@type":"PropertyValueSpecification","valueRequired":true,"valueName":"search_term_string"}}],"inLanguage":"az"},{"@type":"Organization","@id":"https:\/\/www.meydan.tv\/az\/#organization","name":"Meydan TV","url":"https:\/\/www.meydan.tv\/az\/","logo":{"@type":"ImageObject","inLanguage":"az","@id":"https:\/\/www.meydan.tv\/az\/#\/schema\/logo\/image\/","url":"https:\/\/www.meydan.tv\/wp-content\/uploads\/2021\/07\/meydan-logo.svg","contentUrl":"https:\/\/www.meydan.tv\/wp-content\/uploads\/2021\/07\/meydan-logo.svg","width":195,"height":46,"caption":"Meydan TV"},"image":{"@id":"https:\/\/www.meydan.tv\/az\/#\/schema\/logo\/image\/"}},{"@type":"Person","@id":"https:\/\/www.meydan.tv\/az\/#\/schema\/person\/10d11eccf6da3662cf5fdab9806ea91a","name":"user-manager"}]}},"_links":{"self":[{"href":"https:\/\/www.meydan.tv\/az\/wp-json\/wp\/v2\/posts\/196718","targetHints":{"allow":["GET"]}}],"collection":[{"href":"https:\/\/www.meydan.tv\/az\/wp-json\/wp\/v2\/posts"}],"about":[{"href":"https:\/\/www.meydan.tv\/az\/wp-json\/wp\/v2\/types\/post"}],"author":[{"embeddable":true,"href":"https:\/\/www.meydan.tv\/az\/wp-json\/wp\/v2\/users\/11"}],"replies":[{"embeddable":true,"href":"https:\/\/www.meydan.tv\/az\/wp-json\/wp\/v2\/comments?post=196718"}],"version-history":[{"count":0,"href":"https:\/\/www.meydan.tv\/az\/wp-json\/wp\/v2\/posts\/196718\/revisions"}],"wp:featuredmedia":[{"embeddable":true,"href":"https:\/\/www.meydan.tv\/az\/wp-json\/wp\/v2\/media\/128679"}],"wp:attachment":[{"href":"https:\/\/www.meydan.tv\/az\/wp-json\/wp\/v2\/media?parent=196718"}],"wp:term":[{"taxonomy":"category","embeddable":true,"href":"https:\/\/www.meydan.tv\/az\/wp-json\/wp\/v2\/categories?post=196718"},{"taxonomy":"post_tag","embeddable":true,"href":"https:\/\/www.meydan.tv\/az\/wp-json\/wp\/v2\/tags?post=196718"}],"curies":[{"name":"wp","href":"https:\/\/api.w.org\/{rel}","templated":true}]}}