{"id":196706,"date":"2019-08-26T18:28:12","date_gmt":"2019-08-26T18:28:12","guid":{"rendered":"https:\/\/www.meydan.tv\/article\/azerbaycanda-qadagan-olunmus-kitab\/"},"modified":"2019-08-26T18:28:12","modified_gmt":"2019-08-26T18:28:12","slug":"azerbaycanda-qadagan-olunmus-kitab","status":"publish","type":"post","link":"https:\/\/www.meydan.tv\/az\/article\/azerbaycanda-qadagan-olunmus-kitab\/","title":{"rendered":"Az\u0259rbaycanda qada\u011fan olunmu\u015f kitab"},"content":{"rendered":"<p>\n  <i><br \/>\n    Bu g\u00fcn d\u0259 \u0259ks\u0259r avtoritar rejiml\u0259r \u00f6z \u00f6lk\u0259l\u0259rind\u0259 azadl\u0131q k\u00fcl\u0259yinin \u0259sm\u0259sinin qar\u015f\u0131s\u0131n\u0131 almaqla m\u0259\u015f\u011fuldular<br \/>\n  <\/i>\n<\/p>\n<p>\n  21-ci \u0259srd\u0259, ilin-g\u00fcn\u00fcn bu vaxt\u0131nda, 2019-cu ild\u0259 m\u00fcst\u0259qil Az\u0259rbaycan Respublikas\u0131nda, Avropa \u015euras\u0131n\u0131n \u00fczv\u00fc olan \u00f6lk\u0259d\u0259 kitab qada\u011fan olunur. Dem\u0259li, ilahiyyat\u00e7\u0131 El\u015fad Mirinin \u201c\u0130slamda yoxdur\u201d kitab\u0131n\u0131n \u00e7ap\u0131 Dini Qurumlar \u0130\u015f \u00dczr\u0259 D\u00f6vl\u0259t Komit\u0259si t\u0259r\u0259find\u0259n yasaqlan\u0131b. Halbuki, kitabda \u00f6lk\u0259 konstitusiyas\u0131na v\u0259 qanunvericiliy\u0259 zidd he\u00e7 bir \u015fey yaz\u0131lmay\u0131b. Orda radikall\u0131\u011fa, ekstrimizm\u0259, zorak\u0131l\u0131\u011fa, b\u00f6l\u00fcc\u00fcl\u00fcy\u0259 he\u00e7 bir \u00e7a\u011f\u0131r\u0131\u015f olmad\u0131\u011f\u0131 halda, bu kitab niy\u0259 qada\u011fan edilm\u0259lidir ki?! \u018fksin\u0259, kitab\u0131n qada\u011fan olunmas\u0131n\u0131n \u00f6z\u00fc \u00f6lk\u0259 v\u0259t\u0259nda\u015f\u0131n\u0131n konstitusion haqlar\u0131n\u0131 pozur.\n<\/p>\n<p>\n  \u00dcmumiyy\u0259tl\u0259, El\u015fad Mirinin \u201cYoutube\u201dd\u0259ki videolar\u0131ndan davaml\u0131 olaraq yararlanaraq, \u00e7oxlu m\u0259lumat \u0259ld\u0259 edir\u0259m. Adam \u0259sl maarif\u00e7idir. O, insanlar\u0131n uydurduqlar\u0131 dini ehkamlar\u0131 \u00f6z m\u0259ntiqli v\u0259 tutarl\u0131 m\u00fclahiz\u0259l\u0259ri il\u0259 s\u0131radan \u00e7\u0131xar\u0131r. \u018fn\u0259n\u0259vi, daha do\u011frusu, t\u0259hrif olunmu\u015f dinin dedikl\u0259rini t\u0259kzib edir v\u0259 daha praktik v\u0259 faydal\u0131 m\u0259s\u0259l\u0259l\u0259r\u0259 i\u015f\u0131q sal\u0131r. Mirinin dedikl\u0259rini t\u0259hlil ed\u0259nd\u0259, m\u00fcs\u0259lmanlar\u0131n niy\u0259 h\u0259l\u0259 d\u0259 inki\u015faf etm\u0259diyini daha yax\u015f\u0131 anlamaq olur. \u018fslind\u0259 onun yasaqlanm\u0131\u015f kitab\u0131nda m\u0259hz Az\u0259rbaycanda cahilliyin v\u0259 xurafat\u0131n \u00e7oxalmas\u0131nda \u0259sas rol oynayan n\u00fcanslar\u0131n \u0130slamda olmad\u0131\u011f\u0131 il\u0259 ba\u011fl\u0131 fikirl\u0259r yer al\u0131r. \u201c\u0130slamda yoxdur\u201d kitab\u0131nda qeyd edilir ki, \u0130slam dinind\u0259 sehr, si\u011f\u0259, huri, azya\u015fl\u0131lar\u0131n evl\u0259ndirilm\u0259si, seyidlik, \u00f6l\u00fcy\u0259 Quran oxutdurulmas\u0131, pey\u011f\u0259mb\u0259rl\u0259rin m\u0259sumlu\u011fu kimi m\u0259s\u0259l\u0259l\u0259r yoxdur.\n<\/p>\n<p>\n  Komit\u0259nin qada\u011fa il\u0259 ba\u011fl\u0131 a\u00e7\u0131qlamas\u0131 is\u0259 absurd s\u00f6z y\u0131\u011f\u0131n\u0131ndan ibar\u0259tdir. Kitabla ba\u011fl\u0131 komit\u0259nin din\u015f\u00fcnasl\u0131q ekspertizas\u0131n\u0131n r\u0259yind\u0259 yaz\u0131l\u0131b ki, orada \u00f6lk\u0259d\u0259ki dini duruma m\u0259nfi t\u0259sir g\u00f6st\u0259r\u0259 bil\u0259c\u0259k fikirl\u0259r yer al\u0131b. H\u0259min fikirl\u0259r is\u0259, \u0259sas\u0259n, seyidlik anlay\u0131\u015f\u0131 v\u0259 Pey\u011f\u0259mb\u0259rin m\u0259sumlu\u011fu il\u0259 ba\u011fl\u0131d\u0131r.\n<\/p>\n<p>\n  Guya \u00f6lk\u0259d\u0259ki m\u00fcs\u0259lmanlar kitabda yaz\u0131lanlar\u0131 oxuma\u011fa haz\u0131r deyill\u0259r. Kimin n\u0259yi oxuyub-oxumad\u0131\u011f\u0131na sizmi q\u0259rar ver\u0259c\u0259ksiniz?! B\u0259li, t\u0259zadlarla dolu \u00f6lk\u0259d\u0259 ya\u015fay\u0131r\u0131q. El\u0259 bil k\u00f6rp\u0259 u\u015faqlar\u0131q ya da ba\u015fqa planetd\u0259n g\u0259lmi\u015fik bura. Yer k\u00fcr\u0259sin\u0259 uy\u011funla\u015fmaqda \u00e7\u0259tinlik \u00e7\u0259kirik, pis v\u0259 yax\u015f\u0131n\u0131 ay\u0131rd ed\u0259 bilmirik, h\u00f6k\u00fcm\u0259ti d\u0259 \u015f\u0259xsi t\u0259lim\u00e7i kimi tutmu\u015fuq ki, b\u0259s, biz, n\u0259y\u0259 haz\u0131r olub-olmad\u0131\u011f\u0131m\u0131z\u0131 bilmirik, s\u0259n \u00f6z\u00fcn bizi y\u00f6n\u0259lt, yediyimiz-i\u00e7diyimiz\u0259, geyim-ke\u00e7imimiz\u0259, g\u00fcl\u00fcb-a\u011flama\u011f\u0131m\u0131za n\u0259zar\u0259t et. Amand\u0131r, bird\u0259n \u00e7a\u015f\u0131b yersiz n\u0259s\u0259 oxuyar\u0131q, n\u0259yis\u0259 d\u00fcz el\u0259m\u0259rik b\u00fct\u00fcn beynimiz pozular.\n<\/p>\n<p>\n  D\u00fcnyada \u00e7oxlu sayda kitablar var ki, vaxt\u0131 il\u0259 m\u00fcxt\u0259lif yerl\u0259rd\u0259 qada\u011fan olunub. Qada\u011falar\u0131n \u0259sas motivl\u0259ri siyasi, dini v\u0259 seksual xarakterli olub. \u0130ndi d\u00fcnya d\u0259yi\u015fib. \u018fks\u0259r \u00f6lk\u0259l\u0259rd\u0259 senzura aradan qalx\u0131b, m\u00fcst\u0259qillik \u00f6z\u00fc il\u0259 b\u0259rab\u0259r \u0259d\u0259biyyat sah\u0259sin\u0259 d\u0259 azadl\u0131q g\u0259tirib. Bu g\u00fcn \u0259vv\u0259ll\u0259r qada\u011fan olunan kitablar\u0131n siyah\u0131s\u0131na baxd\u0131qda heyr\u0259t edir\u0259m. \u0130\u00e7ind\u0259 azca azadl\u0131\u011fa \u00e7a\u011f\u0131r\u0131\u015f ed\u0259n, total n\u0259zar\u0259t\u0259 qar\u015f\u0131 \u00e7\u0131xan n\u0259 \u0259d\u0259biyyat var idis\u0259, SSR\u0130-d\u0259 h\u0259min kitablar qada\u011fan olunmu\u015fdu. \u0130nsana b\u0259x\u015f olunmu\u015f \u0259n \u015firin v\u0259 t\u0259bii nem\u0259t olan azadl\u0131q totalitar, avtoritar rejiml\u0259r \u00fc\u00e7\u00fcn h\u0259mi\u015f\u0259 z\u0259r\u0259rli virus kimi tan\u0131n\u0131b. F\u0259rdin, toplumun azadl\u0131\u011f\u0131 m\u0259hz qapal\u0131 rejiml\u0259r \u00fc\u00e7\u00fcn da\u011f\u0131d\u0131c\u0131 virus rolunda olub.\n<\/p>\n<p>\n  Bu g\u00fcn d\u0259 \u0259ks\u0259r avtoritar rejiml\u0259r \u00f6z \u00f6lk\u0259l\u0259rind\u0259 azadl\u0131q k\u00fcl\u0259yinin \u0259sm\u0259sinin qar\u015f\u0131s\u0131n\u0131 almaqla m\u0259\u015f\u011fuldular. Onlar h\u0259r t\u0259r\u0259fi hasarlay\u0131r, b\u00fct\u00fcn d\u0259lm\u0259-de\u015fikl\u0259ri b\u0259rk-b\u0259rk qapay\u0131rlar ki, bird\u0259n i\u00e7\u0259ri azadl\u0131q k\u00fcl\u0259yi gir\u0259r v\u0259 h\u0259min qapal\u0131 yerin sabitliyini pozub, sonra da rejimi soyuqdan dondurub \u00f6ld\u00fcr\u0259r.\n<\/p>\n<p>\n  B\u0259z\u0259n i\u00e7\u0259rid\u0259n d\u0259 kims\u0259 \u00f6z enerjisind\u0259n h\u0259min k\u00fcl\u0259kd\u0259n yarad\u0131b, \u0259trafa paylay\u0131r. Bel\u0259l\u0259rini lap qapal\u0131, qaranl\u0131q yer\u0259 sal\u0131b, c\u0259miyy\u0259td\u0259n t\u0259crid edirl\u0259r ki, ba\u015fqalar\u0131n\u0131 \u00f6z k\u00fcl\u0259yi il\u0259 \u201cx\u0259st\u0259l\u0259ndirm\u0259sin\u201d. \u00c7ox vaxt da onun \u00f6z\u00fcn\u00fc d\u0259 nec\u0259s\u0259 x\u0259st\u0259l\u0259ndirib, z\u0259r\u0259rsizl\u0259\u015fdirirl\u0259r.\n<\/p>\n<p>\n  B\u00fct\u00fcn hallarda azadl\u0131q insan t\u0259bi\u0259tinin bir par\u00e7as\u0131d\u0131r v\u0259 kims\u0259 bu t\u0259bi\u0259t\u0259 qar\u015f\u0131 \u00e7\u0131xanda da, t\u0259bi\u0259t onu c\u0259zaland\u0131r\u0131r. Suyun, k\u00fcl\u0259yin qar\u015f\u0131s\u0131n\u0131 almaq b\u0259z\u0259n \u00e7ox \u00e7\u0259tinl\u0259\u015fir. \u00c7\u00fcnki i\u00e7\u0259rid\u0259n \u00e7\u00fcr\u00fcm\u0259 gedir. Hardasa, n\u0259yins\u0259 material\u0131nda vaxt\u0131n ya s\u0259ri\u015ft\u0259sizliyin t\u0259siri il\u0259 keyfiyy\u0259t \u00f6lm\u0259y\u0259 ba\u015flay\u0131r. Bu da t\u0259bii \u015f\u0259kild\u0259 k\u00fcl\u0259yin i\u00e7\u0259ri ke\u00e7m\u0259sin\u0259 s\u0259b\u0259b olur. N\u0259tic\u0259d\u0259 qala kimi iri v\u0259 \u0259z\u0259m\u0259tli b\u0259ndl\u0259r, hasarlar, divarlar g\u00fccl\u00fc k\u00fcl\u0259yin t\u0259siri qar\u015f\u0131s\u0131nda duru\u015f g\u0259tir\u0259 bilm\u0259yib, darmada\u011f\u0131n olurlar.\n<\/p>\n<p>\n  Qada\u011fan olunan \u015fey\u0259 h\u0259mi\u015f\u0259 maraq yaran\u0131r. \u0130nsan\u0131n psixologiyas\u0131 bel\u0259 qurulub. U\u015faql\u0131qdan bunu g\u00f6rm\u0259k, rahat m\u00fc\u0259yy\u0259n etm\u0259k m\u00fcmk\u00fcnd\u00fcr. Valideynl\u0259rimizin biz\u0259 israrla qada\u011fa etdiyi h\u0259r \u015fey\u0259 qar\u015f\u0131 \u015fidd\u0259tli maraq g\u00f6st\u0259ririk. Bu sayaq mara\u011f\u0131n k\u00f6k\u00fcnd\u0259 n\u0259fs durur. N\u0259fs &#8211; yarad\u0131l\u0131\u015fdan insan b\u0259d\u0259ninin b\u00fct\u00fcn ist\u0259kl\u0259rinin m\u0259cmusudur, o, ist\u0259kl\u0259r\u0259 n\u0259zar\u0259t ed\u0259n bir g\u00fccd\u00fcr. N\u0259fs daima maqnit kimi onu c\u0259lb ed\u0259n \u015feyl\u0259ri \u00f6z\u00fcn\u0259 \u00e7\u0259km\u0259k ist\u0259yir. Bir m\u0259nada n\u0259fs el\u0259 insan\u0131n \u00f6z\u00fcd\u00fcr, onun \u0259xlaq, t\u0259rbiy\u0259 kriteriyalar\u0131d\u0131r. \u0130nsan n\u0259fsinin haql\u0131 ist\u0259kl\u0259ri var v\u0259 onlar\u0131 t\u0259min etm\u0259k bizim borcumuzdur. \u00dcmumiyy\u0259tl\u0259, b\u0259zil\u0259rinin dediyi kimi, \u201cn\u0259fsi \u00f6ld\u00fcrm\u0259k\u201d kimi bir anlay\u0131\u015f do\u011fru deyil. Sad\u0259c\u0259, n\u0259fsi m\u0259n\u0259vi d\u0259y\u0259rl\u0259rin v\u0259 irad\u0259nin g\u00fcc\u00fc il\u0259 t\u0259rbiy\u0259 etm\u0259k, daim n\u0259zar\u0259t alt\u0131nda saxlamaq m\u00fcmk\u00fcnd\u00fcr. Bu da azad v\u0259 \u015f\u0259xsi se\u00e7im il\u0259 olan n\u0259zar\u0259t olmal\u0131d\u0131r.\n<\/p>\n<p>\n  Azadl\u0131q olan sivil \u00f6lk\u0259l\u0259r \u00f6z c\u0259miyy\u0259tl\u0259rini bu c\u00fcr sa\u011flam d\u0259y\u0259rl\u0259rl\u0259 formala\u015fd\u0131r\u0131b n\u0259zar\u0259td\u0259 saxlaya bilirl\u0259r. Onlar ist\u0259dikl\u0259ri \u015feyl\u0259r\u0259 s\u0131rf xo\u015flar\u0131na g\u0259lm\u0259diyi \u00fc\u00e7\u00fcn kor-koran\u0259, ac\u0131\u011fa qada\u011fa qoymurlar. V\u0259t\u0259nda\u015flar\u0131na azadl\u0131q, keyfiyy\u0259tli t\u0259hsil, m\u00fcst\u0259qil iqtisadi imkanlar ver\u0259r\u0259k idar\u0259 edirl\u0259r. H\u0259min \u00f6lk\u0259l\u0259rd\u0259ki h\u00f6k\u00fcm\u0259tl\u0259r bilirl\u0259r ki, ilin-g\u00fcn\u00fcn bu vaxt\u0131 hans\u0131sa kitab\u0131n sat\u0131\u015f\u0131n\u0131 qada\u011fan el\u0259m\u0259k onlar\u0131 nec\u0259 n\u00fcfuzdan sala bil\u0259r.\n<\/p>\n<p>\n  \u00dcmid ed\u0259k ki, Dini Qurumlarla \u0130\u015f \u00dczr\u0259 D\u00f6vl\u0259t Komit\u0259si verdiyi yanl\u0131\u015f q\u0259rardan vaz ke\u00e7\u0259r v\u0259 senzuran\u0131 aradan qald\u0131r\u0131b \u00f6lk\u0259mizin ad\u0131n\u0131 \u201ckitaba senzura qoyan\u201d \u00f6lk\u0259l\u0259r siyah\u0131s\u0131na d\u00fc\u015fm\u0259sin\u0259 z\u0259min yaratmaz.<\/p>\n","protected":false},"excerpt":{"rendered":"<p>Bu g\u00fcn d\u0259 \u0259ks\u0259r avtoritar rejiml\u0259r \u00f6z \u00f6lk\u0259l\u0259rind\u0259 azadl\u0131q k\u00fcl\u0259yinin \u0259sm\u0259sinin qar\u015f\u0131s\u0131n\u0131 almaqla m\u0259\u015f\u011fuldular<\/p>\n","protected":false},"author":11,"featured_media":118895,"comment_status":"closed","ping_status":"open","sticky":false,"template":"","format":"standard","meta":{"_acf_changed":false,"_sitemap_exclude":false,"_sitemap_priority":"","_sitemap_frequency":"","footnotes":""},"categories":[57],"tags":[],"class_list":["post-196706","post","type-post","status-publish","format-standard","has-post-thumbnail","hentry","category-menim-fikrimce","infinite-scroll-item","generate-columns","tablet-grid-50","mobile-grid-100","grid-parent","grid-33","no-featured-image-padding"],"acf":[],"yoast_head":"<!-- This site is optimized with the Yoast SEO plugin v27.4 - https:\/\/yoast.com\/product\/yoast-seo-wordpress\/ -->\n<title>Az\u0259rbaycanda qada\u011fan olunmu\u015f kitab - MEYDAN.TV<\/title>\n<meta name=\"robots\" content=\"index, follow, max-snippet:-1, max-image-preview:large, max-video-preview:-1\" \/>\n<link rel=\"canonical\" href=\"https:\/\/www.meydan.tv\/az\/article\/azerbaycanda-qadagan-olunmus-kitab\/\" \/>\n<meta property=\"og:locale\" content=\"az_AZ\" \/>\n<meta property=\"og:type\" content=\"article\" \/>\n<meta property=\"og:title\" content=\"Az\u0259rbaycanda qada\u011fan olunmu\u015f kitab - MEYDAN.TV\" \/>\n<meta property=\"og:description\" content=\"Bu g\u00fcn d\u0259 \u0259ks\u0259r avtoritar rejiml\u0259r \u00f6z \u00f6lk\u0259l\u0259rind\u0259 azadl\u0131q k\u00fcl\u0259yinin \u0259sm\u0259sinin qar\u015f\u0131s\u0131n\u0131 almaqla m\u0259\u015f\u011fuldular\" \/>\n<meta property=\"og:url\" content=\"https:\/\/www.meydan.tv\/az\/article\/azerbaycanda-qadagan-olunmus-kitab\/\" \/>\n<meta property=\"og:site_name\" content=\"MEYDAN.TV\" \/>\n<meta property=\"article:published_time\" content=\"2019-08-26T18:28:12+00:00\" \/>\n<meta property=\"og:image\" content=\"https:\/\/www.meydan.tv\/wp-content\/uploads\/image_from_ios-scaled.jpg\" \/>\n\t<meta property=\"og:image:width\" content=\"2560\" \/>\n\t<meta property=\"og:image:height\" content=\"1440\" \/>\n\t<meta property=\"og:image:type\" content=\"image\/jpeg\" \/>\n<meta name=\"author\" content=\"user-manager\" \/>\n<meta name=\"twitter:card\" content=\"summary_large_image\" \/>\n<script type=\"application\/ld+json\" class=\"yoast-schema-graph\">{\"@context\":\"https:\\\/\\\/schema.org\",\"@graph\":[{\"@type\":\"Article\",\"@id\":\"https:\\\/\\\/www.meydan.tv\\\/az\\\/article\\\/azerbaycanda-qadagan-olunmus-kitab\\\/#article\",\"isPartOf\":{\"@id\":\"https:\\\/\\\/www.meydan.tv\\\/az\\\/article\\\/azerbaycanda-qadagan-olunmus-kitab\\\/\"},\"author\":{\"name\":\"user-manager\",\"@id\":\"https:\\\/\\\/www.meydan.tv\\\/az\\\/#\\\/schema\\\/person\\\/10d11eccf6da3662cf5fdab9806ea91a\"},\"headline\":\"Az\u0259rbaycanda qada\u011fan olunmu\u015f kitab\",\"datePublished\":\"2019-08-26T18:28:12+00:00\",\"mainEntityOfPage\":{\"@id\":\"https:\\\/\\\/www.meydan.tv\\\/az\\\/article\\\/azerbaycanda-qadagan-olunmus-kitab\\\/\"},\"wordCount\":1314,\"publisher\":{\"@id\":\"https:\\\/\\\/www.meydan.tv\\\/az\\\/#organization\"},\"image\":{\"@id\":\"https:\\\/\\\/www.meydan.tv\\\/az\\\/article\\\/azerbaycanda-qadagan-olunmus-kitab\\\/#primaryimage\"},\"thumbnailUrl\":\"https:\\\/\\\/www.meydan.tv\\\/wp-content\\\/uploads\\\/image_from_ios-scaled.jpg\",\"articleSection\":[\"M\u0259nim Fikrimc\u0259\"],\"inLanguage\":\"az\"},{\"@type\":\"WebPage\",\"@id\":\"https:\\\/\\\/www.meydan.tv\\\/az\\\/article\\\/azerbaycanda-qadagan-olunmus-kitab\\\/\",\"url\":\"https:\\\/\\\/www.meydan.tv\\\/az\\\/article\\\/azerbaycanda-qadagan-olunmus-kitab\\\/\",\"name\":\"Az\u0259rbaycanda qada\u011fan olunmu\u015f kitab - MEYDAN.TV\",\"isPartOf\":{\"@id\":\"https:\\\/\\\/www.meydan.tv\\\/az\\\/#website\"},\"primaryImageOfPage\":{\"@id\":\"https:\\\/\\\/www.meydan.tv\\\/az\\\/article\\\/azerbaycanda-qadagan-olunmus-kitab\\\/#primaryimage\"},\"image\":{\"@id\":\"https:\\\/\\\/www.meydan.tv\\\/az\\\/article\\\/azerbaycanda-qadagan-olunmus-kitab\\\/#primaryimage\"},\"thumbnailUrl\":\"https:\\\/\\\/www.meydan.tv\\\/wp-content\\\/uploads\\\/image_from_ios-scaled.jpg\",\"datePublished\":\"2019-08-26T18:28:12+00:00\",\"breadcrumb\":{\"@id\":\"https:\\\/\\\/www.meydan.tv\\\/az\\\/article\\\/azerbaycanda-qadagan-olunmus-kitab\\\/#breadcrumb\"},\"inLanguage\":\"az\",\"potentialAction\":[{\"@type\":\"ReadAction\",\"target\":[\"https:\\\/\\\/www.meydan.tv\\\/az\\\/article\\\/azerbaycanda-qadagan-olunmus-kitab\\\/\"]}]},{\"@type\":\"ImageObject\",\"inLanguage\":\"az\",\"@id\":\"https:\\\/\\\/www.meydan.tv\\\/az\\\/article\\\/azerbaycanda-qadagan-olunmus-kitab\\\/#primaryimage\",\"url\":\"https:\\\/\\\/www.meydan.tv\\\/wp-content\\\/uploads\\\/image_from_ios-scaled.jpg\",\"contentUrl\":\"https:\\\/\\\/www.meydan.tv\\\/wp-content\\\/uploads\\\/image_from_ios-scaled.jpg\",\"width\":2560,\"height\":1440,\"caption\":\"Source: Meydan TV\"},{\"@type\":\"BreadcrumbList\",\"@id\":\"https:\\\/\\\/www.meydan.tv\\\/az\\\/article\\\/azerbaycanda-qadagan-olunmus-kitab\\\/#breadcrumb\",\"itemListElement\":[{\"@type\":\"ListItem\",\"position\":1,\"name\":\"Ana s\u0259hif\u0259\",\"item\":\"https:\\\/\\\/www.meydan.tv\\\/az\\\/\"},{\"@type\":\"ListItem\",\"position\":2,\"name\":\"M\u0259nim Fikrimc\u0259\",\"item\":\"https:\\\/\\\/www.meydan.tv\\\/az\\\/section\\\/menim-fikrimce\\\/\"},{\"@type\":\"ListItem\",\"position\":3,\"name\":\"Az\u0259rbaycanda qada\u011fan olunmu\u015f kitab\"}]},{\"@type\":\"WebSite\",\"@id\":\"https:\\\/\\\/www.meydan.tv\\\/az\\\/#website\",\"url\":\"https:\\\/\\\/www.meydan.tv\\\/az\\\/\",\"name\":\"MEYDAN.TV\",\"description\":\"Meydan TV Az\u0259rbaycan\u0131n media m\u0259kan\u0131ndak\u0131 alternativ s\u0259sidir\",\"publisher\":{\"@id\":\"https:\\\/\\\/www.meydan.tv\\\/az\\\/#organization\"},\"potentialAction\":[{\"@type\":\"SearchAction\",\"target\":{\"@type\":\"EntryPoint\",\"urlTemplate\":\"https:\\\/\\\/www.meydan.tv\\\/az\\\/?s={search_term_string}\"},\"query-input\":{\"@type\":\"PropertyValueSpecification\",\"valueRequired\":true,\"valueName\":\"search_term_string\"}}],\"inLanguage\":\"az\"},{\"@type\":\"Organization\",\"@id\":\"https:\\\/\\\/www.meydan.tv\\\/az\\\/#organization\",\"name\":\"Meydan TV\",\"url\":\"https:\\\/\\\/www.meydan.tv\\\/az\\\/\",\"logo\":{\"@type\":\"ImageObject\",\"inLanguage\":\"az\",\"@id\":\"https:\\\/\\\/www.meydan.tv\\\/az\\\/#\\\/schema\\\/logo\\\/image\\\/\",\"url\":\"https:\\\/\\\/www.meydan.tv\\\/wp-content\\\/uploads\\\/2021\\\/07\\\/meydan-logo.svg\",\"contentUrl\":\"https:\\\/\\\/www.meydan.tv\\\/wp-content\\\/uploads\\\/2021\\\/07\\\/meydan-logo.svg\",\"width\":195,\"height\":46,\"caption\":\"Meydan TV\"},\"image\":{\"@id\":\"https:\\\/\\\/www.meydan.tv\\\/az\\\/#\\\/schema\\\/logo\\\/image\\\/\"}},{\"@type\":\"Person\",\"@id\":\"https:\\\/\\\/www.meydan.tv\\\/az\\\/#\\\/schema\\\/person\\\/10d11eccf6da3662cf5fdab9806ea91a\",\"name\":\"user-manager\"}]}<\/script>\n<!-- \/ Yoast SEO plugin. -->","yoast_head_json":{"title":"Az\u0259rbaycanda qada\u011fan olunmu\u015f kitab - MEYDAN.TV","robots":{"index":"index","follow":"follow","max-snippet":"max-snippet:-1","max-image-preview":"max-image-preview:large","max-video-preview":"max-video-preview:-1"},"canonical":"https:\/\/www.meydan.tv\/az\/article\/azerbaycanda-qadagan-olunmus-kitab\/","og_locale":"az_AZ","og_type":"article","og_title":"Az\u0259rbaycanda qada\u011fan olunmu\u015f kitab - MEYDAN.TV","og_description":"Bu g\u00fcn d\u0259 \u0259ks\u0259r avtoritar rejiml\u0259r \u00f6z \u00f6lk\u0259l\u0259rind\u0259 azadl\u0131q k\u00fcl\u0259yinin \u0259sm\u0259sinin qar\u015f\u0131s\u0131n\u0131 almaqla m\u0259\u015f\u011fuldular","og_url":"https:\/\/www.meydan.tv\/az\/article\/azerbaycanda-qadagan-olunmus-kitab\/","og_site_name":"MEYDAN.TV","article_published_time":"2019-08-26T18:28:12+00:00","og_image":[{"width":2560,"height":1440,"url":"https:\/\/www.meydan.tv\/wp-content\/uploads\/image_from_ios-scaled.jpg","type":"image\/jpeg"}],"author":"user-manager","twitter_card":"summary_large_image","schema":{"@context":"https:\/\/schema.org","@graph":[{"@type":"Article","@id":"https:\/\/www.meydan.tv\/az\/article\/azerbaycanda-qadagan-olunmus-kitab\/#article","isPartOf":{"@id":"https:\/\/www.meydan.tv\/az\/article\/azerbaycanda-qadagan-olunmus-kitab\/"},"author":{"name":"user-manager","@id":"https:\/\/www.meydan.tv\/az\/#\/schema\/person\/10d11eccf6da3662cf5fdab9806ea91a"},"headline":"Az\u0259rbaycanda qada\u011fan olunmu\u015f kitab","datePublished":"2019-08-26T18:28:12+00:00","mainEntityOfPage":{"@id":"https:\/\/www.meydan.tv\/az\/article\/azerbaycanda-qadagan-olunmus-kitab\/"},"wordCount":1314,"publisher":{"@id":"https:\/\/www.meydan.tv\/az\/#organization"},"image":{"@id":"https:\/\/www.meydan.tv\/az\/article\/azerbaycanda-qadagan-olunmus-kitab\/#primaryimage"},"thumbnailUrl":"https:\/\/www.meydan.tv\/wp-content\/uploads\/image_from_ios-scaled.jpg","articleSection":["M\u0259nim Fikrimc\u0259"],"inLanguage":"az"},{"@type":"WebPage","@id":"https:\/\/www.meydan.tv\/az\/article\/azerbaycanda-qadagan-olunmus-kitab\/","url":"https:\/\/www.meydan.tv\/az\/article\/azerbaycanda-qadagan-olunmus-kitab\/","name":"Az\u0259rbaycanda qada\u011fan olunmu\u015f kitab - MEYDAN.TV","isPartOf":{"@id":"https:\/\/www.meydan.tv\/az\/#website"},"primaryImageOfPage":{"@id":"https:\/\/www.meydan.tv\/az\/article\/azerbaycanda-qadagan-olunmus-kitab\/#primaryimage"},"image":{"@id":"https:\/\/www.meydan.tv\/az\/article\/azerbaycanda-qadagan-olunmus-kitab\/#primaryimage"},"thumbnailUrl":"https:\/\/www.meydan.tv\/wp-content\/uploads\/image_from_ios-scaled.jpg","datePublished":"2019-08-26T18:28:12+00:00","breadcrumb":{"@id":"https:\/\/www.meydan.tv\/az\/article\/azerbaycanda-qadagan-olunmus-kitab\/#breadcrumb"},"inLanguage":"az","potentialAction":[{"@type":"ReadAction","target":["https:\/\/www.meydan.tv\/az\/article\/azerbaycanda-qadagan-olunmus-kitab\/"]}]},{"@type":"ImageObject","inLanguage":"az","@id":"https:\/\/www.meydan.tv\/az\/article\/azerbaycanda-qadagan-olunmus-kitab\/#primaryimage","url":"https:\/\/www.meydan.tv\/wp-content\/uploads\/image_from_ios-scaled.jpg","contentUrl":"https:\/\/www.meydan.tv\/wp-content\/uploads\/image_from_ios-scaled.jpg","width":2560,"height":1440,"caption":"Source: Meydan TV"},{"@type":"BreadcrumbList","@id":"https:\/\/www.meydan.tv\/az\/article\/azerbaycanda-qadagan-olunmus-kitab\/#breadcrumb","itemListElement":[{"@type":"ListItem","position":1,"name":"Ana s\u0259hif\u0259","item":"https:\/\/www.meydan.tv\/az\/"},{"@type":"ListItem","position":2,"name":"M\u0259nim Fikrimc\u0259","item":"https:\/\/www.meydan.tv\/az\/section\/menim-fikrimce\/"},{"@type":"ListItem","position":3,"name":"Az\u0259rbaycanda qada\u011fan olunmu\u015f kitab"}]},{"@type":"WebSite","@id":"https:\/\/www.meydan.tv\/az\/#website","url":"https:\/\/www.meydan.tv\/az\/","name":"MEYDAN.TV","description":"Meydan TV Az\u0259rbaycan\u0131n media m\u0259kan\u0131ndak\u0131 alternativ s\u0259sidir","publisher":{"@id":"https:\/\/www.meydan.tv\/az\/#organization"},"potentialAction":[{"@type":"SearchAction","target":{"@type":"EntryPoint","urlTemplate":"https:\/\/www.meydan.tv\/az\/?s={search_term_string}"},"query-input":{"@type":"PropertyValueSpecification","valueRequired":true,"valueName":"search_term_string"}}],"inLanguage":"az"},{"@type":"Organization","@id":"https:\/\/www.meydan.tv\/az\/#organization","name":"Meydan TV","url":"https:\/\/www.meydan.tv\/az\/","logo":{"@type":"ImageObject","inLanguage":"az","@id":"https:\/\/www.meydan.tv\/az\/#\/schema\/logo\/image\/","url":"https:\/\/www.meydan.tv\/wp-content\/uploads\/2021\/07\/meydan-logo.svg","contentUrl":"https:\/\/www.meydan.tv\/wp-content\/uploads\/2021\/07\/meydan-logo.svg","width":195,"height":46,"caption":"Meydan TV"},"image":{"@id":"https:\/\/www.meydan.tv\/az\/#\/schema\/logo\/image\/"}},{"@type":"Person","@id":"https:\/\/www.meydan.tv\/az\/#\/schema\/person\/10d11eccf6da3662cf5fdab9806ea91a","name":"user-manager"}]}},"_links":{"self":[{"href":"https:\/\/www.meydan.tv\/az\/wp-json\/wp\/v2\/posts\/196706","targetHints":{"allow":["GET"]}}],"collection":[{"href":"https:\/\/www.meydan.tv\/az\/wp-json\/wp\/v2\/posts"}],"about":[{"href":"https:\/\/www.meydan.tv\/az\/wp-json\/wp\/v2\/types\/post"}],"author":[{"embeddable":true,"href":"https:\/\/www.meydan.tv\/az\/wp-json\/wp\/v2\/users\/11"}],"replies":[{"embeddable":true,"href":"https:\/\/www.meydan.tv\/az\/wp-json\/wp\/v2\/comments?post=196706"}],"version-history":[{"count":0,"href":"https:\/\/www.meydan.tv\/az\/wp-json\/wp\/v2\/posts\/196706\/revisions"}],"wp:featuredmedia":[{"embeddable":true,"href":"https:\/\/www.meydan.tv\/az\/wp-json\/wp\/v2\/media\/118895"}],"wp:attachment":[{"href":"https:\/\/www.meydan.tv\/az\/wp-json\/wp\/v2\/media?parent=196706"}],"wp:term":[{"taxonomy":"category","embeddable":true,"href":"https:\/\/www.meydan.tv\/az\/wp-json\/wp\/v2\/categories?post=196706"},{"taxonomy":"post_tag","embeddable":true,"href":"https:\/\/www.meydan.tv\/az\/wp-json\/wp\/v2\/tags?post=196706"}],"curies":[{"name":"wp","href":"https:\/\/api.w.org\/{rel}","templated":true}]}}