{"id":196704,"date":"2019-08-26T14:43:05","date_gmt":"2019-08-26T14:43:05","guid":{"rendered":"https:\/\/www.meydan.tv\/article\/semkir-sakini-hasarimizi-dagidib-heyetyani-sahemizi-viran-qoyublar\/"},"modified":"2019-08-26T14:43:05","modified_gmt":"2019-08-26T14:43:05","slug":"semkir-sakini-hasarimizi-dagidib-heyetyani-sahemizi-viran-qoyublar","status":"publish","type":"post","link":"https:\/\/www.meydan.tv\/az\/article\/semkir-sakini-hasarimizi-dagidib-heyetyani-sahemizi-viran-qoyublar\/","title":{"rendered":"\u015e\u0259mkir sakini: Hasar\u0131m\u0131z\u0131 da\u011f\u0131d\u0131b, h\u0259y\u0259tyan\u0131 sah\u0259mizi viran qoyublar"},"content":{"rendered":"<p>\n  <i><br \/>\n    Leyla C\u0259f\u0259rova iddia edir ki, 50 ildir istifad\u0259l\u0259rind\u0259 olan h\u0259y\u0259tyan\u0131 sah\u0259si qanunsuz olaraq \u0259ll\u0259rind\u0259n al\u0131n\u0131b<br \/>\n  <\/i>\n<\/p>\n<p>\n  \u201c\u0130lyar\u0131md\u0131r ki, hasarlar\u0131m\u0131z\u0131 da\u011f\u0131d\u0131b, \u015f\u0259xsi h\u0259y\u0259tyan\u0131 sah\u0259mizi z\u0259bt edibl\u0259r. Qaz\u0131nt\u0131, tikinti i\u015fl\u0259ri apar\u0131rbar. Deyirl\u0259r, burda r\u0259ssaml\u0131q m\u0259kt\u0259bi tikirik\u201d.\n<\/p>\n<p>\n  \u015e\u0259mkir rayon sakini Leyla C\u0259f\u0259rova Meydan TV-y\u0259 dan\u0131\u015f\u0131r ki, rayonun icra hakimiyy\u0259tinin ba\u015f\u00e7\u0131s\u0131 Alimpa\u015fa M\u0259mm\u0259dov onlara m\u0259xsus olan ya\u015fad\u0131qlar\u0131 evin h\u0259y\u0259tyan\u0131 sah\u0259sini ba\u015fqas\u0131na verib. Onun s\u00f6zl\u0259rin\u0259 g\u00f6r\u0259, ilyar\u0131m \u0259vv\u0259l R\u0259ssamlar \u0130ttifaq\u0131n\u0131n \u00fczv\u00fc F\u0259rman H\u00fcseynov yerli icra hakimiyy\u0259tinin i\u015f\u00e7il\u0259riyl\u0259 ya\u015fad\u0131qlar\u0131 \u00fcnvana \u2013 S\u0259m\u0259d Vur\u011fun k\u00fc\u00e7\u0259si 194-\u0259 g\u0259lib. Bildirib ki, onlara m\u0259xsus h\u0259y\u0259tyan\u0131 sah\u0259 r\u0259ssaml\u0131q m\u0259kt\u0259bi \u00fc\u00e7\u00fcn ayr\u0131l\u0131b. Leyla C\u0259f\u0259rovan\u0131n s\u00f6zl\u0259rin\u0259 g\u00f6r\u0259, onlara bu bar\u0259d\u0259 n\u0259 r\u0259smi bildiri\u015f g\u0259lib, n\u0259 d\u0259 kompensasiya \u00f6d\u0259nilib.\n<\/p>\n<p>\n  S\u00f6hb\u0259t ondan gedir ki, bir m\u00fcdd\u0259t \u0259vv\u0259l R\u0259ssamlar \u0130ttifaq\u0131n\u0131n \u00fczv\u00fc, \u015e\u0259mkird\u0259 ya\u015fayan r\u0259ssam-heyk\u0259lt\u0259ra\u015f F\u0259rman H\u00fcseynov \u015f\u0259xsi r\u0259ssaml\u0131q emalatxanas\u0131n\u0131n v\u0259 Alman M\u0259d\u0259niyy\u0259t Muzeyinin yarad\u0131lmas\u0131 \u00fc\u00e7\u00fcn icra ba\u015f\u00e7\u0131s\u0131na \u0259riz\u0259 il\u0259 m\u00fcraci\u0259t edib. \u0130cra hakimiyy\u0259tind\u0259n Meydan TV-y\u0259 bildirilib ki, ba\u015f\u00e7\u0131 da r\u0259ssam\u0131n m\u00fcraci\u0259ti \u0259sas\u0131nda S\u0259m\u0259d Vur\u011fun k\u00fc\u00e7\u0259sind\u0259 qeyd olunan \u00fcnvanda alman zirz\u0259misi olmas\u0131n\u0131 n\u0259z\u0259r\u0259 alaraq, 180 kvadratmetrlik bo\u015f, istifad\u0259sdiz torpaq sah\u0259sini bu m\u0259qs\u0259d \u00fc\u00e7\u00fcn ay\u0131r\u0131b, tikinti i\u015fl\u0259rini d\u0259 r\u0259ssama tap\u015f\u0131r\u0131b. Ancaq C\u0259f\u0259rovlar ail\u0259si iddia edir ki, s\u0259r\u0259ncamda qeyd olunan \u00fcnvan \u0259slind\u0259 ba\u015fqa \u0259razid\u0259 yerl\u0259\u015fir. Faktiki hasarlar\u0131 da\u011f\u0131d\u0131lm\u0131\u015f v\u0259 s\u00f6k\u00fcnt\u00fc i\u015fl\u0259ri apar\u0131lm\u0131\u015f h\u0259y\u0259tyan\u0131 sah\u0259 is\u0259 50 ild\u0259n \u00e7oxdur ki, onlar\u0131n istifad\u0259sind\u0259dir. Ail\u0259 \u00fczv\u00fc Leyla C\u0259f\u0259rova dan\u0131\u015f\u0131r:\n<\/p>\n<figure class=\"wp-block-image size-large\">\n  <img decoding=\"async\" src=\"https:\/\/www.meydan.tv\/az\/image_from_ios-10-jpg-2\/\" alt=\"image_from_ios (10).jpg\" class=\"wp-image-128637\"\/><figcaption>\n    &#8221;He\u00e7 bir s\u0259n\u0259d t\u0259qdim etm\u0259d\u0259n, biziml\u0259 raz\u0131la\u015fd\u0131rmadan, kompensasiya \u00f6d\u0259m\u0259d\u0259n \u015f\u0259xsi m\u00fclk\u00fcm\u00fcz\u00fc viran qoyublar&#8221;<br \/>\n  <\/figcaption><\/figure>\n<p>\n  \u201cHe\u00e7 bir s\u0259n\u0259d t\u0259qdim etm\u0259d\u0259n, biziml\u0259 raz\u0131la\u015fd\u0131rmadan, kompensasiya \u00f6d\u0259m\u0259d\u0259n \u015f\u0259xsi m\u00fclk\u00fcm\u00fcz\u00fc viran qoyublar. \u00d6t\u0259n ilin may\u0131nda is\u0259 i\u015fi dayand\u0131r\u0131b, gedibl\u0259r. Birc\u0259 onu deyirl\u0259r ki, F\u0259rman H\u00fcseynov ba\u015f\u00e7\u0131ya r\u0259ssaml\u0131q m\u0259kt\u0259bi tikilm\u0259si \u00fc\u00e7\u00fcn bizim \u0259razid\u0259n yer ayr\u0131lmas\u0131n\u0131 xahi\u015f edib, ba\u015f\u00e7\u0131 da s\u0259r\u0259ncam verib. M\u0259n s\u0259r\u0259ncama baxm\u0131\u015fam, orda g\u00f6st\u0259ril\u0259n \u00fcnvan bizim \u00fcnvanla \u00fcst-\u00fcst\u0259 d\u00fc\u015fm\u00fcr\u201d.\n<\/p>\n<p>\n  <i><br \/>\n    \u201cPolis t\u0259zyiql\u0259rin\u0259 m\u0259ruz qal\u0131r\u0131q\u201d<br \/>\n  <\/i>\n<\/p>\n<p>\n  Leyla C\u0259f\u0259rova iddia edir ki, F\u0259rman H\u00fcseynov r\u0259ssaml\u0131q m\u0259kt\u0259bi ad\u0131 alt\u0131nda z\u0259bt etdiyi \u0259razil\u0259ri bir m\u00fcdd\u0259td\u0259n sonra \u00f6z ad\u0131na r\u0259smil\u0259\u015fdirir v\u0259 istifad\u0259 edir. C\u0259f\u0259rovlar ail\u0259si ilyar\u0131m \u0259rzind\u0259 m\u00fcxt\u0259lif qurumlara m\u00fcraci\u0259t edib, ancaq he\u00e7 bir m\u00fcsb\u0259t cavab almay\u0131b. \u018fksin\u0259, h\u0259r d\u0259f\u0259 m\u00fcraci\u0259tl\u0259rind\u0259n sonra ail\u0259 \u00fczvl\u0259ri rayon polis \u015f\u00f6b\u0259si t\u0259r\u0259find\u0259n t\u0259zyiql\u0259r\u0259 m\u0259ruz qal\u0131r. Leyla xan\u0131m s\u00f6z\u00fcn\u0259 davam edir:\n<\/p>\n<p>\n  \u201cD\u0259f\u0259l\u0259rl\u0259 polis \u015f\u00f6b\u0259sin\u0259 apar\u0131lm\u0131\u015f\u0131q, \u015f\u00f6b\u0259d\u0259 t\u0259l\u0259b olunub ki, raz\u0131l\u0131\u011fa g\u0259l\u0259k v\u0259 he\u00e7 yer\u0259 \u015fikay\u0259t etm\u0259y\u0259k. Y\u0259ni ist\u0259dikl\u0259ri odur ki, ail\u0259miz 50 ild\u0259n art\u0131q ya\u015fad\u0131\u011f\u0131 m\u00fclk\u00fcn bir hiss\u0259sind\u0259n \u2013 h\u0259y\u0259tyan\u0131 sah\u0259d\u0259n k\u00f6n\u00fcll\u00fc imtina etsin. H\u0259d\u0259l\u0259yirl\u0259r ki, \u015fikay\u0259t\u00e7i olsaq, h\u0259l\u0259 bu haras\u0131d\u0131r, bizi m\u00fclk\u00fcm\u00fcz\u00fcn qalan hiss\u0259sind\u0259n \u2013 m\u0259nzild\u0259n d\u0259 m\u0259hrum ed\u0259c\u0259kl\u0259r v\u0259 sair. F\u0259rman H\u00fcseynov v\u0259 icra hakimiyy\u0259tinin \u015e\u0259mkir \u015f\u0259h\u0259r icra n\u00fcmay\u0259nd\u0259si El\u015f\u0259n Quliyev bu m\u0259s\u0259l\u0259d\u0259 prezidentin ad\u0131ndan istifad\u0259 edir. A\u011fz\u0131m\u0131z\u0131 a\u00e7an kimi deyirl\u0259r, s\u0259n prezidentin g\u00f6st\u0259ri\u015fin\u0259 qar\u015f\u0131 \u00e7\u0131x\u0131rsan? Bizs\u0259 inanm\u0131r\u0131q ki, prezident v\u0259t\u0259nda\u015f\u0131n \u015f\u0259xsi, qanuni m\u00fclk\u00fcn\u00fc da\u011f\u0131d\u0131b yerind\u0259 m\u0259kt\u0259b tikilm\u0259sin\u0259 g\u00f6st\u0259ri\u015f ver\u0259&#8230;\u201d\n<\/p>\n<figure class=\"wp-block-image size-large\">\n  <img decoding=\"async\" src=\"https:\/\/www.meydan.tv\/az\/image_from_ios-12-jpg-3\/\" alt=\"image_from_ios (12).jpg\" class=\"wp-image-128643\"\/><figcaption>\n    &#8220;Bizs\u0259 inanm\u0131r\u0131q ki, prezident v\u0259t\u0259nda\u015f\u0131n \u015f\u0259xsi, qanuni m\u00fclk\u00fcn\u00fc da\u011f\u0131d\u0131b yerind\u0259 m\u0259kt\u0259b tikilm\u0259sin\u0259 g\u00f6st\u0259ri\u015f ver\u0259&#8230;\u201d<br \/>\n  <\/figcaption><\/figure>\n<p>\n  <i><br \/>\n    \u201cPrezidentin ad\u0131ndan istifad\u0259 edirl\u0259r\u201d<br \/>\n  <\/i>\n<\/p>\n<p>\n  Leyla xan\u0131m\u0131n s\u00f6zl\u0259rin\u0259 g\u00f6r\u0259, yerli icra hakimiyy\u0259tinin n\u00fcmay\u0259nd\u0259l\u0259ri v\u0259 F\u0259rman H\u00fcseynov ona m\u0259kt\u0259bin binas\u0131 tikildikd\u0259n sonra prezidentin a\u00e7\u0131l\u0131\u015fa g\u0259l\u0259c\u0259yini bildirirl\u0259r:\n<\/p>\n<p>\n  \u201cHalbuki, ara\u015fd\u0131rm\u0131\u015f\u0131q, n\u0259 prezidentin bel\u0259 g\u00f6st\u0259ri\u015fi, n\u0259 d\u0259 M\u0259d\u0259niyy\u0259t Nazirliyinin bu i\u015fl\u0259rd\u0259n x\u0259b\u0259ri var. Bir rayonun icra ba\u015f\u00e7\u0131s\u0131yla bir r\u0259ssam rayonda r\u0259ssaml\u0131q m\u0259kt\u0259binin tikintisi il\u0259 ba\u011fl\u0131 ikilikd\u0259 q\u0259rar veribl\u0259r. M\u0259kt\u0259bi d\u00f6vl\u0259t tikirs\u0259, bunun smeta s\u0259n\u0259di, aidiyy\u0259ti \u00fczr\u0259 nazirliyin sifari\u015fi olmal\u0131d\u0131r. Bu, nec\u0259 d\u00f6vl\u0259t t\u0259r\u0259find\u0259n tikil\u0259n binad\u0131r ki, m\u0259h\u0259ll\u0259nin o ba\u015f\u0131ndak\u0131 3-4 n\u0259f\u0259ri qara f\u0259hl\u0259 kimi i\u015fl\u0259dirdil\u0259r. D\u00f6vl\u0259tin g\u00f6rd\u00fcy\u00fc i\u015f bel\u0259 olmur ax\u0131&#8230; N\u0259inki m\u0259nim h\u0259y\u0259timd\u0259, he\u00e7 rayon \u0259razisind\u0259 r\u0259ssaml\u0131q m\u0259kt\u0259binin tikintisi il\u0259 ba\u011fl\u0131 ba\u015f\u00e7\u0131n\u0131n s\u0259r\u0259ncam\u0131ndan ba\u015fqa Bak\u0131dan r\u0259smi he\u00e7 bir q\u0259rar, g\u00f6st\u0259ri\u015f yoxdur\u201d.\n<\/p>\n<p>\n  \u201cHasar yoxdur, itl\u0259r h\u0259y\u0259t\u0259 dolu\u015fur\u201d\n<\/p>\n<p>\n  Leyla xan\u0131m\u0131n s\u00f6zl\u0259rin\u0259 g\u00f6r\u0259, h\u0259y\u0259tyan\u0131 sah\u0259nin da\u011f\u0131d\u0131lmas\u0131 ail\u0259 \u00fczvl\u0259rinin normal ya\u015fay\u0131\u015f\u0131n\u0131 da pozub:\n<\/p>\n<p>\n  \u201cH\u0259y\u0259timizin bar ver\u0259n 12 a\u011fac\u0131n\u0131 k\u0259sib at\u0131blar. \u0130ki hinimizi l\u0259\u011fv edibl\u0259r. Hasar\u0131 u\u00e7urublar dey\u0259, ax\u015famlar k\u00fc\u00e7\u0259 itl\u0259ri h\u0259y\u0259timiz\u0259 dolu\u015fur, evd\u0259n \u00e7\u00f6l\u0259 \u00e7\u0131xa bilmirik. H\u0259y\u0259td\u0259 da\u015f-qalaqdan add\u0131m atmaq m\u00fcmk\u00fcn deyil. U\u015faqlar h\u0259y\u0259t\u0259 \u00e7\u0131xan kimi da\u015flara ili\u015fib y\u0131x\u0131l\u0131r, \u0259zilirl\u0259r. H\u0259y\u0259td\u0259 qaz\u0131lm\u0131\u015f d\u0259rin zirz\u0259mi quyusu h\u0259r an faci\u0259y\u0259 s\u0259b\u0259b ola bil\u0259r. U\u015faqlar\u0131 \u015f\u0259xsi h\u0259y\u0259timiz\u0259 buraxa bilmirik\u201d.\n<\/p>\n<figure class=\"wp-block-image size-large\">\n  <img decoding=\"async\" src=\"https:\/\/www.meydan.tv\/az\/image_from_ios-10-jpg-2\/\" alt=\"image_from_ios (10).jpg\" class=\"wp-image-128637\"\/><figcaption>\n    &#8221;D\u00f6vl\u0259tin g\u00f6rd\u00fcy\u00fc i\u015f bel\u0259 olmur ax\u0131&#8230;&#8221;<br \/>\n  <\/figcaption><\/figure>\n<p>\n  <i><br \/>\n    \u201cM\u0259n yaln\u0131z t\u0259\u015f\u0259bb\u00fcskaram, i\u015fi g\u00f6r\u0259n d\u00f6vl\u0259tdir\u201d<br \/>\n  <\/i>\n<\/p>\n<p>\n  Meydan TV m\u00fcxbiri r\u0259ssam F\u0259rman H\u00fcseynovla da dan\u0131\u015f\u0131b. Onun s\u00f6zl\u0259rin\u0259 g\u00f6r\u0259, bir m\u00fcdd\u0259t \u0259vv\u0259l rayonda r\u0259ssaml\u0131q m\u0259kt\u0259binin yarad\u0131lmas\u0131 il\u0259 ba\u011fl\u0131 rayon icra hakimiyy\u0259tinin ba\u015f\u00e7\u0131s\u0131na m\u00fcraci\u0259t edib:\n<\/p>\n<p>\n  \u201cM\u0259n m\u00fcraci\u0259t etmi\u015f\u0259m ki, rayonda bel\u0259 bir m\u0259kt\u0259bin yarad\u0131lmas\u0131 faydal\u0131 olar. Ba\u015f\u00e7\u0131 da yer ay\u0131r\u0131b, s\u0259r\u0259ncam verib. Orda s\u00f6hb\u0259t t\u0259kc\u0259 r\u0259ssaml\u0131q m\u0259kt\u0259bind\u0259n getmir. Tikilinin birinci m\u0259rt\u0259b\u0259si alman m\u0259d\u0259niyy\u0259t muzeyi olacaq, ikinci m\u0259rt\u0259b\u0259sind\u0259 r\u0259ssaml\u0131q m\u0259kt\u0259bi n\u0259z\u0259rd\u0259 tutulub. M\u0259\u015f\u011f\u0259l\u0259l\u0259rin ke\u00e7iril\u0131m\u0259si \u00fc\u00e7\u00fcn otaqlar olacaq. Yer\u0259 g\u0259linc\u0259, o ail\u0259nin s\u0259n\u0259di yaln\u0131z m\u0259nzil\u0259 orderdir. H\u0259y\u0259tyan\u0131 sah\u0259 is\u0259 M\u0259nzil \u0130stismar Sah\u0259sin\u0259 aiddir, ail\u0259y\u0259 aidiyy\u0259ti yoxdur. D\u00f6vl\u0259tin sah\u0259sidir, d\u00f6vl\u0259t o sah\u0259d\u0259 n\u0259 ist\u0259s\u0259 tikib-yarada bil\u0259r. Alman muzeyinin v\u0259 r\u0259ssaml\u0131q m\u0259kt\u0259binin n\u0259y\u0259 g\u00f6r\u0259 m\u0259hz h\u0259min \u00fcnvanda yarad\u0131lmas\u0131na g\u0259linc\u0259, orada almanlardan qalan zirz\u0259mi var, d\u00f6vl\u0259t q\u0259rara al\u0131b ki, h\u0259min zirz\u0259mini b\u0259rpa ed\u0259r\u0259k muzeyi h\u0259min zirz\u0259minin \u00fcz\u0259rind\u0259 yarats\u0131n. Bu, m\u0259nim yox, d\u00f6vl\u0259tin q\u0259rar\u0131d\u0131r. M\u0259n sad\u0259c\u0259 t\u0259\u015f\u0259bb\u00fcs ir\u0259li s\u00fcrm\u00fc\u015f\u0259m\u201d.\n<\/p>\n<p>\n  F\u0259rman H\u00fcseynov deyir, bir ne\u00e7\u0259 ildir ki, \u015f\u0259xsi emalatxanas\u0131 plana d\u00fc\u015f\u0259r\u0259k s\u00f6k\u00fcl\u00fcb: \u201cEmalatxanam \u201c\u0130stiqlal park\u0131\u201d sal\u0131nanda plana d\u00fc\u015fd\u00fc, s\u00f6k\u00fcld\u00fc, indiy\u0259 kimi d\u0259 emalatxanas\u0131z qalm\u0131\u015fam. Ke\u00e7mi\u015f ba\u015f\u00e7\u0131dan m\u0259n\u0259 ba\u015fqa yerd\u0259 emalatxana yaratmas\u0131n\u0131 xahi\u015f ets\u0259m d\u0259, yaratmad\u0131. Haz\u0131rk\u0131 icra ba\u015f\u00e7\u0131s\u0131na m\u00fcraci\u0259t el\u0259dim, o da sa\u011f olsun ki, s\u0259r\u0259ncam verdi\u201d.\n<\/p>\n<p>\n  F\u0259rman H\u00fcseynov C\u0259f\u0259rovlar\u0131n ba\u015fqa iddialar\u0131na da m\u00fcnasib\u0259t bildirib. Deyib ki, r\u0259ssaml\u0131q emalatxanas\u0131 \u00fc\u00e7\u00fcn ilk d\u0259f\u0259dir ki, yer ayr\u0131l\u0131b, bundan \u0259vv\u0259l ba\u015fqalar\u0131n\u0131n \u015f\u0259xsi m\u00fclkiyy\u0259tl\u0259rind\u0259 olan sah\u0259l\u0259rin \u0259l\u0259 ke\u00e7irilm\u0259si il\u0259 ba\u011fl\u0131 deyil\u0259nl\u0259r h\u0259qiq\u0259t\u0259uy\u011fun deyil.\n<\/p>\n<p>\n  <i><br \/>\n    \u201c30 illik istifad\u0259d\u0259n sonra torpaq v\u0259t\u0259nda\u015f\u0131n m\u00fclkiyy\u0259tin\u0259 verilm\u0259lidir\u201d<br \/>\n  <\/i>\n<\/p>\n<p>\n  H\u00fcquq\u00fcnas Namiz\u0259d S\u0259f\u0259rov deyir, h\u0259y\u0259tyan\u0131 sah\u0259 30 ild\u0259n \u00e7ox v\u0259t\u0259nda\u015f\u0131n faktiki istifad\u0259sind\u0259 olduqda, h\u0259min v\u0259t\u0259nda\u015f\u0131n m\u00fcraci\u0259ti \u0259sas\u0131nda r\u0259smi \u015f\u0259kild\u0259 onun m\u00fclkiyy\u0259tin\u0259 verilm\u0259lidir:\n<\/p>\n<p>\n  \u201cC\u0259f\u0259rovlar ilk n\u00f6vb\u0259d\u0259 m\u0259nzil\u0259 aid orderi aidiyy\u0259ti quruma t\u0259qdim ed\u0259r\u0259k \u00e7ox rahat \u015f\u0259kild\u0259 m\u0259nzilli \u00f6z\u0259ll\u0259\u015fdir\u0259 bil\u0259rl\u0259r. Bundan sonra is\u0259 m\u0259hk\u0259m\u0259y\u0259 m\u00fcraci\u0259t ed\u0259r\u0259k, m\u00fcbahis\u0259li torpaq sah\u0259sinin 30 ild\u0259n \u00e7oxdur h\u0259y\u0259tyan\u0131 sah\u0259 kimi faktiki istifad\u0259l\u0259rind\u0259 oldu\u011funu s\u00fcbut etm\u0259lidil\u0259r.<\/p>\n","protected":false},"excerpt":{"rendered":"<p>Tikilinin birinci m\u0259rt\u0259b\u0259si alman m\u0259d\u0259niyy\u0259t muzeyi olacaq, ikinci m\u0259rt\u0259b\u0259sind\u0259 r\u0259ssaml\u0131q m\u0259kt\u0259bi  n\u0259z\u0259rd\u0259 tutulub.<\/p>\n","protected":false},"author":11,"featured_media":128634,"comment_status":"closed","ping_status":"open","sticky":false,"template":"","format":"standard","meta":{"_acf_changed":false,"_sitemap_exclude":false,"_sitemap_priority":"","_sitemap_frequency":"","footnotes":""},"categories":[60],"tags":[],"class_list":["post-196704","post","type-post","status-publish","format-standard","has-post-thumbnail","hentry","category-bolge","infinite-scroll-item","generate-columns","tablet-grid-50","mobile-grid-100","grid-parent","grid-33","no-featured-image-padding"],"acf":[],"yoast_head":"<!-- This site is optimized with the Yoast SEO plugin v27.5 - https:\/\/yoast.com\/product\/yoast-seo-wordpress\/ -->\n<title>\u015e\u0259mkir sakini: Hasar\u0131m\u0131z\u0131 da\u011f\u0131d\u0131b, h\u0259y\u0259tyan\u0131 sah\u0259mizi viran qoyublar - MEYDAN.TV<\/title>\n<meta name=\"robots\" content=\"index, follow, max-snippet:-1, max-image-preview:large, max-video-preview:-1\" \/>\n<link rel=\"canonical\" href=\"https:\/\/www.meydan.tv\/az\/article\/semkir-sakini-hasarimizi-dagidib-heyetyani-sahemizi-viran-qoyublar\/\" \/>\n<meta property=\"og:locale\" content=\"az_AZ\" \/>\n<meta property=\"og:type\" content=\"article\" \/>\n<meta property=\"og:title\" content=\"\u015e\u0259mkir sakini: Hasar\u0131m\u0131z\u0131 da\u011f\u0131d\u0131b, h\u0259y\u0259tyan\u0131 sah\u0259mizi viran qoyublar - MEYDAN.TV\" \/>\n<meta property=\"og:description\" content=\"Tikilinin birinci m\u0259rt\u0259b\u0259si alman m\u0259d\u0259niyy\u0259t muzeyi olacaq, ikinci m\u0259rt\u0259b\u0259sind\u0259 r\u0259ssaml\u0131q m\u0259kt\u0259bi n\u0259z\u0259rd\u0259 tutulub.\" \/>\n<meta property=\"og:url\" content=\"https:\/\/www.meydan.tv\/az\/article\/semkir-sakini-hasarimizi-dagidib-heyetyani-sahemizi-viran-qoyublar\/\" \/>\n<meta property=\"og:site_name\" content=\"MEYDAN.TV\" \/>\n<meta property=\"article:published_time\" content=\"2019-08-26T14:43:05+00:00\" \/>\n<meta property=\"og:image\" content=\"https:\/\/www.meydan.tv\/wp-content\/uploads\/image_from_ios_9_7elgtmm.jpg\" \/>\n\t<meta property=\"og:image:width\" content=\"1152\" \/>\n\t<meta property=\"og:image:height\" content=\"560\" \/>\n\t<meta property=\"og:image:type\" content=\"image\/jpeg\" \/>\n<meta name=\"author\" content=\"user-manager\" \/>\n<meta name=\"twitter:card\" content=\"summary_large_image\" \/>\n<script type=\"application\/ld+json\" class=\"yoast-schema-graph\">{\"@context\":\"https:\\\/\\\/schema.org\",\"@graph\":[{\"@type\":\"Article\",\"@id\":\"https:\\\/\\\/www.meydan.tv\\\/az\\\/article\\\/semkir-sakini-hasarimizi-dagidib-heyetyani-sahemizi-viran-qoyublar\\\/#article\",\"isPartOf\":{\"@id\":\"https:\\\/\\\/www.meydan.tv\\\/az\\\/article\\\/semkir-sakini-hasarimizi-dagidib-heyetyani-sahemizi-viran-qoyublar\\\/\"},\"author\":{\"name\":\"user-manager\",\"@id\":\"https:\\\/\\\/www.meydan.tv\\\/az\\\/#\\\/schema\\\/person\\\/10d11eccf6da3662cf5fdab9806ea91a\"},\"headline\":\"\u015e\u0259mkir sakini: Hasar\u0131m\u0131z\u0131 da\u011f\u0131d\u0131b, h\u0259y\u0259tyan\u0131 sah\u0259mizi viran qoyublar\",\"datePublished\":\"2019-08-26T14:43:05+00:00\",\"mainEntityOfPage\":{\"@id\":\"https:\\\/\\\/www.meydan.tv\\\/az\\\/article\\\/semkir-sakini-hasarimizi-dagidib-heyetyani-sahemizi-viran-qoyublar\\\/\"},\"wordCount\":1698,\"publisher\":{\"@id\":\"https:\\\/\\\/www.meydan.tv\\\/az\\\/#organization\"},\"image\":{\"@id\":\"https:\\\/\\\/www.meydan.tv\\\/az\\\/article\\\/semkir-sakini-hasarimizi-dagidib-heyetyani-sahemizi-viran-qoyublar\\\/#primaryimage\"},\"thumbnailUrl\":\"https:\\\/\\\/www.meydan.tv\\\/wp-content\\\/uploads\\\/image_from_ios_9_7elgtmm.jpg\",\"articleSection\":[\"B\u00f6lg\u0259\"],\"inLanguage\":\"az\"},{\"@type\":\"WebPage\",\"@id\":\"https:\\\/\\\/www.meydan.tv\\\/az\\\/article\\\/semkir-sakini-hasarimizi-dagidib-heyetyani-sahemizi-viran-qoyublar\\\/\",\"url\":\"https:\\\/\\\/www.meydan.tv\\\/az\\\/article\\\/semkir-sakini-hasarimizi-dagidib-heyetyani-sahemizi-viran-qoyublar\\\/\",\"name\":\"\u015e\u0259mkir sakini: Hasar\u0131m\u0131z\u0131 da\u011f\u0131d\u0131b, h\u0259y\u0259tyan\u0131 sah\u0259mizi viran qoyublar - MEYDAN.TV\",\"isPartOf\":{\"@id\":\"https:\\\/\\\/www.meydan.tv\\\/az\\\/#website\"},\"primaryImageOfPage\":{\"@id\":\"https:\\\/\\\/www.meydan.tv\\\/az\\\/article\\\/semkir-sakini-hasarimizi-dagidib-heyetyani-sahemizi-viran-qoyublar\\\/#primaryimage\"},\"image\":{\"@id\":\"https:\\\/\\\/www.meydan.tv\\\/az\\\/article\\\/semkir-sakini-hasarimizi-dagidib-heyetyani-sahemizi-viran-qoyublar\\\/#primaryimage\"},\"thumbnailUrl\":\"https:\\\/\\\/www.meydan.tv\\\/wp-content\\\/uploads\\\/image_from_ios_9_7elgtmm.jpg\",\"datePublished\":\"2019-08-26T14:43:05+00:00\",\"breadcrumb\":{\"@id\":\"https:\\\/\\\/www.meydan.tv\\\/az\\\/article\\\/semkir-sakini-hasarimizi-dagidib-heyetyani-sahemizi-viran-qoyublar\\\/#breadcrumb\"},\"inLanguage\":\"az\",\"potentialAction\":[{\"@type\":\"ReadAction\",\"target\":[\"https:\\\/\\\/www.meydan.tv\\\/az\\\/article\\\/semkir-sakini-hasarimizi-dagidib-heyetyani-sahemizi-viran-qoyublar\\\/\"]}]},{\"@type\":\"ImageObject\",\"inLanguage\":\"az\",\"@id\":\"https:\\\/\\\/www.meydan.tv\\\/az\\\/article\\\/semkir-sakini-hasarimizi-dagidib-heyetyani-sahemizi-viran-qoyublar\\\/#primaryimage\",\"url\":\"https:\\\/\\\/www.meydan.tv\\\/wp-content\\\/uploads\\\/image_from_ios_9_7elgtmm.jpg\",\"contentUrl\":\"https:\\\/\\\/www.meydan.tv\\\/wp-content\\\/uploads\\\/image_from_ios_9_7elgtmm.jpg\",\"width\":1152,\"height\":560,\"caption\":\"Source: Specify Source\"},{\"@type\":\"BreadcrumbList\",\"@id\":\"https:\\\/\\\/www.meydan.tv\\\/az\\\/article\\\/semkir-sakini-hasarimizi-dagidib-heyetyani-sahemizi-viran-qoyublar\\\/#breadcrumb\",\"itemListElement\":[{\"@type\":\"ListItem\",\"position\":1,\"name\":\"Ana s\u0259hif\u0259\",\"item\":\"https:\\\/\\\/www.meydan.tv\\\/az\\\/\"},{\"@type\":\"ListItem\",\"position\":2,\"name\":\"B\u00f6lg\u0259\",\"item\":\"https:\\\/\\\/www.meydan.tv\\\/az\\\/section\\\/bolge\\\/\"},{\"@type\":\"ListItem\",\"position\":3,\"name\":\"\u015e\u0259mkir sakini: Hasar\u0131m\u0131z\u0131 da\u011f\u0131d\u0131b, h\u0259y\u0259tyan\u0131 sah\u0259mizi viran qoyublar\"}]},{\"@type\":\"WebSite\",\"@id\":\"https:\\\/\\\/www.meydan.tv\\\/az\\\/#website\",\"url\":\"https:\\\/\\\/www.meydan.tv\\\/az\\\/\",\"name\":\"MEYDAN.TV\",\"description\":\"Meydan TV Az\u0259rbaycan\u0131n media m\u0259kan\u0131ndak\u0131 alternativ s\u0259sidir\",\"publisher\":{\"@id\":\"https:\\\/\\\/www.meydan.tv\\\/az\\\/#organization\"},\"potentialAction\":[{\"@type\":\"SearchAction\",\"target\":{\"@type\":\"EntryPoint\",\"urlTemplate\":\"https:\\\/\\\/www.meydan.tv\\\/az\\\/?s={search_term_string}\"},\"query-input\":{\"@type\":\"PropertyValueSpecification\",\"valueRequired\":true,\"valueName\":\"search_term_string\"}}],\"inLanguage\":\"az\"},{\"@type\":\"Organization\",\"@id\":\"https:\\\/\\\/www.meydan.tv\\\/az\\\/#organization\",\"name\":\"Meydan TV\",\"url\":\"https:\\\/\\\/www.meydan.tv\\\/az\\\/\",\"logo\":{\"@type\":\"ImageObject\",\"inLanguage\":\"az\",\"@id\":\"https:\\\/\\\/www.meydan.tv\\\/az\\\/#\\\/schema\\\/logo\\\/image\\\/\",\"url\":\"https:\\\/\\\/www.meydan.tv\\\/wp-content\\\/uploads\\\/2021\\\/07\\\/meydan-logo.svg\",\"contentUrl\":\"https:\\\/\\\/www.meydan.tv\\\/wp-content\\\/uploads\\\/2021\\\/07\\\/meydan-logo.svg\",\"width\":195,\"height\":46,\"caption\":\"Meydan TV\"},\"image\":{\"@id\":\"https:\\\/\\\/www.meydan.tv\\\/az\\\/#\\\/schema\\\/logo\\\/image\\\/\"}},{\"@type\":\"Person\",\"@id\":\"https:\\\/\\\/www.meydan.tv\\\/az\\\/#\\\/schema\\\/person\\\/10d11eccf6da3662cf5fdab9806ea91a\",\"name\":\"user-manager\"}]}<\/script>\n<!-- \/ Yoast SEO plugin. -->","yoast_head_json":{"title":"\u015e\u0259mkir sakini: Hasar\u0131m\u0131z\u0131 da\u011f\u0131d\u0131b, h\u0259y\u0259tyan\u0131 sah\u0259mizi viran qoyublar - MEYDAN.TV","robots":{"index":"index","follow":"follow","max-snippet":"max-snippet:-1","max-image-preview":"max-image-preview:large","max-video-preview":"max-video-preview:-1"},"canonical":"https:\/\/www.meydan.tv\/az\/article\/semkir-sakini-hasarimizi-dagidib-heyetyani-sahemizi-viran-qoyublar\/","og_locale":"az_AZ","og_type":"article","og_title":"\u015e\u0259mkir sakini: Hasar\u0131m\u0131z\u0131 da\u011f\u0131d\u0131b, h\u0259y\u0259tyan\u0131 sah\u0259mizi viran qoyublar - MEYDAN.TV","og_description":"Tikilinin birinci m\u0259rt\u0259b\u0259si alman m\u0259d\u0259niyy\u0259t muzeyi olacaq, ikinci m\u0259rt\u0259b\u0259sind\u0259 r\u0259ssaml\u0131q m\u0259kt\u0259bi n\u0259z\u0259rd\u0259 tutulub.","og_url":"https:\/\/www.meydan.tv\/az\/article\/semkir-sakini-hasarimizi-dagidib-heyetyani-sahemizi-viran-qoyublar\/","og_site_name":"MEYDAN.TV","article_published_time":"2019-08-26T14:43:05+00:00","og_image":[{"width":1152,"height":560,"url":"https:\/\/www.meydan.tv\/wp-content\/uploads\/image_from_ios_9_7elgtmm.jpg","type":"image\/jpeg"}],"author":"user-manager","twitter_card":"summary_large_image","schema":{"@context":"https:\/\/schema.org","@graph":[{"@type":"Article","@id":"https:\/\/www.meydan.tv\/az\/article\/semkir-sakini-hasarimizi-dagidib-heyetyani-sahemizi-viran-qoyublar\/#article","isPartOf":{"@id":"https:\/\/www.meydan.tv\/az\/article\/semkir-sakini-hasarimizi-dagidib-heyetyani-sahemizi-viran-qoyublar\/"},"author":{"name":"user-manager","@id":"https:\/\/www.meydan.tv\/az\/#\/schema\/person\/10d11eccf6da3662cf5fdab9806ea91a"},"headline":"\u015e\u0259mkir sakini: Hasar\u0131m\u0131z\u0131 da\u011f\u0131d\u0131b, h\u0259y\u0259tyan\u0131 sah\u0259mizi viran qoyublar","datePublished":"2019-08-26T14:43:05+00:00","mainEntityOfPage":{"@id":"https:\/\/www.meydan.tv\/az\/article\/semkir-sakini-hasarimizi-dagidib-heyetyani-sahemizi-viran-qoyublar\/"},"wordCount":1698,"publisher":{"@id":"https:\/\/www.meydan.tv\/az\/#organization"},"image":{"@id":"https:\/\/www.meydan.tv\/az\/article\/semkir-sakini-hasarimizi-dagidib-heyetyani-sahemizi-viran-qoyublar\/#primaryimage"},"thumbnailUrl":"https:\/\/www.meydan.tv\/wp-content\/uploads\/image_from_ios_9_7elgtmm.jpg","articleSection":["B\u00f6lg\u0259"],"inLanguage":"az"},{"@type":"WebPage","@id":"https:\/\/www.meydan.tv\/az\/article\/semkir-sakini-hasarimizi-dagidib-heyetyani-sahemizi-viran-qoyublar\/","url":"https:\/\/www.meydan.tv\/az\/article\/semkir-sakini-hasarimizi-dagidib-heyetyani-sahemizi-viran-qoyublar\/","name":"\u015e\u0259mkir sakini: Hasar\u0131m\u0131z\u0131 da\u011f\u0131d\u0131b, h\u0259y\u0259tyan\u0131 sah\u0259mizi viran qoyublar - MEYDAN.TV","isPartOf":{"@id":"https:\/\/www.meydan.tv\/az\/#website"},"primaryImageOfPage":{"@id":"https:\/\/www.meydan.tv\/az\/article\/semkir-sakini-hasarimizi-dagidib-heyetyani-sahemizi-viran-qoyublar\/#primaryimage"},"image":{"@id":"https:\/\/www.meydan.tv\/az\/article\/semkir-sakini-hasarimizi-dagidib-heyetyani-sahemizi-viran-qoyublar\/#primaryimage"},"thumbnailUrl":"https:\/\/www.meydan.tv\/wp-content\/uploads\/image_from_ios_9_7elgtmm.jpg","datePublished":"2019-08-26T14:43:05+00:00","breadcrumb":{"@id":"https:\/\/www.meydan.tv\/az\/article\/semkir-sakini-hasarimizi-dagidib-heyetyani-sahemizi-viran-qoyublar\/#breadcrumb"},"inLanguage":"az","potentialAction":[{"@type":"ReadAction","target":["https:\/\/www.meydan.tv\/az\/article\/semkir-sakini-hasarimizi-dagidib-heyetyani-sahemizi-viran-qoyublar\/"]}]},{"@type":"ImageObject","inLanguage":"az","@id":"https:\/\/www.meydan.tv\/az\/article\/semkir-sakini-hasarimizi-dagidib-heyetyani-sahemizi-viran-qoyublar\/#primaryimage","url":"https:\/\/www.meydan.tv\/wp-content\/uploads\/image_from_ios_9_7elgtmm.jpg","contentUrl":"https:\/\/www.meydan.tv\/wp-content\/uploads\/image_from_ios_9_7elgtmm.jpg","width":1152,"height":560,"caption":"Source: Specify Source"},{"@type":"BreadcrumbList","@id":"https:\/\/www.meydan.tv\/az\/article\/semkir-sakini-hasarimizi-dagidib-heyetyani-sahemizi-viran-qoyublar\/#breadcrumb","itemListElement":[{"@type":"ListItem","position":1,"name":"Ana s\u0259hif\u0259","item":"https:\/\/www.meydan.tv\/az\/"},{"@type":"ListItem","position":2,"name":"B\u00f6lg\u0259","item":"https:\/\/www.meydan.tv\/az\/section\/bolge\/"},{"@type":"ListItem","position":3,"name":"\u015e\u0259mkir sakini: Hasar\u0131m\u0131z\u0131 da\u011f\u0131d\u0131b, h\u0259y\u0259tyan\u0131 sah\u0259mizi viran qoyublar"}]},{"@type":"WebSite","@id":"https:\/\/www.meydan.tv\/az\/#website","url":"https:\/\/www.meydan.tv\/az\/","name":"MEYDAN.TV","description":"Meydan TV Az\u0259rbaycan\u0131n media m\u0259kan\u0131ndak\u0131 alternativ s\u0259sidir","publisher":{"@id":"https:\/\/www.meydan.tv\/az\/#organization"},"potentialAction":[{"@type":"SearchAction","target":{"@type":"EntryPoint","urlTemplate":"https:\/\/www.meydan.tv\/az\/?s={search_term_string}"},"query-input":{"@type":"PropertyValueSpecification","valueRequired":true,"valueName":"search_term_string"}}],"inLanguage":"az"},{"@type":"Organization","@id":"https:\/\/www.meydan.tv\/az\/#organization","name":"Meydan TV","url":"https:\/\/www.meydan.tv\/az\/","logo":{"@type":"ImageObject","inLanguage":"az","@id":"https:\/\/www.meydan.tv\/az\/#\/schema\/logo\/image\/","url":"https:\/\/www.meydan.tv\/wp-content\/uploads\/2021\/07\/meydan-logo.svg","contentUrl":"https:\/\/www.meydan.tv\/wp-content\/uploads\/2021\/07\/meydan-logo.svg","width":195,"height":46,"caption":"Meydan TV"},"image":{"@id":"https:\/\/www.meydan.tv\/az\/#\/schema\/logo\/image\/"}},{"@type":"Person","@id":"https:\/\/www.meydan.tv\/az\/#\/schema\/person\/10d11eccf6da3662cf5fdab9806ea91a","name":"user-manager"}]}},"_links":{"self":[{"href":"https:\/\/www.meydan.tv\/az\/wp-json\/wp\/v2\/posts\/196704","targetHints":{"allow":["GET"]}}],"collection":[{"href":"https:\/\/www.meydan.tv\/az\/wp-json\/wp\/v2\/posts"}],"about":[{"href":"https:\/\/www.meydan.tv\/az\/wp-json\/wp\/v2\/types\/post"}],"author":[{"embeddable":true,"href":"https:\/\/www.meydan.tv\/az\/wp-json\/wp\/v2\/users\/11"}],"replies":[{"embeddable":true,"href":"https:\/\/www.meydan.tv\/az\/wp-json\/wp\/v2\/comments?post=196704"}],"version-history":[{"count":0,"href":"https:\/\/www.meydan.tv\/az\/wp-json\/wp\/v2\/posts\/196704\/revisions"}],"wp:featuredmedia":[{"embeddable":true,"href":"https:\/\/www.meydan.tv\/az\/wp-json\/wp\/v2\/media\/128634"}],"wp:attachment":[{"href":"https:\/\/www.meydan.tv\/az\/wp-json\/wp\/v2\/media?parent=196704"}],"wp:term":[{"taxonomy":"category","embeddable":true,"href":"https:\/\/www.meydan.tv\/az\/wp-json\/wp\/v2\/categories?post=196704"},{"taxonomy":"post_tag","embeddable":true,"href":"https:\/\/www.meydan.tv\/az\/wp-json\/wp\/v2\/tags?post=196704"}],"curies":[{"name":"wp","href":"https:\/\/api.w.org\/{rel}","templated":true}]}}