{"id":196702,"date":"2019-08-26T13:48:03","date_gmt":"2019-08-26T13:48:03","guid":{"rendered":"https:\/\/www.meydan.tv\/article\/ucar-sakini-hokumet-ev-tikeceyine-soz-verdi-emel-etmedi\/"},"modified":"2019-08-26T13:48:03","modified_gmt":"2019-08-26T13:48:03","slug":"ucar-sakini-hokumet-ev-tikeceyine-soz-verdi-emel-etmedi","status":"publish","type":"post","link":"https:\/\/www.meydan.tv\/az\/article\/ucar-sakini-hokumet-ev-tikeceyine-soz-verdi-emel-etmedi\/","title":{"rendered":"Ucar sakini: H\u00f6kum\u0259t ev tik\u0259c\u0259yin\u0259 s\u00f6z verdi, \u0259m\u0259l etm\u0259di"},"content":{"rendered":"<p>\n  <i><br \/>\n    \u201cAld\u0131\u011f\u0131m 160 manat t\u0259qa\u00fcdl\u0259 ev tik\u0259 bilm\u0259r\u0259m\u201d<br \/>\n  <\/i>\n<\/p>\n<p>\n  Ucar\u0131n Alpi k\u0259ndinin sakini, 1-ci qrup \u0259lilliyi olan Vilay\u0259t X\u0259lilovun \u015fikay\u0259ti var. Deyir, 10 ild\u0259n art\u0131qd\u0131r ki, evi u\u00e7ub. Ona s\u00f6z verdikl\u0259ri halda, yeni evl\u0259 t\u0259min edilm\u0259yib. O g\u00fcnd\u0259n b\u0259ri kiray\u0259l\u0259rd\u0259 qal\u0131r. \u018flilliyin\u0259 g\u00f6r\u0259 ald\u0131\u011f\u0131 m\u00fcavin\u0259tin yar\u0131dan \u00e7oxu kiray\u0259 puluna gedir. N\u0259tic\u0259d\u0259, m\u00fcalic\u0259 oluna bilmir.\n<\/p>\n<p>\n  \u201cM\u0259n \u0259sg\u0259rliyimi Sovet d\u00f6vr\u00fcnd\u0259 \u00e7\u0259kmi\u015f\u0259m. El\u0259 orada ayaqlar\u0131m\u0131 don vurdu, k\u0259sdil\u0259r. 1981-ci ild\u0259n z\u00fclmd\u0259y\u0259m. Bir aya\u011f\u0131m\u0131n p\u0259nc\u0259si yoxdur, dig\u0259ri is\u0259 dizd\u0259n a\u015fa\u011f\u0131 k\u0259silib. \u0130ndiy\u0259 kimi n\u0259yim var, n\u0259yim yox, x\u0259st\u0259xanalara t\u00f6km\u00fc\u015f\u0259m. Bir yer\u0259 \u00e7\u0131xa bilm\u0259mi\u015f\u0259m\u201d.\n<\/p>\n<p>\n  Vilay\u0259t X\u0259lilov deyir ki, \u0259lind\u0259 yegan\u0259 qalan evi imi\u015f. O da 10 il \u00f6nc\u0259 u\u00e7ub-da\u011f\u0131l\u0131b. \u018fvv\u0259lc\u0259 h\u00f6kum\u0259t ona evini b\u0259rpa ed\u0259c\u0259kl\u0259rin\u0259 dair s\u00f6z verib, kiray\u0259 \u00e7\u0131xmas\u0131n\u0131 m\u0259sl\u0259h\u0259t g\u00f6r\u00fcb. Sonradan is\u0259 he\u00e7 bir k\u00f6m\u0259k g\u00f6st\u0259rilm\u0259yib. N\u0259tic\u0259d\u0259, Vilay\u0259t X\u0259lilov 10 ild\u0259n art\u0131qd\u0131r ki, kiray\u0259l\u0259rd\u0259 qal\u0131r. Dem\u0259sin\u0259 g\u00f6r\u0259 ald\u0131\u011f\u0131 t\u0259qa\u00fcd\u00fcn yar\u0131dan \u00e7oxunu kiray\u0259y\u0259 verir:\n<\/p>\n<p>\n  \u201c1968-ci ild\u0259 tikilmi\u015fdi. Q\u0259zal\u0131 idi. Biz d\u0259 F\u00f6vq\u0259lad\u0259 Hallar Nazirliyin\u0259 v\u0259 yerli icra hakimiyy\u0259tin\u0259 yazd\u0131q. G\u0259lib baxd\u0131lar. Dedil\u0259r ki, t\u0259cili bo\u015fald\u0131n v\u0259 kiray\u0259 \u00e7\u0131x\u0131n. \u018flil oldu\u011fum v\u0259 i\u015f qabiliyy\u0259timin olmad\u0131\u011f\u0131n\u0131 n\u0259z\u0259r\u0259 al\u0131b, dedil\u0259r ki, s\u0259n\u0259 el\u0259 bu evin yerind\u0259 yenisini tik\u0259c\u0259yik. Biz d\u0259 arxay\u0131n olub, \u00e7\u0131xd\u0131q. 10 ild\u0259n art\u0131q vaxt ke\u00e7ib, biz h\u0259l\u0259 d\u0259 kiray\u0259l\u0259rd\u0259 qal\u0131r\u0131q\u201d.\n<\/p>\n<figure class=\"wp-block-image size-large\">\n  <img decoding=\"async\" src=\"https:\/\/www.meydan.tv\/az\/image_from_ios-7-jpg-11\/\" alt=\"image_from_ios (7).jpg\" class=\"wp-image-128616\"\/><figcaption>\n    Vilay\u0259t X\u0259lilov<br \/>\n  <\/figcaption><\/figure>\n<p>\n  Vilay\u0259t X\u0259lilov deyir ki, \u00f6mr\u00fc boyu i\u015fi olmay\u0131b, maa\u015f almay\u0131b. Ald\u0131\u011f\u0131 ancaq \u0259lillikl\u0259 ba\u011fl\u0131 t\u0259qa\u00fcdd\u00fcr. O da m\u00fcalic\u0259sin\u0259 \u00e7atm\u0131r, \u00fcst\u0259lik kiray\u0259 haqq\u0131 \u00f6d\u0259m\u0259k m\u0259cburiyy\u0259tind\u0259dir:\n<\/p>\n<p>\n  \u201cAld\u0131\u011f\u0131m 160 manat t\u0259qa\u00fcdl\u0259 ev tik\u0259 bilm\u0259r\u0259m. He\u00e7 h\u0259kim\u0259, d\u0259rmana \u00e7atm\u0131r o pul. D\u00fczd\u00fcr, indi deyirl\u0259r 100 manat prezident t\u0259qa\u00fcd\u00fc v\u0259 50 manat bax\u0131mpulu ver\u0259c\u0259kl\u0259r. Bu da edir 310 manat. Yen\u0259 d\u0259 ev tikm\u0259y\u0259 yet\u0259c\u0259k q\u0259d\u0259r deyil\u201d.\n<\/p>\n<p>\n  \u015eikay\u0259t\u00e7i deyir ki, k\u00f6m\u0259k etmirl\u0259r, anlay\u0131r\u0131q, o zaman \u015f\u0259h\u0259rd\u0259 tikil\u0259n sosial evl\u0259rd\u0259n versinl\u0259r:\n<\/p>\n<p>\n  \u201cM\u0259n\u0259 evin tikil\u0259c\u0259yi il\u0259 ba\u011fl\u0131 s\u00f6z vermi\u015fdil\u0259r. H\u0259tta x\u0259rit\u0259sini d\u0259 \u00e7\u0259kmi\u015fdil\u0259r. 2 otaql\u0131 m\u0259nzil olacaqd\u0131. \u0130ndi ki, bunu tikmirl\u0259r. Bar\u0131 \u015f\u0259h\u0259rd\u0259 m\u0259cburi k\u00f6\u00e7k\u00fcnl\u0259r \u00fc\u00e7\u00fcn tikil\u0259n evl\u0259rd\u0259n v\u0259 ya sosial m\u0259nzill\u0259rd\u0259n versinl\u0259r. C\u0259h\u0259nn\u0259m, pensiyam\u0131 qoyub birt\u0259h\u0259r \u00f6d\u0259y\u0259r\u0259m. Sosial evl\u0259rin ayl\u0131\u011f\u0131 el\u0259 b\u00f6y\u00fck olmur. Kiray\u0259 verdiyimi, ona ver\u0259r\u0259m. Sonda da bil\u0259r\u0259m ki, \u00f6z\u00fcm\u00fcnd\u00fc, m\u0259n\u0259 qalacaq\u201d.\n<\/p>\n<p>\n  Vilay\u0259t X\u0259lilovun h\u0259yat yolda\u015f\u0131 S\u0259kin\u0259 X\u0259lilova deyir ki, G\u00f6y\u00e7aydak\u0131 B\u0259rpa M\u0259rk\u0259zind\u0259n yeni qay\u0131d\u0131blar. H\u0259r gedi\u015fl\u0259rind\u0259 d\u0259 200-300 manatdan \u00e7ox pul \u00e7\u0131x\u0131r:\n<\/p>\n<p>\n  \u201c\u0130ki q\u0131z\u0131m, bir o\u011flum var. \u0130nan\u0131n ham\u0131s\u0131n\u0131 g\u00fcc-b\u0259la il\u0259 b\u00f6y\u00fctm\u00fc\u015f\u00fck. Atalar\u0131n\u0131n i\u015f qabiliyy\u0259ti yox, m\u0259nim bir savad\u0131m-s\u00fcbutum, i\u015fim yox. Yar\u0131ac-yar\u0131tox dolanm\u0131\u015f\u0131q h\u0259mi\u015f\u0259. \u0130ndi o\u011flumuzu evl\u0259ndir\u0259 bilmirik. Onun-bunun qap\u0131s\u0131nda i\u015fl\u0259yir. \u018fvv\u0259l zavodda i\u015fl\u0259yirdi, o da ba\u011fland\u0131\u201d.\n<\/p>\n<figure class=\"wp-block-image size-large\">\n  <img decoding=\"async\" src=\"https:\/\/www.meydan.tv\/az\/image_from_ios-5-jpg-32\/\" alt=\"image_from_ios (5).jpg\" class=\"wp-image-128622\"\/><figcaption>\n    S\u0259kin\u0259 X\u0259lilova<br \/>\n  <\/figcaption><\/figure>\n<p>\n  S\u0259kin\u0259 X\u0259lilova deyir ki, kiray\u0259 qald\u0131qlar\u0131 ev d\u0259 \u015f\u0259raitsizdir. \u018flilliyi olan birinin ya\u015famas\u0131 \u00fc\u00e7\u00fcn yarars\u0131zd\u0131r. Ancaq daha ucuzunu tapmad\u0131qlar\u0131ndan, orada qalmaq m\u0259cburiyy\u0259tind\u0259dirl\u0259r:\n<\/p>\n<p>\n  \u201cOta\u011f\u0131m\u0131z betondur. Par\u00e7a il\u0259 sa\u011f\u0131n\u0131-solunu ba\u011flay\u0131b, i\u00e7in\u0259 bir yataq qoymu\u015fuq. Orada ya\u015fay\u0131r\u0131q. Az qal\u0131ram \u00e7\u0131x\u0131b gedim, ba\u015fqa \u00f6lk\u0259d\u0259n v\u0259t\u0259nda\u015fl\u0131q dil\u0259nim. Yax\u015f\u0131 ev vermirl\u0259r, tikmirl\u0259r, olsun. He\u00e7 olmasa normal i\u015f versinl\u0259r, i\u015fl\u0259y\u0259k qazanaq, \u00f6z\u00fcm\u00fcz\u0259 ev alaq. Ya da sosial ev versinl\u0259r. Birt\u0259h\u0259r ilkin \u00f6d\u0259ni\u015fini ed\u0259rik. Sonra da ayl\u0131q 100-d\u00fc, 150-di, birt\u0259h\u0259r ver\u0259rik. Onu da etmirl\u0259r ax\u0131. N\u0259 ed\u0259k, \u00f6z\u00fcm\u00fcz\u00fc \u00f6ld\u00fcr\u0259k?\u201d.\n<\/p>\n<figure class=\"wp-block-image size-large\">\n  <img decoding=\"async\" src=\"https:\/\/www.meydan.tv\/az\/image_from_ios-4-jpg-52\/\" alt=\"image_from_ios (4).jpg\" class=\"wp-image-128619\"\/><figcaption>\n    \u015eikay\u0259t\u00e7i deyir ki, onlar evd\u0259n \u00e7\u0131xandan 1 ay sonra ev yerl\u0259 bir olub<br \/>\n  <\/figcaption><\/figure>\n<p>\n  Ucar Rayon \u0130cra Hakimiyy\u0259tind\u0259n Meydan TV-y\u0259 bildirilib ki, onlar\u0131n \u015f\u0259xsi evl\u0259ri tikm\u0259k, b\u0259rpa etm\u0259k kimi bir b\u00fcdc\u0259si yoxdur:\n<\/p>\n<p>\n  \u201cK\u0259nd evl\u0259ridir, zaman-zaman s\u0131radan \u00e7\u0131x\u0131r. \u0130cra Hakimiyy\u0259tinin bel\u0259 bir b\u00fcdc\u0259si yoxdur ki, ham\u0131ya ev tikib versin. V\u0259t\u0259nda\u015f \u00f6z\u00fc-\u00f6z\u00fcn\u0259 ev tikm\u0259lidir. Biz ona k\u00f6m\u0259k ed\u0259 bilm\u0259rik\u201d.\n<\/p>\n<p>\n  Meydan TV F\u00f6vq\u0259lad\u0259 Hallar Nazirliyind\u0259n m\u0259s\u0259l\u0259y\u0259 m\u00fcnasib\u0259t \u00f6yr\u0259n\u0259 bilm\u0259yib.\n<\/p>\n<figure class=\"wp-block-image size-large\">\n  <img decoding=\"async\" src=\"https:\/\/www.meydan.tv\/az\/image_from_ios-jpg-79\/\" alt=\"image_from_ios.jpg\" class=\"wp-image-128613\"\/><figcaption>\n    Vilay\u0259t X\u0259lilov deyir, ona ev tikmirl\u0259rs\u0259, bar\u0131 i\u015fl\u0259 t\u0259min etsinl\u0259r, \u00f6z\u00fc qazan\u0131b, ev tiksin<br \/>\n  <\/figcaption><\/figure>\n","protected":false},"excerpt":{"rendered":"<p>\u018flil oldu\u011fum v\u0259 i\u015f qabiliyy\u0259timin olmad\u0131\u011f\u0131n\u0131 n\u0259z\u0259r\u0259 al\u0131b, dedil\u0259r ki, s\u0259n\u0259 el\u0259 bu evin yerind\u0259 yenisini tik\u0259c\u0259yik<\/p>\n","protected":false},"author":11,"featured_media":128625,"comment_status":"closed","ping_status":"open","sticky":false,"template":"","format":"standard","meta":{"_acf_changed":false,"_sitemap_exclude":false,"_sitemap_priority":"","_sitemap_frequency":"","footnotes":""},"categories":[60],"tags":[],"class_list":["post-196702","post","type-post","status-publish","format-standard","has-post-thumbnail","hentry","category-bolge","infinite-scroll-item","generate-columns","tablet-grid-50","mobile-grid-100","grid-parent","grid-33","no-featured-image-padding"],"acf":[],"yoast_head":"<!-- This site is optimized with the Yoast SEO plugin v27.5 - https:\/\/yoast.com\/product\/yoast-seo-wordpress\/ -->\n<title>Ucar sakini: H\u00f6kum\u0259t ev tik\u0259c\u0259yin\u0259 s\u00f6z verdi, \u0259m\u0259l etm\u0259di - MEYDAN.TV<\/title>\n<meta name=\"robots\" content=\"index, follow, max-snippet:-1, max-image-preview:large, max-video-preview:-1\" \/>\n<link rel=\"canonical\" href=\"https:\/\/www.meydan.tv\/az\/article\/ucar-sakini-hokumet-ev-tikeceyine-soz-verdi-emel-etmedi\/\" \/>\n<meta property=\"og:locale\" content=\"az_AZ\" \/>\n<meta property=\"og:type\" content=\"article\" \/>\n<meta property=\"og:title\" content=\"Ucar sakini: H\u00f6kum\u0259t ev tik\u0259c\u0259yin\u0259 s\u00f6z verdi, \u0259m\u0259l etm\u0259di - MEYDAN.TV\" \/>\n<meta property=\"og:description\" content=\"\u018flil oldu\u011fum v\u0259 i\u015f qabiliyy\u0259timin olmad\u0131\u011f\u0131n\u0131 n\u0259z\u0259r\u0259 al\u0131b, dedil\u0259r ki, s\u0259n\u0259 el\u0259 bu evin yerind\u0259 yenisini tik\u0259c\u0259yik\" \/>\n<meta property=\"og:url\" content=\"https:\/\/www.meydan.tv\/az\/article\/ucar-sakini-hokumet-ev-tikeceyine-soz-verdi-emel-etmedi\/\" \/>\n<meta property=\"og:site_name\" content=\"MEYDAN.TV\" \/>\n<meta property=\"article:published_time\" content=\"2019-08-26T13:48:03+00:00\" \/>\n<meta property=\"og:image\" content=\"https:\/\/www.meydan.tv\/wp-content\/uploads\/image_from_ios_6_a4vgwpn-scaled.jpg\" \/>\n\t<meta property=\"og:image:width\" content=\"2560\" \/>\n\t<meta property=\"og:image:height\" content=\"1920\" \/>\n\t<meta property=\"og:image:type\" content=\"image\/jpeg\" \/>\n<meta name=\"author\" content=\"user-manager\" \/>\n<meta name=\"twitter:card\" content=\"summary_large_image\" \/>\n<script type=\"application\/ld+json\" class=\"yoast-schema-graph\">{\"@context\":\"https:\\\/\\\/schema.org\",\"@graph\":[{\"@type\":\"Article\",\"@id\":\"https:\\\/\\\/www.meydan.tv\\\/az\\\/article\\\/ucar-sakini-hokumet-ev-tikeceyine-soz-verdi-emel-etmedi\\\/#article\",\"isPartOf\":{\"@id\":\"https:\\\/\\\/www.meydan.tv\\\/az\\\/article\\\/ucar-sakini-hokumet-ev-tikeceyine-soz-verdi-emel-etmedi\\\/\"},\"author\":{\"name\":\"user-manager\",\"@id\":\"https:\\\/\\\/www.meydan.tv\\\/az\\\/#\\\/schema\\\/person\\\/10d11eccf6da3662cf5fdab9806ea91a\"},\"headline\":\"Ucar sakini: H\u00f6kum\u0259t ev tik\u0259c\u0259yin\u0259 s\u00f6z verdi, \u0259m\u0259l etm\u0259di\",\"datePublished\":\"2019-08-26T13:48:03+00:00\",\"mainEntityOfPage\":{\"@id\":\"https:\\\/\\\/www.meydan.tv\\\/az\\\/article\\\/ucar-sakini-hokumet-ev-tikeceyine-soz-verdi-emel-etmedi\\\/\"},\"wordCount\":932,\"publisher\":{\"@id\":\"https:\\\/\\\/www.meydan.tv\\\/az\\\/#organization\"},\"image\":{\"@id\":\"https:\\\/\\\/www.meydan.tv\\\/az\\\/article\\\/ucar-sakini-hokumet-ev-tikeceyine-soz-verdi-emel-etmedi\\\/#primaryimage\"},\"thumbnailUrl\":\"https:\\\/\\\/www.meydan.tv\\\/wp-content\\\/uploads\\\/image_from_ios_6_a4vgwpn-scaled.jpg\",\"articleSection\":[\"B\u00f6lg\u0259\"],\"inLanguage\":\"az\"},{\"@type\":\"WebPage\",\"@id\":\"https:\\\/\\\/www.meydan.tv\\\/az\\\/article\\\/ucar-sakini-hokumet-ev-tikeceyine-soz-verdi-emel-etmedi\\\/\",\"url\":\"https:\\\/\\\/www.meydan.tv\\\/az\\\/article\\\/ucar-sakini-hokumet-ev-tikeceyine-soz-verdi-emel-etmedi\\\/\",\"name\":\"Ucar sakini: H\u00f6kum\u0259t ev tik\u0259c\u0259yin\u0259 s\u00f6z verdi, \u0259m\u0259l etm\u0259di - MEYDAN.TV\",\"isPartOf\":{\"@id\":\"https:\\\/\\\/www.meydan.tv\\\/az\\\/#website\"},\"primaryImageOfPage\":{\"@id\":\"https:\\\/\\\/www.meydan.tv\\\/az\\\/article\\\/ucar-sakini-hokumet-ev-tikeceyine-soz-verdi-emel-etmedi\\\/#primaryimage\"},\"image\":{\"@id\":\"https:\\\/\\\/www.meydan.tv\\\/az\\\/article\\\/ucar-sakini-hokumet-ev-tikeceyine-soz-verdi-emel-etmedi\\\/#primaryimage\"},\"thumbnailUrl\":\"https:\\\/\\\/www.meydan.tv\\\/wp-content\\\/uploads\\\/image_from_ios_6_a4vgwpn-scaled.jpg\",\"datePublished\":\"2019-08-26T13:48:03+00:00\",\"breadcrumb\":{\"@id\":\"https:\\\/\\\/www.meydan.tv\\\/az\\\/article\\\/ucar-sakini-hokumet-ev-tikeceyine-soz-verdi-emel-etmedi\\\/#breadcrumb\"},\"inLanguage\":\"az\",\"potentialAction\":[{\"@type\":\"ReadAction\",\"target\":[\"https:\\\/\\\/www.meydan.tv\\\/az\\\/article\\\/ucar-sakini-hokumet-ev-tikeceyine-soz-verdi-emel-etmedi\\\/\"]}]},{\"@type\":\"ImageObject\",\"inLanguage\":\"az\",\"@id\":\"https:\\\/\\\/www.meydan.tv\\\/az\\\/article\\\/ucar-sakini-hokumet-ev-tikeceyine-soz-verdi-emel-etmedi\\\/#primaryimage\",\"url\":\"https:\\\/\\\/www.meydan.tv\\\/wp-content\\\/uploads\\\/image_from_ios_6_a4vgwpn-scaled.jpg\",\"contentUrl\":\"https:\\\/\\\/www.meydan.tv\\\/wp-content\\\/uploads\\\/image_from_ios_6_a4vgwpn-scaled.jpg\",\"width\":2560,\"height\":1920,\"caption\":\"Source: Specify Source\"},{\"@type\":\"BreadcrumbList\",\"@id\":\"https:\\\/\\\/www.meydan.tv\\\/az\\\/article\\\/ucar-sakini-hokumet-ev-tikeceyine-soz-verdi-emel-etmedi\\\/#breadcrumb\",\"itemListElement\":[{\"@type\":\"ListItem\",\"position\":1,\"name\":\"Ana s\u0259hif\u0259\",\"item\":\"https:\\\/\\\/www.meydan.tv\\\/az\\\/\"},{\"@type\":\"ListItem\",\"position\":2,\"name\":\"B\u00f6lg\u0259\",\"item\":\"https:\\\/\\\/www.meydan.tv\\\/az\\\/section\\\/bolge\\\/\"},{\"@type\":\"ListItem\",\"position\":3,\"name\":\"Ucar sakini: H\u00f6kum\u0259t ev tik\u0259c\u0259yin\u0259 s\u00f6z verdi, \u0259m\u0259l etm\u0259di\"}]},{\"@type\":\"WebSite\",\"@id\":\"https:\\\/\\\/www.meydan.tv\\\/az\\\/#website\",\"url\":\"https:\\\/\\\/www.meydan.tv\\\/az\\\/\",\"name\":\"MEYDAN.TV\",\"description\":\"Meydan TV Az\u0259rbaycan\u0131n media m\u0259kan\u0131ndak\u0131 alternativ s\u0259sidir\",\"publisher\":{\"@id\":\"https:\\\/\\\/www.meydan.tv\\\/az\\\/#organization\"},\"potentialAction\":[{\"@type\":\"SearchAction\",\"target\":{\"@type\":\"EntryPoint\",\"urlTemplate\":\"https:\\\/\\\/www.meydan.tv\\\/az\\\/?s={search_term_string}\"},\"query-input\":{\"@type\":\"PropertyValueSpecification\",\"valueRequired\":true,\"valueName\":\"search_term_string\"}}],\"inLanguage\":\"az\"},{\"@type\":\"Organization\",\"@id\":\"https:\\\/\\\/www.meydan.tv\\\/az\\\/#organization\",\"name\":\"Meydan TV\",\"url\":\"https:\\\/\\\/www.meydan.tv\\\/az\\\/\",\"logo\":{\"@type\":\"ImageObject\",\"inLanguage\":\"az\",\"@id\":\"https:\\\/\\\/www.meydan.tv\\\/az\\\/#\\\/schema\\\/logo\\\/image\\\/\",\"url\":\"https:\\\/\\\/www.meydan.tv\\\/wp-content\\\/uploads\\\/2021\\\/07\\\/meydan-logo.svg\",\"contentUrl\":\"https:\\\/\\\/www.meydan.tv\\\/wp-content\\\/uploads\\\/2021\\\/07\\\/meydan-logo.svg\",\"width\":195,\"height\":46,\"caption\":\"Meydan TV\"},\"image\":{\"@id\":\"https:\\\/\\\/www.meydan.tv\\\/az\\\/#\\\/schema\\\/logo\\\/image\\\/\"}},{\"@type\":\"Person\",\"@id\":\"https:\\\/\\\/www.meydan.tv\\\/az\\\/#\\\/schema\\\/person\\\/10d11eccf6da3662cf5fdab9806ea91a\",\"name\":\"user-manager\"}]}<\/script>\n<!-- \/ Yoast SEO plugin. -->","yoast_head_json":{"title":"Ucar sakini: H\u00f6kum\u0259t ev tik\u0259c\u0259yin\u0259 s\u00f6z verdi, \u0259m\u0259l etm\u0259di - MEYDAN.TV","robots":{"index":"index","follow":"follow","max-snippet":"max-snippet:-1","max-image-preview":"max-image-preview:large","max-video-preview":"max-video-preview:-1"},"canonical":"https:\/\/www.meydan.tv\/az\/article\/ucar-sakini-hokumet-ev-tikeceyine-soz-verdi-emel-etmedi\/","og_locale":"az_AZ","og_type":"article","og_title":"Ucar sakini: H\u00f6kum\u0259t ev tik\u0259c\u0259yin\u0259 s\u00f6z verdi, \u0259m\u0259l etm\u0259di - MEYDAN.TV","og_description":"\u018flil oldu\u011fum v\u0259 i\u015f qabiliyy\u0259timin olmad\u0131\u011f\u0131n\u0131 n\u0259z\u0259r\u0259 al\u0131b, dedil\u0259r ki, s\u0259n\u0259 el\u0259 bu evin yerind\u0259 yenisini tik\u0259c\u0259yik","og_url":"https:\/\/www.meydan.tv\/az\/article\/ucar-sakini-hokumet-ev-tikeceyine-soz-verdi-emel-etmedi\/","og_site_name":"MEYDAN.TV","article_published_time":"2019-08-26T13:48:03+00:00","og_image":[{"width":2560,"height":1920,"url":"https:\/\/www.meydan.tv\/wp-content\/uploads\/image_from_ios_6_a4vgwpn-scaled.jpg","type":"image\/jpeg"}],"author":"user-manager","twitter_card":"summary_large_image","schema":{"@context":"https:\/\/schema.org","@graph":[{"@type":"Article","@id":"https:\/\/www.meydan.tv\/az\/article\/ucar-sakini-hokumet-ev-tikeceyine-soz-verdi-emel-etmedi\/#article","isPartOf":{"@id":"https:\/\/www.meydan.tv\/az\/article\/ucar-sakini-hokumet-ev-tikeceyine-soz-verdi-emel-etmedi\/"},"author":{"name":"user-manager","@id":"https:\/\/www.meydan.tv\/az\/#\/schema\/person\/10d11eccf6da3662cf5fdab9806ea91a"},"headline":"Ucar sakini: H\u00f6kum\u0259t ev tik\u0259c\u0259yin\u0259 s\u00f6z verdi, \u0259m\u0259l etm\u0259di","datePublished":"2019-08-26T13:48:03+00:00","mainEntityOfPage":{"@id":"https:\/\/www.meydan.tv\/az\/article\/ucar-sakini-hokumet-ev-tikeceyine-soz-verdi-emel-etmedi\/"},"wordCount":932,"publisher":{"@id":"https:\/\/www.meydan.tv\/az\/#organization"},"image":{"@id":"https:\/\/www.meydan.tv\/az\/article\/ucar-sakini-hokumet-ev-tikeceyine-soz-verdi-emel-etmedi\/#primaryimage"},"thumbnailUrl":"https:\/\/www.meydan.tv\/wp-content\/uploads\/image_from_ios_6_a4vgwpn-scaled.jpg","articleSection":["B\u00f6lg\u0259"],"inLanguage":"az"},{"@type":"WebPage","@id":"https:\/\/www.meydan.tv\/az\/article\/ucar-sakini-hokumet-ev-tikeceyine-soz-verdi-emel-etmedi\/","url":"https:\/\/www.meydan.tv\/az\/article\/ucar-sakini-hokumet-ev-tikeceyine-soz-verdi-emel-etmedi\/","name":"Ucar sakini: H\u00f6kum\u0259t ev tik\u0259c\u0259yin\u0259 s\u00f6z verdi, \u0259m\u0259l etm\u0259di - MEYDAN.TV","isPartOf":{"@id":"https:\/\/www.meydan.tv\/az\/#website"},"primaryImageOfPage":{"@id":"https:\/\/www.meydan.tv\/az\/article\/ucar-sakini-hokumet-ev-tikeceyine-soz-verdi-emel-etmedi\/#primaryimage"},"image":{"@id":"https:\/\/www.meydan.tv\/az\/article\/ucar-sakini-hokumet-ev-tikeceyine-soz-verdi-emel-etmedi\/#primaryimage"},"thumbnailUrl":"https:\/\/www.meydan.tv\/wp-content\/uploads\/image_from_ios_6_a4vgwpn-scaled.jpg","datePublished":"2019-08-26T13:48:03+00:00","breadcrumb":{"@id":"https:\/\/www.meydan.tv\/az\/article\/ucar-sakini-hokumet-ev-tikeceyine-soz-verdi-emel-etmedi\/#breadcrumb"},"inLanguage":"az","potentialAction":[{"@type":"ReadAction","target":["https:\/\/www.meydan.tv\/az\/article\/ucar-sakini-hokumet-ev-tikeceyine-soz-verdi-emel-etmedi\/"]}]},{"@type":"ImageObject","inLanguage":"az","@id":"https:\/\/www.meydan.tv\/az\/article\/ucar-sakini-hokumet-ev-tikeceyine-soz-verdi-emel-etmedi\/#primaryimage","url":"https:\/\/www.meydan.tv\/wp-content\/uploads\/image_from_ios_6_a4vgwpn-scaled.jpg","contentUrl":"https:\/\/www.meydan.tv\/wp-content\/uploads\/image_from_ios_6_a4vgwpn-scaled.jpg","width":2560,"height":1920,"caption":"Source: Specify Source"},{"@type":"BreadcrumbList","@id":"https:\/\/www.meydan.tv\/az\/article\/ucar-sakini-hokumet-ev-tikeceyine-soz-verdi-emel-etmedi\/#breadcrumb","itemListElement":[{"@type":"ListItem","position":1,"name":"Ana s\u0259hif\u0259","item":"https:\/\/www.meydan.tv\/az\/"},{"@type":"ListItem","position":2,"name":"B\u00f6lg\u0259","item":"https:\/\/www.meydan.tv\/az\/section\/bolge\/"},{"@type":"ListItem","position":3,"name":"Ucar sakini: H\u00f6kum\u0259t ev tik\u0259c\u0259yin\u0259 s\u00f6z verdi, \u0259m\u0259l etm\u0259di"}]},{"@type":"WebSite","@id":"https:\/\/www.meydan.tv\/az\/#website","url":"https:\/\/www.meydan.tv\/az\/","name":"MEYDAN.TV","description":"Meydan TV Az\u0259rbaycan\u0131n media m\u0259kan\u0131ndak\u0131 alternativ s\u0259sidir","publisher":{"@id":"https:\/\/www.meydan.tv\/az\/#organization"},"potentialAction":[{"@type":"SearchAction","target":{"@type":"EntryPoint","urlTemplate":"https:\/\/www.meydan.tv\/az\/?s={search_term_string}"},"query-input":{"@type":"PropertyValueSpecification","valueRequired":true,"valueName":"search_term_string"}}],"inLanguage":"az"},{"@type":"Organization","@id":"https:\/\/www.meydan.tv\/az\/#organization","name":"Meydan TV","url":"https:\/\/www.meydan.tv\/az\/","logo":{"@type":"ImageObject","inLanguage":"az","@id":"https:\/\/www.meydan.tv\/az\/#\/schema\/logo\/image\/","url":"https:\/\/www.meydan.tv\/wp-content\/uploads\/2021\/07\/meydan-logo.svg","contentUrl":"https:\/\/www.meydan.tv\/wp-content\/uploads\/2021\/07\/meydan-logo.svg","width":195,"height":46,"caption":"Meydan TV"},"image":{"@id":"https:\/\/www.meydan.tv\/az\/#\/schema\/logo\/image\/"}},{"@type":"Person","@id":"https:\/\/www.meydan.tv\/az\/#\/schema\/person\/10d11eccf6da3662cf5fdab9806ea91a","name":"user-manager"}]}},"_links":{"self":[{"href":"https:\/\/www.meydan.tv\/az\/wp-json\/wp\/v2\/posts\/196702","targetHints":{"allow":["GET"]}}],"collection":[{"href":"https:\/\/www.meydan.tv\/az\/wp-json\/wp\/v2\/posts"}],"about":[{"href":"https:\/\/www.meydan.tv\/az\/wp-json\/wp\/v2\/types\/post"}],"author":[{"embeddable":true,"href":"https:\/\/www.meydan.tv\/az\/wp-json\/wp\/v2\/users\/11"}],"replies":[{"embeddable":true,"href":"https:\/\/www.meydan.tv\/az\/wp-json\/wp\/v2\/comments?post=196702"}],"version-history":[{"count":0,"href":"https:\/\/www.meydan.tv\/az\/wp-json\/wp\/v2\/posts\/196702\/revisions"}],"wp:featuredmedia":[{"embeddable":true,"href":"https:\/\/www.meydan.tv\/az\/wp-json\/wp\/v2\/media\/128625"}],"wp:attachment":[{"href":"https:\/\/www.meydan.tv\/az\/wp-json\/wp\/v2\/media?parent=196702"}],"wp:term":[{"taxonomy":"category","embeddable":true,"href":"https:\/\/www.meydan.tv\/az\/wp-json\/wp\/v2\/categories?post=196702"},{"taxonomy":"post_tag","embeddable":true,"href":"https:\/\/www.meydan.tv\/az\/wp-json\/wp\/v2\/tags?post=196702"}],"curies":[{"name":"wp","href":"https:\/\/api.w.org\/{rel}","templated":true}]}}