{"id":196701,"date":"2019-08-26T13:53:45","date_gmt":"2019-08-26T13:53:45","guid":{"rendered":"https:\/\/www.meydan.tv\/article\/iki-ayliq-hamile-qadin-aldigi-xesaretlere-gore-reanimasiyaya-yerlesdirilib\/"},"modified":"2019-08-26T13:53:45","modified_gmt":"2019-08-26T13:53:45","slug":"iki-ayliq-hamile-qadin-aldigi-xesaretlere-gore-reanimasiyaya-yerlesdirilib","status":"publish","type":"post","link":"https:\/\/www.meydan.tv\/az\/article\/iki-ayliq-hamile-qadin-aldigi-xesaretlere-gore-reanimasiyaya-yerlesdirilib\/","title":{"rendered":"\u0130ki ayl\u0131q hamil\u0259 qad\u0131n ald\u0131\u011f\u0131 x\u0259sar\u0259tl\u0259r\u0259 g\u00f6r\u0259 reanimasiyaya yerl\u0259\u015fdirilib"},"content":{"rendered":"<p>\n  <i><br \/>\n    Onun ail\u0259si t\u0259r\u0259find\u0259n d\u00f6y\u00fcld\u00fcy\u00fc ehtimal edilir<br \/>\n  <\/i>\n<\/p>\n<p>\n  Qax rayon sakini, 27 ya\u015fl\u0131 A.V ald\u0131\u011f\u0131 x\u0259sar\u0259tl\u0259rl\u0259 x\u0259st\u0259xanan\u0131n reanimasiya \u015f\u00f6b\u0259sin\u0259 yerl\u0259\u015fdirilib. Rayonun k\u0259ndl\u0259rind\u0259n birind\u0259 ya\u015fayan qad\u0131n\u0131n 2 ayl\u0131q hamil\u0259 oldu\u011fu, ald\u0131\u011f\u0131 x\u0259sar\u0259tl\u0259r n\u0259tic\u0259sind\u0259 u\u015fa\u011f\u0131n\u0131 itirdiyi bildirilir.\n<\/p>\n<p>\n  K\u0259nd sakinl\u0259rinin Meydan TV-y\u0259 verdiyi m\u0259lumata g\u00f6r\u0259, hadis\u0259 avqustun 17-d\u0259 ba\u015f verib. Ail\u0259 m\u00fcnaqi\u015f\u0259si z\u0259minind\u0259 27 ya\u015fl\u0131 qad\u0131n a\u011f\u0131r x\u0259sar\u0259tl\u0259r al\u0131b. Hadis\u0259 il\u0259 ba\u011fl\u0131 m\u00fcxt\u0259lif \u015fayi\u0259l\u0259r var. Qad\u0131n\u0131n intihar etdiyi d\u0259 deyilir.\n<\/p>\n<p>\n  Meydan TV \u0259m\u0259kda\u015f\u0131 Qax Rayon M\u0259rk\u0259zi X\u0259st\u0259xanas\u0131nda olub v\u0259 z\u0259r\u0259r\u00e7\u0259k\u0259nin reanimasiya \u015f\u0259b\u0259sind\u0259 oldu\u011funu m\u00fc\u0259yy\u0259nl\u0259\u015fdirib. Lakin A.V-nin anas\u0131 jurnalist\u0259 \u0259trafl\u0131 m\u0259lumat verilm\u0259sin\u0259 mane olub. Bildirib ki, q\u0131z\u0131 pill\u0259k\u0259nl\u0259rd\u0259n y\u0131x\u0131l\u0131b, a\u011f\u0131r x\u0259sar\u0259t al\u0131b.\n<\/p>\n<p>\n  Ancaq ad\u0131n\u0131n a\u00e7\u0131qlanmas\u0131n\u0131 ist\u0259m\u0259y\u0259n x\u0259st\u0259xana \u0259m\u0259kda\u015f\u0131 jurnalist\u0259 s\u00f6yl\u0259yib ki, qad\u0131n x\u0259st\u0259xanaya g\u0259tiril\u0259rk\u0259n atas\u0131 h\u0259kim\u0259 \u201conu siz \u00f6ld\u00fcrm\u0259s\u0259niz, \u00f6z\u00fcm \u00f6ld\u00fcr\u0259c\u0259y\u0259m\u201d deyib.\n<\/p>\n<p>\n  Qon\u015fular\u0131 is\u0259 Meydan TV \u0259m\u0259kda\u015f\u0131na deyib ki, q\u0131z \u0259vv\u0259ll\u0259r ni\u015fanl\u0131 olub, ni\u015fanl\u0131s\u0131 r\u0259hm\u0259t\u0259 ged\u0259nd\u0259n sonra qon\u015fu k\u0259nd\u0259 \u0259r\u0259 verilib. Lakin sonradan bald\u0131z\u0131 onun telefonundan ni\u015fanl\u0131s\u0131na b\u0259nz\u0259y\u0259n o\u011flanla \u015f\u0259kill\u0259rini a\u015fkarlay\u0131b v\u0259 hadis\u0259 d\u0259 bundan sonra ba\u015f verib:\n<\/p>\n<p>\n  \u201c\u018fvv\u0259l \u0259ri d\u00f6y\u00fcb, sonra g\u0259tirib at\u0131b evl\u0259rin\u0259. Atas\u0131 da d\u00f6y\u00fcb, \u00fcr\u0259yi soyumay\u0131b ba\u015f\u0131na da\u015fla \u00e7\u0131rp\u0131b, divara vurub. Q\u0131z\u0131n a\u011fz\u0131ndan qan g\u0259lib, hu\u015funu itirib. Onu x\u0259st\u0259xanaya aparandan sonra atas\u0131 da \u00f6z\u00fcn\u00fc asmaq ist\u0259di. Hadis\u0259nin utanc\u0131ndan ya\u015famaq ist\u0259m\u0259diyini deyirdi. Ancaq qon\u015fular ipd\u0259n ald\u0131lar\u201d.\n<\/p>\n<p>\n  Qon\u015fular\u0131n s\u00f6zl\u0259rin\u0259 g\u00f6r\u0259, qad\u0131n tan\u0131nm\u0131\u015f i\u015f adamlar\u0131ndan birinin qarda\u015f\u0131 q\u0131z\u0131 oldu\u011fundan m\u0259s\u0259l\u0259nin ictimail\u0259\u015fdirilm\u0259sinin qar\u015f\u0131s\u0131n\u0131 alma\u011fa \u00e7al\u0131\u015f\u0131rlar.\n<\/p>\n<p>\n  S\u0259hiyy\u0259 Nazirliyinin m\u0259tbuat xidm\u0259tinin m\u0259lumat\u0131na g\u00f6r\u0259, qad\u0131n ba\u015f\u0131n m\u00fcxt\u0259lif nahiy\u0259l\u0259rind\u0259 travmalar, bo\u011fazda bo\u011fulma izl\u0259ri il\u0259 x\u0259st\u0259xanaya daxil olub. M\u00fcayin\u0259 zaman\u0131 onun 2 ayl\u0131q hamil\u0259 oldu\u011fu m\u00fc\u0259yy\u0259n edilib. Laz\u0131mi tibbi yard\u0131m g\u00f6st\u0259rildikd\u0259n sonra x\u0259st\u0259nin hu\u015fu qay\u0131d\u0131b. Haz\u0131rda reanimasiya \u015f\u00f6b\u0259sind\u0259dir, v\u0259ziyy\u0259ti orta-a\u011f\u0131r stabil qiym\u0259tl\u0259ndirilir.\n<\/p>\n<p>\n  Daxili \u0130\u015fl\u0259r Nazirliyinin (D\u0130N) m\u0259tbuat xidm\u0259tinin regional \u00fczr\u0259 ba\u015f inspektoru Mahir M\u0259simovun verdiyi m\u0259lumata g\u00f6r\u0259, hadis\u0259 m\u00fcnaqi\u015f\u0259 z\u0259minind\u0259 ba\u015f verib. \u0130lkin m\u0259lumatda bildirilir ki, qad\u0131n ba\u015f\u0131n\u0131 divara vurub. M\u0259s\u0259l\u0259 il\u0259 ba\u011fl\u0131 Qax Rayon Prokurorlu\u011funda ara\u015fd\u0131rma apar\u0131l\u0131r.\n<\/p>\n<p>\n  Meydan TV \u0259m\u0259kda\u015f\u0131 m\u0259s\u0259l\u0259 il\u0259 ba\u011fl\u0131 Ombudsman Aparat\u0131n\u0131n qaynar x\u0259ttini m\u0259lumatland\u0131r\u0131b.<\/p>\n","protected":false},"excerpt":{"rendered":"<p>Onun ail\u0259si t\u0259r\u0259find\u0259n d\u00f6y\u00fcld\u00fcy\u00fc ehtimal edilir<\/p>\n","protected":false},"author":11,"featured_media":128628,"comment_status":"closed","ping_status":"open","sticky":false,"template":"","format":"standard","meta":{"_acf_changed":false,"_sitemap_exclude":false,"_sitemap_priority":"","_sitemap_frequency":"","footnotes":""},"categories":[60],"tags":[],"class_list":["post-196701","post","type-post","status-publish","format-standard","has-post-thumbnail","hentry","category-bolge","infinite-scroll-item","generate-columns","tablet-grid-50","mobile-grid-100","grid-parent","grid-33","no-featured-image-padding"],"acf":[],"yoast_head":"<!-- This site is optimized with the Yoast SEO plugin v27.5 - https:\/\/yoast.com\/product\/yoast-seo-wordpress\/ -->\n<title>\u0130ki ayl\u0131q hamil\u0259 qad\u0131n ald\u0131\u011f\u0131 x\u0259sar\u0259tl\u0259r\u0259 g\u00f6r\u0259 reanimasiyaya yerl\u0259\u015fdirilib - MEYDAN.TV<\/title>\n<meta name=\"robots\" content=\"index, follow, max-snippet:-1, max-image-preview:large, max-video-preview:-1\" \/>\n<link rel=\"canonical\" href=\"https:\/\/www.meydan.tv\/az\/article\/iki-ayliq-hamile-qadin-aldigi-xesaretlere-gore-reanimasiyaya-yerlesdirilib\/\" \/>\n<meta property=\"og:locale\" content=\"az_AZ\" \/>\n<meta property=\"og:type\" content=\"article\" \/>\n<meta property=\"og:title\" content=\"\u0130ki ayl\u0131q hamil\u0259 qad\u0131n ald\u0131\u011f\u0131 x\u0259sar\u0259tl\u0259r\u0259 g\u00f6r\u0259 reanimasiyaya yerl\u0259\u015fdirilib - MEYDAN.TV\" \/>\n<meta property=\"og:description\" content=\"Onun ail\u0259si t\u0259r\u0259find\u0259n d\u00f6y\u00fcld\u00fcy\u00fc ehtimal edilir\" \/>\n<meta property=\"og:url\" content=\"https:\/\/www.meydan.tv\/az\/article\/iki-ayliq-hamile-qadin-aldigi-xesaretlere-gore-reanimasiyaya-yerlesdirilib\/\" \/>\n<meta property=\"og:site_name\" content=\"MEYDAN.TV\" \/>\n<meta property=\"article:published_time\" content=\"2019-08-26T13:53:45+00:00\" \/>\n<meta property=\"og:image\" content=\"https:\/\/www.meydan.tv\/wp-content\/uploads\/a514f26c-7a7f-4419-9f85-eac91f3e5946-scaled.jpeg\" \/>\n\t<meta property=\"og:image:width\" content=\"2560\" \/>\n\t<meta property=\"og:image:height\" content=\"1440\" \/>\n\t<meta property=\"og:image:type\" content=\"image\/jpeg\" \/>\n<meta name=\"author\" content=\"user-manager\" \/>\n<meta name=\"twitter:card\" content=\"summary_large_image\" \/>\n<script type=\"application\/ld+json\" class=\"yoast-schema-graph\">{\"@context\":\"https:\\\/\\\/schema.org\",\"@graph\":[{\"@type\":\"Article\",\"@id\":\"https:\\\/\\\/www.meydan.tv\\\/az\\\/article\\\/iki-ayliq-hamile-qadin-aldigi-xesaretlere-gore-reanimasiyaya-yerlesdirilib\\\/#article\",\"isPartOf\":{\"@id\":\"https:\\\/\\\/www.meydan.tv\\\/az\\\/article\\\/iki-ayliq-hamile-qadin-aldigi-xesaretlere-gore-reanimasiyaya-yerlesdirilib\\\/\"},\"author\":{\"name\":\"user-manager\",\"@id\":\"https:\\\/\\\/www.meydan.tv\\\/az\\\/#\\\/schema\\\/person\\\/10d11eccf6da3662cf5fdab9806ea91a\"},\"headline\":\"\u0130ki ayl\u0131q hamil\u0259 qad\u0131n ald\u0131\u011f\u0131 x\u0259sar\u0259tl\u0259r\u0259 g\u00f6r\u0259 reanimasiyaya yerl\u0259\u015fdirilib\",\"datePublished\":\"2019-08-26T13:53:45+00:00\",\"mainEntityOfPage\":{\"@id\":\"https:\\\/\\\/www.meydan.tv\\\/az\\\/article\\\/iki-ayliq-hamile-qadin-aldigi-xesaretlere-gore-reanimasiyaya-yerlesdirilib\\\/\"},\"wordCount\":566,\"publisher\":{\"@id\":\"https:\\\/\\\/www.meydan.tv\\\/az\\\/#organization\"},\"image\":{\"@id\":\"https:\\\/\\\/www.meydan.tv\\\/az\\\/article\\\/iki-ayliq-hamile-qadin-aldigi-xesaretlere-gore-reanimasiyaya-yerlesdirilib\\\/#primaryimage\"},\"thumbnailUrl\":\"https:\\\/\\\/www.meydan.tv\\\/wp-content\\\/uploads\\\/a514f26c-7a7f-4419-9f85-eac91f3e5946-scaled.jpeg\",\"articleSection\":[\"B\u00f6lg\u0259\"],\"inLanguage\":\"az\"},{\"@type\":\"WebPage\",\"@id\":\"https:\\\/\\\/www.meydan.tv\\\/az\\\/article\\\/iki-ayliq-hamile-qadin-aldigi-xesaretlere-gore-reanimasiyaya-yerlesdirilib\\\/\",\"url\":\"https:\\\/\\\/www.meydan.tv\\\/az\\\/article\\\/iki-ayliq-hamile-qadin-aldigi-xesaretlere-gore-reanimasiyaya-yerlesdirilib\\\/\",\"name\":\"\u0130ki ayl\u0131q hamil\u0259 qad\u0131n ald\u0131\u011f\u0131 x\u0259sar\u0259tl\u0259r\u0259 g\u00f6r\u0259 reanimasiyaya yerl\u0259\u015fdirilib - MEYDAN.TV\",\"isPartOf\":{\"@id\":\"https:\\\/\\\/www.meydan.tv\\\/az\\\/#website\"},\"primaryImageOfPage\":{\"@id\":\"https:\\\/\\\/www.meydan.tv\\\/az\\\/article\\\/iki-ayliq-hamile-qadin-aldigi-xesaretlere-gore-reanimasiyaya-yerlesdirilib\\\/#primaryimage\"},\"image\":{\"@id\":\"https:\\\/\\\/www.meydan.tv\\\/az\\\/article\\\/iki-ayliq-hamile-qadin-aldigi-xesaretlere-gore-reanimasiyaya-yerlesdirilib\\\/#primaryimage\"},\"thumbnailUrl\":\"https:\\\/\\\/www.meydan.tv\\\/wp-content\\\/uploads\\\/a514f26c-7a7f-4419-9f85-eac91f3e5946-scaled.jpeg\",\"datePublished\":\"2019-08-26T13:53:45+00:00\",\"breadcrumb\":{\"@id\":\"https:\\\/\\\/www.meydan.tv\\\/az\\\/article\\\/iki-ayliq-hamile-qadin-aldigi-xesaretlere-gore-reanimasiyaya-yerlesdirilib\\\/#breadcrumb\"},\"inLanguage\":\"az\",\"potentialAction\":[{\"@type\":\"ReadAction\",\"target\":[\"https:\\\/\\\/www.meydan.tv\\\/az\\\/article\\\/iki-ayliq-hamile-qadin-aldigi-xesaretlere-gore-reanimasiyaya-yerlesdirilib\\\/\"]}]},{\"@type\":\"ImageObject\",\"inLanguage\":\"az\",\"@id\":\"https:\\\/\\\/www.meydan.tv\\\/az\\\/article\\\/iki-ayliq-hamile-qadin-aldigi-xesaretlere-gore-reanimasiyaya-yerlesdirilib\\\/#primaryimage\",\"url\":\"https:\\\/\\\/www.meydan.tv\\\/wp-content\\\/uploads\\\/a514f26c-7a7f-4419-9f85-eac91f3e5946-scaled.jpeg\",\"contentUrl\":\"https:\\\/\\\/www.meydan.tv\\\/wp-content\\\/uploads\\\/a514f26c-7a7f-4419-9f85-eac91f3e5946-scaled.jpeg\",\"width\":2560,\"height\":1440,\"caption\":\"Source: Meydan Tv\"},{\"@type\":\"BreadcrumbList\",\"@id\":\"https:\\\/\\\/www.meydan.tv\\\/az\\\/article\\\/iki-ayliq-hamile-qadin-aldigi-xesaretlere-gore-reanimasiyaya-yerlesdirilib\\\/#breadcrumb\",\"itemListElement\":[{\"@type\":\"ListItem\",\"position\":1,\"name\":\"Ana s\u0259hif\u0259\",\"item\":\"https:\\\/\\\/www.meydan.tv\\\/az\\\/\"},{\"@type\":\"ListItem\",\"position\":2,\"name\":\"B\u00f6lg\u0259\",\"item\":\"https:\\\/\\\/www.meydan.tv\\\/az\\\/section\\\/bolge\\\/\"},{\"@type\":\"ListItem\",\"position\":3,\"name\":\"\u0130ki ayl\u0131q hamil\u0259 qad\u0131n ald\u0131\u011f\u0131 x\u0259sar\u0259tl\u0259r\u0259 g\u00f6r\u0259 reanimasiyaya yerl\u0259\u015fdirilib\"}]},{\"@type\":\"WebSite\",\"@id\":\"https:\\\/\\\/www.meydan.tv\\\/az\\\/#website\",\"url\":\"https:\\\/\\\/www.meydan.tv\\\/az\\\/\",\"name\":\"MEYDAN.TV\",\"description\":\"Meydan TV Az\u0259rbaycan\u0131n media m\u0259kan\u0131ndak\u0131 alternativ s\u0259sidir\",\"publisher\":{\"@id\":\"https:\\\/\\\/www.meydan.tv\\\/az\\\/#organization\"},\"potentialAction\":[{\"@type\":\"SearchAction\",\"target\":{\"@type\":\"EntryPoint\",\"urlTemplate\":\"https:\\\/\\\/www.meydan.tv\\\/az\\\/?s={search_term_string}\"},\"query-input\":{\"@type\":\"PropertyValueSpecification\",\"valueRequired\":true,\"valueName\":\"search_term_string\"}}],\"inLanguage\":\"az\"},{\"@type\":\"Organization\",\"@id\":\"https:\\\/\\\/www.meydan.tv\\\/az\\\/#organization\",\"name\":\"Meydan TV\",\"url\":\"https:\\\/\\\/www.meydan.tv\\\/az\\\/\",\"logo\":{\"@type\":\"ImageObject\",\"inLanguage\":\"az\",\"@id\":\"https:\\\/\\\/www.meydan.tv\\\/az\\\/#\\\/schema\\\/logo\\\/image\\\/\",\"url\":\"https:\\\/\\\/www.meydan.tv\\\/wp-content\\\/uploads\\\/2021\\\/07\\\/meydan-logo.svg\",\"contentUrl\":\"https:\\\/\\\/www.meydan.tv\\\/wp-content\\\/uploads\\\/2021\\\/07\\\/meydan-logo.svg\",\"width\":195,\"height\":46,\"caption\":\"Meydan TV\"},\"image\":{\"@id\":\"https:\\\/\\\/www.meydan.tv\\\/az\\\/#\\\/schema\\\/logo\\\/image\\\/\"}},{\"@type\":\"Person\",\"@id\":\"https:\\\/\\\/www.meydan.tv\\\/az\\\/#\\\/schema\\\/person\\\/10d11eccf6da3662cf5fdab9806ea91a\",\"name\":\"user-manager\"}]}<\/script>\n<!-- \/ Yoast SEO plugin. -->","yoast_head_json":{"title":"\u0130ki ayl\u0131q hamil\u0259 qad\u0131n ald\u0131\u011f\u0131 x\u0259sar\u0259tl\u0259r\u0259 g\u00f6r\u0259 reanimasiyaya yerl\u0259\u015fdirilib - MEYDAN.TV","robots":{"index":"index","follow":"follow","max-snippet":"max-snippet:-1","max-image-preview":"max-image-preview:large","max-video-preview":"max-video-preview:-1"},"canonical":"https:\/\/www.meydan.tv\/az\/article\/iki-ayliq-hamile-qadin-aldigi-xesaretlere-gore-reanimasiyaya-yerlesdirilib\/","og_locale":"az_AZ","og_type":"article","og_title":"\u0130ki ayl\u0131q hamil\u0259 qad\u0131n ald\u0131\u011f\u0131 x\u0259sar\u0259tl\u0259r\u0259 g\u00f6r\u0259 reanimasiyaya yerl\u0259\u015fdirilib - MEYDAN.TV","og_description":"Onun ail\u0259si t\u0259r\u0259find\u0259n d\u00f6y\u00fcld\u00fcy\u00fc ehtimal edilir","og_url":"https:\/\/www.meydan.tv\/az\/article\/iki-ayliq-hamile-qadin-aldigi-xesaretlere-gore-reanimasiyaya-yerlesdirilib\/","og_site_name":"MEYDAN.TV","article_published_time":"2019-08-26T13:53:45+00:00","og_image":[{"width":2560,"height":1440,"url":"https:\/\/www.meydan.tv\/wp-content\/uploads\/a514f26c-7a7f-4419-9f85-eac91f3e5946-scaled.jpeg","type":"image\/jpeg"}],"author":"user-manager","twitter_card":"summary_large_image","schema":{"@context":"https:\/\/schema.org","@graph":[{"@type":"Article","@id":"https:\/\/www.meydan.tv\/az\/article\/iki-ayliq-hamile-qadin-aldigi-xesaretlere-gore-reanimasiyaya-yerlesdirilib\/#article","isPartOf":{"@id":"https:\/\/www.meydan.tv\/az\/article\/iki-ayliq-hamile-qadin-aldigi-xesaretlere-gore-reanimasiyaya-yerlesdirilib\/"},"author":{"name":"user-manager","@id":"https:\/\/www.meydan.tv\/az\/#\/schema\/person\/10d11eccf6da3662cf5fdab9806ea91a"},"headline":"\u0130ki ayl\u0131q hamil\u0259 qad\u0131n ald\u0131\u011f\u0131 x\u0259sar\u0259tl\u0259r\u0259 g\u00f6r\u0259 reanimasiyaya yerl\u0259\u015fdirilib","datePublished":"2019-08-26T13:53:45+00:00","mainEntityOfPage":{"@id":"https:\/\/www.meydan.tv\/az\/article\/iki-ayliq-hamile-qadin-aldigi-xesaretlere-gore-reanimasiyaya-yerlesdirilib\/"},"wordCount":566,"publisher":{"@id":"https:\/\/www.meydan.tv\/az\/#organization"},"image":{"@id":"https:\/\/www.meydan.tv\/az\/article\/iki-ayliq-hamile-qadin-aldigi-xesaretlere-gore-reanimasiyaya-yerlesdirilib\/#primaryimage"},"thumbnailUrl":"https:\/\/www.meydan.tv\/wp-content\/uploads\/a514f26c-7a7f-4419-9f85-eac91f3e5946-scaled.jpeg","articleSection":["B\u00f6lg\u0259"],"inLanguage":"az"},{"@type":"WebPage","@id":"https:\/\/www.meydan.tv\/az\/article\/iki-ayliq-hamile-qadin-aldigi-xesaretlere-gore-reanimasiyaya-yerlesdirilib\/","url":"https:\/\/www.meydan.tv\/az\/article\/iki-ayliq-hamile-qadin-aldigi-xesaretlere-gore-reanimasiyaya-yerlesdirilib\/","name":"\u0130ki ayl\u0131q hamil\u0259 qad\u0131n ald\u0131\u011f\u0131 x\u0259sar\u0259tl\u0259r\u0259 g\u00f6r\u0259 reanimasiyaya yerl\u0259\u015fdirilib - MEYDAN.TV","isPartOf":{"@id":"https:\/\/www.meydan.tv\/az\/#website"},"primaryImageOfPage":{"@id":"https:\/\/www.meydan.tv\/az\/article\/iki-ayliq-hamile-qadin-aldigi-xesaretlere-gore-reanimasiyaya-yerlesdirilib\/#primaryimage"},"image":{"@id":"https:\/\/www.meydan.tv\/az\/article\/iki-ayliq-hamile-qadin-aldigi-xesaretlere-gore-reanimasiyaya-yerlesdirilib\/#primaryimage"},"thumbnailUrl":"https:\/\/www.meydan.tv\/wp-content\/uploads\/a514f26c-7a7f-4419-9f85-eac91f3e5946-scaled.jpeg","datePublished":"2019-08-26T13:53:45+00:00","breadcrumb":{"@id":"https:\/\/www.meydan.tv\/az\/article\/iki-ayliq-hamile-qadin-aldigi-xesaretlere-gore-reanimasiyaya-yerlesdirilib\/#breadcrumb"},"inLanguage":"az","potentialAction":[{"@type":"ReadAction","target":["https:\/\/www.meydan.tv\/az\/article\/iki-ayliq-hamile-qadin-aldigi-xesaretlere-gore-reanimasiyaya-yerlesdirilib\/"]}]},{"@type":"ImageObject","inLanguage":"az","@id":"https:\/\/www.meydan.tv\/az\/article\/iki-ayliq-hamile-qadin-aldigi-xesaretlere-gore-reanimasiyaya-yerlesdirilib\/#primaryimage","url":"https:\/\/www.meydan.tv\/wp-content\/uploads\/a514f26c-7a7f-4419-9f85-eac91f3e5946-scaled.jpeg","contentUrl":"https:\/\/www.meydan.tv\/wp-content\/uploads\/a514f26c-7a7f-4419-9f85-eac91f3e5946-scaled.jpeg","width":2560,"height":1440,"caption":"Source: Meydan Tv"},{"@type":"BreadcrumbList","@id":"https:\/\/www.meydan.tv\/az\/article\/iki-ayliq-hamile-qadin-aldigi-xesaretlere-gore-reanimasiyaya-yerlesdirilib\/#breadcrumb","itemListElement":[{"@type":"ListItem","position":1,"name":"Ana s\u0259hif\u0259","item":"https:\/\/www.meydan.tv\/az\/"},{"@type":"ListItem","position":2,"name":"B\u00f6lg\u0259","item":"https:\/\/www.meydan.tv\/az\/section\/bolge\/"},{"@type":"ListItem","position":3,"name":"\u0130ki ayl\u0131q hamil\u0259 qad\u0131n ald\u0131\u011f\u0131 x\u0259sar\u0259tl\u0259r\u0259 g\u00f6r\u0259 reanimasiyaya yerl\u0259\u015fdirilib"}]},{"@type":"WebSite","@id":"https:\/\/www.meydan.tv\/az\/#website","url":"https:\/\/www.meydan.tv\/az\/","name":"MEYDAN.TV","description":"Meydan TV Az\u0259rbaycan\u0131n media m\u0259kan\u0131ndak\u0131 alternativ s\u0259sidir","publisher":{"@id":"https:\/\/www.meydan.tv\/az\/#organization"},"potentialAction":[{"@type":"SearchAction","target":{"@type":"EntryPoint","urlTemplate":"https:\/\/www.meydan.tv\/az\/?s={search_term_string}"},"query-input":{"@type":"PropertyValueSpecification","valueRequired":true,"valueName":"search_term_string"}}],"inLanguage":"az"},{"@type":"Organization","@id":"https:\/\/www.meydan.tv\/az\/#organization","name":"Meydan TV","url":"https:\/\/www.meydan.tv\/az\/","logo":{"@type":"ImageObject","inLanguage":"az","@id":"https:\/\/www.meydan.tv\/az\/#\/schema\/logo\/image\/","url":"https:\/\/www.meydan.tv\/wp-content\/uploads\/2021\/07\/meydan-logo.svg","contentUrl":"https:\/\/www.meydan.tv\/wp-content\/uploads\/2021\/07\/meydan-logo.svg","width":195,"height":46,"caption":"Meydan TV"},"image":{"@id":"https:\/\/www.meydan.tv\/az\/#\/schema\/logo\/image\/"}},{"@type":"Person","@id":"https:\/\/www.meydan.tv\/az\/#\/schema\/person\/10d11eccf6da3662cf5fdab9806ea91a","name":"user-manager"}]}},"_links":{"self":[{"href":"https:\/\/www.meydan.tv\/az\/wp-json\/wp\/v2\/posts\/196701","targetHints":{"allow":["GET"]}}],"collection":[{"href":"https:\/\/www.meydan.tv\/az\/wp-json\/wp\/v2\/posts"}],"about":[{"href":"https:\/\/www.meydan.tv\/az\/wp-json\/wp\/v2\/types\/post"}],"author":[{"embeddable":true,"href":"https:\/\/www.meydan.tv\/az\/wp-json\/wp\/v2\/users\/11"}],"replies":[{"embeddable":true,"href":"https:\/\/www.meydan.tv\/az\/wp-json\/wp\/v2\/comments?post=196701"}],"version-history":[{"count":0,"href":"https:\/\/www.meydan.tv\/az\/wp-json\/wp\/v2\/posts\/196701\/revisions"}],"wp:featuredmedia":[{"embeddable":true,"href":"https:\/\/www.meydan.tv\/az\/wp-json\/wp\/v2\/media\/128628"}],"wp:attachment":[{"href":"https:\/\/www.meydan.tv\/az\/wp-json\/wp\/v2\/media?parent=196701"}],"wp:term":[{"taxonomy":"category","embeddable":true,"href":"https:\/\/www.meydan.tv\/az\/wp-json\/wp\/v2\/categories?post=196701"},{"taxonomy":"post_tag","embeddable":true,"href":"https:\/\/www.meydan.tv\/az\/wp-json\/wp\/v2\/tags?post=196701"}],"curies":[{"name":"wp","href":"https:\/\/api.w.org\/{rel}","templated":true}]}}