{"id":196690,"date":"2019-08-24T15:10:15","date_gmt":"2019-08-24T15:10:15","guid":{"rendered":"https:\/\/www.meydan.tv\/article\/ovladlarimin-ucu-de-xestedir-dovletden-hec-bir-qaygi-gormuruk\/"},"modified":"2019-08-24T15:10:15","modified_gmt":"2019-08-24T15:10:15","slug":"ovladlarimin-ucu-de-xestedir-dovletden-hec-bir-qaygi-gormuruk","status":"publish","type":"post","link":"https:\/\/www.meydan.tv\/az\/article\/ovladlarimin-ucu-de-xestedir-dovletden-hec-bir-qaygi-gormuruk\/","title":{"rendered":"\u201c\u00d6vladlar\u0131m\u0131n \u00fc\u00e7\u00fc d\u0259 x\u0259st\u0259dir, d\u00f6vl\u0259td\u0259n he\u00e7 bir qay\u011f\u0131 g\u00f6rm\u00fcr\u00fck\u201d"},"content":{"rendered":"<p>\n  <i><br \/>\n    \u015eamax\u0131 sakini x\u0259st\u0259likd\u0259n \u0259ziyy\u0259t \u00e7\u0259k\u0259n u\u015faqlar\u0131na \u0259lillik d\u0259r\u0259c\u0259si ala bilm\u0259diyini deyir<br \/>\n  <\/i>\n<\/p>\n<p>\n  \u201c\u00d6vladlar\u0131m\u0131n \u00fc\u00e7\u00fc d\u0259 x\u0259st\u0259dir, bir ana \u00fc\u00e7\u00fcn bundan a\u011f\u0131r d\u0259rd ola bilm\u0259z. D\u00f6ym\u0259diyim qap\u0131 qalmay\u0131b, amma bir anan\u0131n f\u0259ryad\u0131na qulaq asan yoxdur. B\u0259z\u0259n \u00f6z\u00fcm\u0259 nifr\u0259t edir\u0259m, d\u00fc\u015f\u00fcn\u00fcr\u0259m ki, h\u0259yatda ya\u015fama\u011f\u0131ma d\u0259ym\u0259z\u201d.\n<\/p>\n<p>\n  48 ya\u015fl\u0131 \u015eamax\u0131 \u015f\u0259h\u0259r sakini \u015e\u0259hla S\u0259ttar q\u0131z\u0131 Veyisova bel\u0259 deyir. Onun s\u00f6zl\u0259rin\u0259 g\u00f6r\u0259, \u00f6vladlar\u0131 &#8211; Kamran Veyisov (25 ya\u015f), K\u0259nan Veyisov (23 ya\u015f) \u0259qli, q\u0131z\u0131 K\u0259mal\u0259 Veyisova (19 ya\u015f) is\u0259 h\u0259m \u0259qli, h\u0259m d\u0259 fiziki q\u00fcsurludur:\n<\/p>\n<p>\n  \u201cH\u0259r \u00fc\u00e7 u\u015fa\u011f\u0131m beyinl\u0259 \u0259laq\u0259dar x\u0259st\u0259likd\u0259n \u0259ziyy\u0259t \u00e7\u0259kir. B\u00f6y\u00fck o\u011flumla, q\u0131z\u0131mda epilepsiya x\u0259st\u0259liyidir. Onlar 12-14 ya\u015f\u0131nad\u0259k sa\u011flam idil\u0259r. Bu ya\u015f d\u00f6vr\u00fcn\u00fc ke\u00e7\u0259nd\u0259n sonra h\u0259r ikisind\u0259 problem yarand\u0131. B\u00f6y\u00fck o\u011flum bir ya\u015f\u0131 olanda, atas\u0131 i\u015f\u0259 gedirdi, arxas\u0131nca qa\u00e7anda, y\u0131x\u0131ld\u0131, aya\u011f\u0131 s\u0131nd\u0131. Bir m\u00fcdd\u0259t gipsd\u0259 qald\u0131, o zaman k\u00f6rp\u0259 b\u0259rk qorxdu. Aya\u011f\u0131 sa\u011fald\u0131, amma 14 ya\u015f\u0131ndan sonra ba\u015flad\u0131 aradabir qorxu ke\u00e7irm\u0259y\u0259. 20 ya\u015f\u0131 olanda y\u0131x\u0131ld\u0131, qab\u0131r\u011fas\u0131 \u00e7atlad\u0131. Bundan sonra u\u015faqda intensiv epileptik tutmalar ba\u015flad\u0131.\n<\/p>\n<p>\n  \u0130kinci o\u011flum sapsa\u011flam idi, 12 ya\u015f\u0131 olanda, gec\u0259 vaxt\u0131 t\u0259xmin\u0259n 1,5 metr h\u00fcnd\u00fcrl\u00fcy\u00fcnd\u0259 hasardan y\u0131x\u0131ld\u0131. \u015eamax\u0131 Rayon X\u0259st\u0259xanas\u0131na apard\u0131q. U\u015faq iki g\u00fcn komada qald\u0131, ay\u0131landa da he\u00e7 kimi tan\u0131mad\u0131. X\u0259st\u0259xanadan g\u00f6nd\u0259ri\u015f v\u0259r\u0259q\u0259si ist\u0259dik ki, o\u011flumu Bak\u0131ya aparaq. Lakin verm\u0259dil\u0259r, dedil\u0259r ki, \u00f6z\u00fcm\u00fcz m\u00fcalic\u0259 ed\u0259c\u0259yik. O\u011flum bir ay h\u0259min x\u0259st\u0259xanada yatd\u0131, amma n\u0259tic\u0259si olmad\u0131. \u0130ndi 23 ya\u015f\u0131 var, ist\u0259yir ki, n\u0259s\u0259 aktiv bir h\u0259r\u0259k\u0259t el\u0259sin, ba\u015f\u0131 gic\u0259ll\u0259nir, ba\u015f\u0131n\u0131 yer\u0259 qoyur, m\u0259d\u0259si bulanma\u011fa ba\u015flay\u0131r. A\u011fr\u0131dan q\u0131vr\u0131l\u0131r, ba\u015f\u0131n\u0131 tutub qal\u0131r. \u0130rana apard\u0131q, h\u0259kiml\u0259r dedil\u0259r ki, beynind\u0259 qan laxtalan\u0131b. \u018fm\u0259liyyat olunub, laxta qan t\u0259mizl\u0259n\u0259rs\u0259 d\u00fcz\u0259l\u0259c\u0259k. M\u0259nim \u0259m\u0259liyyata maddi imkan\u0131m \u00e7atmad\u0131\u201d.\n<\/p>\n<p>\n  \u015e\u0259hla Veyisova taleyind\u0259n \u015fikay\u0259tl\u0259nir. Deyir ki, h\u0259yat m\u0259nim \u00fc\u00e7\u00fcn qarmaqar\u0131\u015f\u0131q oldu, \u00f6vlad sar\u0131dan \u00fcz\u00fcm g\u00fclm\u0259di:\n<\/p>\n<p>\n  \u201cU\u015faqlar\u0131m\u0131n x\u0259st\u0259liyin\u0259 g\u00f6r\u0259 ba\u015fqa he\u00e7 n\u0259 d\u00fc\u015f\u00fcn\u0259 bilmir\u0259m. D\u0259rdi-s\u0259rd\u0259n yorulmu\u015fam. Q\u0131z\u0131m e\u015fidir, amma dan\u0131\u015fa bilmir. Alt\u0131 ay \u00f6nc\u0259 Bak\u0131dak\u0131 \u00f6z\u0259l x\u0259st\u0259xanalardan birin\u0259 apard\u0131q, qan analizi al\u0131nd\u0131, T\u00fcrkiy\u0259y\u0259 g\u00f6nd\u0259rildi. Cavab\u0131 g\u0259ldi, h\u0259kiml\u0259r son n\u0259tic\u0259 olaraq dedil\u0259r ki, u\u015fa\u011f\u0131n x\u0259st\u0259liyi hidrosefaliyad\u0131r. M\u00fcalic\u0259si d\u0259 yaln\u0131z c\u0259rrahi \u00fcsullad\u0131r. U\u015fa\u011f\u0131n beynind\u0259 \u015funtlama \u0259m\u0259liyyat\u0131 olunacaq, 14 g\u00fcn m\u00fcdd\u0259tind\u0259 tam sa\u011falacaq. Bu \u0259m\u0259liyyat \u00fc\u00e7\u00fcn d\u0259 iyirmi be\u015f min manat pul oxundu. M\u0259nim d\u0259 bu q\u0259d\u0259r\u0259 g\u00fcc\u00fcm \u00e7atmad\u0131, u\u015fa\u011f\u0131m\u0131 g\u00f6t\u00fcr\u00fcb \u015eamax\u0131ya qay\u0131td\u0131m. Q\u0131z\u0131m\u0131n s\u0259hh\u0259ti getdikc\u0259 pisl\u0259\u015fir, gec\u0259l\u0259r yatanda sidiyini tuta bilmir, yeri\u015fi pozulub, \u0259qli z\u0259ifliyi daha da art\u0131b. Yem\u0259yini \u00f6z\u00fcm \u0259liml\u0259 yedizdirir\u0259m\u201d.\n<\/p>\n<p>\n  \u015eikay\u0259t\u00e7inin bildirdiyin\u0259 g\u00f6r\u0259, sa\u011flaml\u0131q imkanlar\u0131 m\u0259hdud olan u\u015faqlar\u0131na g\u00f6r\u0259 18 ya\u015fad\u0259k sosial m\u00fcavin\u0259t al\u0131b. M\u00fcavin\u0259t ya\u015f\u0131 bit\u0259nd\u0259n sonra x\u0259st\u0259liy\u0259 g\u00f6r\u0259 \u0259lillik d\u0259r\u0259c\u0259si almaq ist\u0259s\u0259 d\u0259, bu m\u00fcmk\u00fcn olmay\u0131b:\n<\/p>\n<p>\n  \u201cU\u015faqlara \u0259lillik d\u0259r\u0259c\u0259si almaq ist\u0259yirik, amma bizim i\u015fimiz\u0259 baxan yoxdur. 2015-ci ild\u0259 o\u011flumun \u0259sg\u0259rlik vaxt\u0131 \u00e7atd\u0131, ona veril\u0259n m\u00fcavin\u0259t dayand\u0131r\u0131ld\u0131. 2018-ci ild\u0259 q\u0131z\u0131m\u0131n 18 ya\u015f\u0131 tamam oldu\u011funa g\u00f6r\u0259 onun da m\u00fcavin\u0259ti dayand\u0131r\u0131ld\u0131. Hara m\u00fcraci\u0259t edir\u0259m, bu i\u015f\u0259 baxan yoxdur. U\u015faqlar\u0131m x\u0259st\u0259 oldu\u011fu halda, d\u00f6vl\u0259t t\u0259r\u0259find\u0259n he\u00e7 bir qay\u011f\u0131 v\u0259 diqq\u0259t g\u00f6st\u0259rilmir. Bu d\u00f6vl\u0259tin yiy\u0259si varsa, g\u00f6rs\u00fcnl\u0259r ki, bu u\u015faqlar niy\u0259 bel\u0259dir? N\u0259 \u015eamax\u0131 Rayon M\u00fcalic\u0259 Diaqnostika M\u0259rk\u0259zind\u0259, n\u0259 d\u0259 D\u00f6vl\u0259t Sosial M\u00fcdafi\u0259 Fondunun \u015eamax\u0131 Rayon \u015e\u00f6b\u0259sind\u0259 problemimiz\u0259 baxm\u0131rlar.\n<\/p>\n<p>\n  S\u0259hiyy\u0259 Nazirliyin\u0259 yazd\u0131m, dedil\u0259r ki, u\u015faqlar \u015eamax\u0131 Rayon M\u00fcalic\u0259 Diaqnostika M\u0259rk\u0259zind\u0259 m\u00fcalic\u0259 olunmal\u0131d\u0131r. X\u0259st\u0259xanan\u0131n ba\u015f h\u0259kimi d\u0259 dedi ki, sizin h\u0259r \u00fc\u00e7 \u00f6vlad\u0131n\u0131z\u0131n m\u00fcalic\u0259sini qar\u015f\u0131lamaq imkan\u0131m\u0131z yoxdur. Yax\u015f\u0131 bilirsiniz ki, haz\u0131rda Az\u0259rbaycanda ya\u015famaq \u00e7ox \u00e7\u0259tindir, dolan\u0131\u015f\u0131q yoxdur. \u00dc\u00e7 x\u0259st\u0259 \u00f6vlad\u0131n h\u0259r\u0259sinin d\u0259rman\u0131na h\u0259r ay ayr\u0131-ayr\u0131l\u0131qda iki y\u00fcz manat x\u0259rcl\u0259yir\u0259m. Yolda\u015f\u0131m f\u0259hl\u0259 i\u015fl\u0259yir, bo\u011faz\u0131m\u0131zdan k\u0259sib, u\u015faqlar\u0131n m\u00fcalic\u0259sin\u0259 x\u0259rcl\u0259yirik ki, n\u0259 q\u0259d\u0259r \u00f6mr\u00fcm\u00fcz var, onlar ya\u015fas\u0131nlar. Yaln\u0131z b\u00f6y\u00fck o\u011fluma g\u00f6r\u0259 y\u00fcz otuz manat t\u0259qa\u00fcd al\u0131ram\u201d.\n<\/p>\n<p>\n  \u015eamax\u0131 Rayon M\u00fcalic\u0259 Diaqnostika M\u0259rk\u0259zi il\u0259 d\u0259f\u0259l\u0259rl\u0259 \u0259laq\u0259 saxlamaq c\u0259hdl\u0259rimiz bo\u015fa \u00e7\u0131x\u0131b.\n<\/p>\n<p>\n  D\u00f6vl\u0259t Sosial M\u00fcdafi\u0259 Fondunun \u015eamax\u0131 Rayon \u015e\u00f6b\u0259sind\u0259n Meydan TV-y\u0259 bildirilib ki, \u0259lillik d\u0259r\u0259c\u0259si m\u00fc\u0259yy\u0259n olundu\u011fu t\u0259qdird\u0259 m\u00fcavin\u0259t ayr\u0131la bil\u0259r:\n<\/p>\n<p>\n  \u201c18 ya\u015fdan sonra tibbi ekspert komissiyas\u0131 t\u0259r\u0259find\u0259n x\u0259st\u0259liy\u0259 uy\u011fun \u0259lillik d\u0259r\u0259c\u0259si verilir. X\u0259st\u0259liyin d\u0259r\u0259c\u0259sin\u0259 uy\u011fun olaraq da sosial m\u00fcavin\u0259t t\u0259yin olunur\u201d.<\/p>\n","protected":false},"excerpt":{"rendered":"<p>\u0130kinci o\u011flum sapsa\u011flam idi, 12 ya\u015f\u0131 olanda, gec\u0259 vaxt\u0131 t\u0259xmin\u0259n 1,5 metr h\u00fcnd\u00fcrl\u00fcy\u00fcnd\u0259 hasardan y\u0131x\u0131ld\u0131<\/p>\n","protected":false},"author":11,"featured_media":128580,"comment_status":"closed","ping_status":"open","sticky":false,"template":"","format":"standard","meta":{"_acf_changed":false,"_sitemap_exclude":false,"_sitemap_priority":"","_sitemap_frequency":"","footnotes":""},"categories":[60],"tags":[],"class_list":["post-196690","post","type-post","status-publish","format-standard","has-post-thumbnail","hentry","category-bolge","infinite-scroll-item","generate-columns","tablet-grid-50","mobile-grid-100","grid-parent","grid-33","no-featured-image-padding"],"acf":[],"yoast_head":"<!-- This site is optimized with the Yoast SEO plugin v27.5 - https:\/\/yoast.com\/product\/yoast-seo-wordpress\/ -->\n<title>\u201c\u00d6vladlar\u0131m\u0131n \u00fc\u00e7\u00fc d\u0259 x\u0259st\u0259dir, d\u00f6vl\u0259td\u0259n he\u00e7 bir qay\u011f\u0131 g\u00f6rm\u00fcr\u00fck\u201d - MEYDAN.TV<\/title>\n<meta name=\"robots\" content=\"index, follow, max-snippet:-1, max-image-preview:large, max-video-preview:-1\" \/>\n<link rel=\"canonical\" href=\"https:\/\/www.meydan.tv\/az\/article\/ovladlarimin-ucu-de-xestedir-dovletden-hec-bir-qaygi-gormuruk\/\" \/>\n<meta property=\"og:locale\" content=\"az_AZ\" \/>\n<meta property=\"og:type\" content=\"article\" \/>\n<meta property=\"og:title\" content=\"\u201c\u00d6vladlar\u0131m\u0131n \u00fc\u00e7\u00fc d\u0259 x\u0259st\u0259dir, d\u00f6vl\u0259td\u0259n he\u00e7 bir qay\u011f\u0131 g\u00f6rm\u00fcr\u00fck\u201d - MEYDAN.TV\" \/>\n<meta property=\"og:description\" content=\"\u0130kinci o\u011flum sapsa\u011flam idi, 12 ya\u015f\u0131 olanda, gec\u0259 vaxt\u0131 t\u0259xmin\u0259n 1,5 metr h\u00fcnd\u00fcrl\u00fcy\u00fcnd\u0259 hasardan y\u0131x\u0131ld\u0131\" \/>\n<meta property=\"og:url\" content=\"https:\/\/www.meydan.tv\/az\/article\/ovladlarimin-ucu-de-xestedir-dovletden-hec-bir-qaygi-gormuruk\/\" \/>\n<meta property=\"og:site_name\" content=\"MEYDAN.TV\" \/>\n<meta property=\"article:published_time\" content=\"2019-08-24T15:10:15+00:00\" \/>\n<meta property=\"og:image\" content=\"https:\/\/www.meydan.tv\/wp-content\/uploads\/copy_of_untitled_design_720.png\" \/>\n\t<meta property=\"og:image:width\" content=\"853\" \/>\n\t<meta property=\"og:image:height\" content=\"480\" \/>\n\t<meta property=\"og:image:type\" content=\"image\/png\" \/>\n<meta name=\"author\" content=\"user-manager\" \/>\n<meta name=\"twitter:card\" content=\"summary_large_image\" \/>\n<script type=\"application\/ld+json\" class=\"yoast-schema-graph\">{\"@context\":\"https:\\\/\\\/schema.org\",\"@graph\":[{\"@type\":\"Article\",\"@id\":\"https:\\\/\\\/www.meydan.tv\\\/az\\\/article\\\/ovladlarimin-ucu-de-xestedir-dovletden-hec-bir-qaygi-gormuruk\\\/#article\",\"isPartOf\":{\"@id\":\"https:\\\/\\\/www.meydan.tv\\\/az\\\/article\\\/ovladlarimin-ucu-de-xestedir-dovletden-hec-bir-qaygi-gormuruk\\\/\"},\"author\":{\"name\":\"user-manager\",\"@id\":\"https:\\\/\\\/www.meydan.tv\\\/az\\\/#\\\/schema\\\/person\\\/10d11eccf6da3662cf5fdab9806ea91a\"},\"headline\":\"\u201c\u00d6vladlar\u0131m\u0131n \u00fc\u00e7\u00fc d\u0259 x\u0259st\u0259dir, d\u00f6vl\u0259td\u0259n he\u00e7 bir qay\u011f\u0131 g\u00f6rm\u00fcr\u00fck\u201d\",\"datePublished\":\"2019-08-24T15:10:15+00:00\",\"mainEntityOfPage\":{\"@id\":\"https:\\\/\\\/www.meydan.tv\\\/az\\\/article\\\/ovladlarimin-ucu-de-xestedir-dovletden-hec-bir-qaygi-gormuruk\\\/\"},\"wordCount\":1047,\"publisher\":{\"@id\":\"https:\\\/\\\/www.meydan.tv\\\/az\\\/#organization\"},\"image\":{\"@id\":\"https:\\\/\\\/www.meydan.tv\\\/az\\\/article\\\/ovladlarimin-ucu-de-xestedir-dovletden-hec-bir-qaygi-gormuruk\\\/#primaryimage\"},\"thumbnailUrl\":\"https:\\\/\\\/www.meydan.tv\\\/wp-content\\\/uploads\\\/copy_of_untitled_design_720.png\",\"articleSection\":[\"B\u00f6lg\u0259\"],\"inLanguage\":\"az\"},{\"@type\":\"WebPage\",\"@id\":\"https:\\\/\\\/www.meydan.tv\\\/az\\\/article\\\/ovladlarimin-ucu-de-xestedir-dovletden-hec-bir-qaygi-gormuruk\\\/\",\"url\":\"https:\\\/\\\/www.meydan.tv\\\/az\\\/article\\\/ovladlarimin-ucu-de-xestedir-dovletden-hec-bir-qaygi-gormuruk\\\/\",\"name\":\"\u201c\u00d6vladlar\u0131m\u0131n \u00fc\u00e7\u00fc d\u0259 x\u0259st\u0259dir, d\u00f6vl\u0259td\u0259n he\u00e7 bir qay\u011f\u0131 g\u00f6rm\u00fcr\u00fck\u201d - MEYDAN.TV\",\"isPartOf\":{\"@id\":\"https:\\\/\\\/www.meydan.tv\\\/az\\\/#website\"},\"primaryImageOfPage\":{\"@id\":\"https:\\\/\\\/www.meydan.tv\\\/az\\\/article\\\/ovladlarimin-ucu-de-xestedir-dovletden-hec-bir-qaygi-gormuruk\\\/#primaryimage\"},\"image\":{\"@id\":\"https:\\\/\\\/www.meydan.tv\\\/az\\\/article\\\/ovladlarimin-ucu-de-xestedir-dovletden-hec-bir-qaygi-gormuruk\\\/#primaryimage\"},\"thumbnailUrl\":\"https:\\\/\\\/www.meydan.tv\\\/wp-content\\\/uploads\\\/copy_of_untitled_design_720.png\",\"datePublished\":\"2019-08-24T15:10:15+00:00\",\"breadcrumb\":{\"@id\":\"https:\\\/\\\/www.meydan.tv\\\/az\\\/article\\\/ovladlarimin-ucu-de-xestedir-dovletden-hec-bir-qaygi-gormuruk\\\/#breadcrumb\"},\"inLanguage\":\"az\",\"potentialAction\":[{\"@type\":\"ReadAction\",\"target\":[\"https:\\\/\\\/www.meydan.tv\\\/az\\\/article\\\/ovladlarimin-ucu-de-xestedir-dovletden-hec-bir-qaygi-gormuruk\\\/\"]}]},{\"@type\":\"ImageObject\",\"inLanguage\":\"az\",\"@id\":\"https:\\\/\\\/www.meydan.tv\\\/az\\\/article\\\/ovladlarimin-ucu-de-xestedir-dovletden-hec-bir-qaygi-gormuruk\\\/#primaryimage\",\"url\":\"https:\\\/\\\/www.meydan.tv\\\/wp-content\\\/uploads\\\/copy_of_untitled_design_720.png\",\"contentUrl\":\"https:\\\/\\\/www.meydan.tv\\\/wp-content\\\/uploads\\\/copy_of_untitled_design_720.png\",\"width\":853,\"height\":480,\"caption\":\"Source: meydan.tv\"},{\"@type\":\"BreadcrumbList\",\"@id\":\"https:\\\/\\\/www.meydan.tv\\\/az\\\/article\\\/ovladlarimin-ucu-de-xestedir-dovletden-hec-bir-qaygi-gormuruk\\\/#breadcrumb\",\"itemListElement\":[{\"@type\":\"ListItem\",\"position\":1,\"name\":\"Ana s\u0259hif\u0259\",\"item\":\"https:\\\/\\\/www.meydan.tv\\\/az\\\/\"},{\"@type\":\"ListItem\",\"position\":2,\"name\":\"B\u00f6lg\u0259\",\"item\":\"https:\\\/\\\/www.meydan.tv\\\/az\\\/section\\\/bolge\\\/\"},{\"@type\":\"ListItem\",\"position\":3,\"name\":\"\u201c\u00d6vladlar\u0131m\u0131n \u00fc\u00e7\u00fc d\u0259 x\u0259st\u0259dir, d\u00f6vl\u0259td\u0259n he\u00e7 bir qay\u011f\u0131 g\u00f6rm\u00fcr\u00fck\u201d\"}]},{\"@type\":\"WebSite\",\"@id\":\"https:\\\/\\\/www.meydan.tv\\\/az\\\/#website\",\"url\":\"https:\\\/\\\/www.meydan.tv\\\/az\\\/\",\"name\":\"MEYDAN.TV\",\"description\":\"Meydan TV Az\u0259rbaycan\u0131n media m\u0259kan\u0131ndak\u0131 alternativ s\u0259sidir\",\"publisher\":{\"@id\":\"https:\\\/\\\/www.meydan.tv\\\/az\\\/#organization\"},\"potentialAction\":[{\"@type\":\"SearchAction\",\"target\":{\"@type\":\"EntryPoint\",\"urlTemplate\":\"https:\\\/\\\/www.meydan.tv\\\/az\\\/?s={search_term_string}\"},\"query-input\":{\"@type\":\"PropertyValueSpecification\",\"valueRequired\":true,\"valueName\":\"search_term_string\"}}],\"inLanguage\":\"az\"},{\"@type\":\"Organization\",\"@id\":\"https:\\\/\\\/www.meydan.tv\\\/az\\\/#organization\",\"name\":\"Meydan TV\",\"url\":\"https:\\\/\\\/www.meydan.tv\\\/az\\\/\",\"logo\":{\"@type\":\"ImageObject\",\"inLanguage\":\"az\",\"@id\":\"https:\\\/\\\/www.meydan.tv\\\/az\\\/#\\\/schema\\\/logo\\\/image\\\/\",\"url\":\"https:\\\/\\\/www.meydan.tv\\\/wp-content\\\/uploads\\\/2021\\\/07\\\/meydan-logo.svg\",\"contentUrl\":\"https:\\\/\\\/www.meydan.tv\\\/wp-content\\\/uploads\\\/2021\\\/07\\\/meydan-logo.svg\",\"width\":195,\"height\":46,\"caption\":\"Meydan TV\"},\"image\":{\"@id\":\"https:\\\/\\\/www.meydan.tv\\\/az\\\/#\\\/schema\\\/logo\\\/image\\\/\"}},{\"@type\":\"Person\",\"@id\":\"https:\\\/\\\/www.meydan.tv\\\/az\\\/#\\\/schema\\\/person\\\/10d11eccf6da3662cf5fdab9806ea91a\",\"name\":\"user-manager\"}]}<\/script>\n<!-- \/ Yoast SEO plugin. -->","yoast_head_json":{"title":"\u201c\u00d6vladlar\u0131m\u0131n \u00fc\u00e7\u00fc d\u0259 x\u0259st\u0259dir, d\u00f6vl\u0259td\u0259n he\u00e7 bir qay\u011f\u0131 g\u00f6rm\u00fcr\u00fck\u201d - MEYDAN.TV","robots":{"index":"index","follow":"follow","max-snippet":"max-snippet:-1","max-image-preview":"max-image-preview:large","max-video-preview":"max-video-preview:-1"},"canonical":"https:\/\/www.meydan.tv\/az\/article\/ovladlarimin-ucu-de-xestedir-dovletden-hec-bir-qaygi-gormuruk\/","og_locale":"az_AZ","og_type":"article","og_title":"\u201c\u00d6vladlar\u0131m\u0131n \u00fc\u00e7\u00fc d\u0259 x\u0259st\u0259dir, d\u00f6vl\u0259td\u0259n he\u00e7 bir qay\u011f\u0131 g\u00f6rm\u00fcr\u00fck\u201d - MEYDAN.TV","og_description":"\u0130kinci o\u011flum sapsa\u011flam idi, 12 ya\u015f\u0131 olanda, gec\u0259 vaxt\u0131 t\u0259xmin\u0259n 1,5 metr h\u00fcnd\u00fcrl\u00fcy\u00fcnd\u0259 hasardan y\u0131x\u0131ld\u0131","og_url":"https:\/\/www.meydan.tv\/az\/article\/ovladlarimin-ucu-de-xestedir-dovletden-hec-bir-qaygi-gormuruk\/","og_site_name":"MEYDAN.TV","article_published_time":"2019-08-24T15:10:15+00:00","og_image":[{"width":853,"height":480,"url":"https:\/\/www.meydan.tv\/wp-content\/uploads\/copy_of_untitled_design_720.png","type":"image\/png"}],"author":"user-manager","twitter_card":"summary_large_image","schema":{"@context":"https:\/\/schema.org","@graph":[{"@type":"Article","@id":"https:\/\/www.meydan.tv\/az\/article\/ovladlarimin-ucu-de-xestedir-dovletden-hec-bir-qaygi-gormuruk\/#article","isPartOf":{"@id":"https:\/\/www.meydan.tv\/az\/article\/ovladlarimin-ucu-de-xestedir-dovletden-hec-bir-qaygi-gormuruk\/"},"author":{"name":"user-manager","@id":"https:\/\/www.meydan.tv\/az\/#\/schema\/person\/10d11eccf6da3662cf5fdab9806ea91a"},"headline":"\u201c\u00d6vladlar\u0131m\u0131n \u00fc\u00e7\u00fc d\u0259 x\u0259st\u0259dir, d\u00f6vl\u0259td\u0259n he\u00e7 bir qay\u011f\u0131 g\u00f6rm\u00fcr\u00fck\u201d","datePublished":"2019-08-24T15:10:15+00:00","mainEntityOfPage":{"@id":"https:\/\/www.meydan.tv\/az\/article\/ovladlarimin-ucu-de-xestedir-dovletden-hec-bir-qaygi-gormuruk\/"},"wordCount":1047,"publisher":{"@id":"https:\/\/www.meydan.tv\/az\/#organization"},"image":{"@id":"https:\/\/www.meydan.tv\/az\/article\/ovladlarimin-ucu-de-xestedir-dovletden-hec-bir-qaygi-gormuruk\/#primaryimage"},"thumbnailUrl":"https:\/\/www.meydan.tv\/wp-content\/uploads\/copy_of_untitled_design_720.png","articleSection":["B\u00f6lg\u0259"],"inLanguage":"az"},{"@type":"WebPage","@id":"https:\/\/www.meydan.tv\/az\/article\/ovladlarimin-ucu-de-xestedir-dovletden-hec-bir-qaygi-gormuruk\/","url":"https:\/\/www.meydan.tv\/az\/article\/ovladlarimin-ucu-de-xestedir-dovletden-hec-bir-qaygi-gormuruk\/","name":"\u201c\u00d6vladlar\u0131m\u0131n \u00fc\u00e7\u00fc d\u0259 x\u0259st\u0259dir, d\u00f6vl\u0259td\u0259n he\u00e7 bir qay\u011f\u0131 g\u00f6rm\u00fcr\u00fck\u201d - MEYDAN.TV","isPartOf":{"@id":"https:\/\/www.meydan.tv\/az\/#website"},"primaryImageOfPage":{"@id":"https:\/\/www.meydan.tv\/az\/article\/ovladlarimin-ucu-de-xestedir-dovletden-hec-bir-qaygi-gormuruk\/#primaryimage"},"image":{"@id":"https:\/\/www.meydan.tv\/az\/article\/ovladlarimin-ucu-de-xestedir-dovletden-hec-bir-qaygi-gormuruk\/#primaryimage"},"thumbnailUrl":"https:\/\/www.meydan.tv\/wp-content\/uploads\/copy_of_untitled_design_720.png","datePublished":"2019-08-24T15:10:15+00:00","breadcrumb":{"@id":"https:\/\/www.meydan.tv\/az\/article\/ovladlarimin-ucu-de-xestedir-dovletden-hec-bir-qaygi-gormuruk\/#breadcrumb"},"inLanguage":"az","potentialAction":[{"@type":"ReadAction","target":["https:\/\/www.meydan.tv\/az\/article\/ovladlarimin-ucu-de-xestedir-dovletden-hec-bir-qaygi-gormuruk\/"]}]},{"@type":"ImageObject","inLanguage":"az","@id":"https:\/\/www.meydan.tv\/az\/article\/ovladlarimin-ucu-de-xestedir-dovletden-hec-bir-qaygi-gormuruk\/#primaryimage","url":"https:\/\/www.meydan.tv\/wp-content\/uploads\/copy_of_untitled_design_720.png","contentUrl":"https:\/\/www.meydan.tv\/wp-content\/uploads\/copy_of_untitled_design_720.png","width":853,"height":480,"caption":"Source: meydan.tv"},{"@type":"BreadcrumbList","@id":"https:\/\/www.meydan.tv\/az\/article\/ovladlarimin-ucu-de-xestedir-dovletden-hec-bir-qaygi-gormuruk\/#breadcrumb","itemListElement":[{"@type":"ListItem","position":1,"name":"Ana s\u0259hif\u0259","item":"https:\/\/www.meydan.tv\/az\/"},{"@type":"ListItem","position":2,"name":"B\u00f6lg\u0259","item":"https:\/\/www.meydan.tv\/az\/section\/bolge\/"},{"@type":"ListItem","position":3,"name":"\u201c\u00d6vladlar\u0131m\u0131n \u00fc\u00e7\u00fc d\u0259 x\u0259st\u0259dir, d\u00f6vl\u0259td\u0259n he\u00e7 bir qay\u011f\u0131 g\u00f6rm\u00fcr\u00fck\u201d"}]},{"@type":"WebSite","@id":"https:\/\/www.meydan.tv\/az\/#website","url":"https:\/\/www.meydan.tv\/az\/","name":"MEYDAN.TV","description":"Meydan TV Az\u0259rbaycan\u0131n media m\u0259kan\u0131ndak\u0131 alternativ s\u0259sidir","publisher":{"@id":"https:\/\/www.meydan.tv\/az\/#organization"},"potentialAction":[{"@type":"SearchAction","target":{"@type":"EntryPoint","urlTemplate":"https:\/\/www.meydan.tv\/az\/?s={search_term_string}"},"query-input":{"@type":"PropertyValueSpecification","valueRequired":true,"valueName":"search_term_string"}}],"inLanguage":"az"},{"@type":"Organization","@id":"https:\/\/www.meydan.tv\/az\/#organization","name":"Meydan TV","url":"https:\/\/www.meydan.tv\/az\/","logo":{"@type":"ImageObject","inLanguage":"az","@id":"https:\/\/www.meydan.tv\/az\/#\/schema\/logo\/image\/","url":"https:\/\/www.meydan.tv\/wp-content\/uploads\/2021\/07\/meydan-logo.svg","contentUrl":"https:\/\/www.meydan.tv\/wp-content\/uploads\/2021\/07\/meydan-logo.svg","width":195,"height":46,"caption":"Meydan TV"},"image":{"@id":"https:\/\/www.meydan.tv\/az\/#\/schema\/logo\/image\/"}},{"@type":"Person","@id":"https:\/\/www.meydan.tv\/az\/#\/schema\/person\/10d11eccf6da3662cf5fdab9806ea91a","name":"user-manager"}]}},"_links":{"self":[{"href":"https:\/\/www.meydan.tv\/az\/wp-json\/wp\/v2\/posts\/196690","targetHints":{"allow":["GET"]}}],"collection":[{"href":"https:\/\/www.meydan.tv\/az\/wp-json\/wp\/v2\/posts"}],"about":[{"href":"https:\/\/www.meydan.tv\/az\/wp-json\/wp\/v2\/types\/post"}],"author":[{"embeddable":true,"href":"https:\/\/www.meydan.tv\/az\/wp-json\/wp\/v2\/users\/11"}],"replies":[{"embeddable":true,"href":"https:\/\/www.meydan.tv\/az\/wp-json\/wp\/v2\/comments?post=196690"}],"version-history":[{"count":0,"href":"https:\/\/www.meydan.tv\/az\/wp-json\/wp\/v2\/posts\/196690\/revisions"}],"wp:featuredmedia":[{"embeddable":true,"href":"https:\/\/www.meydan.tv\/az\/wp-json\/wp\/v2\/media\/128580"}],"wp:attachment":[{"href":"https:\/\/www.meydan.tv\/az\/wp-json\/wp\/v2\/media?parent=196690"}],"wp:term":[{"taxonomy":"category","embeddable":true,"href":"https:\/\/www.meydan.tv\/az\/wp-json\/wp\/v2\/categories?post=196690"},{"taxonomy":"post_tag","embeddable":true,"href":"https:\/\/www.meydan.tv\/az\/wp-json\/wp\/v2\/tags?post=196690"}],"curies":[{"name":"wp","href":"https:\/\/api.w.org\/{rel}","templated":true}]}}