{"id":196676,"date":"2019-08-23T11:50:07","date_gmt":"2019-08-23T11:50:07","guid":{"rendered":"https:\/\/www.meydan.tv\/article\/geceler-corek-sexinde-isleyen-muellime\/"},"modified":"2019-08-23T11:50:07","modified_gmt":"2019-08-23T11:50:07","slug":"geceler-corek-sexinde-isleyen-muellime","status":"publish","type":"post","link":"https:\/\/www.meydan.tv\/az\/article\/geceler-corek-sexinde-isleyen-muellime\/","title":{"rendered":"Gec\u0259l\u0259r \u00e7\u00f6r\u0259k sexind\u0259 i\u015fl\u0259y\u0259n m\u00fc\u0259llim\u0259"},"content":{"rendered":"<p>\n  <i><br \/>\n    Dolan\u0131\u015f\u0131\u011fa g\u00f6r\u0259 u\u015faqlar\u0131n\u0131 internata verib<br \/>\n  <\/i>\n<\/p>\n<p>\n  Salyan\u0131n Arbatan k\u0259ndind\u0259 ana dili v\u0259 \u0259d\u0259biyyat f\u0259nl\u0259rind\u0259n d\u0259rs dey\u0259n Ayt\u0259n M\u0259mm\u0259dova ald\u0131\u011f\u0131 m\u0259vacibl\u0259 dolana bilmir. \u0130mkans\u0131zl\u0131qdan gec\u0259l\u0259r \u00e7\u00f6r\u0259k sexind\u0259 i\u015fl\u0259m\u0259y\u0259 m\u0259cbur qal\u0131b.\n<\/p>\n<p>\n  <i><br \/>\n    \u201cBak\u0131 D\u00f6vl\u0259t Universitetini \u00e7\u00f6r\u0259k bi\u015firm\u0259k \u00fc\u00e7\u00fcn bitirm\u0259mi\u015fdim\u201d<br \/>\n  <\/i>\n<\/p>\n<p>\n  \u00dc\u00e7 \u00f6vlad\u0131 olan Ayt\u0259n M\u0259mm\u0259dovan\u0131n evi yoxdur. H\u0259yat yolda\u015f\u0131 M\u0259ftun M\u0259mm\u0259dovun ata yurdunda onun pay\u0131na d\u00fc\u015f\u0259n ki\u00e7ik hiss\u0259d\u0259 ya\u015fay\u0131\u015f yeri d\u00fcz\u0259ltm\u0259y\u0259 \u00e7al\u0131\u015f\u0131rlar. N\u0259 hamam var, n\u0259 d\u0259 ayaqyolu. M\u0259ftun deyir ki, \u00e7imm\u0259y\u0259 h\u0259r\u0259 bir t\u0259r\u0259f\u0259 gedir: \u201cYayda, he\u00e7 olmasa, u\u015faqlar\u0131 h\u0259y\u0259td\u0259 a\u00e7\u0131q havada \u00e7imizdir\u0259 bilirik\u201d.\n<\/p>\n<p>\n  Ail\u0259nin \u0259sas y\u00fck\u00fcn\u00fc Ayt\u0259n \u00e7\u0259kir. Gec\u0259l\u0259r \u00e7\u00f6r\u0259k sexind\u0259 i\u015fl\u0259yir, h\u0259ft\u0259d\u0259 \u00fc\u00e7 g\u00fcn is\u0259 Arbatana d\u0259rs dem\u0259y\u0259 gedir: \u201cSexd\u0259 g\u00fcnorta 2-y\u0259, b\u0259z\u0259n 4-\u0259 q\u0259d\u0259r i\u015fl\u0259yir\u0259m. C\u0259mi 8 manat verirl\u0259r. Ba\u015fqa \u00e7ar\u0259m yoxdur. Ya\u015fama\u011fa, u\u015faqlara g\u00f6r\u0259 bu yolu getm\u0259y\u0259 m\u0259cburam\u201d.\n<\/p>\n<p>\n  Ayt\u0259n M\u0259mm\u0259dova \u00e7\u00f6r\u0259k sexind\u0259 i\u015fl\u0259diyin\u0259 g\u00f6r\u0259 x\u0259cal\u0259t \u00e7\u0259kdiyini deyir. \u015eagirdl\u0259rinin bundan x\u0259b\u0259ri yoxdur: \u201cM\u00fc\u0259llim yolda\u015flar\u0131m\u0131 i\u015f yerind\u0259 g\u00f6r\u0259nd\u0259 qa\u00e7\u0131b gizl\u0259nir\u0259m. Bak\u0131 D\u00f6vl\u0259t Universitetinin filologiyas\u0131n\u0131 \u00e7\u00f6r\u0259k bi\u015firm\u0259k \u00fc\u00e7\u00fcn bitirm\u0259mi\u015fdim\u201d.\n<\/p>\n<figure class=\"wp-block-image size-large\">\n  <img decoding=\"async\" src=\"https:\/\/www.meydan.tv\/az\/image_from_ios-13-jpg\/\" alt=\"image_from_ios (13).jpg\" class=\"wp-image-128496\"\/><figcaption>\n    m\u00fc\u0259llim\u0259 \u00e7\u00f6r\u0259k sexind\u0259<br \/>\n  <\/figcaption><\/figure>\n<p>\n  Ayt\u0259n \u0259vv\u0259ld\u0259n bildirir ki, \u015f\u0259klini \u00e7\u0259km\u0259mizi ist\u0259mir. M\u00fc\u0259llimin \u00e7\u00f6r\u0259k sexind\u0259 i\u015fl\u0259m\u0259sind\u0259n Salyanda \u00e7ox adam x\u0259b\u0259r tuta bil\u0259r. M\u0259ftun da bunun \u0259leyhin\u0259dir. Sonradan Ayt\u0259n buna raz\u0131l\u0131q verir.\n<\/p>\n<p>\n  \u201cOn ildir bel\u0259 dayanmadan i\u015fl\u0259yir\u0259m. H\u0259r g\u00fcn! T\u0259s\u0259vv\u00fcr el\u0259yin, on il h\u0259r g\u00fcn 15-17 saat i\u015fl\u0259m\u0259k n\u0259 dem\u0259kdi. U\u015faqlar\u0131n ac\u0131ndan \u00f6lm\u0259m\u0259si \u00fc\u00e7\u00fcn i\u015fl\u0259yir\u0259m\u201d, &#8211; bunu deyib bir m\u00fcdd\u0259t susur.\n<\/p>\n<p>\n  <i><br \/>\n    \u201cYalvard\u0131m ki, h\u0259yat yolda\u015f\u0131m\u0131 i\u015fd\u0259n \u00e7\u0131xarmay\u0131n\u201d<br \/>\n  <\/i>\n<\/p>\n<p>\n  M\u0259ftun \u0259vv\u0259ll\u0259r d\u0259miryolunda i\u015fl\u0259yirmi\u015f. Onda birt\u0259h\u0259r ke\u00e7inirl\u0259rmi\u015f. M\u0259ftun i\u015fd\u0259n \u00e7\u0131xar\u0131landan sonra v\u0259ziyy\u0259tl\u0259ri \u00e7ox a\u011f\u0131rla\u015f\u0131b. Ayt\u0259n dan\u0131\u015f\u0131r:\n<\/p>\n<p>\n  \u201cGedib yalvard\u0131m ki, h\u0259yat yolda\u015f\u0131m\u0131 i\u015fd\u0259n \u00e7\u0131xarmay\u0131n, ac\u0131ndan \u00f6l\u0259c\u0259yik. Dedim, m\u0259n d\u0259 sizin bac\u0131n\u0131z, yaz\u0131\u011f\u0131n\u0131z g\u0259lsin. S\u00f6z\u00fcm\u0259 baxan olmad\u0131\u201d.\n<\/p>\n<p>\n  M\u0259ftun deyir ki, h\u0259min g\u00fcnd\u0259n \u00e7ox \u00e7al\u0131\u015fsa da, yeni i\u015f tapa bilm\u0259yib. \u0130ndi m\u00fcxt\u0259lif yerl\u0259rd\u0259 f\u0259hl\u0259lik el\u0259yir, amma bunu da tapmaq \u00e7\u0259tindir.\n<\/p>\n<p>\n  Ayt\u0259n M\u0259mm\u0259dova Salyan Rayon \u0130cra Hakimiyy\u0259tind\u0259 ail\u0259nin v\u0259ziyy\u0259tind\u0259n x\u0259b\u0259rdar olduqlar\u0131n\u0131 bildirir: \u201cBir g\u00fcn getdim ora, dedim, xahi\u015f el\u0259yir\u0259m, t\u0259hsil \u015f\u00f6b\u0259sin\u0259 deyin ki, bir az d\u0259rs saat\u0131m\u0131 art\u0131rs\u0131nlar. Onda i\u015f\u0131qlar\u0131m\u0131z\u0131 k\u0259smi\u015fdil\u0259r. \u0130cra hakimiyy\u0259tind\u0259 m\u0259ni q\u0259bul el\u0259y\u0259n adam dedi ki, s\u0259nin yerin\u0259 i\u015f\u0131qpulu \u00f6d\u0259m\u0259liy\u0259m? Yax\u015f\u0131, b\u0259s onda icra hakimiyy\u0259ti n\u0259 \u00fc\u00e7\u00fcnd\u00fcr? Kas\u0131b, yoxsul adam ac\u0131ndan \u00f6l\u0259c\u0259k, onlar da dayan\u0131b baxacaq?\u201d.\n<\/p>\n<figure class=\"wp-block-image size-large\">\n  <img decoding=\"async\" src=\"https:\/\/www.meydan.tv\/az\/image_from_ios-6-jpg-25\/\" alt=\"image_from_ios (6).jpg\" class=\"wp-image-128475\"\/><figcaption>\n    m\u00fc\u0259llim\u0259 d\u0259rsd\u0259<br \/>\n  <\/figcaption><\/figure>\n<p>\n  Ail\u0259nin 250 manat t\u0259bii qaz borcu var. Buna g\u00f6r\u0259 g\u0259lib x\u0259tti ay\u0131r\u0131blar. M\u0259mm\u0259dovlar ail\u0259si qaz balonundan istifad\u0259 el\u0259m\u0259k m\u0259cburiyy\u0259tind\u0259 qal\u0131b.\n<\/p>\n<p>\n  Bir ne\u00e7\u0259 ay sonra q\u0131\u015f g\u0259l\u0259c\u0259k. P\u0259nc\u0259r\u0259l\u0259ri olmayan evi q\u0131zd\u0131rmaq qay\u011f\u0131s\u0131 Ayt\u0259ni, M\u0259ftunu indid\u0259n m\u0259yus el\u0259yir. \u201cAnal\u0131q el\u0259y\u0259 bilmir\u0259m u\u015fa\u011f\u0131ma\u201d Ail\u0259nini b\u00f6y\u00fck q\u0131z\u0131 Z\u0259hra M\u0259rd\u0259kandak\u0131 2 sayl\u0131 x\u00fcsusi internat m\u0259kt\u0259bind\u0259 oxuyur. Ayt\u0259n bunu x\u0259cal\u0259t \u00e7\u0259k\u0259-\u00e7\u0259k\u0259 deyir: \u201cAnal\u0131q el\u0259y\u0259 bilmir\u0259m u\u015fa\u011f\u0131ma\u201d.\n<\/p>\n<p>\n  Z\u0259hran\u0131 ora iki il \u0259vv\u0259l g\u00f6nd\u0259rm\u0259k m\u0259cburiyy\u0259tind\u0259 qal\u0131blar. \u00c7\u00fcnki m\u0259kt\u0259b x\u0259rcl\u0259rini \u00f6d\u0259y\u0259 bilmirl\u0259r, u\u015faqlar\u0131n adic\u0259 yem\u0259k qay\u011f\u0131lar\u0131 h\u0259llolunmaz g\u00f6r\u00fcn\u00fcr. \u201c\u0130lk g\u00fcnl\u0259rd\u0259 o q\u0259d\u0259r a\u011flay\u0131rd\u0131 ki&#8230; El\u0259-hey deyirdi ki, ana, dar\u0131x\u0131ram. Art\u0131q \u00f6yr\u0259\u015fib\u201d, &#8211; ana sanki \u00f6z\u00fcn\u0259 t\u0259s\u0259lli verir.\n<\/p>\n<figure class=\"wp-block-image size-large\">\n  <img decoding=\"async\" src=\"https:\/\/www.meydan.tv\/az\/image_from_ios-12-jpg-2\/\" alt=\"image_from_ios (12).jpg\" class=\"wp-image-128499\"\/><figcaption>\n    m\u00fc\u0259llim\u0259nin m\u0259nzili<br \/>\n  <\/figcaption><\/figure>\n<p>\n  Z\u0259hra m\u0259kt\u0259bd\u0259n raz\u0131d\u0131r. Amma anas\u0131, atas\u0131 \u00fc\u00e7\u00fcn dar\u0131xd\u0131\u011f\u0131n\u0131 gizl\u0259tmir. Bu haqda dan\u0131\u015fanda g\u00f6zl\u0259rin\u0259 k\u0259d\u0259r \u00e7\u00f6k\u00fcr. \u015e\u0259nb\u0259 g\u00fcnl\u0259rini xat\u0131rlay\u0131r. U\u015faqlar\u0131n \u0259ks\u0259riyy\u0259tinin yax\u0131nlar\u0131 g\u0259lib apar\u0131r. Z\u0259hra \u015f\u0259nb\u0259-bazar g\u00fcnl\u0259ri m\u0259kt\u0259bd\u0259 bir ne\u00e7\u0259 u\u015faqla qal\u0131r. Valideynl\u0259ri imkans\u0131zd\u0131r, onun yan\u0131na iki-\u00fc\u00e7 ayda bir d\u0259f\u0259 g\u0259l\u0259 bilirl\u0259r. U\u015fa\u011f\u0131n g\u00f6z\u00fc yolda qal\u0131r&#8230;\n<\/p>\n<p>\n  \u201cM\u0259nim d\u0259 arzular\u0131m vard\u0131&#8230; Bataql\u0131qday\u0131q. Bir m\u00fc\u0259llimin evi, g\u00fcz\u0259ran\u0131 bu v\u0259ziyy\u0259td\u0259 olmamal\u0131d\u0131r\u201d, &#8211; Ayt\u0259n q\u0259h\u0259rd\u0259n daha dan\u0131\u015fa bilmir&#8230;\n<\/p>\n<p>\n  Z\u0259hra yay t\u0259tilind\u0259 anas\u0131na \u00e7ox k\u00f6m\u0259k el\u0259yir, ki\u00e7ik bac\u0131s\u0131n\u0131n, qarda\u015f\u0131n\u0131n qay\u011f\u0131s\u0131na qal\u0131r. Sentyabr\u0131n 15-d\u0259n sonra yen\u0259 evi t\u0259rk ed\u0259c\u0259k. Bu d\u0259f\u0259 t\u0259k yox. Bac\u0131s\u0131 Fatim\u0259 d\u0259 onunla internata yollan\u0131r&#8230;\n<\/p>\n<figure class=\"wp-block-image size-large\">\n  <img decoding=\"async\" src=\"https:\/\/www.meydan.tv\/az\/image_from_ios-14-jpg\/\" alt=\"image_from_ios (14).jpg\" class=\"wp-image-128502\"\/><figcaption>\n    m\u00fc\u0259llim\u0259nin m\u0259nzili<br \/>\n  <\/figcaption><\/figure>\n<figure class=\"wp-block-image size-large\">\n  <img decoding=\"async\" src=\"https:\/\/www.meydan.tv\/az\/image_from_ios-15-jpg\/\" alt=\"image_from_ios (15).jpg\" class=\"wp-image-128505\"\/><figcaption>\n    Ayt\u0259n M\u0259mm\u0259dova<br \/>\n  <\/figcaption><\/figure>\n","protected":false},"excerpt":{"rendered":"<p>Ayt\u0259n M\u0259mm\u0259dova \u00e7\u00f6r\u0259k sexind\u0259 i\u015fl\u0259diyin\u0259 g\u00f6r\u0259 x\u0259cal\u0259t \u00e7\u0259kdiyini deyir<\/p>\n","protected":false},"author":11,"featured_media":128487,"comment_status":"closed","ping_status":"open","sticky":false,"template":"","format":"standard","meta":{"_acf_changed":false,"_sitemap_exclude":false,"_sitemap_priority":"","_sitemap_frequency":"","footnotes":""},"categories":[60],"tags":[],"class_list":["post-196676","post","type-post","status-publish","format-standard","has-post-thumbnail","hentry","category-bolge","infinite-scroll-item","generate-columns","tablet-grid-50","mobile-grid-100","grid-parent","grid-33","no-featured-image-padding"],"acf":[],"yoast_head":"<!-- This site is optimized with the Yoast SEO plugin v27.4 - https:\/\/yoast.com\/product\/yoast-seo-wordpress\/ -->\n<title>Gec\u0259l\u0259r \u00e7\u00f6r\u0259k sexind\u0259 i\u015fl\u0259y\u0259n m\u00fc\u0259llim\u0259 - MEYDAN.TV<\/title>\n<meta name=\"robots\" content=\"index, follow, max-snippet:-1, max-image-preview:large, max-video-preview:-1\" \/>\n<link rel=\"canonical\" href=\"https:\/\/www.meydan.tv\/az\/article\/geceler-corek-sexinde-isleyen-muellime\/\" \/>\n<meta property=\"og:locale\" content=\"az_AZ\" \/>\n<meta property=\"og:type\" content=\"article\" \/>\n<meta property=\"og:title\" content=\"Gec\u0259l\u0259r \u00e7\u00f6r\u0259k sexind\u0259 i\u015fl\u0259y\u0259n m\u00fc\u0259llim\u0259 - MEYDAN.TV\" \/>\n<meta property=\"og:description\" content=\"Ayt\u0259n M\u0259mm\u0259dova \u00e7\u00f6r\u0259k sexind\u0259 i\u015fl\u0259diyin\u0259 g\u00f6r\u0259 x\u0259cal\u0259t \u00e7\u0259kdiyini deyir\" \/>\n<meta property=\"og:url\" content=\"https:\/\/www.meydan.tv\/az\/article\/geceler-corek-sexinde-isleyen-muellime\/\" \/>\n<meta property=\"og:site_name\" content=\"MEYDAN.TV\" \/>\n<meta property=\"article:published_time\" content=\"2019-08-23T11:50:07+00:00\" \/>\n<meta property=\"og:image\" content=\"https:\/\/www.meydan.tv\/wp-content\/uploads\/image_from_ios_9_67xxgq0-scaled.jpg\" \/>\n\t<meta property=\"og:image:width\" content=\"2560\" \/>\n\t<meta property=\"og:image:height\" content=\"1440\" \/>\n\t<meta property=\"og:image:type\" content=\"image\/jpeg\" \/>\n<meta name=\"author\" content=\"user-manager\" \/>\n<meta name=\"twitter:card\" content=\"summary_large_image\" \/>\n<script type=\"application\/ld+json\" class=\"yoast-schema-graph\">{\"@context\":\"https:\\\/\\\/schema.org\",\"@graph\":[{\"@type\":\"Article\",\"@id\":\"https:\\\/\\\/www.meydan.tv\\\/az\\\/article\\\/geceler-corek-sexinde-isleyen-muellime\\\/#article\",\"isPartOf\":{\"@id\":\"https:\\\/\\\/www.meydan.tv\\\/az\\\/article\\\/geceler-corek-sexinde-isleyen-muellime\\\/\"},\"author\":{\"name\":\"user-manager\",\"@id\":\"https:\\\/\\\/www.meydan.tv\\\/az\\\/#\\\/schema\\\/person\\\/10d11eccf6da3662cf5fdab9806ea91a\"},\"headline\":\"Gec\u0259l\u0259r \u00e7\u00f6r\u0259k sexind\u0259 i\u015fl\u0259y\u0259n m\u00fc\u0259llim\u0259\",\"datePublished\":\"2019-08-23T11:50:07+00:00\",\"mainEntityOfPage\":{\"@id\":\"https:\\\/\\\/www.meydan.tv\\\/az\\\/article\\\/geceler-corek-sexinde-isleyen-muellime\\\/\"},\"wordCount\":982,\"publisher\":{\"@id\":\"https:\\\/\\\/www.meydan.tv\\\/az\\\/#organization\"},\"image\":{\"@id\":\"https:\\\/\\\/www.meydan.tv\\\/az\\\/article\\\/geceler-corek-sexinde-isleyen-muellime\\\/#primaryimage\"},\"thumbnailUrl\":\"https:\\\/\\\/www.meydan.tv\\\/wp-content\\\/uploads\\\/image_from_ios_9_67xxgq0-scaled.jpg\",\"articleSection\":[\"B\u00f6lg\u0259\"],\"inLanguage\":\"az\"},{\"@type\":\"WebPage\",\"@id\":\"https:\\\/\\\/www.meydan.tv\\\/az\\\/article\\\/geceler-corek-sexinde-isleyen-muellime\\\/\",\"url\":\"https:\\\/\\\/www.meydan.tv\\\/az\\\/article\\\/geceler-corek-sexinde-isleyen-muellime\\\/\",\"name\":\"Gec\u0259l\u0259r \u00e7\u00f6r\u0259k sexind\u0259 i\u015fl\u0259y\u0259n m\u00fc\u0259llim\u0259 - MEYDAN.TV\",\"isPartOf\":{\"@id\":\"https:\\\/\\\/www.meydan.tv\\\/az\\\/#website\"},\"primaryImageOfPage\":{\"@id\":\"https:\\\/\\\/www.meydan.tv\\\/az\\\/article\\\/geceler-corek-sexinde-isleyen-muellime\\\/#primaryimage\"},\"image\":{\"@id\":\"https:\\\/\\\/www.meydan.tv\\\/az\\\/article\\\/geceler-corek-sexinde-isleyen-muellime\\\/#primaryimage\"},\"thumbnailUrl\":\"https:\\\/\\\/www.meydan.tv\\\/wp-content\\\/uploads\\\/image_from_ios_9_67xxgq0-scaled.jpg\",\"datePublished\":\"2019-08-23T11:50:07+00:00\",\"breadcrumb\":{\"@id\":\"https:\\\/\\\/www.meydan.tv\\\/az\\\/article\\\/geceler-corek-sexinde-isleyen-muellime\\\/#breadcrumb\"},\"inLanguage\":\"az\",\"potentialAction\":[{\"@type\":\"ReadAction\",\"target\":[\"https:\\\/\\\/www.meydan.tv\\\/az\\\/article\\\/geceler-corek-sexinde-isleyen-muellime\\\/\"]}]},{\"@type\":\"ImageObject\",\"inLanguage\":\"az\",\"@id\":\"https:\\\/\\\/www.meydan.tv\\\/az\\\/article\\\/geceler-corek-sexinde-isleyen-muellime\\\/#primaryimage\",\"url\":\"https:\\\/\\\/www.meydan.tv\\\/wp-content\\\/uploads\\\/image_from_ios_9_67xxgq0-scaled.jpg\",\"contentUrl\":\"https:\\\/\\\/www.meydan.tv\\\/wp-content\\\/uploads\\\/image_from_ios_9_67xxgq0-scaled.jpg\",\"width\":2560,\"height\":1440,\"caption\":\"Source: Specify Source\"},{\"@type\":\"BreadcrumbList\",\"@id\":\"https:\\\/\\\/www.meydan.tv\\\/az\\\/article\\\/geceler-corek-sexinde-isleyen-muellime\\\/#breadcrumb\",\"itemListElement\":[{\"@type\":\"ListItem\",\"position\":1,\"name\":\"Ana s\u0259hif\u0259\",\"item\":\"https:\\\/\\\/www.meydan.tv\\\/az\\\/\"},{\"@type\":\"ListItem\",\"position\":2,\"name\":\"B\u00f6lg\u0259\",\"item\":\"https:\\\/\\\/www.meydan.tv\\\/az\\\/section\\\/bolge\\\/\"},{\"@type\":\"ListItem\",\"position\":3,\"name\":\"Gec\u0259l\u0259r \u00e7\u00f6r\u0259k sexind\u0259 i\u015fl\u0259y\u0259n m\u00fc\u0259llim\u0259\"}]},{\"@type\":\"WebSite\",\"@id\":\"https:\\\/\\\/www.meydan.tv\\\/az\\\/#website\",\"url\":\"https:\\\/\\\/www.meydan.tv\\\/az\\\/\",\"name\":\"MEYDAN.TV\",\"description\":\"Meydan TV Az\u0259rbaycan\u0131n media m\u0259kan\u0131ndak\u0131 alternativ s\u0259sidir\",\"publisher\":{\"@id\":\"https:\\\/\\\/www.meydan.tv\\\/az\\\/#organization\"},\"potentialAction\":[{\"@type\":\"SearchAction\",\"target\":{\"@type\":\"EntryPoint\",\"urlTemplate\":\"https:\\\/\\\/www.meydan.tv\\\/az\\\/?s={search_term_string}\"},\"query-input\":{\"@type\":\"PropertyValueSpecification\",\"valueRequired\":true,\"valueName\":\"search_term_string\"}}],\"inLanguage\":\"az\"},{\"@type\":\"Organization\",\"@id\":\"https:\\\/\\\/www.meydan.tv\\\/az\\\/#organization\",\"name\":\"Meydan TV\",\"url\":\"https:\\\/\\\/www.meydan.tv\\\/az\\\/\",\"logo\":{\"@type\":\"ImageObject\",\"inLanguage\":\"az\",\"@id\":\"https:\\\/\\\/www.meydan.tv\\\/az\\\/#\\\/schema\\\/logo\\\/image\\\/\",\"url\":\"https:\\\/\\\/www.meydan.tv\\\/wp-content\\\/uploads\\\/2021\\\/07\\\/meydan-logo.svg\",\"contentUrl\":\"https:\\\/\\\/www.meydan.tv\\\/wp-content\\\/uploads\\\/2021\\\/07\\\/meydan-logo.svg\",\"width\":195,\"height\":46,\"caption\":\"Meydan TV\"},\"image\":{\"@id\":\"https:\\\/\\\/www.meydan.tv\\\/az\\\/#\\\/schema\\\/logo\\\/image\\\/\"}},{\"@type\":\"Person\",\"@id\":\"https:\\\/\\\/www.meydan.tv\\\/az\\\/#\\\/schema\\\/person\\\/10d11eccf6da3662cf5fdab9806ea91a\",\"name\":\"user-manager\"}]}<\/script>\n<!-- \/ Yoast SEO plugin. -->","yoast_head_json":{"title":"Gec\u0259l\u0259r \u00e7\u00f6r\u0259k sexind\u0259 i\u015fl\u0259y\u0259n m\u00fc\u0259llim\u0259 - MEYDAN.TV","robots":{"index":"index","follow":"follow","max-snippet":"max-snippet:-1","max-image-preview":"max-image-preview:large","max-video-preview":"max-video-preview:-1"},"canonical":"https:\/\/www.meydan.tv\/az\/article\/geceler-corek-sexinde-isleyen-muellime\/","og_locale":"az_AZ","og_type":"article","og_title":"Gec\u0259l\u0259r \u00e7\u00f6r\u0259k sexind\u0259 i\u015fl\u0259y\u0259n m\u00fc\u0259llim\u0259 - MEYDAN.TV","og_description":"Ayt\u0259n M\u0259mm\u0259dova \u00e7\u00f6r\u0259k sexind\u0259 i\u015fl\u0259diyin\u0259 g\u00f6r\u0259 x\u0259cal\u0259t \u00e7\u0259kdiyini deyir","og_url":"https:\/\/www.meydan.tv\/az\/article\/geceler-corek-sexinde-isleyen-muellime\/","og_site_name":"MEYDAN.TV","article_published_time":"2019-08-23T11:50:07+00:00","og_image":[{"width":2560,"height":1440,"url":"https:\/\/www.meydan.tv\/wp-content\/uploads\/image_from_ios_9_67xxgq0-scaled.jpg","type":"image\/jpeg"}],"author":"user-manager","twitter_card":"summary_large_image","schema":{"@context":"https:\/\/schema.org","@graph":[{"@type":"Article","@id":"https:\/\/www.meydan.tv\/az\/article\/geceler-corek-sexinde-isleyen-muellime\/#article","isPartOf":{"@id":"https:\/\/www.meydan.tv\/az\/article\/geceler-corek-sexinde-isleyen-muellime\/"},"author":{"name":"user-manager","@id":"https:\/\/www.meydan.tv\/az\/#\/schema\/person\/10d11eccf6da3662cf5fdab9806ea91a"},"headline":"Gec\u0259l\u0259r \u00e7\u00f6r\u0259k sexind\u0259 i\u015fl\u0259y\u0259n m\u00fc\u0259llim\u0259","datePublished":"2019-08-23T11:50:07+00:00","mainEntityOfPage":{"@id":"https:\/\/www.meydan.tv\/az\/article\/geceler-corek-sexinde-isleyen-muellime\/"},"wordCount":982,"publisher":{"@id":"https:\/\/www.meydan.tv\/az\/#organization"},"image":{"@id":"https:\/\/www.meydan.tv\/az\/article\/geceler-corek-sexinde-isleyen-muellime\/#primaryimage"},"thumbnailUrl":"https:\/\/www.meydan.tv\/wp-content\/uploads\/image_from_ios_9_67xxgq0-scaled.jpg","articleSection":["B\u00f6lg\u0259"],"inLanguage":"az"},{"@type":"WebPage","@id":"https:\/\/www.meydan.tv\/az\/article\/geceler-corek-sexinde-isleyen-muellime\/","url":"https:\/\/www.meydan.tv\/az\/article\/geceler-corek-sexinde-isleyen-muellime\/","name":"Gec\u0259l\u0259r \u00e7\u00f6r\u0259k sexind\u0259 i\u015fl\u0259y\u0259n m\u00fc\u0259llim\u0259 - MEYDAN.TV","isPartOf":{"@id":"https:\/\/www.meydan.tv\/az\/#website"},"primaryImageOfPage":{"@id":"https:\/\/www.meydan.tv\/az\/article\/geceler-corek-sexinde-isleyen-muellime\/#primaryimage"},"image":{"@id":"https:\/\/www.meydan.tv\/az\/article\/geceler-corek-sexinde-isleyen-muellime\/#primaryimage"},"thumbnailUrl":"https:\/\/www.meydan.tv\/wp-content\/uploads\/image_from_ios_9_67xxgq0-scaled.jpg","datePublished":"2019-08-23T11:50:07+00:00","breadcrumb":{"@id":"https:\/\/www.meydan.tv\/az\/article\/geceler-corek-sexinde-isleyen-muellime\/#breadcrumb"},"inLanguage":"az","potentialAction":[{"@type":"ReadAction","target":["https:\/\/www.meydan.tv\/az\/article\/geceler-corek-sexinde-isleyen-muellime\/"]}]},{"@type":"ImageObject","inLanguage":"az","@id":"https:\/\/www.meydan.tv\/az\/article\/geceler-corek-sexinde-isleyen-muellime\/#primaryimage","url":"https:\/\/www.meydan.tv\/wp-content\/uploads\/image_from_ios_9_67xxgq0-scaled.jpg","contentUrl":"https:\/\/www.meydan.tv\/wp-content\/uploads\/image_from_ios_9_67xxgq0-scaled.jpg","width":2560,"height":1440,"caption":"Source: Specify Source"},{"@type":"BreadcrumbList","@id":"https:\/\/www.meydan.tv\/az\/article\/geceler-corek-sexinde-isleyen-muellime\/#breadcrumb","itemListElement":[{"@type":"ListItem","position":1,"name":"Ana s\u0259hif\u0259","item":"https:\/\/www.meydan.tv\/az\/"},{"@type":"ListItem","position":2,"name":"B\u00f6lg\u0259","item":"https:\/\/www.meydan.tv\/az\/section\/bolge\/"},{"@type":"ListItem","position":3,"name":"Gec\u0259l\u0259r \u00e7\u00f6r\u0259k sexind\u0259 i\u015fl\u0259y\u0259n m\u00fc\u0259llim\u0259"}]},{"@type":"WebSite","@id":"https:\/\/www.meydan.tv\/az\/#website","url":"https:\/\/www.meydan.tv\/az\/","name":"MEYDAN.TV","description":"Meydan TV Az\u0259rbaycan\u0131n media m\u0259kan\u0131ndak\u0131 alternativ s\u0259sidir","publisher":{"@id":"https:\/\/www.meydan.tv\/az\/#organization"},"potentialAction":[{"@type":"SearchAction","target":{"@type":"EntryPoint","urlTemplate":"https:\/\/www.meydan.tv\/az\/?s={search_term_string}"},"query-input":{"@type":"PropertyValueSpecification","valueRequired":true,"valueName":"search_term_string"}}],"inLanguage":"az"},{"@type":"Organization","@id":"https:\/\/www.meydan.tv\/az\/#organization","name":"Meydan TV","url":"https:\/\/www.meydan.tv\/az\/","logo":{"@type":"ImageObject","inLanguage":"az","@id":"https:\/\/www.meydan.tv\/az\/#\/schema\/logo\/image\/","url":"https:\/\/www.meydan.tv\/wp-content\/uploads\/2021\/07\/meydan-logo.svg","contentUrl":"https:\/\/www.meydan.tv\/wp-content\/uploads\/2021\/07\/meydan-logo.svg","width":195,"height":46,"caption":"Meydan TV"},"image":{"@id":"https:\/\/www.meydan.tv\/az\/#\/schema\/logo\/image\/"}},{"@type":"Person","@id":"https:\/\/www.meydan.tv\/az\/#\/schema\/person\/10d11eccf6da3662cf5fdab9806ea91a","name":"user-manager"}]}},"_links":{"self":[{"href":"https:\/\/www.meydan.tv\/az\/wp-json\/wp\/v2\/posts\/196676","targetHints":{"allow":["GET"]}}],"collection":[{"href":"https:\/\/www.meydan.tv\/az\/wp-json\/wp\/v2\/posts"}],"about":[{"href":"https:\/\/www.meydan.tv\/az\/wp-json\/wp\/v2\/types\/post"}],"author":[{"embeddable":true,"href":"https:\/\/www.meydan.tv\/az\/wp-json\/wp\/v2\/users\/11"}],"replies":[{"embeddable":true,"href":"https:\/\/www.meydan.tv\/az\/wp-json\/wp\/v2\/comments?post=196676"}],"version-history":[{"count":0,"href":"https:\/\/www.meydan.tv\/az\/wp-json\/wp\/v2\/posts\/196676\/revisions"}],"wp:featuredmedia":[{"embeddable":true,"href":"https:\/\/www.meydan.tv\/az\/wp-json\/wp\/v2\/media\/128487"}],"wp:attachment":[{"href":"https:\/\/www.meydan.tv\/az\/wp-json\/wp\/v2\/media?parent=196676"}],"wp:term":[{"taxonomy":"category","embeddable":true,"href":"https:\/\/www.meydan.tv\/az\/wp-json\/wp\/v2\/categories?post=196676"},{"taxonomy":"post_tag","embeddable":true,"href":"https:\/\/www.meydan.tv\/az\/wp-json\/wp\/v2\/tags?post=196676"}],"curies":[{"name":"wp","href":"https:\/\/api.w.org\/{rel}","templated":true}]}}