{"id":196664,"date":"2019-08-22T16:27:33","date_gmt":"2019-08-22T16:27:33","guid":{"rendered":"https:\/\/www.meydan.tv\/article\/poladli-sakinleri-susuzluq-nefesimizi-kesir\/"},"modified":"2019-08-22T16:27:33","modified_gmt":"2019-08-22T16:27:33","slug":"poladli-sakinleri-susuzluq-nefesimizi-kesir","status":"publish","type":"post","link":"https:\/\/www.meydan.tv\/az\/article\/poladli-sakinleri-susuzluq-nefesimizi-kesir\/","title":{"rendered":"Poladl\u0131 sakinl\u0259ri: Susuzluq n\u0259f\u0259simizi k\u0259sir"},"content":{"rendered":"<p>\n  <i><br \/>\n    T\u0259rt\u0259rin bu k\u0259ndind\u0259 yol, su, elektrik v\u0259 i\u015fsizlik probleml\u0259ri var<br \/>\n  <\/i>\n<\/p>\n<p>\n  \u201cBu istinin alt\u0131nda suyu B\u0259rd\u0259d\u0259n da\u015f\u0131y\u0131r\u0131q. B\u0259rd\u0259yl\u0259 aram\u0131z 11 kilometrdir. \u0130ll\u0259rdir ki, k\u0259ndd\u0259 h\u0259m i\u00e7m\u0259li, h\u0259m d\u0259 t\u0259s\u0259rr\u00fcfat \u00fc\u00e7\u00fcn su q\u0131tl\u0131\u011f\u0131 var. Daha \u00e7ox da yayda \u0259ziyy\u0259t \u00e7\u0259kirik. Bir t\u0259r\u0259fd\u0259n \u00f6z\u00fcm\u00fcz, bir t\u0259r\u0259fd\u0259n d\u0259 heyvanlar\u0131m\u0131z susuzluqdan q\u0131r\u0131l\u0131r, \u0259kin sah\u0259l\u0259rimiz yan\u0131r\u201d.\n<\/p>\n<p>\n  Poladl\u0131 &#8211; T\u0259rt\u0259rd\u0259 c\u0259bh\u0259yan\u0131 k\u0259nddir. 110 t\u0259s\u0259rrufat\u0131, 547 n\u0259f\u0259r \u0259halisi var. Bu k\u0259ndin sakinl\u0259ri \u0259sas\u0259n heyvandarl\u0131q v\u0259 \u0259kin\u00e7ilikl\u0259 m\u0259\u015f\u011ful olur. Onsuz da \u0259ziyy\u0259ti \u00e7ox olan insanlar\u0131n k\u0259l\u0259yini bir d\u0259 susuzluq k\u0259sir. Onlar\u0131n dem\u0259sin\u0259 g\u00f6r\u0259, h\u0259r s\u0259h\u0259r g\u00fcn do\u011fmam\u0131\u015f su qablar\u0131n\u0131 ata-e\u015f\u015f\u0259y\u0259 y\u00fckl\u0259yib B\u0259rd\u0259y\u0259 yola d\u00fc\u015f\u00fcrl\u0259r, yax\u0131n k\u0259ndl\u0259rd\u0259n i\u00e7m\u0259li su g\u00f6t\u00fcr\u00fcb qay\u0131d\u0131rlar. Yay aylar\u0131nda bu proses g\u00fcnd\u0259 iki d\u0259f\u0259 t\u0259krarlan\u0131r. Ax\u015fama do\u011fru k\u0259ndlil\u0259rin yen\u0259 d\u0259 su qablar\u0131yla y\u00fckl\u0259nmi\u015f at-e\u015f\u015f\u0259kl\u0259ri k\u0259nd yollar\u0131nda g\u00f6r\u00fcn\u00fcr. V\u0259 bu, ill\u0259rdir ki, davam edir.\n<\/p>\n<p>\n  <i><br \/>\n    \u201cYollarda adamlar\u0131 ilan sanc\u0131r\u201d<br \/>\n  <\/i>\n<\/p>\n<p>\n  K\u0259nd sakinl\u0259ri qon\u015fu rayonun k\u0259ndl\u0259rind\u0259n su da\u015f\u0131maqdan bezdikl\u0259rini deyirl\u0259r:\n<\/p>\n<p>\n  \u201cBiz t\u0259r\u0259fl\u0259rd\u0259 yayda havalar \u00e7ox quraql\u0131q ke\u00e7ir. G\u00fcn\u0259\u015f \u015f\u00fcalar\u0131 beynimizi bi\u015fir\u0259-bi\u015fir\u0259 bu k\u0259ndd\u0259n o k\u0259nd\u0259, o k\u0259ndd\u0259n bu k\u0259nd\u0259 gedib- g\u0259lirik. Yollarda d\u0259f\u0259l\u0259rl\u0259 adamlar\u0131 ilan sanc\u0131b. \u0130stid\u0259n hu\u015funu itir\u0259nl\u0259r olub. Q\u0131\u015fda da qar dizd\u0259n olur, gedib-g\u0259lm\u0259k \u00e7\u0259tinl\u0259\u015fir\u201d.\n<\/p>\n<p>\n  K\u0259ndd\u0259 tibb m\u0259nt\u0259q\u0259si d\u0259 yoxdur. S\u0259hh\u0259tind\u0259 problem yaranan sakinl\u0259r tibbi xidm\u0259t almaq \u00fc\u00e7\u00fcn qon\u015fuluqdak\u0131 A\u015fa\u011f\u0131 Mam\u0131r k\u0259ndin\u0259 getm\u0259li olurlar.\n<\/p>\n<p>\n  <i><br \/>\n    \u201cX\u0259st\u0259l\u0259ri arabayla qon\u015fu k\u0259nd\u0259 apar\u0131r\u0131q\u201d<br \/>\n  <\/i>\n<\/p>\n<p>\n  \u201cBirini bir sanc\u0131 tutsun, bir ba\u015fa\u011fr\u0131s\u0131 tutsun, d\u0259rman alma\u011fa aptek yoxdur. K\u0259ndd\u0259 el\u0259 ail\u0259 yoxdur ki, az\u0131 iki-\u00fc\u00e7 \u00fczv\u00fc x\u0259st\u0259likd\u0259n \u0259ziyy\u0259t \u00e7\u0259km\u0259sin. \u015e\u0259k\u0259r x\u0259st\u0259si var, infarktdan, b\u00f6yr\u0259k x\u0259st\u0259liyind\u0259n \u0259ziyy\u0259t \u00e7\u0259k\u0259ni var&#8230; V\u0259ziyy\u0259tl\u0259ri a\u011f\u0131rla\u015fanda iyn\u0259 vurdurma\u011fa, sistem qoydurma\u011fa rayon m\u0259rk\u0259zind\u0259ki x\u0259st\u0259xanaya aparmal\u0131y\u0131q. Q\u0131\u015f\u0131n \u015faxtas\u0131nda, qar dizd\u0259n olanda x\u0259st\u0259ni arabaya qoyub qon\u015fu k\u0259ndd\u0259ki tibb m\u0259nt\u0259q\u0259sin\u0259 g\u00f6t\u00fcr\u00fcr\u00fck. Yollar\u0131m\u0131z\u0131n b\u0259rbad v\u0259ziyy\u0259td\u0259 olmas\u0131 is\u0259 \u00e7\u0259tinliyimizi art\u0131r\u0131r,\u201d- sakinl\u0259rin \u015fikay\u0259tind\u0259 deyilir.\n<\/p>\n<p>\n  Onlar\u0131n dem\u0259sin\u0259 g\u00f6r\u0259, k\u0259ndd\u0259 Sovet vaxt\u0131ndan qalan, uzun ill\u0259rdir ki, qap\u0131s\u0131 q\u0131f\u0131ll\u0131 olan bir u\u00e7uq-s\u00f6k\u00fck bina var. Uzun ill\u0259rdir ki, onlar binan\u0131n abadla\u015fd\u0131r\u0131laraq tibb m\u0259nt\u0259q\u0259sin\u0259 \u00e7evrilm\u0259sini isr\u0259yirl\u0259r. H\u0259tta buna g\u00f6r\u0259 d\u00f6vl\u0259t qurumlar\u0131na d\u0259f\u0259l\u0259rl\u0259 m\u0259ktub da yaz\u0131blar, cavab almay\u0131blar.\n<\/p>\n<p>\n  Sakinl\u0259rin s\u00f6zl\u0259rin\u0259 g\u00f6r\u0259, daha iki problem i\u015f\u0131q v\u0259 m\u0259kt\u0259bl\u0259 ba\u011fl\u0131d\u0131r. K\u0259ndd\u0259ki elektrik t\u0259s\u0259rr\u00fcfat\u0131 da k\u00f6hn\u0259dir, Sovet vaxt\u0131 \u00e7\u0259kilmi\u015f naqill\u0259r v\u0259 elektrik dir\u0259kl\u0259ri \u00e7oxdan \u00e7\u00fcr\u00fcy\u00fcb. M\u0259kt\u0259b\u0259 g\u0259linc\u0259 is\u0259, u\u015faqlar t\u0259hsil \u00fc\u00e7\u00fcn qon\u015fu k\u0259ndl\u0259r\u0259 gedir.\n<\/p>\n<figure class=\"wp-block-image size-large\">\n  <img decoding=\"async\" src=\"https:\/\/www.meydan.tv\/az\/image_from_ios-8-jpg-9\/\" alt=\"image_from_ios (8).jpg\" class=\"wp-image-128463\"\/><figcaption>\n    k\u0259ndin yolu<br \/>\n  <\/figcaption><\/figure>\n<p>\n  <i><br \/>\n    Ba\u015f\u00e7\u0131 Poladl\u0131da olub<br \/>\n  <\/i>\n<\/p>\n<p>\n  T\u0259rt\u0259rin icra hakimiyy\u0259tind\u0259n bildirilib ki, indiy\u0259d\u0259k Poladl\u0131da yollar\u0131n abadla\u015fd\u0131r\u0131lmas\u0131, qazla\u015fma, su t\u0259s\u0259rr\u00fcfat\u0131n\u0131n f\u0259aliyy\u0259tinin yax\u015f\u0131la\u015fd\u0131r\u0131lmas\u0131 il\u0259 ba\u011fl\u0131 xeyli i\u015fl\u0259r g\u00f6r\u00fcl\u00fcb.\n<\/p>\n<p>\n  \u00d6t\u0259n h\u0259ft\u0259 is\u0259 icra hakimiyy\u0259tinin ba\u015f\u00e7\u0131s\u0131 M\u00fcst\u0259qim M\u0259mm\u0259dov h\u0259min k\u0259ndd\u0259 olub, sakinl\u0259rl\u0259 g\u00f6r\u00fc\u015f\u00fcb, onlar\u0131n qay\u011f\u0131lar\u0131yla maraqlan\u0131b. Sakinl\u0259r ba\u015f\u00e7\u0131dan k\u0259nd yolunun \u0259sasl\u0131 t\u0259mir olunmas\u0131n\u0131, elektrik t\u0259s\u0259rr\u00fcfat\u0131n\u0131n yenid\u0259n qurulmas\u0131n\u0131, suvarma suyu \u00fc\u00e7\u00fcn subartezian quyusunun qaz\u0131lmas\u0131n\u0131, g\u0259nc v\u0259 orta n\u0259slin i\u015fl\u0259 t\u0259min olunmas\u0131n\u0131 ist\u0259yibl\u0259r. M\u00fcst\u0259qim M\u0259mm\u0259dov onunla b\u0259rab\u0259r k\u0259nd\u0259 g\u0259l\u0259n m\u00fcxt\u0259lif qurumlar\u0131n n\u00fcmay\u0259nd\u0259l\u0259rin\u0259 probleml\u0259rin h\u0259lli il\u0259 ba\u011fl\u0131 tap\u015f\u0131r\u0131qlar\u0131n\u0131 verib. Qurumdan bildirilib ki, k\u0259ndd\u0259 m\u0259kt\u0259b \u00fc\u00e7\u00fcn modul tipli yeni bina da tikilib.<\/p>\n","protected":false},"excerpt":{"rendered":"<p>Sakinl\u0259r ba\u015f\u00e7\u0131dan k\u0259nd yolunun \u0259sasl\u0131 t\u0259mir olunmas\u0131n\u0131, elektrik t\u0259s\u0259rr\u00fcfat\u0131n\u0131n yenid\u0259n qurulmas\u0131n\u0131, suvarma suyu \u00fc\u00e7\u00fcn subartezian quyusunun qaz\u0131lmas\u0131n\u0131, g\u0259nc v\u0259 orta n\u0259slin i\u015fl\u0259 t\u0259min olunmas\u0131n\u0131 ist\u0259yibl\u0259r.<\/p>\n","protected":false},"author":11,"featured_media":128460,"comment_status":"closed","ping_status":"open","sticky":false,"template":"","format":"standard","meta":{"_acf_changed":false,"_sitemap_exclude":false,"_sitemap_priority":"","_sitemap_frequency":"","footnotes":""},"categories":[60],"tags":[],"class_list":["post-196664","post","type-post","status-publish","format-standard","has-post-thumbnail","hentry","category-bolge","infinite-scroll-item","generate-columns","tablet-grid-50","mobile-grid-100","grid-parent","grid-33","no-featured-image-padding"],"acf":[],"yoast_head":"<!-- This site is optimized with the Yoast SEO plugin v27.5 - https:\/\/yoast.com\/product\/yoast-seo-wordpress\/ -->\n<title>Poladl\u0131 sakinl\u0259ri: Susuzluq n\u0259f\u0259simizi k\u0259sir - MEYDAN.TV<\/title>\n<meta name=\"robots\" content=\"index, follow, max-snippet:-1, max-image-preview:large, max-video-preview:-1\" \/>\n<link rel=\"canonical\" href=\"https:\/\/www.meydan.tv\/az\/article\/poladli-sakinleri-susuzluq-nefesimizi-kesir\/\" \/>\n<meta property=\"og:locale\" content=\"az_AZ\" \/>\n<meta property=\"og:type\" content=\"article\" \/>\n<meta property=\"og:title\" content=\"Poladl\u0131 sakinl\u0259ri: Susuzluq n\u0259f\u0259simizi k\u0259sir - MEYDAN.TV\" \/>\n<meta property=\"og:description\" content=\"Sakinl\u0259r ba\u015f\u00e7\u0131dan k\u0259nd yolunun \u0259sasl\u0131 t\u0259mir olunmas\u0131n\u0131, elektrik t\u0259s\u0259rr\u00fcfat\u0131n\u0131n yenid\u0259n qurulmas\u0131n\u0131, suvarma suyu \u00fc\u00e7\u00fcn subartezian quyusunun qaz\u0131lmas\u0131n\u0131, g\u0259nc v\u0259 orta n\u0259slin i\u015fl\u0259 t\u0259min olunmas\u0131n\u0131 ist\u0259yibl\u0259r.\" \/>\n<meta property=\"og:url\" content=\"https:\/\/www.meydan.tv\/az\/article\/poladli-sakinleri-susuzluq-nefesimizi-kesir\/\" \/>\n<meta property=\"og:site_name\" content=\"MEYDAN.TV\" \/>\n<meta property=\"article:published_time\" content=\"2019-08-22T16:27:33+00:00\" \/>\n<meta property=\"og:image\" content=\"https:\/\/www.meydan.tv\/wp-content\/uploads\/image_from_ios_9_ixhgu1v.jpg\" \/>\n\t<meta property=\"og:image:width\" content=\"854\" \/>\n\t<meta property=\"og:image:height\" content=\"480\" \/>\n\t<meta property=\"og:image:type\" content=\"image\/jpeg\" \/>\n<meta name=\"author\" content=\"user-manager\" \/>\n<meta name=\"twitter:card\" content=\"summary_large_image\" \/>\n<script type=\"application\/ld+json\" class=\"yoast-schema-graph\">{\"@context\":\"https:\\\/\\\/schema.org\",\"@graph\":[{\"@type\":\"Article\",\"@id\":\"https:\\\/\\\/www.meydan.tv\\\/az\\\/article\\\/poladli-sakinleri-susuzluq-nefesimizi-kesir\\\/#article\",\"isPartOf\":{\"@id\":\"https:\\\/\\\/www.meydan.tv\\\/az\\\/article\\\/poladli-sakinleri-susuzluq-nefesimizi-kesir\\\/\"},\"author\":{\"name\":\"user-manager\",\"@id\":\"https:\\\/\\\/www.meydan.tv\\\/az\\\/#\\\/schema\\\/person\\\/10d11eccf6da3662cf5fdab9806ea91a\"},\"headline\":\"Poladl\u0131 sakinl\u0259ri: Susuzluq n\u0259f\u0259simizi k\u0259sir\",\"datePublished\":\"2019-08-22T16:27:33+00:00\",\"mainEntityOfPage\":{\"@id\":\"https:\\\/\\\/www.meydan.tv\\\/az\\\/article\\\/poladli-sakinleri-susuzluq-nefesimizi-kesir\\\/\"},\"wordCount\":821,\"publisher\":{\"@id\":\"https:\\\/\\\/www.meydan.tv\\\/az\\\/#organization\"},\"image\":{\"@id\":\"https:\\\/\\\/www.meydan.tv\\\/az\\\/article\\\/poladli-sakinleri-susuzluq-nefesimizi-kesir\\\/#primaryimage\"},\"thumbnailUrl\":\"https:\\\/\\\/www.meydan.tv\\\/wp-content\\\/uploads\\\/image_from_ios_9_ixhgu1v.jpg\",\"articleSection\":[\"B\u00f6lg\u0259\"],\"inLanguage\":\"az\"},{\"@type\":\"WebPage\",\"@id\":\"https:\\\/\\\/www.meydan.tv\\\/az\\\/article\\\/poladli-sakinleri-susuzluq-nefesimizi-kesir\\\/\",\"url\":\"https:\\\/\\\/www.meydan.tv\\\/az\\\/article\\\/poladli-sakinleri-susuzluq-nefesimizi-kesir\\\/\",\"name\":\"Poladl\u0131 sakinl\u0259ri: Susuzluq n\u0259f\u0259simizi k\u0259sir - MEYDAN.TV\",\"isPartOf\":{\"@id\":\"https:\\\/\\\/www.meydan.tv\\\/az\\\/#website\"},\"primaryImageOfPage\":{\"@id\":\"https:\\\/\\\/www.meydan.tv\\\/az\\\/article\\\/poladli-sakinleri-susuzluq-nefesimizi-kesir\\\/#primaryimage\"},\"image\":{\"@id\":\"https:\\\/\\\/www.meydan.tv\\\/az\\\/article\\\/poladli-sakinleri-susuzluq-nefesimizi-kesir\\\/#primaryimage\"},\"thumbnailUrl\":\"https:\\\/\\\/www.meydan.tv\\\/wp-content\\\/uploads\\\/image_from_ios_9_ixhgu1v.jpg\",\"datePublished\":\"2019-08-22T16:27:33+00:00\",\"breadcrumb\":{\"@id\":\"https:\\\/\\\/www.meydan.tv\\\/az\\\/article\\\/poladli-sakinleri-susuzluq-nefesimizi-kesir\\\/#breadcrumb\"},\"inLanguage\":\"az\",\"potentialAction\":[{\"@type\":\"ReadAction\",\"target\":[\"https:\\\/\\\/www.meydan.tv\\\/az\\\/article\\\/poladli-sakinleri-susuzluq-nefesimizi-kesir\\\/\"]}]},{\"@type\":\"ImageObject\",\"inLanguage\":\"az\",\"@id\":\"https:\\\/\\\/www.meydan.tv\\\/az\\\/article\\\/poladli-sakinleri-susuzluq-nefesimizi-kesir\\\/#primaryimage\",\"url\":\"https:\\\/\\\/www.meydan.tv\\\/wp-content\\\/uploads\\\/image_from_ios_9_ixhgu1v.jpg\",\"contentUrl\":\"https:\\\/\\\/www.meydan.tv\\\/wp-content\\\/uploads\\\/image_from_ios_9_ixhgu1v.jpg\",\"width\":854,\"height\":480,\"caption\":\"Source: meydan tv\"},{\"@type\":\"BreadcrumbList\",\"@id\":\"https:\\\/\\\/www.meydan.tv\\\/az\\\/article\\\/poladli-sakinleri-susuzluq-nefesimizi-kesir\\\/#breadcrumb\",\"itemListElement\":[{\"@type\":\"ListItem\",\"position\":1,\"name\":\"Ana s\u0259hif\u0259\",\"item\":\"https:\\\/\\\/www.meydan.tv\\\/az\\\/\"},{\"@type\":\"ListItem\",\"position\":2,\"name\":\"B\u00f6lg\u0259\",\"item\":\"https:\\\/\\\/www.meydan.tv\\\/az\\\/section\\\/bolge\\\/\"},{\"@type\":\"ListItem\",\"position\":3,\"name\":\"Poladl\u0131 sakinl\u0259ri: Susuzluq n\u0259f\u0259simizi k\u0259sir\"}]},{\"@type\":\"WebSite\",\"@id\":\"https:\\\/\\\/www.meydan.tv\\\/az\\\/#website\",\"url\":\"https:\\\/\\\/www.meydan.tv\\\/az\\\/\",\"name\":\"MEYDAN.TV\",\"description\":\"Meydan TV Az\u0259rbaycan\u0131n media m\u0259kan\u0131ndak\u0131 alternativ s\u0259sidir\",\"publisher\":{\"@id\":\"https:\\\/\\\/www.meydan.tv\\\/az\\\/#organization\"},\"potentialAction\":[{\"@type\":\"SearchAction\",\"target\":{\"@type\":\"EntryPoint\",\"urlTemplate\":\"https:\\\/\\\/www.meydan.tv\\\/az\\\/?s={search_term_string}\"},\"query-input\":{\"@type\":\"PropertyValueSpecification\",\"valueRequired\":true,\"valueName\":\"search_term_string\"}}],\"inLanguage\":\"az\"},{\"@type\":\"Organization\",\"@id\":\"https:\\\/\\\/www.meydan.tv\\\/az\\\/#organization\",\"name\":\"Meydan TV\",\"url\":\"https:\\\/\\\/www.meydan.tv\\\/az\\\/\",\"logo\":{\"@type\":\"ImageObject\",\"inLanguage\":\"az\",\"@id\":\"https:\\\/\\\/www.meydan.tv\\\/az\\\/#\\\/schema\\\/logo\\\/image\\\/\",\"url\":\"https:\\\/\\\/www.meydan.tv\\\/wp-content\\\/uploads\\\/2021\\\/07\\\/meydan-logo.svg\",\"contentUrl\":\"https:\\\/\\\/www.meydan.tv\\\/wp-content\\\/uploads\\\/2021\\\/07\\\/meydan-logo.svg\",\"width\":195,\"height\":46,\"caption\":\"Meydan TV\"},\"image\":{\"@id\":\"https:\\\/\\\/www.meydan.tv\\\/az\\\/#\\\/schema\\\/logo\\\/image\\\/\"}},{\"@type\":\"Person\",\"@id\":\"https:\\\/\\\/www.meydan.tv\\\/az\\\/#\\\/schema\\\/person\\\/10d11eccf6da3662cf5fdab9806ea91a\",\"name\":\"user-manager\"}]}<\/script>\n<!-- \/ Yoast SEO plugin. -->","yoast_head_json":{"title":"Poladl\u0131 sakinl\u0259ri: Susuzluq n\u0259f\u0259simizi k\u0259sir - MEYDAN.TV","robots":{"index":"index","follow":"follow","max-snippet":"max-snippet:-1","max-image-preview":"max-image-preview:large","max-video-preview":"max-video-preview:-1"},"canonical":"https:\/\/www.meydan.tv\/az\/article\/poladli-sakinleri-susuzluq-nefesimizi-kesir\/","og_locale":"az_AZ","og_type":"article","og_title":"Poladl\u0131 sakinl\u0259ri: Susuzluq n\u0259f\u0259simizi k\u0259sir - MEYDAN.TV","og_description":"Sakinl\u0259r ba\u015f\u00e7\u0131dan k\u0259nd yolunun \u0259sasl\u0131 t\u0259mir olunmas\u0131n\u0131, elektrik t\u0259s\u0259rr\u00fcfat\u0131n\u0131n yenid\u0259n qurulmas\u0131n\u0131, suvarma suyu \u00fc\u00e7\u00fcn subartezian quyusunun qaz\u0131lmas\u0131n\u0131, g\u0259nc v\u0259 orta n\u0259slin i\u015fl\u0259 t\u0259min olunmas\u0131n\u0131 ist\u0259yibl\u0259r.","og_url":"https:\/\/www.meydan.tv\/az\/article\/poladli-sakinleri-susuzluq-nefesimizi-kesir\/","og_site_name":"MEYDAN.TV","article_published_time":"2019-08-22T16:27:33+00:00","og_image":[{"width":854,"height":480,"url":"https:\/\/www.meydan.tv\/wp-content\/uploads\/image_from_ios_9_ixhgu1v.jpg","type":"image\/jpeg"}],"author":"user-manager","twitter_card":"summary_large_image","schema":{"@context":"https:\/\/schema.org","@graph":[{"@type":"Article","@id":"https:\/\/www.meydan.tv\/az\/article\/poladli-sakinleri-susuzluq-nefesimizi-kesir\/#article","isPartOf":{"@id":"https:\/\/www.meydan.tv\/az\/article\/poladli-sakinleri-susuzluq-nefesimizi-kesir\/"},"author":{"name":"user-manager","@id":"https:\/\/www.meydan.tv\/az\/#\/schema\/person\/10d11eccf6da3662cf5fdab9806ea91a"},"headline":"Poladl\u0131 sakinl\u0259ri: Susuzluq n\u0259f\u0259simizi k\u0259sir","datePublished":"2019-08-22T16:27:33+00:00","mainEntityOfPage":{"@id":"https:\/\/www.meydan.tv\/az\/article\/poladli-sakinleri-susuzluq-nefesimizi-kesir\/"},"wordCount":821,"publisher":{"@id":"https:\/\/www.meydan.tv\/az\/#organization"},"image":{"@id":"https:\/\/www.meydan.tv\/az\/article\/poladli-sakinleri-susuzluq-nefesimizi-kesir\/#primaryimage"},"thumbnailUrl":"https:\/\/www.meydan.tv\/wp-content\/uploads\/image_from_ios_9_ixhgu1v.jpg","articleSection":["B\u00f6lg\u0259"],"inLanguage":"az"},{"@type":"WebPage","@id":"https:\/\/www.meydan.tv\/az\/article\/poladli-sakinleri-susuzluq-nefesimizi-kesir\/","url":"https:\/\/www.meydan.tv\/az\/article\/poladli-sakinleri-susuzluq-nefesimizi-kesir\/","name":"Poladl\u0131 sakinl\u0259ri: Susuzluq n\u0259f\u0259simizi k\u0259sir - MEYDAN.TV","isPartOf":{"@id":"https:\/\/www.meydan.tv\/az\/#website"},"primaryImageOfPage":{"@id":"https:\/\/www.meydan.tv\/az\/article\/poladli-sakinleri-susuzluq-nefesimizi-kesir\/#primaryimage"},"image":{"@id":"https:\/\/www.meydan.tv\/az\/article\/poladli-sakinleri-susuzluq-nefesimizi-kesir\/#primaryimage"},"thumbnailUrl":"https:\/\/www.meydan.tv\/wp-content\/uploads\/image_from_ios_9_ixhgu1v.jpg","datePublished":"2019-08-22T16:27:33+00:00","breadcrumb":{"@id":"https:\/\/www.meydan.tv\/az\/article\/poladli-sakinleri-susuzluq-nefesimizi-kesir\/#breadcrumb"},"inLanguage":"az","potentialAction":[{"@type":"ReadAction","target":["https:\/\/www.meydan.tv\/az\/article\/poladli-sakinleri-susuzluq-nefesimizi-kesir\/"]}]},{"@type":"ImageObject","inLanguage":"az","@id":"https:\/\/www.meydan.tv\/az\/article\/poladli-sakinleri-susuzluq-nefesimizi-kesir\/#primaryimage","url":"https:\/\/www.meydan.tv\/wp-content\/uploads\/image_from_ios_9_ixhgu1v.jpg","contentUrl":"https:\/\/www.meydan.tv\/wp-content\/uploads\/image_from_ios_9_ixhgu1v.jpg","width":854,"height":480,"caption":"Source: meydan tv"},{"@type":"BreadcrumbList","@id":"https:\/\/www.meydan.tv\/az\/article\/poladli-sakinleri-susuzluq-nefesimizi-kesir\/#breadcrumb","itemListElement":[{"@type":"ListItem","position":1,"name":"Ana s\u0259hif\u0259","item":"https:\/\/www.meydan.tv\/az\/"},{"@type":"ListItem","position":2,"name":"B\u00f6lg\u0259","item":"https:\/\/www.meydan.tv\/az\/section\/bolge\/"},{"@type":"ListItem","position":3,"name":"Poladl\u0131 sakinl\u0259ri: Susuzluq n\u0259f\u0259simizi k\u0259sir"}]},{"@type":"WebSite","@id":"https:\/\/www.meydan.tv\/az\/#website","url":"https:\/\/www.meydan.tv\/az\/","name":"MEYDAN.TV","description":"Meydan TV Az\u0259rbaycan\u0131n media m\u0259kan\u0131ndak\u0131 alternativ s\u0259sidir","publisher":{"@id":"https:\/\/www.meydan.tv\/az\/#organization"},"potentialAction":[{"@type":"SearchAction","target":{"@type":"EntryPoint","urlTemplate":"https:\/\/www.meydan.tv\/az\/?s={search_term_string}"},"query-input":{"@type":"PropertyValueSpecification","valueRequired":true,"valueName":"search_term_string"}}],"inLanguage":"az"},{"@type":"Organization","@id":"https:\/\/www.meydan.tv\/az\/#organization","name":"Meydan TV","url":"https:\/\/www.meydan.tv\/az\/","logo":{"@type":"ImageObject","inLanguage":"az","@id":"https:\/\/www.meydan.tv\/az\/#\/schema\/logo\/image\/","url":"https:\/\/www.meydan.tv\/wp-content\/uploads\/2021\/07\/meydan-logo.svg","contentUrl":"https:\/\/www.meydan.tv\/wp-content\/uploads\/2021\/07\/meydan-logo.svg","width":195,"height":46,"caption":"Meydan TV"},"image":{"@id":"https:\/\/www.meydan.tv\/az\/#\/schema\/logo\/image\/"}},{"@type":"Person","@id":"https:\/\/www.meydan.tv\/az\/#\/schema\/person\/10d11eccf6da3662cf5fdab9806ea91a","name":"user-manager"}]}},"_links":{"self":[{"href":"https:\/\/www.meydan.tv\/az\/wp-json\/wp\/v2\/posts\/196664","targetHints":{"allow":["GET"]}}],"collection":[{"href":"https:\/\/www.meydan.tv\/az\/wp-json\/wp\/v2\/posts"}],"about":[{"href":"https:\/\/www.meydan.tv\/az\/wp-json\/wp\/v2\/types\/post"}],"author":[{"embeddable":true,"href":"https:\/\/www.meydan.tv\/az\/wp-json\/wp\/v2\/users\/11"}],"replies":[{"embeddable":true,"href":"https:\/\/www.meydan.tv\/az\/wp-json\/wp\/v2\/comments?post=196664"}],"version-history":[{"count":0,"href":"https:\/\/www.meydan.tv\/az\/wp-json\/wp\/v2\/posts\/196664\/revisions"}],"wp:featuredmedia":[{"embeddable":true,"href":"https:\/\/www.meydan.tv\/az\/wp-json\/wp\/v2\/media\/128460"}],"wp:attachment":[{"href":"https:\/\/www.meydan.tv\/az\/wp-json\/wp\/v2\/media?parent=196664"}],"wp:term":[{"taxonomy":"category","embeddable":true,"href":"https:\/\/www.meydan.tv\/az\/wp-json\/wp\/v2\/categories?post=196664"},{"taxonomy":"post_tag","embeddable":true,"href":"https:\/\/www.meydan.tv\/az\/wp-json\/wp\/v2\/tags?post=196664"}],"curies":[{"name":"wp","href":"https:\/\/api.w.org\/{rel}","templated":true}]}}