{"id":196636,"date":"2019-08-21T13:52:37","date_gmt":"2019-08-21T13:52:37","guid":{"rendered":"https:\/\/www.meydan.tv\/article\/gilan-holdinq-bizim-huquqlarimizi-pozub\/"},"modified":"2019-08-21T13:52:37","modified_gmt":"2019-08-21T13:52:37","slug":"gilan-holdinq-bizim-huquqlarimizi-pozub","status":"publish","type":"post","link":"https:\/\/www.meydan.tv\/az\/article\/gilan-holdinq-bizim-huquqlarimizi-pozub\/","title":{"rendered":"\u201c\u201cGilan Holdinq\u201d bizim h\u00fcquqlar\u0131m\u0131z\u0131 pozub\u201d"},"content":{"rendered":"<p>\n  <i><br \/>\n    \u015eirvan Meyv\u0259\u00e7ilik M\u0259rk\u0259zinin i\u015fd\u0259n \u00e7\u0131xar\u0131lan \u0259m\u0259kda\u015flar\u0131 \u00f6lk\u0259 r\u0259hb\u0259rliyin\u0259 \u015fikay\u0259t edib<br \/>\n  <\/i>\n<\/p>\n<p>\n  G\u00f6y\u00e7ay rayonunda yerl\u0259\u015f\u0259n \u015eirvan Meyv\u0259\u00e7ilik M\u0259rk\u0259zinin ke\u00e7mi\u015f \u0259m\u0259kda\u015flar\u0131n\u0131n \u015fikay\u0259ti var. Onlar r\u0259hb\u0259rliyin \u0259m\u0259k h\u00fcquqlar\u0131n\u0131 pozdu\u011funu deyirl\u0259r.\n<\/p>\n<p>\n  \u015eikay\u0259t\u00e7il\u0259rd\u0259n Duman \u018fzizov Meydan TV-y\u0259 bildirib ki, o, 2007-ci il sentyabr\u0131n 15-d\u0259 G\u00f6y\u00e7ay-\u015eirvan Meyv\u0259\u00e7ilik M\u0259rk\u0259zin\u0259 ekskavator s\u00fcr\u00fcc\u00fcs\u00fc kimi i\u015f\u0259 d\u00fcz\u0259lib. 2018-ci il dekar\u0131n 29-d\u0259k h\u0259min v\u0259zif\u0259d\u0259 i\u015fl\u0259yib. Bu v\u0259zif\u0259ni t\u0259k icra etm\u0259yib. Onunla birg\u0259 21 n\u0259f\u0259r d\u0259 bu v\u0259zif\u0259d\u0259 \u00e7al\u0131\u015f\u0131b. Duman \u018fzizov deyir ki, onlara 2018-ci ilin sonunda bir \u0259riz\u0259y\u0259 qol \u00e7\u0259kdiribl\u0259r. Deyibl\u0259r ki, bu \u0259riz\u0259 \u0259sas\u0131nda onlar\u0131 ba\u015fqa t\u0259\u015fkilata k\u00f6\u00e7\u00fcr\u0259c\u0259kl\u0259r. Ancaq bel\u0259 olmay\u0131b:\n<\/p>\n<p>\n  \u201c\u0130nand\u0131q, imzalad\u0131q. Bundan sonra bizi he\u00e7 yer\u0259 k\u00f6\u00e7\u00fcrm\u0259dil\u0259r, el\u0259c\u0259 i\u015fd\u0259n \u00e7\u0131xard\u0131lar. M\u0259n v\u0259 m\u0259nd\u0259n sonra g\u0259l\u0259n b\u00fct\u00fcn \u0259m\u0259kda\u015flar i\u015fl\u0259diyimiz m\u00fcdd\u0259t \u0259rzind\u0259 m\u0259zuniyy\u0259t g\u00f6rm\u0259mi\u015fik. \u0130stirah\u0259t n\u0259dir, bilm\u0259mi\u015fik. Ancaq t\u0259sad\u00fcfi halda \u00e7oxlu qar ya\u011farsa, bir ne\u00e7\u0259 g\u00fcn evd\u0259 qalm\u0131\u015f\u0131q. Buna baxmayaraq, m\u0259zuniyy\u0259t haqlar\u0131m\u0131z\u0131 almam\u0131\u015f\u0131q\u201d.\n<\/p>\n<p>\n  \u015eikay\u0259t\u00e7i deyir ki, onlar\u0131 i\u015fd\u0259n \u00e7\u0131xaranda qanunla 3 ayl\u0131q \u0259m\u0259k haqlar\u0131n\u0131 \u00f6d\u0259m\u0259li idil\u0259r. Ancaq bunu da etm\u0259yibl\u0259r:\n<\/p>\n<p>\n  \u201cN\u0259 kompensasiya, n\u0259 d\u0259 m\u0259zuniyy\u0259t haqlar\u0131m\u0131z \u00f6d\u0259ndi. M\u0259n i\u015fd\u0259n \u00e7\u0131xd\u0131\u011f\u0131ma g\u00f6r\u0259 naraz\u0131 deyil\u0259m, laz\u0131m deyil i\u015f. He\u00e7 olmasa, 10 illik m\u0259zuniyy\u0259t kompensasiyam\u0131 v\u0259 3 ayl\u0131q \u00f6d\u0259m\u0259mi versinl\u0259r\u201d.\n<\/p>\n<p>\n  \u015eikay\u0259t\u00e7il\u0259rd\u0259n biri d\u0259 B\u0259hruz \u0130smay\u0131lovdur. Haz\u0131rda i\u015fsizdir v\u0259 ail\u0259sini doland\u0131rmaqda \u00e7\u0259tinlik \u00e7\u0259kdiyini s\u00f6yl\u0259yir. Deyir, \u015eirvan Meyv\u0259\u00e7ilik M\u0259rk\u0259zi 2011-ci ild\u0259 \u201c\u015eirvan Holdinq\u201din t\u0259rkibind\u0259 yaran\u0131b. 2012-ci ilin yanvar\u0131nda MMK MMC-y\u0259 \u00e7evrilib. 2017-ci ild\u0259 is\u0259 \u0259halinin rifah\u0131n\u0131 y\u00fcks\u0259ltm\u0259k \u00fc\u00e7\u00fcn meyv\u0259 ba\u011flar\u0131 yarad\u0131l\u0131b. B\u0259hruz \u0130smay\u0131lov da h\u0259min meyv\u0259 ba\u011flar\u0131nda \u00e7al\u0131\u015f\u0131b. \u00d6z\u00fc d\u0259 c\u0259mi 188 manat \u0259m\u0259k haqq\u0131na. Deyir, onsuz da bu pulla ail\u0259sini g\u00fccl\u0259 doland\u0131r\u0131rm\u0131\u015f, indi is\u0259 v\u0259ziyy\u0259ti daha da a\u011f\u0131rla\u015f\u0131b:\n<\/p>\n<p>\n  \u201cU\u015faqlar\u0131m qal\u0131b ac. Onlar\u0131 m\u0259kt\u0259b\u0259 g\u00f6nd\u0259r\u0259 bilmir\u0259m. \u0130\u015f axtar\u0131ram, tapa bilmir\u0259m. Ail\u0259min qar\u015f\u0131s\u0131nda x\u0259cal\u0259tli qalm\u0131\u015fam\u201d.\n<\/p>\n<p>\n  B\u0259hruz \u0130smay\u0131lovun i\u015f\u0259 ehtiyac\u0131 var. Ancaq aylard\u0131r he\u00e7 yerd\u0259 i\u015f tapa bilmir:\n<\/p>\n<p>\n  \u201cSonra da deyirl\u0259r, b\u00f6lg\u0259l\u0259rd\u0259 yeni i\u015f yerl\u0259ri a\u00e7\u0131l\u0131r, insanlar i\u015fl\u0259 t\u0259min edilir. Han\u0131? \u0130\u015fd\u0259n \u00e7\u0131xarmas\u0131nlar, qals\u0131n, yeni i\u015f yeri yaratmaqlar\u0131. Bizi i\u015fd\u0259n aldad\u0131b \u00e7\u0131xar\u0131blar. Ancaq \u0259m\u0259k kitab\u00e7am\u0131za yaz\u0131l\u0131b ki, guya \u00f6z xahi\u015fimizl\u0259 i\u015fd\u0259n ayr\u0131lm\u0131\u015f\u0131q. Bu z\u0259man\u0259d\u0259 kims\u0259 \u00f6zxo\u015funa i\u015fd\u0259n \u00e7\u0131xacaq q\u0259d\u0259r havalanmay\u0131b\u201d.\n<\/p>\n<figure class=\"wp-block-image size-large\">\n  <img decoding=\"async\" src=\"https:\/\/www.meydan.tv\/az\/image_from_ios__1_-jpg-2\/\" alt=\"image_from_ios__1_.jpg\" class=\"wp-image-128385\"\/><figcaption>\n    B\u0259hruz \u0130smay\u0131lov<br \/>\n  <\/figcaption><\/figure>\n<p>\n  Az\u0259r \u0130slamov da \u015fikay\u0259t\u00e7idir. Onun \u015fikay\u0259ti dig\u0259rl\u0259rind\u0259n f\u0259rqlidir. Deyir, o, m\u0259zuniyy\u0259t haqq\u0131n\u0131 al\u0131b. \u0130\u015f d\u0259 tap\u0131b, haz\u0131rda i\u015fsiz deyil. Sad\u0259c\u0259 i\u015fd\u0259n \u00e7\u0131xanda m\u0259lum olub ki, 7 il\u0259 yax\u0131n olan i\u015f staj\u0131 \u0259m\u0259k kitab\u00e7as\u0131na yaz\u0131lmay\u0131b:\n<\/p>\n<p>\n  \u201cBunun s\u0259b\u0259bini soru\u015fanda dedil\u0259r ki, s\u0259n qeyri-leqal i\u015f\u00e7i olmusan. \u018fm\u0259k kitab\u00e7ana staj yazsaq, batar\u0131q biz. \u0130ll\u0259rdir i\u015fl\u0259, \u00e7al\u0131\u015f, vuru\u015f, amma \u0259m\u0259k kitab\u00e7ana he\u00e7 n\u0259 yaz\u0131lmas\u0131n. B\u0259s m\u0259nim bu ill\u0259r \u0259rzind\u0259 \u00f6d\u0259diyim vergi, DSMF-y\u0259 k\u00f6\u00e7\u00fcrd\u00fcy\u00fcm o pullar hara gedib? Bunu dey\u0259n yoxdur. Bu m\u00fc\u0259ssis\u0259 insanlar\u0131n h\u00fcququnu bir madd\u0259 \u00fczr\u0259 pozmay\u0131b. H\u0259r\u0259d\u0259 bir problem var. Ham\u0131s\u0131 da m\u00fcxt\u0259lif. \u0130ll\u0259r \u0259rzind\u0259 3 d\u0259f\u0259 ad\u0131n\u0131 d\u0259yi\u015fib ki, soru\u015fanda desinl\u0259r bizlik deyil. Bu, b\u00f6y\u00fck f\u0131r\u0131ldaq\u00e7\u0131l\u0131qd\u0131r. D\u00f6vl\u0259t hara bax\u0131r?\u201d\n<\/p>\n<p>\n  \u015eikay\u0259t\u00e7il\u0259r deyirl\u0259r ki, G\u00f6y\u00e7ay rayonunda yerl\u0259\u015f\u0259n \u015eirvan Meyv\u0259\u00e7ilik M\u0259rk\u0259zinin i\u015fi \u201cJal\u0259\u201d \u015fir\u0259l\u0259ri istehsal ed\u0259n m\u0259ssis\u0259ni meyv\u0259 il\u0259 t\u0259chiz etm\u0259k olub. \u201cJal\u0259\u201d \u015fir\u0259l\u0259ri \u201cGilan\u201d Q\u0259b\u0259l\u0259 Konserv Zavodunun istehsal\u0131d\u0131r. Bu zavod is\u0259 \u201cGilan Holdinq\u201din t\u0259rkibind\u0259dir.\n<\/p>\n<p>\n  <a href=\"https:\/\/www.meydan.tv\/az\/article\/eliyev-ve-heyderovlarin-dubaydaki-emlak-imperiyasi\/\"><br \/>\n    Yeni jurnalist<br \/>\n  <\/a><br \/>\n  ara\u015fd\u0131rmalar\u0131 il\u0259 s\u00fcbut olunub ki, \u00f6lk\u0259 ba\u015f\u00e7\u0131s\u0131 \u0130lham \u018fliyevin q\u0131zlar\u0131 \u201cGilan Holdinq\u201dd\u0259 b\u00f6y\u00fck pay sahibidirl\u0259r.\n<\/p>\n<p>\n  \u201cGilan Holdinq\u201din m\u00fclkiyy\u0259t strukturuna dair m\u00f6vcud yegan\u0259 s\u0259n\u0259d \u015firk\u0259tin 2005-ci ild\u0259 yarad\u0131ld\u0131\u011f\u0131n\u0131 v\u0259 onun Heyd\u0259rovlar ail\u0259sin\u0259 m\u0259xsus oldu\u011funu g\u00f6st\u0259rir.\n<\/p>\n<p>\n  Ancaq indi &#8211; \u018fliyevin q\u0131zlar\u0131n\u0131n \u201cGilan Holdinq\u201dd\u0259 sahib oldu\u011fu b\u00f6y\u00fck pay haqq\u0131nda yeni a\u00e7\u0131qlamalar veril\u0259nd\u0259 m\u0259lum olur ki, Heyd\u0259rovlar h\u0259m \u018fliyevl\u0259r ail\u0259sinin vasit\u0259\u00e7isi kimi f\u0259aliyy\u0259t g\u00f6st\u0259rir, h\u0259m d\u0259 \u015firk\u0259tin idar\u0259etm\u0259si d\u0259yi\u015fdirilib v\u0259 ya sat\u0131l\u0131b.\n<\/p>\n<p>\n  \u015eikay\u0259t\u00e7il\u0259r h\u00fcquqlar\u0131n\u0131n b\u0259rpas\u0131na yard\u0131m etm\u0259si \u00fc\u00e7\u00fcn Prezident \u0130lham \u018fliyev\u0259, Birinci vitse-prezident Mehriban \u018fliyevaya m\u00fcraci\u0259t edirl\u0259r. Xahi\u015f edirl\u0259r ki, onlar\u0131n h\u00fcquqlar\u0131n\u0131 pozan m\u0259murlar\u0131, el\u0259c\u0259 d\u0259 \u201cGilan Holdinq\u201di c\u0259zaland\u0131rs\u0131nlar:\n<\/p>\n<p>\n  \u201cNolar, biz\u0259 k\u00f6m\u0259k edin. \u00c7ox pis v\u0259ziyy\u0259td\u0259yik. Bizim h\u00fcquqlar\u0131m\u0131z pozulub. Bunu ed\u0259n m\u0259murlar\u0131n c\u0259zaland\u0131r\u0131lmas\u0131na g\u00f6st\u0259ri\u015f verin\u201d.\n<\/p>\n<p>\n  Ke\u00e7mi\u015f \u015eirvan Meyv\u0259\u00e7ilik M\u0259rk\u0259zi, haz\u0131rda is\u0259 \u201cGilan Orchard\u201d \u015firk\u0259tinin G\u00f6y\u00e7aydak\u0131 direktoru \u0130lham \u015e\u00fck\u00fcrov i\u015f\u00e7il\u0259rin s\u00f6yl\u0259dikl\u0259rini yalanlay\u0131b. Bildirib ki, onlar ham\u0131s\u0131 b\u00f6htan at\u0131rlar:\n<\/p>\n<p>\n  \u201c\u0130\u015fl\u0259dikl\u0259ri m\u00fcdd\u0259td\u0259 ham\u0131s\u0131n\u0131n staj\u0131 \u0259m\u0259k kitab\u00e7as\u0131na yaz\u0131l\u0131b. Ham\u0131s\u0131 m\u0259zuniyy\u0259t haqlar\u0131n\u0131 al\u0131blar v\u0259 he\u00e7 kim qanunsuz i\u015fd\u0259n xaric edilm\u0259yib\u201d.\n<\/p>\n<p>\n  H\u00fcquq\u015f\u00fcnas Fariz Namazl\u0131 deyir ki, i\u015f\u00e7il\u0259r \u0259g\u0259r r\u0259smi olaraq vergi v\u0259 s\u0131\u011forta \u00f6d\u0259yibl\u0259rs\u0259, onlar\u0131n \u0259m\u0259k staj\u0131 yaz\u0131lmal\u0131d\u0131r. Ola bil\u0259r ki, m\u00fc\u0259ssis\u0259 h\u0259min \u00f6d\u0259ni\u015fl\u0259ri \u00f6d\u0259m\u0259yib v\u0259 i\u015f\u00e7il\u0259ri qeyri-r\u0259smi i\u015fl\u0259dib:\n<\/p>\n<p>\n  \u201c\u00c7ox g\u00fcman ki, i\u015f\u00e7il\u0259rd\u0259 \u0259m\u0259k m\u00fcqavil\u0259l\u0259ri d\u0259 yoxdur. \u018fg\u0259r m\u00fcqavil\u0259nin sur\u0259ti onlarda olsa, o halda, 7 il \u0259rzind\u0259 orada i\u015fl\u0259dikl\u0259rini t\u0259sdiq ed\u0259 bil\u0259rl\u0259r. H\u0259r bir halda, onlar D\u00f6vl\u0259t \u018fm\u0259k M\u00fcf\u0259tti\u015fliyin\u0259 \u015fikay\u0259t versinl\u0259r, m\u00fcf\u0259tti\u015flik bu m\u0259s\u0259l\u0259 il\u0259 ba\u011fl\u0131 ara\u015fd\u0131rma apars\u0131n\u201d.\n<\/p>\n<p>\n  M\u0259zuniyy\u0259t pullar\u0131n\u0131n verilm\u0259m\u0259sin\u0259 g\u0259linc\u0259, h\u00fcquq\u015f\u00fcnas deyir ki, bununla ba\u011fl\u0131 i\u015fd\u0259n \u00e7\u0131xd\u0131qlar\u0131 vaxtdan 1 il \u0259rzind\u0259 m\u0259hk\u0259m\u0259y\u0259 m\u00fcraci\u0259t ed\u0259 bil\u0259rl\u0259r.<\/p>\n","protected":false},"excerpt":{"rendered":"<p>Sad\u0259c\u0259 i\u015fd\u0259n \u00e7\u0131xanda m\u0259lum olub ki, 7 il\u0259 yax\u0131n olan i\u015f staj\u0131 \u0259m\u0259k kitab\u00e7as\u0131na yaz\u0131lmay\u0131b<\/p>\n","protected":false},"author":11,"featured_media":128373,"comment_status":"closed","ping_status":"open","sticky":false,"template":"","format":"standard","meta":{"_acf_changed":false,"_sitemap_exclude":false,"_sitemap_priority":"","_sitemap_frequency":"","footnotes":""},"categories":[60],"tags":[],"class_list":["post-196636","post","type-post","status-publish","format-standard","has-post-thumbnail","hentry","category-bolge","infinite-scroll-item","generate-columns","tablet-grid-50","mobile-grid-100","grid-parent","grid-33","no-featured-image-padding"],"acf":[],"yoast_head":"<!-- This site is optimized with the Yoast SEO plugin v27.5 - https:\/\/yoast.com\/product\/yoast-seo-wordpress\/ -->\n<title>\u201c\u201cGilan Holdinq\u201d bizim h\u00fcquqlar\u0131m\u0131z\u0131 pozub\u201d - MEYDAN.TV<\/title>\n<meta name=\"robots\" content=\"index, follow, max-snippet:-1, max-image-preview:large, max-video-preview:-1\" \/>\n<link rel=\"canonical\" href=\"https:\/\/www.meydan.tv\/az\/article\/gilan-holdinq-bizim-huquqlarimizi-pozub\/\" \/>\n<meta property=\"og:locale\" content=\"az_AZ\" \/>\n<meta property=\"og:type\" content=\"article\" \/>\n<meta property=\"og:title\" content=\"\u201c\u201cGilan Holdinq\u201d bizim h\u00fcquqlar\u0131m\u0131z\u0131 pozub\u201d - MEYDAN.TV\" \/>\n<meta property=\"og:description\" content=\"Sad\u0259c\u0259 i\u015fd\u0259n \u00e7\u0131xanda m\u0259lum olub ki, 7 il\u0259 yax\u0131n olan i\u015f staj\u0131 \u0259m\u0259k kitab\u00e7as\u0131na yaz\u0131lmay\u0131b\" \/>\n<meta property=\"og:url\" content=\"https:\/\/www.meydan.tv\/az\/article\/gilan-holdinq-bizim-huquqlarimizi-pozub\/\" \/>\n<meta property=\"og:site_name\" content=\"MEYDAN.TV\" \/>\n<meta property=\"article:published_time\" content=\"2019-08-21T13:52:37+00:00\" \/>\n<meta property=\"og:image\" content=\"https:\/\/www.meydan.tv\/wp-content\/uploads\/image_from_ios_4_vqtswif-scaled.jpg\" \/>\n\t<meta property=\"og:image:width\" content=\"2560\" \/>\n\t<meta property=\"og:image:height\" content=\"1920\" \/>\n\t<meta property=\"og:image:type\" content=\"image\/jpeg\" \/>\n<meta name=\"author\" content=\"user-manager\" \/>\n<meta name=\"twitter:card\" content=\"summary_large_image\" \/>\n<script type=\"application\/ld+json\" class=\"yoast-schema-graph\">{\"@context\":\"https:\\\/\\\/schema.org\",\"@graph\":[{\"@type\":\"Article\",\"@id\":\"https:\\\/\\\/www.meydan.tv\\\/az\\\/article\\\/gilan-holdinq-bizim-huquqlarimizi-pozub\\\/#article\",\"isPartOf\":{\"@id\":\"https:\\\/\\\/www.meydan.tv\\\/az\\\/article\\\/gilan-holdinq-bizim-huquqlarimizi-pozub\\\/\"},\"author\":{\"name\":\"user-manager\",\"@id\":\"https:\\\/\\\/www.meydan.tv\\\/az\\\/#\\\/schema\\\/person\\\/10d11eccf6da3662cf5fdab9806ea91a\"},\"headline\":\"\u201c\u201cGilan Holdinq\u201d bizim h\u00fcquqlar\u0131m\u0131z\u0131 pozub\u201d\",\"datePublished\":\"2019-08-21T13:52:37+00:00\",\"mainEntityOfPage\":{\"@id\":\"https:\\\/\\\/www.meydan.tv\\\/az\\\/article\\\/gilan-holdinq-bizim-huquqlarimizi-pozub\\\/\"},\"wordCount\":1245,\"publisher\":{\"@id\":\"https:\\\/\\\/www.meydan.tv\\\/az\\\/#organization\"},\"image\":{\"@id\":\"https:\\\/\\\/www.meydan.tv\\\/az\\\/article\\\/gilan-holdinq-bizim-huquqlarimizi-pozub\\\/#primaryimage\"},\"thumbnailUrl\":\"https:\\\/\\\/www.meydan.tv\\\/wp-content\\\/uploads\\\/image_from_ios_4_vqtswif-scaled.jpg\",\"articleSection\":[\"B\u00f6lg\u0259\"],\"inLanguage\":\"az\"},{\"@type\":\"WebPage\",\"@id\":\"https:\\\/\\\/www.meydan.tv\\\/az\\\/article\\\/gilan-holdinq-bizim-huquqlarimizi-pozub\\\/\",\"url\":\"https:\\\/\\\/www.meydan.tv\\\/az\\\/article\\\/gilan-holdinq-bizim-huquqlarimizi-pozub\\\/\",\"name\":\"\u201c\u201cGilan Holdinq\u201d bizim h\u00fcquqlar\u0131m\u0131z\u0131 pozub\u201d - MEYDAN.TV\",\"isPartOf\":{\"@id\":\"https:\\\/\\\/www.meydan.tv\\\/az\\\/#website\"},\"primaryImageOfPage\":{\"@id\":\"https:\\\/\\\/www.meydan.tv\\\/az\\\/article\\\/gilan-holdinq-bizim-huquqlarimizi-pozub\\\/#primaryimage\"},\"image\":{\"@id\":\"https:\\\/\\\/www.meydan.tv\\\/az\\\/article\\\/gilan-holdinq-bizim-huquqlarimizi-pozub\\\/#primaryimage\"},\"thumbnailUrl\":\"https:\\\/\\\/www.meydan.tv\\\/wp-content\\\/uploads\\\/image_from_ios_4_vqtswif-scaled.jpg\",\"datePublished\":\"2019-08-21T13:52:37+00:00\",\"breadcrumb\":{\"@id\":\"https:\\\/\\\/www.meydan.tv\\\/az\\\/article\\\/gilan-holdinq-bizim-huquqlarimizi-pozub\\\/#breadcrumb\"},\"inLanguage\":\"az\",\"potentialAction\":[{\"@type\":\"ReadAction\",\"target\":[\"https:\\\/\\\/www.meydan.tv\\\/az\\\/article\\\/gilan-holdinq-bizim-huquqlarimizi-pozub\\\/\"]}]},{\"@type\":\"ImageObject\",\"inLanguage\":\"az\",\"@id\":\"https:\\\/\\\/www.meydan.tv\\\/az\\\/article\\\/gilan-holdinq-bizim-huquqlarimizi-pozub\\\/#primaryimage\",\"url\":\"https:\\\/\\\/www.meydan.tv\\\/wp-content\\\/uploads\\\/image_from_ios_4_vqtswif-scaled.jpg\",\"contentUrl\":\"https:\\\/\\\/www.meydan.tv\\\/wp-content\\\/uploads\\\/image_from_ios_4_vqtswif-scaled.jpg\",\"width\":2560,\"height\":1920,\"caption\":\"Source: Specify Source\"},{\"@type\":\"BreadcrumbList\",\"@id\":\"https:\\\/\\\/www.meydan.tv\\\/az\\\/article\\\/gilan-holdinq-bizim-huquqlarimizi-pozub\\\/#breadcrumb\",\"itemListElement\":[{\"@type\":\"ListItem\",\"position\":1,\"name\":\"Ana s\u0259hif\u0259\",\"item\":\"https:\\\/\\\/www.meydan.tv\\\/az\\\/\"},{\"@type\":\"ListItem\",\"position\":2,\"name\":\"B\u00f6lg\u0259\",\"item\":\"https:\\\/\\\/www.meydan.tv\\\/az\\\/section\\\/bolge\\\/\"},{\"@type\":\"ListItem\",\"position\":3,\"name\":\"\u201c\u201cGilan Holdinq\u201d bizim h\u00fcquqlar\u0131m\u0131z\u0131 pozub\u201d\"}]},{\"@type\":\"WebSite\",\"@id\":\"https:\\\/\\\/www.meydan.tv\\\/az\\\/#website\",\"url\":\"https:\\\/\\\/www.meydan.tv\\\/az\\\/\",\"name\":\"MEYDAN.TV\",\"description\":\"Meydan TV Az\u0259rbaycan\u0131n media m\u0259kan\u0131ndak\u0131 alternativ s\u0259sidir\",\"publisher\":{\"@id\":\"https:\\\/\\\/www.meydan.tv\\\/az\\\/#organization\"},\"potentialAction\":[{\"@type\":\"SearchAction\",\"target\":{\"@type\":\"EntryPoint\",\"urlTemplate\":\"https:\\\/\\\/www.meydan.tv\\\/az\\\/?s={search_term_string}\"},\"query-input\":{\"@type\":\"PropertyValueSpecification\",\"valueRequired\":true,\"valueName\":\"search_term_string\"}}],\"inLanguage\":\"az\"},{\"@type\":\"Organization\",\"@id\":\"https:\\\/\\\/www.meydan.tv\\\/az\\\/#organization\",\"name\":\"Meydan TV\",\"url\":\"https:\\\/\\\/www.meydan.tv\\\/az\\\/\",\"logo\":{\"@type\":\"ImageObject\",\"inLanguage\":\"az\",\"@id\":\"https:\\\/\\\/www.meydan.tv\\\/az\\\/#\\\/schema\\\/logo\\\/image\\\/\",\"url\":\"https:\\\/\\\/www.meydan.tv\\\/wp-content\\\/uploads\\\/2021\\\/07\\\/meydan-logo.svg\",\"contentUrl\":\"https:\\\/\\\/www.meydan.tv\\\/wp-content\\\/uploads\\\/2021\\\/07\\\/meydan-logo.svg\",\"width\":195,\"height\":46,\"caption\":\"Meydan TV\"},\"image\":{\"@id\":\"https:\\\/\\\/www.meydan.tv\\\/az\\\/#\\\/schema\\\/logo\\\/image\\\/\"}},{\"@type\":\"Person\",\"@id\":\"https:\\\/\\\/www.meydan.tv\\\/az\\\/#\\\/schema\\\/person\\\/10d11eccf6da3662cf5fdab9806ea91a\",\"name\":\"user-manager\"}]}<\/script>\n<!-- \/ Yoast SEO plugin. -->","yoast_head_json":{"title":"\u201c\u201cGilan Holdinq\u201d bizim h\u00fcquqlar\u0131m\u0131z\u0131 pozub\u201d - MEYDAN.TV","robots":{"index":"index","follow":"follow","max-snippet":"max-snippet:-1","max-image-preview":"max-image-preview:large","max-video-preview":"max-video-preview:-1"},"canonical":"https:\/\/www.meydan.tv\/az\/article\/gilan-holdinq-bizim-huquqlarimizi-pozub\/","og_locale":"az_AZ","og_type":"article","og_title":"\u201c\u201cGilan Holdinq\u201d bizim h\u00fcquqlar\u0131m\u0131z\u0131 pozub\u201d - MEYDAN.TV","og_description":"Sad\u0259c\u0259 i\u015fd\u0259n \u00e7\u0131xanda m\u0259lum olub ki, 7 il\u0259 yax\u0131n olan i\u015f staj\u0131 \u0259m\u0259k kitab\u00e7as\u0131na yaz\u0131lmay\u0131b","og_url":"https:\/\/www.meydan.tv\/az\/article\/gilan-holdinq-bizim-huquqlarimizi-pozub\/","og_site_name":"MEYDAN.TV","article_published_time":"2019-08-21T13:52:37+00:00","og_image":[{"width":2560,"height":1920,"url":"https:\/\/www.meydan.tv\/wp-content\/uploads\/image_from_ios_4_vqtswif-scaled.jpg","type":"image\/jpeg"}],"author":"user-manager","twitter_card":"summary_large_image","schema":{"@context":"https:\/\/schema.org","@graph":[{"@type":"Article","@id":"https:\/\/www.meydan.tv\/az\/article\/gilan-holdinq-bizim-huquqlarimizi-pozub\/#article","isPartOf":{"@id":"https:\/\/www.meydan.tv\/az\/article\/gilan-holdinq-bizim-huquqlarimizi-pozub\/"},"author":{"name":"user-manager","@id":"https:\/\/www.meydan.tv\/az\/#\/schema\/person\/10d11eccf6da3662cf5fdab9806ea91a"},"headline":"\u201c\u201cGilan Holdinq\u201d bizim h\u00fcquqlar\u0131m\u0131z\u0131 pozub\u201d","datePublished":"2019-08-21T13:52:37+00:00","mainEntityOfPage":{"@id":"https:\/\/www.meydan.tv\/az\/article\/gilan-holdinq-bizim-huquqlarimizi-pozub\/"},"wordCount":1245,"publisher":{"@id":"https:\/\/www.meydan.tv\/az\/#organization"},"image":{"@id":"https:\/\/www.meydan.tv\/az\/article\/gilan-holdinq-bizim-huquqlarimizi-pozub\/#primaryimage"},"thumbnailUrl":"https:\/\/www.meydan.tv\/wp-content\/uploads\/image_from_ios_4_vqtswif-scaled.jpg","articleSection":["B\u00f6lg\u0259"],"inLanguage":"az"},{"@type":"WebPage","@id":"https:\/\/www.meydan.tv\/az\/article\/gilan-holdinq-bizim-huquqlarimizi-pozub\/","url":"https:\/\/www.meydan.tv\/az\/article\/gilan-holdinq-bizim-huquqlarimizi-pozub\/","name":"\u201c\u201cGilan Holdinq\u201d bizim h\u00fcquqlar\u0131m\u0131z\u0131 pozub\u201d - MEYDAN.TV","isPartOf":{"@id":"https:\/\/www.meydan.tv\/az\/#website"},"primaryImageOfPage":{"@id":"https:\/\/www.meydan.tv\/az\/article\/gilan-holdinq-bizim-huquqlarimizi-pozub\/#primaryimage"},"image":{"@id":"https:\/\/www.meydan.tv\/az\/article\/gilan-holdinq-bizim-huquqlarimizi-pozub\/#primaryimage"},"thumbnailUrl":"https:\/\/www.meydan.tv\/wp-content\/uploads\/image_from_ios_4_vqtswif-scaled.jpg","datePublished":"2019-08-21T13:52:37+00:00","breadcrumb":{"@id":"https:\/\/www.meydan.tv\/az\/article\/gilan-holdinq-bizim-huquqlarimizi-pozub\/#breadcrumb"},"inLanguage":"az","potentialAction":[{"@type":"ReadAction","target":["https:\/\/www.meydan.tv\/az\/article\/gilan-holdinq-bizim-huquqlarimizi-pozub\/"]}]},{"@type":"ImageObject","inLanguage":"az","@id":"https:\/\/www.meydan.tv\/az\/article\/gilan-holdinq-bizim-huquqlarimizi-pozub\/#primaryimage","url":"https:\/\/www.meydan.tv\/wp-content\/uploads\/image_from_ios_4_vqtswif-scaled.jpg","contentUrl":"https:\/\/www.meydan.tv\/wp-content\/uploads\/image_from_ios_4_vqtswif-scaled.jpg","width":2560,"height":1920,"caption":"Source: Specify Source"},{"@type":"BreadcrumbList","@id":"https:\/\/www.meydan.tv\/az\/article\/gilan-holdinq-bizim-huquqlarimizi-pozub\/#breadcrumb","itemListElement":[{"@type":"ListItem","position":1,"name":"Ana s\u0259hif\u0259","item":"https:\/\/www.meydan.tv\/az\/"},{"@type":"ListItem","position":2,"name":"B\u00f6lg\u0259","item":"https:\/\/www.meydan.tv\/az\/section\/bolge\/"},{"@type":"ListItem","position":3,"name":"\u201c\u201cGilan Holdinq\u201d bizim h\u00fcquqlar\u0131m\u0131z\u0131 pozub\u201d"}]},{"@type":"WebSite","@id":"https:\/\/www.meydan.tv\/az\/#website","url":"https:\/\/www.meydan.tv\/az\/","name":"MEYDAN.TV","description":"Meydan TV Az\u0259rbaycan\u0131n media m\u0259kan\u0131ndak\u0131 alternativ s\u0259sidir","publisher":{"@id":"https:\/\/www.meydan.tv\/az\/#organization"},"potentialAction":[{"@type":"SearchAction","target":{"@type":"EntryPoint","urlTemplate":"https:\/\/www.meydan.tv\/az\/?s={search_term_string}"},"query-input":{"@type":"PropertyValueSpecification","valueRequired":true,"valueName":"search_term_string"}}],"inLanguage":"az"},{"@type":"Organization","@id":"https:\/\/www.meydan.tv\/az\/#organization","name":"Meydan TV","url":"https:\/\/www.meydan.tv\/az\/","logo":{"@type":"ImageObject","inLanguage":"az","@id":"https:\/\/www.meydan.tv\/az\/#\/schema\/logo\/image\/","url":"https:\/\/www.meydan.tv\/wp-content\/uploads\/2021\/07\/meydan-logo.svg","contentUrl":"https:\/\/www.meydan.tv\/wp-content\/uploads\/2021\/07\/meydan-logo.svg","width":195,"height":46,"caption":"Meydan TV"},"image":{"@id":"https:\/\/www.meydan.tv\/az\/#\/schema\/logo\/image\/"}},{"@type":"Person","@id":"https:\/\/www.meydan.tv\/az\/#\/schema\/person\/10d11eccf6da3662cf5fdab9806ea91a","name":"user-manager"}]}},"_links":{"self":[{"href":"https:\/\/www.meydan.tv\/az\/wp-json\/wp\/v2\/posts\/196636","targetHints":{"allow":["GET"]}}],"collection":[{"href":"https:\/\/www.meydan.tv\/az\/wp-json\/wp\/v2\/posts"}],"about":[{"href":"https:\/\/www.meydan.tv\/az\/wp-json\/wp\/v2\/types\/post"}],"author":[{"embeddable":true,"href":"https:\/\/www.meydan.tv\/az\/wp-json\/wp\/v2\/users\/11"}],"replies":[{"embeddable":true,"href":"https:\/\/www.meydan.tv\/az\/wp-json\/wp\/v2\/comments?post=196636"}],"version-history":[{"count":0,"href":"https:\/\/www.meydan.tv\/az\/wp-json\/wp\/v2\/posts\/196636\/revisions"}],"wp:featuredmedia":[{"embeddable":true,"href":"https:\/\/www.meydan.tv\/az\/wp-json\/wp\/v2\/media\/128373"}],"wp:attachment":[{"href":"https:\/\/www.meydan.tv\/az\/wp-json\/wp\/v2\/media?parent=196636"}],"wp:term":[{"taxonomy":"category","embeddable":true,"href":"https:\/\/www.meydan.tv\/az\/wp-json\/wp\/v2\/categories?post=196636"},{"taxonomy":"post_tag","embeddable":true,"href":"https:\/\/www.meydan.tv\/az\/wp-json\/wp\/v2\/tags?post=196636"}],"curies":[{"name":"wp","href":"https:\/\/api.w.org\/{rel}","templated":true}]}}