{"id":196627,"date":"2019-08-20T13:41:53","date_gmt":"2019-08-20T13:41:53","guid":{"rendered":"https:\/\/www.meydan.tv\/article\/agsu-sakini-heyat-yoldasim-isde-xesaret-aldi-basqa-adla-senedlesdirdiler\/"},"modified":"2019-08-20T13:41:53","modified_gmt":"2019-08-20T13:41:53","slug":"agsu-sakini-heyat-yoldasim-isde-xesaret-aldi-basqa-adla-senedlesdirdiler","status":"publish","type":"post","link":"https:\/\/www.meydan.tv\/az\/article\/agsu-sakini-heyat-yoldasim-isde-xesaret-aldi-basqa-adla-senedlesdirdiler\/","title":{"rendered":"A\u011fsu sakini: H\u0259yat yolda\u015f\u0131m i\u015fd\u0259 x\u0259sar\u0259t ald\u0131, ba\u015fqa adla s\u0259n\u0259dl\u0259\u015fdirdil\u0259r"},"content":{"rendered":"<p>\n  <i><br \/>\n    \u201cYolda\u015f\u0131m tikinti \u015firk\u0259tind\u0259 i\u015f\u0259 d\u00fcz\u0259l\u0259nd\u0259, onunla \u0259m\u0259k v\u0259 s\u0131\u011forta m\u00fcqavil\u0259si ba\u011flanmam\u0131\u015fd\u0131\u201d<br \/>\n  <\/i>\n<\/p>\n<p>\n  \u201cH\u0259yat yolda\u015f\u0131m 2013-c\u00fc ild\u0259 Hac\u0131qabula f\u0259hl\u0259 kimi i\u015fl\u0259m\u0259y\u0259 getdi. He\u00e7 bir h\u0259ft\u0259 ke\u00e7m\u0259di ki, i\u015fl\u0259diyi tikinti \u015firk\u0259tind\u0259 \u201ckozyol\u201dun \u00fcst\u00fcnd\u0259n y\u0131x\u0131ld\u0131, \u0259lil oldu\u201d.\n<\/p>\n<p>\n  Bu s\u00f6zl\u0259ri Meydan TV-y\u0259 A\u011fsu rayonu, Abbasxanl\u0131 k\u0259nd sakini F\u0259rid\u0259 Q\u0259mb\u0259rova deyir. Onun s\u00f6zl\u0259rin\u0259 g\u00f6r\u0259, 1970-ci il t\u0259v\u0259ll\u00fcdl\u00fc h\u0259yat yolda\u015f\u0131 A\u011fas\u0259f Q\u0259mb\u0259rov G\u00fcl\u0259s\u0259n o\u011flu i\u015fd\u0259 y\u0131x\u0131landan sonra ciddi x\u0259sar\u0259t al\u0131b, indi n\u0259 g\u0259z\u0259, n\u0259 d\u0259 dan\u0131\u015fa bilir:\n<\/p>\n<p>\n  \u201cY\u0131x\u0131landa, ba\u015f\u0131ndan z\u0259d\u0259 al\u0131b, qula\u011f\u0131ndan qan g\u0259lib. \u015eirk\u0259t \u0259m\u0259kda\u015flar\u0131 onu \u015eirvan Rayon M\u0259rk\u0259zi X\u0259st\u0259xanas\u0131na apar\u0131blar. T\u0259xmin\u0259n \u00fc\u00e7 ay yar\u0131m orada yatd\u0131. Haz\u0131rda ba\u015f\u0131nda damar\u0131n birind\u0259 laxtalanma gedib, ona g\u00f6r\u0259 d\u0259 aya\u011fa qalxa bilmir, iflic v\u0259ziyy\u0259tin\u0259 d\u00fc\u015f\u00fcb.\n<\/p>\n<p>\n  S\u0259hiyy\u0259 Nazirliyin\u0259 m\u0259ktub yazd\u0131q, y\u00f6nl\u0259ndirdil\u0259r A\u011fsu M\u0259rk\u0259zi Rayon X\u0259st\u0259xanas\u0131na. Orada da ancaq m\u00fcalic\u0259 edirl\u0259r. M\u0259nim ist\u0259diyim odur ki, he\u00e7 olmasa, \u0259sa il\u0259 qalx\u0131b yerisin. Maddi imkan\u0131m\u0131z yoxdur, birt\u0259h\u0259r dolan\u0131r\u0131q. \u0130ki u\u015faq b\u00f6y\u00fcd\u00fcr\u0259m. Yolda\u015f\u0131m x\u0259st\u0259dir dey\u0259, onu qoyub, gedib hardasa i\u015fl\u0259y\u0259 bilmir\u0259m. Birinci qrup \u0259lildir, iki y\u00fcz manat t\u0259qa\u00fcd al\u0131r, onu da \u201cPampers\u201din\u0259 verir\u0259m. H\u0259min puldan bir manat art\u0131q m\u00fcalic\u0259sin\u0259 x\u0259rcl\u0259y\u0259 bilmir\u0259m. U\u015faq deyil ki, saxlaya bil\u0259s\u0259n. T\u0259k\u0259m, ail\u0259nin y\u00fck\u00fc m\u0259nim \u00fcst\u00fcm\u0259 qal\u0131b. Yeddi ildir ki, z\u00fclm \u00e7\u0259kir\u0259m\u201d.\n<\/p>\n<p>\n  Maral Q\u0259mb\u0259rova h\u0259yat yolda\u015f\u0131n\u0131n yataq x\u0259st\u0259si olmas\u0131nda qay\u0131n\u0131 Yal\u00e7\u0131n Q\u0259mb\u0259rovu t\u0259qsirkar bilir. \u0130ddia edir ki, qay\u0131n\u0131 ondan x\u0259b\u0259rsiz, h\u0259min \u015firk\u0259tl\u0259 s\u00f6vd\u0259l\u0259\u015f\u0259r\u0259k, k\u00fclli miqdarda pul alaraq m\u0259nims\u0259yib:\n<\/p>\n<p>\n  \u201cYolda\u015f\u0131m\u0131 g\u00f6rd\u00fcy\u00fcn\u00fcz duruma qarda\u015f\u0131 Yal\u00e7\u0131n Q\u0259mb\u0259rov sal\u0131b. M\u0259ni aldatd\u0131, x\u0259st\u0259xanaya gedib, \u0259rim\u0259 ba\u015f \u00e7\u0259km\u0259y\u0259 bel\u0259 qoymad\u0131. Dedi ki, m\u0259n onun yan\u0131ndayam, s\u0259n niy\u0259 g\u0259lirs\u0259n? Yolda\u015f\u0131m tikinti \u015firk\u0259tind\u0259 i\u015f\u0259 d\u00fcz\u0259l\u0259nd\u0259, onunla \u0259m\u0259k v\u0259 s\u0131\u011forta m\u00fcqavil\u0259si ba\u011flanmam\u0131\u015fd\u0131. Qay\u0131n\u0131m dedi ki, m\u0259n \u00f6z\u00fcm b\u00fct\u00fcn i\u015fl\u0259ri h\u0259ll ed\u0259c\u0259y\u0259m, s\u0259n qar\u0131\u015fma. Sonradan m\u0259lum oldu ki, m\u0259nd\u0259n x\u0259b\u0259rsiz tikinti \u015firk\u0259ti il\u0259 raz\u0131l\u0131\u011fa g\u0259lib. Onlardan k\u00fclli miqdarda pul al\u0131b. \u018fv\u0259zind\u0259 d\u0259 dilind\u0259n ka\u011f\u0131z verib ki, guya yolda\u015f\u0131m f\u0259rdi m\u0259nzild\u0259 usta i\u015fl\u0259y\u0259nd\u0259 y\u0131x\u0131l\u0131b. M\u0259n b\u00fct\u00fcn bunlar\u0131 sonradan bildim. Qay\u0131n\u0131m\u0131n yan\u0131nda \u015firk\u0259td\u0259n olan h\u0259min adama z\u0259ng etdim. Dedi ki, xan\u0131m, bizi narahat etm\u0259, i\u015f ba\u011flan\u0131b. Ona ist\u0259diyi m\u0259bl\u0259\u011fi vermi\u015fik. H\u0259min \u015firk\u0259tin ad\u0131 h\u0259l\u0259 d\u0259 m\u0259lum deyil, ill\u0259rdir \u00f6yr\u0259n\u0259 bilmirik, qay\u0131n\u0131m gizl\u0259dir. Art\u0131q bu hadis\u0259y\u0259 g\u00f6r\u0259 onunla d\u00fc\u015fm\u0259n olmu\u015fam. \u00c7\u00fcnki \u0259rimi o, \u015fik\u0259st edib. Vaxt\u0131nda \u00fcst\u00fcn\u0259 d\u00fc\u015fs\u0259ydik, d\u00fczg\u00fcn m\u00fcalic\u0259 aparsayd\u0131q, bel\u0259 olmazd\u0131. Yalandan dedi ki, \u015firk\u0259t \u00fc\u00e7 min manat pul verib. H\u0259min pulla da A\u011fas\u0259fi iki d\u0259f\u0259 \u0130rana apard\u0131, m\u00fcalic\u0259 als\u0131n, he\u00e7 bir effekti olmad\u0131. \u018fksin\u0259, s\u0259hh\u0259ti daha da a\u011f\u0131rla\u015fd\u0131\u201d.\n<\/p>\n<figure class=\"wp-block-image size-large\">\n  <img decoding=\"async\" src=\"https:\/\/www.meydan.tv\/az\/69005903_2949408355101606_5597523833406881792_n-jpg\/\" alt=\"69005903_2949408355101606_5597523833406881792_n.jpg\" class=\"wp-image-128337\"\/><figcaption>\n    F\u0259rid\u0259 Q\u0259mb\u0259rova<br \/>\n  <\/figcaption><\/figure>\n<p>\n  Yal\u00e7\u0131n Q\u0259mb\u0259rov Meydan TV \u0259m\u0259kda\u015f\u0131 il\u0259 s\u00f6hb\u0259tind\u0259 Maral Q\u0259mb\u0259rovan\u0131n ona qar\u015f\u0131 ir\u0259li s\u00fcrd\u00fcy\u00fc ittiham\u0131n \u0259sass\u0131z oldu\u011funu bildirdi:\n<\/p>\n<p>\n  \u201cMaral m\u0259n\u0259 \u015f\u0259r-b\u00f6htan at\u0131r. Qarda\u015f\u0131m q\u0259za ke\u00e7ir\u0259nd\u0259n sonra \u015eirvanda x\u0259st\u0259xanaya yerl\u0259\u015fdirilmi\u015fdi. M\u0259n getmi\u015f\u0259m, onu oradan g\u00f6t\u00fcr\u00fcb, Respublika Neyroc\u0259rrahiyy\u0259 X\u0259st\u0259xanas\u0131na aparm\u0131\u015fam, \u00fc\u00e7 ay yar\u0131m orada yat\u0131b. H\u0259kim dedi ki, qarda\u015f\u0131m 2-3 aya yeriy\u0259c\u0259k, g\u0259z\u0259 bil\u0259c\u0259k.\n<\/p>\n<p>\n  Tikinti \u015firk\u0259tind\u0259n Emin adl\u0131 \u015f\u0259xs var idi. O dedi ki, \u0259g\u0259r m\u00fcalic\u0259 olacaqsa, bu m\u0259s\u0259l\u0259d\u0259 \u015firk\u0259tin ad\u0131 hallanmayacaq. M\u00fcalic\u0259nin ax\u0131r\u0131nda dilinizd\u0259n izahat ver\u0259rsiz ki, qarda\u015f\u0131n\u0131z f\u0259rdi ya\u015fay\u0131\u015f evind\u0259 i\u015fl\u0259y\u0259n zaman y\u0131x\u0131l\u0131b, x\u0259sar\u0259t al\u0131b. \u00dc\u00e7 ay yar\u0131ml\u0131q m\u00fcalic\u0259d\u0259n sonra qarda\u015f\u0131m\u0131 ev\u0259 g\u0259tirdik. H\u0259min Emin adl\u0131 adamla dan\u0131\u015fd\u0131m, dedim ki, bu ail\u0259 imkans\u0131zd\u0131r. O da dedi ki, biz 2-3 ay \u0259rzind\u0259 ail\u0259y\u0259 h\u0259r ay be\u015f-alt\u0131 y\u00fcz manat k\u00f6m\u0259klik ed\u0259 bil\u0259rik. Sonras\u0131 bizlik deyil. Eminl\u0259 \u201c20 Yanvar\u201d metrosu yax\u0131nl\u0131\u011f\u0131nda g\u00f6r\u00fc\u015fd\u00fcm, \u00fc\u00e7 min manat pul verdi. R\u0259smi izahat ald\u0131, bununla da s\u00f6hb\u0259t ba\u011fland\u0131. Y\u0259ni bizi aldatd\u0131lar. Savadl\u0131 bir adam olmad\u0131 ki, bir i\u015f g\u00f6r\u0259k. H\u0259min pulun t\u0259xmin\u0259n \u00fc\u00e7 y\u00fcz manat\u0131 il\u0259 qarda\u015f\u0131ma \u0259lillik d\u0259r\u0259c\u0259si ald\u0131m. Yerd\u0259 qalan pulla onu bir ne\u00e7\u0259 d\u0259f\u0259 \u0130rana, T\u0259briz\u0259 apard\u0131m. \u0130randa dedil\u0259r ki, beyin k\u00f6t\u00fcy\u00fc z\u0259d\u0259l\u0259nib, m\u00fcalic\u0259si ancaq Amerikada m\u00fcmk\u00fcnd\u00fcr. Bu adama \u0259m\u0259liyyat, ciddi m\u00fcalic\u0259 laz\u0131md\u0131r, bizim d\u0259 imkan\u0131m\u0131z yoxdur\u201d.\n<\/p>\n<p>\n  H\u00fcquq\u015f\u00fcnas \u018fl\u0259sg\u0259r M\u0259mm\u0259dli Meydan TV-y\u0259 bildirib ki, \u018fm\u0259k M\u0259c\u0259ll\u0259sin\u0259 g\u00f6r\u0259, i\u015f\u00e7inin \u0259m\u0259k qabiliyy\u0259ti s\u0131\u011fortalanmadan i\u015fl\u0259m\u0259si qada\u011fand\u0131r. \u015eirk\u0259t s\u0131\u011fortas\u0131z, m\u00fcqavil\u0259siz adam i\u015fl\u0259dibs\u0259, buna g\u00f6r\u0259 h\u00fcquqi m\u0259suliyy\u0259t da\u015f\u0131y\u0131r:\n<\/p>\n<p>\n  \u201cMaral Q\u0259mb\u0259rova m\u0259s\u0259l\u0259ni qay\u0131n\u0131 il\u0259 deyil, \u015firk\u0259tl\u0259 ayd\u0131nla\u015fd\u0131rmal\u0131, m\u0259hk\u0259m\u0259y\u0259 verm\u0259lidir. Hadis\u0259 olubsa, qeydl\u0259r\u0259 ke\u00e7ir, protokol v\u0259 sair haz\u0131rlan\u0131r. Qay\u0131n\u0131 bunu gizl\u0259tm\u0259kl\u0259 deyil. \u015eirk\u0259ti ortaya \u00e7\u0131xar\u0131b, m\u0259s\u0259l\u0259ni qanuni m\u00fcst\u0259vid\u0259 h\u0259ll etm\u0259k olar. Ail\u0259 m\u0259s\u0259l\u0259 il\u0259 ba\u011fl\u0131 m\u00fctl\u0259q v\u0259kil xidm\u0259tind\u0259n yararlanmal\u0131d\u0131r\u201d.<\/p>\n","protected":false},"excerpt":{"rendered":"<p>M\u00fcalic\u0259nin ax\u0131r\u0131nda dilinizd\u0259n izahat ver\u0259rsiz ki, qarda\u015f\u0131n\u0131z f\u0259rdi ya\u015fay\u0131\u015f evind\u0259 i\u015fl\u0259y\u0259n zaman y\u0131x\u0131l\u0131b, x\u0259sar\u0259t al\u0131b.<\/p>\n","protected":false},"author":11,"featured_media":128340,"comment_status":"closed","ping_status":"open","sticky":false,"template":"","format":"standard","meta":{"_acf_changed":false,"_sitemap_exclude":false,"_sitemap_priority":"","_sitemap_frequency":"","footnotes":""},"categories":[60],"tags":[],"class_list":["post-196627","post","type-post","status-publish","format-standard","has-post-thumbnail","hentry","category-bolge","infinite-scroll-item","generate-columns","tablet-grid-50","mobile-grid-100","grid-parent","grid-33","no-featured-image-padding"],"acf":[],"yoast_head":"<!-- This site is optimized with the Yoast SEO plugin v27.5 - https:\/\/yoast.com\/product\/yoast-seo-wordpress\/ -->\n<title>A\u011fsu sakini: H\u0259yat yolda\u015f\u0131m i\u015fd\u0259 x\u0259sar\u0259t ald\u0131, ba\u015fqa adla s\u0259n\u0259dl\u0259\u015fdirdil\u0259r - MEYDAN.TV<\/title>\n<meta name=\"robots\" content=\"index, follow, max-snippet:-1, max-image-preview:large, max-video-preview:-1\" \/>\n<link rel=\"canonical\" href=\"https:\/\/www.meydan.tv\/az\/article\/agsu-sakini-heyat-yoldasim-isde-xesaret-aldi-basqa-adla-senedlesdirdiler\/\" \/>\n<meta property=\"og:locale\" content=\"az_AZ\" \/>\n<meta property=\"og:type\" content=\"article\" \/>\n<meta property=\"og:title\" content=\"A\u011fsu sakini: H\u0259yat yolda\u015f\u0131m i\u015fd\u0259 x\u0259sar\u0259t ald\u0131, ba\u015fqa adla s\u0259n\u0259dl\u0259\u015fdirdil\u0259r - MEYDAN.TV\" \/>\n<meta property=\"og:description\" content=\"M\u00fcalic\u0259nin ax\u0131r\u0131nda dilinizd\u0259n izahat ver\u0259rsiz ki, qarda\u015f\u0131n\u0131z f\u0259rdi ya\u015fay\u0131\u015f evind\u0259 i\u015fl\u0259y\u0259n zaman y\u0131x\u0131l\u0131b, x\u0259sar\u0259t al\u0131b.\" \/>\n<meta property=\"og:url\" content=\"https:\/\/www.meydan.tv\/az\/article\/agsu-sakini-heyat-yoldasim-isde-xesaret-aldi-basqa-adla-senedlesdirdiler\/\" \/>\n<meta property=\"og:site_name\" content=\"MEYDAN.TV\" \/>\n<meta property=\"article:published_time\" content=\"2019-08-20T13:41:53+00:00\" \/>\n<meta property=\"og:image\" content=\"https:\/\/www.meydan.tv\/wp-content\/uploads\/69256977_2949407941768314_8249516459076616192_n.jpg\" \/>\n\t<meta property=\"og:image:width\" content=\"960\" \/>\n\t<meta property=\"og:image:height\" content=\"720\" \/>\n\t<meta property=\"og:image:type\" content=\"image\/jpeg\" \/>\n<meta name=\"author\" content=\"user-manager\" \/>\n<meta name=\"twitter:card\" content=\"summary_large_image\" \/>\n<script type=\"application\/ld+json\" class=\"yoast-schema-graph\">{\"@context\":\"https:\\\/\\\/schema.org\",\"@graph\":[{\"@type\":\"Article\",\"@id\":\"https:\\\/\\\/www.meydan.tv\\\/az\\\/article\\\/agsu-sakini-heyat-yoldasim-isde-xesaret-aldi-basqa-adla-senedlesdirdiler\\\/#article\",\"isPartOf\":{\"@id\":\"https:\\\/\\\/www.meydan.tv\\\/az\\\/article\\\/agsu-sakini-heyat-yoldasim-isde-xesaret-aldi-basqa-adla-senedlesdirdiler\\\/\"},\"author\":{\"name\":\"user-manager\",\"@id\":\"https:\\\/\\\/www.meydan.tv\\\/az\\\/#\\\/schema\\\/person\\\/10d11eccf6da3662cf5fdab9806ea91a\"},\"headline\":\"A\u011fsu sakini: H\u0259yat yolda\u015f\u0131m i\u015fd\u0259 x\u0259sar\u0259t ald\u0131, ba\u015fqa adla s\u0259n\u0259dl\u0259\u015fdirdil\u0259r\",\"datePublished\":\"2019-08-20T13:41:53+00:00\",\"mainEntityOfPage\":{\"@id\":\"https:\\\/\\\/www.meydan.tv\\\/az\\\/article\\\/agsu-sakini-heyat-yoldasim-isde-xesaret-aldi-basqa-adla-senedlesdirdiler\\\/\"},\"wordCount\":1141,\"publisher\":{\"@id\":\"https:\\\/\\\/www.meydan.tv\\\/az\\\/#organization\"},\"image\":{\"@id\":\"https:\\\/\\\/www.meydan.tv\\\/az\\\/article\\\/agsu-sakini-heyat-yoldasim-isde-xesaret-aldi-basqa-adla-senedlesdirdiler\\\/#primaryimage\"},\"thumbnailUrl\":\"https:\\\/\\\/www.meydan.tv\\\/wp-content\\\/uploads\\\/69256977_2949407941768314_8249516459076616192_n.jpg\",\"articleSection\":[\"B\u00f6lg\u0259\"],\"inLanguage\":\"az\"},{\"@type\":\"WebPage\",\"@id\":\"https:\\\/\\\/www.meydan.tv\\\/az\\\/article\\\/agsu-sakini-heyat-yoldasim-isde-xesaret-aldi-basqa-adla-senedlesdirdiler\\\/\",\"url\":\"https:\\\/\\\/www.meydan.tv\\\/az\\\/article\\\/agsu-sakini-heyat-yoldasim-isde-xesaret-aldi-basqa-adla-senedlesdirdiler\\\/\",\"name\":\"A\u011fsu sakini: H\u0259yat yolda\u015f\u0131m i\u015fd\u0259 x\u0259sar\u0259t ald\u0131, ba\u015fqa adla s\u0259n\u0259dl\u0259\u015fdirdil\u0259r - MEYDAN.TV\",\"isPartOf\":{\"@id\":\"https:\\\/\\\/www.meydan.tv\\\/az\\\/#website\"},\"primaryImageOfPage\":{\"@id\":\"https:\\\/\\\/www.meydan.tv\\\/az\\\/article\\\/agsu-sakini-heyat-yoldasim-isde-xesaret-aldi-basqa-adla-senedlesdirdiler\\\/#primaryimage\"},\"image\":{\"@id\":\"https:\\\/\\\/www.meydan.tv\\\/az\\\/article\\\/agsu-sakini-heyat-yoldasim-isde-xesaret-aldi-basqa-adla-senedlesdirdiler\\\/#primaryimage\"},\"thumbnailUrl\":\"https:\\\/\\\/www.meydan.tv\\\/wp-content\\\/uploads\\\/69256977_2949407941768314_8249516459076616192_n.jpg\",\"datePublished\":\"2019-08-20T13:41:53+00:00\",\"breadcrumb\":{\"@id\":\"https:\\\/\\\/www.meydan.tv\\\/az\\\/article\\\/agsu-sakini-heyat-yoldasim-isde-xesaret-aldi-basqa-adla-senedlesdirdiler\\\/#breadcrumb\"},\"inLanguage\":\"az\",\"potentialAction\":[{\"@type\":\"ReadAction\",\"target\":[\"https:\\\/\\\/www.meydan.tv\\\/az\\\/article\\\/agsu-sakini-heyat-yoldasim-isde-xesaret-aldi-basqa-adla-senedlesdirdiler\\\/\"]}]},{\"@type\":\"ImageObject\",\"inLanguage\":\"az\",\"@id\":\"https:\\\/\\\/www.meydan.tv\\\/az\\\/article\\\/agsu-sakini-heyat-yoldasim-isde-xesaret-aldi-basqa-adla-senedlesdirdiler\\\/#primaryimage\",\"url\":\"https:\\\/\\\/www.meydan.tv\\\/wp-content\\\/uploads\\\/69256977_2949407941768314_8249516459076616192_n.jpg\",\"contentUrl\":\"https:\\\/\\\/www.meydan.tv\\\/wp-content\\\/uploads\\\/69256977_2949407941768314_8249516459076616192_n.jpg\",\"width\":960,\"height\":720,\"caption\":\"Source: Specify Source\"},{\"@type\":\"BreadcrumbList\",\"@id\":\"https:\\\/\\\/www.meydan.tv\\\/az\\\/article\\\/agsu-sakini-heyat-yoldasim-isde-xesaret-aldi-basqa-adla-senedlesdirdiler\\\/#breadcrumb\",\"itemListElement\":[{\"@type\":\"ListItem\",\"position\":1,\"name\":\"Ana s\u0259hif\u0259\",\"item\":\"https:\\\/\\\/www.meydan.tv\\\/az\\\/\"},{\"@type\":\"ListItem\",\"position\":2,\"name\":\"B\u00f6lg\u0259\",\"item\":\"https:\\\/\\\/www.meydan.tv\\\/az\\\/section\\\/bolge\\\/\"},{\"@type\":\"ListItem\",\"position\":3,\"name\":\"A\u011fsu sakini: H\u0259yat yolda\u015f\u0131m i\u015fd\u0259 x\u0259sar\u0259t ald\u0131, ba\u015fqa adla s\u0259n\u0259dl\u0259\u015fdirdil\u0259r\"}]},{\"@type\":\"WebSite\",\"@id\":\"https:\\\/\\\/www.meydan.tv\\\/az\\\/#website\",\"url\":\"https:\\\/\\\/www.meydan.tv\\\/az\\\/\",\"name\":\"MEYDAN.TV\",\"description\":\"Meydan TV Az\u0259rbaycan\u0131n media m\u0259kan\u0131ndak\u0131 alternativ s\u0259sidir\",\"publisher\":{\"@id\":\"https:\\\/\\\/www.meydan.tv\\\/az\\\/#organization\"},\"potentialAction\":[{\"@type\":\"SearchAction\",\"target\":{\"@type\":\"EntryPoint\",\"urlTemplate\":\"https:\\\/\\\/www.meydan.tv\\\/az\\\/?s={search_term_string}\"},\"query-input\":{\"@type\":\"PropertyValueSpecification\",\"valueRequired\":true,\"valueName\":\"search_term_string\"}}],\"inLanguage\":\"az\"},{\"@type\":\"Organization\",\"@id\":\"https:\\\/\\\/www.meydan.tv\\\/az\\\/#organization\",\"name\":\"Meydan TV\",\"url\":\"https:\\\/\\\/www.meydan.tv\\\/az\\\/\",\"logo\":{\"@type\":\"ImageObject\",\"inLanguage\":\"az\",\"@id\":\"https:\\\/\\\/www.meydan.tv\\\/az\\\/#\\\/schema\\\/logo\\\/image\\\/\",\"url\":\"https:\\\/\\\/www.meydan.tv\\\/wp-content\\\/uploads\\\/2021\\\/07\\\/meydan-logo.svg\",\"contentUrl\":\"https:\\\/\\\/www.meydan.tv\\\/wp-content\\\/uploads\\\/2021\\\/07\\\/meydan-logo.svg\",\"width\":195,\"height\":46,\"caption\":\"Meydan TV\"},\"image\":{\"@id\":\"https:\\\/\\\/www.meydan.tv\\\/az\\\/#\\\/schema\\\/logo\\\/image\\\/\"}},{\"@type\":\"Person\",\"@id\":\"https:\\\/\\\/www.meydan.tv\\\/az\\\/#\\\/schema\\\/person\\\/10d11eccf6da3662cf5fdab9806ea91a\",\"name\":\"user-manager\"}]}<\/script>\n<!-- \/ Yoast SEO plugin. -->","yoast_head_json":{"title":"A\u011fsu sakini: H\u0259yat yolda\u015f\u0131m i\u015fd\u0259 x\u0259sar\u0259t ald\u0131, ba\u015fqa adla s\u0259n\u0259dl\u0259\u015fdirdil\u0259r - MEYDAN.TV","robots":{"index":"index","follow":"follow","max-snippet":"max-snippet:-1","max-image-preview":"max-image-preview:large","max-video-preview":"max-video-preview:-1"},"canonical":"https:\/\/www.meydan.tv\/az\/article\/agsu-sakini-heyat-yoldasim-isde-xesaret-aldi-basqa-adla-senedlesdirdiler\/","og_locale":"az_AZ","og_type":"article","og_title":"A\u011fsu sakini: H\u0259yat yolda\u015f\u0131m i\u015fd\u0259 x\u0259sar\u0259t ald\u0131, ba\u015fqa adla s\u0259n\u0259dl\u0259\u015fdirdil\u0259r - MEYDAN.TV","og_description":"M\u00fcalic\u0259nin ax\u0131r\u0131nda dilinizd\u0259n izahat ver\u0259rsiz ki, qarda\u015f\u0131n\u0131z f\u0259rdi ya\u015fay\u0131\u015f evind\u0259 i\u015fl\u0259y\u0259n zaman y\u0131x\u0131l\u0131b, x\u0259sar\u0259t al\u0131b.","og_url":"https:\/\/www.meydan.tv\/az\/article\/agsu-sakini-heyat-yoldasim-isde-xesaret-aldi-basqa-adla-senedlesdirdiler\/","og_site_name":"MEYDAN.TV","article_published_time":"2019-08-20T13:41:53+00:00","og_image":[{"width":960,"height":720,"url":"https:\/\/www.meydan.tv\/wp-content\/uploads\/69256977_2949407941768314_8249516459076616192_n.jpg","type":"image\/jpeg"}],"author":"user-manager","twitter_card":"summary_large_image","schema":{"@context":"https:\/\/schema.org","@graph":[{"@type":"Article","@id":"https:\/\/www.meydan.tv\/az\/article\/agsu-sakini-heyat-yoldasim-isde-xesaret-aldi-basqa-adla-senedlesdirdiler\/#article","isPartOf":{"@id":"https:\/\/www.meydan.tv\/az\/article\/agsu-sakini-heyat-yoldasim-isde-xesaret-aldi-basqa-adla-senedlesdirdiler\/"},"author":{"name":"user-manager","@id":"https:\/\/www.meydan.tv\/az\/#\/schema\/person\/10d11eccf6da3662cf5fdab9806ea91a"},"headline":"A\u011fsu sakini: H\u0259yat yolda\u015f\u0131m i\u015fd\u0259 x\u0259sar\u0259t ald\u0131, ba\u015fqa adla s\u0259n\u0259dl\u0259\u015fdirdil\u0259r","datePublished":"2019-08-20T13:41:53+00:00","mainEntityOfPage":{"@id":"https:\/\/www.meydan.tv\/az\/article\/agsu-sakini-heyat-yoldasim-isde-xesaret-aldi-basqa-adla-senedlesdirdiler\/"},"wordCount":1141,"publisher":{"@id":"https:\/\/www.meydan.tv\/az\/#organization"},"image":{"@id":"https:\/\/www.meydan.tv\/az\/article\/agsu-sakini-heyat-yoldasim-isde-xesaret-aldi-basqa-adla-senedlesdirdiler\/#primaryimage"},"thumbnailUrl":"https:\/\/www.meydan.tv\/wp-content\/uploads\/69256977_2949407941768314_8249516459076616192_n.jpg","articleSection":["B\u00f6lg\u0259"],"inLanguage":"az"},{"@type":"WebPage","@id":"https:\/\/www.meydan.tv\/az\/article\/agsu-sakini-heyat-yoldasim-isde-xesaret-aldi-basqa-adla-senedlesdirdiler\/","url":"https:\/\/www.meydan.tv\/az\/article\/agsu-sakini-heyat-yoldasim-isde-xesaret-aldi-basqa-adla-senedlesdirdiler\/","name":"A\u011fsu sakini: H\u0259yat yolda\u015f\u0131m i\u015fd\u0259 x\u0259sar\u0259t ald\u0131, ba\u015fqa adla s\u0259n\u0259dl\u0259\u015fdirdil\u0259r - MEYDAN.TV","isPartOf":{"@id":"https:\/\/www.meydan.tv\/az\/#website"},"primaryImageOfPage":{"@id":"https:\/\/www.meydan.tv\/az\/article\/agsu-sakini-heyat-yoldasim-isde-xesaret-aldi-basqa-adla-senedlesdirdiler\/#primaryimage"},"image":{"@id":"https:\/\/www.meydan.tv\/az\/article\/agsu-sakini-heyat-yoldasim-isde-xesaret-aldi-basqa-adla-senedlesdirdiler\/#primaryimage"},"thumbnailUrl":"https:\/\/www.meydan.tv\/wp-content\/uploads\/69256977_2949407941768314_8249516459076616192_n.jpg","datePublished":"2019-08-20T13:41:53+00:00","breadcrumb":{"@id":"https:\/\/www.meydan.tv\/az\/article\/agsu-sakini-heyat-yoldasim-isde-xesaret-aldi-basqa-adla-senedlesdirdiler\/#breadcrumb"},"inLanguage":"az","potentialAction":[{"@type":"ReadAction","target":["https:\/\/www.meydan.tv\/az\/article\/agsu-sakini-heyat-yoldasim-isde-xesaret-aldi-basqa-adla-senedlesdirdiler\/"]}]},{"@type":"ImageObject","inLanguage":"az","@id":"https:\/\/www.meydan.tv\/az\/article\/agsu-sakini-heyat-yoldasim-isde-xesaret-aldi-basqa-adla-senedlesdirdiler\/#primaryimage","url":"https:\/\/www.meydan.tv\/wp-content\/uploads\/69256977_2949407941768314_8249516459076616192_n.jpg","contentUrl":"https:\/\/www.meydan.tv\/wp-content\/uploads\/69256977_2949407941768314_8249516459076616192_n.jpg","width":960,"height":720,"caption":"Source: Specify Source"},{"@type":"BreadcrumbList","@id":"https:\/\/www.meydan.tv\/az\/article\/agsu-sakini-heyat-yoldasim-isde-xesaret-aldi-basqa-adla-senedlesdirdiler\/#breadcrumb","itemListElement":[{"@type":"ListItem","position":1,"name":"Ana s\u0259hif\u0259","item":"https:\/\/www.meydan.tv\/az\/"},{"@type":"ListItem","position":2,"name":"B\u00f6lg\u0259","item":"https:\/\/www.meydan.tv\/az\/section\/bolge\/"},{"@type":"ListItem","position":3,"name":"A\u011fsu sakini: H\u0259yat yolda\u015f\u0131m i\u015fd\u0259 x\u0259sar\u0259t ald\u0131, ba\u015fqa adla s\u0259n\u0259dl\u0259\u015fdirdil\u0259r"}]},{"@type":"WebSite","@id":"https:\/\/www.meydan.tv\/az\/#website","url":"https:\/\/www.meydan.tv\/az\/","name":"MEYDAN.TV","description":"Meydan TV Az\u0259rbaycan\u0131n media m\u0259kan\u0131ndak\u0131 alternativ s\u0259sidir","publisher":{"@id":"https:\/\/www.meydan.tv\/az\/#organization"},"potentialAction":[{"@type":"SearchAction","target":{"@type":"EntryPoint","urlTemplate":"https:\/\/www.meydan.tv\/az\/?s={search_term_string}"},"query-input":{"@type":"PropertyValueSpecification","valueRequired":true,"valueName":"search_term_string"}}],"inLanguage":"az"},{"@type":"Organization","@id":"https:\/\/www.meydan.tv\/az\/#organization","name":"Meydan TV","url":"https:\/\/www.meydan.tv\/az\/","logo":{"@type":"ImageObject","inLanguage":"az","@id":"https:\/\/www.meydan.tv\/az\/#\/schema\/logo\/image\/","url":"https:\/\/www.meydan.tv\/wp-content\/uploads\/2021\/07\/meydan-logo.svg","contentUrl":"https:\/\/www.meydan.tv\/wp-content\/uploads\/2021\/07\/meydan-logo.svg","width":195,"height":46,"caption":"Meydan TV"},"image":{"@id":"https:\/\/www.meydan.tv\/az\/#\/schema\/logo\/image\/"}},{"@type":"Person","@id":"https:\/\/www.meydan.tv\/az\/#\/schema\/person\/10d11eccf6da3662cf5fdab9806ea91a","name":"user-manager"}]}},"_links":{"self":[{"href":"https:\/\/www.meydan.tv\/az\/wp-json\/wp\/v2\/posts\/196627","targetHints":{"allow":["GET"]}}],"collection":[{"href":"https:\/\/www.meydan.tv\/az\/wp-json\/wp\/v2\/posts"}],"about":[{"href":"https:\/\/www.meydan.tv\/az\/wp-json\/wp\/v2\/types\/post"}],"author":[{"embeddable":true,"href":"https:\/\/www.meydan.tv\/az\/wp-json\/wp\/v2\/users\/11"}],"replies":[{"embeddable":true,"href":"https:\/\/www.meydan.tv\/az\/wp-json\/wp\/v2\/comments?post=196627"}],"version-history":[{"count":0,"href":"https:\/\/www.meydan.tv\/az\/wp-json\/wp\/v2\/posts\/196627\/revisions"}],"wp:featuredmedia":[{"embeddable":true,"href":"https:\/\/www.meydan.tv\/az\/wp-json\/wp\/v2\/media\/128340"}],"wp:attachment":[{"href":"https:\/\/www.meydan.tv\/az\/wp-json\/wp\/v2\/media?parent=196627"}],"wp:term":[{"taxonomy":"category","embeddable":true,"href":"https:\/\/www.meydan.tv\/az\/wp-json\/wp\/v2\/categories?post=196627"},{"taxonomy":"post_tag","embeddable":true,"href":"https:\/\/www.meydan.tv\/az\/wp-json\/wp\/v2\/tags?post=196627"}],"curies":[{"name":"wp","href":"https:\/\/api.w.org\/{rel}","templated":true}]}}