{"id":196625,"date":"2019-08-20T11:50:15","date_gmt":"2019-08-20T11:50:15","guid":{"rendered":"https:\/\/www.meydan.tv\/article\/siyezen-sakini-pensiya-duzeltmek-ucun-1500-2000-manat-istediler\/"},"modified":"2019-08-20T11:50:15","modified_gmt":"2019-08-20T11:50:15","slug":"siyezen-sakini-pensiya-duzeltmek-ucun-1500-2000-manat-istediler","status":"publish","type":"post","link":"https:\/\/www.meydan.tv\/az\/article\/siyezen-sakini-pensiya-duzeltmek-ucun-1500-2000-manat-istediler\/","title":{"rendered":"Siy\u0259z\u0259n sakini: Pensiya d\u00fcz\u0259ltm\u0259k \u00fc\u00e7\u00fcn 1500-2000 manat ist\u0259dil\u0259r"},"content":{"rendered":"<p>\n  <i><br \/>\n    \u201cAc\u0131ndan \u00f6lm\u0259k t\u0259hl\u00fck\u0259si il\u0259 \u00fczl\u0259\u015fmi\u015fik\u201d<br \/>\n  <\/i>\n<\/p>\n<p>\n  K\u0259mal\u0259 V\u0259liyeva Siy\u0259z\u0259nd\u0259 kiray\u0259d\u0259 ya\u015fay\u0131r. T\u0259kc\u0259 sosial v\u0259ziyy\u0259ti a\u011f\u0131r deyil, h\u0259m d\u0259 s\u0259hh\u0259tind\u0259 \u00e7iddi probleml\u0259r var. Sol aya\u011f\u0131 \u00e7\u00fcr\u00fcy\u00fcb, k\u0259silm\u0259k h\u0259ddin\u0259 \u00e7at\u0131b. Ona a\u015fa\u011f\u0131 \u0259traflar\u0131n varikoz x\u0259st\u0259liyi diaqnozu qoyulub.\n<\/p>\n<p>\n  <i><br \/>\n    \u201cDedi ki, 1500-2000 manat vers\u0259n, pensiya d\u00fcz\u0259ld\u0259r\u0259m\u201d<br \/>\n  <\/i>\n<\/p>\n<p>\n  49 ya\u015fl\u0131 K\u0259mal\u0259 V\u0259liyeva dan\u0131\u015f\u0131r ki, ill\u0259r \u0259vv\u0259l Ukraynada ya\u015fay\u0131b. H\u0259yat yolda\u015f\u0131 x\u0259r\u00e7\u0259ng x\u0259st\u0259liyin\u0259 tutulandan sonra \u00f6lk\u0259y\u0259 qay\u0131tmal\u0131 olub. \u018frini Bak\u0131ya \u00e7\u0259tinlikl\u0259 \u00e7atd\u0131r\u0131b. Orada v\u0259fat ets\u0259ydi, \u00f6lk\u0259y\u0259 g\u0259tirm\u0259y\u0259 b\u00f6y\u00fck pul laz\u0131m olacaqd\u0131. Az\u0259rbaycana qay\u0131dandan a\u011f\u0131r sosial \u015f\u0259rtl\u0259r alt\u0131nda ya\u015fay\u0131r. \u00dcst\u0259lik, aya\u011f\u0131n\u0131n \u00e7\u00fcr\u00fcm\u0259si v\u0259ziyy\u0259tini lap a\u011f\u0131rla\u015fd\u0131r\u0131b.\n<\/p>\n<p>\n  \u201cQon\u015fum Heyd\u0259r \u018fliyev Fonduna yazma\u011fa k\u00f6m\u0259k el\u0259di. M\u0259n\u0259 cavab g\u0259ldi, Top\u00e7uba\u015fov ad\u0131na x\u0259st\u0259xanada Zaur adl\u0131 h\u0259kimin yan\u0131na g\u00f6nd\u0259rdil\u0259r. He\u00e7 aya\u011f\u0131m\u0131 a\u00e7\u0131b baxmad\u0131. Dedi, aya\u011f\u0131n qaral\u0131b, qorxuram \u0259m\u0259liyyat el\u0259m\u0259y\u0259. Sonra qay\u0131td\u0131 ki, n\u0259 q\u0259d\u0259r pul vers\u0259n d\u0259, el\u0259y\u0259 bilm\u0259r\u0259m, qanaxma il\u0259 \u00f6l\u0259rs\u0259n. Bir s\u0259n\u0259d verdi m\u0259n\u0259, dedi, bununla Siy\u0259z\u0259nd\u0259 m\u00fcraci\u0259t el\u0259, pensiya al. Siy\u0259z\u0259nd\u0259 h\u0259kim \u0259vv\u0259lc\u0259 dedi ki, s\u0259n\u0259 pensiya d\u00fc\u015fm\u00fcr. Etiraz el\u0259dim. \u0130kinci d\u0259f\u0259 ged\u0259nd\u0259 dedi ki, 1500-2000 manat vers\u0259n, d\u00fcz\u0259l\u0259r. Pulum olsa, \u00f6z\u00fcm yey\u0259r\u0259m d\u0259, niy\u0259 b\u00fct\u00fcn gec\u0259ni i\u015fl\u0259yir\u0259m?!\u201d, &#8211; K\u0259mal\u0259 V\u0259liyeva bel\u0259 deyir.\n<\/p>\n<figure class=\"wp-block-image size-large\">\n  <img decoding=\"async\" src=\"https:\/\/www.meydan.tv\/az\/image_from_ios-6-jpg-23\/\" alt=\"image_from_ios (6).jpg\" class=\"wp-image-128306\"\/><figcaption>\n    Ambulator kitab\u00e7adan \u00e7\u0131xar\u0131\u015f<br \/>\n  <\/figcaption><\/figure>\n<p>\n  <i><br \/>\n    \u201cBu gedi\u015fl\u0259 k\u0259s\u0259c\u0259kl\u0259r aya\u011f\u0131m\u0131\u201d<br \/>\n  <\/i>\n<\/p>\n<p>\n  \u015eikay\u0259t\u00e7i dan\u0131\u015f\u0131r ki, \u00e7\u00f6r\u0259k sexind\u0259 h\u0259r g\u00fcn ax\u015fam saat 10-dan s\u0259h\u0259r\u0259 q\u0259d\u0259r i\u015fl\u0259yir. C\u0259mi 5 manat al\u0131r. Bunun da 2 manata q\u0259d\u0259rini a\u011fr\u0131k\u0259sici d\u0259rmanlara verir, iyn\u0259 vurdurur. Ayda 70 manat yeniyetm\u0259 o\u011flu K\u0259nanla qald\u0131\u011f\u0131 ota\u011fa g\u00f6r\u0259 kiray\u0259 haqq\u0131 \u00f6d\u0259yir.\n<\/p>\n<p>\n  \u201cH\u0259r g\u00fcn a\u011fr\u0131k\u0259sici iyn\u0259 vurdururam. Yoxsa a\u011fr\u0131lara d\u00f6zm\u0259k olmur. Aya\u011f\u0131m el\u0259 \u00e7\u00fcr\u00fcy\u00fcb ki, h\u0259tta s\u00fcm\u00fcy\u00fcm g\u00f6r\u00fcn\u00fcr. Bu gedi\u015fl\u0259 k\u0259s\u0259c\u0259kl\u0259r aya\u011f\u0131m\u0131\u201d, &#8211; \u00f6z\u00fcn\u00fcn dediyi ifad\u0259l\u0259r K\u0259mal\u0259ni k\u0259d\u0259rl\u0259ndirir.\n<\/p>\n<p>\n  K\u0259nan bir ne\u00e7\u0259 g\u00fcnd\u00fcr ma\u011fazada y\u00fckda\u015f\u0131yan i\u015fin\u0259 d\u00fcz\u0259lib. K\u0259mal\u0259 V\u0259liyeva onun ev\u0259 k\u00f6m\u0259k ed\u0259c\u0259yin\u0259 \u00fcmid etdiyini deyir:\n<\/p>\n<p>\n  \u201cAc\u0131ndan \u00f6lm\u0259k t\u0259hl\u00fck\u0259si il\u0259 \u00fczl\u0259\u015fmi\u015fik. He\u00e7 kim k\u00f6m\u0259k el\u0259mir. Kimim var ki, k\u00f6m\u0259k d\u0259 el\u0259sin?! Valideynl\u0259rim, b\u00f6y\u00fck qarda\u015f\u0131m r\u0259hm\u0259t\u0259 gedib. Be\u015f g\u00fcnd\u00fcr i\u015f\u0259 ged\u0259 bilmir\u0259m. Aya\u011f\u0131m imkan vermir\u201d.\n<\/p>\n<figure class=\"wp-block-image size-large\">\n  <img decoding=\"async\" src=\"https:\/\/www.meydan.tv\/az\/image_from_ios-5-jpg-30\/\" alt=\"image_from_ios (5).jpg\" class=\"wp-image-128310\"\/><figcaption>\n    K\u0259mal\u0259 V\u0259liyevan\u0131n evi<br \/>\n  <\/figcaption><\/figure>\n<p>\n  <i><br \/>\n    \u201cYen\u0259 Heyd\u0259r \u018fliyev Fonduna yazacam\u201d<br \/>\n  <\/i>\n<\/p>\n<p>\n  K\u0259mal\u0259 V\u0259liyevan\u0131n \u0259sas iki ist\u0259yi var: Birincisi, aya\u011f\u0131n\u0131n \u0259m\u0259liyyat olunmas\u0131d\u0131r. \u00c7\u00fcnki sol aya\u011f\u0131n\u0131 itirm\u0259k t\u0259hl\u00fck\u0259si il\u0259 \u00fczl\u0259\u015fib. H\u0259tta biz\u0259 g\u00f6st\u0259rir, sa\u011f aya\u011f\u0131nda da \u00e7\u00fcr\u00fcm\u0259 ba\u015flay\u0131b.\n<\/p>\n<p>\n  \u0130kincisi, pensiya almaq.Deyir ki, i\u015f qabiliyy\u0259tini itirib, dolana bilmir. Ayda kiray\u0259 pulunu ver\u0259nd\u0259n sonra \u0259lind\u0259 t\u0259xmin\u0259n 80 manat qal\u0131r. Bunun da yar\u0131dan \u00e7oxunu a\u011fr\u0131k\u0259sicil\u0259r\u0259 x\u0259rcl\u0259yir.\n<\/p>\n<p>\n  \u201cN\u0259 torpaq sah\u0259m var, n\u0259 d\u0259 evim. Adamlara d\u0259rdimi dan\u0131\u015f\u0131ram, b\u0259lk\u0259 d\u0259, inanm\u0131rlar. \u00c7ox a\u011f\u0131r v\u0259ziyy\u0259td\u0259y\u0259m. H\u0259r g\u00fcn ac\u0131ndan \u00f6lm\u0259m\u0259k, aya\u011f\u0131m\u0131 itirm\u0259m\u0259k \u00fc\u00e7\u00fcn m\u00fcbariz\u0259 apar\u0131ram. H\u0259kim demi\u015fdi ki, i\u00e7\u0259rid\u0259 damar \u00e7\u00fcr\u00fcy\u00fcb. O damar \u00e7\u0131xmasa, sonra he\u00e7 aya\u011f\u0131 k\u0259sm\u0259k d\u0259 m\u00fcmk\u00fcn olmayacaq. G\u00f6r\u00fcn n\u0259 v\u0259ziyy\u0259t\u0259 qalm\u0131\u015fam ki, bunu da m\u00fczakir\u0259 el\u0259yirik. \u00c7ar\u0259m yoxdu, yen\u0259 Heyd\u0259r \u018fliyev Fonduna yazacam\u201d, \u2013 K\u0259mal\u0259 s\u00f6hb\u0259tin sonunda deyir.\n<\/p>\n<p>\n  D\u00f6vl\u0259t Sosial M\u00fcdafi\u0259 Fondunun Siy\u0259z\u0259n Rayon \u015e\u00f6b\u0259sind\u0259n r\u00fc\u015fv\u0259t ist\u0259m\u0259kl\u0259 ba\u011fl\u0131 iddian\u0131 r\u0259dd edirl\u0259r. Bildirirl\u0259r ki, K\u0259mal\u0259 V\u0259liyeva s\u0259n\u0259dl\u0259rini g\u00f6t\u00fcr\u00fcb \u015f\u00f6b\u0259y\u0259 yax\u0131nla\u015fs\u0131n, ona laz\u0131mi m\u0259sl\u0259h\u0259tl\u0259r veril\u0259c\u0259k.<\/p>\n","protected":false},"excerpt":{"rendered":"<p>H\u0259r g\u00fcn ac\u0131ndan \u00f6lm\u0259m\u0259k, aya\u011f\u0131m\u0131 itirm\u0259m\u0259k \u00fc\u00e7\u00fcn m\u00fcbariz\u0259 apar\u0131ram.<\/p>\n","protected":false},"author":11,"featured_media":128322,"comment_status":"closed","ping_status":"open","sticky":false,"template":"","format":"standard","meta":{"_acf_changed":false,"_sitemap_exclude":false,"_sitemap_priority":"","_sitemap_frequency":"","footnotes":""},"categories":[60],"tags":[],"class_list":["post-196625","post","type-post","status-publish","format-standard","has-post-thumbnail","hentry","category-bolge","infinite-scroll-item","generate-columns","tablet-grid-50","mobile-grid-100","grid-parent","grid-33","no-featured-image-padding"],"acf":[],"yoast_head":"<!-- This site is optimized with the Yoast SEO plugin v27.5 - https:\/\/yoast.com\/product\/yoast-seo-wordpress\/ -->\n<title>Siy\u0259z\u0259n sakini: Pensiya d\u00fcz\u0259ltm\u0259k \u00fc\u00e7\u00fcn 1500-2000 manat ist\u0259dil\u0259r - MEYDAN.TV<\/title>\n<meta name=\"robots\" content=\"index, follow, max-snippet:-1, max-image-preview:large, max-video-preview:-1\" \/>\n<link rel=\"canonical\" href=\"https:\/\/www.meydan.tv\/az\/article\/siyezen-sakini-pensiya-duzeltmek-ucun-1500-2000-manat-istediler\/\" \/>\n<meta property=\"og:locale\" content=\"az_AZ\" \/>\n<meta property=\"og:type\" content=\"article\" \/>\n<meta property=\"og:title\" content=\"Siy\u0259z\u0259n sakini: Pensiya d\u00fcz\u0259ltm\u0259k \u00fc\u00e7\u00fcn 1500-2000 manat ist\u0259dil\u0259r - MEYDAN.TV\" \/>\n<meta property=\"og:description\" content=\"H\u0259r g\u00fcn ac\u0131ndan \u00f6lm\u0259m\u0259k, aya\u011f\u0131m\u0131 itirm\u0259m\u0259k \u00fc\u00e7\u00fcn m\u00fcbariz\u0259 apar\u0131ram.\" \/>\n<meta property=\"og:url\" content=\"https:\/\/www.meydan.tv\/az\/article\/siyezen-sakini-pensiya-duzeltmek-ucun-1500-2000-manat-istediler\/\" \/>\n<meta property=\"og:site_name\" content=\"MEYDAN.TV\" \/>\n<meta property=\"article:published_time\" content=\"2019-08-20T11:50:15+00:00\" \/>\n<meta property=\"og:image\" content=\"https:\/\/www.meydan.tv\/wp-content\/uploads\/image_from_ios_4_ax9cer8.jpg\" \/>\n\t<meta property=\"og:image:width\" content=\"1004\" \/>\n\t<meta property=\"og:image:height\" content=\"750\" \/>\n\t<meta property=\"og:image:type\" content=\"image\/jpeg\" \/>\n<meta name=\"author\" content=\"user-manager\" \/>\n<meta name=\"twitter:card\" content=\"summary_large_image\" \/>\n<script type=\"application\/ld+json\" class=\"yoast-schema-graph\">{\"@context\":\"https:\\\/\\\/schema.org\",\"@graph\":[{\"@type\":\"Article\",\"@id\":\"https:\\\/\\\/www.meydan.tv\\\/az\\\/article\\\/siyezen-sakini-pensiya-duzeltmek-ucun-1500-2000-manat-istediler\\\/#article\",\"isPartOf\":{\"@id\":\"https:\\\/\\\/www.meydan.tv\\\/az\\\/article\\\/siyezen-sakini-pensiya-duzeltmek-ucun-1500-2000-manat-istediler\\\/\"},\"author\":{\"name\":\"user-manager\",\"@id\":\"https:\\\/\\\/www.meydan.tv\\\/az\\\/#\\\/schema\\\/person\\\/10d11eccf6da3662cf5fdab9806ea91a\"},\"headline\":\"Siy\u0259z\u0259n sakini: Pensiya d\u00fcz\u0259ltm\u0259k \u00fc\u00e7\u00fcn 1500-2000 manat ist\u0259dil\u0259r\",\"datePublished\":\"2019-08-20T11:50:15+00:00\",\"mainEntityOfPage\":{\"@id\":\"https:\\\/\\\/www.meydan.tv\\\/az\\\/article\\\/siyezen-sakini-pensiya-duzeltmek-ucun-1500-2000-manat-istediler\\\/\"},\"wordCount\":809,\"publisher\":{\"@id\":\"https:\\\/\\\/www.meydan.tv\\\/az\\\/#organization\"},\"image\":{\"@id\":\"https:\\\/\\\/www.meydan.tv\\\/az\\\/article\\\/siyezen-sakini-pensiya-duzeltmek-ucun-1500-2000-manat-istediler\\\/#primaryimage\"},\"thumbnailUrl\":\"https:\\\/\\\/www.meydan.tv\\\/wp-content\\\/uploads\\\/image_from_ios_4_ax9cer8.jpg\",\"articleSection\":[\"B\u00f6lg\u0259\"],\"inLanguage\":\"az\"},{\"@type\":\"WebPage\",\"@id\":\"https:\\\/\\\/www.meydan.tv\\\/az\\\/article\\\/siyezen-sakini-pensiya-duzeltmek-ucun-1500-2000-manat-istediler\\\/\",\"url\":\"https:\\\/\\\/www.meydan.tv\\\/az\\\/article\\\/siyezen-sakini-pensiya-duzeltmek-ucun-1500-2000-manat-istediler\\\/\",\"name\":\"Siy\u0259z\u0259n sakini: Pensiya d\u00fcz\u0259ltm\u0259k \u00fc\u00e7\u00fcn 1500-2000 manat ist\u0259dil\u0259r - MEYDAN.TV\",\"isPartOf\":{\"@id\":\"https:\\\/\\\/www.meydan.tv\\\/az\\\/#website\"},\"primaryImageOfPage\":{\"@id\":\"https:\\\/\\\/www.meydan.tv\\\/az\\\/article\\\/siyezen-sakini-pensiya-duzeltmek-ucun-1500-2000-manat-istediler\\\/#primaryimage\"},\"image\":{\"@id\":\"https:\\\/\\\/www.meydan.tv\\\/az\\\/article\\\/siyezen-sakini-pensiya-duzeltmek-ucun-1500-2000-manat-istediler\\\/#primaryimage\"},\"thumbnailUrl\":\"https:\\\/\\\/www.meydan.tv\\\/wp-content\\\/uploads\\\/image_from_ios_4_ax9cer8.jpg\",\"datePublished\":\"2019-08-20T11:50:15+00:00\",\"breadcrumb\":{\"@id\":\"https:\\\/\\\/www.meydan.tv\\\/az\\\/article\\\/siyezen-sakini-pensiya-duzeltmek-ucun-1500-2000-manat-istediler\\\/#breadcrumb\"},\"inLanguage\":\"az\",\"potentialAction\":[{\"@type\":\"ReadAction\",\"target\":[\"https:\\\/\\\/www.meydan.tv\\\/az\\\/article\\\/siyezen-sakini-pensiya-duzeltmek-ucun-1500-2000-manat-istediler\\\/\"]}]},{\"@type\":\"ImageObject\",\"inLanguage\":\"az\",\"@id\":\"https:\\\/\\\/www.meydan.tv\\\/az\\\/article\\\/siyezen-sakini-pensiya-duzeltmek-ucun-1500-2000-manat-istediler\\\/#primaryimage\",\"url\":\"https:\\\/\\\/www.meydan.tv\\\/wp-content\\\/uploads\\\/image_from_ios_4_ax9cer8.jpg\",\"contentUrl\":\"https:\\\/\\\/www.meydan.tv\\\/wp-content\\\/uploads\\\/image_from_ios_4_ax9cer8.jpg\",\"width\":1004,\"height\":750,\"caption\":\"Source: Specify Source\"},{\"@type\":\"BreadcrumbList\",\"@id\":\"https:\\\/\\\/www.meydan.tv\\\/az\\\/article\\\/siyezen-sakini-pensiya-duzeltmek-ucun-1500-2000-manat-istediler\\\/#breadcrumb\",\"itemListElement\":[{\"@type\":\"ListItem\",\"position\":1,\"name\":\"Ana s\u0259hif\u0259\",\"item\":\"https:\\\/\\\/www.meydan.tv\\\/az\\\/\"},{\"@type\":\"ListItem\",\"position\":2,\"name\":\"B\u00f6lg\u0259\",\"item\":\"https:\\\/\\\/www.meydan.tv\\\/az\\\/section\\\/bolge\\\/\"},{\"@type\":\"ListItem\",\"position\":3,\"name\":\"Siy\u0259z\u0259n sakini: Pensiya d\u00fcz\u0259ltm\u0259k \u00fc\u00e7\u00fcn 1500-2000 manat ist\u0259dil\u0259r\"}]},{\"@type\":\"WebSite\",\"@id\":\"https:\\\/\\\/www.meydan.tv\\\/az\\\/#website\",\"url\":\"https:\\\/\\\/www.meydan.tv\\\/az\\\/\",\"name\":\"MEYDAN.TV\",\"description\":\"Meydan TV Az\u0259rbaycan\u0131n media m\u0259kan\u0131ndak\u0131 alternativ s\u0259sidir\",\"publisher\":{\"@id\":\"https:\\\/\\\/www.meydan.tv\\\/az\\\/#organization\"},\"potentialAction\":[{\"@type\":\"SearchAction\",\"target\":{\"@type\":\"EntryPoint\",\"urlTemplate\":\"https:\\\/\\\/www.meydan.tv\\\/az\\\/?s={search_term_string}\"},\"query-input\":{\"@type\":\"PropertyValueSpecification\",\"valueRequired\":true,\"valueName\":\"search_term_string\"}}],\"inLanguage\":\"az\"},{\"@type\":\"Organization\",\"@id\":\"https:\\\/\\\/www.meydan.tv\\\/az\\\/#organization\",\"name\":\"Meydan TV\",\"url\":\"https:\\\/\\\/www.meydan.tv\\\/az\\\/\",\"logo\":{\"@type\":\"ImageObject\",\"inLanguage\":\"az\",\"@id\":\"https:\\\/\\\/www.meydan.tv\\\/az\\\/#\\\/schema\\\/logo\\\/image\\\/\",\"url\":\"https:\\\/\\\/www.meydan.tv\\\/wp-content\\\/uploads\\\/2021\\\/07\\\/meydan-logo.svg\",\"contentUrl\":\"https:\\\/\\\/www.meydan.tv\\\/wp-content\\\/uploads\\\/2021\\\/07\\\/meydan-logo.svg\",\"width\":195,\"height\":46,\"caption\":\"Meydan TV\"},\"image\":{\"@id\":\"https:\\\/\\\/www.meydan.tv\\\/az\\\/#\\\/schema\\\/logo\\\/image\\\/\"}},{\"@type\":\"Person\",\"@id\":\"https:\\\/\\\/www.meydan.tv\\\/az\\\/#\\\/schema\\\/person\\\/10d11eccf6da3662cf5fdab9806ea91a\",\"name\":\"user-manager\"}]}<\/script>\n<!-- \/ Yoast SEO plugin. -->","yoast_head_json":{"title":"Siy\u0259z\u0259n sakini: Pensiya d\u00fcz\u0259ltm\u0259k \u00fc\u00e7\u00fcn 1500-2000 manat ist\u0259dil\u0259r - MEYDAN.TV","robots":{"index":"index","follow":"follow","max-snippet":"max-snippet:-1","max-image-preview":"max-image-preview:large","max-video-preview":"max-video-preview:-1"},"canonical":"https:\/\/www.meydan.tv\/az\/article\/siyezen-sakini-pensiya-duzeltmek-ucun-1500-2000-manat-istediler\/","og_locale":"az_AZ","og_type":"article","og_title":"Siy\u0259z\u0259n sakini: Pensiya d\u00fcz\u0259ltm\u0259k \u00fc\u00e7\u00fcn 1500-2000 manat ist\u0259dil\u0259r - MEYDAN.TV","og_description":"H\u0259r g\u00fcn ac\u0131ndan \u00f6lm\u0259m\u0259k, aya\u011f\u0131m\u0131 itirm\u0259m\u0259k \u00fc\u00e7\u00fcn m\u00fcbariz\u0259 apar\u0131ram.","og_url":"https:\/\/www.meydan.tv\/az\/article\/siyezen-sakini-pensiya-duzeltmek-ucun-1500-2000-manat-istediler\/","og_site_name":"MEYDAN.TV","article_published_time":"2019-08-20T11:50:15+00:00","og_image":[{"width":1004,"height":750,"url":"https:\/\/www.meydan.tv\/wp-content\/uploads\/image_from_ios_4_ax9cer8.jpg","type":"image\/jpeg"}],"author":"user-manager","twitter_card":"summary_large_image","schema":{"@context":"https:\/\/schema.org","@graph":[{"@type":"Article","@id":"https:\/\/www.meydan.tv\/az\/article\/siyezen-sakini-pensiya-duzeltmek-ucun-1500-2000-manat-istediler\/#article","isPartOf":{"@id":"https:\/\/www.meydan.tv\/az\/article\/siyezen-sakini-pensiya-duzeltmek-ucun-1500-2000-manat-istediler\/"},"author":{"name":"user-manager","@id":"https:\/\/www.meydan.tv\/az\/#\/schema\/person\/10d11eccf6da3662cf5fdab9806ea91a"},"headline":"Siy\u0259z\u0259n sakini: Pensiya d\u00fcz\u0259ltm\u0259k \u00fc\u00e7\u00fcn 1500-2000 manat ist\u0259dil\u0259r","datePublished":"2019-08-20T11:50:15+00:00","mainEntityOfPage":{"@id":"https:\/\/www.meydan.tv\/az\/article\/siyezen-sakini-pensiya-duzeltmek-ucun-1500-2000-manat-istediler\/"},"wordCount":809,"publisher":{"@id":"https:\/\/www.meydan.tv\/az\/#organization"},"image":{"@id":"https:\/\/www.meydan.tv\/az\/article\/siyezen-sakini-pensiya-duzeltmek-ucun-1500-2000-manat-istediler\/#primaryimage"},"thumbnailUrl":"https:\/\/www.meydan.tv\/wp-content\/uploads\/image_from_ios_4_ax9cer8.jpg","articleSection":["B\u00f6lg\u0259"],"inLanguage":"az"},{"@type":"WebPage","@id":"https:\/\/www.meydan.tv\/az\/article\/siyezen-sakini-pensiya-duzeltmek-ucun-1500-2000-manat-istediler\/","url":"https:\/\/www.meydan.tv\/az\/article\/siyezen-sakini-pensiya-duzeltmek-ucun-1500-2000-manat-istediler\/","name":"Siy\u0259z\u0259n sakini: Pensiya d\u00fcz\u0259ltm\u0259k \u00fc\u00e7\u00fcn 1500-2000 manat ist\u0259dil\u0259r - MEYDAN.TV","isPartOf":{"@id":"https:\/\/www.meydan.tv\/az\/#website"},"primaryImageOfPage":{"@id":"https:\/\/www.meydan.tv\/az\/article\/siyezen-sakini-pensiya-duzeltmek-ucun-1500-2000-manat-istediler\/#primaryimage"},"image":{"@id":"https:\/\/www.meydan.tv\/az\/article\/siyezen-sakini-pensiya-duzeltmek-ucun-1500-2000-manat-istediler\/#primaryimage"},"thumbnailUrl":"https:\/\/www.meydan.tv\/wp-content\/uploads\/image_from_ios_4_ax9cer8.jpg","datePublished":"2019-08-20T11:50:15+00:00","breadcrumb":{"@id":"https:\/\/www.meydan.tv\/az\/article\/siyezen-sakini-pensiya-duzeltmek-ucun-1500-2000-manat-istediler\/#breadcrumb"},"inLanguage":"az","potentialAction":[{"@type":"ReadAction","target":["https:\/\/www.meydan.tv\/az\/article\/siyezen-sakini-pensiya-duzeltmek-ucun-1500-2000-manat-istediler\/"]}]},{"@type":"ImageObject","inLanguage":"az","@id":"https:\/\/www.meydan.tv\/az\/article\/siyezen-sakini-pensiya-duzeltmek-ucun-1500-2000-manat-istediler\/#primaryimage","url":"https:\/\/www.meydan.tv\/wp-content\/uploads\/image_from_ios_4_ax9cer8.jpg","contentUrl":"https:\/\/www.meydan.tv\/wp-content\/uploads\/image_from_ios_4_ax9cer8.jpg","width":1004,"height":750,"caption":"Source: Specify Source"},{"@type":"BreadcrumbList","@id":"https:\/\/www.meydan.tv\/az\/article\/siyezen-sakini-pensiya-duzeltmek-ucun-1500-2000-manat-istediler\/#breadcrumb","itemListElement":[{"@type":"ListItem","position":1,"name":"Ana s\u0259hif\u0259","item":"https:\/\/www.meydan.tv\/az\/"},{"@type":"ListItem","position":2,"name":"B\u00f6lg\u0259","item":"https:\/\/www.meydan.tv\/az\/section\/bolge\/"},{"@type":"ListItem","position":3,"name":"Siy\u0259z\u0259n sakini: Pensiya d\u00fcz\u0259ltm\u0259k \u00fc\u00e7\u00fcn 1500-2000 manat ist\u0259dil\u0259r"}]},{"@type":"WebSite","@id":"https:\/\/www.meydan.tv\/az\/#website","url":"https:\/\/www.meydan.tv\/az\/","name":"MEYDAN.TV","description":"Meydan TV Az\u0259rbaycan\u0131n media m\u0259kan\u0131ndak\u0131 alternativ s\u0259sidir","publisher":{"@id":"https:\/\/www.meydan.tv\/az\/#organization"},"potentialAction":[{"@type":"SearchAction","target":{"@type":"EntryPoint","urlTemplate":"https:\/\/www.meydan.tv\/az\/?s={search_term_string}"},"query-input":{"@type":"PropertyValueSpecification","valueRequired":true,"valueName":"search_term_string"}}],"inLanguage":"az"},{"@type":"Organization","@id":"https:\/\/www.meydan.tv\/az\/#organization","name":"Meydan TV","url":"https:\/\/www.meydan.tv\/az\/","logo":{"@type":"ImageObject","inLanguage":"az","@id":"https:\/\/www.meydan.tv\/az\/#\/schema\/logo\/image\/","url":"https:\/\/www.meydan.tv\/wp-content\/uploads\/2021\/07\/meydan-logo.svg","contentUrl":"https:\/\/www.meydan.tv\/wp-content\/uploads\/2021\/07\/meydan-logo.svg","width":195,"height":46,"caption":"Meydan TV"},"image":{"@id":"https:\/\/www.meydan.tv\/az\/#\/schema\/logo\/image\/"}},{"@type":"Person","@id":"https:\/\/www.meydan.tv\/az\/#\/schema\/person\/10d11eccf6da3662cf5fdab9806ea91a","name":"user-manager"}]}},"_links":{"self":[{"href":"https:\/\/www.meydan.tv\/az\/wp-json\/wp\/v2\/posts\/196625","targetHints":{"allow":["GET"]}}],"collection":[{"href":"https:\/\/www.meydan.tv\/az\/wp-json\/wp\/v2\/posts"}],"about":[{"href":"https:\/\/www.meydan.tv\/az\/wp-json\/wp\/v2\/types\/post"}],"author":[{"embeddable":true,"href":"https:\/\/www.meydan.tv\/az\/wp-json\/wp\/v2\/users\/11"}],"replies":[{"embeddable":true,"href":"https:\/\/www.meydan.tv\/az\/wp-json\/wp\/v2\/comments?post=196625"}],"version-history":[{"count":0,"href":"https:\/\/www.meydan.tv\/az\/wp-json\/wp\/v2\/posts\/196625\/revisions"}],"wp:featuredmedia":[{"embeddable":true,"href":"https:\/\/www.meydan.tv\/az\/wp-json\/wp\/v2\/media\/128322"}],"wp:attachment":[{"href":"https:\/\/www.meydan.tv\/az\/wp-json\/wp\/v2\/media?parent=196625"}],"wp:term":[{"taxonomy":"category","embeddable":true,"href":"https:\/\/www.meydan.tv\/az\/wp-json\/wp\/v2\/categories?post=196625"},{"taxonomy":"post_tag","embeddable":true,"href":"https:\/\/www.meydan.tv\/az\/wp-json\/wp\/v2\/tags?post=196625"}],"curies":[{"name":"wp","href":"https:\/\/api.w.org\/{rel}","templated":true}]}}