{"id":196618,"date":"2019-08-19T14:55:14","date_gmt":"2019-08-19T14:55:14","guid":{"rendered":"https:\/\/www.meydan.tv\/article\/turkmenbasinin-aspazi-olmus-qadin-kurdemirde-daxmada-yasayir\/"},"modified":"2019-08-19T14:55:14","modified_gmt":"2019-08-19T14:55:14","slug":"turkmenbasinin-aspazi-olmus-qadin-kurdemirde-daxmada-yasayir","status":"publish","type":"post","link":"https:\/\/www.meydan.tv\/az\/article\/turkmenbasinin-aspazi-olmus-qadin-kurdemirde-daxmada-yasayir\/","title":{"rendered":"T\u00fcrkm\u0259nba\u015f\u0131n\u0131n a\u015fpaz\u0131 olmu\u015f qad\u0131n K\u00fcrd\u0259mird\u0259 daxmada ya\u015fay\u0131r"},"content":{"rendered":"<p>\n  <i><br \/>\n    Xatun Qurbanova deyir ki, o\u011flu \u00f6l\u0259nd\u0259n sonra g\u0259lini onu evind\u0259n qovub<br \/>\n  <\/i>\n<\/p>\n<p>\n  29 illik ayr\u0131l\u0131qdan sonra Az\u0259rbaycana qay\u0131dan Xat\u0131n Qurbanovan\u0131n K\u00fcrd\u0259mirin Ataki\u015fili k\u0259ndind\u0259ki evini \u0259lind\u0259n al\u0131blar. \u0130ndi ruhi x\u0259st\u0259likd\u0259n \u0259ziyy\u0259t \u00e7\u0259k\u0259n o\u011flu il\u0259 n\u0259v\u0259sinin daxmas\u0131na s\u0131\u011f\u0131n\u0131b.\n<\/p>\n<p>\n  <i><br \/>\n    \u201cM\u0259hk\u0259m\u0259l\u0259r a\u00e7\u0131q-a\u015fkar bazard\u0131\u201d<br \/>\n  <\/i>\n<\/p>\n<p>\n  Xat\u0131n Qurbanova 2009-cu il\u0259 q\u0259d\u0259r ail\u0259si il\u0259 T\u00fcrkm\u0259nistanda ya\u015fay\u0131b. H\u0259yat yolda\u015f\u0131 h\u0259l\u0259 bu uzaq s\u0259f\u0259r\u0259 yola d\u00fc\u015f\u0259n\u0259 q\u0259d\u0259r \u2013 1980-ci ild\u0259 r\u0259hm\u0259t\u0259 gedib. Bunad\u0259k Ataki\u015filid\u0259 qarda\u015flar\u0131n\u0131n ba\u011f\u0131\u015flad\u0131\u011f\u0131 torpaq sah\u0259sind\u0259 ev tikm\u0259y\u0259 imkan tap\u0131blar. T\u00fcrkm\u0259nistandan qay\u0131dandan bir m\u00fcdd\u0259t sonra b\u00f6y\u00fck o\u011flu Qurban Qurbanov Ulduz adl\u0131 xan\u0131mla ail\u0259 h\u0259yat\u0131 qurub, h\u0259min evd\u0259 ya\u015fama\u011fa ba\u015flay\u0131blar. Xat\u0131n Qurbanova deyir ki, evin s\u0259n\u0259dl\u0259rini qaydas\u0131na sala bilmirdil\u0259r, \u00e7\u00fcnki h\u0259l\u0259 d\u0259 T\u00fcrkm\u0259nistan v\u0259t\u0259nda\u015f\u0131yd\u0131lar. 2013-c\u00fc ild\u0259 Qurban v\u0259fat ed\u0259nd\u0259n sonra onun h\u0259yat yolda\u015f\u0131 \u0259mlak\u0131 \u00f6z ad\u0131na s\u0259n\u0259dl\u0259\u015fdir\u0259r\u0259k, onlar\u0131 evd\u0259n \u00e7\u0131xar\u0131b:\n<\/p>\n<p>\n  \u201cT\u00fcrkm\u0259nistandan g\u0259l\u0259nd\u0259n sonra he\u00e7 c\u00fcr ev\u0259 qeydiyyata d\u00fc\u015f\u0259 bilmirdik. Az\u0259rbaycan v\u0259t\u0259nda\u015fl\u0131\u011f\u0131 alma\u011fa \u00e7al\u0131\u015f\u0131rd\u0131q. B\u00fct\u00fcn bunlardan is\u0259 g\u0259lin istifad\u0259 el\u0259di. T\u0259s\u0259vv\u00fcr edin, bizd\u0259n \u015fikay\u0259t el\u0259di ki, \u201cm\u0259ni T\u00fcrkm\u0259nistan v\u0259t\u0259nda\u015f\u0131 narahat el\u0259yir, evimd\u0259 ya\u015fama\u011fa imkan vermir\u201d. M\u0259hk\u0259m\u0259l\u0259r d\u0259 a\u00e7\u0131q-a\u015fkar bazard\u0131. Bu c\u00fcr \u0259dal\u0259tsizlikl\u0259r n\u0259tic\u0259sind\u0259 ev-e\u015fiksiz qald\u0131q\u201d.\n<\/p>\n<p>\n  Xat\u0131n Qurbanova ba\u015f\u0131na g\u0259l\u0259nl\u0259r\u0259 g\u00f6r\u0259 Ataki\u015fili b\u0259l\u0259diyy\u0259si (o vaxt b\u0259l\u0259diyy\u0259 s\u0259dri i\u015fl\u0259mi\u015f Habil \u00d6m\u0259rov), Da\u015f\u0131nmaz \u018fmlak\u0131n D\u00f6vl\u0259t Reyestri Xidm\u0259tini d\u0259 g\u00fcnahland\u0131r\u0131r.\n<\/p>\n<p>\n  <i><br \/>\n    G\u0259lin \u0259rinin \u00f6l\u00fcm\u00fcnd\u0259n 3 g\u00fcn sonra torpaq davas\u0131na ba\u015flay\u0131b<br \/>\n  <\/i>\n<\/p>\n<p>\n  Xat\u0131n Qurbanova il\u0259 g\u0259lini aras\u0131nda m\u0259hk\u0259m\u0259 \u00e7\u0259ki\u015fm\u0259si \u00fc\u00e7 ildir davam edir. Olay\u0131n mahiyy\u0259ti bel\u0259dir: Xat\u0131n Qurbanovan\u0131n o\u011flu, m\u0259rhum Qurban Qurbanovun birinci nikahdan 1986 v\u0259 1987-ci il t\u0259v\u0259ll\u00fcdl\u00fc iki o\u011flu var. Qurban Qurbanov bu h\u0259yat yolda\u015f\u0131ndan 2001-ci ild\u0259 ayr\u0131l\u0131b, 2010-cu ild\u0259 Ulduzla ail\u0259 qurub, onu Ataki\u015fili k\u0259ndind\u0259 anas\u0131 v\u0259 ba\u015fqa yax\u0131nlar\u0131n\u0131n ya\u015fad\u0131\u011f\u0131 ev\u0259 g\u0259tirib. \u00dc\u00e7 il\u0259 yax\u0131n orada birlikd\u0259 ya\u015fayandan sonra 28 fevral 2013-c\u00fc il ild\u0259 Qurban Qurbanov k\u0259skin leykoz x\u0259st\u0259liyind\u0259n v\u0259fat edib. Onun \u00f6l\u00fcm\u00fcnd\u0259n c\u0259mi \u00fc\u00e7 g\u00fcn sonra Ulduz b\u0259l\u0259diyy\u0259y\u0259 \u0259riz\u0259 yaz\u0131b ki, evin yerl\u0259\u015fdiyi v\u0259 uzun ill\u0259rdir ail\u0259nin ya\u015fad\u0131\u011f\u0131 h\u0259y\u0259tyan\u0131 torpaq sah\u0259si ona sat\u0131ls\u0131n. K\u00fcrd\u0259mir rayonu, Ataki\u015fili b\u0259l\u0259diyy\u0259sinin 29 martda verdiyi q\u0259rarla bu torpaq sah\u0259sinin m\u00fclkiyy\u0259t h\u00fcququnun qeydiyyata al\u0131nma proseduruna ba\u015flan\u0131b. Ard\u0131nca Da\u015f\u0131nmaz \u018fmlak\u0131n D\u00f6vl\u0259t Reyestrind\u0259n \u00e7\u0131xar\u0131\u015f al\u0131n\u0131b. Bel\u0259 r\u0259smil\u0259\u015fdirilib ki, bundan sonra b\u0259l\u0259diyy\u0259 o torpaq sah\u0259sil\u0259 ba\u011fl\u0131 h\u0259rrac ke\u00e7irib, Ulduz da 17 sentyabr 2013-c\u00fc ild\u0259 520 manat pul verib, h\u0259rracda qay\u0131nanas\u0131gilin ya\u015fad\u0131\u011f\u0131 evin yerl\u0259\u015fdiyi 0.12 hektar torpaq sah\u0259sini al\u0131b. 15 g\u00fcn sonra da Da\u015f\u0131nmaz \u018fmlak\u0131n D\u00f6vl\u0259t Reyestri Xidm\u0259ti o torpaq sah\u0259sin\u0259 Ulduzun ad\u0131na \u00e7\u0131xar\u0131\u015f verib. Bundan sonra da Ulduz m\u0259rhum h\u0259yat yolda\u015f\u0131n\u0131n anas\u0131n\u0131 evd\u0259n \u00e7\u0131xar\u0131b.\n<\/p>\n<figure class=\"wp-block-image size-large\">\n  <img decoding=\"async\" src=\"https:\/\/www.meydan.tv\/az\/image_from_ios-7-jpg-9\/\" alt=\"image_from_ios (7).jpg\" class=\"wp-image-128270\"\/><figcaption>\n    Xatun Qurbanova<br \/>\n  <\/figcaption><\/figure>\n<p>\n  Xat\u0131n Qurbanova v\u0259 m\u0259rhum o\u011flunun birinci nikahdan olan \u00f6vladlar\u0131 Ulduzun h\u0259r\u0259k\u0259tl\u0259rind\u0259n x\u0259b\u0259r tutandan sonra \u00e7\u0131xar\u0131\u015f\u0131n qanunsuz say\u0131l\u0131b l\u0259\u011fv olunmas\u0131, h\u0259rrac\u0131n n\u0259tic\u0259l\u0259rinin etibars\u0131zl\u0131\u011f\u0131 v\u0259 s. bar\u0259d\u0259 \u015fikay\u0259tl\u0259rl\u0259 m\u0259hk\u0259m\u0259l\u0259r\u0259 m\u00fcraci\u0259t etm\u0259k q\u0259rar\u0131na g\u0259lib. K\u00fcrd\u0259mir Rayon M\u0259hk\u0259m\u0259si h\u0259rrac\u0131n n\u0259tic\u0259l\u0259rini etibars\u0131z say\u0131b, Xat\u0131n Qurbanova v\u0259 n\u0259v\u0259l\u0259rinin iddias\u0131n\u0131 t\u0259min edib. G\u0259lini bundan \u015eirvan Apelyasiya M\u0259hk\u0259m\u0259sin\u0259 \u015fikay\u0259t verib v\u0259 onun \u015fikay\u0259ti t\u0259min olunub \u2013 birinci instansiyan\u0131n q\u0259rar\u0131 l\u0259\u011fv edilib. Xat\u0131n Qurbanova v\u0259 n\u0259v\u0259l\u0259ri bu q\u0259rardan Ali M\u0259hk\u0259m\u0259y\u0259 \u015fikay\u0259t verib. Bu instansiya da \u015eirvan Apelyasiya M\u0259hk\u0259m\u0259sinin q\u0259rar\u0131n\u0131 l\u0259\u011fv edib, i\u015fi t\u0259krar ara\u015fd\u0131rmaq \u00fc\u00e7\u00fcn h\u0259min m\u0259hk\u0259m\u0259y\u0259 g\u00f6nd\u0259rib. \u015eirvan Apelyasiya M\u0259hk\u0259m\u0259si \u0259vv\u0259lki q\u0259rar\u0131ndan f\u0259rqli olaraq, bu d\u0259f\u0259 Ulduzun \u015fikay\u0259tini t\u0259min etm\u0259yib \u2013 K\u00fcrd\u0259mir Rayon M\u0259hk\u0259m\u0259sinin q\u0259rar\u0131 (onun h\u0259rracda qalib torpa\u011f\u0131 almas\u0131 bar\u0259d\u0259 q\u0259rar\u0131n l\u0259\u011fvi) q\u00fcvv\u0259d\u0259 saxlan\u0131l\u0131b.\n<\/p>\n<p>\n  G\u0259lin bu q\u0259rardan yen\u0259 Ali M\u0259hk\u0259m\u0259y\u0259 \u015fikay\u0259t verib. Ali M\u0259hk\u0259m\u0259 d\u0259 onun \u015fikay\u0259ti \u0259sas\u0131nda \u015eirvan Apelyasiya M\u0259hk\u0259m\u0259sinin q\u0259rar\u0131n\u0131 l\u0259\u011fv edib, bir daha i\u015fi yenid\u0259n ara\u015fd\u0131r\u0131lmas\u0131 \u00fc\u00e7\u00fcn h\u0259min instansiyaya qaytar\u0131b. \u015eirvan Apelyasiya M\u0259hk\u0259m\u0259si g\u0259linin xeyrin\u0259 q\u0259rar \u00e7\u0131xar\u0131b \u2013 K\u00fcrd\u0259mir Rayon M\u0259hk\u0259m\u0259sinin q\u0259tnam\u0259si l\u0259\u011fv olunub.\n<\/p>\n<p>\n  Xat\u0131n Qurbanova deyir ki, indi pulu da yoxdur ki, v\u0259kil tutub yenid\u0259n Ali M\u0259hk\u0259m\u0259y\u0259 \u015fikay\u0259t versin.\n<\/p>\n<figure class=\"wp-block-image size-large\">\n  <img decoding=\"async\" src=\"https:\/\/www.meydan.tv\/az\/image_from_ios-8-jpg-8\/\" alt=\"image_from_ios (8).jpg\" class=\"wp-image-128276\"\/><figcaption>\n    Qurbanovlar\u0131n qeydiyyata d\u00fc\u015f\u0259 bilm\u0259diyi<br \/>\n  <\/figcaption><\/figure>\n<p>\n  <i><br \/>\n    \u201cBu ya\u015f\u0131mda gedib kimin qap\u0131s\u0131nda qal\u0131m?\u201d<br \/>\n  <\/i>\n<\/p>\n<p>\n  Qad\u0131n dan\u0131\u015f\u0131r ki, Ataki\u015fili k\u0259ndind\u0259ki m\u00fcbahis\u0259li ev d\u0259 art\u0131q yarars\u0131z v\u0259ziyy\u0259td\u0259dir, ora qay\u0131da bils\u0259 bel\u0259, ya\u015famaq m\u00fcmk\u00fcn deyil, \u00e7\u00fcnki yan\u0131b. T\u0259qa\u00fcd\u00e7\u00fc qad\u0131n d\u00fc\u015f\u00fcn\u00fcr ki, oran\u0131 q\u0259sd\u0259n yand\u0131r\u0131blar. \u0130ndi Xat\u0131n Qurbanova ruhi x\u0259st\u0259 olan ikinci o\u011flu Abidl\u0259 n\u0259v\u0259sinin K\u00fcrd\u0259mird\u0259ki daxmas\u0131na p\u0259nah g\u0259tirib:\n<\/p>\n<p>\n  \u201cBunu u\u015faq Az\u0259rbaycandan k\u00f6\u00e7\u00fcb ged\u0259n bir rusdan alm\u0131\u015fd\u0131. G\u00f6rd\u00fc k\u00fc\u00e7\u0259d\u0259 qalm\u0131\u015f\u0131q, biz\u0259 verdi. Birt\u0259h\u0259r ya\u015fay\u0131r\u0131q\u201d.\n<\/p>\n<p>\n  Xat\u0131n Qurbanova deyir ki, n\u0259v\u0259sinin yaratd\u0131\u011f\u0131 imkandan h\u0259mi\u015f\u0259 istifad\u0259 ed\u0259 bilm\u0259y\u0259c\u0259kl\u0259r. \u00c7\u00fcnki onun da planlar\u0131, h\u0259yat\u0131 var. Amma x\u0259st\u0259 o\u011flu il\u0259 ged\u0259c\u0259yi yer d\u0259 yoxdur. \u00c7ox \u00e7ar\u0259siz v\u0259ziyy\u0259td\u0259dirl\u0259r. \u201cHe\u00e7 burda da rahat deyilik. Tarakan doludur, \u00e7ox k\u00f6hn\u0259 evdi. O evi nec\u0259 z\u00fclml\u0259 tikmi\u015fdim. Bu ya\u015f\u0131mda gedib kimin qap\u0131s\u0131nda qal\u0131m?\u201d, &#8211; qad\u0131n ritorik sualla fikrini bitirir.\n<\/p>\n<p>\n  Meydan TV m\u0259s\u0259l\u0259 il\u0259 ba\u011fl\u0131 Ulduz Qurbanovan\u0131n m\u00fcnasib\u0259tini \u00f6yr\u0259n\u0259 bilm\u0259yib. O, K\u00fcrd\u0259mir Rayon M\u0259hk\u0259m\u0259sin\u0259 izahat\u0131nda g\u00f6st\u0259rib ki, Ataki\u015fili k\u0259ndind\u0259ki ev onun m\u0259rhum h\u0259yat yolda\u015f\u0131 Qurban\u0131n ad\u0131na qeyd\u0259 al\u0131n\u0131b. Amma evin alt\u0131ndak\u0131 0,12 hektar torpaq sah\u0259si K\u00fcrd\u0259mir Rayon Ataki\u015fili B\u0259l\u0259diyy\u0259sinin m\u00fclkiyy\u0259tind\u0259 olub:\n<\/p>\n<p>\n  &quot;H\u0259rrac ke\u00e7irilib, h\u0259min h\u0259rrac n\u0259tic\u0259sind\u0259 d\u0259 Ataki\u015fili B\u0259l\u0259diyy\u0259si il\u0259 m\u0259nim aramda notariat kontorunda alq\u0131-satq\u0131 m\u00fcqavi\u0259si ba\u011flan\u0131b, h\u0259min torpaq sah\u0259sini alm\u0131\u015fam. Sonradan Da\u015f\u0131nmaz \u018fmlak\u0131n D\u00f6vl\u0259t Reyestri Xidm\u0259ti m\u0259n\u0259 \u00e7\u0131xar\u0131\u015f verib\u201c.\n<\/p>\n<figure class=\"wp-block-image size-large\">\n  <img decoding=\"async\" src=\"https:\/\/www.meydan.tv\/az\/image_from_ios-4-jpg-47\/\" alt=\"image_from_ios (4).jpg\" class=\"wp-image-128279\"\/><figcaption>\n    Xatun n\u0259n\u0259 54 ya\u015fl\u0131 \u015f\u0259xsiyy\u0259t v\u0259siq\u0259si ala bilm\u0259y\u0259n o\u011flu<br \/>\n  <\/figcaption><\/figure>\n<p>\n  <i><br \/>\n    \u201c54 ya\u015fl\u0131 o\u011flumun h\u0259l\u0259 d\u0259 \u015f\u0259xsiyy\u0259t v\u0259siq\u0259si yoxdu\u201d<br \/>\n  <\/i>\n<\/p>\n<p>\n  Xat\u0131n Qurbanova dan\u0131\u015f\u0131r ki, T\u00fcrkm\u0259nistanda pis dolanm\u0131rm\u0131\u015f. Barama fabrikind\u0259 i\u015fl\u0259yirmi\u015f. H\u0259tta bir m\u00fcdd\u0259t ke\u00e7mi\u015f prezident Saparmurad Niyazovun a\u015fpaz\u0131 olub. Amma Niyazovdan sonra v\u0259ziyy\u0259t a\u011f\u0131rla\u015f\u0131b. Az\u0259rbaycana b\u00f6y\u00fck \u00fcmidl\u0259rl\u0259 qay\u0131d\u0131blar. Amma burada da rahatl\u0131q tapmay\u0131blar.\n<\/p>\n<p>\n  \u201cProbleml\u0259rin i\u00e7ind\u0259 bo\u011fuluruq. T\u0259s\u0259vv\u00fcr el\u0259yin, 54 ya\u015fl\u0131 o\u011flumun h\u0259l\u0259 d\u0259 \u015f\u0259xsiyy\u0259t v\u0259siq\u0259si yoxdu. Ev yananda b\u00fct\u00fcn s\u0259n\u0259dl\u0259ri m\u0259hv olub, pul yoxdu dey\u0259, d\u00fcz\u0259ltdir\u0259 bilmirik. He\u00e7 olmasa, pensiya alard\u0131. \u00c7ox pis dolan\u0131r\u0131q. Ev\u0259 c\u0259mi 160 manat g\u0259lir. \u0130ki ildi pensiya al\u0131ram. Q\u0131zlar\u0131m k\u00f6m\u0259k el\u0259m\u0259s\u0259, ac\u0131ndan \u00f6l\u0259rik\u201d, &#8211; Xat\u0131n Qurbanova deyir.\n<\/p>\n<p>\n  T\u0259qa\u00fcd\u00e7\u00fc qad\u0131n narahatd\u0131r ki, \u00f6mr\u00fcn\u00fcn sonuna az qal\u0131b, x\u0259st\u0259 o\u011flunun g\u0259l\u0259c\u0259kd\u0259 s\u0131\u011f\u0131naca\u011f\u0131 evi yoxdur.<\/p>\n","protected":false},"excerpt":{"rendered":"<p>T\u0259s\u0259vv\u00fcr el\u0259yin, 54 ya\u015fl\u0131 o\u011flumun h\u0259l\u0259 d\u0259 \u015f\u0259xsiyy\u0259t v\u0259siq\u0259si yoxdu.<\/p>\n","protected":false},"author":11,"featured_media":128264,"comment_status":"closed","ping_status":"open","sticky":false,"template":"","format":"standard","meta":{"_acf_changed":false,"_sitemap_exclude":false,"_sitemap_priority":"","_sitemap_frequency":"","footnotes":""},"categories":[60],"tags":[],"class_list":["post-196618","post","type-post","status-publish","format-standard","has-post-thumbnail","hentry","category-bolge","infinite-scroll-item","generate-columns","tablet-grid-50","mobile-grid-100","grid-parent","grid-33","no-featured-image-padding"],"acf":[],"yoast_head":"<!-- This site is optimized with the Yoast SEO plugin v27.5 - https:\/\/yoast.com\/product\/yoast-seo-wordpress\/ -->\n<title>T\u00fcrkm\u0259nba\u015f\u0131n\u0131n a\u015fpaz\u0131 olmu\u015f qad\u0131n K\u00fcrd\u0259mird\u0259 daxmada ya\u015fay\u0131r - MEYDAN.TV<\/title>\n<meta name=\"robots\" content=\"index, follow, max-snippet:-1, max-image-preview:large, max-video-preview:-1\" \/>\n<link rel=\"canonical\" href=\"https:\/\/www.meydan.tv\/az\/article\/turkmenbasinin-aspazi-olmus-qadin-kurdemirde-daxmada-yasayir\/\" \/>\n<meta property=\"og:locale\" content=\"az_AZ\" \/>\n<meta property=\"og:type\" content=\"article\" \/>\n<meta property=\"og:title\" content=\"T\u00fcrkm\u0259nba\u015f\u0131n\u0131n a\u015fpaz\u0131 olmu\u015f qad\u0131n K\u00fcrd\u0259mird\u0259 daxmada ya\u015fay\u0131r - MEYDAN.TV\" \/>\n<meta property=\"og:description\" content=\"T\u0259s\u0259vv\u00fcr el\u0259yin, 54 ya\u015fl\u0131 o\u011flumun h\u0259l\u0259 d\u0259 \u015f\u0259xsiyy\u0259t v\u0259siq\u0259si yoxdu.\" \/>\n<meta property=\"og:url\" content=\"https:\/\/www.meydan.tv\/az\/article\/turkmenbasinin-aspazi-olmus-qadin-kurdemirde-daxmada-yasayir\/\" \/>\n<meta property=\"og:site_name\" content=\"MEYDAN.TV\" \/>\n<meta property=\"article:published_time\" content=\"2019-08-19T14:55:14+00:00\" \/>\n<meta property=\"og:image\" content=\"https:\/\/www.meydan.tv\/wp-content\/uploads\/image_from_ios_5_3lr35xv.jpg\" \/>\n\t<meta property=\"og:image:width\" content=\"1022\" \/>\n\t<meta property=\"og:image:height\" content=\"750\" \/>\n\t<meta property=\"og:image:type\" content=\"image\/jpeg\" \/>\n<meta name=\"author\" content=\"user-manager\" \/>\n<meta name=\"twitter:card\" content=\"summary_large_image\" \/>\n<script type=\"application\/ld+json\" class=\"yoast-schema-graph\">{\"@context\":\"https:\\\/\\\/schema.org\",\"@graph\":[{\"@type\":\"Article\",\"@id\":\"https:\\\/\\\/www.meydan.tv\\\/az\\\/article\\\/turkmenbasinin-aspazi-olmus-qadin-kurdemirde-daxmada-yasayir\\\/#article\",\"isPartOf\":{\"@id\":\"https:\\\/\\\/www.meydan.tv\\\/az\\\/article\\\/turkmenbasinin-aspazi-olmus-qadin-kurdemirde-daxmada-yasayir\\\/\"},\"author\":{\"name\":\"user-manager\",\"@id\":\"https:\\\/\\\/www.meydan.tv\\\/az\\\/#\\\/schema\\\/person\\\/10d11eccf6da3662cf5fdab9806ea91a\"},\"headline\":\"T\u00fcrkm\u0259nba\u015f\u0131n\u0131n a\u015fpaz\u0131 olmu\u015f qad\u0131n K\u00fcrd\u0259mird\u0259 daxmada ya\u015fay\u0131r\",\"datePublished\":\"2019-08-19T14:55:14+00:00\",\"mainEntityOfPage\":{\"@id\":\"https:\\\/\\\/www.meydan.tv\\\/az\\\/article\\\/turkmenbasinin-aspazi-olmus-qadin-kurdemirde-daxmada-yasayir\\\/\"},\"wordCount\":1518,\"publisher\":{\"@id\":\"https:\\\/\\\/www.meydan.tv\\\/az\\\/#organization\"},\"image\":{\"@id\":\"https:\\\/\\\/www.meydan.tv\\\/az\\\/article\\\/turkmenbasinin-aspazi-olmus-qadin-kurdemirde-daxmada-yasayir\\\/#primaryimage\"},\"thumbnailUrl\":\"https:\\\/\\\/www.meydan.tv\\\/wp-content\\\/uploads\\\/image_from_ios_5_3lr35xv.jpg\",\"articleSection\":[\"B\u00f6lg\u0259\"],\"inLanguage\":\"az\"},{\"@type\":\"WebPage\",\"@id\":\"https:\\\/\\\/www.meydan.tv\\\/az\\\/article\\\/turkmenbasinin-aspazi-olmus-qadin-kurdemirde-daxmada-yasayir\\\/\",\"url\":\"https:\\\/\\\/www.meydan.tv\\\/az\\\/article\\\/turkmenbasinin-aspazi-olmus-qadin-kurdemirde-daxmada-yasayir\\\/\",\"name\":\"T\u00fcrkm\u0259nba\u015f\u0131n\u0131n a\u015fpaz\u0131 olmu\u015f qad\u0131n K\u00fcrd\u0259mird\u0259 daxmada ya\u015fay\u0131r - MEYDAN.TV\",\"isPartOf\":{\"@id\":\"https:\\\/\\\/www.meydan.tv\\\/az\\\/#website\"},\"primaryImageOfPage\":{\"@id\":\"https:\\\/\\\/www.meydan.tv\\\/az\\\/article\\\/turkmenbasinin-aspazi-olmus-qadin-kurdemirde-daxmada-yasayir\\\/#primaryimage\"},\"image\":{\"@id\":\"https:\\\/\\\/www.meydan.tv\\\/az\\\/article\\\/turkmenbasinin-aspazi-olmus-qadin-kurdemirde-daxmada-yasayir\\\/#primaryimage\"},\"thumbnailUrl\":\"https:\\\/\\\/www.meydan.tv\\\/wp-content\\\/uploads\\\/image_from_ios_5_3lr35xv.jpg\",\"datePublished\":\"2019-08-19T14:55:14+00:00\",\"breadcrumb\":{\"@id\":\"https:\\\/\\\/www.meydan.tv\\\/az\\\/article\\\/turkmenbasinin-aspazi-olmus-qadin-kurdemirde-daxmada-yasayir\\\/#breadcrumb\"},\"inLanguage\":\"az\",\"potentialAction\":[{\"@type\":\"ReadAction\",\"target\":[\"https:\\\/\\\/www.meydan.tv\\\/az\\\/article\\\/turkmenbasinin-aspazi-olmus-qadin-kurdemirde-daxmada-yasayir\\\/\"]}]},{\"@type\":\"ImageObject\",\"inLanguage\":\"az\",\"@id\":\"https:\\\/\\\/www.meydan.tv\\\/az\\\/article\\\/turkmenbasinin-aspazi-olmus-qadin-kurdemirde-daxmada-yasayir\\\/#primaryimage\",\"url\":\"https:\\\/\\\/www.meydan.tv\\\/wp-content\\\/uploads\\\/image_from_ios_5_3lr35xv.jpg\",\"contentUrl\":\"https:\\\/\\\/www.meydan.tv\\\/wp-content\\\/uploads\\\/image_from_ios_5_3lr35xv.jpg\",\"width\":1022,\"height\":750,\"caption\":\"Source: meydan tv\"},{\"@type\":\"BreadcrumbList\",\"@id\":\"https:\\\/\\\/www.meydan.tv\\\/az\\\/article\\\/turkmenbasinin-aspazi-olmus-qadin-kurdemirde-daxmada-yasayir\\\/#breadcrumb\",\"itemListElement\":[{\"@type\":\"ListItem\",\"position\":1,\"name\":\"Ana s\u0259hif\u0259\",\"item\":\"https:\\\/\\\/www.meydan.tv\\\/az\\\/\"},{\"@type\":\"ListItem\",\"position\":2,\"name\":\"B\u00f6lg\u0259\",\"item\":\"https:\\\/\\\/www.meydan.tv\\\/az\\\/section\\\/bolge\\\/\"},{\"@type\":\"ListItem\",\"position\":3,\"name\":\"T\u00fcrkm\u0259nba\u015f\u0131n\u0131n a\u015fpaz\u0131 olmu\u015f qad\u0131n K\u00fcrd\u0259mird\u0259 daxmada ya\u015fay\u0131r\"}]},{\"@type\":\"WebSite\",\"@id\":\"https:\\\/\\\/www.meydan.tv\\\/az\\\/#website\",\"url\":\"https:\\\/\\\/www.meydan.tv\\\/az\\\/\",\"name\":\"MEYDAN.TV\",\"description\":\"Meydan TV Az\u0259rbaycan\u0131n media m\u0259kan\u0131ndak\u0131 alternativ s\u0259sidir\",\"publisher\":{\"@id\":\"https:\\\/\\\/www.meydan.tv\\\/az\\\/#organization\"},\"potentialAction\":[{\"@type\":\"SearchAction\",\"target\":{\"@type\":\"EntryPoint\",\"urlTemplate\":\"https:\\\/\\\/www.meydan.tv\\\/az\\\/?s={search_term_string}\"},\"query-input\":{\"@type\":\"PropertyValueSpecification\",\"valueRequired\":true,\"valueName\":\"search_term_string\"}}],\"inLanguage\":\"az\"},{\"@type\":\"Organization\",\"@id\":\"https:\\\/\\\/www.meydan.tv\\\/az\\\/#organization\",\"name\":\"Meydan TV\",\"url\":\"https:\\\/\\\/www.meydan.tv\\\/az\\\/\",\"logo\":{\"@type\":\"ImageObject\",\"inLanguage\":\"az\",\"@id\":\"https:\\\/\\\/www.meydan.tv\\\/az\\\/#\\\/schema\\\/logo\\\/image\\\/\",\"url\":\"https:\\\/\\\/www.meydan.tv\\\/wp-content\\\/uploads\\\/2021\\\/07\\\/meydan-logo.svg\",\"contentUrl\":\"https:\\\/\\\/www.meydan.tv\\\/wp-content\\\/uploads\\\/2021\\\/07\\\/meydan-logo.svg\",\"width\":195,\"height\":46,\"caption\":\"Meydan TV\"},\"image\":{\"@id\":\"https:\\\/\\\/www.meydan.tv\\\/az\\\/#\\\/schema\\\/logo\\\/image\\\/\"}},{\"@type\":\"Person\",\"@id\":\"https:\\\/\\\/www.meydan.tv\\\/az\\\/#\\\/schema\\\/person\\\/10d11eccf6da3662cf5fdab9806ea91a\",\"name\":\"user-manager\"}]}<\/script>\n<!-- \/ Yoast SEO plugin. -->","yoast_head_json":{"title":"T\u00fcrkm\u0259nba\u015f\u0131n\u0131n a\u015fpaz\u0131 olmu\u015f qad\u0131n K\u00fcrd\u0259mird\u0259 daxmada ya\u015fay\u0131r - MEYDAN.TV","robots":{"index":"index","follow":"follow","max-snippet":"max-snippet:-1","max-image-preview":"max-image-preview:large","max-video-preview":"max-video-preview:-1"},"canonical":"https:\/\/www.meydan.tv\/az\/article\/turkmenbasinin-aspazi-olmus-qadin-kurdemirde-daxmada-yasayir\/","og_locale":"az_AZ","og_type":"article","og_title":"T\u00fcrkm\u0259nba\u015f\u0131n\u0131n a\u015fpaz\u0131 olmu\u015f qad\u0131n K\u00fcrd\u0259mird\u0259 daxmada ya\u015fay\u0131r - MEYDAN.TV","og_description":"T\u0259s\u0259vv\u00fcr el\u0259yin, 54 ya\u015fl\u0131 o\u011flumun h\u0259l\u0259 d\u0259 \u015f\u0259xsiyy\u0259t v\u0259siq\u0259si yoxdu.","og_url":"https:\/\/www.meydan.tv\/az\/article\/turkmenbasinin-aspazi-olmus-qadin-kurdemirde-daxmada-yasayir\/","og_site_name":"MEYDAN.TV","article_published_time":"2019-08-19T14:55:14+00:00","og_image":[{"width":1022,"height":750,"url":"https:\/\/www.meydan.tv\/wp-content\/uploads\/image_from_ios_5_3lr35xv.jpg","type":"image\/jpeg"}],"author":"user-manager","twitter_card":"summary_large_image","schema":{"@context":"https:\/\/schema.org","@graph":[{"@type":"Article","@id":"https:\/\/www.meydan.tv\/az\/article\/turkmenbasinin-aspazi-olmus-qadin-kurdemirde-daxmada-yasayir\/#article","isPartOf":{"@id":"https:\/\/www.meydan.tv\/az\/article\/turkmenbasinin-aspazi-olmus-qadin-kurdemirde-daxmada-yasayir\/"},"author":{"name":"user-manager","@id":"https:\/\/www.meydan.tv\/az\/#\/schema\/person\/10d11eccf6da3662cf5fdab9806ea91a"},"headline":"T\u00fcrkm\u0259nba\u015f\u0131n\u0131n a\u015fpaz\u0131 olmu\u015f qad\u0131n K\u00fcrd\u0259mird\u0259 daxmada ya\u015fay\u0131r","datePublished":"2019-08-19T14:55:14+00:00","mainEntityOfPage":{"@id":"https:\/\/www.meydan.tv\/az\/article\/turkmenbasinin-aspazi-olmus-qadin-kurdemirde-daxmada-yasayir\/"},"wordCount":1518,"publisher":{"@id":"https:\/\/www.meydan.tv\/az\/#organization"},"image":{"@id":"https:\/\/www.meydan.tv\/az\/article\/turkmenbasinin-aspazi-olmus-qadin-kurdemirde-daxmada-yasayir\/#primaryimage"},"thumbnailUrl":"https:\/\/www.meydan.tv\/wp-content\/uploads\/image_from_ios_5_3lr35xv.jpg","articleSection":["B\u00f6lg\u0259"],"inLanguage":"az"},{"@type":"WebPage","@id":"https:\/\/www.meydan.tv\/az\/article\/turkmenbasinin-aspazi-olmus-qadin-kurdemirde-daxmada-yasayir\/","url":"https:\/\/www.meydan.tv\/az\/article\/turkmenbasinin-aspazi-olmus-qadin-kurdemirde-daxmada-yasayir\/","name":"T\u00fcrkm\u0259nba\u015f\u0131n\u0131n a\u015fpaz\u0131 olmu\u015f qad\u0131n K\u00fcrd\u0259mird\u0259 daxmada ya\u015fay\u0131r - MEYDAN.TV","isPartOf":{"@id":"https:\/\/www.meydan.tv\/az\/#website"},"primaryImageOfPage":{"@id":"https:\/\/www.meydan.tv\/az\/article\/turkmenbasinin-aspazi-olmus-qadin-kurdemirde-daxmada-yasayir\/#primaryimage"},"image":{"@id":"https:\/\/www.meydan.tv\/az\/article\/turkmenbasinin-aspazi-olmus-qadin-kurdemirde-daxmada-yasayir\/#primaryimage"},"thumbnailUrl":"https:\/\/www.meydan.tv\/wp-content\/uploads\/image_from_ios_5_3lr35xv.jpg","datePublished":"2019-08-19T14:55:14+00:00","breadcrumb":{"@id":"https:\/\/www.meydan.tv\/az\/article\/turkmenbasinin-aspazi-olmus-qadin-kurdemirde-daxmada-yasayir\/#breadcrumb"},"inLanguage":"az","potentialAction":[{"@type":"ReadAction","target":["https:\/\/www.meydan.tv\/az\/article\/turkmenbasinin-aspazi-olmus-qadin-kurdemirde-daxmada-yasayir\/"]}]},{"@type":"ImageObject","inLanguage":"az","@id":"https:\/\/www.meydan.tv\/az\/article\/turkmenbasinin-aspazi-olmus-qadin-kurdemirde-daxmada-yasayir\/#primaryimage","url":"https:\/\/www.meydan.tv\/wp-content\/uploads\/image_from_ios_5_3lr35xv.jpg","contentUrl":"https:\/\/www.meydan.tv\/wp-content\/uploads\/image_from_ios_5_3lr35xv.jpg","width":1022,"height":750,"caption":"Source: meydan tv"},{"@type":"BreadcrumbList","@id":"https:\/\/www.meydan.tv\/az\/article\/turkmenbasinin-aspazi-olmus-qadin-kurdemirde-daxmada-yasayir\/#breadcrumb","itemListElement":[{"@type":"ListItem","position":1,"name":"Ana s\u0259hif\u0259","item":"https:\/\/www.meydan.tv\/az\/"},{"@type":"ListItem","position":2,"name":"B\u00f6lg\u0259","item":"https:\/\/www.meydan.tv\/az\/section\/bolge\/"},{"@type":"ListItem","position":3,"name":"T\u00fcrkm\u0259nba\u015f\u0131n\u0131n a\u015fpaz\u0131 olmu\u015f qad\u0131n K\u00fcrd\u0259mird\u0259 daxmada ya\u015fay\u0131r"}]},{"@type":"WebSite","@id":"https:\/\/www.meydan.tv\/az\/#website","url":"https:\/\/www.meydan.tv\/az\/","name":"MEYDAN.TV","description":"Meydan TV Az\u0259rbaycan\u0131n media m\u0259kan\u0131ndak\u0131 alternativ s\u0259sidir","publisher":{"@id":"https:\/\/www.meydan.tv\/az\/#organization"},"potentialAction":[{"@type":"SearchAction","target":{"@type":"EntryPoint","urlTemplate":"https:\/\/www.meydan.tv\/az\/?s={search_term_string}"},"query-input":{"@type":"PropertyValueSpecification","valueRequired":true,"valueName":"search_term_string"}}],"inLanguage":"az"},{"@type":"Organization","@id":"https:\/\/www.meydan.tv\/az\/#organization","name":"Meydan TV","url":"https:\/\/www.meydan.tv\/az\/","logo":{"@type":"ImageObject","inLanguage":"az","@id":"https:\/\/www.meydan.tv\/az\/#\/schema\/logo\/image\/","url":"https:\/\/www.meydan.tv\/wp-content\/uploads\/2021\/07\/meydan-logo.svg","contentUrl":"https:\/\/www.meydan.tv\/wp-content\/uploads\/2021\/07\/meydan-logo.svg","width":195,"height":46,"caption":"Meydan TV"},"image":{"@id":"https:\/\/www.meydan.tv\/az\/#\/schema\/logo\/image\/"}},{"@type":"Person","@id":"https:\/\/www.meydan.tv\/az\/#\/schema\/person\/10d11eccf6da3662cf5fdab9806ea91a","name":"user-manager"}]}},"_links":{"self":[{"href":"https:\/\/www.meydan.tv\/az\/wp-json\/wp\/v2\/posts\/196618","targetHints":{"allow":["GET"]}}],"collection":[{"href":"https:\/\/www.meydan.tv\/az\/wp-json\/wp\/v2\/posts"}],"about":[{"href":"https:\/\/www.meydan.tv\/az\/wp-json\/wp\/v2\/types\/post"}],"author":[{"embeddable":true,"href":"https:\/\/www.meydan.tv\/az\/wp-json\/wp\/v2\/users\/11"}],"replies":[{"embeddable":true,"href":"https:\/\/www.meydan.tv\/az\/wp-json\/wp\/v2\/comments?post=196618"}],"version-history":[{"count":0,"href":"https:\/\/www.meydan.tv\/az\/wp-json\/wp\/v2\/posts\/196618\/revisions"}],"wp:featuredmedia":[{"embeddable":true,"href":"https:\/\/www.meydan.tv\/az\/wp-json\/wp\/v2\/media\/128264"}],"wp:attachment":[{"href":"https:\/\/www.meydan.tv\/az\/wp-json\/wp\/v2\/media?parent=196618"}],"wp:term":[{"taxonomy":"category","embeddable":true,"href":"https:\/\/www.meydan.tv\/az\/wp-json\/wp\/v2\/categories?post=196618"},{"taxonomy":"post_tag","embeddable":true,"href":"https:\/\/www.meydan.tv\/az\/wp-json\/wp\/v2\/tags?post=196618"}],"curies":[{"name":"wp","href":"https:\/\/api.w.org\/{rel}","templated":true}]}}