{"id":196612,"date":"2019-08-17T17:22:46","date_gmt":"2019-08-17T17:22:46","guid":{"rendered":"https:\/\/www.meydan.tv\/article\/sehid-anasi-dediler-oglun-konullu-doyusub-size-birdefelik-pul-dusmur\/"},"modified":"2019-08-17T17:22:46","modified_gmt":"2019-08-17T17:22:46","slug":"sehid-anasi-dediler-oglun-konullu-doyusub-size-birdefelik-pul-dusmur","status":"publish","type":"post","link":"https:\/\/www.meydan.tv\/az\/article\/sehid-anasi-dediler-oglun-konullu-doyusub-size-birdefelik-pul-dusmur\/","title":{"rendered":"\u015e\u0259hid anas\u0131: Dedil\u0259r, o\u011flun k\u00f6n\u00fcll\u00fc d\u00f6y\u00fc\u015f\u00fcb, siz\u0259 bird\u0259f\u0259lik pul d\u00fc\u015fm\u00fcr"},"content":{"rendered":"<p>\n  \u201c<br \/>\n  <i><br \/>\n    O pul bir \u015fey deyil, sad\u0259c\u0259 ham\u0131 soru\u015fur, deyirl\u0259r, b\u0259s siz\u0259 niy\u0259 verm\u0259dil\u0259r?\u201d<br \/>\n  <\/i>\n<\/p>\n<p>\n  \u201cO\u011flum 1992-ci ild\u0259 A\u011fd\u0259r\u0259nin \u00e7ayl\u0131 k\u0259ndind\u0259 \u015f\u0259hid olub. Ona \u015f\u0259hid ad\u0131 da verilib. \u0130ll\u0259rdir m\u00fcavin\u0259t d\u0259 al\u0131r\u0131q. Ancaq di g\u0259l ki, sonuncu s\u0259r\u0259ncamdan sonra b\u00fct\u00fcn \u015f\u0259hid ail\u0259l\u0259rin\u0259 veril\u0259n bird\u0259f\u0259lik qanpulu biz\u0259 d\u00fc\u015fm\u0259di. M\u00fcraci\u0259t etdik, dedil\u0259r ki, sizin \u00f6vlad\u0131n\u0131z d\u00f6y\u00fc\u015f\u0259 k\u00f6n\u00fcll\u00fc gedib, ona \u015famil edilmir. Biz bilmi\u015f olduq ki, v\u0259t\u0259n \u00fc\u00e7\u00fcn k\u00f6n\u00fcls\u00fcz d\u00f6y\u00fc\u015fm\u0259k laz\u0131m imi\u015f\u201d.\n<\/p>\n<p>\n  K\u00fcrd\u0259mirin Qaraqocal\u0131 k\u0259ndinin sakini G\u00fclnar Zamanova bel\u0259 deyir.\n<\/p>\n<p>\n  Onun o\u011flu Sehran Q\u0259niyev 15 ya\u015f\u0131nda evd\u0259n qa\u00e7\u0131b k\u00f6n\u00fcll\u00fc Qaraba\u011fa d\u00f6y\u00fc\u015fm\u0259y\u0259 gedib. Bir ne\u00e7\u0259 aydan sonra is\u0259 d\u00f6y\u00fc\u015fd\u00fcy\u00fc k\u0259ndd\u0259 m\u00fchasir\u0259y\u0259 d\u00fc\u015f\u0259r\u0259k h\u0259lak olublar. Ana deyir ki, b\u0259li, o\u011flu Qaraba\u011fa k\u00f6n\u00fcll\u00fc gedib. O, bunun qar\u015f\u0131s\u0131n\u0131 d\u0259f\u0259l\u0259rl\u0259 al\u0131b. Ancaq g\u00fcn\u00fcn birind\u0259 qa\u00e7\u0131b v\u0259 sad\u0259c\u0259 gedib:\n<\/p>\n<p>\n  \u201cV\u0259t\u0259np\u0259rv\u0259r u\u015faq idi. Qar\u015f\u0131s\u0131n\u0131 ala bilm\u0259dim. Getdi v\u0259 \u015f\u0259hid oldu. Buna s\u00f6z\u00fcm yoxdu. Anas\u0131 kimi h\u0259mi\u015f\u0259 f\u0259xr etmi\u015f\u0259m onunla. Bilir\u0259m, onsuz da el\u0259 o\u011fulu Allah adama sonacan verm\u0259z. Musiqiy\u0259, idmana gedirdi. T\u0259rbiy\u0259li, a\u011f\u0131ll\u0131, ham\u0131 ba\u015f\u0131na and i\u00e7irdi. M\u0259n\u0259 k\u00f6m\u0259k edirdi, v\u0259t\u0259np\u0259rv\u0259r, sevgi dolu bir u\u015faq idi. M\u0259n\u0259 t\u0259sir ed\u0259n ayr\u0131-se\u00e7kilikdir. O pul bir \u015fey deyil, sad\u0259c\u0259 ham\u0131 soru\u015fur, deyirl\u0259r, b\u0259s siz\u0259 niy\u0259 verm\u0259dil\u0259r? Sehran \u015f\u0259hid say\u0131lm\u0131r ki, n\u0259 m\u0259s\u0259l\u0259dir? B\u00fct\u00fcn bunlar da bir ana kimi m\u0259n\u0259 pis t\u0259sir edir. \u015e\u0259hidi ay\u0131rmazlar, prezident bir s\u0259r\u0259ncam, bir q\u0259rar veribs\u0259, sonacan versin. Bu i\u015fi layiqli \u015f\u0259kild\u0259 yerin\u0259 yetirsin\u201d.\n<\/p>\n<p>\n  G\u00fclnar Zamanova o\u011flunun d\u00f6y\u00fc\u015f\u0259 getdiyi vaxtlar\u0131 xat\u0131rlay\u0131r. Deyir, 1992-ci ilin iyulunda gedib. M\u00fcharib\u0259nin \u0259n q\u0131z\u011f\u0131n vaxtlar\u0131nda \u00f6n c\u0259bh\u0259d\u0259 41 g\u00fcn d\u00f6y\u00fc\u015f\u00fcb. Bir g\u00fcn evl\u0259rin\u0259 d\u0259 g\u0259lib:\n<\/p>\n<p>\n  \u201cAvqustun 14-d\u0259 g\u0259ldi. El\u0259 birc\u0259 g\u00fcn qald\u0131. 15-d\u0259 t\u0259l\u0259sik getdi. Yalvard\u0131m-yaxard\u0131m, dedim, bala, s\u0259nin m\u0259kt\u0259b\u0259 ged\u0259n vaxt\u0131nd\u0131r, u\u015faqsan, n\u0259 i\u015fin var s\u0259ng\u0259rd\u0259, m\u00fcharib\u0259d\u0259? Dinl\u0259m\u0259di, qa\u00e7\u0131b \u00e7\u0131x\u0131b getdi. A\u011fd\u0259r\u0259nin \u00c7ayl\u0131 k\u0259ndind\u0259 d\u00f6y\u00fc\u015f\u00fcrd\u00fc. Getm\u0259yi il\u0259 \u00f6l\u00fcm\u00fc bir olub. El\u0259 getdiyi g\u00fcn\u00fcn ax\u015fam\u0131 d\u00f6y\u00fc\u015f olub. Erm\u0259nil\u0259r bunlar\u0131n oldu\u011fu yeri m\u00fchasir\u0259y\u0259 al\u0131b, ham\u0131n\u0131 q\u0131rm\u0131\u015fd\u0131lar. H\u0259tta meyitl\u0259rini 24 saat sonra \u00e7\u0131xarmaq m\u00fcmk\u00fcn olmu\u015fdu\u201d.\n<\/p>\n<p>\n  G\u00fclnar Zamanova deyir ki, bel\u0259 bir \u015f\u0259raitd\u0259 h\u0259lak olan, v\u0259t\u0259nini sevib, k\u00f6n\u00fcll\u00fc d\u00f6y\u00fc\u015f\u0259 ged\u0259n birin\u0259 qar\u015f\u0131 ayr\u0131-se\u00e7kilik etm\u0259k g\u00fcnahd\u0131r:\n<\/p>\n<p>\n  \u201cH\u0259m \u015f\u0259hidin \u00f6z\u00fcn\u0259, h\u0259m d\u0259 ail\u0259sin\u0259 qar\u015f\u0131 b\u00f6y\u00fck haqs\u0131zl\u0131qd\u0131r. M\u0259nim ana kimi \u00e7\u0259kdiyim \u0259zablar h\u0259r hans\u0131 maddiyyatla \u00f6l\u00e7\u00fclm\u00fcr. H\u0259min g\u00fcn\u00fc xat\u0131rlay\u0131ram. Qap\u0131ya g\u0259ldil\u0259r. N\u0259s\u0259 dedil\u0259r, yolda\u015f\u0131m t\u0259cili getdi. Evd\u0259 d\u0259 he\u00e7 n\u0259 dem\u0259di. Sonra z\u0259ng etdi ki, get qarda\u015f\u0131ngil\u0259, g\u0259l\u0259c\u0259y\u0259m ora. Getdim ki, 4 tabut var ortada. O\u011flum, qarda\u015f\u0131m\u0131n o\u011flu, bibim o\u011flu v\u0259 bibimin n\u0259v\u0259si. Ham\u0131s\u0131 eyni yerd\u0259 d\u00f6y\u00fc\u015f\u00fcrd\u00fcl\u0259r. Bird\u0259n \u00f6ld\u00fcr\u00fcbl\u0259r. Soru\u015fdum, nolub, kimdi bunlar? Dedil\u0259r, ay b\u0259db\u0259xt, el\u0259 biri s\u0259nin baland\u0131. Ayaqlar\u0131m tutuldu, el\u0259 bildim \u00f6l\u00fcr\u0259m. \u00dcst\u00fcn\u0259 \u00f6l\u00fcm ka\u011f\u0131z\u0131 yap\u0131\u015fd\u0131rm\u0131\u015fd\u0131lar. Ad\u0131n\u0131 oxuyanda d\u00fcnyam da\u011f\u0131ld\u0131, qald\u0131m alt\u0131nda\u201d.\n<\/p>\n<p>\n  G\u00fclnar Zamanova deyir ki, d\u00f6vl\u0259t \u015f\u0259hidl\u0259rin ail\u0259l\u0259rin\u0259 bird\u0259f\u0259lik m\u00fcavin\u0259t verdi, onlar\u0131n ail\u0259l\u0259rin\u0259 t\u0259\u015f\u0259kk\u00fcr etdi:\n<\/p>\n<p>\n  \u201cAnlaya bilmir\u0259m, bizim \u00f6vlad\u0131m\u0131z\u0131n can\u0131 can deyil? M\u0259n ana deyil\u0259m? O\u011ful itirm\u0259mi\u015f\u0259m? Bu, n\u0259 ayr\u0131-se\u00e7kilikdir bel\u0259? Bizim qap\u0131m\u0131z\u0131 a\u00e7an olmad\u0131. N\u0259di ki, o\u011flum h\u0259rbiy\u0259 ged\u0259nd\u0259 16 ya\u015f\u0131 tamam olmam\u0131\u015fd\u0131 v\u0259 k\u00f6n\u00fcll\u00fc getmi\u015fdi. Bel\u0259sini daha da ba\u015f tac\u0131 etm\u0259kd\u0259n, deyirl\u0259r, k\u00f6n\u00fcll\u00fcd\u00fcr, ona d\u00fc\u015fm\u00fcr. N\u0259 bilim, yax\u015f\u0131 o\u011ful olmaq \u00fc\u00e7\u00fcn k\u00f6n\u00fcls\u00fcz d\u00f6y\u00fc\u015fm\u0259k laz\u0131m idi? Bu adam torpa\u011f\u0131n\u0131 sevirdi, v\u0259t\u0259np\u0259rv\u0259r idi. Ona g\u00f6r\u0259 bel\u0259 h\u00f6rm\u0259t qoyurlar?\u201d\n<\/p>\n<p>\n  Meydan TV m\u0259s\u0259l\u0259y\u0259 M\u00fcdafi\u0259 Nazirliyind\u0259n m\u00fcnasib\u0259t \u00f6yr\u0259n\u0259 bilm\u0259yib.\n<\/p>\n<p>\n  2019-cu ilin \u0259vv\u0259li prezident \u0130lham \u018fliyev 10 min\u0259 yax\u0131n \u015f\u0259hid ail\u0259sin\u0259 d\u00f6vl\u0259t t\u0259r\u0259find\u0259n 11 min manat m\u0259bl\u0259\u011find\u0259 bird\u0259f\u0259lik \u00f6d\u0259m\u0259l\u0259rin verilm\u0259sini n\u0259z\u0259rd\u0259 tutan F\u0259rman imzalay\u0131b.\n<\/p>\n<figure class=\"wp-block-image size-large\">\n  <img decoding=\"async\" src=\"https:\/\/www.meydan.tv\/az\/agdere-1992-ci-il\/\" alt=\"A\u011fd\u0259r\u0259 1992-ci il\" class=\"wp-image-128237\"\/><figcaption>\n    A\u011fd\u0259r\u0259 1992-ci il<br \/>\n  <\/figcaption><\/figure>\n","protected":false},"excerpt":{"rendered":"<p>&#8220;O pul bir \u015fey deyil, sad\u0259c\u0259 ham\u0131 soru\u015fur, deyirl\u0259r, b\u0259s siz\u0259 niy\u0259 verm\u0259dil\u0259r?\u201d<\/p>\n","protected":false},"author":11,"featured_media":128246,"comment_status":"closed","ping_status":"open","sticky":false,"template":"","format":"standard","meta":{"_acf_changed":false,"_sitemap_exclude":false,"_sitemap_priority":"","_sitemap_frequency":"","footnotes":""},"categories":[60],"tags":[],"class_list":["post-196612","post","type-post","status-publish","format-standard","has-post-thumbnail","hentry","category-bolge","infinite-scroll-item","generate-columns","tablet-grid-50","mobile-grid-100","grid-parent","grid-33","no-featured-image-padding"],"acf":[],"yoast_head":"<!-- This site is optimized with the Yoast SEO plugin v27.5 - https:\/\/yoast.com\/product\/yoast-seo-wordpress\/ -->\n<title>\u015e\u0259hid anas\u0131: Dedil\u0259r, o\u011flun k\u00f6n\u00fcll\u00fc d\u00f6y\u00fc\u015f\u00fcb, siz\u0259 bird\u0259f\u0259lik pul d\u00fc\u015fm\u00fcr - MEYDAN.TV<\/title>\n<meta name=\"robots\" content=\"index, follow, max-snippet:-1, max-image-preview:large, max-video-preview:-1\" \/>\n<link rel=\"canonical\" href=\"https:\/\/www.meydan.tv\/az\/article\/sehid-anasi-dediler-oglun-konullu-doyusub-size-birdefelik-pul-dusmur\/\" \/>\n<meta property=\"og:locale\" content=\"az_AZ\" \/>\n<meta property=\"og:type\" content=\"article\" \/>\n<meta property=\"og:title\" content=\"\u015e\u0259hid anas\u0131: Dedil\u0259r, o\u011flun k\u00f6n\u00fcll\u00fc d\u00f6y\u00fc\u015f\u00fcb, siz\u0259 bird\u0259f\u0259lik pul d\u00fc\u015fm\u00fcr - MEYDAN.TV\" \/>\n<meta property=\"og:description\" content=\"&quot;O pul bir \u015fey deyil, sad\u0259c\u0259 ham\u0131 soru\u015fur, deyirl\u0259r, b\u0259s siz\u0259 niy\u0259 verm\u0259dil\u0259r?\u201d\" \/>\n<meta property=\"og:url\" content=\"https:\/\/www.meydan.tv\/az\/article\/sehid-anasi-dediler-oglun-konullu-doyusub-size-birdefelik-pul-dusmur\/\" \/>\n<meta property=\"og:site_name\" content=\"MEYDAN.TV\" \/>\n<meta property=\"article:published_time\" content=\"2019-08-17T17:22:46+00:00\" \/>\n<meta property=\"og:image\" content=\"https:\/\/www.meydan.tv\/wp-content\/uploads\/e06666a7-2260-4f1c-90e5-ba38b4feef8f-scaled.jpeg\" \/>\n\t<meta property=\"og:image:width\" content=\"2560\" \/>\n\t<meta property=\"og:image:height\" content=\"1920\" \/>\n\t<meta property=\"og:image:type\" content=\"image\/jpeg\" \/>\n<meta name=\"author\" content=\"user-manager\" \/>\n<meta name=\"twitter:card\" content=\"summary_large_image\" \/>\n<script type=\"application\/ld+json\" class=\"yoast-schema-graph\">{\"@context\":\"https:\\\/\\\/schema.org\",\"@graph\":[{\"@type\":\"Article\",\"@id\":\"https:\\\/\\\/www.meydan.tv\\\/az\\\/article\\\/sehid-anasi-dediler-oglun-konullu-doyusub-size-birdefelik-pul-dusmur\\\/#article\",\"isPartOf\":{\"@id\":\"https:\\\/\\\/www.meydan.tv\\\/az\\\/article\\\/sehid-anasi-dediler-oglun-konullu-doyusub-size-birdefelik-pul-dusmur\\\/\"},\"author\":{\"name\":\"user-manager\",\"@id\":\"https:\\\/\\\/www.meydan.tv\\\/az\\\/#\\\/schema\\\/person\\\/10d11eccf6da3662cf5fdab9806ea91a\"},\"headline\":\"\u015e\u0259hid anas\u0131: Dedil\u0259r, o\u011flun k\u00f6n\u00fcll\u00fc d\u00f6y\u00fc\u015f\u00fcb, siz\u0259 bird\u0259f\u0259lik pul d\u00fc\u015fm\u00fcr\",\"datePublished\":\"2019-08-17T17:22:46+00:00\",\"mainEntityOfPage\":{\"@id\":\"https:\\\/\\\/www.meydan.tv\\\/az\\\/article\\\/sehid-anasi-dediler-oglun-konullu-doyusub-size-birdefelik-pul-dusmur\\\/\"},\"wordCount\":908,\"publisher\":{\"@id\":\"https:\\\/\\\/www.meydan.tv\\\/az\\\/#organization\"},\"image\":{\"@id\":\"https:\\\/\\\/www.meydan.tv\\\/az\\\/article\\\/sehid-anasi-dediler-oglun-konullu-doyusub-size-birdefelik-pul-dusmur\\\/#primaryimage\"},\"thumbnailUrl\":\"https:\\\/\\\/www.meydan.tv\\\/wp-content\\\/uploads\\\/e06666a7-2260-4f1c-90e5-ba38b4feef8f-scaled.jpeg\",\"articleSection\":[\"B\u00f6lg\u0259\"],\"inLanguage\":\"az\"},{\"@type\":\"WebPage\",\"@id\":\"https:\\\/\\\/www.meydan.tv\\\/az\\\/article\\\/sehid-anasi-dediler-oglun-konullu-doyusub-size-birdefelik-pul-dusmur\\\/\",\"url\":\"https:\\\/\\\/www.meydan.tv\\\/az\\\/article\\\/sehid-anasi-dediler-oglun-konullu-doyusub-size-birdefelik-pul-dusmur\\\/\",\"name\":\"\u015e\u0259hid anas\u0131: Dedil\u0259r, o\u011flun k\u00f6n\u00fcll\u00fc d\u00f6y\u00fc\u015f\u00fcb, siz\u0259 bird\u0259f\u0259lik pul d\u00fc\u015fm\u00fcr - MEYDAN.TV\",\"isPartOf\":{\"@id\":\"https:\\\/\\\/www.meydan.tv\\\/az\\\/#website\"},\"primaryImageOfPage\":{\"@id\":\"https:\\\/\\\/www.meydan.tv\\\/az\\\/article\\\/sehid-anasi-dediler-oglun-konullu-doyusub-size-birdefelik-pul-dusmur\\\/#primaryimage\"},\"image\":{\"@id\":\"https:\\\/\\\/www.meydan.tv\\\/az\\\/article\\\/sehid-anasi-dediler-oglun-konullu-doyusub-size-birdefelik-pul-dusmur\\\/#primaryimage\"},\"thumbnailUrl\":\"https:\\\/\\\/www.meydan.tv\\\/wp-content\\\/uploads\\\/e06666a7-2260-4f1c-90e5-ba38b4feef8f-scaled.jpeg\",\"datePublished\":\"2019-08-17T17:22:46+00:00\",\"breadcrumb\":{\"@id\":\"https:\\\/\\\/www.meydan.tv\\\/az\\\/article\\\/sehid-anasi-dediler-oglun-konullu-doyusub-size-birdefelik-pul-dusmur\\\/#breadcrumb\"},\"inLanguage\":\"az\",\"potentialAction\":[{\"@type\":\"ReadAction\",\"target\":[\"https:\\\/\\\/www.meydan.tv\\\/az\\\/article\\\/sehid-anasi-dediler-oglun-konullu-doyusub-size-birdefelik-pul-dusmur\\\/\"]}]},{\"@type\":\"ImageObject\",\"inLanguage\":\"az\",\"@id\":\"https:\\\/\\\/www.meydan.tv\\\/az\\\/article\\\/sehid-anasi-dediler-oglun-konullu-doyusub-size-birdefelik-pul-dusmur\\\/#primaryimage\",\"url\":\"https:\\\/\\\/www.meydan.tv\\\/wp-content\\\/uploads\\\/e06666a7-2260-4f1c-90e5-ba38b4feef8f-scaled.jpeg\",\"contentUrl\":\"https:\\\/\\\/www.meydan.tv\\\/wp-content\\\/uploads\\\/e06666a7-2260-4f1c-90e5-ba38b4feef8f-scaled.jpeg\",\"width\":2560,\"height\":1920,\"caption\":\"Source: Meydan Tv\"},{\"@type\":\"BreadcrumbList\",\"@id\":\"https:\\\/\\\/www.meydan.tv\\\/az\\\/article\\\/sehid-anasi-dediler-oglun-konullu-doyusub-size-birdefelik-pul-dusmur\\\/#breadcrumb\",\"itemListElement\":[{\"@type\":\"ListItem\",\"position\":1,\"name\":\"Ana s\u0259hif\u0259\",\"item\":\"https:\\\/\\\/www.meydan.tv\\\/az\\\/\"},{\"@type\":\"ListItem\",\"position\":2,\"name\":\"B\u00f6lg\u0259\",\"item\":\"https:\\\/\\\/www.meydan.tv\\\/az\\\/section\\\/bolge\\\/\"},{\"@type\":\"ListItem\",\"position\":3,\"name\":\"\u015e\u0259hid anas\u0131: Dedil\u0259r, o\u011flun k\u00f6n\u00fcll\u00fc d\u00f6y\u00fc\u015f\u00fcb, siz\u0259 bird\u0259f\u0259lik pul d\u00fc\u015fm\u00fcr\"}]},{\"@type\":\"WebSite\",\"@id\":\"https:\\\/\\\/www.meydan.tv\\\/az\\\/#website\",\"url\":\"https:\\\/\\\/www.meydan.tv\\\/az\\\/\",\"name\":\"MEYDAN.TV\",\"description\":\"Meydan TV Az\u0259rbaycan\u0131n media m\u0259kan\u0131ndak\u0131 alternativ s\u0259sidir\",\"publisher\":{\"@id\":\"https:\\\/\\\/www.meydan.tv\\\/az\\\/#organization\"},\"potentialAction\":[{\"@type\":\"SearchAction\",\"target\":{\"@type\":\"EntryPoint\",\"urlTemplate\":\"https:\\\/\\\/www.meydan.tv\\\/az\\\/?s={search_term_string}\"},\"query-input\":{\"@type\":\"PropertyValueSpecification\",\"valueRequired\":true,\"valueName\":\"search_term_string\"}}],\"inLanguage\":\"az\"},{\"@type\":\"Organization\",\"@id\":\"https:\\\/\\\/www.meydan.tv\\\/az\\\/#organization\",\"name\":\"Meydan TV\",\"url\":\"https:\\\/\\\/www.meydan.tv\\\/az\\\/\",\"logo\":{\"@type\":\"ImageObject\",\"inLanguage\":\"az\",\"@id\":\"https:\\\/\\\/www.meydan.tv\\\/az\\\/#\\\/schema\\\/logo\\\/image\\\/\",\"url\":\"https:\\\/\\\/www.meydan.tv\\\/wp-content\\\/uploads\\\/2021\\\/07\\\/meydan-logo.svg\",\"contentUrl\":\"https:\\\/\\\/www.meydan.tv\\\/wp-content\\\/uploads\\\/2021\\\/07\\\/meydan-logo.svg\",\"width\":195,\"height\":46,\"caption\":\"Meydan TV\"},\"image\":{\"@id\":\"https:\\\/\\\/www.meydan.tv\\\/az\\\/#\\\/schema\\\/logo\\\/image\\\/\"}},{\"@type\":\"Person\",\"@id\":\"https:\\\/\\\/www.meydan.tv\\\/az\\\/#\\\/schema\\\/person\\\/10d11eccf6da3662cf5fdab9806ea91a\",\"name\":\"user-manager\"}]}<\/script>\n<!-- \/ Yoast SEO plugin. -->","yoast_head_json":{"title":"\u015e\u0259hid anas\u0131: Dedil\u0259r, o\u011flun k\u00f6n\u00fcll\u00fc d\u00f6y\u00fc\u015f\u00fcb, siz\u0259 bird\u0259f\u0259lik pul d\u00fc\u015fm\u00fcr - MEYDAN.TV","robots":{"index":"index","follow":"follow","max-snippet":"max-snippet:-1","max-image-preview":"max-image-preview:large","max-video-preview":"max-video-preview:-1"},"canonical":"https:\/\/www.meydan.tv\/az\/article\/sehid-anasi-dediler-oglun-konullu-doyusub-size-birdefelik-pul-dusmur\/","og_locale":"az_AZ","og_type":"article","og_title":"\u015e\u0259hid anas\u0131: Dedil\u0259r, o\u011flun k\u00f6n\u00fcll\u00fc d\u00f6y\u00fc\u015f\u00fcb, siz\u0259 bird\u0259f\u0259lik pul d\u00fc\u015fm\u00fcr - MEYDAN.TV","og_description":"\"O pul bir \u015fey deyil, sad\u0259c\u0259 ham\u0131 soru\u015fur, deyirl\u0259r, b\u0259s siz\u0259 niy\u0259 verm\u0259dil\u0259r?\u201d","og_url":"https:\/\/www.meydan.tv\/az\/article\/sehid-anasi-dediler-oglun-konullu-doyusub-size-birdefelik-pul-dusmur\/","og_site_name":"MEYDAN.TV","article_published_time":"2019-08-17T17:22:46+00:00","og_image":[{"width":2560,"height":1920,"url":"https:\/\/www.meydan.tv\/wp-content\/uploads\/e06666a7-2260-4f1c-90e5-ba38b4feef8f-scaled.jpeg","type":"image\/jpeg"}],"author":"user-manager","twitter_card":"summary_large_image","schema":{"@context":"https:\/\/schema.org","@graph":[{"@type":"Article","@id":"https:\/\/www.meydan.tv\/az\/article\/sehid-anasi-dediler-oglun-konullu-doyusub-size-birdefelik-pul-dusmur\/#article","isPartOf":{"@id":"https:\/\/www.meydan.tv\/az\/article\/sehid-anasi-dediler-oglun-konullu-doyusub-size-birdefelik-pul-dusmur\/"},"author":{"name":"user-manager","@id":"https:\/\/www.meydan.tv\/az\/#\/schema\/person\/10d11eccf6da3662cf5fdab9806ea91a"},"headline":"\u015e\u0259hid anas\u0131: Dedil\u0259r, o\u011flun k\u00f6n\u00fcll\u00fc d\u00f6y\u00fc\u015f\u00fcb, siz\u0259 bird\u0259f\u0259lik pul d\u00fc\u015fm\u00fcr","datePublished":"2019-08-17T17:22:46+00:00","mainEntityOfPage":{"@id":"https:\/\/www.meydan.tv\/az\/article\/sehid-anasi-dediler-oglun-konullu-doyusub-size-birdefelik-pul-dusmur\/"},"wordCount":908,"publisher":{"@id":"https:\/\/www.meydan.tv\/az\/#organization"},"image":{"@id":"https:\/\/www.meydan.tv\/az\/article\/sehid-anasi-dediler-oglun-konullu-doyusub-size-birdefelik-pul-dusmur\/#primaryimage"},"thumbnailUrl":"https:\/\/www.meydan.tv\/wp-content\/uploads\/e06666a7-2260-4f1c-90e5-ba38b4feef8f-scaled.jpeg","articleSection":["B\u00f6lg\u0259"],"inLanguage":"az"},{"@type":"WebPage","@id":"https:\/\/www.meydan.tv\/az\/article\/sehid-anasi-dediler-oglun-konullu-doyusub-size-birdefelik-pul-dusmur\/","url":"https:\/\/www.meydan.tv\/az\/article\/sehid-anasi-dediler-oglun-konullu-doyusub-size-birdefelik-pul-dusmur\/","name":"\u015e\u0259hid anas\u0131: Dedil\u0259r, o\u011flun k\u00f6n\u00fcll\u00fc d\u00f6y\u00fc\u015f\u00fcb, siz\u0259 bird\u0259f\u0259lik pul d\u00fc\u015fm\u00fcr - MEYDAN.TV","isPartOf":{"@id":"https:\/\/www.meydan.tv\/az\/#website"},"primaryImageOfPage":{"@id":"https:\/\/www.meydan.tv\/az\/article\/sehid-anasi-dediler-oglun-konullu-doyusub-size-birdefelik-pul-dusmur\/#primaryimage"},"image":{"@id":"https:\/\/www.meydan.tv\/az\/article\/sehid-anasi-dediler-oglun-konullu-doyusub-size-birdefelik-pul-dusmur\/#primaryimage"},"thumbnailUrl":"https:\/\/www.meydan.tv\/wp-content\/uploads\/e06666a7-2260-4f1c-90e5-ba38b4feef8f-scaled.jpeg","datePublished":"2019-08-17T17:22:46+00:00","breadcrumb":{"@id":"https:\/\/www.meydan.tv\/az\/article\/sehid-anasi-dediler-oglun-konullu-doyusub-size-birdefelik-pul-dusmur\/#breadcrumb"},"inLanguage":"az","potentialAction":[{"@type":"ReadAction","target":["https:\/\/www.meydan.tv\/az\/article\/sehid-anasi-dediler-oglun-konullu-doyusub-size-birdefelik-pul-dusmur\/"]}]},{"@type":"ImageObject","inLanguage":"az","@id":"https:\/\/www.meydan.tv\/az\/article\/sehid-anasi-dediler-oglun-konullu-doyusub-size-birdefelik-pul-dusmur\/#primaryimage","url":"https:\/\/www.meydan.tv\/wp-content\/uploads\/e06666a7-2260-4f1c-90e5-ba38b4feef8f-scaled.jpeg","contentUrl":"https:\/\/www.meydan.tv\/wp-content\/uploads\/e06666a7-2260-4f1c-90e5-ba38b4feef8f-scaled.jpeg","width":2560,"height":1920,"caption":"Source: Meydan Tv"},{"@type":"BreadcrumbList","@id":"https:\/\/www.meydan.tv\/az\/article\/sehid-anasi-dediler-oglun-konullu-doyusub-size-birdefelik-pul-dusmur\/#breadcrumb","itemListElement":[{"@type":"ListItem","position":1,"name":"Ana s\u0259hif\u0259","item":"https:\/\/www.meydan.tv\/az\/"},{"@type":"ListItem","position":2,"name":"B\u00f6lg\u0259","item":"https:\/\/www.meydan.tv\/az\/section\/bolge\/"},{"@type":"ListItem","position":3,"name":"\u015e\u0259hid anas\u0131: Dedil\u0259r, o\u011flun k\u00f6n\u00fcll\u00fc d\u00f6y\u00fc\u015f\u00fcb, siz\u0259 bird\u0259f\u0259lik pul d\u00fc\u015fm\u00fcr"}]},{"@type":"WebSite","@id":"https:\/\/www.meydan.tv\/az\/#website","url":"https:\/\/www.meydan.tv\/az\/","name":"MEYDAN.TV","description":"Meydan TV Az\u0259rbaycan\u0131n media m\u0259kan\u0131ndak\u0131 alternativ s\u0259sidir","publisher":{"@id":"https:\/\/www.meydan.tv\/az\/#organization"},"potentialAction":[{"@type":"SearchAction","target":{"@type":"EntryPoint","urlTemplate":"https:\/\/www.meydan.tv\/az\/?s={search_term_string}"},"query-input":{"@type":"PropertyValueSpecification","valueRequired":true,"valueName":"search_term_string"}}],"inLanguage":"az"},{"@type":"Organization","@id":"https:\/\/www.meydan.tv\/az\/#organization","name":"Meydan TV","url":"https:\/\/www.meydan.tv\/az\/","logo":{"@type":"ImageObject","inLanguage":"az","@id":"https:\/\/www.meydan.tv\/az\/#\/schema\/logo\/image\/","url":"https:\/\/www.meydan.tv\/wp-content\/uploads\/2021\/07\/meydan-logo.svg","contentUrl":"https:\/\/www.meydan.tv\/wp-content\/uploads\/2021\/07\/meydan-logo.svg","width":195,"height":46,"caption":"Meydan TV"},"image":{"@id":"https:\/\/www.meydan.tv\/az\/#\/schema\/logo\/image\/"}},{"@type":"Person","@id":"https:\/\/www.meydan.tv\/az\/#\/schema\/person\/10d11eccf6da3662cf5fdab9806ea91a","name":"user-manager"}]}},"_links":{"self":[{"href":"https:\/\/www.meydan.tv\/az\/wp-json\/wp\/v2\/posts\/196612","targetHints":{"allow":["GET"]}}],"collection":[{"href":"https:\/\/www.meydan.tv\/az\/wp-json\/wp\/v2\/posts"}],"about":[{"href":"https:\/\/www.meydan.tv\/az\/wp-json\/wp\/v2\/types\/post"}],"author":[{"embeddable":true,"href":"https:\/\/www.meydan.tv\/az\/wp-json\/wp\/v2\/users\/11"}],"replies":[{"embeddable":true,"href":"https:\/\/www.meydan.tv\/az\/wp-json\/wp\/v2\/comments?post=196612"}],"version-history":[{"count":0,"href":"https:\/\/www.meydan.tv\/az\/wp-json\/wp\/v2\/posts\/196612\/revisions"}],"wp:featuredmedia":[{"embeddable":true,"href":"https:\/\/www.meydan.tv\/az\/wp-json\/wp\/v2\/media\/128246"}],"wp:attachment":[{"href":"https:\/\/www.meydan.tv\/az\/wp-json\/wp\/v2\/media?parent=196612"}],"wp:term":[{"taxonomy":"category","embeddable":true,"href":"https:\/\/www.meydan.tv\/az\/wp-json\/wp\/v2\/categories?post=196612"},{"taxonomy":"post_tag","embeddable":true,"href":"https:\/\/www.meydan.tv\/az\/wp-json\/wp\/v2\/tags?post=196612"}],"curies":[{"name":"wp","href":"https:\/\/api.w.org\/{rel}","templated":true}]}}