{"id":196596,"date":"2019-08-15T12:57:32","date_gmt":"2019-08-15T12:57:32","guid":{"rendered":"https:\/\/www.meydan.tv\/article\/qonsu-torpagimi-zebt-etdi-hakim-onun-xeyrine-qerar-cixardi\/"},"modified":"2019-08-15T12:57:32","modified_gmt":"2019-08-15T12:57:32","slug":"qonsu-torpagimi-zebt-etdi-hakim-onun-xeyrine-qerar-cixardi","status":"publish","type":"post","link":"https:\/\/www.meydan.tv\/az\/article\/qonsu-torpagimi-zebt-etdi-hakim-onun-xeyrine-qerar-cixardi\/","title":{"rendered":"&#8221;Qon\u015fu torpa\u011f\u0131m\u0131 z\u0259bt etdi, hakim onun xeyrin\u0259 q\u0259rar \u00e7\u0131xard\u0131&#8221;"},"content":{"rendered":"<p>\n  <i><br \/>\n    \u015eabran sakini yerli m\u0259hk\u0259m\u0259d\u0259n d\u0259 \u015fikay\u0259t\u00e7idir<br \/>\n  <\/i>\n<\/p>\n<p>\n  \u015eabran sakini Elmar Qas\u0131movun problemi var. Deyir, m\u0259hk\u0259m\u0259 s\u0259dri onun torpa\u011f\u0131n\u0131 z\u0259bt ed\u0259n v\u0259t\u0259nda\u015f\u0131n xeyrin\u0259 q\u0259rar \u00e7\u0131xar\u0131b.\n<\/p>\n<p>\n  E.Qas\u0131mov \u015eabran\u0131n Bab\u0259k k\u00fc\u00e7\u0259si, 26-c\u0131 m\u0259h\u0259ll\u0259sind\u0259 ya\u015fay\u0131r. Bildirir ki, ona m\u0259xsus 1 sot torpaq sah\u0259si qon\u015fusu M\u0259mm\u0259da\u011fa Hac\u0131yev t\u0259r\u0259find\u0259n tutulub. O, qon\u015fusundan d\u0259f\u0259l\u0259rl\u0259 ona m\u0259xsus sah\u0259ni bo\u015faltmas\u0131n\u0131 xahi\u015f ets\u0259 d\u0259, xeyri olmay\u0131b:\n<\/p>\n<p>\n  \u201cH\u0259r d\u0259f\u0259sind\u0259 m\u0259nim haql\u0131 t\u0259l\u0259bimi kobudluqla qar\u015f\u0131lad\u0131. O, \u0259razinin m\u0259n\u0259 m\u0259xsus olmas\u0131 il\u0259 raz\u0131la\u015fmad\u0131. \u018frazinin ona m\u0259xsus oldu\u011funu s\u00f6yl\u0259di. Sonda da \u201cget, kim\u0259 ist\u0259yirs\u0259n \u015fikay\u0259t et\u201d \u2013 dedi\u201d.\n<\/p>\n<p>\n  E.Qas\u0131mov deyir ki, sonda m\u0259cbur qal\u0131b m\u0259hk\u0259m\u0259y\u0259 m\u00fcraci\u0259t edib:\n<\/p>\n<p>\n  \u201cOnun m\u0259nim torpa\u011f\u0131m\u0131 a\u00e7\u0131q-a\u015fkar z\u0259bt etdiyi g\u00f6r\u00fcns\u0259 d\u0259, bununla ba\u011fl\u0131 r\u0259smi s\u0259n\u0259d-s\u00fcbut olsa da, \u015eabran Rayon M\u0259hk\u0259m\u0259sinin s\u0259dri, hakim \u00c7ingiz \u0130sg\u0259nd\u0259rov, qanunu pozan\u0131n xeyrin\u0259 q\u0259tnam\u0259 \u00e7\u0131xard\u0131. M\u0259n h\u0259m qon\u015fumdan, h\u0259m d\u0259 hakim \u00c7ingiz \u0130sg\u0259nd\u0259rovdan \u015fikay\u0259t\u00e7iy\u0259m\u201d.\n<\/p>\n<p>\n  \u015eikay\u0259t\u00e7i deyir ki, \u015eabran b\u0259l\u0259diyy\u0259sinin s\u0259dri Q\u0259hr\u0259man Quliyev t\u0259r\u0259find\u0259n m\u0259hk\u0259m\u0259y\u0259 t\u0259qdim olunmas\u0131 \u00fc\u00e7\u00fcn Elmar Qas\u0131mova aray\u0131\u015f da verilib. H\u0259min aray\u0131\u015fda g\u00f6st\u0259rilir ki, 2013 \u2013c\u00fc il tarixli, 02 sayl\u0131 iclas protokoluna \u0259sas\u0259n, Elmar Qas\u0131mova 5 sot h\u0259y\u0259tyan\u0131 torpaq sah\u0259si sat\u0131l\u0131b. Lakin h\u0259min sah\u0259nin 100 m\u00b2 -i, y\u0259ni 1 sotu qon\u015fu M\u0259mm\u0259da\u011fa Hac\u0131yev t\u0259r\u0259find\u0259n tutulub:\n<\/p>\n<p>\n  \u201cM\u0259nim sah\u0259min qon\u015fum t\u0259r\u0259find\u0259n z\u0259bt olunmas\u0131 r\u0259sm\u0259n t\u0259sdiq olunub. Amma g\u00f6r\u00fcn\u00fcr, bu r\u0259smi s\u0259n\u0259d hakim \u00fc\u00e7\u00fcn \u0259sas deyil\u201d.\n<\/p>\n<figure class=\"wp-block-image size-large\">\n  <img decoding=\"async\" src=\"https:\/\/www.meydan.tv\/az\/ev-14\/\" alt=\"Ev\" class=\"wp-image-128180\"\/><figcaption>\n    Ev<br \/>\n  <\/figcaption><\/figure>\n<p>\n  Qanunsuzluqla \u00fczl\u0259\u015fdiyini s\u00f6yl\u0259y\u0259n Elmar Qas\u0131mov deyir ki, o, 2013-ci ild\u0259 qanuni \u015f\u0259kild\u0259 500 manat r\u00fcsum k\u00f6\u00e7\u00fcr\u00fcb v\u0259 \u015eabran B\u0259l\u0259diyy\u0259sind\u0259n 5 sot torpaq sah\u0259si al\u0131b:\n<\/p>\n<p>\n  \u201c\u00d6z\u00fc d\u0259 \u0259vv\u0259ll\u0259r bu \u0259razi bo\u015f sah\u0259 olub. Ham\u0131ya bu \u0259razid\u0259 5 (20\u00d725 metr) sot sah\u0259 verilib. Maddi imkan\u0131m olmad\u0131\u011f\u0131ndan sah\u0259md\u0259 evi yava\u015f-yava\u015f, imkan d\u00fc\u015fd\u00fckc\u0259 tikirdim. Amma el\u0259 burada ya\u015fay\u0131rd\u0131m. Atam \u0259m\u0259liyyat olundu\u011fundan bir m\u00fcdd\u0259t ba\u015f\u0131m onun m\u00fcalic\u0259sin\u0259 qar\u0131\u015fd\u0131. Dem\u0259k olar, 2017-ci ild\u0259 evi haz\u0131r etmi\u015fdim. Ya\u015fay\u0131\u015f \u00fc\u00e7\u00fcn 1 otaq tam haz\u0131r olandan sonra, 2019-cu ild\u0259 tikdiyim ev\u0259 k\u00f6\u00e7d\u00fcm. Bu yax\u0131nlarda hasar \u00e7\u0259km\u0259y\u0259 ba\u015flayanda m\u0259lum oldu ki qon\u015fum m\u0259nim sah\u0259m\u0259 girib. Usta t\u0259m\u0259li qazanda dedi ki, s\u0259nin sah\u0259n \u00f6l\u00e7\u00fc il\u0259 d\u00fcz g\u0259lmir. 1 sot azd\u0131r. Daha do\u011frusu, he\u00e7 4 sota da \u00e7atm\u0131r\u201d.\n<\/p>\n<p>\n  Elmar Qas\u0131mov bundan sonra b\u0259l\u0259diyy\u0259d\u0259n n\u00fcmay\u0259nd\u0259 \u00e7a\u011f\u0131r\u0131b. Onlar da x\u0259rit\u0259 il\u0259 \u00f6l\u00e7\u00fcbl\u0259r v\u0259 deyibl\u0259r ki, qon\u015fusu h\u0259qiq\u0259t\u0259n onun sah\u0259sin\u0259 girib:\n<\/p>\n<p>\n  \u201cBunu b\u0259l\u0259diyy\u0259 s\u0259dri, onun m\u00fcavini \u0130mran da d\u0259f\u0259l\u0259rl\u0259 t\u0259sdiq edib. Torpaq sah\u0259sinin plan\u0131, miqyas\u0131 d\u0259qiq g\u00f6st\u0259rilib v\u0259 asanca bilinir ki, kimin sah\u0259si haracand\u0131r. Di g\u0259l ki, m\u0259hk\u0259m\u0259 iddiam\u0131 t\u0259min etm\u0259di. Torpa\u011f\u0131m\u0131 z\u0259bt etmi\u015f qon\u015fumun xeyrin\u0259 q\u0259rar \u00e7\u0131xard\u0131. Bu \u00f6lk\u0259d\u0259 m\u0259hk\u0259m\u0259d\u0259n \u00fcst\u00fcn n\u0259 var? M\u0259n indi n\u0259 edim, kim\u0259 \u015fikay\u0259t edim bilmir\u0259m\u201d.\n<\/p>\n<p>\n  Elmar Qas\u0131mov bildirir ki, topaq sah\u0259sinin ona m\u0259xsus olmas\u0131, alq\u0131-satq\u0131 il\u0259 \u015eabran Rayon B\u0259l\u0259diyy\u0259sind\u0259n al\u0131nmas\u0131na dair, icra hakimiyy\u0259tinin tikinti v\u0259 memarl\u0131q \u015f\u00f6b\u0259sinin icaz\u0259si v\u0259 sair\u0259 b\u00fct\u00fcn m\u00fcvafiq s\u0259n\u0259dl\u0259ri var. \u00d6d\u0259diyi q\u0259bzl\u0259ri d\u0259 saxlay\u0131r. Ancaq faydas\u0131 yoxdur:\n<\/p>\n<p>\n  \u201c\u015eabran Rayon M\u0259hk\u0259m\u0259sind\u0259 mayda ba\u015flayan m\u0259hk\u0259m\u0259 prosesind\u0259n 4 m\u0259hk\u0259m\u0259 iclas\u0131 olub. M\u0259hk\u0259m\u0259 iclaslar\u0131n\u0131n ham\u0131s\u0131nda hakim \u015eabran Rayon M\u0259hk\u0259m\u0259sinin s\u0259dri \u00c7ingiz \u0130sg\u0259nd\u0259rov olub. M\u0259hk\u0259m\u0259 katibi is\u0259 Ayd\u0131n olub. Birinci m\u0259hk\u0259m\u0259 iclas\u0131 tan\u0131\u015fl\u0131q xarakerli idi, ikincid\u0259 hakim dedi ki, s\u0259n\u0259dl\u0259rd\u0259n he\u00e7 n\u0259 ba\u015fa d\u00fc\u015fm\u0259yib. 3-c\u00fcd\u0259 m\u0259s\u0259l\u0259 ara\u015fd\u0131r\u0131ld\u0131, b\u0259l\u0259diyy\u0259 s\u0259dri x\u0259rit\u0259d\u0259 h\u0259r \u015feyi ayd\u0131n g\u00f6st\u0259rdi. 4-c\u00fc m\u0259hk\u0259m\u0259 iclas\u0131 he\u00e7 5 d\u0259qiq\u0259 \u00e7\u0259km\u0259di v\u0259 hakim qar\u015f\u0131 t\u0259r\u0259fin xeyrin\u0259 q\u0259rar \u00e7\u0131xard\u0131. Hakim son m\u0259hk\u0259m\u0259d\u0259 dedi ki, \u201cs\u0259nin \u201ckup\u00e7an yoxdur dey\u0259 iddian t\u0259min olunmur\u201d. Sanki M\u0259mm\u0259da\u011fa Hac\u0131yevin tikdirdiyi t\u00f6vl\u0259nin \u0259razisi qanunidir. M\u0259nim qald\u0131rd\u0131\u011f\u0131m iddia il\u0259 ba\u011fl\u0131 hakim\u0259 etiraz \u0259riz\u0259si yazan M\u0259mm\u0259da\u011fa Hac\u0131yev s\u00fcbut etm\u0259y\u0259 \u00e7al\u0131\u015f\u0131b ki, h\u0259min sah\u0259 ona m\u0259xsusdur. Amma buna he\u00e7 bir s\u00fcbut g\u0259tir\u0259 bilm\u0259yib, lakin bu, hakimin onun xeyrin\u0259 q\u0259rar \u00e7\u0131xarmas\u0131na mane olmay\u0131b\u201d.\n<\/p>\n<p>\n  V\u0259t\u0259nda\u015f \u0259lav\u0259 edir ki, 2012-ci ild\u0259n bu \u0259razid\u0259 veril\u0259n torpaq sah\u0259l\u0259rin\u0259 g\u00f6r\u0259 he\u00e7 kim\u0259 \u00e7\u0131xar\u0131\u015f s\u0259n\u0259di verilm\u0259yib. Bunun da s\u0259b\u0259bi b\u0259l\u0259diyy\u0259nin dediyin\u0259 g\u00f6r\u0259, onlar\u0131n kadastra d\u00fc\u015fm\u0259m\u0259sidir. Amma bununla bel\u0259 veril\u0259n s\u0259n\u0259dl\u0259r tam qanunidir:\n<\/p>\n<p>\n  \u201cHe\u00e7 kim g\u0259lib dey\u0259 bilm\u0259z ki, bu evl\u0259r qanunsuz tiklib. H\u0259r \u015fey qanuni \u0259saslad\u0131r, sad\u0259c\u0259 olaraq bu evl\u0259r h\u0259l\u0259 sat\u0131la bilm\u0259z. B\u0259l\u0259diyy\u0259 s\u0259dri deyir ki, \u018fmlak M\u0259s\u0259l\u0259l\u0259ri D\u00f6vl\u0259t Komit\u0259sinin s\u0259dri bu m\u0259s\u0259l\u0259ni Milli M\u0259clisd\u0259 qald\u0131r\u0131lmal\u0131d\u0131r. M\u0259s\u0259l\u0259 m\u00fcsb\u0259t h\u0259llini tapsa, ham\u0131 m\u0259nzilin\u0259 \u00e7\u0131xar\u0131\u015f ala bil\u0259c\u0259k. \u0130ndiki halda ham\u0131 eyni v\u0259ziyy\u0259td\u0259dir. Hakim m\u0259n\u0259 qar\u015f\u0131 \u0259dal\u0259tsizlik etdi\u201d.\n<\/p>\n<p>\n  Elmar Qas\u0131mov deyir ki, q\u0259rar\u0131 qanunsuz v\u0259 \u0259dal\u0259tsiz hesab etdiyind\u0259n onunla raz\u0131la\u015fmay\u0131b v\u0259 imzalamay\u0131b. V\u0259t\u0259nda\u015f q\u0259rar\u0131 \u0259lin\u0259 alandan sonra apelyasiya \u015fikay\u0259ti verm\u0259yi d\u00fc\u015f\u00fcn\u00fcr.\n<\/p>\n<p>\n  Meydan TV m\u0259s\u0259l\u0259y\u0259 m\u00fcnasib\u0259t \u00f6yr\u0259nm\u0259k \u00fc\u00e7\u00fcn \u015eabran Rayon M\u0259hk\u0259m\u0259si il\u0259 \u0259laq\u0259 saxlay\u0131b. M\u0259hk\u0259m\u0259d\u0259n bu bar\u0259d\u0259 a\u00e7\u0131qlama ver\u0259 bilm\u0259y\u0259c\u0259kl\u0259rini s\u00f6yl\u0259yibl\u0259r:\n<\/p>\n<p>\n  \u201cV\u0259t\u0259nda\u015f hans\u0131sa bir q\u0259rardan naraz\u0131d\u0131rsa, buyurub apelyasiya \u015fikay\u0259ti ver\u0259 bil\u0259r. Qayda bel\u0259dir, daha biz durub veril\u0259n q\u0259rarlar bar\u0259d\u0259 a\u00e7\u0131qlama ver\u0259 bilm\u0259rik\u201d.\n<\/p>\n<p>\n  \u015eabran Rayon \u0130cra Hakimiyy\u0259tind\u0259n d\u0259 bildirilib ki, m\u0259hk\u0259m\u0259nin q\u0259rarlar\u0131 bar\u0259d\u0259 dan\u0131\u015fa bilm\u0259zl\u0259r. Torpaq sah\u0259si il\u0259 ba\u011fl\u0131 n\u0259s\u0259 m\u00fcbahis\u0259 varsa, v\u0259t\u0259nda\u015f m\u00fcraci\u0259t etsin, s\u0259n\u0259d als\u0131n v\u0259 bu s\u0259n\u0259dl\u0259 m\u0259hk\u0259m\u0259y\u0259 m\u00fcraci\u0259t etsin:\n<\/p>\n<p>\n  \u201cBizim \u0259limizd\u0259n ancaq bu g\u0259l\u0259 bil\u0259r. S\u0259n\u0259d bax\u0131m\u0131ndan yard\u0131m g\u00f6st\u0259rm\u0259k, v\u0259ss\u0259lam. M\u0259hk\u0259m\u0259nin verdiyi q\u0259rar bar\u0259d\u0259 n\u0259s\u0259 dey\u0259 bilm\u0259rik\u201d.\n<\/p>\n<p>\n  Meydan TV m\u0259s\u0259l\u0259 il\u0259 ba\u011fl\u0131 M\u0259mm\u0259da\u011fa Hac\u0131yevin m\u00fcnasib\u0259tini \u00f6yr\u0259n\u0259 bilm\u0259yib.\n<\/p>\n<figure class=\"wp-block-image size-large\">\n  <img decoding=\"async\" src=\"https:\/\/www.meydan.tv\/az\/senedler-8\/\" alt=\"S\u0259n\u0259dl\u0259r\" class=\"wp-image-128177\"\/><figcaption>\n    S\u0259n\u0259dl\u0259r<br \/>\n  <\/figcaption><\/figure>\n<figure class=\"wp-block-image size-large\">\n  <img decoding=\"async\" src=\"https:\/\/www.meydan.tv\/az\/senedler-9\/\" alt=\"S\u0259n\u0259dl\u0259r\" class=\"wp-image-128183\"\/><figcaption>\n    S\u0259n\u0259dl\u0259r<br \/>\n  <\/figcaption><\/figure>\n","protected":false},"excerpt":{"rendered":"<p>\u015eabran sakini yerli m\u0259hk\u0259m\u0259d\u0259n d\u0259 \u015fikay\u0259t\u00e7idir<\/p>\n","protected":false},"author":11,"featured_media":128174,"comment_status":"closed","ping_status":"open","sticky":false,"template":"","format":"standard","meta":{"_acf_changed":false,"_sitemap_exclude":false,"_sitemap_priority":"","_sitemap_frequency":"","footnotes":""},"categories":[60],"tags":[],"class_list":["post-196596","post","type-post","status-publish","format-standard","has-post-thumbnail","hentry","category-bolge","infinite-scroll-item","generate-columns","tablet-grid-50","mobile-grid-100","grid-parent","grid-33","no-featured-image-padding"],"acf":[],"yoast_head":"<!-- This site is optimized with the Yoast SEO plugin v27.5 - https:\/\/yoast.com\/product\/yoast-seo-wordpress\/ -->\n<title>&#039;&#039;Qon\u015fu torpa\u011f\u0131m\u0131 z\u0259bt etdi, hakim onun xeyrin\u0259 q\u0259rar \u00e7\u0131xard\u0131&#039;&#039; - MEYDAN.TV<\/title>\n<meta name=\"robots\" content=\"index, follow, max-snippet:-1, max-image-preview:large, max-video-preview:-1\" \/>\n<link rel=\"canonical\" href=\"https:\/\/www.meydan.tv\/az\/article\/qonsu-torpagimi-zebt-etdi-hakim-onun-xeyrine-qerar-cixardi\/\" \/>\n<meta property=\"og:locale\" content=\"az_AZ\" \/>\n<meta property=\"og:type\" content=\"article\" \/>\n<meta property=\"og:title\" content=\"&#039;&#039;Qon\u015fu torpa\u011f\u0131m\u0131 z\u0259bt etdi, hakim onun xeyrin\u0259 q\u0259rar \u00e7\u0131xard\u0131&#039;&#039; - MEYDAN.TV\" \/>\n<meta property=\"og:description\" content=\"\u015eabran sakini yerli m\u0259hk\u0259m\u0259d\u0259n d\u0259 \u015fikay\u0259t\u00e7idir\" \/>\n<meta property=\"og:url\" content=\"https:\/\/www.meydan.tv\/az\/article\/qonsu-torpagimi-zebt-etdi-hakim-onun-xeyrine-qerar-cixardi\/\" \/>\n<meta property=\"og:site_name\" content=\"MEYDAN.TV\" \/>\n<meta property=\"article:published_time\" content=\"2019-08-15T12:57:32+00:00\" \/>\n<meta property=\"og:image\" content=\"https:\/\/www.meydan.tv\/wp-content\/uploads\/94e639a0-54b5-4a13-915f-6f249369cbd5.jpeg\" \/>\n\t<meta property=\"og:image:width\" content=\"1280\" \/>\n\t<meta property=\"og:image:height\" content=\"958\" \/>\n\t<meta property=\"og:image:type\" content=\"image\/jpeg\" \/>\n<meta name=\"author\" content=\"user-manager\" \/>\n<meta name=\"twitter:card\" content=\"summary_large_image\" \/>\n<script type=\"application\/ld+json\" class=\"yoast-schema-graph\">{\"@context\":\"https:\\\/\\\/schema.org\",\"@graph\":[{\"@type\":\"Article\",\"@id\":\"https:\\\/\\\/www.meydan.tv\\\/az\\\/article\\\/qonsu-torpagimi-zebt-etdi-hakim-onun-xeyrine-qerar-cixardi\\\/#article\",\"isPartOf\":{\"@id\":\"https:\\\/\\\/www.meydan.tv\\\/az\\\/article\\\/qonsu-torpagimi-zebt-etdi-hakim-onun-xeyrine-qerar-cixardi\\\/\"},\"author\":{\"name\":\"user-manager\",\"@id\":\"https:\\\/\\\/www.meydan.tv\\\/az\\\/#\\\/schema\\\/person\\\/10d11eccf6da3662cf5fdab9806ea91a\"},\"headline\":\"&#8221;Qon\u015fu torpa\u011f\u0131m\u0131 z\u0259bt etdi, hakim onun xeyrin\u0259 q\u0259rar \u00e7\u0131xard\u0131&#8221;\",\"datePublished\":\"2019-08-15T12:57:32+00:00\",\"mainEntityOfPage\":{\"@id\":\"https:\\\/\\\/www.meydan.tv\\\/az\\\/article\\\/qonsu-torpagimi-zebt-etdi-hakim-onun-xeyrine-qerar-cixardi\\\/\"},\"wordCount\":1310,\"publisher\":{\"@id\":\"https:\\\/\\\/www.meydan.tv\\\/az\\\/#organization\"},\"image\":{\"@id\":\"https:\\\/\\\/www.meydan.tv\\\/az\\\/article\\\/qonsu-torpagimi-zebt-etdi-hakim-onun-xeyrine-qerar-cixardi\\\/#primaryimage\"},\"thumbnailUrl\":\"https:\\\/\\\/www.meydan.tv\\\/wp-content\\\/uploads\\\/94e639a0-54b5-4a13-915f-6f249369cbd5.jpeg\",\"articleSection\":[\"B\u00f6lg\u0259\"],\"inLanguage\":\"az\"},{\"@type\":\"WebPage\",\"@id\":\"https:\\\/\\\/www.meydan.tv\\\/az\\\/article\\\/qonsu-torpagimi-zebt-etdi-hakim-onun-xeyrine-qerar-cixardi\\\/\",\"url\":\"https:\\\/\\\/www.meydan.tv\\\/az\\\/article\\\/qonsu-torpagimi-zebt-etdi-hakim-onun-xeyrine-qerar-cixardi\\\/\",\"name\":\"''Qon\u015fu torpa\u011f\u0131m\u0131 z\u0259bt etdi, hakim onun xeyrin\u0259 q\u0259rar \u00e7\u0131xard\u0131'' - MEYDAN.TV\",\"isPartOf\":{\"@id\":\"https:\\\/\\\/www.meydan.tv\\\/az\\\/#website\"},\"primaryImageOfPage\":{\"@id\":\"https:\\\/\\\/www.meydan.tv\\\/az\\\/article\\\/qonsu-torpagimi-zebt-etdi-hakim-onun-xeyrine-qerar-cixardi\\\/#primaryimage\"},\"image\":{\"@id\":\"https:\\\/\\\/www.meydan.tv\\\/az\\\/article\\\/qonsu-torpagimi-zebt-etdi-hakim-onun-xeyrine-qerar-cixardi\\\/#primaryimage\"},\"thumbnailUrl\":\"https:\\\/\\\/www.meydan.tv\\\/wp-content\\\/uploads\\\/94e639a0-54b5-4a13-915f-6f249369cbd5.jpeg\",\"datePublished\":\"2019-08-15T12:57:32+00:00\",\"breadcrumb\":{\"@id\":\"https:\\\/\\\/www.meydan.tv\\\/az\\\/article\\\/qonsu-torpagimi-zebt-etdi-hakim-onun-xeyrine-qerar-cixardi\\\/#breadcrumb\"},\"inLanguage\":\"az\",\"potentialAction\":[{\"@type\":\"ReadAction\",\"target\":[\"https:\\\/\\\/www.meydan.tv\\\/az\\\/article\\\/qonsu-torpagimi-zebt-etdi-hakim-onun-xeyrine-qerar-cixardi\\\/\"]}]},{\"@type\":\"ImageObject\",\"inLanguage\":\"az\",\"@id\":\"https:\\\/\\\/www.meydan.tv\\\/az\\\/article\\\/qonsu-torpagimi-zebt-etdi-hakim-onun-xeyrine-qerar-cixardi\\\/#primaryimage\",\"url\":\"https:\\\/\\\/www.meydan.tv\\\/wp-content\\\/uploads\\\/94e639a0-54b5-4a13-915f-6f249369cbd5.jpeg\",\"contentUrl\":\"https:\\\/\\\/www.meydan.tv\\\/wp-content\\\/uploads\\\/94e639a0-54b5-4a13-915f-6f249369cbd5.jpeg\",\"width\":1280,\"height\":958,\"caption\":\"Source: Meydan Tv\"},{\"@type\":\"BreadcrumbList\",\"@id\":\"https:\\\/\\\/www.meydan.tv\\\/az\\\/article\\\/qonsu-torpagimi-zebt-etdi-hakim-onun-xeyrine-qerar-cixardi\\\/#breadcrumb\",\"itemListElement\":[{\"@type\":\"ListItem\",\"position\":1,\"name\":\"Ana s\u0259hif\u0259\",\"item\":\"https:\\\/\\\/www.meydan.tv\\\/az\\\/\"},{\"@type\":\"ListItem\",\"position\":2,\"name\":\"B\u00f6lg\u0259\",\"item\":\"https:\\\/\\\/www.meydan.tv\\\/az\\\/section\\\/bolge\\\/\"},{\"@type\":\"ListItem\",\"position\":3,\"name\":\"&#8221;Qon\u015fu torpa\u011f\u0131m\u0131 z\u0259bt etdi, hakim onun xeyrin\u0259 q\u0259rar \u00e7\u0131xard\u0131&#8221;\"}]},{\"@type\":\"WebSite\",\"@id\":\"https:\\\/\\\/www.meydan.tv\\\/az\\\/#website\",\"url\":\"https:\\\/\\\/www.meydan.tv\\\/az\\\/\",\"name\":\"MEYDAN.TV\",\"description\":\"Meydan TV Az\u0259rbaycan\u0131n media m\u0259kan\u0131ndak\u0131 alternativ s\u0259sidir\",\"publisher\":{\"@id\":\"https:\\\/\\\/www.meydan.tv\\\/az\\\/#organization\"},\"potentialAction\":[{\"@type\":\"SearchAction\",\"target\":{\"@type\":\"EntryPoint\",\"urlTemplate\":\"https:\\\/\\\/www.meydan.tv\\\/az\\\/?s={search_term_string}\"},\"query-input\":{\"@type\":\"PropertyValueSpecification\",\"valueRequired\":true,\"valueName\":\"search_term_string\"}}],\"inLanguage\":\"az\"},{\"@type\":\"Organization\",\"@id\":\"https:\\\/\\\/www.meydan.tv\\\/az\\\/#organization\",\"name\":\"Meydan TV\",\"url\":\"https:\\\/\\\/www.meydan.tv\\\/az\\\/\",\"logo\":{\"@type\":\"ImageObject\",\"inLanguage\":\"az\",\"@id\":\"https:\\\/\\\/www.meydan.tv\\\/az\\\/#\\\/schema\\\/logo\\\/image\\\/\",\"url\":\"https:\\\/\\\/www.meydan.tv\\\/wp-content\\\/uploads\\\/2021\\\/07\\\/meydan-logo.svg\",\"contentUrl\":\"https:\\\/\\\/www.meydan.tv\\\/wp-content\\\/uploads\\\/2021\\\/07\\\/meydan-logo.svg\",\"width\":195,\"height\":46,\"caption\":\"Meydan TV\"},\"image\":{\"@id\":\"https:\\\/\\\/www.meydan.tv\\\/az\\\/#\\\/schema\\\/logo\\\/image\\\/\"}},{\"@type\":\"Person\",\"@id\":\"https:\\\/\\\/www.meydan.tv\\\/az\\\/#\\\/schema\\\/person\\\/10d11eccf6da3662cf5fdab9806ea91a\",\"name\":\"user-manager\"}]}<\/script>\n<!-- \/ Yoast SEO plugin. -->","yoast_head_json":{"title":"''Qon\u015fu torpa\u011f\u0131m\u0131 z\u0259bt etdi, hakim onun xeyrin\u0259 q\u0259rar \u00e7\u0131xard\u0131'' - MEYDAN.TV","robots":{"index":"index","follow":"follow","max-snippet":"max-snippet:-1","max-image-preview":"max-image-preview:large","max-video-preview":"max-video-preview:-1"},"canonical":"https:\/\/www.meydan.tv\/az\/article\/qonsu-torpagimi-zebt-etdi-hakim-onun-xeyrine-qerar-cixardi\/","og_locale":"az_AZ","og_type":"article","og_title":"''Qon\u015fu torpa\u011f\u0131m\u0131 z\u0259bt etdi, hakim onun xeyrin\u0259 q\u0259rar \u00e7\u0131xard\u0131'' - MEYDAN.TV","og_description":"\u015eabran sakini yerli m\u0259hk\u0259m\u0259d\u0259n d\u0259 \u015fikay\u0259t\u00e7idir","og_url":"https:\/\/www.meydan.tv\/az\/article\/qonsu-torpagimi-zebt-etdi-hakim-onun-xeyrine-qerar-cixardi\/","og_site_name":"MEYDAN.TV","article_published_time":"2019-08-15T12:57:32+00:00","og_image":[{"width":1280,"height":958,"url":"https:\/\/www.meydan.tv\/wp-content\/uploads\/94e639a0-54b5-4a13-915f-6f249369cbd5.jpeg","type":"image\/jpeg"}],"author":"user-manager","twitter_card":"summary_large_image","schema":{"@context":"https:\/\/schema.org","@graph":[{"@type":"Article","@id":"https:\/\/www.meydan.tv\/az\/article\/qonsu-torpagimi-zebt-etdi-hakim-onun-xeyrine-qerar-cixardi\/#article","isPartOf":{"@id":"https:\/\/www.meydan.tv\/az\/article\/qonsu-torpagimi-zebt-etdi-hakim-onun-xeyrine-qerar-cixardi\/"},"author":{"name":"user-manager","@id":"https:\/\/www.meydan.tv\/az\/#\/schema\/person\/10d11eccf6da3662cf5fdab9806ea91a"},"headline":"&#8221;Qon\u015fu torpa\u011f\u0131m\u0131 z\u0259bt etdi, hakim onun xeyrin\u0259 q\u0259rar \u00e7\u0131xard\u0131&#8221;","datePublished":"2019-08-15T12:57:32+00:00","mainEntityOfPage":{"@id":"https:\/\/www.meydan.tv\/az\/article\/qonsu-torpagimi-zebt-etdi-hakim-onun-xeyrine-qerar-cixardi\/"},"wordCount":1310,"publisher":{"@id":"https:\/\/www.meydan.tv\/az\/#organization"},"image":{"@id":"https:\/\/www.meydan.tv\/az\/article\/qonsu-torpagimi-zebt-etdi-hakim-onun-xeyrine-qerar-cixardi\/#primaryimage"},"thumbnailUrl":"https:\/\/www.meydan.tv\/wp-content\/uploads\/94e639a0-54b5-4a13-915f-6f249369cbd5.jpeg","articleSection":["B\u00f6lg\u0259"],"inLanguage":"az"},{"@type":"WebPage","@id":"https:\/\/www.meydan.tv\/az\/article\/qonsu-torpagimi-zebt-etdi-hakim-onun-xeyrine-qerar-cixardi\/","url":"https:\/\/www.meydan.tv\/az\/article\/qonsu-torpagimi-zebt-etdi-hakim-onun-xeyrine-qerar-cixardi\/","name":"''Qon\u015fu torpa\u011f\u0131m\u0131 z\u0259bt etdi, hakim onun xeyrin\u0259 q\u0259rar \u00e7\u0131xard\u0131'' - MEYDAN.TV","isPartOf":{"@id":"https:\/\/www.meydan.tv\/az\/#website"},"primaryImageOfPage":{"@id":"https:\/\/www.meydan.tv\/az\/article\/qonsu-torpagimi-zebt-etdi-hakim-onun-xeyrine-qerar-cixardi\/#primaryimage"},"image":{"@id":"https:\/\/www.meydan.tv\/az\/article\/qonsu-torpagimi-zebt-etdi-hakim-onun-xeyrine-qerar-cixardi\/#primaryimage"},"thumbnailUrl":"https:\/\/www.meydan.tv\/wp-content\/uploads\/94e639a0-54b5-4a13-915f-6f249369cbd5.jpeg","datePublished":"2019-08-15T12:57:32+00:00","breadcrumb":{"@id":"https:\/\/www.meydan.tv\/az\/article\/qonsu-torpagimi-zebt-etdi-hakim-onun-xeyrine-qerar-cixardi\/#breadcrumb"},"inLanguage":"az","potentialAction":[{"@type":"ReadAction","target":["https:\/\/www.meydan.tv\/az\/article\/qonsu-torpagimi-zebt-etdi-hakim-onun-xeyrine-qerar-cixardi\/"]}]},{"@type":"ImageObject","inLanguage":"az","@id":"https:\/\/www.meydan.tv\/az\/article\/qonsu-torpagimi-zebt-etdi-hakim-onun-xeyrine-qerar-cixardi\/#primaryimage","url":"https:\/\/www.meydan.tv\/wp-content\/uploads\/94e639a0-54b5-4a13-915f-6f249369cbd5.jpeg","contentUrl":"https:\/\/www.meydan.tv\/wp-content\/uploads\/94e639a0-54b5-4a13-915f-6f249369cbd5.jpeg","width":1280,"height":958,"caption":"Source: Meydan Tv"},{"@type":"BreadcrumbList","@id":"https:\/\/www.meydan.tv\/az\/article\/qonsu-torpagimi-zebt-etdi-hakim-onun-xeyrine-qerar-cixardi\/#breadcrumb","itemListElement":[{"@type":"ListItem","position":1,"name":"Ana s\u0259hif\u0259","item":"https:\/\/www.meydan.tv\/az\/"},{"@type":"ListItem","position":2,"name":"B\u00f6lg\u0259","item":"https:\/\/www.meydan.tv\/az\/section\/bolge\/"},{"@type":"ListItem","position":3,"name":"&#8221;Qon\u015fu torpa\u011f\u0131m\u0131 z\u0259bt etdi, hakim onun xeyrin\u0259 q\u0259rar \u00e7\u0131xard\u0131&#8221;"}]},{"@type":"WebSite","@id":"https:\/\/www.meydan.tv\/az\/#website","url":"https:\/\/www.meydan.tv\/az\/","name":"MEYDAN.TV","description":"Meydan TV Az\u0259rbaycan\u0131n media m\u0259kan\u0131ndak\u0131 alternativ s\u0259sidir","publisher":{"@id":"https:\/\/www.meydan.tv\/az\/#organization"},"potentialAction":[{"@type":"SearchAction","target":{"@type":"EntryPoint","urlTemplate":"https:\/\/www.meydan.tv\/az\/?s={search_term_string}"},"query-input":{"@type":"PropertyValueSpecification","valueRequired":true,"valueName":"search_term_string"}}],"inLanguage":"az"},{"@type":"Organization","@id":"https:\/\/www.meydan.tv\/az\/#organization","name":"Meydan TV","url":"https:\/\/www.meydan.tv\/az\/","logo":{"@type":"ImageObject","inLanguage":"az","@id":"https:\/\/www.meydan.tv\/az\/#\/schema\/logo\/image\/","url":"https:\/\/www.meydan.tv\/wp-content\/uploads\/2021\/07\/meydan-logo.svg","contentUrl":"https:\/\/www.meydan.tv\/wp-content\/uploads\/2021\/07\/meydan-logo.svg","width":195,"height":46,"caption":"Meydan TV"},"image":{"@id":"https:\/\/www.meydan.tv\/az\/#\/schema\/logo\/image\/"}},{"@type":"Person","@id":"https:\/\/www.meydan.tv\/az\/#\/schema\/person\/10d11eccf6da3662cf5fdab9806ea91a","name":"user-manager"}]}},"_links":{"self":[{"href":"https:\/\/www.meydan.tv\/az\/wp-json\/wp\/v2\/posts\/196596","targetHints":{"allow":["GET"]}}],"collection":[{"href":"https:\/\/www.meydan.tv\/az\/wp-json\/wp\/v2\/posts"}],"about":[{"href":"https:\/\/www.meydan.tv\/az\/wp-json\/wp\/v2\/types\/post"}],"author":[{"embeddable":true,"href":"https:\/\/www.meydan.tv\/az\/wp-json\/wp\/v2\/users\/11"}],"replies":[{"embeddable":true,"href":"https:\/\/www.meydan.tv\/az\/wp-json\/wp\/v2\/comments?post=196596"}],"version-history":[{"count":0,"href":"https:\/\/www.meydan.tv\/az\/wp-json\/wp\/v2\/posts\/196596\/revisions"}],"wp:featuredmedia":[{"embeddable":true,"href":"https:\/\/www.meydan.tv\/az\/wp-json\/wp\/v2\/media\/128174"}],"wp:attachment":[{"href":"https:\/\/www.meydan.tv\/az\/wp-json\/wp\/v2\/media?parent=196596"}],"wp:term":[{"taxonomy":"category","embeddable":true,"href":"https:\/\/www.meydan.tv\/az\/wp-json\/wp\/v2\/categories?post=196596"},{"taxonomy":"post_tag","embeddable":true,"href":"https:\/\/www.meydan.tv\/az\/wp-json\/wp\/v2\/tags?post=196596"}],"curies":[{"name":"wp","href":"https:\/\/api.w.org\/{rel}","templated":true}]}}