{"id":196589,"date":"2019-08-15T10:42:30","date_gmt":"2019-08-15T10:42:30","guid":{"rendered":"https:\/\/www.meydan.tv\/article\/quba-sakini-evimizi-elimizden-alib-bizi-kuceye-atdilar\/"},"modified":"2019-08-15T10:42:30","modified_gmt":"2019-08-15T10:42:30","slug":"quba-sakini-evimizi-elimizden-alib-bizi-kuceye-atdilar","status":"publish","type":"post","link":"https:\/\/www.meydan.tv\/az\/article\/quba-sakini-evimizi-elimizden-alib-bizi-kuceye-atdilar\/","title":{"rendered":"Quba sakini: Evimizi \u0259limizd\u0259n al\u0131b, bizi k\u00fc\u00e7\u0259y\u0259 atd\u0131lar"},"content":{"rendered":"<p>\n  <i><br \/>\n    Z\u00fcmr\u00fcd \u018fhm\u0259dova v\u0259 o\u011flu Namiq \u018fhm\u0259dov 10 g\u00fcnd\u0259n \u00e7oxdur ki, k\u00fc\u00e7\u0259d\u0259 gec\u0259l\u0259yir<br \/>\n  <\/i>\n<\/p>\n<p>\n  \u201cM\u0259hk\u0259m\u0259 \u00f6vladlar\u0131mla m\u0259nim qay\u0131natamdan qalan miras evd\u0259n \u00e7\u0131xar\u0131lma\u011f\u0131m\u0131z bar\u0259d\u0259 Q\u0259tnam\u0259 \u00e7\u0131xar\u0131b. Ancaq icra m\u0259murlar\u0131 Q\u0259tnam\u0259ni icra etm\u0259y\u0259 g\u0259l\u0259nd\u0259 \u00f6zba\u015f\u0131nal\u0131q ed\u0259r\u0259k eyni h\u0259y\u0259td\u0259 \u00f6z\u00fcm\u00fcz\u00fcn tikdiyimiz evin d\u0259 qap\u0131s\u0131n\u0131 s\u0131nd\u0131r\u0131blar, \u0259\u015fyalar\u0131m\u0131z\u0131 \u00e7\u00f6l\u0259 t\u00f6k\u00fcbl\u0259r. On g\u00fcnd\u0259n \u00e7oxdur ki, \u00e7arpay\u0131lar\u0131m\u0131z\u0131 k\u00fc\u00e7\u0259nin ortas\u0131nda qoyub yat\u0131r\u0131q. Ancaq bu, he\u00e7 bir d\u00f6vl\u0259t qurumunu narahat el\u0259mir\u201d.\n<\/p>\n<p>\n  Quba sakini Z\u00fcmr\u00fcd \u018fhm\u0259dova Meydan TV-y\u0259 dan\u0131\u015f\u0131r ki, avqustun 2-d\u0259 Quba Rayon \u0130cra v\u0259 Probasiya \u015e\u00f6b\u0259sinin icra m\u0259murlar\u0131 onu v\u0259 o\u011flunu ya\u015fad\u0131qlar\u0131 evd\u0259n \u00e7\u0131xar\u0131b. \u0130cra m\u0259murlar\u0131 s\u0259b\u0259b kimi icraya y\u00f6n\u0259lmi\u015f m\u0259hk\u0259m\u0259 Q\u0259tnam\u0259sini g\u00f6st\u0259ribl\u0259r.\n<\/p>\n<p>\n  <b><br \/>\n    V\u0259r\u0259s\u0259l\u0259r m\u0259hk\u0259m\u0259d\u0259 iddia qald\u0131r\u0131b<br \/>\n  <\/b>\n<\/p>\n<p>\n  H\u0259l\u0259 2015-ci ild\u0259 Quba Rayon M\u0259hk\u0259m\u0259sind\u0259 h\u0259min \u00fcnvanda ya\u015fayan Z\u0259hra, Mariya, Yaqub v\u0259 Rzabala \u018fhm\u0259dovlar Z\u00fcmr\u00fcd, sonuncunun \u00f6vladlar\u0131 Namiq v\u0259 Ziny\u0259t \u018fhm\u0259dovalara qar\u015f\u0131 iddiaya bax\u0131l\u0131b. \u0130ddia\u00e7\u0131lar \u0259riz\u0259l\u0259rind\u0259 g\u00f6st\u0259ribl\u0259r ki, Z\u00fcmr\u00fcd \u018fhm\u0259dova 1988-ci ild\u0259n evi \u00f6zba\u015f\u0131na tutandan sonra ya\u015fay\u0131\u015f sah\u0259sind\u0259n istifad\u0259 h\u00fcququnun tan\u0131nmas\u0131na dair Xa\u00e7maz Rayon Xalq M\u0259hk\u0259m\u0259sin\u0259 m\u00fcraci\u0259t edib. Ancaq m\u0259hk\u0259m\u0259 iddian\u0131 r\u0259dd edib. Buna baxmayaraq, Z\u00fcmr\u00fcd \u018fhm\u0259dova v\u0259 \u00f6vladlar\u0131 evd\u0259n \u00e7\u0131xmay\u0131b. \u00dcst\u0259lik, v\u0259r\u0259s\u0259l\u0259rin raz\u0131l\u0131\u011f\u0131 olmadan h\u0259min \u00fcnvana qeydiyyata da d\u00fc\u015f\u00fcbl\u0259r. Z\u0259hra, Mariya, Yaqub v\u0259 Rzabala \u018fhm\u0259dovlar m\u0259hk\u0259m\u0259y\u0259 bildiribl\u0259r ki, Q\u0259l\u0259b\u0259 k\u00fc\u00e7\u0259si, dalan 2, m\u0259nzil 14-d\u0259 yerl\u0259\u015f\u0259n, sah\u0259si 119 kv.metr olan ya\u015fay\u0131\u015f sah\u0259si onlara atalar\u0131ndan miras qal\u0131b. H\u0259min ev payl\u0131 m\u00fclkiyy\u0259t h\u00fcququ il\u0259 r\u0259sm\u0259n onlar\u0131n ad\u0131na ke\u00e7ib. \u0130ddia\u00e7\u0131lar m\u0259hk\u0259m\u0259d\u0259n cavabdehl\u0259rin ya\u015fay\u0131\u015f qeydiyyatlar\u0131n\u0131n l\u0259\u011fv edilm\u0259sini v\u0259 ya\u015fay\u0131\u015f sah\u0259sind\u0259n \u00e7\u0131xar\u0131lmas\u0131n\u0131 t\u0259l\u0259bi edibl\u0259r. M\u0259hk\u0259m\u0259 iddian\u0131 t\u0259min edib. T\u0259r\u0259fl\u0259r m\u0259hk\u0259m\u0259 Q\u0259tnam\u0259sind\u0259n apelyasiya \u015fikay\u0259ti veribl\u0259r. 2016-c\u0131 ild\u0259 Sumqay\u0131t Apelyasiya M\u0259hk\u0259m\u0259si v\u0259 Ali M\u0259hk\u0259m\u0259 Q\u0259tnam\u0259ni q\u00fcvv\u0259d\u0259 saxlay\u0131b.\n<\/p>\n<figure class=\"wp-block-image size-large\">\n  <img decoding=\"async\" src=\"https:\/\/www.meydan.tv\/az\/zumrud-ehmedova\/\" alt=\"Z\u00fcmr\u00fcd \u018fhm\u0259dova\" class=\"wp-image-128150\"\/><figcaption>\n    Z\u00fcmr\u00fcd \u018fhm\u0259dova<br \/>\n  <\/figcaption><\/figure>\n<p>\n  \u201c<br \/>\n  <b><br \/>\n    H\u0259m miras evd\u0259n, h\u0259m d\u0259 \u00f6z tikdiyimiz evd\u0259n \u00e7\u0131xar\u0131ld\u0131q\u201d<br \/>\n  <\/b>\n<\/p>\n<p>\n  Q Z\u00fcmr\u00fcd \u018fhm\u0259dova iddia\u00e7\u0131lardan biri olan Yaqub \u018fhm\u0259dovun h\u0259yat yolda\u015f\u0131, Nami \u018fhm\u0259dovla Ziny\u0259t \u018fhm\u0259dova is\u0259 \u00f6vladlar\u0131 olub. Yaqub \u018fhm\u0259dov bir ne\u00e7\u0259 ay \u0259vv\u0259l v\u0259fat edib. Z\u00fcmr\u00fcd xan\u0131m\u0131n dem\u0259sin\u0259 g\u00f6r\u0259, \u0259ri v\u0259fat etdikd\u0259n sonra \u0259rinin bac\u0131lar\u0131n\u0131n t\u0259l\u0259bi il\u0259 Q\u0259tnam\u0259 icraya y\u00f6n\u0259lib. \u0130cra m\u0259murlar\u0131n\u0131n \u0259lind\u0259ki Q\u0259tnam\u0259d\u0259 onun v\u0259 o\u011flunun Q\u0259l\u0259b\u0259 k\u00fc\u00e7\u0259si, 14 sayl\u0131 \u00fcnvandak\u0131 119 kvadratmetrlik m\u0259nzild\u0259n \u00e7\u0131xar\u0131lmalar\u0131 g\u00f6st\u0259rils\u0259 d\u0259, icra m\u0259murlar\u0131 onlara m\u0259xsus v\u0259 eyni h\u0259y\u0259td\u0259ki 60 kvadratmetrlik sah\u0259si olan evi d\u0259 bo\u015fald\u0131blar.\n<\/p>\n<p>\n  Z\u00fcmr\u00fcd \u018fhm\u0259dova:\n<\/p>\n<p>\n  \u201c\u0130ddia\u00e7\u0131lar m\u0259nim bald\u0131zlar\u0131m v\u0259 qayn\u0131m olub. Qayn\u0131m da, h\u0259yat yolda\u015f\u0131m da r\u0259hm\u0259t\u0259 gedib. Bald\u0131zlar\u0131m bizim evd\u0259n \u00e7\u0131xar\u0131lma\u011f\u0131m\u0131z\u0131 t\u0259l\u0259b edib. Birinci d\u0259f\u0259 icra m\u0259murlar\u0131 g\u0259lib evi bo\u015faltma\u011fa c\u0259hd ed\u0259nd\u0259 nefti \u00fcst\u00fcm\u0259 t\u00f6k\u00fcb \u00f6z\u00fcm\u00fc yand\u0131rd\u0131m. \u0130cra m\u0259murlar\u0131 qa\u00e7\u0131b getdi, m\u0259n is\u0259 x\u0259st\u0259xanaya g\u00f6t\u00fcr\u00fcld\u00fcm. 3-c\u00fc g\u00fcn idi ki, reanimasiya \u015f\u00f6b\u0259sind\u0259 m\u00fcalic\u0259 al\u0131rd\u0131m, x\u0259b\u0259r tutdum ki, icra m\u0259murlar\u0131 yen\u0259 g\u0259lib. M\u0259n d\u0259 v\u0259ziyy\u0259timin a\u011f\u0131r olmas\u0131na baxmayaraq \u0259riz\u0259 yaz\u0131b x\u0259st\u0259xanadan \u00e7\u0131xd\u0131m, icra m\u0259murlar\u0131n\u0131 durdurmaq \u00fc\u00e7\u00fcn ev\u0259 qay\u0131td\u0131m. G\u0259lib g\u00f6rd\u00fcm ki, qap\u0131m\u0131 s\u0131nd\u0131r\u0131blar, \u0259\u015fyalar\u0131m\u0131 evd\u0259n da\u015f\u0131y\u0131b \u00e7\u00f6l\u0259 y\u0131\u011f\u0131rlar. Onlara bildirdim ki, Q\u0259tnam\u0259 miras m\u00fclk\u0259 g\u00f6r\u0259 \u00e7\u0131xar\u0131l\u0131b, bu evi is\u0259 \u0259riml\u0259 m\u0259n tikmi\u015f\u0259m. Dedil\u0259r, bizlik deyil, tap\u015f\u0131r\u0131q var ki, bu ev d\u0259 bo\u015fald\u0131ls\u0131n. El\u0259c\u0259 dedil\u0259r ki, yuxar\u0131 yerd\u0259n z\u0259ng g\u0259lib. Ba\u015fa d\u00fc\u015f\u0259 bilmir\u0259m ki, m\u0259murlar n\u0259 vaxta kimi insanlar\u0131n taleyini z\u0259ngl\u0259 h\u0259ll ed\u0259c\u0259kl\u0259r?\u201d\n<\/p>\n<p>\n  \u201c<br \/>\n  <b><br \/>\n    Qap\u0131m\u0131 s\u0131nd\u0131r\u0131blar, ziny\u0259t \u0259\u015fyalar\u0131m yoxa \u00e7\u0131x\u0131b\u201d<br \/>\n  <\/b>\n<\/p>\n<p>\n  Z\u00fcmr\u00fcd xan\u0131m deyir, eyni h\u0259y\u0259td\u0259ki sah\u0259si 60 kv.metr olan ikim\u0259rt\u0259b\u0259li evi h\u0259yat yolda\u015f\u0131 il\u0259 birg\u0259 nikah d\u00f6vr\u00fcnd\u0259 tikibl\u0259r:\n<\/p>\n<p>\n  \u201cH\u0259yat yolda\u015f\u0131m ba\u015f\u0131n\u0131 yer\u0259 qoyan kimi t\u00f6k\u00fcl\u00fc\u015fd\u00fcl\u0259r \u00fcst\u00fcm\u00fcz\u0259&#8230; Atalar\u0131n\u0131n evind\u0259n \u00e7xarmalar\u0131n\u0131 anlad\u0131q, b\u0259s min \u0259ziyy\u0259tl\u0259 tikdiyimiz evi niy\u0259 \u0259limizd\u0259n al\u0131rlar? Hakimin yan\u0131na getdim, dedi ki, x\u0259b\u0259rim yoxdur, m\u0259n yaln\u0131z miras m\u00fclk olan 119 kv.metrlik evd\u0259n \u00e7\u0131xar\u0131lma il\u0259 ba\u011fl\u0131 Q\u0259tnam\u0259 \u00e7\u0131xarm\u0131\u015fam, gerisi m\u0259nlik deyil. Prokurora, polis\u0259 \u015fikay\u0259t edir\u0259m, deyirl\u0259r, bizlik deyil, get m\u0259hk\u0259m\u0259y\u0259 ver. Bu boyda \u00f6zba\u015f\u0131nal\u0131q olmaz ax\u0131&#8230; M\u0259n x\u0259st\u0259xanada ola-ola evimin qap\u0131s\u0131n\u0131 s\u0131nd\u0131r\u0131blar, ziny\u0259t \u0259\u015fyalar\u0131m yoxa \u00e7\u0131x\u0131b, icra m\u0259murlar\u0131 deyir, x\u0259b\u0259rimiz yoxdur, biz g\u0259l\u0259nd\u0259 qap\u0131 a\u00e7\u0131q idi\u201d.\n<\/p>\n<p>\n  \u201c<br \/>\n  <b><br \/>\n    \u00c7arpay\u0131lar\u0131m\u0131z k\u00fc\u00e7\u0259nin ortas\u0131ndad\u0131r\u201d<br \/>\n  <\/b>\n<\/p>\n<p>\n  Z\u00fcmr\u00fcd xan\u0131m\u0131n s\u00f6zl\u0259rin\u0259 g\u00f6r\u0259, x\u0259st\u0259 o\u011flu v\u0259 \u00f6z\u00fc gec\u0259l\u0259ri k\u00fc\u00e7\u0259d\u0259 \u0259\u015fylar\u0131n aras\u0131nda yat\u0131r:\n<\/p>\n<p>\n  \u201c\u00c7arpay\u0131lar\u0131m k\u00fc\u00e7\u0259nin ortas\u0131ndad\u0131r. H\u0259l\u0259 ki, hava xo\u015fdur, birt\u0259h\u0259r k\u00fc\u00e7\u0259d\u0259 yata bilirik, ancaq pay\u0131za do\u011fru soyuqlar d\u00fc\u015f\u0259nd\u0259 n\u0259 ed\u0259c\u0259yik, bilmirik. Q\u0131z\u0131m ail\u0259lidir, ayr\u0131 ya\u015fay\u0131r, o\u011flumla m\u0259n is\u0259 k\u00fc\u00e7\u0259d\u0259 qalm\u0131\u015f\u0131q. Biz d\u0259 bu d\u00f6vl\u0259tin v\u0259t\u0259nda\u015flar\u0131y\u0131q. Bel\u0259 \u00e7\u0131x\u0131r ki, \u00f6z torpa\u011f\u0131m\u0131z\u0131n \u00fcst\u00fcnd\u0259 ya\u015famaq haqq\u0131m\u0131z yoxdur. Neyl\u0259y\u0259k, ged\u0259k Erm\u0259nistandan s\u0131\u011f\u0131nacaq ist\u0259y\u0259k? Birc\u0259 \u00e7ar\u0259miz odur. Biz\u0259 ba\u015fqa \u00e7\u0131x\u0131\u015f yolu qoymay\u0131blar. 34 il ya\u015fad\u0131\u011f\u0131m evd\u0259n bu ya\u015f\u0131mda \u00e7\u00f6l\u0259 at\u0131lm\u0131\u015fam. \u018fziyy\u0259tl\u0259 ev-e\u015fik yaratm\u0131\u015f\u0131q, ancaq \u00e7arpay\u0131lar\u0131m\u0131z\u0131 k\u00fc\u00e7\u0259d\u0259 qoyub yat\u0131r\u0131q. Nefti \u00fcst\u00fcm\u0259 t\u00f6k\u00fcb yand\u0131rd\u0131m, bir m\u0259mur maraqlanmad\u0131 ki, bu v\u0259t\u0259nda\u015f\u0131n d\u0259rdi n\u0259dir. G\u0259lib soru\u015fan yoxdur ki, can\u0131na niy\u0259 q\u0259sd el\u0259mis\u0259n. Prezident m\u0259hk\u0259m\u0259y\u0259 hakim t\u0259yin edib ki, v\u0259t\u0259nda\u015f\u0131n h\u00fcquqlar\u0131na \u0259dal\u0259tl\u0259 yana\u015fs\u0131n. Ancaq hakiml\u0259r v\u0259t\u0259nda\u015flar\u0131n \u0259leyhin\u0259 ist\u0259dikl\u0259ri q\u0259rarlar\u0131 \u00e7\u0131xar\u0131rlar. \u201cO z\u0259ng el\u0259di\u201d, \u201cbu z\u0259ng el\u0259di\u201d deyib insanlar\u0131 b\u0259db\u0259xt edirl\u0259r. Ax\u0131 m\u0259mular, m\u0259hk\u0259m\u0259l\u0259r n\u0259 vaxta kimi z\u0259ngl\u0259 i\u015f\u0259 baxacaq, q\u0259rar \u00e7\u0131xaracaq?\u201d\n<\/p>\n<p>\n  \u201c<br \/>\n  <b><br \/>\n    Ail\u0259 yaln\u0131z k\u00f6hn\u0259 tikilid\u0259n \u00e7\u0131xar\u0131lmal\u0131 idi\u201d<br \/>\n  <\/b>\n<\/p>\n<p>\n  Quba Rayon \u0130cra v\u0259 Probasiya \u015e\u00f6b\u0259sind\u0259n bildirilib ki, icra m\u0259murlar\u0131 h\u0259min \u00fcnvanda icraya y\u00f6n\u0259ldilmi\u015f m\u0259hk\u0259m\u0259 q\u0259rar\u0131n\u0131 icra edibl\u0259r. Q\u0259tnam\u0259 il\u0259 h\u0259min \u00fcnvanda ya\u015fama h\u00fcquqlar\u0131na xitam verilib v\u0259 konkret olaraq \u00fcnvandan \u00e7\u0131xar\u0131lmalar\u0131 g\u00f6st\u0259rilib. Z\u00fcmr\u00fcd \u018fhm\u0259dova v\u0259 \u00f6vladlar\u0131na qar\u015f\u0131 2015-ci ild\u0259 iddia qald\u0131ranlar aras\u0131nda onun h\u0259yat yolda\u015f\u0131 da olub. \u00dcst\u0259lik, Z\u00fcmr\u00fcd \u018fhm\u0259dova ke\u00e7iril\u0259n m\u0259hk\u0259m\u0259l\u0259rd\u0259 h\u0259min \u00fcnvanda ev tikdirdiyini bildirm\u0259yib v\u0259 s\u0259n\u0259dl\u0259ri t\u0259qdim etm\u0259yib. Bu i\u015f Ali M\u0259hk\u0259m\u0259d\u0259n d\u0259 ke\u00e7ib v\u0259 q\u0259rar icraya y\u00f6n\u0259ldil\u0259r\u0259k onlara g\u00f6nd\u0259rilib.\n<\/p>\n<p>\n  Quba Rayon \u0130cra Hakimiyy\u0259tind\u0259n is\u0259 bildirilib ki, qurumun Z\u00fcmr\u00fcd \u018fhm\u0259dovaya k\u00f6m\u0259k etm\u0259k imkan\u0131 yoxdur: \u201cZ\u00fcmr\u00fcd \u018fhm\u0259dova da m\u0259hk\u0259m\u0259 ged\u0259rk\u0259n qar\u015f\u0131l\u0131ql\u0131 iddia verib, m\u0259hk\u0259m\u0259 onun iddias\u0131n\u0131 t\u0259min etm\u0259yib. \u0130cra hakimiyy\u0259tind\u0259 is\u0259 m\u0259nzil fondu yoxdur ki, k\u00f6m\u0259k ed\u0259k\u201d.\n<\/p>\n<p>\n  H\u00fcquq\u015f\u00fcnas Vaqif Al\u0131yev deyir, Z\u00fcmr\u00fcd \u018fhm\u0259dovan\u0131n yeni tikiliy\u0259 dair s\u0259n\u0259dl\u0259ri varsa, o hiss\u0259d\u0259 ayr\u0131ca m\u0259hk\u0259m\u0259y\u0259 m\u00fcraci\u0259t ed\u0259 bil\u0259r: \u201cM\u0259hk\u0259m\u0259 v\u0259t\u0259nda\u015f\u0131n k\u00f6hn\u0259 mirasdan \u00e7\u0131xar\u0131lmas\u0131 iddias\u0131n\u0131 t\u0259min edib. H\u0259yat yolda\u015f\u0131 onun k\u00f6hn\u0259 mirasdan \u00e7\u0131xar\u0131lmas\u0131 il\u0259 ba\u011fl\u0131 iddia\u00e7\u0131lar\u0131n s\u0131ras\u0131nda olub. S\u0259n\u0259dl\u0259r\u0259 baxanda g\u00f6r\u00fcr\u00fck ki, orada yeni tikilid\u0259n s\u00f6hb\u0259t getmir. \u018fg\u0259r xan\u0131m \u00f6z\u00fc d\u0259 dediyi kimi, \u0259rinin v\u0259r\u0259s\u0259sidirs\u0259, h\u0259min tikiliy\u0259 g\u00f6r\u0259 m\u0259hk\u0259m\u0259d\u0259 iddia qald\u0131ra bil\u0259r\u201d.\n<\/p>\n<p>\n  Quba Rayon M\u0259rk\u0259zi X\u0259st\u0259xanas\u0131ndan bildirilib ki, Z\u00fcmr\u00fcd \u018fhm\u0259dova iyulun 31-d\u0259 x\u0259st\u0259xanaya qollar\u0131ndak\u0131 yan\u0131q x\u0259sar\u0259tl\u0259riyl\u0259 daxil olub, ona tibbi yard\u0131m g\u00f6st\u0259rildikd\u0259n sonra k\u00f6n\u00fcll\u00fc \u015f\u0259kild\u0259 x\u0259st\u0259xanan\u0131 t\u0259rk edib.\n<\/p>\n<figure class=\"wp-block-image size-large\">\n  <img decoding=\"async\" src=\"https:\/\/www.meydan.tv\/az\/ev-7\/\" alt=\"Ev\" class=\"wp-image-128147\"\/><figcaption>\n    Ev<br \/>\n  <\/figcaption><\/figure>\n","protected":false},"excerpt":{"rendered":"<p>Z\u00fcmr\u00fcd \u018fhm\u0259dova v\u0259 o\u011flu Namiq \u018fhm\u0259dov 10 g\u00fcnd\u0259n \u00e7oxdur ki, k\u00fc\u00e7\u0259d\u0259 gec\u0259l\u0259yir<\/p>\n","protected":false},"author":11,"featured_media":128141,"comment_status":"closed","ping_status":"open","sticky":false,"template":"","format":"standard","meta":{"_acf_changed":false,"_sitemap_exclude":false,"_sitemap_priority":"","_sitemap_frequency":"","footnotes":""},"categories":[60],"tags":[],"class_list":["post-196589","post","type-post","status-publish","format-standard","has-post-thumbnail","hentry","category-bolge","infinite-scroll-item","generate-columns","tablet-grid-50","mobile-grid-100","grid-parent","grid-33","no-featured-image-padding"],"acf":[],"yoast_head":"<!-- This site is optimized with the Yoast SEO plugin v27.5 - https:\/\/yoast.com\/product\/yoast-seo-wordpress\/ -->\n<title>Quba sakini: Evimizi \u0259limizd\u0259n al\u0131b, bizi k\u00fc\u00e7\u0259y\u0259 atd\u0131lar - MEYDAN.TV<\/title>\n<meta name=\"robots\" content=\"index, follow, max-snippet:-1, max-image-preview:large, max-video-preview:-1\" \/>\n<link rel=\"canonical\" href=\"https:\/\/www.meydan.tv\/az\/article\/quba-sakini-evimizi-elimizden-alib-bizi-kuceye-atdilar\/\" \/>\n<meta property=\"og:locale\" content=\"az_AZ\" \/>\n<meta property=\"og:type\" content=\"article\" \/>\n<meta property=\"og:title\" content=\"Quba sakini: Evimizi \u0259limizd\u0259n al\u0131b, bizi k\u00fc\u00e7\u0259y\u0259 atd\u0131lar - MEYDAN.TV\" \/>\n<meta property=\"og:description\" content=\"Z\u00fcmr\u00fcd \u018fhm\u0259dova v\u0259 o\u011flu Namiq \u018fhm\u0259dov 10 g\u00fcnd\u0259n \u00e7oxdur ki, k\u00fc\u00e7\u0259d\u0259 gec\u0259l\u0259yir\" \/>\n<meta property=\"og:url\" content=\"https:\/\/www.meydan.tv\/az\/article\/quba-sakini-evimizi-elimizden-alib-bizi-kuceye-atdilar\/\" \/>\n<meta property=\"og:site_name\" content=\"MEYDAN.TV\" \/>\n<meta property=\"article:published_time\" content=\"2019-08-15T10:42:30+00:00\" \/>\n<meta property=\"og:image\" content=\"https:\/\/www.meydan.tv\/wp-content\/uploads\/1c1a9556-a83e-41be-a297-30a6510fb6df.jpeg\" \/>\n\t<meta property=\"og:image:width\" content=\"1280\" \/>\n\t<meta property=\"og:image:height\" content=\"720\" \/>\n\t<meta property=\"og:image:type\" content=\"image\/jpeg\" \/>\n<meta name=\"author\" content=\"user-manager\" \/>\n<meta name=\"twitter:card\" content=\"summary_large_image\" \/>\n<script type=\"application\/ld+json\" class=\"yoast-schema-graph\">{\"@context\":\"https:\\\/\\\/schema.org\",\"@graph\":[{\"@type\":\"Article\",\"@id\":\"https:\\\/\\\/www.meydan.tv\\\/az\\\/article\\\/quba-sakini-evimizi-elimizden-alib-bizi-kuceye-atdilar\\\/#article\",\"isPartOf\":{\"@id\":\"https:\\\/\\\/www.meydan.tv\\\/az\\\/article\\\/quba-sakini-evimizi-elimizden-alib-bizi-kuceye-atdilar\\\/\"},\"author\":{\"name\":\"user-manager\",\"@id\":\"https:\\\/\\\/www.meydan.tv\\\/az\\\/#\\\/schema\\\/person\\\/10d11eccf6da3662cf5fdab9806ea91a\"},\"headline\":\"Quba sakini: Evimizi \u0259limizd\u0259n al\u0131b, bizi k\u00fc\u00e7\u0259y\u0259 atd\u0131lar\",\"datePublished\":\"2019-08-15T10:42:30+00:00\",\"mainEntityOfPage\":{\"@id\":\"https:\\\/\\\/www.meydan.tv\\\/az\\\/article\\\/quba-sakini-evimizi-elimizden-alib-bizi-kuceye-atdilar\\\/\"},\"wordCount\":1662,\"publisher\":{\"@id\":\"https:\\\/\\\/www.meydan.tv\\\/az\\\/#organization\"},\"image\":{\"@id\":\"https:\\\/\\\/www.meydan.tv\\\/az\\\/article\\\/quba-sakini-evimizi-elimizden-alib-bizi-kuceye-atdilar\\\/#primaryimage\"},\"thumbnailUrl\":\"https:\\\/\\\/www.meydan.tv\\\/wp-content\\\/uploads\\\/1c1a9556-a83e-41be-a297-30a6510fb6df.jpeg\",\"articleSection\":[\"B\u00f6lg\u0259\"],\"inLanguage\":\"az\"},{\"@type\":\"WebPage\",\"@id\":\"https:\\\/\\\/www.meydan.tv\\\/az\\\/article\\\/quba-sakini-evimizi-elimizden-alib-bizi-kuceye-atdilar\\\/\",\"url\":\"https:\\\/\\\/www.meydan.tv\\\/az\\\/article\\\/quba-sakini-evimizi-elimizden-alib-bizi-kuceye-atdilar\\\/\",\"name\":\"Quba sakini: Evimizi \u0259limizd\u0259n al\u0131b, bizi k\u00fc\u00e7\u0259y\u0259 atd\u0131lar - MEYDAN.TV\",\"isPartOf\":{\"@id\":\"https:\\\/\\\/www.meydan.tv\\\/az\\\/#website\"},\"primaryImageOfPage\":{\"@id\":\"https:\\\/\\\/www.meydan.tv\\\/az\\\/article\\\/quba-sakini-evimizi-elimizden-alib-bizi-kuceye-atdilar\\\/#primaryimage\"},\"image\":{\"@id\":\"https:\\\/\\\/www.meydan.tv\\\/az\\\/article\\\/quba-sakini-evimizi-elimizden-alib-bizi-kuceye-atdilar\\\/#primaryimage\"},\"thumbnailUrl\":\"https:\\\/\\\/www.meydan.tv\\\/wp-content\\\/uploads\\\/1c1a9556-a83e-41be-a297-30a6510fb6df.jpeg\",\"datePublished\":\"2019-08-15T10:42:30+00:00\",\"breadcrumb\":{\"@id\":\"https:\\\/\\\/www.meydan.tv\\\/az\\\/article\\\/quba-sakini-evimizi-elimizden-alib-bizi-kuceye-atdilar\\\/#breadcrumb\"},\"inLanguage\":\"az\",\"potentialAction\":[{\"@type\":\"ReadAction\",\"target\":[\"https:\\\/\\\/www.meydan.tv\\\/az\\\/article\\\/quba-sakini-evimizi-elimizden-alib-bizi-kuceye-atdilar\\\/\"]}]},{\"@type\":\"ImageObject\",\"inLanguage\":\"az\",\"@id\":\"https:\\\/\\\/www.meydan.tv\\\/az\\\/article\\\/quba-sakini-evimizi-elimizden-alib-bizi-kuceye-atdilar\\\/#primaryimage\",\"url\":\"https:\\\/\\\/www.meydan.tv\\\/wp-content\\\/uploads\\\/1c1a9556-a83e-41be-a297-30a6510fb6df.jpeg\",\"contentUrl\":\"https:\\\/\\\/www.meydan.tv\\\/wp-content\\\/uploads\\\/1c1a9556-a83e-41be-a297-30a6510fb6df.jpeg\",\"width\":1280,\"height\":720,\"caption\":\"Source: Meydan Tv\"},{\"@type\":\"BreadcrumbList\",\"@id\":\"https:\\\/\\\/www.meydan.tv\\\/az\\\/article\\\/quba-sakini-evimizi-elimizden-alib-bizi-kuceye-atdilar\\\/#breadcrumb\",\"itemListElement\":[{\"@type\":\"ListItem\",\"position\":1,\"name\":\"Ana s\u0259hif\u0259\",\"item\":\"https:\\\/\\\/www.meydan.tv\\\/az\\\/\"},{\"@type\":\"ListItem\",\"position\":2,\"name\":\"B\u00f6lg\u0259\",\"item\":\"https:\\\/\\\/www.meydan.tv\\\/az\\\/section\\\/bolge\\\/\"},{\"@type\":\"ListItem\",\"position\":3,\"name\":\"Quba sakini: Evimizi \u0259limizd\u0259n al\u0131b, bizi k\u00fc\u00e7\u0259y\u0259 atd\u0131lar\"}]},{\"@type\":\"WebSite\",\"@id\":\"https:\\\/\\\/www.meydan.tv\\\/az\\\/#website\",\"url\":\"https:\\\/\\\/www.meydan.tv\\\/az\\\/\",\"name\":\"MEYDAN.TV\",\"description\":\"Meydan TV Az\u0259rbaycan\u0131n media m\u0259kan\u0131ndak\u0131 alternativ s\u0259sidir\",\"publisher\":{\"@id\":\"https:\\\/\\\/www.meydan.tv\\\/az\\\/#organization\"},\"potentialAction\":[{\"@type\":\"SearchAction\",\"target\":{\"@type\":\"EntryPoint\",\"urlTemplate\":\"https:\\\/\\\/www.meydan.tv\\\/az\\\/?s={search_term_string}\"},\"query-input\":{\"@type\":\"PropertyValueSpecification\",\"valueRequired\":true,\"valueName\":\"search_term_string\"}}],\"inLanguage\":\"az\"},{\"@type\":\"Organization\",\"@id\":\"https:\\\/\\\/www.meydan.tv\\\/az\\\/#organization\",\"name\":\"Meydan TV\",\"url\":\"https:\\\/\\\/www.meydan.tv\\\/az\\\/\",\"logo\":{\"@type\":\"ImageObject\",\"inLanguage\":\"az\",\"@id\":\"https:\\\/\\\/www.meydan.tv\\\/az\\\/#\\\/schema\\\/logo\\\/image\\\/\",\"url\":\"https:\\\/\\\/www.meydan.tv\\\/wp-content\\\/uploads\\\/2021\\\/07\\\/meydan-logo.svg\",\"contentUrl\":\"https:\\\/\\\/www.meydan.tv\\\/wp-content\\\/uploads\\\/2021\\\/07\\\/meydan-logo.svg\",\"width\":195,\"height\":46,\"caption\":\"Meydan TV\"},\"image\":{\"@id\":\"https:\\\/\\\/www.meydan.tv\\\/az\\\/#\\\/schema\\\/logo\\\/image\\\/\"}},{\"@type\":\"Person\",\"@id\":\"https:\\\/\\\/www.meydan.tv\\\/az\\\/#\\\/schema\\\/person\\\/10d11eccf6da3662cf5fdab9806ea91a\",\"name\":\"user-manager\"}]}<\/script>\n<!-- \/ Yoast SEO plugin. -->","yoast_head_json":{"title":"Quba sakini: Evimizi \u0259limizd\u0259n al\u0131b, bizi k\u00fc\u00e7\u0259y\u0259 atd\u0131lar - MEYDAN.TV","robots":{"index":"index","follow":"follow","max-snippet":"max-snippet:-1","max-image-preview":"max-image-preview:large","max-video-preview":"max-video-preview:-1"},"canonical":"https:\/\/www.meydan.tv\/az\/article\/quba-sakini-evimizi-elimizden-alib-bizi-kuceye-atdilar\/","og_locale":"az_AZ","og_type":"article","og_title":"Quba sakini: Evimizi \u0259limizd\u0259n al\u0131b, bizi k\u00fc\u00e7\u0259y\u0259 atd\u0131lar - MEYDAN.TV","og_description":"Z\u00fcmr\u00fcd \u018fhm\u0259dova v\u0259 o\u011flu Namiq \u018fhm\u0259dov 10 g\u00fcnd\u0259n \u00e7oxdur ki, k\u00fc\u00e7\u0259d\u0259 gec\u0259l\u0259yir","og_url":"https:\/\/www.meydan.tv\/az\/article\/quba-sakini-evimizi-elimizden-alib-bizi-kuceye-atdilar\/","og_site_name":"MEYDAN.TV","article_published_time":"2019-08-15T10:42:30+00:00","og_image":[{"width":1280,"height":720,"url":"https:\/\/www.meydan.tv\/wp-content\/uploads\/1c1a9556-a83e-41be-a297-30a6510fb6df.jpeg","type":"image\/jpeg"}],"author":"user-manager","twitter_card":"summary_large_image","schema":{"@context":"https:\/\/schema.org","@graph":[{"@type":"Article","@id":"https:\/\/www.meydan.tv\/az\/article\/quba-sakini-evimizi-elimizden-alib-bizi-kuceye-atdilar\/#article","isPartOf":{"@id":"https:\/\/www.meydan.tv\/az\/article\/quba-sakini-evimizi-elimizden-alib-bizi-kuceye-atdilar\/"},"author":{"name":"user-manager","@id":"https:\/\/www.meydan.tv\/az\/#\/schema\/person\/10d11eccf6da3662cf5fdab9806ea91a"},"headline":"Quba sakini: Evimizi \u0259limizd\u0259n al\u0131b, bizi k\u00fc\u00e7\u0259y\u0259 atd\u0131lar","datePublished":"2019-08-15T10:42:30+00:00","mainEntityOfPage":{"@id":"https:\/\/www.meydan.tv\/az\/article\/quba-sakini-evimizi-elimizden-alib-bizi-kuceye-atdilar\/"},"wordCount":1662,"publisher":{"@id":"https:\/\/www.meydan.tv\/az\/#organization"},"image":{"@id":"https:\/\/www.meydan.tv\/az\/article\/quba-sakini-evimizi-elimizden-alib-bizi-kuceye-atdilar\/#primaryimage"},"thumbnailUrl":"https:\/\/www.meydan.tv\/wp-content\/uploads\/1c1a9556-a83e-41be-a297-30a6510fb6df.jpeg","articleSection":["B\u00f6lg\u0259"],"inLanguage":"az"},{"@type":"WebPage","@id":"https:\/\/www.meydan.tv\/az\/article\/quba-sakini-evimizi-elimizden-alib-bizi-kuceye-atdilar\/","url":"https:\/\/www.meydan.tv\/az\/article\/quba-sakini-evimizi-elimizden-alib-bizi-kuceye-atdilar\/","name":"Quba sakini: Evimizi \u0259limizd\u0259n al\u0131b, bizi k\u00fc\u00e7\u0259y\u0259 atd\u0131lar - MEYDAN.TV","isPartOf":{"@id":"https:\/\/www.meydan.tv\/az\/#website"},"primaryImageOfPage":{"@id":"https:\/\/www.meydan.tv\/az\/article\/quba-sakini-evimizi-elimizden-alib-bizi-kuceye-atdilar\/#primaryimage"},"image":{"@id":"https:\/\/www.meydan.tv\/az\/article\/quba-sakini-evimizi-elimizden-alib-bizi-kuceye-atdilar\/#primaryimage"},"thumbnailUrl":"https:\/\/www.meydan.tv\/wp-content\/uploads\/1c1a9556-a83e-41be-a297-30a6510fb6df.jpeg","datePublished":"2019-08-15T10:42:30+00:00","breadcrumb":{"@id":"https:\/\/www.meydan.tv\/az\/article\/quba-sakini-evimizi-elimizden-alib-bizi-kuceye-atdilar\/#breadcrumb"},"inLanguage":"az","potentialAction":[{"@type":"ReadAction","target":["https:\/\/www.meydan.tv\/az\/article\/quba-sakini-evimizi-elimizden-alib-bizi-kuceye-atdilar\/"]}]},{"@type":"ImageObject","inLanguage":"az","@id":"https:\/\/www.meydan.tv\/az\/article\/quba-sakini-evimizi-elimizden-alib-bizi-kuceye-atdilar\/#primaryimage","url":"https:\/\/www.meydan.tv\/wp-content\/uploads\/1c1a9556-a83e-41be-a297-30a6510fb6df.jpeg","contentUrl":"https:\/\/www.meydan.tv\/wp-content\/uploads\/1c1a9556-a83e-41be-a297-30a6510fb6df.jpeg","width":1280,"height":720,"caption":"Source: Meydan Tv"},{"@type":"BreadcrumbList","@id":"https:\/\/www.meydan.tv\/az\/article\/quba-sakini-evimizi-elimizden-alib-bizi-kuceye-atdilar\/#breadcrumb","itemListElement":[{"@type":"ListItem","position":1,"name":"Ana s\u0259hif\u0259","item":"https:\/\/www.meydan.tv\/az\/"},{"@type":"ListItem","position":2,"name":"B\u00f6lg\u0259","item":"https:\/\/www.meydan.tv\/az\/section\/bolge\/"},{"@type":"ListItem","position":3,"name":"Quba sakini: Evimizi \u0259limizd\u0259n al\u0131b, bizi k\u00fc\u00e7\u0259y\u0259 atd\u0131lar"}]},{"@type":"WebSite","@id":"https:\/\/www.meydan.tv\/az\/#website","url":"https:\/\/www.meydan.tv\/az\/","name":"MEYDAN.TV","description":"Meydan TV Az\u0259rbaycan\u0131n media m\u0259kan\u0131ndak\u0131 alternativ s\u0259sidir","publisher":{"@id":"https:\/\/www.meydan.tv\/az\/#organization"},"potentialAction":[{"@type":"SearchAction","target":{"@type":"EntryPoint","urlTemplate":"https:\/\/www.meydan.tv\/az\/?s={search_term_string}"},"query-input":{"@type":"PropertyValueSpecification","valueRequired":true,"valueName":"search_term_string"}}],"inLanguage":"az"},{"@type":"Organization","@id":"https:\/\/www.meydan.tv\/az\/#organization","name":"Meydan TV","url":"https:\/\/www.meydan.tv\/az\/","logo":{"@type":"ImageObject","inLanguage":"az","@id":"https:\/\/www.meydan.tv\/az\/#\/schema\/logo\/image\/","url":"https:\/\/www.meydan.tv\/wp-content\/uploads\/2021\/07\/meydan-logo.svg","contentUrl":"https:\/\/www.meydan.tv\/wp-content\/uploads\/2021\/07\/meydan-logo.svg","width":195,"height":46,"caption":"Meydan TV"},"image":{"@id":"https:\/\/www.meydan.tv\/az\/#\/schema\/logo\/image\/"}},{"@type":"Person","@id":"https:\/\/www.meydan.tv\/az\/#\/schema\/person\/10d11eccf6da3662cf5fdab9806ea91a","name":"user-manager"}]}},"_links":{"self":[{"href":"https:\/\/www.meydan.tv\/az\/wp-json\/wp\/v2\/posts\/196589","targetHints":{"allow":["GET"]}}],"collection":[{"href":"https:\/\/www.meydan.tv\/az\/wp-json\/wp\/v2\/posts"}],"about":[{"href":"https:\/\/www.meydan.tv\/az\/wp-json\/wp\/v2\/types\/post"}],"author":[{"embeddable":true,"href":"https:\/\/www.meydan.tv\/az\/wp-json\/wp\/v2\/users\/11"}],"replies":[{"embeddable":true,"href":"https:\/\/www.meydan.tv\/az\/wp-json\/wp\/v2\/comments?post=196589"}],"version-history":[{"count":0,"href":"https:\/\/www.meydan.tv\/az\/wp-json\/wp\/v2\/posts\/196589\/revisions"}],"wp:featuredmedia":[{"embeddable":true,"href":"https:\/\/www.meydan.tv\/az\/wp-json\/wp\/v2\/media\/128141"}],"wp:attachment":[{"href":"https:\/\/www.meydan.tv\/az\/wp-json\/wp\/v2\/media?parent=196589"}],"wp:term":[{"taxonomy":"category","embeddable":true,"href":"https:\/\/www.meydan.tv\/az\/wp-json\/wp\/v2\/categories?post=196589"},{"taxonomy":"post_tag","embeddable":true,"href":"https:\/\/www.meydan.tv\/az\/wp-json\/wp\/v2\/tags?post=196589"}],"curies":[{"name":"wp","href":"https:\/\/api.w.org\/{rel}","templated":true}]}}