{"id":196575,"date":"2019-08-13T05:38:34","date_gmt":"2019-08-13T05:38:34","guid":{"rendered":"https:\/\/www.meydan.tv\/article\/vekil-bezi-memurlar-gence-hadiseleri-barede-prezidente-yalan-melumat-verir\/"},"modified":"2019-08-13T05:38:34","modified_gmt":"2019-08-13T05:38:34","slug":"vekil-bezi-memurlar-gence-hadiseleri-barede-prezidente-yalan-melumat-verir","status":"publish","type":"post","link":"https:\/\/www.meydan.tv\/az\/article\/vekil-bezi-memurlar-gence-hadiseleri-barede-prezidente-yalan-melumat-verir\/","title":{"rendered":"V\u0259kil: B\u0259zi m\u0259murlar G\u0259nc\u0259 hadis\u0259l\u0259ri bar\u0259d\u0259 prezident\u0259 yalan m\u0259lumat verir"},"content":{"rendered":"<p>\n  <i><br \/>\n    &#x27;&#x27;Bu adamlar\u0131n evind\u0259 adi d\u00f6\u015f\u0259m\u0259 yoxdur, \u00e7\u00f6r\u0259k g\u0259tir\u0259n iki o\u011fulu tutub bas\u0131blar h\u0259bs\u0259&#8230;&#x27;&#x27;<br \/>\n  <\/i>\n<\/p>\n<p>\n  G\u0259nc\u0259 hadis\u0259l\u0259rin\u0259 g\u00f6r\u0259 h\u0259bs olunub, 8 il\u0259 q\u0259d\u0259r h\u0259bs c\u0259zas\u0131 verilmi\u015f daha bir qrupun apelyasiya \u015fikay\u0259ti \u00fczr\u0259 m\u0259hk\u0259m\u0259 ba\u015fa \u00e7at\u0131r. Bu qrupdak\u0131 s\u0259kkiz n\u0259f\u0259rin d\u0259 c\u0259zalar\u0131n\u0131n \u0259n az\u0131 azald\u0131laca\u011f\u0131 g\u00f6zl\u0259nilir. \u00c7\u00fcnki prokuror bunu t\u0259klif edib.\n<\/p>\n<p>\n  Avqustun 9-da ke\u00e7iril\u0259n sonuncu m\u0259hk\u0259m\u0259 iclas\u0131nda \u00f6nc\u0259 t\u0259qsirl\u0259ndiril\u0259n \u015f\u0259xsl\u0259rin v\u0259kill\u0259ri m\u0259hk\u0259m\u0259y\u0259 v\u0259sat\u0259t t\u0259qdim ed\u0259r\u0259k, m\u00fcv\u0259kkill\u0259rin\u0259 qar\u015f\u0131 ittihamlar\u0131 t\u0259sdiql\u0259y\u0259n s\u00fcbutlar\u0131 ist\u0259yib. V\u0259kill\u0259r bildirib ki, i\u015f materiallar\u0131nda \u015f\u0259xsl\u0259rin i\u015fg\u0259nc\u0259 alt\u0131nda imza atd\u0131qlar\u0131 ifad\u0259l\u0259rd\u0259n ba\u015fqa he\u00e7 bir s\u00fcbut yoxdur.\n<\/p>\n<p>\n  \u201c\u018fg\u0259r ba\u015fqa s\u00fcbut varsa, ortaya qoyulsun\u201d, &#8211; dey\u0259 v\u0259kill\u0259r bildirib.\n<\/p>\n<p>\n  V\u0259sat\u0259t t\u0259min olunmay\u0131b.\n<\/p>\n<p>\n  Daha sonra d\u00f6vl\u0259t ittiham\u00e7\u0131s\u0131 Ceyhun \u018fliyev \u00e7\u0131x\u0131\u015f edib. Prokuror t\u0259qsirl\u0259ndiril\u0259n 8 n\u0259f\u0259rd\u0259n 7-n\u0259 Cinay\u0259t M\u0259c\u0259ll\u0259sinin 220.1 (k\u00fctl\u0259vi i\u011fti\u015fa\u015flar\u0131n t\u0259\u015fkili) madd\u0259si il\u0259 veril\u0259n ittiham\u0131n Cinay\u0259t M\u0259c\u0259ll\u0259sinin 29.220.1 (k\u00fctl\u0259vi i\u011fti\u015fa\u015flarda i\u015ftiraka c\u0259hd) madd\u0259sin\u0259 t\u00f6vsif olunmas\u0131n\u0131 t\u0259klif edib. D\u00f6vl\u0259t ittiham\u00e7\u0131s\u0131 G\u0259nc\u0259 A\u011f\u0131r Cinay\u0259tl\u0259r M\u0259hk\u0259m\u0259sinin onlara verdiyi c\u0259zalar\u0131n da azald\u0131lmas\u0131n\u0131 ist\u0259yib. Prokuror t\u0259qsirl\u0259ndiril\u0259n \u015f\u0259xsl\u0259rd\u0259n Eyruz Hac\u0131yev v\u0259 S\u0259buhi R\u0259c\u0259bovun c\u0259zas\u0131n\u0131n 5 il 6 ay, Riya Nuruzad\u0259, Sabir \u018fzizov v\u0259 Fikr\u0259t Mirz\u0259liyevun c\u0259zas\u0131n\u0131n 5 il\u0259, Cabir \u018fzizov v\u0259 G\u00fclmirz\u0259 Nuruzad\u0259nin c\u0259zas\u0131n\u0131n is\u0259 4 il 6 aya endirilm\u0259sini ist\u0259yib.\n<\/p>\n<p>\n  Prokuror \u00e7\u0131x\u0131\u015f\u0131nda yaln\u0131z Elman Quliyev\u0259 veril\u0259n ittiham\u0131n d\u0259yi\u015fdirilm\u0259m\u0259sini, lakin onun da c\u0259zas\u0131n\u0131n 8 ild\u0259n 7 il\u0259 endirilm\u0259sini t\u0259klif edib.\n<\/p>\n<p>\n  Bu t\u0259qsirl\u0259ndiril\u0259n \u015f\u0259xsl\u0259rd\u0259n \u015f\u0259xsl\u0259rd\u0259n Eyruz Hac\u0131yevl\u0259 S\u0259buhi R\u0259c\u0259bov bibio\u011flu-day\u0131\u011folu, Sabir v\u0259 Cabir \u018fzizovlar, h\u0259m\u00e7inin Riya v\u0259 G\u00fclmirz\u0259 Nuruzad\u0259l\u0259r qarda\u015fd\u0131lar. Elman Quliyev Sumqay\u0131t D\u00f6vl\u0259t Universitetinin m\u00fc\u0259llimi olub.\n<\/p>\n<p>\n  T\u0259qsirl\u0259ndiril\u0259n \u015f\u0259xsl\u0259r m\u0259hk\u0259m\u0259d\u0259 ifad\u0259l\u0259rind\u0259 bildiribl\u0259r ki, onlar\u0131 G\u0259nc\u0259y\u0259 k\u00fctl\u0259vi i\u011fti\u015fa\u015flarda i\u015ftirak etm\u0259y\u0259 Elman Quliyevin g\u00f6nd\u0259rm\u0259si, yolpulunu da onun verm\u0259si bar\u0259d\u0259 ifad\u0259y\u0259 imza atmalar\u0131 \u00fc\u00e7\u00fcn a\u011flas\u0131\u011fmaz i\u015fg\u0259nc\u0259l\u0259r\u0259 m\u0259ruz qal\u0131blar.\n<\/p>\n<p>\n  Prokurordan sonra t\u0259qsirl\u0259ndiril\u0259n \u015f\u0259xsl\u0259rin v\u0259kill\u0259ri \u00e7\u0131x\u0131\u015f edib. Onlar m\u00fcv\u0259kkill\u0259rinin g\u00fcnahs\u0131z oldu\u011funu, ittihamlar\u0131n n\u0259 birinci instansiya m\u0259hk\u0259m\u0259sind\u0259, n\u0259 d\u0259 apelyasiya instansiyas\u0131nda s\u00fcbuta yetirildiyini vur\u011fulayaraq, onlara b\u0259ra\u0259t verilm\u0259sini ist\u0259yibl\u0259r.\n<\/p>\n<p>\n  Cabir \u018fzizovun v\u0259kili bildirib ki, G\u0259nc\u0259 A\u011f\u0131r Cinay\u0259tl\u0259r M\u0259hk\u0259m\u0259sinin h\u00f6km\u00fc qanunsuz v\u0259 \u0259sass\u0131zd\u0131r. V\u0259kilin s\u00f6zl\u0259rin\u0259 g\u00f6r\u0259, birinci instansiya m\u0259hk\u0259m\u0259sind\u0259 dindiril\u0259n \u015fahidl\u0259rin 90 faizi polis \u0259m\u0259kda\u015flar\u0131d\u0131r:\n<\/p>\n<p>\n  \u201cAvropa M\u0259hk\u0259m\u0259si \u00f6z q\u0259rar\u0131nda yegan\u0259 \u015fahid olaraq, ancaq polisl\u0259rin ifad\u0259sin\u0259 istinad olunmas\u0131n\u0131 Avropa Konvensiyas\u0131n\u0131n 6-c\u0131 (\u0259dal\u0259tli m\u0259hk\u0259m\u0259 ara\u015fd\u0131rmas\u0131 h\u00fcququ) madd\u0259sinin pozuntusu kimi qiym\u0259tl\u0259ndirib. Cabir \u018fzizovda, \u00fcmumiyy\u0259tl\u0259, telefon olmay\u0131b, amma ittihamda iddia olunur ki, onun telefonundan terroru t\u0259bli\u011f ed\u0259n \u00e7a\u011f\u0131r\u0131\u015flar tap\u0131l\u0131b. Onun \u0259m\u0259lind\u0259 Cinay\u0259t M\u0259c\u0259ll\u0259sinin 220-ci madd\u0259sinin t\u0259rkibi yoxdur, b\u0259ra\u0259t verilm\u0259lidir\u201d.\n<\/p>\n<p>\n  Dig\u0259r qarda\u015f Sabir \u018fzizovun v\u0259kili d\u0259 m\u00fcv\u0259kkilinin g\u00fcnahs\u0131z olmas\u0131yla yana\u015f\u0131, bu ail\u0259nin a\u011f\u0131r durumundan da dan\u0131\u015f\u0131b:\n<\/p>\n<p>\n  \u201c\u0130nsanlara qar\u015f\u0131 bu d\u0259r\u0259c\u0259d\u0259 qisas olmaz. \u018fvv\u0259la, bu adamlar deyir ki, G\u00f6yg\u00f6l\u0259 ged\u0259rk\u0259n G\u0259nc\u0259d\u0259n ke\u00e7ibl\u0259r, g\u00fcnorta yem\u0259k yem\u0259y\u0259 kafe axtaranda polis onlar\u0131 saxlay\u0131b. Aksiya is\u0259 ax\u015fam olub, y\u0259ni bunlar saxlan\u0131landan bir ne\u00e7\u0259 saat sonra. \u0130kincisi, lap tutaq ki, bu adamlar icaz\u0259siz aksiyada i\u015ftirak edibl\u0259r. Ax\u0131 bu inzibati x\u0259tad\u0131r, uzaqba\u015f\u0131 inzibati qaydada c\u0259zaland\u0131r\u0131la bil\u0259rdil\u0259r. Bu ail\u0259d\u0259n iki qarda\u015f tutulmaqla, bilirsinizmi ail\u0259 hans\u0131 v\u0259ziyy\u0259t\u0259 qal\u0131b? Ata birinci qrup \u0259lildir, \u0259sa il\u0259 \u00e7\u0259tinlikl\u0259 yeriyir. Ana c\u0259mi 180 manata k\u00fc\u00e7\u0259 s\u00fcp\u00fcr\u00fcr. Ev\u0259 \u00e7\u00f6r\u0259k g\u0259tir\u0259n iki o\u011ful vard\u0131, onlar\u0131 da tutub bas\u0131blar h\u0259bs\u0259. Bu adamlar\u0131n evind\u0259 d\u00f6\u015f\u0259m\u0259 yoxdur, torpa\u011f\u0131n \u00fcst\u00fcnd\u0259 g\u0259zirl\u0259r ya\u015fl\u0131 adamlar. \u0130nsanl\u0131q xatirin\u0259, bu iki qarda\u015fdan he\u00e7 olmasa, birini burax\u0131n ki, o ev\u0259 \u00e7\u00f6r\u0259k g\u0259tir\u0259n olsun\u201d.\n<\/p>\n<p>\n  V\u0259kilin s\u00f6zl\u0259rin\u0259 g\u00f6r\u0259, t\u0259qsirl\u0259ndiril\u0259n \u015f\u0259xsl\u0259r\u0259 G\u0259nc\u0259d\u0259 sabiq icra ba\u015f\u00e7\u0131s\u0131n\u0131 g\u00fcll\u0259l\u0259m\u0259kd\u0259 ittiham olunan Yunis S\u0259f\u0259rova d\u0259st\u0259k aksiyas\u0131 ke\u00e7irm\u0259k ittiham\u0131 verilib. M\u00fcdafi\u0259\u00e7i xat\u0131rlad\u0131b ki, G\u0259nc\u0259d\u0259ki aksiyadan \u00f6nc\u0259 Y.S\u0259f\u0259rovun polis idar\u0259sind\u0259 d\u00f6y\u00fckd\u00fcy\u00fcn\u00fc \u0259ks etdir\u0259n g\u00f6r\u00fcnt\u00fcl\u0259r yay\u0131lm\u0131\u015f, bu da insanlarla q\u0131c\u0131q do\u011furmu\u015fdu:\n<\/p>\n<p>\n  \u201cO fotolar\u0131 yayan kim idi? N\u0259 m\u0259n idim, n\u0259 Cabir idi, el\u0259 polisl\u0259rin \u00f6zl\u0259ri idi. Amma h\u0259min polisl\u0259r c\u0259zaland\u0131r\u0131lmad\u0131. B\u0259lk\u0259 d\u0259 o fotolar yay\u0131lmasayd\u0131, hadis\u0259l\u0259r bu h\u0259dd\u0259 g\u0259lib \u00e7atmazd\u0131\u201d.\n<\/p>\n<p>\n  Riya Nuruzad\u0259nin v\u0259kili bildirib ki, t\u0259qsirl\u0259ndiril\u0259n \u015f\u0259xsl\u0259ri saxlay\u0131b, \u00f6nc\u0259 m\u0259hk\u0259m\u0259d\u0259n onlar\u0131n haqq\u0131nda 15-20 g\u00fcnl\u00fck inzibati h\u0259bs olunmalar\u0131na dair m\u0259hk\u0259m\u0259 q\u0259rarlar\u0131 al\u0131blar. Bir ne\u00e7\u0259 g\u00fcn sonra is\u0259 cinay\u0259t i\u015fi ba\u015flay\u0131b, a\u011f\u0131r ittihamlar ir\u0259li s\u00fcr\u00fcbl\u0259r:\n<\/p>\n<p>\n  \u201c\u018fg\u0259r bu adamlar aksiyada i\u015ftirak edibl\u0259rs\u0259 bel\u0259, art\u0131q inzibati qaydada c\u0259zaland\u0131r\u0131l\u0131blar. Daha sonra cinay\u0259t i\u015fi ba\u015flamaq art\u0131q qanunu pozmaqd\u0131r. \u00c7\u00fcnki qanun eyni \u0259m\u0259l\u0259 g\u00f6r\u0259 iki d\u0259f\u0259 c\u0259zaland\u0131r\u0131lman\u0131 qada\u011fan edir. H\u0259r\u00e7\u0259nd, bu adamlar o aksiyada he\u00e7 i\u015ftirak da etm\u0259yibl\u0259r\u201d.\n<\/p>\n<p>\n  Fikr\u0259t Mirz\u0259liyevin v\u0259kili bildirib ki, prokuror c\u0259zalar\u0131n a\u015fa\u011f\u0131 sal\u0131nmas\u0131n\u0131, ittiham\u0131n nisb\u0259t\u0259n y\u00fcng\u00fcll\u0259\u015fdirilm\u0259sini ist\u0259s\u0259 d\u0259, bu, humanist add\u0131m kimi qiym\u0259tl\u0259ndiril\u0259 bilm\u0259z:\n<\/p>\n<p>\n  \u201cBu, b\u00f6y\u00fck bir qanunsuzlu\u011fa sad\u0259c\u0259, don geyindirm\u0259k c\u0259hdidir. \u0130nsanlar\u0131n h\u0259yat\u0131yla oynamaq, g\u00fcnahs\u0131z adamlar\u0131 ill\u0259rl\u0259 h\u0259bsd\u0259 saxlamaq olmaz. Fikr\u0259t Mirz\u0259liyevin G\u0259nc\u0259d\u0259 aksiyada i\u015ftirak ed\u0259c\u0259yini s\u00fcbut ed\u0259n hans\u0131 d\u0259lill\u0259r var? He\u00e7 bir s\u00fcbut yoxdur\u201d.\n<\/p>\n<p>\n  Elman Quliyevin v\u0259kili \u00e7\u0131x\u0131\u015f\u0131nda bildirib ki, h\u00f6kum\u0259td\u0259 t\u0259msil olunan b\u0259zi m\u0259murlar G\u0259nc\u0259 hadis\u0259l\u0259ri bar\u0259d\u0259 prezident\u0259 yalan m\u0259lumat verir. Bu v\u0259kil d\u0259 10 iyul hadis\u0259l\u0259rind\u0259n \u00f6nc\u0259 Yunis S\u0259f\u0259rovun i\u015fg\u0259nc\u0259y\u0259 m\u0259ruz qalmas\u0131n\u0131 \u0259ks etdir\u0259n \u015f\u0259kill\u0259rin yay\u0131lmas\u0131n\u0131 yada sal\u0131b. M\u00fcdafi\u0259\u00e7i hesab edir ki, o fotolar\u0131n yay\u0131lmas\u0131 t\u0259sad\u00fcf deyildi:\n<\/p>\n<p>\n  \u201cNec\u0259 olur, burada ac\u0131ndan g\u00fcnorta duran, g\u00f6y\u0259r\u00e7in saxlayan biri G\u0259nc\u0259d\u0259 i\u011fti\u015fa\u015f t\u0259\u015fkil edir? G\u0259nc\u0259 A\u011f\u0131r Cinay\u0259tl\u0259r M\u0259hk\u0259m\u0259sinin hakimi M\u0259h\u0259mm\u0259d Ba\u011f\u0131rovun bu \u015f\u0259xsl\u0259r haqq\u0131nda h\u00f6km\u00fc m\u0259hk\u0259m\u0259 sistemi \u00fc\u00e7\u00fcn l\u0259k\u0259dir. H\u00f6kmd\u0259 yaz\u0131b ki, \u201ctelefon dan\u0131\u015f\u0131qlar\u0131 da s\u00fcbut edir ki, h\u0259min g\u00fcn Elman Quliyevl\u0259 dig\u0259r t\u0259qsirl\u0259ndiril\u0259n \u015f\u0259xsl\u0259r d\u0259f\u0259l\u0259rl\u0259 bir-biril\u0259 \u00fcnsiyy\u0259td\u0259 olub\u201d. Halbuki, bel\u0259 \u015fey olmay\u0131b. Elman Quliyevin atas\u0131 Telman Quliyev Heyd\u0259r \u018fliyevin se\u00e7ki q\u0259rargah\u0131n\u0131n r\u0259hb\u0259ri olub. D\u0259f\u0259l\u0259rl\u0259 ona dedim ki, g\u0259l, \u015fikay\u0259t yazaq, raz\u0131la\u015fmad\u0131. \u0130ndi d\u0259 YAP-\u0131n \u00fczv\u00fcd\u00fcr. G\u0259nc\u0259 hadis\u0259l\u0259rini bu adamlar t\u00f6r\u0259tm\u0259yib. O hadis\u0259l\u0259r ba\u015fqa bir qrup adam\u0131n m\u0259qs\u0259dli \u015f\u0259kild\u0259 t\u00f6r\u0259tdiyi olaylard\u0131r. Ancaq o hadis\u0259l\u0259r\u0259 aidiyy\u0259ti olmayanlar\u0131 tutub, a\u011f\u0131r c\u0259zaland\u0131rd\u0131lar. Bu da, d\u00f6vl\u0259t\u0259 inams\u0131zl\u0131q yarad\u0131r. Xalq qal\u0131b bir qrup cinay\u0259tkar\u0131n \u0259lind\u0259. Onlar yuxar\u0131lar\u0131 da aldad\u0131b, i\u015fl\u0259m\u0259y\u0259 imkan vermir, a\u015fa\u011f\u0131lara da z\u00fclm el\u0259yirl\u0259r. Bu i\u015fd\u0259 insanlar\u0131 ki\u015filikl\u0259ril\u0259 t\u0259hqir el\u0259dil\u0259r. D\u00fcnya da\u011f\u0131lsa da, bunu el\u0259m\u0259k olmazd\u0131. Ki\u015fi olan k\u0259s insan\u0131 ki\u015filiyil\u0259 c\u0259zaland\u0131rmaz. G\u0259nc\u0259 hadis\u0259l\u0259rini t\u0259\u015fkil ed\u0259nl\u0259r bu g\u00fcn d\u00f6vl\u0259td\u0259 oturublar\u201d.\n<\/p>\n<p>\n  V\u0259kil \u00e7\u0131x\u0131\u015f\u0131n\u0131n sonunda Elman Quliyev\u0259 b\u0259ra\u0259t verilm\u0259sini ist\u0259yib.\n<\/p>\n<p>\n  M\u0259hk\u0259m\u0259 prosesi avqustun 23-d\u0259 davam ed\u0259c\u0259k. O iclasda t\u0259qsirl\u0259ndiril\u0259n \u015f\u0259xsl\u0259r son s\u00f6zl\u0259rini dey\u0259c\u0259k, ard\u0131nca da q\u0259rar elan olunacaq.<\/p>\n","protected":false},"excerpt":{"rendered":"<p>G\u0259nc\u0259 A\u011f\u0131r Cinay\u0259tl\u0259r M\u0259hk\u0259m\u0259sinin hakimi M\u0259h\u0259mm\u0259d Ba\u011f\u0131rovun bu \u015f\u0259xsl\u0259r haqq\u0131nda h\u00f6km\u00fc m\u0259hk\u0259m\u0259 sistemi \u00fc\u00e7\u00fcn l\u0259k\u0259dir.<\/p>\n","protected":false},"author":11,"featured_media":47081,"comment_status":"closed","ping_status":"open","sticky":false,"template":"","format":"standard","meta":{"_acf_changed":false,"_sitemap_exclude":false,"_sitemap_priority":"","_sitemap_frequency":"","footnotes":""},"categories":[60],"tags":[],"class_list":["post-196575","post","type-post","status-publish","format-standard","has-post-thumbnail","hentry","category-bolge","infinite-scroll-item","generate-columns","tablet-grid-50","mobile-grid-100","grid-parent","grid-33","no-featured-image-padding"],"acf":[],"yoast_head":"<!-- This site is optimized with the Yoast SEO plugin v27.5 - https:\/\/yoast.com\/product\/yoast-seo-wordpress\/ -->\n<title>V\u0259kil: B\u0259zi m\u0259murlar G\u0259nc\u0259 hadis\u0259l\u0259ri bar\u0259d\u0259 prezident\u0259 yalan m\u0259lumat verir - MEYDAN.TV<\/title>\n<meta name=\"robots\" content=\"index, follow, max-snippet:-1, max-image-preview:large, max-video-preview:-1\" \/>\n<link rel=\"canonical\" href=\"https:\/\/www.meydan.tv\/az\/article\/vekil-bezi-memurlar-gence-hadiseleri-barede-prezidente-yalan-melumat-verir\/\" \/>\n<meta property=\"og:locale\" content=\"az_AZ\" \/>\n<meta property=\"og:type\" content=\"article\" \/>\n<meta property=\"og:title\" content=\"V\u0259kil: B\u0259zi m\u0259murlar G\u0259nc\u0259 hadis\u0259l\u0259ri bar\u0259d\u0259 prezident\u0259 yalan m\u0259lumat verir - MEYDAN.TV\" \/>\n<meta property=\"og:description\" content=\"G\u0259nc\u0259 A\u011f\u0131r Cinay\u0259tl\u0259r M\u0259hk\u0259m\u0259sinin hakimi M\u0259h\u0259mm\u0259d Ba\u011f\u0131rovun bu \u015f\u0259xsl\u0259r haqq\u0131nda h\u00f6km\u00fc m\u0259hk\u0259m\u0259 sistemi \u00fc\u00e7\u00fcn l\u0259k\u0259dir.\" \/>\n<meta property=\"og:url\" content=\"https:\/\/www.meydan.tv\/az\/article\/vekil-bezi-memurlar-gence-hadiseleri-barede-prezidente-yalan-melumat-verir\/\" \/>\n<meta property=\"og:site_name\" content=\"MEYDAN.TV\" \/>\n<meta property=\"article:published_time\" content=\"2019-08-13T05:38:34+00:00\" \/>\n<meta property=\"og:image\" content=\"https:\/\/www.meydan.tv\/wp-content\/uploads\/17658.jpg\" \/>\n\t<meta property=\"og:image:width\" content=\"700\" \/>\n\t<meta property=\"og:image:height\" content=\"345\" \/>\n\t<meta property=\"og:image:type\" content=\"image\/jpeg\" \/>\n<meta name=\"author\" content=\"user-manager\" \/>\n<meta name=\"twitter:card\" content=\"summary_large_image\" \/>\n<script type=\"application\/ld+json\" class=\"yoast-schema-graph\">{\"@context\":\"https:\\\/\\\/schema.org\",\"@graph\":[{\"@type\":\"Article\",\"@id\":\"https:\\\/\\\/www.meydan.tv\\\/az\\\/article\\\/vekil-bezi-memurlar-gence-hadiseleri-barede-prezidente-yalan-melumat-verir\\\/#article\",\"isPartOf\":{\"@id\":\"https:\\\/\\\/www.meydan.tv\\\/az\\\/article\\\/vekil-bezi-memurlar-gence-hadiseleri-barede-prezidente-yalan-melumat-verir\\\/\"},\"author\":{\"name\":\"user-manager\",\"@id\":\"https:\\\/\\\/www.meydan.tv\\\/az\\\/#\\\/schema\\\/person\\\/10d11eccf6da3662cf5fdab9806ea91a\"},\"headline\":\"V\u0259kil: B\u0259zi m\u0259murlar G\u0259nc\u0259 hadis\u0259l\u0259ri bar\u0259d\u0259 prezident\u0259 yalan m\u0259lumat verir\",\"datePublished\":\"2019-08-13T05:38:34+00:00\",\"mainEntityOfPage\":{\"@id\":\"https:\\\/\\\/www.meydan.tv\\\/az\\\/article\\\/vekil-bezi-memurlar-gence-hadiseleri-barede-prezidente-yalan-melumat-verir\\\/\"},\"wordCount\":1623,\"publisher\":{\"@id\":\"https:\\\/\\\/www.meydan.tv\\\/az\\\/#organization\"},\"image\":{\"@id\":\"https:\\\/\\\/www.meydan.tv\\\/az\\\/article\\\/vekil-bezi-memurlar-gence-hadiseleri-barede-prezidente-yalan-melumat-verir\\\/#primaryimage\"},\"thumbnailUrl\":\"https:\\\/\\\/www.meydan.tv\\\/wp-content\\\/uploads\\\/17658.jpg\",\"articleSection\":[\"B\u00f6lg\u0259\"],\"inLanguage\":\"az\"},{\"@type\":\"WebPage\",\"@id\":\"https:\\\/\\\/www.meydan.tv\\\/az\\\/article\\\/vekil-bezi-memurlar-gence-hadiseleri-barede-prezidente-yalan-melumat-verir\\\/\",\"url\":\"https:\\\/\\\/www.meydan.tv\\\/az\\\/article\\\/vekil-bezi-memurlar-gence-hadiseleri-barede-prezidente-yalan-melumat-verir\\\/\",\"name\":\"V\u0259kil: B\u0259zi m\u0259murlar G\u0259nc\u0259 hadis\u0259l\u0259ri bar\u0259d\u0259 prezident\u0259 yalan m\u0259lumat verir - MEYDAN.TV\",\"isPartOf\":{\"@id\":\"https:\\\/\\\/www.meydan.tv\\\/az\\\/#website\"},\"primaryImageOfPage\":{\"@id\":\"https:\\\/\\\/www.meydan.tv\\\/az\\\/article\\\/vekil-bezi-memurlar-gence-hadiseleri-barede-prezidente-yalan-melumat-verir\\\/#primaryimage\"},\"image\":{\"@id\":\"https:\\\/\\\/www.meydan.tv\\\/az\\\/article\\\/vekil-bezi-memurlar-gence-hadiseleri-barede-prezidente-yalan-melumat-verir\\\/#primaryimage\"},\"thumbnailUrl\":\"https:\\\/\\\/www.meydan.tv\\\/wp-content\\\/uploads\\\/17658.jpg\",\"datePublished\":\"2019-08-13T05:38:34+00:00\",\"breadcrumb\":{\"@id\":\"https:\\\/\\\/www.meydan.tv\\\/az\\\/article\\\/vekil-bezi-memurlar-gence-hadiseleri-barede-prezidente-yalan-melumat-verir\\\/#breadcrumb\"},\"inLanguage\":\"az\",\"potentialAction\":[{\"@type\":\"ReadAction\",\"target\":[\"https:\\\/\\\/www.meydan.tv\\\/az\\\/article\\\/vekil-bezi-memurlar-gence-hadiseleri-barede-prezidente-yalan-melumat-verir\\\/\"]}]},{\"@type\":\"ImageObject\",\"inLanguage\":\"az\",\"@id\":\"https:\\\/\\\/www.meydan.tv\\\/az\\\/article\\\/vekil-bezi-memurlar-gence-hadiseleri-barede-prezidente-yalan-melumat-verir\\\/#primaryimage\",\"url\":\"https:\\\/\\\/www.meydan.tv\\\/wp-content\\\/uploads\\\/17658.jpg\",\"contentUrl\":\"https:\\\/\\\/www.meydan.tv\\\/wp-content\\\/uploads\\\/17658.jpg\",\"width\":700,\"height\":345,\"caption\":\"Source:\"},{\"@type\":\"BreadcrumbList\",\"@id\":\"https:\\\/\\\/www.meydan.tv\\\/az\\\/article\\\/vekil-bezi-memurlar-gence-hadiseleri-barede-prezidente-yalan-melumat-verir\\\/#breadcrumb\",\"itemListElement\":[{\"@type\":\"ListItem\",\"position\":1,\"name\":\"Ana s\u0259hif\u0259\",\"item\":\"https:\\\/\\\/www.meydan.tv\\\/az\\\/\"},{\"@type\":\"ListItem\",\"position\":2,\"name\":\"B\u00f6lg\u0259\",\"item\":\"https:\\\/\\\/www.meydan.tv\\\/az\\\/section\\\/bolge\\\/\"},{\"@type\":\"ListItem\",\"position\":3,\"name\":\"V\u0259kil: B\u0259zi m\u0259murlar G\u0259nc\u0259 hadis\u0259l\u0259ri bar\u0259d\u0259 prezident\u0259 yalan m\u0259lumat verir\"}]},{\"@type\":\"WebSite\",\"@id\":\"https:\\\/\\\/www.meydan.tv\\\/az\\\/#website\",\"url\":\"https:\\\/\\\/www.meydan.tv\\\/az\\\/\",\"name\":\"MEYDAN.TV\",\"description\":\"Meydan TV Az\u0259rbaycan\u0131n media m\u0259kan\u0131ndak\u0131 alternativ s\u0259sidir\",\"publisher\":{\"@id\":\"https:\\\/\\\/www.meydan.tv\\\/az\\\/#organization\"},\"potentialAction\":[{\"@type\":\"SearchAction\",\"target\":{\"@type\":\"EntryPoint\",\"urlTemplate\":\"https:\\\/\\\/www.meydan.tv\\\/az\\\/?s={search_term_string}\"},\"query-input\":{\"@type\":\"PropertyValueSpecification\",\"valueRequired\":true,\"valueName\":\"search_term_string\"}}],\"inLanguage\":\"az\"},{\"@type\":\"Organization\",\"@id\":\"https:\\\/\\\/www.meydan.tv\\\/az\\\/#organization\",\"name\":\"Meydan TV\",\"url\":\"https:\\\/\\\/www.meydan.tv\\\/az\\\/\",\"logo\":{\"@type\":\"ImageObject\",\"inLanguage\":\"az\",\"@id\":\"https:\\\/\\\/www.meydan.tv\\\/az\\\/#\\\/schema\\\/logo\\\/image\\\/\",\"url\":\"https:\\\/\\\/www.meydan.tv\\\/wp-content\\\/uploads\\\/2021\\\/07\\\/meydan-logo.svg\",\"contentUrl\":\"https:\\\/\\\/www.meydan.tv\\\/wp-content\\\/uploads\\\/2021\\\/07\\\/meydan-logo.svg\",\"width\":195,\"height\":46,\"caption\":\"Meydan TV\"},\"image\":{\"@id\":\"https:\\\/\\\/www.meydan.tv\\\/az\\\/#\\\/schema\\\/logo\\\/image\\\/\"}},{\"@type\":\"Person\",\"@id\":\"https:\\\/\\\/www.meydan.tv\\\/az\\\/#\\\/schema\\\/person\\\/10d11eccf6da3662cf5fdab9806ea91a\",\"name\":\"user-manager\"}]}<\/script>\n<!-- \/ Yoast SEO plugin. -->","yoast_head_json":{"title":"V\u0259kil: B\u0259zi m\u0259murlar G\u0259nc\u0259 hadis\u0259l\u0259ri bar\u0259d\u0259 prezident\u0259 yalan m\u0259lumat verir - MEYDAN.TV","robots":{"index":"index","follow":"follow","max-snippet":"max-snippet:-1","max-image-preview":"max-image-preview:large","max-video-preview":"max-video-preview:-1"},"canonical":"https:\/\/www.meydan.tv\/az\/article\/vekil-bezi-memurlar-gence-hadiseleri-barede-prezidente-yalan-melumat-verir\/","og_locale":"az_AZ","og_type":"article","og_title":"V\u0259kil: B\u0259zi m\u0259murlar G\u0259nc\u0259 hadis\u0259l\u0259ri bar\u0259d\u0259 prezident\u0259 yalan m\u0259lumat verir - MEYDAN.TV","og_description":"G\u0259nc\u0259 A\u011f\u0131r Cinay\u0259tl\u0259r M\u0259hk\u0259m\u0259sinin hakimi M\u0259h\u0259mm\u0259d Ba\u011f\u0131rovun bu \u015f\u0259xsl\u0259r haqq\u0131nda h\u00f6km\u00fc m\u0259hk\u0259m\u0259 sistemi \u00fc\u00e7\u00fcn l\u0259k\u0259dir.","og_url":"https:\/\/www.meydan.tv\/az\/article\/vekil-bezi-memurlar-gence-hadiseleri-barede-prezidente-yalan-melumat-verir\/","og_site_name":"MEYDAN.TV","article_published_time":"2019-08-13T05:38:34+00:00","og_image":[{"width":700,"height":345,"url":"https:\/\/www.meydan.tv\/wp-content\/uploads\/17658.jpg","type":"image\/jpeg"}],"author":"user-manager","twitter_card":"summary_large_image","schema":{"@context":"https:\/\/schema.org","@graph":[{"@type":"Article","@id":"https:\/\/www.meydan.tv\/az\/article\/vekil-bezi-memurlar-gence-hadiseleri-barede-prezidente-yalan-melumat-verir\/#article","isPartOf":{"@id":"https:\/\/www.meydan.tv\/az\/article\/vekil-bezi-memurlar-gence-hadiseleri-barede-prezidente-yalan-melumat-verir\/"},"author":{"name":"user-manager","@id":"https:\/\/www.meydan.tv\/az\/#\/schema\/person\/10d11eccf6da3662cf5fdab9806ea91a"},"headline":"V\u0259kil: B\u0259zi m\u0259murlar G\u0259nc\u0259 hadis\u0259l\u0259ri bar\u0259d\u0259 prezident\u0259 yalan m\u0259lumat verir","datePublished":"2019-08-13T05:38:34+00:00","mainEntityOfPage":{"@id":"https:\/\/www.meydan.tv\/az\/article\/vekil-bezi-memurlar-gence-hadiseleri-barede-prezidente-yalan-melumat-verir\/"},"wordCount":1623,"publisher":{"@id":"https:\/\/www.meydan.tv\/az\/#organization"},"image":{"@id":"https:\/\/www.meydan.tv\/az\/article\/vekil-bezi-memurlar-gence-hadiseleri-barede-prezidente-yalan-melumat-verir\/#primaryimage"},"thumbnailUrl":"https:\/\/www.meydan.tv\/wp-content\/uploads\/17658.jpg","articleSection":["B\u00f6lg\u0259"],"inLanguage":"az"},{"@type":"WebPage","@id":"https:\/\/www.meydan.tv\/az\/article\/vekil-bezi-memurlar-gence-hadiseleri-barede-prezidente-yalan-melumat-verir\/","url":"https:\/\/www.meydan.tv\/az\/article\/vekil-bezi-memurlar-gence-hadiseleri-barede-prezidente-yalan-melumat-verir\/","name":"V\u0259kil: B\u0259zi m\u0259murlar G\u0259nc\u0259 hadis\u0259l\u0259ri bar\u0259d\u0259 prezident\u0259 yalan m\u0259lumat verir - MEYDAN.TV","isPartOf":{"@id":"https:\/\/www.meydan.tv\/az\/#website"},"primaryImageOfPage":{"@id":"https:\/\/www.meydan.tv\/az\/article\/vekil-bezi-memurlar-gence-hadiseleri-barede-prezidente-yalan-melumat-verir\/#primaryimage"},"image":{"@id":"https:\/\/www.meydan.tv\/az\/article\/vekil-bezi-memurlar-gence-hadiseleri-barede-prezidente-yalan-melumat-verir\/#primaryimage"},"thumbnailUrl":"https:\/\/www.meydan.tv\/wp-content\/uploads\/17658.jpg","datePublished":"2019-08-13T05:38:34+00:00","breadcrumb":{"@id":"https:\/\/www.meydan.tv\/az\/article\/vekil-bezi-memurlar-gence-hadiseleri-barede-prezidente-yalan-melumat-verir\/#breadcrumb"},"inLanguage":"az","potentialAction":[{"@type":"ReadAction","target":["https:\/\/www.meydan.tv\/az\/article\/vekil-bezi-memurlar-gence-hadiseleri-barede-prezidente-yalan-melumat-verir\/"]}]},{"@type":"ImageObject","inLanguage":"az","@id":"https:\/\/www.meydan.tv\/az\/article\/vekil-bezi-memurlar-gence-hadiseleri-barede-prezidente-yalan-melumat-verir\/#primaryimage","url":"https:\/\/www.meydan.tv\/wp-content\/uploads\/17658.jpg","contentUrl":"https:\/\/www.meydan.tv\/wp-content\/uploads\/17658.jpg","width":700,"height":345,"caption":"Source:"},{"@type":"BreadcrumbList","@id":"https:\/\/www.meydan.tv\/az\/article\/vekil-bezi-memurlar-gence-hadiseleri-barede-prezidente-yalan-melumat-verir\/#breadcrumb","itemListElement":[{"@type":"ListItem","position":1,"name":"Ana s\u0259hif\u0259","item":"https:\/\/www.meydan.tv\/az\/"},{"@type":"ListItem","position":2,"name":"B\u00f6lg\u0259","item":"https:\/\/www.meydan.tv\/az\/section\/bolge\/"},{"@type":"ListItem","position":3,"name":"V\u0259kil: B\u0259zi m\u0259murlar G\u0259nc\u0259 hadis\u0259l\u0259ri bar\u0259d\u0259 prezident\u0259 yalan m\u0259lumat verir"}]},{"@type":"WebSite","@id":"https:\/\/www.meydan.tv\/az\/#website","url":"https:\/\/www.meydan.tv\/az\/","name":"MEYDAN.TV","description":"Meydan TV Az\u0259rbaycan\u0131n media m\u0259kan\u0131ndak\u0131 alternativ s\u0259sidir","publisher":{"@id":"https:\/\/www.meydan.tv\/az\/#organization"},"potentialAction":[{"@type":"SearchAction","target":{"@type":"EntryPoint","urlTemplate":"https:\/\/www.meydan.tv\/az\/?s={search_term_string}"},"query-input":{"@type":"PropertyValueSpecification","valueRequired":true,"valueName":"search_term_string"}}],"inLanguage":"az"},{"@type":"Organization","@id":"https:\/\/www.meydan.tv\/az\/#organization","name":"Meydan TV","url":"https:\/\/www.meydan.tv\/az\/","logo":{"@type":"ImageObject","inLanguage":"az","@id":"https:\/\/www.meydan.tv\/az\/#\/schema\/logo\/image\/","url":"https:\/\/www.meydan.tv\/wp-content\/uploads\/2021\/07\/meydan-logo.svg","contentUrl":"https:\/\/www.meydan.tv\/wp-content\/uploads\/2021\/07\/meydan-logo.svg","width":195,"height":46,"caption":"Meydan TV"},"image":{"@id":"https:\/\/www.meydan.tv\/az\/#\/schema\/logo\/image\/"}},{"@type":"Person","@id":"https:\/\/www.meydan.tv\/az\/#\/schema\/person\/10d11eccf6da3662cf5fdab9806ea91a","name":"user-manager"}]}},"_links":{"self":[{"href":"https:\/\/www.meydan.tv\/az\/wp-json\/wp\/v2\/posts\/196575","targetHints":{"allow":["GET"]}}],"collection":[{"href":"https:\/\/www.meydan.tv\/az\/wp-json\/wp\/v2\/posts"}],"about":[{"href":"https:\/\/www.meydan.tv\/az\/wp-json\/wp\/v2\/types\/post"}],"author":[{"embeddable":true,"href":"https:\/\/www.meydan.tv\/az\/wp-json\/wp\/v2\/users\/11"}],"replies":[{"embeddable":true,"href":"https:\/\/www.meydan.tv\/az\/wp-json\/wp\/v2\/comments?post=196575"}],"version-history":[{"count":0,"href":"https:\/\/www.meydan.tv\/az\/wp-json\/wp\/v2\/posts\/196575\/revisions"}],"wp:featuredmedia":[{"embeddable":true,"href":"https:\/\/www.meydan.tv\/az\/wp-json\/wp\/v2\/media\/47081"}],"wp:attachment":[{"href":"https:\/\/www.meydan.tv\/az\/wp-json\/wp\/v2\/media?parent=196575"}],"wp:term":[{"taxonomy":"category","embeddable":true,"href":"https:\/\/www.meydan.tv\/az\/wp-json\/wp\/v2\/categories?post=196575"},{"taxonomy":"post_tag","embeddable":true,"href":"https:\/\/www.meydan.tv\/az\/wp-json\/wp\/v2\/tags?post=196575"}],"curies":[{"name":"wp","href":"https:\/\/api.w.org\/{rel}","templated":true}]}}