{"id":196573,"date":"2019-08-12T13:46:55","date_gmt":"2019-08-12T13:46:55","guid":{"rendered":"https:\/\/www.meydan.tv\/article\/adam-var-ki-babasilden-emeliyyat-olunub-qarabag-elili-adini-veribler\/"},"modified":"2019-08-12T13:46:55","modified_gmt":"2019-08-12T13:46:55","slug":"adam-var-ki-babasilden-emeliyyat-olunub-qarabag-elili-adini-veribler","status":"publish","type":"post","link":"https:\/\/www.meydan.tv\/az\/article\/adam-var-ki-babasilden-emeliyyat-olunub-qarabag-elili-adini-veribler\/","title":{"rendered":"&#8221;Adam var ki, babasild\u0259n \u0259m\u0259liyyat olunub, Qaraba\u011f \u0259lili ad\u0131n\u0131 veribl\u0259r&#8221;"},"content":{"rendered":"<p>\n  <i><br \/>\n    Qaraba\u011f \u0259lili yerli strukturlardan \u015fikay\u0259t\u00e7idir<br \/>\n  <\/i>\n<\/p>\n<p>\n  Bil\u0259suvarda ya\u015fayan Qaraba\u011f m\u00fcharib\u0259si \u0259lill\u0259rinin probleml\u0259ri \u00e7oxdur. Onlar\u0131n ikisi il\u0259 g\u00f6r\u00fc\u015fd\u00fck, daha \u00e7ox yerli m\u0259murlar\u0131n laqeydliyind\u0259n, m\u0259suliyy\u0259tsizliyind\u0259n \u015fikay\u0259t el\u0259yirl\u0259r.\n<\/p>\n<p>\n  <b><br \/>\n    \u201cH\u0259yat yolda\u015f\u0131ma dedim ki, g\u0259l ayr\u0131laq, ail\u0259ni saxlaya bilmir\u0259m\u201d<br \/>\n  <\/b>\n<\/p>\n<p>\n  Sabir Al\u0131\u015fov 1992-ci ild\u0259 F\u00fczuli istiqam\u0259tind\u0259 ged\u0259n d\u00f6y\u00fc\u015fl\u0259rd\u0259 ba\u015f\u0131ndan yaralan\u0131b. \u0130kinci qrup \u0259lildir. Dan\u0131\u015f\u0131r ki, t\u0259qa\u00fcd\u00fcn\u00fc m\u00fcalic\u0259y\u0259 s\u0259rf el\u0259yir. 2006-c\u0131 ild\u0259 ona birotaql\u0131 m\u0259nzil verilib. Sa\u011flaml\u0131\u011f\u0131nda, sosial h\u0259yat\u0131nda b\u00f6y\u00fck probleml\u0259r\u0259 g\u00f6r\u0259 38 ya\u015f\u0131nda evl\u0259nm\u0259y\u0259 imkan tap\u0131b, indi iki azya\u015fl\u0131 \u00f6vlad\u0131 var. D\u00f6rdn\u0259f\u0259rlik ail\u0259 18 kvadratmetlik ota\u011fa s\u0131\u011fm\u0131r.\n<\/p>\n<p>\n  \u201c\u0130\u015f qabiliyy\u0259timi itirmi\u015f\u0259m. Ba\u015f\u0131m\u0131n s\u00fcm\u00fck hiss\u0259sind\u0259n g\u00f6t\u00fcr\u00fcbl\u0259r. A\u011fr\u0131dan gec\u0259l\u0259r yata bilmir\u0259m. G\u00fccl\u00fc ba\u015fa\u011fr\u0131lar\u0131m, y\u00fcks\u0259k t\u0259zyiqim olur, g\u00f6z\u00fcm\u0259 yuxu getmir. G\u0259l indi d\u00f6rd adam bu balaca otaqda ya\u015fa. M\u0259cburiyy\u0259td\u0259n ail\u0259mi k\u0259nd\u0259 &#8211; qay\u0131natamgil\u0259 g\u00f6nd\u0259rmi\u015f\u0259m. H\u0259yat yolda\u015f\u0131ma dedim ki, g\u0259l ayr\u0131laq. Bel\u0259 m\u0259n\u0259vi \u0259zab \u00e7\u0259kir\u0259m. Ail\u0259ni saxlaya, doland\u0131ra bilmir\u0259m\u201d, &#8211; Sabir deyir.\n<\/p>\n<p>\n  M\u00fcharib\u0259 \u0259lilinin s\u00f6yl\u0259diyin\u0259 g\u00f6r\u0259, h\u0259yat yolda\u015f\u0131 onkoloji x\u0259st\u0259dir, iki d\u0259f\u0259 \u0259m\u0259liyyat olunub. \u0130ki x\u0259st\u0259 adam\u0131n u\u015faqlarla balaca m\u0259nzild\u0259 ya\u015famas\u0131 m\u00fcmk\u00fcns\u00fczd\u00fcr.\n<\/p>\n<p>\n  Sabir deyir ki, N\u0259simi k\u0259ndind\u0259 pay torpa\u011f\u0131 var, amma sa\u011flaml\u0131\u011f\u0131ndak\u0131 b\u00f6y\u00fck probleml\u0259r\u0259 g\u00f6r\u0259 istifad\u0259 el\u0259y\u0259 bilmir. Kiml\u0259rs\u0259 istifad\u0259 el\u0259yir, Sabirin he\u00e7 x\u0259b\u0259ri d\u0259 olmur. \u00dcmumiyy\u0259tl\u0259, k\u0259ndd\u0259 he\u00e7 ata yurdu da qalmay\u0131b. Bil\u0259suvardak\u0131 birotaql\u0131 m\u0259nzild\u0259 ya\u015fama\u011fa m\u0259hkumdur.\n<\/p>\n<figure class=\"wp-block-image size-large\">\n  <img decoding=\"async\" src=\"https:\/\/www.meydan.tv\/az\/sabir-alisov\/\" alt=\"Sabir Al\u0131\u015fov\" class=\"wp-image-128045\"\/><figcaption>\n    Sabir Al\u0131\u015fov<br \/>\n  <\/figcaption><\/figure>\n<p>\n  <b><br \/>\n    \u201cH\u0259r g\u00fcn intihar haqq\u0131nda d\u00fc\u015f\u00fcn\u00fcr\u0259m\u201d<br \/>\n  <\/b>\n<\/p>\n<p>\n  Sabir Al\u0131\u015fov m\u0259nzil \u015f\u0259raitinin yax\u015f\u0131la\u015fd\u0131r\u0131lmas\u0131 \u00fc\u00e7\u00fcn az qala, h\u0259r g\u00fcn m\u00fcbariz\u0259 apar\u0131r. Prezident\u0259, Birinci vitse-prezident\u0259 \u018fm\u0259k v\u0259 \u018fhalinin Sosial M\u00fcdafi\u0259si Nazirlyin\u0259, Bil\u0259suvar Rayon \u0130cra Hakimiyy\u0259tin\u0259 m\u00fcraci\u0259t el\u0259yib, he\u00e7 bir t\u0259dbir g\u00f6r\u00fclm\u0259yib: \u201cYaln\u0131z s\u00fcr\u00fcnd\u00fcrm\u0259yi bilirl\u0259r. 2013-c\u00fc ild\u0259 icra hakimiyy\u0259tin\u0259 m\u00fcraci\u0259t el\u0259dim ki, m\u0259nzil m\u0259s\u0259l\u0259si h\u0259ll olunsun. G\u0259lib baxd\u0131lar. Bil\u0259suvardak\u0131 m\u0259nzill\u0259ri iki aya paylad\u0131lar, m\u0259ni k\u0259narda qoydular. Dedil\u0259r, s\u0259n\u0259 bu d\u0259f\u0259 ev d\u00fc\u015fm\u00fcr, g\u0259l\u0259n d\u0259f\u0259ni g\u00f6zl\u0259. \u0130ndi icra hakimiyy\u0259ti a\u00e7\u0131q yaz\u0131r ki, he\u00e7 bir ev tikilm\u0259y\u0259c\u0259k. H\u0259l\u0259 \u00fcst\u0259lik minn\u0259t qoyurlar ki, niy\u0259 o vaxt bu m\u0259nzili alm\u0131san? Bunu da \u00e7ox g\u00f6r\u00fcrl\u0259r m\u0259n\u0259. M\u0259n onsuz da bu \u015f\u0259raitd\u0259 ya\u015faya bilmir\u0259m\u201d.\n<\/p>\n<p>\n  Sabir Al\u0131\u015fov yorulmadan m\u00fcxt\u0259lif d\u00f6vl\u0259t orqanlar\u0131na yaz\u0131r. Deyir ki, ki\u00e7ik m\u0259murdan yuxar\u0131 strukturlara \u015fikay\u0259t el\u0259yirs\u0259n, qay\u0131d\u0131b onu m\u00fcdafi\u0259 el\u0259yirl\u0259r.\n<\/p>\n<p>\n  \u201cBu ota\u011f\u0131 da t\u00f6vl\u0259 kimi veribl\u0259r ki, ba\u015f\u0131m\u0131z\u0131 soxaq. Ad\u0131n\u0131 qoyurlar ki, m\u00fcharib\u0259 \u0259lilin\u0259 ev vermi\u015fik. N\u0259 s\u0259hh\u0259timl\u0259 maraqlan\u0131rlar, n\u0259 dolan\u0131\u015f\u0131\u011f\u0131mla. V\u0259t\u0259n \u00fc\u00e7\u00fcn can qoymu\u015fam. Amma az qala h\u0259r g\u00fcn intihar haqq\u0131nda d\u00fc\u015f\u00fcn\u00fcr\u0259m. B\u00fct\u00fcn m\u0259ktublar\u0131mda da bunu qeyd el\u0259yir\u0259m\u201d, &#8211; Sabir bunu deyir, hal\u0131 pisl\u0259\u015fir. M\u00fcsahib\u0259ni saxlamal\u0131 oluruq&#8230;\n<\/p>\n<figure class=\"wp-block-image size-large\">\n  <img decoding=\"async\" src=\"https:\/\/www.meydan.tv\/az\/nureddin-nebiyev\/\" alt=\"Nur\u0259ddin N\u0259biyev\" class=\"wp-image-128042\"\/><figcaption>\n    Nur\u0259ddin N\u0259biyev<br \/>\n  <\/figcaption><\/figure>\n<p>\n  <b><br \/>\n    \u201cAdam var ki, babasild\u0259n \u0259m\u0259liyyat olunub, Qaraba\u011f \u0259lili ad\u0131n\u0131 veribl\u0259r\u201d<br \/>\n  <\/b>\n<\/p>\n<p>\n  Nur\u0259ddin N\u0259biyev 1994-c\u00fc ild\u0259 F\u00fczuli c\u0259bh\u0259sind\u0259 minaya d\u00fc\u015fd\u00fcy\u00fcn\u00fc bildirir. Aya\u011f\u0131ndan yaralan\u0131b, el\u0259 h\u0259min ilin mart\u0131nda \u0259lillik d\u0259r\u0259c\u0259si al\u0131b. G\u0259zm\u0259y\u0259 \u00e7\u0259tinlik \u00e7\u0259kir. \u018flill\u0259r \u00fc\u00e7\u00fcn n\u0259z\u0259rd\u0259 tutulan avtomobil verilm\u0259sini ist\u0259yir.\n<\/p>\n<p>\n  \u201cD\u0259f\u0259l\u0259rl\u0259 uy\u011fun yerl\u0259r\u0259 m\u00fcraci\u0259t el\u0259mi\u015f\u0259m. Rayon x\u0259st\u0259xanas\u0131ndak\u0131 \u0130lkin h\u0259kim h\u0259r c\u00fcr mane olur. Fuad \u018fl\u0259sg\u0259rovun q\u0259bulunda, \u018fm\u0259k v\u0259 \u018fhalinin Sosial M\u00fcdafi\u0259si Nazirliyind\u0259 olmu\u015fam. H\u0259tta Respublika Prokurorlu\u011funa m\u0259ktubla m\u00fcraci\u0259t el\u0259mi\u015f\u0259m. Deyirl\u0259r ki, Nazirl\u0259r Kabinetinin q\u0259rar\u0131na g\u00f6r\u0259, s\u0259n\u0259 d\u00fc\u015fm\u00fcr. Bil\u0259suvarda n\u0259 q\u0259d\u0259r saxta \u0259lill\u0259r\u0259 ev, ma\u015f\u0131n veribl\u0259r. M\u0259n pul verm\u0259diyim\u0259 g\u00f6r\u0259 k\u0259narda qal\u0131ram\u201d, &#8211; m\u00fcharib\u0259 \u0259lili dan\u0131\u015f\u0131r.\n<\/p>\n<p>\n  Nur\u0259ddin deyir ki, \u0259lil olma\u011f\u0131 h\u0259yat\u0131n\u0131 normal m\u0259cradan \u00e7\u0131xar\u0131b. Ac\u0131nacaql\u0131 v\u0259ziyy\u0259td\u0259 ya\u015fay\u0131r: \u201c\u0130ki t\u0259l\u0259b\u0259 oxuduram. M\u00fcraci\u0259tl\u0259r\u0259 \u0259h\u0259miyy\u0259t vermirl\u0259r. \u00c7ox el\u0259y\u0259 bilmirl\u0259r, az el\u0259sinl\u0259r. M\u00fcharib\u0259 \u0259lilind\u0259n soru\u015fmurlar ki, harda ya\u015fay\u0131rsan, n\u0259 yeyib, n\u0259 i\u00e7irs\u0259n? X\u0259st\u0259xanan\u0131n h\u0259kiminin d\u00fczg\u00fcn r\u0259y verm\u0259m\u0259sind\u0259n yuxar\u0131 strukturlara \u015fikay\u0259t el\u0259yirs\u0259n, onun \u00f6z\u00fcn\u0259 y\u00f6nl\u0259ndirirl\u0259r. Tam bir m\u0259ntiqsizlik. X\u0259st\u0259xanada \u0259lillik d\u0259r\u0259c\u0259si \u00fc\u00e7\u00fcn bazar a\u00e7\u0131blar. Adam var ki, babasild\u0259n \u0259m\u0259liyyat olunub, Qaraba\u011f \u0259lili ad\u0131n\u0131 veribl\u0259r\u201d.\n<\/p>\n<figure class=\"wp-block-image size-large\">\n  <img decoding=\"async\" src=\"https:\/\/www.meydan.tv\/az\/senedler-7\/\" alt=\"S\u0259n\u0259dl\u0259r\" class=\"wp-image-128039\"\/><figcaption>\n    S\u0259n\u0259dl\u0259r<br \/>\n  <\/figcaption><\/figure>\n<figure class=\"wp-block-image size-large\">\n  <img decoding=\"async\" src=\"https:\/\/www.meydan.tv\/az\/senedler-6\/\" alt=\"S\u0259n\u0259dl\u0259r\" class=\"wp-image-128036\"\/><figcaption>\n    S\u0259n\u0259dl\u0259r<br \/>\n  <\/figcaption><\/figure>\n<figure class=\"wp-block-image size-large\">\n  <img decoding=\"async\" src=\"https:\/\/www.meydan.tv\/az\/ev-6\/\" alt=\"Ev\" class=\"wp-image-128033\"\/><figcaption>\n    Ev<br \/>\n  <\/figcaption><\/figure>\n","protected":false},"excerpt":{"rendered":"<p>Qaraba\u011f \u0259lili yerli strukturlardan \u015fikay\u0259t\u00e7idir<\/p>\n","protected":false},"author":11,"featured_media":128030,"comment_status":"closed","ping_status":"open","sticky":false,"template":"","format":"standard","meta":{"_acf_changed":false,"_sitemap_exclude":false,"_sitemap_priority":"","_sitemap_frequency":"","footnotes":""},"categories":[60],"tags":[],"class_list":["post-196573","post","type-post","status-publish","format-standard","has-post-thumbnail","hentry","category-bolge","infinite-scroll-item","generate-columns","tablet-grid-50","mobile-grid-100","grid-parent","grid-33","no-featured-image-padding"],"acf":[],"yoast_head":"<!-- This site is optimized with the Yoast SEO plugin v27.5 - https:\/\/yoast.com\/product\/yoast-seo-wordpress\/ -->\n<title>&#039;&#039;Adam var ki, babasild\u0259n \u0259m\u0259liyyat olunub, Qaraba\u011f \u0259lili ad\u0131n\u0131 veribl\u0259r&#039;&#039; - MEYDAN.TV<\/title>\n<meta name=\"robots\" content=\"index, follow, max-snippet:-1, max-image-preview:large, max-video-preview:-1\" \/>\n<link rel=\"canonical\" href=\"https:\/\/www.meydan.tv\/az\/article\/adam-var-ki-babasilden-emeliyyat-olunub-qarabag-elili-adini-veribler\/\" \/>\n<meta property=\"og:locale\" content=\"az_AZ\" \/>\n<meta property=\"og:type\" content=\"article\" \/>\n<meta property=\"og:title\" content=\"&#039;&#039;Adam var ki, babasild\u0259n \u0259m\u0259liyyat olunub, Qaraba\u011f \u0259lili ad\u0131n\u0131 veribl\u0259r&#039;&#039; - MEYDAN.TV\" \/>\n<meta property=\"og:description\" content=\"Qaraba\u011f \u0259lili yerli strukturlardan \u015fikay\u0259t\u00e7idir\" \/>\n<meta property=\"og:url\" content=\"https:\/\/www.meydan.tv\/az\/article\/adam-var-ki-babasilden-emeliyyat-olunub-qarabag-elili-adini-veribler\/\" \/>\n<meta property=\"og:site_name\" content=\"MEYDAN.TV\" \/>\n<meta property=\"article:published_time\" content=\"2019-08-12T13:46:55+00:00\" \/>\n<meta property=\"og:image\" content=\"https:\/\/www.meydan.tv\/wp-content\/uploads\/image_from_ios_72.jpg\" \/>\n\t<meta property=\"og:image:width\" content=\"1022\" \/>\n\t<meta property=\"og:image:height\" content=\"750\" \/>\n\t<meta property=\"og:image:type\" content=\"image\/jpeg\" \/>\n<meta name=\"author\" content=\"user-manager\" \/>\n<meta name=\"twitter:card\" content=\"summary_large_image\" \/>\n<script type=\"application\/ld+json\" class=\"yoast-schema-graph\">{\"@context\":\"https:\\\/\\\/schema.org\",\"@graph\":[{\"@type\":\"Article\",\"@id\":\"https:\\\/\\\/www.meydan.tv\\\/az\\\/article\\\/adam-var-ki-babasilden-emeliyyat-olunub-qarabag-elili-adini-veribler\\\/#article\",\"isPartOf\":{\"@id\":\"https:\\\/\\\/www.meydan.tv\\\/az\\\/article\\\/adam-var-ki-babasilden-emeliyyat-olunub-qarabag-elili-adini-veribler\\\/\"},\"author\":{\"name\":\"user-manager\",\"@id\":\"https:\\\/\\\/www.meydan.tv\\\/az\\\/#\\\/schema\\\/person\\\/10d11eccf6da3662cf5fdab9806ea91a\"},\"headline\":\"&#8221;Adam var ki, babasild\u0259n \u0259m\u0259liyyat olunub, Qaraba\u011f \u0259lili ad\u0131n\u0131 veribl\u0259r&#8221;\",\"datePublished\":\"2019-08-12T13:46:55+00:00\",\"mainEntityOfPage\":{\"@id\":\"https:\\\/\\\/www.meydan.tv\\\/az\\\/article\\\/adam-var-ki-babasilden-emeliyyat-olunub-qarabag-elili-adini-veribler\\\/\"},\"wordCount\":950,\"publisher\":{\"@id\":\"https:\\\/\\\/www.meydan.tv\\\/az\\\/#organization\"},\"image\":{\"@id\":\"https:\\\/\\\/www.meydan.tv\\\/az\\\/article\\\/adam-var-ki-babasilden-emeliyyat-olunub-qarabag-elili-adini-veribler\\\/#primaryimage\"},\"thumbnailUrl\":\"https:\\\/\\\/www.meydan.tv\\\/wp-content\\\/uploads\\\/image_from_ios_72.jpg\",\"articleSection\":[\"B\u00f6lg\u0259\"],\"inLanguage\":\"az\"},{\"@type\":\"WebPage\",\"@id\":\"https:\\\/\\\/www.meydan.tv\\\/az\\\/article\\\/adam-var-ki-babasilden-emeliyyat-olunub-qarabag-elili-adini-veribler\\\/\",\"url\":\"https:\\\/\\\/www.meydan.tv\\\/az\\\/article\\\/adam-var-ki-babasilden-emeliyyat-olunub-qarabag-elili-adini-veribler\\\/\",\"name\":\"''Adam var ki, babasild\u0259n \u0259m\u0259liyyat olunub, Qaraba\u011f \u0259lili ad\u0131n\u0131 veribl\u0259r'' - MEYDAN.TV\",\"isPartOf\":{\"@id\":\"https:\\\/\\\/www.meydan.tv\\\/az\\\/#website\"},\"primaryImageOfPage\":{\"@id\":\"https:\\\/\\\/www.meydan.tv\\\/az\\\/article\\\/adam-var-ki-babasilden-emeliyyat-olunub-qarabag-elili-adini-veribler\\\/#primaryimage\"},\"image\":{\"@id\":\"https:\\\/\\\/www.meydan.tv\\\/az\\\/article\\\/adam-var-ki-babasilden-emeliyyat-olunub-qarabag-elili-adini-veribler\\\/#primaryimage\"},\"thumbnailUrl\":\"https:\\\/\\\/www.meydan.tv\\\/wp-content\\\/uploads\\\/image_from_ios_72.jpg\",\"datePublished\":\"2019-08-12T13:46:55+00:00\",\"breadcrumb\":{\"@id\":\"https:\\\/\\\/www.meydan.tv\\\/az\\\/article\\\/adam-var-ki-babasilden-emeliyyat-olunub-qarabag-elili-adini-veribler\\\/#breadcrumb\"},\"inLanguage\":\"az\",\"potentialAction\":[{\"@type\":\"ReadAction\",\"target\":[\"https:\\\/\\\/www.meydan.tv\\\/az\\\/article\\\/adam-var-ki-babasilden-emeliyyat-olunub-qarabag-elili-adini-veribler\\\/\"]}]},{\"@type\":\"ImageObject\",\"inLanguage\":\"az\",\"@id\":\"https:\\\/\\\/www.meydan.tv\\\/az\\\/article\\\/adam-var-ki-babasilden-emeliyyat-olunub-qarabag-elili-adini-veribler\\\/#primaryimage\",\"url\":\"https:\\\/\\\/www.meydan.tv\\\/wp-content\\\/uploads\\\/image_from_ios_72.jpg\",\"contentUrl\":\"https:\\\/\\\/www.meydan.tv\\\/wp-content\\\/uploads\\\/image_from_ios_72.jpg\",\"width\":1022,\"height\":750,\"caption\":\"Source: Meydan Tv\"},{\"@type\":\"BreadcrumbList\",\"@id\":\"https:\\\/\\\/www.meydan.tv\\\/az\\\/article\\\/adam-var-ki-babasilden-emeliyyat-olunub-qarabag-elili-adini-veribler\\\/#breadcrumb\",\"itemListElement\":[{\"@type\":\"ListItem\",\"position\":1,\"name\":\"Ana s\u0259hif\u0259\",\"item\":\"https:\\\/\\\/www.meydan.tv\\\/az\\\/\"},{\"@type\":\"ListItem\",\"position\":2,\"name\":\"B\u00f6lg\u0259\",\"item\":\"https:\\\/\\\/www.meydan.tv\\\/az\\\/section\\\/bolge\\\/\"},{\"@type\":\"ListItem\",\"position\":3,\"name\":\"&#8221;Adam var ki, babasild\u0259n \u0259m\u0259liyyat olunub, Qaraba\u011f \u0259lili ad\u0131n\u0131 veribl\u0259r&#8221;\"}]},{\"@type\":\"WebSite\",\"@id\":\"https:\\\/\\\/www.meydan.tv\\\/az\\\/#website\",\"url\":\"https:\\\/\\\/www.meydan.tv\\\/az\\\/\",\"name\":\"MEYDAN.TV\",\"description\":\"Meydan TV Az\u0259rbaycan\u0131n media m\u0259kan\u0131ndak\u0131 alternativ s\u0259sidir\",\"publisher\":{\"@id\":\"https:\\\/\\\/www.meydan.tv\\\/az\\\/#organization\"},\"potentialAction\":[{\"@type\":\"SearchAction\",\"target\":{\"@type\":\"EntryPoint\",\"urlTemplate\":\"https:\\\/\\\/www.meydan.tv\\\/az\\\/?s={search_term_string}\"},\"query-input\":{\"@type\":\"PropertyValueSpecification\",\"valueRequired\":true,\"valueName\":\"search_term_string\"}}],\"inLanguage\":\"az\"},{\"@type\":\"Organization\",\"@id\":\"https:\\\/\\\/www.meydan.tv\\\/az\\\/#organization\",\"name\":\"Meydan TV\",\"url\":\"https:\\\/\\\/www.meydan.tv\\\/az\\\/\",\"logo\":{\"@type\":\"ImageObject\",\"inLanguage\":\"az\",\"@id\":\"https:\\\/\\\/www.meydan.tv\\\/az\\\/#\\\/schema\\\/logo\\\/image\\\/\",\"url\":\"https:\\\/\\\/www.meydan.tv\\\/wp-content\\\/uploads\\\/2021\\\/07\\\/meydan-logo.svg\",\"contentUrl\":\"https:\\\/\\\/www.meydan.tv\\\/wp-content\\\/uploads\\\/2021\\\/07\\\/meydan-logo.svg\",\"width\":195,\"height\":46,\"caption\":\"Meydan TV\"},\"image\":{\"@id\":\"https:\\\/\\\/www.meydan.tv\\\/az\\\/#\\\/schema\\\/logo\\\/image\\\/\"}},{\"@type\":\"Person\",\"@id\":\"https:\\\/\\\/www.meydan.tv\\\/az\\\/#\\\/schema\\\/person\\\/10d11eccf6da3662cf5fdab9806ea91a\",\"name\":\"user-manager\"}]}<\/script>\n<!-- \/ Yoast SEO plugin. -->","yoast_head_json":{"title":"''Adam var ki, babasild\u0259n \u0259m\u0259liyyat olunub, Qaraba\u011f \u0259lili ad\u0131n\u0131 veribl\u0259r'' - MEYDAN.TV","robots":{"index":"index","follow":"follow","max-snippet":"max-snippet:-1","max-image-preview":"max-image-preview:large","max-video-preview":"max-video-preview:-1"},"canonical":"https:\/\/www.meydan.tv\/az\/article\/adam-var-ki-babasilden-emeliyyat-olunub-qarabag-elili-adini-veribler\/","og_locale":"az_AZ","og_type":"article","og_title":"''Adam var ki, babasild\u0259n \u0259m\u0259liyyat olunub, Qaraba\u011f \u0259lili ad\u0131n\u0131 veribl\u0259r'' - MEYDAN.TV","og_description":"Qaraba\u011f \u0259lili yerli strukturlardan \u015fikay\u0259t\u00e7idir","og_url":"https:\/\/www.meydan.tv\/az\/article\/adam-var-ki-babasilden-emeliyyat-olunub-qarabag-elili-adini-veribler\/","og_site_name":"MEYDAN.TV","article_published_time":"2019-08-12T13:46:55+00:00","og_image":[{"width":1022,"height":750,"url":"https:\/\/www.meydan.tv\/wp-content\/uploads\/image_from_ios_72.jpg","type":"image\/jpeg"}],"author":"user-manager","twitter_card":"summary_large_image","schema":{"@context":"https:\/\/schema.org","@graph":[{"@type":"Article","@id":"https:\/\/www.meydan.tv\/az\/article\/adam-var-ki-babasilden-emeliyyat-olunub-qarabag-elili-adini-veribler\/#article","isPartOf":{"@id":"https:\/\/www.meydan.tv\/az\/article\/adam-var-ki-babasilden-emeliyyat-olunub-qarabag-elili-adini-veribler\/"},"author":{"name":"user-manager","@id":"https:\/\/www.meydan.tv\/az\/#\/schema\/person\/10d11eccf6da3662cf5fdab9806ea91a"},"headline":"&#8221;Adam var ki, babasild\u0259n \u0259m\u0259liyyat olunub, Qaraba\u011f \u0259lili ad\u0131n\u0131 veribl\u0259r&#8221;","datePublished":"2019-08-12T13:46:55+00:00","mainEntityOfPage":{"@id":"https:\/\/www.meydan.tv\/az\/article\/adam-var-ki-babasilden-emeliyyat-olunub-qarabag-elili-adini-veribler\/"},"wordCount":950,"publisher":{"@id":"https:\/\/www.meydan.tv\/az\/#organization"},"image":{"@id":"https:\/\/www.meydan.tv\/az\/article\/adam-var-ki-babasilden-emeliyyat-olunub-qarabag-elili-adini-veribler\/#primaryimage"},"thumbnailUrl":"https:\/\/www.meydan.tv\/wp-content\/uploads\/image_from_ios_72.jpg","articleSection":["B\u00f6lg\u0259"],"inLanguage":"az"},{"@type":"WebPage","@id":"https:\/\/www.meydan.tv\/az\/article\/adam-var-ki-babasilden-emeliyyat-olunub-qarabag-elili-adini-veribler\/","url":"https:\/\/www.meydan.tv\/az\/article\/adam-var-ki-babasilden-emeliyyat-olunub-qarabag-elili-adini-veribler\/","name":"''Adam var ki, babasild\u0259n \u0259m\u0259liyyat olunub, Qaraba\u011f \u0259lili ad\u0131n\u0131 veribl\u0259r'' - MEYDAN.TV","isPartOf":{"@id":"https:\/\/www.meydan.tv\/az\/#website"},"primaryImageOfPage":{"@id":"https:\/\/www.meydan.tv\/az\/article\/adam-var-ki-babasilden-emeliyyat-olunub-qarabag-elili-adini-veribler\/#primaryimage"},"image":{"@id":"https:\/\/www.meydan.tv\/az\/article\/adam-var-ki-babasilden-emeliyyat-olunub-qarabag-elili-adini-veribler\/#primaryimage"},"thumbnailUrl":"https:\/\/www.meydan.tv\/wp-content\/uploads\/image_from_ios_72.jpg","datePublished":"2019-08-12T13:46:55+00:00","breadcrumb":{"@id":"https:\/\/www.meydan.tv\/az\/article\/adam-var-ki-babasilden-emeliyyat-olunub-qarabag-elili-adini-veribler\/#breadcrumb"},"inLanguage":"az","potentialAction":[{"@type":"ReadAction","target":["https:\/\/www.meydan.tv\/az\/article\/adam-var-ki-babasilden-emeliyyat-olunub-qarabag-elili-adini-veribler\/"]}]},{"@type":"ImageObject","inLanguage":"az","@id":"https:\/\/www.meydan.tv\/az\/article\/adam-var-ki-babasilden-emeliyyat-olunub-qarabag-elili-adini-veribler\/#primaryimage","url":"https:\/\/www.meydan.tv\/wp-content\/uploads\/image_from_ios_72.jpg","contentUrl":"https:\/\/www.meydan.tv\/wp-content\/uploads\/image_from_ios_72.jpg","width":1022,"height":750,"caption":"Source: Meydan Tv"},{"@type":"BreadcrumbList","@id":"https:\/\/www.meydan.tv\/az\/article\/adam-var-ki-babasilden-emeliyyat-olunub-qarabag-elili-adini-veribler\/#breadcrumb","itemListElement":[{"@type":"ListItem","position":1,"name":"Ana s\u0259hif\u0259","item":"https:\/\/www.meydan.tv\/az\/"},{"@type":"ListItem","position":2,"name":"B\u00f6lg\u0259","item":"https:\/\/www.meydan.tv\/az\/section\/bolge\/"},{"@type":"ListItem","position":3,"name":"&#8221;Adam var ki, babasild\u0259n \u0259m\u0259liyyat olunub, Qaraba\u011f \u0259lili ad\u0131n\u0131 veribl\u0259r&#8221;"}]},{"@type":"WebSite","@id":"https:\/\/www.meydan.tv\/az\/#website","url":"https:\/\/www.meydan.tv\/az\/","name":"MEYDAN.TV","description":"Meydan TV Az\u0259rbaycan\u0131n media m\u0259kan\u0131ndak\u0131 alternativ s\u0259sidir","publisher":{"@id":"https:\/\/www.meydan.tv\/az\/#organization"},"potentialAction":[{"@type":"SearchAction","target":{"@type":"EntryPoint","urlTemplate":"https:\/\/www.meydan.tv\/az\/?s={search_term_string}"},"query-input":{"@type":"PropertyValueSpecification","valueRequired":true,"valueName":"search_term_string"}}],"inLanguage":"az"},{"@type":"Organization","@id":"https:\/\/www.meydan.tv\/az\/#organization","name":"Meydan TV","url":"https:\/\/www.meydan.tv\/az\/","logo":{"@type":"ImageObject","inLanguage":"az","@id":"https:\/\/www.meydan.tv\/az\/#\/schema\/logo\/image\/","url":"https:\/\/www.meydan.tv\/wp-content\/uploads\/2021\/07\/meydan-logo.svg","contentUrl":"https:\/\/www.meydan.tv\/wp-content\/uploads\/2021\/07\/meydan-logo.svg","width":195,"height":46,"caption":"Meydan TV"},"image":{"@id":"https:\/\/www.meydan.tv\/az\/#\/schema\/logo\/image\/"}},{"@type":"Person","@id":"https:\/\/www.meydan.tv\/az\/#\/schema\/person\/10d11eccf6da3662cf5fdab9806ea91a","name":"user-manager"}]}},"_links":{"self":[{"href":"https:\/\/www.meydan.tv\/az\/wp-json\/wp\/v2\/posts\/196573","targetHints":{"allow":["GET"]}}],"collection":[{"href":"https:\/\/www.meydan.tv\/az\/wp-json\/wp\/v2\/posts"}],"about":[{"href":"https:\/\/www.meydan.tv\/az\/wp-json\/wp\/v2\/types\/post"}],"author":[{"embeddable":true,"href":"https:\/\/www.meydan.tv\/az\/wp-json\/wp\/v2\/users\/11"}],"replies":[{"embeddable":true,"href":"https:\/\/www.meydan.tv\/az\/wp-json\/wp\/v2\/comments?post=196573"}],"version-history":[{"count":0,"href":"https:\/\/www.meydan.tv\/az\/wp-json\/wp\/v2\/posts\/196573\/revisions"}],"wp:featuredmedia":[{"embeddable":true,"href":"https:\/\/www.meydan.tv\/az\/wp-json\/wp\/v2\/media\/128030"}],"wp:attachment":[{"href":"https:\/\/www.meydan.tv\/az\/wp-json\/wp\/v2\/media?parent=196573"}],"wp:term":[{"taxonomy":"category","embeddable":true,"href":"https:\/\/www.meydan.tv\/az\/wp-json\/wp\/v2\/categories?post=196573"},{"taxonomy":"post_tag","embeddable":true,"href":"https:\/\/www.meydan.tv\/az\/wp-json\/wp\/v2\/tags?post=196573"}],"curies":[{"name":"wp","href":"https:\/\/api.w.org\/{rel}","templated":true}]}}