{"id":196564,"date":"2019-08-10T09:06:52","date_gmt":"2019-08-10T09:06:52","guid":{"rendered":"https:\/\/www.meydan.tv\/article\/zerdab-sakinleri-fovqelade-hallar-nazirliyinin-emekdasi-adindan-10-adamin-pulu-menimlenilibrdab-sakini-fovqelade-hallar-nazirliyinin-emekdasi-adindan-10-adamin-pulu-menimlenilib\/"},"modified":"2019-08-10T09:06:52","modified_gmt":"2019-08-10T09:06:52","slug":"zerdab-sakinleri-fovqelade-hallar-nazirliyinin-emekdasi-adindan-10-adamin-pulu-menimlenilibrdab-sakini-fovqelade-hallar-nazirliyinin-emekdasi-adindan-10-adamin-pulu-menimlenilib","status":"publish","type":"post","link":"https:\/\/www.meydan.tv\/az\/article\/zerdab-sakinleri-fovqelade-hallar-nazirliyinin-emekdasi-adindan-10-adamin-pulu-menimlenilibrdab-sakini-fovqelade-hallar-nazirliyinin-emekdasi-adindan-10-adamin-pulu-menimlenilib\/","title":{"rendered":"Z\u0259rdab sakinl\u0259ri: F\u00f6vq\u0259lad\u0259 Hallar Nazirliyinin \u0259m\u0259kda\u015f\u0131 ad\u0131ndan 10 adam\u0131n pulu m\u0259nims\u0259nilib"},"content":{"rendered":"<p>\n  <i><br \/>\n    \u015eikay\u0259t\u00e7il\u0259rin i\u015fi polis t\u0259r\u0259find\u0259n ara\u015fd\u0131r\u0131l\u0131r<br \/>\n  <\/i>\n<\/p>\n<p>\n  Z\u0259rdab\u0131n D\u0259liqu\u015f\u00e7u k\u0259ndinin 10 sakini aldad\u0131ld\u0131\u011f\u0131n\u0131 deyir. \u00d6z\u00fcn\u00fc F\u00f6vq\u0259lad\u0259 Hallar Nazirliyinin i\u015f\u00e7isi kimi t\u0259qdim ed\u0259n Orxan \u018fhm\u0259dovun onlardan \u00f6vladlar\u0131n\u0131 i\u015f\u0259 d\u00fcz\u0259ltm\u0259k ad\u0131 il\u0259 71 min manat ald\u0131\u011f\u0131n\u0131 s\u00f6yl\u0259yirl\u0259r.\n<\/p>\n<p>\n  \u201cF\u00f6vq\u0259lad\u0259 Hallar Nazirliyi bizim b\u00f6lg\u0259d\u0259 yeni i\u015f yeri v\u0259 i\u015f\u00e7i elan\u0131 vermi\u015fdi. Biz d\u0259 may\u0131n 28-d\u0259 \u00f6vladlar\u0131m\u0131z\u0131 da g\u00f6t\u00fcr\u00fcb Bak\u0131ya, nazirliy\u0259 getdik. G\u00f6r\u00fc\u015f ald\u0131q, el\u0259 qap\u0131n\u0131n a\u011fz\u0131nda s\u0131ram\u0131z\u0131 g\u00f6zl\u0259yirdik ki, bu zaman binadan 2 n\u0259f\u0259r \u00e7\u0131x\u0131b biz\u0259 yax\u0131nla\u015fd\u0131. Onlar Orxan \u018fhm\u0259dov v\u0259 Arif adl\u0131 \u015f\u0259xsl\u0259r idil\u0259r. Bizd\u0259n niy\u0259 g\u0259ldiyimizi soru\u015fdular. Biz d\u0259 izah etdik ki, b\u0259s \u00f6vladlar\u0131m\u0131z\u0131 i\u015f\u0259 d\u00fcz\u0259ltm\u0259y\u0259 g\u0259tirmi\u015fik. Sonra burada adam\u0131m\u0131z\u0131n olub-olmad\u0131\u011f\u0131n\u0131 x\u0259b\u0259r ald\u0131lar. Yox, dedik, elana g\u00f6r\u0259 g\u0259ldiyimizi s\u00f6yl\u0259dik. Bizi \u00e7ay s\u00fcfr\u0259sin\u0259 d\u0259v\u0259t etdil\u0259r, dedil\u0259r, bu i\u015fl\u0259r adams\u0131z, tan\u0131\u015fs\u0131z olmur,\u201d \u2013 deyir Elmar Orucov.\n<\/p>\n<figure class=\"wp-block-image size-large\">\n  <img decoding=\"async\" src=\"https:\/\/www.meydan.tv\/az\/elman-jpg\/\" alt=\"elman.jpg\" class=\"wp-image-127916\"\/><figcaption>\n    Elman Orucov<br \/>\n  <\/figcaption><\/figure>\n<p>\n  \u015eikay\u0259t\u00e7il\u0259r bildirirl\u0259r ki, bundan sonra Orxan \u018fhm\u0259dov v\u0259 Arif onlar\u0131 \u00e7ay i\u00e7m\u0259y\u0259 apar\u0131b v\u0259 bu zaman onlara k\u00f6m\u0259k ed\u0259c\u0259kl\u0259rini s\u00f6yl\u0259yibl\u0259r. \u0130\u015f\u0259 d\u00fcz\u0259l\u0259c\u0259k \u015f\u0259xsl\u0259rin boylar\u0131na v\u0259 \u00e7\u0259kil\u0259rin\u0259 g\u00f6r\u0259 qiym\u0259t m\u00fc\u0259yy\u0259nl\u0259\u015fdiribl\u0259r:\n<\/p>\n<p>\n  \u201cBiz dey\u0259nd\u0259 ki, d\u00f6vl\u0259t qullu\u011funa girm\u0259k pulla deyil ax\u0131, biz\u0259 bildirdil\u0259r ki, bel\u0259 \u015feyl\u0259r pulsuz olmur. N\u0259 is\u0259, kimin\u0259 8, kimin\u0259 10 min manat dedil\u0259r. Biz d\u0259 g\u0259ldik rayona. Kredit\u0259, borca-x\u0259rc\u0259 girib, deyil\u0259n pulu toplad\u0131q. 10 valideyn \u00fcmumilikd\u0259 71 min manat pulu toplay\u0131b apard\u0131q Bak\u0131ya. \u018flb\u0259\u0259l verdik Orxan \u018fhm\u0259dova. Biz\u0259 orda dedi ki, gedin, 10 g\u00fcn\u0259 u\u015faqlar\u0131n \u0259mri veril\u0259c\u0259k. 10 g\u00fcn sonra 1 ay, 1 ay da oldu 3 ay. N\u0259hay\u0259t, aldad\u0131ld\u0131\u011f\u0131m\u0131z\u0131n f\u0259rqin\u0259 vard\u0131q. \u0130ndi qalm\u0131\u015f\u0131q k\u00fc\u00e7\u0259l\u0259rd\u0259. \u018flimizl\u0259 verdiyimiz pulun arxas\u0131nca t\u0259pik d\u00f6y\u00fcr\u00fck, xeyri yoxdur\u201d, &#8211; \u015fikay\u0259t\u00e7il\u0259rd\u0259n Fikr\u0259t \u018fliyevin s\u00f6zl\u0259ridir.\n<\/p>\n<p>\n  \u015eikay\u0259t\u00e7il\u0259r bundan sonra F\u00f6vq\u0259lad\u0259 Hallar Nazirliyin\u0259 m\u00fcraci\u0259t edibl\u0259r. Nazirlikd\u0259n Orxan \u018fhm\u0259dov v\u0259 Arif adl\u0131 \u0259m\u0259da\u015flar\u0131n\u0131n olmad\u0131\u011f\u0131n\u0131 s\u00f6yl\u0259yibl\u0259r. Ancaq h\u0259min insanlar\u0131n may\u0131n 28-d\u0259 nazirliyin binas\u0131na nec\u0259 girdiyini, h\u0259min g\u00fcn oraya n\u0259 il\u0259 ba\u011fl\u0131 g\u0259ldikl\u0259rini s\u00f6yl\u0259y\u0259n olmay\u0131b.\n<\/p>\n<figure class=\"wp-block-image size-large\">\n  <img decoding=\"async\" src=\"https:\/\/www.meydan.tv\/az\/fikret-jpg\/\" alt=\"fikret.jpg\" class=\"wp-image-127925\"\/><figcaption>\n    Fikr\u0259t \u018fliyev<br \/>\n  <\/figcaption><\/figure>\n<p>\n  \u201c\u00d6yr\u0259nm\u0259k ist\u0259yir\u0259m, FHN-in qap\u0131s\u0131nda m\u00fchafiz\u0259\u00e7i olur, ya yox? M\u00fclki \u015f\u0259xsl\u0259r ora ist\u0259dikl\u0259ri vaxt girib-\u00e7\u0131xa bilirmi? Bu, nec\u0259 olur? O adamlar nazirlikd\u0259n \u00e7\u0131x\u0131blar. \u00dcst\u0259lik, s\u0259n\u0259dl\u0259ri FHN-\u0259 ver\u0259nd\u0259 d\u0259 prosesd\u0259 i\u015ftirak edibl\u0259r. Nec\u0259 olur ki, indi deyirl\u0259r, h\u0259min \u015f\u0259xsl\u0259rin FHN-l\u0259 \u0259laq\u0259si yoxdur? Z\u0259hm\u0259t \u00e7\u0259kib kameralar\u0131 a\u00e7s\u0131nlar\u201d, &#8211; Babaki\u015fi Teymurovun s\u00f6zl\u0259ridir.\n<\/p>\n<p>\n  B.Teymurov \u0259lav\u0259 edir ki, aldad\u0131lan \u015f\u0259xsl\u0259rin he\u00e7 biri h\u0259min pulu asan qazanmay\u0131b. \u00c7oxu borc-x\u0259rc edib:\n<\/p>\n<p>\n  \u201cN\u0259dir ki, \u00f6vladlar\u0131 i\u015fl\u0259 t\u0259min edilsin. \u0130ndi hans\u0131 d\u00f6vrd\u00fcr ki, bir adam g\u0259lib, bu q\u0259d\u0259r insan\u0131 aldad\u0131r, \u00f6z\u00fc kef edir, bu insanlar qal\u0131r pis durumda? O pullar\u0131n ham\u0131s\u0131 q\u0259pik-q\u0259pik y\u0131\u011f\u0131l\u0131b, bu g\u00fcn borc i\u00e7ind\u0259 \u00fcz\u00fcr\u00fck. \u00dcst\u0259lik, b\u00fct\u00fcn aidiyyat\u0131 qurumlara m\u00fcraci\u0259tl\u0259r \u00fcnvanlam\u0131\u015f\u0131q. Bir n\u0259tic\u0259si yoxdur\u201d.\n<\/p>\n<p>\n  \u015eikay\u0259t\u00e7il\u0259r Yasamal Rayon Polis \u0130dar\u0259sin\u0259 d\u0259 m\u00fcraci\u0259t edibl\u0259r. \u0130\u015f 29-cu Polis B\u00f6lm\u0259sind\u0259 ara\u015fd\u0131r\u0131l\u0131r. \u0130\u015f\u0259 is\u0259 m\u00fcst\u0259ntiq M\u0259h\u0259mm\u0259d\u0259li C\u00fcm\u015f\u00fcdov bax\u0131r. Meydan TV m\u0259s\u0259l\u0259y\u0259 m\u00fcnasib\u0259t \u00f6yr\u0259nm\u0259k \u00fc\u00e7\u00fcn M\u0259h\u0259mm\u0259d\u0259li C\u00fcm\u015f\u00fcdovla \u0259laq\u0259 saxlay\u0131b. Ancaq m\u00fcst\u0259ntiq bu bar\u0259d\u0259 a\u00e7\u0131qlama verm\u0259k ist\u0259m\u0259yib:\n<\/p>\n<p>\n  \u201cBu haqda he\u00e7 n\u0259 dan\u0131\u015fmaq ist\u0259mir\u0259m, i\u015f ara\u015fd\u0131r\u0131l\u0131r. \u018ftrafl\u0131 m\u0259lumat almaq ist\u0259yirsinizs\u0259, Daxili \u0130\u015fl\u0259r Nazirliyin\u0259 m\u00fcraci\u0259t edin\u201d.\n<\/p>\n<p>\n  Daxili \u0130\u015fl\u0259r Nazirliyinin m\u0259tbuat xidm\u0259tind\u0259n is\u0259 m\u0259s\u0259l\u0259y\u0259 m\u00fcnasib\u0259t \u00f6yr\u0259nm\u0259k m\u00fcmk\u00fcn olmay\u0131b. Bir ne\u00e7\u0259 g\u00fcn \u0259rzind\u0259 Orxan \u018fhm\u0259dov da telefonunu a\u00e7may\u0131b.\n<\/p>\n<figure class=\"wp-block-image size-large\">\n  <img decoding=\"async\" src=\"https:\/\/www.meydan.tv\/az\/babakisi-jpg\/\" alt=\"babakisi.jpg\" class=\"wp-image-127928\"\/><figcaption>\n    Babaki\u015fi Teymurov<br \/>\n  <\/figcaption><\/figure>\n<p>\n  F\u00f6vq\u0259lad\u0259 Hallar Nazirliyind\u0259n is\u0259 bu bar\u0259d\u0259 n\u0259s\u0259 dey\u0259 bilm\u0259y\u0259c\u0259kl\u0259rini s\u00f6yl\u0259yibl\u0259r:\n<\/p>\n<p>\n  \u201c\u0130\u015fin nazirlikl\u0259 n\u0259 \u0259laq\u0259si? Adamlar polis\u0259 \u015fikay\u0259t edibl\u0259r. Polis i\u015fi ara\u015fd\u0131r\u0131r. M\u0259lumat\u0131 polisd\u0259n al\u0131n\u201d.\n<\/p>\n<p>\n  \u015eikay\u0259t\u00e7il\u0259r Daxili \u0130\u015fl\u0259r Nazirliyin\u0259, F\u00f6vq\u0259lad\u0259 Hallar Nazirliyin\u0259, Prezident \u0130lham \u018fliyev\u0259, Birinci vitse-preziden Mehriban \u018fliyevaya \u0259riz\u0259 il\u0259 m\u00fcraci\u0259tl\u0259r \u00fcnvanlay\u0131blar. H\u0259l\u0259lik, bir cavab ala bilm\u0259dikl\u0259rini deyirl\u0259r:\n<\/p>\n<p>\n  \u201cOrxan \u018fhm\u0259dovun bizd\u0259n pul almas\u0131 il\u0259 ba\u011fl\u0131 s\u0259s yaz\u0131s\u0131n\u0131 da m\u0259ktular \u00fcz\u0259rind\u0259 g\u00f6nd\u0259rmi\u015fik, xeyri yoxdur. Sonuncu d\u0259f\u0259 FHN-in polkovniki bizi q\u0259bul etdi, s\u0259si d\u0259 dinl\u0259di, materiallarla da tan\u0131\u015f oldu. H\u0259min Orxan\u0131n ma\u015f\u0131n\u0131n\u0131n n\u00f6mr\u0259sini g\u00f6nd\u0259rmi\u015fdik. D\u00f6vl\u0259t n\u00f6mr\u0259 ni\u015fanl\u0131 ma\u015f\u0131n idi. H\u0259min polkovnik o n\u00f6mr\u0259li ma\u015f\u0131n\u0131 da biz\u0259 g\u00f6st\u0259rdi. N\u00f6mr\u0259 eynidir, ma\u015f\u0131n f\u0259rqli. Bax\u0131n, hem kim bunu \u00f6zba\u015f\u0131na ed\u0259 bilm\u0259z. M\u0259nc\u0259, Orxan \u018fhm\u0259dovu qoruyurlar. \u0130\u015f\u0259 obyektiv bax\u0131lm\u0131r. Biz\u0259 sonda dedil\u0259r ki, gedin onu tutun g\u0259tirin, bir t\u0259dbir g\u00f6r\u0259k. V\u0259t\u0259nda\u015f adam tutand\u0131? \u00d6z\u00fcm\u00fcz tuturduqsa, polis\u0259 niy\u0259 gedirdik?\u201d \u2013 Elmar Orucov s\u00f6yl\u0259yir.\n<\/p>\n<p>\n  Fikr\u0259t \u018fliyev o\u011flunun i\u015f\u0259 d\u00fcz\u0259lm\u0259si \u00fc\u00e7\u00fcn verdiyi pulu borc-x\u0259rcl\u0259 toplad\u0131\u011f\u0131n\u0131 s\u00f6yl\u0259yir. Deyir, banklara v\u0259 qohum-\u0259qr\u0259baya \u00e7oxlu borcu yaran\u0131b, \u00f6d\u0259y\u0259 bilmir:\n<\/p>\n<p>\n  \u201c\u0130sizlikdir, \u00e7\u0259tindir. Borc-x\u0259rcl\u0259 d\u0259 olsa, ist\u0259dim ki, \u00f6vlad\u0131m\u0131n bir i\u015fi olsun. 8 min borc etdim, toplad\u0131m, verdim. M\u0259n ist\u0259yir\u0259m ki, Orxan\u0131n arxas\u0131nda duranlar\u0131 ortaya \u00e7\u0131xars\u0131nlar. G\u00f6r\u0259k Az\u0259rbaycan c\u0259miyy\u0259tini niy\u0259 bel\u0259 z\u0259h\u0259rl\u0259yirl\u0259r? M\u0259n prezidentd\u0259n, Mehriban xan\u0131mdan rica edir\u0259m, bizim i\u015fimiz\u0259 bax\u0131ls\u0131n, biz\u0259 k\u00f6m\u0259k etsinl\u0259r\u201d.<\/p>\n","protected":false},"excerpt":{"rendered":"<p>Orxan \u018fhm\u0259dovun bizd\u0259n pul almas\u0131 il\u0259 ba\u011fl\u0131 s\u0259s yaz\u0131s\u0131n\u0131 da m\u0259ktular \u00fcz\u0259rind\u0259 g\u00f6nd\u0259rmi\u015fik, xeyri yoxdur.<\/p>\n","protected":false},"author":11,"featured_media":127913,"comment_status":"closed","ping_status":"open","sticky":false,"template":"","format":"standard","meta":{"_acf_changed":false,"_sitemap_exclude":false,"_sitemap_priority":"","_sitemap_frequency":"","footnotes":""},"categories":[60],"tags":[],"class_list":["post-196564","post","type-post","status-publish","format-standard","has-post-thumbnail","hentry","category-bolge","infinite-scroll-item","generate-columns","tablet-grid-50","mobile-grid-100","grid-parent","grid-33","no-featured-image-padding"],"acf":[],"yoast_head":"<!-- This site is optimized with the Yoast SEO plugin v27.5 - https:\/\/yoast.com\/product\/yoast-seo-wordpress\/ -->\n<title>Z\u0259rdab sakinl\u0259ri: F\u00f6vq\u0259lad\u0259 Hallar Nazirliyinin \u0259m\u0259kda\u015f\u0131 ad\u0131ndan 10 adam\u0131n pulu m\u0259nims\u0259nilib - MEYDAN.TV<\/title>\n<meta name=\"robots\" content=\"index, follow, max-snippet:-1, max-image-preview:large, max-video-preview:-1\" \/>\n<link rel=\"canonical\" href=\"https:\/\/www.meydan.tv\/az\/article\/zerdab-sakinleri-fovqelade-hallar-nazirliyinin-emekdasi-adindan-10-adamin-pulu-menimlenilibrdab-sakini-fovqelade-hallar-nazirliyinin-emekdasi-adindan-10-adamin-pulu-menimlenilib\/\" \/>\n<meta property=\"og:locale\" content=\"az_AZ\" \/>\n<meta property=\"og:type\" content=\"article\" \/>\n<meta property=\"og:title\" content=\"Z\u0259rdab sakinl\u0259ri: F\u00f6vq\u0259lad\u0259 Hallar Nazirliyinin \u0259m\u0259kda\u015f\u0131 ad\u0131ndan 10 adam\u0131n pulu m\u0259nims\u0259nilib - MEYDAN.TV\" \/>\n<meta property=\"og:description\" content=\"Orxan \u018fhm\u0259dovun bizd\u0259n pul almas\u0131 il\u0259 ba\u011fl\u0131 s\u0259s yaz\u0131s\u0131n\u0131 da m\u0259ktular \u00fcz\u0259rind\u0259 g\u00f6nd\u0259rmi\u015fik, xeyri yoxdur.\" \/>\n<meta property=\"og:url\" content=\"https:\/\/www.meydan.tv\/az\/article\/zerdab-sakinleri-fovqelade-hallar-nazirliyinin-emekdasi-adindan-10-adamin-pulu-menimlenilibrdab-sakini-fovqelade-hallar-nazirliyinin-emekdasi-adindan-10-adamin-pulu-menimlenilib\/\" \/>\n<meta property=\"og:site_name\" content=\"MEYDAN.TV\" \/>\n<meta property=\"article:published_time\" content=\"2019-08-10T09:06:52+00:00\" \/>\n<meta property=\"og:image\" content=\"https:\/\/www.meydan.tv\/wp-content\/uploads\/rayonn.jpg\" \/>\n\t<meta property=\"og:image:width\" content=\"960\" \/>\n\t<meta property=\"og:image:height\" content=\"637\" \/>\n\t<meta property=\"og:image:type\" content=\"image\/jpeg\" \/>\n<meta name=\"author\" content=\"user-manager\" \/>\n<meta name=\"twitter:card\" content=\"summary_large_image\" \/>\n<script type=\"application\/ld+json\" class=\"yoast-schema-graph\">{\"@context\":\"https:\\\/\\\/schema.org\",\"@graph\":[{\"@type\":\"Article\",\"@id\":\"https:\\\/\\\/www.meydan.tv\\\/az\\\/article\\\/zerdab-sakinleri-fovqelade-hallar-nazirliyinin-emekdasi-adindan-10-adamin-pulu-menimlenilibrdab-sakini-fovqelade-hallar-nazirliyinin-emekdasi-adindan-10-adamin-pulu-menimlenilib\\\/#article\",\"isPartOf\":{\"@id\":\"https:\\\/\\\/www.meydan.tv\\\/az\\\/article\\\/zerdab-sakinleri-fovqelade-hallar-nazirliyinin-emekdasi-adindan-10-adamin-pulu-menimlenilibrdab-sakini-fovqelade-hallar-nazirliyinin-emekdasi-adindan-10-adamin-pulu-menimlenilib\\\/\"},\"author\":{\"name\":\"user-manager\",\"@id\":\"https:\\\/\\\/www.meydan.tv\\\/az\\\/#\\\/schema\\\/person\\\/10d11eccf6da3662cf5fdab9806ea91a\"},\"headline\":\"Z\u0259rdab sakinl\u0259ri: F\u00f6vq\u0259lad\u0259 Hallar Nazirliyinin \u0259m\u0259kda\u015f\u0131 ad\u0131ndan 10 adam\u0131n pulu m\u0259nims\u0259nilib\",\"datePublished\":\"2019-08-10T09:06:52+00:00\",\"mainEntityOfPage\":{\"@id\":\"https:\\\/\\\/www.meydan.tv\\\/az\\\/article\\\/zerdab-sakinleri-fovqelade-hallar-nazirliyinin-emekdasi-adindan-10-adamin-pulu-menimlenilibrdab-sakini-fovqelade-hallar-nazirliyinin-emekdasi-adindan-10-adamin-pulu-menimlenilib\\\/\"},\"wordCount\":1143,\"publisher\":{\"@id\":\"https:\\\/\\\/www.meydan.tv\\\/az\\\/#organization\"},\"image\":{\"@id\":\"https:\\\/\\\/www.meydan.tv\\\/az\\\/article\\\/zerdab-sakinleri-fovqelade-hallar-nazirliyinin-emekdasi-adindan-10-adamin-pulu-menimlenilibrdab-sakini-fovqelade-hallar-nazirliyinin-emekdasi-adindan-10-adamin-pulu-menimlenilib\\\/#primaryimage\"},\"thumbnailUrl\":\"https:\\\/\\\/www.meydan.tv\\\/wp-content\\\/uploads\\\/rayonn.jpg\",\"articleSection\":[\"B\u00f6lg\u0259\"],\"inLanguage\":\"az\"},{\"@type\":\"WebPage\",\"@id\":\"https:\\\/\\\/www.meydan.tv\\\/az\\\/article\\\/zerdab-sakinleri-fovqelade-hallar-nazirliyinin-emekdasi-adindan-10-adamin-pulu-menimlenilibrdab-sakini-fovqelade-hallar-nazirliyinin-emekdasi-adindan-10-adamin-pulu-menimlenilib\\\/\",\"url\":\"https:\\\/\\\/www.meydan.tv\\\/az\\\/article\\\/zerdab-sakinleri-fovqelade-hallar-nazirliyinin-emekdasi-adindan-10-adamin-pulu-menimlenilibrdab-sakini-fovqelade-hallar-nazirliyinin-emekdasi-adindan-10-adamin-pulu-menimlenilib\\\/\",\"name\":\"Z\u0259rdab sakinl\u0259ri: F\u00f6vq\u0259lad\u0259 Hallar Nazirliyinin \u0259m\u0259kda\u015f\u0131 ad\u0131ndan 10 adam\u0131n pulu m\u0259nims\u0259nilib - MEYDAN.TV\",\"isPartOf\":{\"@id\":\"https:\\\/\\\/www.meydan.tv\\\/az\\\/#website\"},\"primaryImageOfPage\":{\"@id\":\"https:\\\/\\\/www.meydan.tv\\\/az\\\/article\\\/zerdab-sakinleri-fovqelade-hallar-nazirliyinin-emekdasi-adindan-10-adamin-pulu-menimlenilibrdab-sakini-fovqelade-hallar-nazirliyinin-emekdasi-adindan-10-adamin-pulu-menimlenilib\\\/#primaryimage\"},\"image\":{\"@id\":\"https:\\\/\\\/www.meydan.tv\\\/az\\\/article\\\/zerdab-sakinleri-fovqelade-hallar-nazirliyinin-emekdasi-adindan-10-adamin-pulu-menimlenilibrdab-sakini-fovqelade-hallar-nazirliyinin-emekdasi-adindan-10-adamin-pulu-menimlenilib\\\/#primaryimage\"},\"thumbnailUrl\":\"https:\\\/\\\/www.meydan.tv\\\/wp-content\\\/uploads\\\/rayonn.jpg\",\"datePublished\":\"2019-08-10T09:06:52+00:00\",\"breadcrumb\":{\"@id\":\"https:\\\/\\\/www.meydan.tv\\\/az\\\/article\\\/zerdab-sakinleri-fovqelade-hallar-nazirliyinin-emekdasi-adindan-10-adamin-pulu-menimlenilibrdab-sakini-fovqelade-hallar-nazirliyinin-emekdasi-adindan-10-adamin-pulu-menimlenilib\\\/#breadcrumb\"},\"inLanguage\":\"az\",\"potentialAction\":[{\"@type\":\"ReadAction\",\"target\":[\"https:\\\/\\\/www.meydan.tv\\\/az\\\/article\\\/zerdab-sakinleri-fovqelade-hallar-nazirliyinin-emekdasi-adindan-10-adamin-pulu-menimlenilibrdab-sakini-fovqelade-hallar-nazirliyinin-emekdasi-adindan-10-adamin-pulu-menimlenilib\\\/\"]}]},{\"@type\":\"ImageObject\",\"inLanguage\":\"az\",\"@id\":\"https:\\\/\\\/www.meydan.tv\\\/az\\\/article\\\/zerdab-sakinleri-fovqelade-hallar-nazirliyinin-emekdasi-adindan-10-adamin-pulu-menimlenilibrdab-sakini-fovqelade-hallar-nazirliyinin-emekdasi-adindan-10-adamin-pulu-menimlenilib\\\/#primaryimage\",\"url\":\"https:\\\/\\\/www.meydan.tv\\\/wp-content\\\/uploads\\\/rayonn.jpg\",\"contentUrl\":\"https:\\\/\\\/www.meydan.tv\\\/wp-content\\\/uploads\\\/rayonn.jpg\",\"width\":960,\"height\":637,\"caption\":\"Source: google.az\"},{\"@type\":\"BreadcrumbList\",\"@id\":\"https:\\\/\\\/www.meydan.tv\\\/az\\\/article\\\/zerdab-sakinleri-fovqelade-hallar-nazirliyinin-emekdasi-adindan-10-adamin-pulu-menimlenilibrdab-sakini-fovqelade-hallar-nazirliyinin-emekdasi-adindan-10-adamin-pulu-menimlenilib\\\/#breadcrumb\",\"itemListElement\":[{\"@type\":\"ListItem\",\"position\":1,\"name\":\"Ana s\u0259hif\u0259\",\"item\":\"https:\\\/\\\/www.meydan.tv\\\/az\\\/\"},{\"@type\":\"ListItem\",\"position\":2,\"name\":\"B\u00f6lg\u0259\",\"item\":\"https:\\\/\\\/www.meydan.tv\\\/az\\\/section\\\/bolge\\\/\"},{\"@type\":\"ListItem\",\"position\":3,\"name\":\"Z\u0259rdab sakinl\u0259ri: F\u00f6vq\u0259lad\u0259 Hallar Nazirliyinin \u0259m\u0259kda\u015f\u0131 ad\u0131ndan 10 adam\u0131n pulu m\u0259nims\u0259nilib\"}]},{\"@type\":\"WebSite\",\"@id\":\"https:\\\/\\\/www.meydan.tv\\\/az\\\/#website\",\"url\":\"https:\\\/\\\/www.meydan.tv\\\/az\\\/\",\"name\":\"MEYDAN.TV\",\"description\":\"Meydan TV Az\u0259rbaycan\u0131n media m\u0259kan\u0131ndak\u0131 alternativ s\u0259sidir\",\"publisher\":{\"@id\":\"https:\\\/\\\/www.meydan.tv\\\/az\\\/#organization\"},\"potentialAction\":[{\"@type\":\"SearchAction\",\"target\":{\"@type\":\"EntryPoint\",\"urlTemplate\":\"https:\\\/\\\/www.meydan.tv\\\/az\\\/?s={search_term_string}\"},\"query-input\":{\"@type\":\"PropertyValueSpecification\",\"valueRequired\":true,\"valueName\":\"search_term_string\"}}],\"inLanguage\":\"az\"},{\"@type\":\"Organization\",\"@id\":\"https:\\\/\\\/www.meydan.tv\\\/az\\\/#organization\",\"name\":\"Meydan TV\",\"url\":\"https:\\\/\\\/www.meydan.tv\\\/az\\\/\",\"logo\":{\"@type\":\"ImageObject\",\"inLanguage\":\"az\",\"@id\":\"https:\\\/\\\/www.meydan.tv\\\/az\\\/#\\\/schema\\\/logo\\\/image\\\/\",\"url\":\"https:\\\/\\\/www.meydan.tv\\\/wp-content\\\/uploads\\\/2021\\\/07\\\/meydan-logo.svg\",\"contentUrl\":\"https:\\\/\\\/www.meydan.tv\\\/wp-content\\\/uploads\\\/2021\\\/07\\\/meydan-logo.svg\",\"width\":195,\"height\":46,\"caption\":\"Meydan TV\"},\"image\":{\"@id\":\"https:\\\/\\\/www.meydan.tv\\\/az\\\/#\\\/schema\\\/logo\\\/image\\\/\"}},{\"@type\":\"Person\",\"@id\":\"https:\\\/\\\/www.meydan.tv\\\/az\\\/#\\\/schema\\\/person\\\/10d11eccf6da3662cf5fdab9806ea91a\",\"name\":\"user-manager\"}]}<\/script>\n<!-- \/ Yoast SEO plugin. -->","yoast_head_json":{"title":"Z\u0259rdab sakinl\u0259ri: F\u00f6vq\u0259lad\u0259 Hallar Nazirliyinin \u0259m\u0259kda\u015f\u0131 ad\u0131ndan 10 adam\u0131n pulu m\u0259nims\u0259nilib - MEYDAN.TV","robots":{"index":"index","follow":"follow","max-snippet":"max-snippet:-1","max-image-preview":"max-image-preview:large","max-video-preview":"max-video-preview:-1"},"canonical":"https:\/\/www.meydan.tv\/az\/article\/zerdab-sakinleri-fovqelade-hallar-nazirliyinin-emekdasi-adindan-10-adamin-pulu-menimlenilibrdab-sakini-fovqelade-hallar-nazirliyinin-emekdasi-adindan-10-adamin-pulu-menimlenilib\/","og_locale":"az_AZ","og_type":"article","og_title":"Z\u0259rdab sakinl\u0259ri: F\u00f6vq\u0259lad\u0259 Hallar Nazirliyinin \u0259m\u0259kda\u015f\u0131 ad\u0131ndan 10 adam\u0131n pulu m\u0259nims\u0259nilib - MEYDAN.TV","og_description":"Orxan \u018fhm\u0259dovun bizd\u0259n pul almas\u0131 il\u0259 ba\u011fl\u0131 s\u0259s yaz\u0131s\u0131n\u0131 da m\u0259ktular \u00fcz\u0259rind\u0259 g\u00f6nd\u0259rmi\u015fik, xeyri yoxdur.","og_url":"https:\/\/www.meydan.tv\/az\/article\/zerdab-sakinleri-fovqelade-hallar-nazirliyinin-emekdasi-adindan-10-adamin-pulu-menimlenilibrdab-sakini-fovqelade-hallar-nazirliyinin-emekdasi-adindan-10-adamin-pulu-menimlenilib\/","og_site_name":"MEYDAN.TV","article_published_time":"2019-08-10T09:06:52+00:00","og_image":[{"width":960,"height":637,"url":"https:\/\/www.meydan.tv\/wp-content\/uploads\/rayonn.jpg","type":"image\/jpeg"}],"author":"user-manager","twitter_card":"summary_large_image","schema":{"@context":"https:\/\/schema.org","@graph":[{"@type":"Article","@id":"https:\/\/www.meydan.tv\/az\/article\/zerdab-sakinleri-fovqelade-hallar-nazirliyinin-emekdasi-adindan-10-adamin-pulu-menimlenilibrdab-sakini-fovqelade-hallar-nazirliyinin-emekdasi-adindan-10-adamin-pulu-menimlenilib\/#article","isPartOf":{"@id":"https:\/\/www.meydan.tv\/az\/article\/zerdab-sakinleri-fovqelade-hallar-nazirliyinin-emekdasi-adindan-10-adamin-pulu-menimlenilibrdab-sakini-fovqelade-hallar-nazirliyinin-emekdasi-adindan-10-adamin-pulu-menimlenilib\/"},"author":{"name":"user-manager","@id":"https:\/\/www.meydan.tv\/az\/#\/schema\/person\/10d11eccf6da3662cf5fdab9806ea91a"},"headline":"Z\u0259rdab sakinl\u0259ri: F\u00f6vq\u0259lad\u0259 Hallar Nazirliyinin \u0259m\u0259kda\u015f\u0131 ad\u0131ndan 10 adam\u0131n pulu m\u0259nims\u0259nilib","datePublished":"2019-08-10T09:06:52+00:00","mainEntityOfPage":{"@id":"https:\/\/www.meydan.tv\/az\/article\/zerdab-sakinleri-fovqelade-hallar-nazirliyinin-emekdasi-adindan-10-adamin-pulu-menimlenilibrdab-sakini-fovqelade-hallar-nazirliyinin-emekdasi-adindan-10-adamin-pulu-menimlenilib\/"},"wordCount":1143,"publisher":{"@id":"https:\/\/www.meydan.tv\/az\/#organization"},"image":{"@id":"https:\/\/www.meydan.tv\/az\/article\/zerdab-sakinleri-fovqelade-hallar-nazirliyinin-emekdasi-adindan-10-adamin-pulu-menimlenilibrdab-sakini-fovqelade-hallar-nazirliyinin-emekdasi-adindan-10-adamin-pulu-menimlenilib\/#primaryimage"},"thumbnailUrl":"https:\/\/www.meydan.tv\/wp-content\/uploads\/rayonn.jpg","articleSection":["B\u00f6lg\u0259"],"inLanguage":"az"},{"@type":"WebPage","@id":"https:\/\/www.meydan.tv\/az\/article\/zerdab-sakinleri-fovqelade-hallar-nazirliyinin-emekdasi-adindan-10-adamin-pulu-menimlenilibrdab-sakini-fovqelade-hallar-nazirliyinin-emekdasi-adindan-10-adamin-pulu-menimlenilib\/","url":"https:\/\/www.meydan.tv\/az\/article\/zerdab-sakinleri-fovqelade-hallar-nazirliyinin-emekdasi-adindan-10-adamin-pulu-menimlenilibrdab-sakini-fovqelade-hallar-nazirliyinin-emekdasi-adindan-10-adamin-pulu-menimlenilib\/","name":"Z\u0259rdab sakinl\u0259ri: F\u00f6vq\u0259lad\u0259 Hallar Nazirliyinin \u0259m\u0259kda\u015f\u0131 ad\u0131ndan 10 adam\u0131n pulu m\u0259nims\u0259nilib - MEYDAN.TV","isPartOf":{"@id":"https:\/\/www.meydan.tv\/az\/#website"},"primaryImageOfPage":{"@id":"https:\/\/www.meydan.tv\/az\/article\/zerdab-sakinleri-fovqelade-hallar-nazirliyinin-emekdasi-adindan-10-adamin-pulu-menimlenilibrdab-sakini-fovqelade-hallar-nazirliyinin-emekdasi-adindan-10-adamin-pulu-menimlenilib\/#primaryimage"},"image":{"@id":"https:\/\/www.meydan.tv\/az\/article\/zerdab-sakinleri-fovqelade-hallar-nazirliyinin-emekdasi-adindan-10-adamin-pulu-menimlenilibrdab-sakini-fovqelade-hallar-nazirliyinin-emekdasi-adindan-10-adamin-pulu-menimlenilib\/#primaryimage"},"thumbnailUrl":"https:\/\/www.meydan.tv\/wp-content\/uploads\/rayonn.jpg","datePublished":"2019-08-10T09:06:52+00:00","breadcrumb":{"@id":"https:\/\/www.meydan.tv\/az\/article\/zerdab-sakinleri-fovqelade-hallar-nazirliyinin-emekdasi-adindan-10-adamin-pulu-menimlenilibrdab-sakini-fovqelade-hallar-nazirliyinin-emekdasi-adindan-10-adamin-pulu-menimlenilib\/#breadcrumb"},"inLanguage":"az","potentialAction":[{"@type":"ReadAction","target":["https:\/\/www.meydan.tv\/az\/article\/zerdab-sakinleri-fovqelade-hallar-nazirliyinin-emekdasi-adindan-10-adamin-pulu-menimlenilibrdab-sakini-fovqelade-hallar-nazirliyinin-emekdasi-adindan-10-adamin-pulu-menimlenilib\/"]}]},{"@type":"ImageObject","inLanguage":"az","@id":"https:\/\/www.meydan.tv\/az\/article\/zerdab-sakinleri-fovqelade-hallar-nazirliyinin-emekdasi-adindan-10-adamin-pulu-menimlenilibrdab-sakini-fovqelade-hallar-nazirliyinin-emekdasi-adindan-10-adamin-pulu-menimlenilib\/#primaryimage","url":"https:\/\/www.meydan.tv\/wp-content\/uploads\/rayonn.jpg","contentUrl":"https:\/\/www.meydan.tv\/wp-content\/uploads\/rayonn.jpg","width":960,"height":637,"caption":"Source: google.az"},{"@type":"BreadcrumbList","@id":"https:\/\/www.meydan.tv\/az\/article\/zerdab-sakinleri-fovqelade-hallar-nazirliyinin-emekdasi-adindan-10-adamin-pulu-menimlenilibrdab-sakini-fovqelade-hallar-nazirliyinin-emekdasi-adindan-10-adamin-pulu-menimlenilib\/#breadcrumb","itemListElement":[{"@type":"ListItem","position":1,"name":"Ana s\u0259hif\u0259","item":"https:\/\/www.meydan.tv\/az\/"},{"@type":"ListItem","position":2,"name":"B\u00f6lg\u0259","item":"https:\/\/www.meydan.tv\/az\/section\/bolge\/"},{"@type":"ListItem","position":3,"name":"Z\u0259rdab sakinl\u0259ri: F\u00f6vq\u0259lad\u0259 Hallar Nazirliyinin \u0259m\u0259kda\u015f\u0131 ad\u0131ndan 10 adam\u0131n pulu m\u0259nims\u0259nilib"}]},{"@type":"WebSite","@id":"https:\/\/www.meydan.tv\/az\/#website","url":"https:\/\/www.meydan.tv\/az\/","name":"MEYDAN.TV","description":"Meydan TV Az\u0259rbaycan\u0131n media m\u0259kan\u0131ndak\u0131 alternativ s\u0259sidir","publisher":{"@id":"https:\/\/www.meydan.tv\/az\/#organization"},"potentialAction":[{"@type":"SearchAction","target":{"@type":"EntryPoint","urlTemplate":"https:\/\/www.meydan.tv\/az\/?s={search_term_string}"},"query-input":{"@type":"PropertyValueSpecification","valueRequired":true,"valueName":"search_term_string"}}],"inLanguage":"az"},{"@type":"Organization","@id":"https:\/\/www.meydan.tv\/az\/#organization","name":"Meydan TV","url":"https:\/\/www.meydan.tv\/az\/","logo":{"@type":"ImageObject","inLanguage":"az","@id":"https:\/\/www.meydan.tv\/az\/#\/schema\/logo\/image\/","url":"https:\/\/www.meydan.tv\/wp-content\/uploads\/2021\/07\/meydan-logo.svg","contentUrl":"https:\/\/www.meydan.tv\/wp-content\/uploads\/2021\/07\/meydan-logo.svg","width":195,"height":46,"caption":"Meydan TV"},"image":{"@id":"https:\/\/www.meydan.tv\/az\/#\/schema\/logo\/image\/"}},{"@type":"Person","@id":"https:\/\/www.meydan.tv\/az\/#\/schema\/person\/10d11eccf6da3662cf5fdab9806ea91a","name":"user-manager"}]}},"_links":{"self":[{"href":"https:\/\/www.meydan.tv\/az\/wp-json\/wp\/v2\/posts\/196564","targetHints":{"allow":["GET"]}}],"collection":[{"href":"https:\/\/www.meydan.tv\/az\/wp-json\/wp\/v2\/posts"}],"about":[{"href":"https:\/\/www.meydan.tv\/az\/wp-json\/wp\/v2\/types\/post"}],"author":[{"embeddable":true,"href":"https:\/\/www.meydan.tv\/az\/wp-json\/wp\/v2\/users\/11"}],"replies":[{"embeddable":true,"href":"https:\/\/www.meydan.tv\/az\/wp-json\/wp\/v2\/comments?post=196564"}],"version-history":[{"count":0,"href":"https:\/\/www.meydan.tv\/az\/wp-json\/wp\/v2\/posts\/196564\/revisions"}],"wp:featuredmedia":[{"embeddable":true,"href":"https:\/\/www.meydan.tv\/az\/wp-json\/wp\/v2\/media\/127913"}],"wp:attachment":[{"href":"https:\/\/www.meydan.tv\/az\/wp-json\/wp\/v2\/media?parent=196564"}],"wp:term":[{"taxonomy":"category","embeddable":true,"href":"https:\/\/www.meydan.tv\/az\/wp-json\/wp\/v2\/categories?post=196564"},{"taxonomy":"post_tag","embeddable":true,"href":"https:\/\/www.meydan.tv\/az\/wp-json\/wp\/v2\/tags?post=196564"}],"curies":[{"name":"wp","href":"https:\/\/api.w.org\/{rel}","templated":true}]}}